{"id":302509,"date":"2022-10-20T18:37:54","date_gmt":"2022-10-20T16:37:54","guid":{"rendered":"https:\/\/www.radiopiu.net\/wordpress\/?p=302509"},"modified":"2022-10-21T05:20:09","modified_gmt":"2022-10-21T03:20:09","slug":"i-crisantemi-per-aiutare-villa-san-francesco-e-la-cooperativa-arcobaleno-89","status":"publish","type":"post","link":"https:\/\/www.radiopiu.net\/wordpress\/i-crisantemi-per-aiutare-villa-san-francesco-e-la-cooperativa-arcobaleno-89\/","title":{"rendered":"I CRISANTEMI PER AIUTARE VILLA SAN FRANCESCO E LA COOPERATIVA ARCOBALENO &#8217;89"},"content":{"rendered":"<p><strong><a class=\"dt-pswp-item\" href=\"https:\/\/www.radiopiu.net\/wordpress\/wp-content\/uploads\/2022\/10\/ea72a086-2445-44b4-abc3-a29a2c228687.jpg\" data-dt-img-description=\"\" data-large_image_width=\"600\" data-large_image_height=\"384\"><img loading=\"lazy\" decoding=\"async\" class=\" wp-image-302510 alignleft\" src=\"https:\/\/www.radiopiu.net\/wordpress\/wp-content\/uploads\/2022\/10\/ea72a086-2445-44b4-abc3-a29a2c228687-300x192.jpg\" alt=\"\" width=\"166\" height=\"106\" srcset=\"https:\/\/www.radiopiu.net\/wordpress\/wp-content\/uploads\/2022\/10\/ea72a086-2445-44b4-abc3-a29a2c228687-300x192.jpg 300w, https:\/\/www.radiopiu.net\/wordpress\/wp-content\/uploads\/2022\/10\/ea72a086-2445-44b4-abc3-a29a2c228687.jpg 600w\" sizes=\"auto, (max-width: 166px) 100vw, 166px\" \/><\/a>AGORDO<\/strong> Domenica 30 ottobre prossimo, dalle 9, sul sagrato della chiesa Santa Maria Nascente di Agordo, si svolger\u00e0 l\u2019ormai consueta vendita di crisantemi il cui ricavato andr\u00e0 a favore delle attivit\u00e0 della Comunit\u00e0 Alloggio \u201cVilla San Francesco\u201d di Facen di Pedavena e della collegata Cooperativa Arcobaleno\u201989. La \u201cComunit\u00e0 Villa S. Francesco\u201d nacque nel 1975 e da allora ospita bambini e ragazzi dai 6 ai 18 anni, in difficolt\u00e0 per problemi familiari, personali e bisognosi di riferimenti affettivi validi. Nella casa &#8211; comunit\u00e0 si cerca di far crescere i minori \u201cin sapienza\u201d, sviluppare le potenzialit\u00e0 personali, in un clima di stimolazione pedagogica e in un sano confronto con i pari e gli adulti. Nel 1986 inizia il progetto della cooperativa Arcobaleno \u201886. \u00c8 costituita da alcuni ragazzi svantaggiati, che accolti e aiutati a crescere, in maggiore et\u00e0 decidono di affrontare il loro e altrui futuro da protagonisti ed in forma associata, assieme a chi ha condiviso tratti significativi della loro vita, costituendo la prima cooperativa di solidariet\u00e0 sociale della provincia di Belluno. Oggi la Cooperativa si occupa di: attivit\u00e0 sociali, accoglienza ai giovani in difficolt\u00e0 per inserimenti sociali in contesti lavorativi, attivit\u00e0 culturali, ortofloricultura, manutenzione del verde, ceramiche decorate e raku, vetri artistici e bed &amp; breakfast. Comunit\u00e0 Alloggio e Cooperativa non ricevono sussidi da enti pubblici, ma bens\u00ec dalle entrate provenienti dalle loro attivit\u00e0 per cui ancor pi\u00f9 importante \u00e8 la possibilit\u00e0 di dimostrare concretamene la vicinanza a queste realt\u00e0 che si occupano del ben-essere dei minori e di adulti fragili e svantaggiati.<\/p>\n<p>&nbsp;<\/p>\n<p>&nbsp;<\/p>\n<p>*****<\/p>\n","protected":false},"excerpt":{"rendered":"<p>AGORDO Domenica 30 ottobre prossimo, dalle 9, sul sagrato della chiesa Santa Maria Nascente di Agordo, si svolger\u00e0 l\u2019ormai consueta vendita di crisantemi il cui ricavato andr\u00e0 a favore delle attivit\u00e0 della Comunit\u00e0 Alloggio \u201cVilla San Francesco\u201d di Facen di Pedavena e della collegata Cooperativa Arcobaleno\u201989. La \u201cComunit\u00e0 Villa S. Francesco\u201d nacque nel 1975 e&hellip;<\/p>\n","protected":false},"author":4,"featured_media":302510,"comment_status":"closed","ping_status":"closed","sticky":false,"template":"","format":"standard","meta":{"_monsterinsights_skip_tracking":false,"_monsterinsights_sitenote_active":false,"_monsterinsights_sitenote_note":"","_monsterinsights_sitenote_category":0,"footnotes":""},"categories":[104,49],"tags":[],"class_list":["post-302509","post","type-post","status-publish","format-standard","has-post-thumbnail","hentry","category-evidenza_3","category-news-18","category-104","category-49","description-off"],"img_url":"https:\/\/www.radiopiu.net\/wordpress\/wp-content\/uploads\/2022\/10\/ea72a086-2445-44b4-abc3-a29a2c228687.jpg","_links":{"self":[{"href":"https:\/\/www.radiopiu.net\/wordpress\/wp-json\/wp\/v2\/posts\/302509","targetHints":{"allow":["GET"]}}],"collection":[{"href":"https:\/\/www.radiopiu.net\/wordpress\/wp-json\/wp\/v2\/posts"}],"about":[{"href":"https:\/\/www.radiopiu.net\/wordpress\/wp-json\/wp\/v2\/types\/post"}],"author":[{"embeddable":true,"href":"https:\/\/www.radiopiu.net\/wordpress\/wp-json\/wp\/v2\/users\/4"}],"replies":[{"embeddable":true,"href":"https:\/\/www.radiopiu.net\/wordpress\/wp-json\/wp\/v2\/comments?post=302509"}],"version-history":[{"count":0,"href":"https:\/\/www.radiopiu.net\/wordpress\/wp-json\/wp\/v2\/posts\/302509\/revisions"}],"wp:featuredmedia":[{"embeddable":true,"href":"https:\/\/www.radiopiu.net\/wordpress\/wp-json\/wp\/v2\/media\/302510"}],"wp:attachment":[{"href":"https:\/\/www.radiopiu.net\/wordpress\/wp-json\/wp\/v2\/media?parent=302509"}],"wp:term":[{"taxonomy":"category","embeddable":true,"href":"https:\/\/www.radiopiu.net\/wordpress\/wp-json\/wp\/v2\/categories?post=302509"},{"taxonomy":"post_tag","embeddable":true,"href":"https:\/\/www.radiopiu.net\/wordpress\/wp-json\/wp\/v2\/tags?post=302509"}],"curies":[{"name":"wp","href":"https:\/\/api.w.org\/{rel}","templated":true}]}}