{"id":302611,"date":"2022-10-28T23:59:47","date_gmt":"2022-10-28T21:59:47","guid":{"rendered":"https:\/\/www.radiopiu.net\/wordpress\/?p=302611"},"modified":"2022-10-29T06:03:16","modified_gmt":"2022-10-29T04:03:16","slug":"questa-sera-nelle-grotte-piu-profonde-delle-dolomiti-con-francesco-sauro","status":"publish","type":"post","link":"https:\/\/www.radiopiu.net\/wordpress\/questa-sera-nelle-grotte-piu-profonde-delle-dolomiti-con-francesco-sauro\/","title":{"rendered":"QUESTA SERA NELLE GROTTE PIU&#8217; PROFONDE DELLE DOLOMITI, CON FRANCESCO SAURO"},"content":{"rendered":"<p><strong><img loading=\"lazy\" decoding=\"async\" class=\"alignleft\" src=\"https:\/\/www.radiopiu.net\/wordpress\/wp-content\/uploads\/2022\/10\/Senza-nome-58.jpg\" width=\"111\" height=\"105\" \/>FELTRE<\/strong>\u00a0 Questa sera<span style=\"font-family: Tahoma, Verdana;\">, alle\u00a0 21, presso l&#8217;auditorium dell&#8217;Istituto Canossiano di Feltre, Francesco Sauro, insegnante presso l&#8217;Universit\u00e0 di Bologna e consulente dell&#8217;Agenzia Spaziale Europea, condurr\u00e0 il pubblico alla scoperta delle grotte pi\u00f9 profonde ed estese delle Dolomiti, uno dei complessi carsici pi\u00f9 importanti d&#8217;Europa, che si sviluppa nelle profondit\u00e0 dei Piani Eterni, splendido altopiano carsico che si trova nel cuore del Parco Nazionale Dolomiti Bellunesi. Grotte\u00a0 esplorate da oltre trent&#8217;anni da diversi gruppi speleologici veneti, che si sono spinti fino ad oltre 1.000 metri di profondit\u00e0; il professor Sauro racconter\u00e0 la storia di questa lunga esplorazione, che riserva ogni anno nuove scoperte. L&#8217;ingresso alla serata \u00e8 libero.<\/span><\/p>\n<p><strong>L&#8217;INTERVISTA, OSPITE DI RADIO PIU&#8217; NEVIO DE COL DEL GRUPPO SPELEOLOGICO CAI DI FELTRE AL QUALE AFFIDIAMO LA PRESENTAZIONE DELL&#8217;EVENTO DI QUESTA SERA<\/strong><\/p>\n<p><strong>AUDIO<\/strong><\/p>\n<audio class=\"wp-audio-shortcode\" id=\"audio-302611-1\" preload=\"none\" style=\"width: 100%;\" controls=\"controls\"><source type=\"audio\/mpeg\" src=\"https:\/\/www.radiopiu.net\/wordpress\/wp-content\/uploads\/2022\/10\/NEVIO.mp3?_=1\" \/><a href=\"https:\/\/www.radiopiu.net\/wordpress\/wp-content\/uploads\/2022\/10\/NEVIO.mp3\">https:\/\/www.radiopiu.net\/wordpress\/wp-content\/uploads\/2022\/10\/NEVIO.mp3<\/a><\/audio>\n<p>&nbsp;<\/p>\n<blockquote><p><strong><a href=\"https:\/\/www.radiopiu.net\/wordpress\/wp-content\/uploads\/2022\/10\/francesco_sauro_25.webp\"><img loading=\"lazy\" decoding=\"async\" class=\"wp-image-302610 alignleft\" src=\"https:\/\/www.radiopiu.net\/wordpress\/wp-content\/uploads\/2022\/10\/francesco_sauro_25-300x247.webp\" alt=\"\" width=\"172\" height=\"142\" srcset=\"https:\/\/www.radiopiu.net\/wordpress\/wp-content\/uploads\/2022\/10\/francesco_sauro_25-300x247.webp 300w, https:\/\/www.radiopiu.net\/wordpress\/wp-content\/uploads\/2022\/10\/francesco_sauro_25-768x632.webp 768w, https:\/\/www.radiopiu.net\/wordpress\/wp-content\/uploads\/2022\/10\/francesco_sauro_25.webp 877w\" sizes=\"auto, (max-width: 172px) 100vw, 172px\" \/><\/a>Francesco Sauro<\/strong>, ha 30 anni ed \u00e8 un geologo veneto, appassionato di speleologia. Volto noto televisivo anche per le frequenti apparizioni nelle trasmissioni del compianto Piero Angela. In bacheca ha messo il premio Rolex Award for Enterprise\u00a0 che non \u00e8\u00a0 per tutti. Per conquistarlo bisogna essere inventivi, appassionati, caparbi. Bisogna soprattutto dimostrare spirito di iniziativa. Riconosciuto dal Time Magazine come uno dei giovani millenials che stanno avendo un impatto positivo sulla visione del nostro pianeta. In oltre quaranta spedizioni, ha esplorato grotte e canyon dal Sud America all\u2019Asia Centrale, guidando team multidisciplinari di ricercatori. Sauro ci ricorda nel suo ultimo libro \u201cIl Continente Buio\u201d di come si possa essere esploratori anche alle porte di casa, come \u00e8 avvenuto nella straordinaria epopea esplorativa del Sistema Carsico dei Piani Eterni nel Parco Nazionale Dolomiti Bellunesi. Si tratta della grotta pi\u00f9 profonda e lunga delle Dolomiti, una delle maggiori d\u2019Europa.<\/p><\/blockquote>\n<p>&nbsp;<\/p>\n<p>&#8212;<\/p>\n","protected":false},"excerpt":{"rendered":"<p>FELTRE\u00a0 Questa sera, alle\u00a0 21, presso l&#8217;auditorium dell&#8217;Istituto Canossiano di Feltre, Francesco Sauro, insegnante presso l&#8217;Universit\u00e0 di Bologna e consulente dell&#8217;Agenzia Spaziale Europea, condurr\u00e0 il pubblico alla scoperta delle grotte pi\u00f9 profonde ed estese delle Dolomiti, uno dei complessi carsici pi\u00f9 importanti d&#8217;Europa, che si sviluppa nelle profondit\u00e0 dei Piani Eterni, splendido altopiano carsico che&hellip;<\/p>\n","protected":false},"author":4,"featured_media":302609,"comment_status":"closed","ping_status":"closed","sticky":false,"template":"","format":"standard","meta":{"_monsterinsights_skip_tracking":false,"_monsterinsights_sitenote_active":false,"_monsterinsights_sitenote_note":"","_monsterinsights_sitenote_category":0,"footnotes":""},"categories":[104,49],"tags":[],"class_list":["post-302611","post","type-post","status-publish","format-standard","has-post-thumbnail","hentry","category-evidenza_3","category-news-18","category-104","category-49","description-off"],"img_url":"https:\/\/www.radiopiu.net\/wordpress\/wp-content\/uploads\/2022\/10\/Senza-nome-58.jpg","_links":{"self":[{"href":"https:\/\/www.radiopiu.net\/wordpress\/wp-json\/wp\/v2\/posts\/302611","targetHints":{"allow":["GET"]}}],"collection":[{"href":"https:\/\/www.radiopiu.net\/wordpress\/wp-json\/wp\/v2\/posts"}],"about":[{"href":"https:\/\/www.radiopiu.net\/wordpress\/wp-json\/wp\/v2\/types\/post"}],"author":[{"embeddable":true,"href":"https:\/\/www.radiopiu.net\/wordpress\/wp-json\/wp\/v2\/users\/4"}],"replies":[{"embeddable":true,"href":"https:\/\/www.radiopiu.net\/wordpress\/wp-json\/wp\/v2\/comments?post=302611"}],"version-history":[{"count":0,"href":"https:\/\/www.radiopiu.net\/wordpress\/wp-json\/wp\/v2\/posts\/302611\/revisions"}],"wp:featuredmedia":[{"embeddable":true,"href":"https:\/\/www.radiopiu.net\/wordpress\/wp-json\/wp\/v2\/media\/302609"}],"wp:attachment":[{"href":"https:\/\/www.radiopiu.net\/wordpress\/wp-json\/wp\/v2\/media?parent=302611"}],"wp:term":[{"taxonomy":"category","embeddable":true,"href":"https:\/\/www.radiopiu.net\/wordpress\/wp-json\/wp\/v2\/categories?post=302611"},{"taxonomy":"post_tag","embeddable":true,"href":"https:\/\/www.radiopiu.net\/wordpress\/wp-json\/wp\/v2\/tags?post=302611"}],"curies":[{"name":"wp","href":"https:\/\/api.w.org\/{rel}","templated":true}]}}