{"id":302682,"date":"2022-10-24T05:50:03","date_gmt":"2022-10-24T03:50:03","guid":{"rendered":"https:\/\/www.radiopiu.net\/wordpress\/?p=302682"},"modified":"2022-10-24T09:28:47","modified_gmt":"2022-10-24T07:28:47","slug":"giornale24-ottobre-2022-direttore-mirko-mezzacasa","status":"publish","type":"post","link":"https:\/\/www.radiopiu.net\/wordpress\/giornale24-ottobre-2022-direttore-mirko-mezzacasa\/","title":{"rendered":"GIORNALE RADIOPIU 24 OTTOBRE 2022 DIRETTORE MIRKO MEZZACASA"},"content":{"rendered":"<h3 class=\"kvgmc6g5 cxmmr5t8 oygrvhab hcukyx3x c1et5uql\"><span style=\"color: #0000ff;\"><strong>RADIO PIU INFORMAZIONE il canale su TELEGRAM informazione di prima\u00a0\u00a0<\/strong><strong>mano e in tempo reale. iscriviti ed aiutaci a farlo conoscere\u00a0<\/strong><\/span><\/h3>\n<p>&nbsp;<\/p>\n<blockquote><p>&nbsp;<\/p>\n\n\t\t\t<style type='text\/css'>\n\t\t\t\t#gallery-1 {\n\t\t\t\t\tmargin: auto;\n\t\t\t\t}\n\t\t\t\t#gallery-1 .gallery-item {\n\t\t\t\t\tfloat: left;\n\t\t\t\t\tmargin-top: 10px;\n\t\t\t\t\ttext-align: center;\n\t\t\t\t\twidth: 50%;\n\t\t\t\t}\n\t\t\t\t#gallery-1 img {\n\t\t\t\t\tborder: 2px solid #cfcfcf;\n\t\t\t\t}\n\t\t\t\t#gallery-1 .gallery-caption {\n\t\t\t\t\tmargin-left: 0;\n\t\t\t\t}\n\t\t\t\t\/* see gallery_shortcode() in wp-includes\/media.php *\/\n\t\t\t<\/style>\n\t\t<div id='gallery-1' class='dt-gallery-container gallery galleryid-302682 gallery-columns-2 gallery-size-medium'><dl class='gallery-item'>\n\t\t\t\t<dt class='gallery-icon landscape'>\n\t\t\t\t\t<a class=\"rollover rollover-zoom dt-pswp-item\" title=\"0c01752e-ab98-4b09-aab4-90c930d7e39c\" data-dt-img-description=\"\" data-large_image_width=\"1024\" data-large_image_height=\"768\"href='https:\/\/www.radiopiu.net\/wordpress\/wp-content\/uploads\/2022\/10\/0c01752e-ab98-4b09-aab4-90c930d7e39c.jpg'><img loading=\"lazy\" decoding=\"async\" width=\"300\" height=\"225\" src=\"https:\/\/www.radiopiu.net\/wordpress\/wp-content\/uploads\/2022\/10\/0c01752e-ab98-4b09-aab4-90c930d7e39c-300x225.jpg\" class=\"attachment-medium size-medium\" alt=\"\" srcset=\"https:\/\/www.radiopiu.net\/wordpress\/wp-content\/uploads\/2022\/10\/0c01752e-ab98-4b09-aab4-90c930d7e39c-300x225.jpg 300w, https:\/\/www.radiopiu.net\/wordpress\/wp-content\/uploads\/2022\/10\/0c01752e-ab98-4b09-aab4-90c930d7e39c-768x576.jpg 768w, https:\/\/www.radiopiu.net\/wordpress\/wp-content\/uploads\/2022\/10\/0c01752e-ab98-4b09-aab4-90c930d7e39c.jpg 1024w\" sizes=\"auto, (max-width: 300px) 100vw, 300px\" \/><\/a>\n\t\t\t\t<\/dt><\/dl><dl class='gallery-item'>\n\t\t\t\t<dt class='gallery-icon landscape'>\n\t\t\t\t\t<a class=\"rollover rollover-zoom dt-pswp-item\" title=\"41bc8408-ae4c-4f4e-9e60-d2d2aa2c8c72\" data-dt-img-description=\"\" data-large_image_width=\"1024\" data-large_image_height=\"768\"href='https:\/\/www.radiopiu.net\/wordpress\/wp-content\/uploads\/2022\/10\/41bc8408-ae4c-4f4e-9e60-d2d2aa2c8c72-1.jpg'><img loading=\"lazy\" decoding=\"async\" width=\"300\" height=\"225\" src=\"https:\/\/www.radiopiu.net\/wordpress\/wp-content\/uploads\/2022\/10\/41bc8408-ae4c-4f4e-9e60-d2d2aa2c8c72-1-300x225.jpg\" class=\"attachment-medium size-medium\" alt=\"\" srcset=\"https:\/\/www.radiopiu.net\/wordpress\/wp-content\/uploads\/2022\/10\/41bc8408-ae4c-4f4e-9e60-d2d2aa2c8c72-1-300x225.jpg 300w, https:\/\/www.radiopiu.net\/wordpress\/wp-content\/uploads\/2022\/10\/41bc8408-ae4c-4f4e-9e60-d2d2aa2c8c72-1-768x576.jpg 768w, https:\/\/www.radiopiu.net\/wordpress\/wp-content\/uploads\/2022\/10\/41bc8408-ae4c-4f4e-9e60-d2d2aa2c8c72-1.jpg 1024w\" sizes=\"auto, (max-width: 300px) 100vw, 300px\" \/><\/a>\n\t\t\t\t<\/dt><\/dl><br style=\"clear: both\" \/>\n\t\t\t<\/div>\n\n<p><strong>SEDICO<\/strong> E&#8217; purtroppo mortale l&#8217;incidente di questa mattina alle sei lungo la regionale 203 agordina in locaLit\u00e0 La Stanga, l&#8217;auto, una Opel Corsa condotta da un giovane di 22 anni che procedeva in direzione nord verso Agordo \u00e8 sbandata sulla sinistra colpendo il muro dell&#8217;abitazione per poi capottarsi in mezzo al prato. Immediati ma purtroppo inutili i soccorsi, Suem e Vigili del Fuoco, dalle 8 sul posto gli agente della Polizia per i rilievi di legge.<br \/>\n(collaborazione Annalisa Dal Mas)<\/p>\n<p>&nbsp;<\/p>\n\n\t\t\t<style type='text\/css'>\n\t\t\t\t#gallery-2 {\n\t\t\t\t\tmargin: auto;\n\t\t\t\t}\n\t\t\t\t#gallery-2 .gallery-item {\n\t\t\t\t\tfloat: left;\n\t\t\t\t\tmargin-top: 10px;\n\t\t\t\t\ttext-align: center;\n\t\t\t\t\twidth: 33%;\n\t\t\t\t}\n\t\t\t\t#gallery-2 img {\n\t\t\t\t\tborder: 2px solid #cfcfcf;\n\t\t\t\t}\n\t\t\t\t#gallery-2 .gallery-caption {\n\t\t\t\t\tmargin-left: 0;\n\t\t\t\t}\n\t\t\t\t\/* see gallery_shortcode() in wp-includes\/media.php *\/\n\t\t\t<\/style>\n\t\t<div id='gallery-2' class='dt-gallery-container gallery galleryid-302682 gallery-columns-3 gallery-size-thumbnail'><dl class='gallery-item'>\n\t\t\t\t<dt class='gallery-icon landscape'>\n\t\t\t\t\t<a class=\"rollover rollover-zoom dt-pswp-item\" title=\"Senza nome\" data-dt-img-description=\"\" data-large_image_width=\"415\" data-large_image_height=\"235\"href='https:\/\/www.radiopiu.net\/wordpress\/wp-content\/uploads\/2022\/10\/Senza-nome-66.jpg'><img loading=\"lazy\" decoding=\"async\" width=\"150\" height=\"150\" src=\"https:\/\/www.radiopiu.net\/wordpress\/wp-content\/uploads\/2022\/10\/Senza-nome-66-150x150.jpg\" class=\"attachment-thumbnail size-thumbnail\" alt=\"\" \/><\/a>\n\t\t\t\t<\/dt><\/dl><dl class='gallery-item'>\n\t\t\t\t<dt class='gallery-icon landscape'>\n\t\t\t\t\t<a class=\"rollover rollover-zoom dt-pswp-item\" title=\"b6ca6567-8b0a-4654-8567-a834aa44a0cc\" data-dt-img-description=\"\" data-large_image_width=\"2048\" data-large_image_height=\"1536\"href='https:\/\/www.radiopiu.net\/wordpress\/wp-content\/uploads\/2022\/10\/b6ca6567-8b0a-4654-8567-a834aa44a0cc.jpg'><img loading=\"lazy\" decoding=\"async\" width=\"150\" height=\"113\" src=\"https:\/\/www.radiopiu.net\/wordpress\/wp-content\/uploads\/2022\/10\/b6ca6567-8b0a-4654-8567-a834aa44a0cc.jpg\" class=\"attachment-thumbnail size-thumbnail\" alt=\"\" \/><\/a>\n\t\t\t\t<\/dt><\/dl><dl class='gallery-item'>\n\t\t\t\t<dt class='gallery-icon landscape'>\n\t\t\t\t\t<a class=\"rollover rollover-zoom dt-pswp-item\" title=\"83433b83-f8ef-44c0-8122-ab08d8e2affe\" data-dt-img-description=\"\" data-large_image_width=\"1024\" data-large_image_height=\"768\"href='https:\/\/www.radiopiu.net\/wordpress\/wp-content\/uploads\/2022\/10\/83433b83-f8ef-44c0-8122-ab08d8e2affe.jpg'><img loading=\"lazy\" decoding=\"async\" width=\"150\" height=\"150\" src=\"https:\/\/www.radiopiu.net\/wordpress\/wp-content\/uploads\/2022\/10\/83433b83-f8ef-44c0-8122-ab08d8e2affe-150x150.jpg\" class=\"attachment-thumbnail size-thumbnail\" alt=\"\" \/><\/a>\n\t\t\t\t<\/dt><\/dl><br style=\"clear: both\" \/>\n\t\t\t<\/div>\n\n<p>&nbsp;<\/p>\n<p>&nbsp;<\/p>\n<blockquote>\n<h3>NOTIZIARIO DELLE 6 DEL MATTINO<\/h3>\n<\/blockquote>\n<p>&nbsp;<\/p><\/blockquote>\n<p><strong>SEDICO<\/strong> Grave incidente stradale lungo la regionale 203 agordina in localit\u00e0 La Stanga, l&#8217;auto \u00e8 finita oltre il ciglio stradale, non ci sono quindi interruzioni al traffico, ma procedere con prudenza sono in corso le operazioni di soccorso da parte del Suem e Vigili del Fuoco.<\/p>\n<p>La testimonianza <em>&#8220;Non abbiamo potuto fare niente prima dell&#8217;arrivo dei soccorritori purtroppo. Il ragazzo \u00e8 stato soccorso dal personale del Suem subito allertato. Ero qualche macchina dietro di lui, mi sono fermato con un altro automobilista, che sembra abbia schivato un animale. Io ho sentito un grande botto&#8221;.<\/em><\/p>\n\n\t\t\t<style type='text\/css'>\n\t\t\t\t#gallery-3 {\n\t\t\t\t\tmargin: auto;\n\t\t\t\t}\n\t\t\t\t#gallery-3 .gallery-item {\n\t\t\t\t\tfloat: left;\n\t\t\t\t\tmargin-top: 10px;\n\t\t\t\t\ttext-align: center;\n\t\t\t\t\twidth: 50%;\n\t\t\t\t}\n\t\t\t\t#gallery-3 img {\n\t\t\t\t\tborder: 2px solid #cfcfcf;\n\t\t\t\t}\n\t\t\t\t#gallery-3 .gallery-caption {\n\t\t\t\t\tmargin-left: 0;\n\t\t\t\t}\n\t\t\t\t\/* see gallery_shortcode() in wp-includes\/media.php *\/\n\t\t\t<\/style>\n\t\t<div id='gallery-3' class='dt-gallery-container gallery galleryid-302682 gallery-columns-2 gallery-size-medium'><dl class='gallery-item'>\n\t\t\t\t<dt class='gallery-icon landscape'>\n\t\t\t\t\t<a class=\"rollover rollover-zoom dt-pswp-item\" title=\"312625624_1156547954957811_6800617437575380440_n\" data-dt-img-description=\"\" data-large_image_width=\"1728\" data-large_image_height=\"798\"href='https:\/\/www.radiopiu.net\/wordpress\/wp-content\/uploads\/2022\/10\/312625624_1156547954957811_6800617437575380440_n.jpg'><img loading=\"lazy\" decoding=\"async\" width=\"300\" height=\"139\" src=\"https:\/\/www.radiopiu.net\/wordpress\/wp-content\/uploads\/2022\/10\/312625624_1156547954957811_6800617437575380440_n-300x139.jpg\" class=\"attachment-medium size-medium\" alt=\"\" srcset=\"https:\/\/www.radiopiu.net\/wordpress\/wp-content\/uploads\/2022\/10\/312625624_1156547954957811_6800617437575380440_n-300x139.jpg 300w, https:\/\/www.radiopiu.net\/wordpress\/wp-content\/uploads\/2022\/10\/312625624_1156547954957811_6800617437575380440_n-1024x473.jpg 1024w, https:\/\/www.radiopiu.net\/wordpress\/wp-content\/uploads\/2022\/10\/312625624_1156547954957811_6800617437575380440_n-768x355.jpg 768w, https:\/\/www.radiopiu.net\/wordpress\/wp-content\/uploads\/2022\/10\/312625624_1156547954957811_6800617437575380440_n-1536x709.jpg 1536w, https:\/\/www.radiopiu.net\/wordpress\/wp-content\/uploads\/2022\/10\/312625624_1156547954957811_6800617437575380440_n.jpg 1728w\" sizes=\"auto, (max-width: 300px) 100vw, 300px\" \/><\/a>\n\t\t\t\t<\/dt><\/dl><dl class='gallery-item'>\n\t\t\t\t<dt class='gallery-icon landscape'>\n\t\t\t\t\t<a class=\"rollover rollover-zoom dt-pswp-item\" title=\"312662996_3001292263500610_5556216770267654785_n\" data-dt-img-description=\"\" data-large_image_width=\"1728\" data-large_image_height=\"798\"href='https:\/\/www.radiopiu.net\/wordpress\/wp-content\/uploads\/2022\/10\/312662996_3001292263500610_5556216770267654785_n.jpg'><img loading=\"lazy\" decoding=\"async\" width=\"300\" height=\"139\" src=\"https:\/\/www.radiopiu.net\/wordpress\/wp-content\/uploads\/2022\/10\/312662996_3001292263500610_5556216770267654785_n-300x139.jpg\" class=\"attachment-medium size-medium\" alt=\"\" srcset=\"https:\/\/www.radiopiu.net\/wordpress\/wp-content\/uploads\/2022\/10\/312662996_3001292263500610_5556216770267654785_n-300x139.jpg 300w, https:\/\/www.radiopiu.net\/wordpress\/wp-content\/uploads\/2022\/10\/312662996_3001292263500610_5556216770267654785_n-1024x473.jpg 1024w, https:\/\/www.radiopiu.net\/wordpress\/wp-content\/uploads\/2022\/10\/312662996_3001292263500610_5556216770267654785_n-768x355.jpg 768w, https:\/\/www.radiopiu.net\/wordpress\/wp-content\/uploads\/2022\/10\/312662996_3001292263500610_5556216770267654785_n-1536x709.jpg 1536w, https:\/\/www.radiopiu.net\/wordpress\/wp-content\/uploads\/2022\/10\/312662996_3001292263500610_5556216770267654785_n.jpg 1728w\" sizes=\"auto, (max-width: 300px) 100vw, 300px\" \/><\/a>\n\t\t\t\t<\/dt><\/dl><br style=\"clear: both\" \/>\n\t\t\t<\/div>\n\n<p>&nbsp;<\/p>\n<p>&nbsp;<\/p>\n<p>&nbsp;<\/p>\n<p>&nbsp;<\/p>\n<hr \/>\n<p>&nbsp;<\/p>\n<blockquote>\n<h2><span style=\"color: #ff0000;\">39 ANNI INSIEME<\/span><\/h2>\n<\/blockquote>\n<p><strong>REDAZIONE<\/strong> Un pranzo per festeggiare i 39 anni di Radio Pi\u00f9 e per consolidare il rapporto lavorativo tra collaboratori. Si \u00e8 svolto alla Fabbrica In Pedavena di La Valle Agordina dove tutte le voci di Radio Pi\u00f9 si sono riunite per ricordare gli aneddoti e per fare il punto su passato, presente e futuro dell&#8217;emittenete agordina che da 39 anni entra nelle case degli agordini ma non solo.<\/p>\n\n\t\t\t<style type='text\/css'>\n\t\t\t\t#gallery-4 {\n\t\t\t\t\tmargin: auto;\n\t\t\t\t}\n\t\t\t\t#gallery-4 .gallery-item {\n\t\t\t\t\tfloat: left;\n\t\t\t\t\tmargin-top: 10px;\n\t\t\t\t\ttext-align: center;\n\t\t\t\t\twidth: 20%;\n\t\t\t\t}\n\t\t\t\t#gallery-4 img {\n\t\t\t\t\tborder: 2px solid #cfcfcf;\n\t\t\t\t}\n\t\t\t\t#gallery-4 .gallery-caption {\n\t\t\t\t\tmargin-left: 0;\n\t\t\t\t}\n\t\t\t\t\/* see gallery_shortcode() in wp-includes\/media.php *\/\n\t\t\t<\/style>\n\t\t<div id='gallery-4' class='dt-gallery-container gallery galleryid-302682 gallery-columns-5 gallery-size-thumbnail'><dl class='gallery-item'>\n\t\t\t\t<dt class='gallery-icon landscape'>\n\t\t\t\t\t<a class=\"rollover rollover-zoom dt-pswp-item\" title=\"e539bb47-83b1-43be-8404-13a10795144a\" data-dt-img-description=\"\" data-large_image_width=\"2048\" data-large_image_height=\"1536\"href='https:\/\/www.radiopiu.net\/wordpress\/wp-content\/uploads\/2022\/10\/e539bb47-83b1-43be-8404-13a10795144a.jpg'><img loading=\"lazy\" decoding=\"async\" width=\"150\" height=\"150\" src=\"https:\/\/www.radiopiu.net\/wordpress\/wp-content\/uploads\/2022\/10\/e539bb47-83b1-43be-8404-13a10795144a-150x150.jpg\" class=\"attachment-thumbnail size-thumbnail\" alt=\"\" \/><\/a>\n\t\t\t\t<\/dt><\/dl><dl class='gallery-item'>\n\t\t\t\t<dt class='gallery-icon landscape'>\n\t\t\t\t\t<a class=\"rollover rollover-zoom dt-pswp-item\" title=\"4a3956c6-db33-4947-8b4a-772387b22d7d\" data-dt-img-description=\"\" data-large_image_width=\"2048\" data-large_image_height=\"1536\"href='https:\/\/www.radiopiu.net\/wordpress\/wp-content\/uploads\/2022\/10\/4a3956c6-db33-4947-8b4a-772387b22d7d.jpg'><img loading=\"lazy\" decoding=\"async\" width=\"150\" height=\"150\" src=\"https:\/\/www.radiopiu.net\/wordpress\/wp-content\/uploads\/2022\/10\/4a3956c6-db33-4947-8b4a-772387b22d7d-150x150.jpg\" class=\"attachment-thumbnail size-thumbnail\" alt=\"\" \/><\/a>\n\t\t\t\t<\/dt><\/dl><dl class='gallery-item'>\n\t\t\t\t<dt class='gallery-icon landscape'>\n\t\t\t\t\t<a class=\"rollover rollover-zoom dt-pswp-item\" title=\"fe36d992-37cb-40d1-a071-833cbabf91d2\" data-dt-img-description=\"\" data-large_image_width=\"2048\" data-large_image_height=\"1536\"href='https:\/\/www.radiopiu.net\/wordpress\/wp-content\/uploads\/2022\/10\/fe36d992-37cb-40d1-a071-833cbabf91d2.jpg'><img loading=\"lazy\" decoding=\"async\" width=\"150\" height=\"150\" src=\"https:\/\/www.radiopiu.net\/wordpress\/wp-content\/uploads\/2022\/10\/fe36d992-37cb-40d1-a071-833cbabf91d2-150x150.jpg\" class=\"attachment-thumbnail size-thumbnail\" alt=\"\" \/><\/a>\n\t\t\t\t<\/dt><\/dl><dl class='gallery-item'>\n\t\t\t\t<dt class='gallery-icon landscape'>\n\t\t\t\t\t<a class=\"rollover rollover-zoom dt-pswp-item\" title=\"d7348690-091f-44a6-b0bf-35817396f93d\" data-dt-img-description=\"\" data-large_image_width=\"2048\" data-large_image_height=\"1536\"href='https:\/\/www.radiopiu.net\/wordpress\/wp-content\/uploads\/2022\/10\/d7348690-091f-44a6-b0bf-35817396f93d.jpg'><img loading=\"lazy\" decoding=\"async\" width=\"150\" height=\"150\" src=\"https:\/\/www.radiopiu.net\/wordpress\/wp-content\/uploads\/2022\/10\/d7348690-091f-44a6-b0bf-35817396f93d-150x150.jpg\" class=\"attachment-thumbnail size-thumbnail\" alt=\"\" \/><\/a>\n\t\t\t\t<\/dt><\/dl><dl class='gallery-item'>\n\t\t\t\t<dt class='gallery-icon landscape'>\n\t\t\t\t\t<a class=\"rollover rollover-zoom dt-pswp-item\" title=\"b13aabce-7beb-4fc2-8940-bfdf470dcf89\" data-dt-img-description=\"\" data-large_image_width=\"1920\" data-large_image_height=\"1080\"href='https:\/\/www.radiopiu.net\/wordpress\/wp-content\/uploads\/2022\/10\/b13aabce-7beb-4fc2-8940-bfdf470dcf89.jpg'><img loading=\"lazy\" decoding=\"async\" width=\"150\" height=\"150\" src=\"https:\/\/www.radiopiu.net\/wordpress\/wp-content\/uploads\/2022\/10\/b13aabce-7beb-4fc2-8940-bfdf470dcf89-150x150.jpg\" class=\"attachment-thumbnail size-thumbnail\" alt=\"\" \/><\/a>\n\t\t\t\t<\/dt><\/dl><br style=\"clear: both\" \/><dl class='gallery-item'>\n\t\t\t\t<dt class='gallery-icon landscape'>\n\t\t\t\t\t<a class=\"rollover rollover-zoom dt-pswp-item\" title=\"06fef6a4-be32-4fd8-922a-a411b5a0dbc6\" data-dt-img-description=\"\" data-large_image_width=\"1920\" data-large_image_height=\"1080\"href='https:\/\/www.radiopiu.net\/wordpress\/wp-content\/uploads\/2022\/10\/06fef6a4-be32-4fd8-922a-a411b5a0dbc6.jpg'><img loading=\"lazy\" decoding=\"async\" width=\"150\" height=\"150\" src=\"https:\/\/www.radiopiu.net\/wordpress\/wp-content\/uploads\/2022\/10\/06fef6a4-be32-4fd8-922a-a411b5a0dbc6-150x150.jpg\" class=\"attachment-thumbnail size-thumbnail\" alt=\"\" \/><\/a>\n\t\t\t\t<\/dt><\/dl><dl class='gallery-item'>\n\t\t\t\t<dt class='gallery-icon landscape'>\n\t\t\t\t\t<a class=\"rollover rollover-zoom dt-pswp-item\" title=\"56fe8a4a-f1d4-4c90-b0d5-215cebb4bc6d\" data-dt-img-description=\"\" data-large_image_width=\"1920\" data-large_image_height=\"1080\"href='https:\/\/www.radiopiu.net\/wordpress\/wp-content\/uploads\/2022\/10\/56fe8a4a-f1d4-4c90-b0d5-215cebb4bc6d.jpg'><img loading=\"lazy\" decoding=\"async\" width=\"150\" height=\"150\" src=\"https:\/\/www.radiopiu.net\/wordpress\/wp-content\/uploads\/2022\/10\/56fe8a4a-f1d4-4c90-b0d5-215cebb4bc6d-150x150.jpg\" class=\"attachment-thumbnail size-thumbnail\" alt=\"\" \/><\/a>\n\t\t\t\t<\/dt><\/dl><dl class='gallery-item'>\n\t\t\t\t<dt class='gallery-icon portrait'>\n\t\t\t\t\t<a class=\"rollover rollover-zoom dt-pswp-item\" title=\"8f16d662-c560-4530-a7c8-31549bb5136b\" data-dt-img-description=\"\" data-large_image_width=\"900\" data-large_image_height=\"1600\"href='https:\/\/www.radiopiu.net\/wordpress\/wp-content\/uploads\/2022\/10\/8f16d662-c560-4530-a7c8-31549bb5136b.jpg'><img loading=\"lazy\" decoding=\"async\" width=\"150\" height=\"150\" src=\"https:\/\/www.radiopiu.net\/wordpress\/wp-content\/uploads\/2022\/10\/8f16d662-c560-4530-a7c8-31549bb5136b-150x150.jpg\" class=\"attachment-thumbnail size-thumbnail\" alt=\"\" \/><\/a>\n\t\t\t\t<\/dt><\/dl><dl class='gallery-item'>\n\t\t\t\t<dt class='gallery-icon landscape'>\n\t\t\t\t\t<a class=\"rollover rollover-zoom dt-pswp-item\" title=\"93d9bb37-d2dc-4b73-a916-cdf355fbbd94\" data-dt-img-description=\"\" data-large_image_width=\"1280\" data-large_image_height=\"612\"href='https:\/\/www.radiopiu.net\/wordpress\/wp-content\/uploads\/2022\/10\/93d9bb37-d2dc-4b73-a916-cdf355fbbd94.jpg'><img loading=\"lazy\" decoding=\"async\" width=\"150\" height=\"150\" src=\"https:\/\/www.radiopiu.net\/wordpress\/wp-content\/uploads\/2022\/10\/93d9bb37-d2dc-4b73-a916-cdf355fbbd94-150x150.jpg\" class=\"attachment-thumbnail size-thumbnail\" alt=\"\" \/><\/a>\n\t\t\t\t<\/dt><\/dl><dl class='gallery-item'>\n\t\t\t\t<dt class='gallery-icon landscape'>\n\t\t\t\t\t<a class=\"rollover rollover-zoom dt-pswp-item\" title=\"f1736504-18d6-4702-bc42-ec19ae2e48f3\" data-dt-img-description=\"\" data-large_image_width=\"1599\" data-large_image_height=\"1599\"href='https:\/\/www.radiopiu.net\/wordpress\/wp-content\/uploads\/2022\/10\/f1736504-18d6-4702-bc42-ec19ae2e48f3.jpg'><img loading=\"lazy\" decoding=\"async\" width=\"150\" height=\"150\" src=\"https:\/\/www.radiopiu.net\/wordpress\/wp-content\/uploads\/2022\/10\/f1736504-18d6-4702-bc42-ec19ae2e48f3-150x150.jpg\" class=\"attachment-thumbnail size-thumbnail\" alt=\"\" srcset=\"https:\/\/www.radiopiu.net\/wordpress\/wp-content\/uploads\/2022\/10\/f1736504-18d6-4702-bc42-ec19ae2e48f3-150x150.jpg 150w, https:\/\/www.radiopiu.net\/wordpress\/wp-content\/uploads\/2022\/10\/f1736504-18d6-4702-bc42-ec19ae2e48f3-300x300.jpg 300w, https:\/\/www.radiopiu.net\/wordpress\/wp-content\/uploads\/2022\/10\/f1736504-18d6-4702-bc42-ec19ae2e48f3-1024x1024.jpg 1024w, https:\/\/www.radiopiu.net\/wordpress\/wp-content\/uploads\/2022\/10\/f1736504-18d6-4702-bc42-ec19ae2e48f3-768x768.jpg 768w, https:\/\/www.radiopiu.net\/wordpress\/wp-content\/uploads\/2022\/10\/f1736504-18d6-4702-bc42-ec19ae2e48f3-1536x1536.jpg 1536w, https:\/\/www.radiopiu.net\/wordpress\/wp-content\/uploads\/2022\/10\/f1736504-18d6-4702-bc42-ec19ae2e48f3.jpg 1599w\" sizes=\"auto, (max-width: 150px) 100vw, 150px\" \/><\/a>\n\t\t\t\t<\/dt><\/dl><br style=\"clear: both\" \/>\n\t\t\t<\/div>\n\n<p>&nbsp;<\/p>\n<p><iframe loading=\"lazy\" title=\"PRANZO 39 ANNI RADIO PIU\" width=\"1200\" height=\"675\" src=\"https:\/\/www.youtube.com\/embed\/WZMYEWS_Blc?feature=oembed\" frameborder=\"0\" allow=\"accelerometer; autoplay; clipboard-write; encrypted-media; gyroscope; picture-in-picture\" allowfullscreen><\/iframe><\/p>\n<p>&nbsp;<\/p>\n<hr \/>\n<p>&nbsp;<\/p>\n<p><strong>MARTEDI 25 OTTOBRE INTERRUZIONE DI ENERGIA ELETTRICA A BRIES DI AGORDO, DALLE 8.30 ALLE 15.30\u00a0\u00a0<\/strong><\/p>\n<p>&nbsp;<\/p>\n<blockquote>\n<h3>AD AGORDO DUE GIORNI SENZ&#8217;ACQUA IN VIA ALIGHIERI<\/h3>\n<\/blockquote>\n<p><strong>AGORDO<\/strong> Gestione Servizi Pubblici informa che, per lavori alla rete idrica comunale martedI e mercoledi dalle 8 alle 17.30 potrebbe mancare l&#8217;acqua in Via Alighieri.<\/p>\n<p>&nbsp;<\/p>\n<p>&nbsp;<\/p>\n<hr \/>\n<p>&nbsp;<\/p>\n<blockquote>\n<h3>ACQUA NON POTABILE NELLA PARTE ALTA DI TAIBON<\/h3>\n<\/blockquote>\n<p><strong>TAIBON<\/strong> Gestione Servizi Pubblici informa che a TAIBON AGORDINO nelle localit\u00e0 CAMPEDEL, COSTE e SERACH l&#8217;acqua erogata dall&#8217;acquedotto non \u00e8 potabile e pu\u00f2 essere usata per scopi alimentari SOLO PREVIA bollitura. GSP ha, comunque, gi\u00e0 adottato le necessarie misure per la disinfezione dell&#8217;acqua presente nei serbatoi e nella rete idrica con l&#8217;aggiunta di cloro<\/p>\n<p>&nbsp;<\/p>\n<p>&nbsp;<\/p>\n<hr \/>\n<p>&nbsp;<\/p>\n<p>&nbsp;<\/p>\n<p><strong><img loading=\"lazy\" decoding=\"async\" class=\"alignleft\" src=\"https:\/\/www.radiopiu.net\/wordpress\/wp-content\/uploads\/2021\/10\/VALPE.png\" width=\"206\" height=\"103\" \/>AGORDO <\/strong>\u00a0Si avvisano i cittadini che, a causa di interventi di manutenzione tecnica alle linee telefoniche, dalle\u00a0 8 alle ore 12 di mercoled\u00ec 26 ottobre<span style=\"font-size: 14px;\">\u00a0potrebbero verificarsi dei\u00a0<\/span>malfunzionamenti alle linee telefoniche fisse<span style=\"font-size: 14px;\">, tra cui anche i seguenti numeri: <\/span>&#8211; 0437 1835690, dedicato alle utenze del comune di Sedico &#8211; 0437 640462 e 0437 643621, dedicati alle utenze dei comuni dell\u2019Unione Montana Agordina &#8211; 0435 482633, dedicato ai comuni dell\u2019Unione Montana Valle del Boite &#8211; 0436 867340, dedicato al Ce.R.D. in Loc. Pies. de Ramognes Cortina D\u2019Ampezzo In caso di difficolt\u00e0 nel contattare i nostri uffici, invitiamo i cittadini a richiamare nel pomeriggio.<\/p>\n<p>&nbsp;<\/p>\n<p>&nbsp;<\/p>\n<hr \/>\n<p>&nbsp;<\/p>\n<blockquote>\n<h3>MUORE SOFFOCATO DA UN BOCCONE DI CARNE<\/h3>\n<\/blockquote>\n<p><strong><a class=\"dt-pswp-item\" href=\"https:\/\/www.radiopiu.net\/wordpress\/wp-content\/uploads\/2022\/10\/Schermata-2022-10-23-alle-10.38.34.png\" data-dt-img-description=\"\" data-large_image_width=\"948\" data-large_image_height=\"624\"><img loading=\"lazy\" decoding=\"async\" class=\" wp-image-302815 alignleft\" src=\"https:\/\/www.radiopiu.net\/wordpress\/wp-content\/uploads\/2022\/10\/Schermata-2022-10-23-alle-10.38.34-300x197.png\" alt=\"\" width=\"174\" height=\"114\" srcset=\"https:\/\/www.radiopiu.net\/wordpress\/wp-content\/uploads\/2022\/10\/Schermata-2022-10-23-alle-10.38.34-300x197.png 300w, https:\/\/www.radiopiu.net\/wordpress\/wp-content\/uploads\/2022\/10\/Schermata-2022-10-23-alle-10.38.34-768x506.png 768w, https:\/\/www.radiopiu.net\/wordpress\/wp-content\/uploads\/2022\/10\/Schermata-2022-10-23-alle-10.38.34.png 948w\" sizes=\"auto, (max-width: 174px) 100vw, 174px\" \/><\/a>CANSIGLIO<\/strong> Tragedia in Cansiglio dove un uomo \u00e8 morto soffocato con un boccone di carne. Si tratta di Mauro Viale, 57 anni di Mestre. Il fatto \u00e8 successo venerd\u00ec a pranzo. L&#8217;uomo era salito assieme agli amici in Cansiglio per una giornata spensierata che si \u00e8 per\u00f2 trasformata in tragedia. Dopo essere stati in passeggiata tra i boschi, il gruppo di amici ha deciso di fermarsi all&#8217;Agriturismo Bar Bianco del Cansiglio. Qui si consuma il dramma con Viale che ad un certo punto inizia a stare male e non riesce a respirare. Immediato l&#8217;intervento del gestore del locale che assieme ad un amico ha cercato di rianimare l&#8217;uomo in attesa dei soccorsi ma i tentativi di salvare la vita a Mauro sono vani. (FOTO: Corriere Delle Alpi)<\/p>\n<p>&nbsp;<\/p>\n<p>&nbsp;<\/p>\n<hr \/>\n<p>&nbsp;<\/p>\n<blockquote>\n<h3 class=\"entry-title\">DUE INTERVENTI DEL SOCCORSO ALPINO AD ARSIE\u2019 E PIEVE DI CADORE<\/h3>\n<\/blockquote>\n<p><strong>ARSIE\u2019\u00a0<\/strong> Verso le 12.15 di ieri la Centrale del Suem ha allertato il Soccorso alpino di Feltre per intervenire in supporto dell\u2019ambulanza in localit\u00e0 Tol, per un ciclista caduto sulla strada sterrata con la mountain bike a pedalata assistita. Un squadra di sette tecnici ha raggiunto l\u2019infortunato, che si trovava con gli amici ed era assistito dall\u2019infermiere dell\u2019ambulanza per un sospetto trauma al torace. Una volta caricato in barella, il 51enne di Arsi\u00e8 (BL), \u00e8 stato trasportato dai soccorritori per un chilometro fino alla strada e da l\u00ec accompagnato all\u2019ospedale di Feltre.<\/p>\n<p><strong>PIEVE DI CADORE\u00a0<\/strong>Attorno alle 12.30 di ieri l\u2019elicottero del Suem di Pieve di Cadore \u00e8 intervenuto lungo il sentiero che scende dalla Chiesetta di San Dionisio, per un ciclista caduto con la propria mountain bike a pedalata assistita. Il 53enne di Povegliano (TV), che si trovava con i familiari, aveva ripreso conoscenza al momento dell\u2019arrivo dell\u2019elicottero e lamentava dolori alla schiena, \u00e8 stato preso in cura dall\u2019equipe medica e dal tecnico di elisoccorso, sbarcati nelle vicinanze con un verricello di 30 metri. Imbarellato, \u00e8 stato recuperato e trasportato all\u2019ospedale di Belluno.<\/p>\n<p>&nbsp;<\/p>\n<hr \/>\n<p>&nbsp;<\/p>\n<blockquote>\n<h3>IMMORTALATO DALLA TELECAMERE MENTRE SFONDA LA VETRINA DOPO IL LITIGIO CON LA RAGAZZA<\/h3>\n<\/blockquote>\n<p><strong><img loading=\"lazy\" decoding=\"async\" class=\"alignleft\" src=\"https:\/\/www.radiopiu.net\/wordpress\/wp-content\/uploads\/2022\/10\/Senza-nome-62.jpg\" width=\"138\" height=\"101\" \/>BELLUNO<\/strong>\u00a0 Un pugno, ma di quelli potenti, per sfogare la rabbia dopo aver litigato a parole con una donna. La vetrina della profumeria\u00a0 di via Psaro \u00e8 finita in frantumi con evidenti danni tutti da quantificare. Per l&#8217;uomo una ferita alla mano medicata al pronto soccorso e una denuncia. Che sia stato lui non ci sono dubbi le telecamere lo hanno immortalato nello scatto di rabbia. Nessuna conseguenza per la donna, spavento a parte. Sul posto, si \u00e8 portata la volante della polizia, che ha avviato le indagini.<\/p>\n<p>&nbsp;<\/p>\n<hr \/>\n<p>&nbsp;<\/p>\n<blockquote>\n<h3>PAGHE D&#8217;ORO PER GINECOLOGI ESTERNI IN ULSS 1 DOLOMITI. IL PD VENETO CHIEDE DI INTERVENIRE SU STIPENDI E ORGANICI<\/h3>\n<\/blockquote>\n<p><strong><a class=\"dt-pswp-item\" href=\"https:\/\/www.radiopiu.net\/wordpress\/wp-content\/uploads\/2022\/10\/GINECOLOGO.png\" data-dt-img-description=\"\" data-large_image_width=\"1756\" data-large_image_height=\"1050\"><img loading=\"lazy\" decoding=\"async\" class=\" wp-image-302744 alignleft\" src=\"https:\/\/www.radiopiu.net\/wordpress\/wp-content\/uploads\/2022\/10\/GINECOLOGO-300x179.png\" alt=\"\" width=\"188\" height=\"112\" srcset=\"https:\/\/www.radiopiu.net\/wordpress\/wp-content\/uploads\/2022\/10\/GINECOLOGO-300x179.png 300w, https:\/\/www.radiopiu.net\/wordpress\/wp-content\/uploads\/2022\/10\/GINECOLOGO-1024x612.png 1024w, https:\/\/www.radiopiu.net\/wordpress\/wp-content\/uploads\/2022\/10\/GINECOLOGO-768x459.png 768w, https:\/\/www.radiopiu.net\/wordpress\/wp-content\/uploads\/2022\/10\/GINECOLOGO-1536x918.png 1536w, https:\/\/www.radiopiu.net\/wordpress\/wp-content\/uploads\/2022\/10\/GINECOLOGO.png 1756w\" sizes=\"auto, (max-width: 188px) 100vw, 188px\" \/><\/a>VENEZIA<\/strong> &#8220;<em>Finalmente il governo regionale prende atto della deriva e del rischio delle esternalizzazioni nella sanit\u00e0. Cosa che evidenziamo da anni, in relazione a \u00a0Pronti soccorso e reparti anche di estrema delicatezza. Sulla vicenda dei ginecologi esterni presso l&#8217;Ulss 1 bellunese prendiamo per buone le parole della assessora Lanzarin che parla di ingiustizia per queste paghe d&#8217;oro e fa richiamo alla necessit\u00e0 di investire sul pubblico. Ma al tempo stesso questa sua posizione obbliga a maggior ragione anche la Giunta a fare di pi\u00f9, senza scaricabarili<\/em>&#8220;. La presa di posizione \u00e8 delle consigliere regionali del PD Veneto e componenti della commissione sociosanitaria, Anna Maria Bigon e Francesca Zottis. &#8220;<em>Occorre adeguare subito gli stipendi per i medici pubblici ma soprattutto integrare il personale mancante affinch\u00e9 ci sia regolarit\u00e0 nei turni. Perch\u00e9 oltre a guadagnare molto meno dei colleghi esterni, si ritrovano a subire carichi di lavoro insostenibili. Il Veneto ha investito meno nel costo del personale e questo \u00e8 il risultato. Regione e Governo ora affrontino il problema senza darsi la responsabilit\u00e0 a vicenda. La platea di medici esistente basta per coprire le carenze. Ma vanno garantite le giuste condizioni di lavoro. L&#8217;eccellenza deve fare rima con investimenti<\/em>&#8220;.<\/p>\n<p>&nbsp;<\/p>\n<p>&nbsp;<\/p>\n<hr \/>\n<p>&nbsp;<\/p>\n<blockquote>\n<h3>NUOVO GOVERNO MELONI, I 4 PUNTI PER LE TERRE ALTE SECONDO CONFINDUSTRIA BELLUNO DOLOMITI<\/h3>\n<\/blockquote>\n<p><strong><a class=\"dt-pswp-item\" href=\"https:\/\/www.radiopiu.net\/wordpress\/wp-content\/uploads\/2021\/05\/CONFINDUSTRIA.png\" data-dt-img-description=\"\" data-large_image_width=\"575\" data-large_image_height=\"575\"><img loading=\"lazy\" decoding=\"async\" class=\"wp-image-211858 alignleft\" src=\"https:\/\/www.radiopiu.net\/wordpress\/wp-content\/uploads\/2021\/05\/CONFINDUSTRIA-300x300.png\" alt=\"\" width=\"119\" height=\"119\" srcset=\"https:\/\/www.radiopiu.net\/wordpress\/wp-content\/uploads\/2021\/05\/CONFINDUSTRIA-300x300.png 300w, https:\/\/www.radiopiu.net\/wordpress\/wp-content\/uploads\/2021\/05\/CONFINDUSTRIA-150x150.png 150w, https:\/\/www.radiopiu.net\/wordpress\/wp-content\/uploads\/2021\/05\/CONFINDUSTRIA.png 575w\" sizes=\"auto, (max-width: 119px) 100vw, 119px\" \/><\/a>BELLUNO <\/strong>Sgravi sull\u2019energia nelle terre alte, immediata incardinazione e approvazione della legge quadro sulla montagna, accelerazione delle opere \u2013 materiali e immateriali \u2013 in vista delle Olimpiadi 2026, misure straordinarie per i giovani: sono questi i quattro punti che Confindustria Belluno Dolomiti pone immediatamente all\u2019attenzione del nuovo Governo Meloni. \u201cL\u2019azione dell\u2019Esecutivo dovr\u00e0 essere efficace quanto tempestiva. \u00c8 chiaro a tutti che non c\u2019\u00e8 un minuto da perdere\u201d, afferma Lorraine Berton, presidente di Confindustria Belluno Dolomiti, che augura al nuovo presidente del Consiglio dei Ministri Giorgia Meloni un \u201cbuon lavoro nell\u2019interesse del Paese, delle sue imprese e dei singoli territori\u201d.<\/p>\n<p>&nbsp;<\/p>\n<p>&nbsp;<\/p>\n<hr \/>\n<p>&nbsp;<\/p>\n<blockquote>\n<h3>VARATO IL NUOVO GOVERNO MELONI, CONFARTIGIANATO CHIEDE CONCRETEZZA E STABILIT\u00c0<\/h3>\n<\/blockquote>\n<p><strong><a class=\"dt-pswp-item\" href=\"https:\/\/www.radiopiu.net\/wordpress\/wp-content\/uploads\/2020\/12\/CLAUDIA-SCARZANELLA-CONFARTIGIANATO.png\" data-dt-img-description=\"\" data-large_image_width=\"1042\" data-large_image_height=\"818\"><img loading=\"lazy\" decoding=\"async\" class=\" wp-image-182277 alignleft\" src=\"https:\/\/www.radiopiu.net\/wordpress\/wp-content\/uploads\/2020\/12\/CLAUDIA-SCARZANELLA-CONFARTIGIANATO-300x236.png\" alt=\"\" width=\"160\" height=\"126\" srcset=\"https:\/\/www.radiopiu.net\/wordpress\/wp-content\/uploads\/2020\/12\/CLAUDIA-SCARZANELLA-CONFARTIGIANATO-300x236.png 300w, https:\/\/www.radiopiu.net\/wordpress\/wp-content\/uploads\/2020\/12\/CLAUDIA-SCARZANELLA-CONFARTIGIANATO-1024x804.png 1024w, https:\/\/www.radiopiu.net\/wordpress\/wp-content\/uploads\/2020\/12\/CLAUDIA-SCARZANELLA-CONFARTIGIANATO-768x603.png 768w, https:\/\/www.radiopiu.net\/wordpress\/wp-content\/uploads\/2020\/12\/CLAUDIA-SCARZANELLA-CONFARTIGIANATO.png 1042w\" sizes=\"auto, (max-width: 160px) 100vw, 160px\" \/><\/a>BELLUNO <\/strong>\u00ab<em>La rapidit\u00e0 con cui \u00e8 stato formato il nuovo Governo ci fa ben sperare. Ora servono stabilit\u00e0 e concretezza, per dare respiro al mondo delle imprese e intervenire sui problemi pi\u00f9 impellenti come il caro-bollette. Ma senza dimenticare le questioni della montagna, che per il nostro territorio sono vitali e basilari<\/em>\u00bb. Cos\u00ec la presidente di Confartigianato Belluno, Claudia Scarzanella, all\u2019indomani della formazione del nuovo Esecutivo. \u00ab<em>Il tema energetico dovr\u00e0 essere la prima delle priorit\u00e0 del presidente del Consiglio e della sua squadra di governo. Nessun italiano &#8211; famiglie e imprese &#8211; pu\u00f2 reggere a lungo i rincari che stiamo subendo, frutto di speculazioni che vanno fermate combinando misure statali e concertazioni politiche europee. Una priorit\u00e0 che diventa assoluta in un territorio di montagna come il nostro, dove l\u2019inverno comincia prima e finisce dopo, costringendo famiglie e imprese a costi superiori rispetto ad altre aree del Paese\u00bb sottolinea il direttore di Confartigianato Belluno, Michele Basso. \u00ab\u00c8 per questo che serve un\u2019attenzione particolare alla montagna. Attenzione che ci auguriamo possa arrivare dalle nomine di viceministri e sottosegretari, ma anche dalla formazione della prossima agenda politica<\/em>\u00bb.<\/p>\n<p>&nbsp;<\/p>\n<hr \/>\n<p>&nbsp;<\/p>\n<blockquote>\n<h3>IERI GLI EX EMIGRANTI AGORDINI DAVANTI AL MONUMENTO, IL TESTAMENTO DI LUCIA<\/h3>\n<\/blockquote>\n<p><img decoding=\"async\" class=\"alignleft\" src=\"https:\/\/www.radiopiu.net\/wordpress\/wp-content\/uploads\/2022\/10\/Senza-nome-63.jpg\" \/><strong>CENCENIGHE<\/strong> Ieri la festa della famiglia ex Emigranti Agordina, come da tradizione annuale, fino a quando il covid non aveva costretto a rinviare l&#8217;appuntamento di due anni. La messa \u00e8 stata celebrata da don Luigi Canale, la cerimonia nel giardino\u00a0 difronte al municipio del Nof Fil\u00f2 con la posa di una corona al monumento che ricorda gli emigranti agordini. I saluti: del sindaco\u00a0 Mauro Soppelsa anche a nome del presidente dell&#8217;Unione Montana Paolo Frena. La ventennale presidente della famiglia agordina Lucia De Toffol Macutan ha rassegnato le dimissioni lasciando in eredit\u00e0 dal 2017 il monumento a ricordo degli emigranti. Lei, emigrante con il marito Gianni per molto anni, cos\u00ec come il padre lavoratore in Svizzera e America. Nel nuovo direttivo: Ivan Bressan, Silvio De Pra, Danilo De Zaiacomo, Fortunata Levrini, Luca Luchetta, Valter Ongaro, Antonella Schena, Daniele Scola e Loris Soppelsa. In seguito sar\u00e0 nominato il\u00a0 nuovo presidente. La giornata \u00e8 stata scandita dalla note della\u00a0 banda da Fodom di Livinallongo.<\/p>\n<p>&nbsp;<\/p>\n<p>&nbsp;<\/p>\n<p>&nbsp;<\/p>\n<p>&nbsp;<\/p>\n<hr \/>\n<p>&nbsp;<\/p>\n<blockquote>\n<h3>\u00a0I FUOCHI PER L&#8217;AUTONOMIA<\/h3>\n<\/blockquote>\n<p><strong>BELLUNO <\/strong>A quasi 10 anni dalla manifestazione \u201cSalviamo la Provincia di Belluno\u201d e a 5 anni esatti dal referendum per l&#8217;autonomia provinciale e regionale, continua ad ardere la fiamma autonomista nel Bellunese: accesi in serata infatti i Fuochi per l&#8217;autonomia, organizzati come da tradizione dal movimento Belluno Autonoma Regione Dolomiti. In serata sono stati accesi i tradizionali fuochi di Belluno, sulle rive del Piave a Lambioi, e di Feltre, a San Vittore, mentre altre iniziative spontanee sono state registrate in tutti gli angoli della provincia; in occasione del quinto anniversario del referendum, inoltre, Bona ha partecipato ad un&#8217;assemblea pubblica a Schio, nel Vicentino, dove sono intervenuti \u2013 tra gli altri \u2013 anche l&#8217;assessore del Comune di Belluno Franco Roccon e la presidente di Veneto per le Autonomie, partito supportato dal movimento BARD in occasione delle regionali 2020, Simonetta Rubinato.<\/p>\n\n\t\t\t<style type='text\/css'>\n\t\t\t\t#gallery-5 {\n\t\t\t\t\tmargin: auto;\n\t\t\t\t}\n\t\t\t\t#gallery-5 .gallery-item {\n\t\t\t\t\tfloat: left;\n\t\t\t\t\tmargin-top: 10px;\n\t\t\t\t\ttext-align: center;\n\t\t\t\t\twidth: 20%;\n\t\t\t\t}\n\t\t\t\t#gallery-5 img {\n\t\t\t\t\tborder: 2px solid #cfcfcf;\n\t\t\t\t}\n\t\t\t\t#gallery-5 .gallery-caption {\n\t\t\t\t\tmargin-left: 0;\n\t\t\t\t}\n\t\t\t\t\/* see gallery_shortcode() in wp-includes\/media.php *\/\n\t\t\t<\/style>\n\t\t<div id='gallery-5' class='dt-gallery-container gallery galleryid-302682 gallery-columns-5 gallery-size-thumbnail'><dl class='gallery-item'>\n\t\t\t\t<dt class='gallery-icon landscape'>\n\t\t\t\t\t<a class=\"rollover rollover-zoom dt-pswp-item\" title=\"Foto 22-10-22, 20 39 31 (1)\" data-dt-img-description=\"\" data-large_image_width=\"1024\" data-large_image_height=\"768\"href='https:\/\/www.radiopiu.net\/wordpress\/wp-content\/uploads\/2022\/10\/Foto-22-10-22-20-39-31-1.jpg'><img loading=\"lazy\" decoding=\"async\" width=\"150\" height=\"150\" src=\"https:\/\/www.radiopiu.net\/wordpress\/wp-content\/uploads\/2022\/10\/Foto-22-10-22-20-39-31-1-150x150.jpg\" class=\"attachment-thumbnail size-thumbnail\" alt=\"\" \/><\/a>\n\t\t\t\t<\/dt><\/dl><dl class='gallery-item'>\n\t\t\t\t<dt class='gallery-icon landscape'>\n\t\t\t\t\t<a class=\"rollover rollover-zoom dt-pswp-item\" title=\"Foto 22-10-22, 20 39 31 (4)\" data-dt-img-description=\"\" data-large_image_width=\"1024\" data-large_image_height=\"768\"href='https:\/\/www.radiopiu.net\/wordpress\/wp-content\/uploads\/2022\/10\/Foto-22-10-22-20-39-31-4.jpg'><img loading=\"lazy\" decoding=\"async\" width=\"150\" height=\"150\" src=\"https:\/\/www.radiopiu.net\/wordpress\/wp-content\/uploads\/2022\/10\/Foto-22-10-22-20-39-31-4-150x150.jpg\" class=\"attachment-thumbnail size-thumbnail\" alt=\"\" \/><\/a>\n\t\t\t\t<\/dt><\/dl><dl class='gallery-item'>\n\t\t\t\t<dt class='gallery-icon landscape'>\n\t\t\t\t\t<a class=\"rollover rollover-zoom dt-pswp-item\" title=\"Foto 22-10-22, 20 41 08\" data-dt-img-description=\"\" data-large_image_width=\"1024\" data-large_image_height=\"768\"href='https:\/\/www.radiopiu.net\/wordpress\/wp-content\/uploads\/2022\/10\/Foto-22-10-22-20-41-08.jpg'><img loading=\"lazy\" decoding=\"async\" width=\"150\" height=\"150\" src=\"https:\/\/www.radiopiu.net\/wordpress\/wp-content\/uploads\/2022\/10\/Foto-22-10-22-20-41-08-150x150.jpg\" class=\"attachment-thumbnail size-thumbnail\" alt=\"\" \/><\/a>\n\t\t\t\t<\/dt><\/dl><dl class='gallery-item'>\n\t\t\t\t<dt class='gallery-icon landscape'>\n\t\t\t\t\t<a class=\"rollover rollover-zoom dt-pswp-item\" title=\"San Vittore - Feltre 1\" data-dt-img-description=\"\" data-large_image_width=\"1600\" data-large_image_height=\"739\"href='https:\/\/www.radiopiu.net\/wordpress\/wp-content\/uploads\/2022\/10\/San-Vittore-Feltre-1.jpg'><img loading=\"lazy\" decoding=\"async\" width=\"150\" height=\"150\" src=\"https:\/\/www.radiopiu.net\/wordpress\/wp-content\/uploads\/2022\/10\/San-Vittore-Feltre-1-150x150.jpg\" class=\"attachment-thumbnail size-thumbnail\" alt=\"\" \/><\/a>\n\t\t\t\t<\/dt><\/dl><dl class='gallery-item'>\n\t\t\t\t<dt class='gallery-icon portrait'>\n\t\t\t\t\t<a class=\"rollover rollover-zoom dt-pswp-item\" title=\"San Vittore - Feltre 2jpg\" data-dt-img-description=\"\" data-large_image_width=\"739\" data-large_image_height=\"1600\"href='https:\/\/www.radiopiu.net\/wordpress\/wp-content\/uploads\/2022\/10\/San-Vittore-Feltre-2jpg.jpg'><img loading=\"lazy\" decoding=\"async\" width=\"150\" height=\"150\" src=\"https:\/\/www.radiopiu.net\/wordpress\/wp-content\/uploads\/2022\/10\/San-Vittore-Feltre-2jpg-150x150.jpg\" class=\"attachment-thumbnail size-thumbnail\" alt=\"\" \/><\/a>\n\t\t\t\t<\/dt><\/dl><br style=\"clear: both\" \/>\n\t\t\t<\/div>\n\n<p>&nbsp;<\/p>\n<hr \/>\n<p>&nbsp;<\/p>\n<blockquote>\n<h3>CITTADELLA DEI SERVIZI, PRESENTATO IL PROGETTO<\/h3>\n<\/blockquote>\n<p><strong><a class=\"dt-pswp-item\" href=\"https:\/\/www.radiopiu.net\/wordpress\/wp-content\/uploads\/2022\/10\/Progetto.jpg\" data-dt-img-description=\"\" data-large_image_width=\"1171\" data-large_image_height=\"890\"><img loading=\"lazy\" decoding=\"async\" class=\" wp-image-302740 alignleft\" src=\"https:\/\/www.radiopiu.net\/wordpress\/wp-content\/uploads\/2022\/10\/Progetto-300x228.jpg\" alt=\"\" width=\"176\" height=\"134\" srcset=\"https:\/\/www.radiopiu.net\/wordpress\/wp-content\/uploads\/2022\/10\/Progetto-300x228.jpg 300w, https:\/\/www.radiopiu.net\/wordpress\/wp-content\/uploads\/2022\/10\/Progetto-1024x778.jpg 1024w, https:\/\/www.radiopiu.net\/wordpress\/wp-content\/uploads\/2022\/10\/Progetto-768x584.jpg 768w, https:\/\/www.radiopiu.net\/wordpress\/wp-content\/uploads\/2022\/10\/Progetto.jpg 1171w\" sizes=\"auto, (max-width: 176px) 100vw, 176px\" \/><\/a>PONTE NELLE ALPI <\/strong><span style=\"font-family: 'Helvetica',sans-serif; color: black;\">Il centro storico di Ponte nelle Alpi cambia volto: \u00e8 stato presentato nella sala \u201cCasa Rossa\u201d il progetto di riqualificazione della \u201cCittadella dei Servizi &#8211; Casa del Sole\u201d di Ponte nelle Alpi. Un intervento finanziato dalla Provincia di Belluno, proprietaria degli spazi, e demandato al Comune.<span class=\"gmail-apple-converted-space\">\u00a0<\/span><\/span><span style=\"font-family: 'Helvetica',sans-serif; color: black;\">Il percorso \u00e8 stato condiviso dallo studio Made di Treviso con la Fondazione della casa di riposo, le associazioni \u201cBelluno Donna\u201d e Aism (Associazione italiana sclerosi multipla).<span class=\"gmail-apple-converted-space\">\u00a0<\/span><\/span><span style=\"font-family: 'Helvetica',sans-serif; color: black;\">Dal 2023 inizier\u00e0 un progetto di inserimento di persone con disabilit\u00e0 al primo piano della struttura e il percorso di riqualificazione sar\u00e0 a step: dall\u2019edilizia popolare negli edifici che danno su via dei Zattieri, al miglioramento della sicurezza e viabilit\u00e0 con un percorso di marciapiedi che, da viale Roma, andranno all\u2019interno della struttura. Senza considerare la fruibilit\u00e0 degli spazi interni con una piazza pubblica arricchita da negozi e attivit\u00e0 commerciali, oltre al parcheggio con 50 posti vicino agli orti sociali, a servizio dei residenti e degli utenti al commercio.<span class=\"gmail-apple-converted-space\">\u00a0<\/span><\/span><span style=\"font-family: 'Helvetica',sans-serif; color: black;\">Durante la serata di presentazione, sono intervenuti il sindaco di Ponte nelle Alpi, Paolo Vendramini, l\u2019architetto Alessandro Lazzari per gli uffici comunali e i professionisti dello studio Made.<span class=\"gmail-apple-converted-space\">\u00a0<\/span><\/span><\/p>\n<p>&nbsp;<\/p>\n<p>&nbsp;<\/p>\n<hr \/>\n<p>&nbsp;<\/p>\n<blockquote>\n<h3>LA SCUOLA PRIMARIA DI TAIBON CORRE IN AIUTO ALLA POPOLAZIONE ALLUVIONATA DELLE MARCHE<\/h3>\n<\/blockquote>\n<p><strong><a class=\"dt-pswp-item\" href=\"https:\/\/www.radiopiu.net\/wordpress\/wp-content\/uploads\/2022\/10\/foto-scuola-taibon.jpg\" data-dt-img-description=\"\" data-large_image_width=\"1600\" data-large_image_height=\"1200\"><img loading=\"lazy\" decoding=\"async\" class=\" wp-image-302752 alignleft\" src=\"https:\/\/www.radiopiu.net\/wordpress\/wp-content\/uploads\/2022\/10\/foto-scuola-taibon-300x225.jpg\" alt=\"\" width=\"179\" height=\"134\" srcset=\"https:\/\/www.radiopiu.net\/wordpress\/wp-content\/uploads\/2022\/10\/foto-scuola-taibon-300x225.jpg 300w, https:\/\/www.radiopiu.net\/wordpress\/wp-content\/uploads\/2022\/10\/foto-scuola-taibon-1024x768.jpg 1024w, https:\/\/www.radiopiu.net\/wordpress\/wp-content\/uploads\/2022\/10\/foto-scuola-taibon-768x576.jpg 768w, https:\/\/www.radiopiu.net\/wordpress\/wp-content\/uploads\/2022\/10\/foto-scuola-taibon.jpg 1600w\" sizes=\"auto, (max-width: 179px) 100vw, 179px\" \/><\/a>TAIBON <\/strong>La scuola Primaria \u201cPio Soccol\u201d di Taibon Agordino e la solidariet\u00e0. I bambini, i genitori e gli insegnanti della Scuola Primaria di Taibon si sono dimostrati, come gi\u00e0 in altre occasioni, molto attenti, sensibili e partecipi con gesti concreti nei confronti di chi si trova in situazioni difficili. Dopo aver visto gli effetti devastanti dell\u2019alluvione che ha colpito la Regione Marche il 15 e il 16 settembre \u00e8 subito partita una raccolta di materiale scolastico, per aiutare chi lo aveva perso. In un mese sono stati portati a scuola quaderni, penne, colori e altro materiale utile in classe. Si sono riempiti ben tre scatoloni e il tutto verr\u00e0 spedito, grazie all\u2019intervento di Alpini e Protezione Civile, all\u2019Istituto Comprensivo di Ostra, in Provincia di Ancona. Dopo questo primo rapporto con tali Scuole \u00e8 desiderio di alunni e Insegnanti mantenere, anche in futuro, un contatto epistolare con i bambini delle Scuole aiutate. A tutti i protagonisti di questa bella e importante iniziativa, mentre va il caloroso grazie da parte di tutti, si vuol\u00a0 ricordare l\u2019Evangelista San Luca (18 ottobre) che riporta le parole di Ges\u00f9 : \u201c<em>Date e vi sar\u00e0 dato<\/em>\u201d.<\/p>\n<p>&nbsp;<\/p>\n<hr \/>\n<p>&nbsp;<\/p>\n<p><strong>ILARIA E FRANCESCA, LE PELLEGRIN DEL COL DI FOGLIA IN SALA DON TAMIS, DIRETTA RADIOPIU, IL 4 NOVEMBRE APPUNTAMENTO A BELLUNO-CAVARZANO NELLA SALA PARROCCHIALE. UNA SERATA PER L&#8217;ADOS (DONNE OPERATE AL SENO)<\/strong><\/p>\n<p><a href=\"https:\/\/www.facebook.com\/Mirkomezziano\/videos\/1189248415274475\">https:\/\/www.facebook.com\/Mirkomezziano\/videos\/1189248415274475<\/a><\/p>\n<p>&nbsp;<\/p>\n<hr \/>\n<p>&nbsp;<\/p>\n\n\t\t\t<style type='text\/css'>\n\t\t\t\t#gallery-6 {\n\t\t\t\t\tmargin: auto;\n\t\t\t\t}\n\t\t\t\t#gallery-6 .gallery-item {\n\t\t\t\t\tfloat: left;\n\t\t\t\t\tmargin-top: 10px;\n\t\t\t\t\ttext-align: center;\n\t\t\t\t\twidth: 100%;\n\t\t\t\t}\n\t\t\t\t#gallery-6 img {\n\t\t\t\t\tborder: 2px solid #cfcfcf;\n\t\t\t\t}\n\t\t\t\t#gallery-6 .gallery-caption {\n\t\t\t\t\tmargin-left: 0;\n\t\t\t\t}\n\t\t\t\t\/* see gallery_shortcode() in wp-includes\/media.php *\/\n\t\t\t<\/style>\n\t\t<div id='gallery-6' class='dt-gallery-container gallery galleryid-302682 gallery-columns-1 gallery-size-large'><dl class='gallery-item'>\n\t\t\t\t<dt class='gallery-icon landscape'>\n\t\t\t\t\t<a class=\"rollover rollover-zoom dt-pswp-item\" title=\"Schermata 2022-10-23 alle 18.17.31\" data-dt-img-description=\"\" data-large_image_width=\"1812\" data-large_image_height=\"956\"href='https:\/\/www.radiopiu.net\/wordpress\/wp-content\/uploads\/2022\/10\/Schermata-2022-10-23-alle-18.17.31.png'><img loading=\"lazy\" decoding=\"async\" width=\"1024\" height=\"540\" src=\"https:\/\/www.radiopiu.net\/wordpress\/wp-content\/uploads\/2022\/10\/Schermata-2022-10-23-alle-18.17.31-1024x540.png\" class=\"attachment-large size-large\" alt=\"\" aria-describedby=\"gallery-6-302835\" srcset=\"https:\/\/www.radiopiu.net\/wordpress\/wp-content\/uploads\/2022\/10\/Schermata-2022-10-23-alle-18.17.31-1024x540.png 1024w, https:\/\/www.radiopiu.net\/wordpress\/wp-content\/uploads\/2022\/10\/Schermata-2022-10-23-alle-18.17.31-300x158.png 300w, https:\/\/www.radiopiu.net\/wordpress\/wp-content\/uploads\/2022\/10\/Schermata-2022-10-23-alle-18.17.31-768x405.png 768w, https:\/\/www.radiopiu.net\/wordpress\/wp-content\/uploads\/2022\/10\/Schermata-2022-10-23-alle-18.17.31-1536x810.png 1536w, https:\/\/www.radiopiu.net\/wordpress\/wp-content\/uploads\/2022\/10\/Schermata-2022-10-23-alle-18.17.31.png 1812w\" sizes=\"auto, (max-width: 1024px) 100vw, 1024px\" \/><\/a>\n\t\t\t\t<\/dt>\n\t\t\t\t\t<dd class='wp-caption-text gallery-caption' id='gallery-6-302835'>\n\t\t\t\t\tFONTE: sole24ore.com\n\t\t\t\t\t<\/dd><\/dl><br style=\"clear: both\" \/>\n\t\t\t<\/div>\n\n<p>&nbsp;<\/p>\n<blockquote class=\"wp-embedded-content\" data-secret=\"TVUXjPywg8\"><p><a href=\"https:\/\/www.radiopiu.net\/wordpress\/aziendazeroottobre23\/\">OTTO DECESSI E 3238 NUOVI POSITIVI NELLE ULTIME 24 ORE. LEGGERO CALO DEI RICOVERI<\/a><\/p><\/blockquote>\n<p><iframe loading=\"lazy\" class=\"wp-embedded-content\" sandbox=\"allow-scripts\" security=\"restricted\" style=\"position: absolute; clip: rect(1px, 1px, 1px, 1px);\" title=\"&#8220;OTTO DECESSI E 3238 NUOVI POSITIVI NELLE ULTIME 24 ORE. LEGGERO CALO DEI RICOVERI&#8221; &#8212; Radio Pi\u00f9\" src=\"https:\/\/www.radiopiu.net\/wordpress\/aziendazeroottobre23\/embed\/#?secret=LdWH4lXTXH#?secret=TVUXjPywg8\" data-secret=\"TVUXjPywg8\" width=\"600\" height=\"338\" frameborder=\"0\" marginwidth=\"0\" marginheight=\"0\" scrolling=\"no\"><\/iframe><\/p>\n<p>&nbsp;<\/p>\n<h2>I GRAFICI DI TIZIANO DE COL<\/h2>\n\n\t\t\t<style type='text\/css'>\n\t\t\t\t#gallery-7 {\n\t\t\t\t\tmargin: auto;\n\t\t\t\t}\n\t\t\t\t#gallery-7 .gallery-item {\n\t\t\t\t\tfloat: left;\n\t\t\t\t\tmargin-top: 10px;\n\t\t\t\t\ttext-align: center;\n\t\t\t\t\twidth: 33%;\n\t\t\t\t}\n\t\t\t\t#gallery-7 img {\n\t\t\t\t\tborder: 2px solid #cfcfcf;\n\t\t\t\t}\n\t\t\t\t#gallery-7 .gallery-caption {\n\t\t\t\t\tmargin-left: 0;\n\t\t\t\t}\n\t\t\t\t\/* see gallery_shortcode() in wp-includes\/media.php *\/\n\t\t\t<\/style>\n\t\t<div id='gallery-7' class='dt-gallery-container gallery galleryid-302682 gallery-columns-3 gallery-size-thumbnail'><dl class='gallery-item'>\n\t\t\t\t<dt class='gallery-icon landscape'>\n\t\t\t\t\t<a class=\"rollover rollover-zoom dt-pswp-item\" title=\"8aa63b61-fe53-4382-9a98-5b9b3d812976\" data-dt-img-description=\"\" data-large_image_width=\"608\" data-large_image_height=\"371\"href='https:\/\/www.radiopiu.net\/wordpress\/wp-content\/uploads\/2022\/10\/8aa63b61-fe53-4382-9a98-5b9b3d812976.jpg'><img loading=\"lazy\" decoding=\"async\" width=\"150\" height=\"150\" src=\"https:\/\/www.radiopiu.net\/wordpress\/wp-content\/uploads\/2022\/10\/8aa63b61-fe53-4382-9a98-5b9b3d812976-150x150.jpg\" class=\"attachment-thumbnail size-thumbnail\" alt=\"\" \/><\/a>\n\t\t\t\t<\/dt><\/dl><dl class='gallery-item'>\n\t\t\t\t<dt class='gallery-icon landscape'>\n\t\t\t\t\t<a class=\"rollover rollover-zoom dt-pswp-item\" title=\"8ddab93a-6c01-4a19-af01-c72bce02baf1\" data-dt-img-description=\"\" data-large_image_width=\"608\" data-large_image_height=\"359\"href='https:\/\/www.radiopiu.net\/wordpress\/wp-content\/uploads\/2022\/10\/8ddab93a-6c01-4a19-af01-c72bce02baf1.jpg'><img loading=\"lazy\" decoding=\"async\" width=\"150\" height=\"150\" src=\"https:\/\/www.radiopiu.net\/wordpress\/wp-content\/uploads\/2022\/10\/8ddab93a-6c01-4a19-af01-c72bce02baf1-150x150.jpg\" class=\"attachment-thumbnail size-thumbnail\" alt=\"\" \/><\/a>\n\t\t\t\t<\/dt><\/dl><dl class='gallery-item'>\n\t\t\t\t<dt class='gallery-icon landscape'>\n\t\t\t\t\t<a class=\"rollover rollover-zoom dt-pswp-item\" title=\"8295bac0-05cb-4405-b28d-e29e815d094b\" data-dt-img-description=\"\" data-large_image_width=\"618\" data-large_image_height=\"366\"href='https:\/\/www.radiopiu.net\/wordpress\/wp-content\/uploads\/2022\/10\/8295bac0-05cb-4405-b28d-e29e815d094b.jpg'><img loading=\"lazy\" decoding=\"async\" width=\"150\" height=\"150\" src=\"https:\/\/www.radiopiu.net\/wordpress\/wp-content\/uploads\/2022\/10\/8295bac0-05cb-4405-b28d-e29e815d094b-150x150.jpg\" class=\"attachment-thumbnail size-thumbnail\" alt=\"\" \/><\/a>\n\t\t\t\t<\/dt><\/dl><br style=\"clear: both\" \/><dl class='gallery-item'>\n\t\t\t\t<dt class='gallery-icon landscape'>\n\t\t\t\t\t<a class=\"rollover rollover-zoom dt-pswp-item\" title=\"7317d13c-28cc-42ac-812f-a4f9c0ee30d4\" data-dt-img-description=\"\" data-large_image_width=\"616\" data-large_image_height=\"371\"href='https:\/\/www.radiopiu.net\/wordpress\/wp-content\/uploads\/2022\/10\/7317d13c-28cc-42ac-812f-a4f9c0ee30d4.jpg'><img loading=\"lazy\" decoding=\"async\" width=\"150\" height=\"150\" src=\"https:\/\/www.radiopiu.net\/wordpress\/wp-content\/uploads\/2022\/10\/7317d13c-28cc-42ac-812f-a4f9c0ee30d4-150x150.jpg\" class=\"attachment-thumbnail size-thumbnail\" alt=\"\" \/><\/a>\n\t\t\t\t<\/dt><\/dl><dl class='gallery-item'>\n\t\t\t\t<dt class='gallery-icon landscape'>\n\t\t\t\t\t<a class=\"rollover rollover-zoom dt-pswp-item\" title=\"d5be4f73-1b72-48bb-a7d4-7051286bb3f1\" data-dt-img-description=\"\" data-large_image_width=\"618\" data-large_image_height=\"365\"href='https:\/\/www.radiopiu.net\/wordpress\/wp-content\/uploads\/2022\/10\/d5be4f73-1b72-48bb-a7d4-7051286bb3f1.jpg'><img loading=\"lazy\" decoding=\"async\" width=\"150\" height=\"150\" src=\"https:\/\/www.radiopiu.net\/wordpress\/wp-content\/uploads\/2022\/10\/d5be4f73-1b72-48bb-a7d4-7051286bb3f1-150x150.jpg\" class=\"attachment-thumbnail size-thumbnail\" alt=\"\" \/><\/a>\n\t\t\t\t<\/dt><\/dl><dl class='gallery-item'>\n\t\t\t\t<dt class='gallery-icon landscape'>\n\t\t\t\t\t<a class=\"rollover rollover-zoom dt-pswp-item\" title=\"aca8ad33-19b0-467e-ab39-8d45ae162b37\" data-dt-img-description=\"\" data-large_image_width=\"610\" data-large_image_height=\"365\"href='https:\/\/www.radiopiu.net\/wordpress\/wp-content\/uploads\/2022\/10\/aca8ad33-19b0-467e-ab39-8d45ae162b37.jpg'><img loading=\"lazy\" decoding=\"async\" width=\"150\" height=\"150\" src=\"https:\/\/www.radiopiu.net\/wordpress\/wp-content\/uploads\/2022\/10\/aca8ad33-19b0-467e-ab39-8d45ae162b37-150x150.jpg\" class=\"attachment-thumbnail size-thumbnail\" alt=\"\" \/><\/a>\n\t\t\t\t<\/dt><\/dl><br style=\"clear: both\" \/>\n\t\t\t<\/div>\n\n<p>&nbsp;<\/p>\n<hr \/>\n<p>&nbsp;<\/p>\n<blockquote>\n<h3>PRENOTABILE LA TERZA DOSE BOOSTER DI VACCINO ANTI COVID<\/h3>\n<\/blockquote>\n<p><strong><a class=\"dt-pswp-item\" href=\"https:\/\/www.radiopiu.net\/wordpress\/wp-content\/uploads\/2021\/04\/Vaccino_anti_Covid.jpg\" data-dt-img-description=\"\" data-large_image_width=\"943\" data-large_image_height=\"526\"><img loading=\"lazy\" decoding=\"async\" class=\" wp-image-200891 alignleft\" src=\"https:\/\/www.radiopiu.net\/wordpress\/wp-content\/uploads\/2021\/04\/Vaccino_anti_Covid-300x167.jpg\" alt=\"\" width=\"154\" height=\"86\" srcset=\"https:\/\/www.radiopiu.net\/wordpress\/wp-content\/uploads\/2021\/04\/Vaccino_anti_Covid-300x167.jpg 300w, https:\/\/www.radiopiu.net\/wordpress\/wp-content\/uploads\/2021\/04\/Vaccino_anti_Covid-768x428.jpg 768w, https:\/\/www.radiopiu.net\/wordpress\/wp-content\/uploads\/2021\/04\/Vaccino_anti_Covid.jpg 943w\" sizes=\"auto, (max-width: 154px) 100vw, 154px\" \/><\/a>BELLUNO <\/strong>L\u2019Ulss Dolomiti ha attivato la prenotabilit\u00e0 del terzo booster (quinta dose) di vaccino anti Covid, in adesione alle indicazioni nazionali e regionali. La quinta dose di vaccino anti Covid \u00e8 raccomandata per tutte le persone over 80 e disponibile per gli over 60 (raccomandata per gli over 60 fragili). Possono eseguire la quinta dose di vaccino anti Covid coloro che hanno ricevuto la quarta dose da almeno 120 giorni. Per prenotare la vaccinazione anti Covid, i cittadini devono accedere al portale <a href=\"https:\/\/vaccinicovid.regione.veneto.it\/ulss1\">https:\/\/vaccinicovid.regione.veneto.it\/ulss1 <\/a>Le sedi vaccinali attualmente dedicate a questa attivit\u00e0 sono le seguenti: CVP Salce, CVP Feltre Centro Prelievi, ambulatorio vaccinale Agordo, Drive in Tai di Cadore e ambulatorio vaccinale Pieve di Cadore.<\/p>\n<p>&nbsp;<\/p>\n<p>&nbsp;<\/p>\n<hr \/>\n<p>&nbsp;<\/p>\n<blockquote>\n<h3>MALATTIE INFIAMMATORIE CRONICHE INTESTINALI: RIUSCITA LA SERATA CON AMICI<\/h3>\n<\/blockquote>\n<p><strong>BELLUNO <\/strong>Partecipata e apprezzata la serata organizzata ieri sera a Mel dall\u2019associazione Amici in collaborazione con l\u2019ulss Dolomiti e il Comune di Borgo Valbelluna. Nella splendida cornice dell\u2019ex Chiesa di S. Pietro, 150 persone si sono ritrovate in un contesto informale per parlare di malattie infiammatorie croniche intestinale con il primario Andrea Buda, il personale medico e infermieristico della UOC Gastroenterologia e UOSD Malattie Infiammatorie Gastrointestinali dell\u2019Ospedale di Feltre, grazie anche al supporto dell\u2019Associazione \u201cArianna, il filo della solidariet\u00e0\u201d da sempre impegnata a promuovere la ricerca e la qualit\u00e0 delle cure in gastroenterologia. Si \u00e8 parlato di temi di attualit\u00e0 come le vaccinazioni e il microbiota, alternando aspetti scientifici a domande di vita quotidiana a spazi di musica e poesia, in clima di serenit\u00e0 che ha aiutato i pazienti confrontarsi, favorendo la condivisione della malattia. La serata \u00e8 stata impreziosita dalla musica del sassofonista Andrea Poltronieri e dalla lettura di poesie da parte dell\u2019attrice Roberta Marrelli. Particolarmente gradito il saluto del presidente della provincia Roberto Padrin e la partecipazione attiva del sindaco di Borgo Valbelluna Stefano Cesa. La serata \u00e8 poi proseguita con un momento conviviale che ha saldato i rapporti tra istituzioni, associazioni dei pazienti e personale sanitario, tutti insieme per migliorare il benessere delle persone, oltre la cura della malattia.<\/p>\n\n\t\t\t<style type='text\/css'>\n\t\t\t\t#gallery-8 {\n\t\t\t\t\tmargin: auto;\n\t\t\t\t}\n\t\t\t\t#gallery-8 .gallery-item {\n\t\t\t\t\tfloat: left;\n\t\t\t\t\tmargin-top: 10px;\n\t\t\t\t\ttext-align: center;\n\t\t\t\t\twidth: 50%;\n\t\t\t\t}\n\t\t\t\t#gallery-8 img {\n\t\t\t\t\tborder: 2px solid #cfcfcf;\n\t\t\t\t}\n\t\t\t\t#gallery-8 .gallery-caption {\n\t\t\t\t\tmargin-left: 0;\n\t\t\t\t}\n\t\t\t\t\/* see gallery_shortcode() in wp-includes\/media.php *\/\n\t\t\t<\/style>\n\t\t<div id='gallery-8' class='dt-gallery-container gallery galleryid-302682 gallery-columns-2 gallery-size-thumbnail'><dl class='gallery-item'>\n\t\t\t\t<dt class='gallery-icon portrait'>\n\t\t\t\t\t<a class=\"rollover rollover-zoom dt-pswp-item\" title=\"WhatsApp Image 2022-10-22 at 14.22.50\" data-dt-img-description=\"\" data-large_image_width=\"768\" data-large_image_height=\"1024\"href='https:\/\/www.radiopiu.net\/wordpress\/wp-content\/uploads\/2022\/10\/WhatsApp-Image-2022-10-22-at-14.22.50.jpeg'><img loading=\"lazy\" decoding=\"async\" width=\"150\" height=\"150\" src=\"https:\/\/www.radiopiu.net\/wordpress\/wp-content\/uploads\/2022\/10\/WhatsApp-Image-2022-10-22-at-14.22.50-150x150.jpeg\" class=\"attachment-thumbnail size-thumbnail\" alt=\"\" \/><\/a>\n\t\t\t\t<\/dt><\/dl><dl class='gallery-item'>\n\t\t\t\t<dt class='gallery-icon landscape'>\n\t\t\t\t\t<a class=\"rollover rollover-zoom dt-pswp-item\" title=\"WhatsApp Image 2022-10-22 at 14.23.16\" data-dt-img-description=\"\" data-large_image_width=\"1024\" data-large_image_height=\"768\"href='https:\/\/www.radiopiu.net\/wordpress\/wp-content\/uploads\/2022\/10\/WhatsApp-Image-2022-10-22-at-14.23.16.jpeg'><img loading=\"lazy\" decoding=\"async\" width=\"150\" height=\"150\" src=\"https:\/\/www.radiopiu.net\/wordpress\/wp-content\/uploads\/2022\/10\/WhatsApp-Image-2022-10-22-at-14.23.16-150x150.jpeg\" class=\"attachment-thumbnail size-thumbnail\" alt=\"\" \/><\/a>\n\t\t\t\t<\/dt><\/dl><br style=\"clear: both\" \/>\n\t\t\t<\/div>\n\n<p>&nbsp;<\/p>\n<hr \/>\n<p>&nbsp;<\/p>\n<blockquote>\n<h3>CHIUSA LA PRIMA PARTE DI FORMAZIONE PER GLI INSEGNANTI UNPLUGED<\/h3>\n<\/blockquote>\n<p><strong><a class=\"dt-pswp-item\" href=\"https:\/\/www.radiopiu.net\/wordpress\/wp-content\/uploads\/2022\/10\/Foto-corso-Unplugged-Belluno.jpg\" data-dt-img-description=\"\" data-large_image_width=\"2094\" data-large_image_height=\"1317\"><img loading=\"lazy\" decoding=\"async\" class=\" wp-image-302736 alignleft\" src=\"https:\/\/www.radiopiu.net\/wordpress\/wp-content\/uploads\/2022\/10\/Foto-corso-Unplugged-Belluno-300x189.jpg\" alt=\"\" width=\"192\" height=\"121\" srcset=\"https:\/\/www.radiopiu.net\/wordpress\/wp-content\/uploads\/2022\/10\/Foto-corso-Unplugged-Belluno-300x189.jpg 300w, https:\/\/www.radiopiu.net\/wordpress\/wp-content\/uploads\/2022\/10\/Foto-corso-Unplugged-Belluno-1024x644.jpg 1024w, https:\/\/www.radiopiu.net\/wordpress\/wp-content\/uploads\/2022\/10\/Foto-corso-Unplugged-Belluno-768x483.jpg 768w, https:\/\/www.radiopiu.net\/wordpress\/wp-content\/uploads\/2022\/10\/Foto-corso-Unplugged-Belluno-1536x966.jpg 1536w, https:\/\/www.radiopiu.net\/wordpress\/wp-content\/uploads\/2022\/10\/Foto-corso-Unplugged-Belluno-2048x1288.jpg 2048w\" sizes=\"auto, (max-width: 192px) 100vw, 192px\" \/><\/a>BELLUNO <\/strong>Si \u00e8 concluso il percorso di formazione per insegnanti di scuola secondaria di 1\u00b0 grado \u201cUnplugged\u201d organizzato dall\u2019Ulss Dolomiti per I docenti della provincia di Belluno. Unplugged \u00e8 un programma europeo di provata efficacia per la prevenzione scolastica dell\u2019uso di sostanze piscoattive e dei comportamenti a rischio, basato sul modello dell\u2019influenza sociale e delle life skills. Tra settembre ed ottobre, in due edizioni (Feltre e Belluno) 21 insegnanti, provenienti da diversi Istituti Comprensivi della provincia, sono stati protagonisti di una formazione di 20 ore tenuta dagli operatori del Dipartimento delle Dipendenze certificati formatori Unplugged. A loro volta gli insegnanti, dotati del manuale previsto dal progetto e dei quaderni di lavoro per gli studenti, applicheranno il programma in classe con gli obiettivi di: favorire negli studenti lo sviluppo ed il consolidamento delle competenze necessarie per affrontare la vita quotidiana; resistere alla pressione dei pari e alle influenze sociali; correggere le conoscenze sulle sostanze e sui loro effetti sulla salute; fornire informazioni scientificamente solide. Il percorso ha suscitato negli insegnanti molto interesse, entusiasmo e approvazione, in un clima di condivisione e fattiva collaborazione essendo stata utilizzata nel corso dei 3 giorni di formazione una metodologia di tipo attivo\/esperienziale. Il gruppo Guadagnare Salute Aziendale Ulss 1 ha adottato il programma Unplugged come pratica efficace e lo stesso verr\u00e0 quindi riproposto come percorso di formazione per altri insegnanti nei prossimi anni scolastici.<\/p>\n<p>&nbsp;<\/p>\n<p>&nbsp;<\/p>\n<hr \/>\n<p>&nbsp;<\/p>\n<blockquote>\n<h3>OSPEDALE DI COMUNIT\u00c0 DI AURONZO: AGGIUDICATI I LAVORI<\/h3>\n<\/blockquote>\n<p><strong><a class=\"dt-pswp-item\" href=\"https:\/\/www.radiopiu.net\/wordpress\/wp-content\/uploads\/2020\/03\/ULSS-1-DOLOMITI-LOGO.jpg\" data-dt-img-description=\"\" data-large_image_width=\"298\" data-large_image_height=\"219\"><img loading=\"lazy\" decoding=\"async\" class=\" wp-image-121256 alignleft\" src=\"https:\/\/www.radiopiu.net\/wordpress\/wp-content\/uploads\/2020\/03\/ULSS-1-DOLOMITI-LOGO.jpg\" alt=\"\" width=\"151\" height=\"111\" \/><\/a>BELLUNO <\/strong>Procede spedito l\u2019iter per la ristrutturazione dell\u2019ospedale di Comunit\u00e0 di Auronzo, finanziato nell\u2019ambito del PNRR Sono stati aggiudicati i lavori di riqualificazione dell\u2019ospedale di comunit\u00e0 di Auronzo all\u2019impresa Edil Costruzioni di Sedico, capofila di una ATI con F.Ind. Solutions S.r.L di Belluno. L\u2019ATI ha vinto l\u2019appalto per un importo totale dell\u2019intervento di 302 mila euro. I lavori prevedono la ristrutturazione del primo piano del complesso di Auronzo dove \u00e8 situato, appunto, l\u2019ospedale di Comunit\u00e0, mettendo al centro del progetto la persona assistita. In particolare \u00e8 previsto l\u2019ammodernamento della parte alberghiera con la creazione di servizi igienici a disposizione di ciascuna stanza di degenza per maggiore confort delle persone assistite, spesso anziane. Anche gli spazi saranno organizzati a misura di paziente. Inoltre saranno adeguati gli impianti tecnologici e saranno rinnovati pavimentazioni e serramenti Il criterio di progettazione seguito si muove nella direzione della sensibilit\u00e0 ambientale, presupposto fondamentale per l\u2019accesso ai fondi di finanziamento del PNRR. Sar\u00e0 curato infatti il miglioramento dell\u2019efficienza energetica dell\u2019immobile e con l\u2019impiego, quanto pi\u00f9 possibile, di materiali rinnovabili di origine sostenibile; sar\u00e0 privilegiato l\u2019uso esteso di materiali riciclabili e un\u2019attenta gestione del ciclo dei rifiuti.<\/p>\n<p>&nbsp;<\/p>\n<p>&nbsp;<\/p>\n<hr \/>\n<p>&nbsp;<\/p>\n<p><span style=\"color: #ff99cc;\"><strong><a class=\"dt-pswp-item\" href=\"https:\/\/www.radiopiu.net\/wordpress\/wp-content\/uploads\/2022\/10\/Senza-nome-49.jpg\" data-dt-img-description=\"\" data-large_image_width=\"158\" data-large_image_height=\"185\"><img loading=\"lazy\" decoding=\"async\" class=\" wp-image-302266 alignleft\" src=\"https:\/\/www.radiopiu.net\/wordpress\/wp-content\/uploads\/2022\/10\/Senza-nome-49.jpg\" alt=\"\" width=\"127\" height=\"149\" \/><\/a>OTTOBRE ROSA CON LA ULSS1 DOLOMITI\u00a0<\/strong><\/span><\/p>\n<p><span style=\"color: #ff99cc;\"><strong>GLI INCONTRI ON LINE IN GMEET SULLA PREVENZIONE E CURA DEI TUMORI AL SENO<\/strong><\/span><\/p>\n<p><span style=\"color: #ff99cc;\"><strong>Mercoledi 26 ottobre alle 18 &#8220;Nuove cure per una migliore qualit\u00e0 di vita&#8221; con Caterina Fontanella (oncologa) e Alessandro Magli (radio terapista). Venerdi 28 ottobre alle 18 &#8220;Ricomincio da me&#8221; con Serena Zatta (make up artist) e Lunedi 31 ottobre alle 18 &#8220;Oltre la malattia con le associazioni&#8221; con Ados Belluno e Feltre<\/strong><\/span><\/p>\n<p><span style=\"color: #ff99cc;\"><strong>\u00a0 \u00a0<\/strong><\/span><\/p>\n<hr \/>\n<p>&nbsp;<\/p>\n<blockquote>\n<h3>OTTOBRE ROSA, LA PREVENZIONE SALVA LA VITA<\/h3>\n<\/blockquote>\n<p><strong><a class=\"dt-pswp-item\" href=\"https:\/\/www.radiopiu.net\/wordpress\/wp-content\/uploads\/2021\/11\/CESTARO-ORIZZONTALE.png\" data-dt-img-description=\"\" data-large_image_width=\"544\" data-large_image_height=\"406\"><img loading=\"lazy\" decoding=\"async\" class=\" wp-image-240773 alignleft\" src=\"https:\/\/www.radiopiu.net\/wordpress\/wp-content\/uploads\/2021\/11\/CESTARO-ORIZZONTALE-300x224.png\" alt=\"\" width=\"175\" height=\"131\" srcset=\"https:\/\/www.radiopiu.net\/wordpress\/wp-content\/uploads\/2021\/11\/CESTARO-ORIZZONTALE-300x224.png 300w, https:\/\/www.radiopiu.net\/wordpress\/wp-content\/uploads\/2021\/11\/CESTARO-ORIZZONTALE.png 544w\" sizes=\"auto, (max-width: 175px) 100vw, 175px\" \/><\/a>BELLUNO<\/strong> \u201cLa prevenzione salva la vita e l\u2019Ottobre Rosa, dedicato alla prevenzione del tumore al seno, ne \u00e8 il simbolo. La Regione Veneto sta facendo molto in questo senso, i Lea aggiuntivi regionali verranno ampliati inserendo lo screening gratuito anche per le giovani donne\u201d. Ad annunciarlo \u00e8 la consigliera regionale della Lega Silvia Cestaro, in occasione del mese dedicato alla prevenzione e all\u2019informazione sulle neoplasie della mammella. Di recente al centro di radioterapia Oncologica di Belluno \u00e8 stato introdotto un innovativo metodo di trattamento del tumore della mammaria, che consente una terapia pi\u00f9 rapida con notevoli vantaggi per la donna. Il nuovo<b><span class=\"gmail-Apple-converted-space\">\u00a0<\/span><\/b>trattamento radioterapico, infatti, permette di concludere il ciclo di cura in<span class=\"gmail-Apple-converted-space\">\u00a0<\/span>una sola settimana<span class=\"gmail-Apple-converted-space\">\u00a0<\/span>e con appena 5 sedute, contro le 15 \u2013 25 tradizionali<b>.<\/b><\/p>\n<p><strong>SILVIA CESTARO, CONSIGLIERE REGIONALE<\/strong><\/p>\n<audio class=\"wp-audio-shortcode\" id=\"audio-302682-1\" preload=\"none\" style=\"width: 100%;\" controls=\"controls\"><source type=\"audio\/mpeg\" src=\"https:\/\/www.radiopiu.net\/wordpress\/wp-content\/uploads\/2022\/10\/Cestaro-su-Ottobre-Rosa.mp3?_=1\" \/><a href=\"https:\/\/www.radiopiu.net\/wordpress\/wp-content\/uploads\/2022\/10\/Cestaro-su-Ottobre-Rosa.mp3\">https:\/\/www.radiopiu.net\/wordpress\/wp-content\/uploads\/2022\/10\/Cestaro-su-Ottobre-Rosa.mp3<\/a><\/audio>\n<p>&nbsp;<\/p>\n<hr \/>\n<p>&nbsp;<\/p>\n<blockquote>\n<h3>VENETO STRADE E COMUNE DI TAMBRE FANNO IL PUNTO SULLA VIABILITA&#8217;<\/h3>\n<\/blockquote>\n<p><strong><a class=\"dt-pswp-item\" href=\"https:\/\/www.radiopiu.net\/wordpress\/wp-content\/uploads\/2021\/04\/lavori-asfalto.jpg\" data-dt-img-description=\"\" data-large_image_width=\"1920\" data-large_image_height=\"1440\"><img loading=\"lazy\" decoding=\"async\" class=\" wp-image-205540 alignleft\" src=\"https:\/\/www.radiopiu.net\/wordpress\/wp-content\/uploads\/2021\/04\/lavori-asfalto-300x225.jpg\" alt=\"\" width=\"156\" height=\"117\" srcset=\"https:\/\/www.radiopiu.net\/wordpress\/wp-content\/uploads\/2021\/04\/lavori-asfalto-300x225.jpg 300w, https:\/\/www.radiopiu.net\/wordpress\/wp-content\/uploads\/2021\/04\/lavori-asfalto-1024x768.jpg 1024w, https:\/\/www.radiopiu.net\/wordpress\/wp-content\/uploads\/2021\/04\/lavori-asfalto-768x576.jpg 768w, https:\/\/www.radiopiu.net\/wordpress\/wp-content\/uploads\/2021\/04\/lavori-asfalto-1536x1152.jpg 1536w, https:\/\/www.radiopiu.net\/wordpress\/wp-content\/uploads\/2021\/04\/lavori-asfalto.jpg 1920w\" sizes=\"auto, (max-width: 156px) 100vw, 156px\" \/><\/a>TAMBRE <\/strong>\u00c8 stata la situazione del Ponte di Maina la priorit\u00e0 evidenziata nell\u2019incontro tra l&#8217;Amministrazione comunale di Tambre e l\u2019Ingegner Michele Artusato, responsabile della Direzione Operativa Belluno di Veneto Strade.\u00a0 \u201c<em>Abbiamo effettuato una disamina a 360 sulla viabilit\u00e0 provinciale che interessa l\u2019intero territorio &#8211; ha commentato il Sindaco, Sara Bona -. Chiaramente il punto pi\u00f9 delicato \u00e8 risultato essere quello in prossimit\u00e0 del Ponte, tra Lavina e Borsoi, dove da tempo \u00e8 atteso il ripristino della viabilit\u00e0 a doppio senso<\/em>\u201d.\u00a0 Il rappresentante di Veneto Strade ha chiarito che entro il mese di novembre verr\u00e0 dato avvio ad un primo intervento di messa in sicurezza del versante che dovrebbe portare alla rimozione del semaforo e al ripristino della viabilit\u00e0 a doppio senso entro i primi mesi del 2023, per un importo di circa 150.000 euro. L&#8217;attenzione sull&#8217;intervento \u00e8 stata richiamata in questi giorni dall&#8217;annuncio del passaggio del Giro d&#8217;Italia anche a Tambre, un passaggio che si vorrebbe potesse attraversare il paese e scendere proprio per la strada provinciale in direzione Borsoi. L\u2019intervento complessivo richiede, tuttavia, un impegno economico molto superiore, una cifra che al momento non \u00e8 possibile reperire, viste anche le continue gravi emergenze che riguardano alcuni tratti nevralgici della viabilit\u00e0 provinciale rispetto ai quali l&#8217;impegno di uomini, mezzi e risorse richiede il massimo sforzo. Un importo di ulteriori 150.000 euro \u00e8 previsto per le asfaltature che riguarderanno sempre la SP422. Considerati i tempi attuali, caratterizzati dall&#8217;aumento dei prezzi, da ritardi nella consegne di mezzi per le manutenzioni, dalla necessit\u00e0 di rimpolpare le squadre operative a cui si \u00e8 fatto fronte con i recenti concorsi, la cifra destinata all\u2019area di Tambre e le tempistiche previste rassicurano rispetto almeno alle situazioni pi\u00f9 urgenti.<\/p>\n<p>&nbsp;<\/p>\n<p>&nbsp;<\/p>\n<hr \/>\n<p>&nbsp;<\/p>\n<h2><span style=\"color: #ff0000;\"><strong><a class=\"dt-pswp-item\" href=\"https:\/\/www.radiopiu.net\/wordpress\/wp-content\/uploads\/2022\/10\/0-1.png\" data-dt-img-description=\"\" data-large_image_width=\"1866\" data-large_image_height=\"1926\"><img loading=\"lazy\" decoding=\"async\" class=\" wp-image-302847 alignleft\" src=\"https:\/\/www.radiopiu.net\/wordpress\/wp-content\/uploads\/2022\/10\/0-1-291x300.png\" alt=\"\" width=\"162\" height=\"167\" srcset=\"https:\/\/www.radiopiu.net\/wordpress\/wp-content\/uploads\/2022\/10\/0-1-291x300.png 291w, https:\/\/www.radiopiu.net\/wordpress\/wp-content\/uploads\/2022\/10\/0-1-992x1024.png 992w, https:\/\/www.radiopiu.net\/wordpress\/wp-content\/uploads\/2022\/10\/0-1-768x793.png 768w, https:\/\/www.radiopiu.net\/wordpress\/wp-content\/uploads\/2022\/10\/0-1-1488x1536.png 1488w, https:\/\/www.radiopiu.net\/wordpress\/wp-content\/uploads\/2022\/10\/0-1.png 1866w\" sizes=\"auto, (max-width: 162px) 100vw, 162px\" \/><\/a>DAL CORRIERE DELLE ALPI<\/strong><\/span><\/h2>\n<h3>GIACOMO GUERRAZZI, DALLA VALBELLUNA ALL&#8217;AGORDINO PER AIUTARE LA POPOLAZIONE CHE LUI AMA<\/h3>\n<p><strong>AGORDO <\/strong>Come ogni lunedi Gianni Santomaso dalle pagine del Corriere delle Alpi racconta una storia, un personaggio, un pezzo di vita dell\u2019Agordino \u201cVivere l\u2019Agordino\u201d una raccolta spaccato di vita agordina con le immancabili vignette di Erica Andrich<\/p>\n<p><strong>di Gianni Santomaso<\/strong><\/p>\n<p>&nbsp;<\/p>\n<p>&nbsp;<\/p>\n<hr \/>\n<p>&nbsp;<\/p>\n<blockquote>\n<h3>UNA FESTA PER LA SQUADRA GIOVANILE DEL TAIBON, VINCITRICE DEL TORNEO AGORDINO GIOVANILE 2022<\/h3>\n<\/blockquote>\n<p><strong>TAIBON<\/strong> Il GS Taibon e l&#8217;amministrazione comunale di Taibon hanno voluto rendere omaggio ai giovani calciatori del paese, coloro che ad inizio agosto scorso hanno vinto il Campionato Agordino di calcio giovanile. In sala San Rocco dell&#8217;ex municipio di Taibon il momento di festa con i ringraziamenti di Antimo Savaris, Presidente del GS Taibon, il sindaco Silvia Tormen e dell&#8217;assessore allo sport Fernando Soccol.<\/p>\n<p>&nbsp;<\/p>\n\n\t\t\t<style type='text\/css'>\n\t\t\t\t#gallery-9 {\n\t\t\t\t\tmargin: auto;\n\t\t\t\t}\n\t\t\t\t#gallery-9 .gallery-item {\n\t\t\t\t\tfloat: left;\n\t\t\t\t\tmargin-top: 10px;\n\t\t\t\t\ttext-align: center;\n\t\t\t\t\twidth: 50%;\n\t\t\t\t}\n\t\t\t\t#gallery-9 img {\n\t\t\t\t\tborder: 2px solid #cfcfcf;\n\t\t\t\t}\n\t\t\t\t#gallery-9 .gallery-caption {\n\t\t\t\t\tmargin-left: 0;\n\t\t\t\t}\n\t\t\t\t\/* see gallery_shortcode() in wp-includes\/media.php *\/\n\t\t\t<\/style>\n\t\t<div id='gallery-9' class='dt-gallery-container gallery galleryid-302682 gallery-columns-2 gallery-size-medium'><dl class='gallery-item'>\n\t\t\t\t<dt class='gallery-icon landscape'>\n\t\t\t\t\t<a class=\"rollover rollover-zoom dt-pswp-item\" title=\"82defa91-d5b7-4285-90a0-58120f94e85a\" data-dt-img-description=\"\" data-large_image_width=\"2048\" data-large_image_height=\"1536\"href='https:\/\/www.radiopiu.net\/wordpress\/wp-content\/uploads\/2022\/10\/82defa91-d5b7-4285-90a0-58120f94e85a.jpg'><img loading=\"lazy\" decoding=\"async\" width=\"300\" height=\"225\" src=\"https:\/\/www.radiopiu.net\/wordpress\/wp-content\/uploads\/2022\/10\/82defa91-d5b7-4285-90a0-58120f94e85a-300x225.jpg\" class=\"attachment-medium size-medium\" alt=\"\" srcset=\"https:\/\/www.radiopiu.net\/wordpress\/wp-content\/uploads\/2022\/10\/82defa91-d5b7-4285-90a0-58120f94e85a-300x225.jpg 300w, https:\/\/www.radiopiu.net\/wordpress\/wp-content\/uploads\/2022\/10\/82defa91-d5b7-4285-90a0-58120f94e85a-1024x768.jpg 1024w, https:\/\/www.radiopiu.net\/wordpress\/wp-content\/uploads\/2022\/10\/82defa91-d5b7-4285-90a0-58120f94e85a-768x576.jpg 768w, https:\/\/www.radiopiu.net\/wordpress\/wp-content\/uploads\/2022\/10\/82defa91-d5b7-4285-90a0-58120f94e85a-1536x1152.jpg 1536w, https:\/\/www.radiopiu.net\/wordpress\/wp-content\/uploads\/2022\/10\/82defa91-d5b7-4285-90a0-58120f94e85a.jpg 2048w\" sizes=\"auto, (max-width: 300px) 100vw, 300px\" \/><\/a>\n\t\t\t\t<\/dt><\/dl><dl class='gallery-item'>\n\t\t\t\t<dt class='gallery-icon landscape'>\n\t\t\t\t\t<a class=\"rollover rollover-zoom dt-pswp-item\" title=\"2a5f4add-966e-43bc-8c54-d4e21d16dafc\" data-dt-img-description=\"\" data-large_image_width=\"2048\" data-large_image_height=\"1536\"href='https:\/\/www.radiopiu.net\/wordpress\/wp-content\/uploads\/2022\/10\/2a5f4add-966e-43bc-8c54-d4e21d16dafc.jpg'><img loading=\"lazy\" decoding=\"async\" width=\"300\" height=\"225\" src=\"https:\/\/www.radiopiu.net\/wordpress\/wp-content\/uploads\/2022\/10\/2a5f4add-966e-43bc-8c54-d4e21d16dafc-300x225.jpg\" class=\"attachment-medium size-medium\" alt=\"\" srcset=\"https:\/\/www.radiopiu.net\/wordpress\/wp-content\/uploads\/2022\/10\/2a5f4add-966e-43bc-8c54-d4e21d16dafc-300x225.jpg 300w, https:\/\/www.radiopiu.net\/wordpress\/wp-content\/uploads\/2022\/10\/2a5f4add-966e-43bc-8c54-d4e21d16dafc-1024x768.jpg 1024w, https:\/\/www.radiopiu.net\/wordpress\/wp-content\/uploads\/2022\/10\/2a5f4add-966e-43bc-8c54-d4e21d16dafc-768x576.jpg 768w, https:\/\/www.radiopiu.net\/wordpress\/wp-content\/uploads\/2022\/10\/2a5f4add-966e-43bc-8c54-d4e21d16dafc-1536x1152.jpg 1536w, https:\/\/www.radiopiu.net\/wordpress\/wp-content\/uploads\/2022\/10\/2a5f4add-966e-43bc-8c54-d4e21d16dafc.jpg 2048w\" sizes=\"auto, (max-width: 300px) 100vw, 300px\" \/><\/a>\n\t\t\t\t<\/dt><\/dl><br style=\"clear: both\" \/>\n\t\t\t<\/div>\n\n<p>&nbsp;<\/p>\n<p><strong>LA DIRETTA RADIO PIU&#8217;<\/strong><\/p>\n<p>https:\/\/www.facebook.com\/marco.baghy.1\/videos\/496112059112216\/<\/p>\n<p>&nbsp;<\/p>\n<hr \/>\n<p>&nbsp;<\/p>\n<blockquote>\n<h3 class=\"entry-title\">NEL 2023 VENETO A CRESCITA ZERO<\/h3>\n<\/blockquote>\n<p><strong class=\"photoswipe-wrapper\"><a class=\"dt-pswp-item pspw-wrap-ready\" href=\"https:\/\/www.radiopiu.net\/wordpress\/wp-content\/uploads\/2022\/10\/Schermata-2022-10-22-alle-10.18.32.png\" data-dt-img-description=\"\" data-large_image_width=\"1140\" data-large_image_height=\"1520\"><img loading=\"lazy\" decoding=\"async\" class=\"alignleft size-medium wp-image-302729\" src=\"https:\/\/www.radiopiu.net\/wordpress\/wp-content\/uploads\/2022\/10\/Schermata-2022-10-22-alle-10.18.32-225x300.png\" sizes=\"auto, (max-width: 225px) 100vw, 225px\" srcset=\"https:\/\/www.radiopiu.net\/wordpress\/wp-content\/uploads\/2022\/10\/Schermata-2022-10-22-alle-10.18.32-225x300.png 225w, https:\/\/www.radiopiu.net\/wordpress\/wp-content\/uploads\/2022\/10\/Schermata-2022-10-22-alle-10.18.32-768x1024.png 768w, https:\/\/www.radiopiu.net\/wordpress\/wp-content\/uploads\/2022\/10\/Schermata-2022-10-22-alle-10.18.32.png 1140w\" alt=\"\" width=\"225\" height=\"300\" \/><\/a>Se il 2022 si chiude con un aumento del valore aggiunto regionale del 3,8 per cento, 0,5 punti in pi\u00f9 rispetto alla media nazionale, nel 2023, invece, il Veneto, come buona parte del Paese, scivoler\u00e0 verso la recessione: il tasso di crescita, infatti, \u00e8 previsto dello zero per cento<\/strong>\u00a0(vedi Tab. 1).<\/p>\n<p>A livello provinciale, fa sapere l\u2019Ufficio studi CGIA, la crisi si abbatter\u00e0, in particolar modo, su Treviso e Rovigo. Se nella Marca il valore aggiunto \u00e8 previsto del -0,4 per cento, in Polesine addirittura del -0,9 per cento. Le situazioni meno \u201ccritiche\u201d, invece, si verificheranno a Belluno (+0,3 per cento), Venezia (+0,4 per cento) e Verona (+0,5 per cento). Realt\u00e0, queste ultime, che potranno contare, in particolar modo, sulla tenuta del settore turistico che anche nel 2023 dovrebbe registrare numeri importanti.<\/p>\n<p><strong>Insomma, caro bollette, materie prime alle stelle e inflazione a due cifre freneranno anche l\u2019economia Veneto che, molto probabilmente, potr\u00e0 contare, oltre alle presenze dei vacanzieri, anche sul buon risultato delle costruzioni e dell\u2019export.<\/strong><\/p>\n<p>Sebbene ad oggi in termini di Pil il Veneto abbia recuperato la situazione pre-Covid (+ 0,5 per cento), tre province su sette non l\u2019hanno ancora fatto. Esse sono: Padova (-0,1 per cento), Rovigo (-1,6 per cento) e Belluno (-2,2 per cento).<\/p>\n<p><strong>Entro fine anno il nuovo esecutivo deve trovare 45 miliardi<\/strong><br \/>\nPer salvare i bilanci delle famiglie e delle imprese italiane sar\u00e0 necessario impiegare entro la fine dell\u2019anno almeno 70 miliardi di euro. Di questi, 35 per dimezzare il caro bollette e altrettanti, con la legge di Bilancio 2023, per non far decadere dal prossimo gennaio alcune misure introdotte dal governo uscente. La situazione \u00e8 critica: chi nei prossimi giorni prender\u00e0 la guida del Paese dovr\u00e0 fare l\u2019impossibile per recuperare tutte queste risorse senza ricorrere ad un aumento del deficit, visto che, al massimo, potr\u00e0 beneficiare su un \u201ctesoretto\u201d che, al massimo, potrebbe toccare i 25 miliardi di euro. Se il nuovo esecutivo non riuscir\u00e0 a recuperarne altri 45, rischiamo un 2023 molto complicato. Secondo le ultime previsioni, infatti, ben 6 province su 10 registreranno una crescita negativa.<\/p>\n<p><strong class=\"photoswipe-wrapper\"><a class=\"dt-pswp-item pspw-wrap-ready\" href=\"https:\/\/www.radiopiu.net\/wordpress\/wp-content\/uploads\/2022\/10\/Schermata-2022-10-22-alle-10.18.50.png\" data-dt-img-description=\"\" data-large_image_width=\"1140\" data-large_image_height=\"798\"><img loading=\"lazy\" decoding=\"async\" class=\"alignleft size-medium wp-image-302728\" src=\"https:\/\/www.radiopiu.net\/wordpress\/wp-content\/uploads\/2022\/10\/Schermata-2022-10-22-alle-10.18.50-300x210.png\" sizes=\"auto, (max-width: 300px) 100vw, 300px\" srcset=\"https:\/\/www.radiopiu.net\/wordpress\/wp-content\/uploads\/2022\/10\/Schermata-2022-10-22-alle-10.18.50-300x210.png 300w, https:\/\/www.radiopiu.net\/wordpress\/wp-content\/uploads\/2022\/10\/Schermata-2022-10-22-alle-10.18.50-1024x717.png 1024w, https:\/\/www.radiopiu.net\/wordpress\/wp-content\/uploads\/2022\/10\/Schermata-2022-10-22-alle-10.18.50-768x538.png 768w, https:\/\/www.radiopiu.net\/wordpress\/wp-content\/uploads\/2022\/10\/Schermata-2022-10-22-alle-10.18.50.png 1140w\" alt=\"\" width=\"300\" height=\"210\" \/><\/a>Per dimezzare il caro energia servono almeno 35 miliardi<\/strong><br \/>\nSecondo una stima dell\u2019Ufficio studi della CGIA, per mitigare il caro energia il nuovo Governo dovrebbe trovare entro il prossimo 31 dicembre almeno 35 miliardi di euro per dimezzare gli aumenti di costo in capo a famiglie e imprese previsti nel 2022. Aumenti che, al netto dei 58 miliardi di aiuti erogati quest\u2019anno contro il caro bollette, ammontano complessivamente a 70 miliardi di euro. Ecco perch\u00e9, secondo la CGIA, sono necessari altri 30 miliardi di euro, a cui si devono aggiungere 5 miliardi per estendere anche al prossimo mese di dicembre gli effetti contro il rincaro delle bollette introdotti con il decreto Aiuti ter.<\/p>\n<p><strong>Una legge di Bilancio 2023 come minimo da 35 miliardi<\/strong><br \/>\nVisti i tempi risicatissimi, anche approvare in tempo la prossima legge di Bilancio non sar\u00e0 semplicissimo: per legge il voto definitivo dovr\u00e0 avvenire entro il 31 dicembre, altrimenti potrebbe farsi strada l\u2019esercizio provvisorio. Pertanto, i tempi a disposizione sono strettissimi e non sar\u00e0 facile trovare le tutte le risorse per confermare, anche per l\u2019anno venturo, molti provvedimenti introdotti dal governo Draghi che, si stima, quantificabili in 35 miliardi di euro, cos\u00ec suddivisi:<br \/>\nquasi 15 miliardi di euro per rinnovare nel primo trimestre le misure contro il caro energia previste dal decreto Aiuti ter;<br \/>\nalmeno 8,5 miliardi di euro per indicizzare le pensioni;<br \/>\nalmeno 5 miliardi per il rinnovo del contratto del pubblico impiego;<br \/>\n4,5 miliardi di euro per lo sconto contributivo del 2 per cento a carico dei lavoratori dipendenti con reddito fino a 35 mila euro;<br \/>\n2 miliardi di euro di spese indifferibili.<br \/>\nSono risorse, quelle appena elencate, che non includono nessun altra misura; tanto meno quelle che sono state al centro della recentissima campagna elettorale. Come l\u2019estensione della flat tax, le pensioni minime a 1.000 euro, il taglio del cuneo fiscale, etc.<\/p>\n<p><strong class=\"photoswipe-wrapper\"><a class=\"dt-pswp-item pspw-wrap-ready\" href=\"https:\/\/www.radiopiu.net\/wordpress\/wp-content\/uploads\/2022\/10\/Schermata-2022-10-22-alle-10.19.19.png\" data-dt-img-description=\"\" data-large_image_width=\"1072\" data-large_image_height=\"610\"><img loading=\"lazy\" decoding=\"async\" class=\"alignleft size-medium wp-image-302727\" src=\"https:\/\/www.radiopiu.net\/wordpress\/wp-content\/uploads\/2022\/10\/Schermata-2022-10-22-alle-10.19.19-300x171.png\" sizes=\"auto, (max-width: 300px) 100vw, 300px\" srcset=\"https:\/\/www.radiopiu.net\/wordpress\/wp-content\/uploads\/2022\/10\/Schermata-2022-10-22-alle-10.19.19-300x171.png 300w, https:\/\/www.radiopiu.net\/wordpress\/wp-content\/uploads\/2022\/10\/Schermata-2022-10-22-alle-10.19.19-1024x583.png 1024w, https:\/\/www.radiopiu.net\/wordpress\/wp-content\/uploads\/2022\/10\/Schermata-2022-10-22-alle-10.19.19-768x437.png 768w, https:\/\/www.radiopiu.net\/wordpress\/wp-content\/uploads\/2022\/10\/Schermata-2022-10-22-alle-10.19.19.png 1072w\" alt=\"\" width=\"300\" height=\"171\" \/><\/a>Il nuovo esecutivo pu\u00f2 contare su un \u201ctesoretto\u201d da 25 miliardi<\/strong><br \/>\nIl \u201ctesoretto\u201d, che il nuovo governo \u201cerediter\u00e0\u201d dal premier uscente Draghi, potrebbe essere di 20 miliardi di euro: 10 da usare subito e altri 10 da impiegare nella manovra 2023. Risorse che sono state \u201crecuperate\u201d senza fare nuovo deficit, grazie al fatto che in quest\u2019ultimo anno l\u2019esecutivo uscente \u00e8 riuscito a mantenere i conti ordine. Un ulteriore aiuto potrebbe arrivare anche da Bruxelles che sta per mettere a punto una misura che consentir\u00e0 di recuperare i fondi strutturali europei 2014-2020 non ancora spesi o non impegnati in modo vincolante. Il nostro Paese potrebbe avere a disposizione tra i 4-5 miliardi di euro. Pertanto, a fronte di 70 miliardi di spese da impegnare nel giro di poco pi\u00f9 di 2 mesi, il nuovo governo pu\u00f2 contare su una copertura di circa 25 miliardi. Nel caso non si volesse fare nessun altro scostamento di bilancio, non sar\u00e0 certo facile trovare in poco tempo ben 45 miliardi di euro (vedi Tab. 3).<\/p>\n<p>&nbsp;<\/p>\n<p>&nbsp;<\/p>\n<hr \/>\n<p>&nbsp;<\/p>\n<blockquote>\n<h3>WALBER PER LE DONNE, ESAMI DIAGNOSTICI GRATUITI PER LA PREVENZIONE DEL TUMORE AL SENO<\/h3>\n<\/blockquote>\n<blockquote><p><em>Il Gruppo bellunese, con altri partner ospita la Mammografia ed Ecografia gratuita<\/em><\/p><\/blockquote>\n<p><strong><a class=\"dt-pswp-item\" href=\"https:\/\/www.radiopiu.net\/wordpress\/wp-content\/uploads\/2022\/10\/1615_foto_244.jpg\" data-dt-img-description=\"Healthcare, medicine and breast cancer awareness concept. Woman in t-shirt with pink cancer ribbon pointing\" data-large_image_width=\"260\" data-large_image_height=\"150\"><img loading=\"lazy\" decoding=\"async\" class=\"size-full wp-image-302597 alignleft\" src=\"https:\/\/www.radiopiu.net\/wordpress\/wp-content\/uploads\/2022\/10\/1615_foto_244.jpg\" alt=\"\" width=\"260\" height=\"150\" \/><\/a>SEDICO\u00a0<\/strong> Il Gruppo Walber ospiter\u00e0 luned\u00ec 31 ottobre l\u2019iniziativa \u201cMammografia ed Ecografia Gratuita\u201d per la prevenzione del tumore al seno presso il piazzale del Supermercato SuperW di Sedico. All\u2019interno della clinica mobile WelfareCare le donne dai 35 ai 49 anni, non incluse nei programmi di screening, potranno sottoporsi gratuitamente ad esami diagnostici con consegna immediata del referto. Tutto ci\u00f2 grazie al contributo di Gruppo Walber (main partner) e di altre aziende del territorio che hanno scelto di essere partner dell\u2019iniziativa. Le prenotazioni saranno aperte da luned\u00ec 24 ottobre sul sito di WelfareCare (www.welfarecare.org) nella sezione \u201cPrenota\u201d . La clinica mobile WelfareCare \u00e8 allestita con spazi ambulatoriali dotati di strumenti tecnologici all\u2019avanguardia, utili a consentire l\u2019effettuazione degli esami di diagnostica senologica strumentale non invasivi. Per lo svolgimento delle attivit\u00e0 diagnostiche WelfareCare si affida al partner sanitario Alliance Medical: gli esami saranno eseguiti da un\u2019equipe composta da un medico senologo, un tecnico radiologo e un assistente medico con consegna del referto entro pochi minuti dall\u2019esame. I requisiti per partecipare: et\u00e0 compresa tra i 35 ai 49 anni al momento della prenotazione e della visita; non aver effettuato mammografie negli ultimi 12 mesi; non essere gi\u00e0 inserite nei protocolli di screening (anche per familiarit\u00e0). Gli esami sono gratuiti ed accessibili fino ad esaurimento posti.<em> \u00abAbbiamo scelto di aderire a quest\u2019iniziativa perch\u00e9 consapevoli del ruolo e del lavoro delle donne che da sempre rappresentano il motore dell\u2019economia, della societ\u00e0 e della famiglia e desideravamo esprimere con un piccolo gesto la gratitudine dell\u2019azienda nei loro confronti, in sinergia con le altre aziende partner\u00bb comunica la responsabile comunicazione &amp; marketing del Gruppo Walber Silvia Sartori. \u00abAbbiamo gi\u00e0 avuto dei feedback molto positivi. Ci\u00f2 ci ha fatto riflettere mostrandoci che questo tipo di iniziative incontrano realmente i bisogni delle persone e siamo felici di poterli soddisfare. Speriamo in futuro di vedere un sempre maggiore impegno di tutti verso il sociale\u00bb.<\/em><\/p>\n<p>&nbsp;<\/p>\n<blockquote><p><em>Da settembre 2019 ad oggi (escluso il periodo di lockdown per pandemia) WelfareCare ha organizzato pi\u00f9 di 220 giornate dedicate alla Prevenzione del Tumore al Seno erogando oltre 16.800 esami diagnostici con consegna immediata del referto, grazie al contributo finanziario di oltre 1.200 aziende partner.<\/em><\/p><\/blockquote>\n<p>&nbsp;<\/p>\n<p>&nbsp;<\/p>\n<hr \/>\n<p>&nbsp;<\/p>\n<blockquote>\n<h3>QUATTRO\u00a0 INCONTRI CON PETTIROSSO AGORDINO<\/h3>\n<\/blockquote>\n<p><strong><a class=\"dt-pswp-item\" href=\"https:\/\/www.radiopiu.net\/wordpress\/wp-content\/uploads\/2022\/05\/petti.jpg\" data-dt-img-description=\"\" data-large_image_width=\"269\" data-large_image_height=\"131\"><img loading=\"lazy\" decoding=\"async\" class=\"size-full wp-image-275145 alignleft\" src=\"https:\/\/www.radiopiu.net\/wordpress\/wp-content\/uploads\/2022\/05\/petti.jpg\" alt=\"\" width=\"269\" height=\"131\" \/><\/a>CENCENIGHE<\/strong> L&#8217;inizio \u00e8 per mercoled\u00ec 26 ottobre con &#8220;A casa con la demenza&#8221;, relatrice Silvia Bortolot, infermiera geriatrica in Germania, che illustrer\u00e0 strategie e consigli per una gestione pi\u00f9 serena della persona affetta da demenza, dall&#8217;ambiente alla comunicazione, per potersi capire meglio. Il 2 novembre sar\u00e0 affrontato il tema &#8220;Come districarsi fra burocrazia, ausili e movimentazioni&#8221; con Stefano Masini (assistente sociale di Asca) e Roberto Agnolet (fisioterapista) su &#8220;Come posso facilitare le autonomie?&#8221;. Il 9 novembre l&#8217;argomento trattato da Cristina Balest (educatrice) e Letizia Collazuol (coordinatrice dell&#8217;equipe Sersa) sar\u00e0 &#8220;La gestione della persona con demenza in struttura&#8221;. Conclusione il 16 novembre con &#8220;L&#8217;impegno a tempo pieno di chi assiste la persona con demenza&#8221; in cui Erica Calvi (psicologa di Sersa) evidenzier\u00e0 la fatica invisibile di chi si prende cura di una persona malata.<\/p>\n<p><strong>di Gianni Santomaso<\/strong><\/p>\n<audio class=\"wp-audio-shortcode\" id=\"audio-302682-2\" preload=\"none\" style=\"width: 100%;\" controls=\"controls\"><source type=\"audio\/mpeg\" src=\"https:\/\/www.radiopiu.net\/wordpress\/wp-content\/uploads\/2022\/10\/GIANNI-PETTIROSSO.mp3?_=2\" \/><a href=\"https:\/\/www.radiopiu.net\/wordpress\/wp-content\/uploads\/2022\/10\/GIANNI-PETTIROSSO.mp3\">https:\/\/www.radiopiu.net\/wordpress\/wp-content\/uploads\/2022\/10\/GIANNI-PETTIROSSO.mp3<\/a><\/audio>\n<h3 class=\"entry-title\"><\/h3>\n<p>&nbsp;<\/p>\n<hr \/>\n<p>&nbsp;<\/p>\n<blockquote>\n<h3>UN INCONTRO PER PRESENTARE LA FIGURA DELL&#8217;OPERATORE SOCIO SANITARIO<\/h3>\n<\/blockquote>\n<p><strong>BELLUNO <\/strong>In vista del prossimo corso di formazione per OSS, l\u2019Organismo di Formazione del Ce.I.S. di Belluno ha organizzato un incontro a partecipazione libera, per presentare il percorso formativo per diventare Operatore Socio Sanitario. L\u2019incontro si svolger\u00e0 mercoled\u00ec 26 ottobre, alle 17 presso la sede del Ce.I.S. in Via Rugo 21 a Belluno. La partecipazione \u00e8 libera.<\/p>\n<p>&nbsp;<\/p>\n<p>&nbsp;<\/p>\n<hr \/>\n<p>&nbsp;<\/p>\n<blockquote>\n<h3 style=\"text-align: left;\" align=\"CENTER\">L\u2019ASSOCIAZIONE \u201cPARENTI OSPITI CASA DI RIPOSO DI PONTE NELLE ALPI\u201d RINNOVA IL DIRETTIVO<\/h3>\n<\/blockquote>\n<p align=\"CENTER\"><em>L\u2019assemblea dei soci si terr\u00e0 il oggi in sala del Parco \u201cEx Casa Rossa\u201d<\/em><\/p>\n<p align=\"JUSTIFY\"><strong>BELLUNO<\/strong> L\u2019Associazione \u201cParenti Ospiti Casa di Riposo di Ponte nelle Alpi\u201d convoca l\u2019assemblea dei soci che si terr\u00e0 oggi alle\u00a0 18.30,\u00a0 nella sala del Parco comunale \u201cEx Casa Rossa &#8211; Alessandro Mares\u201d e che vedr\u00e0 anche il rinnovo del direttivo. Il direttivo attuale si rende anche disponibile per un confronto; basta scrivere a giallissimo50@gmail.com<\/p>\n<p>&nbsp;<\/p>\n<p>&nbsp;<\/p>\n<hr \/>\n<p>&nbsp;<\/p>\n<blockquote>\n<h3>LA RASSEGNA DI MUSICA SACRA ORGANIZZATA DA ASAC VENETO<\/h3>\n<\/blockquote>\n<p><strong><a class=\"dt-pswp-item\" href=\"https:\/\/www.radiopiu.net\/wordpress\/wp-content\/uploads\/2021\/11\/ASAC-VENETO.png\" data-dt-img-description=\"\" data-large_image_width=\"534\" data-large_image_height=\"298\"><img loading=\"lazy\" decoding=\"async\" class=\" wp-image-241021 alignleft\" src=\"https:\/\/www.radiopiu.net\/wordpress\/wp-content\/uploads\/2021\/11\/ASAC-VENETO-300x167.png\" alt=\"\" width=\"180\" height=\"100\" srcset=\"https:\/\/www.radiopiu.net\/wordpress\/wp-content\/uploads\/2021\/11\/ASAC-VENETO-300x167.png 300w, https:\/\/www.radiopiu.net\/wordpress\/wp-content\/uploads\/2021\/11\/ASAC-VENETO.png 534w\" sizes=\"auto, (max-width: 180px) 100vw, 180px\" \/><\/a>BELLUNO<\/strong> Torna anche quest\u2019anno una nuova edizione della Rassegna corale di Musica Sacra intitolata alla memoria di don Sergio Manfroi, indimenticato direttore di coro e promotore della polifonia sul territorio provinciale. La Rassegna, che si svolgera\u0300 in due serate, e\u0300 organizzata dalla Consulta provincia di Belluno dell\u2019Associazione per lo sviluppo delle attivita\u0300 corali del Veneto presieduta da Alessandro Raschi. Sabato 29 ottobre, sempre con inizio alle 20.45, nella chiesa di S. Pietro in Belluno, si esibiranno: il Coro \u201cStelle Alpine\u201d di Tisoi e il Coro \u201cAntole\u201d diretti da Simone Da Gioz; il Coro \u201cBelluno Young Voices\u201d di Belluno diretto da Radmila Visentin; la Scuola interregionale di canto e teatro per voci bianche e giovanili \u201cLe Muse e le Dolomiti\u201d di Falcade diretta da Oda Zoe Hochscheid; il Coro \u201cConvivium\u201d di Arsie\u0300 diretto da Ronny Strappazzon.<\/p>\n<p>&nbsp;<\/p>\n<p>&nbsp;<\/p>\n<hr \/>\n<p>&nbsp;<\/p>\n<blockquote>\n<h3>MOSTRA E CALENDARIO, UN AIUTO ALLE FAMIGLIE DELLE VITTIME DELLA MARMOLADA<\/h3>\n<\/blockquote>\n<p><strong>CASTELFRANCO<\/strong> Il silenzio e il suono della natura in alta quota, i volti di chi vive la montagna, i sentieri della Grande Guerra, le ferite di Vaia. C\u2019\u00e8 tutto il fascino delle Dolomiti che fanno da cornice alla Ski Area San Pellegrino, il comprensorio sciistico che si snoda tra Falcade e Moena, negli scatti di Nadia Basso, in mostra fino al 30 ottobre nella Galleria del Teatro Accademico di Castelfranco Veneto.\u00a0Dai profili del Col Margherita fino al Passo San Pellegrino, le Dolomiti vengono ritratte nella loro bellezza e anche nella loro storia, quella della vita quotidiana nei valichi alpini e quella che ha segnato le tragiche pagine di inizio Novecento.\u00a0 La mostra, a cura di Massimo Porcelli, raccoglie anche scatti di Nadia Basso dedicati alle tracce della tempesta Vaia, che nell\u2019ottobre del 2018 colp\u00ec Veneto, Trentino Alto Adige e Friuli Venezia Giulia, con raffiche di vento che rasero al suolo migliaia di ettari di boschi.\u00a0 La mostra \u00e8 racchiusa in un calendario con tutti gli scatti dell\u2019artista, il cui ricavato sar\u00e0 devoluto alle famiglie delle vittime della recente tragedia della Marmolada. La mostra rimarr\u00e0 aperta al pubblico fino al trenta ottobre. Orari: mercoled\u00ec, gioved\u00ec e venerd\u00ec dalle 16 alle 19. Sabato e domenica: dalle 10.00 alle12.30 e dalle 16 alle 19.<\/p>\n<p><strong>GALLERIA FOTOGRAFICA<\/strong><\/p>\n\n\t\t\t<style type='text\/css'>\n\t\t\t\t#gallery-10 {\n\t\t\t\t\tmargin: auto;\n\t\t\t\t}\n\t\t\t\t#gallery-10 .gallery-item {\n\t\t\t\t\tfloat: left;\n\t\t\t\t\tmargin-top: 10px;\n\t\t\t\t\ttext-align: center;\n\t\t\t\t\twidth: 20%;\n\t\t\t\t}\n\t\t\t\t#gallery-10 img {\n\t\t\t\t\tborder: 2px solid #cfcfcf;\n\t\t\t\t}\n\t\t\t\t#gallery-10 .gallery-caption {\n\t\t\t\t\tmargin-left: 0;\n\t\t\t\t}\n\t\t\t\t\/* see gallery_shortcode() in wp-includes\/media.php *\/\n\t\t\t<\/style>\n\t\t<div id='gallery-10' class='dt-gallery-container gallery galleryid-302682 gallery-columns-5 gallery-size-thumbnail'><dl class='gallery-item'>\n\t\t\t\t<dt class='gallery-icon landscape'>\n\t\t\t\t\t<a class=\"rollover rollover-zoom dt-pswp-item\" title=\"_S_51531\" data-dt-img-description=\"\" data-large_image_width=\"2560\" data-large_image_height=\"1708\"href='https:\/\/www.radiopiu.net\/wordpress\/wp-content\/uploads\/2022\/10\/S_51531-scaled.jpg'><img loading=\"lazy\" decoding=\"async\" width=\"150\" height=\"150\" src=\"https:\/\/www.radiopiu.net\/wordpress\/wp-content\/uploads\/2022\/10\/S_51531-150x150.jpg\" class=\"attachment-thumbnail size-thumbnail\" alt=\"\" \/><\/a>\n\t\t\t\t<\/dt><\/dl><dl class='gallery-item'>\n\t\t\t\t<dt class='gallery-icon landscape'>\n\t\t\t\t\t<a class=\"rollover rollover-zoom dt-pswp-item\" title=\"DSC_0253\" data-dt-img-description=\"\" data-large_image_width=\"2560\" data-large_image_height=\"2048\"href='https:\/\/www.radiopiu.net\/wordpress\/wp-content\/uploads\/2022\/10\/DSC_0253-scaled.jpg'><img loading=\"lazy\" decoding=\"async\" width=\"150\" height=\"150\" src=\"https:\/\/www.radiopiu.net\/wordpress\/wp-content\/uploads\/2022\/10\/DSC_0253-150x150.jpg\" class=\"attachment-thumbnail size-thumbnail\" alt=\"\" \/><\/a>\n\t\t\t\t<\/dt><\/dl><dl class='gallery-item'>\n\t\t\t\t<dt class='gallery-icon portrait'>\n\t\t\t\t\t<a class=\"rollover rollover-zoom dt-pswp-item\" title=\"_S_51902\" data-dt-img-description=\"\" data-large_image_width=\"1708\" data-large_image_height=\"2560\"href='https:\/\/www.radiopiu.net\/wordpress\/wp-content\/uploads\/2022\/10\/S_51902-scaled.jpg'><img loading=\"lazy\" decoding=\"async\" width=\"150\" height=\"150\" src=\"https:\/\/www.radiopiu.net\/wordpress\/wp-content\/uploads\/2022\/10\/S_51902-150x150.jpg\" class=\"attachment-thumbnail size-thumbnail\" alt=\"\" \/><\/a>\n\t\t\t\t<\/dt><\/dl><dl class='gallery-item'>\n\t\t\t\t<dt class='gallery-icon landscape'>\n\t\t\t\t\t<a class=\"rollover rollover-zoom dt-pswp-item\" title=\"_S_51900\" data-dt-img-description=\"\" data-large_image_width=\"2560\" data-large_image_height=\"1707\"href='https:\/\/www.radiopiu.net\/wordpress\/wp-content\/uploads\/2022\/10\/S_51900-scaled.jpg'><img loading=\"lazy\" decoding=\"async\" width=\"150\" height=\"150\" src=\"https:\/\/www.radiopiu.net\/wordpress\/wp-content\/uploads\/2022\/10\/S_51900-150x150.jpg\" class=\"attachment-thumbnail size-thumbnail\" alt=\"\" \/><\/a>\n\t\t\t\t<\/dt><\/dl><dl class='gallery-item'>\n\t\t\t\t<dt class='gallery-icon landscape'>\n\t\t\t\t\t<a class=\"rollover rollover-zoom dt-pswp-item\" title=\"_S_51564\" data-dt-img-description=\"\" data-large_image_width=\"2560\" data-large_image_height=\"1950\"href='https:\/\/www.radiopiu.net\/wordpress\/wp-content\/uploads\/2022\/10\/S_51564-scaled.jpg'><img loading=\"lazy\" decoding=\"async\" width=\"150\" height=\"150\" src=\"https:\/\/www.radiopiu.net\/wordpress\/wp-content\/uploads\/2022\/10\/S_51564-150x150.jpg\" class=\"attachment-thumbnail size-thumbnail\" alt=\"\" \/><\/a>\n\t\t\t\t<\/dt><\/dl><br style=\"clear: both\" \/>\n\t\t\t<\/div>\n\n<p>&nbsp;<\/p>\n<p>&nbsp;<\/p>\n<hr \/>\n<p>&nbsp;<\/p>\n<blockquote>\n<h3 dir=\"auto\">\u00a0L&#8217;ULTIMA DOMENICA AL CASTELLO DI ANDRAZ<\/h3>\n<\/blockquote>\n<p><strong>LIVINALLONGO <\/strong>Domenica 30 ottobre alle 15, per chiudere insieme la stagione. Castagne e vin brul\u00e9, e, per bambini e ragazzi (ma anche per chiunque volesse) ci saranno due turni di visita con letture animate. Il tema, visto il periodo, saranno i personaggi pi\u00f9 strani e misteriosi delle leggende ladine\u2026<\/p>\n<a href=\"https:\/\/www.radiopiu.net\/wordpress\/wp-content\/uploads\/2022\/10\/30ottobre.lab_.pdf\" class=\"pdfemb-viewer\" style=\"\" data-width=\"max\" data-height=\"max\" data-toolbar=\"top\" data-toolbar-fixed=\"on\">30ottobre.lab<\/a>\n<p>&nbsp;<\/p>\n<p>&nbsp;<\/p>\n<hr \/>\n<p>&nbsp;<\/p>\n<blockquote>\n<h3>VIVERE L&#8217;AGORDINO: DALLA CARTA STAMPATA ALLA SALA DON TAMIS<\/h3>\n<\/blockquote>\n<p>VIVERE L&#8217;AGORDINO&#8230; DALLE PAGINE DEL CORRIERE DELLE ALPI ALLA SALA DON TAMIS DI VIA 27 APRILE AD AGORDO. MERCOLEDI 26 OTTOBRE ALLE 20.30 UNA SERATA CON I VOLTI PROTAGONISTI DELLA RUBRICA GIORNALISTICA, CON GIANNI SANTOMASO ED ERICA ANDRICH CURATORI DELLA RUBRICA.\u00a0 INTERVERRANNO FABRIZIO BRANCOLI DIRETTORE CORRIERE DELLE ALPI. LUCA TRAINI VICE DIRETTORE MIRKO MEZZACASA DIRETTORE RADIOPIU PAOLO FRENA PRESIDENTE UNIONE MONTANA AGORDINA MERCOLEDI 26 OTTOBRE, 20.30 SALA DON TAMIS, DIRETTA SULLE FREQUENZE E CANALI SOCIAL DI RADIOPIU CON IL PATROCINIO DELL&#8217;UNIONE MONTANA AGORDINA<\/p>\n<p>&nbsp;<\/p>\n<a href=\"https:\/\/www.radiopiu.net\/wordpress\/wp-content\/uploads\/2022\/10\/Manifesto_ViverelAgordino.pdf\" class=\"pdfemb-viewer\" style=\"\" data-width=\"max\" data-height=\"max\" data-toolbar=\"top\" data-toolbar-fixed=\"on\">Manifesto_Viverel&#039;Agordino<\/a>\n<p>&nbsp;<\/p>\n<hr \/>\n<p>&nbsp;<\/p>\n<blockquote>\n<h3>CORAGGIO E DESTINO DELLE DONNE ARMENE<\/h3>\n<\/blockquote>\n<p><strong>BELLUNO<\/strong> Si terr\u00e0 domani, alle 18, nella sala Zanardelli di Palazzo dei Rettori, sede della Prefettura, l\u2019incontro con la scrittrice e saggista di origine armene, Antonia Arslan, ritorno graditissimo in Citt\u00e0, per la conferenza \u201cCoraggio e destino delle donne armene\u201d. La scrittrice parler\u00e0 del suo \u201cIl libro di Mush\u201d, racconto dell\u2019esperienza vissuta da due donne per salvare dalla distruzione un prezioso volume, nei giorni del genocidio turco ai danni delle minoranze armena e siriaca, e regaler\u00e0 al pubblico intervenuto anche un\u2019anteprima sulla sua pi\u00f9 recente produzione, il libro \u201cIl destino di Aghavn\u00ec\u201d, che uscir\u00e0 il prossimo 22 novembre.<\/p>\n<p>&nbsp;<\/p>\n<p>&nbsp;<\/p>\n<hr \/>\n<p>&nbsp;<\/p>\n<blockquote>\n<h3><a class=\"dt-pswp-item\" href=\"https:\/\/www.radiopiu.net\/wordpress\/wp-content\/uploads\/2022\/10\/Ad_Astra.jpeg\" data-dt-img-description=\"\u00abConcerti und Konzerte\u00bb Orchester der Schola Cantorum Basiliensis Violine: Rahel Wittling, Aliza Vicente Aranda, Andre\u0301s Murillo, Giulia Manfredini, Tamami Sakanaga, Maya Webne-Behrman, Alie\u0301nor Wolteche, Loi\u0308c Simonet, Lena Rademann, Naomi Dumas Viola: Mischa Dobruschkin, Priscila Gabrielle Rodri\u0301gues Silva Santos Violoncello: Thomas Chigioni, Victor Meriaux Kontrabass: Giacomo Albenga Cembalo: Teun Braken Leitung: Rachel Podger Georg Friedrich Ha\u0308ndel (1685 \u2013 1759) - Concerto Grosso op. 3\/5 in d-Moll (HWV 316) Johann Sebastian Bach (1685 \u2013 1750) - Violinkonzert in a-Moll (BWV 1041) Solo: Rachel Podger Antonio Vivaldi (1678 \u2013 1741) - Konzert fu\u0308r vier Violinen in h-Moll op.3\/10 (RV 580) Solo: Rachel Podger, Aliza Vicente Aranda, Tamami Sakanaga, Lena Rademann Johann Sebastian Bach - Konzert fu\u0308r zwei Violinen in d-Moll (BWV 1043) Solo: Rahel Wittling, Andre\u0301s Murillo Georg Friedrich Ha\u0308ndel - Concerto Grosso op. 6\/9 in F-Dur (HWV 327) Solo: Rachel Podger, Giulia Manfredini 14. M\u00e4rz 2020 Grosser Saal - Musik Akademie Basel FOTO: \u00a9 Susanna Drescher 2020 www.susannadrescher.ch\" data-large_image_width=\"1280\" data-large_image_height=\"829\"><img loading=\"lazy\" decoding=\"async\" class=\"wp-image-302468 alignleft\" src=\"https:\/\/www.radiopiu.net\/wordpress\/wp-content\/uploads\/2022\/10\/Ad_Astra-300x194.jpeg\" alt=\"\" width=\"209\" height=\"135\" srcset=\"https:\/\/www.radiopiu.net\/wordpress\/wp-content\/uploads\/2022\/10\/Ad_Astra-300x194.jpeg 300w, https:\/\/www.radiopiu.net\/wordpress\/wp-content\/uploads\/2022\/10\/Ad_Astra-1024x663.jpeg 1024w, https:\/\/www.radiopiu.net\/wordpress\/wp-content\/uploads\/2022\/10\/Ad_Astra-768x497.jpeg 768w, https:\/\/www.radiopiu.net\/wordpress\/wp-content\/uploads\/2022\/10\/Ad_Astra.jpeg 1280w\" sizes=\"auto, (max-width: 209px) 100vw, 209px\" \/><\/a>L&#8217;ORCHESTRA AD ASTRA AL TEATRO COMUNALE DI BELLUNO<\/h3>\n<\/blockquote>\n<p><strong>BELLUNO<\/strong> Appuntamento di rilievo, quello che ospita sul palco del Teatro Comunale di Belluno, mercoled\u00ec 26 ottobre, ore 20:30, l&#8217;orchestra Ad Astra della Schola Cantorum Basiliensis. Fondata nel 1933, la Schola Cantorum Basiliensis \u00e8 una eccellenza internazionale per la ricerca, la formazione e il perfezionamento della musica antica e della pratica musicale storica, con sede a Basilea, l&#8217;istituto pi\u00f9 antico e pi\u00f9 completo nel suo genere, per l&#8217;ampiezza dell&#8217;offerta formativa, a livello mondiale.<\/p>\n<p>&nbsp;<\/p>\n<hr \/>\n<p>&nbsp;<\/p>\n<blockquote>\n<h3>NEL CUORE DEL LABIRINTO CON FRANCESCO SAURO E IL GRUPPO SPELEO CAI-FELTRE<\/h3>\n<\/blockquote>\n<p>&nbsp;<\/p>\n<p><strong><a class=\"dt-pswp-item\" href=\"https:\/\/www.radiopiu.net\/wordpress\/wp-content\/uploads\/2022\/10\/Senza-nome-58.jpg\" data-dt-img-description=\"\" data-large_image_width=\"282\" data-large_image_height=\"268\"><img loading=\"lazy\" decoding=\"async\" class=\"wp-image-302609 alignleft\" src=\"https:\/\/www.radiopiu.net\/wordpress\/wp-content\/uploads\/2022\/10\/Senza-nome-58.jpg\" alt=\"\" width=\"168\" height=\"160\" \/><\/a>FELTRE<\/strong> <span style=\"font-family: Tahoma, Verdana;\">Sabato 29 ottobre, alle\u00a0 21, presso l&#8217;auditorium dell&#8217;Istituto Canossiano di Feltre, Francesco Sauro, insegnante presso l&#8217;Universit\u00e0 di Bologna e consulente dell&#8217;Agenzia Spaziale Europea, condurr\u00e0 il pubblico alla scoperta delle grotte pi\u00f9 profonde ed estese delle Dolomiti, uno dei complessi carsici pi\u00f9 importanti d&#8217;Europa, che si sviluppa nelle profondit\u00e0 dei Piani Eterni, splendido altopiano carsico che si trova nel cuore del Parco Nazionale Dolomiti Bellunesi. Grotte\u00a0 esplorate da oltre trent&#8217;anni da diversi gruppi speleologici veneti, che si sono spinti fino ad oltre 1.000 metri di profondit\u00e0; il professor Sauro racconter\u00e0 la storia di questa lunga esplorazione, che riserva ogni anno nuove scoperte. L&#8217;ingresso alla serata \u00e8 libero<\/span><\/p>\n<p><a href=\"https:\/\/www.radiopiu.net\/wordpress\/wp-content\/uploads\/2022\/10\/francesco_sauro_25.webp\"><img loading=\"lazy\" decoding=\"async\" class=\"wp-image-302610 alignright\" src=\"https:\/\/www.radiopiu.net\/wordpress\/wp-content\/uploads\/2022\/10\/francesco_sauro_25-300x247.webp\" alt=\"\" width=\"172\" height=\"142\" srcset=\"https:\/\/www.radiopiu.net\/wordpress\/wp-content\/uploads\/2022\/10\/francesco_sauro_25-300x247.webp 300w, https:\/\/www.radiopiu.net\/wordpress\/wp-content\/uploads\/2022\/10\/francesco_sauro_25-768x632.webp 768w, https:\/\/www.radiopiu.net\/wordpress\/wp-content\/uploads\/2022\/10\/francesco_sauro_25.webp 877w\" sizes=\"auto, (max-width: 172px) 100vw, 172px\" \/><\/a><strong> Francesco Sauro<\/strong>, ha 30 anni ed \u00e8 un geologo veneto, appassionato di speleologia. Volto noto televisivo anche per le frequenti apparizioni nelle trasmissioni del compianto Piero Angela. In bacheca ha messo il premio Rolex Award for Enterprise\u00a0 che non \u00e8\u00a0 per tutti. Per conquistarlo bisogna essere inventivi, appassionati, caparbi. Bisogna soprattutto dimostrare spirito di iniziativa. Riconosciuto dal Time Magazine come uno dei giovani millenials che stanno avendo un impatto positivo sulla visione del nostro pianeta. In oltre quaranta spedizioni, ha esplorato grotte e canyon dal Sud America all\u2019Asia Centrale, guidando team multidisciplinari di ricercatori. Sauro ci ricorda nel suo ultimo libro \u201cIl Continente Buio\u201d di come si possa essere esploratori anche alle porte di casa, come \u00e8 avvenuto nella straordinaria epopea esplorativa del Sistema Carsico dei Piani Eterni nel Parco Nazionale Dolomiti Bellunesi. Si tratta della grotta pi\u00f9 profonda e lunga delle Dolomiti, una delle maggiori d\u2019Europa.<\/p>\n<p>&nbsp;<\/p>\n<p>&nbsp;<\/p>\n<hr \/>\n<blockquote>\n<h3><\/h3>\n<h3>PERSONALITA&#8217; DI MONTAGNA CON GOCCE DI SOLE<\/h3>\n<\/blockquote>\n<p><strong><a class=\"dt-pswp-item\" href=\"https:\/\/www.radiopiu.net\/wordpress\/wp-content\/uploads\/2022\/10\/Senza-nome-59.jpg\" data-dt-img-description=\"\" data-large_image_width=\"164\" data-large_image_height=\"110\"><img loading=\"lazy\" decoding=\"async\" class=\"size-full wp-image-302620 alignleft\" src=\"https:\/\/www.radiopiu.net\/wordpress\/wp-content\/uploads\/2022\/10\/Senza-nome-59.jpg\" alt=\"\" width=\"164\" height=\"110\" \/><\/a>BELLUNO<\/strong> Domenica 30 ottobre terza edizione dell&#8217;evento, una proposta culturale Gocce di Sole, associazione Borgo Piave e Vivamelio in cui saranno visibili le illustrazioni abbinate alle letture\u00a0 con momenti musicali. Il tema &#8220;Personalit\u00e0 di montagna&#8221; ovvero ritratti visivi e letterari di personaggi che hanno dato lustro alle Dolomiti. Luogo della manifestazione \u00e8 Palazzo Doglioni di Borgo Piave (piazzetta San Nicol\u00f2), la mostra sar\u00e0 visibile dalle 9.30 alle 12 e dalle 14.30 alle 17. Si esibiranno come lettori Stefano Emmi e Cinzia Cassiadoro, alla chitarra Stefan Florescu, quartetto di flauti con Giorgia Reolon, Alessia Calvi, Francesco Soppelsa, Federica Soppelsa (Liceo Musicale Renier Belluno) e all&#8217;arpa Eleonora Burigo (Conservatorio Verona). Reading e concerto inizieranno\u00a0 alle 9.30 e alle 14.30 con prenotazione obbligatoria (5 euro). Info 393 0560052; info@goccedisole.bl.it<\/p>\n<p>&nbsp;<\/p>\n<p>&nbsp;<\/p>\n<hr \/>\n<p>&nbsp;<\/p>\n<blockquote>\n<h3>CORSI DI COMPUTER PER TUTTE LE ETA&#8217;<\/h3>\n<\/blockquote>\n<p><strong>FALCADE<\/strong> Domani alle 20:30 presso la sala consigliare del comune di Falcade verr\u00e0 presentato il nuovo programma dal titolo &#8220;Tecnologia Amica&#8221;, un corso di computer e nuove tecnologie aperto a tutte le et\u00e0 con Arturo Panciera, formatore tecnologico. L&#8217;obbiettivo \u00e8 quello di far conoscere le competenze sull&#8217;utilizzo dei PC, tablet e smartphone e spiegarne l&#8217;uso consapevole. La partecipazione alla serata \u00e8 a ingresso libero.<\/p>\n<p>&nbsp;<\/p>\n<p>&nbsp;<\/p>\n<p>&nbsp;<\/p>\n<hr \/>\n<p>&nbsp;<\/p>\n<blockquote>\n<h3>LA MESSA IN SUFFRAGIO DEI CADUTI DELLA MONTAGNA<\/h3>\n<\/blockquote>\n<p><strong><a class=\"dt-pswp-item\" href=\"https:\/\/www.radiopiu.net\/wordpress\/wp-content\/uploads\/2018\/02\/CHIESA-AGORDO.jpg\" data-dt-img-description=\"\" data-large_image_width=\"250\" data-large_image_height=\"324\"><img loading=\"lazy\" decoding=\"async\" class=\" wp-image-43008 alignleft\" src=\"https:\/\/www.radiopiu.net\/wordpress\/wp-content\/uploads\/2018\/02\/CHIESA-AGORDO-231x300.jpg\" alt=\"\" width=\"122\" height=\"158\" srcset=\"https:\/\/www.radiopiu.net\/wordpress\/wp-content\/uploads\/2018\/02\/CHIESA-AGORDO-231x300.jpg 231w, https:\/\/www.radiopiu.net\/wordpress\/wp-content\/uploads\/2018\/02\/CHIESA-AGORDO.jpg 250w\" sizes=\"auto, (max-width: 122px) 100vw, 122px\" \/><\/a>AGORDO<\/strong> Si rinnova anche quest\u2019anno l\u2019appuntamento di fine ottobre con la Santa Messa in suffragio dei Caduti della Montagna, celebrata nella chiesa arcidiaconale di Agordo da mons. Cesare Larese e accompagnata dai canti del \u201cCoro Agordo\u201d. L&#8217;appuntamento \u00e8 per domenica 30 ottobre alle 18. Una sentita cerimonia, voluta dal Coro Agordo, che riunisce ormai da 47 anni l\u2019intero Agordino con le vallate limitrofe e tanta altra gente &#8211; alpinisti e non &#8211; dalla provincia e da fuori nel ricordo degli Amici agordini caduti in montagna e di coloro che hanno perso la vita sulle montagne agordine. L\u2019iniziativa avviene come sempre in collaborazione con la Sezione Agordina del CAI, la Parrocchia di S. Maria Nascente, i Gruppi Rocciatori \u201cGIR\u201d di Agordo e \u201cVal Bio\u0301is\u201d, le Stazioni agordine del Corpo Nazionale Soccorso Alpino e il Gruppo Alpini Agordo-Rivamonte-Taibon. Anche quest&#8217;anno la Santa Messa verra\u0300 trasmessa, non solo in diretta radio FM, ma anche in diretta video. Potra\u0300, infatti, essere seguita in streaming sul sito internet radiopiu.net oppure sulle pagine facebook: Radiopiu\u0300, o Radio Piu\u0300 Emittente Agordina, o Sei di Agordo se.<\/p>\n<a href=\"https:\/\/www.radiopiu.net\/wordpress\/wp-content\/uploads\/2022\/10\/Invito-2022.pdf\" class=\"pdfemb-viewer\" style=\"\" data-width=\"max\" data-height=\"max\" data-toolbar=\"top\" data-toolbar-fixed=\"on\">Invito 2022<\/a>\n<p>&nbsp;<\/p>\n<hr \/>\n<p>&nbsp;<\/p>\n<blockquote>\n<h3>I CRISANTEMI PER AIUTARE VILLA SAN FRANCESCO E LA COOPERATIVA ARCOBALENO &#8217;89<\/h3>\n<\/blockquote>\n<p><strong><a class=\"dt-pswp-item\" href=\"https:\/\/www.radiopiu.net\/wordpress\/wp-content\/uploads\/2022\/10\/ea72a086-2445-44b4-abc3-a29a2c228687.jpg\" data-dt-img-description=\"\" data-large_image_width=\"600\" data-large_image_height=\"384\"><img loading=\"lazy\" decoding=\"async\" class=\" wp-image-302510 alignleft\" src=\"https:\/\/www.radiopiu.net\/wordpress\/wp-content\/uploads\/2022\/10\/ea72a086-2445-44b4-abc3-a29a2c228687-300x192.jpg\" alt=\"\" width=\"166\" height=\"106\" srcset=\"https:\/\/www.radiopiu.net\/wordpress\/wp-content\/uploads\/2022\/10\/ea72a086-2445-44b4-abc3-a29a2c228687-300x192.jpg 300w, https:\/\/www.radiopiu.net\/wordpress\/wp-content\/uploads\/2022\/10\/ea72a086-2445-44b4-abc3-a29a2c228687.jpg 600w\" sizes=\"auto, (max-width: 166px) 100vw, 166px\" \/><\/a>AGORDO<\/strong> Domenica 30 ottobre prossimo, dalle 9, sul sagrato della chiesa Santa Maria Nascente di Agordo, si svolger\u00e0 l\u2019ormai consueta vendita di crisantemi il cui ricavato andr\u00e0 a favore delle attivit\u00e0 della Comunit\u00e0 Alloggio \u201cVilla San Francesco\u201d di Facen di Pedavena e della collegata Cooperativa Arcobaleno\u201989. La \u201cComunit\u00e0 Villa S. Francesco\u201d nacque nel 1975 e da allora ospita bambini e ragazzi dai 6 ai 18 anni, in difficolt\u00e0 per problemi familiari, personali e bisognosi di riferimenti affettivi validi. Nella casa &#8211; comunit\u00e0 si cerca di far crescere i minori \u201cin sapienza\u201d, sviluppare le potenzialit\u00e0 personali, in un clima di stimolazione pedagogica e in un sano confronto con i pari e gli adulti. Nel 1986 inizia il progetto della cooperativa Arcobaleno \u201886. \u00c8 costituita da alcuni ragazzi svantaggiati, che accolti e aiutati a crescere, in maggiore et\u00e0 decidono di affrontare il loro e altrui futuro da protagonisti ed in forma associata, assieme a chi ha condiviso tratti significativi della loro vita, costituendo la prima cooperativa di solidariet\u00e0 sociale della provincia di Belluno. Oggi la Cooperativa si occupa di: attivit\u00e0 sociali, accoglienza ai giovani in difficolt\u00e0 per inserimenti sociali in contesti lavorativi, attivit\u00e0 culturali, ortofloricultura, manutenzione del verde, ceramiche decorate e raku, vetri artistici e bed &amp; breakfast. Comunit\u00e0 Alloggio e Cooperativa non ricevono sussidi da enti pubblici, ma bens\u00ec dalle entrate provenienti dalle loro attivit\u00e0 per cui ancor pi\u00f9 importante \u00e8 la possibilit\u00e0 di dimostrare concretamene la vicinanza a queste realt\u00e0 che si occupano del ben-essere dei minori e di adulti fragili e svantaggiati.<\/p>\n<p>&nbsp;<\/p>\n<p>&nbsp;<\/p>\n<hr \/>\n<p>&nbsp;<\/p>\n<blockquote>\n<h3><a class=\"dt-pswp-item\" href=\"https:\/\/www.radiopiu.net\/wordpress\/wp-content\/uploads\/2022\/10\/aaa.jpg\" data-dt-img-description=\"\" data-large_image_width=\"200\" data-large_image_height=\"211\"><img loading=\"lazy\" decoding=\"async\" class=\" wp-image-301595 alignleft\" src=\"https:\/\/www.radiopiu.net\/wordpress\/wp-content\/uploads\/2022\/10\/aaa.jpg\" alt=\"\" width=\"101\" height=\"107\" \/><\/a>MARGRANDO, IL LIBRO DI FRANCESCA GALLO<\/h3>\n<\/blockquote>\n<p><strong>CANALE D&#8217;AGORDO\u00a0<\/strong> Giovedi 27 ottobre alle 20.45 in sala ex emigrant Francesca Gallo presenta il <span id=\"page3R_mcid13\" class=\"markedContent\"><span dir=\"ltr\" role=\"presentation\">libro il racconto del viaggio di ricerca fra gli emigrati italiani in Belgio e Canada. Francesca, s<\/span><\/span><span id=\"page3R_mcid15\" class=\"markedContent\"><span dir=\"ltr\" role=\"presentation\">on un registratore in tasca, e spesso con la fisarmonica in spalla, <\/span><span dir=\"ltr\" role=\"presentation\">si sedeva a parlare con gli anziani.<\/span><\/span><span id=\"page3R_mcid16\" class=\"markedContent\"><span dir=\"ltr\" role=\"presentation\">In ogni famiglia le veniva raccontato di qualcuno che era emigrato, <\/span><span dir=\"ltr\" role=\"presentation\">cos\u00ec decise di andarli a cercare e di portare a casa le loro storie<\/span><\/span><\/p>\n<h3><span style=\"font-size: 14px; font-weight: normal;\">.<\/span><\/h3>\n<p>&nbsp;<\/p>\n<hr \/>\n<p>&nbsp;<\/p>\n<blockquote>\n<h3><a class=\"dt-pswp-item\" href=\"https:\/\/www.radiopiu.net\/wordpress\/wp-content\/uploads\/2022\/10\/4e59e296-1360-49b9-86f2-ac9d02053496.jpg\" data-dt-img-description=\"\" data-large_image_width=\"940\" data-large_image_height=\"788\"><img loading=\"lazy\" decoding=\"async\" class=\" wp-image-302777 alignleft\" src=\"https:\/\/www.radiopiu.net\/wordpress\/wp-content\/uploads\/2022\/10\/4e59e296-1360-49b9-86f2-ac9d02053496-300x251.jpg\" alt=\"\" width=\"142\" height=\"119\" srcset=\"https:\/\/www.radiopiu.net\/wordpress\/wp-content\/uploads\/2022\/10\/4e59e296-1360-49b9-86f2-ac9d02053496-300x251.jpg 300w, https:\/\/www.radiopiu.net\/wordpress\/wp-content\/uploads\/2022\/10\/4e59e296-1360-49b9-86f2-ac9d02053496-768x644.jpg 768w, https:\/\/www.radiopiu.net\/wordpress\/wp-content\/uploads\/2022\/10\/4e59e296-1360-49b9-86f2-ac9d02053496.jpg 940w\" sizes=\"auto, (max-width: 142px) 100vw, 142px\" \/><\/a>HALLOWEEN MURDER PARTY CON L&#8217;OXFORD SCHOOL OF ENGLISH<\/h3>\n<\/blockquote>\n<p><strong>CENCENIGHE<\/strong> L&#8217;Oxford School Of English Agordino organizza per Marted\u00ec, Mercoled\u00ec a Cencenighe e venerd\u00ec a Livinallongo l&#8217;Halloween Murder Party, &#8220;Merenda con l&#8217;assassino&#8221; in lingua inglese. Un pomeriggio dedicato ai ragazzi che frequentano la terza media o la prima superiore. C&#8217;\u00e8 stato un assassinio a scuola, chi \u00e8 stato? I ragazzi saranno detective per un giorno e faranno merenda assieme con il tipico British teatime. Iscrizioni al 338 3903983. Posti limitati, se non gi\u00e0 iscritti al corso FLY<\/p>\n<p>&nbsp;<\/p>\n<p>&nbsp;<\/p>\n<hr \/>\n<p>&nbsp;<\/p>\n<blockquote>\n<h3>DA SABATO 29 OTTOBRE LA MOSTRA &#8220;C&#8217;ERA UNA VOLTA IN ITALIA&#8221;<\/h3>\n<\/blockquote>\n<p><strong>BORGO VALBELLUNA<\/strong><\/p>\n<p>di Roberto Bona<\/p>\n<audio class=\"wp-audio-shortcode\" id=\"audio-302682-3\" preload=\"none\" style=\"width: 100%;\" controls=\"controls\"><source type=\"audio\/mpeg\" src=\"https:\/\/www.radiopiu.net\/wordpress\/wp-content\/uploads\/2022\/10\/gr-19-la-mostra-cera-una-volta-in-italia.mp3?_=3\" \/><a href=\"https:\/\/www.radiopiu.net\/wordpress\/wp-content\/uploads\/2022\/10\/gr-19-la-mostra-cera-una-volta-in-italia.mp3\">https:\/\/www.radiopiu.net\/wordpress\/wp-content\/uploads\/2022\/10\/gr-19-la-mostra-cera-una-volta-in-italia.mp3<\/a><\/audio>\n<p>&nbsp;<\/p>\n<hr \/>\n<p>&nbsp;<\/p>\n<blockquote>\n<h3>FINE OTTOBRE CON L&#8217;ECLISSE PARZIALE DI SOLE<\/h3>\n<\/blockquote>\n<p><strong><a class=\"dt-pswp-item\" href=\"https:\/\/www.radiopiu.net\/wordpress\/wp-content\/uploads\/2022\/10\/a1749495-66a3-4b5d-999e-5ded7bafa1ab.jpg\" data-dt-img-description=\"\" data-large_image_width=\"840\" data-large_image_height=\"1002\"><img loading=\"lazy\" decoding=\"async\" class=\" wp-image-302819 alignleft\" src=\"https:\/\/www.radiopiu.net\/wordpress\/wp-content\/uploads\/2022\/10\/a1749495-66a3-4b5d-999e-5ded7bafa1ab-251x300.jpg\" alt=\"\" width=\"105\" height=\"125\" srcset=\"https:\/\/www.radiopiu.net\/wordpress\/wp-content\/uploads\/2022\/10\/a1749495-66a3-4b5d-999e-5ded7bafa1ab-251x300.jpg 251w, https:\/\/www.radiopiu.net\/wordpress\/wp-content\/uploads\/2022\/10\/a1749495-66a3-4b5d-999e-5ded7bafa1ab-768x916.jpg 768w, https:\/\/www.radiopiu.net\/wordpress\/wp-content\/uploads\/2022\/10\/a1749495-66a3-4b5d-999e-5ded7bafa1ab.jpg 840w\" sizes=\"auto, (max-width: 105px) 100vw, 105px\" \/><\/a>di Claudio Pra<\/strong><\/p>\n<p>Marted\u00ec 25 ottobre si verificher\u00e0 un eclisse parziale di Sole ben osservabile dai nostri luoghi. Il nero disco lunare intaccher\u00e1 quello solare verso le 11.15, per poi avanzare fino a coprirne un terzo nel momento del massimo dell&#8217;eclisse previsto attorno alle 12.15. Alle 13.15 circa il fenomeno terminer\u00e0. Le raccomandazioni per seguire in sicurezza il fenomeno celeste sono sempre le stesse: mai guardare direttamente il Sole o inventarsi dubbie protezioni ma munirsi di un filtro solare, sia che l&#8217;osservazione sia effettuata ad occhio nudo, con piccoli binocoli o al telescopio.<\/p>\n<p>&nbsp;<\/p>\n<p>&nbsp;<\/p>\n<hr \/>\n<p>&nbsp;<\/p>\n<blockquote>\n<h3>LA STORIA, RACCONTATA DA FLAVIO VIZZUTTI DELLE CHIESE DELL\u2019ANTICA PIEVE DI CADOLA<\/h3>\n<\/blockquote>\n<p><strong>di Renato Bona<\/strong><\/p>\n<p>Siamo sinceramente grati, e sono davvero numerosi i suoi estimatori, al prof. Flavio Vizzutti per aver realizzato nel settembre 1999 a cura delle parrocchie di Cadola, Polpet-Ponte nelle Alpi, Col di Cugnan, Quantin, con valide collaborazioni, in primo luogo quelle dei parroci, il libro \u201cLe Chiese dell\u2019antica Pieve di Cadola\u201d con documenti di storia e d\u2019arte (stampa della bellunese tipografia Piave, referenze fotografiche di Giancarlo De Santi di Belluno e d\u2019archivio). Se nel precedente servizio abbiamo sinteticamente detto del prezioso volume riportando lusinghieri passaggi delle presentazioni dell\u2019arciprete di Cadola don Cesare Vazza e del sindaco di Ponte nelle Alpi, Vittorio Fregona, in questa occasione, anche se lo spazio \u00e8 sempre tiranno, vediamo di conoscere unm po\u2019 della storia della \u201cChiesa arcipretale di Santa Maria del Rosario di Cadola\u201d di cui Vizzutti scrive in apertura: \u201cAvendo gi\u00e0 appurato che il primitivo tempio intitolato alla Madre di Dio risale a prima del Mille, nulla per\u00f2 conosciamo sino al 1340 anno in cui &#8211; pur indirettamente &#8211; viene ricordata la presenza del sacro edificio collegato alla Scuola dei Battuti\u201d. E aggiunge: il 7 maggio 1519 il vescovo Galeso Nichesola (1509-1627) compie la prima visita alla pieve rilevando anche la situazione dei beni patrimoniali (dotali) della chiesa; possessi che all\u2019epoca erano in genere costituiti da fondi agricoli o appezzamenti boschivi dati in periodico affitto alla gente del luogo. In tal modo si ottenevano i proventi indispensabili per le necessit\u00e0 connesse al culto, al mantenimento dello stesso edificio, alle opere assistenziali e di altro tipo. Qualche anno dopo, altra visita e \u201cnel verbale del vescovo Giulio Contarini (1542-1575) giunto a Cadola il 18 luglio 1553 per incontrare i fedeli ed il pievano Giambattista Salatini, per ispezionare lo stato di manutenzione della matrice e delle chiese filiali diffuse sul territorio parrocchiale, si accenna al fonte lustrale che verr\u00e0 rifatto nelle nobili forme tutt\u2019oggi ammirabili da don Sebastiano Salatini (fratello del precedente) nel mese di aprile 1585\u201d. Altre notizie a volo d\u2019uccello: sotto il dinamico pievano Sebastiano Salatini \u2013 titolare dell\u2019incarico dal 1561 al 1585 \u2013 si completano i principali lavori per l\u2019ingrandimento del tempio (la matrice \u00e8 infatti divenuta insufficiente per l\u2019incremento demografico) ed il 26 agosto 1577 il vescovo Giovanni Battista Valier (1575-1596) consente alla richiesta di poter eseguire in pietra il dossale dell\u2019altar maggiore, destinato ad ospitare nel 1581 la pala di Cesare Vecellio, tutt\u2019oggi in loco\u2026 Dopo diversi anni, tutto \u00e8 messo in regola ed il 29 agosto 1594 il vescovo consacra la nuova pievanale. Il 26 settembre 1627 giunge a Cadola il vescovo Giovanni Dolfin (1626-1634) che apprezza i restauri del campanile, loda poi l\u2019artistico tabernacolo, gli arredi, il bel pavimento di pietra ed il senso di decoro generale \u201cdovuto alla sagacia dei vari amministratori e alle cure del pievano Vincenzo Oregne. E siamo alla mattinata di marted\u00ec 6 agosto 1754 quando il vescovo Giacomo Costa (1747-1755) concluse la visita alla parrocchiale dove \u201ctrov\u00f2 il tutto decentemente tenuto\u201d. Saranno invece gravi offese quelle inferte a campanile e chiesa durante il bombardamento del 23 marzo 1945 ma: \u201cla tenacia e l\u2019amorevole attaccamento della gente\u201d avranno ragione dei nuovi danni se nell\u2019autunno dell\u2019anno successivo tutto \u00e8 stato ripristinato con il massimo decoro anche grazie all\u2019intraprendenza dell\u2019arciprete Giacomo Viezzer. La chiesa madre torna all\u2019originario splendore ed il 2 febbraio 1947 il vescovo Girolamo Bortignon (1944-1949) ne presiede la consacrazione. Il 2 febbraio 1997 \u2013 conclude il prof. Vizzutti \u2013 in occasione delle celebrazioni del cinquantesimo anniversario della consacrazione, \u00e8 stata infine scoperta una lapide, eseguita dallo scultore Franco Fiabane, murata vicino all\u2019ingresso principale.<\/p>\n\n\t\t\t<style type='text\/css'>\n\t\t\t\t#gallery-11 {\n\t\t\t\t\tmargin: auto;\n\t\t\t\t}\n\t\t\t\t#gallery-11 .gallery-item {\n\t\t\t\t\tfloat: left;\n\t\t\t\t\tmargin-top: 10px;\n\t\t\t\t\ttext-align: center;\n\t\t\t\t\twidth: 16%;\n\t\t\t\t}\n\t\t\t\t#gallery-11 img {\n\t\t\t\t\tborder: 2px solid #cfcfcf;\n\t\t\t\t}\n\t\t\t\t#gallery-11 .gallery-caption {\n\t\t\t\t\tmargin-left: 0;\n\t\t\t\t}\n\t\t\t\t\/* see gallery_shortcode() in wp-includes\/media.php *\/\n\t\t\t<\/style>\n\t\t<div id='gallery-11' class='dt-gallery-container gallery galleryid-302682 gallery-columns-6 gallery-size-thumbnail'><dl class='gallery-item'>\n\t\t\t\t<dt class='gallery-icon landscape'>\n\t\t\t\t\t<a class=\"rollover rollover-zoom dt-pswp-item\" title=\"307376744_5699761070106115_2530172119657311050_n\" data-dt-img-description=\"\" data-large_image_width=\"1080\" data-large_image_height=\"400\"href='https:\/\/www.radiopiu.net\/wordpress\/wp-content\/uploads\/2022\/10\/307376744_5699761070106115_2530172119657311050_n.jpg'><img loading=\"lazy\" decoding=\"async\" width=\"150\" height=\"150\" src=\"https:\/\/www.radiopiu.net\/wordpress\/wp-content\/uploads\/2022\/10\/307376744_5699761070106115_2530172119657311050_n-150x150.jpg\" class=\"attachment-thumbnail size-thumbnail\" alt=\"\" \/><\/a>\n\t\t\t\t<\/dt><\/dl><dl class='gallery-item'>\n\t\t\t\t<dt class='gallery-icon landscape'>\n\t\t\t\t\t<a class=\"rollover rollover-zoom dt-pswp-item\" title=\"306019594_1350207595720239_1680310534823581729_n\" data-dt-img-description=\"\" data-large_image_width=\"478\" data-large_image_height=\"403\"href='https:\/\/www.radiopiu.net\/wordpress\/wp-content\/uploads\/2022\/10\/306019594_1350207595720239_1680310534823581729_n.jpg'><img loading=\"lazy\" decoding=\"async\" width=\"150\" height=\"150\" src=\"https:\/\/www.radiopiu.net\/wordpress\/wp-content\/uploads\/2022\/10\/306019594_1350207595720239_1680310534823581729_n-150x150.jpg\" class=\"attachment-thumbnail size-thumbnail\" alt=\"\" \/><\/a>\n\t\t\t\t<\/dt><\/dl><dl class='gallery-item'>\n\t\t\t\t<dt class='gallery-icon portrait'>\n\t\t\t\t\t<a class=\"rollover rollover-zoom dt-pswp-item\" title=\"306040104_655637406188148_4343264448727725849_n\" data-dt-img-description=\"\" data-large_image_width=\"361\" data-large_image_height=\"403\"href='https:\/\/www.radiopiu.net\/wordpress\/wp-content\/uploads\/2022\/10\/306040104_655637406188148_4343264448727725849_n.jpg'><img loading=\"lazy\" decoding=\"async\" width=\"150\" height=\"150\" src=\"https:\/\/www.radiopiu.net\/wordpress\/wp-content\/uploads\/2022\/10\/306040104_655637406188148_4343264448727725849_n-150x150.jpg\" class=\"attachment-thumbnail size-thumbnail\" alt=\"\" \/><\/a>\n\t\t\t\t<\/dt><\/dl><dl class='gallery-item'>\n\t\t\t\t<dt class='gallery-icon portrait'>\n\t\t\t\t\t<a class=\"rollover rollover-zoom dt-pswp-item\" title=\"311453255_1303652010444938_5828686801459729118_n\" data-dt-img-description=\"\" data-large_image_width=\"397\" data-large_image_height=\"403\"href='https:\/\/www.radiopiu.net\/wordpress\/wp-content\/uploads\/2022\/10\/311453255_1303652010444938_5828686801459729118_n.jpg'><img loading=\"lazy\" decoding=\"async\" width=\"150\" height=\"150\" src=\"https:\/\/www.radiopiu.net\/wordpress\/wp-content\/uploads\/2022\/10\/311453255_1303652010444938_5828686801459729118_n-150x150.jpg\" class=\"attachment-thumbnail size-thumbnail\" alt=\"\" \/><\/a>\n\t\t\t\t<\/dt><\/dl><dl class='gallery-item'>\n\t\t\t\t<dt class='gallery-icon landscape'>\n\t\t\t\t\t<a class=\"rollover rollover-zoom dt-pswp-item\" title=\"312405192_6096966366998275_8014600707458195400_n\" data-dt-img-description=\"\" data-large_image_width=\"520\" data-large_image_height=\"403\"href='https:\/\/www.radiopiu.net\/wordpress\/wp-content\/uploads\/2022\/10\/312405192_6096966366998275_8014600707458195400_n.jpg'><img loading=\"lazy\" decoding=\"async\" width=\"150\" height=\"150\" src=\"https:\/\/www.radiopiu.net\/wordpress\/wp-content\/uploads\/2022\/10\/312405192_6096966366998275_8014600707458195400_n-150x150.jpg\" class=\"attachment-thumbnail size-thumbnail\" alt=\"\" \/><\/a>\n\t\t\t\t<\/dt><\/dl><dl class='gallery-item'>\n\t\t\t\t<dt class='gallery-icon portrait'>\n\t\t\t\t\t<a class=\"rollover rollover-zoom dt-pswp-item\" title=\"311954363_405237191816985_1428483399597282891_n\" data-dt-img-description=\"\" data-large_image_width=\"307\" data-large_image_height=\"640\"href='https:\/\/www.radiopiu.net\/wordpress\/wp-content\/uploads\/2022\/10\/311954363_405237191816985_1428483399597282891_n.jpg'><img loading=\"lazy\" decoding=\"async\" width=\"150\" height=\"150\" src=\"https:\/\/www.radiopiu.net\/wordpress\/wp-content\/uploads\/2022\/10\/311954363_405237191816985_1428483399597282891_n-150x150.jpg\" class=\"attachment-thumbnail size-thumbnail\" alt=\"\" \/><\/a>\n\t\t\t\t<\/dt><\/dl><br style=\"clear: both\" \/><dl class='gallery-item'>\n\t\t\t\t<dt class='gallery-icon portrait'>\n\t\t\t\t\t<a class=\"rollover rollover-zoom dt-pswp-item\" title=\"308959008_2889516601342134_4480547996664164832_n\" data-dt-img-description=\"\" data-large_image_width=\"318\" data-large_image_height=\"640\"href='https:\/\/www.radiopiu.net\/wordpress\/wp-content\/uploads\/2022\/10\/308959008_2889516601342134_4480547996664164832_n.jpg'><img loading=\"lazy\" decoding=\"async\" width=\"150\" height=\"150\" src=\"https:\/\/www.radiopiu.net\/wordpress\/wp-content\/uploads\/2022\/10\/308959008_2889516601342134_4480547996664164832_n-150x150.jpg\" class=\"attachment-thumbnail size-thumbnail\" alt=\"\" \/><\/a>\n\t\t\t\t<\/dt><\/dl><dl class='gallery-item'>\n\t\t\t\t<dt class='gallery-icon portrait'>\n\t\t\t\t\t<a class=\"rollover rollover-zoom dt-pswp-item\" title=\"305231730_1152707232004275_4452698836671525700_n\" data-dt-img-description=\"\" data-large_image_width=\"308\" data-large_image_height=\"600\"href='https:\/\/www.radiopiu.net\/wordpress\/wp-content\/uploads\/2022\/10\/305231730_1152707232004275_4452698836671525700_n.jpg'><img loading=\"lazy\" decoding=\"async\" width=\"150\" height=\"150\" src=\"https:\/\/www.radiopiu.net\/wordpress\/wp-content\/uploads\/2022\/10\/305231730_1152707232004275_4452698836671525700_n-150x150.jpg\" class=\"attachment-thumbnail size-thumbnail\" alt=\"\" \/><\/a>\n\t\t\t\t<\/dt><\/dl><dl class='gallery-item'>\n\t\t\t\t<dt class='gallery-icon portrait'>\n\t\t\t\t\t<a class=\"rollover rollover-zoom dt-pswp-item\" title=\"312132544_504522881576704_5913660931899733608_n\" data-dt-img-description=\"\" data-large_image_width=\"320\" data-large_image_height=\"593\"href='https:\/\/www.radiopiu.net\/wordpress\/wp-content\/uploads\/2022\/10\/312132544_504522881576704_5913660931899733608_n.jpg'><img loading=\"lazy\" decoding=\"async\" width=\"150\" height=\"150\" src=\"https:\/\/www.radiopiu.net\/wordpress\/wp-content\/uploads\/2022\/10\/312132544_504522881576704_5913660931899733608_n-150x150.jpg\" class=\"attachment-thumbnail size-thumbnail\" alt=\"\" \/><\/a>\n\t\t\t\t<\/dt><\/dl><dl class='gallery-item'>\n\t\t\t\t<dt class='gallery-icon portrait'>\n\t\t\t\t\t<a class=\"rollover rollover-zoom dt-pswp-item\" title=\"300148829_817865362890045_4045997851560987598_n\" data-dt-img-description=\"\" data-large_image_width=\"312\" data-large_image_height=\"600\"href='https:\/\/www.radiopiu.net\/wordpress\/wp-content\/uploads\/2022\/10\/300148829_817865362890045_4045997851560987598_n.jpg'><img loading=\"lazy\" decoding=\"async\" width=\"150\" height=\"150\" src=\"https:\/\/www.radiopiu.net\/wordpress\/wp-content\/uploads\/2022\/10\/300148829_817865362890045_4045997851560987598_n-150x150.jpg\" class=\"attachment-thumbnail size-thumbnail\" alt=\"\" \/><\/a>\n\t\t\t\t<\/dt><\/dl><dl class='gallery-item'>\n\t\t\t\t<dt class='gallery-icon portrait'>\n\t\t\t\t\t<a class=\"rollover rollover-zoom dt-pswp-item\" title=\"307411456_831588371370662_2285717328194132138_n\" data-dt-img-description=\"\" data-large_image_width=\"319\" data-large_image_height=\"600\"href='https:\/\/www.radiopiu.net\/wordpress\/wp-content\/uploads\/2022\/10\/307411456_831588371370662_2285717328194132138_n.jpg'><img loading=\"lazy\" decoding=\"async\" width=\"150\" height=\"150\" src=\"https:\/\/www.radiopiu.net\/wordpress\/wp-content\/uploads\/2022\/10\/307411456_831588371370662_2285717328194132138_n-150x150.jpg\" class=\"attachment-thumbnail size-thumbnail\" alt=\"\" \/><\/a>\n\t\t\t\t<\/dt><\/dl><dl class='gallery-item'>\n\t\t\t\t<dt class='gallery-icon portrait'>\n\t\t\t\t\t<a class=\"rollover rollover-zoom dt-pswp-item\" title=\"311460273_1278311749689756_4867536764601851798_n\" data-dt-img-description=\"\" data-large_image_width=\"301\" data-large_image_height=\"540\"href='https:\/\/www.radiopiu.net\/wordpress\/wp-content\/uploads\/2022\/10\/311460273_1278311749689756_4867536764601851798_n.jpg'><img loading=\"lazy\" decoding=\"async\" width=\"150\" height=\"150\" src=\"https:\/\/www.radiopiu.net\/wordpress\/wp-content\/uploads\/2022\/10\/311460273_1278311749689756_4867536764601851798_n-150x150.jpg\" class=\"attachment-thumbnail size-thumbnail\" alt=\"\" \/><\/a>\n\t\t\t\t<\/dt><\/dl><br style=\"clear: both\" \/><dl class='gallery-item'>\n\t\t\t\t<dt class='gallery-icon portrait'>\n\t\t\t\t\t<a class=\"rollover rollover-zoom dt-pswp-item\" title=\"311476554_661996968832443_794499745430278958_n\" data-dt-img-description=\"\" data-large_image_width=\"318\" data-large_image_height=\"540\"href='https:\/\/www.radiopiu.net\/wordpress\/wp-content\/uploads\/2022\/10\/311476554_661996968832443_794499745430278958_n.jpg'><img loading=\"lazy\" decoding=\"async\" width=\"150\" height=\"150\" src=\"https:\/\/www.radiopiu.net\/wordpress\/wp-content\/uploads\/2022\/10\/311476554_661996968832443_794499745430278958_n-150x150.jpg\" class=\"attachment-thumbnail size-thumbnail\" alt=\"\" \/><\/a>\n\t\t\t\t<\/dt><\/dl><dl class='gallery-item'>\n\t\t\t\t<dt class='gallery-icon portrait'>\n\t\t\t\t\t<a class=\"rollover rollover-zoom dt-pswp-item\" title=\"311285722_521262013345122_1347507972741885926_n\" data-dt-img-description=\"\" data-large_image_width=\"304\" data-large_image_height=\"480\"href='https:\/\/www.radiopiu.net\/wordpress\/wp-content\/uploads\/2022\/10\/311285722_521262013345122_1347507972741885926_n.jpg'><img loading=\"lazy\" decoding=\"async\" width=\"150\" height=\"150\" src=\"https:\/\/www.radiopiu.net\/wordpress\/wp-content\/uploads\/2022\/10\/311285722_521262013345122_1347507972741885926_n-150x150.jpg\" class=\"attachment-thumbnail size-thumbnail\" alt=\"\" \/><\/a>\n\t\t\t\t<\/dt><\/dl><dl class='gallery-item'>\n\t\t\t\t<dt class='gallery-icon portrait'>\n\t\t\t\t\t<a class=\"rollover rollover-zoom dt-pswp-item\" title=\"305563972_4327809034010386_3237314418849757930_n\" data-dt-img-description=\"\" data-large_image_width=\"308\" data-large_image_height=\"640\"href='https:\/\/www.radiopiu.net\/wordpress\/wp-content\/uploads\/2022\/10\/305563972_4327809034010386_3237314418849757930_n.jpg'><img loading=\"lazy\" decoding=\"async\" width=\"150\" height=\"150\" src=\"https:\/\/www.radiopiu.net\/wordpress\/wp-content\/uploads\/2022\/10\/305563972_4327809034010386_3237314418849757930_n-150x150.jpg\" class=\"attachment-thumbnail size-thumbnail\" alt=\"\" \/><\/a>\n\t\t\t\t<\/dt><\/dl><dl class='gallery-item'>\n\t\t\t\t<dt class='gallery-icon portrait'>\n\t\t\t\t\t<a class=\"rollover rollover-zoom dt-pswp-item\" title=\"311165975_506099977822449_2036720339192977049_n\" data-dt-img-description=\"\" data-large_image_width=\"309\" data-large_image_height=\"720\"href='https:\/\/www.radiopiu.net\/wordpress\/wp-content\/uploads\/2022\/10\/311165975_506099977822449_2036720339192977049_n.jpg'><img loading=\"lazy\" decoding=\"async\" width=\"150\" height=\"150\" src=\"https:\/\/www.radiopiu.net\/wordpress\/wp-content\/uploads\/2022\/10\/311165975_506099977822449_2036720339192977049_n-150x150.jpg\" class=\"attachment-thumbnail size-thumbnail\" alt=\"\" \/><\/a>\n\t\t\t\t<\/dt><\/dl><dl class='gallery-item'>\n\t\t\t\t<dt class='gallery-icon landscape'>\n\t\t\t\t\t<a class=\"rollover rollover-zoom dt-pswp-item\" title=\"310393147_810171966925115_2333302586937197128_n\" data-dt-img-description=\"\" data-large_image_width=\"972\" data-large_image_height=\"403\"href='https:\/\/www.radiopiu.net\/wordpress\/wp-content\/uploads\/2022\/10\/310393147_810171966925115_2333302586937197128_n.jpg'><img loading=\"lazy\" decoding=\"async\" width=\"150\" height=\"150\" src=\"https:\/\/www.radiopiu.net\/wordpress\/wp-content\/uploads\/2022\/10\/310393147_810171966925115_2333302586937197128_n-150x150.jpg\" class=\"attachment-thumbnail size-thumbnail\" alt=\"\" \/><\/a>\n\t\t\t\t<\/dt><\/dl><dl class='gallery-item'>\n\t\t\t\t<dt class='gallery-icon landscape'>\n\t\t\t\t\t<a class=\"rollover rollover-zoom dt-pswp-item\" title=\"310968023_2004370609763390_5732169241635054744_n\" data-dt-img-description=\"\" data-large_image_width=\"595\" data-large_image_height=\"403\"href='https:\/\/www.radiopiu.net\/wordpress\/wp-content\/uploads\/2022\/10\/310968023_2004370609763390_5732169241635054744_n.jpg'><img loading=\"lazy\" decoding=\"async\" width=\"150\" height=\"150\" src=\"https:\/\/www.radiopiu.net\/wordpress\/wp-content\/uploads\/2022\/10\/310968023_2004370609763390_5732169241635054744_n-150x150.jpg\" class=\"attachment-thumbnail size-thumbnail\" alt=\"\" \/><\/a>\n\t\t\t\t<\/dt><\/dl><br style=\"clear: both\" \/>\n\t\t\t<\/div>\n\n<p>&nbsp;<\/p>\n<p>NELLE FOTO (riproduzioni dal libro \u201cLe Chiese dell\u2019antica Pieve di Cadola\u201d): architrave dell\u2019antica sacrestia ora murata sopra l\u2019ingresso della vecchia canonica; visione dell\u2019esterno; visione generale dell\u2019interno; dall\u2019Archivio arcipretale: Catastico della chiesa di Cadola, 1783; porte dell\u2019ingresso principale, opera dello scultore Valentino Riva; Statuti Scuola Battuti, 1758; Penitenti, in pietra di Cugnan, ai lati dell\u2019ingresso principale; di scultore veneto, in marmo di Carrara: San Domenico di Guzman e San Tommaso D\u2019Aquino, ai lati dell\u2019arcata trionfale; Beata Vergine del Rosario in legno laccato e parzialmente dorato, di Valentino Panciera Besarel, primo altare minore di sinistra; di anonimo bellunese: Santi Sebastiano, Rocco e Stefano, olio su tela, pala del secondo altare minore di sinistra; di anonimo del secolo XVII: Angelo custode e Santi, olio su tela, pala del secondo altare minore di destra; di Cesare Vecellio (1581): Vergine in trono tra i Santi Giovanni Battista e Girolamo, olio su tela, pala dell\u2019altar maggiore; di Antonio Mussner (1928): Santi Giuseppe e Giovanni Battista, legno laccato, ai lati dell\u2019altar maggiore; Francesco Frigimelica \u201cIl Vecchio\u201d (Camposampiero di Padova 1570 circa \u2013 Belluno post 1646) l\u2019autore di \u201cMadonna dei Battuti\u201d, parete di destra dell\u2019aula: particolare di quest\u2019opera.<\/p>\n<p>&nbsp;<\/p>\n<p>&nbsp;<\/p>\n<hr \/>\n<p>&nbsp;<\/p>\n<blockquote class=\"wp-embedded-content\" data-secret=\"BSXgZyjxNU\"><p><a href=\"https:\/\/www.radiopiu.net\/wordpress\/in-viaggio-con-stefano-e-paolo-giorno-02\/\">IN VIAGGIO CON STEFANO  E PAOLO, FINO ALLA FINE DEL MONDO PER IL COMITATO POLLICINO.<\/a><\/p><\/blockquote>\n<p><iframe loading=\"lazy\" class=\"wp-embedded-content\" sandbox=\"allow-scripts\" security=\"restricted\" style=\"position: absolute; clip: rect(1px, 1px, 1px, 1px);\" title=\"&#8220;IN VIAGGIO CON STEFANO  E PAOLO, FINO ALLA FINE DEL MONDO PER IL COMITATO POLLICINO.&#8221; &#8212; Radio Pi\u00f9\" src=\"https:\/\/www.radiopiu.net\/wordpress\/in-viaggio-con-stefano-e-paolo-giorno-02\/embed\/#?secret=X1SaiEvVdJ#?secret=BSXgZyjxNU\" data-secret=\"BSXgZyjxNU\" width=\"600\" height=\"338\" frameborder=\"0\" marginwidth=\"0\" marginheight=\"0\" scrolling=\"no\"><\/iframe><\/p>\n<p>&nbsp;<\/p>\n<hr \/>\n<p>&nbsp;<\/p>\n<h2><span style=\"color: #ff0000;\">IERI ALLA RADIO<\/span><\/h2>\n<h2><span style=\"color: #008000;\">DUE MINUTI PER TE<\/span><\/h2>\n<p><strong><a class=\"dt-pswp-item\" href=\"https:\/\/www.radiopiu.net\/wordpress\/wp-content\/uploads\/2020\/12\/DON-GIORGIO-LISE.jpg\" data-dt-img-description=\"\" data-large_image_width=\"1600\" data-large_image_height=\"901\"><img loading=\"lazy\" decoding=\"async\" class=\"wp-image-177420 alignleft\" src=\"https:\/\/www.radiopiu.net\/wordpress\/wp-content\/uploads\/2020\/12\/DON-GIORGIO-LISE-300x169.jpg\" alt=\"\" width=\"197\" height=\"111\" srcset=\"https:\/\/www.radiopiu.net\/wordpress\/wp-content\/uploads\/2020\/12\/DON-GIORGIO-LISE-300x169.jpg 300w, https:\/\/www.radiopiu.net\/wordpress\/wp-content\/uploads\/2020\/12\/DON-GIORGIO-LISE-1024x577.jpg 1024w, https:\/\/www.radiopiu.net\/wordpress\/wp-content\/uploads\/2020\/12\/DON-GIORGIO-LISE-768x432.jpg 768w, https:\/\/www.radiopiu.net\/wordpress\/wp-content\/uploads\/2020\/12\/DON-GIORGIO-LISE-1536x865.jpg 1536w, https:\/\/www.radiopiu.net\/wordpress\/wp-content\/uploads\/2020\/12\/DON-GIORGIO-LISE.jpg 1600w\" sizes=\"auto, (max-width: 197px) 100vw, 197px\" \/><\/a>APPUNTAMENTO DELLA DOMENICA CON MONSIGNOR GIORGIO LISE<\/strong><\/p>\n<audio class=\"wp-audio-shortcode\" id=\"audio-302682-4\" preload=\"none\" style=\"width: 100%;\" controls=\"controls\"><source type=\"audio\/mpeg\" src=\"https:\/\/www.radiopiu.net\/wordpress\/wp-content\/uploads\/2022\/10\/DON-GIORGIO-2.mp3?_=4\" \/><a href=\"https:\/\/www.radiopiu.net\/wordpress\/wp-content\/uploads\/2022\/10\/DON-GIORGIO-2.mp3\">https:\/\/www.radiopiu.net\/wordpress\/wp-content\/uploads\/2022\/10\/DON-GIORGIO-2.mp3<\/a><\/audio>\n<p>&nbsp;<\/p>\n<hr \/>\n<p>&nbsp;<\/p>\n<h2><span style=\"color: #ff6600;\">LA RASSEGNA STAMPA DA L&#8217;AMICO DEL POPOLO<\/span><\/h2>\n<p><strong><a class=\"dt-pswp-item\" href=\"https:\/\/www.radiopiu.net\/wordpress\/wp-content\/uploads\/2021\/06\/244f56bc-9696-40f1-b3e8-f2f5b3cf36c3.jpg\" data-dt-img-description=\"\" data-large_image_width=\"768\" data-large_image_height=\"1024\"><img loading=\"lazy\" decoding=\"async\" class=\" wp-image-215002 alignleft\" src=\"https:\/\/www.radiopiu.net\/wordpress\/wp-content\/uploads\/2021\/06\/244f56bc-9696-40f1-b3e8-f2f5b3cf36c3-225x300.jpg\" alt=\"\" width=\"109\" height=\"145\" srcset=\"https:\/\/www.radiopiu.net\/wordpress\/wp-content\/uploads\/2021\/06\/244f56bc-9696-40f1-b3e8-f2f5b3cf36c3-225x300.jpg 225w, https:\/\/www.radiopiu.net\/wordpress\/wp-content\/uploads\/2021\/06\/244f56bc-9696-40f1-b3e8-f2f5b3cf36c3.jpg 768w\" sizes=\"auto, (max-width: 109px) 100vw, 109px\" \/><\/a>di Gianni Santomaso<\/strong><\/p>\n<p>OSPITE: Marco Toffanin e Beatrice Colleselli<\/p>\n<audio class=\"wp-audio-shortcode\" id=\"audio-302682-5\" preload=\"none\" style=\"width: 100%;\" controls=\"controls\"><source type=\"audio\/mpeg\" src=\"https:\/\/www.radiopiu.net\/wordpress\/wp-content\/uploads\/2022\/10\/RASSEGNA-GIANNI-2.mp3?_=5\" \/><a href=\"https:\/\/www.radiopiu.net\/wordpress\/wp-content\/uploads\/2022\/10\/RASSEGNA-GIANNI-2.mp3\">https:\/\/www.radiopiu.net\/wordpress\/wp-content\/uploads\/2022\/10\/RASSEGNA-GIANNI-2.mp3<\/a><\/audio>\n<p>&nbsp;<\/p>\n<hr \/>\n<p>&nbsp;<\/p>\n<div>\n<div class=\"b654a4as d2edcug0\">\n<div class=\"rq0escxv hkbzh7o3 jwdofwj8 n8tt0mok r8blr3vg hyh9befq\">\n<p><a class=\"dt-pswp-item\" href=\"https:\/\/www.radiopiu.net\/wordpress\/wp-content\/uploads\/2020\/10\/pp.jpg\" data-dt-img-description=\"\" data-large_image_width=\"640\" data-large_image_height=\"640\"><img loading=\"lazy\" decoding=\"async\" class=\"wp-image-163678 alignleft\" src=\"https:\/\/www.radiopiu.net\/wordpress\/wp-content\/uploads\/2020\/10\/pp-300x300.jpg\" alt=\"\" width=\"106\" height=\"106\" srcset=\"https:\/\/www.radiopiu.net\/wordpress\/wp-content\/uploads\/2020\/10\/pp-300x300.jpg 300w, https:\/\/www.radiopiu.net\/wordpress\/wp-content\/uploads\/2020\/10\/pp-150x150.jpg 150w, https:\/\/www.radiopiu.net\/wordpress\/wp-content\/uploads\/2020\/10\/pp-125x125.jpg 125w, https:\/\/www.radiopiu.net\/wordpress\/wp-content\/uploads\/2020\/10\/pp-200x200.jpg 200w, https:\/\/www.radiopiu.net\/wordpress\/wp-content\/uploads\/2020\/10\/pp-80x80.jpg 80w, https:\/\/www.radiopiu.net\/wordpress\/wp-content\/uploads\/2020\/10\/pp-480x480.jpg 480w, https:\/\/www.radiopiu.net\/wordpress\/wp-content\/uploads\/2020\/10\/pp.jpg 640w\" sizes=\"auto, (max-width: 106px) 100vw, 106px\" \/><\/a><\/p>\n<\/div>\n<\/div>\n<\/div>\n<div>\n<div class=\"page-title-head hgroup\">\n<div class=\"page-title-head hgroup\">\n<div class=\"b654a4as d2edcug0\">\n<div class=\"j83agx80 btwxx1t3 lhclo0ds hop8lmos nkwizq5d scwd0bx6 roh60bw9\">\n<div class=\"rq0escxv hkbzh7o3 jwdofwj8 n8tt0mok r8blr3vg hyh9befq\">\n<div class=\"do00u71z l9j0dhe7 k4urcfbm\">\n<h2><span style=\"color: #000080;\">DON CESARE, IL PENSIERO DEL GIORNO. ALLA RADIO ALLE 7 DEL MATTINO E ALLE 19.30 DELLA SERA.\u00a0<\/span><\/h2>\n<audio class=\"wp-audio-shortcode\" id=\"audio-302682-6\" preload=\"none\" style=\"width: 100%;\" controls=\"controls\"><source type=\"audio\/mpeg\" src=\"https:\/\/www.radiopiu.net\/wordpress\/wp-content\/uploads\/2022\/10\/CESARE-18.mp3?_=6\" \/><a href=\"https:\/\/www.radiopiu.net\/wordpress\/wp-content\/uploads\/2022\/10\/CESARE-18.mp3\">https:\/\/www.radiopiu.net\/wordpress\/wp-content\/uploads\/2022\/10\/CESARE-18.mp3<\/a><\/audio>\n<p>&nbsp;<\/p>\n<hr \/>\n<p>&nbsp;<\/p>\n<h2><span style=\"color: #ff6600;\">COLLAGE OPERAZIONE NOSTALGIA<\/span><\/h2>\n<p><strong><a class=\"dt-pswp-item\" href=\"https:\/\/www.radiopiu.net\/wordpress\/wp-content\/uploads\/2022\/10\/Venus.jpg\" data-dt-img-description=\"\" data-large_image_width=\"480\" data-large_image_height=\"360\"><img loading=\"lazy\" decoding=\"async\" class=\" wp-image-302794 alignleft\" src=\"https:\/\/www.radiopiu.net\/wordpress\/wp-content\/uploads\/2022\/10\/Venus-300x225.jpg\" alt=\"\" width=\"133\" height=\"100\" srcset=\"https:\/\/www.radiopiu.net\/wordpress\/wp-content\/uploads\/2022\/10\/Venus-300x225.jpg 300w, https:\/\/www.radiopiu.net\/wordpress\/wp-content\/uploads\/2022\/10\/Venus.jpg 480w\" sizes=\"auto, (max-width: 133px) 100vw, 133px\" \/><\/a>di Loris Scussel<\/strong><\/p>\n<p>Saranno i brani il cui titolo inizia con le lettere R, S, T, U, V a comporre il \u201cCollage\u201d di questa settimana, inizieremo con \u201cRider\u00e0\u201d di Little Tony poi \u201cS. Francisco\u201d di Scott Mc Kenzie, \u201cTema\u201d dei Giganti, \u201cUn\u2019avventura\u201d di Lucio Battisti, \u201cVenus\u201d degli Shocking Blue solo per citare alcuni titoli dei brani in scaletta. Collage va in onda dal luned\u00ec al venerd\u00ec alle 16,00 e alle 23,00 naturalmente su Radio Pi\u00f9.<\/p>\n<p>&nbsp;<\/p>\n<hr \/>\n<p>&nbsp;<\/p>\n<div>\n<blockquote class=\"wp-embedded-content\" data-secret=\"9ng31ew6VN\"><p><a href=\"https:\/\/www.radiopiu.net\/wordpress\/odio-la-radio-dieci-anni-dopo-di-mirko-mezzacasa\/\">&#8220;ODIO LA RADIO&#8221;&#8230; DIECI ANNI DOPO, di Mirko Mezzacasa<\/a><\/p><\/blockquote>\n<p><iframe loading=\"lazy\" class=\"wp-embedded-content\" sandbox=\"allow-scripts\" security=\"restricted\" style=\"position: absolute; clip: rect(1px, 1px, 1px, 1px);\" title=\"&#8220;&#8220;ODIO LA RADIO&#8221;&#8230; DIECI ANNI DOPO, di Mirko Mezzacasa&#8221; &#8212; Radio Pi\u00f9\" src=\"https:\/\/www.radiopiu.net\/wordpress\/odio-la-radio-dieci-anni-dopo-di-mirko-mezzacasa\/embed\/#?secret=DRs303Gtz0#?secret=9ng31ew6VN\" data-secret=\"9ng31ew6VN\" width=\"600\" height=\"338\" frameborder=\"0\" marginwidth=\"0\" marginheight=\"0\" scrolling=\"no\"><\/iframe><\/p>\n<p>&nbsp;<\/p>\n<p>&nbsp;<\/p>\n<hr \/>\n<p>&nbsp;<\/p>\n<p><strong>OGNI GIORNO IL MERCATINO A RADIO PIU&#8217;, AL QUARANTESIMO MINUTO. IL PUNTO DI RIFERIMENTO PER CHI OFFRE O CERCA LAVORO NELL&#8217;ARCO DOLOMITICO, CENTINAIA DI VISUALIZZAZIONI AL GIORNO SUL SITO INTERNET, IN AUDIO ALLA RADIO E IN STREAMING IL TUTTO IL MONDO. IL MERCATINO DI RADIO PIU, PER INSERIRE I TUOI ANNUNCI SCRIVI A <span style=\"color: #0000ff;\">radiopiu@radiopiu.it<\/span><\/strong><\/p>\n<blockquote class=\"wp-embedded-content\" data-secret=\"4yaqqqUbWT\"><p><a href=\"https:\/\/www.radiopiu.net\/wordpress\/mercatino-e-mercatino-delle-pulci-per-i-vostri-annunci-radiopiuradiopiu-it\/\">MERCATINO<\/a><\/p><\/blockquote>\n<p><iframe loading=\"lazy\" class=\"wp-embedded-content\" sandbox=\"allow-scripts\" security=\"restricted\" style=\"position: absolute; clip: rect(1px, 1px, 1px, 1px);\" title=\"&#8220;MERCATINO&#8221; &#8212; Radio Pi\u00f9\" src=\"https:\/\/www.radiopiu.net\/wordpress\/mercatino-e-mercatino-delle-pulci-per-i-vostri-annunci-radiopiuradiopiu-it\/embed\/#?secret=xKBdHoURVV#?secret=4yaqqqUbWT\" data-secret=\"4yaqqqUbWT\" width=\"600\" height=\"338\" frameborder=\"0\" marginwidth=\"0\" marginheight=\"0\" scrolling=\"no\"><\/iframe><\/p>\n<\/div>\n<p>&nbsp;<\/p>\n<p>&nbsp;<\/p>\n<div>\n<hr \/>\n<p>&nbsp;<\/p>\n<p><img loading=\"lazy\" decoding=\"async\" class=\"aligncenter wp-image-61954 size-full\" src=\"https:\/\/www.radiopiu.net\/wordpress\/wp-content\/uploads\/2018\/09\/viabilita.jpeg\" sizes=\"auto, (max-width: 800px) 100vw, 800px\" srcset=\"https:\/\/www.radiopiu.net\/wordpress\/wp-content\/uploads\/2018\/09\/viabilita.jpeg 800w, https:\/\/www.radiopiu.net\/wordpress\/wp-content\/uploads\/2018\/09\/viabilita-300x38.jpeg 300w, https:\/\/www.radiopiu.net\/wordpress\/wp-content\/uploads\/2018\/09\/viabilita-768x96.jpeg 768w\" alt=\"\" width=\"800\" height=\"100\" \/><\/p>\n<p>&nbsp;<\/p>\n<blockquote>\n<h3>PONTE DEL FELICE A LA VALLE AGORDINA, CHIUSO FINO AL 24 OTTOBRE<strong>\u00a0<\/strong><\/h3>\n<\/blockquote>\n<p><strong>LA VALLE<\/strong> E&#8217; stata prorogata l&#8217;ordinanza di chiusura del ponte del Felice tra Crostolin di Agordo e il territorio comunale di La Valle Agordina (Ronche, Noach&#8230;) Ponte chiuso h24 fino al 24 ottobre, comunque fino alla conclusione dei lavori di ristrutturazione del ponte.<\/p>\n<p>&nbsp;<\/p>\n<blockquote>\n<h3>SP 8 DI SAN TOMASO, PROROGATA LA CHIUSURA A FASCE ORARIE FINO ALL&#8217;11 NOVEMBRE<\/h3>\n<\/blockquote>\n<p>Fino al 11 novembre, esclusi festivi e prefestivi, la strada chiuder\u00e0 totalmente dalle 7.15 alle 12.45 e dalle 14.15 alle 17.45. Negli altri orari senso unico alternato regolato da semaforo.<\/p>\n<p><em><strong>DIVIETO DI TRANSITO VEICOLARE A FADES DI LA VALLE AGORDINA TRA L&#8217;INCROCIO CON LA SR 347 E IL CIVICO 2. FINO AL 18 NOVEMBRE, SABATO, DOMENICA E FESTIVI COMPRESI. IL DIVIETO AVRA&#8217; EFFICACIA NEI GIORNI DI EFFETTIVA ESECUZIONE DEL CANTIERE.\u00a0\u00a0<\/strong><\/em><\/p>\n<p>&nbsp;<\/p>\n<p><strong>AGGIORNAMENTO VENETO STRADE, AGGIORNAMENTO CONTINUO H 24<\/strong><\/p>\n<p>&nbsp;<\/p>\n<blockquote class=\"wp-embedded-content\" data-secret=\"ikzq7eGRU4\"><p><a href=\"https:\/\/www.radiopiu.net\/wordpress\/viabilita\/\">viabilita<\/a><\/p><\/blockquote>\n<p><iframe loading=\"lazy\" class=\"wp-embedded-content\" sandbox=\"allow-scripts\" security=\"restricted\" style=\"position: absolute; clip: rect(1px, 1px, 1px, 1px);\" title=\"&#8220;viabilita&#8221; &#8212; Radio Pi\u00f9\" src=\"https:\/\/www.radiopiu.net\/wordpress\/viabilita\/embed\/#?secret=fVh4QgiMD6#?secret=ikzq7eGRU4\" data-secret=\"ikzq7eGRU4\" width=\"600\" height=\"338\" frameborder=\"0\" marginwidth=\"0\" marginheight=\"0\" scrolling=\"no\"><\/iframe><\/p>\n<p>&nbsp;<\/p>\n<p>&nbsp;<\/p>\n<hr \/>\n<p>&nbsp;<\/p>\n<p><a class=\"dt-pswp-item\" href=\"https:\/\/www.radiopiu.net\/wordpress\/wp-content\/uploads\/2018\/09\/WhatsApp-Image-2018-09-20-at-16.04.06.jpeg\" data-dt-img-description=\"\" data-large_image_width=\"800\" data-large_image_height=\"100\"><img loading=\"lazy\" decoding=\"async\" class=\"wp-image-61378 size-full aligncenter\" src=\"https:\/\/www.radiopiu.net\/wordpress\/wp-content\/uploads\/2018\/09\/WhatsApp-Image-2018-09-20-at-16.04.06.jpeg\" alt=\"\" width=\"800\" height=\"100\" srcset=\"https:\/\/www.radiopiu.net\/wordpress\/wp-content\/uploads\/2018\/09\/WhatsApp-Image-2018-09-20-at-16.04.06.jpeg 800w, https:\/\/www.radiopiu.net\/wordpress\/wp-content\/uploads\/2018\/09\/WhatsApp-Image-2018-09-20-at-16.04.06-300x38.jpeg 300w, https:\/\/www.radiopiu.net\/wordpress\/wp-content\/uploads\/2018\/09\/WhatsApp-Image-2018-09-20-at-16.04.06-768x96.jpeg 768w\" sizes=\"auto, (max-width: 800px) 100vw, 800px\" \/>\u00a0<\/a><\/p>\n<p><center><b>Lunedi 24<\/b><\/center><b>Tempo atteso: <\/b>Giornata nuvolosa anche molto nuvolosa, specie nella seconda parte, quando saranno possibili dei modesti o moderati fenomeni da sparsi a diffusi. Formazioni di nubi basse, associate a foschie o banchi di nebbia in molti tratti delle valli nelle ore pi\u00f9 fredde.<br \/>\n<b>Precipitazioni: <\/b>Al mattino assenti (0%). Aumento delle probabilit\u00e0 nel corso del pomeriggio, specie dalla sera, fino a medio-alta (50-75%), di precipitazioni sparse a tratti diffuse di modesta o di moderata intensit\u00e0, nevose oltre i 2600-2900 m.<br \/>\n<b>Temperature: <\/b>Minime in aumento anche sensibile e misurate in alta montagna a fine giornata, massime in lieve o contenuta diminuzione su valori di qualche grado superiori alla norma; escursione termica giornaliera contenuta per il modesto soleggiamento.<\/p>\n<hr \/>\n<p><center><b>Martedi 25<\/b><\/center><b>Tempo atteso: <\/b>Cielo generalmente nuvoloso caratterizzato da annuvolamenti irregolari alternati a parziali schiarite con possibili fenomeni durante la giornata. Possibile formazioni di nubi basse, associate a foschie o a banchi di nebbia in alcune valli nelle ore pi\u00f9 fredde.<br \/>\n<b>Precipitazioni: <\/b>Probabilit\u00e0 medio-bassa (25-50%) nelle prime ore per precipitazioni perlopi\u00f9 sparse in prevalenza di modesta intensit\u00e0, anche se non sono del tutto esclusi dei locali rovesci, con eventuali nevicate oltre i 2500-2800 m; la probabilit\u00e0 di precipitazioni tender\u00e0 a diminuire dopo l&#8217;alba, per poi aumentare ancora fino a medio-bassa (25-50%) nel pomeriggio per divenire assenti (0%) dalla sera. Tra luned\u00ec e marted\u00ec sono attesi quantitativi in media compresi tra i 5 e i 20 mm con punte di 25\/30 mm; i maggiori quantitativi sono attesi tra la sera e la notte di luned\u00ec.<br \/>\n<b>Temperature: <\/b>Minime in lieve o contenuto calo, massime senza notevoli variazioni.<\/p>\n<hr \/>\n<p><center><b>Mercoledi 26<\/b><\/center>Giornata pi\u00f9 soleggiata rispetto alle precedenti, con cielo generalmente poco nuvoloso, salvo risultare temporaneamente nuvoloso nelle ore pi\u00f9 fredde, fino a poco dopo l&#8217;alba, in alcune valli prealpine per nubi basse, foschie e qualche banco di nebbia. Precipitazioni generalmente assenti. Temperature minime in lieve calo, massime in contenuto aumento, su valori superiori alla norma.<\/p>\n<hr \/>\n<p><center><b>Giovedi 27<\/b><\/center>Giornata piuttosto soleggiata fin dal mattino, salvo qualche nube bassa o foschia o banco di nebbia in alcuni tratti delle valli, specie di quelle prealpine, nelle ore pi\u00f9 fredde. Temperature minime stazionarie o in ulteriore lieve calo con modesta inversione termica, massime in ulteriore contenuto aumento e superiori alle medie stagionali; significativa escursione termica giornaliera.\u00a0 Previsore: M.Padoan<\/p>\n<p>&nbsp;<\/p>\n<hr \/>\n<p>&nbsp;<\/p>\n<p><img loading=\"lazy\" decoding=\"async\" class=\"wp-image-60761 size-full aligncenter\" src=\"https:\/\/www.radiopiu.net\/wordpress\/wp-content\/uploads\/2018\/09\/sport.jpg\" alt=\"\" width=\"800\" height=\"100\" srcset=\"https:\/\/www.radiopiu.net\/wordpress\/wp-content\/uploads\/2018\/09\/sport.jpg 800w, https:\/\/www.radiopiu.net\/wordpress\/wp-content\/uploads\/2018\/09\/sport-300x38.jpg 300w, https:\/\/www.radiopiu.net\/wordpress\/wp-content\/uploads\/2018\/09\/sport-768x96.jpg 768w\" sizes=\"auto, (max-width: 800px) 100vw, 800px\" \/><\/p>\n<p>&nbsp;<\/p>\n<p><span style=\"color: #0000ff;\"><strong>CALCIO<\/strong><\/span><\/p>\n<blockquote>\n<h3>L&#8217;AGORDINA PERDE CON IL CASTION, BENE IL SETTORE GIOVANILE<\/h3>\n<\/blockquote>\n<p><strong><a class=\"dt-pswp-item\" href=\"https:\/\/www.radiopiu.net\/wordpress\/wp-content\/uploads\/2018\/12\/CALCIO-VINTAGE.jpg\" data-dt-img-description=\"\" data-large_image_width=\"800\" data-large_image_height=\"500\"><img loading=\"lazy\" decoding=\"async\" class=\" wp-image-69635 alignleft\" src=\"https:\/\/www.radiopiu.net\/wordpress\/wp-content\/uploads\/2018\/12\/CALCIO-VINTAGE-300x188.jpg\" alt=\"\" width=\"172\" height=\"108\" srcset=\"https:\/\/www.radiopiu.net\/wordpress\/wp-content\/uploads\/2018\/12\/CALCIO-VINTAGE-300x188.jpg 300w, https:\/\/www.radiopiu.net\/wordpress\/wp-content\/uploads\/2018\/12\/CALCIO-VINTAGE-768x480.jpg 768w, https:\/\/www.radiopiu.net\/wordpress\/wp-content\/uploads\/2018\/12\/CALCIO-VINTAGE.jpg 800w\" sizes=\"auto, (max-width: 172px) 100vw, 172px\" \/><\/a>SECONDA CATEGORIA GIR. T \/ CASTION \u2013 AGORDINA 3-1 (GOL AGORDINA: Cattonar) <\/strong><\/p>\n<p>Capitombolo dell\u2019Agordina che contro il Castion non brilla. Sono tre le marcature dei bellunesi e tutte nella prima frazione di gara. Gli agordini non entrano mai in partita e, dopo la bella vittoria di sette giorni fa, dovranno dimenticare in fretta la brutta partita in Valbelluna. Squadra di Lorenzi che rimane ad asciutto di punti restando stabile nella parte bassa della classifica di Seconda Categoria. Bastano pochi minuti ai padroni di casa per sbloccare la partita. La formazione bellunese trova il gol dopo un\u2019imbucata centrale di Pontin che scavalca la difesa prima di spedire il pallone in fondo al sacco. Provano a reagire i ragazzi di Lorenzi ma le azioni offensive non danno i frutti sperati. Il Castion colpisce di nuovo e lo fa da rimessa laterale. Palla in area, confusione e tappin vincente di Capraro. Sembra svegliarsi la compagine di Agordo che prova ad impensierire gli avversari senza per\u00f2 rendersi tanto pericolosa. Nel finale di tempo sono ancora i padroni di casa che vanno a segno e si va negli spogliatoi sul 3 a 0. Nella ripresa troppa confusione in campo per la formazione di Lorenzi che non riesce a colpire come dovrebbe. Padroni di casa che rischiano di calare il poker, solo la traversa salva il risultato. Nel finale il Castion resta in dieci e l\u2019Agordina va a segno in pieno recupero con Cattonar.<\/p>\n<p>&nbsp;<\/p>\n<p><strong>GIOVANISSIMI PROVINCIALI \/ AGORDINA \u2013 CAVARZANO 7-0<\/strong><\/p>\n<p>Ottovolante per l\u2019Agordina di De Bastiani che sotterra di gol un Cavarzano mai stato in partita. Una vittoria ampia per i giovani Agordini che iniziano ad ingranare la marcia giusta nel campionato Giovanissimi Provinciale. Una bella prestazione della compagine di Agordo che \u00e8 andata a segno con Soccol, De Col, Andrich, una doppietta di Favero e una tripletta di Mezzacasa.<\/p>\n<p>&nbsp;<\/p>\n<p><strong>ALLIEVI REGIONALI \/ AGORDINA \u2013 ECLISSE 1-1<\/strong><\/p>\n<p>Gran bel risultato per la squadra di Orzetti che conquista il primo punto della stagione contro la capolista Eclisse. Pronti, via e Marcon porta subito in vantaggio gli agordini. Un vantaggio che dura poco perch\u00e9 l\u2019Eclisse pareggia i conti con un eurogol da fuori area. La formazione di Agordo non rischia e si chiude in difesa per cercare di portare a casa il primo punto. Le occasioni per gli ospiti non mancano e le mosse di mister Orzetti premiano i ragazzi agordini che nella partita pi\u00f9 difficile ne esce a testa alta.<\/p>\n<p>&nbsp;<\/p>\n<p><strong>JUNIORES PROVINCIALI \/ DYNAMO VELLAI \u2013 AGORDINA 1-3<\/strong><\/p>\n<p>Non si ferma pi\u00f9 la squadra allenata da De Zaiacomo che continua ad incamerare una vittoria dietro l\u2019altra. Ancora un\u2019ottima prova degli agordini che in terra feltrina fanno la voce grossa con la Dynamo. Ad aprire le marcature ci pensa Fontanive, lo stesso giocatore si ripete poco dopo. La terza rete di giornata \u00e8 a firma di Brigadoi. Padroni di casa che trovano il gol della bandiera e 3 a 1 il risultato finale in favore degli agordini. Agordina in testa alla classifica in solitaria con 12 punti, quattro vittorie su altrettante partite giocate.<\/p>\n<p>&nbsp;<\/p>\n<p><strong>JUNIORES REGIONALI \/ PONTE NELLE ALPI \u2013 FIORI BARP posticipata a luned\u00ec 24 ottobre alle 20<\/strong><\/p>\n<p>&nbsp;<\/p>\n<hr \/>\n<p>&nbsp;<\/p>\n<p><span style=\"color: #0000ff;\"><strong>HOCKEY SU GHIACCIO<\/strong><\/span><\/p>\n<blockquote>\n<h3 class=\"entry-title\">IL VALPELLICE CALA IL POKER CON LE CIVETTE<\/h3>\n<\/blockquote>\n<p><strong class=\"photoswipe-wrapper\"><a class=\"dt-pswp-item pspw-wrap-ready\" href=\"https:\/\/www.radiopiu.net\/wordpress\/wp-content\/uploads\/2019\/08\/logo-alleghe-hockey.png\" data-dt-img-description=\"\" data-large_image_width=\"547\" data-large_image_height=\"512\"><img loading=\"lazy\" decoding=\"async\" class=\" wp-image-95699 alignleft\" src=\"https:\/\/www.radiopiu.net\/wordpress\/wp-content\/uploads\/2019\/08\/logo-alleghe-hockey-300x281.png\" sizes=\"auto, (max-width: 131px) 100vw, 131px\" srcset=\"https:\/\/www.radiopiu.net\/wordpress\/wp-content\/uploads\/2019\/08\/logo-alleghe-hockey-300x281.png 300w, https:\/\/www.radiopiu.net\/wordpress\/wp-content\/uploads\/2019\/08\/logo-alleghe-hockey.png 547w\" alt=\"\" width=\"131\" height=\"123\" \/><\/a>VALPELLICE \u2013 ALLEGHE 4-0<\/strong><br \/>\nPARZIALI: 1-0, 3-0, 0-0<br \/>\nGOL: pt. 3\u201950\u201d Morel. st. 6\u201913\u201d e 8\u201905\u201d Payra, 17\u201912\u201d Long<\/p>\n<p>Continua il periodo nero dell\u2019Alleghe Hockey che perde ancora. Al Cotta Morandini di Torre Pellice gli agordini hanno giocato bene per 30\u2019 poi hanno spento la luce lasciando troppo al Valpellice. Civette rimaneggiate che si sono presentate all\u2019appuntamento piemontese con tante assenze per motivi lavorativi, di studio e infortuni. Un inizio di stagione da dimenticare per gli uomini di Fontana che restano in fondo alla classifica con zero punti. Ora una settimana per rimettere le idee a posto e recuperare le forze dopo le due partite in pochi giorni, poi Alleghe a Como alla ricerca di punti. Dura poco l\u2019imbattibilit\u00e0 delle civette dopo circa 4\u2019 subisce la rete dai piemontesi con Morel. Nonostante il gol arrivato nelle prime battute, le squadre giocano a viso aperto e l\u2019Alleghe prova a farsi pericoloso ma le conclusioni di Novikovs non sono precise. I padroni di casa sembrano tenere in mano la partita ma le occasioni pi\u00f9 nitide sono degli agordini che con Colton colgono una traversa. Lo stesso giocatore ci prova subito dopo ma il golie della valpe sembra una saracinesca. Nella frazione centrale il Valpellice sembra avere una marcia in pi\u00f9 rischiando di siglare la seconda marcatura della serata in pi\u00f9 occasioni. I biancorossi si difendono bene e lasciano pochi spazi agli avversari. I piemontesi trovano la seconda rete alla prima superiorit\u00e0 numerica. Bastano 18\u201d ai bulldogs per bucare la porta difesa da Zanardi con un tiro dalla distanza di Payra. Lo stesso giocatore si ripete poco mettendo a segno un\u2019altra marcatura. Nel finale di tempo il Valpellice cala il poker dopo una bella triangolazione con il gol di Long. Nel terzo tempo Soppelsa finisce subito in panca puniti e i padroni di casa si fanno pericolosi. Nel finale di gara gli agordini ci provano con Colton e Novikovs ma il golie piemontese non si lascia sorprendere.<\/p>\n<p>&nbsp;<\/p>\n<blockquote>\n<h3>L&#8217;UNDER 17 ALLEGHESE CADE ALL&#8217;OVERTIME<\/h3>\n<\/blockquote>\n<p><strong>TRENTO &#8211; ALLEGHE 5-4 dot<\/strong><\/p>\n<p>GOL ALLEGHE: 2 Tolomelli, Fattor, Zallot<\/p>\n<p>Un solo punto per l&#8217;Alleghe Under 17 nella trasferta trentina. \u00c8 l&#8217;overtime a decidere la vincitrice della sfida contro il Trento dopo un match combattuto e giocato alla pari dalle due formazioni. Civette che passano in vantaggio subito con Tolomelli ma pdroni di casa che rispondono subito dopo. Nel drittel centrale il Trento passa avanti e nell&#8217;ultima frazione mette a segno la terza marcatura. Le civette si svegliano e nel giro di pochi minuti ribalta il risultato con le reti di Fattor, Zallot e Tolomelli. La beffa all&#8217;ultimo secondo di gara con il pareggio trentino. Si va all&#8217;overtime e dopo soli 33&#8243; il Trento chiude la partita.<\/p>\n<p>&nbsp;<\/p>\n<p>&nbsp;<\/p>\n<blockquote>\n<h3>AL PALAONDA DI BOLZANO PER L&#8217;ALLEGHE<\/h3>\n<\/blockquote>\n<p><strong>REDAZIONE<\/strong> Anche a Bolzano una lancia spezzata a favore dell&#8217;Alleghe Hockey e delle problematiche legate alla chiusura dello stadio. Dall&#8217;Agordino grazie per il cortese e graditissimo pensiero. Grazie anche a Cristian De Toni per le foto.<\/p>\n\n\t\t\t<style type='text\/css'>\n\t\t\t\t#gallery-12 {\n\t\t\t\t\tmargin: auto;\n\t\t\t\t}\n\t\t\t\t#gallery-12 .gallery-item {\n\t\t\t\t\tfloat: left;\n\t\t\t\t\tmargin-top: 10px;\n\t\t\t\t\ttext-align: center;\n\t\t\t\t\twidth: 50%;\n\t\t\t\t}\n\t\t\t\t#gallery-12 img {\n\t\t\t\t\tborder: 2px solid #cfcfcf;\n\t\t\t\t}\n\t\t\t\t#gallery-12 .gallery-caption {\n\t\t\t\t\tmargin-left: 0;\n\t\t\t\t}\n\t\t\t\t\/* see gallery_shortcode() in wp-includes\/media.php *\/\n\t\t\t<\/style>\n\t\t<div id='gallery-12' class='dt-gallery-container gallery galleryid-302682 gallery-columns-2 gallery-size-medium'><dl class='gallery-item'>\n\t\t\t\t<dt class='gallery-icon landscape'>\n\t\t\t\t\t<a class=\"rollover rollover-zoom dt-pswp-item\" title=\"312582587_2045856938934029_2897858786151921974_n\" data-dt-img-description=\"\" data-large_image_width=\"1734\" data-large_image_height=\"1301\"href='https:\/\/www.radiopiu.net\/wordpress\/wp-content\/uploads\/2022\/10\/312582587_2045856938934029_2897858786151921974_n.jpg'><img loading=\"lazy\" decoding=\"async\" width=\"300\" height=\"225\" src=\"https:\/\/www.radiopiu.net\/wordpress\/wp-content\/uploads\/2022\/10\/312582587_2045856938934029_2897858786151921974_n-300x225.jpg\" class=\"attachment-medium size-medium\" alt=\"\" srcset=\"https:\/\/www.radiopiu.net\/wordpress\/wp-content\/uploads\/2022\/10\/312582587_2045856938934029_2897858786151921974_n-300x225.jpg 300w, https:\/\/www.radiopiu.net\/wordpress\/wp-content\/uploads\/2022\/10\/312582587_2045856938934029_2897858786151921974_n-1024x768.jpg 1024w, https:\/\/www.radiopiu.net\/wordpress\/wp-content\/uploads\/2022\/10\/312582587_2045856938934029_2897858786151921974_n-768x576.jpg 768w, https:\/\/www.radiopiu.net\/wordpress\/wp-content\/uploads\/2022\/10\/312582587_2045856938934029_2897858786151921974_n-1536x1152.jpg 1536w, https:\/\/www.radiopiu.net\/wordpress\/wp-content\/uploads\/2022\/10\/312582587_2045856938934029_2897858786151921974_n.jpg 1734w\" sizes=\"auto, (max-width: 300px) 100vw, 300px\" \/><\/a>\n\t\t\t\t<\/dt><\/dl><dl class='gallery-item'>\n\t\t\t\t<dt class='gallery-icon landscape'>\n\t\t\t\t\t<a class=\"rollover rollover-zoom dt-pswp-item\" title=\"312583537_2356315407853789_2943133388059713568_n\" data-dt-img-description=\"\" data-large_image_width=\"2000\" data-large_image_height=\"1500\"href='https:\/\/www.radiopiu.net\/wordpress\/wp-content\/uploads\/2022\/10\/312583537_2356315407853789_2943133388059713568_n.jpg'><img loading=\"lazy\" decoding=\"async\" width=\"300\" height=\"225\" src=\"https:\/\/www.radiopiu.net\/wordpress\/wp-content\/uploads\/2022\/10\/312583537_2356315407853789_2943133388059713568_n-300x225.jpg\" class=\"attachment-medium size-medium\" alt=\"\" srcset=\"https:\/\/www.radiopiu.net\/wordpress\/wp-content\/uploads\/2022\/10\/312583537_2356315407853789_2943133388059713568_n-300x225.jpg 300w, https:\/\/www.radiopiu.net\/wordpress\/wp-content\/uploads\/2022\/10\/312583537_2356315407853789_2943133388059713568_n-1024x768.jpg 1024w, https:\/\/www.radiopiu.net\/wordpress\/wp-content\/uploads\/2022\/10\/312583537_2356315407853789_2943133388059713568_n-768x576.jpg 768w, https:\/\/www.radiopiu.net\/wordpress\/wp-content\/uploads\/2022\/10\/312583537_2356315407853789_2943133388059713568_n-1536x1152.jpg 1536w, https:\/\/www.radiopiu.net\/wordpress\/wp-content\/uploads\/2022\/10\/312583537_2356315407853789_2943133388059713568_n.jpg 2000w\" sizes=\"auto, (max-width: 300px) 100vw, 300px\" \/><\/a>\n\t\t\t\t<\/dt><\/dl><br style=\"clear: both\" \/>\n\t\t\t<\/div>\n\n<p>&nbsp;<\/p>\n<hr \/>\n<p>&nbsp;<\/p>\n<p><strong><a class=\"dt-pswp-item\" href=\"https:\/\/www.radiopiu.net\/wordpress\/wp-content\/uploads\/2022\/10\/312363580_534822288649604_314855689343660189_n.jpg\" data-dt-img-description=\"\" data-large_image_width=\"2048\" data-large_image_height=\"1365\"><img loading=\"lazy\" decoding=\"async\" class=\" wp-image-302811 alignleft\" src=\"https:\/\/www.radiopiu.net\/wordpress\/wp-content\/uploads\/2022\/10\/312363580_534822288649604_314855689343660189_n-300x200.jpg\" alt=\"\" width=\"251\" height=\"167\" srcset=\"https:\/\/www.radiopiu.net\/wordpress\/wp-content\/uploads\/2022\/10\/312363580_534822288649604_314855689343660189_n-300x200.jpg 300w, https:\/\/www.radiopiu.net\/wordpress\/wp-content\/uploads\/2022\/10\/312363580_534822288649604_314855689343660189_n-1024x683.jpg 1024w, https:\/\/www.radiopiu.net\/wordpress\/wp-content\/uploads\/2022\/10\/312363580_534822288649604_314855689343660189_n-768x512.jpg 768w, https:\/\/www.radiopiu.net\/wordpress\/wp-content\/uploads\/2022\/10\/312363580_534822288649604_314855689343660189_n-1536x1024.jpg 1536w, https:\/\/www.radiopiu.net\/wordpress\/wp-content\/uploads\/2022\/10\/312363580_534822288649604_314855689343660189_n.jpg 2048w\" sizes=\"auto, (max-width: 251px) 100vw, 251px\" \/><\/a><span style=\"color: #0000ff;\">CALCIO A 5 &#8211; SERIE B GIRONE B<\/span><\/strong><\/p>\n<blockquote>\n<h3>LA CANOTTIERI BELLUNO CROLLA IN CASA CON IL BISSUOLA<\/h3>\n<\/blockquote>\n<p><strong>CANOTTIERI BELLUNO &#8211; BISSUOLA 0-3<\/strong><\/p>\n<p>Senza Storti, e va bene. Senza Contin e Dall&#8217;\u00d2, e va bene. Ma poi senza neanche Gheno non va benissimo: il Bissuola vince, con merito, 3 a 0. (FOTO: Dalla Libera)<\/p>\n<p><strong>IL SERVIZIO DI ANTONIO &#8220;NINO&#8221; FIABANE<\/strong><\/p>\n<audio class=\"wp-audio-shortcode\" id=\"audio-302682-7\" preload=\"none\" style=\"width: 100%;\" controls=\"controls\"><source type=\"audio\/mpeg\" src=\"https:\/\/www.radiopiu.net\/wordpress\/wp-content\/uploads\/2022\/10\/CANOTTIERI-SITO-2.mp3?_=7\" \/><a href=\"https:\/\/www.radiopiu.net\/wordpress\/wp-content\/uploads\/2022\/10\/CANOTTIERI-SITO-2.mp3\">https:\/\/www.radiopiu.net\/wordpress\/wp-content\/uploads\/2022\/10\/CANOTTIERI-SITO-2.mp3<\/a><\/audio>\n<p>&nbsp;<\/p>\n<hr \/>\n<p>&nbsp;<\/p>\n<p><span style=\"color: #0000ff;\"><strong>PALLAVOLO<\/strong><\/span><\/p>\n<blockquote>\n<h3>IL VOLLEY CLUB AGORDINO FA BOTTINO PIENO E VINCE IL GIRONE DI COPPA<\/h3>\n<\/blockquote>\n<p><strong><a class=\"dt-pswp-item\" href=\"https:\/\/www.radiopiu.net\/wordpress\/wp-content\/uploads\/2022\/04\/VOLLEY-CLUB-AGORDINO.jpg\" data-dt-img-description=\"\" data-large_image_width=\"500\" data-large_image_height=\"512\"><img loading=\"lazy\" decoding=\"async\" class=\"wp-image-268787 alignleft\" src=\"https:\/\/www.radiopiu.net\/wordpress\/wp-content\/uploads\/2022\/04\/VOLLEY-CLUB-AGORDINO-293x300.jpg\" alt=\"\" width=\"136\" height=\"139\" srcset=\"https:\/\/www.radiopiu.net\/wordpress\/wp-content\/uploads\/2022\/04\/VOLLEY-CLUB-AGORDINO-293x300.jpg 293w, https:\/\/www.radiopiu.net\/wordpress\/wp-content\/uploads\/2022\/04\/VOLLEY-CLUB-AGORDINO.jpg 500w\" sizes=\"auto, (max-width: 136px) 100vw, 136px\" \/><\/a>VOLLEY CLUB AGORDINO &#8211; ALPAGO 3-0 (25-17, 25-21, 25-12)<\/strong><\/p>\n<p>Inizia alla grande la stagione del Volley Club Agordino che vince tutte e quattro le partite valide per la Coppa di Prime-Seconda divisione. La squadra di De Nardin sotterra anche l&#8217;Alpago in un PalaRova gremito di gente. Una partita perfetta per le agordine che in 3 set chiudono la pratica con le alpagotte. Combattuti i primi due parziali poi la squadra di Agordo dilaga nel set decisivo concedendo poco o niente alle avversarie. Ora il Volley Club Agordino accede agli ottavi di finale e ci saranno due settimane di riposo prima di riprendere a giocare sia in campionato che in coppa.<\/p>\n<p>&nbsp;<\/p>\n<p>&nbsp;<\/p>\n<p>&nbsp;<\/p>\n<div class=\"moz-text-html\" lang=\"x-unicode\">\n<div dir=\"ltr\">\n<blockquote>\n<h2><b>STADIUM MIRANDOLA-DA ROLD LOGISTICS BELLUNO 3-1<\/b><\/h2>\n<\/blockquote>\n<p><b>\u00a0<\/b><b>PARZIALI: <\/b>21-25, 25-22, 25-14, 28-26.<span class=\"gmail-Apple-converted-space\">\u00a0<\/span><\/p>\n<p><b><a class=\"dt-pswp-item\" href=\"https:\/\/www.radiopiu.net\/wordpress\/wp-content\/uploads\/2022\/10\/DRL_piegata_a_Mirandola.jpg\" data-dt-img-description=\"\" data-large_image_width=\"1500\" data-large_image_height=\"1000\"><img loading=\"lazy\" decoding=\"async\" class=\"alignnone size-medium wp-image-302902\" src=\"https:\/\/www.radiopiu.net\/wordpress\/wp-content\/uploads\/2022\/10\/DRL_piegata_a_Mirandola-300x200.jpg\" alt=\"\" width=\"300\" height=\"200\" srcset=\"https:\/\/www.radiopiu.net\/wordpress\/wp-content\/uploads\/2022\/10\/DRL_piegata_a_Mirandola-300x200.jpg 300w, https:\/\/www.radiopiu.net\/wordpress\/wp-content\/uploads\/2022\/10\/DRL_piegata_a_Mirandola-1024x683.jpg 1024w, https:\/\/www.radiopiu.net\/wordpress\/wp-content\/uploads\/2022\/10\/DRL_piegata_a_Mirandola-768x512.jpg 768w, https:\/\/www.radiopiu.net\/wordpress\/wp-content\/uploads\/2022\/10\/DRL_piegata_a_Mirandola.jpg 1500w\" sizes=\"auto, (max-width: 300px) 100vw, 300px\" \/><\/a>DA ROLD LOGISTICS BELLUNO:<\/b> Maccabruni 2, Novello 14, Saibene 14, Graziani 15, Mozzato 8, Paganin 2; Martinez (L), Guastamacchia 2, Ostuzzi 1, Galliani, Stufano, Candeago (L). N.e. Guolla. Allenatore: G. Colussi.<\/p>\n<p>Mirandola si conferma un cliente scomodo. Scomodissimo. Soprattutto in casa, dove sa solo vincere. Per la prima volta in questa stagione, cade quindi la Pallavolo Belluno. \u00a0Anche se rimane in testa alla classifica. Non pi\u00f9 da sola, per\u00f2. Ma in compagnia di altri due sestetti: Savigliano e Fano. E per confermare quanto sia livellato il girone bianco di Serie A3 Credem Banca, basta citare un dato: dopo appena quattro giornate, nessuna squadra ha mantenuto la propria imbattibilit\u00e0. Una consolazione? Non proprio, perch\u00e9 in Emilia i bellunesi erano partiti alla grande e sembravano avviati sulla strada di sempre. Ma quando di fronte c\u2019\u00e8 un sestetto che lotta col coltello tra i denti, sbaglia pochino e ha uno schiacciatore di valore (il tedesco Stohr: inarrestabile con i suoi 27 punti), \u00e8 sufficiente un piccolo calo di rendimento per rimettere tutto in discussione.<span class=\"gmail-Apple-converted-space\">\u00a0<\/span><b><\/b> L\u2019analisi della sfida \u00e8 affidata al vice allenatore, Roberto Malaguti: <em>\u00abBrutta prova, i nostri avversari hanno giocato molto bene, con una correlazione muro-difesa di altissimo livello. Noi invece abbiamo sbagliato parecchio, soprattutto in battuta. E in attacco non siamo stati particolarmente incisivi. Di conseguenza, il risultato \u00e8 giusto. Ma ci rifaremo\u00bb.<span class=\"gmail-Apple-converted-space\">\u00a0<\/span><\/em><\/p>\n<\/div>\n<\/div>\n<p>&nbsp;<\/p>\n<blockquote>\n<h3>LA PALLAVOLO BELLUNO FEMMINILE VINCE AL TIE BREAK<\/h3>\n<\/blockquote>\n<p><b><a class=\"dt-pswp-item\" href=\"https:\/\/www.radiopiu.net\/wordpress\/wp-content\/uploads\/2022\/10\/Successo_nel_debutto_per_le_lupe.jpg\" data-dt-img-description=\"\" data-large_image_width=\"1233\" data-large_image_height=\"712\"><img loading=\"lazy\" decoding=\"async\" class=\" wp-image-302790 alignleft\" src=\"https:\/\/www.radiopiu.net\/wordpress\/wp-content\/uploads\/2022\/10\/Successo_nel_debutto_per_le_lupe-300x173.jpg\" alt=\"\" width=\"175\" height=\"101\" srcset=\"https:\/\/www.radiopiu.net\/wordpress\/wp-content\/uploads\/2022\/10\/Successo_nel_debutto_per_le_lupe-300x173.jpg 300w, https:\/\/www.radiopiu.net\/wordpress\/wp-content\/uploads\/2022\/10\/Successo_nel_debutto_per_le_lupe-1024x591.jpg 1024w, https:\/\/www.radiopiu.net\/wordpress\/wp-content\/uploads\/2022\/10\/Successo_nel_debutto_per_le_lupe-768x443.jpg 768w, https:\/\/www.radiopiu.net\/wordpress\/wp-content\/uploads\/2022\/10\/Successo_nel_debutto_per_le_lupe.jpg 1233w\" sizes=\"auto, (max-width: 175px) 100vw, 175px\" \/><\/a>INGLESINA ALTAVILLA-HL IMMOBILIARE VOLLEY 2-3 (<\/b><strong>25-20, 18-25, 25-16, 22-25, 13-15)<\/strong><\/p>\n<p>\u00c8 una vittoria che pesa. Eccome se pesa. Non solo perch\u00e9 \u00e8 la prima in campionato e matura all\u2019esordio. Pesa perch\u00e9 l\u2019Inglesina \u00e8 una delle formazioni pi\u00f9 quotate e attrezzate del girone. E per vincere ad Altavilla Vicentina servono coraggio, personalit\u00e0, carattere: caratteristiche che la HL Immobiliare Volley ha gi\u00e0 dimostrato di possedere.<span class=\"gmail-Apple-converted-space\"> \u00a0<\/span>Inizia nel migliore dei modi il cammino di serie C per le lupe, che mettono subito la loro impronta su un successo dai contorni di impresa. Le bellunesi, infatti, non si lasciano scoraggiare dal duplice svantaggio, nel primo (25-20) e terzo set (26-16), ma hanno il merito di ribattere colpo su colpo. E di conquistare poi la vittoria in un tie-break da urlo, in cui Fantinel e compagne erano avanti di tre lunghezze (7-4). L\u2019Inglesina, per\u00f2, rialza la testa e impatta a quota 13. A quel punto, ecco la doppia zampata vincente: 15-13 bellunese e la gioia pu\u00f2 essere liberata.<\/p>\n<p>&nbsp;<\/p>\n<p><span style=\"color: #0000ff;\">CORSA CAMPESTRE\u00a0<\/span><\/p>\n<blockquote>\n<h2>PIU&#8217; DI 400 ALL&#8217;ESORDIO DEL PROVINCIALE CSI<\/h2>\n<\/blockquote>\n\n\t\t\t<style type='text\/css'>\n\t\t\t\t#gallery-13 {\n\t\t\t\t\tmargin: auto;\n\t\t\t\t}\n\t\t\t\t#gallery-13 .gallery-item {\n\t\t\t\t\tfloat: left;\n\t\t\t\t\tmargin-top: 10px;\n\t\t\t\t\ttext-align: center;\n\t\t\t\t\twidth: 50%;\n\t\t\t\t}\n\t\t\t\t#gallery-13 img {\n\t\t\t\t\tborder: 2px solid #cfcfcf;\n\t\t\t\t}\n\t\t\t\t#gallery-13 .gallery-caption {\n\t\t\t\t\tmargin-left: 0;\n\t\t\t\t}\n\t\t\t\t\/* see gallery_shortcode() in wp-includes\/media.php *\/\n\t\t\t<\/style>\n\t\t<div id='gallery-13' class='dt-gallery-container gallery galleryid-302682 gallery-columns-2 gallery-size-medium'><dl class='gallery-item'>\n\t\t\t\t<dt class='gallery-icon landscape'>\n\t\t\t\t\t<a class=\"rollover rollover-zoom dt-pswp-item\" title=\"\u00a9EchiAlessandroSogne-85\" data-dt-img-description=\"\" data-large_image_width=\"1900\" data-large_image_height=\"1267\"href='https:\/\/www.radiopiu.net\/wordpress\/wp-content\/uploads\/2022\/10\/\u00a9EchiAlessandroSogne-85.jpg'><img loading=\"lazy\" decoding=\"async\" width=\"300\" height=\"200\" src=\"https:\/\/www.radiopiu.net\/wordpress\/wp-content\/uploads\/2022\/10\/\u00a9EchiAlessandroSogne-85-300x200.jpg\" class=\"attachment-medium size-medium\" alt=\"\" srcset=\"https:\/\/www.radiopiu.net\/wordpress\/wp-content\/uploads\/2022\/10\/\u00a9EchiAlessandroSogne-85-300x200.jpg 300w, https:\/\/www.radiopiu.net\/wordpress\/wp-content\/uploads\/2022\/10\/\u00a9EchiAlessandroSogne-85-1024x683.jpg 1024w, https:\/\/www.radiopiu.net\/wordpress\/wp-content\/uploads\/2022\/10\/\u00a9EchiAlessandroSogne-85-768x512.jpg 768w, https:\/\/www.radiopiu.net\/wordpress\/wp-content\/uploads\/2022\/10\/\u00a9EchiAlessandroSogne-85-1536x1024.jpg 1536w, https:\/\/www.radiopiu.net\/wordpress\/wp-content\/uploads\/2022\/10\/\u00a9EchiAlessandroSogne-85.jpg 1900w\" sizes=\"auto, (max-width: 300px) 100vw, 300px\" \/><\/a>\n\t\t\t\t<\/dt><\/dl><dl class='gallery-item'>\n\t\t\t\t<dt class='gallery-icon landscape'>\n\t\t\t\t\t<a class=\"rollover rollover-zoom dt-pswp-item\" title=\"\u00a9EchiAlessandroSogne-120\" data-dt-img-description=\"\" data-large_image_width=\"1900\" data-large_image_height=\"1267\"href='https:\/\/www.radiopiu.net\/wordpress\/wp-content\/uploads\/2022\/10\/\u00a9EchiAlessandroSogne-120.jpg'><img loading=\"lazy\" decoding=\"async\" width=\"300\" height=\"200\" src=\"https:\/\/www.radiopiu.net\/wordpress\/wp-content\/uploads\/2022\/10\/\u00a9EchiAlessandroSogne-120-300x200.jpg\" class=\"attachment-medium size-medium\" alt=\"\" srcset=\"https:\/\/www.radiopiu.net\/wordpress\/wp-content\/uploads\/2022\/10\/\u00a9EchiAlessandroSogne-120-300x200.jpg 300w, https:\/\/www.radiopiu.net\/wordpress\/wp-content\/uploads\/2022\/10\/\u00a9EchiAlessandroSogne-120-1024x683.jpg 1024w, https:\/\/www.radiopiu.net\/wordpress\/wp-content\/uploads\/2022\/10\/\u00a9EchiAlessandroSogne-120-768x512.jpg 768w, https:\/\/www.radiopiu.net\/wordpress\/wp-content\/uploads\/2022\/10\/\u00a9EchiAlessandroSogne-120-1536x1024.jpg 1536w, https:\/\/www.radiopiu.net\/wordpress\/wp-content\/uploads\/2022\/10\/\u00a9EchiAlessandroSogne-120.jpg 1900w\" sizes=\"auto, (max-width: 300px) 100vw, 300px\" \/><\/a>\n\t\t\t\t<\/dt><\/dl><br style=\"clear: both\" \/>\n\t\t\t<\/div>\n\n<p><b>BELLUNO <\/b>Sono stati oltre 400 i concorrenti che domenica 23 ottobre in Nevegal (Belluno) hanno dato vita alla prima prova del Campionato provinciale di corsa campestre del Centro sportivo italiano, evento proposto dal Comitato Csi di Belluno in sinergia con quello di Feltre e valido per l\u2019assegnazione del Memorial Serafino Barp.\u00a0 Nella classifica assoluta per societ\u00e0, davanti a tutti\u00a0 il Gs Castionese che, con 665 punti, ha avuto la meglio per una manciata di lunghezze sul Gs La Piave 2000. A completare il podio il Gs Astra Quero con 508. Il Gs La Piave 2000 si \u00e8 preso la rivincita nella graduatoria giovanile dove ha totalizzato 508 punti e preceduto, nell\u2019ordine, Gs Castionese (328) e Polisportiva Santa Giustina (275). Il Campionato provinciale di cross proseguir\u00e0 domenica prossima, 30 ottobre, a Nemeggio di Feltre. <a href=\"http:\/\/www.csibelluno.it\" target=\"_blank\" rel=\"noopener\">www.csibelluno.it<\/a><\/p>\n<p><strong>\u00a0Le classifiche<\/strong>.Societ\u00e0 giovanile: 1. La Piave 2000 punti 508; 2. Castionese 328; 3. Santa Giustina 275; 4. Astra Quero 244; 5. Nemeggio 211. Societ\u00e0 generale: 1. Castionese punti 665; 2. La Piave 2000 626; 3. Astra Quero 508; 4. Nemeggio 451; 5. Lamon 387. Cucciole: 1. Chiara De Nard 2.40; 2. Chiara Radamondo 2.45; 3. Asia Facen 2.47. Cuccioli: 1. Mauro Miglietta 2.31; 2. Leonard Bianchet 2.33; 2. Marco Andreani 2.35. Esordienti femminile: 1. Nina Cima 3.49; 2. Diletta Tonet 4.03; 3. Miriam Triches 4.06. Esordienti maschile: 1. Daniel Somacal 3.38; 2. Gabriele Busatta 3.40; 3. Nathan Facen 3.40. Ragazze: 1. Lucia Turrin 3.37; 2. Caterina Moino 3.39; 3. Gaia Argenta 3.46. Ragazzi: 1. Mario Burigo 3.11; 2. Davide Ghedina 3.16; 3. Mattia Simeoni 3.18. Cadette: 1. Silvia Menegazzo 4.55; 2. Chiara Padoin 4.58; 3. Anna Bertagno 5.13. Cadetti: 1. Marco Menia Cadore 8.02; 2. Luca Stocchero 8.07; 3. Giacomo Votta 8.20. Allieve: 1. Leila Colussi 11.28; 2. Silvia Buogo 11.51; 3. Irene Zampieri 12.59. Allievi: 1. Hisham Boudalia 11.16; 2. Nicolas De Lorenzi 11.37; 3. Daniel Tom\u00e8 12.04. Juniores femminile: 1. Elena Rossa 12.57; 2. Claudia Beninc\u00e0 15.10. Juniores maschile: 1. Filippo Votta 16.54; 2. Francesco Cao 17.20; 3. Francesco De Biasi 17.43. Seniores femminile: 1. Nikol Marsura 11.16; 2. Francesca Comiotto 11.40; 3. Marilena Rossa 11.52. Seniores maschile: 1. Mihail Sirbu 16.05; 2. Lorenzo Da Rin De Monego 16.16; 3. Mattia Scopel 16.20. Amatori A femminile: 1. Manuela Bulf 10.54; 2. Federica Dal R\u00ec 11.19; 3. Elisa Gullo 11.43. Amatori A maschile: 1. Gianpietro Barattin 16.44; 2. Valentino Costa 17.23; 3. Lucio Sacchet 18.06. Amatori B femminile: 1. Gina Zanella 12.27; 2. Claudia Moro 12.59; 3. Marta Santamaria 13.15. Amatori B maschile: 1. Said Boudalia 13.12; 2. Livio De Paoli 14.14; 3. Mauro Simeoni 14.37. Veterane A: 1. Monica Dal Molin 14.18; 2. Viviana Pilat 15.38; 3. Fernanda Minotto 16.36. Veterani A: 1. Lucio Fregona 14.42; 2. Renzo Deola 15.07; 3. Arno Todesco 15.11. Veterane B: 1. Consuelo De Bortoli 15.40; 2. Maria Liliana Cossalter 16.10; 3. Luigina Salvagno 16.28. Veterani B: 1. Gianni De Conti 16.02; 2. Dante Passuello 17.33; 3. Mirco Vedana 18.48.<\/p>\n<p>____________________________________<\/p>\n<p>&nbsp;<\/p>\n<p>&nbsp;<\/p>\n<\/div>\n<\/div>\n<\/div>\n<\/div>\n<\/div>\n<\/div>\n<\/div>\n<\/div>\n","protected":false},"excerpt":{"rendered":"<p>RADIO PIU INFORMAZIONE il canale su TELEGRAM informazione di prima\u00a0\u00a0mano e in tempo reale. iscriviti ed aiutaci a farlo conoscere\u00a0 &nbsp; &nbsp; SEDICO E&#8217; purtroppo mortale l&#8217;incidente di questa mattina alle sei lungo la regionale 203 agordina in locaLit\u00e0 La Stanga, l&#8217;auto, una Opel Corsa condotta da un giovane di 22 anni che procedeva in&hellip;<\/p>\n","protected":false},"author":4,"featured_media":302847,"comment_status":"closed","ping_status":"closed","sticky":false,"template":"","format":"standard","meta":{"_monsterinsights_skip_tracking":false,"_monsterinsights_sitenote_active":false,"_monsterinsights_sitenote_note":"","_monsterinsights_sitenote_category":0,"footnotes":""},"categories":[51,86,49],"tags":[],"class_list":["post-302682","post","type-post","status-publish","format-standard","has-post-thumbnail","hentry","category-evidenza-top","category-gr","category-news-18","category-51","category-86","category-49","description-off"],"img_url":"https:\/\/www.radiopiu.net\/wordpress\/wp-content\/uploads\/2022\/10\/0-1.png","_links":{"self":[{"href":"https:\/\/www.radiopiu.net\/wordpress\/wp-json\/wp\/v2\/posts\/302682","targetHints":{"allow":["GET"]}}],"collection":[{"href":"https:\/\/www.radiopiu.net\/wordpress\/wp-json\/wp\/v2\/posts"}],"about":[{"href":"https:\/\/www.radiopiu.net\/wordpress\/wp-json\/wp\/v2\/types\/post"}],"author":[{"embeddable":true,"href":"https:\/\/www.radiopiu.net\/wordpress\/wp-json\/wp\/v2\/users\/4"}],"replies":[{"embeddable":true,"href":"https:\/\/www.radiopiu.net\/wordpress\/wp-json\/wp\/v2\/comments?post=302682"}],"version-history":[{"count":0,"href":"https:\/\/www.radiopiu.net\/wordpress\/wp-json\/wp\/v2\/posts\/302682\/revisions"}],"wp:featuredmedia":[{"embeddable":true,"href":"https:\/\/www.radiopiu.net\/wordpress\/wp-json\/wp\/v2\/media\/302847"}],"wp:attachment":[{"href":"https:\/\/www.radiopiu.net\/wordpress\/wp-json\/wp\/v2\/media?parent=302682"}],"wp:term":[{"taxonomy":"category","embeddable":true,"href":"https:\/\/www.radiopiu.net\/wordpress\/wp-json\/wp\/v2\/categories?post=302682"},{"taxonomy":"post_tag","embeddable":true,"href":"https:\/\/www.radiopiu.net\/wordpress\/wp-json\/wp\/v2\/tags?post=302682"}],"curies":[{"name":"wp","href":"https:\/\/api.w.org\/{rel}","templated":true}]}}