{"id":302726,"date":"2022-10-22T10:22:59","date_gmt":"2022-10-22T08:22:59","guid":{"rendered":"https:\/\/www.radiopiu.net\/wordpress\/?p=302726"},"modified":"2022-10-22T10:22:59","modified_gmt":"2022-10-22T08:22:59","slug":"nel-2023-veneto-a-crescita-zero","status":"publish","type":"post","link":"https:\/\/www.radiopiu.net\/wordpress\/nel-2023-veneto-a-crescita-zero\/","title":{"rendered":"NEL 2023 VENETO A CRESCITA ZERO"},"content":{"rendered":"<p><strong><a class=\"dt-pswp-item\" href=\"https:\/\/www.radiopiu.net\/wordpress\/wp-content\/uploads\/2022\/10\/Schermata-2022-10-22-alle-10.18.32.png\" data-dt-img-description=\"\" data-large_image_width=\"1140\" data-large_image_height=\"1520\"><img loading=\"lazy\" decoding=\"async\" class=\"alignleft size-medium wp-image-302729\" src=\"https:\/\/www.radiopiu.net\/wordpress\/wp-content\/uploads\/2022\/10\/Schermata-2022-10-22-alle-10.18.32-225x300.png\" alt=\"\" width=\"225\" height=\"300\" srcset=\"https:\/\/www.radiopiu.net\/wordpress\/wp-content\/uploads\/2022\/10\/Schermata-2022-10-22-alle-10.18.32-225x300.png 225w, https:\/\/www.radiopiu.net\/wordpress\/wp-content\/uploads\/2022\/10\/Schermata-2022-10-22-alle-10.18.32-768x1024.png 768w, https:\/\/www.radiopiu.net\/wordpress\/wp-content\/uploads\/2022\/10\/Schermata-2022-10-22-alle-10.18.32.png 1140w\" sizes=\"auto, (max-width: 225px) 100vw, 225px\" \/><\/a>Se il 2022 si chiude con un aumento del valore aggiunto regionale del 3,8 per cento, 0,5 punti in pi\u00f9 rispetto alla media nazionale, nel 2023, invece, il Veneto, come buona parte del Paese, scivoler\u00e0 verso la recessione: il tasso di crescita, infatti, \u00e8 previsto dello zero per cento<\/strong> (vedi Tab. 1).<\/p>\n<p>A livello provinciale, fa sapere l\u2019Ufficio studi CGIA, la crisi si abbatter\u00e0, in particolar modo, su Treviso e Rovigo. Se nella Marca il valore aggiunto \u00e8 previsto del -0,4 per cento, in Polesine addirittura del -0,9 per cento. Le situazioni meno \u201ccritiche\u201d, invece, si verificheranno a Belluno (+0,3 per cento), Venezia (+0,4 per cento) e Verona (+0,5 per cento). Realt\u00e0, queste ultime, che potranno contare, in particolar modo, sulla tenuta del settore turistico che anche nel 2023 dovrebbe registrare numeri importanti.<\/p>\n<p><strong>Insomma, caro bollette, materie prime alle stelle e inflazione a due cifre freneranno anche l\u2019economia Veneto che, molto probabilmente, potr\u00e0 contare, oltre alle presenze dei vacanzieri, anche sul buon risultato delle costruzioni e dell\u2019export.<\/strong><\/p>\n<p>Sebbene ad oggi in termini di Pil il Veneto abbia recuperato la situazione pre-Covid (+ 0,5 per cento), tre province su sette non l\u2019hanno ancora fatto. Esse sono: Padova (-0,1 per cento), Rovigo (-1,6 per cento) e Belluno (-2,2 per cento).<\/p>\n<p><strong>Entro fine anno il nuovo esecutivo deve trovare 45 miliardi<\/strong><br \/>\nPer salvare i bilanci delle famiglie e delle imprese italiane sar\u00e0 necessario impiegare entro la fine dell\u2019anno almeno 70 miliardi di euro. Di questi, 35 per dimezzare il caro bollette e altrettanti, con la legge di Bilancio 2023, per non far decadere dal prossimo gennaio alcune misure introdotte dal governo uscente. La situazione \u00e8 critica: chi nei prossimi giorni prender\u00e0 la guida del Paese dovr\u00e0 fare l\u2019impossibile per recuperare tutte queste risorse senza ricorrere ad un aumento del deficit, visto che, al massimo, potr\u00e0 beneficiare su un \u201ctesoretto\u201d che, al massimo, potrebbe toccare i 25 miliardi di euro. Se il nuovo esecutivo non riuscir\u00e0 a recuperarne altri 45, rischiamo un 2023 molto complicato. Secondo le ultime previsioni, infatti, ben 6 province su 10 registreranno una crescita negativa.<\/p>\n<p><strong><a class=\"dt-pswp-item\" href=\"https:\/\/www.radiopiu.net\/wordpress\/wp-content\/uploads\/2022\/10\/Schermata-2022-10-22-alle-10.18.50.png\" data-dt-img-description=\"\" data-large_image_width=\"1140\" data-large_image_height=\"798\"><img loading=\"lazy\" decoding=\"async\" class=\"alignleft size-medium wp-image-302728\" src=\"https:\/\/www.radiopiu.net\/wordpress\/wp-content\/uploads\/2022\/10\/Schermata-2022-10-22-alle-10.18.50-300x210.png\" alt=\"\" width=\"300\" height=\"210\" srcset=\"https:\/\/www.radiopiu.net\/wordpress\/wp-content\/uploads\/2022\/10\/Schermata-2022-10-22-alle-10.18.50-300x210.png 300w, https:\/\/www.radiopiu.net\/wordpress\/wp-content\/uploads\/2022\/10\/Schermata-2022-10-22-alle-10.18.50-1024x717.png 1024w, https:\/\/www.radiopiu.net\/wordpress\/wp-content\/uploads\/2022\/10\/Schermata-2022-10-22-alle-10.18.50-768x538.png 768w, https:\/\/www.radiopiu.net\/wordpress\/wp-content\/uploads\/2022\/10\/Schermata-2022-10-22-alle-10.18.50.png 1140w\" sizes=\"auto, (max-width: 300px) 100vw, 300px\" \/><\/a>Per dimezzare il caro energia servono almeno 35 miliardi<\/strong><br \/>\nSecondo una stima dell\u2019Ufficio studi della CGIA, per mitigare il caro energia il nuovo Governo dovrebbe trovare entro il prossimo 31 dicembre almeno 35 miliardi di euro per dimezzare gli aumenti di costo in capo a famiglie e imprese previsti nel 2022. Aumenti che, al netto dei 58 miliardi di aiuti erogati quest\u2019anno contro il caro bollette, ammontano complessivamente a 70 miliardi di euro. Ecco perch\u00e9, secondo la CGIA, sono necessari altri 30 miliardi di euro, a cui si devono aggiungere 5 miliardi per estendere anche al prossimo mese di dicembre gli effetti contro il rincaro delle bollette introdotti con il decreto Aiuti ter.<\/p>\n<p><strong>Una legge di Bilancio 2023 come minimo da 35 miliardi<\/strong><br \/>\nVisti i tempi risicatissimi, anche approvare in tempo la prossima legge di Bilancio non sar\u00e0 semplicissimo: per legge il voto definitivo dovr\u00e0 avvenire entro il 31 dicembre, altrimenti potrebbe farsi strada l\u2019esercizio provvisorio. Pertanto, i tempi a disposizione sono strettissimi e non sar\u00e0 facile trovare le tutte le risorse per confermare, anche per l\u2019anno venturo, molti provvedimenti introdotti dal governo Draghi che, si stima, quantificabili in 35 miliardi di euro, cos\u00ec suddivisi:<br \/>\nquasi 15 miliardi di euro per rinnovare nel primo trimestre le misure contro il caro energia previste dal decreto Aiuti ter;<br \/>\nalmeno 8,5 miliardi di euro per indicizzare le pensioni;<br \/>\nalmeno 5 miliardi per il rinnovo del contratto del pubblico impiego;<br \/>\n4,5 miliardi di euro per lo sconto contributivo del 2 per cento a carico dei lavoratori dipendenti con reddito fino a 35 mila euro;<br \/>\n2 miliardi di euro di spese indifferibili.<br \/>\nSono risorse, quelle appena elencate, che non includono nessun altra misura; tanto meno quelle che sono state al centro della recentissima campagna elettorale. Come l\u2019estensione della flat tax, le pensioni minime a 1.000 euro, il taglio del cuneo fiscale, etc.<\/p>\n<p><strong><a class=\"dt-pswp-item\" href=\"https:\/\/www.radiopiu.net\/wordpress\/wp-content\/uploads\/2022\/10\/Schermata-2022-10-22-alle-10.19.19.png\" data-dt-img-description=\"\" data-large_image_width=\"1072\" data-large_image_height=\"610\"><img loading=\"lazy\" decoding=\"async\" class=\"alignleft size-medium wp-image-302727\" src=\"https:\/\/www.radiopiu.net\/wordpress\/wp-content\/uploads\/2022\/10\/Schermata-2022-10-22-alle-10.19.19-300x171.png\" alt=\"\" width=\"300\" height=\"171\" srcset=\"https:\/\/www.radiopiu.net\/wordpress\/wp-content\/uploads\/2022\/10\/Schermata-2022-10-22-alle-10.19.19-300x171.png 300w, https:\/\/www.radiopiu.net\/wordpress\/wp-content\/uploads\/2022\/10\/Schermata-2022-10-22-alle-10.19.19-1024x583.png 1024w, https:\/\/www.radiopiu.net\/wordpress\/wp-content\/uploads\/2022\/10\/Schermata-2022-10-22-alle-10.19.19-768x437.png 768w, https:\/\/www.radiopiu.net\/wordpress\/wp-content\/uploads\/2022\/10\/Schermata-2022-10-22-alle-10.19.19.png 1072w\" sizes=\"auto, (max-width: 300px) 100vw, 300px\" \/><\/a>Il nuovo esecutivo pu\u00f2 contare su un \u201ctesoretto\u201d da 25 miliardi<\/strong><br \/>\nIl \u201ctesoretto\u201d, che il nuovo governo \u201cerediter\u00e0\u201d dal premier uscente Draghi, potrebbe essere di 20 miliardi di euro: 10 da usare subito e altri 10 da impiegare nella manovra 2023. Risorse che sono state \u201crecuperate\u201d senza fare nuovo deficit, grazie al fatto che in quest\u2019ultimo anno l\u2019esecutivo uscente \u00e8 riuscito a mantenere i conti ordine. Un ulteriore aiuto potrebbe arrivare anche da Bruxelles che sta per mettere a punto una misura che consentir\u00e0 di recuperare i fondi strutturali europei 2014-2020 non ancora spesi o non impegnati in modo vincolante. Il nostro Paese potrebbe avere a disposizione tra i 4-5 miliardi di euro. Pertanto, a fronte di 70 miliardi di spese da impegnare nel giro di poco pi\u00f9 di 2 mesi, il nuovo governo pu\u00f2 contare su una copertura di circa 25 miliardi. Nel caso non si volesse fare nessun altro scostamento di bilancio, non sar\u00e0 certo facile trovare in poco tempo ben 45 miliardi di euro (vedi Tab. 3).<\/p>\n","protected":false},"excerpt":{"rendered":"<p>Se il 2022 si chiude con un aumento del valore aggiunto regionale del 3,8 per cento, 0,5 punti in pi\u00f9 rispetto alla media nazionale, nel 2023, invece, il Veneto, come buona parte del Paese, scivoler\u00e0 verso la recessione: il tasso di crescita, infatti, \u00e8 previsto dello zero per cento (vedi Tab. 1). A livello provinciale,&hellip;<\/p>\n","protected":false},"author":2,"featured_media":302730,"comment_status":"closed","ping_status":"closed","sticky":false,"template":"","format":"standard","meta":{"_monsterinsights_skip_tracking":false,"_monsterinsights_sitenote_active":false,"_monsterinsights_sitenote_note":"","_monsterinsights_sitenote_category":0,"footnotes":""},"categories":[49],"tags":[],"class_list":["post-302726","post","type-post","status-publish","format-standard","has-post-thumbnail","hentry","category-news-18","category-49","description-off"],"img_url":"https:\/\/www.radiopiu.net\/wordpress\/wp-content\/uploads\/2022\/10\/businessman-saving-money.jpg","_links":{"self":[{"href":"https:\/\/www.radiopiu.net\/wordpress\/wp-json\/wp\/v2\/posts\/302726","targetHints":{"allow":["GET"]}}],"collection":[{"href":"https:\/\/www.radiopiu.net\/wordpress\/wp-json\/wp\/v2\/posts"}],"about":[{"href":"https:\/\/www.radiopiu.net\/wordpress\/wp-json\/wp\/v2\/types\/post"}],"author":[{"embeddable":true,"href":"https:\/\/www.radiopiu.net\/wordpress\/wp-json\/wp\/v2\/users\/2"}],"replies":[{"embeddable":true,"href":"https:\/\/www.radiopiu.net\/wordpress\/wp-json\/wp\/v2\/comments?post=302726"}],"version-history":[{"count":0,"href":"https:\/\/www.radiopiu.net\/wordpress\/wp-json\/wp\/v2\/posts\/302726\/revisions"}],"wp:featuredmedia":[{"embeddable":true,"href":"https:\/\/www.radiopiu.net\/wordpress\/wp-json\/wp\/v2\/media\/302730"}],"wp:attachment":[{"href":"https:\/\/www.radiopiu.net\/wordpress\/wp-json\/wp\/v2\/media?parent=302726"}],"wp:term":[{"taxonomy":"category","embeddable":true,"href":"https:\/\/www.radiopiu.net\/wordpress\/wp-json\/wp\/v2\/categories?post=302726"},{"taxonomy":"post_tag","embeddable":true,"href":"https:\/\/www.radiopiu.net\/wordpress\/wp-json\/wp\/v2\/tags?post=302726"}],"curies":[{"name":"wp","href":"https:\/\/api.w.org\/{rel}","templated":true}]}}