{"id":302818,"date":"2022-10-23T10:59:13","date_gmt":"2022-10-23T08:59:13","guid":{"rendered":"https:\/\/www.radiopiu.net\/wordpress\/?p=302818"},"modified":"2022-10-24T07:04:38","modified_gmt":"2022-10-24T05:04:38","slug":"fine-ottobre-con-leclisse-parziale-di-sole","status":"publish","type":"post","link":"https:\/\/www.radiopiu.net\/wordpress\/fine-ottobre-con-leclisse-parziale-di-sole\/","title":{"rendered":"FINE OTTOBRE CON L&#8217;ECLISSE PARZIALE DI SOLE"},"content":{"rendered":"<p><strong><a class=\"dt-pswp-item\" href=\"https:\/\/www.radiopiu.net\/wordpress\/wp-content\/uploads\/2022\/10\/a1749495-66a3-4b5d-999e-5ded7bafa1ab.jpg\" data-dt-img-description=\"\" data-large_image_width=\"840\" data-large_image_height=\"1002\"><img loading=\"lazy\" decoding=\"async\" class=\" wp-image-302819 alignleft\" src=\"https:\/\/www.radiopiu.net\/wordpress\/wp-content\/uploads\/2022\/10\/a1749495-66a3-4b5d-999e-5ded7bafa1ab-251x300.jpg\" alt=\"\" width=\"105\" height=\"125\" srcset=\"https:\/\/www.radiopiu.net\/wordpress\/wp-content\/uploads\/2022\/10\/a1749495-66a3-4b5d-999e-5ded7bafa1ab-251x300.jpg 251w, https:\/\/www.radiopiu.net\/wordpress\/wp-content\/uploads\/2022\/10\/a1749495-66a3-4b5d-999e-5ded7bafa1ab-768x916.jpg 768w, https:\/\/www.radiopiu.net\/wordpress\/wp-content\/uploads\/2022\/10\/a1749495-66a3-4b5d-999e-5ded7bafa1ab.jpg 840w\" sizes=\"auto, (max-width: 105px) 100vw, 105px\" \/><\/a>di Claudio Pra<\/strong><\/p>\n<p>Marted\u00ec 25 ottobre si verificher\u00e0 un eclisse parziale di Sole ben osservabile dai nostri luoghi. Il nero disco lunare intaccher\u00e1 quello solare verso le 11.15, per poi avanzare fino a coprirne un terzo nel momento del massimo dell&#8217;eclisse previsto attorno alle 12.15. Alle 13.15 circa il fenomeno terminer\u00e1. Le raccomandazioni per seguire in sicurezza il fenomeno celeste sono sempre le stesse: mai guardare direttamente il Sole o inventarsi dubbie protezioni ma munirsi di un filtro solare, sia che l&#8217;osservazione sia effettuata ad occhio nudo, con piccoli binocoli o al telescopio.<\/p>\n<p>&nbsp;<\/p>\n<p>&nbsp;<\/p>\n<p>*****<\/p>\n","protected":false},"excerpt":{"rendered":"<p>di Claudio Pra Marted\u00ec 25 ottobre si verificher\u00e0 un eclisse parziale di Sole ben osservabile dai nostri luoghi. Il nero disco lunare intaccher\u00e1 quello solare verso le 11.15, per poi avanzare fino a coprirne un terzo nel momento del massimo dell&#8217;eclisse previsto attorno alle 12.15. Alle 13.15 circa il fenomeno terminer\u00e1. Le raccomandazioni per seguire&hellip;<\/p>\n","protected":false},"author":4,"featured_media":302819,"comment_status":"closed","ping_status":"closed","sticky":false,"template":"","format":"standard","meta":{"_monsterinsights_skip_tracking":false,"_monsterinsights_sitenote_active":false,"_monsterinsights_sitenote_note":"","_monsterinsights_sitenote_category":0,"footnotes":""},"categories":[51,49],"tags":[],"class_list":["post-302818","post","type-post","status-publish","format-standard","has-post-thumbnail","hentry","category-evidenza-top","category-news-18","category-51","category-49","description-off"],"img_url":"https:\/\/www.radiopiu.net\/wordpress\/wp-content\/uploads\/2022\/10\/a1749495-66a3-4b5d-999e-5ded7bafa1ab.jpg","_links":{"self":[{"href":"https:\/\/www.radiopiu.net\/wordpress\/wp-json\/wp\/v2\/posts\/302818","targetHints":{"allow":["GET"]}}],"collection":[{"href":"https:\/\/www.radiopiu.net\/wordpress\/wp-json\/wp\/v2\/posts"}],"about":[{"href":"https:\/\/www.radiopiu.net\/wordpress\/wp-json\/wp\/v2\/types\/post"}],"author":[{"embeddable":true,"href":"https:\/\/www.radiopiu.net\/wordpress\/wp-json\/wp\/v2\/users\/4"}],"replies":[{"embeddable":true,"href":"https:\/\/www.radiopiu.net\/wordpress\/wp-json\/wp\/v2\/comments?post=302818"}],"version-history":[{"count":0,"href":"https:\/\/www.radiopiu.net\/wordpress\/wp-json\/wp\/v2\/posts\/302818\/revisions"}],"wp:featuredmedia":[{"embeddable":true,"href":"https:\/\/www.radiopiu.net\/wordpress\/wp-json\/wp\/v2\/media\/302819"}],"wp:attachment":[{"href":"https:\/\/www.radiopiu.net\/wordpress\/wp-json\/wp\/v2\/media?parent=302818"}],"wp:term":[{"taxonomy":"category","embeddable":true,"href":"https:\/\/www.radiopiu.net\/wordpress\/wp-json\/wp\/v2\/categories?post=302818"},{"taxonomy":"post_tag","embeddable":true,"href":"https:\/\/www.radiopiu.net\/wordpress\/wp-json\/wp\/v2\/tags?post=302818"}],"curies":[{"name":"wp","href":"https:\/\/api.w.org\/{rel}","templated":true}]}}