{"id":302827,"date":"2022-10-23T15:40:53","date_gmt":"2022-10-23T13:40:53","guid":{"rendered":"https:\/\/www.radiopiu.net\/wordpress\/?p=302827"},"modified":"2022-10-23T15:40:53","modified_gmt":"2022-10-23T13:40:53","slug":"due-interventi-del-soccorso-alpino-ad-arsie-e-pieve-di-cadore","status":"publish","type":"post","link":"https:\/\/www.radiopiu.net\/wordpress\/due-interventi-del-soccorso-alpino-ad-arsie-e-pieve-di-cadore\/","title":{"rendered":"DUE INTERVENTI DEL SOCCORSO ALPINO AD ARSIE&#8217; E PIEVE DI CADORE"},"content":{"rendered":"<p><strong>ARSIE&#8217;\u00a0<\/strong> Verso le 12.15 la Centrale del Suem ha allertato il Soccorso alpino di Feltre per intervenire in supporto dell&#8217;ambulanza in localit\u00e0 Tol, per un ciclista caduto sulla strada sterrata con la mountain bike a pedalata assistita. Un squadra di sette tecnici ha raggiunto l&#8217;infortunato, che si trovava con gli amici ed era assistito dall&#8217;infermiere dell&#8217;ambulanza per un sospetto trauma al torace. Una volta caricato in barella, il 51enne di Arsi\u00e8 (BL), \u00e8 stato trasportato dai soccorritori per un chilometro fino alla strada e da l\u00ec accompagnato all&#8217;ospedale di Feltre.<\/p>\n<p><strong>PIEVE DI CADORE\u00a0<\/strong>Attorno alle 12.30 l&#8217;elicottero del Suem di Pieve di Cadore \u00e8 intervenuto lungo il sentiero che scende dalla Chiesetta di San Dionisio, per un ciclista caduto con la propria mountain bike a pedalata assistita. Il 53enne di Povegliano (TV), che si trovava con i familiari, aveva ripreso conoscenza al momento dell&#8217;arrivo dell&#8217;elicottero e lamentava dolori alla schiena, \u00e8 stato preso in cura dall&#8217;equipe medica e dal tecnico di elisoccorso, sbarcati nelle vicinanze con un verricello di 30 metri. Imbarellato, \u00e8 stato recuperato e trasportato all&#8217;ospedale di Belluno.<\/p>\n<p>&nbsp;<\/p>\n<p>&nbsp;<\/p>\n<p>******<\/p>\n","protected":false},"excerpt":{"rendered":"<p>ARSIE&#8217;\u00a0 Verso le 12.15 la Centrale del Suem ha allertato il Soccorso alpino di Feltre per intervenire in supporto dell&#8217;ambulanza in localit\u00e0 Tol, per un ciclista caduto sulla strada sterrata con la mountain bike a pedalata assistita. Un squadra di sette tecnici ha raggiunto l&#8217;infortunato, che si trovava con gli amici ed era assistito dall&#8217;infermiere&hellip;<\/p>\n","protected":false},"author":4,"featured_media":59164,"comment_status":"closed","ping_status":"closed","sticky":false,"template":"","format":"standard","meta":{"_monsterinsights_skip_tracking":false,"_monsterinsights_sitenote_active":false,"_monsterinsights_sitenote_note":"","_monsterinsights_sitenote_category":0,"footnotes":""},"categories":[51,49],"tags":[],"class_list":["post-302827","post","type-post","status-publish","format-standard","has-post-thumbnail","hentry","category-evidenza-top","category-news-18","category-51","category-49","description-off"],"img_url":"https:\/\/www.radiopiu.net\/wordpress\/wp-content\/uploads\/2018\/08\/soccorsoalpino.jpg","_links":{"self":[{"href":"https:\/\/www.radiopiu.net\/wordpress\/wp-json\/wp\/v2\/posts\/302827","targetHints":{"allow":["GET"]}}],"collection":[{"href":"https:\/\/www.radiopiu.net\/wordpress\/wp-json\/wp\/v2\/posts"}],"about":[{"href":"https:\/\/www.radiopiu.net\/wordpress\/wp-json\/wp\/v2\/types\/post"}],"author":[{"embeddable":true,"href":"https:\/\/www.radiopiu.net\/wordpress\/wp-json\/wp\/v2\/users\/4"}],"replies":[{"embeddable":true,"href":"https:\/\/www.radiopiu.net\/wordpress\/wp-json\/wp\/v2\/comments?post=302827"}],"version-history":[{"count":0,"href":"https:\/\/www.radiopiu.net\/wordpress\/wp-json\/wp\/v2\/posts\/302827\/revisions"}],"wp:featuredmedia":[{"embeddable":true,"href":"https:\/\/www.radiopiu.net\/wordpress\/wp-json\/wp\/v2\/media\/59164"}],"wp:attachment":[{"href":"https:\/\/www.radiopiu.net\/wordpress\/wp-json\/wp\/v2\/media?parent=302827"}],"wp:term":[{"taxonomy":"category","embeddable":true,"href":"https:\/\/www.radiopiu.net\/wordpress\/wp-json\/wp\/v2\/categories?post=302827"},{"taxonomy":"post_tag","embeddable":true,"href":"https:\/\/www.radiopiu.net\/wordpress\/wp-json\/wp\/v2\/tags?post=302827"}],"curies":[{"name":"wp","href":"https:\/\/api.w.org\/{rel}","templated":true}]}}