{"id":302890,"date":"2022-10-25T05:00:12","date_gmt":"2022-10-25T03:00:12","guid":{"rendered":"https:\/\/www.radiopiu.net\/wordpress\/?p=302890"},"modified":"2022-10-25T09:25:29","modified_gmt":"2022-10-25T07:25:29","slug":"giornale-radiopiu-25-ottobre-2022-direttore-mirko-mezzacasa","status":"publish","type":"post","link":"https:\/\/www.radiopiu.net\/wordpress\/giornale-radiopiu-25-ottobre-2022-direttore-mirko-mezzacasa\/","title":{"rendered":"GIORNALE RADIOPIU 25 OTTOBRE 2022 DIRETTORE MIRKO MEZZACASA"},"content":{"rendered":"<h3 class=\"kvgmc6g5 cxmmr5t8 oygrvhab hcukyx3x c1et5uql\"><span style=\"color: #0000ff;\"><strong>RADIO PIU INFORMAZIONE il canale su TELEGRAM informazione di prima\u00a0\u00a0<\/strong><strong>mano e in tempo reale. iscriviti ed aiutaci a farlo conoscere<\/strong><\/span><\/h3>\n<blockquote>\n<h3><\/h3>\n<h3>FINE OTTOBRE CON L&#8217;ECLISSE PARZIALE DI SOLE<\/h3>\n<\/blockquote>\n<p><strong><a class=\"dt-pswp-item\" href=\"https:\/\/www.radiopiu.net\/wordpress\/wp-content\/uploads\/2022\/10\/a1749495-66a3-4b5d-999e-5ded7bafa1ab.jpg\" data-dt-img-description=\"\" data-large_image_width=\"840\" data-large_image_height=\"1002\"><img loading=\"lazy\" decoding=\"async\" class=\" wp-image-302819 alignleft\" src=\"https:\/\/www.radiopiu.net\/wordpress\/wp-content\/uploads\/2022\/10\/a1749495-66a3-4b5d-999e-5ded7bafa1ab-251x300.jpg\" alt=\"\" width=\"105\" height=\"125\" srcset=\"https:\/\/www.radiopiu.net\/wordpress\/wp-content\/uploads\/2022\/10\/a1749495-66a3-4b5d-999e-5ded7bafa1ab-251x300.jpg 251w, https:\/\/www.radiopiu.net\/wordpress\/wp-content\/uploads\/2022\/10\/a1749495-66a3-4b5d-999e-5ded7bafa1ab-768x916.jpg 768w, https:\/\/www.radiopiu.net\/wordpress\/wp-content\/uploads\/2022\/10\/a1749495-66a3-4b5d-999e-5ded7bafa1ab.jpg 840w\" sizes=\"auto, (max-width: 105px) 100vw, 105px\" \/><\/a>di Claudio Pra<\/strong><\/p>\n<p>Oggi si verificher\u00e0 un eclisse parziale di Sole ben osservabile dai nostri luoghi. Il nero disco lunare intaccher\u00e1 quello solare verso le 11.15, per poi avanzare fino a coprirne un terzo nel momento del massimo dell&#8217;eclisse previsto attorno alle 12.15. Alle 13.15 circa il fenomeno terminer\u00e0. Le raccomandazioni per seguire in sicurezza il fenomeno celeste sono sempre le stesse: mai guardare direttamente il Sole o inventarsi dubbie protezioni ma munirsi di un filtro solare, sia che l&#8217;osservazione sia effettuata ad occhio nudo, con piccoli binocoli o al telescopio.<\/p>\n<p>&nbsp;<\/p>\n<hr \/>\n<p>&nbsp;<\/p>\n<p><strong>OGGI INTERRUZIONE DI ENERGIA ELETTRICA A BRIES DI AGORDO, DALLE 8.30 ALLE 15.30\u00a0 l&#8217;interruzione interesser\u00e0 anche la postazione nodale di RADIOPIU con l&#8217;interruzione delle trasmissioni su gran parte delle frequenze. Sar\u00e0 regolarmente accesa per la Conca Agordina la frequenza 88.200, radio piu&#8217; si potr\u00e0 ascoltare in streaming dal sito internet, oppure dalle applicazioni per i telefoni, e i-pad.<\/strong><\/p>\n<p>QUI, ASCOLTI RADIO PIU<\/p>\n<p><a href=\"http:\/\/www.shoutcaststreaming.it\/clients\/radiopiu\/\">http:\/\/www.shoutcaststreaming.it\/clients\/radiopiu\/<\/a><\/p>\n<blockquote>\n<h3><\/h3>\n<h3>AD AGORDO DUE GIORNI SENZ&#8217;ACQUA IN VIA ALIGHIERI<\/h3>\n<\/blockquote>\n<p><strong>AGORDO<\/strong> Gestione Servizi Pubblici informa che, per lavori alla rete idrica comunale oggi e domani dalle 8 alle 17.30 potrebbe mancare l&#8217;acqua in Via Alighieri.<\/p>\n<p>&nbsp;<\/p>\n<p>&nbsp;<\/p>\n<hr \/>\n<p>&nbsp;<\/p>\n<blockquote>\n<h3>ACQUA NON POTABILE NELLA PARTE ALTA DI TAIBON<\/h3>\n<\/blockquote>\n<p><strong>TAIBON<\/strong> Gestione Servizi Pubblici informa che a TAIBON AGORDINO nelle localit\u00e0 CAMPEDEL, COSTE e SERACH l&#8217;acqua erogata dall&#8217;acquedotto non \u00e8 potabile e pu\u00f2 essere usata per scopi alimentari SOLO PREVIA bollitura. GSP ha, comunque, gi\u00e0 adottato le necessarie misure per la disinfezione dell&#8217;acqua presente nei serbatoi e nella rete idrica con l&#8217;aggiunta di cloro<\/p>\n<p>&nbsp;<\/p>\n<p>&nbsp;<\/p>\n<hr \/>\n<p>&nbsp;<\/p>\n<p>&nbsp;<\/p>\n<p><strong><img loading=\"lazy\" decoding=\"async\" class=\"alignleft\" src=\"https:\/\/www.radiopiu.net\/wordpress\/wp-content\/uploads\/2021\/10\/VALPE.png\" width=\"206\" height=\"103\" \/>AGORDO <\/strong>\u00a0Si avvisano i cittadini che, a causa di interventi di manutenzione tecnica alle linee telefoniche, dalle\u00a0 8 alle ore 12 di domani<span style=\"font-size: 14px;\">\u00a0potrebbero verificarsi dei\u00a0<\/span>malfunzionamenti alle linee telefoniche fisse<span style=\"font-size: 14px;\">, tra cui anche i seguenti numeri: <\/span>&#8211; 0437 1835690, dedicato alle utenze del comune di Sedico &#8211; 0437 640462 e 0437 643621, dedicati alle utenze dei comuni dell\u2019Unione Montana Agordina &#8211; 0435 482633, dedicato ai comuni dell\u2019Unione Montana Valle del Boite &#8211; 0436 867340, dedicato al Ce.R.D. in Loc. Pies. de Ramognes Cortina D\u2019Ampezzo In caso di difficolt\u00e0 nel contattare i nostri uffici, invitiamo i cittadini a richiamare nel pomeriggio.<\/p>\n<p>&nbsp;<\/p>\n<hr \/>\n<p>&nbsp;<\/p>\n<blockquote>\n<h3>MORIRE A 22 ANNI LUNGO UNA STRADA SEMPRE PIU&#8217; PERICOLOSA ALLE PORTE DEL PARCO DELLE DOLOMITI BELLUNESI.<\/h3>\n<\/blockquote>\n<p>&nbsp;<\/p>\n<p>di Moreno Gioli, dai notiziari di ieri<\/p>\n<audio class=\"wp-audio-shortcode\" id=\"audio-302890-1\" preload=\"none\" style=\"width: 100%;\" controls=\"controls\"><source type=\"audio\/mpeg\" src=\"https:\/\/www.radiopiu.net\/wordpress\/wp-content\/uploads\/2022\/10\/moreno-gioli-2.mp3?_=1\" \/><a href=\"https:\/\/www.radiopiu.net\/wordpress\/wp-content\/uploads\/2022\/10\/moreno-gioli-2.mp3\">https:\/\/www.radiopiu.net\/wordpress\/wp-content\/uploads\/2022\/10\/moreno-gioli-2.mp3<\/a><\/audio>\n<p>&nbsp;<\/p>\n<p>&nbsp;<\/p>\n<p><strong><a class=\"dt-pswp-item\" href=\"https:\/\/www.radiopiu.net\/wordpress\/wp-content\/uploads\/2022\/10\/ALESSANDRO-TABAKU.jpg\" data-dt-img-description=\"\" data-large_image_width=\"574\" data-large_image_height=\"574\"><img loading=\"lazy\" decoding=\"async\" class=\"wp-image-302977 alignleft\" src=\"https:\/\/www.radiopiu.net\/wordpress\/wp-content\/uploads\/2022\/10\/ALESSANDRO-TABAKU-300x300.jpg\" alt=\"\" width=\"161\" height=\"161\" srcset=\"https:\/\/www.radiopiu.net\/wordpress\/wp-content\/uploads\/2022\/10\/ALESSANDRO-TABAKU-300x300.jpg 300w, https:\/\/www.radiopiu.net\/wordpress\/wp-content\/uploads\/2022\/10\/ALESSANDRO-TABAKU-150x150.jpg 150w, https:\/\/www.radiopiu.net\/wordpress\/wp-content\/uploads\/2022\/10\/ALESSANDRO-TABAKU.jpg 574w\" sizes=\"auto, (max-width: 161px) 100vw, 161px\" \/><\/a>AGORDO<\/strong> Lo attendevano in Luxottica, ma Alessandro non \u00e8 mai arrivato. Il suo trasferimento dal trevigiano verso il posto di lavoro di cui ne andava molto orgoglioso si \u00e8 fermato alla Stanga in Comune di Sedico alle 5.30 del mattino, contro la recinzione in cemento dell&#8217;ex villaggio Enel. Una sbandata sulla sinistra, la Opel ha cozzato violentemente contro il muro e poi si \u00e8 ribaltata nel prato. E&#8217; molto probabile che il giovane abbia cercato di schivare un ungulato che gli ha attraversato la strada. Da mesi, anni, gli automobilisti chiedono interventi concreti per risolvere un problema sempre pi\u00f9 preoccupante, ma come si pu\u00f2 capire dai continui incidenti (questo \u00e8 il secondo mortale negli ultimi anni) non \u00e8 stato fatto molto.\u00a0 Alessandro Tabaku\u00a0 aveva 22 anni, nato a Conegliano e residente a Codogn\u00e8, dipendente della Luxottica da 8 mesi, era fresco di laurea in economia aziendale alla C\u00e0 Foscari di Venezia con un curriculum\u00a0 invidiabi. Immediati i soccorsi del Suem e dei \u00a0vigili del fuoco di Agordo che hanno estratto il <a class=\"dt-pswp-item\" href=\"https:\/\/www.radiopiu.net\/wordpress\/wp-content\/uploads\/2022\/10\/Senza-nome-70.jpg\" data-dt-img-description=\"\" data-large_image_width=\"594\" data-large_image_height=\"338\"><img loading=\"lazy\" decoding=\"async\" class=\"wp-image-303098 alignright\" src=\"https:\/\/www.radiopiu.net\/wordpress\/wp-content\/uploads\/2022\/10\/Senza-nome-70-300x171.jpg\" alt=\"\" width=\"237\" height=\"135\" srcset=\"https:\/\/www.radiopiu.net\/wordpress\/wp-content\/uploads\/2022\/10\/Senza-nome-70-300x171.jpg 300w, https:\/\/www.radiopiu.net\/wordpress\/wp-content\/uploads\/2022\/10\/Senza-nome-70.jpg 594w\" sizes=\"auto, (max-width: 237px) 100vw, 237px\" \/><\/a>giovane, purtroppo il medico del Suem, ha solo potuto constatare la morte del\u00a0 22enne. Sul posto la Polizia Stradale per i\u00a0 rilievi per ricostruire la dinamica del grave incidente. Le operazioni di soccorso sono terminate poco dopo le 830.<br \/>\n<span style=\"color: #ff0000;\">UNA VITA TROPPO BREVE<\/span><br \/>\n<strong>IL RICORDO DI ALESSANDRO DA LINKEDIN<\/strong> &#8220;Se non so cosa fare penso, lamentiamo spesso che la vita \u00e8 breve, ma finch\u00e9 continuiamo a strologare chi potremmo diventare invece di capire chi siamo realmente,\u00a0 siamo destinati a perseverare nell&#8217;ignoranza, procurata dall&#8217;ardito desiderio di arrivare chiss\u00e0 dove in alto sotto il dominio di un futuro eventuale&#8221;.<\/p>\n<p>&nbsp;<\/p>\n<p>&nbsp;<\/p>\n\n\t\t\t<style type='text\/css'>\n\t\t\t\t#gallery-1 {\n\t\t\t\t\tmargin: auto;\n\t\t\t\t}\n\t\t\t\t#gallery-1 .gallery-item {\n\t\t\t\t\tfloat: left;\n\t\t\t\t\tmargin-top: 10px;\n\t\t\t\t\ttext-align: center;\n\t\t\t\t\twidth: 25%;\n\t\t\t\t}\n\t\t\t\t#gallery-1 img {\n\t\t\t\t\tborder: 2px solid #cfcfcf;\n\t\t\t\t}\n\t\t\t\t#gallery-1 .gallery-caption {\n\t\t\t\t\tmargin-left: 0;\n\t\t\t\t}\n\t\t\t\t\/* see gallery_shortcode() in wp-includes\/media.php *\/\n\t\t\t<\/style>\n\t\t<div id='gallery-1' class='dt-gallery-container gallery galleryid-302890 gallery-columns-4 gallery-size-thumbnail'><dl class='gallery-item'>\n\t\t\t\t<dt class='gallery-icon landscape'>\n\t\t\t\t\t<a class=\"rollover rollover-zoom dt-pswp-item\" title=\"41bc8408-ae4c-4f4e-9e60-d2d2aa2c8c72\" data-dt-img-description=\"\" data-large_image_width=\"1024\" data-large_image_height=\"768\"href='https:\/\/www.radiopiu.net\/wordpress\/wp-content\/uploads\/2022\/10\/41bc8408-ae4c-4f4e-9e60-d2d2aa2c8c72-1.jpg'><img loading=\"lazy\" decoding=\"async\" width=\"150\" height=\"150\" src=\"https:\/\/www.radiopiu.net\/wordpress\/wp-content\/uploads\/2022\/10\/41bc8408-ae4c-4f4e-9e60-d2d2aa2c8c72-1-150x150.jpg\" class=\"attachment-thumbnail size-thumbnail\" alt=\"\" \/><\/a>\n\t\t\t\t<\/dt><\/dl><dl class='gallery-item'>\n\t\t\t\t<dt class='gallery-icon landscape'>\n\t\t\t\t\t<a class=\"rollover rollover-zoom dt-pswp-item\" title=\"0c01752e-ab98-4b09-aab4-90c930d7e39c\" data-dt-img-description=\"\" data-large_image_width=\"1024\" data-large_image_height=\"768\"href='https:\/\/www.radiopiu.net\/wordpress\/wp-content\/uploads\/2022\/10\/0c01752e-ab98-4b09-aab4-90c930d7e39c.jpg'><img loading=\"lazy\" decoding=\"async\" width=\"150\" height=\"150\" src=\"https:\/\/www.radiopiu.net\/wordpress\/wp-content\/uploads\/2022\/10\/0c01752e-ab98-4b09-aab4-90c930d7e39c-150x150.jpg\" class=\"attachment-thumbnail size-thumbnail\" alt=\"\" \/><\/a>\n\t\t\t\t<\/dt><\/dl><dl class='gallery-item'>\n\t\t\t\t<dt class='gallery-icon landscape'>\n\t\t\t\t\t<a class=\"rollover rollover-zoom dt-pswp-item\" title=\"2260fb0e-1f63-4894-80ac-df651e682fee\" data-dt-img-description=\"\" data-large_image_width=\"1280\" data-large_image_height=\"960\"href='https:\/\/www.radiopiu.net\/wordpress\/wp-content\/uploads\/2022\/10\/2260fb0e-1f63-4894-80ac-df651e682fee.jpg'><img loading=\"lazy\" decoding=\"async\" width=\"150\" height=\"150\" src=\"https:\/\/www.radiopiu.net\/wordpress\/wp-content\/uploads\/2022\/10\/2260fb0e-1f63-4894-80ac-df651e682fee-150x150.jpg\" class=\"attachment-thumbnail size-thumbnail\" alt=\"\" \/><\/a>\n\t\t\t\t<\/dt><\/dl><dl class='gallery-item'>\n\t\t\t\t<dt class='gallery-icon landscape'>\n\t\t\t\t\t<a class=\"rollover rollover-zoom dt-pswp-item\" title=\"7cb6f822-2186-499d-ac45-bc2c5d6ff4e1\" data-dt-img-description=\"\" data-large_image_width=\"1280\" data-large_image_height=\"960\"href='https:\/\/www.radiopiu.net\/wordpress\/wp-content\/uploads\/2022\/10\/7cb6f822-2186-499d-ac45-bc2c5d6ff4e1.jpg'><img loading=\"lazy\" decoding=\"async\" width=\"150\" height=\"150\" src=\"https:\/\/www.radiopiu.net\/wordpress\/wp-content\/uploads\/2022\/10\/7cb6f822-2186-499d-ac45-bc2c5d6ff4e1-150x150.jpg\" class=\"attachment-thumbnail size-thumbnail\" alt=\"\" \/><\/a>\n\t\t\t\t<\/dt><\/dl><br style=\"clear: both\" \/>\n\t\t\t<\/div>\n\n<p><strong>\u00a0<\/strong><\/p>\n<blockquote>\n<h3><strong>MATTINATA DI INCIDENTI, DA SALCE A SEDICO\u00a0<\/strong><\/h3>\n<\/blockquote>\n<p><strong>\u00a0<\/strong><\/p>\n<p><strong>BELLUNO<\/strong> A poche ore di distanza dal drammatico incidente mortale a La Stanga un secondo incidente, analogo incidente ma con esiti meno drammatici a Salve. Un&#8217;altra auto capottata, l&#8217; occupante \u00e8 uscito da solo dall&#8217;abitacolo. Verso le 7.20, un altro incidente a Sedico, con una donna ferita lieve portata all\u2019ospedale.<\/p>\n<p><a class=\"dt-pswp-item\" href=\"https:\/\/www.radiopiu.net\/wordpress\/wp-content\/uploads\/2022\/10\/SEDICO.png\" data-dt-img-description=\"\" data-large_image_width=\"479\" data-large_image_height=\"293\"><img loading=\"lazy\" decoding=\"async\" class=\"alignnone size-medium wp-image-302964\" src=\"https:\/\/www.radiopiu.net\/wordpress\/wp-content\/uploads\/2022\/10\/SEDICO-300x184.png\" alt=\"\" width=\"300\" height=\"184\" srcset=\"https:\/\/www.radiopiu.net\/wordpress\/wp-content\/uploads\/2022\/10\/SEDICO-300x184.png 300w, https:\/\/www.radiopiu.net\/wordpress\/wp-content\/uploads\/2022\/10\/SEDICO.png 479w\" sizes=\"auto, (max-width: 300px) 100vw, 300px\" \/><\/a><\/p>\n<p>&nbsp;<\/p>\n<hr \/>\n<p>&nbsp;<\/p>\n<blockquote>\n<h3>DRAMMA SUL LAVORO, MUORE SCHIACCIATO DALLA PALA MECCANICA<\/h3>\n<\/blockquote>\n<p><strong>di MORENO GIOLI<\/strong><\/p>\n<audio class=\"wp-audio-shortcode\" id=\"audio-302890-2\" preload=\"none\" style=\"width: 100%;\" controls=\"controls\"><source type=\"audio\/mpeg\" src=\"https:\/\/www.radiopiu.net\/wordpress\/wp-content\/uploads\/2022\/10\/moreno-morto-pala.mp3?_=2\" \/><a href=\"https:\/\/www.radiopiu.net\/wordpress\/wp-content\/uploads\/2022\/10\/moreno-morto-pala.mp3\">https:\/\/www.radiopiu.net\/wordpress\/wp-content\/uploads\/2022\/10\/moreno-morto-pala.mp3<\/a><\/audio>\n<p>&nbsp;<\/p>\n<p><strong><img loading=\"lazy\" decoding=\"async\" class=\"alignleft\" src=\"https:\/\/www.radiopiu.net\/wordpress\/wp-content\/uploads\/2022\/10\/f4d469f0-b640-48e9-afe4-aa8528600505.jpg\" width=\"396\" height=\"218\" \/>AURONZO<\/strong> Nel pomeriggio\u00a0 i vigili del fuoco sono intervenuti in localit\u00e0 Cima Gogna ad Auronzo di Cadore per il rovesciamento di una pala meccanica all\u2019interno di un\u2019azienda per la preparazione del calcestruzzo: deceduto l\u2018operatore. I pompieri arrivati da Santo Stefano, Pieve di Cadore e con i volontari di Lozzo, hanno messo in sicurezza il mezzo di movimento terra. Purtroppo nonostante i tentativi di rianimazione il medico del Suem ha dovuto constare la morte dell\u2019uomo 59 enne. Sul posto il personale dello Spisal per ricostruire la dinamica del sinistro e i carabinieri. Le operazioni di soccorso dei vigili del fuoco sono terminate dopo circa due ore e mezza.<\/p>\n<p>Sul posto il personale dello\u00a0<strong>Spisal<\/strong>\u00a0per ricostruire la dinamica del sinistro e i carabinieri. Le operazioni di soccorso dei vigili del fuoco sono terminate dopo circa due ore e mezza.<\/p>\n<p>&nbsp;<\/p>\n<hr \/>\n<p>&nbsp;<\/p>\n<blockquote>\n<h3>SENZA ESITO LE RICERCHE DI NICOLA, FISIOTERAPISTA DISPERSO SUL LAGORAI<\/h3>\n<\/blockquote>\n<p><strong><img loading=\"lazy\" decoding=\"async\" class=\"alignleft\" src=\"https:\/\/www.radiopiu.net\/wordpress\/wp-content\/uploads\/2022\/10\/Senza-nome-68.jpg\" width=\"188\" height=\"181\" \/>REDAZIONE<\/strong> Nicola Spagnolo, 26 anni, fisioterapista di Scorz\u00e8 ma da qualche anno nel bellunese per lavoro \u00e8 scomparso da venerdi, non c&#8217;\u00e8 alcuna traccia del suo passaggio. Per tutto il fine settimana ed anche ieri le squadra di soccorso lo stanno cercando. Il suo zaino era stato trovato sabato sera all&#8217;interno del bivacco &#8220;Paolo e Nicola&#8221; nei pressi della forcella di Valmaggiore sul Lagorai da altri escursionisti. L\u00ec a fianco, un biglietto, scritto venerdi alle 6.30,\u00a0 nel quale il ventiseienne spiegava di essere partito alla volta di cima Cece con l&#8217;intenzione di tornare al bivacco per la notte.\u00a0 La sua auto \u00e8 stata invece ritrovata al rifugio Refavaie. Lo stanno cercando uomini del Soccorso alpino,\u00a0 Guardia di Finanza, vigili del fuoco volontari e permanenti, la Croce rossa,\u00a0 Scuola provinciale cani da ricerca,\u00a0 carabinieri della compagnia di Cavalese. Le condizioni meteo della giornata di ieri non hanno permesso di perlustrare al meglio entrambi i versanti: dopo che quello verso il Vanoi e il Primiero era stato battuto da decine di operatori nella giornata di domenica.<\/p>\n<p>&nbsp;<\/p>\n<hr \/>\n<p><span style=\"color: #ff0000;\"><strong>\u00a0<\/strong><\/span><\/p>\n<p><span style=\"color: #ff0000;\"><strong>LA GENTE MUORE GLI UNGULATI SPADRONEGGIANO SULL&#8217;ASFALTO. E GLI ENTI PREPOSTI?<\/strong><\/span><\/p>\n<blockquote>\n<h3>SULLA TRAGEDIA LUNGO LA 203, DE BON &#8220;URGENTISSIMO METTERE IN SICUREZZA LE STRADE&#8221;<\/h3>\n<\/blockquote>\n<p><strong><a class=\"dt-pswp-item\" href=\"https:\/\/www.radiopiu.net\/wordpress\/wp-content\/uploads\/2022\/10\/th-12.jpg\" data-dt-img-description=\"\" data-large_image_width=\"474\" data-large_image_height=\"259\"><img loading=\"lazy\" decoding=\"async\" class=\"size-medium wp-image-303016 alignleft\" src=\"https:\/\/www.radiopiu.net\/wordpress\/wp-content\/uploads\/2022\/10\/th-12-300x164.jpg\" alt=\"\" width=\"300\" height=\"164\" srcset=\"https:\/\/www.radiopiu.net\/wordpress\/wp-content\/uploads\/2022\/10\/th-12-300x164.jpg 300w, https:\/\/www.radiopiu.net\/wordpress\/wp-content\/uploads\/2022\/10\/th-12.jpg 474w\" sizes=\"auto, (max-width: 300px) 100vw, 300px\" \/><\/a>BELLUNO<\/strong> \u00abCome \u00e8 necessario intervenire per mettere in sicurezza la viabilit\u00e0 di montagna dalla caduta massi, cos\u00ec \u00e8 urgente mettere in sicurezza le strade dall\u2019attraversamento della fauna selvatica\u00bb. Lo riferisce il consigliere provinciale Franco De Bon, alla notizia dell\u2019incidente mortale avvenuto questa mattina lungo la Sr 203 Agordina, all\u2019altezza della Stanga, dove un\u2019auto \u00e8 uscita di strada per evitare un animale &#8211; probabilmente un cervo o un capriolo &#8211; sbucato all\u2019improvviso. \u00abSiamo consapevoli dei rischi rappresentati dagli attraversamenti degli ungulati. Rischi simili a quelli della caduta massi dalle pareti che sovrastano diverse strade del nostro territorio, e sicuramente non meno pericolosi. Proprio per questo abbiamo chiesto di intervenire con almeno un attraversamento faunistico all\u2019anno sulla rete stradale provinciale. Dove sono stati realizzati i sottopassi per gli ungulati, non si sono pi\u00f9 registrati incidenti con gli animali, come ad esempio lungo la Sp1 tra Levego e Belluno. Per la mitigazione del rischio, i sottopassi sono fondamentali e sono gi\u00e0 previsti in ogni nuova progettazione. Abbiamo gi\u00e0 incontrato Anas e Veneto Strade, per chiedere ai gestori della rete stradale che oltre alla pianificazione di nuove opere, questi interventi vengano realizzati anche sulle infrastrutture viarie esistenti. E con l\u2019ufficio caccia abbiamo fornito una cartografia dettagliata dei punti maggiormente interessati dagli attraversamenti. Dati che conosciamo bene, visto che in media in provincia avviene un incidente al giorno con la fauna selvatica\u00bb. \u00abUn pensiero va ai famigliari del ragazzo che ha perso la vita sull\u2019Agordina\u00bb conclude il consigliere De Bon. \u00abUna vita umana non pu\u00f2 finire in questo modo, su una strada\u00bb.<\/p>\n<p>&nbsp;<\/p>\n<p><strong><span style=\"color: #ff0000;\">DILLO A RADIO PIU&#8217;&#8230;<\/span><\/strong><\/p>\n<p><strong><br \/>\nFranco, Agordo <\/strong>Stavolta se per la sicurezza della 203 non si fa niente, dopo aver scritto a Parco, Protezione Animali ecc. naturalmente senza risposte, vista l&#8217;inerzia delle istituzioni, l&#8217;indifferenza della comunit\u00e0, la paura ad esporsi degli agenti forse \u00e8 il momento di chiedere l&#8217;intervento della stampa nazionale, oppure proporsi con\u00a0 una manifestazione sociale<\/p>\n<p><strong>Erminia Falcade<\/strong> Penso che sarebbe ora che Veneto Strade ed ente Parco prendessero seri provvedimenti e non costosi ed inutili palliativi per la sicurezza lungo la 203. Quanti morti ci devono essere perch\u00e9 gli enti preposti prendano coscienza che quella strada \u00e8 una trappola mortale? Ormai percorrere il tragitto tra l&#8217;agordino e Belluno \u00e8 come giocare alla roulette russa.<\/p>\n<p><strong>Franz<\/strong> Al Parco interessa? Se i morti, in tutte le tragedie, fossero figli delle cosiddette &#8220;autorit\u00e0&#8221;, allora sarebbe diverso. Funziona anche cos\u00ec con le minacce alla vita. Al consigliere Franco\u00a0 De Bon forse andrebbe detto che le dichiarazioni non servono a niente. Penso che un buon politico si sarebbe gi\u00e0 interessato da tanto tempo affinch\u00e9 si prendessero provvedimenti provvisori, quali l&#8217;illuminazione e il taglio della vegetazione, soprattutto quella che sembra piantata apposta per peggiorare il rischio. Dovrebbe sapere anche che non si possono realizzare i sottopassi (informazione dal parco) perch\u00e9 sotto il livello acqua, ma semmai si deve parlare di sopra-passi. Inutile fare chiacchiere fino a domani e poi basta. E non dimentichiamo la velocit\u00e0 e i sorpassi in galleria, gli animali lasciati agonizzare, la mancanza di telecamere dove servono, le pattuglie che non ci sono. Certo, la Luxottica piange, e la famiglia di quel ragazzo? Chi ne risponder\u00e0 di questa ennesima vittima sul lavoro? Come al solito nessuno, fatalit\u00e0 diranno. Che tristezza.<\/p>\n<p><strong>Rodolfo Pellegrinon<\/strong> In relazione ai frequenti sinistri stradali con il coinvolgimento della fauna selvatica, in particolare cervi, che causano, come stamane, anche vittime che transitano sulla 203 Agordina per recarsi al lavoro, nessuno fa nulla. nessun ente o Amministrazione si muove. Forse quanto successo oggi non basta? Ci vogliono ancora altre vittime ? L\u2019abbondanza della fauna selvatica, se da un lato costituisce un\u2019importante risorsa naturalistica, dall\u2019altro ha innescato diverse criticit\u00e0 dovute all\u2019impatto con il traffico veicolare sulla rete viaria.Tutto questo risulta particolarmente insidioso quando si tratta di ungulati, ma persino di animali di taglia inferiore come volpi lepri ecc. che non vanno sottovalutati.Le maggiori probabilit\u00e0 di impatto si hanno tendenzialmente nelle prime ore del mattino e in tarda sera, in coincidenza con gli spostamenti dei lavoratori verso i luoghi di lavoro e i rientri a casa. Considerato che chi di competenza non interviene per risolvere o perlomeno attenuare questo grave problema non rimane che sensibilizzare gli automobilisti. Certo non esistono facili rimedi e la prevenzione dei rischi dovrebbe essere tesa prima di tutto a sensibilizzare il comportamento del guidatore piuttosto che a modificare quello della fauna selvatica e, siccome molti utenti della strada non sono ancora pienamente consapevoli dei pericoli, dovranno loro adottare una guida pi\u00f9 attenta e prudente, indipendentemente dalla tipologia di strade e dalla presenza di apposita segnaletica stradale. In attesa naturalmente che il pi\u00f9 presto possibile si muova, come detto, chi di competenza. Non si pu\u00f2 morire per un cervo che ti attraversa la strada.<\/p>\n<p><strong>Diana<\/strong>. Abbiamo perso un altro giovane. \u00c8 solamente un&#8217;ennesima tragedia preannunciata. Stavolta \u00e8 toccata a quel povero ragazzo. Domani sar\u00e0 un&#8217;altra mamma, un figlio, una moglie o un marito a piangere. La prossima? Se \u00e8 per i dirigenti stradali o i nostri politici&#8230;domani pu\u00f2 toccare ad un altro!! Un cervo, mille cervi. Chi percorre ttutti i giorni quella strada pu\u00f2 dire che la situazione negli ultimi anni \u00e8 solo che peggiorata. Cervi dappertutto, dentro e fuori dalla strada, di notte e alla luce del sole. Ogni santo giorno mille persone sperano di tornare a casa salvi. Non serve mettere un telo verde chiaro sopra al cervo morto: serve pi\u00f9 sicurezza!<\/p>\n<p><strong>Michel<\/strong> Visto che sar\u00e0 tema dei prossimi giorni, sarebbe utile che le aziende del luogo e gli stessi Comuni facessero informazione sul viaggiare lungo le strade e il rischio ungulati? Magari gente assunta che viene da fuori non \u00e8 ben informata e sottovaluta il pericolo che effettivamente \u00e8 molto alto in questa stagione.<\/p>\n<p>&nbsp;<\/p>\n<hr \/>\n<p>&nbsp;<\/p>\n<blockquote>\n<h2>SOCCORSO ESCURSIONISTA NELLA NOTTE<\/h2>\n<\/blockquote>\n<p><strong> <a class=\"dt-pswp-item\" href=\"https:\/\/www.radiopiu.net\/wordpress\/wp-content\/uploads\/2022\/09\/salt_20220907_090012_974.jpg\" data-dt-img-description=\"\" data-large_image_width=\"2364\" data-large_image_height=\"1773\"><img loading=\"lazy\" decoding=\"async\" class=\" wp-image-296121 alignleft\" src=\"https:\/\/www.radiopiu.net\/wordpress\/wp-content\/uploads\/2022\/09\/salt_20220907_090012_974-300x225.jpg\" alt=\"\" width=\"192\" height=\"144\" srcset=\"https:\/\/www.radiopiu.net\/wordpress\/wp-content\/uploads\/2022\/09\/salt_20220907_090012_974-300x225.jpg 300w, https:\/\/www.radiopiu.net\/wordpress\/wp-content\/uploads\/2022\/09\/salt_20220907_090012_974-1024x768.jpg 1024w, https:\/\/www.radiopiu.net\/wordpress\/wp-content\/uploads\/2022\/09\/salt_20220907_090012_974-768x576.jpg 768w, https:\/\/www.radiopiu.net\/wordpress\/wp-content\/uploads\/2022\/09\/salt_20220907_090012_974-1536x1152.jpg 1536w, https:\/\/www.radiopiu.net\/wordpress\/wp-content\/uploads\/2022\/09\/salt_20220907_090012_974-2048x1536.jpg 2048w\" sizes=\"auto, (max-width: 192px) 100vw, 192px\" \/><\/a>SAN GREGORIO<\/strong>\u00a0 \u00a0Domenica sera alle 18, la Centrale del Suem \u00e8 stata allertata tramite i parenti di un escursionista, che si trovava in difficolt\u00e0 nella zona del Pizzocco. Non era pi\u00f9 raggiungibile e le informazioni scarne, finch\u00e9 il 33enne di Cittadella (PD) \u00e8 riuscito lui stesso a chiamare il 118, con la poca batteria residua. Mentre al contempo veniva allertato il Soccorso alpino di Feltre, risaliti tramite l&#8217;applicazione di geolocalizzazione alla sua posizione, gli \u00e8 stato detto di non muoversi assolutamente e di non utilizzare il cellulare. Una squadra veloce \u00e8 subito partita, con una previsione di 3 ore di cammino, un&#8217;altra l&#8217;ha seguita da presso. L&#8217;escursionista era partito alle 11 per completare l&#8217;anello del Pizzocco, un giro molto impegnativo che richiede 7 ore: lungo il sentiero 852 dalla Val Scura a Passo Forca, passando al sentiero 851 da Passo Cimia, Forcella Intrigos, discesa a San Gregorio. Solo che, giunto sul Pian di Cimia, si era perso vagando a vuoto, per poi ritrovare la traccia ormai prossimo il buio e senza pila. Con una squadra ferma a Forcella Intrigos a fare da ponte radio e garantire le comunicazioni, poich\u00e9, oltre, la rete \u00e8 assente, i soccorritori hanno individuato e raggiunto verso le 22 l&#8217;uomo, che stava bene. Dopo averlo dotato di imbrago e frontale, i soccorritori lo hanno assicurato dato il terreno difficile in cui si trovava. Con lui la squadra \u00e8 quindi ridiscesa a valle, verso l&#8217;abitato di San Gregorio. L&#8217;intervento si \u00e8 chiuso ieri sera a mezzanotte e mezza.<\/p>\n<p><strong>FOTO ARCHIVIO RADIOPIU<\/strong><\/p>\n<p>&nbsp;<\/p>\n<hr \/>\n<p>&nbsp;<\/p>\n<blockquote>\n<h3>PALPEGGIA UNA RAGAZZA A PEDEROBBA, BELLUNESE RISCHIA IL LINCIAGGIO<\/h3>\n<\/blockquote>\n<p><strong>OGGI SUL CORRIERE DELLE ALPI<\/strong><\/p>\n<p><strong>DI MARCO FILIPPI<\/strong><\/p>\n<p><img decoding=\"async\" class=\"alignleft\" src=\"https:\/\/www.radiopiu.net\/wordpress\/wp-content\/uploads\/2022\/10\/Senza-nome-69.jpg\" \/><strong>FONZASO\u00a0<\/strong> Ha palpeggiato nelle parti intime una giovane nel parcheggio di una birreria di Pederobba e poi ha rischiato il linciaggio da parte degli amici della ragazza. Per sfuggire al pestaggio \u00e8 stato costretto a correre all&#8217;interno del locale e rinchiudersi nei bagni, in attesa dell&#8217;arrivo dei carabinieri che lui stesso ha allertato. Alla fine il marocchino Issam E.S., 31 anni di Fonzaso, \u00e8 stato arrestato per violenza sessuale ed ora \u00e8 agli arresti domiciliari. &#8230; Appena ha visto la ragazza, le si \u00e8 avvicinato con decisione e le ha infilato la mano nel pantaloni, toccandola, in modo pesante. La ragazza, seppur sorpresa dal gesto, s&#8217;\u00e8 messa subito a gridare attirando l&#8217;attenzione di un gruppo di suoi amici, che si trovava nelle vicinanze. A quel punto \u00e8 scattata subito la caccia all&#8217;uomo. Il marocchino, vedendo che la situazione per lui si metteva male, \u00e8 corso all&#8217;interno dell&#8217;Old Saloon, inseguito dal gruppo di giovani che lo volevano picchiare&#8230;I gestori del locale Alessandro e Mauro Mennillo, padre e figlio, soci nell&#8217;attivit\u00e0, che hanno calmato gli animi e soccorso la ragazza, in attesa dell&#8217;arrivo dei militari dell&#8217;Arma precisano che il fatto \u00e8 avvenuto nel retro del\u00a0 locale, all&#8217;esterno, a tutela della nostra immagine, e che l&#8217;Old Saloon non c&#8217;entra nulla con questa vicenda.<\/p>\n<p>&nbsp;<\/p>\n<hr \/>\n<p>&nbsp;<\/p>\n<blockquote>\n<h3>CONCA AGORDINA SENZA INTERNET, DA IERI BLACK OUT E FIBRA DANNEGGIATA<\/h3>\n<\/blockquote>\n<p><strong><img loading=\"lazy\" decoding=\"async\" class=\"alignleft\" src=\"https:\/\/www.radiopiu.net\/wordpress\/wp-content\/uploads\/2022\/10\/e8e87ceb-68ea-4a47-b5d1-f97a815fdc91.jpg\" width=\"180\" height=\"240\" \/>AGORDO<\/strong> KO Internet di buona parte della Conca dovuto a un collegamento fibra interrotto.\u00a0 Il fatto risale alle sette di ieri mattina. In mattinata alcuni operatori WISP (4ALL, EOLO)\u00a0 cercavano soluzioni alternative per ripristinare il servizio alle utenze (con tratte di backup), ma il problema scatenante non era stato risolto.\u00a0 Nel pomeriggio il messaggio dei gestori: &#8220;arrivano comunicazioni dai vari gestori sul genere <code>Volevamo informarla che la riparazione del guasto sulla fibra interrotta \u00e8 stato definito in risoluzione nella giornata di domani (oggi ndr).<br \/>\nRimarremo in contatto con l'azienda che sta operando al ripristino per tutta la serata, nella giornata di domani (oggi) e fino al termine delle lavorazioni.<\/code><\/p>\n<p><strong>DALLA ULSS 1 <\/strong>\u00a0LINEE TELEFONICHE FUORI USO ALL&#8217;OSPEDALE DI AGORDO A causa di una problematica generalizzata sulle linee telefoniche che questa mattina sta interessando l&#8217;Agordino, anche l&#8217;ospedale di Agordo non \u00e8 raggiungibile telefonicamente dall&#8217;esterno.<\/p>\n<p>E&#8217; garantito il numero di emergenza 118. I nostri tecnici sono al lavoro col gestore della linea telefonica per ripristinare appena possibile le comunicazioni. Seguiranno aggiornamenti. Ci scusiamo per il disagio dovuto a cause esterne all&#8217;organizzazione.<\/p>\n<p>&nbsp;<\/p>\n<p>&nbsp;<\/p>\n<hr \/>\n<p>&nbsp;<\/p>\n<blockquote>\n<h3>IL COMUNE DI VALLADA CI RIPROVA, DOPO L&#8217;ARIET UN NUOVO PROGETTO PER I GIOVANI<\/h3>\n<\/blockquote>\n<p><strong>VALLADA\u00a0<\/strong><\/p>\n<p><strong>DI GIANNI SANTOMASO<\/strong><\/p>\n<audio class=\"wp-audio-shortcode\" id=\"audio-302890-3\" preload=\"none\" style=\"width: 100%;\" controls=\"controls\"><source type=\"audio\/mpeg\" src=\"https:\/\/www.radiopiu.net\/wordpress\/wp-content\/uploads\/2022\/10\/gianni-servizio.mp3?_=3\" \/><a href=\"https:\/\/www.radiopiu.net\/wordpress\/wp-content\/uploads\/2022\/10\/gianni-servizio.mp3\">https:\/\/www.radiopiu.net\/wordpress\/wp-content\/uploads\/2022\/10\/gianni-servizio.mp3<\/a><\/audio>\n\n\t\t\t<style type='text\/css'>\n\t\t\t\t#gallery-2 {\n\t\t\t\t\tmargin: auto;\n\t\t\t\t}\n\t\t\t\t#gallery-2 .gallery-item {\n\t\t\t\t\tfloat: left;\n\t\t\t\t\tmargin-top: 10px;\n\t\t\t\t\ttext-align: center;\n\t\t\t\t\twidth: 33%;\n\t\t\t\t}\n\t\t\t\t#gallery-2 img {\n\t\t\t\t\tborder: 2px solid #cfcfcf;\n\t\t\t\t}\n\t\t\t\t#gallery-2 .gallery-caption {\n\t\t\t\t\tmargin-left: 0;\n\t\t\t\t}\n\t\t\t\t\/* see gallery_shortcode() in wp-includes\/media.php *\/\n\t\t\t<\/style>\n\t\t<div id='gallery-2' class='dt-gallery-container gallery galleryid-302890 gallery-columns-3 gallery-size-thumbnail'><dl class='gallery-item'>\n\t\t\t\t<dt class='gallery-icon landscape'>\n\t\t\t\t\t<a class=\"rollover rollover-zoom dt-pswp-item\" title=\"d518f0d3-c649-4a5c-a7d1-4f70b767dd1d\" data-dt-img-description=\"\" data-large_image_width=\"2048\" data-large_image_height=\"1154\"href='https:\/\/www.radiopiu.net\/wordpress\/wp-content\/uploads\/2022\/10\/d518f0d3-c649-4a5c-a7d1-4f70b767dd1d.jpg'><img loading=\"lazy\" decoding=\"async\" width=\"150\" height=\"150\" src=\"https:\/\/www.radiopiu.net\/wordpress\/wp-content\/uploads\/2022\/10\/d518f0d3-c649-4a5c-a7d1-4f70b767dd1d-150x150.jpg\" class=\"attachment-thumbnail size-thumbnail\" alt=\"\" \/><\/a>\n\t\t\t\t<\/dt><\/dl><dl class='gallery-item'>\n\t\t\t\t<dt class='gallery-icon landscape'>\n\t\t\t\t\t<a class=\"rollover rollover-zoom dt-pswp-item\" title=\"a9bf2b2f-c468-46fe-bac5-3f22b84e2a51\" data-dt-img-description=\"\" data-large_image_width=\"2048\" data-large_image_height=\"1154\"href='https:\/\/www.radiopiu.net\/wordpress\/wp-content\/uploads\/2022\/10\/a9bf2b2f-c468-46fe-bac5-3f22b84e2a51.jpg'><img loading=\"lazy\" decoding=\"async\" width=\"150\" height=\"85\" src=\"https:\/\/www.radiopiu.net\/wordpress\/wp-content\/uploads\/2022\/10\/a9bf2b2f-c468-46fe-bac5-3f22b84e2a51.jpg\" class=\"attachment-thumbnail size-thumbnail\" alt=\"\" srcset=\"https:\/\/www.radiopiu.net\/wordpress\/wp-content\/uploads\/2022\/10\/a9bf2b2f-c468-46fe-bac5-3f22b84e2a51.jpg 2048w, https:\/\/www.radiopiu.net\/wordpress\/wp-content\/uploads\/2022\/10\/a9bf2b2f-c468-46fe-bac5-3f22b84e2a51-300x169.jpg 300w, https:\/\/www.radiopiu.net\/wordpress\/wp-content\/uploads\/2022\/10\/a9bf2b2f-c468-46fe-bac5-3f22b84e2a51-1024x577.jpg 1024w\" sizes=\"auto, (max-width: 150px) 100vw, 150px\" \/><\/a>\n\t\t\t\t<\/dt><\/dl><dl class='gallery-item'>\n\t\t\t\t<dt class='gallery-icon landscape'>\n\t\t\t\t\t<a class=\"rollover rollover-zoom dt-pswp-item\" title=\"d85fca2c-5330-40ab-a4cb-23961bf0513b\" data-dt-img-description=\"\" data-large_image_width=\"2048\" data-large_image_height=\"1154\"href='https:\/\/www.radiopiu.net\/wordpress\/wp-content\/uploads\/2022\/10\/d85fca2c-5330-40ab-a4cb-23961bf0513b.jpg'><img loading=\"lazy\" decoding=\"async\" width=\"150\" height=\"150\" src=\"https:\/\/www.radiopiu.net\/wordpress\/wp-content\/uploads\/2022\/10\/d85fca2c-5330-40ab-a4cb-23961bf0513b-150x150.jpg\" class=\"attachment-thumbnail size-thumbnail\" alt=\"\" \/><\/a>\n\t\t\t\t<\/dt><\/dl><br style=\"clear: both\" \/>\n\t\t\t<\/div>\n\n<p>&nbsp;<\/p>\n<p>&nbsp;<\/p>\n<p>&nbsp;<\/p>\n<hr \/>\n<p>&nbsp;<\/p>\n<div><\/div>\n<blockquote>\n<h3>\u201cAUTONOMIA, NULLA \u00c8 CAMBIATO. SENZA RISPOSTE, COMUNI A RISCHIO DEFAULT<\/h3>\n<\/blockquote>\n<p><strong>di DANIELE DALauguri piu u u u u u u uuuuVIT<\/strong><\/p>\n<p><strong><a class=\"dt-pswp-item\" href=\"https:\/\/www.radiopiu.net\/wordpress\/wp-content\/uploads\/2018\/06\/Roccon-Franco.jpg\" data-dt-img-description=\"\" data-large_image_width=\"402\" data-large_image_height=\"483\"><img loading=\"lazy\" decoding=\"async\" class=\"wp-image-52102 alignleft\" src=\"https:\/\/www.radiopiu.net\/wordpress\/wp-content\/uploads\/2018\/06\/Roccon-Franco-250x300.jpg\" alt=\"\" width=\"87\" height=\"104\" srcset=\"https:\/\/www.radiopiu.net\/wordpress\/wp-content\/uploads\/2018\/06\/Roccon-Franco-250x300.jpg 250w, https:\/\/www.radiopiu.net\/wordpress\/wp-content\/uploads\/2018\/06\/Roccon-Franco.jpg 402w\" sizes=\"auto, (max-width: 87px) 100vw, 87px\" \/><\/a>BELLUNO<\/strong> Anche il Comune di Belluno presente a Schio sabato in occasione del convegno sull&#8217;autonomia, a cinque anni esatti dai referendum regionale e provinciale; a rappresentare l&#8217;amministrazione di Palazzo Rosso, l&#8217;assessore Franco Roccon.<\/p>\n<p><strong>AUDIO<\/strong><\/p>\n<audio class=\"wp-audio-shortcode\" id=\"audio-302890-4\" preload=\"none\" style=\"width: 100%;\" controls=\"controls\"><source type=\"audio\/mpeg\" src=\"https:\/\/www.radiopiu.net\/wordpress\/wp-content\/uploads\/2022\/10\/daniele-dal-vita.mp3?_=4\" \/><a href=\"https:\/\/www.radiopiu.net\/wordpress\/wp-content\/uploads\/2022\/10\/daniele-dal-vita.mp3\">https:\/\/www.radiopiu.net\/wordpress\/wp-content\/uploads\/2022\/10\/daniele-dal-vita.mp3<\/a><\/audio>\n<p>&nbsp;<\/p>\n<p>&nbsp;<\/p>\n<hr \/>\n<p>&nbsp;<\/p>\n<p>&nbsp;<\/p>\n<blockquote>\n<h3>ANCHE BELLUNO AL MEETING DELLE CITTA\u2019 ALPINE<\/h3>\n<p><em>Passy festeggia il titolo di \u201cCitt\u00e0 Alpina dell\u2019anno 2022\u201d<\/em><\/p><\/blockquote>\n<p><strong>BELLUNO<\/strong> Passy,\u00a0 citt\u00e0 francese ha festeggiato il suo titolo di \u201cCitt\u00e0 Alpina dell\u2019anno 2022\u201d insieme alle delegazioni di altre citt\u00e0 appartenenti all\u2019associazione che reca lo stesso nome del titolo e a numerosi cittadine e cittadini di Passy. Il sindaco Rapha\u00ebl Cast\u00e9ra ha presentato le iniziative gi\u00e0 realizzate nonch\u00e9 le iniziative future volte allo sviluppo sostenibile della citt\u00e0. Ai festeggiamenti era presente anche Belluno, attraverso l\u2019assessore al turismo Paolo Luciani.<\/p>\n<p><strong>AUDIO<\/strong><\/p>\n<audio class=\"wp-audio-shortcode\" id=\"audio-302890-5\" preload=\"none\" style=\"width: 100%;\" controls=\"controls\"><source type=\"audio\/mpeg\" src=\"https:\/\/www.radiopiu.net\/wordpress\/wp-content\/uploads\/2022\/10\/LUCIANI.mp3?_=5\" \/><a href=\"https:\/\/www.radiopiu.net\/wordpress\/wp-content\/uploads\/2022\/10\/LUCIANI.mp3\">https:\/\/www.radiopiu.net\/wordpress\/wp-content\/uploads\/2022\/10\/LUCIANI.mp3<\/a><\/audio>\n<p>&nbsp;<\/p>\n\n\t\t\t<style type='text\/css'>\n\t\t\t\t#gallery-3 {\n\t\t\t\t\tmargin: auto;\n\t\t\t\t}\n\t\t\t\t#gallery-3 .gallery-item {\n\t\t\t\t\tfloat: left;\n\t\t\t\t\tmargin-top: 10px;\n\t\t\t\t\ttext-align: center;\n\t\t\t\t\twidth: 33%;\n\t\t\t\t}\n\t\t\t\t#gallery-3 img {\n\t\t\t\t\tborder: 2px solid #cfcfcf;\n\t\t\t\t}\n\t\t\t\t#gallery-3 .gallery-caption {\n\t\t\t\t\tmargin-left: 0;\n\t\t\t\t}\n\t\t\t\t\/* see gallery_shortcode() in wp-includes\/media.php *\/\n\t\t\t<\/style>\n\t\t<div id='gallery-3' class='dt-gallery-container gallery galleryid-302890 gallery-columns-3 gallery-size-thumbnail'><dl class='gallery-item'>\n\t\t\t\t<dt class='gallery-icon portrait'>\n\t\t\t\t\t<a class=\"rollover rollover-zoom dt-pswp-item\" title=\"Passy_1\" data-dt-img-description=\"\" data-large_image_width=\"1536\" data-large_image_height=\"2048\"href='https:\/\/www.radiopiu.net\/wordpress\/wp-content\/uploads\/2022\/10\/Passy_1.jpeg'><img loading=\"lazy\" decoding=\"async\" width=\"150\" height=\"150\" src=\"https:\/\/www.radiopiu.net\/wordpress\/wp-content\/uploads\/2022\/10\/Passy_1-150x150.jpeg\" class=\"attachment-thumbnail size-thumbnail\" alt=\"\" \/><\/a>\n\t\t\t\t<\/dt><\/dl><dl class='gallery-item'>\n\t\t\t\t<dt class='gallery-icon landscape'>\n\t\t\t\t\t<a class=\"rollover rollover-zoom dt-pswp-item\" title=\"Passy_Luciani\" data-dt-img-description=\"\" data-large_image_width=\"2048\" data-large_image_height=\"1366\"href='https:\/\/www.radiopiu.net\/wordpress\/wp-content\/uploads\/2022\/10\/Passy_Luciani.jpeg'><img loading=\"lazy\" decoding=\"async\" width=\"150\" height=\"150\" src=\"https:\/\/www.radiopiu.net\/wordpress\/wp-content\/uploads\/2022\/10\/Passy_Luciani-150x150.jpeg\" class=\"attachment-thumbnail size-thumbnail\" alt=\"\" \/><\/a>\n\t\t\t\t<\/dt><\/dl><dl class='gallery-item'>\n\t\t\t\t<dt class='gallery-icon landscape'>\n\t\t\t\t\t<a class=\"rollover rollover-zoom dt-pswp-item\" title=\"Fotodigruppo\" data-dt-img-description=\"\" data-large_image_width=\"1600\" data-large_image_height=\"1200\"href='https:\/\/www.radiopiu.net\/wordpress\/wp-content\/uploads\/2022\/10\/Fotodigruppo.jpeg'><img loading=\"lazy\" decoding=\"async\" width=\"150\" height=\"150\" src=\"https:\/\/www.radiopiu.net\/wordpress\/wp-content\/uploads\/2022\/10\/Fotodigruppo-150x150.jpeg\" class=\"attachment-thumbnail size-thumbnail\" alt=\"\" \/><\/a>\n\t\t\t\t<\/dt><\/dl><br style=\"clear: both\" \/>\n\t\t\t<\/div>\n\n<p>&nbsp;<\/p>\n<p>&nbsp;<\/p>\n<hr \/>\n<p>&nbsp;<\/p>\n<p><a class=\"dt-pswp-item\" href=\"https:\/\/www.radiopiu.net\/wordpress\/wp-content\/uploads\/2022\/10\/2baca3a1-3abc-45ed-9b9a-3ac5e43ab341.jpg\" data-dt-img-description=\"\" data-large_image_width=\"720\" data-large_image_height=\"1600\"><img loading=\"lazy\" decoding=\"async\" class=\"size-medium wp-image-303040 alignleft\" src=\"https:\/\/www.radiopiu.net\/wordpress\/wp-content\/uploads\/2022\/10\/2baca3a1-3abc-45ed-9b9a-3ac5e43ab341-135x300.jpg\" alt=\"\" width=\"135\" height=\"300\" srcset=\"https:\/\/www.radiopiu.net\/wordpress\/wp-content\/uploads\/2022\/10\/2baca3a1-3abc-45ed-9b9a-3ac5e43ab341-135x300.jpg 135w, https:\/\/www.radiopiu.net\/wordpress\/wp-content\/uploads\/2022\/10\/2baca3a1-3abc-45ed-9b9a-3ac5e43ab341-461x1024.jpg 461w, https:\/\/www.radiopiu.net\/wordpress\/wp-content\/uploads\/2022\/10\/2baca3a1-3abc-45ed-9b9a-3ac5e43ab341-691x1536.jpg 691w, https:\/\/www.radiopiu.net\/wordpress\/wp-content\/uploads\/2022\/10\/2baca3a1-3abc-45ed-9b9a-3ac5e43ab341.jpg 720w\" sizes=\"auto, (max-width: 135px) 100vw, 135px\" \/><\/a><\/p>\n<blockquote>\n<h3>A MONTICIANO PENSANDO A ROCCA PIETORE.<\/h3>\n<\/blockquote>\n<p>&nbsp;<\/p>\n<p><strong>REDAZIONE<\/strong> Nel Comune toscano di Monticiano sabato si \u00e8 tenuta una gara di sculture con la motosega e con i tronchi provenienti dal territorio comunale di Rocca Pietore<\/p>\n<p>&nbsp;<\/p>\n<p>&nbsp;<\/p>\n<div style=\"width: 848px;\" class=\"wp-video\"><video class=\"wp-video-shortcode\" id=\"video-302890-1\" width=\"848\" height=\"480\" preload=\"metadata\" controls=\"controls\"><source type=\"video\/mp4\" src=\"https:\/\/www.radiopiu.net\/wordpress\/wp-content\/uploads\/2022\/10\/WhatsApp-Video-2022-10-24-at-17.29.13-1.mp4?_=1\" \/><a href=\"https:\/\/www.radiopiu.net\/wordpress\/wp-content\/uploads\/2022\/10\/WhatsApp-Video-2022-10-24-at-17.29.13-1.mp4\">https:\/\/www.radiopiu.net\/wordpress\/wp-content\/uploads\/2022\/10\/WhatsApp-Video-2022-10-24-at-17.29.13-1.mp4<\/a><\/video><\/div>\n<p>&nbsp;<\/p>\n<p>&nbsp;<\/p>\n<hr \/>\n<p>&nbsp;<\/p>\n<blockquote class=\"wp-embedded-content\" data-secret=\"ytgWthoMUj\"><p><a href=\"https:\/\/www.radiopiu.net\/wordpress\/aziendazeroottobre24\/\">TRE DECESSI E OLTE 1000 NUOVI POSITIVI NELLE ULTIME 24 ORE.<\/a><\/p><\/blockquote>\n<p><iframe loading=\"lazy\" class=\"wp-embedded-content\" sandbox=\"allow-scripts\" security=\"restricted\" style=\"position: absolute; clip: rect(1px, 1px, 1px, 1px);\" title=\"&#8220;TRE DECESSI E OLTE 1000 NUOVI POSITIVI NELLE ULTIME 24 ORE.&#8221; &#8212; Radio Pi\u00f9\" src=\"https:\/\/www.radiopiu.net\/wordpress\/aziendazeroottobre24\/embed\/#?secret=dUJWjXRTHx#?secret=ytgWthoMUj\" data-secret=\"ytgWthoMUj\" width=\"600\" height=\"338\" frameborder=\"0\" marginwidth=\"0\" marginheight=\"0\" scrolling=\"no\"><\/iframe><\/p>\n<p>&nbsp;<\/p>\n<h2>I GRAFICI DI TIZIANO DE COL<\/h2>\n\n\t\t\t<style type='text\/css'>\n\t\t\t\t#gallery-4 {\n\t\t\t\t\tmargin: auto;\n\t\t\t\t}\n\t\t\t\t#gallery-4 .gallery-item {\n\t\t\t\t\tfloat: left;\n\t\t\t\t\tmargin-top: 10px;\n\t\t\t\t\ttext-align: center;\n\t\t\t\t\twidth: 33%;\n\t\t\t\t}\n\t\t\t\t#gallery-4 img {\n\t\t\t\t\tborder: 2px solid #cfcfcf;\n\t\t\t\t}\n\t\t\t\t#gallery-4 .gallery-caption {\n\t\t\t\t\tmargin-left: 0;\n\t\t\t\t}\n\t\t\t\t\/* see gallery_shortcode() in wp-includes\/media.php *\/\n\t\t\t<\/style>\n\t\t<div id='gallery-4' class='dt-gallery-container gallery galleryid-302890 gallery-columns-3 gallery-size-thumbnail'><dl class='gallery-item'>\n\t\t\t\t<dt class='gallery-icon landscape'>\n\t\t\t\t\t<a class=\"rollover rollover-zoom dt-pswp-item\" title=\"aff95102-570e-4328-a0f2-ce1df9d7c5c1\" data-dt-img-description=\"\" data-large_image_width=\"610\" data-large_image_height=\"352\"href='https:\/\/www.radiopiu.net\/wordpress\/wp-content\/uploads\/2022\/10\/aff95102-570e-4328-a0f2-ce1df9d7c5c1.jpg'><img loading=\"lazy\" decoding=\"async\" width=\"150\" height=\"150\" src=\"https:\/\/www.radiopiu.net\/wordpress\/wp-content\/uploads\/2022\/10\/aff95102-570e-4328-a0f2-ce1df9d7c5c1-150x150.jpg\" class=\"attachment-thumbnail size-thumbnail\" alt=\"\" \/><\/a>\n\t\t\t\t<\/dt><\/dl><dl class='gallery-item'>\n\t\t\t\t<dt class='gallery-icon landscape'>\n\t\t\t\t\t<a class=\"rollover rollover-zoom dt-pswp-item\" title=\"7cc01642-739f-4056-8ed7-b40d6c1d013b\" data-dt-img-description=\"\" data-large_image_width=\"603\" data-large_image_height=\"362\"href='https:\/\/www.radiopiu.net\/wordpress\/wp-content\/uploads\/2022\/10\/7cc01642-739f-4056-8ed7-b40d6c1d013b.jpg'><img loading=\"lazy\" decoding=\"async\" width=\"150\" height=\"150\" src=\"https:\/\/www.radiopiu.net\/wordpress\/wp-content\/uploads\/2022\/10\/7cc01642-739f-4056-8ed7-b40d6c1d013b-150x150.jpg\" class=\"attachment-thumbnail size-thumbnail\" alt=\"\" \/><\/a>\n\t\t\t\t<\/dt><\/dl><dl class='gallery-item'>\n\t\t\t\t<dt class='gallery-icon landscape'>\n\t\t\t\t\t<a class=\"rollover rollover-zoom dt-pswp-item\" title=\"ef30daae-b060-4fb7-ad36-8220c95e7c95\" data-dt-img-description=\"\" data-large_image_width=\"614\" data-large_image_height=\"364\"href='https:\/\/www.radiopiu.net\/wordpress\/wp-content\/uploads\/2022\/10\/ef30daae-b060-4fb7-ad36-8220c95e7c95.jpg'><img loading=\"lazy\" decoding=\"async\" width=\"150\" height=\"150\" src=\"https:\/\/www.radiopiu.net\/wordpress\/wp-content\/uploads\/2022\/10\/ef30daae-b060-4fb7-ad36-8220c95e7c95-150x150.jpg\" class=\"attachment-thumbnail size-thumbnail\" alt=\"\" \/><\/a>\n\t\t\t\t<\/dt><\/dl><br style=\"clear: both\" \/><dl class='gallery-item'>\n\t\t\t\t<dt class='gallery-icon landscape'>\n\t\t\t\t\t<a class=\"rollover rollover-zoom dt-pswp-item\" title=\"a250b85e-eaf4-42e8-8803-403c649c839f\" data-dt-img-description=\"\" data-large_image_width=\"612\" data-large_image_height=\"360\"href='https:\/\/www.radiopiu.net\/wordpress\/wp-content\/uploads\/2022\/10\/a250b85e-eaf4-42e8-8803-403c649c839f.jpg'><img loading=\"lazy\" decoding=\"async\" width=\"150\" height=\"150\" src=\"https:\/\/www.radiopiu.net\/wordpress\/wp-content\/uploads\/2022\/10\/a250b85e-eaf4-42e8-8803-403c649c839f-150x150.jpg\" class=\"attachment-thumbnail size-thumbnail\" alt=\"\" \/><\/a>\n\t\t\t\t<\/dt><\/dl><dl class='gallery-item'>\n\t\t\t\t<dt class='gallery-icon landscape'>\n\t\t\t\t\t<a class=\"rollover rollover-zoom dt-pswp-item\" title=\"8df4d64c-3b03-4f0b-8f68-f7a685714275\" data-dt-img-description=\"\" data-large_image_width=\"590\" data-large_image_height=\"361\"href='https:\/\/www.radiopiu.net\/wordpress\/wp-content\/uploads\/2022\/10\/8df4d64c-3b03-4f0b-8f68-f7a685714275.jpg'><img loading=\"lazy\" decoding=\"async\" width=\"150\" height=\"150\" src=\"https:\/\/www.radiopiu.net\/wordpress\/wp-content\/uploads\/2022\/10\/8df4d64c-3b03-4f0b-8f68-f7a685714275-150x150.jpg\" class=\"attachment-thumbnail size-thumbnail\" alt=\"\" \/><\/a>\n\t\t\t\t<\/dt><\/dl><dl class='gallery-item'>\n\t\t\t\t<dt class='gallery-icon landscape'>\n\t\t\t\t\t<a class=\"rollover rollover-zoom dt-pswp-item\" title=\"fecab5b6-c5eb-4111-8a11-3645c019172f\" data-dt-img-description=\"\" data-large_image_width=\"614\" data-large_image_height=\"368\"href='https:\/\/www.radiopiu.net\/wordpress\/wp-content\/uploads\/2022\/10\/fecab5b6-c5eb-4111-8a11-3645c019172f.jpg'><img loading=\"lazy\" decoding=\"async\" width=\"150\" height=\"150\" src=\"https:\/\/www.radiopiu.net\/wordpress\/wp-content\/uploads\/2022\/10\/fecab5b6-c5eb-4111-8a11-3645c019172f-150x150.jpg\" class=\"attachment-thumbnail size-thumbnail\" alt=\"\" \/><\/a>\n\t\t\t\t<\/dt><\/dl><br style=\"clear: both\" \/>\n\t\t\t<\/div>\n\n<p>&nbsp;<\/p>\n<p>&nbsp;<\/p>\n<p>&nbsp;<\/p>\n<hr \/>\n<p>&nbsp;<\/p>\n<blockquote>\n<h3>COVID, GIU&#8217; L&#8217;INCIDENZA SETTIMANALE, TRE DECESSI IN SETTE GIORNI<\/h3>\n<\/blockquote>\n<p><strong><a class=\"dt-pswp-item\" href=\"https:\/\/www.radiopiu.net\/wordpress\/wp-content\/uploads\/2022\/10\/46abe2d9-7654-4e7c-913b-c7bce237c9bb.jpg\" data-dt-img-description=\"\" data-large_image_width=\"1548\" data-large_image_height=\"1600\"><img loading=\"lazy\" decoding=\"async\" class=\"size-medium wp-image-303037 alignleft\" src=\"https:\/\/www.radiopiu.net\/wordpress\/wp-content\/uploads\/2022\/10\/46abe2d9-7654-4e7c-913b-c7bce237c9bb-290x300.jpg\" alt=\"\" width=\"290\" height=\"300\" srcset=\"https:\/\/www.radiopiu.net\/wordpress\/wp-content\/uploads\/2022\/10\/46abe2d9-7654-4e7c-913b-c7bce237c9bb-290x300.jpg 290w, https:\/\/www.radiopiu.net\/wordpress\/wp-content\/uploads\/2022\/10\/46abe2d9-7654-4e7c-913b-c7bce237c9bb-991x1024.jpg 991w, https:\/\/www.radiopiu.net\/wordpress\/wp-content\/uploads\/2022\/10\/46abe2d9-7654-4e7c-913b-c7bce237c9bb-768x794.jpg 768w, https:\/\/www.radiopiu.net\/wordpress\/wp-content\/uploads\/2022\/10\/46abe2d9-7654-4e7c-913b-c7bce237c9bb.jpg 1548w\" sizes=\"auto, (max-width: 290px) 100vw, 290px\" \/><\/a>BELLUNO<\/strong> L\u2019incidenza settimanale sta progressivamente scendendo al di sotto di 800 su 100 mila abitanti (in linea con l\u2019incidenza regionale e significativamente superiore all\u2019incidenza nazionale). Tale incidenza \u00e8 stata calcolata, come da ultime indicazioni, tenendo conto delle reinfezioni a carico di soggetti precedentemente classificati come casi covid. Il quadro epidemico appare ancora importante pur se, come osservato, con evidenti segni di rallentamento. Anche la mappa dei nuovi contagi si scolora, casi limite a Rivamonte, Fonzaso e Seren del Grappa (con 2000 nuovi contagi ogni 100 mila abitanti). Sei i Comuni che non hanno segnalato nuovi casi di covid<\/p>\n<p>RICOVERI: Nessun paziente in terapia intensiva, 47 in reparto, 15 negli ospedali di counit\u00e0. DECESSI Negli ultimi sette giorni tre vittime per covid, un uomo di 56 anni, e due anziani di 90 e 92 anni.<\/p>\n<blockquote><p><em>Nella settimana scorsa sono stati eseguiti dai team dell\u2019Ulss Dolomiti 5.501 tamponi (di cui 2.140 molecolari e 3.361 antigenici).<\/em><em>A questi si aggiungono 1.657 tamponi antigenici eseguiti dalle Farmacie del territorio, 70 tamponi eseguiti dai Pediatri di Libera scelta e 206 tamponi eseguiti dai Medici di Medicina Generale.<\/em><em>In media, ogni giorno vengono eseguiti circa 530 tamponi ogni 100 mila abitanti.<\/em><\/p><\/blockquote>\n<p><a class=\"dt-pswp-item\" href=\"https:\/\/www.radiopiu.net\/wordpress\/wp-content\/uploads\/2022\/10\/Senza-nome-67.jpg\" data-dt-img-description=\"\" data-large_image_width=\"980\" data-large_image_height=\"649\"><img loading=\"lazy\" decoding=\"async\" class=\"size-medium wp-image-303038 aligncenter\" src=\"https:\/\/www.radiopiu.net\/wordpress\/wp-content\/uploads\/2022\/10\/Senza-nome-67-300x199.jpg\" alt=\"\" width=\"300\" height=\"199\" srcset=\"https:\/\/www.radiopiu.net\/wordpress\/wp-content\/uploads\/2022\/10\/Senza-nome-67-300x199.jpg 300w, https:\/\/www.radiopiu.net\/wordpress\/wp-content\/uploads\/2022\/10\/Senza-nome-67-768x509.jpg 768w, https:\/\/www.radiopiu.net\/wordpress\/wp-content\/uploads\/2022\/10\/Senza-nome-67.jpg 980w\" sizes=\"auto, (max-width: 300px) 100vw, 300px\" \/><\/a><\/p>\n<p>&nbsp;<\/p>\n<p>&nbsp;<\/p>\n<p>&nbsp;<\/p>\n<hr \/>\n<p>&nbsp;<\/p>\n<blockquote>\n<h3>VARIANTE URBANISTICA AL PRG DI BELLUNO PER IL NUOVO PONTE A LAMBIOI<\/h3>\n<\/blockquote>\n<p><strong><a class=\"dt-pswp-item\" href=\"https:\/\/www.radiopiu.net\/wordpress\/wp-content\/uploads\/2022\/04\/belluno-lambioi-4.jpg\" data-dt-img-description=\"\" data-large_image_width=\"1920\" data-large_image_height=\"1080\"><img loading=\"lazy\" decoding=\"async\" class=\" wp-image-270876 alignleft\" src=\"https:\/\/www.radiopiu.net\/wordpress\/wp-content\/uploads\/2022\/04\/belluno-lambioi-4-300x169.jpg\" alt=\"\" width=\"208\" height=\"117\" srcset=\"https:\/\/www.radiopiu.net\/wordpress\/wp-content\/uploads\/2022\/04\/belluno-lambioi-4-300x169.jpg 300w, https:\/\/www.radiopiu.net\/wordpress\/wp-content\/uploads\/2022\/04\/belluno-lambioi-4-1024x576.jpg 1024w, https:\/\/www.radiopiu.net\/wordpress\/wp-content\/uploads\/2022\/04\/belluno-lambioi-4-768x432.jpg 768w, https:\/\/www.radiopiu.net\/wordpress\/wp-content\/uploads\/2022\/04\/belluno-lambioi-4-1536x864.jpg 1536w, https:\/\/www.radiopiu.net\/wordpress\/wp-content\/uploads\/2022\/04\/belluno-lambioi-4.jpg 1920w\" sizes=\"auto, (max-width: 208px) 100vw, 208px\" \/><\/a>BELLUNO\u00a0<\/strong>Va in approvazione\u00a0 oggi la variante urbanistica al Piano Regolatore Generale di Belluno necessaria per procedere con la progettazione del nuovo ponte a Lambioi. Il consiglio provinciale, convocato in modalit\u00e0 itinerante a Vigo di Cadore, dar\u00e0 l\u2019assenso a chiudere l\u2019iter burocratico richiesto. Il Comune di Belluno, infatti, a seguito della conferenza di servizi alla quale fra gli altri ha partecipato anche la Provincia, con deliberazione di consiglio comunale n. 110\/2021 ha approvato il progetto definitivo per l&#8217;attraversamento del fiume Piave in localit\u00e0 Lambioi, tramite la realizzazione di un nuovo ponte e viabilit\u00e0 di accesso, adottando la conseguente variante urbanistica al Prg e dichiarando contestualmente la pubblica utilit\u00e0 dell\u2019opera. La variante propone la costruzione di un nuovo ponte di accesso a Belluno sul fiume Piave in localit\u00e0 Lambioi comprensivo di collegamento ciclabile, in sostituzione dell\u2019attuale Bailey. E prevede anche la relativa viabilit\u00e0 di accesso, per una superficie complessiva di 38.000 metri quadrati.<\/p>\n<p>&nbsp;<\/p>\n<p>&nbsp;<\/p>\n<hr \/>\n<blockquote>\n<h3><\/h3>\n<h3>BANDO DI CONCORSO PER UN OPERAIO-MURATORE<\/h3>\n<\/blockquote>\n<p><strong><a class=\"dt-pswp-item\" href=\"https:\/\/www.radiopiu.net\/wordpress\/wp-content\/uploads\/2020\/09\/FALCADE-1.jpg\" data-dt-img-description=\"\" data-large_image_width=\"960\" data-large_image_height=\"720\"><img loading=\"lazy\" decoding=\"async\" class=\"wp-image-163186 alignleft\" src=\"https:\/\/www.radiopiu.net\/wordpress\/wp-content\/uploads\/2020\/09\/FALCADE-1-300x225.jpg\" alt=\"\" width=\"167\" height=\"125\" srcset=\"https:\/\/www.radiopiu.net\/wordpress\/wp-content\/uploads\/2020\/09\/FALCADE-1-300x225.jpg 300w, https:\/\/www.radiopiu.net\/wordpress\/wp-content\/uploads\/2020\/09\/FALCADE-1-768x576.jpg 768w, https:\/\/www.radiopiu.net\/wordpress\/wp-content\/uploads\/2020\/09\/FALCADE-1-640x480.jpg 640w, https:\/\/www.radiopiu.net\/wordpress\/wp-content\/uploads\/2020\/09\/FALCADE-1.jpg 960w\" sizes=\"auto, (max-width: 167px) 100vw, 167px\" \/><\/a>FALCADE<\/strong>\u00a0Il Comune ha indetto un concorso pubblico\u00a0 per l&#8217;assunzione, a tempo pieno e indeterminato, di\u00a0 un operaio specializzato autista-muratore \u2013 area tecnica. Le domande di partecipazione dovranno pervenire al Comune di Falcade entro il 7 novembre alle 18, secondo le modalit\u00e0 previste dal Bando di Concorso pubblicato sul sito istituzionale dell\u2019Ente. Per ogni informazione, i candidati potranno rivolgersi al Comune di Falcade (tel. 0437-599735 &#8211; cell. 347\/1521259; posta elettronica: <a href=\"mailto:segretario.falcade@agordino.bl.it\">segretario.falcade@agordino.bl.it<\/a>\u00a0oppure <a href=\"mailto:ragioneria.falcade@agordino.bl.it\">ragioneria.falcade@agordino.bl.it<\/a>).<\/p>\n<p>&nbsp;<\/p>\n<hr \/>\n<p>&nbsp;<\/p>\n<blockquote>\n<h3>I CONSIGLI COMUNALI<\/h3>\n<\/blockquote>\n<p><strong>SAN TOMASO<\/strong> Venerdi alle 18.15 consiglio comunale convocato dal sindaco Moreno De Val. All&#8217;ordine del giorno la variazione d&#8217;urgenza al bilancio 2022, la presa d&#8217;atto del ducumento unico di programmazione <a class=\"dt-pswp-item\" href=\"https:\/\/www.radiopiu.net\/wordpress\/wp-content\/uploads\/2021\/08\/COLLE-SANTA-LUCIA.jpg\" data-dt-img-description=\"\" data-large_image_width=\"640\" data-large_image_height=\"480\"><img loading=\"lazy\" decoding=\"async\" class=\"wp-image-229239 alignleft\" src=\"https:\/\/www.radiopiu.net\/wordpress\/wp-content\/uploads\/2021\/08\/COLLE-SANTA-LUCIA-300x225.jpg\" alt=\"\" width=\"187\" height=\"140\" srcset=\"https:\/\/www.radiopiu.net\/wordpress\/wp-content\/uploads\/2021\/08\/COLLE-SANTA-LUCIA-300x225.jpg 300w, https:\/\/www.radiopiu.net\/wordpress\/wp-content\/uploads\/2021\/08\/COLLE-SANTA-LUCIA.jpg 640w\" sizes=\"auto, (max-width: 187px) 100vw, 187px\" \/><\/a>DUP, l&#8217;approvazione della convenzione per la gestione in forma associata dell&#8217;ufficio di segretario comunale tra i Comuni di Alleghe, Selva di Cadore, San Tomaso e Zopp\u00e8 di Cadore, infine autorizzazione alienazione dei terreni in localit\u00e0 Sot Colar\u00f9 a seguito di sclassificazione da uso civico.<\/p>\n<p><strong>COLLE SANTA LUCIA\u00a0<\/strong> Il sindaco Paolo Frena ha convocato i consiglieri per sabato alle 8 del mattino. In discussione: variazione al bilancio, convenzione con i Comuni di Veggiano, Fonzaso, Falcade, Vallada e Colle Santa Lucia per la gestione associata dell&#8217;ufficio di Segretario comunale, esame ed adozione variante verdi per la riclassificazione di aree edificabili per il 2022.<\/p>\n<p>&nbsp;<\/p>\n<hr \/>\n<p>&nbsp;<\/p>\n<blockquote>\n<h3>NUOVA FILIALE RANSTAD A\u00a0 SUPPORTO DELLE AZIENDE DEL TERRITORIO<\/h3>\n<\/blockquote>\n<p><strong><a class=\"dt-pswp-item\" href=\"https:\/\/www.radiopiu.net\/wordpress\/wp-content\/uploads\/2022\/10\/PHOTO-2022-10-23-13-08-38.jpg\" data-dt-img-description=\"\" data-large_image_width=\"1024\" data-large_image_height=\"768\"><img loading=\"lazy\" decoding=\"async\" class=\"wp-image-303013 alignleft\" src=\"https:\/\/www.radiopiu.net\/wordpress\/wp-content\/uploads\/2022\/10\/PHOTO-2022-10-23-13-08-38-300x225.jpg\" alt=\"\" width=\"239\" height=\"179\" srcset=\"https:\/\/www.radiopiu.net\/wordpress\/wp-content\/uploads\/2022\/10\/PHOTO-2022-10-23-13-08-38-300x225.jpg 300w, https:\/\/www.radiopiu.net\/wordpress\/wp-content\/uploads\/2022\/10\/PHOTO-2022-10-23-13-08-38-768x576.jpg 768w, https:\/\/www.radiopiu.net\/wordpress\/wp-content\/uploads\/2022\/10\/PHOTO-2022-10-23-13-08-38.jpg 1024w\" sizes=\"auto, (max-width: 239px) 100vw, 239px\" \/><\/a>LONGARONE<\/strong> Nuovo servizio. Da qualche mese \u00e8 attiva la nuova filiale Randstad, inaugurata ufficialmente mercoled\u00ec 19 ottobre. Fondata in Olanda nel 1960, Randstad \u00e8\u00a0 una societ\u00e0 per le risorse umane. \u00c8 presente in 38 Paesi con 4.927 filiali e 39.530 dipendenti per un fatturato complessivo che ha raggiunto nel 2021 24,6 miliardi di euro. Randstad \u00e8 in Italia dal 1999 e conta oggi pi\u00f9 di 300 filiali e oltre 2.800 dipendenti .<em>\u00abLongarone pu\u00f2 contare su un servizio in pi\u00f9, a favore delle aziende e anche dei lavoratori\u00bb<\/em> il commento del sindaco, Roberto Padrin. <em>\u00abIl lavoro oggi non manca nel nostro territorio. La vera sfida \u00e8 trovare gli addetti per le imprese, che nei diversi settori lamentano spesso carenza di manodopera. Anche grazie a servizi come quello degli uffici inaugurati questa settimana possiamo vincere la sfida dello sviluppo e della competitivit\u00e0 della nostra provincia\u00bb.<\/em><\/p>\n<p>&nbsp;<\/p>\n<p>&nbsp;<\/p>\n<hr \/>\n<p>&nbsp;<\/p>\n<blockquote>\n<h3>TAGLIO DEL NASTRO PER LE NUOVE COLONNINE FAST<\/h3>\n<\/blockquote>\n<p><strong><a class=\"dt-pswp-item\" href=\"https:\/\/www.radiopiu.net\/wordpress\/wp-content\/uploads\/2022\/10\/Ricarica-auto-elettrica.jpg\" data-dt-img-description=\"\" data-large_image_width=\"2000\" data-large_image_height=\"1190\"><img loading=\"lazy\" decoding=\"async\" class=\" wp-image-303007 alignleft\" src=\"https:\/\/www.radiopiu.net\/wordpress\/wp-content\/uploads\/2022\/10\/Ricarica-auto-elettrica-300x179.jpg\" alt=\"\" width=\"282\" height=\"168\" srcset=\"https:\/\/www.radiopiu.net\/wordpress\/wp-content\/uploads\/2022\/10\/Ricarica-auto-elettrica-300x179.jpg 300w, https:\/\/www.radiopiu.net\/wordpress\/wp-content\/uploads\/2022\/10\/Ricarica-auto-elettrica-1024x609.jpg 1024w, https:\/\/www.radiopiu.net\/wordpress\/wp-content\/uploads\/2022\/10\/Ricarica-auto-elettrica-768x457.jpg 768w, https:\/\/www.radiopiu.net\/wordpress\/wp-content\/uploads\/2022\/10\/Ricarica-auto-elettrica-1536x914.jpg 1536w, https:\/\/www.radiopiu.net\/wordpress\/wp-content\/uploads\/2022\/10\/Ricarica-auto-elettrica.jpg 2000w\" sizes=\"auto, (max-width: 282px) 100vw, 282px\" \/><\/a>LONGARONE<\/strong>\u00a0 Si \u00e8 tenuta durante la prima giornata di Dolomiti HoReCa e Dolomiti Show, la cerimonia che ha ufficializzato il nuovo servizio di ricarica per le auto elettriche messo a disposizione da Longarone Fiere Dolomiti. A tagliare il nastro il Presidente della Provincia di Belluno e Sindaco di Longarone, Roberto Padrin. Grande soddisfazione anche da parte del Presidente di Longarone Fiere Dolomiti, Gian Angelo Bellati:<em> \u201cLa Fiera \u00e8 al servizio del territorio. Quindi abbiamo pensato di proporre questo servizio agli automobilisti, quelli ovviamente che hanno delle macchine elettriche. Abbiamo queste colonnine della Gas Gas, un&#8217;azienda che ha vinto un bando di gara ed \u00e8 stata selezionata proprio per questo. Le colonnine funzionano molto bene, perch\u00e9 abbiamo sentito gli utenti, automobilisti, che sono contenti. Auspichiamo che su tutta la tratta da qui fino a Cortina ci sia la possibilit\u00e0 di avere ulteriori colonnine&#8221;. <\/em>Presente all\u2019inaugurazione l\u2019Amministratore Unico di Gas Gas, Alessandro Vigilanti. Sicuramente un tassello importante nei servizi indispensabili sul territorio. Per i bellunesi e per i visitatori delle manifestazioni fieristiche che si tengono a Longarone. Per i turisti che sempre pi\u00f9 transiteranno in queste zone<\/p>\n<p>&nbsp;<\/p>\n<hr \/>\n<p>&nbsp;<\/p>\n<blockquote>\n<h3>MEDICI DI MEDICINA GENERALE,\u00a0 DUE INCARICHI EFFETTIVI<\/h3>\n<\/blockquote>\n<p><strong><a class=\"dt-pswp-item\" href=\"https:\/\/www.radiopiu.net\/wordpress\/wp-content\/uploads\/2020\/10\/Medicina_generale.jpg\" data-dt-img-description=\"\" data-large_image_width=\"1284\" data-large_image_height=\"851\"><img loading=\"lazy\" decoding=\"async\" class=\" wp-image-168272 alignleft\" src=\"https:\/\/www.radiopiu.net\/wordpress\/wp-content\/uploads\/2020\/10\/Medicina_generale-300x199.jpg\" alt=\"\" width=\"274\" height=\"182\" srcset=\"https:\/\/www.radiopiu.net\/wordpress\/wp-content\/uploads\/2020\/10\/Medicina_generale-300x199.jpg 300w, https:\/\/www.radiopiu.net\/wordpress\/wp-content\/uploads\/2020\/10\/Medicina_generale-1024x679.jpg 1024w, https:\/\/www.radiopiu.net\/wordpress\/wp-content\/uploads\/2020\/10\/Medicina_generale-768x509.jpg 768w, https:\/\/www.radiopiu.net\/wordpress\/wp-content\/uploads\/2020\/10\/Medicina_generale.jpg 1284w\" sizes=\"auto, (max-width: 274px) 100vw, 274px\" \/><\/a>BELLUNO <\/strong>Sono stati assegnati due incarichi a tempo indeterminato di medico di assistenza primaria a medici gi\u00e0 assegnatari di incarico provvisorio. Sentiti gli altri medici operanti nell\u2019ambito, \u00e8 stato possibile confermare gli attuali assistiti in carico agli stessi. In particolare, nell\u2019ambito di Cesiomaggiore San Gregorio, Santa Giustina, Sedico e Sospirolo, \u00e8 stato assegnato l\u2019incarico definitivo alla dottoressa Anna Caldart e, nell\u2019ambito di Arsi\u00e8, \u00a0Fonzaso, Lamon e Sovramonte, al dottor Domenico Rosario Mancini, entrambi \u00a0a partire del 1 novembre 2022. NON sar\u00e0 pertanto necessario che gli assistiti degli stessi si attivino per effettuare la scelta del nuovo medico, ferma restando la possibilit\u00e0 di effettuare una diversa scelta tra i medici dell\u2019ambito territoriale di residenza con disponibilit\u00e0 di posti.<\/p>\n<p>&nbsp;<\/p>\n<p>&nbsp;<\/p>\n<hr \/>\n<p>&nbsp;<\/p>\n<blockquote>\n<h3>APPALTO PER GARANTIRE I SERVIZI DI ANESTERIA A PIEVE DI CADORE E NEGLI ALTRI PRESIDI. ECCO LA COMMISSIONE<\/h3>\n<\/blockquote>\n<p><strong><a class=\"dt-pswp-item\" href=\"https:\/\/www.radiopiu.net\/wordpress\/wp-content\/uploads\/2018\/09\/PIEVE-DI-CADORE.jpg\" data-dt-img-description=\"\" data-large_image_width=\"289\" data-large_image_height=\"175\"><img loading=\"lazy\" decoding=\"async\" class=\"size-full wp-image-61015 alignleft\" src=\"https:\/\/www.radiopiu.net\/wordpress\/wp-content\/uploads\/2018\/09\/PIEVE-DI-CADORE.jpg\" alt=\"\" width=\"289\" height=\"175\" \/><\/a>BELLUNO\u00a0<\/strong>\u00a0Alla procedura di gara indetta a fine agosto per acquistare in modo strutturato dei turni di Anestesia per assicurare la continuit\u00e0 dei servizi dell\u2019Anestesia di Pieve di Cadore sono state ammesse 3 ditte: GAP STP di Pisa, Medical Line Consulting di Roma e Medical Service Sudtirol di Bolzano. \u00c8 stata inoltre nominata la commissione incaricata della valutazione della documentazione prodotta che sar\u00e0 composta dai dottori Giorgio Parise (direzione medica Belluno), Davide Mazzon (direttore Anestesia Belluno), Laura Patt, (direttore Anestesia Agordo). Il numero di professionisti in Azienda, infatti, continua a non consentire la copertura di tutti i turni e di tutte le attivit\u00e0. Esperite tutte le procedure sia per l\u2019assunzione di dipendenti, sia per il supporto da altre Aziende o da parte di liberi professionisti senza esito, l\u2019Azienda da giugno si avvale di una ditta per la copertura di alcuni turni. In questi mesi le ulteriori azioni messe in campo non hanno portato all\u2019esito sperato. Nelle more del completamento della gara, inoltre, sono state affidate, tramite procedura negoziata, per un periodo stimato di tre mesi 97 turni diurni e 97 di pronta disponibilit\u00e0 notturna per un totale di 274 mila euro.<\/p>\n<blockquote><p><em>\u00abQuesta procedura ci consentir\u00e0 di garantire in sicurezza il servizio di Anestesia dei nostri ospedali\u00bb, commenta il Direttore Generale Maria Grazia Carraro, \u00abcome gi\u00e0 esperito da altre realt\u00e0 in Veneto e in Italia\u00bb<\/em><\/p><\/blockquote>\n<p>&nbsp;<\/p>\n<p>&nbsp;<\/p>\n<p>&nbsp;<\/p>\n<hr \/>\n<p>&nbsp;<\/p>\n<p><span style=\"color: #ff99cc;\"><strong><a class=\"dt-pswp-item\" href=\"https:\/\/www.radiopiu.net\/wordpress\/wp-content\/uploads\/2022\/10\/Senza-nome-49.jpg\" data-dt-img-description=\"\" data-large_image_width=\"158\" data-large_image_height=\"185\"><img loading=\"lazy\" decoding=\"async\" class=\" wp-image-302266 alignleft\" src=\"https:\/\/www.radiopiu.net\/wordpress\/wp-content\/uploads\/2022\/10\/Senza-nome-49.jpg\" alt=\"\" width=\"127\" height=\"149\" \/><\/a>OTTOBRE ROSA CON LA ULSS1 DOLOMITI\u00a0<\/strong><\/span><\/p>\n<p><span style=\"color: #ff99cc;\"><strong>GLI INCONTRI ON LINE IN GMEET SULLA PREVENZIONE E CURA DEI TUMORI AL SENO<\/strong><\/span><\/p>\n<p><span style=\"color: #ff99cc;\"><strong>Domani alle 18 &#8220;Nuove cure per una migliore qualit\u00e0 di vita&#8221; con Caterina Fontanella (oncologa) e Alessandro Magli (radio terapista). Venerdi 28 ottobre alle 18 &#8220;Ricomincio da me&#8221; con Serena Zatta (make up artist) e Lunedi 31 ottobre alle 18 &#8220;Oltre la malattia con le associazioni&#8221; con Ados Belluno e Feltre<\/strong><\/span><\/p>\n<p><span style=\"color: #ff99cc;\"><strong>\u00a0 \u00a0<\/strong><\/span><\/p>\n<hr \/>\n<p>&nbsp;<\/p>\n<blockquote>\n<h3>WALBER PER LE DONNE, ESAMI DIAGNOSTICI GRATUITI PER LA PREVENZIONE DEL TUMORE AL SENO<\/h3>\n<\/blockquote>\n<blockquote><p><em>Il Gruppo bellunese, con altri partner ospita la Mammografia ed Ecografia gratuita<\/em><\/p><\/blockquote>\n<p><strong><a class=\"dt-pswp-item\" href=\"https:\/\/www.radiopiu.net\/wordpress\/wp-content\/uploads\/2022\/10\/1615_foto_244.jpg\" data-dt-img-description=\"Healthcare, medicine and breast cancer awareness concept. Woman in t-shirt with pink cancer ribbon pointing\" data-large_image_width=\"260\" data-large_image_height=\"150\"><img loading=\"lazy\" decoding=\"async\" class=\"size-full wp-image-302597 alignleft\" src=\"https:\/\/www.radiopiu.net\/wordpress\/wp-content\/uploads\/2022\/10\/1615_foto_244.jpg\" alt=\"\" width=\"260\" height=\"150\" \/><\/a>SEDICO\u00a0<\/strong> Il Gruppo Walber ospiter\u00e0 luned\u00ec 31 ottobre l\u2019iniziativa \u201cMammografia ed Ecografia Gratuita\u201d per la prevenzione del tumore al seno presso il piazzale del Supermercato SuperW di Sedico. All\u2019interno della clinica mobile WelfareCare le donne dai 35 ai 49 anni, non incluse nei programmi di screening, potranno sottoporsi gratuitamente ad esami diagnostici con consegna immediata del referto. Tutto ci\u00f2 grazie al contributo di Gruppo Walber (main partner) e di altre aziende del territorio che hanno scelto di essere partner dell\u2019iniziativa. Le prenotazioni saranno aperte da luned\u00ec 24 ottobre sul sito di WelfareCare (www.welfarecare.org) nella sezione \u201cPrenota\u201d . La clinica mobile WelfareCare \u00e8 allestita con spazi ambulatoriali dotati di strumenti tecnologici all\u2019avanguardia, utili a consentire l\u2019effettuazione degli esami di diagnostica senologica strumentale non invasivi. Per lo svolgimento delle attivit\u00e0 diagnostiche WelfareCare si affida al partner sanitario Alliance Medical: gli esami saranno eseguiti da un\u2019equipe composta da un medico senologo, un tecnico radiologo e un assistente medico con consegna del referto entro pochi minuti dall\u2019esame. I requisiti per partecipare: et\u00e0 compresa tra i 35 ai 49 anni al momento della prenotazione e della visita; non aver effettuato mammografie negli ultimi 12 mesi; non essere gi\u00e0 inserite nei protocolli di screening (anche per familiarit\u00e0). Gli esami sono gratuiti ed accessibili fino ad esaurimento posti.<em> \u00abAbbiamo scelto di aderire a quest\u2019iniziativa perch\u00e9 consapevoli del ruolo e del lavoro delle donne che da sempre rappresentano il motore dell\u2019economia, della societ\u00e0 e della famiglia e desideravamo esprimere con un piccolo gesto la gratitudine dell\u2019azienda nei loro confronti, in sinergia con le altre aziende partner\u00bb comunica la responsabile comunicazione &amp; marketing del Gruppo Walber Silvia Sartori. \u00abAbbiamo gi\u00e0 avuto dei feedback molto positivi. Ci\u00f2 ci ha fatto riflettere mostrandoci che questo tipo di iniziative incontrano realmente i bisogni delle persone e siamo felici di poterli soddisfare. Speriamo in futuro di vedere un sempre maggiore impegno di tutti verso il sociale\u00bb.<\/em><\/p>\n<p>&nbsp;<\/p>\n<blockquote><p><em>Da settembre 2019 ad oggi (escluso il periodo di lockdown per pandemia) WelfareCare ha organizzato pi\u00f9 di 220 giornate dedicate alla Prevenzione del Tumore al Seno erogando oltre 16.800 esami diagnostici con consegna immediata del referto, grazie al contributo finanziario di oltre 1.200 aziende partner.<\/em><\/p><\/blockquote>\n<p>&nbsp;<\/p>\n<p>&nbsp;<\/p>\n<hr \/>\n<p>&nbsp;<\/p>\n<blockquote>\n<h3>QUATTRO\u00a0 INCONTRI CON PETTIROSSO AGORDINO<\/h3>\n<\/blockquote>\n<p><strong><a class=\"dt-pswp-item\" href=\"https:\/\/www.radiopiu.net\/wordpress\/wp-content\/uploads\/2022\/05\/petti.jpg\" data-dt-img-description=\"\" data-large_image_width=\"269\" data-large_image_height=\"131\"><img loading=\"lazy\" decoding=\"async\" class=\"size-full wp-image-275145 alignleft\" src=\"https:\/\/www.radiopiu.net\/wordpress\/wp-content\/uploads\/2022\/05\/petti.jpg\" alt=\"\" width=\"269\" height=\"131\" \/><\/a>CENCENIGHE<\/strong> L&#8217;inizio \u00e8 per domani con &#8220;A casa con la demenza&#8221;, relatrice Silvia Bortolot, infermiera geriatrica in Germania, che illustrer\u00e0 strategie e consigli per una gestione pi\u00f9 serena della persona affetta da demenza, dall&#8217;ambiente alla comunicazione, per potersi capire meglio. Il 2 novembre sar\u00e0 affrontato il tema &#8220;Come districarsi fra burocrazia, ausili e movimentazioni&#8221; con Stefano Masini (assistente sociale di Asca) e Roberto Agnolet (fisioterapista) su &#8220;Come posso facilitare le autonomie?&#8221;. Il 9 novembre l&#8217;argomento trattato da Cristina Balest (educatrice) e Letizia Collazuol (coordinatrice dell&#8217;equipe Sersa) sar\u00e0 &#8220;La gestione della persona con demenza in struttura&#8221;. Conclusione il 16 novembre con &#8220;L&#8217;impegno a tempo pieno di chi assiste la persona con demenza&#8221; in cui Erica Calvi (psicologa di Sersa) evidenzier\u00e0 la fatica invisibile di chi si prende cura di una persona malata.<\/p>\n<p><strong>di Gianni Santomaso<\/strong><\/p>\n<audio class=\"wp-audio-shortcode\" id=\"audio-302890-6\" preload=\"none\" style=\"width: 100%;\" controls=\"controls\"><source type=\"audio\/mpeg\" src=\"https:\/\/www.radiopiu.net\/wordpress\/wp-content\/uploads\/2022\/10\/GIANNI-PETTIROSSO.mp3?_=6\" \/><a href=\"https:\/\/www.radiopiu.net\/wordpress\/wp-content\/uploads\/2022\/10\/GIANNI-PETTIROSSO.mp3\">https:\/\/www.radiopiu.net\/wordpress\/wp-content\/uploads\/2022\/10\/GIANNI-PETTIROSSO.mp3<\/a><\/audio>\n<h3 class=\"entry-title\"><\/h3>\n<hr \/>\n<p>&nbsp;<\/p>\n<blockquote>\n<h3>MAIS, LA VALBELLUNA TENTA IL RILANCIO CON LE VARIETA&#8217; ANTICHE<\/h3>\n<\/blockquote>\n<p><strong><a class=\"dt-pswp-item\" href=\"https:\/\/www.radiopiu.net\/wordpress\/wp-content\/uploads\/2022\/10\/villa-modolo.jpg\" data-dt-img-description=\"\" data-large_image_width=\"1080\" data-large_image_height=\"1080\"><img loading=\"lazy\" decoding=\"async\" class=\"wp-image-303006 alignleft\" src=\"https:\/\/www.radiopiu.net\/wordpress\/wp-content\/uploads\/2022\/10\/villa-modolo-300x300.jpg\" alt=\"\" width=\"185\" height=\"185\" srcset=\"https:\/\/www.radiopiu.net\/wordpress\/wp-content\/uploads\/2022\/10\/villa-modolo-300x300.jpg 300w, https:\/\/www.radiopiu.net\/wordpress\/wp-content\/uploads\/2022\/10\/villa-modolo-1024x1024.jpg 1024w, https:\/\/www.radiopiu.net\/wordpress\/wp-content\/uploads\/2022\/10\/villa-modolo-150x150.jpg 150w, https:\/\/www.radiopiu.net\/wordpress\/wp-content\/uploads\/2022\/10\/villa-modolo-768x768.jpg 768w, https:\/\/www.radiopiu.net\/wordpress\/wp-content\/uploads\/2022\/10\/villa-modolo.jpg 1080w\" sizes=\"auto, (max-width: 185px) 100vw, 185px\" \/><\/a>BELLUNO<\/strong> \u201cMais Valbelluna\u201d. Di questo si parler\u00e0 nel convegno che si svolger\u00e0 sabato, alle 10, a Villa di Modolo, organizzato da Confagricoltura Belluno. Nella Valbelluna si stima la presenza di 2.800 ettari coltivati a mais. Di questi, circa 40 ettari sono coltivati con le antiche variet\u00e0, soprattutto Sponcio. Ma alcune aziende stanno cominciando a valorizzare altre interessanti variet\u00e0, anche a granella violacea scura. \u00a0Paolo Doglioni, presidente di Confcommercio, che partecipa in qualit\u00e0 di storico e autore di una ricerca sul mais in Valbelluna dice:<em> \u201cL\u2019agricoltura \u00e8 funzionale al commercio, al turismo e alla salvaguardia del territorio. La biodiversit\u00e0 nostrana, se ben valorizzata e connessa al settore turistico ed enogastronomico, in un territorio come quello bellunese pu\u00f2 essere una sicura risorsa\u201d.\u00a0<\/em><\/p>\n<p>&nbsp;<\/p>\n<hr \/>\n<p>&nbsp;<\/p>\n<p>&nbsp;<\/p>\n<p><strong><em> <a class=\"dt-pswp-item\" href=\"https:\/\/www.radiopiu.net\/wordpress\/wp-content\/uploads\/2022\/10\/presentaz.libro-cucina-Assi.jpg\" data-dt-img-description=\"\" data-large_image_width=\"1240\" data-large_image_height=\"1754\"><img loading=\"lazy\" decoding=\"async\" class=\"wp-image-303009 alignleft\" src=\"https:\/\/www.radiopiu.net\/wordpress\/wp-content\/uploads\/2022\/10\/presentaz.libro-cucina-Assi-212x300.jpg\" alt=\"\" width=\"122\" height=\"173\" srcset=\"https:\/\/www.radiopiu.net\/wordpress\/wp-content\/uploads\/2022\/10\/presentaz.libro-cucina-Assi-212x300.jpg 212w, https:\/\/www.radiopiu.net\/wordpress\/wp-content\/uploads\/2022\/10\/presentaz.libro-cucina-Assi-724x1024.jpg 724w, https:\/\/www.radiopiu.net\/wordpress\/wp-content\/uploads\/2022\/10\/presentaz.libro-cucina-Assi-768x1086.jpg 768w, https:\/\/www.radiopiu.net\/wordpress\/wp-content\/uploads\/2022\/10\/presentaz.libro-cucina-Assi-1086x1536.jpg 1086w, https:\/\/www.radiopiu.net\/wordpress\/wp-content\/uploads\/2022\/10\/presentaz.libro-cucina-Assi.jpg 1240w\" sizes=\"auto, (max-width: 122px) 100vw, 122px\" \/><\/a>ASSI DELLA CUCINA, RICETTE A PORTATA DI TUTTI\u00a0<\/em><\/strong><\/p>\n<p><strong>LIMANA<\/strong> Venerdi alle 20.30 in sala Nocivelli sar\u00e0 presentato il libro che\u00a0 nasce dall&#8217;idea che l&#8217;autonomia di una persona con disabilit\u00e0 passi anche attraverso la cucina e la capacit\u00e0 di allestire un piatto in grado di sfamare e, perch\u00e9 no, di stuzzicare il palato. Da questa base di partenza si \u00e8 sviluppato il corso \u201c<em>Cucinare ASSIeme<\/em>\u201d, promosso e ideato dall\u2019Associazione Sociale Sportiva Invalidi e, in particolare, da Aldo Andriolo.\u00a0Le ricette sperimentate sono quindi confluite nelle pagine di\u00a0\u201c<strong>Assi della cucina<\/strong>. Ricette alla portata di tutti\u201d.\u00a0Ogni ricetta \u00e8 accompagnata da ingredienti, dosaggi e tempi di cottura, ma anche dagli strumenti necessari per allestire uno specifico piatto.<\/p>\n<p>&nbsp;<\/p>\n<hr \/>\n<p>&nbsp;<\/p>\n<blockquote>\n<h3>AVVIATO IL CORSO DI EDUCAZIONE AL PATRIMONIO<\/h3>\n<\/blockquote>\n<p><strong><a class=\"dt-pswp-item\" href=\"https:\/\/www.radiopiu.net\/wordpress\/wp-content\/uploads\/2022\/10\/Partecipantibis.jpg\" data-dt-img-description=\"\" data-large_image_width=\"0\" data-large_image_height=\"0\"><img loading=\"lazy\" decoding=\"async\" class=\"alignnone size-medium wp-image-303048\" src=\"https:\/\/www.radiopiu.net\/wordpress\/wp-content\/uploads\/2022\/10\/Partecipantibis.jpg\" alt=\"\" width=\"1\" height=\"1\" \/><\/a><a class=\"dt-pswp-item\" href=\"https:\/\/www.radiopiu.net\/wordpress\/wp-content\/uploads\/2022\/10\/Partecipantibis-2.jpg\" data-dt-img-description=\"\" data-large_image_width=\"0\" data-large_image_height=\"0\"><img loading=\"lazy\" decoding=\"async\" class=\"alignnone size-medium wp-image-303050\" src=\"https:\/\/www.radiopiu.net\/wordpress\/wp-content\/uploads\/2022\/10\/Partecipantibis-2.jpg\" alt=\"\" width=\"1\" height=\"1\" \/><\/a>FELTRE\u00a0 <\/strong>Ha preso il via ieri a Palazzo Bizzarini e al Fondaco delle Biade il Corso di educazione al patrimonio nei Musei civici di Feltre. Il ciclo di incontri, finalizzati principalmente a formare gli operatori che terranno i laboratori nei Musei feltrini durante l&#8217;anno scolastico 2022\/2023, ma aperto a quanti vogliano approfondire la materia, \u00e8 stato introdotto dal Consigliere delegato alla Cultura Samuele Spada. Spada, anche in qualit\u00e0 di insegnante, ha sottolineato l&#8217;importanza della didattica museale e la volont\u00e0 dell&#8217;Amministrazione di coltivare e potenziare il rapporto con le scuole e i servizi educativi. Dal 1999 i Musei civici di Feltre progettano e tengono laboratori didattici destinati agli istituti scolastici, ma non solo, giunti nel 2019, prima che la pandemia interrompesse le iniziative, a 6 di contenuto archeologico e 14 di storia dell&#8217;arte. Buona parte di tali percorsi, con qualche innovazione e aggiunta, saranno riproposti e potranno essere fruiti a breve. A curarli i ragazzi della societ\u00e0 Aqua che ricevono il testimone dai precedenti operatori didattici.\u00a0 La prima lezione, tenuta dall&#8217;architetto Claudia Alpago-Novello, si \u00e8 incentrata sul tema <em>Comunicare l\u2019arte<\/em> (Insegnare l\u2019arte. Esperienze sul campo, Il museo e le sue funzioni, A proposito di comunicazione). Una parte pratica ha sviluppato l&#8217;argomento <em>Materiali e tecniche pittoriche. Dalla teoria alla pratica<\/em> (Supporti, pigmenti, leganti, tecniche pittoriche, fabbricazione di acquerelli, tempere, pastelli, colori ad olio). La seconda lezione \u00e8 fissata per gioved\u00ec 3 novembre, dalle 14.00 alle 17.00.<\/p>\n<p>&nbsp;<\/p>\n<p>&nbsp;<\/p>\n<hr \/>\n<p>&nbsp;<\/p>\n<blockquote>\n<h3>MOSTRA E CALENDARIO, UN AIUTO ALLE FAMIGLIE DELLE VITTIME DELLA MARMOLADA<\/h3>\n<\/blockquote>\n<p><strong>CASTELFRANCO<\/strong> Il silenzio e il suono della natura in alta quota, i volti di chi vive la montagna, i sentieri della Grande Guerra, le ferite di Vaia. C\u2019\u00e8 tutto il fascino delle Dolomiti che fanno da cornice alla Ski Area San Pellegrino, il comprensorio sciistico che si snoda tra Falcade e Moena, negli scatti di Nadia Basso, in mostra fino al 30 ottobre nella Galleria del Teatro Accademico di Castelfranco Veneto.\u00a0Dai profili del Col Margherita fino al Passo San Pellegrino, le Dolomiti vengono ritratte nella loro bellezza e anche nella loro storia, quella della vita quotidiana nei valichi alpini e quella che ha segnato le tragiche pagine di inizio Novecento.\u00a0 La mostra, a cura di Massimo Porcelli, raccoglie anche scatti di Nadia Basso dedicati alle tracce della tempesta Vaia, che nell\u2019ottobre del 2018 colp\u00ec Veneto, Trentino Alto Adige e Friuli Venezia Giulia, con raffiche di vento che rasero al suolo migliaia di ettari di boschi.\u00a0 La mostra \u00e8 racchiusa in un calendario con tutti gli scatti dell\u2019artista, il cui ricavato sar\u00e0 devoluto alle famiglie delle vittime della recente tragedia della Marmolada. La mostra rimarr\u00e0 aperta al pubblico fino al trenta ottobre. Orari: mercoled\u00ec, gioved\u00ec e venerd\u00ec dalle 16 alle 19. Sabato e domenica: dalle 10.00 alle12.30 e dalle 16 alle 19.<\/p>\n<p><strong>GALLERIA FOTOGRAFICA<\/strong><\/p>\n\n\t\t\t<style type='text\/css'>\n\t\t\t\t#gallery-5 {\n\t\t\t\t\tmargin: auto;\n\t\t\t\t}\n\t\t\t\t#gallery-5 .gallery-item {\n\t\t\t\t\tfloat: left;\n\t\t\t\t\tmargin-top: 10px;\n\t\t\t\t\ttext-align: center;\n\t\t\t\t\twidth: 20%;\n\t\t\t\t}\n\t\t\t\t#gallery-5 img {\n\t\t\t\t\tborder: 2px solid #cfcfcf;\n\t\t\t\t}\n\t\t\t\t#gallery-5 .gallery-caption {\n\t\t\t\t\tmargin-left: 0;\n\t\t\t\t}\n\t\t\t\t\/* see gallery_shortcode() in wp-includes\/media.php *\/\n\t\t\t<\/style>\n\t\t<div id='gallery-5' class='dt-gallery-container gallery galleryid-302890 gallery-columns-5 gallery-size-thumbnail'><dl class='gallery-item'>\n\t\t\t\t<dt class='gallery-icon landscape'>\n\t\t\t\t\t<a class=\"rollover rollover-zoom dt-pswp-item\" title=\"_S_51531\" data-dt-img-description=\"\" data-large_image_width=\"2560\" data-large_image_height=\"1708\"href='https:\/\/www.radiopiu.net\/wordpress\/wp-content\/uploads\/2022\/10\/S_51531-scaled.jpg'><img loading=\"lazy\" decoding=\"async\" width=\"150\" height=\"150\" src=\"https:\/\/www.radiopiu.net\/wordpress\/wp-content\/uploads\/2022\/10\/S_51531-150x150.jpg\" class=\"attachment-thumbnail size-thumbnail\" alt=\"\" \/><\/a>\n\t\t\t\t<\/dt><\/dl><dl class='gallery-item'>\n\t\t\t\t<dt class='gallery-icon landscape'>\n\t\t\t\t\t<a class=\"rollover rollover-zoom dt-pswp-item\" title=\"DSC_0253\" data-dt-img-description=\"\" data-large_image_width=\"2560\" data-large_image_height=\"2048\"href='https:\/\/www.radiopiu.net\/wordpress\/wp-content\/uploads\/2022\/10\/DSC_0253-scaled.jpg'><img loading=\"lazy\" decoding=\"async\" width=\"150\" height=\"150\" src=\"https:\/\/www.radiopiu.net\/wordpress\/wp-content\/uploads\/2022\/10\/DSC_0253-150x150.jpg\" class=\"attachment-thumbnail size-thumbnail\" alt=\"\" \/><\/a>\n\t\t\t\t<\/dt><\/dl><dl class='gallery-item'>\n\t\t\t\t<dt class='gallery-icon portrait'>\n\t\t\t\t\t<a class=\"rollover rollover-zoom dt-pswp-item\" title=\"_S_51902\" data-dt-img-description=\"\" data-large_image_width=\"1708\" data-large_image_height=\"2560\"href='https:\/\/www.radiopiu.net\/wordpress\/wp-content\/uploads\/2022\/10\/S_51902-scaled.jpg'><img loading=\"lazy\" decoding=\"async\" width=\"150\" height=\"150\" src=\"https:\/\/www.radiopiu.net\/wordpress\/wp-content\/uploads\/2022\/10\/S_51902-150x150.jpg\" class=\"attachment-thumbnail size-thumbnail\" alt=\"\" \/><\/a>\n\t\t\t\t<\/dt><\/dl><dl class='gallery-item'>\n\t\t\t\t<dt class='gallery-icon landscape'>\n\t\t\t\t\t<a class=\"rollover rollover-zoom dt-pswp-item\" title=\"_S_51900\" data-dt-img-description=\"\" data-large_image_width=\"2560\" data-large_image_height=\"1707\"href='https:\/\/www.radiopiu.net\/wordpress\/wp-content\/uploads\/2022\/10\/S_51900-scaled.jpg'><img loading=\"lazy\" decoding=\"async\" width=\"150\" height=\"150\" src=\"https:\/\/www.radiopiu.net\/wordpress\/wp-content\/uploads\/2022\/10\/S_51900-150x150.jpg\" class=\"attachment-thumbnail size-thumbnail\" alt=\"\" \/><\/a>\n\t\t\t\t<\/dt><\/dl><dl class='gallery-item'>\n\t\t\t\t<dt class='gallery-icon landscape'>\n\t\t\t\t\t<a class=\"rollover rollover-zoom dt-pswp-item\" title=\"_S_51564\" data-dt-img-description=\"\" data-large_image_width=\"2560\" data-large_image_height=\"1950\"href='https:\/\/www.radiopiu.net\/wordpress\/wp-content\/uploads\/2022\/10\/S_51564-scaled.jpg'><img loading=\"lazy\" decoding=\"async\" width=\"150\" height=\"150\" src=\"https:\/\/www.radiopiu.net\/wordpress\/wp-content\/uploads\/2022\/10\/S_51564-150x150.jpg\" class=\"attachment-thumbnail size-thumbnail\" alt=\"\" \/><\/a>\n\t\t\t\t<\/dt><\/dl><br style=\"clear: both\" \/>\n\t\t\t<\/div>\n\n<p>&nbsp;<\/p>\n<hr \/>\n<p>&nbsp;<\/p>\n<blockquote>\n<h3>EMIGRAZIONE DALLE DOLOMITI NEL CORSO DEL NOVECENTO, DI LUCIANA PALLA con L&#8217;istituto Cultural Ladin Cesa de Jan, Comune di Agordo e Oltre le Vette.<\/h3>\n<\/blockquote>\n<p><strong>AGORDO<\/strong> Dal 31 ottobre al 28 novembre la mostra in sala Don Tamis, Domenica\u00a0 alle 17 inaugurazione e presentazione del volume sull&#8217;emigrazione nelle Dolomiti, con la partecipazione di Loris Santomaso. La mostra sar\u00e0 aperta dal\u00a0 lunedi dalle 15 alle 18, mercoledi e giovedi dalle 9 alle 12 venerdi dalle 15 alle 18 sabato dalle 9 alle 12, dalle 15 alle 18 e domenica dalle 15 alle 18.<\/p>\n<p>&nbsp;<\/p>\n<p>&nbsp;<\/p>\n<hr \/>\n<p>&nbsp;<\/p>\n<blockquote>\n<h3 dir=\"auto\">\u00a0L&#8217;ULTIMA DOMENICA AL CASTELLO DI ANDRAZ<\/h3>\n<\/blockquote>\n<p><strong>LIVINALLONGO <\/strong>Domenica 30 ottobre alle 15, per chiudere insieme la stagione. Castagne e vin brul\u00e9, e, per bambini e ragazzi (ma anche per chiunque volesse) ci saranno due turni di visita con letture animate. Il tema, visto il periodo, saranno i personaggi pi\u00f9 strani e misteriosi delle leggende ladine\u2026<\/p>\n<a href=\"https:\/\/www.radiopiu.net\/wordpress\/wp-content\/uploads\/2022\/10\/30ottobre.lab_.pdf\" class=\"pdfemb-viewer\" style=\"\" data-width=\"max\" data-height=\"max\" data-toolbar=\"top\" data-toolbar-fixed=\"on\">30ottobre.lab<\/a>\n<p>&nbsp;<\/p>\n<p>&nbsp;<\/p>\n<p>&nbsp;<\/p>\n<hr \/>\n<p>&nbsp;<\/p>\n<p>&nbsp;<\/p>\n<blockquote class=\"wp-embedded-content\" data-secret=\"xVlmgV20ez\"><p><a href=\"https:\/\/www.radiopiu.net\/wordpress\/tappa4\/\">IN VIAGGIO CON STEFANO  E PAOLO, FINO ALLA FINE DEL MONDO PER IL COMITATO POLLICINO.<\/a><\/p><\/blockquote>\n<p><iframe loading=\"lazy\" class=\"wp-embedded-content\" sandbox=\"allow-scripts\" security=\"restricted\" style=\"position: absolute; clip: rect(1px, 1px, 1px, 1px);\" title=\"&#8220;IN VIAGGIO CON STEFANO  E PAOLO, FINO ALLA FINE DEL MONDO PER IL COMITATO POLLICINO.&#8221; &#8212; Radio Pi\u00f9\" src=\"https:\/\/www.radiopiu.net\/wordpress\/tappa4\/embed\/#?secret=ES5Llw20T1#?secret=xVlmgV20ez\" data-secret=\"xVlmgV20ez\" width=\"600\" height=\"338\" frameborder=\"0\" marginwidth=\"0\" marginheight=\"0\" scrolling=\"no\"><\/iframe><\/p>\n<p>&nbsp;<\/p>\n<hr \/>\n<p>&nbsp;<\/p>\n<blockquote>\n<h3>EX VOTO SUL FIUME PIAVE ED I \u201cCANTI DI LAVORO\u201d NELLA PUBBLICAZIONE (1989) \u201cEUROPA IN ZATTER<\/h3>\n<\/blockquote>\n<p><strong>di RENATO BONA\u00a0<\/strong><\/p>\n<p>A\u201d L\u2019interessante pubblicazione edita in occasione di \u201cBelluno 1989. Europa in zattera\u201d, iniziativa dei Comuni di Belluno, Longarone, Ponte nelle Alpi, delle Comunit\u00e0 montane Bellunese e del Basso Cadore, Longaronese e Zoldano, nonch\u00e9 dell\u2019Azienda di promozione turistica delle Prealpi e Dolomiti Bellunesi, con il contributo di quella che all\u2019epoca era la Cassa di risparmio di Verona, Vicenza e Belluno, propone, fra l\u2019altro, una \u201cchicca\u201d di Gianni Secco (purtroppo scomparso) dedicata agli \u201cEx voto sul fiume\u201d e, subito dopo, due immagini \u201cstoriche\u201d a corredo del paragrafo che si occupa, sia pure in sintesi, dei \u201ccanti di lavoro\u201d. Gianni Secco ricordava che: \u201cLa devozione popolare \u00e8 sempre espressa per mezzo di simboli semplici ed essenziali, comprensibili e significativi oltre la parola, spesso duraturi e quindi adatti a trasmettere nel tempo e a tutti la testimonianza dell\u2019evento motivatore\u201d. E, sottolineato che \u201cL\u2019ex voto semplifica in modo eccellente questo concetto\u201d spiegava che l\u2019usanza di raffigurare pittoricamente il contenuto della grazia ricevuta, si diffuse nei primi decenni del \u2018400 sull\u2019onda di una abitudine sempre pi\u00f9 crescente di appendere immagini sacre, con auspicate virt\u00f9 protettrici e auspicatorie alle pareti domestiche. Aggiungendo che: \u201cChiesette e piccoli Santuari dedicati particolarmente all\u2019Addolorata (poich\u00e9 partecipe al dolore umano di Madre) o ai Santi vigilanti sui pericoli relativi ai diversi mestieri, agli eventi naturali, alle catastrofi, agli incendi, alla salute umana e a quella degli animali domestici, si riempirono di queste testimonianze di fede viva anche se poverissima\u201d. Concludeva ribadendo che \u201calcuni di questi luoghi sono famosi per la fama di sollecitudine dei rispettivi Protettori e si ingrandirono divenendo meta di pellegrinaggi rituali aventi analogo senso votivo\u201d. Le due pagine dedicate all\u2019insolito argomento offrono quindi al lettore cinque immagini \u201cstoriche\u201d la prima delle quali, di collezione privata, si riferisce all\u2019ex voto, olio su tavola lignea, databile attorno alla met\u00e0 del secolo XVIII. Segue quella di: \u201cCodissago, Chiesa parrocchiale\u201d con la precisazione che la tavoletta porta la dicitura: \u201cVoto di Giovanni Losso, l\u00ec 23 ottobre 1834\u201d. Seguono: \u201cBelluno, Cappella della Beata Vergine dei Caduti, localit\u00e0 La Rossa; l\u2019ex voto \u00e8 eseguito in tempera su carta incollata a un fondo ligneo; la didascalia dice: \u20187 maggio 1883, Giacomo della Lucia detto Bozze, salvato con tre zattieri miracolosamente\u201d; quella di \u201cVigo di Cadore. Chiesetta della \u2018Madonna della Difesa\u2019: la tavoletta votiva \u00e8 databile nel secolo XVII\u201d; quella che spiega: \u201cBelluno, Museo civico, probabilmente proveniente dalla chiesa di San Nicol\u00f2 di Borgo Piave; l\u2019ex voto \u00e8 eseguito in tempera su carta incollata a foglio ligneo e raffigura San Nicol\u00f2 che intercede presso la Vergine affinch\u00e9 salvi i naviganti in pericolo sulla zattera\u201d. Quanto alla \u201cMadonna della Difesa di Vigo viene riservato un po\u2019 di spazio per dire che \u201cal Santuario i graziati portavano inizialmente riproduzioni dell\u2019arto o dell\u2019organo guarito o, per quello, uno a forma di cuore e quindi oggetti ausiliari smessi come grucce e stampelle e cos\u00ec via\u201d. Per quanto riguarda l\u2019uso della tavoletta o dipinto votivo, oltre ad ampliare la descrizione della grazia raffigurando il graziato nel momento taumaturgico con le presenze volute, riuscendo a meglio esprimere il suo bisogno di religiosit\u00e0, fu favorito dal relativo ingombro degli stessi, cosa di non poco conto se si considera che i pellegrinaggi si facevano a piedi con percorsi talvolta lunghissimi. Inoltre erano piacevoli da vedere assieme, diventando un lungo racconto di partecipazione umana e nuovo stimolo di speranza. Una considerazione: non \u00e8 escluso, anzi, che la pericolosit\u00e0 del mestiere di zattiere abbia ispirato numerosissimi ex voto. Ma: \u201csolo una piccola parte di essi ci \u00e8 pervenuta poich\u00e9 questo patrimonio, fino a pochi anni or sono, fu considerato di scarso valore essendo stimato nel solo contenuto \u2018artistico\u2019\u201d. E concludiamo con i \u201cCanti di lavoro\u201d che &#8211; si legge &#8211; sono testimonianze, tra le pi\u00f9 significative, della vitalit\u00e0 e della partecipazione del gruppo alla propria impresa umana\u2026 nei canti si esaltano e si trasfigurano le imprese di un lavoro duro e pericoloso, \u2018eroico\u2019 perch\u00e9 riservato a pochi, esaltante nella quotidiana rappresentazione della sfida tra l\u2019uomo e la natura, orgoglioso poich\u00e9 presuntuoso di questa vittoria\u201d. Purtroppo &#8211; \u00e8 scritto in proposito &#8211; dalla letteratura musicale locale non ci sono pervenuti reperti sull\u2019arte degli zattieri bellunesi. Pure Paolo Bon, musicista tra i pi\u00f9 qualificati e validi, sull\u2019aria di alcune \u2018voci\u2019 di richiamo, ha ricostruito un canto sulla trama di un testo del 1500 conservato nella Civica Biblioteca di Belluno. Il canto, dal titolo \u201cOhi Zater\u201d\u201d rende omaggio a questi nostri uomini.<\/p>\n\n\t\t\t<style type='text\/css'>\n\t\t\t\t#gallery-6 {\n\t\t\t\t\tmargin: auto;\n\t\t\t\t}\n\t\t\t\t#gallery-6 .gallery-item {\n\t\t\t\t\tfloat: left;\n\t\t\t\t\tmargin-top: 10px;\n\t\t\t\t\ttext-align: center;\n\t\t\t\t\twidth: 25%;\n\t\t\t\t}\n\t\t\t\t#gallery-6 img {\n\t\t\t\t\tborder: 2px solid #cfcfcf;\n\t\t\t\t}\n\t\t\t\t#gallery-6 .gallery-caption {\n\t\t\t\t\tmargin-left: 0;\n\t\t\t\t}\n\t\t\t\t\/* see gallery_shortcode() in wp-includes\/media.php *\/\n\t\t\t<\/style>\n\t\t<div id='gallery-6' class='dt-gallery-container gallery galleryid-302890 gallery-columns-4 gallery-size-thumbnail'><dl class='gallery-item'>\n\t\t\t\t<dt class='gallery-icon landscape'>\n\t\t\t\t\t<a class=\"rollover rollover-zoom dt-pswp-item\" title=\"312607340_1402583360149441_7245471916715898764_n\" data-dt-img-description=\"\" data-large_image_width=\"1291\" data-large_image_height=\"902\"href='https:\/\/www.radiopiu.net\/wordpress\/wp-content\/uploads\/2022\/10\/312607340_1402583360149441_7245471916715898764_n.jpg'><img loading=\"lazy\" decoding=\"async\" width=\"150\" height=\"150\" src=\"https:\/\/www.radiopiu.net\/wordpress\/wp-content\/uploads\/2022\/10\/312607340_1402583360149441_7245471916715898764_n-150x150.jpg\" class=\"attachment-thumbnail size-thumbnail\" alt=\"\" \/><\/a>\n\t\t\t\t<\/dt><\/dl><dl class='gallery-item'>\n\t\t\t\t<dt class='gallery-icon landscape'>\n\t\t\t\t\t<a class=\"rollover rollover-zoom dt-pswp-item\" title=\"312642264_673759967390473_8267683731165804678_n\" data-dt-img-description=\"\" data-large_image_width=\"2048\" data-large_image_height=\"1460\"href='https:\/\/www.radiopiu.net\/wordpress\/wp-content\/uploads\/2022\/10\/312642264_673759967390473_8267683731165804678_n-1.jpg'><img loading=\"lazy\" decoding=\"async\" width=\"150\" height=\"150\" src=\"https:\/\/www.radiopiu.net\/wordpress\/wp-content\/uploads\/2022\/10\/312642264_673759967390473_8267683731165804678_n-1-150x150.jpg\" class=\"attachment-thumbnail size-thumbnail\" alt=\"\" \/><\/a>\n\t\t\t\t<\/dt><\/dl><dl class='gallery-item'>\n\t\t\t\t<dt class='gallery-icon landscape'>\n\t\t\t\t\t<a class=\"rollover rollover-zoom dt-pswp-item\" title=\"312009231_1245519446006257_3030523525057739272_n\" data-dt-img-description=\"\" data-large_image_width=\"1777\" data-large_image_height=\"1258\"href='https:\/\/www.radiopiu.net\/wordpress\/wp-content\/uploads\/2022\/10\/312009231_1245519446006257_3030523525057739272_n.jpg'><img loading=\"lazy\" decoding=\"async\" width=\"150\" height=\"150\" src=\"https:\/\/www.radiopiu.net\/wordpress\/wp-content\/uploads\/2022\/10\/312009231_1245519446006257_3030523525057739272_n-150x150.jpg\" class=\"attachment-thumbnail size-thumbnail\" alt=\"\" \/><\/a>\n\t\t\t\t<\/dt><\/dl><dl class='gallery-item'>\n\t\t\t\t<dt class='gallery-icon landscape'>\n\t\t\t\t\t<a class=\"rollover rollover-zoom dt-pswp-item\" title=\"312720722_658342115889357_1142131563319069840_n\" data-dt-img-description=\"\" data-large_image_width=\"1578\" data-large_image_height=\"1370\"href='https:\/\/www.radiopiu.net\/wordpress\/wp-content\/uploads\/2022\/10\/312720722_658342115889357_1142131563319069840_n.jpg'><img loading=\"lazy\" decoding=\"async\" width=\"150\" height=\"150\" src=\"https:\/\/www.radiopiu.net\/wordpress\/wp-content\/uploads\/2022\/10\/312720722_658342115889357_1142131563319069840_n-150x150.jpg\" class=\"attachment-thumbnail size-thumbnail\" alt=\"\" \/><\/a>\n\t\t\t\t<\/dt><\/dl><br style=\"clear: both\" \/><dl class='gallery-item'>\n\t\t\t\t<dt class='gallery-icon landscape'>\n\t\t\t\t\t<a class=\"rollover rollover-zoom dt-pswp-item\" title=\"312897424_1169868943911299_5938201138548995217_n\" data-dt-img-description=\"\" data-large_image_width=\"1375\" data-large_image_height=\"1009\"href='https:\/\/www.radiopiu.net\/wordpress\/wp-content\/uploads\/2022\/10\/312897424_1169868943911299_5938201138548995217_n.jpg'><img loading=\"lazy\" decoding=\"async\" width=\"150\" height=\"150\" src=\"https:\/\/www.radiopiu.net\/wordpress\/wp-content\/uploads\/2022\/10\/312897424_1169868943911299_5938201138548995217_n-150x150.jpg\" class=\"attachment-thumbnail size-thumbnail\" alt=\"\" \/><\/a>\n\t\t\t\t<\/dt><\/dl><dl class='gallery-item'>\n\t\t\t\t<dt class='gallery-icon landscape'>\n\t\t\t\t\t<a class=\"rollover rollover-zoom dt-pswp-item\" title=\"311938448_444359117805268_4664251355587118515_n\" data-dt-img-description=\"\" data-large_image_width=\"1055\" data-large_image_height=\"760\"href='https:\/\/www.radiopiu.net\/wordpress\/wp-content\/uploads\/2022\/10\/311938448_444359117805268_4664251355587118515_n.jpg'><img loading=\"lazy\" decoding=\"async\" width=\"150\" height=\"150\" src=\"https:\/\/www.radiopiu.net\/wordpress\/wp-content\/uploads\/2022\/10\/311938448_444359117805268_4664251355587118515_n-150x150.jpg\" class=\"attachment-thumbnail size-thumbnail\" alt=\"\" \/><\/a>\n\t\t\t\t<\/dt><\/dl><dl class='gallery-item'>\n\t\t\t\t<dt class='gallery-icon landscape'>\n\t\t\t\t\t<a class=\"rollover rollover-zoom dt-pswp-item\" title=\"312662589_3266941856856110_4985739693963938369_n\" data-dt-img-description=\"\" data-large_image_width=\"1005\" data-large_image_height=\"690\"href='https:\/\/www.radiopiu.net\/wordpress\/wp-content\/uploads\/2022\/10\/312662589_3266941856856110_4985739693963938369_n.jpg'><img loading=\"lazy\" decoding=\"async\" width=\"150\" height=\"150\" src=\"https:\/\/www.radiopiu.net\/wordpress\/wp-content\/uploads\/2022\/10\/312662589_3266941856856110_4985739693963938369_n-150x150.jpg\" class=\"attachment-thumbnail size-thumbnail\" alt=\"\" \/><\/a>\n\t\t\t\t<\/dt><\/dl>\n\t\t\t\t<br style='clear: both' \/>\n\t\t\t<\/div>\n\n<p>&nbsp;<\/p>\n<p>&nbsp;<\/p>\n<hr \/>\n<p>&nbsp;<\/p>\n<blockquote>\n<h3>VIVERE L&#8217;AGORDINO: DALLA CARTA STAMPATA ALLA SALA DON TAMIS<\/h3>\n<\/blockquote>\n<p>VIVERE L&#8217;AGORDINO&#8230; DALLE PAGINE DEL CORRIERE DELLE ALPI ALLA SALA DON TAMIS DI VIA 27 APRILE AD AGORDO. MERCOLEDI 26 OTTOBRE ALLE 20.30 UNA SERATA CON I VOLTI PROTAGONISTI DELLA RUBRICA GIORNALISTICA, CON GIANNI SANTOMASO ED ERICA ANDRICH CURATORI DELLA RUBRICA.\u00a0 INTERVERRANNO FABRIZIO BRANCOLI DIRETTORE CORRIERE DELLE ALPI. LUCA TRAINI VICE DIRETTORE MIRKO MEZZACASA DIRETTORE RADIOPIU PAOLO FRENA PRESIDENTE UNIONE MONTANA AGORDINA MERCOLEDI 26 OTTOBRE, 20.30 SALA DON TAMIS, DIRETTA SULLE FREQUENZE E CANALI SOCIAL DI RADIOPIU CON IL PATROCINIO DELL&#8217;UNIONE MONTANA AGORDINA<\/p>\n<p>&nbsp;<\/p>\n<a href=\"https:\/\/www.radiopiu.net\/wordpress\/wp-content\/uploads\/2022\/10\/Manifesto_ViverelAgordino.pdf\" class=\"pdfemb-viewer\" style=\"\" data-width=\"max\" data-height=\"max\" data-toolbar=\"top\" data-toolbar-fixed=\"on\">Manifesto_Viverel&#039;Agordino<\/a>\n<p>&nbsp;<\/p>\n<hr \/>\n<p>&nbsp;<\/p>\n<blockquote>\n<h3>CORAGGIO E DESTINO DELLE DONNE ARMENE<\/h3>\n<\/blockquote>\n<p><strong>BELLUNO<\/strong> Si terr\u00e0 oggi, alle 18, nella sala Zanardelli di Palazzo dei Rettori, sede della Prefettura, l\u2019incontro con la scrittrice e saggista di origine armene, Antonia Arslan, ritorno graditissimo in Citt\u00e0, per la conferenza \u201cCoraggio e destino delle donne armene\u201d. La scrittrice parler\u00e0 del suo \u201cIl libro di Mush\u201d, racconto dell\u2019esperienza vissuta da due donne per salvare dalla distruzione un prezioso volume, nei giorni del genocidio turco ai danni delle minoranze armena e siriaca, e regaler\u00e0 al pubblico intervenuto anche un\u2019anteprima sulla sua pi\u00f9 recente produzione, il libro \u201cIl destino di Aghavn\u00ec\u201d, che uscir\u00e0 il prossimo 22 novembre.<\/p>\n<p>&nbsp;<\/p>\n<p>&nbsp;<\/p>\n<hr \/>\n<p>&nbsp;<\/p>\n<blockquote>\n<h3><a class=\"dt-pswp-item\" href=\"https:\/\/www.radiopiu.net\/wordpress\/wp-content\/uploads\/2022\/10\/Ad_Astra.jpeg\" data-dt-img-description=\"\u00abConcerti und Konzerte\u00bb Orchester der Schola Cantorum Basiliensis Violine: Rahel Wittling, Aliza Vicente Aranda, Andre\u0301s Murillo, Giulia Manfredini, Tamami Sakanaga, Maya Webne-Behrman, Alie\u0301nor Wolteche, Loi\u0308c Simonet, Lena Rademann, Naomi Dumas Viola: Mischa Dobruschkin, Priscila Gabrielle Rodri\u0301gues Silva Santos Violoncello: Thomas Chigioni, Victor Meriaux Kontrabass: Giacomo Albenga Cembalo: Teun Braken Leitung: Rachel Podger Georg Friedrich Ha\u0308ndel (1685 \u2013 1759) - Concerto Grosso op. 3\/5 in d-Moll (HWV 316) Johann Sebastian Bach (1685 \u2013 1750) - Violinkonzert in a-Moll (BWV 1041) Solo: Rachel Podger Antonio Vivaldi (1678 \u2013 1741) - Konzert fu\u0308r vier Violinen in h-Moll op.3\/10 (RV 580) Solo: Rachel Podger, Aliza Vicente Aranda, Tamami Sakanaga, Lena Rademann Johann Sebastian Bach - Konzert fu\u0308r zwei Violinen in d-Moll (BWV 1043) Solo: Rahel Wittling, Andre\u0301s Murillo Georg Friedrich Ha\u0308ndel - Concerto Grosso op. 6\/9 in F-Dur (HWV 327) Solo: Rachel Podger, Giulia Manfredini 14. M\u00e4rz 2020 Grosser Saal - Musik Akademie Basel FOTO: \u00a9 Susanna Drescher 2020 www.susannadrescher.ch\" data-large_image_width=\"1280\" data-large_image_height=\"829\"><img loading=\"lazy\" decoding=\"async\" class=\"wp-image-302468 alignleft\" src=\"https:\/\/www.radiopiu.net\/wordpress\/wp-content\/uploads\/2022\/10\/Ad_Astra-300x194.jpeg\" alt=\"\" width=\"209\" height=\"135\" srcset=\"https:\/\/www.radiopiu.net\/wordpress\/wp-content\/uploads\/2022\/10\/Ad_Astra-300x194.jpeg 300w, https:\/\/www.radiopiu.net\/wordpress\/wp-content\/uploads\/2022\/10\/Ad_Astra-1024x663.jpeg 1024w, https:\/\/www.radiopiu.net\/wordpress\/wp-content\/uploads\/2022\/10\/Ad_Astra-768x497.jpeg 768w, https:\/\/www.radiopiu.net\/wordpress\/wp-content\/uploads\/2022\/10\/Ad_Astra.jpeg 1280w\" sizes=\"auto, (max-width: 209px) 100vw, 209px\" \/><\/a>L&#8217;ORCHESTRA AD ASTRA AL TEATRO COMUNALE DI BELLUNO<\/h3>\n<\/blockquote>\n<p><strong>BELLUNO<\/strong> Appuntamento di rilievo, quello che ospita sul palco del Teatro Comunale di Belluno, domani, ore 20:30, l&#8217;orchestra Ad Astra della Schola Cantorum Basiliensis. Fondata nel 1933, la Schola Cantorum Basiliensis \u00e8 una eccellenza internazionale per la ricerca, la formazione e il perfezionamento della musica antica e della pratica musicale storica, con sede a Basilea, l&#8217;istituto pi\u00f9 antico e pi\u00f9 completo nel suo genere, per l&#8217;ampiezza dell&#8217;offerta formativa, a livello mondiale.<\/p>\n<p>&nbsp;<\/p>\n<hr \/>\n<p>&nbsp;<\/p>\n<blockquote>\n<h3>NEL CUORE DEL LABIRINTO CON FRANCESCO SAURO E IL GRUPPO SPELEO CAI-FELTRE<\/h3>\n<\/blockquote>\n<p><strong><a class=\"dt-pswp-item\" href=\"https:\/\/www.radiopiu.net\/wordpress\/wp-content\/uploads\/2022\/10\/Senza-nome-58.jpg\" data-dt-img-description=\"\" data-large_image_width=\"282\" data-large_image_height=\"268\"><img loading=\"lazy\" decoding=\"async\" class=\"wp-image-302609 alignleft\" src=\"https:\/\/www.radiopiu.net\/wordpress\/wp-content\/uploads\/2022\/10\/Senza-nome-58.jpg\" alt=\"\" width=\"168\" height=\"160\" \/><\/a>FELTRE<\/strong> <span style=\"font-family: Tahoma, Verdana;\">Sabato 29 ottobre, alle\u00a0 21, presso l&#8217;auditorium dell&#8217;Istituto Canossiano di Feltre, Francesco Sauro, insegnante presso l&#8217;Universit\u00e0 di Bologna e consulente dell&#8217;Agenzia Spaziale Europea, condurr\u00e0 il pubblico alla scoperta delle grotte pi\u00f9 profonde ed estese delle Dolomiti, uno dei complessi carsici pi\u00f9 importanti d&#8217;Europa, che si sviluppa nelle profondit\u00e0 dei Piani Eterni, splendido altopiano carsico che si trova nel cuore del Parco Nazionale Dolomiti Bellunesi. Grotte\u00a0 esplorate da oltre trent&#8217;anni da diversi gruppi speleologici veneti, che si sono spinti fino ad oltre 1.000 metri di profondit\u00e0; il professor Sauro racconter\u00e0 la storia di questa lunga esplorazione, che riserva ogni anno nuove scoperte. L&#8217;ingresso alla serata \u00e8 libero<\/span><\/p>\n<p><a href=\"https:\/\/www.radiopiu.net\/wordpress\/wp-content\/uploads\/2022\/10\/francesco_sauro_25.webp\"><img loading=\"lazy\" decoding=\"async\" class=\"wp-image-302610 alignright\" src=\"https:\/\/www.radiopiu.net\/wordpress\/wp-content\/uploads\/2022\/10\/francesco_sauro_25-300x247.webp\" alt=\"\" width=\"172\" height=\"142\" srcset=\"https:\/\/www.radiopiu.net\/wordpress\/wp-content\/uploads\/2022\/10\/francesco_sauro_25-300x247.webp 300w, https:\/\/www.radiopiu.net\/wordpress\/wp-content\/uploads\/2022\/10\/francesco_sauro_25-768x632.webp 768w, https:\/\/www.radiopiu.net\/wordpress\/wp-content\/uploads\/2022\/10\/francesco_sauro_25.webp 877w\" sizes=\"auto, (max-width: 172px) 100vw, 172px\" \/><\/a><strong> Francesco Sauro<\/strong>, ha 30 anni ed \u00e8 un geologo veneto, appassionato di speleologia. Volto noto televisivo anche per le frequenti apparizioni nelle trasmissioni del compianto Piero Angela. In bacheca ha messo il premio Rolex Award for Enterprise\u00a0 che non \u00e8\u00a0 per tutti. Per conquistarlo bisogna essere inventivi, appassionati, caparbi. Bisogna soprattutto dimostrare spirito di iniziativa. Riconosciuto dal Time Magazine come uno dei giovani millenials che stanno avendo un impatto positivo sulla visione del nostro pianeta. In oltre quaranta spedizioni, ha esplorato grotte e canyon dal Sud America all\u2019Asia Centrale, guidando team multidisciplinari di ricercatori. Sauro ci ricorda nel suo ultimo libro \u201cIl Continente Buio\u201d di come si possa essere esploratori anche alle porte di casa, come \u00e8 avvenuto nella straordinaria epopea esplorativa del Sistema Carsico dei Piani Eterni nel Parco Nazionale Dolomiti Bellunesi. Si tratta della grotta pi\u00f9 profonda e lunga delle Dolomiti, una delle maggiori d\u2019Europa.<\/p>\n<p>&nbsp;<\/p>\n<p>&nbsp;<\/p>\n<hr \/>\n<p>&nbsp;<\/p>\n<blockquote>\n<h3>CORSI DI COMPUTER PER TUTTE LE ETA&#8217;<\/h3>\n<\/blockquote>\n<p><strong>FALCADE<\/strong> Oggi alle 20:30 presso la sala consigliare del comune di Falcade verr\u00e0 presentato il nuovo programma dal titolo &#8220;Tecnologia Amica&#8221;, un corso di computer e nuove tecnologie aperto a tutte le et\u00e0 con Arturo Panciera, formatore tecnologico. L&#8217;obbiettivo \u00e8 quello di far conoscere le competenze sull&#8217;utilizzo dei PC, tablet e smartphone e spiegarne l&#8217;uso consapevole. La partecipazione alla serata \u00e8 a ingresso libero.<\/p>\n<p>&nbsp;<\/p>\n<p>&nbsp;<\/p>\n<p>&nbsp;<\/p>\n<hr \/>\n<p>&nbsp;<\/p>\n<blockquote>\n<h3>LA MESSA IN SUFFRAGIO DEI CADUTI DELLA MONTAGNA<\/h3>\n<\/blockquote>\n<p><strong><a class=\"dt-pswp-item\" href=\"https:\/\/www.radiopiu.net\/wordpress\/wp-content\/uploads\/2022\/10\/MessaCadutiMontagna2022-Coro.jpg\" data-dt-img-description=\"\" data-large_image_width=\"1181\" data-large_image_height=\"811\"><img loading=\"lazy\" decoding=\"async\" class=\"size-medium wp-image-303033 alignleft\" src=\"https:\/\/www.radiopiu.net\/wordpress\/wp-content\/uploads\/2022\/10\/MessaCadutiMontagna2022-Coro-300x206.jpg\" alt=\"\" width=\"300\" height=\"206\" srcset=\"https:\/\/www.radiopiu.net\/wordpress\/wp-content\/uploads\/2022\/10\/MessaCadutiMontagna2022-Coro-300x206.jpg 300w, https:\/\/www.radiopiu.net\/wordpress\/wp-content\/uploads\/2022\/10\/MessaCadutiMontagna2022-Coro-1024x703.jpg 1024w, https:\/\/www.radiopiu.net\/wordpress\/wp-content\/uploads\/2022\/10\/MessaCadutiMontagna2022-Coro-768x527.jpg 768w, https:\/\/www.radiopiu.net\/wordpress\/wp-content\/uploads\/2022\/10\/MessaCadutiMontagna2022-Coro.jpg 1181w\" sizes=\"auto, (max-width: 300px) 100vw, 300px\" \/><\/a>AGORDO<\/strong> Si rinnova anche quest\u2019anno l\u2019appuntamento di fine ottobre con la Santa Messa in suffragio dei Caduti della Montagna, celebrata nella chiesa arcidiaconale di Agordo da mons. Cesare Larese e accompagnata dai canti del \u201cCoro Agordo\u201d. L&#8217;appuntamento \u00e8 per domenica 30 ottobre alle 18. Una sentita cerimonia, voluta dal Coro Agordo, che riunisce ormai da 47 anni l\u2019intero Agordino con le vallate limitrofe e tanta altra gente &#8211; alpinisti e non &#8211; dalla provincia e da fuori nel ricordo degli Amici agordini caduti in montagna e di coloro che hanno perso la vita sulle montagne agordine. L\u2019iniziativa avviene come sempre in collaborazione con la Sezione Agordina del CAI, la Parrocchia di S. Maria Nascente, i Gruppi Rocciatori \u201cGIR\u201d di Agordo e \u201cVal Bio\u0301is\u201d, le Stazioni agordine del Corpo Nazionale Soccorso Alpino e il Gruppo Alpini Agordo-Rivamonte-Taibon. Anche quest&#8217;anno la Santa Messa verra\u0300 trasmessa, non solo in diretta radio FM, ma anche in diretta video. Potra\u0300, infatti, essere seguita in streaming sul sito internet radiopiu.net oppure sulle pagine facebook: Radiopiu\u0300, o Radio Piu\u0300 Emittente Agordina, o Sei di Agordo se.<\/p>\n<a href=\"https:\/\/www.radiopiu.net\/wordpress\/wp-content\/uploads\/2022\/10\/Invito-2022.pdf\" class=\"pdfemb-viewer\" style=\"\" data-width=\"max\" data-height=\"max\" data-toolbar=\"top\" data-toolbar-fixed=\"on\">Invito 2022<\/a>\n<p>&nbsp;<\/p>\n<hr \/>\n<p>&nbsp;<\/p>\n<blockquote>\n<h3>I CRISANTEMI PER AIUTARE VILLA SAN FRANCESCO E LA COOPERATIVA ARCOBALENO &#8217;89<\/h3>\n<\/blockquote>\n<p><strong><a class=\"dt-pswp-item\" href=\"https:\/\/www.radiopiu.net\/wordpress\/wp-content\/uploads\/2022\/10\/ea72a086-2445-44b4-abc3-a29a2c228687.jpg\" data-dt-img-description=\"\" data-large_image_width=\"600\" data-large_image_height=\"384\"><img loading=\"lazy\" decoding=\"async\" class=\" wp-image-302510 alignleft\" src=\"https:\/\/www.radiopiu.net\/wordpress\/wp-content\/uploads\/2022\/10\/ea72a086-2445-44b4-abc3-a29a2c228687-300x192.jpg\" alt=\"\" width=\"166\" height=\"106\" srcset=\"https:\/\/www.radiopiu.net\/wordpress\/wp-content\/uploads\/2022\/10\/ea72a086-2445-44b4-abc3-a29a2c228687-300x192.jpg 300w, https:\/\/www.radiopiu.net\/wordpress\/wp-content\/uploads\/2022\/10\/ea72a086-2445-44b4-abc3-a29a2c228687.jpg 600w\" sizes=\"auto, (max-width: 166px) 100vw, 166px\" \/><\/a>AGORDO<\/strong> Domenica 30 ottobre prossimo, dalle 9, sul sagrato della chiesa Santa Maria Nascente di Agordo, si svolger\u00e0 l\u2019ormai consueta vendita di crisantemi il cui ricavato andr\u00e0 a favore delle attivit\u00e0 della Comunit\u00e0 Alloggio \u201cVilla San Francesco\u201d di Facen di Pedavena e della collegata Cooperativa Arcobaleno\u201989. La \u201cComunit\u00e0 Villa S. Francesco\u201d nacque nel 1975 e da allora ospita bambini e ragazzi dai 6 ai 18 anni, in difficolt\u00e0 per problemi familiari, personali e bisognosi di riferimenti affettivi validi. Nella casa &#8211; comunit\u00e0 si cerca di far crescere i minori \u201cin sapienza\u201d, sviluppare le potenzialit\u00e0 personali, in un clima di stimolazione pedagogica e in un sano confronto con i pari e gli adulti. Nel 1986 inizia il progetto della cooperativa Arcobaleno \u201886. \u00c8 costituita da alcuni ragazzi svantaggiati, che accolti e aiutati a crescere, in maggiore et\u00e0 decidono di affrontare il loro e altrui futuro da protagonisti ed in forma associata, assieme a chi ha condiviso tratti significativi della loro vita, costituendo la prima cooperativa di solidariet\u00e0 sociale della provincia di Belluno. Oggi la Cooperativa si occupa di: attivit\u00e0 sociali, accoglienza ai giovani in difficolt\u00e0 per inserimenti sociali in contesti lavorativi, attivit\u00e0 culturali, ortofloricultura, manutenzione del verde, ceramiche decorate e raku, vetri artistici e bed &amp; breakfast. Comunit\u00e0 Alloggio e Cooperativa non ricevono sussidi da enti pubblici, ma bens\u00ec dalle entrate provenienti dalle loro attivit\u00e0 per cui ancor pi\u00f9 importante \u00e8 la possibilit\u00e0 di dimostrare concretamene la vicinanza a queste realt\u00e0 che si occupano del ben-essere dei minori e di adulti fragili e svantaggiati.<\/p>\n<p>&nbsp;<\/p>\n<hr \/>\n<p>&nbsp;<\/p>\n<p>&nbsp;<\/p>\n<p>&nbsp;<\/p>\n<p>&nbsp;<\/p>\n<p>&nbsp;<\/p>\n<hr \/>\n<p>&nbsp;<\/p>\n<blockquote>\n<h3><a class=\"dt-pswp-item\" href=\"https:\/\/www.radiopiu.net\/wordpress\/wp-content\/uploads\/2022\/10\/aaa.jpg\" data-dt-img-description=\"\" data-large_image_width=\"200\" data-large_image_height=\"211\"><img loading=\"lazy\" decoding=\"async\" class=\" wp-image-301595 alignleft\" src=\"https:\/\/www.radiopiu.net\/wordpress\/wp-content\/uploads\/2022\/10\/aaa.jpg\" alt=\"\" width=\"101\" height=\"107\" \/><\/a>MARGRANDO, IL LIBRO DI FRANCESCA GALLO<\/h3>\n<\/blockquote>\n<p><strong>CANALE D&#8217;AGORDO\u00a0<\/strong> Giovedi 27 ottobre alle 20.45 in sala ex emigrant Francesca Gallo presenta il <span id=\"page3R_mcid13\" class=\"markedContent\"><span dir=\"ltr\" role=\"presentation\">libro il racconto del viaggio di ricerca fra gli emigrati italiani in Belgio e Canada. Francesca, s<\/span><\/span><span id=\"page3R_mcid15\" class=\"markedContent\"><span dir=\"ltr\" role=\"presentation\">on un registratore in tasca, e spesso con la fisarmonica in spalla, <\/span><span dir=\"ltr\" role=\"presentation\">si sedeva a parlare con gli anziani.<\/span><\/span><span id=\"page3R_mcid16\" class=\"markedContent\"><span dir=\"ltr\" role=\"presentation\">In ogni famiglia le veniva raccontato di qualcuno che era emigrato, <\/span><span dir=\"ltr\" role=\"presentation\">cos\u00ec decise di andarli a cercare e di portare a casa le loro storie<\/span><\/span><\/p>\n<h3><span style=\"font-size: 14px; font-weight: normal;\">.<\/span><\/h3>\n<p>&nbsp;<\/p>\n<hr \/>\n<p>&nbsp;<\/p>\n<blockquote>\n<h3><a class=\"dt-pswp-item\" href=\"https:\/\/www.radiopiu.net\/wordpress\/wp-content\/uploads\/2022\/10\/4e59e296-1360-49b9-86f2-ac9d02053496.jpg\" data-dt-img-description=\"\" data-large_image_width=\"940\" data-large_image_height=\"788\"><img loading=\"lazy\" decoding=\"async\" class=\" wp-image-302777 alignleft\" src=\"https:\/\/www.radiopiu.net\/wordpress\/wp-content\/uploads\/2022\/10\/4e59e296-1360-49b9-86f2-ac9d02053496-300x251.jpg\" alt=\"\" width=\"142\" height=\"119\" srcset=\"https:\/\/www.radiopiu.net\/wordpress\/wp-content\/uploads\/2022\/10\/4e59e296-1360-49b9-86f2-ac9d02053496-300x251.jpg 300w, https:\/\/www.radiopiu.net\/wordpress\/wp-content\/uploads\/2022\/10\/4e59e296-1360-49b9-86f2-ac9d02053496-768x644.jpg 768w, https:\/\/www.radiopiu.net\/wordpress\/wp-content\/uploads\/2022\/10\/4e59e296-1360-49b9-86f2-ac9d02053496.jpg 940w\" sizes=\"auto, (max-width: 142px) 100vw, 142px\" \/><\/a>HALLOWEEN MURDER PARTY CON L&#8217;OXFORD SCHOOL OF ENGLISH<\/h3>\n<\/blockquote>\n<p><strong>CENCENIGHE<\/strong> L&#8217;Oxford School Of English Agordino organizza per oggi e domani a Cencenighe e venerd\u00ec a Livinallongo l&#8217;Halloween Murder Party, &#8220;Merenda con l&#8217;assassino&#8221; in lingua inglese. Un pomeriggio dedicato ai ragazzi che frequentano la terza media o la prima superiore. C&#8217;\u00e8 stato un assassinio a scuola, chi \u00e8 stato? I ragazzi saranno detective per un giorno e faranno merenda assieme con il tipico British teatime. Iscrizioni al 338 3903983. Posti limitati, se non gi\u00e0 iscritti al corso FLY<\/p>\n<p>&nbsp;<\/p>\n<p>&nbsp;<\/p>\n<hr \/>\n<p>&nbsp;<\/p>\n<blockquote>\n<h3>DA SABATO 29 OTTOBRE LA MOSTRA &#8220;C&#8217;ERA UNA VOLTA IN ITALIA&#8221;<\/h3>\n<\/blockquote>\n<p><strong>BORGO VALBELLUNA<\/strong><\/p>\n<p>di Roberto Bona<\/p>\n<audio class=\"wp-audio-shortcode\" id=\"audio-302890-7\" preload=\"none\" style=\"width: 100%;\" controls=\"controls\"><source type=\"audio\/mpeg\" src=\"https:\/\/www.radiopiu.net\/wordpress\/wp-content\/uploads\/2022\/10\/gr-19-la-mostra-cera-una-volta-in-italia.mp3?_=7\" \/><a href=\"https:\/\/www.radiopiu.net\/wordpress\/wp-content\/uploads\/2022\/10\/gr-19-la-mostra-cera-una-volta-in-italia.mp3\">https:\/\/www.radiopiu.net\/wordpress\/wp-content\/uploads\/2022\/10\/gr-19-la-mostra-cera-una-volta-in-italia.mp3<\/a><\/audio>\n<p>&nbsp;<\/p>\n<p>&nbsp;<\/p>\n<hr \/>\n<p>&nbsp;<\/p>\n<h2><span style=\"color: #ff0000;\">IERI ALLA RADIO<\/span><\/h2>\n<p>&nbsp;<\/p>\n<p>&nbsp;<\/p>\n<hr \/>\n<p>&nbsp;<\/p>\n<div>\n<div class=\"b654a4as d2edcug0\">\n<div class=\"rq0escxv hkbzh7o3 jwdofwj8 n8tt0mok r8blr3vg hyh9befq\">\n<p><a class=\"dt-pswp-item\" href=\"https:\/\/www.radiopiu.net\/wordpress\/wp-content\/uploads\/2020\/10\/pp.jpg\" data-dt-img-description=\"\" data-large_image_width=\"640\" data-large_image_height=\"640\"><img loading=\"lazy\" decoding=\"async\" class=\"wp-image-163678 alignleft\" src=\"https:\/\/www.radiopiu.net\/wordpress\/wp-content\/uploads\/2020\/10\/pp-300x300.jpg\" alt=\"\" width=\"106\" height=\"106\" srcset=\"https:\/\/www.radiopiu.net\/wordpress\/wp-content\/uploads\/2020\/10\/pp-300x300.jpg 300w, https:\/\/www.radiopiu.net\/wordpress\/wp-content\/uploads\/2020\/10\/pp-150x150.jpg 150w, https:\/\/www.radiopiu.net\/wordpress\/wp-content\/uploads\/2020\/10\/pp-125x125.jpg 125w, https:\/\/www.radiopiu.net\/wordpress\/wp-content\/uploads\/2020\/10\/pp-200x200.jpg 200w, https:\/\/www.radiopiu.net\/wordpress\/wp-content\/uploads\/2020\/10\/pp-80x80.jpg 80w, https:\/\/www.radiopiu.net\/wordpress\/wp-content\/uploads\/2020\/10\/pp-480x480.jpg 480w, https:\/\/www.radiopiu.net\/wordpress\/wp-content\/uploads\/2020\/10\/pp.jpg 640w\" sizes=\"auto, (max-width: 106px) 100vw, 106px\" \/><\/a><\/p>\n<\/div>\n<\/div>\n<\/div>\n<div>\n<div class=\"page-title-head hgroup\">\n<div class=\"page-title-head hgroup\">\n<div class=\"b654a4as d2edcug0\">\n<div class=\"j83agx80 btwxx1t3 lhclo0ds hop8lmos nkwizq5d scwd0bx6 roh60bw9\">\n<div class=\"rq0escxv hkbzh7o3 jwdofwj8 n8tt0mok r8blr3vg hyh9befq\">\n<div class=\"do00u71z l9j0dhe7 k4urcfbm\">\n<h2><span style=\"color: #000080;\">DON CESARE, IL PENSIERO DEL GIORNO. ALLA RADIO ALLE 7 DEL MATTINO E ALLE 19.30 DELLA SERA.\u00a0<\/span><\/h2>\n<p>&nbsp;<\/p>\n<p>&nbsp;<\/p>\n<p>&nbsp;<\/p>\n<hr \/>\n<p>&nbsp;<\/p>\n<h2><span style=\"color: #ff6600;\">COLLAGE OPERAZIONE NOSTALGIA<\/span><\/h2>\n<p><strong><a class=\"dt-pswp-item\" href=\"https:\/\/www.radiopiu.net\/wordpress\/wp-content\/uploads\/2022\/10\/Venus.jpg\" data-dt-img-description=\"\" data-large_image_width=\"480\" data-large_image_height=\"360\"><img loading=\"lazy\" decoding=\"async\" class=\" wp-image-302794 alignleft\" src=\"https:\/\/www.radiopiu.net\/wordpress\/wp-content\/uploads\/2022\/10\/Venus-300x225.jpg\" alt=\"\" width=\"133\" height=\"100\" srcset=\"https:\/\/www.radiopiu.net\/wordpress\/wp-content\/uploads\/2022\/10\/Venus-300x225.jpg 300w, https:\/\/www.radiopiu.net\/wordpress\/wp-content\/uploads\/2022\/10\/Venus.jpg 480w\" sizes=\"auto, (max-width: 133px) 100vw, 133px\" \/><\/a>di Loris Scussel<\/strong><\/p>\n<p>Saranno i brani il cui titolo inizia con le lettere R, S, T, U, V a comporre il \u201cCollage\u201d di questa settimana, inizieremo con \u201cRider\u00e0\u201d di Little Tony poi \u201cS. Francisco\u201d di Scott Mc Kenzie, \u201cTema\u201d dei Giganti, \u201cUn\u2019avventura\u201d di Lucio Battisti, \u201cVenus\u201d degli Shocking Blue solo per citare alcuni titoli dei brani in scaletta. Collage va in onda dal luned\u00ec al venerd\u00ec alle 16,00 e alle 23,00 naturalmente su Radio Pi\u00f9.<\/p>\n<p>&nbsp;<\/p>\n<hr \/>\n<p>&nbsp;<\/p>\n<div>\n<blockquote class=\"wp-embedded-content\" data-secret=\"fQYk9tu8pk\"><p><a href=\"https:\/\/www.radiopiu.net\/wordpress\/odio-la-radio-dieci-anni-dopo-di-mirko-mezzacasa\/\">&#8220;ODIO LA RADIO&#8221;&#8230; DIECI ANNI DOPO, di Mirko Mezzacasa<\/a><\/p><\/blockquote>\n<p><iframe loading=\"lazy\" class=\"wp-embedded-content\" sandbox=\"allow-scripts\" security=\"restricted\" style=\"position: absolute; clip: rect(1px, 1px, 1px, 1px);\" title=\"&#8220;&#8220;ODIO LA RADIO&#8221;&#8230; DIECI ANNI DOPO, di Mirko Mezzacasa&#8221; &#8212; Radio Pi\u00f9\" src=\"https:\/\/www.radiopiu.net\/wordpress\/odio-la-radio-dieci-anni-dopo-di-mirko-mezzacasa\/embed\/#?secret=AdWJxxxrGT#?secret=fQYk9tu8pk\" data-secret=\"fQYk9tu8pk\" width=\"600\" height=\"338\" frameborder=\"0\" marginwidth=\"0\" marginheight=\"0\" scrolling=\"no\"><\/iframe><\/p>\n<p>&nbsp;<\/p>\n<p>&nbsp;<\/p>\n<hr \/>\n<p>&nbsp;<\/p>\n<p><strong>OGNI GIORNO IL MERCATINO A RADIO PIU&#8217;, AL QUARANTESIMO MINUTO. IL PUNTO DI RIFERIMENTO PER CHI OFFRE O CERCA LAVORO NELL&#8217;ARCO DOLOMITICO, CENTINAIA DI VISUALIZZAZIONI AL GIORNO SUL SITO INTERNET, IN AUDIO ALLA RADIO E IN STREAMING IL TUTTO IL MONDO. IL MERCATINO DI RADIO PIU, PER INSERIRE I TUOI ANNUNCI SCRIVI A <span style=\"color: #0000ff;\">radiopiu@radiopiu.it<\/span><\/strong><\/p>\n<blockquote class=\"wp-embedded-content\" data-secret=\"4OjwEJSPQv\"><p><a href=\"https:\/\/www.radiopiu.net\/wordpress\/mercatino-e-mercatino-delle-pulci-per-i-vostri-annunci-radiopiuradiopiu-it\/\">MERCATINO<\/a><\/p><\/blockquote>\n<p><iframe loading=\"lazy\" class=\"wp-embedded-content\" sandbox=\"allow-scripts\" security=\"restricted\" style=\"position: absolute; clip: rect(1px, 1px, 1px, 1px);\" title=\"&#8220;MERCATINO&#8221; &#8212; Radio Pi\u00f9\" src=\"https:\/\/www.radiopiu.net\/wordpress\/mercatino-e-mercatino-delle-pulci-per-i-vostri-annunci-radiopiuradiopiu-it\/embed\/#?secret=AIlXPW986s#?secret=4OjwEJSPQv\" data-secret=\"4OjwEJSPQv\" width=\"600\" height=\"338\" frameborder=\"0\" marginwidth=\"0\" marginheight=\"0\" scrolling=\"no\"><\/iframe><\/p>\n<\/div>\n<p>&nbsp;<\/p>\n<p>&nbsp;<\/p>\n<div>\n<hr \/>\n<p>&nbsp;<\/p>\n<p><img loading=\"lazy\" decoding=\"async\" class=\"aligncenter wp-image-61954 size-full\" src=\"https:\/\/www.radiopiu.net\/wordpress\/wp-content\/uploads\/2018\/09\/viabilita.jpeg\" sizes=\"auto, (max-width: 800px) 100vw, 800px\" srcset=\"https:\/\/www.radiopiu.net\/wordpress\/wp-content\/uploads\/2018\/09\/viabilita.jpeg 800w, https:\/\/www.radiopiu.net\/wordpress\/wp-content\/uploads\/2018\/09\/viabilita-300x38.jpeg 300w, https:\/\/www.radiopiu.net\/wordpress\/wp-content\/uploads\/2018\/09\/viabilita-768x96.jpeg 768w\" alt=\"\" width=\"800\" height=\"100\" \/><\/p>\n<p>&nbsp;<\/p>\n<blockquote>\n<h3>SP 8 DI SAN TOMASO, PROROGATA LA CHIUSURA A FASCE ORARIE FINO ALL&#8217;11 NOVEMBRE<\/h3>\n<\/blockquote>\n<p>Fino al 11 novembre, esclusi festivi e prefestivi, la strada chiuder\u00e0 totalmente dalle 7.15 alle 12.45 e dalle 14.15 alle 17.45. Negli altri orari senso unico alternato regolato da semaforo.<\/p>\n<p><em><strong>DIVIETO DI TRANSITO VEICOLARE A FADES DI LA VALLE AGORDINA TRA L&#8217;INCROCIO CON LA SR 347 E IL CIVICO 2. FINO AL 18 NOVEMBRE, SABATO, DOMENICA E FESTIVI COMPRESI. IL DIVIETO AVRA&#8217; EFFICACIA NEI GIORNI DI EFFETTIVA ESECUZIONE DEL CANTIERE.\u00a0\u00a0<\/strong><\/em><\/p>\n<p>&nbsp;<\/p>\n<p><strong>AGGIORNAMENTO VENETO STRADE, AGGIORNAMENTO CONTINUO H 24<\/strong><\/p>\n<p>&nbsp;<\/p>\n<blockquote class=\"wp-embedded-content\" data-secret=\"bRMeewnjP0\"><p><a href=\"https:\/\/www.radiopiu.net\/wordpress\/viabilita\/\">viabilita<\/a><\/p><\/blockquote>\n<p><iframe loading=\"lazy\" class=\"wp-embedded-content\" sandbox=\"allow-scripts\" security=\"restricted\" style=\"position: absolute; clip: rect(1px, 1px, 1px, 1px);\" title=\"&#8220;viabilita&#8221; &#8212; Radio Pi\u00f9\" src=\"https:\/\/www.radiopiu.net\/wordpress\/viabilita\/embed\/#?secret=EPyONdkEsa#?secret=bRMeewnjP0\" data-secret=\"bRMeewnjP0\" width=\"600\" height=\"338\" frameborder=\"0\" marginwidth=\"0\" marginheight=\"0\" scrolling=\"no\"><\/iframe><\/p>\n<p>&nbsp;<\/p>\n<p>&nbsp;<\/p>\n<hr \/>\n<p>&nbsp;<\/p>\n<p><a class=\"dt-pswp-item\" href=\"https:\/\/www.radiopiu.net\/wordpress\/wp-content\/uploads\/2018\/09\/WhatsApp-Image-2018-09-20-at-16.04.06.jpeg\" data-dt-img-description=\"\" data-large_image_width=\"800\" data-large_image_height=\"100\"><img loading=\"lazy\" decoding=\"async\" class=\"wp-image-61378 size-full aligncenter\" src=\"https:\/\/www.radiopiu.net\/wordpress\/wp-content\/uploads\/2018\/09\/WhatsApp-Image-2018-09-20-at-16.04.06.jpeg\" alt=\"\" width=\"800\" height=\"100\" srcset=\"https:\/\/www.radiopiu.net\/wordpress\/wp-content\/uploads\/2018\/09\/WhatsApp-Image-2018-09-20-at-16.04.06.jpeg 800w, https:\/\/www.radiopiu.net\/wordpress\/wp-content\/uploads\/2018\/09\/WhatsApp-Image-2018-09-20-at-16.04.06-300x38.jpeg 300w, https:\/\/www.radiopiu.net\/wordpress\/wp-content\/uploads\/2018\/09\/WhatsApp-Image-2018-09-20-at-16.04.06-768x96.jpeg 768w\" sizes=\"auto, (max-width: 800px) 100vw, 800px\" \/>\u00a0<\/a><\/p>\n<p><strong>marted\u00ec 25.<\/strong> Nottetempo cielo coperto associata a una fase perturbata. In mattinata rapido miglioramento con ampi rasserenamenti e diradamento della nuvolosit\u00e0 a partire dalle Dolomiti, in estensione alle Prealpi. Al pomeriggio riduzione del soleggiamento per formazione di banchi di stratocumuli, pi\u00f9 presenti a ridosso dei rilievi. Il contesto termico sar\u00e0 leggermente pi\u00f9 fresco in quota, mentre il ritorno del sole potr\u00e0 avere un effetto mitigante nelle valli pi\u00f9 assolate. Precipitazioni. Probabilit\u00e0 medio-alta Temperature. Minime in generale lieve diminuzione; massime in calo in alta quota e pressoch\u00e9 stazionarie nelle valli<\/p>\n<p><strong>mercoled\u00ec 26<\/strong>. Tempo maggiormente soleggiato, con cielo sereno o poco nuvoloso, salvo temporanei annuvolamenti stratiforme nelle ore pi\u00f9 fredde. Non esclusa del tutto l&#8217;insidia nebbia nelle depressioni prealpine (Valbelluna e altopiani). Maggiore escursione termica giornaliera tra una notte un po&#8217; pi\u00f9 fresca e il ritorno di una certa mitezza in giornata. Precipitazioni. Assenti (0%). Temperature. Minime stazionarie in quota e in leggera diminuzione nelle valli qualora il cielo fosse in parte sereno nel corso della notte. Massime in generale lieve ripresa.<\/p>\n<p><strong>gioved\u00ec 27.<\/strong> Bel tempo autunnale, ben soleggiato con cielo sereno, aria nitida e ottima visibilit\u00e0 in montagna, mentre l&#8217;insidia nebbia o nubi basse mattutine sar\u00e0 presente in alcune valli prealpine, limitando il soleggiamento nelle prime ore del giorno.<\/p>\n<p><strong>venerd\u00ec 28.<\/strong> Bel tempo autunnale, ben soleggiato con cielo sereno, aria nitida e ottima visibilit\u00e0 in montagna, persistenza dell&#8217;insidia nebbia o nubi basse mattutine in alcune valli prealpine. Nelcorso del pomeriggio sopraggiungere di sottili nubi alte in grado di velare il cielo. Temperature in ulteriore generale aumento, specie in quota ne nei posti pi\u00f9 assolati; accentuazione dell&#8217;inversione termica notturna nelle valli.<\/p>\n<p>&nbsp;<\/p>\n<hr \/>\n<p>&nbsp;<\/p>\n<p><img loading=\"lazy\" decoding=\"async\" class=\"wp-image-60761 size-full aligncenter\" src=\"https:\/\/www.radiopiu.net\/wordpress\/wp-content\/uploads\/2018\/09\/sport.jpg\" alt=\"\" width=\"800\" height=\"100\" srcset=\"https:\/\/www.radiopiu.net\/wordpress\/wp-content\/uploads\/2018\/09\/sport.jpg 800w, https:\/\/www.radiopiu.net\/wordpress\/wp-content\/uploads\/2018\/09\/sport-300x38.jpg 300w, https:\/\/www.radiopiu.net\/wordpress\/wp-content\/uploads\/2018\/09\/sport-768x96.jpg 768w\" sizes=\"auto, (max-width: 800px) 100vw, 800px\" \/><\/p>\n<p>&nbsp;<\/p>\n<p>&nbsp;<\/p>\n<p>&nbsp;<\/p>\n<p>&nbsp;<\/p>\n<p>&nbsp;<\/p>\n<\/div>\n<\/div>\n<\/div>\n<\/div>\n<\/div>\n<\/div>\n<\/div>\n<\/div>\n","protected":false},"excerpt":{"rendered":"<p>RADIO PIU INFORMAZIONE il canale su TELEGRAM informazione di prima\u00a0\u00a0mano e in tempo reale. iscriviti ed aiutaci a farlo conoscere FINE OTTOBRE CON L&#8217;ECLISSE PARZIALE DI SOLE di Claudio Pra Oggi si verificher\u00e0 un eclisse parziale di Sole ben osservabile dai nostri luoghi. Il nero disco lunare intaccher\u00e1 quello solare verso le 11.15, per poi&hellip;<\/p>\n","protected":false},"author":4,"featured_media":302954,"comment_status":"closed","ping_status":"closed","sticky":false,"template":"","format":"standard","meta":{"_monsterinsights_skip_tracking":false,"_monsterinsights_sitenote_active":false,"_monsterinsights_sitenote_note":"","_monsterinsights_sitenote_category":0,"footnotes":""},"categories":[51,86,49],"tags":[],"class_list":["post-302890","post","type-post","status-publish","format-standard","has-post-thumbnail","hentry","category-evidenza-top","category-gr","category-news-18","category-51","category-86","category-49","description-off"],"img_url":"https:\/\/www.radiopiu.net\/wordpress\/wp-content\/uploads\/2022\/10\/41bc8408-ae4c-4f4e-9e60-d2d2aa2c8c72.jpg","_links":{"self":[{"href":"https:\/\/www.radiopiu.net\/wordpress\/wp-json\/wp\/v2\/posts\/302890","targetHints":{"allow":["GET"]}}],"collection":[{"href":"https:\/\/www.radiopiu.net\/wordpress\/wp-json\/wp\/v2\/posts"}],"about":[{"href":"https:\/\/www.radiopiu.net\/wordpress\/wp-json\/wp\/v2\/types\/post"}],"author":[{"embeddable":true,"href":"https:\/\/www.radiopiu.net\/wordpress\/wp-json\/wp\/v2\/users\/4"}],"replies":[{"embeddable":true,"href":"https:\/\/www.radiopiu.net\/wordpress\/wp-json\/wp\/v2\/comments?post=302890"}],"version-history":[{"count":0,"href":"https:\/\/www.radiopiu.net\/wordpress\/wp-json\/wp\/v2\/posts\/302890\/revisions"}],"wp:featuredmedia":[{"embeddable":true,"href":"https:\/\/www.radiopiu.net\/wordpress\/wp-json\/wp\/v2\/media\/302954"}],"wp:attachment":[{"href":"https:\/\/www.radiopiu.net\/wordpress\/wp-json\/wp\/v2\/media?parent=302890"}],"wp:term":[{"taxonomy":"category","embeddable":true,"href":"https:\/\/www.radiopiu.net\/wordpress\/wp-json\/wp\/v2\/categories?post=302890"},{"taxonomy":"post_tag","embeddable":true,"href":"https:\/\/www.radiopiu.net\/wordpress\/wp-json\/wp\/v2\/tags?post=302890"}],"curies":[{"name":"wp","href":"https:\/\/api.w.org\/{rel}","templated":true}]}}