{"id":302990,"date":"2022-10-25T04:54:09","date_gmt":"2022-10-25T02:54:09","guid":{"rendered":"https:\/\/www.radiopiu.net\/wordpress\/?p=302990"},"modified":"2022-10-25T05:46:03","modified_gmt":"2022-10-25T03:46:03","slug":"soccorso-escursionista2","status":"publish","type":"post","link":"https:\/\/www.radiopiu.net\/wordpress\/soccorso-escursionista2\/","title":{"rendered":"SOCCORSO ESCURSIONISTA NELLA NOTTE"},"content":{"rendered":"<p><strong>SAN GREGORIO<\/strong>\u00a0 Ieri passate le 18, la Centrale del Suem \u00e8 stata allertata tramite i parenti di un escursionista, che si trovava in difficolt\u00e0 nella zona del Pizzocco. Non era pi\u00f9 raggiungibile e le informazioni scarne, finch\u00e9 il 33enne di Cittadella (PD) \u00e8 riuscito lui stesso a chiamare il 118, con la poca batteria residua. Mentre al contempo veniva allertato il Soccorso alpino di Feltre, risaliti tramite l&#8217;applicazione di geolocalizzazione alla sua posizione, gli \u00e8 stato detto di non muoversi assolutamente e di non utilizzare il cellulare. Una squadra veloce \u00e8 subito partita, con una previsione di 3 ore di cammino, un&#8217;altra l&#8217;ha seguita da presso. L&#8217;escursionista era partito alle 11 per completare l&#8217;anello del Pizzocco, un giro molto impegnativo che richiede 7 ore: lungo il sentiero 852 dalla Val Scura a Passo Forca, passando al sentiero 851 da Passo Cimia, Forcella Intrigos, discesa a San Gregorio. Solo che, giunto sul Pian di Cimia, si era perso vagando a vuoto, per poi ritrovare la traccia ormai prossimo il buio e senza pila. Con una squadra ferma a Forcella Intrigos a fare da ponte radio e garantire le comunicazioni, poich\u00e9, oltre, la rete \u00e8 assente, i soccorritori hanno individuato e raggiunto verso le 22 l&#8217;uomo, che stava bene. Dopo averlo dotato di imbrago e frontale, i soccorritori lo hanno assicurato dato il terreno difficile in cui si trovava. Con lui la squadra \u00e8 quindi ridiscesa a valle, verso l&#8217;abitato di San Gregorio. L&#8217;intervento si \u00e8 chiuso a mezzanotte e mezza.<\/p>\n<p>&nbsp;<\/p>\n<p>&nbsp;<\/p>\n<hr \/>\n<p>&nbsp;<\/p>\n","protected":false},"excerpt":{"rendered":"<p>SAN GREGORIO\u00a0 Ieri passate le 18, la Centrale del Suem \u00e8 stata allertata tramite i parenti di un escursionista, che si trovava in difficolt\u00e0 nella zona del Pizzocco. Non era pi\u00f9 raggiungibile e le informazioni scarne, finch\u00e9 il 33enne di Cittadella (PD) \u00e8 riuscito lui stesso a chiamare il 118, con la poca batteria residua.&hellip;<\/p>\n","protected":false},"author":4,"featured_media":292928,"comment_status":"closed","ping_status":"closed","sticky":false,"template":"","format":"standard","meta":{"_monsterinsights_skip_tracking":false,"_monsterinsights_sitenote_active":false,"_monsterinsights_sitenote_note":"","_monsterinsights_sitenote_category":0,"footnotes":""},"categories":[51,49],"tags":[],"class_list":["post-302990","post","type-post","status-publish","format-standard","has-post-thumbnail","hentry","category-evidenza-top","category-news-18","category-51","category-49","description-off"],"img_url":"https:\/\/www.radiopiu.net\/wordpress\/wp-content\/uploads\/2022\/08\/salt_20220815_165013_303.jpg","_links":{"self":[{"href":"https:\/\/www.radiopiu.net\/wordpress\/wp-json\/wp\/v2\/posts\/302990","targetHints":{"allow":["GET"]}}],"collection":[{"href":"https:\/\/www.radiopiu.net\/wordpress\/wp-json\/wp\/v2\/posts"}],"about":[{"href":"https:\/\/www.radiopiu.net\/wordpress\/wp-json\/wp\/v2\/types\/post"}],"author":[{"embeddable":true,"href":"https:\/\/www.radiopiu.net\/wordpress\/wp-json\/wp\/v2\/users\/4"}],"replies":[{"embeddable":true,"href":"https:\/\/www.radiopiu.net\/wordpress\/wp-json\/wp\/v2\/comments?post=302990"}],"version-history":[{"count":0,"href":"https:\/\/www.radiopiu.net\/wordpress\/wp-json\/wp\/v2\/posts\/302990\/revisions"}],"wp:featuredmedia":[{"embeddable":true,"href":"https:\/\/www.radiopiu.net\/wordpress\/wp-json\/wp\/v2\/media\/292928"}],"wp:attachment":[{"href":"https:\/\/www.radiopiu.net\/wordpress\/wp-json\/wp\/v2\/media?parent=302990"}],"wp:term":[{"taxonomy":"category","embeddable":true,"href":"https:\/\/www.radiopiu.net\/wordpress\/wp-json\/wp\/v2\/categories?post=302990"},{"taxonomy":"post_tag","embeddable":true,"href":"https:\/\/www.radiopiu.net\/wordpress\/wp-json\/wp\/v2\/tags?post=302990"}],"curies":[{"name":"wp","href":"https:\/\/api.w.org\/{rel}","templated":true}]}}