{"id":302997,"date":"2022-10-25T04:55:15","date_gmt":"2022-10-25T02:55:15","guid":{"rendered":"https:\/\/www.radiopiu.net\/wordpress\/?p=302997"},"modified":"2022-10-25T05:45:58","modified_gmt":"2022-10-25T03:45:58","slug":"lacrime-in-luxottica-per-la-morte-di-alessandro","status":"publish","type":"post","link":"https:\/\/www.radiopiu.net\/wordpress\/lacrime-in-luxottica-per-la-morte-di-alessandro\/","title":{"rendered":"LACRIME IN LUXOTTICA PER LA MORTE DI ALESSANDRO"},"content":{"rendered":"<p><strong><img loading=\"lazy\" decoding=\"async\" class=\"alignleft\" src=\"https:\/\/www.radiopiu.net\/wordpress\/wp-content\/uploads\/2022\/10\/ALESSANDRO-TABAKU-300x300.jpg\" width=\"158\" height=\"158\" \/>AGORDO<\/strong> Lo attendevano in Luxottica, ma Alessandro non \u00e8 mai arrivato. Il suo trasferimento dal trevigiano verso il posto di lavoro di cui ne andava molto orgoglioso si \u00e8 fermato alla Stanga in Comune di Sedico alle 5.30 del mattino, contro la recinzione in cemento dell&#8217;ex villaggio Enel. Una sbandata sulla sinistra, la Opel ha cozzato violentemente contro il muro e poi si \u00e8 ribaltata nel prato. E&#8217; molto probabile che il giovane abbia cercato di schivare un ungulato che gli ha attraversato la strada. Da mesi, anni, gli automobilisti chiedono interventi concreti per risolvere un problema sempre pi\u00f9 preoccupante, ma come si pu\u00f2 capire dai continui incidenti (questo \u00e8 il secondo mortale negli ultimi anni) non \u00e8 stato fatto molto.\u00a0 Alessandro\u00a0Tabaku\u00a0 aveva 22 anni, nato a Conegliano e residente a Codogn\u00e8, dipendente della Luxottica da 8 mesi, era fresco di laurea in economia aziendale alla C\u00e0 Foscari di Venezia con un curriculum\u00a0 invidiabi. Immediati i soccorsi del Suem e dei \u00a0vigili del fuoco di Agordo che hanno estratto il giovane, purtroppo il medico del Suem, ha solo potuto constatare la morte del\u00a0 22enne. Sul posto la Polizia Stradale per i\u00a0 rilievi per ricostruire la dinamica del grave incidente. Le operazioni di soccorso sono terminate poco dopo le 8:30<\/p>\n<p>&nbsp;<\/p>\n\n\t\t\t<style type='text\/css'>\n\t\t\t\t#gallery-1 {\n\t\t\t\t\tmargin: auto;\n\t\t\t\t}\n\t\t\t\t#gallery-1 .gallery-item {\n\t\t\t\t\tfloat: left;\n\t\t\t\t\tmargin-top: 10px;\n\t\t\t\t\ttext-align: center;\n\t\t\t\t\twidth: 25%;\n\t\t\t\t}\n\t\t\t\t#gallery-1 img {\n\t\t\t\t\tborder: 2px solid #cfcfcf;\n\t\t\t\t}\n\t\t\t\t#gallery-1 .gallery-caption {\n\t\t\t\t\tmargin-left: 0;\n\t\t\t\t}\n\t\t\t\t\/* see gallery_shortcode() in wp-includes\/media.php *\/\n\t\t\t<\/style>\n\t\t<div id='gallery-1' class='dt-gallery-container gallery galleryid-302997 gallery-columns-4 gallery-size-thumbnail'><dl class='gallery-item'>\n\t\t\t\t<dt class='gallery-icon landscape'>\n\t\t\t\t\t<a class=\"rollover rollover-zoom dt-pswp-item\" title=\"41bc8408-ae4c-4f4e-9e60-d2d2aa2c8c72\" data-dt-img-description=\"\" data-large_image_width=\"1024\" data-large_image_height=\"768\"href='https:\/\/www.radiopiu.net\/wordpress\/wp-content\/uploads\/2022\/10\/41bc8408-ae4c-4f4e-9e60-d2d2aa2c8c72-1.jpg'><img loading=\"lazy\" decoding=\"async\" width=\"150\" height=\"150\" src=\"https:\/\/www.radiopiu.net\/wordpress\/wp-content\/uploads\/2022\/10\/41bc8408-ae4c-4f4e-9e60-d2d2aa2c8c72-1-150x150.jpg\" class=\"attachment-thumbnail size-thumbnail\" alt=\"\" \/><\/a>\n\t\t\t\t<\/dt><\/dl><dl class='gallery-item'>\n\t\t\t\t<dt class='gallery-icon landscape'>\n\t\t\t\t\t<a class=\"rollover rollover-zoom dt-pswp-item\" title=\"0c01752e-ab98-4b09-aab4-90c930d7e39c\" data-dt-img-description=\"\" data-large_image_width=\"1024\" data-large_image_height=\"768\"href='https:\/\/www.radiopiu.net\/wordpress\/wp-content\/uploads\/2022\/10\/0c01752e-ab98-4b09-aab4-90c930d7e39c.jpg'><img loading=\"lazy\" decoding=\"async\" width=\"150\" height=\"150\" src=\"https:\/\/www.radiopiu.net\/wordpress\/wp-content\/uploads\/2022\/10\/0c01752e-ab98-4b09-aab4-90c930d7e39c-150x150.jpg\" class=\"attachment-thumbnail size-thumbnail\" alt=\"\" \/><\/a>\n\t\t\t\t<\/dt><\/dl><dl class='gallery-item'>\n\t\t\t\t<dt class='gallery-icon landscape'>\n\t\t\t\t\t<a class=\"rollover rollover-zoom dt-pswp-item\" title=\"2260fb0e-1f63-4894-80ac-df651e682fee\" data-dt-img-description=\"\" data-large_image_width=\"1280\" data-large_image_height=\"960\"href='https:\/\/www.radiopiu.net\/wordpress\/wp-content\/uploads\/2022\/10\/2260fb0e-1f63-4894-80ac-df651e682fee.jpg'><img loading=\"lazy\" decoding=\"async\" width=\"150\" height=\"150\" src=\"https:\/\/www.radiopiu.net\/wordpress\/wp-content\/uploads\/2022\/10\/2260fb0e-1f63-4894-80ac-df651e682fee-150x150.jpg\" class=\"attachment-thumbnail size-thumbnail\" alt=\"\" \/><\/a>\n\t\t\t\t<\/dt><\/dl><dl class='gallery-item'>\n\t\t\t\t<dt class='gallery-icon landscape'>\n\t\t\t\t\t<a class=\"rollover rollover-zoom dt-pswp-item\" title=\"7cb6f822-2186-499d-ac45-bc2c5d6ff4e1\" data-dt-img-description=\"\" data-large_image_width=\"1280\" data-large_image_height=\"960\"href='https:\/\/www.radiopiu.net\/wordpress\/wp-content\/uploads\/2022\/10\/7cb6f822-2186-499d-ac45-bc2c5d6ff4e1.jpg'><img loading=\"lazy\" decoding=\"async\" width=\"150\" height=\"150\" src=\"https:\/\/www.radiopiu.net\/wordpress\/wp-content\/uploads\/2022\/10\/7cb6f822-2186-499d-ac45-bc2c5d6ff4e1-150x150.jpg\" class=\"attachment-thumbnail size-thumbnail\" alt=\"\" \/><\/a>\n\t\t\t\t<\/dt><\/dl><br style=\"clear: both\" \/>\n\t\t\t<\/div>\n\n<p>&nbsp;<\/p>\n<p><strong>BELLUNO<\/strong> A poche ore di distanza dal drammatico incidente mortale a La Stanga un secondo incidente, analogo incidente ma con esiti meno drammatici a Salve. Un&#8217;altra auto capottata, l&#8217; occupante \u00e8 uscito da solo dall&#8217;abitacolo. Verso le 7.20, un altro incidente a Sedico, con una donna ferita lieve portata all\u2019ospedale.<\/p>\n<p>&nbsp;<\/p>\n<p>&nbsp;<\/p>\n<p>&nbsp;<\/p>\n<hr \/>\n<p>&nbsp;<\/p>\n","protected":false},"excerpt":{"rendered":"<p>AGORDO Lo attendevano in Luxottica, ma Alessandro non \u00e8 mai arrivato. Il suo trasferimento dal trevigiano verso il posto di lavoro di cui ne andava molto orgoglioso si \u00e8 fermato alla Stanga in Comune di Sedico alle 5.30 del mattino, contro la recinzione in cemento dell&#8217;ex villaggio Enel. Una sbandata sulla sinistra, la Opel ha&hellip;<\/p>\n","protected":false},"author":4,"featured_media":302977,"comment_status":"closed","ping_status":"closed","sticky":false,"template":"","format":"standard","meta":{"_monsterinsights_skip_tracking":false,"_monsterinsights_sitenote_active":false,"_monsterinsights_sitenote_note":"","_monsterinsights_sitenote_category":0,"footnotes":""},"categories":[51,49],"tags":[],"class_list":["post-302997","post","type-post","status-publish","format-standard","has-post-thumbnail","hentry","category-evidenza-top","category-news-18","category-51","category-49","description-off"],"img_url":"https:\/\/www.radiopiu.net\/wordpress\/wp-content\/uploads\/2022\/10\/ALESSANDRO-TABAKU.jpg","_links":{"self":[{"href":"https:\/\/www.radiopiu.net\/wordpress\/wp-json\/wp\/v2\/posts\/302997","targetHints":{"allow":["GET"]}}],"collection":[{"href":"https:\/\/www.radiopiu.net\/wordpress\/wp-json\/wp\/v2\/posts"}],"about":[{"href":"https:\/\/www.radiopiu.net\/wordpress\/wp-json\/wp\/v2\/types\/post"}],"author":[{"embeddable":true,"href":"https:\/\/www.radiopiu.net\/wordpress\/wp-json\/wp\/v2\/users\/4"}],"replies":[{"embeddable":true,"href":"https:\/\/www.radiopiu.net\/wordpress\/wp-json\/wp\/v2\/comments?post=302997"}],"version-history":[{"count":0,"href":"https:\/\/www.radiopiu.net\/wordpress\/wp-json\/wp\/v2\/posts\/302997\/revisions"}],"wp:featuredmedia":[{"embeddable":true,"href":"https:\/\/www.radiopiu.net\/wordpress\/wp-json\/wp\/v2\/media\/302977"}],"wp:attachment":[{"href":"https:\/\/www.radiopiu.net\/wordpress\/wp-json\/wp\/v2\/media?parent=302997"}],"wp:term":[{"taxonomy":"category","embeddable":true,"href":"https:\/\/www.radiopiu.net\/wordpress\/wp-json\/wp\/v2\/categories?post=302997"},{"taxonomy":"post_tag","embeddable":true,"href":"https:\/\/www.radiopiu.net\/wordpress\/wp-json\/wp\/v2\/tags?post=302997"}],"curies":[{"name":"wp","href":"https:\/\/api.w.org\/{rel}","templated":true}]}}