{"id":303092,"date":"2022-10-25T04:59:54","date_gmt":"2022-10-25T02:59:54","guid":{"rendered":"https:\/\/www.radiopiu.net\/wordpress\/?p=303092"},"modified":"2022-10-25T05:45:43","modified_gmt":"2022-10-25T03:45:43","slug":"senza-esito-le-ricerche-di-nicola-fisioterapista-disperso-sul-lagorai","status":"publish","type":"post","link":"https:\/\/www.radiopiu.net\/wordpress\/senza-esito-le-ricerche-di-nicola-fisioterapista-disperso-sul-lagorai\/","title":{"rendered":"SENZA ESITO LE RICERCHE DI NICOLA, FISIOTERAPISTA DISPERSO SUL LAGORAI"},"content":{"rendered":"<p><strong><img loading=\"lazy\" decoding=\"async\" class=\"alignleft\" src=\"https:\/\/www.radiopiu.net\/wordpress\/wp-content\/uploads\/2022\/10\/Senza-nome-68.jpg\" width=\"188\" height=\"181\" \/>REDAZIONE<\/strong> Nicola Spagnolo, 26 anni, fisioterapista di Scorz\u00e8 ma da qualche anno nel bellunese per lavoro \u00e8 scomparso da venerdi, non c&#8217;\u00e8 alcuna traccia del suo passaggio. Per tutto il fine settimana ed anche ieri le squadra di soccorso lo stanno cercando. Il suo zaino era stato trovato sabato sera all&#8217;interno del bivacco &#8220;Paolo e Nicola&#8221; nei pressi della forcella di Valmaggiore sul Lagorai da altri escursionisti. L\u00ec a fianco, un biglietto, scritto venerdi alle 6.30,\u00a0 nel quale il ventiseienne spiegava di essere partito alla volta di cima Cece con l&#8217;intenzione di tornare al bivacco per la notte.\u00a0 La sua auto \u00e8 stata invece ritrovata al rifugio Refavaie. Lo stanno cercando uomini del Soccorso alpino,\u00a0 Guardia di Finanza, vigili del fuoco volontari e permanenti, la Croce rossa,\u00a0 Scuola provinciale cani da ricerca,\u00a0 carabinieri della compagnia di Cavalese. Le condizioni meteo della giornata di ieri non hanno permesso di perlustrare al meglio entrambi i versanti: dopo che quello verso il Vanoi e il Primiero era stato battuto da decine di operatori nella giornata di domenica.<\/p>\n<p>&nbsp;<\/p>\n<p>&nbsp;<\/p>\n<hr \/>\n<p>&nbsp;<\/p>\n","protected":false},"excerpt":{"rendered":"<p>REDAZIONE Nicola Spagnolo, 26 anni, fisioterapista di Scorz\u00e8 ma da qualche anno nel bellunese per lavoro \u00e8 scomparso da venerdi, non c&#8217;\u00e8 alcuna traccia del suo passaggio. Per tutto il fine settimana ed anche ieri le squadra di soccorso lo stanno cercando. Il suo zaino era stato trovato sabato sera all&#8217;interno del bivacco &#8220;Paolo e&hellip;<\/p>\n","protected":false},"author":4,"featured_media":303093,"comment_status":"closed","ping_status":"closed","sticky":false,"template":"","format":"standard","meta":{"_monsterinsights_skip_tracking":false,"_monsterinsights_sitenote_active":false,"_monsterinsights_sitenote_note":"","_monsterinsights_sitenote_category":0,"footnotes":""},"categories":[51,49],"tags":[],"class_list":["post-303092","post","type-post","status-publish","format-standard","has-post-thumbnail","hentry","category-evidenza-top","category-news-18","category-51","category-49","description-off"],"img_url":"https:\/\/www.radiopiu.net\/wordpress\/wp-content\/uploads\/2022\/10\/Senza-nome-68.jpg","_links":{"self":[{"href":"https:\/\/www.radiopiu.net\/wordpress\/wp-json\/wp\/v2\/posts\/303092","targetHints":{"allow":["GET"]}}],"collection":[{"href":"https:\/\/www.radiopiu.net\/wordpress\/wp-json\/wp\/v2\/posts"}],"about":[{"href":"https:\/\/www.radiopiu.net\/wordpress\/wp-json\/wp\/v2\/types\/post"}],"author":[{"embeddable":true,"href":"https:\/\/www.radiopiu.net\/wordpress\/wp-json\/wp\/v2\/users\/4"}],"replies":[{"embeddable":true,"href":"https:\/\/www.radiopiu.net\/wordpress\/wp-json\/wp\/v2\/comments?post=303092"}],"version-history":[{"count":0,"href":"https:\/\/www.radiopiu.net\/wordpress\/wp-json\/wp\/v2\/posts\/303092\/revisions"}],"wp:featuredmedia":[{"embeddable":true,"href":"https:\/\/www.radiopiu.net\/wordpress\/wp-json\/wp\/v2\/media\/303093"}],"wp:attachment":[{"href":"https:\/\/www.radiopiu.net\/wordpress\/wp-json\/wp\/v2\/media?parent=303092"}],"wp:term":[{"taxonomy":"category","embeddable":true,"href":"https:\/\/www.radiopiu.net\/wordpress\/wp-json\/wp\/v2\/categories?post=303092"},{"taxonomy":"post_tag","embeddable":true,"href":"https:\/\/www.radiopiu.net\/wordpress\/wp-json\/wp\/v2\/tags?post=303092"}],"curies":[{"name":"wp","href":"https:\/\/api.w.org\/{rel}","templated":true}]}}