{"id":303229,"date":"2022-10-25T20:34:06","date_gmt":"2022-10-25T18:34:06","guid":{"rendered":"https:\/\/www.radiopiu.net\/wordpress\/?p=303229"},"modified":"2022-10-26T06:10:28","modified_gmt":"2022-10-26T04:10:28","slug":"difesa-del-suolo-accordo-da-160mila-euro-per-i-danni-meteo-di-fine-giugno","status":"publish","type":"post","link":"https:\/\/www.radiopiu.net\/wordpress\/difesa-del-suolo-accordo-da-160mila-euro-per-i-danni-meteo-di-fine-giugno\/","title":{"rendered":"DIFESA DEL SUOLO, ACCORDO DA 160MILA EURO PER I DANNI METEO DI FINE GIUGNO"},"content":{"rendered":"<blockquote>\n<h3><\/h3>\n<\/blockquote>\n<p><a class=\"dt-pswp-item\" href=\"https:\/\/www.radiopiu.net\/wordpress\/wp-content\/uploads\/2022\/10\/Con-la-giunta-di-Vigo-scaled.jpg\" data-dt-img-description=\"\" data-large_image_width=\"2560\" data-large_image_height=\"1920\"><img loading=\"lazy\" decoding=\"async\" class=\"size-medium wp-image-303227 alignleft\" src=\"https:\/\/www.radiopiu.net\/wordpress\/wp-content\/uploads\/2022\/10\/Con-la-giunta-di-Vigo-300x225.jpg\" alt=\"\" width=\"300\" height=\"225\" srcset=\"https:\/\/www.radiopiu.net\/wordpress\/wp-content\/uploads\/2022\/10\/Con-la-giunta-di-Vigo-300x225.jpg 300w, https:\/\/www.radiopiu.net\/wordpress\/wp-content\/uploads\/2022\/10\/Con-la-giunta-di-Vigo-1024x768.jpg 1024w, https:\/\/www.radiopiu.net\/wordpress\/wp-content\/uploads\/2022\/10\/Con-la-giunta-di-Vigo-768x576.jpg 768w, https:\/\/www.radiopiu.net\/wordpress\/wp-content\/uploads\/2022\/10\/Con-la-giunta-di-Vigo-1536x1152.jpg 1536w, https:\/\/www.radiopiu.net\/wordpress\/wp-content\/uploads\/2022\/10\/Con-la-giunta-di-Vigo-2048x1536.jpg 2048w\" sizes=\"auto, (max-width: 300px) 100vw, 300px\" \/><\/a>\u00a0<strong>VIGO DI CADORE<\/strong> La Provincia di Belluno ha approvato oggi, nel consiglio provinciale tenutosi a Vigo di Cadore, un importante accordo proprio con il Comune di Vigo, in materia di Difesa del Suolo. L\u2019accordo fa seguito agli interventi di somma urgenza attivati a seguito dei danni da maltempo di fine giugno. <em>\u00abVigo, e anche altre localit\u00e0 delle \u201cterre alte\u201d cadorine, sono stati interessati da intense precipitazioni, che il 29 giugno hanno causato allagamenti e smottamenti vari\u00bb ha premesso il consigliere provinciale delegato alla Difesa del Suolo, Mattia Gosetti. \u00abL\u2019evento meteo si \u00e8 protratto anche il giorno successivo e ha causato innumerevoli danni, in particolare lungo la Sp 619 in localit\u00e0 Selva, e su diverse aree di viabilit\u00e0 silvo-pastorale. Il Comune \u00e8 intervenuto con una verifica dello stato dei luoghi e ha effettuato opere in somma urgenza negli ambiti maggiormente interessati dai fenomeni di <a class=\"dt-pswp-item\" href=\"https:\/\/www.radiopiu.net\/wordpress\/wp-content\/uploads\/2022\/10\/consiglio-25-10-22-scaled.jpg\" data-dt-img-description=\"\" data-large_image_width=\"2560\" data-large_image_height=\"1920\"><img loading=\"lazy\" decoding=\"async\" class=\"size-medium wp-image-303228 alignright\" src=\"https:\/\/www.radiopiu.net\/wordpress\/wp-content\/uploads\/2022\/10\/consiglio-25-10-22-300x225.jpg\" alt=\"\" width=\"300\" height=\"225\" srcset=\"https:\/\/www.radiopiu.net\/wordpress\/wp-content\/uploads\/2022\/10\/consiglio-25-10-22-300x225.jpg 300w, https:\/\/www.radiopiu.net\/wordpress\/wp-content\/uploads\/2022\/10\/consiglio-25-10-22-1024x768.jpg 1024w, https:\/\/www.radiopiu.net\/wordpress\/wp-content\/uploads\/2022\/10\/consiglio-25-10-22-768x576.jpg 768w, https:\/\/www.radiopiu.net\/wordpress\/wp-content\/uploads\/2022\/10\/consiglio-25-10-22-1536x1152.jpg 1536w, https:\/\/www.radiopiu.net\/wordpress\/wp-content\/uploads\/2022\/10\/consiglio-25-10-22-2048x1536.jpg 2048w\" sizes=\"auto, (max-width: 300px) 100vw, 300px\" \/><\/a>dissesto idrogeologico. Vista l\u2019entit\u00e0 dei danni, ci ha chiesto un contributo di 160mila euro che abbiamo concesso. La fragilit\u00e0 del territorio montano impone interventi di sistemazione e messa in sicurezza che possono essere messi in campo anche attraverso queste sinergie\u00bb. <\/em>Il consiglio provinciale ha riapprovato anche lo schema di convenzione con la Regione Veneto per quanto riguarda la funzione di caccia e pesca. Si tratta di una modifica rispetto all\u2019atto del 26 luglio scorso, che conferma alla Provincia di Belluno la specificit\u00e0 in materia di gestione faunistico-venatoria e alieutica. \u00abUn deciso passo avanti che vede la Provincia, d\u2019accordo con la Regione, esercitare l\u2019autonomia amministrativa, regolamentare e finanziaria in materia di caccia e pesca\u00bb ha commentato il consigliere provinciale delegato, Franco De Bon.\u00a0 Inoltre, il consiglio ha approvato anche la variante urbanistica al Prg di Belluno, relativa all\u2019attraversamento del Piave a Lambioi, funzionale alla prosecuzione dell\u2019iter per il nuovo ponte. E una variazione al piano delle valorizzazioni immobiliari 2022-2024, per procedere con la cessione dell\u2019ex caserma dei Carabinieri di Santo Stefano di Cadore. Un immobile richiesto dall\u2019Unione montana Comelico, che viene dunque inserito nell\u2019annualit\u00e0 2022 per un valore di 271mila euro.<\/p>\n<p>&nbsp;<\/p>\n<p>&nbsp;<\/p>\n<hr \/>\n<p>&nbsp;<\/p>\n","protected":false},"excerpt":{"rendered":"<p>\u00a0VIGO DI CADORE La Provincia di Belluno ha approvato oggi, nel consiglio provinciale tenutosi a Vigo di Cadore, un importante accordo proprio con il Comune di Vigo, in materia di Difesa del Suolo. L\u2019accordo fa seguito agli interventi di somma urgenza attivati a seguito dei danni da maltempo di fine giugno. \u00abVigo, e anche altre&hellip;<\/p>\n","protected":false},"author":4,"featured_media":303228,"comment_status":"closed","ping_status":"closed","sticky":false,"template":"","format":"standard","meta":{"_monsterinsights_skip_tracking":false,"_monsterinsights_sitenote_active":false,"_monsterinsights_sitenote_note":"","_monsterinsights_sitenote_category":0,"footnotes":""},"categories":[51,49],"tags":[],"class_list":["post-303229","post","type-post","status-publish","format-standard","has-post-thumbnail","hentry","category-evidenza-top","category-news-18","category-51","category-49","description-off"],"img_url":"https:\/\/www.radiopiu.net\/wordpress\/wp-content\/uploads\/2022\/10\/consiglio-25-10-22-scaled.jpg","_links":{"self":[{"href":"https:\/\/www.radiopiu.net\/wordpress\/wp-json\/wp\/v2\/posts\/303229","targetHints":{"allow":["GET"]}}],"collection":[{"href":"https:\/\/www.radiopiu.net\/wordpress\/wp-json\/wp\/v2\/posts"}],"about":[{"href":"https:\/\/www.radiopiu.net\/wordpress\/wp-json\/wp\/v2\/types\/post"}],"author":[{"embeddable":true,"href":"https:\/\/www.radiopiu.net\/wordpress\/wp-json\/wp\/v2\/users\/4"}],"replies":[{"embeddable":true,"href":"https:\/\/www.radiopiu.net\/wordpress\/wp-json\/wp\/v2\/comments?post=303229"}],"version-history":[{"count":0,"href":"https:\/\/www.radiopiu.net\/wordpress\/wp-json\/wp\/v2\/posts\/303229\/revisions"}],"wp:featuredmedia":[{"embeddable":true,"href":"https:\/\/www.radiopiu.net\/wordpress\/wp-json\/wp\/v2\/media\/303228"}],"wp:attachment":[{"href":"https:\/\/www.radiopiu.net\/wordpress\/wp-json\/wp\/v2\/media?parent=303229"}],"wp:term":[{"taxonomy":"category","embeddable":true,"href":"https:\/\/www.radiopiu.net\/wordpress\/wp-json\/wp\/v2\/categories?post=303229"},{"taxonomy":"post_tag","embeddable":true,"href":"https:\/\/www.radiopiu.net\/wordpress\/wp-json\/wp\/v2\/tags?post=303229"}],"curies":[{"name":"wp","href":"https:\/\/api.w.org\/{rel}","templated":true}]}}