{"id":303296,"date":"2022-10-27T05:47:14","date_gmt":"2022-10-27T03:47:14","guid":{"rendered":"https:\/\/www.radiopiu.net\/wordpress\/?p=303296"},"modified":"2022-10-27T06:04:40","modified_gmt":"2022-10-27T04:04:40","slug":"dai-proclami-di-giorgia-meloni-alle-riflessioni-di-dario-scopel","status":"publish","type":"post","link":"https:\/\/www.radiopiu.net\/wordpress\/dai-proclami-di-giorgia-meloni-alle-riflessioni-di-dario-scopel\/","title":{"rendered":"DAI PROCLAMI DI GIORGIA MELONI ALLE RIFLESSIONI DI DARIO SCOPEL"},"content":{"rendered":"<p><strong><img loading=\"lazy\" decoding=\"async\" class=\"alignleft\" src=\"https:\/\/www.radiopiu.net\/wordpress\/wp-content\/uploads\/2021\/08\/972ec435-fa04-49e8-bf1e-048263cab367.jpg\" width=\"210\" height=\"140\" \/>SEREN DEL GRAPPA<\/strong> Il Presidente del Consiglio dei\u00a0 Ministri, Giorgia Meloni, nel giorno del suo insediamento ha anche detto delle intenzioni\u00a0 di dare nuova centralit\u00e0 ai\u00a0 Comuni,\u00a0 perch\u00e9 ogni campanile e ogni borgo \u00e8 un pezzo della identit\u00e0 da difendere, soprattutto nelle aree interne, nelle zone montane e nelle terre alte, che hanno bisogno di uno Stato alleato per favorire la residenzialit\u00e0 e combattere lo spopolamento. Il commento del sindaco di\u00a0 Seren del Grappa, Dario Scopel anche membro del direttivo nazionale dell\u2019A.N.P.C.I., l\u2019associazione dei piccoli comuni d\u2019Italia.<\/p>\n<audio class=\"wp-audio-shortcode\" id=\"audio-303296-1\" preload=\"none\" style=\"width: 100%;\" controls=\"controls\"><source type=\"audio\/mpeg\" src=\"https:\/\/www.radiopiu.net\/wordpress\/wp-content\/uploads\/2022\/10\/scopel-1.mp3?_=1\" \/><a href=\"https:\/\/www.radiopiu.net\/wordpress\/wp-content\/uploads\/2022\/10\/scopel-1.mp3\">https:\/\/www.radiopiu.net\/wordpress\/wp-content\/uploads\/2022\/10\/scopel-1.mp3<\/a><\/audio>\n<p>&nbsp;<\/p>\n<hr \/>\n<p>&nbsp;<\/p>\n","protected":false},"excerpt":{"rendered":"<p>SEREN DEL GRAPPA Il Presidente del Consiglio dei\u00a0 Ministri, Giorgia Meloni, nel giorno del suo insediamento ha anche detto delle intenzioni\u00a0 di dare nuova centralit\u00e0 ai\u00a0 Comuni,\u00a0 perch\u00e9 ogni campanile e ogni borgo \u00e8 un pezzo della identit\u00e0 da difendere, soprattutto nelle aree interne, nelle zone montane e nelle terre alte, che hanno bisogno di&hellip;<\/p>\n","protected":false},"author":4,"featured_media":226219,"comment_status":"closed","ping_status":"closed","sticky":false,"template":"","format":"standard","meta":{"_monsterinsights_skip_tracking":false,"_monsterinsights_sitenote_active":false,"_monsterinsights_sitenote_note":"","_monsterinsights_sitenote_category":0,"footnotes":""},"categories":[51,49],"tags":[],"class_list":["post-303296","post","type-post","status-publish","format-standard","has-post-thumbnail","hentry","category-evidenza-top","category-news-18","category-51","category-49","description-off"],"img_url":"https:\/\/www.radiopiu.net\/wordpress\/wp-content\/uploads\/2021\/08\/972ec435-fa04-49e8-bf1e-048263cab367.jpg","_links":{"self":[{"href":"https:\/\/www.radiopiu.net\/wordpress\/wp-json\/wp\/v2\/posts\/303296","targetHints":{"allow":["GET"]}}],"collection":[{"href":"https:\/\/www.radiopiu.net\/wordpress\/wp-json\/wp\/v2\/posts"}],"about":[{"href":"https:\/\/www.radiopiu.net\/wordpress\/wp-json\/wp\/v2\/types\/post"}],"author":[{"embeddable":true,"href":"https:\/\/www.radiopiu.net\/wordpress\/wp-json\/wp\/v2\/users\/4"}],"replies":[{"embeddable":true,"href":"https:\/\/www.radiopiu.net\/wordpress\/wp-json\/wp\/v2\/comments?post=303296"}],"version-history":[{"count":0,"href":"https:\/\/www.radiopiu.net\/wordpress\/wp-json\/wp\/v2\/posts\/303296\/revisions"}],"wp:featuredmedia":[{"embeddable":true,"href":"https:\/\/www.radiopiu.net\/wordpress\/wp-json\/wp\/v2\/media\/226219"}],"wp:attachment":[{"href":"https:\/\/www.radiopiu.net\/wordpress\/wp-json\/wp\/v2\/media?parent=303296"}],"wp:term":[{"taxonomy":"category","embeddable":true,"href":"https:\/\/www.radiopiu.net\/wordpress\/wp-json\/wp\/v2\/categories?post=303296"},{"taxonomy":"post_tag","embeddable":true,"href":"https:\/\/www.radiopiu.net\/wordpress\/wp-json\/wp\/v2\/tags?post=303296"}],"curies":[{"name":"wp","href":"https:\/\/api.w.org\/{rel}","templated":true}]}}