{"id":303309,"date":"2022-11-09T16:09:33","date_gmt":"2022-11-09T15:09:33","guid":{"rendered":"https:\/\/www.radiopiu.net\/wordpress\/?p=303309"},"modified":"2022-11-10T10:25:51","modified_gmt":"2022-11-10T09:25:51","slug":"ponte-del-felice-alle-18-la-riapertura","status":"publish","type":"post","link":"https:\/\/www.radiopiu.net\/wordpress\/ponte-del-felice-alle-18-la-riapertura\/","title":{"rendered":"PONTE DEL FELICE : RIAPERTO. BOTTACIN &#8220;REGIONE NON INVITATA&#8221;"},"content":{"rendered":"<p><strong>LA VALLE &#8211; AGORDO<\/strong>\u00a0 Dalle 18 di ieri sera \u00e8 riaperto il ponte del Felice, importante perch\u00e9 collega Agordo (dalla localit\u00e0 Crostolin lungo la 347 del Duran e Cereda) con la sponda lavallese dove insiste la zona artigianale e agrturistica, alla notizia dell&#8217;inaugurazione la reazione piccata dell&#8217;assessore regionale Gianpaolo Bottacin, per non essere stato invitato nonostante il finanziamento sia stato gestito da Venezia.<\/p>\n<p><a class=\"dt-pswp-item\" href=\"https:\/\/www.radiopiu.net\/wordpress\/wp-content\/uploads\/2022\/11\/c30bde48-7c55-4d20-9494-fad9c3123ede.jpg\" data-dt-img-description=\"\" data-large_image_width=\"1080\" data-large_image_height=\"1494\"><img loading=\"lazy\" decoding=\"async\" class=\"alignnone size-medium wp-image-305494\" src=\"https:\/\/www.radiopiu.net\/wordpress\/wp-content\/uploads\/2022\/11\/c30bde48-7c55-4d20-9494-fad9c3123ede-217x300.jpg\" alt=\"\" width=\"217\" height=\"300\" srcset=\"https:\/\/www.radiopiu.net\/wordpress\/wp-content\/uploads\/2022\/11\/c30bde48-7c55-4d20-9494-fad9c3123ede-217x300.jpg 217w, https:\/\/www.radiopiu.net\/wordpress\/wp-content\/uploads\/2022\/11\/c30bde48-7c55-4d20-9494-fad9c3123ede-740x1024.jpg 740w, https:\/\/www.radiopiu.net\/wordpress\/wp-content\/uploads\/2022\/11\/c30bde48-7c55-4d20-9494-fad9c3123ede-768x1062.jpg 768w, https:\/\/www.radiopiu.net\/wordpress\/wp-content\/uploads\/2022\/11\/c30bde48-7c55-4d20-9494-fad9c3123ede.jpg 1080w\" sizes=\"auto, (max-width: 217px) 100vw, 217px\" \/><\/a><\/p>\n<p>&nbsp;<\/p>\n<p><strong>DAL GIORNALE RADIO DELLE 16.30<\/strong><\/p>\n<p><strong>di Mirko Mezzacasa<\/strong><\/p>\n<p><strong>OSPITE IL SINDACO EZIO ZUANEL<\/strong><\/p>\n<audio class=\"wp-audio-shortcode\" id=\"audio-303309-1\" preload=\"none\" style=\"width: 100%;\" controls=\"controls\"><source type=\"audio\/mpeg\" src=\"https:\/\/www.radiopiu.net\/wordpress\/wp-content\/uploads\/2022\/11\/zuanel.mp3?_=1\" \/><a href=\"https:\/\/www.radiopiu.net\/wordpress\/wp-content\/uploads\/2022\/11\/zuanel.mp3\">https:\/\/www.radiopiu.net\/wordpress\/wp-content\/uploads\/2022\/11\/zuanel.mp3<\/a><\/audio>\n<p>&nbsp;<\/p>\n\n\t\t\t<style type='text\/css'>\n\t\t\t\t#gallery-1 {\n\t\t\t\t\tmargin: auto;\n\t\t\t\t}\n\t\t\t\t#gallery-1 .gallery-item {\n\t\t\t\t\tfloat: left;\n\t\t\t\t\tmargin-top: 10px;\n\t\t\t\t\ttext-align: center;\n\t\t\t\t\twidth: 50%;\n\t\t\t\t}\n\t\t\t\t#gallery-1 img {\n\t\t\t\t\tborder: 2px solid #cfcfcf;\n\t\t\t\t}\n\t\t\t\t#gallery-1 .gallery-caption {\n\t\t\t\t\tmargin-left: 0;\n\t\t\t\t}\n\t\t\t\t\/* see gallery_shortcode() in wp-includes\/media.php *\/\n\t\t\t<\/style>\n\t\t<div id='gallery-1' class='dt-gallery-container gallery galleryid-303309 gallery-columns-2 gallery-size-medium'><dl class='gallery-item'>\n\t\t\t\t<dt class='gallery-icon landscape'>\n\t\t\t\t\t<a class=\"rollover rollover-zoom dt-pswp-item\" title=\"d4a68ec3-09b1-4d54-a00e-f0e981cc58be\" data-dt-img-description=\"\" data-large_image_width=\"1600\" data-large_image_height=\"1200\"href='https:\/\/www.radiopiu.net\/wordpress\/wp-content\/uploads\/2022\/11\/d4a68ec3-09b1-4d54-a00e-f0e981cc58be.jpg'><img loading=\"lazy\" decoding=\"async\" width=\"300\" height=\"225\" src=\"https:\/\/www.radiopiu.net\/wordpress\/wp-content\/uploads\/2022\/11\/d4a68ec3-09b1-4d54-a00e-f0e981cc58be-300x225.jpg\" class=\"attachment-medium size-medium\" alt=\"\" srcset=\"https:\/\/www.radiopiu.net\/wordpress\/wp-content\/uploads\/2022\/11\/d4a68ec3-09b1-4d54-a00e-f0e981cc58be-300x225.jpg 300w, https:\/\/www.radiopiu.net\/wordpress\/wp-content\/uploads\/2022\/11\/d4a68ec3-09b1-4d54-a00e-f0e981cc58be-1024x768.jpg 1024w, https:\/\/www.radiopiu.net\/wordpress\/wp-content\/uploads\/2022\/11\/d4a68ec3-09b1-4d54-a00e-f0e981cc58be-768x576.jpg 768w, https:\/\/www.radiopiu.net\/wordpress\/wp-content\/uploads\/2022\/11\/d4a68ec3-09b1-4d54-a00e-f0e981cc58be-1536x1152.jpg 1536w, https:\/\/www.radiopiu.net\/wordpress\/wp-content\/uploads\/2022\/11\/d4a68ec3-09b1-4d54-a00e-f0e981cc58be.jpg 1600w\" sizes=\"auto, (max-width: 300px) 100vw, 300px\" \/><\/a>\n\t\t\t\t<\/dt><\/dl><dl class='gallery-item'>\n\t\t\t\t<dt class='gallery-icon landscape'>\n\t\t\t\t\t<a class=\"rollover rollover-zoom dt-pswp-item\" title=\"c4a8ac4a-ba63-4f9f-ad9d-8df38ff7358a\" data-dt-img-description=\"\" data-large_image_width=\"1600\" data-large_image_height=\"1200\"href='https:\/\/www.radiopiu.net\/wordpress\/wp-content\/uploads\/2022\/11\/c4a8ac4a-ba63-4f9f-ad9d-8df38ff7358a.jpg'><img loading=\"lazy\" decoding=\"async\" width=\"300\" height=\"225\" src=\"https:\/\/www.radiopiu.net\/wordpress\/wp-content\/uploads\/2022\/11\/c4a8ac4a-ba63-4f9f-ad9d-8df38ff7358a-300x225.jpg\" class=\"attachment-medium size-medium\" alt=\"\" srcset=\"https:\/\/www.radiopiu.net\/wordpress\/wp-content\/uploads\/2022\/11\/c4a8ac4a-ba63-4f9f-ad9d-8df38ff7358a-300x225.jpg 300w, https:\/\/www.radiopiu.net\/wordpress\/wp-content\/uploads\/2022\/11\/c4a8ac4a-ba63-4f9f-ad9d-8df38ff7358a-1024x768.jpg 1024w, https:\/\/www.radiopiu.net\/wordpress\/wp-content\/uploads\/2022\/11\/c4a8ac4a-ba63-4f9f-ad9d-8df38ff7358a-768x576.jpg 768w, https:\/\/www.radiopiu.net\/wordpress\/wp-content\/uploads\/2022\/11\/c4a8ac4a-ba63-4f9f-ad9d-8df38ff7358a-1536x1152.jpg 1536w, https:\/\/www.radiopiu.net\/wordpress\/wp-content\/uploads\/2022\/11\/c4a8ac4a-ba63-4f9f-ad9d-8df38ff7358a.jpg 1600w\" sizes=\"auto, (max-width: 300px) 100vw, 300px\" \/><\/a>\n\t\t\t\t<\/dt><\/dl><br style=\"clear: both\" \/>\n\t\t\t<\/div>\n\n<p>&nbsp;<\/p>\n<p>&nbsp;<\/p>\n<hr \/>\n<p>&nbsp;<\/p>\n","protected":false},"excerpt":{"rendered":"<p>LA VALLE &#8211; AGORDO\u00a0 Dalle 18 di ieri sera \u00e8 riaperto il ponte del Felice, importante perch\u00e9 collega Agordo (dalla localit\u00e0 Crostolin lungo la 347 del Duran e Cereda) con la sponda lavallese dove insiste la zona artigianale e agrturistica, alla notizia dell&#8217;inaugurazione la reazione piccata dell&#8217;assessore regionale Gianpaolo Bottacin, per non essere stato invitato&hellip;<\/p>\n","protected":false},"author":4,"featured_media":304445,"comment_status":"closed","ping_status":"closed","sticky":false,"template":"","format":"standard","meta":{"_monsterinsights_skip_tracking":false,"_monsterinsights_sitenote_active":false,"_monsterinsights_sitenote_note":"","_monsterinsights_sitenote_category":0,"footnotes":""},"categories":[51,49],"tags":[],"class_list":["post-303309","post","type-post","status-publish","format-standard","has-post-thumbnail","hentry","category-evidenza-top","category-news-18","category-51","category-49","description-off"],"img_url":"https:\/\/www.radiopiu.net\/wordpress\/wp-content\/uploads\/2022\/11\/c4a8ac4a-ba63-4f9f-ad9d-8df38ff7358a.jpg","_links":{"self":[{"href":"https:\/\/www.radiopiu.net\/wordpress\/wp-json\/wp\/v2\/posts\/303309","targetHints":{"allow":["GET"]}}],"collection":[{"href":"https:\/\/www.radiopiu.net\/wordpress\/wp-json\/wp\/v2\/posts"}],"about":[{"href":"https:\/\/www.radiopiu.net\/wordpress\/wp-json\/wp\/v2\/types\/post"}],"author":[{"embeddable":true,"href":"https:\/\/www.radiopiu.net\/wordpress\/wp-json\/wp\/v2\/users\/4"}],"replies":[{"embeddable":true,"href":"https:\/\/www.radiopiu.net\/wordpress\/wp-json\/wp\/v2\/comments?post=303309"}],"version-history":[{"count":0,"href":"https:\/\/www.radiopiu.net\/wordpress\/wp-json\/wp\/v2\/posts\/303309\/revisions"}],"wp:featuredmedia":[{"embeddable":true,"href":"https:\/\/www.radiopiu.net\/wordpress\/wp-json\/wp\/v2\/media\/304445"}],"wp:attachment":[{"href":"https:\/\/www.radiopiu.net\/wordpress\/wp-json\/wp\/v2\/media?parent=303309"}],"wp:term":[{"taxonomy":"category","embeddable":true,"href":"https:\/\/www.radiopiu.net\/wordpress\/wp-json\/wp\/v2\/categories?post=303309"},{"taxonomy":"post_tag","embeddable":true,"href":"https:\/\/www.radiopiu.net\/wordpress\/wp-json\/wp\/v2\/tags?post=303309"}],"curies":[{"name":"wp","href":"https:\/\/api.w.org\/{rel}","templated":true}]}}