{"id":303314,"date":"2022-10-27T05:54:44","date_gmt":"2022-10-27T03:54:44","guid":{"rendered":"https:\/\/www.radiopiu.net\/wordpress\/?p=303314"},"modified":"2022-10-27T07:20:53","modified_gmt":"2022-10-27T05:20:53","slug":"giornale-radiopiu-27-ottobre-2022-direttore-mirko-mezzacasa","status":"publish","type":"post","link":"https:\/\/www.radiopiu.net\/wordpress\/giornale-radiopiu-27-ottobre-2022-direttore-mirko-mezzacasa\/","title":{"rendered":"GIORNALE RADIOPIU 27 OTTOBRE 2022 DIRETTORE MIRKO MEZZACASA"},"content":{"rendered":"<h3 class=\"kvgmc6g5 cxmmr5t8 oygrvhab hcukyx3x c1et5uql\"><span style=\"color: #0000ff;\"><strong>RADIO PIU INFORMAZIONE il canale su TELEGRAM informazione di prima\u00a0\u00a0<\/strong><strong>mano e in tempo reale. iscriviti ed aiutaci a farlo conoscere<\/strong><\/span><\/h3>\n<p>&nbsp;<\/p>\n<p>&nbsp;<\/p>\n<hr \/>\n<p>&nbsp;<\/p>\n<blockquote>\n<h3><a class=\"dt-pswp-item\" href=\"https:\/\/www.radiopiu.net\/wordpress\/wp-content\/uploads\/2022\/10\/Senza-nome-76.jpg\" data-dt-img-description=\"\" data-large_image_width=\"249\" data-large_image_height=\"278\"><img loading=\"lazy\" decoding=\"async\" class=\"wp-image-303267 alignleft\" src=\"https:\/\/www.radiopiu.net\/wordpress\/wp-content\/uploads\/2022\/10\/Senza-nome-76.jpg\" alt=\"\" width=\"125\" height=\"140\" \/><\/a>L&#8217;ULTIMO SALUTO A JERRY<\/h3>\n<\/blockquote>\n<p><strong>AURONZO<\/strong> Si svolgeranno oggi alle 15 i funerali di Giuseppe Cella Sartor &#8220;Jerry&#8221;, vittima dell&#8217;incidente sul lavoro a Cima Gogna, travolto dalla pala meccanica con cui stava operando. L&#8217;ultimo saluto partendo dall&#8217;abitazione di via dell&#8217;Angelo 21, la funzione religiosa nella parrocchiale di San Lucano.<\/p>\n<p>&nbsp;<\/p>\n<p>&nbsp;<\/p>\n<p>&nbsp;<\/p>\n<hr \/>\n<p>&nbsp;<\/p>\n<blockquote>\n<h3><em><a class=\"dt-pswp-item\" href=\"https:\/\/www.radiopiu.net\/wordpress\/wp-content\/uploads\/2022\/10\/Senza-nome-70.jpg\" data-dt-img-description=\"\" data-large_image_width=\"594\" data-large_image_height=\"338\"><img loading=\"lazy\" decoding=\"async\" class=\" wp-image-303098 alignleft\" src=\"https:\/\/www.radiopiu.net\/wordpress\/wp-content\/uploads\/2022\/10\/Senza-nome-70-300x171.jpg\" alt=\"\" width=\"184\" height=\"105\" srcset=\"https:\/\/www.radiopiu.net\/wordpress\/wp-content\/uploads\/2022\/10\/Senza-nome-70-300x171.jpg 300w, https:\/\/www.radiopiu.net\/wordpress\/wp-content\/uploads\/2022\/10\/Senza-nome-70.jpg 594w\" sizes=\"auto, (max-width: 184px) 100vw, 184px\" \/><\/a><\/em>DOMANI I FUNERALI DI ALESSANDRO TABAKU<\/h3>\n<p>&nbsp;<\/p><\/blockquote>\n<p><strong>CODOGNE&#8217;<\/strong> L&#8217;ultimo saluto al giovane di Codogn\u00e8 morto luned\u00ec\u00a0 a La Stanga, sar\u00e0 dato in forma laica a Belluno domani mattina alle 10. La salma raggiunger\u00e0 poi il cimitero di Codogn\u00e8, dove Alessandro viveva, per la sepoltura.<\/p>\n<p>&nbsp;<\/p>\n<p>&nbsp;<\/p>\n<hr \/>\n<p>&nbsp;<\/p>\n<h3><a class=\"dt-pswp-item\" href=\"https:\/\/www.radiopiu.net\/wordpress\/wp-content\/uploads\/2022\/10\/Senza-nome-80.jpg\" data-dt-img-description=\"\" data-large_image_width=\"282\" data-large_image_height=\"268\"><img loading=\"lazy\" decoding=\"async\" class=\"wp-image-303422 alignleft\" src=\"https:\/\/www.radiopiu.net\/wordpress\/wp-content\/uploads\/2022\/10\/Senza-nome-80.jpg\" alt=\"\" width=\"168\" height=\"160\" \/><\/a>ADDIO A GINO SILVESTRI, L&#8217;ARTISTA BELLUNO-FRANCESE<\/h3>\n<p><strong>BELLUNO<\/strong> Gino Silvestri, conosciuto anche come &#8220;Gino Da Belun&#8221;, aveva 94 anni e da qualche tempo era ospite della casa di riposo per anziani &#8220;Gaggia Lante&#8221;. Nella notte tra marted\u00ec e mercoled\u00ec, \u00e8 stato colto da\u00a0 un malore mortale. Nato a Belluno nel 1928, ha trascorso la prima parte della sua vita nella casa di famiglia in via San Francesco. Nel 1958 , il matrimonio con Scilla Fatima Mione e il trasferimento in Francia, dove il suocero imprenditore Augusto Mione ha un&#8217;impresa di costruzioni. Nel 1989 gli \u00e8 stato consegnato il &#8220;San Martino&#8221;. A Belluno, \u00e8 stata organizzata una grande mostra antologica ed era in piedi l&#8217;ipotesi di una donazione del suo patrimonio artistico al Comune, che vorrebbe dedicargli una sala al museo Fulcis. I funerali di Gino Silvestri dovrebbero svolgersi luned\u00ec prossimo, nella chiesa di Lentiai.<\/p>\n<p>&nbsp;<\/p>\n<hr \/>\n<p>&nbsp;<\/p>\n<blockquote>\n<h3>ACQUA NON POTABILE NELLA PARTE ALTA DI TAIBON<\/h3>\n<\/blockquote>\n<p><strong>TAIBON<\/strong> Gestione Servizi Pubblici informa che a TAIBON AGORDINO nelle localit\u00e0 CAMPEDEL, COSTE e SERACH l&#8217;acqua erogata dall&#8217;acquedotto non \u00e8 potabile e pu\u00f2 essere usata per scopi alimentari SOLO PREVIA bollitura. GSP ha, comunque, gi\u00e0 adottato le necessarie misure per la disinfezione dell&#8217;acqua presente nei serbatoi e nella rete idrica con l&#8217;aggiunta di cloro<\/p>\n<p><strong>ROCCA PIETORE<\/strong> Oggi dalle 9 a fine lavori\u00a0 verr\u00e0 sospesa l\u2019erogazione dell\u2019acqua in localit\u00e0 Palue, Pian, Sottoguda e Boscoverde<\/p>\n<p>&nbsp;<\/p>\n<p>&nbsp;<\/p>\n<hr \/>\n<p>&nbsp;<\/p>\n<blockquote>\n<h3>HALLOWEEK: NON SI FA. NON CI SONO LE CONDIZIONI DI SICUREZZA<\/h3>\n<\/blockquote>\n<p><img loading=\"lazy\" decoding=\"async\" class=\"alignleft\" src=\"https:\/\/www.radiopiu.net\/wordpress\/wp-content\/uploads\/2021\/10\/halloween.jpg\" width=\"231\" height=\"130\" \/><strong>BELLUNO<\/strong><\/p>\n<p><strong>MORENO GIOLI<\/strong><\/p>\n<p>&nbsp;<\/p>\n<p>&nbsp;<\/p>\n<p>&nbsp;<\/p>\n<audio class=\"wp-audio-shortcode\" id=\"audio-303314-1\" preload=\"none\" style=\"width: 100%;\" controls=\"controls\"><source type=\"audio\/mpeg\" src=\"https:\/\/www.radiopiu.net\/wordpress\/wp-content\/uploads\/2022\/10\/MORENO.mp3?_=1\" \/><a href=\"https:\/\/www.radiopiu.net\/wordpress\/wp-content\/uploads\/2022\/10\/MORENO.mp3\">https:\/\/www.radiopiu.net\/wordpress\/wp-content\/uploads\/2022\/10\/MORENO.mp3<\/a><\/audio>\n<p>&nbsp;<\/p>\n<p>&nbsp;<\/p>\n<hr \/>\n<blockquote>\n<h3><\/h3>\n<h3>DAI PROCLAMI DI GIORGIA MELONI ALLE RIFLESSIONI DI DARIO SCOPEL<\/h3>\n<\/blockquote>\n<p><strong><img loading=\"lazy\" decoding=\"async\" class=\"alignleft\" src=\"https:\/\/www.radiopiu.net\/wordpress\/wp-content\/uploads\/2021\/08\/972ec435-fa04-49e8-bf1e-048263cab367.jpg\" width=\"210\" height=\"140\" \/>SEREN DEL GRAPPA<\/strong> Il Presidente del Consiglio dei\u00a0 Ministri, Giorgia Meloni, nel giorno del suo insediamento ha anche detto delle intenzioni\u00a0 di dare nuova centralit\u00e0 ai\u00a0 Comuni,\u00a0 perch\u00e9 ogni campanile e ogni borgo \u00e8 un pezzo della identit\u00e0 da difendere, soprattutto nelle aree interne, nelle zone montane e nelle terre alte, che hanno bisogno di uno Stato alleato per favorire la residenzialit\u00e0 e combattere lo spopolamento. Il commento del sindaco di\u00a0 Seren del Grappa, Dario Scopel anche membro del direttivo nazionale dell\u2019A.N.P.C.I., l\u2019associazione dei piccoli comuni d\u2019Italia.<\/p>\n<audio class=\"wp-audio-shortcode\" id=\"audio-303314-2\" preload=\"none\" style=\"width: 100%;\" controls=\"controls\"><source type=\"audio\/mpeg\" src=\"https:\/\/www.radiopiu.net\/wordpress\/wp-content\/uploads\/2022\/10\/scopel-1.mp3?_=2\" \/><a href=\"https:\/\/www.radiopiu.net\/wordpress\/wp-content\/uploads\/2022\/10\/scopel-1.mp3\">https:\/\/www.radiopiu.net\/wordpress\/wp-content\/uploads\/2022\/10\/scopel-1.mp3<\/a><\/audio>\n<p>&nbsp;<\/p>\n<p>&nbsp;<\/p>\n<hr \/>\n<p>&nbsp;<\/p>\n<blockquote>\n<h2>PONTE DEL FELICE, RIMANE ANCORA CHIUSO PER LAVORI PROROGATA L&#8217;ORDINANZA AL 3 NOVEMBRE<\/h2>\n<\/blockquote>\n<p><strong>LA VALLE\u00a0<\/strong> L&#8217;ultima ordinanza prevedeva la possibile apertura del ponte tra Agordo (Crostolin) e La Valle,\u00a0 entro il 24 ottobre. Come si evince dalle foto di oggi il ponte \u00e8 ancora chiuso e oggetto dei lavori, la nuova ordinanza ordina il divieto di transito veicolare e pedonale in via Ronche, limitatamente al ponte, fino al 3 novembre, ponte dei Santi compreso.<\/p>\n\n\t\t\t<style type='text\/css'>\n\t\t\t\t#gallery-1 {\n\t\t\t\t\tmargin: auto;\n\t\t\t\t}\n\t\t\t\t#gallery-1 .gallery-item {\n\t\t\t\t\tfloat: left;\n\t\t\t\t\tmargin-top: 10px;\n\t\t\t\t\ttext-align: center;\n\t\t\t\t\twidth: 50%;\n\t\t\t\t}\n\t\t\t\t#gallery-1 img {\n\t\t\t\t\tborder: 2px solid #cfcfcf;\n\t\t\t\t}\n\t\t\t\t#gallery-1 .gallery-caption {\n\t\t\t\t\tmargin-left: 0;\n\t\t\t\t}\n\t\t\t\t\/* see gallery_shortcode() in wp-includes\/media.php *\/\n\t\t\t<\/style>\n\t\t<div id='gallery-1' class='dt-gallery-container gallery galleryid-303314 gallery-columns-2 gallery-size-medium'><dl class='gallery-item'>\n\t\t\t\t<dt class='gallery-icon landscape'>\n\t\t\t\t\t<a class=\"rollover rollover-zoom dt-pswp-item\" title=\"5458ada3-d030-4efe-b8e4-6ade7b65d1d0\" data-dt-img-description=\"\" data-large_image_width=\"1600\" data-large_image_height=\"1200\"href='https:\/\/www.radiopiu.net\/wordpress\/wp-content\/uploads\/2022\/10\/5458ada3-d030-4efe-b8e4-6ade7b65d1d0.jpg'><img loading=\"lazy\" decoding=\"async\" width=\"300\" height=\"225\" src=\"https:\/\/www.radiopiu.net\/wordpress\/wp-content\/uploads\/2022\/10\/5458ada3-d030-4efe-b8e4-6ade7b65d1d0-300x225.jpg\" class=\"attachment-medium size-medium\" alt=\"\" srcset=\"https:\/\/www.radiopiu.net\/wordpress\/wp-content\/uploads\/2022\/10\/5458ada3-d030-4efe-b8e4-6ade7b65d1d0-300x225.jpg 300w, https:\/\/www.radiopiu.net\/wordpress\/wp-content\/uploads\/2022\/10\/5458ada3-d030-4efe-b8e4-6ade7b65d1d0-1024x768.jpg 1024w, https:\/\/www.radiopiu.net\/wordpress\/wp-content\/uploads\/2022\/10\/5458ada3-d030-4efe-b8e4-6ade7b65d1d0-768x576.jpg 768w, https:\/\/www.radiopiu.net\/wordpress\/wp-content\/uploads\/2022\/10\/5458ada3-d030-4efe-b8e4-6ade7b65d1d0-1536x1152.jpg 1536w, https:\/\/www.radiopiu.net\/wordpress\/wp-content\/uploads\/2022\/10\/5458ada3-d030-4efe-b8e4-6ade7b65d1d0.jpg 1600w\" sizes=\"auto, (max-width: 300px) 100vw, 300px\" \/><\/a>\n\t\t\t\t<\/dt><\/dl><dl class='gallery-item'>\n\t\t\t\t<dt class='gallery-icon landscape'>\n\t\t\t\t\t<a class=\"rollover rollover-zoom dt-pswp-item\" title=\"c254b919-c7aa-4c84-b505-e2a8a982c2d0\" data-dt-img-description=\"\" data-large_image_width=\"1600\" data-large_image_height=\"1200\"href='https:\/\/www.radiopiu.net\/wordpress\/wp-content\/uploads\/2022\/10\/c254b919-c7aa-4c84-b505-e2a8a982c2d0.jpg'><img loading=\"lazy\" decoding=\"async\" width=\"300\" height=\"225\" src=\"https:\/\/www.radiopiu.net\/wordpress\/wp-content\/uploads\/2022\/10\/c254b919-c7aa-4c84-b505-e2a8a982c2d0-300x225.jpg\" class=\"attachment-medium size-medium\" alt=\"\" srcset=\"https:\/\/www.radiopiu.net\/wordpress\/wp-content\/uploads\/2022\/10\/c254b919-c7aa-4c84-b505-e2a8a982c2d0-300x225.jpg 300w, https:\/\/www.radiopiu.net\/wordpress\/wp-content\/uploads\/2022\/10\/c254b919-c7aa-4c84-b505-e2a8a982c2d0-1024x768.jpg 1024w, https:\/\/www.radiopiu.net\/wordpress\/wp-content\/uploads\/2022\/10\/c254b919-c7aa-4c84-b505-e2a8a982c2d0-768x576.jpg 768w, https:\/\/www.radiopiu.net\/wordpress\/wp-content\/uploads\/2022\/10\/c254b919-c7aa-4c84-b505-e2a8a982c2d0-1536x1152.jpg 1536w, https:\/\/www.radiopiu.net\/wordpress\/wp-content\/uploads\/2022\/10\/c254b919-c7aa-4c84-b505-e2a8a982c2d0.jpg 1600w\" sizes=\"auto, (max-width: 300px) 100vw, 300px\" \/><\/a>\n\t\t\t\t<\/dt><\/dl><br style=\"clear: both\" \/>\n\t\t\t<\/div>\n\n<p><strong>La Valle Agordina &#8211; SP347 Cereda-Duran &#8211; Centro paese in prossimit\u00e0 del Municipio &#8211; Senso unico regolamentato da semaforo per lavori sulla rete idrica dal 26\/10\/22 al 31\/10\/22 ore 18 per tutte le 24 ore<\/strong><\/p>\n<p>&nbsp;<\/p>\n<hr \/>\n<p>&nbsp;<\/p>\n<blockquote>\n<h2>PIU&#8217; TELECAMERE, PIU&#8217; SICUREZZA. OCCHI VIGILI PER L&#8217;INCOLUMITA&#8217; DEI CITTADINI<\/h2>\n<\/blockquote>\n<p><strong><a class=\"dt-pswp-item\" href=\"https:\/\/www.radiopiu.net\/wordpress\/wp-content\/uploads\/2022\/10\/5fad75f2-91a9-4f14-9b2c-cc55a56d1fba.jpg\" data-dt-img-description=\"\" data-large_image_width=\"1600\" data-large_image_height=\"1200\"><img loading=\"lazy\" decoding=\"async\" class=\"wp-image-303338 alignleft\" src=\"https:\/\/www.radiopiu.net\/wordpress\/wp-content\/uploads\/2022\/10\/5fad75f2-91a9-4f14-9b2c-cc55a56d1fba-300x225.jpg\" alt=\"\" width=\"185\" height=\"139\" srcset=\"https:\/\/www.radiopiu.net\/wordpress\/wp-content\/uploads\/2022\/10\/5fad75f2-91a9-4f14-9b2c-cc55a56d1fba-300x225.jpg 300w, https:\/\/www.radiopiu.net\/wordpress\/wp-content\/uploads\/2022\/10\/5fad75f2-91a9-4f14-9b2c-cc55a56d1fba-1024x768.jpg 1024w, https:\/\/www.radiopiu.net\/wordpress\/wp-content\/uploads\/2022\/10\/5fad75f2-91a9-4f14-9b2c-cc55a56d1fba-768x576.jpg 768w, https:\/\/www.radiopiu.net\/wordpress\/wp-content\/uploads\/2022\/10\/5fad75f2-91a9-4f14-9b2c-cc55a56d1fba-1536x1152.jpg 1536w, https:\/\/www.radiopiu.net\/wordpress\/wp-content\/uploads\/2022\/10\/5fad75f2-91a9-4f14-9b2c-cc55a56d1fba.jpg 1600w\" sizes=\"auto, (max-width: 185px) 100vw, 185px\" \/><\/a>BELLUNO<\/strong> Cinque nuove telecamere leggi-targa, investimento sulla sicurezza, dalla campagna elettorale ai fatti concreti<\/p>\n<p><strong>DANIELE DALVIT<\/strong><\/p>\n<p>&nbsp;<\/p>\n<p>&nbsp;<\/p>\n<p>&nbsp;<\/p>\n<p>AUDIO<\/p>\n<audio class=\"wp-audio-shortcode\" id=\"audio-303314-3\" preload=\"none\" style=\"width: 100%;\" controls=\"controls\"><source type=\"audio\/mpeg\" src=\"https:\/\/www.radiopiu.net\/wordpress\/wp-content\/uploads\/2022\/10\/TELECAMERE-DANIELE.mp3?_=3\" \/><a href=\"https:\/\/www.radiopiu.net\/wordpress\/wp-content\/uploads\/2022\/10\/TELECAMERE-DANIELE.mp3\">https:\/\/www.radiopiu.net\/wordpress\/wp-content\/uploads\/2022\/10\/TELECAMERE-DANIELE.mp3<\/a><\/audio>\n<p>&nbsp;<\/p>\n<hr \/>\n<p>&nbsp;<\/p>\n<blockquote>\n<h2>TEPPISTI IMPUNITI<\/h2>\n<\/blockquote>\n<p><a class=\"dt-pswp-item\" href=\"https:\/\/www.radiopiu.net\/wordpress\/wp-content\/uploads\/2022\/10\/de28a0ab-1084-4fb4-82be-beb4ff4e69d4.jpg\" data-dt-img-description=\"\" data-large_image_width=\"768\" data-large_image_height=\"1024\"><img loading=\"lazy\" decoding=\"async\" class=\"size-medium wp-image-303353 alignleft\" src=\"https:\/\/www.radiopiu.net\/wordpress\/wp-content\/uploads\/2022\/10\/de28a0ab-1084-4fb4-82be-beb4ff4e69d4-225x300.jpg\" alt=\"\" width=\"225\" height=\"300\" srcset=\"https:\/\/www.radiopiu.net\/wordpress\/wp-content\/uploads\/2022\/10\/de28a0ab-1084-4fb4-82be-beb4ff4e69d4-225x300.jpg 225w, https:\/\/www.radiopiu.net\/wordpress\/wp-content\/uploads\/2022\/10\/de28a0ab-1084-4fb4-82be-beb4ff4e69d4.jpg 768w\" sizes=\"auto, (max-width: 225px) 100vw, 225px\" \/><\/a><strong>BELLUNO<\/strong> Un altro atto vandalico a Belluno, in pieno centro, in pieno giorno alle 17. Teppistelli della citt\u00e0, tutti minorenni, uno di loro dalla pelle scura. Senza ritegno, senza paura, tanto lo sanno che nessuno gli dar\u00e0 la lezione che meritano, n\u00e9 a casa,\u00a0 n\u00e9 dove la legge dovrebbe tutelare il cittadino. Hanno preso la corsa in via Zuppani, sotto ai portici e hanno iniziato a saltare con un unico scopo: danneggiare l&#8217;insegna dell&#8217;Estetica Glamour con sede nel condominio che prende il nome dalla via. Alla fine ci sono riusciti, hanno staccato dal muro l&#8217;insegna danneggiandola e per loro &#8220;fortuna&#8221; non sono nemmeno stati travolti. Non si sono manco posti il problema dei testimoni che li stavano ad osservare, non hanno nemmeno tentato la fuga, se ne sono andati camminando come niente fosse, tanto lo sanno che rimarranno impuniti in attesa di combinarne un&#8217;altra. Un testimone \u00e8 stato chiaro <em>&#8220;Cosa li denuncio a fare che poi vengono nel mio locale e me ne combinano di tutti i colori. L&#8217;altro giorno mi hanno aperto la porta del negozio rovesciandomi dentro un bidone di immondizie&#8221;.<\/em> Questa \u00e8 la situazione\u00a0 a Belluno,\u00a0 intollerabilie alla quale nessuno pare sia in grado di porvi rimedio. E&#8217; scattata la denuncia <em>&#8220;Intanto rimane il danno &#8211; dice la titolare dell&#8217;Estetica Glamour &#8211;\u00a0 e noi non ci rimane che mettere mano al portafoglio ed attendere il prossimo danno con la rabbia in corpo e una domanda: ma le famiglie che cosa insegnano?&#8221;.<\/em><\/p>\n<p>&nbsp;<\/p>\n<p>&nbsp;<\/p>\n<p>&nbsp;<\/p>\n<hr \/>\n<p>&nbsp;<\/p>\n<blockquote>\n<h3>SEMAFORO DI BALDENICH, SPEGNIMENTO SPERIMENTALE. MASSARO &#8220;INCOMPRENSIBILE&#8221;<\/h3>\n<\/blockquote>\n<p><strong><a class=\"dt-pswp-item\" href=\"https:\/\/www.radiopiu.net\/wordpress\/wp-content\/uploads\/2020\/03\/JACOPO-MASSARO.jpg\" data-dt-img-description=\"\" data-large_image_width=\"1289\" data-large_image_height=\"892\"><img loading=\"lazy\" decoding=\"async\" class=\"wp-image-121070 alignleft\" src=\"https:\/\/www.radiopiu.net\/wordpress\/wp-content\/uploads\/2020\/03\/JACOPO-MASSARO-300x208.jpg\" alt=\"\" width=\"180\" height=\"125\" srcset=\"https:\/\/www.radiopiu.net\/wordpress\/wp-content\/uploads\/2020\/03\/JACOPO-MASSARO-300x208.jpg 300w, https:\/\/www.radiopiu.net\/wordpress\/wp-content\/uploads\/2020\/03\/JACOPO-MASSARO-1024x709.jpg 1024w, https:\/\/www.radiopiu.net\/wordpress\/wp-content\/uploads\/2020\/03\/JACOPO-MASSARO-768x531.jpg 768w, https:\/\/www.radiopiu.net\/wordpress\/wp-content\/uploads\/2020\/03\/JACOPO-MASSARO.jpg 1289w\" sizes=\"auto, (max-width: 180px) 100vw, 180px\" \/><\/a>BELLUNO<\/strong> Dopo le decisioni prese dalla Giunta del sindaco Oscar De Pellegrin arrivano le interrogazioni, Jacopo Massaro (InMovimento) chiede come mai \u00a0nella sperimentazione non sia stata effettuata la previsione di tutela delle fasce deboli considerato che gi\u00e0 durante i precedenti guasti si era subito resa evidente la pericolosit\u00e0 dell\u2019attraversamento per i pedoni. L&#8217;ex sindaco domanda se sia intenzione dell\u2019amministrazione risolvere il problema\u00a0 attivando il sistema di chiamata pedonale anche nella fascia oraria non critica o\u00a0 eventualmente, quale altro correttivo l\u2019amministrazione intenda attuare urgentemente per garantire anche alle fasce pi\u00f9 vulnerabili la possibilit\u00e0 di attraversare in sicurezza l\u2019incrocio <em>&#8220;In ogni caso &#8211; conclude Massaro &#8211; \u00a0l\u2019amministrazione ritiene che l\u2019interesse dei pedoni e degli automobilisti vada contemperato, o nell\u2019incrocio vi \u00e8 la necessit\u00e0 di tutelare maggiormente un interesse rispetto all\u2019altro&#8221;.\u00a0<\/em><\/p>\n<p><strong>AUDIO<\/strong><\/p>\n<audio class=\"wp-audio-shortcode\" id=\"audio-303314-4\" preload=\"none\" style=\"width: 100%;\" controls=\"controls\"><source type=\"audio\/mpeg\" src=\"https:\/\/www.radiopiu.net\/wordpress\/wp-content\/uploads\/2022\/10\/MASSARO-2.mp3?_=4\" \/><a href=\"https:\/\/www.radiopiu.net\/wordpress\/wp-content\/uploads\/2022\/10\/MASSARO-2.mp3\">https:\/\/www.radiopiu.net\/wordpress\/wp-content\/uploads\/2022\/10\/MASSARO-2.mp3<\/a><\/audio>\n<p>&nbsp;<\/p>\n<hr \/>\n<p>&nbsp;<\/p>\n<blockquote>\n<h3>AGENTI DI POLIZIA LOCALE E IL DEFBRILLATORE<\/h3>\n<\/blockquote>\n<p><strong><a class=\"dt-pswp-item\" href=\"https:\/\/www.radiopiu.net\/wordpress\/wp-content\/uploads\/2022\/10\/Comandante-con-defibrillatore-1.jpeg\" data-dt-img-description=\"\" data-large_image_width=\"1536\" data-large_image_height=\"2048\"><img loading=\"lazy\" decoding=\"async\" class=\" wp-image-303318 alignleft\" src=\"https:\/\/www.radiopiu.net\/wordpress\/wp-content\/uploads\/2022\/10\/Comandante-con-defibrillatore-1-225x300.jpeg\" alt=\"\" width=\"122\" height=\"163\" srcset=\"https:\/\/www.radiopiu.net\/wordpress\/wp-content\/uploads\/2022\/10\/Comandante-con-defibrillatore-1-225x300.jpeg 225w, https:\/\/www.radiopiu.net\/wordpress\/wp-content\/uploads\/2022\/10\/Comandante-con-defibrillatore-1-768x1024.jpeg 768w, https:\/\/www.radiopiu.net\/wordpress\/wp-content\/uploads\/2022\/10\/Comandante-con-defibrillatore-1.jpeg 1536w\" sizes=\"auto, (max-width: 122px) 100vw, 122px\" \/><\/a>BELLUNO<\/strong> \u00a0Si \u00e8 concluso con successo il corso di formazione tenuto dagli operatori di Dolomiti Emergency a 14 agenti del comando di polizia locale di Belluno che, da qualche giorno, possono intervenire in caso di emergenza sanitaria causata da arresto cardiaco. Il progetto, avviato dalla passata amministrazione, si \u00e8 concluso con l\u2019acquisto di tre macchinari: due sono stati montati in due veicoli di servizio della polizia, mentre un terzo \u00e8 negli uffici di via Gabelli. <em>\u201cFa piacere che pi\u00f9 di due terzi degli agenti abbia partecipato alla formazione \u2013 commenta il comandante, Roberto Rossetti (foto) -, necessit\u00e0 di soccorso si spera non accadano ma essere preparati ad affrontarle, in ogni caso, \u00e8 importante. Proprio pochi giorni dopo la fine del corso due agenti abilitati si sono trovati di fronte ad un\u2019emergenza e, grazie a quanto appreso, hanno saputo operare con le corrette manovre nell\u2019attesa dell\u2019arrivo degli operatori del 118\u201d.<\/em> Seguiranno ora gli aggiornamenti, a cadenza biennale, e l\u2019impegno dell\u2019amministrazione a estendere ulteriormente la diffusione e l\u2019utilizzo dei defibrillatori nella comunit\u00e0.<\/p>\n<p>&nbsp;<\/p>\n<hr \/>\n<p>&nbsp;<\/p>\n<blockquote>\n<h3>TURISMO. ARRIVANO NELLA MONTAGNA VENETA LE STANZE PANORAMICHE, MALGHE BIVACCHI E RIFUGI SOPRA 1.600 METRI<\/h3>\n<\/blockquote>\n<p><strong><a class=\"dt-pswp-item\" href=\"https:\/\/www.radiopiu.net\/wordpress\/wp-content\/uploads\/2022\/10\/th-15.jpg\" data-dt-img-description=\"\" data-large_image_width=\"474\" data-large_image_height=\"316\"><img loading=\"lazy\" decoding=\"async\" class=\" wp-image-303323 alignleft\" src=\"https:\/\/www.radiopiu.net\/wordpress\/wp-content\/uploads\/2022\/10\/th-15-300x200.jpg\" alt=\"\" width=\"275\" height=\"183\" srcset=\"https:\/\/www.radiopiu.net\/wordpress\/wp-content\/uploads\/2022\/10\/th-15-300x200.jpg 300w, https:\/\/www.radiopiu.net\/wordpress\/wp-content\/uploads\/2022\/10\/th-15.jpg 474w\" sizes=\"auto, (max-width: 275px) 100vw, 275px\" \/><\/a>VENEZIA<\/strong> Novit\u00e0 rilevanti dal punto di vista del turismo ecocompatibile in Veneto, con l\u2019arrivo in quota delle \u201cstanze panoramiche\u201d e la possibilit\u00e0 di realizzare malghe, rifugi e bivacchi alpini anche sopra il limite di 1600 metri posto dall\u2019attuale normativa urbanistica regionale, ma comunque nel numero massimo complessivo di due strutture nell\u2019ambito dello stesso territorio comunale, anche se appartenenti a tipologie diverse. Lo indica una delibera della Giunta regionale del Veneto. Le stanze panoramiche consentono\u00a0 al turista di osservare in modo particolarmente ampio sia il paesaggio circostante, sia il movimento degli astri nel cielo, grazie alle superfici vetrate proporzionalmente pi\u00f9 grandi rispetto alle finestre dei normali locali di pernottamento delle altre strutture ricettive, con una pi\u00f9 diretta immersione negli ambienti naturali in cui tali stanze sono collocate. <em>\u201cCon questa proposta di modifica normativa \u2013 dice il Presidente della Regione Luca Zaia \u2013 insistiamo nel favorire l\u2019innovazione dell\u2019offerta turistica in forma ecosostenibile e comunque di basso impatto, cos\u00ec da permetterle di intercettare la crescente domanda di turismo emozionale, ossia di quello specifico segmento del turismo che si va sempre pi\u00f9 affermando in tutto il mondo e che risponde all\u2019esigenza dei turisti di vivere emozioni intense e durature in un pi\u00f9 genuino rapporto con la natura\u201d. (FOTO www.montagna.tv)<\/em><\/p>\n<p>&nbsp;<\/p>\n<hr \/>\n<p>&nbsp;<\/p>\n<blockquote>\n<h3>VIVERE L&#8217;AGORDINO, IERI SERA IN SALA DON TAMIS<\/h3>\n<p><strong>DI gianni SANTOMASO<\/strong><\/p><\/blockquote>\n<audio class=\"wp-audio-shortcode\" id=\"audio-303314-5\" preload=\"none\" style=\"width: 100%;\" controls=\"controls\"><source type=\"audio\/mpeg\" src=\"https:\/\/www.radiopiu.net\/wordpress\/wp-content\/uploads\/2022\/10\/GIANNI-SPECIALE.mp3?_=5\" \/><a href=\"https:\/\/www.radiopiu.net\/wordpress\/wp-content\/uploads\/2022\/10\/GIANNI-SPECIALE.mp3\">https:\/\/www.radiopiu.net\/wordpress\/wp-content\/uploads\/2022\/10\/GIANNI-SPECIALE.mp3<\/a><\/audio>\n<p><span style=\"color: #ff0000;\"><strong>LA DIRETTA DI RADIOPIU<\/strong><\/span><\/p>\n<p>https:\/\/www.facebook.com\/marco.baghy.1\/videos\/367002312248813<\/p>\n<hr \/>\n<p>&nbsp;<\/p>\n<p>&nbsp;<\/p>\n<blockquote>\n<h3>ZAIA SU QUARTO ANNIVERSARIO TEMPESTA VAIA, \u201cORGOGLIO PER LA RESILIENZA E PER QUANTO FATTO\u201d.<\/h3>\n<p><strong>Il Veneto non si \u00e8 pianto addosso e ha ricostruito in fretta, intraprendendo un Piano da oltre 2.200 cantieri per circa un miliardo, con le opere simbolo della ricostruzione dei Serrai di Sottoguda e della sistemazione del lago di Alleghe. Altri 360 cantieri sono partiti o stanno per farlo.<\/strong><\/p><\/blockquote>\n<p><strong><a class=\"dt-pswp-item\" href=\"https:\/\/www.radiopiu.net\/wordpress\/wp-content\/uploads\/2022\/10\/9ce52a1f-6114-4425-b326-0c30c0249a0f.jpg\" data-dt-img-description=\"\" data-large_image_width=\"1437\" data-large_image_height=\"1026\"><img loading=\"lazy\" decoding=\"async\" class=\"size-medium wp-image-303333 alignleft\" src=\"https:\/\/www.radiopiu.net\/wordpress\/wp-content\/uploads\/2022\/10\/9ce52a1f-6114-4425-b326-0c30c0249a0f-300x214.jpg\" alt=\"\" width=\"300\" height=\"214\" srcset=\"https:\/\/www.radiopiu.net\/wordpress\/wp-content\/uploads\/2022\/10\/9ce52a1f-6114-4425-b326-0c30c0249a0f-300x214.jpg 300w, https:\/\/www.radiopiu.net\/wordpress\/wp-content\/uploads\/2022\/10\/9ce52a1f-6114-4425-b326-0c30c0249a0f-1024x731.jpg 1024w, https:\/\/www.radiopiu.net\/wordpress\/wp-content\/uploads\/2022\/10\/9ce52a1f-6114-4425-b326-0c30c0249a0f-768x548.jpg 768w, https:\/\/www.radiopiu.net\/wordpress\/wp-content\/uploads\/2022\/10\/9ce52a1f-6114-4425-b326-0c30c0249a0f.jpg 1437w\" sizes=\"auto, (max-width: 300px) 100vw, 300px\" \/><\/a>VENEZIA<\/strong>\u00a0 <em>\u201cIn questi giorni di quattro anni fa, la Montagna veneta fu investita dalla peggior calamit\u00e0 naturale di sempre. La tempesta Vaia distrusse interi territori, gli alberi caddero a migliaia come bastoncini dello shangai. La gente di montagna, i veneti, l\u2019Italia, capirono che eravamo di fronte a una tragedia violenta, imprevedibile, devastante. Ricordo con orgoglio che, dopo un breve sgomento, scatt\u00f2 la reazione: la Regione, gli Enti Locali, la Protezione Civile regionale, i Vigili del Fuoco migliaia di volontari, semplici cittadini con le lacrime agli occhi e la pala in mano per ricominciare. Oggi possiamo dire che ce l\u2019abbiamo fatta, anche se c\u2019\u00e8 ancora da lavorare per completare quello che non esito a definire un miracolo di rinascita\u201d. <\/em>Con queste parole, il Presidente della Regione Veneto ricorda il quarto anniversario dell\u2019inizio della tempesta che sconvolse le montagne del Veneto, dalle Dolomiti bellunesi all\u2019Altopiano di Asiago. Esattamente il 29 ottobre 2018 la tempesta Vaia si abbatt\u00e8 con violenza mai vista sulla montagna bellunese e vicentina, spazzando via una superficie boschiva pari a 70 mila campi di calcio, pi\u00f9 di 15 milioni di alberi. I danni causati da venti anche a 200 chilometri all\u2019ora furono valutati in 3 miliardi di euro. Case e infrastrutture crollate, strade interrotte, ospedali isolati, scuole e ferrovie chiuse, paesi senza elettricit\u00e0 e telefonia, laghi interrati, meraviglie della natura come i Serrai di Sottoguda distrutti. La tragedia caus\u00f2 anche la morte di tre persone. Alla data di conclusione della gestione commissariale, a fine 2021, l\u2019importo complessivo degli interventi di ricostruzione, ripristino e aumento della risposta del territorio ad eventuali future calamit\u00e0 programmati e finanziati nel triennio 2019-2021, assomma a quasi 920 milioni di euro. <em>\u201cSono lavori sui quali abbiamo investito molto, perch\u00e9 l\u2019incolumit\u00e0 umana viene prima di tutto \u2013 conclude il Governatore \u2013 e perch\u00e9, se un\u2019altra catastrofecome Vaia dovesse ricapitare non possiamo farci trovare impreparati\u201d.<\/em><\/p>\n<p>&nbsp;<\/p>\n<p>&nbsp;<\/p>\n<hr \/>\n<p>&nbsp;<\/p>\n<blockquote>\n<h3>IL RITORNO DI ANTONIA ARSLAN IN PREFETTURA SUL CORAGGIO E DESTINO DELLE DONNE ARMENE<\/h3>\n<\/blockquote>\n<p><strong><a class=\"dt-pswp-item\" href=\"https:\/\/www.radiopiu.net\/wordpress\/wp-content\/uploads\/2022\/10\/c5ea8a2f-db37-4fef-b32c-aec324b6c022.jpg\" data-dt-img-description=\"\" data-large_image_width=\"1600\" data-large_image_height=\"1200\"><img loading=\"lazy\" decoding=\"async\" class=\" wp-image-303339 alignleft\" src=\"https:\/\/www.radiopiu.net\/wordpress\/wp-content\/uploads\/2022\/10\/c5ea8a2f-db37-4fef-b32c-aec324b6c022-300x225.jpg\" alt=\"\" width=\"179\" height=\"134\" srcset=\"https:\/\/www.radiopiu.net\/wordpress\/wp-content\/uploads\/2022\/10\/c5ea8a2f-db37-4fef-b32c-aec324b6c022-300x225.jpg 300w, https:\/\/www.radiopiu.net\/wordpress\/wp-content\/uploads\/2022\/10\/c5ea8a2f-db37-4fef-b32c-aec324b6c022-1024x768.jpg 1024w, https:\/\/www.radiopiu.net\/wordpress\/wp-content\/uploads\/2022\/10\/c5ea8a2f-db37-4fef-b32c-aec324b6c022-768x576.jpg 768w, https:\/\/www.radiopiu.net\/wordpress\/wp-content\/uploads\/2022\/10\/c5ea8a2f-db37-4fef-b32c-aec324b6c022-1536x1152.jpg 1536w, https:\/\/www.radiopiu.net\/wordpress\/wp-content\/uploads\/2022\/10\/c5ea8a2f-db37-4fef-b32c-aec324b6c022.jpg 1600w\" sizes=\"auto, (max-width: 179px) 100vw, 179px\" \/><\/a>BELLUNO <\/strong>La scrittrice di origini armene Antonia Arslan ospite a Belluno marted\u00ec sera in un incontro organizzato dal Comune di Belluno e dalla Prefettura sul tema \u201cCoraggio e destino delle donne armene\u201d; una serata per ricordare e raccontare il genocidio armeno durante la Prima Guerra Mondiale attraverso le storie e le opere della Arslan.<\/p>\n<p><strong>di DANIELE DALVIT\u00a0<\/strong><\/p>\n<p>&nbsp;<\/p>\n<p>AUDIO<\/p>\n<audio class=\"wp-audio-shortcode\" id=\"audio-303314-6\" preload=\"none\" style=\"width: 100%;\" controls=\"controls\"><source type=\"audio\/mpeg\" src=\"https:\/\/www.radiopiu.net\/wordpress\/wp-content\/uploads\/2022\/10\/ASRLSAN-DANIELE.mp3?_=6\" \/><a href=\"https:\/\/www.radiopiu.net\/wordpress\/wp-content\/uploads\/2022\/10\/ASRLSAN-DANIELE.mp3\">https:\/\/www.radiopiu.net\/wordpress\/wp-content\/uploads\/2022\/10\/ASRLSAN-DANIELE.mp3<\/a><\/audio>\n<p>&nbsp;<\/p>\n<p>&nbsp;<\/p>\n<hr \/>\n<p>&nbsp;<\/p>\n<blockquote>\n<h3>LAGO CENTRO CADORE,\u00a0 LAVORI AL PONTE DI VALLESELLA<strong style=\"font-size: 14px;\">\u00a0<\/strong><\/h3>\n<\/blockquote>\n<p><strong>BELLUNO<\/strong>\u00a0 L&#8217;Iter dei lavori del ponte di Vallesella e manovre idrauliche nel lago di Centro Cadore. Questi i due temi affrontati a Domegge, nell\u2019incontro tra Provincia, Comune, Bacino di pesca numero 4 ed Enel,. L\u2019incontro era stato richiesto dal Bacino di pesca, per capire l\u2019avanzamento del cantiere sul ponte, la cui conclusione dovrebbe avvenire la prossima primavera. Durante i lavori il lago dovrebbe rimanere alla quota fissa di 664 metri, vale a dire 2 metri sotto la <a class=\"dt-pswp-item\" href=\"https:\/\/www.radiopiu.net\/wordpress\/wp-content\/uploads\/2022\/09\/Franco-De-Bon-Screenshot-13_edited-1024x537-1.jpg\" data-dt-img-description=\"\" data-large_image_width=\"1024\" data-large_image_height=\"537\"><img loading=\"lazy\" decoding=\"async\" class=\"size-medium wp-image-298093 alignright\" src=\"https:\/\/www.radiopiu.net\/wordpress\/wp-content\/uploads\/2022\/09\/Franco-De-Bon-Screenshot-13_edited-1024x537-1-300x157.jpg\" alt=\"\" width=\"300\" height=\"157\" \/><\/a>quota a cui operano uomini e mezzi. In caso di forti precipitazioni, e quindi della necessit\u00e0 di aprire lo scarico di mezzo fondo della diga di Sottocastello, verranno effettuate manovre idrauliche \u201csoft\u201d, che permettono una chiusura graduale e quindi un ripristino della portata d\u2019acqua del fiume funzionale a tutelare la fauna ittica.\u00a0 L\u2019incontro \u00e8 servito anche per trattare la questione dei detriti legnosi che si depositano sulle sponde del lago.<\/p>\n<p><strong>IL CONSIGLIERE PROVINCIALE FRANCO DE BON<\/strong><\/p>\n<audio class=\"wp-audio-shortcode\" id=\"audio-303314-7\" preload=\"none\" style=\"width: 100%;\" controls=\"controls\"><source type=\"audio\/mpeg\" src=\"https:\/\/www.radiopiu.net\/wordpress\/wp-content\/uploads\/2022\/10\/cesare-de-bon.mp3?_=7\" \/><a href=\"https:\/\/www.radiopiu.net\/wordpress\/wp-content\/uploads\/2022\/10\/cesare-de-bon.mp3\">https:\/\/www.radiopiu.net\/wordpress\/wp-content\/uploads\/2022\/10\/cesare-de-bon.mp3<\/a><\/audio>\n<p>&nbsp;<\/p>\n<hr \/>\n<p>&nbsp;<\/p>\n<blockquote>\n<h3><a class=\"dt-pswp-item\" href=\"https:\/\/www.radiopiu.net\/wordpress\/wp-content\/uploads\/2022\/10\/S_86eb10aadc.jpg\" data-dt-img-description=\"\" data-large_image_width=\"702\" data-large_image_height=\"329\"><img loading=\"lazy\" decoding=\"async\" class=\" wp-image-303384 alignleft\" src=\"https:\/\/www.radiopiu.net\/wordpress\/wp-content\/uploads\/2022\/10\/S_86eb10aadc-300x141.jpg\" alt=\"\" width=\"255\" height=\"120\" srcset=\"https:\/\/www.radiopiu.net\/wordpress\/wp-content\/uploads\/2022\/10\/S_86eb10aadc-300x141.jpg 300w, https:\/\/www.radiopiu.net\/wordpress\/wp-content\/uploads\/2022\/10\/S_86eb10aadc.jpg 702w\" sizes=\"auto, (max-width: 255px) 100vw, 255px\" \/><\/a>CON I FONDI DI CONFINE LA NUOVA PISTA DI SKIROLL E IL POLIGONO PER IL BIATHLON<\/h3>\n<\/blockquote>\n<p><strong>CANALE D&#8217;AGORDO<\/strong>\u00a0 Con 3,2 milioni di euro\u00a0 dai fondi di confine sar\u00e0 realizzata la\u00a0nuova pista di skiroll da 2,5 chilometri e un poligono per la pratica del biathlon. Un impianto ad anello per ogni stagione\u00a0 a Pian di Giare, in valle di Gares Si prevede che la pista di skiroll possa essere\u00a0operativa entro il 2024\u00a0e, in tal senso, si \u00e8 registrato anche l&#8217;entusiasmo dell&#8217;allenatore dello sci di fondo\u00a0Omar Genuin, tecnico degli atleti dello sci club Val Biois e dello ski college veneto di Falcade che ogni <i>estate deve portare\u00a0 30 ragazzi lungo le strade e anche quelle comunali sono pericolose. (foto fondoitalia.it)<\/i><\/p>\n<p>&nbsp;<\/p>\n<hr \/>\n<p>&nbsp;<\/p>\n<h3>IERI A BELLUNO UN CENTINAIO DI BELLUNESI A SOSTEGNO DELLE DONNE IRANIANE<\/h3>\n\n\t\t\t<style type='text\/css'>\n\t\t\t\t#gallery-2 {\n\t\t\t\t\tmargin: auto;\n\t\t\t\t}\n\t\t\t\t#gallery-2 .gallery-item {\n\t\t\t\t\tfloat: left;\n\t\t\t\t\tmargin-top: 10px;\n\t\t\t\t\ttext-align: center;\n\t\t\t\t\twidth: 50%;\n\t\t\t\t}\n\t\t\t\t#gallery-2 img {\n\t\t\t\t\tborder: 2px solid #cfcfcf;\n\t\t\t\t}\n\t\t\t\t#gallery-2 .gallery-caption {\n\t\t\t\t\tmargin-left: 0;\n\t\t\t\t}\n\t\t\t\t\/* see gallery_shortcode() in wp-includes\/media.php *\/\n\t\t\t<\/style>\n\t\t<div id='gallery-2' class='dt-gallery-container gallery galleryid-303314 gallery-columns-2 gallery-size-medium'><dl class='gallery-item'>\n\t\t\t\t<dt class='gallery-icon landscape'>\n\t\t\t\t\t<a class=\"rollover rollover-zoom dt-pswp-item\" title=\"Senza nome\" data-dt-img-description=\"\" data-large_image_width=\"527\" data-large_image_height=\"264\"href='https:\/\/www.radiopiu.net\/wordpress\/wp-content\/uploads\/2022\/10\/Senza-nome-82.jpg'><img loading=\"lazy\" decoding=\"async\" width=\"300\" height=\"150\" src=\"https:\/\/www.radiopiu.net\/wordpress\/wp-content\/uploads\/2022\/10\/Senza-nome-82-300x150.jpg\" class=\"attachment-medium size-medium\" alt=\"\" srcset=\"https:\/\/www.radiopiu.net\/wordpress\/wp-content\/uploads\/2022\/10\/Senza-nome-82-300x150.jpg 300w, https:\/\/www.radiopiu.net\/wordpress\/wp-content\/uploads\/2022\/10\/Senza-nome-82.jpg 527w\" sizes=\"auto, (max-width: 300px) 100vw, 300px\" \/><\/a>\n\t\t\t\t<\/dt><\/dl><dl class='gallery-item'>\n\t\t\t\t<dt class='gallery-icon landscape'>\n\t\t\t\t\t<a class=\"rollover rollover-zoom dt-pswp-item\" title=\"Senza nome\" data-dt-img-description=\"\" data-large_image_width=\"596\" data-large_image_height=\"366\"href='https:\/\/www.radiopiu.net\/wordpress\/wp-content\/uploads\/2022\/10\/Senza-nome-81.jpg'><img loading=\"lazy\" decoding=\"async\" width=\"300\" height=\"184\" src=\"https:\/\/www.radiopiu.net\/wordpress\/wp-content\/uploads\/2022\/10\/Senza-nome-81-300x184.jpg\" class=\"attachment-medium size-medium\" alt=\"\" srcset=\"https:\/\/www.radiopiu.net\/wordpress\/wp-content\/uploads\/2022\/10\/Senza-nome-81-300x184.jpg 300w, https:\/\/www.radiopiu.net\/wordpress\/wp-content\/uploads\/2022\/10\/Senza-nome-81.jpg 596w\" sizes=\"auto, (max-width: 300px) 100vw, 300px\" \/><\/a>\n\t\t\t\t<\/dt><\/dl><br style=\"clear: both\" \/>\n\t\t\t<\/div>\n\n<p>&nbsp;<\/p>\n<hr \/>\n<p>&nbsp;<\/p>\n<blockquote>\n<h3><a class=\"dt-pswp-item\" href=\"https:\/\/www.radiopiu.net\/wordpress\/wp-content\/uploads\/2021\/07\/DENNI-DORIGO.jpg\" data-dt-img-description=\"\" data-large_image_width=\"1240\" data-large_image_height=\"1241\"><img loading=\"lazy\" decoding=\"async\" class=\"wp-image-224612 alignleft\" src=\"https:\/\/www.radiopiu.net\/wordpress\/wp-content\/uploads\/2021\/07\/DENNI-DORIGO-300x300.jpg\" alt=\"\" width=\"141\" height=\"141\" srcset=\"https:\/\/www.radiopiu.net\/wordpress\/wp-content\/uploads\/2021\/07\/DENNI-DORIGO-300x300.jpg 300w, https:\/\/www.radiopiu.net\/wordpress\/wp-content\/uploads\/2021\/07\/DENNI-DORIGO-1024x1024.jpg 1024w, https:\/\/www.radiopiu.net\/wordpress\/wp-content\/uploads\/2021\/07\/DENNI-DORIGO-150x150.jpg 150w, https:\/\/www.radiopiu.net\/wordpress\/wp-content\/uploads\/2021\/07\/DENNI-DORIGO-768x769.jpg 768w, https:\/\/www.radiopiu.net\/wordpress\/wp-content\/uploads\/2021\/07\/DENNI-DORIGO.jpg 1240w\" sizes=\"auto, (max-width: 141px) 100vw, 141px\" \/><\/a>15 ANNI FA IL REFERENDUM, CORTINA-COLLE E LIVINALLONGO VOTARONO PER IL PASSAGGIO IN SUD TIROLO. NELL&#8217;ULTIMA EDIZIONE DE L&#8217;ALMANACCO LADINO NE HA PARLATO ANCHE DENNI DORIGO, DIRETTORE ISTITUT CULTURAL CESA DE JAN. &#8220;SABATO RIBADIREMO I CONCETTI FONDAMENTALI DELLA QUESTIONE&#8221;<\/h3>\n<\/blockquote>\n<audio class=\"wp-audio-shortcode\" id=\"audio-303314-8\" preload=\"none\" style=\"width: 100%;\" controls=\"controls\"><source type=\"audio\/mpeg\" src=\"https:\/\/www.radiopiu.net\/wordpress\/wp-content\/uploads\/2022\/10\/DENNI.mp3?_=8\" \/><a href=\"https:\/\/www.radiopiu.net\/wordpress\/wp-content\/uploads\/2022\/10\/DENNI.mp3\">https:\/\/www.radiopiu.net\/wordpress\/wp-content\/uploads\/2022\/10\/DENNI.mp3<\/a><\/audio>\n<p>&nbsp;<\/p>\n<p>&nbsp;<\/p>\n<hr \/>\n<p>&nbsp;<\/p>\n<blockquote class=\"wp-embedded-content\" data-secret=\"48jTfVRjzi\"><p><a href=\"https:\/\/www.radiopiu.net\/wordpress\/aziendazeroottobre26\/\">IN CALO: NUOVI CASI, POSITIVI ATTUALI, RICOVERI IN REPARTO E TERAPIA INTESIVA.  8 I DECESSI<\/a><\/p><\/blockquote>\n<p><iframe loading=\"lazy\" class=\"wp-embedded-content\" sandbox=\"allow-scripts\" security=\"restricted\" style=\"position: absolute; clip: rect(1px, 1px, 1px, 1px);\" title=\"&#8220;IN CALO: NUOVI CASI, POSITIVI ATTUALI, RICOVERI IN REPARTO E TERAPIA INTESIVA.  8 I DECESSI&#8221; &#8212; Radio Pi\u00f9\" src=\"https:\/\/www.radiopiu.net\/wordpress\/aziendazeroottobre26\/embed\/#?secret=sh2Sf82MjS#?secret=48jTfVRjzi\" data-secret=\"48jTfVRjzi\" width=\"600\" height=\"338\" frameborder=\"0\" marginwidth=\"0\" marginheight=\"0\" scrolling=\"no\"><\/iframe><\/p>\n<h2><\/h2>\n<h2>I GRAFICI DI TIZIANO DE COL<\/h2>\n<p>&nbsp;<\/p>\n\n\t\t\t<style type='text\/css'>\n\t\t\t\t#gallery-3 {\n\t\t\t\t\tmargin: auto;\n\t\t\t\t}\n\t\t\t\t#gallery-3 .gallery-item {\n\t\t\t\t\tfloat: left;\n\t\t\t\t\tmargin-top: 10px;\n\t\t\t\t\ttext-align: center;\n\t\t\t\t\twidth: 33%;\n\t\t\t\t}\n\t\t\t\t#gallery-3 img {\n\t\t\t\t\tborder: 2px solid #cfcfcf;\n\t\t\t\t}\n\t\t\t\t#gallery-3 .gallery-caption {\n\t\t\t\t\tmargin-left: 0;\n\t\t\t\t}\n\t\t\t\t\/* see gallery_shortcode() in wp-includes\/media.php *\/\n\t\t\t<\/style>\n\t\t<div id='gallery-3' class='dt-gallery-container gallery galleryid-303314 gallery-columns-3 gallery-size-thumbnail'><dl class='gallery-item'>\n\t\t\t\t<dt class='gallery-icon landscape'>\n\t\t\t\t\t<a class=\"rollover rollover-zoom dt-pswp-item\" title=\"679f6fdf-f7a2-41c8-82a9-6ce93c522201\" data-dt-img-description=\"\" data-large_image_width=\"606\" data-large_image_height=\"365\"href='https:\/\/www.radiopiu.net\/wordpress\/wp-content\/uploads\/2022\/10\/679f6fdf-f7a2-41c8-82a9-6ce93c522201.jpg'><img loading=\"lazy\" decoding=\"async\" width=\"150\" height=\"150\" src=\"https:\/\/www.radiopiu.net\/wordpress\/wp-content\/uploads\/2022\/10\/679f6fdf-f7a2-41c8-82a9-6ce93c522201-150x150.jpg\" class=\"attachment-thumbnail size-thumbnail\" alt=\"\" \/><\/a>\n\t\t\t\t<\/dt><\/dl><dl class='gallery-item'>\n\t\t\t\t<dt class='gallery-icon landscape'>\n\t\t\t\t\t<a class=\"rollover rollover-zoom dt-pswp-item\" title=\"92d84436-4c0e-43f7-953e-4ab31fcd60a4\" data-dt-img-description=\"\" data-large_image_width=\"601\" data-large_image_height=\"362\"href='https:\/\/www.radiopiu.net\/wordpress\/wp-content\/uploads\/2022\/10\/92d84436-4c0e-43f7-953e-4ab31fcd60a4.jpg'><img loading=\"lazy\" decoding=\"async\" width=\"150\" height=\"150\" src=\"https:\/\/www.radiopiu.net\/wordpress\/wp-content\/uploads\/2022\/10\/92d84436-4c0e-43f7-953e-4ab31fcd60a4-150x150.jpg\" class=\"attachment-thumbnail size-thumbnail\" alt=\"\" \/><\/a>\n\t\t\t\t<\/dt><\/dl><dl class='gallery-item'>\n\t\t\t\t<dt class='gallery-icon landscape'>\n\t\t\t\t\t<a class=\"rollover rollover-zoom dt-pswp-item\" title=\"519a86b0-44ee-4bca-abf7-3ae0e1302802\" data-dt-img-description=\"\" data-large_image_width=\"620\" data-large_image_height=\"361\"href='https:\/\/www.radiopiu.net\/wordpress\/wp-content\/uploads\/2022\/10\/519a86b0-44ee-4bca-abf7-3ae0e1302802.jpg'><img loading=\"lazy\" decoding=\"async\" width=\"150\" height=\"150\" src=\"https:\/\/www.radiopiu.net\/wordpress\/wp-content\/uploads\/2022\/10\/519a86b0-44ee-4bca-abf7-3ae0e1302802-150x150.jpg\" class=\"attachment-thumbnail size-thumbnail\" alt=\"\" \/><\/a>\n\t\t\t\t<\/dt><\/dl><br style=\"clear: both\" \/><dl class='gallery-item'>\n\t\t\t\t<dt class='gallery-icon landscape'>\n\t\t\t\t\t<a class=\"rollover rollover-zoom dt-pswp-item\" title=\"973fdd4b-ae57-4a91-b03b-ebe8c6269e70\" data-dt-img-description=\"\" data-large_image_width=\"610\" data-large_image_height=\"369\"href='https:\/\/www.radiopiu.net\/wordpress\/wp-content\/uploads\/2022\/10\/973fdd4b-ae57-4a91-b03b-ebe8c6269e70.jpg'><img loading=\"lazy\" decoding=\"async\" width=\"150\" height=\"150\" src=\"https:\/\/www.radiopiu.net\/wordpress\/wp-content\/uploads\/2022\/10\/973fdd4b-ae57-4a91-b03b-ebe8c6269e70-150x150.jpg\" class=\"attachment-thumbnail size-thumbnail\" alt=\"\" \/><\/a>\n\t\t\t\t<\/dt><\/dl><dl class='gallery-item'>\n\t\t\t\t<dt class='gallery-icon landscape'>\n\t\t\t\t\t<a class=\"rollover rollover-zoom dt-pswp-item\" title=\"00ce8a21-e05a-4803-8867-a232785b6245\" data-dt-img-description=\"\" data-large_image_width=\"610\" data-large_image_height=\"366\"href='https:\/\/www.radiopiu.net\/wordpress\/wp-content\/uploads\/2022\/10\/00ce8a21-e05a-4803-8867-a232785b6245.jpg'><img loading=\"lazy\" decoding=\"async\" width=\"150\" height=\"150\" src=\"https:\/\/www.radiopiu.net\/wordpress\/wp-content\/uploads\/2022\/10\/00ce8a21-e05a-4803-8867-a232785b6245-150x150.jpg\" class=\"attachment-thumbnail size-thumbnail\" alt=\"\" \/><\/a>\n\t\t\t\t<\/dt><\/dl><dl class='gallery-item'>\n\t\t\t\t<dt class='gallery-icon landscape'>\n\t\t\t\t\t<a class=\"rollover rollover-zoom dt-pswp-item\" title=\"3e900284-9057-4b54-9ce7-0062de3ced7b\" data-dt-img-description=\"\" data-large_image_width=\"612\" data-large_image_height=\"359\"href='https:\/\/www.radiopiu.net\/wordpress\/wp-content\/uploads\/2022\/10\/3e900284-9057-4b54-9ce7-0062de3ced7b.jpg'><img loading=\"lazy\" decoding=\"async\" width=\"150\" height=\"150\" src=\"https:\/\/www.radiopiu.net\/wordpress\/wp-content\/uploads\/2022\/10\/3e900284-9057-4b54-9ce7-0062de3ced7b-150x150.jpg\" class=\"attachment-thumbnail size-thumbnail\" alt=\"\" \/><\/a>\n\t\t\t\t<\/dt><\/dl><br style=\"clear: both\" \/>\n\t\t\t<\/div>\n\n<p>&nbsp;<\/p>\n<hr \/>\n<blockquote>\n<h3><\/h3>\n<h3>BANDO DI CONCORSO PER UN OPERAIO-MURATORE<\/h3>\n<\/blockquote>\n<p><strong><a class=\"dt-pswp-item\" href=\"https:\/\/www.radiopiu.net\/wordpress\/wp-content\/uploads\/2020\/09\/FALCADE-1.jpg\" data-dt-img-description=\"\" data-large_image_width=\"960\" data-large_image_height=\"720\"><img loading=\"lazy\" decoding=\"async\" class=\"wp-image-163186 alignleft\" src=\"https:\/\/www.radiopiu.net\/wordpress\/wp-content\/uploads\/2020\/09\/FALCADE-1-300x225.jpg\" alt=\"\" width=\"167\" height=\"125\" srcset=\"https:\/\/www.radiopiu.net\/wordpress\/wp-content\/uploads\/2020\/09\/FALCADE-1-300x225.jpg 300w, https:\/\/www.radiopiu.net\/wordpress\/wp-content\/uploads\/2020\/09\/FALCADE-1-768x576.jpg 768w, https:\/\/www.radiopiu.net\/wordpress\/wp-content\/uploads\/2020\/09\/FALCADE-1-640x480.jpg 640w, https:\/\/www.radiopiu.net\/wordpress\/wp-content\/uploads\/2020\/09\/FALCADE-1.jpg 960w\" sizes=\"auto, (max-width: 167px) 100vw, 167px\" \/><\/a>FALCADE<\/strong>\u00a0Il Comune ha indetto un concorso pubblico\u00a0 per l&#8217;assunzione, a tempo pieno e indeterminato, di\u00a0 un operaio specializzato autista-muratore \u2013 area tecnica. Le domande di partecipazione dovranno pervenire al Comune di Falcade entro il 7 novembre alle 18, secondo le modalit\u00e0 previste dal Bando di Concorso pubblicato sul sito istituzionale dell\u2019Ente. Per ogni informazione, i candidati potranno rivolgersi al Comune di Falcade (tel. 0437-599735 &#8211; cell. 347\/1521259; posta elettronica: <a href=\"mailto:segretario.falcade@agordino.bl.it\">segretario.falcade@agordino.bl.it<\/a>\u00a0oppure <a href=\"mailto:ragioneria.falcade@agordino.bl.it\">ragioneria.falcade@agordino.bl.it<\/a>).<\/p>\n<p>&nbsp;<\/p>\n<p>&nbsp;<\/p>\n<p>&nbsp;<\/p>\n<p>&nbsp;<\/p>\n<hr \/>\n<p>&nbsp;<\/p>\n<blockquote>\n<h3>I CONSIGLI COMUNALI<\/h3>\n<\/blockquote>\n<p><strong>CANALE D&#8217;AGORDO <\/strong>Oggi i in sala Lina Zand\u00f2 alle 19\u00a0 i consiglieri comunali saranno chiamati ad approvare tre punti all&#8217;ordine del giorno: approvazione atto di acquisto dell&#8217;immobile Latteria Val Biois, fabbricati di proporiet\u00e0 della societ\u00e0 latteria Val Biois; variazione agli stanziamenti del bilancio di previsione; approvazione schema di convenzione con il Bim per l&#8217;affidamento dell&#8217;impianto idroelettrico Liera; mutamento destinazione d&#8217;uso terreni di uso civico per ampliamento sla pompe in localit\u00e0 lago Cavia.<\/p>\n<p><strong>SAN TOMASO<\/strong> Domani\u00a0 alle 18.15 consiglio comunale convocato dal sindaco Moreno De Val. All&#8217;ordine del giorno la variazione d&#8217;urgenza al bilancio 2022, la presa d&#8217;atto del ducumento unico di programmazione <a class=\"dt-pswp-item\" href=\"https:\/\/www.radiopiu.net\/wordpress\/wp-content\/uploads\/2021\/08\/COLLE-SANTA-LUCIA.jpg\" data-dt-img-description=\"\" data-large_image_width=\"640\" data-large_image_height=\"480\"><img loading=\"lazy\" decoding=\"async\" class=\"wp-image-229239 alignleft\" src=\"https:\/\/www.radiopiu.net\/wordpress\/wp-content\/uploads\/2021\/08\/COLLE-SANTA-LUCIA-300x225.jpg\" alt=\"\" width=\"187\" height=\"140\" srcset=\"https:\/\/www.radiopiu.net\/wordpress\/wp-content\/uploads\/2021\/08\/COLLE-SANTA-LUCIA-300x225.jpg 300w, https:\/\/www.radiopiu.net\/wordpress\/wp-content\/uploads\/2021\/08\/COLLE-SANTA-LUCIA.jpg 640w\" sizes=\"auto, (max-width: 187px) 100vw, 187px\" \/><\/a>DUP, l&#8217;approvazione della convenzione per la gestione in forma associata dell&#8217;ufficio di segretario comunale tra i Comuni di Alleghe, Selva di Cadore, San Tomaso e Zopp\u00e8 di Cadore, infine autorizzazione alienazione dei terreni in localit\u00e0 Sot Colar\u00f9 a seguito di sclassificazione da uso civico.<\/p>\n<p><strong>COLLE SANTA LUCIA\u00a0<\/strong> Il sindaco Paolo Frena ha convocato i consiglieri per sabato alle 8 del mattino. In discussione: variazione al bilancio, convenzione con i Comuni di Veggiano, Fonzaso, Falcade, Vallada e Colle Santa Lucia per la gestione associata dell&#8217;ufficio di Segretario comunale, esame ed adozione variante verdi per la riclassificazione di aree edificabili per il 2022.<\/p>\n<p>&nbsp;<\/p>\n<p>&nbsp;<\/p>\n<p>&nbsp;<\/p>\n<hr \/>\n<p>&nbsp;<\/p>\n<p><span style=\"color: #ff99cc;\"><strong><a class=\"dt-pswp-item\" href=\"https:\/\/www.radiopiu.net\/wordpress\/wp-content\/uploads\/2022\/10\/Senza-nome-49.jpg\" data-dt-img-description=\"\" data-large_image_width=\"158\" data-large_image_height=\"185\"><img loading=\"lazy\" decoding=\"async\" class=\" wp-image-302266 alignleft\" src=\"https:\/\/www.radiopiu.net\/wordpress\/wp-content\/uploads\/2022\/10\/Senza-nome-49.jpg\" alt=\"\" width=\"127\" height=\"149\" \/><\/a>OTTOBRE ROSA CON LA ULSS1 DOLOMITI\u00a0<\/strong><\/span><\/p>\n<p><span style=\"color: #ff99cc;\"><strong>GLI INCONTRI ON LINE IN GMEET SULLA PREVENZIONE E CURA DEI TUMORI AL SENO<\/strong><\/span><\/p>\n<p><span style=\"color: #ff99cc;\"><strong>Domani\u00a0 alle 18 &#8220;Ricomincio da me&#8221; con Serena Zatta (make up artist) e Lunedi 31 ottobre alle 18 &#8220;Oltre la malattia con le associazioni&#8221; con Ados Belluno e Feltre<\/strong><\/span><\/p>\n<p><span style=\"color: #ff99cc;\"><strong>\u00a0 \u00a0<\/strong><\/span><\/p>\n<p>&nbsp;<\/p>\n<p>&nbsp;<\/p>\n<hr \/>\n<p>&nbsp;<\/p>\n<blockquote>\n<h3>QUATTRO\u00a0 INCONTRI CON PETTIROSSO AGORDINO<\/h3>\n<\/blockquote>\n<p><strong><a class=\"dt-pswp-item\" href=\"https:\/\/www.radiopiu.net\/wordpress\/wp-content\/uploads\/2022\/05\/petti.jpg\" data-dt-img-description=\"\" data-large_image_width=\"269\" data-large_image_height=\"131\"><img loading=\"lazy\" decoding=\"async\" class=\"size-full wp-image-275145 alignleft\" src=\"https:\/\/www.radiopiu.net\/wordpress\/wp-content\/uploads\/2022\/05\/petti.jpg\" alt=\"\" width=\"269\" height=\"131\" \/><\/a>CENCENIGHE<\/strong>\u00a0Il 2 novembre sar\u00e0 affrontato il tema &#8220;Come districarsi fra burocrazia, ausili e movimentazioni&#8221; con Stefano Masini (assistente sociale di Asca) e Roberto Agnolet (fisioterapista) su &#8220;Come posso facilitare le autonomie?&#8221;. Il 9 novembre l&#8217;argomento trattato da Cristina Balest (educatrice) e Letizia Collazuol (coordinatrice dell&#8217;equipe Sersa) sar\u00e0 &#8220;La gestione della persona con demenza in struttura&#8221;. Conclusione il 16 novembre con &#8220;L&#8217;impegno a tempo pieno di chi assiste la persona con demenza&#8221; in cui Erica Calvi (psicologa di Sersa) evidenzier\u00e0 la fatica invisibile di chi si prende cura di una persona malata.<\/p>\n<p><strong>di Gianni Santomaso<\/strong><\/p>\n<audio class=\"wp-audio-shortcode\" id=\"audio-303314-9\" preload=\"none\" style=\"width: 100%;\" controls=\"controls\"><source type=\"audio\/mpeg\" src=\"https:\/\/www.radiopiu.net\/wordpress\/wp-content\/uploads\/2022\/10\/GIANNI-PETTIROSSO.mp3?_=9\" \/><a href=\"https:\/\/www.radiopiu.net\/wordpress\/wp-content\/uploads\/2022\/10\/GIANNI-PETTIROSSO.mp3\">https:\/\/www.radiopiu.net\/wordpress\/wp-content\/uploads\/2022\/10\/GIANNI-PETTIROSSO.mp3<\/a><\/audio>\n<h3 class=\"entry-title\"><\/h3>\n<hr \/>\n<p>&nbsp;<\/p>\n<p>&nbsp;<\/p>\n<blockquote>\n<h3>PREVENZIONE DELLA SALUTE, VENERDI SECONDO APPUNTAMENTO CON LA COMMISSIONE PARI OPPORTUNITA&#8217;<\/h3>\n<\/blockquote>\n<p><strong>PONTE NELLE ALPI<\/strong> Al via il secondo appuntamento dedicato alla prevenzione della salute, proposto dalla Commissione Pari Opportunit\u00e0, in collaborazione con ADOS Belluno. Il tema, che interessa particolarmente la sfera femminile (ma non in via esclusiva), \u00e8 insolito, se non addirittura, sconosciuto: il pavimento pelvico. Parler\u00e0 la relatrice e autrice del libro \u201cUno scrigno segreto\u201d: la dottoressa Barbara Zebellin.\u00a0 Il libro\u201d \u00e8 dedicato alle donne di tutte le et\u00e0 per affrontare un percorso di profonda consapevolezza corporea, unito a una pratica continua e motivata di vera prevenzione, perch\u00e9 mente e corpo sono inseparabili. L\u2019appuntamento \u00e8 previsto per venerd\u00ec 28 ottobre, alle 18, nella sala del Parco ex Casa Rossa, in viale Roma.<\/p>\n<p>&nbsp;<\/p>\n<hr \/>\n<p>&nbsp;<\/p>\n<blockquote>\n<h3><a class=\"dt-pswp-item\" href=\"https:\/\/www.radiopiu.net\/wordpress\/wp-content\/uploads\/2022\/10\/aaa.jpg\" data-dt-img-description=\"\" data-large_image_width=\"200\" data-large_image_height=\"211\"><img loading=\"lazy\" decoding=\"async\" class=\" wp-image-301595 alignleft\" src=\"https:\/\/www.radiopiu.net\/wordpress\/wp-content\/uploads\/2022\/10\/aaa.jpg\" alt=\"\" width=\"101\" height=\"107\" \/><\/a>MARGRANDO, IL LIBRO DI FRANCESCA GALLO<\/h3>\n<\/blockquote>\n<p><strong>CANALE D&#8217;AGORDO\u00a0<\/strong> Oggi\u00a0 alle 20.45 in sala ex emigrant Francesca Gallo presenta il <span id=\"page3R_mcid13\" class=\"markedContent\"><span dir=\"ltr\" role=\"presentation\">libro il racconto del viaggio di ricerca fra gli emigrati italiani in Belgio e Canada. Francesca, s<\/span><\/span><span id=\"page3R_mcid15\" class=\"markedContent\"><span dir=\"ltr\" role=\"presentation\">on un registratore in tasca, e spesso con la fisarmonica in spalla, <\/span><span dir=\"ltr\" role=\"presentation\">si sedeva a parlare con gli anziani.<\/span><\/span><span id=\"page3R_mcid16\" class=\"markedContent\"><span dir=\"ltr\" role=\"presentation\">In ogni famiglia le veniva raccontato di qualcuno che era emigrato, <\/span><span dir=\"ltr\" role=\"presentation\">cos\u00ec decise di andarli a cercare e di portare a casa le loro storie<\/span><\/span><\/p>\n<h3><span style=\"font-size: 14px; font-weight: normal;\">\u00a0\u00a0<\/span><\/h3>\n<hr \/>\n<p>&nbsp;<\/p>\n<blockquote>\n<h3>I GIOVANI IMPRENDITORI DOMANI A BELLUNO<\/h3>\n<\/blockquote>\n<p><strong>BELLUNO<\/strong> Il mental coach e l\u2019analista. Sono queste le due figure al centro del tour dei Giovani imprenditori del Veneto, che domani fa tappa a Castion.\u00a0 <em>\u00abLe parole chiave sono cambiamento, leadership, etica, ma anche causativit\u00e0 e toni emotivi\u00bb<\/em> spiega Giorgia Corte Metto, presidente del gruppo Giovani Imprenditori di Confartigianato Belluno.\u00a0L\u2019appuntamento \u00e8 alle 18.<\/p>\n<p>&nbsp;<\/p>\n<hr \/>\n<h3><span style=\"font-size: 14px; font-weight: normal;\">\u00a0<\/span><\/h3>\n<blockquote>\n<h3>DA CANALE D&#8217;AGORDO A ROMA, IL PELLEGRINAGGIO<\/h3>\n<\/blockquote>\n<div>\n<p><strong>CANALE D&#8217;AGORDO<\/strong>\u00a0 Sar\u00e0 una serata di ricordi e di emozioni, quella in programma domani a Mel. Alle 20.30, nell\u2019ex chiesa di San Pietro, verr\u00e0 presentato e donato al Comune di Borgo Valbelluna il libro \u201cAnno 2000. Viaggio da Canale d\u2019Agordo a Roma con Natura a cavallo\u201d. Immagini e memorie di un pellegrinaggio che nell\u2019anno del Giubileo port\u00f2 150 persone dal paese natale di Papa Luciani fino in Piazza San Pietro. L\u2019esperienza del pellegrinaggio a cavallo port\u00f2 36 cavalieri (con un seguito di vetture di servizio per allestire gli accampamenti) a percorrere l\u2019Italia da nord a sud, per giungere sulla tomba di Albino Luciani, nell\u2019agosto del 2000. Un viaggio di 34 giorni e quasi 1.000 chilometri, la maggior parte dei quali su strade sterrate, tratturi e sentieri. Vennero attraversate cinque regioni e dieci province. Il coordinatore del progetto, Italo D\u2019Inc\u00e0, ricorder\u00e0 quei momenti, rispondendo alle domande e alle curiosit\u00e0 del pubblico. L\u2019iniziativa si inserisce all\u2019interno delle manifestazioni per la beatificazione di Albino Luciani. Ingresso libero.<\/p>\n<p>&nbsp;<\/p>\n<\/div>\n<p>&nbsp;<\/p>\n<hr \/>\n<p>&nbsp;<\/p>\n<p>&nbsp;<\/p>\n<blockquote>\n<h3><a class=\"dt-pswp-item\" href=\"https:\/\/www.radiopiu.net\/wordpress\/wp-content\/uploads\/2022\/10\/sale-in-zucca1-2019.jpg\" data-dt-img-description=\"\" data-large_image_width=\"1024\" data-large_image_height=\"768\"><img loading=\"lazy\" decoding=\"async\" class=\"wp-image-303331 alignleft\" src=\"https:\/\/www.radiopiu.net\/wordpress\/wp-content\/uploads\/2022\/10\/sale-in-zucca1-2019-300x225.jpg\" alt=\"\" width=\"158\" height=\"118\" srcset=\"https:\/\/www.radiopiu.net\/wordpress\/wp-content\/uploads\/2022\/10\/sale-in-zucca1-2019-300x225.jpg 300w, https:\/\/www.radiopiu.net\/wordpress\/wp-content\/uploads\/2022\/10\/sale-in-zucca1-2019-768x576.jpg 768w, https:\/\/www.radiopiu.net\/wordpress\/wp-content\/uploads\/2022\/10\/sale-in-zucca1-2019.jpg 1024w\" sizes=\"auto, (max-width: 158px) 100vw, 158px\" \/><\/a>ATTIVITA&#8217; DIDATTICHE AL MUSEO ENOGRAFICO<\/h3>\n<\/blockquote>\n<p><strong>\u00a0BELLUNO<\/strong> Ricomincia l\u2019attivit\u00e0 didattica al Museo etnografico della Provincia di Belluno dedicata alla festa di Ognissanti. Sabato alle 15.30 si terr\u00e0 il laboratorio \u201cSale in zucca\u201d, un appuntamento con l\u2019Halloween bellunese, dedicato ai bambini con i loro nonni, mamme e pap\u00e0. Un\u2019attivit\u00e0 nelle sale del museo a scoprire le tradizioni della festa dei morti e Ognissanti, a cui segue, a gran richiesta, il laboratorio di trasformazione della zucca: ogni coppia, grazie alla creativit\u00e0 del bambino e alla manualit\u00e0 del suo aiutante adulto, avr\u00e0 la possibilit\u00e0 di progettare e realizzare la sua zucca paurosa da esporre alla finestra la notte di Ognissanti.<\/p>\n<p>&nbsp;<\/p>\n<p>&nbsp;<\/p>\n<hr \/>\n<blockquote>\n<h3><\/h3>\n<h3>EMIGRAZIONE DALLE DOLOMITI NEL CORSO DEL NOVECENTO, DI LUCIANA PALLA con L&#8217;istituto Cultural Ladin Cesa de Jan, Comune di Agordo e Oltre le Vette.<\/h3>\n<\/blockquote>\n<p><strong>AGORDO<\/strong> Dal 31 ottobre al 28 novembre la mostra in sala Don Tamis, Domenica\u00a0 alle 17 inaugurazione e presentazione del volume sull&#8217;emigrazione nelle Dolomiti, con la partecipazione di Loris Santomaso. La mostra sar\u00e0 aperta dal\u00a0 lunedi dalle 15 alle 18, mercoledi e giovedi dalle 9 alle 12 venerdi dalle 15 alle 18 sabato dalle 9 alle 12, dalle 15 alle 18 e domenica dalle 15 alle 18.<\/p>\n<p>&nbsp;<\/p>\n<p>&nbsp;<\/p>\n<hr \/>\n<p>&nbsp;<\/p>\n<p><a class=\"dt-pswp-item\" href=\"https:\/\/www.radiopiu.net\/wordpress\/wp-content\/uploads\/2022\/10\/Senza-nome-75.jpg\" data-dt-img-description=\"\" data-large_image_width=\"988\" data-large_image_height=\"220\"><img loading=\"lazy\" decoding=\"async\" class=\"size-medium wp-image-303244 aligncenter\" src=\"https:\/\/www.radiopiu.net\/wordpress\/wp-content\/uploads\/2022\/10\/Senza-nome-75-300x67.jpg\" alt=\"\" width=\"300\" height=\"67\" srcset=\"https:\/\/www.radiopiu.net\/wordpress\/wp-content\/uploads\/2022\/10\/Senza-nome-75-300x67.jpg 300w, https:\/\/www.radiopiu.net\/wordpress\/wp-content\/uploads\/2022\/10\/Senza-nome-75-768x171.jpg 768w, https:\/\/www.radiopiu.net\/wordpress\/wp-content\/uploads\/2022\/10\/Senza-nome-75.jpg 988w\" sizes=\"auto, (max-width: 300px) 100vw, 300px\" \/><\/a><\/p>\n<p><strong>BELLUNO<\/strong>\u00a0 Vent&#8217;anni di Alfa Romeo Club Belluno,\u00a0 Sabato alle 15 ritrovo in via Tiziano Vecellio presso la concessionaria De Bona, trasferimento per i giochi di abilit\u00e0 alla guida della propria auto presso il piazzale autotrasporti Da Canal a Sedico, cena alla Buona Tavola al Peron di Sedico. info 333 2057393 o pagina facebook del club<\/p>\n<p>&nbsp;<\/p>\n<hr \/>\n<p>&nbsp;<\/p>\n<blockquote>\n<h3 dir=\"auto\">\u00a0L&#8217;ULTIMA DOMENICA AL CASTELLO DI ANDRAZ<\/h3>\n<\/blockquote>\n<p><strong>LIVINALLONGO <\/strong>Domenica 30 ottobre alle 15, per chiudere insieme la stagione. Castagne e vin brul\u00e9, e, per bambini e ragazzi (ma anche per chiunque volesse) ci saranno due turni di visita con letture animate. Il tema, visto il periodo, saranno i personaggi pi\u00f9 strani e misteriosi delle leggende ladine\u2026<\/p>\n<a href=\"https:\/\/www.radiopiu.net\/wordpress\/wp-content\/uploads\/2022\/10\/30ottobre.lab_.pdf\" class=\"pdfemb-viewer\" style=\"\" data-width=\"max\" data-height=\"max\" data-toolbar=\"top\" data-toolbar-fixed=\"on\">30ottobre.lab<\/a>\n<p>&nbsp;<\/p>\n<p>&nbsp;<\/p>\n<hr \/>\n<p>&nbsp;<\/p>\n<blockquote class=\"wp-embedded-content\" data-secret=\"3nKOnCinOM\"><p><a href=\"https:\/\/www.radiopiu.net\/wordpress\/tappa5\/\">IN VIAGGIO CON STEFANO  E PAOLO, FINO ALLA FINE DEL MONDO PER IL COMITATO POLLICINO.<\/a><\/p><\/blockquote>\n<p><iframe loading=\"lazy\" class=\"wp-embedded-content\" sandbox=\"allow-scripts\" security=\"restricted\" style=\"position: absolute; clip: rect(1px, 1px, 1px, 1px);\" title=\"&#8220;IN VIAGGIO CON STEFANO  E PAOLO, FINO ALLA FINE DEL MONDO PER IL COMITATO POLLICINO.&#8221; &#8212; Radio Pi\u00f9\" src=\"https:\/\/www.radiopiu.net\/wordpress\/tappa5\/embed\/#?secret=3v8zWYXB86#?secret=3nKOnCinOM\" data-secret=\"3nKOnCinOM\" width=\"600\" height=\"338\" frameborder=\"0\" marginwidth=\"0\" marginheight=\"0\" scrolling=\"no\"><\/iframe><\/p>\n<p>&nbsp;<\/p>\n<p>&nbsp;<\/p>\n<hr \/>\n<p>&nbsp;<\/p>\n<blockquote>\n<h3>LA VIA GLI SPETTACOLI DEL MISTERO<\/h3>\n<\/blockquote>\n<p><strong><a class=\"dt-pswp-item\" href=\"https:\/\/www.radiopiu.net\/wordpress\/wp-content\/uploads\/2022\/10\/DSC0458.jpg\" data-dt-img-description=\"\" data-large_image_width=\"1280\" data-large_image_height=\"854\"><img loading=\"lazy\" decoding=\"async\" class=\" wp-image-303168 alignleft\" src=\"https:\/\/www.radiopiu.net\/wordpress\/wp-content\/uploads\/2022\/10\/DSC0458-300x200.jpg\" alt=\"\" width=\"290\" height=\"193\" srcset=\"https:\/\/www.radiopiu.net\/wordpress\/wp-content\/uploads\/2022\/10\/DSC0458-300x200.jpg 300w, https:\/\/www.radiopiu.net\/wordpress\/wp-content\/uploads\/2022\/10\/DSC0458-1024x683.jpg 1024w, https:\/\/www.radiopiu.net\/wordpress\/wp-content\/uploads\/2022\/10\/DSC0458-768x512.jpg 768w, https:\/\/www.radiopiu.net\/wordpress\/wp-content\/uploads\/2022\/10\/DSC0458.jpg 1280w\" sizes=\"auto, (max-width: 290px) 100vw, 290px\" \/><\/a>BELLUNO<\/strong> <a class=\"dt-pswp-item\" href=\"https:\/\/www.radiopiu.net\/wordpress\/wp-content\/uploads\/2022\/10\/20211023_174056.jpg\" data-dt-img-description=\"\" data-large_image_width=\"0\" data-large_image_height=\"0\"><img loading=\"lazy\" decoding=\"async\" class=\"alignnone size-medium wp-image-303165\" src=\"https:\/\/www.radiopiu.net\/wordpress\/wp-content\/uploads\/2022\/10\/20211023_174056.jpg\" alt=\"\" width=\"1\" height=\"1\" \/><\/a>La prima data, quella provinciale, \u00e8 sabato 29 ottobre e, grazie all\u2019apporto della Pro loco Pieve Castionese, si terr\u00e0 proprio nel centro di Belluno, passando per le rive del Piave. L\u2019appuntamento s\u2019intitola \u201cGocce di mistero\u201d; una passeggiata che si avvarr\u00e0 della consulenza storica di Marco Perale. Riprendendo il fil rouge regionale, la camminata sar\u00e0 dedicata al legame inscindibile tra Belluno e l\u2019acqua. La citt\u00e0 e l\u2019intera provincia sorgono, infatti, lungo le rive del Piave, fiume che ha sempre rappresentato per questi luoghi l\u2019elemento vitale per la sussistenza, il lavoro e la difesa. Saranno approfonditi tre aspetti: l\u2019idromanzia, gli zattieri, le fontane.\u00a0 Si ripercoreranno i luoghi degli \u201cZater del Piave\u201d, coloro che portavano il legname dal Cadore a Venezia, passando per la dogana di Borgo Pr\u00e0 fino alle fontane \u201cballerine\u201d del centro storico. La partenza avverr\u00e0 a gruppi dalle 17.30 alle 19 e sar\u00e0 a numero limitato su prenotazione; per info 393 0560052, <a href=\"mailto:info@prolocopievecastionese.it\">info@prolocopievecastionese.it<\/a>. Lo stesso giorno ci saranno anche altri eventi: \u201cCavarnere presso l\u2019area turistica di Melere, a Soranzen \u201cLeggende e misteri d\u2019acqua\u201d, ai Laghetti della Rimonta di Bardies\u00a0 il magico fuoco del drago\u201d.<\/p>\n<p><a class=\"dt-pswp-item\" href=\"https:\/\/www.radiopiu.net\/wordpress\/wp-content\/uploads\/2022\/10\/20211023_174056.jpg\" data-dt-img-description=\"\" data-large_image_width=\"0\" data-large_image_height=\"0\"><img loading=\"lazy\" decoding=\"async\" class=\"alignnone size-medium wp-image-303165\" src=\"https:\/\/www.radiopiu.net\/wordpress\/wp-content\/uploads\/2022\/10\/20211023_174056.jpg\" alt=\"\" width=\"1\" height=\"1\" \/><\/a><\/p>\n<p>&nbsp;<\/p>\n<hr \/>\n<p>&nbsp;<\/p>\n<blockquote>\n<h3>NEL CUORE DEL LABIRINTO CON FRANCESCO SAURO E IL GRUPPO SPELEO CAI-FELTRE<\/h3>\n<\/blockquote>\n<p><strong><a class=\"dt-pswp-item\" href=\"https:\/\/www.radiopiu.net\/wordpress\/wp-content\/uploads\/2022\/10\/Senza-nome-58.jpg\" data-dt-img-description=\"\" data-large_image_width=\"282\" data-large_image_height=\"268\"><img loading=\"lazy\" decoding=\"async\" class=\"wp-image-302609 alignleft\" src=\"https:\/\/www.radiopiu.net\/wordpress\/wp-content\/uploads\/2022\/10\/Senza-nome-58.jpg\" alt=\"\" width=\"168\" height=\"160\" \/><\/a>FELTRE<\/strong> <span style=\"font-family: Tahoma, Verdana;\">Sabato 29 ottobre, alle\u00a0 21, presso l&#8217;auditorium dell&#8217;Istituto Canossiano di Feltre, Francesco Sauro, insegnante presso l&#8217;Universit\u00e0 di Bologna e consulente dell&#8217;Agenzia Spaziale Europea, condurr\u00e0 il pubblico alla scoperta delle grotte pi\u00f9 profonde ed estese delle Dolomiti, uno dei complessi carsici pi\u00f9 importanti d&#8217;Europa, che si sviluppa nelle profondit\u00e0 dei Piani Eterni, splendido altopiano carsico che si trova nel cuore del Parco Nazionale Dolomiti Bellunesi. Grotte\u00a0 esplorate da oltre trent&#8217;anni da diversi gruppi speleologici veneti, che si sono spinti fino ad oltre 1.000 metri di profondit\u00e0; il professor Sauro racconter\u00e0 la storia di questa lunga esplorazione, che riserva ogni anno nuove scoperte. L&#8217;ingresso alla serata \u00e8 libero<\/span><\/p>\n<p><a href=\"https:\/\/www.radiopiu.net\/wordpress\/wp-content\/uploads\/2022\/10\/francesco_sauro_25.webp\"><img loading=\"lazy\" decoding=\"async\" class=\"wp-image-302610 alignright\" src=\"https:\/\/www.radiopiu.net\/wordpress\/wp-content\/uploads\/2022\/10\/francesco_sauro_25-300x247.webp\" alt=\"\" width=\"172\" height=\"142\" srcset=\"https:\/\/www.radiopiu.net\/wordpress\/wp-content\/uploads\/2022\/10\/francesco_sauro_25-300x247.webp 300w, https:\/\/www.radiopiu.net\/wordpress\/wp-content\/uploads\/2022\/10\/francesco_sauro_25-768x632.webp 768w, https:\/\/www.radiopiu.net\/wordpress\/wp-content\/uploads\/2022\/10\/francesco_sauro_25.webp 877w\" sizes=\"auto, (max-width: 172px) 100vw, 172px\" \/><\/a><strong> Francesco Sauro<\/strong>, ha 30 anni ed \u00e8 un geologo veneto, appassionato di speleologia. Volto noto televisivo anche per le frequenti apparizioni nelle trasmissioni del compianto Piero Angela. In bacheca ha messo il premio Rolex Award for Enterprise\u00a0 che non \u00e8\u00a0 per tutti. Per conquistarlo bisogna essere inventivi, appassionati, caparbi. Bisogna soprattutto dimostrare spirito di iniziativa. Riconosciuto dal Time Magazine come uno dei giovani millenials che stanno avendo un impatto positivo sulla visione del nostro pianeta. In oltre quaranta spedizioni, ha esplorato grotte e canyon dal Sud America all\u2019Asia Centrale, guidando team multidisciplinari di ricercatori. Sauro ci ricorda nel suo ultimo libro \u201cIl Continente Buio\u201d di come si possa essere esploratori anche alle porte di casa, come \u00e8 avvenuto nella straordinaria epopea esplorativa del Sistema Carsico dei Piani Eterni nel Parco Nazionale Dolomiti Bellunesi. Si tratta della grotta pi\u00f9 profonda e lunga delle Dolomiti, una delle maggiori d\u2019Europa.<\/p>\n<p>&nbsp;<\/p>\n<p>&nbsp;<\/p>\n<p>&nbsp;<\/p>\n<hr \/>\n<p>&nbsp;<\/p>\n<blockquote>\n<h3>LA MESSA IN SUFFRAGIO DEI CADUTI DELLA MONTAGNA<\/h3>\n<\/blockquote>\n<p><strong><a class=\"dt-pswp-item\" href=\"https:\/\/www.radiopiu.net\/wordpress\/wp-content\/uploads\/2022\/10\/MessaCadutiMontagna2022-Coro.jpg\" data-dt-img-description=\"\" data-large_image_width=\"1181\" data-large_image_height=\"811\"><img loading=\"lazy\" decoding=\"async\" class=\"size-medium wp-image-303033 alignleft\" src=\"https:\/\/www.radiopiu.net\/wordpress\/wp-content\/uploads\/2022\/10\/MessaCadutiMontagna2022-Coro-300x206.jpg\" alt=\"\" width=\"300\" height=\"206\" srcset=\"https:\/\/www.radiopiu.net\/wordpress\/wp-content\/uploads\/2022\/10\/MessaCadutiMontagna2022-Coro-300x206.jpg 300w, https:\/\/www.radiopiu.net\/wordpress\/wp-content\/uploads\/2022\/10\/MessaCadutiMontagna2022-Coro-1024x703.jpg 1024w, https:\/\/www.radiopiu.net\/wordpress\/wp-content\/uploads\/2022\/10\/MessaCadutiMontagna2022-Coro-768x527.jpg 768w, https:\/\/www.radiopiu.net\/wordpress\/wp-content\/uploads\/2022\/10\/MessaCadutiMontagna2022-Coro.jpg 1181w\" sizes=\"auto, (max-width: 300px) 100vw, 300px\" \/><\/a>AGORDO<\/strong> Si rinnova anche quest\u2019anno l\u2019appuntamento di fine ottobre con la Santa Messa in suffragio dei Caduti della Montagna, celebrata nella chiesa arcidiaconale di Agordo da mons. Cesare Larese e accompagnata dai canti del \u201cCoro Agordo\u201d. L&#8217;appuntamento \u00e8 per domenica 30 ottobre alle 18. Una sentita cerimonia, voluta dal Coro Agordo, che riunisce ormai da 47 anni l\u2019intero Agordino con le vallate limitrofe e tanta altra gente &#8211; alpinisti e non &#8211; dalla provincia e da fuori nel ricordo degli Amici agordini caduti in montagna e di coloro che hanno perso la vita sulle montagne agordine. L\u2019iniziativa avviene come sempre in collaborazione con la Sezione Agordina del CAI, la Parrocchia di S. Maria Nascente, i Gruppi Rocciatori \u201cGIR\u201d di Agordo e \u201cVal Bio\u0301is\u201d, le Stazioni agordine del Corpo Nazionale Soccorso Alpino e il Gruppo Alpini Agordo-Rivamonte-Taibon. Anche quest&#8217;anno la Santa Messa verra\u0300 trasmessa, non solo in diretta radio FM, ma anche in diretta video. Potra\u0300, infatti, essere seguita in streaming sul sito internet radiopiu.net oppure sulle pagine facebook: Radiopiu\u0300, o Radio Piu\u0300 Emittente Agordina, o Sei di Agordo se.<\/p>\n<a href=\"https:\/\/www.radiopiu.net\/wordpress\/wp-content\/uploads\/2022\/10\/Invito-2022.pdf\" class=\"pdfemb-viewer\" style=\"\" data-width=\"max\" data-height=\"max\" data-toolbar=\"top\" data-toolbar-fixed=\"on\">Invito 2022<\/a>\n<p>&nbsp;<\/p>\n<hr \/>\n<p>&nbsp;<\/p>\n<blockquote>\n<h3>I CRISANTEMI PER AIUTARE VILLA SAN FRANCESCO E LA COOPERATIVA ARCOBALENO &#8217;89<\/h3>\n<\/blockquote>\n<p><strong><a class=\"dt-pswp-item\" href=\"https:\/\/www.radiopiu.net\/wordpress\/wp-content\/uploads\/2022\/10\/ea72a086-2445-44b4-abc3-a29a2c228687.jpg\" data-dt-img-description=\"\" data-large_image_width=\"600\" data-large_image_height=\"384\"><img loading=\"lazy\" decoding=\"async\" class=\" wp-image-302510 alignleft\" src=\"https:\/\/www.radiopiu.net\/wordpress\/wp-content\/uploads\/2022\/10\/ea72a086-2445-44b4-abc3-a29a2c228687-300x192.jpg\" alt=\"\" width=\"166\" height=\"106\" srcset=\"https:\/\/www.radiopiu.net\/wordpress\/wp-content\/uploads\/2022\/10\/ea72a086-2445-44b4-abc3-a29a2c228687-300x192.jpg 300w, https:\/\/www.radiopiu.net\/wordpress\/wp-content\/uploads\/2022\/10\/ea72a086-2445-44b4-abc3-a29a2c228687.jpg 600w\" sizes=\"auto, (max-width: 166px) 100vw, 166px\" \/><\/a>AGORDO<\/strong> Domenica 30 ottobre prossimo, dalle 9, sul sagrato della chiesa Santa Maria Nascente di Agordo, si svolger\u00e0 l\u2019ormai consueta vendita di crisantemi il cui ricavato andr\u00e0 a favore delle attivit\u00e0 della Comunit\u00e0 Alloggio \u201cVilla San Francesco\u201d di Facen di Pedavena e della collegata Cooperativa Arcobaleno\u201989. La \u201cComunit\u00e0 Villa S. Francesco\u201d nacque nel 1975 e da allora ospita bambini e ragazzi dai 6 ai 18 anni, in difficolt\u00e0 per problemi familiari, personali e bisognosi di riferimenti affettivi validi. Nella casa &#8211; comunit\u00e0 si cerca di far crescere i minori \u201cin sapienza\u201d, sviluppare le potenzialit\u00e0 personali, in un clima di stimolazione pedagogica e in un sano confronto con i pari e gli adulti. Nel 1986 inizia il progetto della cooperativa Arcobaleno \u201886. \u00c8 costituita da alcuni ragazzi svantaggiati, che accolti e aiutati a crescere, in maggiore et\u00e0 decidono di affrontare il loro e altrui futuro da protagonisti ed in forma associata, assieme a chi ha condiviso tratti significativi della loro vita, costituendo la prima cooperativa di solidariet\u00e0 sociale della provincia di Belluno. Oggi la Cooperativa si occupa di: attivit\u00e0 sociali, accoglienza ai giovani in difficolt\u00e0 per inserimenti sociali in contesti lavorativi, attivit\u00e0 culturali, ortofloricultura, manutenzione del verde, ceramiche decorate e raku, vetri artistici e bed &amp; breakfast. Comunit\u00e0 Alloggio e Cooperativa non ricevono sussidi da enti pubblici, ma bens\u00ec dalle entrate provenienti dalle loro attivit\u00e0 per cui ancor pi\u00f9 importante \u00e8 la possibilit\u00e0 di dimostrare concretamene la vicinanza a queste realt\u00e0 che si occupano del ben-essere dei minori e di adulti fragili e svantaggiati.<\/p>\n<h3><\/h3>\n<p>&nbsp;<\/p>\n<hr \/>\n<p>&nbsp;<\/p>\n<blockquote>\n<h3>DA SABATO 29 OTTOBRE LA MOSTRA &#8220;C&#8217;ERA UNA VOLTA IN ITALIA&#8221;<\/h3>\n<\/blockquote>\n<p><strong>BORGO VALBELLUNA<\/strong><\/p>\n<p>di Roberto Bona<\/p>\n<audio class=\"wp-audio-shortcode\" id=\"audio-303314-10\" preload=\"none\" style=\"width: 100%;\" controls=\"controls\"><source type=\"audio\/mpeg\" src=\"https:\/\/www.radiopiu.net\/wordpress\/wp-content\/uploads\/2022\/10\/gr-19-la-mostra-cera-una-volta-in-italia.mp3?_=10\" \/><a href=\"https:\/\/www.radiopiu.net\/wordpress\/wp-content\/uploads\/2022\/10\/gr-19-la-mostra-cera-una-volta-in-italia.mp3\">https:\/\/www.radiopiu.net\/wordpress\/wp-content\/uploads\/2022\/10\/gr-19-la-mostra-cera-una-volta-in-italia.mp3<\/a><\/audio>\n<p>&nbsp;<\/p>\n<p>&nbsp;<\/p>\n<hr \/>\n<p>&nbsp;<\/p>\n<blockquote>\n<h3>IERI ALLA RADIO<\/h3>\n<p>SE NON LA SMETTI DI MANDO DAL PRESIDE, SECONDA PUNTATA\u00a0 2022<\/p>\n<h3>con la prof. Maria Rosa Salmazo<\/h3>\n<\/blockquote>\n<audio class=\"wp-audio-shortcode\" id=\"audio-303314-11\" preload=\"none\" style=\"width: 100%;\" controls=\"controls\"><source type=\"audio\/mpeg\" src=\"https:\/\/www.radiopiu.net\/wordpress\/wp-content\/uploads\/2022\/10\/ti-mando-dal-preside-2-puntata.mp3?_=11\" \/><a href=\"https:\/\/www.radiopiu.net\/wordpress\/wp-content\/uploads\/2022\/10\/ti-mando-dal-preside-2-puntata.mp3\">https:\/\/www.radiopiu.net\/wordpress\/wp-content\/uploads\/2022\/10\/ti-mando-dal-preside-2-puntata.mp3<\/a><\/audio>\n<p>&nbsp;<\/p>\n<p>&nbsp;<\/p>\n<hr \/>\n<p>&nbsp;<\/p>\n<blockquote>\n<h3>DA AGORDO LA CASETTA DELLE API DONATA DALLA POMI&#8217;<\/h3>\n<\/blockquote>\n<p><strong>AGORDO<\/strong> Il marchio Darwin Garden arriva a Martignana Casalmaggiore con la casetta delle api, un progetto del Comune con l&#8217;associazione Sentinelle sulle Mura. Ricalca un modello centenario di apiario sloveno, costruita in via Ceramasse dal team dell&#8217;imprenditore Claudio Farenzena che ha meritato un bell&#8217;articolo su &#8220;La Provincia di Cremona&#8221;<\/p>\n<p>&nbsp;<\/p>\n\n\t\t\t<style type='text\/css'>\n\t\t\t\t#gallery-4 {\n\t\t\t\t\tmargin: auto;\n\t\t\t\t}\n\t\t\t\t#gallery-4 .gallery-item {\n\t\t\t\t\tfloat: left;\n\t\t\t\t\tmargin-top: 10px;\n\t\t\t\t\ttext-align: center;\n\t\t\t\t\twidth: 50%;\n\t\t\t\t}\n\t\t\t\t#gallery-4 img {\n\t\t\t\t\tborder: 2px solid #cfcfcf;\n\t\t\t\t}\n\t\t\t\t#gallery-4 .gallery-caption {\n\t\t\t\t\tmargin-left: 0;\n\t\t\t\t}\n\t\t\t\t\/* see gallery_shortcode() in wp-includes\/media.php *\/\n\t\t\t<\/style>\n\t\t<div id='gallery-4' class='dt-gallery-container gallery galleryid-303314 gallery-columns-2 gallery-size-thumbnail'><dl class='gallery-item'>\n\t\t\t\t<dt class='gallery-icon landscape'>\n\t\t\t\t\t<a class=\"rollover rollover-zoom dt-pswp-item\" title=\"78b15b4f-57be-4f31-b9c2-ed10eaf305af\" data-dt-img-description=\"\" data-large_image_width=\"1600\" data-large_image_height=\"1200\"href='https:\/\/www.radiopiu.net\/wordpress\/wp-content\/uploads\/2022\/10\/78b15b4f-57be-4f31-b9c2-ed10eaf305af.jpg'><img loading=\"lazy\" decoding=\"async\" width=\"150\" height=\"150\" src=\"https:\/\/www.radiopiu.net\/wordpress\/wp-content\/uploads\/2022\/10\/78b15b4f-57be-4f31-b9c2-ed10eaf305af-150x150.jpg\" class=\"attachment-thumbnail size-thumbnail\" alt=\"\" \/><\/a>\n\t\t\t\t<\/dt><\/dl><dl class='gallery-item'>\n\t\t\t\t<dt class='gallery-icon landscape'>\n\t\t\t\t\t<a class=\"rollover rollover-zoom dt-pswp-item\" title=\"a60d8d20-2d0f-4792-97b7-b7d1ccea8c62\" data-dt-img-description=\"\" data-large_image_width=\"1600\" data-large_image_height=\"899\"href='https:\/\/www.radiopiu.net\/wordpress\/wp-content\/uploads\/2022\/10\/a60d8d20-2d0f-4792-97b7-b7d1ccea8c62.jpg'><img loading=\"lazy\" decoding=\"async\" width=\"150\" height=\"150\" src=\"https:\/\/www.radiopiu.net\/wordpress\/wp-content\/uploads\/2022\/10\/a60d8d20-2d0f-4792-97b7-b7d1ccea8c62-150x150.jpg\" class=\"attachment-thumbnail size-thumbnail\" alt=\"\" \/><\/a>\n\t\t\t\t<\/dt><\/dl><br style=\"clear: both\" \/>\n\t\t\t<\/div>\n\n<p>&nbsp;<\/p>\n<a href=\"https:\/\/www.radiopiu.net\/wordpress\/wp-content\/uploads\/2022\/10\/ApiMartignana.pdf\" class=\"pdfemb-viewer\" style=\"\" data-width=\"max\" data-height=\"max\" data-toolbar=\"top\" data-toolbar-fixed=\"on\">ApiMartignana<\/a>\n<p>&nbsp;<\/p>\n<p>&nbsp;<\/p>\n<hr \/>\n<p>&nbsp;<\/p>\n<blockquote>\n<h2>INCREDIBILE: QUANDO NEL CANAL DEL MIS ERA IMPRESA DIFFICILE IL MORIRE COME IL NASCERE<\/h2>\n<\/blockquote>\n<p><strong>di\u00a0 RENATO BONA<\/strong><\/p>\n<p>Concludiamo con questo servizio la tappa del \u201cviaggio\u201d alla scoperta della localit\u00e0 I Stua, in Val del Mis, guidati dal libro intitolato: \u201cUna storia, tante storie\u201d, curato per La Biblioteca civica di Sospirolo, l\u2019associazione pro loco \u201cMonti del Sole\u201d ed il Parco nazionale Dolomiti Bellunesi, dalla benemerita Pieranna Casanova con varie preziose collaborazioni. Una curiosit\u00e0: ricordando che i funerali per la gente de I Stua erano celebrati nella Parrocchia di Tiser, dove i morti venivano sepolti, portati a spalla, a piedi, con grandi difficolt\u00e0, soprattutto se la morte sopraggiungeva con il freddo e con il brutto tempo, Casanova richiama la figura di Pietro Paganin che \u201cebbe la sfortuna e non solo per se stesso, di morire durante l\u2019inverno del 1909, in un periodo in cui era caduta parecchia neve, e i famigliari lo tennero per molti giorni in soffitta prima di poterlo seppellire nel cimitero di Tiser\u201d. E fa scrivere all\u2019autrice del libro che: \u201cIl morire, al pari del nascere era davvero un\u2019impresa difficile nel Canal del Mis. Durante il periodo del lutto i famigliari continuavano a indossare quello che avevano perch\u00e9 non potevano permettersi spese. Le donne, se potevano, si vestivano di nero e continuavano a farlo anche per tutta la vita. Gli uomini mettevano al bavero della giacca o sulla manica una fettuccia nera o infilavano un particolare grosso bottone nero in un occhiello. In situazioni di lutto e di sofferenza si esprimeva tutta la solidariet\u00e0 della gente del Canale\u201d. Le difficili situazioni ambientali facevano s\u00ec che ogni famiglia dipendesse dalle altre e ci\u00f2 suscitava immediati, spontanei gesti di aiuto e condivisione sia in caso di disgrazie che in quello di lavori particolarmente impegnativi. In casa di una persona ammalata non si acquistavano per lungo tempo generi alimentari tipo zucchero, burro, caff\u00e8\u2026 \u201cperch\u00e9 portati come dono dalle numerose persone che andavano in visita\u201d. Un caso eccezionale quello che riguard\u00f2 Ettore Casanova: colpito dalla lebbra, la Banda di Sospirolo sal\u00ec fino a Gena Alta a suonare per lui! Poco lontano dalla casa de I Stua, i Paganin esercitarono il loro ingegno costruendo un mulino ad acqua che attivava la mola per affilare gli attrezzi, la macina per fare farina da polenta, la segheria con una \u201cveneziana\u201d (sega alternativa) ed una sega a nastro, la fucina in cui venivano lavorati i metalli. Oltre a questo, funzionava una centralina per la corrente elettrica prodotta a partire dal 1922. Il tutto veniva azionato da una turbina idraulica utilizzando l\u2019acqua del Rui Bianch incanalata in parte in una condotta forzata. Punto di sosta per gli uomini che si addentravano nella parte pi\u00f9 stretta del Canale era l\u2019osteria, seconda tappa dopo l\u2019Hotel di Gena Bassa e prima dell\u2019Osteria de I Scal\u00e9t. Pieranna Casanova non trascura di ricordare che la vita a I Stua si ferm\u00f2 con il nubifragio del 4 novembre 1966. La gente si era rifugiata sotto le crode della montagna dalla quale peraltro cadevano sassi pericolosi tanto da convincerla a tornarsene a casa dove, cessati pioggia e vento, dovette assistere al terribile spettacolo del Mis in piena che trasportava i tetti delle case di California. I soccorsi arrivarono dopo qualche giorno e cos\u00ec fu possibile fra l\u2019altro caricare su una lettiga Maria De Don\u00e0, anziana e malata. Solo a dicembre i Paganin tornarono a I Stua e \u201cimpiegarono una giornata intera a portar via le loro auto, passando sul \u2018tetto di ghiaia\u2019 abbandonata dal Mis e attraversando in pi\u00f9 punti il torrente su ponti improvvisati con alcune tavole\u201d. Rammenta poi che I Stua era l\u2019ultima localit\u00e0 abitata del lungo tratto di Canale serrato dalle montagne,. tra rocce altissime e strapiombanti, animato solo dalle impetuose acque del torrente Mis. Prima del 1919, cio\u00e8 della nuova strada, attraversare il Canale per raggiungere la parte alta della Val del Mis era \u201cun\u2019impresa davvero coraggiosa, possibile in alcuni punti solo a piedi, una persona alla volta\u201d. Ed il passaggio pi\u00f9 difficile era nella gola dei Serrai dove si restringeva riducendo il fondovalle ad una decina di metri di larghezza\u2026\u201d<\/p>\n\n\t\t\t<style type='text\/css'>\n\t\t\t\t#gallery-5 {\n\t\t\t\t\tmargin: auto;\n\t\t\t\t}\n\t\t\t\t#gallery-5 .gallery-item {\n\t\t\t\t\tfloat: left;\n\t\t\t\t\tmargin-top: 10px;\n\t\t\t\t\ttext-align: center;\n\t\t\t\t\twidth: 16%;\n\t\t\t\t}\n\t\t\t\t#gallery-5 img {\n\t\t\t\t\tborder: 2px solid #cfcfcf;\n\t\t\t\t}\n\t\t\t\t#gallery-5 .gallery-caption {\n\t\t\t\t\tmargin-left: 0;\n\t\t\t\t}\n\t\t\t\t\/* see gallery_shortcode() in wp-includes\/media.php *\/\n\t\t\t<\/style>\n\t\t<div id='gallery-5' class='dt-gallery-container gallery galleryid-303314 gallery-columns-6 gallery-size-thumbnail'><dl class='gallery-item'>\n\t\t\t\t<dt class='gallery-icon portrait'>\n\t\t\t\t\t<a class=\"rollover rollover-zoom dt-pswp-item\" title=\"312410018_677036677099641_2265789105051734868_n\" data-dt-img-description=\"\" data-large_image_width=\"159\" data-large_image_height=\"225\"href='https:\/\/www.radiopiu.net\/wordpress\/wp-content\/uploads\/2022\/10\/312410018_677036677099641_2265789105051734868_n.jpg'><img loading=\"lazy\" decoding=\"async\" width=\"150\" height=\"150\" src=\"https:\/\/www.radiopiu.net\/wordpress\/wp-content\/uploads\/2022\/10\/312410018_677036677099641_2265789105051734868_n-150x150.jpg\" class=\"attachment-thumbnail size-thumbnail\" alt=\"\" \/><\/a>\n\t\t\t\t<\/dt><\/dl><dl class='gallery-item'>\n\t\t\t\t<dt class='gallery-icon landscape'>\n\t\t\t\t\t<a class=\"rollover rollover-zoom dt-pswp-item\" title=\"307330824_3281336638811769_3619996132556638833_n\" data-dt-img-description=\"\" data-large_image_width=\"235\" data-large_image_height=\"201\"href='https:\/\/www.radiopiu.net\/wordpress\/wp-content\/uploads\/2022\/10\/307330824_3281336638811769_3619996132556638833_n.jpg'><img loading=\"lazy\" decoding=\"async\" width=\"150\" height=\"150\" src=\"https:\/\/www.radiopiu.net\/wordpress\/wp-content\/uploads\/2022\/10\/307330824_3281336638811769_3619996132556638833_n-150x150.jpg\" class=\"attachment-thumbnail size-thumbnail\" alt=\"\" \/><\/a>\n\t\t\t\t<\/dt><\/dl><dl class='gallery-item'>\n\t\t\t\t<dt class='gallery-icon landscape'>\n\t\t\t\t\t<a class=\"rollover rollover-zoom dt-pswp-item\" title=\"311932085_1225396371356542_3605232776044778028_n\" data-dt-img-description=\"\" data-large_image_width=\"310\" data-large_image_height=\"206\"href='https:\/\/www.radiopiu.net\/wordpress\/wp-content\/uploads\/2022\/10\/311932085_1225396371356542_3605232776044778028_n.jpg'><img loading=\"lazy\" decoding=\"async\" width=\"150\" height=\"150\" src=\"https:\/\/www.radiopiu.net\/wordpress\/wp-content\/uploads\/2022\/10\/311932085_1225396371356542_3605232776044778028_n-150x150.jpg\" class=\"attachment-thumbnail size-thumbnail\" alt=\"\" \/><\/a>\n\t\t\t\t<\/dt><\/dl><dl class='gallery-item'>\n\t\t\t\t<dt class='gallery-icon portrait'>\n\t\t\t\t\t<a class=\"rollover rollover-zoom dt-pswp-item\" title=\"309901333_1160192811246562_4898904868397769986_n\" data-dt-img-description=\"\" data-large_image_width=\"155\" data-large_image_height=\"206\"href='https:\/\/www.radiopiu.net\/wordpress\/wp-content\/uploads\/2022\/10\/309901333_1160192811246562_4898904868397769986_n.jpg'><img loading=\"lazy\" decoding=\"async\" width=\"150\" height=\"150\" src=\"https:\/\/www.radiopiu.net\/wordpress\/wp-content\/uploads\/2022\/10\/309901333_1160192811246562_4898904868397769986_n-150x150.jpg\" class=\"attachment-thumbnail size-thumbnail\" alt=\"\" \/><\/a>\n\t\t\t\t<\/dt><\/dl><dl class='gallery-item'>\n\t\t\t\t<dt class='gallery-icon portrait'>\n\t\t\t\t\t<a class=\"rollover rollover-zoom dt-pswp-item\" title=\"311925679_415871604077159_8481079016922286521_n\" data-dt-img-description=\"\" data-large_image_width=\"158\" data-large_image_height=\"225\"href='https:\/\/www.radiopiu.net\/wordpress\/wp-content\/uploads\/2022\/10\/311925679_415871604077159_8481079016922286521_n.jpg'><img loading=\"lazy\" decoding=\"async\" width=\"150\" height=\"150\" src=\"https:\/\/www.radiopiu.net\/wordpress\/wp-content\/uploads\/2022\/10\/311925679_415871604077159_8481079016922286521_n-150x150.jpg\" class=\"attachment-thumbnail size-thumbnail\" alt=\"\" \/><\/a>\n\t\t\t\t<\/dt><\/dl><dl class='gallery-item'>\n\t\t\t\t<dt class='gallery-icon landscape'>\n\t\t\t\t\t<a class=\"rollover rollover-zoom dt-pswp-item\" title=\"311058141_2315962308581631_4931599168627171356_n\" data-dt-img-description=\"\" data-large_image_width=\"320\" data-large_image_height=\"200\"href='https:\/\/www.radiopiu.net\/wordpress\/wp-content\/uploads\/2022\/10\/311058141_2315962308581631_4931599168627171356_n.jpg'><img loading=\"lazy\" decoding=\"async\" width=\"150\" height=\"150\" src=\"https:\/\/www.radiopiu.net\/wordpress\/wp-content\/uploads\/2022\/10\/311058141_2315962308581631_4931599168627171356_n-150x150.jpg\" class=\"attachment-thumbnail size-thumbnail\" alt=\"\" \/><\/a>\n\t\t\t\t<\/dt><\/dl><br style=\"clear: both\" \/><dl class='gallery-item'>\n\t\t\t\t<dt class='gallery-icon landscape'>\n\t\t\t\t\t<a class=\"rollover rollover-zoom dt-pswp-item\" title=\"311292518_930218751272933_1567035017433871476_n\" data-dt-img-description=\"\" data-large_image_width=\"280\" data-large_image_height=\"201\"href='https:\/\/www.radiopiu.net\/wordpress\/wp-content\/uploads\/2022\/10\/311292518_930218751272933_1567035017433871476_n.jpg'><img loading=\"lazy\" decoding=\"async\" width=\"150\" height=\"150\" src=\"https:\/\/www.radiopiu.net\/wordpress\/wp-content\/uploads\/2022\/10\/311292518_930218751272933_1567035017433871476_n-150x150.jpg\" class=\"attachment-thumbnail size-thumbnail\" alt=\"\" \/><\/a>\n\t\t\t\t<\/dt><\/dl><dl class='gallery-item'>\n\t\t\t\t<dt class='gallery-icon landscape'>\n\t\t\t\t\t<a class=\"rollover rollover-zoom dt-pswp-item\" title=\"310997505_831912844909015_2408207733686756425_n\" data-dt-img-description=\"\" data-large_image_width=\"370\" data-large_image_height=\"205\"href='https:\/\/www.radiopiu.net\/wordpress\/wp-content\/uploads\/2022\/10\/310997505_831912844909015_2408207733686756425_n.jpg'><img loading=\"lazy\" decoding=\"async\" width=\"150\" height=\"150\" src=\"https:\/\/www.radiopiu.net\/wordpress\/wp-content\/uploads\/2022\/10\/310997505_831912844909015_2408207733686756425_n-150x150.jpg\" class=\"attachment-thumbnail size-thumbnail\" alt=\"\" \/><\/a>\n\t\t\t\t<\/dt><\/dl><dl class='gallery-item'>\n\t\t\t\t<dt class='gallery-icon portrait'>\n\t\t\t\t\t<a class=\"rollover rollover-zoom dt-pswp-item\" title=\"311280788_496968962394549_1937065800466739079_n\" data-dt-img-description=\"\" data-large_image_width=\"203\" data-large_image_height=\"206\"href='https:\/\/www.radiopiu.net\/wordpress\/wp-content\/uploads\/2022\/10\/311280788_496968962394549_1937065800466739079_n.jpg'><img loading=\"lazy\" decoding=\"async\" width=\"150\" height=\"150\" src=\"https:\/\/www.radiopiu.net\/wordpress\/wp-content\/uploads\/2022\/10\/311280788_496968962394549_1937065800466739079_n-150x150.jpg\" class=\"attachment-thumbnail size-thumbnail\" alt=\"\" \/><\/a>\n\t\t\t\t<\/dt><\/dl><dl class='gallery-item'>\n\t\t\t\t<dt class='gallery-icon portrait'>\n\t\t\t\t\t<a class=\"rollover rollover-zoom dt-pswp-item\" title=\"311422820_1986904081700800_236611917087177488_n\" data-dt-img-description=\"\" data-large_image_width=\"151\" data-large_image_height=\"260\"href='https:\/\/www.radiopiu.net\/wordpress\/wp-content\/uploads\/2022\/10\/311422820_1986904081700800_236611917087177488_n.jpg'><img loading=\"lazy\" decoding=\"async\" width=\"150\" height=\"150\" src=\"https:\/\/www.radiopiu.net\/wordpress\/wp-content\/uploads\/2022\/10\/311422820_1986904081700800_236611917087177488_n-150x150.jpg\" class=\"attachment-thumbnail size-thumbnail\" alt=\"\" \/><\/a>\n\t\t\t\t<\/dt><\/dl><dl class='gallery-item'>\n\t\t\t\t<dt class='gallery-icon portrait'>\n\t\t\t\t\t<a class=\"rollover rollover-zoom dt-pswp-item\" title=\"312316743_1340165143419483_1226893738682021906_n\" data-dt-img-description=\"\" data-large_image_width=\"150\" data-large_image_height=\"240\"href='https:\/\/www.radiopiu.net\/wordpress\/wp-content\/uploads\/2022\/10\/312316743_1340165143419483_1226893738682021906_n.jpg'><img loading=\"lazy\" decoding=\"async\" width=\"150\" height=\"150\" src=\"https:\/\/www.radiopiu.net\/wordpress\/wp-content\/uploads\/2022\/10\/312316743_1340165143419483_1226893738682021906_n-150x150.jpg\" class=\"attachment-thumbnail size-thumbnail\" alt=\"\" \/><\/a>\n\t\t\t\t<\/dt><\/dl><dl class='gallery-item'>\n\t\t\t\t<dt class='gallery-icon landscape'>\n\t\t\t\t\t<a class=\"rollover rollover-zoom dt-pswp-item\" title=\"311421371_424806179833023_5520646032388064207_n\" data-dt-img-description=\"\" data-large_image_width=\"320\" data-large_image_height=\"203\"href='https:\/\/www.radiopiu.net\/wordpress\/wp-content\/uploads\/2022\/10\/311421371_424806179833023_5520646032388064207_n.jpg'><img loading=\"lazy\" decoding=\"async\" width=\"150\" height=\"150\" src=\"https:\/\/www.radiopiu.net\/wordpress\/wp-content\/uploads\/2022\/10\/311421371_424806179833023_5520646032388064207_n-150x150.jpg\" class=\"attachment-thumbnail size-thumbnail\" alt=\"\" \/><\/a>\n\t\t\t\t<\/dt><\/dl><br style=\"clear: both\" \/>\n\t\t\t<\/div>\n\n<p>. NELLE FOTO (riproduzioni dal libro di Pieranna Casanova \u201cUna storia, tante storie. La vita e la gente del Canal del Mis): fermata della corriera a I Stua, anni \u201850, dove vediamo Iole Ciet (a sinistra) e Mariuccia Redi; Graziella (a sinistra) e Luigina Moretti all\u2019Osteria de I Stua, anni \u201860; cresimati (sorelle Moretti) e padrini a I Stua, da sinistra: Stefano e Carlotta Casanova (con Luigina, Antonia dal Peron con Germana, Maria Case con Graziella, anni \u201850; Germano (a sinistra) e Cesare Moretti al capitello di Sant\u2019Antonio a I Stua, primi anni \u201860; Erminia (a sinistra) e Alfonsina, figlie di Luigi Paganin, fine anni \u201850; alluvione del 4 novembre 1966: salvataggio di Maria De Don\u00e0 a I Stue; la sega \u201cveneziana\u201d ormai in rovina a I Stue, anni \u201880; altro momento del salvataggio della De Don\u00e0 da I Stua verso I Pissa; ancora operazioni di soccorso; uomini all\u2019Osteria de I Stua; immagini de i Serrai e ponticelli in legno per l\u2019attraversamento del Mis nel 1919; il confine di Stato tra il Regno d\u2019Italia e l\u2019Impero Austro-Ungarico vicino a California: \u00e8 l\u2019anno 1919.<\/p>\n<p>&nbsp;<\/p>\n<hr \/>\n<p>&nbsp;<\/p>\n<div>\n<div class=\"b654a4as d2edcug0\">\n<div class=\"rq0escxv hkbzh7o3 jwdofwj8 n8tt0mok r8blr3vg hyh9befq\">\n<p><a class=\"dt-pswp-item\" href=\"https:\/\/www.radiopiu.net\/wordpress\/wp-content\/uploads\/2020\/10\/pp.jpg\" data-dt-img-description=\"\" data-large_image_width=\"640\" data-large_image_height=\"640\"><img loading=\"lazy\" decoding=\"async\" class=\"wp-image-163678 alignleft\" src=\"https:\/\/www.radiopiu.net\/wordpress\/wp-content\/uploads\/2020\/10\/pp-300x300.jpg\" alt=\"\" width=\"106\" height=\"106\" srcset=\"https:\/\/www.radiopiu.net\/wordpress\/wp-content\/uploads\/2020\/10\/pp-300x300.jpg 300w, https:\/\/www.radiopiu.net\/wordpress\/wp-content\/uploads\/2020\/10\/pp-150x150.jpg 150w, https:\/\/www.radiopiu.net\/wordpress\/wp-content\/uploads\/2020\/10\/pp-125x125.jpg 125w, https:\/\/www.radiopiu.net\/wordpress\/wp-content\/uploads\/2020\/10\/pp-200x200.jpg 200w, https:\/\/www.radiopiu.net\/wordpress\/wp-content\/uploads\/2020\/10\/pp-80x80.jpg 80w, https:\/\/www.radiopiu.net\/wordpress\/wp-content\/uploads\/2020\/10\/pp-480x480.jpg 480w, https:\/\/www.radiopiu.net\/wordpress\/wp-content\/uploads\/2020\/10\/pp.jpg 640w\" sizes=\"auto, (max-width: 106px) 100vw, 106px\" \/><\/a><\/p>\n<\/div>\n<\/div>\n<\/div>\n<div>\n<div class=\"page-title-head hgroup\">\n<div class=\"page-title-head hgroup\">\n<div class=\"b654a4as d2edcug0\">\n<div class=\"j83agx80 btwxx1t3 lhclo0ds hop8lmos nkwizq5d scwd0bx6 roh60bw9\">\n<div class=\"rq0escxv hkbzh7o3 jwdofwj8 n8tt0mok r8blr3vg hyh9befq\">\n<div class=\"do00u71z l9j0dhe7 k4urcfbm\">\n<h2><span style=\"color: #000080;\">DON CESARE, IL PENSIERO DEL GIORNO. ALLA RADIO ALLE 7 DEL MATTINO E ALLE 19.30 DELLA SERA.\u00a0<\/span><\/h2>\n<p>&nbsp;<\/p>\n<p>&nbsp;<\/p>\n<p>&nbsp;<\/p>\n<p>&nbsp;<\/p>\n<hr \/>\n<p>&nbsp;<\/p>\n<h2><span style=\"color: #ff6600;\">COLLAGE OPERAZIONE NOSTALGIA<\/span><\/h2>\n<p><strong><a class=\"dt-pswp-item\" href=\"https:\/\/www.radiopiu.net\/wordpress\/wp-content\/uploads\/2022\/10\/Venus.jpg\" data-dt-img-description=\"\" data-large_image_width=\"480\" data-large_image_height=\"360\"><img loading=\"lazy\" decoding=\"async\" class=\" wp-image-302794 alignleft\" src=\"https:\/\/www.radiopiu.net\/wordpress\/wp-content\/uploads\/2022\/10\/Venus-300x225.jpg\" alt=\"\" width=\"133\" height=\"100\" srcset=\"https:\/\/www.radiopiu.net\/wordpress\/wp-content\/uploads\/2022\/10\/Venus-300x225.jpg 300w, https:\/\/www.radiopiu.net\/wordpress\/wp-content\/uploads\/2022\/10\/Venus.jpg 480w\" sizes=\"auto, (max-width: 133px) 100vw, 133px\" \/><\/a>di Loris Scussel<\/strong><\/p>\n<p>Saranno i brani il cui titolo inizia con le lettere R, S, T, U, V a comporre il \u201cCollage\u201d di questa settimana, inizieremo con \u201cRider\u00e0\u201d di Little Tony poi \u201cS. Francisco\u201d di Scott Mc Kenzie, \u201cTema\u201d dei Giganti, \u201cUn\u2019avventura\u201d di Lucio Battisti, \u201cVenus\u201d degli Shocking Blue solo per citare alcuni titoli dei brani in scaletta. Collage va in onda dal luned\u00ec al venerd\u00ec alle 16,00 e alle 23,00 naturalmente su Radio Pi\u00f9.<\/p>\n<p><strong>LA PUNTATA DI LUNEDI N\u00b0646<\/strong><\/p>\n<audio class=\"wp-audio-shortcode\" id=\"audio-303314-12\" preload=\"none\" style=\"width: 100%;\" controls=\"controls\"><source type=\"audio\/mpeg\" src=\"https:\/\/www.radiopiu.net\/wordpress\/wp-content\/uploads\/2022\/10\/Collage-646.mp3?_=12\" \/><a href=\"https:\/\/www.radiopiu.net\/wordpress\/wp-content\/uploads\/2022\/10\/Collage-646.mp3\">https:\/\/www.radiopiu.net\/wordpress\/wp-content\/uploads\/2022\/10\/Collage-646.mp3<\/a><\/audio>\n<p><strong>LA PUNTATA DI MARTEDI n\u00b0647<\/strong><\/p>\n<audio class=\"wp-audio-shortcode\" id=\"audio-303314-13\" preload=\"none\" style=\"width: 100%;\" controls=\"controls\"><source type=\"audio\/mpeg\" src=\"https:\/\/www.radiopiu.net\/wordpress\/wp-content\/uploads\/2022\/10\/Collage-647.mp3?_=13\" \/><a href=\"https:\/\/www.radiopiu.net\/wordpress\/wp-content\/uploads\/2022\/10\/Collage-647.mp3\">https:\/\/www.radiopiu.net\/wordpress\/wp-content\/uploads\/2022\/10\/Collage-647.mp3<\/a><\/audio>\n<p><strong>LA PUNTATA DI MERCOLEDI n\u00b0648<\/strong><\/p>\n<audio class=\"wp-audio-shortcode\" id=\"audio-303314-14\" preload=\"none\" style=\"width: 100%;\" controls=\"controls\"><source type=\"audio\/mpeg\" src=\"https:\/\/www.radiopiu.net\/wordpress\/wp-content\/uploads\/2022\/10\/Collage-648.mp3?_=14\" \/><a href=\"https:\/\/www.radiopiu.net\/wordpress\/wp-content\/uploads\/2022\/10\/Collage-648.mp3\">https:\/\/www.radiopiu.net\/wordpress\/wp-content\/uploads\/2022\/10\/Collage-648.mp3<\/a><\/audio>\n<p>&nbsp;<\/p>\n<p>&nbsp;<\/p>\n<hr \/>\n<p>&nbsp;<\/p>\n<div>\n<blockquote class=\"wp-embedded-content\" data-secret=\"UifUDndh6y\"><p><a href=\"https:\/\/www.radiopiu.net\/wordpress\/odio-la-radio-dieci-anni-dopo-di-mirko-mezzacasa\/\">&#8220;ODIO LA RADIO&#8221;&#8230; DIECI ANNI DOPO, di Mirko Mezzacasa<\/a><\/p><\/blockquote>\n<p><iframe loading=\"lazy\" class=\"wp-embedded-content\" sandbox=\"allow-scripts\" security=\"restricted\" style=\"position: absolute; clip: rect(1px, 1px, 1px, 1px);\" title=\"&#8220;&#8220;ODIO LA RADIO&#8221;&#8230; DIECI ANNI DOPO, di Mirko Mezzacasa&#8221; &#8212; Radio Pi\u00f9\" src=\"https:\/\/www.radiopiu.net\/wordpress\/odio-la-radio-dieci-anni-dopo-di-mirko-mezzacasa\/embed\/#?secret=ZE3sLrK7Qx#?secret=UifUDndh6y\" data-secret=\"UifUDndh6y\" width=\"600\" height=\"338\" frameborder=\"0\" marginwidth=\"0\" marginheight=\"0\" scrolling=\"no\"><\/iframe><\/p>\n<p>&nbsp;<\/p>\n<p>&nbsp;<\/p>\n<hr \/>\n<p>&nbsp;<\/p>\n<p><strong>OGNI GIORNO IL MERCATINO A RADIO PIU&#8217;, AL QUARANTESIMO MINUTO. IL PUNTO DI RIFERIMENTO PER CHI OFFRE O CERCA LAVORO NELL&#8217;ARCO DOLOMITICO, CENTINAIA DI VISUALIZZAZIONI AL GIORNO SUL SITO INTERNET, IN AUDIO ALLA RADIO E IN STREAMING IL TUTTO IL MONDO. IL MERCATINO DI RADIO PIU, PER INSERIRE I TUOI ANNUNCI SCRIVI A <span style=\"color: #0000ff;\">radiopiu@radiopiu.it<\/span><\/strong><\/p>\n<blockquote class=\"wp-embedded-content\" data-secret=\"OcJ9B3four\"><p><a href=\"https:\/\/www.radiopiu.net\/wordpress\/mercatino-e-mercatino-delle-pulci-per-i-vostri-annunci-radiopiuradiopiu-it\/\">MERCATINO<\/a><\/p><\/blockquote>\n<p><iframe loading=\"lazy\" class=\"wp-embedded-content\" sandbox=\"allow-scripts\" security=\"restricted\" style=\"position: absolute; clip: rect(1px, 1px, 1px, 1px);\" title=\"&#8220;MERCATINO&#8221; &#8212; Radio Pi\u00f9\" src=\"https:\/\/www.radiopiu.net\/wordpress\/mercatino-e-mercatino-delle-pulci-per-i-vostri-annunci-radiopiuradiopiu-it\/embed\/#?secret=pkqOGw8bze#?secret=OcJ9B3four\" data-secret=\"OcJ9B3four\" width=\"600\" height=\"338\" frameborder=\"0\" marginwidth=\"0\" marginheight=\"0\" scrolling=\"no\"><\/iframe><\/p>\n<\/div>\n<p>&nbsp;<\/p>\n<p>&nbsp;<\/p>\n<div>\n<hr \/>\n<p>&nbsp;<\/p>\n<p><img loading=\"lazy\" decoding=\"async\" class=\"aligncenter wp-image-61954 size-full\" src=\"https:\/\/www.radiopiu.net\/wordpress\/wp-content\/uploads\/2018\/09\/viabilita.jpeg\" sizes=\"auto, (max-width: 800px) 100vw, 800px\" srcset=\"https:\/\/www.radiopiu.net\/wordpress\/wp-content\/uploads\/2018\/09\/viabilita.jpeg 800w, https:\/\/www.radiopiu.net\/wordpress\/wp-content\/uploads\/2018\/09\/viabilita-300x38.jpeg 300w, https:\/\/www.radiopiu.net\/wordpress\/wp-content\/uploads\/2018\/09\/viabilita-768x96.jpeg 768w\" alt=\"\" width=\"800\" height=\"100\" \/><\/p>\n<p>&nbsp;<\/p>\n<blockquote>\n<h3>SP 8 DI SAN TOMASO, PROROGATA LA CHIUSURA A FASCE ORARIE FINO ALL&#8217;11 NOVEMBRE<\/h3>\n<\/blockquote>\n<p>Fino al 11 novembre, esclusi festivi e prefestivi, la strada chiuder\u00e0 totalmente dalle 7.15 alle 12.45 e dalle 14.15 alle 17.45. Negli altri orari senso unico alternato regolato da semaforo.<\/p>\n<p>&nbsp;<\/p>\n<p><strong>AGGIORNAMENTO VENETO STRADE, AGGIORNAMENTO CONTINUO H 24<\/strong><\/p>\n<blockquote class=\"wp-embedded-content\" data-secret=\"62WoKYcAPn\"><p><a href=\"https:\/\/www.radiopiu.net\/wordpress\/viabilita\/\">viabilita<\/a><\/p><\/blockquote>\n<p><iframe loading=\"lazy\" class=\"wp-embedded-content\" sandbox=\"allow-scripts\" security=\"restricted\" style=\"position: absolute; clip: rect(1px, 1px, 1px, 1px);\" title=\"&#8220;viabilita&#8221; &#8212; Radio Pi\u00f9\" src=\"https:\/\/www.radiopiu.net\/wordpress\/viabilita\/embed\/#?secret=5FAurhXVxZ#?secret=62WoKYcAPn\" data-secret=\"62WoKYcAPn\" width=\"600\" height=\"338\" frameborder=\"0\" marginwidth=\"0\" marginheight=\"0\" scrolling=\"no\"><\/iframe><\/p>\n<p>&nbsp;<\/p>\n<p>&nbsp;<\/p>\n<hr \/>\n<p>&nbsp;<\/p>\n<p><a class=\"dt-pswp-item\" href=\"https:\/\/www.radiopiu.net\/wordpress\/wp-content\/uploads\/2018\/09\/WhatsApp-Image-2018-09-20-at-16.04.06.jpeg\" data-dt-img-description=\"\" data-large_image_width=\"800\" data-large_image_height=\"100\"><img loading=\"lazy\" decoding=\"async\" class=\"wp-image-61378 size-full aligncenter\" src=\"https:\/\/www.radiopiu.net\/wordpress\/wp-content\/uploads\/2018\/09\/WhatsApp-Image-2018-09-20-at-16.04.06.jpeg\" alt=\"\" width=\"800\" height=\"100\" srcset=\"https:\/\/www.radiopiu.net\/wordpress\/wp-content\/uploads\/2018\/09\/WhatsApp-Image-2018-09-20-at-16.04.06.jpeg 800w, https:\/\/www.radiopiu.net\/wordpress\/wp-content\/uploads\/2018\/09\/WhatsApp-Image-2018-09-20-at-16.04.06-300x38.jpeg 300w, https:\/\/www.radiopiu.net\/wordpress\/wp-content\/uploads\/2018\/09\/WhatsApp-Image-2018-09-20-at-16.04.06-768x96.jpeg 768w\" sizes=\"auto, (max-width: 800px) 100vw, 800px\" \/>\u00a0<\/a><\/p>\n<p><strong>Giovedi 27 e Venerdi 28 <\/strong>Bel tempo autunnale, ben soleggiato con cielo sereno, aria nitida e ottima visibilit\u00e0 in montagna, mentre l&#8217;insidia nebbia o nubi basse mattutine sar\u00e0 presente in alcune valli prealpine e su alcune depressione degli altopiani, limitando il soleggiamento nelle prime ore del giorno. La mitezza persister\u00e0 durante le ore diurne, specie nei posti pi\u00f9 assolati e nei fondovalle. Precipitazioni: Assenti<br \/>\nTemperature: Minime stazionarie in quota e in leggero calo nelle valli<\/p>\n<p><strong>Sabato 29<\/strong> Altra giornata di bel tempo autunnale. Minore insidia nebbia o nubi basse mattutine in alcuni fondovalle prealpini e nelle depressioni degli altopiani. Temperature in ulteriore generale lieve aumento, specie in quota ne nei posti pi\u00f9 assolati; perdurare dell&#8217;inversione termica notturna nelle valli.<\/p>\n<p><strong>Domenica 30<\/strong> Persistenza del bel tempo autunnale con sole e cielo sereno, aria nitida e ottima visibilit\u00e0. Venti perlopi\u00f9 deboli per brezze nelle valli, localmente e a tratti moderati nei settori solitamente pi\u00f9 ventilati; in alta quota deboli da nord-ovest, a tratti moderati sulle cime pi\u00f9 alte.<\/p>\n<p>&nbsp;<\/p>\n<hr \/>\n<p>&nbsp;<\/p>\n<p><img loading=\"lazy\" decoding=\"async\" class=\"wp-image-60761 size-full aligncenter\" src=\"https:\/\/www.radiopiu.net\/wordpress\/wp-content\/uploads\/2018\/09\/sport.jpg\" alt=\"\" width=\"800\" height=\"100\" srcset=\"https:\/\/www.radiopiu.net\/wordpress\/wp-content\/uploads\/2018\/09\/sport.jpg 800w, https:\/\/www.radiopiu.net\/wordpress\/wp-content\/uploads\/2018\/09\/sport-300x38.jpg 300w, https:\/\/www.radiopiu.net\/wordpress\/wp-content\/uploads\/2018\/09\/sport-768x96.jpg 768w\" sizes=\"auto, (max-width: 800px) 100vw, 800px\" \/><\/p>\n<p>&nbsp;<\/p>\n<p><span style=\"color: #0000ff;\"><strong>CORSA\u00a0<\/strong><\/span><\/p>\n<blockquote>\n<h3>\u00a0 CORRIBES, LA CORSA FUORI PORTA<\/h3>\n<\/blockquote>\n<p><strong>BELLUNO<\/strong> Ritorna marted\u00ec 1\u00b0 novembre alle 09.30 CorriBes, la manifestazione sportiva a scopo di beneficienza tra le campagne e i borghi rurali di Bes, Cugnach, Carmegn, Prapavei, Col del Vin, Marian, Antole e Sois. Fin dalla sua prima edizione nel 2016, viene organizzata in memoria di Franco Dall\u2019\u00d3<span style=\"color: #202124;\">, cittadino di Bes con la passione per il podismo, scomparso prematuramente a causa della Sclerosi Laterale Amiotrofica. <\/span>Per questo motivo, tutti i proventi vengono devoluti ad AISLA Belluno, associazione punto di riferimento nella nostra provincia per le persone affette da Sclerosi Laterale Amiotrofica e per i loro familiari. \u00a0Per iscrizioni e informazioni: www.corribes.it<\/p>\n<p>&nbsp;<\/p>\n<p>&nbsp;<\/p>\n<hr \/>\n<p>&nbsp;<\/p>\n<p>&nbsp;<\/p>\n<\/div>\n<\/div>\n<\/div>\n<\/div>\n<\/div>\n<\/div>\n<\/div>\n<\/div>\n","protected":false},"excerpt":{"rendered":"<p>RADIO PIU INFORMAZIONE il canale su TELEGRAM informazione di prima\u00a0\u00a0mano e in tempo reale. iscriviti ed aiutaci a farlo conoscere &nbsp; &nbsp; &nbsp; L&#8217;ULTIMO SALUTO A JERRY AURONZO Si svolgeranno oggi alle 15 i funerali di Giuseppe Cella Sartor &#8220;Jerry&#8221;, vittima dell&#8217;incidente sul lavoro a Cima Gogna, travolto dalla pala meccanica con cui stava operando.&hellip;<\/p>\n","protected":false},"author":4,"featured_media":303423,"comment_status":"closed","ping_status":"closed","sticky":false,"template":"","format":"standard","meta":{"_monsterinsights_skip_tracking":false,"_monsterinsights_sitenote_active":false,"_monsterinsights_sitenote_note":"","_monsterinsights_sitenote_category":0,"footnotes":""},"categories":[51,86,49],"tags":[],"class_list":["post-303314","post","type-post","status-publish","format-standard","has-post-thumbnail","hentry","category-evidenza-top","category-gr","category-news-18","category-51","category-86","category-49","description-off"],"img_url":"https:\/\/www.radiopiu.net\/wordpress\/wp-content\/uploads\/2022\/10\/Senza-nome-81.jpg","_links":{"self":[{"href":"https:\/\/www.radiopiu.net\/wordpress\/wp-json\/wp\/v2\/posts\/303314","targetHints":{"allow":["GET"]}}],"collection":[{"href":"https:\/\/www.radiopiu.net\/wordpress\/wp-json\/wp\/v2\/posts"}],"about":[{"href":"https:\/\/www.radiopiu.net\/wordpress\/wp-json\/wp\/v2\/types\/post"}],"author":[{"embeddable":true,"href":"https:\/\/www.radiopiu.net\/wordpress\/wp-json\/wp\/v2\/users\/4"}],"replies":[{"embeddable":true,"href":"https:\/\/www.radiopiu.net\/wordpress\/wp-json\/wp\/v2\/comments?post=303314"}],"version-history":[{"count":0,"href":"https:\/\/www.radiopiu.net\/wordpress\/wp-json\/wp\/v2\/posts\/303314\/revisions"}],"wp:featuredmedia":[{"embeddable":true,"href":"https:\/\/www.radiopiu.net\/wordpress\/wp-json\/wp\/v2\/media\/303423"}],"wp:attachment":[{"href":"https:\/\/www.radiopiu.net\/wordpress\/wp-json\/wp\/v2\/media?parent=303314"}],"wp:term":[{"taxonomy":"category","embeddable":true,"href":"https:\/\/www.radiopiu.net\/wordpress\/wp-json\/wp\/v2\/categories?post=303314"},{"taxonomy":"post_tag","embeddable":true,"href":"https:\/\/www.radiopiu.net\/wordpress\/wp-json\/wp\/v2\/tags?post=303314"}],"curies":[{"name":"wp","href":"https:\/\/api.w.org\/{rel}","templated":true}]}}