{"id":303351,"date":"2022-10-27T23:06:57","date_gmt":"2022-10-27T21:06:57","guid":{"rendered":"https:\/\/www.radiopiu.net\/wordpress\/?p=303351"},"modified":"2022-10-27T23:08:09","modified_gmt":"2022-10-27T21:08:09","slug":"agenti-della-questura-salgono-al-terzo-piano-di-palazzo-zuppani-e-chiedono-scusa","status":"publish","type":"post","link":"https:\/\/www.radiopiu.net\/wordpress\/agenti-della-questura-salgono-al-terzo-piano-di-palazzo-zuppani-e-chiedono-scusa\/","title":{"rendered":"IMBECCATI DAGLI AGENTI DELLA QUESTURA SALGONO AL TERZO PIANO DI PALAZZO ZUPPANI&#8230; E CHIEDONO SCUSA"},"content":{"rendered":"<p><strong><a class=\"dt-pswp-item\" href=\"https:\/\/www.radiopiu.net\/wordpress\/wp-content\/uploads\/2022\/10\/84338991_218007206109243_1144616404788232567_n.jpg\" data-dt-img-description=\"\" data-large_image_width=\"640\" data-large_image_height=\"640\"><img loading=\"lazy\" decoding=\"async\" class=\"wp-image-303560 alignright\" src=\"https:\/\/www.radiopiu.net\/wordpress\/wp-content\/uploads\/2022\/10\/84338991_218007206109243_1144616404788232567_n-300x300.jpg\" alt=\"\" width=\"132\" height=\"132\" srcset=\"https:\/\/www.radiopiu.net\/wordpress\/wp-content\/uploads\/2022\/10\/84338991_218007206109243_1144616404788232567_n-300x300.jpg 300w, https:\/\/www.radiopiu.net\/wordpress\/wp-content\/uploads\/2022\/10\/84338991_218007206109243_1144616404788232567_n-150x150.jpg 150w, https:\/\/www.radiopiu.net\/wordpress\/wp-content\/uploads\/2022\/10\/84338991_218007206109243_1144616404788232567_n.jpg 640w\" sizes=\"auto, (max-width: 132px) 100vw, 132px\" \/><\/a>BELLUNO<\/strong> i vandali della citt\u00e0 hanno un nome, un cognome e una denuncia. Gli agenti della Questura di Belluno hanno stretto il cerchio. Ieri uno di loro \u00e8 salito al terzo piano di via Zuppani, ha suonato alla porta dell&#8217;Estetica Glamour ed ha chiesto scusa anche a nome dei compagni di merendine per quanto fatto l&#8217;altro ieri: abbattere l&#8217;insegna dell&#8217;estetica.\u00a0 Il grazie alla Questura nella parole della titolare, Brunella Moro.<\/p>\n<p>AUDIO<\/p>\n<audio class=\"wp-audio-shortcode\" id=\"audio-303351-1\" preload=\"none\" style=\"width: 100%;\" controls=\"controls\"><source type=\"audio\/mpeg\" src=\"https:\/\/www.radiopiu.net\/wordpress\/wp-content\/uploads\/2022\/10\/BRUNELLA.mp3?_=1\" \/><a href=\"https:\/\/www.radiopiu.net\/wordpress\/wp-content\/uploads\/2022\/10\/BRUNELLA.mp3\">https:\/\/www.radiopiu.net\/wordpress\/wp-content\/uploads\/2022\/10\/BRUNELLA.mp3<\/a><\/audio>\n<p>&nbsp;<\/p>\n<p>&nbsp;<\/p>\n<h2><strong>IERI ALLA RADIO<\/strong><\/h2>\n<p><strong><a class=\"dt-pswp-item\" href=\"https:\/\/www.radiopiu.net\/wordpress\/wp-content\/uploads\/2022\/10\/de28a0ab-1084-4fb4-82be-beb4ff4e69d4.jpg\" data-dt-img-description=\"\" data-large_image_width=\"768\" data-large_image_height=\"1024\"><img loading=\"lazy\" decoding=\"async\" class=\"size-medium wp-image-303353 alignleft\" src=\"https:\/\/www.radiopiu.net\/wordpress\/wp-content\/uploads\/2022\/10\/de28a0ab-1084-4fb4-82be-beb4ff4e69d4-225x300.jpg\" alt=\"\" width=\"225\" height=\"300\" srcset=\"https:\/\/www.radiopiu.net\/wordpress\/wp-content\/uploads\/2022\/10\/de28a0ab-1084-4fb4-82be-beb4ff4e69d4-225x300.jpg 225w, https:\/\/www.radiopiu.net\/wordpress\/wp-content\/uploads\/2022\/10\/de28a0ab-1084-4fb4-82be-beb4ff4e69d4.jpg 768w\" sizes=\"auto, (max-width: 225px) 100vw, 225px\" \/><\/a>BELLUNO<\/strong> Un altro atto vandalico a Belluno, in pieno centro, in pieno giorno alle 17. Teppistelli della citt\u00e0, tutti minorenni, uno di loro dalla pelle scura. Senza ritegno, senza paura, tanto lo sanno che nessuno gli dar\u00e0 la lezione che meritano, n\u00e9 a casa,\u00a0 n\u00e9 dove la legge dovrebbe tutelare il cittadino. Hanno preso la corsa in via Zuppani, sotto ai portici e hanno iniziato a saltare con un unico scopo: danneggiare l&#8217;insegna dell&#8217;Estetica Glamour con sede nel condominio che prende il nome dalla via. Alla fine ci sono riusciti, hanno staccato dal muro l&#8217;insegna danneggiandola e per loro &#8220;fortuna&#8221; non sono nemmeno stati travolti. Non si sono manco posti il problema dei testimoni che li stavano ad osservare, non hanno nemmeno tentato la fuga, se ne sono andati camminando come niente fosse, tanto lo sanno che rimarranno impuniti in attesa di combinarne un&#8217;altra. Un testimone \u00e8 stato chiaro <em>&#8220;Cosa li denuncio a fare che poi vengono nel mio locale e me ne combinano di tutti i colori. L&#8217;altro giorno mi hanno aperto la porta del negozio rovesciandomi dentro un bidone di immondizie&#8221;.<\/em> Questa \u00e8 la situazione\u00a0 a Belluno,\u00a0 intollerabilie alla quale nessuno pare sia in grado di porvi rimedio. E&#8217; scattata la denuncia <em>&#8220;Intanto rimane il danno &#8211; dice la titolare dell&#8217;Estetica Glamour &#8211;\u00a0 e noi non ci rimane che mettere mano al portafoglio ed attendere il prossimo danno con la rabbia in corpo e una domanda: ma le famiglie che cosa insegnano?&#8221;.<\/em><\/p>\n<p>&nbsp;<\/p>\n","protected":false},"excerpt":{"rendered":"<p>BELLUNO i vandali della citt\u00e0 hanno un nome, un cognome e una denuncia. Gli agenti della Questura di Belluno hanno stretto il cerchio. Ieri uno di loro \u00e8 salito al terzo piano di via Zuppani, ha suonato alla porta dell&#8217;Estetica Glamour ed ha chiesto scusa anche a nome dei compagni di merendine per quanto fatto&hellip;<\/p>\n","protected":false},"author":4,"featured_media":303352,"comment_status":"closed","ping_status":"closed","sticky":false,"template":"","format":"standard","meta":{"_monsterinsights_skip_tracking":false,"_monsterinsights_sitenote_active":false,"_monsterinsights_sitenote_note":"","_monsterinsights_sitenote_category":0,"footnotes":""},"categories":[51,49],"tags":[],"class_list":["post-303351","post","type-post","status-publish","format-standard","has-post-thumbnail","hentry","category-evidenza-top","category-news-18","category-51","category-49","description-off"],"img_url":"https:\/\/www.radiopiu.net\/wordpress\/wp-content\/uploads\/2022\/10\/AAA-2.jpg","_links":{"self":[{"href":"https:\/\/www.radiopiu.net\/wordpress\/wp-json\/wp\/v2\/posts\/303351","targetHints":{"allow":["GET"]}}],"collection":[{"href":"https:\/\/www.radiopiu.net\/wordpress\/wp-json\/wp\/v2\/posts"}],"about":[{"href":"https:\/\/www.radiopiu.net\/wordpress\/wp-json\/wp\/v2\/types\/post"}],"author":[{"embeddable":true,"href":"https:\/\/www.radiopiu.net\/wordpress\/wp-json\/wp\/v2\/users\/4"}],"replies":[{"embeddable":true,"href":"https:\/\/www.radiopiu.net\/wordpress\/wp-json\/wp\/v2\/comments?post=303351"}],"version-history":[{"count":0,"href":"https:\/\/www.radiopiu.net\/wordpress\/wp-json\/wp\/v2\/posts\/303351\/revisions"}],"wp:featuredmedia":[{"embeddable":true,"href":"https:\/\/www.radiopiu.net\/wordpress\/wp-json\/wp\/v2\/media\/303352"}],"wp:attachment":[{"href":"https:\/\/www.radiopiu.net\/wordpress\/wp-json\/wp\/v2\/media?parent=303351"}],"wp:term":[{"taxonomy":"category","embeddable":true,"href":"https:\/\/www.radiopiu.net\/wordpress\/wp-json\/wp\/v2\/categories?post=303351"},{"taxonomy":"post_tag","embeddable":true,"href":"https:\/\/www.radiopiu.net\/wordpress\/wp-json\/wp\/v2\/tags?post=303351"}],"curies":[{"name":"wp","href":"https:\/\/api.w.org\/{rel}","templated":true}]}}