{"id":303455,"date":"2022-10-27T14:17:27","date_gmt":"2022-10-27T12:17:27","guid":{"rendered":"https:\/\/www.radiopiu.net\/wordpress\/?p=303455"},"modified":"2022-10-28T06:08:46","modified_gmt":"2022-10-28T04:08:46","slug":"cisl-belluno-treviso-milena-cesca-segretaria-generale-aggiunta","status":"publish","type":"post","link":"https:\/\/www.radiopiu.net\/wordpress\/cisl-belluno-treviso-milena-cesca-segretaria-generale-aggiunta\/","title":{"rendered":"CISL BELLUNO-TREVISO MILENA CESCA SEGRETARIA GENERALE AGGIUNTA"},"content":{"rendered":"<p><strong><a class=\"dt-pswp-item\" href=\"https:\/\/www.radiopiu.net\/wordpress\/wp-content\/uploads\/2022\/10\/Milena-Cesca-2022.jpeg\" data-dt-img-description=\"\" data-large_image_width=\"1200\" data-large_image_height=\"1600\"><img loading=\"lazy\" decoding=\"async\" class=\" wp-image-303456 alignleft\" src=\"https:\/\/www.radiopiu.net\/wordpress\/wp-content\/uploads\/2022\/10\/Milena-Cesca-2022-225x300.jpeg\" alt=\"\" width=\"134\" height=\"179\" srcset=\"https:\/\/www.radiopiu.net\/wordpress\/wp-content\/uploads\/2022\/10\/Milena-Cesca-2022-225x300.jpeg 225w, https:\/\/www.radiopiu.net\/wordpress\/wp-content\/uploads\/2022\/10\/Milena-Cesca-2022-768x1024.jpeg 768w, https:\/\/www.radiopiu.net\/wordpress\/wp-content\/uploads\/2022\/10\/Milena-Cesca-2022-1152x1536.jpeg 1152w, https:\/\/www.radiopiu.net\/wordpress\/wp-content\/uploads\/2022\/10\/Milena-Cesca-2022.jpeg 1200w\" sizes=\"auto, (max-width: 134px) 100vw, 134px\" \/><\/a>BELLUNO\u00a0<\/strong> Milena Cesca, 55 anni, di Calalzo di Cadore, in segreteria della categoria dal 2010, \u00e8 stata eletta segretaria generale aggiunta. Affiancher\u00e0 il segretario generale Gianni Boato, al timone della Femca territoriale da due anni, e seguir\u00e0 in particolare il territorio bellunese. Un ruolo di grande responsabilit\u00e0 che premia un percorso sindacale avviato nella seconda met\u00e0 degli anni Ottanta, quando \u00e8 stata eletta Rsu in una occhialeria bellunese. Cesca ha poi lavorato alle dipendenze del Caf Cisl di Belluno e successivamente nella Fisascat Cisl, la Federazione dei servizi, prima come operatrice, poi come segretaria territoriale, ruolo che ha ricoperto per 9 anni, dal 2000 al 2009, fino all\u2019ingresso in segreteria confederale. Nel 2010 \u00e8 approdata alla segreteria della Femca, dove da subito ha seguito i settori dell\u2019occhialeria e della gomma-plastica e gestito con grande entusiasmo la delega alla formazione. Da dicembre 2020 \u00e8 il punto di riferimento della Femca Cisl in Luxottica. La neo segretaria aggiunta sar\u00e0 affiancata da Mauro Dalla Rosa come operatore nel territorio di Belluno. Per quanto riguarda la contrattazione aziendale, occhi puntati sulla conciliazione fra vita e lavoro, smart working e sostenibilit\u00e0 ambientale, entrata di fatto anche in recenti accordi integrativi come quello di Th\u00e8lios, dove l\u2019azienda incentiva anche economicamente le iniziative e i comportamenti volti alla tutela dell\u2019ambiente, dal contenimento degli scarti di produzione, al ricorso al car-pooling e di Marcolin che su orari, conciliazione e premio legato a risparmio energetico ha fatto un salto di qualit\u00e0 notevole per tutto il settore.<\/p>\n<p>MILENA CESCA A RADIO PIU<\/p>\n<audio class=\"wp-audio-shortcode\" id=\"audio-303455-1\" preload=\"none\" style=\"width: 100%;\" controls=\"controls\"><source type=\"audio\/mpeg\" src=\"https:\/\/www.radiopiu.net\/wordpress\/wp-content\/uploads\/2022\/10\/MILENA-CESCA.mp3?_=1\" \/><a href=\"https:\/\/www.radiopiu.net\/wordpress\/wp-content\/uploads\/2022\/10\/MILENA-CESCA.mp3\">https:\/\/www.radiopiu.net\/wordpress\/wp-content\/uploads\/2022\/10\/MILENA-CESCA.mp3<\/a><\/audio>\n<p>&nbsp;<\/p>\n<hr \/>\n<p>&nbsp;<\/p>\n","protected":false},"excerpt":{"rendered":"<p>BELLUNO\u00a0 Milena Cesca, 55 anni, di Calalzo di Cadore, in segreteria della categoria dal 2010, \u00e8 stata eletta segretaria generale aggiunta. Affiancher\u00e0 il segretario generale Gianni Boato, al timone della Femca territoriale da due anni, e seguir\u00e0 in particolare il territorio bellunese. Un ruolo di grande responsabilit\u00e0 che premia un percorso sindacale avviato nella seconda&hellip;<\/p>\n","protected":false},"author":4,"featured_media":303457,"comment_status":"closed","ping_status":"closed","sticky":false,"template":"","format":"standard","meta":{"_monsterinsights_skip_tracking":false,"_monsterinsights_sitenote_active":false,"_monsterinsights_sitenote_note":"","_monsterinsights_sitenote_category":0,"footnotes":""},"categories":[49],"tags":[],"class_list":["post-303455","post","type-post","status-publish","format-standard","has-post-thumbnail","hentry","category-news-18","category-49","description-off"],"img_url":"https:\/\/www.radiopiu.net\/wordpress\/wp-content\/uploads\/2022\/10\/Milena-Cesca-2022-1.jpeg","_links":{"self":[{"href":"https:\/\/www.radiopiu.net\/wordpress\/wp-json\/wp\/v2\/posts\/303455","targetHints":{"allow":["GET"]}}],"collection":[{"href":"https:\/\/www.radiopiu.net\/wordpress\/wp-json\/wp\/v2\/posts"}],"about":[{"href":"https:\/\/www.radiopiu.net\/wordpress\/wp-json\/wp\/v2\/types\/post"}],"author":[{"embeddable":true,"href":"https:\/\/www.radiopiu.net\/wordpress\/wp-json\/wp\/v2\/users\/4"}],"replies":[{"embeddable":true,"href":"https:\/\/www.radiopiu.net\/wordpress\/wp-json\/wp\/v2\/comments?post=303455"}],"version-history":[{"count":0,"href":"https:\/\/www.radiopiu.net\/wordpress\/wp-json\/wp\/v2\/posts\/303455\/revisions"}],"wp:featuredmedia":[{"embeddable":true,"href":"https:\/\/www.radiopiu.net\/wordpress\/wp-json\/wp\/v2\/media\/303457"}],"wp:attachment":[{"href":"https:\/\/www.radiopiu.net\/wordpress\/wp-json\/wp\/v2\/media?parent=303455"}],"wp:term":[{"taxonomy":"category","embeddable":true,"href":"https:\/\/www.radiopiu.net\/wordpress\/wp-json\/wp\/v2\/categories?post=303455"},{"taxonomy":"post_tag","embeddable":true,"href":"https:\/\/www.radiopiu.net\/wordpress\/wp-json\/wp\/v2\/tags?post=303455"}],"curies":[{"name":"wp","href":"https:\/\/api.w.org\/{rel}","templated":true}]}}