{"id":303510,"date":"2022-10-28T05:56:01","date_gmt":"2022-10-28T03:56:01","guid":{"rendered":"https:\/\/www.radiopiu.net\/wordpress\/?p=303510"},"modified":"2022-10-28T08:21:16","modified_gmt":"2022-10-28T06:21:16","slug":"giornale-radiopiu-27-ottobre-2022-direttore-mirko-mezzacasa-2","status":"publish","type":"post","link":"https:\/\/www.radiopiu.net\/wordpress\/giornale-radiopiu-27-ottobre-2022-direttore-mirko-mezzacasa-2\/","title":{"rendered":"GIORNALE RADIOPIU 27 OTTOBRE 2022 DIRETTORE MIRKO MEZZACASA"},"content":{"rendered":"<h3 class=\"kvgmc6g5 cxmmr5t8 oygrvhab hcukyx3x c1et5uql\"><span style=\"color: #0000ff;\"><strong>RADIO PIU INFORMAZIONE il canale su TELEGRAM informazione di prima\u00a0\u00a0<\/strong><strong>mano e in tempo reale. iscriviti ed aiutaci a farlo conoscere<\/strong><\/span><\/h3>\n<p><span style=\"color: #ff0000;\">ULSS 1 BELLUNO I medici di Medicina Generale della Medicina di Gruppo Belluno Uno,\u00a0 con sede a Belluno, in via Feltre 196, effettueranno la vaccinazione antiinfluenzale per i loro assistiti over 65 e i pazienti fragili in orario di ambulatorio nelle mattine di sabato 29 ottobre e sabato 5 novembre dalle 8 alle 11<\/span><\/p>\n<p>&nbsp;<\/p>\n<hr \/>\n<p>&nbsp;<\/p>\n<blockquote>\n<h3><em><a class=\"dt-pswp-item\" href=\"https:\/\/www.radiopiu.net\/wordpress\/wp-content\/uploads\/2022\/10\/Senza-nome-70.jpg\" data-dt-img-description=\"\" data-large_image_width=\"594\" data-large_image_height=\"338\"><img loading=\"lazy\" decoding=\"async\" class=\" wp-image-303098 alignleft\" src=\"https:\/\/www.radiopiu.net\/wordpress\/wp-content\/uploads\/2022\/10\/Senza-nome-70-300x171.jpg\" alt=\"\" width=\"184\" height=\"105\" srcset=\"https:\/\/www.radiopiu.net\/wordpress\/wp-content\/uploads\/2022\/10\/Senza-nome-70-300x171.jpg 300w, https:\/\/www.radiopiu.net\/wordpress\/wp-content\/uploads\/2022\/10\/Senza-nome-70.jpg 594w\" sizes=\"auto, (max-width: 184px) 100vw, 184px\" \/><\/a><\/em>OGGI I FUNERALI DI ALESSANDRO TABAKU<\/h3>\n<p><strong>CODOGNE&#8217;<\/strong> L&#8217;ultimo saluto al giovane di Codogn\u00e8 morto luned\u00ec\u00a0 a La Stanga, sar\u00e0 dato in forma laica a Belluno domani mattina alle 10. La salma raggiunger\u00e0 poi il cimitero di Codogn\u00e8, dove Alessandro viveva, per la sepoltura.<\/p><\/blockquote>\n<p>&nbsp;<\/p>\n<p>&nbsp;<\/p>\n<blockquote>\n<h3><a class=\"dt-pswp-item\" href=\"https:\/\/www.radiopiu.net\/wordpress\/wp-content\/uploads\/2022\/10\/Senza-nome-87.jpg\" data-dt-img-description=\"\" data-large_image_width=\"236\" data-large_image_height=\"283\"><img loading=\"lazy\" decoding=\"async\" class=\"wp-image-303582 alignleft\" src=\"https:\/\/www.radiopiu.net\/wordpress\/wp-content\/uploads\/2022\/10\/Senza-nome-87.jpg\" alt=\"\" width=\"91\" height=\"109\" \/><\/a>L&#8217;ULTIMO SALUTO A GINO DA BELUN<\/h3>\n<\/blockquote>\n<p><strong>LENTIAI<\/strong> Si svolgeranno lunedi alle 11 nella chiesa parrocchiale di Lentiai i funerali dell&#8217;artista Gino Gaetano Silvestri, mancato per un malore all&#8217;et\u00e0 di 93 anni. Dopo la funzione religiosa Gino verr\u00e0 sepolto nel cimitero del paese.<\/p>\n<hr \/>\n<p>&nbsp;<\/p>\n<blockquote>\n<h2>E&#8217; MORTO DONATO MANFROI, IL SENATORE DELLA LEGA NORD<\/h2>\n<\/blockquote>\n<p><strong><a class=\"dt-pswp-item\" href=\"https:\/\/www.radiopiu.net\/wordpress\/wp-content\/uploads\/2022\/10\/th-17.jpg\" data-dt-img-description=\"\" data-large_image_width=\"474\" data-large_image_height=\"632\"><img loading=\"lazy\" decoding=\"async\" class=\" wp-image-303585 alignleft\" src=\"https:\/\/www.radiopiu.net\/wordpress\/wp-content\/uploads\/2022\/10\/th-17-225x300.jpg\" alt=\"\" width=\"182\" height=\"243\" srcset=\"https:\/\/www.radiopiu.net\/wordpress\/wp-content\/uploads\/2022\/10\/th-17-225x300.jpg 225w, https:\/\/www.radiopiu.net\/wordpress\/wp-content\/uploads\/2022\/10\/th-17.jpg 474w\" sizes=\"auto, (max-width: 182px) 100vw, 182px\" \/><\/a>CENCENIGHE<\/strong> E&#8217; mancato Donato Manfroi nel giorno del suo 82esimo compleanno. \u00c8 stato sindaco di Cencenighe dal 1993 al 1997 ma anche a Valle di Cadore nel 2004,\u00a0 sostenuto dall&#8217;amico Matteo Toscani. Entr\u00f2 nell&#8217;agone della politica nel corso di un&#8217;infuocata campagna elettorale con il\u00a0 compianto Gianni Fa\u00e8, erano i giorni della &#8220;potente&#8221; Democrazia Cristiana, imperante in vallata. Era un funzionario dell&#8217;Inps ad Agordo,\u00a0 dopo un periodo come insegnante nella scuola. Partecip\u00f2 ad una tornata elettorale che lo catapult\u00f2 come Senatore a Roma nell&#8217;aprile del 1992, in Parlamento vi rimase fino al 2001 prima di passare \u00a0a Democrazia Europea\u00a0 con Giulio Andreotti. presidente della Bicamerale per due anni. Donato \u00e8 stato anche il direttore e fondatore del Coro Monte Pelsa di Cencenighe,\u00a0 scrivendo canzoni che hanno ricevuto premi importanti raccolte nel libro\u00a0 &#8220;Voi torn\u00e0 a casa mia&#8221; con i disegni dell&#8217;amico Gianni Pezzei. Fu organista e direttore del Coro Parrocchiale di Cencenighe e di Rocca Pietore. Di Manfroi non dimenticheremo la brillante idea di inventarsi la &#8220;Rifa de le Bande&#8221; all&#8217;inizio degli anni novanta, nella Pineta di Cencenighe, storica la prima edizione iniziata al mattino e terminata a notte fonda sotto una fitta nevicata. Combatt\u00e8 con forza ai tempi della continua chiusura della regionale 203 agordina tra Cencenighe ed Alleghe ma anche tra Taibon e Cencenighe arrivando ad azioni di forza,\u00a0 anche a sbarrare la strada per protesta davanti al Municipio di via Roma. Nella stessa via, con la moglie ha gestito la storica trattoria, il gioiello di famiglia, passione poi tramandata ai figli che hanno saputo intraprendere attivit\u00e0 importanti in ambito ricettivo-turistico. Alla famiglia giunga il commosso abbraccio della redazione di Radio Pi\u00f9 nel ricordo di un amico che in questa radio non ha mai smesso di credere.\u00a0 Ciao Donato.<br \/>\nmirko<\/p>\n<blockquote>\n<div class=\"testoArticolo\"><em><strong>BIOGRAFIA<\/strong><\/em><\/div>\n<\/blockquote>\n<div>\n<blockquote><p><em>Funzionario Inps. Nel 1975 ha fondato il coro Monte Pelsa di Cencenighe Agordino che ha diretto fino al 1993; ha inoltre composto alcuni brani di ispirazione popolare che fanno parte del repertorio di alcuni cori alpini italiani.Nel 1992 \u00e8 eletto al Senato in Veneto e aderisce al gruppo della Lega Nord. Nel 1993 fu il promotore, assieme ai senatori Antonio Serena (Lega Nord) e Luigi Biscardi (PD-Ulivo), dell&#8217;emendamento sull&#8217;abolizione del doppio stipendio per i parlamentari dipendenti dello Stato, poi approvato dal Parlamento nella legge finanziaria-Amato (Atti Parlamentari, Senato della Repubblica 1993).[senza fonte] Rieletto nel 1994, \u00e8 presidente della Commissione parlamentare d&#8217;inchiesta sul fenomeno del cosiddetto &#8220;caporalato&#8221; dal 1995 al 1996. Riconfermato a palazzo Madama nel 1996, ha ricoperto il ruolo di vice capogruppo della Lega Nord al Senato fino al 1998, quando passa al gruppo misto, formando con il senatore\u00a0Antonio Serena\u00a0la componente\u00a0Liga Veneta Repubblica. Nel febbraio 2001 aderisce al gruppo di\u00a0Democrazia Europea.<\/em><\/p><\/blockquote>\n<\/div>\n<p>&nbsp;<\/p>\n<hr \/>\n<p>&nbsp;<\/p>\n<blockquote>\n<h3><a class=\"dt-pswp-item\" href=\"https:\/\/www.radiopiu.net\/wordpress\/wp-content\/uploads\/2021\/07\/b39c74f9-db73-45b1-b518-6c028072e3ad.jpg\" data-dt-img-description=\"\" data-large_image_width=\"1062\" data-large_image_height=\"1328\"><img loading=\"lazy\" decoding=\"async\" class=\"wp-image-222511 alignleft\" src=\"https:\/\/www.radiopiu.net\/wordpress\/wp-content\/uploads\/2021\/07\/b39c74f9-db73-45b1-b518-6c028072e3ad-240x300.jpg\" alt=\"\" width=\"118\" height=\"148\" srcset=\"https:\/\/www.radiopiu.net\/wordpress\/wp-content\/uploads\/2021\/07\/b39c74f9-db73-45b1-b518-6c028072e3ad-240x300.jpg 240w, https:\/\/www.radiopiu.net\/wordpress\/wp-content\/uploads\/2021\/07\/b39c74f9-db73-45b1-b518-6c028072e3ad-819x1024.jpg 819w, https:\/\/www.radiopiu.net\/wordpress\/wp-content\/uploads\/2021\/07\/b39c74f9-db73-45b1-b518-6c028072e3ad-768x960.jpg 768w, https:\/\/www.radiopiu.net\/wordpress\/wp-content\/uploads\/2021\/07\/b39c74f9-db73-45b1-b518-6c028072e3ad.jpg 1062w\" sizes=\"auto, (max-width: 118px) 100vw, 118px\" \/><\/a>A TERRA IN CASA PER DUE GIORNI, ANZIANO SOCCORSO IN VIA ROSSELLI<\/h3>\n<\/blockquote>\n<p><strong>BELLUNO<\/strong> In via Rosselli un anziano di 83 anni \u00e8 stato soccorso ieri dai vigili del fuoco, portato in ospedale solo per qualche accertamento dai sanitari. Era caduto in salotto due giorni fa, a dare l&#8217;allarme\u00a0 una parente dell&#8217;uomo che non ha ottenuto risposta alla sue chiamate. L&#8217;ingresso dell&#8217;appartamento al secondo piano dello stabile era chiuso a chiave, vigili del fuoco assistiti dai carabinieri\u00a0 hanno forzato la porta d&#8217;ingresso. L&#8217;uomo ha raccontato di essere caduto senza pi\u00f9 riuscire ad alzarsi<\/p>\n<p>&nbsp;<\/p>\n<p>&nbsp;<\/p>\n<hr \/>\n<p>&nbsp;<\/p>\n<blockquote>\n<h3>\u00a0IERI MATTINA A FIANEMA, DUE FERITI<\/h3>\n<\/blockquote>\n<p><a class=\"dt-pswp-item\" href=\"https:\/\/www.radiopiu.net\/wordpress\/wp-content\/uploads\/2022\/10\/Senza-nome-88.jpg\" data-dt-img-description=\"\" data-large_image_width=\"433\" data-large_image_height=\"253\"><img loading=\"lazy\" decoding=\"async\" class=\"size-medium wp-image-303583 aligncenter\" src=\"https:\/\/www.radiopiu.net\/wordpress\/wp-content\/uploads\/2022\/10\/Senza-nome-88-300x175.jpg\" alt=\"\" width=\"300\" height=\"175\" srcset=\"https:\/\/www.radiopiu.net\/wordpress\/wp-content\/uploads\/2022\/10\/Senza-nome-88-300x175.jpg 300w, https:\/\/www.radiopiu.net\/wordpress\/wp-content\/uploads\/2022\/10\/Senza-nome-88.jpg 433w\" sizes=\"auto, (max-width: 300px) 100vw, 300px\" \/><\/a><\/p>\n<p><strong>CESIOMAGGIORE<\/strong> Sono due i feriti del sinistro di ieri mattina nell&#8217;incidente causato tra l&#8217;altro dalla prima nebbia autunnale. Violento il frontale che\u00a0 tra Feltre a Cesiomaggiore. Al Santa Maria del Prato due uomini di 84 e 66 anni residenti in zona.\u00a0 L&#8217;anziano era alla guida della Fiat Seicento, scendeva da da Soranzen e stava per svoltare a sinistra. L&#8217;altra auto, una Punto in arrivo\u00a0 da Salgarda. Dopo l&#8217;impatto la 600 \u00e8 finita sul ciglio della scarpata. Sul posto per i rilievi con sanitari e vigili del fuoco i Carabinieri incaricati dei rilievi. (foto Corriere delle Alpi)<\/p>\n<p>&nbsp;<\/p>\n<hr \/>\n<p>&nbsp;<\/p>\n<blockquote>\n<h3>ACQUA\u00a0 DI NUVO POTABILE NELLA PARTE ALTA DI TAIBON<\/h3>\n<\/blockquote>\n<p><span style=\"color: #0000ff;\"><strong><img loading=\"lazy\" decoding=\"async\" class=\"alignleft\" src=\"https:\/\/www.radiopiu.net\/wordpress\/wp-content\/uploads\/2021\/03\/BICCHIERE-ACQUA.jpg\" width=\"190\" height=\"127\" \/><\/strong><\/span><\/p>\n<p><strong>TAIBON<\/strong> Gestione Servizi Pubblici informa che a TAIBON AGORDINO nelle localit\u00e0 CAMPEDEL, COSTE e SERACH l&#8217;acqua erogata dall&#8217;acquedotto \u00e8 di nuovo potabile e pu\u00f2 essere usata, quindi, per scopi alimentari.<\/p>\n<p>&nbsp;<\/p>\n<p>&nbsp;<\/p>\n<p>&nbsp;<\/p>\n<p>&nbsp;<\/p>\n<hr \/>\n<p>&nbsp;<\/p>\n<blockquote>\n<h2>FALCI\u00d2 E UCCISE UNA DONNA A FONZASO: PATTEGGIATI 3 ANNI E MEZZO<\/h2>\n<\/blockquote>\n<blockquote><p><em>Condotta sconsiderata e immorale dell\u2019automobilista che falci\u00f2 la donna, scaraventandola al di l\u00e0 di una recinzione alta 165 centimetri, e fugg\u00ec senza prestarle soccorso.<\/em><\/p><\/blockquote>\n<p><strong><img loading=\"lazy\" decoding=\"async\" class=\"alignleft\" src=\"https:\/\/www.radiopiu.net\/wordpress\/wp-content\/uploads\/2022\/10\/595029c5-e5af-4c9b-ac3c-159c3f2b8203-300x169-1.jpg\" width=\"225\" height=\"127\" \/>FELTRE<\/strong> Sono tante e di tanti le lacrime versate per Emilia Santurini, 63 anni, ammazzata a lasciata sull&#8217;asfalto il 16 novembre dello scorso anno lungo la strada della Fenadora mentre stava passeggiando, mor\u00ec poco dopo nel cortile di un&#8217;azienda per le gravi ferite riportate. L&#8217;uomo alla guida dell&#8217;auto investitrice ha patteggiato 3 anni e 6 mesi con sospensione della patente per 4 anni. I familiari della vittima\u00a0 si sono affidati a Giesse Risarcimento Danni. <em>\u00abGiustizia \u00e8 stata fatta \u2013 commentano Marco Merotto e Gennaro Pisacane, di Giesse Risarcimento Danni \u2013 La famiglia \u00e8 ancora dilaniata dal dolore perch\u00e9, ovviamente, nessuno potr\u00e0 restituire Emilia ai suoi cari. Tuttavia, siamo soddisfatti di essere riusciti a far emergere la verit\u00e0, contrariamente a quanto raccontato dall\u2019imputato che aveva spiegato agli inquirenti di essere andato a sbattere contro un palo per poi recarsi a casa come se niente fosse\u00bb.\u00a0<\/em> Ad accorgersi di quanto accaduto una dipendente di un\u2019azienda in via Fenadora\u00a0 che chiam\u00f2 i Carabinieri. Gli uomini dell&#8217;Arma risalirono al modello dell\u2019auto, una Ford Fiesta, e incrociando i dati nel sistema scoprirono il proprietario, un 24enne feltrino che lavora in zona. Il giovane ammise l\u2019incidente, spiegando di aver preso un palo e un muretto la sera prima, ma la versione non venne ritenuta credibile. Le telecamere presenti in zona confermarono quanto accaduto alle 18.54 della sera precedente, velocit\u00e0\u00a0 dell&#8217;auto stimata: 54 chilometri orari.<\/p>\n<p>&nbsp;<\/p>\n<p>&nbsp;<\/p>\n<p><span style=\"color: #ff0000;\"><strong>ARCHIVIO RADIOPIU\u00a0<\/strong><\/span><\/p>\n<blockquote class=\"wp-embedded-content\" data-secret=\"Pcwoj7RdxM\"><p><a href=\"https:\/\/www.radiopiu.net\/wordpress\/feltrefonza12\/\">PARABREZZA SFONDATO, INSANGUINATO UNO SCHIANTO TERRIBILE<\/a><\/p><\/blockquote>\n<p><iframe loading=\"lazy\" class=\"wp-embedded-content\" sandbox=\"allow-scripts\" security=\"restricted\" style=\"position: absolute; clip: rect(1px, 1px, 1px, 1px);\" title=\"&#8220;PARABREZZA SFONDATO, INSANGUINATO UNO SCHIANTO TERRIBILE&#8221; &#8212; Radio Pi\u00f9\" src=\"https:\/\/www.radiopiu.net\/wordpress\/feltrefonza12\/embed\/#?secret=WIeDJkokWq#?secret=Pcwoj7RdxM\" data-secret=\"Pcwoj7RdxM\" width=\"600\" height=\"338\" frameborder=\"0\" marginwidth=\"0\" marginheight=\"0\" scrolling=\"no\"><\/iframe><\/p>\n<p>&nbsp;<\/p>\n<hr \/>\n<p>&nbsp;<\/p>\n<blockquote>\n<h2>AGORDINO IN MOVIMENTO: SPEGNIAMO LA VALLE<\/h2>\n<\/blockquote>\n<p><span dir=\"ltr\" role=\"presentation\"><strong>REDAZION<\/strong>E Un gruppo di lavoro in vallata sta facendo squadra e coinvolgendo la popolazione. Dopo l&#8217;ultimo incontro \u00e8 uscito un volantino che spiega l&#8217;iniziativa.<\/span><\/p>\n<p><span dir=\"ltr\" role=\"presentation\"><img loading=\"lazy\" decoding=\"async\" class=\"alignleft\" src=\"https:\/\/www.radiopiu.net\/wordpress\/wp-content\/uploads\/2022\/10\/th-16.jpg\" width=\"258\" height=\"174\" \/>&#8220;La consapevolezza che sia un momento davvero difficile \u00e8 chiara, ma \u00e8 <\/span><span dir=\"ltr\" role=\"presentation\">altrettanto chiaro che morire in silenzio non \u00e8 la scelta migliore.\u00a0 <\/span><span dir=\"ltr\" role=\"presentation\">Siamo tutte persone che ogni giorno fanno del loro meglio per far vivere <\/span><span dir=\"ltr\" role=\"presentation\">dignitosamente la propria famiglia ed ora, malgrado tutto il nostro <\/span><span dir=\"ltr\" role=\"presentation\">impegno, rischiamo davvero di non farcela.\u00a0 <\/span><span dir=\"ltr\" role=\"presentation\">Cosa c&#8217;\u00e8 di male quindi nel portare la nostra difficolt\u00e0 all&#8217;attenzione della <\/span><span dir=\"ltr\" role=\"presentation\">\u201cpolitica\u201d? <\/span><span dir=\"ltr\" role=\"presentation\">Cosa c&#8217;\u00e8 di male nel chiedere a chi abbiamo eletto per rappresentarci di <\/span><span dir=\"ltr\" role=\"presentation\">darsi davvero da fare e di farlo in fretta? <\/span><span dir=\"ltr\" role=\"presentation\">L&#8217;idea, nata da un gruppo di agordini di varia estrazione e provenienza <\/span><span dir=\"ltr\" role=\"presentation\">(commercianti, liberi professionisti, dipendenti, pensionati), siamo certi <\/span><span dir=\"ltr\" role=\"presentation\">trover\u00e0 il supporto e la partecipazione di tutti. <\/span><span dir=\"ltr\" role=\"presentation\">COSA FARE <\/span><span dir=\"ltr\" role=\"presentation\">Vorremmo incontrarci tutti lunedi 7 novembre alle 20, presso il <\/span><span dir=\"ltr\" role=\"presentation\">teatro<\/span> <span dir=\"ltr\" role=\"presentation\">parrocchiale<\/span> <span dir=\"ltr\" role=\"presentation\">di<\/span> <span dir=\"ltr\" role=\"presentation\">Rivamonte,<\/span> <span dir=\"ltr\" role=\"presentation\">per<\/span> <span dir=\"ltr\" role=\"presentation\">organizzare<\/span> <span dir=\"ltr\" role=\"presentation\">insieme<\/span> <span dir=\"ltr\" role=\"presentation\">l&#8217;azione <\/span><span dir=\"ltr\" role=\"presentation\">pubblica da proporre per fine novembre\/inizio dicembre. <\/span><span dir=\"ltr\" role=\"presentation\">L&#8217;IDEA <\/span><span dir=\"ltr\" role=\"presentation\">Consiste nel realizzare una manifestazione pubblica in un luogo di alta <\/span><span dir=\"ltr\" role=\"presentation\">visibilit\u00e0, per proseguire poi con una sospensione delle nostre attivit\u00e0 <\/span><span dir=\"ltr\" role=\"presentation\">per<\/span> <span dir=\"ltr\" role=\"presentation\">tre<\/span> <span dir=\"ltr\" role=\"presentation\">giorni,<\/span> <span dir=\"ltr\" role=\"presentation\">cos\u00ec<\/span> <span dir=\"ltr\" role=\"presentation\">da<\/span> <span dir=\"ltr\" role=\"presentation\">rendere<\/span> <span dir=\"ltr\" role=\"presentation\">chiare<\/span> <span dir=\"ltr\" role=\"presentation\">anche<\/span> <span dir=\"ltr\" role=\"presentation\">ai<\/span> <span dir=\"ltr\" role=\"presentation\">pi\u00f9<\/span> <span dir=\"ltr\" role=\"presentation\">\u201cdistratti\u201d<\/span> <span dir=\"ltr\" role=\"presentation\">le <\/span><span dir=\"ltr\" role=\"presentation\">conseguenze di questa fase cos\u00ec critica\u00a0 <\/span><span dir=\"ltr\" role=\"presentation\">PER INFO ED ADESIONI<\/span> <span dir=\"ltr\" role=\"presentation\">stopcarobollette@gmail.com\u00a0<\/span><\/p>\n<p>&nbsp;<\/p>\n<hr \/>\n<p>&nbsp;<\/p>\n<blockquote>\n<h2>IMBECCATI DAGLI AGENTI DELLA QUESTURA SALGONO AL TERZO PIANO DI PALAZZO ZUPPANI&#8230; E CHIEDONO SCUSA<\/h2>\n<\/blockquote>\n<p><strong><a class=\"dt-pswp-item\" href=\"https:\/\/www.radiopiu.net\/wordpress\/wp-content\/uploads\/2022\/10\/84338991_218007206109243_1144616404788232567_n.jpg\" data-dt-img-description=\"\" data-large_image_width=\"640\" data-large_image_height=\"640\"><img loading=\"lazy\" decoding=\"async\" class=\"wp-image-303560 alignright\" src=\"https:\/\/www.radiopiu.net\/wordpress\/wp-content\/uploads\/2022\/10\/84338991_218007206109243_1144616404788232567_n-300x300.jpg\" alt=\"\" width=\"132\" height=\"132\" srcset=\"https:\/\/www.radiopiu.net\/wordpress\/wp-content\/uploads\/2022\/10\/84338991_218007206109243_1144616404788232567_n-300x300.jpg 300w, https:\/\/www.radiopiu.net\/wordpress\/wp-content\/uploads\/2022\/10\/84338991_218007206109243_1144616404788232567_n-150x150.jpg 150w, https:\/\/www.radiopiu.net\/wordpress\/wp-content\/uploads\/2022\/10\/84338991_218007206109243_1144616404788232567_n.jpg 640w\" sizes=\"auto, (max-width: 132px) 100vw, 132px\" \/><\/a>BELLUNO<\/strong> i vandali della citt\u00e0 hanno un nome, un cognome e una denuncia. Gli agenti della Questura di Belluno hanno stretto il cerchio. Ieri uno di loro \u00e8 salito al terzo piano di via Zuppani, ha suonato alla porta dell&#8217;Estetica Glamour ed ha chiesto scusa anche a nome dei compagni di merendine per quanto fatto l&#8217;altro ieri: abbattere l&#8217;insegna dell&#8217;estetica.\u00a0 Il grazie alla Questura nella parole della titolare, Brunella Moro.<\/p>\n<p>AUDIO<\/p>\n<audio class=\"wp-audio-shortcode\" id=\"audio-303510-1\" preload=\"none\" style=\"width: 100%;\" controls=\"controls\"><source type=\"audio\/mpeg\" src=\"https:\/\/www.radiopiu.net\/wordpress\/wp-content\/uploads\/2022\/10\/BRUNELLA.mp3?_=1\" \/><a href=\"https:\/\/www.radiopiu.net\/wordpress\/wp-content\/uploads\/2022\/10\/BRUNELLA.mp3\">https:\/\/www.radiopiu.net\/wordpress\/wp-content\/uploads\/2022\/10\/BRUNELLA.mp3<\/a><\/audio>\n<p>&nbsp;<\/p>\n<p>&nbsp;<\/p>\n<p><img loading=\"lazy\" decoding=\"async\" class=\"\" src=\"https:\/\/www.radiopiu.net\/wordpress\/wp-content\/uploads\/2022\/10\/AAA-2.jpg\" width=\"325\" height=\"197\" \/><\/p>\n<p>&nbsp;<\/p>\n<p>&nbsp;<\/p>\n<hr \/>\n<p>&nbsp;<\/p>\n<blockquote>\n<h2>LA NUOVA GIUNTA DI FELTRE RIMODULA LA VECCHIA PROGRAMMAZIONE DEI FONDI DI CONFINE<\/h2>\n<\/blockquote>\n<p><strong><a class=\"dt-pswp-item\" href=\"https:\/\/www.radiopiu.net\/wordpress\/wp-content\/uploads\/2022\/10\/baef1efa-d2e6-424a-a9d6-c3b4e200ad8f.jpg\" data-dt-img-description=\"\" data-large_image_width=\"2000\" data-large_image_height=\"1128\"><img loading=\"lazy\" decoding=\"async\" class=\"wp-image-303499 alignleft\" src=\"https:\/\/www.radiopiu.net\/wordpress\/wp-content\/uploads\/2022\/10\/baef1efa-d2e6-424a-a9d6-c3b4e200ad8f-300x169.jpg\" alt=\"\" width=\"201\" height=\"113\" srcset=\"https:\/\/www.radiopiu.net\/wordpress\/wp-content\/uploads\/2022\/10\/baef1efa-d2e6-424a-a9d6-c3b4e200ad8f-300x169.jpg 300w, https:\/\/www.radiopiu.net\/wordpress\/wp-content\/uploads\/2022\/10\/baef1efa-d2e6-424a-a9d6-c3b4e200ad8f-1024x578.jpg 1024w, https:\/\/www.radiopiu.net\/wordpress\/wp-content\/uploads\/2022\/10\/baef1efa-d2e6-424a-a9d6-c3b4e200ad8f-768x433.jpg 768w, https:\/\/www.radiopiu.net\/wordpress\/wp-content\/uploads\/2022\/10\/baef1efa-d2e6-424a-a9d6-c3b4e200ad8f-1536x866.jpg 1536w, https:\/\/www.radiopiu.net\/wordpress\/wp-content\/uploads\/2022\/10\/baef1efa-d2e6-424a-a9d6-c3b4e200ad8f.jpg 2000w\" sizes=\"auto, (max-width: 201px) 100vw, 201px\" \/><\/a>FELTRE\u00a0<\/strong><\/p>\n<p><strong>DI MORENO GIOLI<\/strong><\/p>\n<p>FOTO ASSESSORE ANDREA BONA<\/p>\n<audio class=\"wp-audio-shortcode\" id=\"audio-303510-2\" preload=\"none\" style=\"width: 100%;\" controls=\"controls\"><source type=\"audio\/mpeg\" src=\"https:\/\/www.radiopiu.net\/wordpress\/wp-content\/uploads\/2022\/10\/MORENO-SERVIZIO-FELTRE.mp3?_=2\" \/><a href=\"https:\/\/www.radiopiu.net\/wordpress\/wp-content\/uploads\/2022\/10\/MORENO-SERVIZIO-FELTRE.mp3\">https:\/\/www.radiopiu.net\/wordpress\/wp-content\/uploads\/2022\/10\/MORENO-SERVIZIO-FELTRE.mp3<\/a><\/audio>\n<p>&nbsp;<\/p>\n<h3><\/h3>\n<hr \/>\n<p>&nbsp;<\/p>\n<p><strong>QUARTO ANNIVERSARIO TEMPESTA VAIA. BOTTACIN RIPERCORRE QUEI TRAGICI MOMENTI PER NON DIMENTICARE: \u201cCOME L\u2019APOCALISSE MA IL VENETO HA DIMOSTRATO DI AVER LAVORATO MOLTO A LIVELLO DI PREVENZIONE\u201d<\/strong><\/p>\n<p><strong><a class=\"dt-pswp-item\" href=\"https:\/\/www.radiopiu.net\/wordpress\/wp-content\/uploads\/2022\/10\/VAIA-ZAIA-BOTTACIN2-1.jpeg\" data-dt-img-description=\"\" data-large_image_width=\"640\" data-large_image_height=\"640\"><img loading=\"lazy\" decoding=\"async\" class=\" wp-image-303529 alignleft\" src=\"https:\/\/www.radiopiu.net\/wordpress\/wp-content\/uploads\/2022\/10\/VAIA-ZAIA-BOTTACIN2-1-300x300.jpeg\" alt=\"\" width=\"243\" height=\"243\" srcset=\"https:\/\/www.radiopiu.net\/wordpress\/wp-content\/uploads\/2022\/10\/VAIA-ZAIA-BOTTACIN2-1-300x300.jpeg 300w, https:\/\/www.radiopiu.net\/wordpress\/wp-content\/uploads\/2022\/10\/VAIA-ZAIA-BOTTACIN2-1-150x150.jpeg 150w, https:\/\/www.radiopiu.net\/wordpress\/wp-content\/uploads\/2022\/10\/VAIA-ZAIA-BOTTACIN2-1.jpeg 640w\" sizes=\"auto, (max-width: 243px) 100vw, 243px\" \/><\/a>VENEZIA\u00a0<\/strong> <em>\u201cRicorre, in questi giorni, il quarto anniversario della tempesta Vaia, che ci ha travolti e terrorizzati come se fosse giunta la fine del mondo: con Vaia, infatti, abbiamo toccato con mano uno scenario apocalittico. Per far tesoro, cio\u00e8 insegnamento, di quel drammatico evento climatico, ho deciso in seguito di pubblicare il mio diario (\u201cI giorni di Vaia\u201d), ovvero tutte le annotazioni che avevo raccolto in quelle ore tragiche e di paura che ha visto per\u00f2 la nostra gente, i nostri volontari della Protezione Civile e la nostra Regione del Veneto non abbattersi, ma anzi rimboccarsi immediatamente le maniche e lavorare incessantemente per garantire la sicurezza delle persone e ricostruire e rimboscare l\u2019area gravemente ferita\u201d. <\/em>Sono le parole che l\u2019Assessore regionale alla Protezione Civile e all\u2019Ambiente, Gianpaolo Bottacin, ha espresso in occasione dell\u2019anniversario di un evento calamitoso eccezionale come \u00e8 stato Vaia in Veneto. <em>\u201cUn evento devastante \u2013 ha specificato Bottacin &#8211; che ha pesantemente segnato la storia del Veneto tanto che l&#8217;allora Capo Dipartimento della Protezione Civile, Angelo Borrelli, dopo il suo sopralluogo, dichiar\u00f2 di aver visto uno scenario apocalittico. Pi\u00f9 di 200 Comuni veneti colpiti, precipitazioni piovose superiori a quelle registrate nel tragico evento del 1966 e vento con raffiche superiori ai 200 km\/h. Purtroppo si sono registrate anche delle vittime, inoltre, chilometri e chilometri di strade impraticabili, acquedotti devastati, decine di migliaia di persone senza energia elettrica e riscaldamento, interi paesi isolati, opere di difesa del suolo pesantemente danneggiate, alberi a terra e case scoperchiate o distrutte, allagamenti <a class=\"dt-pswp-item\" href=\"https:\/\/www.radiopiu.net\/wordpress\/wp-content\/uploads\/2022\/10\/VAIA-BOTTACIN-4-1.jpeg\" data-dt-img-description=\"\" data-large_image_width=\"960\" data-large_image_height=\"720\"><img loading=\"lazy\" decoding=\"async\" class=\"size-medium wp-image-303528 alignright\" src=\"https:\/\/www.radiopiu.net\/wordpress\/wp-content\/uploads\/2022\/10\/VAIA-BOTTACIN-4-1-300x225.jpeg\" alt=\"\" width=\"300\" height=\"225\" srcset=\"https:\/\/www.radiopiu.net\/wordpress\/wp-content\/uploads\/2022\/10\/VAIA-BOTTACIN-4-1-300x225.jpeg 300w, https:\/\/www.radiopiu.net\/wordpress\/wp-content\/uploads\/2022\/10\/VAIA-BOTTACIN-4-1-768x576.jpeg 768w, https:\/\/www.radiopiu.net\/wordpress\/wp-content\/uploads\/2022\/10\/VAIA-BOTTACIN-4-1.jpeg 960w\" sizes=\"auto, (max-width: 300px) 100vw, 300px\" \/><\/a>e frane ovunque. Questo \u00e8 stato Vaia. A volte ci si concentra solamente sugli alberi abbattuti, che sono certo una perdita per l\u2019ambiente, ma Vaia \u00e8 stato un evento in cui gli alberi hanno segnato solo una piccolissima parte di quanto realmente accaduto. Uno scenario peggiore, per certi versi, a quello che si rileva dopo un terremoto o un&#8217;alluvione\u201d. <\/em>\u201cQuesta \u00e8 stata Vaia, &#8211; ha continuato l\u2019Assessore &#8211; ma nonostante la violenza dell\u2019evento, sia pur a fronte di danni ingentissimi, questi ultimi sono stati minori rispetto a quelli registrati a seguito degli eventi del 1966 e del 2010 quando mezzo Veneto si allag\u00f2 a seguito di ben oltre 30 rotture arginali. E questo, come ha riconosciuto il Presidente della Repubblica <a class=\"dt-pswp-item\" href=\"https:\/\/www.radiopiu.net\/wordpress\/wp-content\/uploads\/2022\/10\/VAIA-BOTTACIN-3-1.jpeg\" data-dt-img-description=\"\" data-large_image_width=\"1080\" data-large_image_height=\"810\"><img loading=\"lazy\" decoding=\"async\" class=\"size-medium wp-image-303527 alignleft\" src=\"https:\/\/www.radiopiu.net\/wordpress\/wp-content\/uploads\/2022\/10\/VAIA-BOTTACIN-3-1-300x225.jpeg\" alt=\"\" width=\"300\" height=\"225\" srcset=\"https:\/\/www.radiopiu.net\/wordpress\/wp-content\/uploads\/2022\/10\/VAIA-BOTTACIN-3-1-300x225.jpeg 300w, https:\/\/www.radiopiu.net\/wordpress\/wp-content\/uploads\/2022\/10\/VAIA-BOTTACIN-3-1-1024x768.jpeg 1024w, https:\/\/www.radiopiu.net\/wordpress\/wp-content\/uploads\/2022\/10\/VAIA-BOTTACIN-3-1-768x576.jpeg 768w, https:\/\/www.radiopiu.net\/wordpress\/wp-content\/uploads\/2022\/10\/VAIA-BOTTACIN-3-1.jpeg 1080w\" sizes=\"auto, (max-width: 300px) 100vw, 300px\" \/><\/a>Mattarella, il 12 marzo 2019, grazie alle opere di prevenzione realizzate, alle previsioni che inizialmente avevano addirittura suscitato ironia da parte di qualcuno, a una esemplare azione messa in campo dai soccorritori e a un\u2019opera di ricostruzione colossale. A fronte di oltre un miliardo di euro di danni, in questi quattro anni sono stati avviati oltre 2000 cantieri, alcuni dei quali conclusi a tempo di record\u201d.\u00a0 <em>\u201cCi \u00e8 stato riconosciuto che, in occasione di Vaia \u2013 ha aggiunto &#8211; il Veneto ha dato una lezione di Protezione Civile all\u2019Italia. E ci\u00f2 \u00e8 stato possibile grazie all\u2019attivit\u00e0 silenziosa ma costante di tutto il sistema di Protezione Civile, che in Veneto ha raggiunto valori di assoluta eccellenza negli ultimi anni, sistema al quale voglio esprimere un grandissimo ringraziamento. I cambiamenti climatici ci impongono sempre pi\u00f9 impegno e determinazione nella prevenzione di questi eventi che, purtroppo, sembrano intensificarsi nella frequenza. Ed \u00e8 proprio per questo che abbiamo investito tanto e continuiamo a investire in previsione, prevenzione e cultura della sicurezza. E non perch\u00e9 vogliamo conservare una leadership nazionale, ma perch\u00e9 vogliamo che sia garantita al massimo la sicurezza dei cittadini\u201d. <\/em>\u201cVaia \u2013 ha concluso Bottacin &#8211; ha segnato profondamente il mio percorso professionale, ma anche umano e rester\u00e0 per sempre impresso nella mia mente. Il Presidente Zaia mi aveva delegato a gestire l&#8217;Unit\u00e0 di crisi regionale e quando un evento di tale imponenza e violenza lo vivi cos\u00ec direttamente e con addosso un cos\u00ec grande carico di responsabilit\u00e0 in ogni decisione che sei chiamato a prendere, non potrai mai dimenticarlo. Mai\u201d.<\/p>\n<p>&nbsp;<\/p>\n<p>&nbsp;<\/p>\n<hr \/>\n<p>&nbsp;<\/p>\n<blockquote>\n<h2><a class=\"dt-pswp-item\" href=\"https:\/\/www.radiopiu.net\/wordpress\/wp-content\/uploads\/2022\/10\/c254b919-c7aa-4c84-b505-e2a8a982c2d0.jpg\" data-dt-img-description=\"\" data-large_image_width=\"1600\" data-large_image_height=\"1200\"><img loading=\"lazy\" decoding=\"async\" class=\"wp-image-303311 alignleft\" src=\"https:\/\/www.radiopiu.net\/wordpress\/wp-content\/uploads\/2022\/10\/c254b919-c7aa-4c84-b505-e2a8a982c2d0-300x225.jpg\" alt=\"\" width=\"110\" height=\"83\" srcset=\"https:\/\/www.radiopiu.net\/wordpress\/wp-content\/uploads\/2022\/10\/c254b919-c7aa-4c84-b505-e2a8a982c2d0-300x225.jpg 300w, https:\/\/www.radiopiu.net\/wordpress\/wp-content\/uploads\/2022\/10\/c254b919-c7aa-4c84-b505-e2a8a982c2d0-1024x768.jpg 1024w, https:\/\/www.radiopiu.net\/wordpress\/wp-content\/uploads\/2022\/10\/c254b919-c7aa-4c84-b505-e2a8a982c2d0-768x576.jpg 768w, https:\/\/www.radiopiu.net\/wordpress\/wp-content\/uploads\/2022\/10\/c254b919-c7aa-4c84-b505-e2a8a982c2d0-1536x1152.jpg 1536w, https:\/\/www.radiopiu.net\/wordpress\/wp-content\/uploads\/2022\/10\/c254b919-c7aa-4c84-b505-e2a8a982c2d0.jpg 1600w\" sizes=\"auto, (max-width: 110px) 100vw, 110px\" \/><\/a>PONTE DEL FELICE, RIMANE ANCORA CHIUSO PER LAVORI PROROGATA L&#8217;ORDINANZA AL 3 NOVEMBRE<\/h2>\n<\/blockquote>\n<p><strong>La Valle Agordina &#8211; SP347 Cereda-Duran &#8211; Centro paese in prossimit\u00e0 del Municipio &#8211; Senso unico regolamentato da semaforo per lavori sulla rete idrica dal 26\/10\/22 al 31\/10\/22 ore 18 per tutte le 24 ore<\/strong><\/p>\n<p>&nbsp;<\/p>\n<hr \/>\n<p>&nbsp;<\/p>\n<blockquote>\n<h3>UN&#8217;ANZIANA DONA 50 MILA EURO AL COMUNE DI BELLUNO<\/h3>\n<\/blockquote>\n<p align=\"CENTER\"><em><strong><span style=\"color: #000000;\">Saranno rivolti ai servizi per la terza et\u00e0<\/span><\/strong><\/em><\/p>\n<p>&nbsp;<\/p>\n<p><strong><img loading=\"lazy\" decoding=\"async\" class=\"alignleft\" src=\"https:\/\/www.radiopiu.net\/wordpress\/wp-content\/uploads\/2022\/10\/Donazione.jpeg\" width=\"240\" height=\"180\" \/>BELLUNO<\/strong>\u00a0 Alla casa di riposo Maria Gaggia Lante sindaco e assessore al sociale Marco Dal Pont hanno incontrato l\u2019anziana donatrice. La visita \u00e8 stata l\u2019occasione per ringraziare la benefattrice ospite della struttura di Sersa da circa 5 anni e per illustrare come l\u2019amministrazione, in accordo con i vertici di Sersa, intende investire la somma. La donazione \u00e8 intestata al Comune di Belluno e, per espressa volont\u00e0 della donna, sar\u00e0 rivolta a migliorare e implementare i servizi rivolti agli anziani. I progetti saranno studiato dal settore sociale del Comune insieme a Sersa.<\/p>\n<p><strong>\u00a0<\/strong><\/p>\n<p><strong>\u00a0<\/strong><\/p>\n<p><strong>IL DIRETTORE DELLA SERSA\u00a0 PAOLO PIAZZA &#8211; AUDIO &#8211;\u00a0<\/strong><\/p>\n<audio class=\"wp-audio-shortcode\" id=\"audio-303510-3\" preload=\"none\" style=\"width: 100%;\" controls=\"controls\"><source type=\"audio\/mpeg\" src=\"https:\/\/www.radiopiu.net\/wordpress\/wp-content\/uploads\/2022\/10\/direttore-sersa.mp3?_=3\" \/><a href=\"https:\/\/www.radiopiu.net\/wordpress\/wp-content\/uploads\/2022\/10\/direttore-sersa.mp3\">https:\/\/www.radiopiu.net\/wordpress\/wp-content\/uploads\/2022\/10\/direttore-sersa.mp3<\/a><\/audio>\n<p>&nbsp;<\/p>\n<p><strong>IL SINDACO DI BELLUNO, OSCAR DE PELLEGRIN\u00a0 &#8211; AUDIO\u00a0<\/strong><\/p>\n<audio class=\"wp-audio-shortcode\" id=\"audio-303510-4\" preload=\"none\" style=\"width: 100%;\" controls=\"controls\"><source type=\"audio\/mpeg\" src=\"https:\/\/www.radiopiu.net\/wordpress\/wp-content\/uploads\/2022\/10\/OSCAR-DE-PELLEGRIN.mp3?_=4\" \/><a href=\"https:\/\/www.radiopiu.net\/wordpress\/wp-content\/uploads\/2022\/10\/OSCAR-DE-PELLEGRIN.mp3\">https:\/\/www.radiopiu.net\/wordpress\/wp-content\/uploads\/2022\/10\/OSCAR-DE-PELLEGRIN.mp3<\/a><\/audio>\n<p>&nbsp;<\/p>\n<div style=\"width: 640px;\" class=\"wp-video\"><video class=\"wp-video-shortcode\" id=\"video-303510-1\" width=\"640\" height=\"352\" preload=\"metadata\" controls=\"controls\"><source type=\"video\/mp4\" src=\"https:\/\/www.radiopiu.net\/wordpress\/wp-content\/uploads\/2022\/10\/Sindaco-su-donazione.mp4?_=1\" \/><a href=\"https:\/\/www.radiopiu.net\/wordpress\/wp-content\/uploads\/2022\/10\/Sindaco-su-donazione.mp4\">https:\/\/www.radiopiu.net\/wordpress\/wp-content\/uploads\/2022\/10\/Sindaco-su-donazione.mp4<\/a><\/video><\/div>\n<p>&nbsp;<\/p>\n<p>&nbsp;<\/p>\n<hr \/>\n<p>&nbsp;<\/p>\n<blockquote>\n<h2>UNIFARCO E GLI APPARTAMENTI SPECIALIZZANDI<\/h2>\n<\/blockquote>\n<p><strong><img loading=\"lazy\" decoding=\"async\" class=\"alignleft\" src=\"https:\/\/www.radiopiu.net\/wordpress\/wp-content\/uploads\/2022\/10\/873ac7cb-8182-436a-aa68-3b94a3904e03.jpg\" width=\"158\" height=\"118\" \/>DI DANIELE DALVIT<\/strong><\/p>\n<p><b>SEDICO\u00a0<\/b> Taglio del nastro a Bribano di Sedico per l&#8217;appartamento che Unifarco ha messo a disposizione dell&#8217;Ulss 1 Dolomiti per l&#8217;ospitalit\u00e0 dei medici specializzandi. Una \u201cbase\u201d per chi lavora negli ospedali provinciali totalmente gratuita per gli ospiti.<\/p>\n<p>&nbsp;<\/p>\n<audio class=\"wp-audio-shortcode\" id=\"audio-303510-5\" preload=\"none\" style=\"width: 100%;\" controls=\"controls\"><source type=\"audio\/mpeg\" src=\"https:\/\/www.radiopiu.net\/wordpress\/wp-content\/uploads\/2022\/10\/DANIELE-DAL-VIT.mp3?_=5\" \/><a href=\"https:\/\/www.radiopiu.net\/wordpress\/wp-content\/uploads\/2022\/10\/DANIELE-DAL-VIT.mp3\">https:\/\/www.radiopiu.net\/wordpress\/wp-content\/uploads\/2022\/10\/DANIELE-DAL-VIT.mp3<\/a><\/audio>\n<p>&nbsp;<\/p>\n<p>&nbsp;<\/p>\n<hr \/>\n<p>&nbsp;<\/p>\n<blockquote>\n<h1>UNA NUOVA LATTERIA A CANALE D&#8217;AGORDO NEL RICORDO DI DON ANTONIO DELLA LUCIA<\/h1>\n<\/blockquote>\n<blockquote><p><em>Ha un sogno Massimo Murer, sistemare in via definitiva la pista di slittino di Coleman entrata nella storia, costerebbe molto meno di una pista da bob<\/em><\/p><\/blockquote>\n<p><strong>CANALE D&#8217;AGORDO<\/strong> Il Comune ristrutturer\u00e0 la latteria del paese,\u00a0 la prima d&#8217;Italia. Lo far\u00e0 con oltre 70 mila euro, con un contributo da 40 mila euro della latteria stessa e altri 35 mila e pi\u00f9 introitati con i canoni d&#8217;affitto. La latteria rivivr\u00e0 con pareti in vetro per vedere dall&#8217;esterno il frutto del lavoro e della tradizione. Ci sar\u00e0 spazio per una biblioteca nel ricordo del fondatore Don Antonio Della Lucia e per stanze didattiche. Il progetto \u00e8 stato presentato nel consiglio comunale dal vicesindaco Massimo Murer. L&#8217;assessore Marilisa Luchetta lancia l&#8217;idea <em>&#8220;Cambiare nome alla via, non pi\u00f9 via Roma che con Canale centra poco, bens\u00ec sar\u00e0 la via Don Antonio Della Lucia&#8221;.\u00a0<\/em>Nel video tutti i particolari, nel finale l&#8217;intervista a Murer e Luchetta, occasione per presentare l&#8217;altro progetto da oltre 3 milioni di euro (fondi di\u00a0 confine) per la nuova pista da skiroll e biatholon.<\/p>\n<p>https:\/\/www.facebook.com\/marco.baghy.1\/videos\/1325013671640817<\/p>\n<p>&nbsp;<\/p>\n<p>&nbsp;<\/p>\n<hr \/>\n<p>&nbsp;<\/p>\n<blockquote>\n<h1>VIVERE L&#8217;AGORDINO, DALLA SALA DON TAMIS UN &#8220;PONTE&#8221; PER IL FUTURO<\/h1>\n<\/blockquote>\n<h1><strong><img loading=\"lazy\" decoding=\"async\" class=\"alignleft\" src=\"https:\/\/www.radiopiu.net\/wordpress\/wp-content\/uploads\/2022\/10\/c1fb90ee-cdb3-44de-8c81-7cd14c489535.jpg\" width=\"199\" height=\"149\" \/>\u00a0AGORDO\u00a0<\/strong><\/h1>\n<p><strong>DI GIANNI SANTOMASO<\/strong><\/p>\n<audio class=\"wp-audio-shortcode\" id=\"audio-303510-6\" preload=\"none\" style=\"width: 100%;\" controls=\"controls\"><source type=\"audio\/mpeg\" src=\"https:\/\/www.radiopiu.net\/wordpress\/wp-content\/uploads\/2022\/10\/GIANNI-VIVERE.mp3?_=6\" \/><a href=\"https:\/\/www.radiopiu.net\/wordpress\/wp-content\/uploads\/2022\/10\/GIANNI-VIVERE.mp3\">https:\/\/www.radiopiu.net\/wordpress\/wp-content\/uploads\/2022\/10\/GIANNI-VIVERE.mp3<\/a><\/audio>\n<blockquote><p>&nbsp;<\/p>\n<p><strong style=\"color: #ff0000;\">LA DIRETTA DI RADIOPIU<\/strong><\/p><\/blockquote>\n<p>https:\/\/www.facebook.com\/marco.baghy.1\/videos\/367002312248813<\/p>\n<p>&nbsp;<\/p>\n<p>&nbsp;<\/p>\n<hr \/>\n<p>&nbsp;<\/p>\n<blockquote>\n<h2>MARGRANDO &#8220;IL VIAGGIO E&#8217; LA META DEGLI UOMINI LIBERI&#8221;<\/h2>\n<p><strong>di Francesca Gallo<\/strong><\/p><\/blockquote>\n<p><strong>CANALE D&#8217;AGORDO<\/strong> Ha 27 anni Francesca quando decide di lasciare Preganziol (Treviso) con 3,50 euro in tasca, un pezzo da 1 euro, uno da 2 e uno da 50 centesimi, precisi per telefonare a casa dal Belgio e dire alla mamma &#8220;<em>sono arrivata, sto bene<\/em>&#8220;. In spalla la compagna di una vita, una fisarmonica da 9 chilogrammi, oltre 10mila pezzi di legno di pero, costruita dal pap\u00e0 della giusta misura per diventare bagaglio a mano. In testa un&#8217;idea, che si traduce in un libro, &#8220;Margrando&#8221;, perch\u00e9 gli emigranti cos\u00ec riconoscono quello che per tutti gli altri si chiama oceano, e loro sanno che il mare grande \u00e8 quello che li separa dalla terra natia, dalla famiglia, dalla donna magari sposata per procura. Francesca viaggia fino in Belgio, suona la fisarmonica, abbassa il cappello, raccoglie interviste tra il popolo di minatori e oggi racconta le loro storie. Dai minatori del Belgio agli emigranti del Canada. Partiti dall&#8217;Italia con il sogno di fare i soldi, spesso chimera. Che non conoscono nemmeno l&#8217;inno d&#8217;Italia, convinti che sotto alla bandiera ci sia Marina di Rocco Granata, oppure <em>&#8220;me compare Giacometo, quello del galeto&#8221;.<\/em> Francesca racconta di quelle realt\u00e0 venete, friulane e calabresi, un Italia d&#8217;altri confini, che confonde. Lo fa con la sua immancabile simpatia, trasmettendo emozioni che ogni tanto di fanno trattenere le lacrime, soprattutto se tra quelli di allora con la valigia c&#8217;era un padre, un nonno, un fratello. Partito e non pi\u00f9 tornato.\u00a0 Francesca Gallo ha incantato il pubblico in sala di via Lotta a Canale d&#8217;Agordo, non dubitiamo che capiter\u00e0 anche con voi, riascoltando e rivedendo il video trasmesso in diretta dai canali di Radio Pi\u00f9.<\/p>\n<p>mm<\/p>\n<p>https:\/\/www.facebook.com\/marco.baghy.1\/videos\/446095300943837<\/p>\n<p>&nbsp;<\/p>\n<p>&nbsp;<\/p>\n<p>&nbsp;<\/p>\n<hr \/>\n<p>&nbsp;<\/p>\n<p>&nbsp;<\/p>\n<blockquote>\n<h3>15 ANNI FA IL REFERENDUM, CORTINA-COLLE E LIVINALLONGO VOTARONO PER IL PASSAGGIO IN SUD TIROLO. NELL&#8217;ULTIMA EDIZIONE DE L&#8217;ALMANACCO LADINO NE HA PARLATO ANCHE DENNI DORIGO, DIRETTORE ISTITUT CULTURAL CESA DE JAN. DOMANI\u00a0 CONFERENZA STAMPA AL RIFUGIO VALPAROLA E SEMPRE DOMANI DELLA MATERIA SI OCCUPERA&#8217; ANCHE IL CONSIGLIO COMUNALE DI COLLE SANTA LUCIA CONVOCATO DAL SINDACO PAOLO FRENA CHE HA AGGIUNTO UN PUNTO ALL&#8217;ORDINE DEL GIORNO.<\/h3>\n<\/blockquote>\n<p><strong>LIVINALLONGO<\/strong> Domani alle 16 \u00e8 indetta una conferenza stampa presso il Rifugio Valparola, in occasione del 15\u00b0 anniversario dal giorno in cui si celebr\u00f2 il Referendum costituzionale con il quale il 78,86% della popolazione di Cortina d&#8217;Ampezzo, Colle Santa Lucia e Livinallongo del Col di Lana chiese il passaggio alla Regione Trentino-Alto Adige\/S\u00fcdtirol.<\/p>\n<p><strong>COLLE SANTA LUCIA<\/strong> Ordine del giorno: attuazione, a distanza di 15 anni dal Referendum per il distacco dei Comuni di Colle Santa Lucia, Livinallongo e Cortina, dalla Regione Veneto e aggregazione al Trentino Alto Adige.<\/p>\n<p>&nbsp;<\/p>\n<p>&nbsp;<\/p>\n<hr \/>\n<blockquote><p>&nbsp;<\/p>\n<h2>FEDON AL FIANCO DI ONDA ROSA PER LA PREVENZIONE DEL TUMORE AL SENO<\/h2>\n<\/blockquote>\n<p><span id=\"page3R_mcid0\" class=\"markedContent\"><img loading=\"lazy\" decoding=\"async\" class=\"alignleft\" src=\"https:\/\/www.radiopiu.net\/wordpress\/wp-content\/uploads\/2022\/10\/aaa-3.jpg\" width=\"305\" height=\"158\" \/><\/span><strong><span id=\"page3R_mcid1\" class=\"markedContent\"><span dir=\"ltr\" role=\"presentation\">LONGARONE <\/span><\/span><\/strong><span id=\"page3R_mcid4\" class=\"markedContent\"><span dir=\"ltr\" role=\"presentation\">I<\/span><span dir=\"ltr\" role=\"presentation\">n<\/span> <span dir=\"ltr\" role=\"presentation\">occasione del mese di ottobre, dedicato alla <\/span><span dir=\"ltr\" role=\"presentation\">prevenzione del tumore al seno, Fedon<\/span><span dir=\"ltr\" role=\"presentation\">&#8211;<\/span> <span dir=\"ltr\" role=\"presentation\">parte del <\/span><span dir=\"ltr\" role=\"presentation\">Gruppo EssilorLuxottica<\/span><span dir=\"ltr\" role=\"presentation\">&#8211;<\/span> <span dir=\"ltr\" role=\"presentation\">ha organizzato a favore <\/span><span dir=\"ltr\" role=\"presentation\">delle<\/span> <span dir=\"ltr\" role=\"presentation\">proprie<\/span> <span dir=\"ltr\" role=\"presentation\">dipendenti<\/span> <span dir=\"ltr\" role=\"presentation\">una<\/span> <span dir=\"ltr\" role=\"presentation\">giornata<\/span> <span dir=\"ltr\" role=\"presentation\">rivolta <\/span><span dir=\"ltr\" role=\"presentation\">alla prevenzione di questa malattia che colpisce le <\/span><span dir=\"ltr\" role=\"presentation\">donne ma che, fortunatamente, riporta tassi di<\/span><br role=\"presentation\" \/><span dir=\"ltr\" role=\"presentation\">guarigione<\/span> <span dir=\"ltr\" role=\"presentation\">molto<\/span> <span dir=\"ltr\" role=\"presentation\">alti se diagnosticata in<\/span> <span dir=\"ltr\" role=\"presentation\">fase <\/span><span dir=\"ltr\" role=\"presentation\">iniziale. L\u2019evento \u00e8 frutto della colla<\/span><span dir=\"ltr\" role=\"presentation\">borazione con <\/span><span dir=\"ltr\" role=\"presentation\">Onda Rosa, associazione no<\/span><span dir=\"ltr\" role=\"presentation\">&#8211;<\/span><span dir=\"ltr\" role=\"presentation\">profit del Bellunese <\/span><span dir=\"ltr\" role=\"presentation\">nata per supportare le pazienti che ricevono una <\/span><span dir=\"ltr\" role=\"presentation\">diagnosi di tumore.<\/span> <span dir=\"ltr\" role=\"presentation\">Fedon si schiera cos\u00ec al fianco <\/span><span dir=\"ltr\" role=\"presentation\">del benessere delle proprie dipendenti con<\/span> <span dir=\"ltr\" role=\"presentation\">l&#8217;obiettivo<\/span> <span dir=\"ltr\" role=\"presentation\">di <\/span><span dir=\"ltr\" role=\"presentation\">promuovere<\/span> <span dir=\"ltr\" role=\"presentation\">attraverso la <\/span><span dir=\"ltr\" role=\"presentation\">formazione<\/span> <span dir=\"ltr\" role=\"presentation\">stili<\/span> <span dir=\"ltr\" role=\"presentation\">di<\/span> <span dir=\"ltr\" role=\"presentation\">vita<\/span> <span dir=\"ltr\" role=\"presentation\">corret<\/span><span dir=\"ltr\" role=\"presentation\">ti<\/span> <span dir=\"ltr\" role=\"presentation\">e<\/span> <span dir=\"ltr\" role=\"presentation\">sensibilizzare<\/span> <span dir=\"ltr\" role=\"presentation\">sull\u2019importanza<\/span> <span dir=\"ltr\" role=\"presentation\">della <\/span><span dir=\"ltr\" role=\"presentation\">prevenzione<\/span> <span dir=\"ltr\" role=\"presentation\">seguendo<\/span> <span dir=\"ltr\" role=\"presentation\">esami regolari e<\/span> <span dir=\"ltr\" role=\"presentation\">autopalpazione<\/span><span dir=\"ltr\" role=\"presentation\">. <\/span><\/span><span id=\"page3R_mcid5\" class=\"markedContent\"><span dir=\"ltr\" role=\"presentation\">L\u2019iniziativa<\/span> <span dir=\"ltr\" role=\"presentation\">\u00e8<\/span> <span dir=\"ltr\" role=\"presentation\">frutto<\/span> <span dir=\"ltr\" role=\"presentation\">della <\/span><span dir=\"ltr\" role=\"presentation\">strategia<\/span> <span dir=\"ltr\" role=\"presentation\">sostenibile <\/span><span dir=\"ltr\" role=\"presentation\">abbracciata<\/span> <span dir=\"ltr\" role=\"presentation\">dall\u2019azienda <\/span><span dir=\"ltr\" role=\"presentation\">negli ultimi anni<\/span> <span dir=\"ltr\" role=\"presentation\">ed \u00e8<\/span> <span dir=\"ltr\" role=\"presentation\">rivolta <\/span><span dir=\"ltr\" role=\"presentation\">a supportare<\/span> <span dir=\"ltr\" role=\"presentation\">le donne nella l<\/span><span dir=\"ltr\" role=\"presentation\">oro<\/span> <span dir=\"ltr\" role=\"presentation\">piena<\/span> <span dir=\"ltr\" role=\"presentation\">realizzazione <\/span><span dir=\"ltr\" role=\"presentation\">personale e professionale, <\/span><span dir=\"ltr\" role=\"presentation\">perch\u00e9<\/span> <span dir=\"ltr\" role=\"presentation\">l\u2019empowerment <\/span><span dir=\"ltr\" role=\"presentation\">femminile<\/span> <span dir=\"ltr\" role=\"presentation\">passa<\/span> <span dir=\"ltr\" role=\"presentation\">anche <\/span><span dir=\"ltr\" role=\"presentation\">attraverso la consapevolezza del proprio corpo e<\/span> <span dir=\"ltr\" role=\"presentation\">della<\/span> <span dir=\"ltr\" role=\"presentation\">salute\u00a0<\/span><\/span><\/p>\n<p>&nbsp;<\/p>\n<hr \/>\n<p>&nbsp;<\/p>\n<p>&nbsp;<\/p>\n<blockquote>\n<h3>CISL BELLUNO-TREVISO MILENA CESCA SEGRETARIA GENERALE AGGIUNTA<\/h3>\n<\/blockquote>\n<p><strong><a class=\"dt-pswp-item\" href=\"https:\/\/www.radiopiu.net\/wordpress\/wp-content\/uploads\/2022\/10\/Milena-Cesca-2022.jpeg\" data-dt-img-description=\"\" data-large_image_width=\"1200\" data-large_image_height=\"1600\"><img loading=\"lazy\" decoding=\"async\" class=\"size-medium wp-image-303456 alignleft\" src=\"https:\/\/www.radiopiu.net\/wordpress\/wp-content\/uploads\/2022\/10\/Milena-Cesca-2022-225x300.jpeg\" alt=\"\" width=\"225\" height=\"300\" srcset=\"https:\/\/www.radiopiu.net\/wordpress\/wp-content\/uploads\/2022\/10\/Milena-Cesca-2022-225x300.jpeg 225w, https:\/\/www.radiopiu.net\/wordpress\/wp-content\/uploads\/2022\/10\/Milena-Cesca-2022-768x1024.jpeg 768w, https:\/\/www.radiopiu.net\/wordpress\/wp-content\/uploads\/2022\/10\/Milena-Cesca-2022-1152x1536.jpeg 1152w, https:\/\/www.radiopiu.net\/wordpress\/wp-content\/uploads\/2022\/10\/Milena-Cesca-2022.jpeg 1200w\" sizes=\"auto, (max-width: 225px) 100vw, 225px\" \/><\/a>BELLUNO\u00a0<\/strong> Milena Cesca, 55 anni, di Calalzo di Cadore, in segreteria della categoria dal 2010, \u00e8 stata eletta segretaria generale aggiunta. Affiancher\u00e0 il segretario generale Gianni Boato, al timone della Femca territoriale da due anni, e seguir\u00e0 in particolare il territorio bellunese. Un ruolo di grande responsabilit\u00e0 che premia un percorso sindacale avviato nella seconda met\u00e0 degli anni Ottanta, quando \u00e8 stata eletta Rsu in una occhialeria bellunese. Cesca ha poi lavorato alle dipendenze del Caf Cisl di Belluno e successivamente nella Fisascat Cisl, la Federazione dei servizi, prima come operatrice, poi come segretaria territoriale, ruolo che ha ricoperto per 9 anni, dal 2000 al 2009, fino all\u2019ingresso in segreteria confederale. Nel 2010 \u00e8 approdata alla segreteria della Femca, dove da subito ha seguito i settori dell\u2019occhialeria e della gomma-plastica e gestito con grande entusiasmo la delega alla formazione. Da dicembre 2020 \u00e8 il punto di riferimento della Femca Cisl in Luxottica. La neo segretaria aggiunta sar\u00e0 affiancata da Mauro Dalla Rosa come operatore nel territorio di Belluno. Per quanto riguarda la contrattazione aziendale, occhi puntati sulla conciliazione fra vita e lavoro, smart working e sostenibilit\u00e0 ambientale, entrata di fatto anche in recenti accordi integrativi come quello di Th\u00e8lios, dove l\u2019azienda incentiva anche economicamente le iniziative e i comportamenti volti alla tutela dell\u2019ambiente, dal contenimento degli scarti di produzione, al ricorso al car-pooling e di Marcolin che su orari, conciliazione e premio legato a risparmio energetico ha fatto un salto di qualit\u00e0 notevole per tutto il settore.<\/p>\n<p>AI MICROFONI DI RADIO PIU, MILENA CESCA<\/p>\n<audio class=\"wp-audio-shortcode\" id=\"audio-303510-7\" preload=\"none\" style=\"width: 100%;\" controls=\"controls\"><source type=\"audio\/mpeg\" src=\"https:\/\/www.radiopiu.net\/wordpress\/wp-content\/uploads\/2022\/10\/MILENA-CESCA.mp3?_=7\" \/><a href=\"https:\/\/www.radiopiu.net\/wordpress\/wp-content\/uploads\/2022\/10\/MILENA-CESCA.mp3\">https:\/\/www.radiopiu.net\/wordpress\/wp-content\/uploads\/2022\/10\/MILENA-CESCA.mp3<\/a><\/audio>\n<p>&nbsp;<\/p>\n<p>&nbsp;<\/p>\n<hr \/>\n<p>&nbsp;<\/p>\n<blockquote>\n<h2>SERE D&#8217;AUTUNNO, LA SERATA FINALE CON MORENO PESCE<\/h2>\n\n\t\t\t<style type='text\/css'>\n\t\t\t\t#gallery-1 {\n\t\t\t\t\tmargin: auto;\n\t\t\t\t}\n\t\t\t\t#gallery-1 .gallery-item {\n\t\t\t\t\tfloat: left;\n\t\t\t\t\tmargin-top: 10px;\n\t\t\t\t\ttext-align: center;\n\t\t\t\t\twidth: 50%;\n\t\t\t\t}\n\t\t\t\t#gallery-1 img {\n\t\t\t\t\tborder: 2px solid #cfcfcf;\n\t\t\t\t}\n\t\t\t\t#gallery-1 .gallery-caption {\n\t\t\t\t\tmargin-left: 0;\n\t\t\t\t}\n\t\t\t\t\/* see gallery_shortcode() in wp-includes\/media.php *\/\n\t\t\t<\/style>\n\t\t<div id='gallery-1' class='dt-gallery-container gallery galleryid-303510 gallery-columns-2 gallery-size-medium'><dl class='gallery-item'>\n\t\t\t\t<dt class='gallery-icon portrait'>\n\t\t\t\t\t<a class=\"rollover\" href='https:\/\/www.radiopiu.net\/wordpress\/giornale-radiopiu-27-ottobre-2022-direttore-mirko-mezzacasa-2\/bd1be557-b952-4316-b029-e0f7b2ace810-2\/'><img loading=\"lazy\" decoding=\"async\" width=\"146\" height=\"300\" src=\"https:\/\/www.radiopiu.net\/wordpress\/wp-content\/uploads\/2022\/10\/bd1be557-b952-4316-b029-e0f7b2ace810-1-146x300.jpg\" class=\"attachment-medium size-medium\" alt=\"\" srcset=\"https:\/\/www.radiopiu.net\/wordpress\/wp-content\/uploads\/2022\/10\/bd1be557-b952-4316-b029-e0f7b2ace810-1-146x300.jpg 146w, https:\/\/www.radiopiu.net\/wordpress\/wp-content\/uploads\/2022\/10\/bd1be557-b952-4316-b029-e0f7b2ace810-1-498x1024.jpg 498w, https:\/\/www.radiopiu.net\/wordpress\/wp-content\/uploads\/2022\/10\/bd1be557-b952-4316-b029-e0f7b2ace810-1.jpg 577w\" sizes=\"auto, (max-width: 146px) 100vw, 146px\" \/><\/a>\n\t\t\t\t<\/dt><\/dl><dl class='gallery-item'>\n\t\t\t\t<dt class='gallery-icon portrait'>\n\t\t\t\t\t<a class=\"rollover\" href='https:\/\/www.radiopiu.net\/wordpress\/giornale-radiopiu-27-ottobre-2022-direttore-mirko-mezzacasa-2\/966b9c19-fac4-4d16-827b-d7f570b81e58-2\/'><img loading=\"lazy\" decoding=\"async\" width=\"140\" height=\"300\" src=\"https:\/\/www.radiopiu.net\/wordpress\/wp-content\/uploads\/2022\/10\/966b9c19-fac4-4d16-827b-d7f570b81e58-1-140x300.jpg\" class=\"attachment-medium size-medium\" alt=\"\" srcset=\"https:\/\/www.radiopiu.net\/wordpress\/wp-content\/uploads\/2022\/10\/966b9c19-fac4-4d16-827b-d7f570b81e58-1-140x300.jpg 140w, https:\/\/www.radiopiu.net\/wordpress\/wp-content\/uploads\/2022\/10\/966b9c19-fac4-4d16-827b-d7f570b81e58-1-477x1024.jpg 477w, https:\/\/www.radiopiu.net\/wordpress\/wp-content\/uploads\/2022\/10\/966b9c19-fac4-4d16-827b-d7f570b81e58-1.jpg 583w\" sizes=\"auto, (max-width: 140px) 100vw, 140px\" \/><\/a>\n\t\t\t\t<\/dt><\/dl><br style=\"clear: both\" \/>\n\t\t\t<\/div>\n<\/blockquote>\n<p><strong>LA PRESENTAZIONE&#8230; DEL PRESENTATORE<\/strong><\/p>\n<p><strong>DI GIANPAOLO SORATROI\u00a0<\/strong><\/p>\n<audio class=\"wp-audio-shortcode\" id=\"audio-303510-8\" preload=\"none\" style=\"width: 100%;\" controls=\"controls\"><source type=\"audio\/mpeg\" src=\"https:\/\/www.radiopiu.net\/wordpress\/wp-content\/uploads\/2022\/10\/GIANPAOLO-SORATROI.mp3?_=8\" \/><a href=\"https:\/\/www.radiopiu.net\/wordpress\/wp-content\/uploads\/2022\/10\/GIANPAOLO-SORATROI.mp3\">https:\/\/www.radiopiu.net\/wordpress\/wp-content\/uploads\/2022\/10\/GIANPAOLO-SORATROI.mp3<\/a><\/audio>\n<p>&nbsp;<\/p>\n<hr \/>\n<p>&nbsp;<\/p>\n<p>&nbsp;<\/p>\n<blockquote class=\"wp-embedded-content\" data-secret=\"ZxGqNL5nEl\"><p><a href=\"https:\/\/www.radiopiu.net\/wordpress\/aziendazeroottobre26\/\">IN CALO: NUOVI CASI, POSITIVI ATTUALI, RICOVERI IN REPARTO E TERAPIA INTESIVA.  8 I DECESSI<\/a><\/p><\/blockquote>\n<p><iframe loading=\"lazy\" class=\"wp-embedded-content\" sandbox=\"allow-scripts\" security=\"restricted\" style=\"position: absolute; clip: rect(1px, 1px, 1px, 1px);\" title=\"&#8220;IN CALO: NUOVI CASI, POSITIVI ATTUALI, RICOVERI IN REPARTO E TERAPIA INTESIVA.  8 I DECESSI&#8221; &#8212; Radio Pi\u00f9\" src=\"https:\/\/www.radiopiu.net\/wordpress\/aziendazeroottobre26\/embed\/#?secret=23Qbzpj0i4#?secret=ZxGqNL5nEl\" data-secret=\"ZxGqNL5nEl\" width=\"600\" height=\"338\" frameborder=\"0\" marginwidth=\"0\" marginheight=\"0\" scrolling=\"no\"><\/iframe><\/p>\n<h2><\/h2>\n<h2>I GRAFICI DI TIZIANO DE COL<\/h2>\n\n\t\t\t<style type='text\/css'>\n\t\t\t\t#gallery-2 {\n\t\t\t\t\tmargin: auto;\n\t\t\t\t}\n\t\t\t\t#gallery-2 .gallery-item {\n\t\t\t\t\tfloat: left;\n\t\t\t\t\tmargin-top: 10px;\n\t\t\t\t\ttext-align: center;\n\t\t\t\t\twidth: 33%;\n\t\t\t\t}\n\t\t\t\t#gallery-2 img {\n\t\t\t\t\tborder: 2px solid #cfcfcf;\n\t\t\t\t}\n\t\t\t\t#gallery-2 .gallery-caption {\n\t\t\t\t\tmargin-left: 0;\n\t\t\t\t}\n\t\t\t\t\/* see gallery_shortcode() in wp-includes\/media.php *\/\n\t\t\t<\/style>\n\t\t<div id='gallery-2' class='dt-gallery-container gallery galleryid-303510 gallery-columns-3 gallery-size-thumbnail'><dl class='gallery-item'>\n\t\t\t\t<dt class='gallery-icon landscape'>\n\t\t\t\t\t<a class=\"rollover rollover-zoom dt-pswp-item\" title=\"47d76d7d-45c8-4bff-b5aa-254dc79f2739\" data-dt-img-description=\"\" data-large_image_width=\"588\" data-large_image_height=\"368\"href='https:\/\/www.radiopiu.net\/wordpress\/wp-content\/uploads\/2022\/10\/47d76d7d-45c8-4bff-b5aa-254dc79f2739.jpg'><img loading=\"lazy\" decoding=\"async\" width=\"150\" height=\"150\" src=\"https:\/\/www.radiopiu.net\/wordpress\/wp-content\/uploads\/2022\/10\/47d76d7d-45c8-4bff-b5aa-254dc79f2739-150x150.jpg\" class=\"attachment-thumbnail size-thumbnail\" alt=\"\" \/><\/a>\n\t\t\t\t<\/dt><\/dl><dl class='gallery-item'>\n\t\t\t\t<dt class='gallery-icon landscape'>\n\t\t\t\t\t<a class=\"rollover rollover-zoom dt-pswp-item\" title=\"fc11bc58-689d-4c2c-a510-8344a2d1f659\" data-dt-img-description=\"\" data-large_image_width=\"603\" data-large_image_height=\"369\"href='https:\/\/www.radiopiu.net\/wordpress\/wp-content\/uploads\/2022\/10\/fc11bc58-689d-4c2c-a510-8344a2d1f659.jpg'><img loading=\"lazy\" decoding=\"async\" width=\"150\" height=\"150\" src=\"https:\/\/www.radiopiu.net\/wordpress\/wp-content\/uploads\/2022\/10\/fc11bc58-689d-4c2c-a510-8344a2d1f659-150x150.jpg\" class=\"attachment-thumbnail size-thumbnail\" alt=\"\" \/><\/a>\n\t\t\t\t<\/dt><\/dl><dl class='gallery-item'>\n\t\t\t\t<dt class='gallery-icon landscape'>\n\t\t\t\t\t<a class=\"rollover rollover-zoom dt-pswp-item\" title=\"b1e8fa26-50a6-4c32-9ef5-cf8f039f8fa6\" data-dt-img-description=\"\" data-large_image_width=\"614\" data-large_image_height=\"354\"href='https:\/\/www.radiopiu.net\/wordpress\/wp-content\/uploads\/2022\/10\/b1e8fa26-50a6-4c32-9ef5-cf8f039f8fa6.jpg'><img loading=\"lazy\" decoding=\"async\" width=\"150\" height=\"150\" src=\"https:\/\/www.radiopiu.net\/wordpress\/wp-content\/uploads\/2022\/10\/b1e8fa26-50a6-4c32-9ef5-cf8f039f8fa6-150x150.jpg\" class=\"attachment-thumbnail size-thumbnail\" alt=\"\" \/><\/a>\n\t\t\t\t<\/dt><\/dl><br style=\"clear: both\" \/><dl class='gallery-item'>\n\t\t\t\t<dt class='gallery-icon landscape'>\n\t\t\t\t\t<a class=\"rollover rollover-zoom dt-pswp-item\" title=\"cab3d631-263a-40cb-896a-94229a867194\" data-dt-img-description=\"\" data-large_image_width=\"624\" data-large_image_height=\"366\"href='https:\/\/www.radiopiu.net\/wordpress\/wp-content\/uploads\/2022\/10\/cab3d631-263a-40cb-896a-94229a867194.jpg'><img loading=\"lazy\" decoding=\"async\" width=\"150\" height=\"150\" src=\"https:\/\/www.radiopiu.net\/wordpress\/wp-content\/uploads\/2022\/10\/cab3d631-263a-40cb-896a-94229a867194-150x150.jpg\" class=\"attachment-thumbnail size-thumbnail\" alt=\"\" \/><\/a>\n\t\t\t\t<\/dt><\/dl><dl class='gallery-item'>\n\t\t\t\t<dt class='gallery-icon landscape'>\n\t\t\t\t\t<a class=\"rollover rollover-zoom dt-pswp-item\" title=\"a377c7f8-f193-4235-aa61-2eb4113a4a1a\" data-dt-img-description=\"\" data-large_image_width=\"616\" data-large_image_height=\"363\"href='https:\/\/www.radiopiu.net\/wordpress\/wp-content\/uploads\/2022\/10\/a377c7f8-f193-4235-aa61-2eb4113a4a1a.jpg'><img loading=\"lazy\" decoding=\"async\" width=\"150\" height=\"150\" src=\"https:\/\/www.radiopiu.net\/wordpress\/wp-content\/uploads\/2022\/10\/a377c7f8-f193-4235-aa61-2eb4113a4a1a-150x150.jpg\" class=\"attachment-thumbnail size-thumbnail\" alt=\"\" \/><\/a>\n\t\t\t\t<\/dt><\/dl><dl class='gallery-item'>\n\t\t\t\t<dt class='gallery-icon landscape'>\n\t\t\t\t\t<a class=\"rollover rollover-zoom dt-pswp-item\" title=\"0dbe1421-4710-4fc5-90c8-4266646b10ca\" data-dt-img-description=\"\" data-large_image_width=\"614\" data-large_image_height=\"365\"href='https:\/\/www.radiopiu.net\/wordpress\/wp-content\/uploads\/2022\/10\/0dbe1421-4710-4fc5-90c8-4266646b10ca.jpg'><img loading=\"lazy\" decoding=\"async\" width=\"150\" height=\"150\" src=\"https:\/\/www.radiopiu.net\/wordpress\/wp-content\/uploads\/2022\/10\/0dbe1421-4710-4fc5-90c8-4266646b10ca-150x150.jpg\" class=\"attachment-thumbnail size-thumbnail\" alt=\"\" \/><\/a>\n\t\t\t\t<\/dt><\/dl><br style=\"clear: both\" \/>\n\t\t\t<\/div>\n\n<p>&nbsp;<\/p>\n<hr \/>\n<blockquote>\n<h3><\/h3>\n<h3>BANDO DI CONCORSO PER UN OPERAIO-MURATORE<\/h3>\n<\/blockquote>\n<p><strong><a class=\"dt-pswp-item\" href=\"https:\/\/www.radiopiu.net\/wordpress\/wp-content\/uploads\/2020\/09\/FALCADE-1.jpg\" data-dt-img-description=\"\" data-large_image_width=\"960\" data-large_image_height=\"720\"><img loading=\"lazy\" decoding=\"async\" class=\"wp-image-163186 alignleft\" src=\"https:\/\/www.radiopiu.net\/wordpress\/wp-content\/uploads\/2020\/09\/FALCADE-1-300x225.jpg\" alt=\"\" width=\"167\" height=\"125\" srcset=\"https:\/\/www.radiopiu.net\/wordpress\/wp-content\/uploads\/2020\/09\/FALCADE-1-300x225.jpg 300w, https:\/\/www.radiopiu.net\/wordpress\/wp-content\/uploads\/2020\/09\/FALCADE-1-768x576.jpg 768w, https:\/\/www.radiopiu.net\/wordpress\/wp-content\/uploads\/2020\/09\/FALCADE-1-640x480.jpg 640w, https:\/\/www.radiopiu.net\/wordpress\/wp-content\/uploads\/2020\/09\/FALCADE-1.jpg 960w\" sizes=\"auto, (max-width: 167px) 100vw, 167px\" \/><\/a>FALCADE<\/strong>\u00a0Il Comune ha indetto un concorso pubblico\u00a0 per l&#8217;assunzione, a tempo pieno e indeterminato, di\u00a0 un operaio specializzato autista-muratore \u2013 area tecnica. Le domande di partecipazione dovranno pervenire al Comune di Falcade entro il 7 novembre alle 18, secondo le modalit\u00e0 previste dal Bando di Concorso pubblicato sul sito istituzionale dell\u2019Ente. Per ogni informazione, i candidati potranno rivolgersi al Comune di Falcade (tel. 0437-599735 &#8211; cell. 347\/1521259; posta elettronica: <a href=\"mailto:segretario.falcade@agordino.bl.it\">segretario.falcade@agordino.bl.it<\/a>\u00a0oppure <a href=\"mailto:ragioneria.falcade@agordino.bl.it\">ragioneria.falcade@agordino.bl.it<\/a>).<\/p>\n<p>&nbsp;<\/p>\n<p>&nbsp;<\/p>\n<p>&nbsp;<\/p>\n<hr \/>\n<p>&nbsp;<\/p>\n<blockquote>\n<h2>NEL RICORDO DELLE VITTIME DELLA GUERRA E DELL&#8217;ALLUVIONE<\/h2>\n<\/blockquote>\n<p><strong>FALCADE<\/strong> Il sindaco Mauro Salvaterra a nome dell&#8217;amminsitrazione comunale e della cittadinanza ricorda con commozione e riconoscenza i cittadini caduti in guerra e periti nell&#8217;alluvione del 1966. Venerdi 4 novembre la celebrazione alle 14 in piazza a Somor nell&#8217;anniversario della grande alluvione, in caso di maltempo la messa verr\u00e0 celebrata in chiesa a Falcade Alto.<\/p>\n<blockquote><p><em>Nel ricordo dei Caduti di tutte le guerre, con la speranza di un futuro di pace<\/em><\/p><\/blockquote>\n<p>Domenica 6 novembre festa dell&#8217;Unit\u00e0 Nazionale e delle Forze Armate con la messa alle 10.30 in chiesa a Falcade, al termine la deposizione della corona al Monumento dei Caduti e presso le altre lapidi a ricordo. Con la partecipazione dei gruppi Ana di Falcade, Caviola-Cime d&#8217;Auta, Canale d&#8217;Agordo-Caviola.<\/p>\n<p>&nbsp;<\/p>\n<p>&nbsp;<\/p>\n<hr \/>\n<p>&nbsp;<\/p>\n<blockquote>\n<h3>I CONSIGLI COMUNALI<\/h3>\n<\/blockquote>\n<p><strong>SAN TOMASO<\/strong> Oggi alle 18.15 consiglio comunale convocato dal sindaco Moreno De Val. All&#8217;ordine del giorno la variazione d&#8217;urgenza al bilancio 2022, la presa d&#8217;atto del ducumento unico di programmazione <a class=\"dt-pswp-item\" href=\"https:\/\/www.radiopiu.net\/wordpress\/wp-content\/uploads\/2021\/08\/COLLE-SANTA-LUCIA.jpg\" data-dt-img-description=\"\" data-large_image_width=\"640\" data-large_image_height=\"480\"><img loading=\"lazy\" decoding=\"async\" class=\"wp-image-229239 alignleft\" src=\"https:\/\/www.radiopiu.net\/wordpress\/wp-content\/uploads\/2021\/08\/COLLE-SANTA-LUCIA-300x225.jpg\" alt=\"\" width=\"187\" height=\"140\" srcset=\"https:\/\/www.radiopiu.net\/wordpress\/wp-content\/uploads\/2021\/08\/COLLE-SANTA-LUCIA-300x225.jpg 300w, https:\/\/www.radiopiu.net\/wordpress\/wp-content\/uploads\/2021\/08\/COLLE-SANTA-LUCIA.jpg 640w\" sizes=\"auto, (max-width: 187px) 100vw, 187px\" \/><\/a>DUP, l&#8217;approvazione della convenzione per la gestione in forma associata dell&#8217;ufficio di segretario comunale tra i Comuni di Alleghe, Selva di Cadore, San Tomaso e Zopp\u00e8 di Cadore, infine autorizzazione alienazione dei terreni in localit\u00e0 Sot Colar\u00f9 a seguito di sclassificazione da uso civico.<\/p>\n<p><strong>COLLE SANTA LUCIA\u00a0<\/strong> Il sindaco Paolo Frena ha convocato i consiglieri per domani alle 8 del mattino. In discussione: variazione al bilancio, convenzione con i Comuni di Veggiano, Fonzaso, Falcade, Vallada e Colle Santa Lucia per la gestione associata dell&#8217;ufficio di Segretario comunale, esame ed adozione variante verdi per la riclassificazione di aree edificabili per il 2022.<\/p>\n<p>&nbsp;<\/p>\n<hr \/>\n<p>&nbsp;<\/p>\n<blockquote>\n<h3>BORSE DI STUDIO PER GLI STUDENTI<\/h3>\n<\/blockquote>\n<p><strong> ALLEGHE<\/strong> Il Comune ha pubblicato il bando per l\u2019assegnazione di borse di studio comunali agli studenti, residenti, frequentanti le scuole superiori, che hanno conseguito il diploma di maturit\u00e0 nel 2022 o laureatesi entro il mese di ottobre 2022. Il modulo di domanda si pu\u00f2 reperire all\u2019albo pretorio online nel sito del Comune di Alleghe o richiedere direttamente all\u2019Ufficio Servizi Demografici; le domande potranno essere inoltrate fino al 19 dicembre 2022<\/p>\n<p>&nbsp;<\/p>\n<p>&nbsp;<\/p>\n<hr \/>\n<p>&nbsp;<\/p>\n<blockquote>\n<h3>COMMISSIONE SERVIZI SOCIALI, BUDGET RAFFORZATO<\/h3>\n<\/blockquote>\n<p><strong>PONTE NELLE ALPI<\/strong> Il Comune di Ponte nelle Alpi dopo aver stanziato 50mila euro a favore della Fondazione \u201cCasa del Sole\u201d per supportare la gestione della casa di riposo, e un analogo contributo per buoni spesa, mense scolastiche e bollette energetiche tende ora una mano alla Commissione Servizi sociali del Comune rafforzando con un ulteriore fondo di 10mila euro il budget a disposizione della Commissione. Il sindaco Paolo Vendramini si \u00e8 trovato con i rappresentanti delle sigle sindacali dei pensionati, all\u2019interno di un proficuo appuntamento in sala consiliare, che ha indicato l\u2019attenzione dell\u2019amministrazione per il sociale. L\u2019incontro con i sindacati, inoltre, ha toccato il tema degli scaglioni Irpef e il Pnrr \u00abSi sono rivelati importanti i finanziamenti &#8211; dice il sindaco Paolo Vendramini &#8211; intercettati per la riqualificazione del Palazzetto dello Sport a uso scolastico (1 milione di euro) e per la Cittadella dei Servizi che vedr\u00e0 la sistemazione a uso sociale e urbano della zona centrale di Ponte nelle Alpi\u00bb.<\/p>\n<p>&nbsp;<\/p>\n<p>&nbsp;<\/p>\n<hr \/>\n<p>&nbsp;<\/p>\n<blockquote>\n<h3>LA STAGIONE DELLE FIERE<strong style=\"font-size: 14px;\">\u00a0<\/strong><\/h3>\n<\/blockquote>\n<p><strong>PONTE NELLE ALPI<\/strong> Il Comune di Ponte nelle Alpi dopo aver stanziato 50mila euro a favore della Fondazione \u201cCasa del Sole\u201d per supportare la gestione della casa di riposo, e un analogo contributo per buoni spesa, mense scolastiche e bollette energetiche tende ora una mano alla Commissione Servizi sociali del Comune rafforzando con un ulteriore fondo di 10mila euro il budget a disposizione della Commissione. Il sindaco Paolo Vendramini si \u00e8 trovato con i rappresentanti delle sigle sindacali dei pensionati, all\u2019interno di un proficuo appuntamento in sala consiliare, che ha indicato l\u2019attenzione dell\u2019amministrazione per il sociale. L\u2019incontro con i sindacati, inoltre, ha toccato il tema degli scaglioni Irpef e il Pnrr \u00abSi sono rivelati importanti i finanziamenti &#8211; dice il sindaco Paolo Vendramini &#8211; intercettati per la riqualificazione del Palazzetto dello Sport a uso scolastico (1 milione di euro) e per la Cittadella dei Servizi che vedr\u00e0 la sistemazione a uso sociale e urbano della zona centrale di Ponte nelle Alpi\u00bb.<\/p>\n<p>&nbsp;<\/p>\n<p>&nbsp;<\/p>\n<hr \/>\n<p>&nbsp;<\/p>\n<p>&nbsp;<\/p>\n<blockquote>\n<h2>SALUTE MENTALE: il prossimo Open Day<\/h2>\n<\/blockquote>\n<p><strong>AGORDO<\/strong>\u00a0 Continua il ciclo di Open Day presso le sedi dei Centri di Salute Mentale del territorio (CSM di Belluno, Pieve di Cadore ed Agordo, afferenti all&#8217;UOC Psichiatria per il Distretto di Belluno, e CSM di Feltre per il suddetto Distretto), promossi da Ulss Dolomiti e il Dipartimento di Salute Mentale per offrire un punto di ascolto dedicato per trovare aiuto, avere informazioni su come approcciarsi a persone vicine in difficolt\u00e0 e trovare un supporto. Dopo il CSM di Pieve di Cadore, il CSM di Belluno e il CSM di Feltre, il prossimo Open Day si terr\u00e0 sabato 29 ottobre al CSM di Agordo dalle 8.00 alle 13.00. Il centro sar\u00e0 aperto alla cittadinanza, gratuitamente e senza appuntamento. Un\u2019\u00e9quipe sar\u00e0 a disposizione per fornire informazioni, per rispondere a quesiti e\/o richieste sull&#8217;organizzazione dei nostri Servizi e per offrire un servizio di consulenza alle persone che si trovano in un momento di fragilit\u00e0 o dei loro familiari. L\u2019iniziativa si pone l\u2019obiettivo di contrastare lo stigma della malattia mentale attraverso la sensibilizzazione e l&#8217;informazione intorno alla sofferenza psichica.<\/p>\n<p>&nbsp;<\/p>\n<p>&nbsp;<\/p>\n<p>&nbsp;<\/p>\n<hr \/>\n<p>&nbsp;<\/p>\n<p><span style=\"color: #ff99cc;\"><strong><a class=\"dt-pswp-item\" href=\"https:\/\/www.radiopiu.net\/wordpress\/wp-content\/uploads\/2022\/10\/Senza-nome-49.jpg\" data-dt-img-description=\"\" data-large_image_width=\"158\" data-large_image_height=\"185\"><img loading=\"lazy\" decoding=\"async\" class=\" wp-image-302266 alignleft\" src=\"https:\/\/www.radiopiu.net\/wordpress\/wp-content\/uploads\/2022\/10\/Senza-nome-49.jpg\" alt=\"\" width=\"127\" height=\"149\" \/><\/a>OTTOBRE ROSA CON LA ULSS1 DOLOMITI\u00a0<\/strong><\/span><\/p>\n<p><span style=\"color: #ff99cc;\"><strong>GLI INCONTRI ON LINE IN GMEET SULLA PREVENZIONE E CURA DEI TUMORI AL SENO<\/strong><\/span><\/p>\n<p><span style=\"color: #ff99cc;\"><strong>Oggi alle 18 &#8220;Ricomincio da me&#8221; con Serena Zatta (make up artist) e Lunedi 31 ottobre alle 18 &#8220;Oltre la malattia con le associazioni&#8221; con Ados Belluno e Feltre<\/strong><\/span><\/p>\n<p><span style=\"color: #ff99cc;\"><strong>\u00a0 \u00a0<\/strong><\/span><\/p>\n<p>&nbsp;<\/p>\n<p>&nbsp;<\/p>\n<hr \/>\n<p>&nbsp;<\/p>\n<blockquote>\n<h3>QUATTRO\u00a0 INCONTRI CON PETTIROSSO AGORDINO<\/h3>\n<\/blockquote>\n<p><strong><a class=\"dt-pswp-item\" href=\"https:\/\/www.radiopiu.net\/wordpress\/wp-content\/uploads\/2022\/05\/petti.jpg\" data-dt-img-description=\"\" data-large_image_width=\"269\" data-large_image_height=\"131\"><img loading=\"lazy\" decoding=\"async\" class=\"size-full wp-image-275145 alignleft\" src=\"https:\/\/www.radiopiu.net\/wordpress\/wp-content\/uploads\/2022\/05\/petti.jpg\" alt=\"\" width=\"269\" height=\"131\" \/><\/a>CENCENIGHE<\/strong>\u00a0Il 2 novembre sar\u00e0 affrontato il tema &#8220;Come districarsi fra burocrazia, ausili e movimentazioni&#8221; con Stefano Masini (assistente sociale di Asca) e Roberto Agnolet (fisioterapista) su &#8220;Come posso facilitare le autonomie?&#8221;. Il 9 novembre l&#8217;argomento trattato da Cristina Balest (educatrice) e Letizia Collazuol (coordinatrice dell&#8217;equipe Sersa) sar\u00e0 &#8220;La gestione della persona con demenza in struttura&#8221;. Conclusione il 16 novembre con &#8220;L&#8217;impegno a tempo pieno di chi assiste la persona con demenza&#8221; in cui Erica Calvi (psicologa di Sersa) evidenzier\u00e0 la fatica invisibile di chi si prende cura di una persona malata.<\/p>\n<p><strong>di Gianni Santomaso<\/strong><\/p>\n<audio class=\"wp-audio-shortcode\" id=\"audio-303510-9\" preload=\"none\" style=\"width: 100%;\" controls=\"controls\"><source type=\"audio\/mpeg\" src=\"https:\/\/www.radiopiu.net\/wordpress\/wp-content\/uploads\/2022\/10\/GIANNI-PETTIROSSO.mp3?_=9\" \/><a href=\"https:\/\/www.radiopiu.net\/wordpress\/wp-content\/uploads\/2022\/10\/GIANNI-PETTIROSSO.mp3\">https:\/\/www.radiopiu.net\/wordpress\/wp-content\/uploads\/2022\/10\/GIANNI-PETTIROSSO.mp3<\/a><\/audio>\n<h3 class=\"entry-title\"><\/h3>\n<p>&nbsp;<\/p>\n<p>&nbsp;<\/p>\n<hr \/>\n<p>&nbsp;<\/p>\n<blockquote>\n<h3><\/h3>\n<h3>ASSOCIAZIONE DAFNE. Venerd\u00ec 4 novembre 2022 alle 18,15 Sala Bianchi &#8220;Eliseo Dal Pont&#8221;<\/h3>\n<\/blockquote>\n<p><strong>BELLUNO<\/strong> Riprendono gli incontri del programma &#8220;Per fortuna siamo tutti genitori imperfetti&#8221; con l&#8217;appuntamento &#8220;ADOLESCENTI: IDENTITA&#8217; DI GENERE E SESSUALITA'&#8221;. La dott.ssa Anna Dal Pan ,psicologa e psicoterapeuta , indicher\u00e0 un percorso attraverso l&#8217;infinito mondo delle sfumature dell&#8217;identit\u00e0 di genere e della sessualit\u00e0 degli esseri umani , ma con l&#8217;ottica dei nostri figli. Un viaggio per riflettere sui concetti di morale e di etica e soprattutto di diritti e di inclusione, in un tempo in cui ognuno di noi ha il dovere di confrontarsi e relazionarsi con le PERSONE. Questo incontro si intreccia con il progetto OTUIA\/AIUTO, finanziato dal bando per la co-progettazione sociale-anno 2021 del CSV Belluno Treviso Per info chiamare il 3397937503 o inviare una e-mail a <a href=\"mailto:info@associazionedafne.it\" target=\"_blank\" rel=\"noopener noreferrer\">info@associazionedafne.it<\/a>&lt;mailto:<a href=\"mailto:info@associazionedafne.it\" target=\"_blank\" rel=\"noopener noreferrer\">info@associazionedafne.it<\/a>&gt;<\/p>\n<p>&nbsp;<\/p>\n<p>&nbsp;<\/p>\n<hr \/>\n<p>&nbsp;<\/p>\n<p>&nbsp;<\/p>\n<blockquote>\n<h3>PREVENZIONE DELLA SALUTE, VENERDI SECONDO APPUNTAMENTO CON LA COMMISSIONE PARI OPPORTUNITA&#8217;<\/h3>\n<\/blockquote>\n<p><strong>PONTE NELLE ALPI<\/strong> Al via il secondo appuntamento dedicato alla prevenzione della salute, proposto dalla Commissione Pari Opportunit\u00e0, in collaborazione con ADOS Belluno. Il tema, che interessa particolarmente la sfera femminile (ma non in via esclusiva), \u00e8 insolito, se non addirittura, sconosciuto: il pavimento pelvico. Parler\u00e0 la relatrice e autrice del libro \u201cUno scrigno segreto\u201d: la dottoressa Barbara Zebellin.\u00a0 Il libro\u201d \u00e8 dedicato alle donne di tutte le et\u00e0 per affrontare un percorso di profonda consapevolezza corporea, unito a una pratica continua e motivata di vera prevenzione, perch\u00e9 mente e corpo sono inseparabili. L\u2019appuntamento \u00e8 previsto per\u00a0 oggi, alle 18, nella sala del Parco ex Casa Rossa, in viale Roma.<\/p>\n<p>&nbsp;<\/p>\n<p>&nbsp;<\/p>\n<p>&nbsp;<\/p>\n<hr \/>\n<h3><span style=\"font-size: 14px; font-weight: normal;\">\u00a0<\/span><\/h3>\n<blockquote>\n<h3>DA CANALE D&#8217;AGORDO A ROMA, IL PELLEGRINAGGIO<\/h3>\n<\/blockquote>\n<div>\n<p><strong>CANALE D&#8217;AGORDO<\/strong>\u00a0 Sar\u00e0 una serata di ricordi e di emozioni, quella in programma oggi a Mel. Alle 20.30, nell\u2019ex chiesa di San Pietro, verr\u00e0 presentato e donato al Comune di Borgo Valbelluna il libro \u201cAnno 2000. Viaggio da Canale d\u2019Agordo a Roma con Natura a cavallo\u201d. Immagini e memorie di un pellegrinaggio che nell\u2019anno del Giubileo port\u00f2 150 persone dal paese natale di Papa Luciani fino in Piazza San Pietro. L\u2019esperienza del pellegrinaggio a cavallo port\u00f2 36 cavalieri (con un seguito di vetture di servizio per allestire gli accampamenti) a percorrere l\u2019Italia da nord a sud, per giungere sulla tomba di Albino Luciani, nell\u2019agosto del 2000. Un viaggio di 34 giorni e quasi 1.000 chilometri, la maggior parte dei quali su strade sterrate, tratturi e sentieri. Vennero attraversate cinque regioni e dieci province. Il coordinatore del progetto, Italo D\u2019Inc\u00e0, ricorder\u00e0 quei momenti, rispondendo alle domande e alle curiosit\u00e0 del pubblico. L\u2019iniziativa si inserisce all\u2019interno delle manifestazioni per la beatificazione di Albino Luciani. Ingresso libero.<\/p>\n<p>&nbsp;<\/p>\n<\/div>\n<hr \/>\n<p>&nbsp;<\/p>\n<blockquote>\n<h2>IL CAPITELLO DI SANT&#8217;ANTONIO SOPRA ALLEGHE<\/h2>\n<\/blockquote>\n<p><strong>ALLEGHE<\/strong> Il capitello di Sant&#8217;Antonio sopra Alleghe \u00e8 stato ristrutturato dalla ditta di LC con sede a Belluno, di Livio Lena di Taibon Agordino impegnata in importanti lavori post vaia.<\/p>\n\n\t\t\t<style type='text\/css'>\n\t\t\t\t#gallery-3 {\n\t\t\t\t\tmargin: auto;\n\t\t\t\t}\n\t\t\t\t#gallery-3 .gallery-item {\n\t\t\t\t\tfloat: left;\n\t\t\t\t\tmargin-top: 10px;\n\t\t\t\t\ttext-align: center;\n\t\t\t\t\twidth: 33%;\n\t\t\t\t}\n\t\t\t\t#gallery-3 img {\n\t\t\t\t\tborder: 2px solid #cfcfcf;\n\t\t\t\t}\n\t\t\t\t#gallery-3 .gallery-caption {\n\t\t\t\t\tmargin-left: 0;\n\t\t\t\t}\n\t\t\t\t\/* see gallery_shortcode() in wp-includes\/media.php *\/\n\t\t\t<\/style>\n\t\t<div id='gallery-3' class='dt-gallery-container gallery galleryid-303510 gallery-columns-3 gallery-size-thumbnail'><dl class='gallery-item'>\n\t\t\t\t<dt class='gallery-icon portrait'>\n\t\t\t\t\t<a class=\"rollover rollover-zoom dt-pswp-item\" title=\"8cd81ff2-81ee-4061-a112-1007e8212761\" data-dt-img-description=\"\" data-large_image_width=\"768\" data-large_image_height=\"1024\"href='https:\/\/www.radiopiu.net\/wordpress\/wp-content\/uploads\/2022\/10\/8cd81ff2-81ee-4061-a112-1007e8212761.jpg'><img loading=\"lazy\" decoding=\"async\" width=\"150\" height=\"150\" src=\"https:\/\/www.radiopiu.net\/wordpress\/wp-content\/uploads\/2022\/10\/8cd81ff2-81ee-4061-a112-1007e8212761-150x150.jpg\" class=\"attachment-thumbnail size-thumbnail\" alt=\"\" \/><\/a>\n\t\t\t\t<\/dt><\/dl><dl class='gallery-item'>\n\t\t\t\t<dt class='gallery-icon portrait'>\n\t\t\t\t\t<a class=\"rollover rollover-zoom dt-pswp-item\" title=\"e616257c-3b5e-4b3d-965a-0a168a74cb92\" data-dt-img-description=\"\" data-large_image_width=\"768\" data-large_image_height=\"1024\"href='https:\/\/www.radiopiu.net\/wordpress\/wp-content\/uploads\/2022\/10\/e616257c-3b5e-4b3d-965a-0a168a74cb92.jpg'><img loading=\"lazy\" decoding=\"async\" width=\"150\" height=\"150\" src=\"https:\/\/www.radiopiu.net\/wordpress\/wp-content\/uploads\/2022\/10\/e616257c-3b5e-4b3d-965a-0a168a74cb92-150x150.jpg\" class=\"attachment-thumbnail size-thumbnail\" alt=\"\" \/><\/a>\n\t\t\t\t<\/dt><\/dl><dl class='gallery-item'>\n\t\t\t\t<dt class='gallery-icon portrait'>\n\t\t\t\t\t<a class=\"rollover rollover-zoom dt-pswp-item\" title=\"ed03323d-3dc6-4474-bcae-f32ce225b8b1\" data-dt-img-description=\"\" data-large_image_width=\"768\" data-large_image_height=\"1024\"href='https:\/\/www.radiopiu.net\/wordpress\/wp-content\/uploads\/2022\/10\/ed03323d-3dc6-4474-bcae-f32ce225b8b1.jpg'><img loading=\"lazy\" decoding=\"async\" width=\"150\" height=\"150\" src=\"https:\/\/www.radiopiu.net\/wordpress\/wp-content\/uploads\/2022\/10\/ed03323d-3dc6-4474-bcae-f32ce225b8b1-150x150.jpg\" class=\"attachment-thumbnail size-thumbnail\" alt=\"\" \/><\/a>\n\t\t\t\t<\/dt><\/dl><br style=\"clear: both\" \/>\n\t\t\t<\/div>\n\n<p>&nbsp;<\/p>\n<p>&nbsp;<\/p>\n<p>&nbsp;<\/p>\n<hr \/>\n<blockquote>\n<h3><\/h3>\n<h3>EMIGRAZIONE DALLE DOLOMITI NEL CORSO DEL NOVECENTO, DI LUCIANA PALLA con L&#8217;istituto Cultural Ladin Cesa de Jan, Comune di Agordo e Oltre le Vette.<\/h3>\n<\/blockquote>\n<p><strong>AGORDO<\/strong> Dal 31 ottobre al 28 novembre la mostra in sala Don Tamis, Domenica\u00a0 alle 17 inaugurazione e presentazione del volume sull&#8217;emigrazione nelle Dolomiti, con la partecipazione di Loris Santomaso. La mostra sar\u00e0 aperta dal\u00a0 lunedi dalle 15 alle 18, mercoledi e giovedi dalle 9 alle 12 venerdi dalle 15 alle 18 sabato dalle 9 alle 12, dalle 15 alle 18 e domenica dalle 15 alle 18.<\/p>\n<blockquote><p><em>L\u2019esposizione, composta da numerose fotografie e documenti vari, illustra i pi\u00f9 importanti aspetti dell&#8217;emigrazione, risultato di una ricerca storica pluriennale condotta negli archivi e arricchita da interviste e documenti raccolti con il contributo dei testimoni stessi.Completa l\u2019esposizione un filmato di mezz\u2019ora con quattro interviste a persone anziane che raccontano le dolorose vicende di chi \u00e8 partito, e anche quelle, altrettanto difficili, di chi \u00e8 rimasto in paese. I testi sui pannelli sono in italiano e in ladino.<\/em><\/p><\/blockquote>\n<p>&nbsp;<\/p>\n<p>&nbsp;<\/p>\n<hr \/>\n<p>&nbsp;<\/p>\n<p><a class=\"dt-pswp-item\" href=\"https:\/\/www.radiopiu.net\/wordpress\/wp-content\/uploads\/2022\/10\/Senza-nome-75.jpg\" data-dt-img-description=\"\" data-large_image_width=\"988\" data-large_image_height=\"220\"><img loading=\"lazy\" decoding=\"async\" class=\"size-medium wp-image-303244 aligncenter\" src=\"https:\/\/www.radiopiu.net\/wordpress\/wp-content\/uploads\/2022\/10\/Senza-nome-75-300x67.jpg\" alt=\"\" width=\"300\" height=\"67\" srcset=\"https:\/\/www.radiopiu.net\/wordpress\/wp-content\/uploads\/2022\/10\/Senza-nome-75-300x67.jpg 300w, https:\/\/www.radiopiu.net\/wordpress\/wp-content\/uploads\/2022\/10\/Senza-nome-75-768x171.jpg 768w, https:\/\/www.radiopiu.net\/wordpress\/wp-content\/uploads\/2022\/10\/Senza-nome-75.jpg 988w\" sizes=\"auto, (max-width: 300px) 100vw, 300px\" \/><\/a><\/p>\n<p><strong>BELLUNO<\/strong>\u00a0 Vent&#8217;anni di Alfa Romeo Club Belluno,\u00a0 Sabato alle 15 ritrovo in via Tiziano Vecellio presso la concessionaria De Bona, trasferimento per i giochi di abilit\u00e0 alla guida della propria auto presso il piazzale autotrasporti Da Canal a Sedico, cena alla Buona Tavola al Peron di Sedico. info 333 2057393 o pagina facebook del club<\/p>\n<p>&nbsp;<\/p>\n<hr \/>\n<p>&nbsp;<\/p>\n<blockquote>\n<h3 dir=\"auto\">\u00a0L&#8217;ULTIMA DOMENICA AL CASTELLO DI ANDRAZ<\/h3>\n<\/blockquote>\n<p><strong>LIVINALLONGO <\/strong>Domenica 30 ottobre alle 15, per chiudere insieme la stagione. Castagne e vin brul\u00e9, e, per bambini e ragazzi (ma anche per chiunque volesse) ci saranno due turni di visita con letture animate. Il tema, visto il periodo, saranno i personaggi pi\u00f9 strani e misteriosi delle leggende ladine\u2026<\/p>\n<a href=\"https:\/\/www.radiopiu.net\/wordpress\/wp-content\/uploads\/2022\/10\/30ottobre.lab_.pdf\" class=\"pdfemb-viewer\" style=\"\" data-width=\"max\" data-height=\"max\" data-toolbar=\"top\" data-toolbar-fixed=\"on\">30ottobre.lab<\/a>\n<p>&nbsp;<\/p>\n<p>&nbsp;<\/p>\n<hr \/>\n<p>&nbsp;<\/p>\n<blockquote class=\"wp-embedded-content\" data-secret=\"pXqIAfozEZ\"><p><a href=\"https:\/\/www.radiopiu.net\/wordpress\/tappa5\/\">IN VIAGGIO CON STEFANO  E PAOLO, FINO ALLA FINE DEL MONDO PER IL COMITATO POLLICINO.<\/a><\/p><\/blockquote>\n<p><iframe loading=\"lazy\" class=\"wp-embedded-content\" sandbox=\"allow-scripts\" security=\"restricted\" style=\"position: absolute; clip: rect(1px, 1px, 1px, 1px);\" title=\"&#8220;IN VIAGGIO CON STEFANO  E PAOLO, FINO ALLA FINE DEL MONDO PER IL COMITATO POLLICINO.&#8221; &#8212; Radio Pi\u00f9\" src=\"https:\/\/www.radiopiu.net\/wordpress\/tappa5\/embed\/#?secret=JzvHF9X2V3#?secret=pXqIAfozEZ\" data-secret=\"pXqIAfozEZ\" width=\"600\" height=\"338\" frameborder=\"0\" marginwidth=\"0\" marginheight=\"0\" scrolling=\"no\"><\/iframe><\/p>\n<p>&nbsp;<\/p>\n<p>&nbsp;<\/p>\n<hr \/>\n<p>&nbsp;<\/p>\n<blockquote>\n<h3>LA VIA GLI SPETTACOLI DEL MISTERO<\/h3>\n<\/blockquote>\n<p><strong><a class=\"dt-pswp-item\" href=\"https:\/\/www.radiopiu.net\/wordpress\/wp-content\/uploads\/2022\/10\/DSC0458.jpg\" data-dt-img-description=\"\" data-large_image_width=\"1280\" data-large_image_height=\"854\"><img loading=\"lazy\" decoding=\"async\" class=\" wp-image-303168 alignleft\" src=\"https:\/\/www.radiopiu.net\/wordpress\/wp-content\/uploads\/2022\/10\/DSC0458-300x200.jpg\" alt=\"\" width=\"290\" height=\"193\" srcset=\"https:\/\/www.radiopiu.net\/wordpress\/wp-content\/uploads\/2022\/10\/DSC0458-300x200.jpg 300w, https:\/\/www.radiopiu.net\/wordpress\/wp-content\/uploads\/2022\/10\/DSC0458-1024x683.jpg 1024w, https:\/\/www.radiopiu.net\/wordpress\/wp-content\/uploads\/2022\/10\/DSC0458-768x512.jpg 768w, https:\/\/www.radiopiu.net\/wordpress\/wp-content\/uploads\/2022\/10\/DSC0458.jpg 1280w\" sizes=\"auto, (max-width: 290px) 100vw, 290px\" \/><\/a>BELLUNO<\/strong> <a class=\"dt-pswp-item\" href=\"https:\/\/www.radiopiu.net\/wordpress\/wp-content\/uploads\/2022\/10\/20211023_174056.jpg\" data-dt-img-description=\"\" data-large_image_width=\"0\" data-large_image_height=\"0\"><img loading=\"lazy\" decoding=\"async\" class=\"alignnone size-medium wp-image-303165\" src=\"https:\/\/www.radiopiu.net\/wordpress\/wp-content\/uploads\/2022\/10\/20211023_174056.jpg\" alt=\"\" width=\"1\" height=\"1\" \/><\/a>La prima data, quella provinciale, \u00e8\u00a0 domani e, grazie all\u2019apporto della Pro loco Pieve Castionese, si terr\u00e0 proprio nel centro di Belluno, passando per le rive del Piave. L\u2019appuntamento s\u2019intitola \u201cGocce di mistero\u201d; una passeggiata che si avvarr\u00e0 della consulenza storica di Marco Perale. Riprendendo il fil rouge regionale, la camminata sar\u00e0 dedicata al legame inscindibile tra Belluno e l\u2019acqua. La citt\u00e0 e l\u2019intera provincia sorgono, infatti, lungo le rive del Piave, fiume che ha sempre rappresentato per questi luoghi l\u2019elemento vitale per la sussistenza, il lavoro e la difesa. Saranno approfonditi tre aspetti: l\u2019idromanzia, gli zattieri, le fontane.\u00a0 Si ripercoreranno i luoghi degli \u201cZater del Piave\u201d, coloro che portavano il legname dal Cadore a Venezia, passando per la dogana di Borgo Pr\u00e0 fino alle fontane \u201cballerine\u201d del centro storico. La partenza avverr\u00e0 a gruppi dalle 17.30 alle 19 e sar\u00e0 a numero limitato su prenotazione; per info 393 0560052, <a href=\"mailto:info@prolocopievecastionese.it\">info@prolocopievecastionese.it<\/a>. Lo stesso giorno ci saranno anche altri eventi: \u201cCavarnere presso l\u2019area turistica di Melere, a Soranzen \u201cLeggende e misteri d\u2019acqua\u201d, ai Laghetti della Rimonta di Bardies\u00a0 il magico fuoco del drago\u201d.<\/p>\n<p><a class=\"dt-pswp-item\" href=\"https:\/\/www.radiopiu.net\/wordpress\/wp-content\/uploads\/2022\/10\/20211023_174056.jpg\" data-dt-img-description=\"\" data-large_image_width=\"0\" data-large_image_height=\"0\"><img loading=\"lazy\" decoding=\"async\" class=\"alignnone size-medium wp-image-303165\" src=\"https:\/\/www.radiopiu.net\/wordpress\/wp-content\/uploads\/2022\/10\/20211023_174056.jpg\" alt=\"\" width=\"1\" height=\"1\" \/><\/a><\/p>\n<p>&nbsp;<\/p>\n<hr \/>\n<p>&nbsp;<\/p>\n<blockquote>\n<h3>NEL CUORE DEL LABIRINTO CON FRANCESCO SAURO E IL GRUPPO SPELEO CAI-FELTRE<\/h3>\n<\/blockquote>\n<p><strong><a class=\"dt-pswp-item\" href=\"https:\/\/www.radiopiu.net\/wordpress\/wp-content\/uploads\/2022\/10\/Senza-nome-58.jpg\" data-dt-img-description=\"\" data-large_image_width=\"282\" data-large_image_height=\"268\"><img loading=\"lazy\" decoding=\"async\" class=\"wp-image-302609 alignleft\" src=\"https:\/\/www.radiopiu.net\/wordpress\/wp-content\/uploads\/2022\/10\/Senza-nome-58.jpg\" alt=\"\" width=\"168\" height=\"160\" \/><\/a>FELTRE<\/strong>\u00a0 Domani<span style=\"font-family: Tahoma, Verdana;\">, alle\u00a0 21, presso l&#8217;auditorium dell&#8217;Istituto Canossiano di Feltre, Francesco Sauro, insegnante presso l&#8217;Universit\u00e0 di Bologna e consulente dell&#8217;Agenzia Spaziale Europea, condurr\u00e0 il pubblico alla scoperta delle grotte pi\u00f9 profonde ed estese delle Dolomiti, uno dei complessi carsici pi\u00f9 importanti d&#8217;Europa, che si sviluppa nelle profondit\u00e0 dei Piani Eterni, splendido altopiano carsico che si trova nel cuore del Parco Nazionale Dolomiti Bellunesi. Grotte\u00a0 esplorate da oltre trent&#8217;anni da diversi gruppi speleologici veneti, che si sono spinti fino ad oltre 1.000 metri di profondit\u00e0; il professor Sauro racconter\u00e0 la storia di questa lunga esplorazione, che riserva ogni anno nuove scoperte. L&#8217;ingresso alla serata \u00e8 libero<\/span><\/p>\n<p><a href=\"https:\/\/www.radiopiu.net\/wordpress\/wp-content\/uploads\/2022\/10\/francesco_sauro_25.webp\"><img loading=\"lazy\" decoding=\"async\" class=\"wp-image-302610 alignright\" src=\"https:\/\/www.radiopiu.net\/wordpress\/wp-content\/uploads\/2022\/10\/francesco_sauro_25-300x247.webp\" alt=\"\" width=\"172\" height=\"142\" srcset=\"https:\/\/www.radiopiu.net\/wordpress\/wp-content\/uploads\/2022\/10\/francesco_sauro_25-300x247.webp 300w, https:\/\/www.radiopiu.net\/wordpress\/wp-content\/uploads\/2022\/10\/francesco_sauro_25-768x632.webp 768w, https:\/\/www.radiopiu.net\/wordpress\/wp-content\/uploads\/2022\/10\/francesco_sauro_25.webp 877w\" sizes=\"auto, (max-width: 172px) 100vw, 172px\" \/><\/a><strong> Francesco Sauro<\/strong>, ha 30 anni ed \u00e8 un geologo veneto, appassionato di speleologia. Volto noto televisivo anche per le frequenti apparizioni nelle trasmissioni del compianto Piero Angela. In bacheca ha messo il premio Rolex Award for Enterprise\u00a0 che non \u00e8\u00a0 per tutti. Per conquistarlo bisogna essere inventivi, appassionati, caparbi. Bisogna soprattutto dimostrare spirito di iniziativa. Riconosciuto dal Time Magazine come uno dei giovani millenials che stanno avendo un impatto positivo sulla visione del nostro pianeta. In oltre quaranta spedizioni, ha esplorato grotte e canyon dal Sud America all\u2019Asia Centrale, guidando team multidisciplinari di ricercatori. Sauro ci ricorda nel suo ultimo libro \u201cIl Continente Buio\u201d di come si possa essere esploratori anche alle porte di casa, come \u00e8 avvenuto nella straordinaria epopea esplorativa del Sistema Carsico dei Piani Eterni nel Parco Nazionale Dolomiti Bellunesi. Si tratta della grotta pi\u00f9 profonda e lunga delle Dolomiti, una delle maggiori d\u2019Europa.<\/p>\n<p>&nbsp;<\/p>\n<p>&nbsp;<\/p>\n<p>&nbsp;<\/p>\n<hr \/>\n<p>&nbsp;<\/p>\n<blockquote>\n<h3>LA MESSA IN SUFFRAGIO DEI CADUTI DELLA MONTAGNA<\/h3>\n<\/blockquote>\n<p><strong><a class=\"dt-pswp-item\" href=\"https:\/\/www.radiopiu.net\/wordpress\/wp-content\/uploads\/2022\/10\/MessaCadutiMontagna2022-Coro.jpg\" data-dt-img-description=\"\" data-large_image_width=\"1181\" data-large_image_height=\"811\"><img loading=\"lazy\" decoding=\"async\" class=\"size-medium wp-image-303033 alignleft\" src=\"https:\/\/www.radiopiu.net\/wordpress\/wp-content\/uploads\/2022\/10\/MessaCadutiMontagna2022-Coro-300x206.jpg\" alt=\"\" width=\"300\" height=\"206\" srcset=\"https:\/\/www.radiopiu.net\/wordpress\/wp-content\/uploads\/2022\/10\/MessaCadutiMontagna2022-Coro-300x206.jpg 300w, https:\/\/www.radiopiu.net\/wordpress\/wp-content\/uploads\/2022\/10\/MessaCadutiMontagna2022-Coro-1024x703.jpg 1024w, https:\/\/www.radiopiu.net\/wordpress\/wp-content\/uploads\/2022\/10\/MessaCadutiMontagna2022-Coro-768x527.jpg 768w, https:\/\/www.radiopiu.net\/wordpress\/wp-content\/uploads\/2022\/10\/MessaCadutiMontagna2022-Coro.jpg 1181w\" sizes=\"auto, (max-width: 300px) 100vw, 300px\" \/><\/a>AGORDO<\/strong> Si rinnova anche quest\u2019anno l\u2019appuntamento di fine ottobre con la Santa Messa in suffragio dei Caduti della Montagna, celebrata nella chiesa arcidiaconale di Agordo da mons. Cesare Larese e accompagnata dai canti del \u201cCoro Agordo\u201d. L&#8217;appuntamento \u00e8 per domenica 30 ottobre alle 18. Una sentita cerimonia, voluta dal Coro Agordo, che riunisce ormai da 47 anni l\u2019intero Agordino con le vallate limitrofe e tanta altra gente &#8211; alpinisti e non &#8211; dalla provincia e da fuori nel ricordo degli Amici agordini caduti in montagna e di coloro che hanno perso la vita sulle montagne agordine. L\u2019iniziativa avviene come sempre in collaborazione con la Sezione Agordina del CAI, la Parrocchia di S. Maria Nascente, i Gruppi Rocciatori \u201cGIR\u201d di Agordo e \u201cVal Bio\u0301is\u201d, le Stazioni agordine del Corpo Nazionale Soccorso Alpino e il Gruppo Alpini Agordo-Rivamonte-Taibon. Anche quest&#8217;anno la Santa Messa verra\u0300 trasmessa, non solo in diretta radio FM, ma anche in diretta video. Potra\u0300, infatti, essere seguita in streaming sul sito internet radiopiu.net oppure sulle pagine facebook: Radiopiu\u0300, o Radio Piu\u0300 Emittente Agordina, o Sei di Agordo se.<\/p>\n<a href=\"https:\/\/www.radiopiu.net\/wordpress\/wp-content\/uploads\/2022\/10\/Invito-2022.pdf\" class=\"pdfemb-viewer\" style=\"\" data-width=\"max\" data-height=\"max\" data-toolbar=\"top\" data-toolbar-fixed=\"on\">Invito 2022<\/a>\n<p>&nbsp;<\/p>\n<hr \/>\n<p>&nbsp;<\/p>\n<blockquote>\n<h3>I CRISANTEMI PER AIUTARE VILLA SAN FRANCESCO E LA COOPERATIVA ARCOBALENO &#8217;89<\/h3>\n<\/blockquote>\n<p><strong><a class=\"dt-pswp-item\" href=\"https:\/\/www.radiopiu.net\/wordpress\/wp-content\/uploads\/2022\/10\/ea72a086-2445-44b4-abc3-a29a2c228687.jpg\" data-dt-img-description=\"\" data-large_image_width=\"600\" data-large_image_height=\"384\"><img loading=\"lazy\" decoding=\"async\" class=\" wp-image-302510 alignleft\" src=\"https:\/\/www.radiopiu.net\/wordpress\/wp-content\/uploads\/2022\/10\/ea72a086-2445-44b4-abc3-a29a2c228687-300x192.jpg\" alt=\"\" width=\"166\" height=\"106\" srcset=\"https:\/\/www.radiopiu.net\/wordpress\/wp-content\/uploads\/2022\/10\/ea72a086-2445-44b4-abc3-a29a2c228687-300x192.jpg 300w, https:\/\/www.radiopiu.net\/wordpress\/wp-content\/uploads\/2022\/10\/ea72a086-2445-44b4-abc3-a29a2c228687.jpg 600w\" sizes=\"auto, (max-width: 166px) 100vw, 166px\" \/><\/a>AGORDO<\/strong> Domenica 30 ottobre prossimo, dalle 9, sul sagrato della chiesa Santa Maria Nascente di Agordo, si svolger\u00e0 l\u2019ormai consueta vendita di crisantemi il cui ricavato andr\u00e0 a favore delle attivit\u00e0 della Comunit\u00e0 Alloggio \u201cVilla San Francesco\u201d di Facen di Pedavena e della collegata Cooperativa Arcobaleno\u201989. La \u201cComunit\u00e0 Villa S. Francesco\u201d nacque nel 1975 e da allora ospita bambini e ragazzi dai 6 ai 18 anni, in difficolt\u00e0 per problemi familiari, personali e bisognosi di riferimenti affettivi validi. Nella casa &#8211; comunit\u00e0 si cerca di far crescere i minori \u201cin sapienza\u201d, sviluppare le potenzialit\u00e0 personali, in un clima di stimolazione pedagogica e in un sano confronto con i pari e gli adulti. Nel 1986 inizia il progetto della cooperativa Arcobaleno \u201886. \u00c8 costituita da alcuni ragazzi svantaggiati, che accolti e aiutati a crescere, in maggiore et\u00e0 decidono di affrontare il loro e altrui futuro da protagonisti ed in forma associata, assieme a chi ha condiviso tratti significativi della loro vita, costituendo la prima cooperativa di solidariet\u00e0 sociale della provincia di Belluno. Oggi la Cooperativa si occupa di: attivit\u00e0 sociali, accoglienza ai giovani in difficolt\u00e0 per inserimenti sociali in contesti lavorativi, attivit\u00e0 culturali, ortofloricultura, manutenzione del verde, ceramiche decorate e raku, vetri artistici e bed &amp; breakfast. Comunit\u00e0 Alloggio e Cooperativa non ricevono sussidi da enti pubblici, ma bens\u00ec dalle entrate provenienti dalle loro attivit\u00e0 per cui ancor pi\u00f9 importante \u00e8 la possibilit\u00e0 di dimostrare concretamene la vicinanza a queste realt\u00e0 che si occupano del ben-essere dei minori e di adulti fragili e svantaggiati.<\/p>\n<h3><\/h3>\n<p>&nbsp;<\/p>\n<hr \/>\n<p>&nbsp;<\/p>\n<blockquote>\n<h3>DA DOMANI LA MOSTRA &#8220;C&#8217;ERA UNA VOLTA IN ITALIA&#8221;<\/h3>\n<\/blockquote>\n<p><strong>BORGO VALBELLUNA<\/strong><\/p>\n<p>di Roberto Bona<\/p>\n<audio class=\"wp-audio-shortcode\" id=\"audio-303510-10\" preload=\"none\" style=\"width: 100%;\" controls=\"controls\"><source type=\"audio\/mpeg\" src=\"https:\/\/www.radiopiu.net\/wordpress\/wp-content\/uploads\/2022\/10\/gr-19-la-mostra-cera-una-volta-in-italia.mp3?_=10\" \/><a href=\"https:\/\/www.radiopiu.net\/wordpress\/wp-content\/uploads\/2022\/10\/gr-19-la-mostra-cera-una-volta-in-italia.mp3\">https:\/\/www.radiopiu.net\/wordpress\/wp-content\/uploads\/2022\/10\/gr-19-la-mostra-cera-una-volta-in-italia.mp3<\/a><\/audio>\n<p>&nbsp;<\/p>\n<p>&nbsp;<\/p>\n<hr \/>\n<p>&nbsp;<\/p>\n<p>&nbsp;<\/p>\n<blockquote>\n<h2>NUMEROSE, BELLE E PREZIOSE LE OPERE D\u2019ARTE A CADOLA (PONTE NELLE ALPI) NELL\u2019ANTICA PIEVE<\/h2>\n<\/blockquote>\n<p><strong>di RENATO BONA<\/strong><\/p>\n<p>Come abbiamo gi\u00e0 avuto modo di riferire, lo storico prof. Flavio Vizzutti ha dato alle stampe (tipografia Piave di Belluno, settembre 1999) ad iniziativa delle Parrocchie di Cadola, Polpet-Ponte nelle Alpi, Col di Cugnan e Quantin, oltre che della Diocesi di Belluno-Feltre, il volume (quasi 300 pagine con immagini di Giancarlo De Santi o d\u2019archivio) \u201cLe Chiese dell\u2019antica Pieve di Cadola. Documenti di storia e d\u2019arte\u201d. Concludiamo oggi la sintetica presentazione delle opere d\u2019arte dell\u2019antica Pieve e in altra occasione ci soffermeremo su quelle delle chiese che ne facevano parte. Sulla parete di destra dell\u2019aula vi \u00e8 il dipinto, olio su tela 195&#215;1120 \u201cMadonna dei Battuti\u201d, di Francesco Frigimelica \u201cil Vecchio\u201d; quasi certamente uno stendardo riadattato a pala, commissionato dall\u2019antica e prestigiosa Confraternita dei Battuti. Dello stesso autore \u00e8 la \u201cBeata Vergine del Rosario tra i santi Domenico di Guzman, Caterina da Siena e le Anime purganti\u201d, olio su tela, 195&#215;110, sulla parete di destra. Vizzutti in proposito specifica: \u201cE\u2019 questa la pala dell\u2019altare elevato dalla Confraternita del Rosario il 31 maggio 1640, dettagliatamente illustrata nel protocollo della visita condotta dal vescovo Giovanni Tommaso Malloni il 4 agosto 1641\u2026 La parte inferiore della tela \u00e8 completamente occupata dalla partecipata visione di uno squarcio del purgatorio, ove le anime, in mezzo alle lingue di fuoco, invocano a gran voce i lenitivi suffragi dei viventi destinati ad accorciare lo spazio che le separa dalla totale purificazione e dalla gloria eterna\u2026\u201d. E\u2019 invece di anonimo del XVII secolo \u201cCirconcisione\u201d, olio su tela 130&#215;200, parete di destra, dipinto che \u201c\u00e8 figurativamente costruito per mezzo di una serie di citazioni, pi\u00f9 o meno evidenti, desunte dal repertorio di Agostino Ridolfi (Belluno 1646-17278) del quale l\u2019anonimo autore fu forse alunno\u201d. Pure di anonimo e stesso periodo, l\u2019 olio su tela 130&#215;200, \u201cGes\u00f9 tra i dottori\u201d, sulla parete sinistra. Ancora di anonimo l\u2019\u201cImmacolata tra i Santi Michela Arcangelo e Rocco\u201d, olio su tela 140&#215;120, sopra la porta minore di sinistra. Secondo Mauro Lucco la tela sarebbe di Antonio Gabrieli (Belluno 1694-1789) ma per Vizzutti \u201cil disegno \u00e8 talmente deprimente dal punto di vista qualitativo, come del resto l\u2019uso della gamma cromatica, da far sembrare davvero difficile l\u2019ipotesi\u201d. Procedendo, tocca a \u201cUltima Cena\u201d, 200&#215;365, estremit\u00e0 del transetto di sinistra, e \u201cBattesimo di Ges\u00f9\u201d, stesse dimensioni, transetto di destra: entrambi gli olii su tela, raffiguranti con fine didattico momenti estremamente significativi della vita di Cristo, si debbono a Luigi Vardanega (Possagno 1909-Belluno 1988), scultore e pittore autodidatta apprezzato \u201cper la grande nitidezza di visualizzazione, per l\u2019immediatezza comunicativa delle sue immagini, per la tavolozza varia e delicata giocata su studiate modulazioni e indovinati contrasti\u201d. Di Guido Cadorin (per 35 anni titolare della cattedra di decorazione all\u2019Accademia di Belle arti di Venezia) gli affreschi del presbiterio: \u201cAnnunciazione\u201d (abside), \u201cNativit\u00e0\u201d (a sinistra del coro), \u201cCrocifissione\u201d (a destra), \u201cImmacolata tra i pontefici Pio IX e Pio XII\u201d (catino absidale), \u201cAssunta in gloria\u201d (cupola), \u201cProfeti dell\u2019Antico testamento\u201d (pennacchi). A seguire, le foto propongono: \u201cOreficeria Bertelli (inizio secolo XX) il \u201cReliquiario della Santa Croce\u201d, altezza 14 centimetri, base di 17, dell\u2019Arcipretale ma cautelativamente custodito in altra sede, come, del secolo XVIII di Argentiere veneziano e Oreficeria Bertelli, il Reliquiario del \u201cVelo della Beata Vergine\u201d, altezza 35 centimetri, base 15,9. Di Argentiere veneto di inoltrato secolo XVIII: \u201cPace\u201d, sacra immagine che veniva proposta al bacio dei fedeli. Forse di Argentiere bellunese del XIX secolo altra \u201cPace\u201d custodita in altra sede). Tocca quindi ad Argentiere veneziano (tra il 1818 ed il 1828) del quale si mostra l\u2019immagine di un \u201cOstensorio\u201d, altezza 49 base 19 (in altra sede) e di Argentiere veneto del XIX secolo a proporre \u201cPace\u201d, 17 x 12 (in altra sede); di nuovo Argentiere veneziano (secolo XVII) con \u201cCalice\u201d, 20 per 10 (in altra sede) e ad Argentiere romano (1843) pure con \u201cCalice\u201d, 28,5 base 134, coppa 90 (in altra sede). Del bellunese Antonio Gabrieli \u201cEstasi di San Filippo Neri\u201d, olio su tela 180&#215;130 (in sagrestia). Per Flavio Vizzutti il dipinto \u201crappresenta uno tra i momenti maggiormente significativi, iconograficamente pi\u00f9 iterati e conosciuti della vita del celebre santo (Firenze 1515-Roma 1595)\u201d. Anonimo invece l\u2019autore dello \u201cStendardo della Confraternita dei Battuti e del Santissimo Sacramento\u201d, olio su tela 148&#215;93 (in sagrestia, restaurato nel 1998 da Saviano Bell\u00e9) di notevole l\u2019importanza storica e \u201csimbolo di un gruppo sociale che orgogliosamente viveva la propria dimensione religiosa attraverso la preghiera e la piena disponibilit\u00e0 a multiformi attivit\u00e0 caritative\u201d. Nelle due facce: la Vergine incoronata che apre il suo mantello in atteggiamento patronale sui confratelli. E un angelo custode che sovrasta allusivamente il centro abitato di Cadola dove si riconoscono il Monte Serva, il \u201cCol de Canevoi\u201d con la torre di guardia, la strada di Alemagna, qualche casa, la mole dell\u2019antica chiesa ed il campanile edificato su progetto di Alessandro Giobbe nel 1852. Di nuovo Gabrieli, in chiusura, con \u201cSan Vincenzo Ferrer\u201d, olio su tela 120&#215;95, sulla parete destra della cappella feriale, in condizione non ottimale mentre sono di anonimo del secolo XVIII \u201cSan Girolamo\u201d, olio su tela 85&#215;70 sulla parete di fondo della cappella feriale, come \u201cSant\u2019Antonio da Padova, stesse dimensioni e stessa collocazione.<\/p>\n\n\t\t\t<style type='text\/css'>\n\t\t\t\t#gallery-4 {\n\t\t\t\t\tmargin: auto;\n\t\t\t\t}\n\t\t\t\t#gallery-4 .gallery-item {\n\t\t\t\t\tfloat: left;\n\t\t\t\t\tmargin-top: 10px;\n\t\t\t\t\ttext-align: center;\n\t\t\t\t\twidth: 12%;\n\t\t\t\t}\n\t\t\t\t#gallery-4 img {\n\t\t\t\t\tborder: 2px solid #cfcfcf;\n\t\t\t\t}\n\t\t\t\t#gallery-4 .gallery-caption {\n\t\t\t\t\tmargin-left: 0;\n\t\t\t\t}\n\t\t\t\t\/* see gallery_shortcode() in wp-includes\/media.php *\/\n\t\t\t<\/style>\n\t\t<div id='gallery-4' class='dt-gallery-container gallery galleryid-303510 gallery-columns-8 gallery-size-thumbnail'><dl class='gallery-item'>\n\t\t\t\t<dt class='gallery-icon landscape'>\n\t\t\t\t\t<a class=\"rollover rollover-zoom dt-pswp-item\" title=\"313019661_466025282041190_7955945238828111760_n\" data-dt-img-description=\"\" data-large_image_width=\"2048\" data-large_image_height=\"1277\"href='https:\/\/www.radiopiu.net\/wordpress\/wp-content\/uploads\/2022\/10\/313019661_466025282041190_7955945238828111760_n.jpg'><img loading=\"lazy\" decoding=\"async\" width=\"150\" height=\"150\" src=\"https:\/\/www.radiopiu.net\/wordpress\/wp-content\/uploads\/2022\/10\/313019661_466025282041190_7955945238828111760_n-150x150.jpg\" class=\"attachment-thumbnail size-thumbnail\" alt=\"\" \/><\/a>\n\t\t\t\t<\/dt><\/dl><dl class='gallery-item'>\n\t\t\t\t<dt class='gallery-icon landscape'>\n\t\t\t\t\t<a class=\"rollover rollover-zoom dt-pswp-item\" title=\"313017549_1720772971639924_3333283664691219407_n\" data-dt-img-description=\"\" data-large_image_width=\"1984\" data-large_image_height=\"1808\"href='https:\/\/www.radiopiu.net\/wordpress\/wp-content\/uploads\/2022\/10\/313017549_1720772971639924_3333283664691219407_n.jpg'><img loading=\"lazy\" decoding=\"async\" width=\"150\" height=\"150\" src=\"https:\/\/www.radiopiu.net\/wordpress\/wp-content\/uploads\/2022\/10\/313017549_1720772971639924_3333283664691219407_n-150x150.jpg\" class=\"attachment-thumbnail size-thumbnail\" alt=\"\" \/><\/a>\n\t\t\t\t<\/dt><\/dl><dl class='gallery-item'>\n\t\t\t\t<dt class='gallery-icon portrait'>\n\t\t\t\t\t<a class=\"rollover rollover-zoom dt-pswp-item\" title=\"313016478_3276839602590370_390263370035993548_n\" data-dt-img-description=\"\" data-large_image_width=\"1506\" data-large_image_height=\"2048\"href='https:\/\/www.radiopiu.net\/wordpress\/wp-content\/uploads\/2022\/10\/313016478_3276839602590370_390263370035993548_n.jpg'><img loading=\"lazy\" decoding=\"async\" width=\"150\" height=\"150\" src=\"https:\/\/www.radiopiu.net\/wordpress\/wp-content\/uploads\/2022\/10\/313016478_3276839602590370_390263370035993548_n-150x150.jpg\" class=\"attachment-thumbnail size-thumbnail\" alt=\"\" \/><\/a>\n\t\t\t\t<\/dt><\/dl><dl class='gallery-item'>\n\t\t\t\t<dt class='gallery-icon landscape'>\n\t\t\t\t\t<a class=\"rollover rollover-zoom dt-pswp-item\" title=\"313007850_823359902332196_8945908734090491732_n\" data-dt-img-description=\"\" data-large_image_width=\"2048\" data-large_image_height=\"1067\"href='https:\/\/www.radiopiu.net\/wordpress\/wp-content\/uploads\/2022\/10\/313007850_823359902332196_8945908734090491732_n.jpg'><img loading=\"lazy\" decoding=\"async\" width=\"150\" height=\"150\" src=\"https:\/\/www.radiopiu.net\/wordpress\/wp-content\/uploads\/2022\/10\/313007850_823359902332196_8945908734090491732_n-150x150.jpg\" class=\"attachment-thumbnail size-thumbnail\" alt=\"\" \/><\/a>\n\t\t\t\t<\/dt><\/dl><dl class='gallery-item'>\n\t\t\t\t<dt class='gallery-icon portrait'>\n\t\t\t\t\t<a class=\"rollover rollover-zoom dt-pswp-item\" title=\"313004392_1281605002653033_2853622396234817784_n\" data-dt-img-description=\"\" data-large_image_width=\"1498\" data-large_image_height=\"2048\"href='https:\/\/www.radiopiu.net\/wordpress\/wp-content\/uploads\/2022\/10\/313004392_1281605002653033_2853622396234817784_n.jpg'><img loading=\"lazy\" decoding=\"async\" width=\"150\" height=\"150\" src=\"https:\/\/www.radiopiu.net\/wordpress\/wp-content\/uploads\/2022\/10\/313004392_1281605002653033_2853622396234817784_n-150x150.jpg\" class=\"attachment-thumbnail size-thumbnail\" alt=\"\" \/><\/a>\n\t\t\t\t<\/dt><\/dl><dl class='gallery-item'>\n\t\t\t\t<dt class='gallery-icon portrait'>\n\t\t\t\t\t<a class=\"rollover rollover-zoom dt-pswp-item\" title=\"312652825_5569468226440065_6811862353168391983_n\" data-dt-img-description=\"\" data-large_image_width=\"1634\" data-large_image_height=\"2048\"href='https:\/\/www.radiopiu.net\/wordpress\/wp-content\/uploads\/2022\/10\/312652825_5569468226440065_6811862353168391983_n.jpg'><img loading=\"lazy\" decoding=\"async\" width=\"150\" height=\"150\" src=\"https:\/\/www.radiopiu.net\/wordpress\/wp-content\/uploads\/2022\/10\/312652825_5569468226440065_6811862353168391983_n-150x150.jpg\" class=\"attachment-thumbnail size-thumbnail\" alt=\"\" \/><\/a>\n\t\t\t\t<\/dt><\/dl><dl class='gallery-item'>\n\t\t\t\t<dt class='gallery-icon portrait'>\n\t\t\t\t\t<a class=\"rollover rollover-zoom dt-pswp-item\" title=\"312898212_1172010407006072_7844543670939776911_n\" data-dt-img-description=\"\" data-large_image_width=\"1213\" data-large_image_height=\"2048\"href='https:\/\/www.radiopiu.net\/wordpress\/wp-content\/uploads\/2022\/10\/312898212_1172010407006072_7844543670939776911_n.jpg'><img loading=\"lazy\" decoding=\"async\" width=\"150\" height=\"150\" src=\"https:\/\/www.radiopiu.net\/wordpress\/wp-content\/uploads\/2022\/10\/312898212_1172010407006072_7844543670939776911_n-150x150.jpg\" class=\"attachment-thumbnail size-thumbnail\" alt=\"\" \/><\/a>\n\t\t\t\t<\/dt><\/dl><dl class='gallery-item'>\n\t\t\t\t<dt class='gallery-icon landscape'>\n\t\t\t\t\t<a class=\"rollover rollover-zoom dt-pswp-item\" title=\"312977606_819908152581465_3051197769896700068_n\" data-dt-img-description=\"\" data-large_image_width=\"2048\" data-large_image_height=\"1079\"href='https:\/\/www.radiopiu.net\/wordpress\/wp-content\/uploads\/2022\/10\/312977606_819908152581465_3051197769896700068_n.jpg'><img loading=\"lazy\" decoding=\"async\" width=\"150\" height=\"150\" src=\"https:\/\/www.radiopiu.net\/wordpress\/wp-content\/uploads\/2022\/10\/312977606_819908152581465_3051197769896700068_n-150x150.jpg\" class=\"attachment-thumbnail size-thumbnail\" alt=\"\" \/><\/a>\n\t\t\t\t<\/dt><\/dl><br style=\"clear: both\" \/><dl class='gallery-item'>\n\t\t\t\t<dt class='gallery-icon portrait'>\n\t\t\t\t\t<a class=\"rollover rollover-zoom dt-pswp-item\" title=\"312991226_2692808734188608_6171461040816667280_n\" data-dt-img-description=\"\" data-large_image_width=\"840\" data-large_image_height=\"2026\"href='https:\/\/www.radiopiu.net\/wordpress\/wp-content\/uploads\/2022\/10\/312991226_2692808734188608_6171461040816667280_n.jpg'><img loading=\"lazy\" decoding=\"async\" width=\"150\" height=\"150\" src=\"https:\/\/www.radiopiu.net\/wordpress\/wp-content\/uploads\/2022\/10\/312991226_2692808734188608_6171461040816667280_n-150x150.jpg\" class=\"attachment-thumbnail size-thumbnail\" alt=\"\" \/><\/a>\n\t\t\t\t<\/dt><\/dl><dl class='gallery-item'>\n\t\t\t\t<dt class='gallery-icon portrait'>\n\t\t\t\t\t<a class=\"rollover rollover-zoom dt-pswp-item\" title=\"313002740_510690277342630_2621431049058404764_n\" data-dt-img-description=\"\" data-large_image_width=\"1282\" data-large_image_height=\"2048\"href='https:\/\/www.radiopiu.net\/wordpress\/wp-content\/uploads\/2022\/10\/313002740_510690277342630_2621431049058404764_n.jpg'><img loading=\"lazy\" decoding=\"async\" width=\"150\" height=\"150\" src=\"https:\/\/www.radiopiu.net\/wordpress\/wp-content\/uploads\/2022\/10\/313002740_510690277342630_2621431049058404764_n-150x150.jpg\" class=\"attachment-thumbnail size-thumbnail\" alt=\"\" \/><\/a>\n\t\t\t\t<\/dt><\/dl><dl class='gallery-item'>\n\t\t\t\t<dt class='gallery-icon portrait'>\n\t\t\t\t\t<a class=\"rollover rollover-zoom dt-pswp-item\" title=\"312643722_413004784376285_6229567467849106988_n\" data-dt-img-description=\"\" data-large_image_width=\"1734\" data-large_image_height=\"2048\"href='https:\/\/www.radiopiu.net\/wordpress\/wp-content\/uploads\/2022\/10\/312643722_413004784376285_6229567467849106988_n.jpg'><img loading=\"lazy\" decoding=\"async\" width=\"150\" height=\"150\" src=\"https:\/\/www.radiopiu.net\/wordpress\/wp-content\/uploads\/2022\/10\/312643722_413004784376285_6229567467849106988_n-150x150.jpg\" class=\"attachment-thumbnail size-thumbnail\" alt=\"\" \/><\/a>\n\t\t\t\t<\/dt><\/dl><dl class='gallery-item'>\n\t\t\t\t<dt class='gallery-icon portrait'>\n\t\t\t\t\t<a class=\"rollover rollover-zoom dt-pswp-item\" title=\"312486152_528332429301746_3135487678227267757_n\" data-dt-img-description=\"\" data-large_image_width=\"1279\" data-large_image_height=\"2048\"href='https:\/\/www.radiopiu.net\/wordpress\/wp-content\/uploads\/2022\/10\/312486152_528332429301746_3135487678227267757_n.jpg'><img loading=\"lazy\" decoding=\"async\" width=\"150\" height=\"150\" src=\"https:\/\/www.radiopiu.net\/wordpress\/wp-content\/uploads\/2022\/10\/312486152_528332429301746_3135487678227267757_n-150x150.jpg\" class=\"attachment-thumbnail size-thumbnail\" alt=\"\" \/><\/a>\n\t\t\t\t<\/dt><\/dl><dl class='gallery-item'>\n\t\t\t\t<dt class='gallery-icon portrait'>\n\t\t\t\t\t<a class=\"rollover rollover-zoom dt-pswp-item\" title=\"313207828_1221420745109094_4672119693421033332_n\" data-dt-img-description=\"\" data-large_image_width=\"1203\" data-large_image_height=\"2048\"href='https:\/\/www.radiopiu.net\/wordpress\/wp-content\/uploads\/2022\/10\/313207828_1221420745109094_4672119693421033332_n.jpg'><img loading=\"lazy\" decoding=\"async\" width=\"150\" height=\"150\" src=\"https:\/\/www.radiopiu.net\/wordpress\/wp-content\/uploads\/2022\/10\/313207828_1221420745109094_4672119693421033332_n-150x150.jpg\" class=\"attachment-thumbnail size-thumbnail\" alt=\"\" \/><\/a>\n\t\t\t\t<\/dt><\/dl><dl class='gallery-item'>\n\t\t\t\t<dt class='gallery-icon landscape'>\n\t\t\t\t\t<a class=\"rollover rollover-zoom dt-pswp-item\" title=\"313112352_789277068825315_680132250353633749_n\" data-dt-img-description=\"\" data-large_image_width=\"1665\" data-large_image_height=\"1288\"href='https:\/\/www.radiopiu.net\/wordpress\/wp-content\/uploads\/2022\/10\/313112352_789277068825315_680132250353633749_n.jpg'><img loading=\"lazy\" decoding=\"async\" width=\"150\" height=\"150\" src=\"https:\/\/www.radiopiu.net\/wordpress\/wp-content\/uploads\/2022\/10\/313112352_789277068825315_680132250353633749_n-150x150.jpg\" class=\"attachment-thumbnail size-thumbnail\" alt=\"\" \/><\/a>\n\t\t\t\t<\/dt><\/dl><dl class='gallery-item'>\n\t\t\t\t<dt class='gallery-icon portrait'>\n\t\t\t\t\t<a class=\"rollover rollover-zoom dt-pswp-item\" title=\"313081092_827429888456683_7708549481099850847_n\" data-dt-img-description=\"\" data-large_image_width=\"1428\" data-large_image_height=\"2048\"href='https:\/\/www.radiopiu.net\/wordpress\/wp-content\/uploads\/2022\/10\/313081092_827429888456683_7708549481099850847_n.jpg'><img loading=\"lazy\" decoding=\"async\" width=\"150\" height=\"150\" src=\"https:\/\/www.radiopiu.net\/wordpress\/wp-content\/uploads\/2022\/10\/313081092_827429888456683_7708549481099850847_n-150x150.jpg\" class=\"attachment-thumbnail size-thumbnail\" alt=\"\" \/><\/a>\n\t\t\t\t<\/dt><\/dl><dl class='gallery-item'>\n\t\t\t\t<dt class='gallery-icon landscape'>\n\t\t\t\t\t<a class=\"rollover rollover-zoom dt-pswp-item\" title=\"313042212_1146124282988685_7464342441204431987_n\" data-dt-img-description=\"\" data-large_image_width=\"1854\" data-large_image_height=\"1279\"href='https:\/\/www.radiopiu.net\/wordpress\/wp-content\/uploads\/2022\/10\/313042212_1146124282988685_7464342441204431987_n.jpg'><img loading=\"lazy\" decoding=\"async\" width=\"150\" height=\"150\" src=\"https:\/\/www.radiopiu.net\/wordpress\/wp-content\/uploads\/2022\/10\/313042212_1146124282988685_7464342441204431987_n-150x150.jpg\" class=\"attachment-thumbnail size-thumbnail\" alt=\"\" \/><\/a>\n\t\t\t\t<\/dt><\/dl><br style=\"clear: both\" \/>\n\t\t\t<\/div>\n\n<p>&nbsp;<\/p>\n<p>&nbsp;<\/p>\n<hr \/>\n<p>&nbsp;<\/p>\n<div>\n<div class=\"b654a4as d2edcug0\">\n<div class=\"rq0escxv hkbzh7o3 jwdofwj8 n8tt0mok r8blr3vg hyh9befq\">\n<p><a class=\"dt-pswp-item\" href=\"https:\/\/www.radiopiu.net\/wordpress\/wp-content\/uploads\/2020\/10\/pp.jpg\" data-dt-img-description=\"\" data-large_image_width=\"640\" data-large_image_height=\"640\"><img loading=\"lazy\" decoding=\"async\" class=\"wp-image-163678 alignleft\" src=\"https:\/\/www.radiopiu.net\/wordpress\/wp-content\/uploads\/2020\/10\/pp-300x300.jpg\" alt=\"\" width=\"106\" height=\"106\" srcset=\"https:\/\/www.radiopiu.net\/wordpress\/wp-content\/uploads\/2020\/10\/pp-300x300.jpg 300w, https:\/\/www.radiopiu.net\/wordpress\/wp-content\/uploads\/2020\/10\/pp-150x150.jpg 150w, https:\/\/www.radiopiu.net\/wordpress\/wp-content\/uploads\/2020\/10\/pp-125x125.jpg 125w, https:\/\/www.radiopiu.net\/wordpress\/wp-content\/uploads\/2020\/10\/pp-200x200.jpg 200w, https:\/\/www.radiopiu.net\/wordpress\/wp-content\/uploads\/2020\/10\/pp-80x80.jpg 80w, https:\/\/www.radiopiu.net\/wordpress\/wp-content\/uploads\/2020\/10\/pp-480x480.jpg 480w, https:\/\/www.radiopiu.net\/wordpress\/wp-content\/uploads\/2020\/10\/pp.jpg 640w\" sizes=\"auto, (max-width: 106px) 100vw, 106px\" \/><\/a><\/p>\n<\/div>\n<\/div>\n<\/div>\n<div>\n<div class=\"page-title-head hgroup\">\n<div class=\"page-title-head hgroup\">\n<div class=\"b654a4as d2edcug0\">\n<div class=\"j83agx80 btwxx1t3 lhclo0ds hop8lmos nkwizq5d scwd0bx6 roh60bw9\">\n<div class=\"rq0escxv hkbzh7o3 jwdofwj8 n8tt0mok r8blr3vg hyh9befq\">\n<div class=\"do00u71z l9j0dhe7 k4urcfbm\">\n<h2><span style=\"color: #000080;\">DON CESARE, IL PENSIERO DEL GIORNO. ALLA RADIO ALLE 7 DEL MATTINO E ALLE 19.30 DELLA SERA.\u00a0<\/span><\/h2>\n<audio class=\"wp-audio-shortcode\" id=\"audio-303510-11\" preload=\"none\" style=\"width: 100%;\" controls=\"controls\"><source type=\"audio\/mpeg\" src=\"https:\/\/www.radiopiu.net\/wordpress\/wp-content\/uploads\/2022\/10\/CESARE-21.mp3?_=11\" \/><a href=\"https:\/\/www.radiopiu.net\/wordpress\/wp-content\/uploads\/2022\/10\/CESARE-21.mp3\">https:\/\/www.radiopiu.net\/wordpress\/wp-content\/uploads\/2022\/10\/CESARE-21.mp3<\/a><\/audio>\n<p>&nbsp;<\/p>\n<p>&nbsp;<\/p>\n<p>&nbsp;<\/p>\n<hr \/>\n<p>&nbsp;<\/p>\n<blockquote>\n<h2>SOLIDARIETA&#8217; VENTO FONDO PENSIONE, IL TUO FUTURO AL SICURO<\/h2>\n<\/blockquote>\n<p>L&#8217;INTERVISTA, OTTOBRE 2022<\/p>\n<p><iframe loading=\"lazy\" title=\"Puntata OTTOBRE 2022\" width=\"1200\" height=\"675\" src=\"https:\/\/www.youtube.com\/embed\/st0bcF1bLoQ?feature=oembed\" frameborder=\"0\" allow=\"accelerometer; autoplay; clipboard-write; encrypted-media; gyroscope; picture-in-picture\" allowfullscreen><\/iframe><\/p>\n<p>&nbsp;<\/p>\n<hr \/>\n<p>&nbsp;<\/p>\n<h2><span style=\"color: #ff6600;\">COLLAGE OPERAZIONE NOSTALGIA<\/span><\/h2>\n<p><strong><a class=\"dt-pswp-item\" href=\"https:\/\/www.radiopiu.net\/wordpress\/wp-content\/uploads\/2022\/10\/Venus.jpg\" data-dt-img-description=\"\" data-large_image_width=\"480\" data-large_image_height=\"360\"><img loading=\"lazy\" decoding=\"async\" class=\" wp-image-302794 alignleft\" src=\"https:\/\/www.radiopiu.net\/wordpress\/wp-content\/uploads\/2022\/10\/Venus-300x225.jpg\" alt=\"\" width=\"133\" height=\"100\" srcset=\"https:\/\/www.radiopiu.net\/wordpress\/wp-content\/uploads\/2022\/10\/Venus-300x225.jpg 300w, https:\/\/www.radiopiu.net\/wordpress\/wp-content\/uploads\/2022\/10\/Venus.jpg 480w\" sizes=\"auto, (max-width: 133px) 100vw, 133px\" \/><\/a>di Loris Scussel<\/strong><\/p>\n<p>Saranno i brani il cui titolo inizia con le lettere R, S, T, U, V a comporre il \u201cCollage\u201d di questa settimana, inizieremo con \u201cRider\u00e0\u201d di Little Tony poi \u201cS. Francisco\u201d di Scott Mc Kenzie, \u201cTema\u201d dei Giganti, \u201cUn\u2019avventura\u201d di Lucio Battisti, \u201cVenus\u201d degli Shocking Blue solo per citare alcuni titoli dei brani in scaletta. Collage va in onda dal luned\u00ec al venerd\u00ec alle 16,00 e alle 23,00 naturalmente su Radio Pi\u00f9.<\/p>\n<p><strong>LA PUNTATA DI LUNEDI N\u00b0646<\/strong><\/p>\n<audio class=\"wp-audio-shortcode\" id=\"audio-303510-12\" preload=\"none\" style=\"width: 100%;\" controls=\"controls\"><source type=\"audio\/mpeg\" src=\"https:\/\/www.radiopiu.net\/wordpress\/wp-content\/uploads\/2022\/10\/Collage-646.mp3?_=12\" \/><a href=\"https:\/\/www.radiopiu.net\/wordpress\/wp-content\/uploads\/2022\/10\/Collage-646.mp3\">https:\/\/www.radiopiu.net\/wordpress\/wp-content\/uploads\/2022\/10\/Collage-646.mp3<\/a><\/audio>\n<p><strong>LA PUNTATA DI MARTEDI n\u00b0647<\/strong><\/p>\n<audio class=\"wp-audio-shortcode\" id=\"audio-303510-13\" preload=\"none\" style=\"width: 100%;\" controls=\"controls\"><source type=\"audio\/mpeg\" src=\"https:\/\/www.radiopiu.net\/wordpress\/wp-content\/uploads\/2022\/10\/Collage-647.mp3?_=13\" \/><a href=\"https:\/\/www.radiopiu.net\/wordpress\/wp-content\/uploads\/2022\/10\/Collage-647.mp3\">https:\/\/www.radiopiu.net\/wordpress\/wp-content\/uploads\/2022\/10\/Collage-647.mp3<\/a><\/audio>\n<p><strong>LA PUNTATA DI MERCOLEDI n\u00b0648<\/strong><\/p>\n<audio class=\"wp-audio-shortcode\" id=\"audio-303510-14\" preload=\"none\" style=\"width: 100%;\" controls=\"controls\"><source type=\"audio\/mpeg\" src=\"https:\/\/www.radiopiu.net\/wordpress\/wp-content\/uploads\/2022\/10\/Collage-648.mp3?_=14\" \/><a href=\"https:\/\/www.radiopiu.net\/wordpress\/wp-content\/uploads\/2022\/10\/Collage-648.mp3\">https:\/\/www.radiopiu.net\/wordpress\/wp-content\/uploads\/2022\/10\/Collage-648.mp3<\/a><\/audio>\n<p><strong>LA PUNTATA DI GIOVEDI n\u00b0649<\/strong><\/p>\n<audio class=\"wp-audio-shortcode\" id=\"audio-303510-15\" preload=\"none\" style=\"width: 100%;\" controls=\"controls\"><source type=\"audio\/mpeg\" src=\"https:\/\/www.radiopiu.net\/wordpress\/wp-content\/uploads\/2022\/10\/Collage-649.mp3?_=15\" \/><a href=\"https:\/\/www.radiopiu.net\/wordpress\/wp-content\/uploads\/2022\/10\/Collage-649.mp3\">https:\/\/www.radiopiu.net\/wordpress\/wp-content\/uploads\/2022\/10\/Collage-649.mp3<\/a><\/audio>\n<p>&nbsp;<\/p>\n<hr \/>\n<p>&nbsp;<\/p>\n<div>\n<blockquote class=\"wp-embedded-content\" data-secret=\"rvRGt3YcMj\"><p><a href=\"https:\/\/www.radiopiu.net\/wordpress\/odio-la-radio-dieci-anni-dopo-di-mirko-mezzacasa\/\">&#8220;ODIO LA RADIO&#8221;&#8230; DIECI ANNI DOPO, di Mirko Mezzacasa<\/a><\/p><\/blockquote>\n<p><iframe loading=\"lazy\" class=\"wp-embedded-content\" sandbox=\"allow-scripts\" security=\"restricted\" style=\"position: absolute; clip: rect(1px, 1px, 1px, 1px);\" title=\"&#8220;&#8220;ODIO LA RADIO&#8221;&#8230; DIECI ANNI DOPO, di Mirko Mezzacasa&#8221; &#8212; Radio Pi\u00f9\" src=\"https:\/\/www.radiopiu.net\/wordpress\/odio-la-radio-dieci-anni-dopo-di-mirko-mezzacasa\/embed\/#?secret=StKQZhdBjq#?secret=rvRGt3YcMj\" data-secret=\"rvRGt3YcMj\" width=\"600\" height=\"338\" frameborder=\"0\" marginwidth=\"0\" marginheight=\"0\" scrolling=\"no\"><\/iframe><\/p>\n<p>&nbsp;<\/p>\n<p>&nbsp;<\/p>\n<hr \/>\n<p>&nbsp;<\/p>\n<p><strong>OGNI GIORNO IL MERCATINO A RADIO PIU&#8217;, AL QUARANTESIMO MINUTO. IL PUNTO DI RIFERIMENTO PER CHI OFFRE O CERCA LAVORO NELL&#8217;ARCO DOLOMITICO, CENTINAIA DI VISUALIZZAZIONI AL GIORNO SUL SITO INTERNET, IN AUDIO ALLA RADIO E IN STREAMING IL TUTTO IL MONDO. IL MERCATINO DI RADIO PIU, PER INSERIRE I TUOI ANNUNCI SCRIVI A <span style=\"color: #0000ff;\">radiopiu@radiopiu.it<\/span><\/strong><\/p>\n<blockquote class=\"wp-embedded-content\" data-secret=\"hsDZKchpWQ\"><p><a href=\"https:\/\/www.radiopiu.net\/wordpress\/mercatino-e-mercatino-delle-pulci-per-i-vostri-annunci-radiopiuradiopiu-it\/\">MERCATINO<\/a><\/p><\/blockquote>\n<p><iframe loading=\"lazy\" class=\"wp-embedded-content\" sandbox=\"allow-scripts\" security=\"restricted\" style=\"position: absolute; clip: rect(1px, 1px, 1px, 1px);\" title=\"&#8220;MERCATINO&#8221; &#8212; Radio Pi\u00f9\" src=\"https:\/\/www.radiopiu.net\/wordpress\/mercatino-e-mercatino-delle-pulci-per-i-vostri-annunci-radiopiuradiopiu-it\/embed\/#?secret=JHltZPCOF2#?secret=hsDZKchpWQ\" data-secret=\"hsDZKchpWQ\" width=\"600\" height=\"338\" frameborder=\"0\" marginwidth=\"0\" marginheight=\"0\" scrolling=\"no\"><\/iframe><\/p>\n<\/div>\n<p>&nbsp;<\/p>\n<p>&nbsp;<\/p>\n<div>\n<hr \/>\n<p>&nbsp;<\/p>\n<p><img loading=\"lazy\" decoding=\"async\" class=\"aligncenter wp-image-61954 size-full\" src=\"https:\/\/www.radiopiu.net\/wordpress\/wp-content\/uploads\/2018\/09\/viabilita.jpeg\" sizes=\"auto, (max-width: 800px) 100vw, 800px\" srcset=\"https:\/\/www.radiopiu.net\/wordpress\/wp-content\/uploads\/2018\/09\/viabilita.jpeg 800w, https:\/\/www.radiopiu.net\/wordpress\/wp-content\/uploads\/2018\/09\/viabilita-300x38.jpeg 300w, https:\/\/www.radiopiu.net\/wordpress\/wp-content\/uploads\/2018\/09\/viabilita-768x96.jpeg 768w\" alt=\"\" width=\"800\" height=\"100\" \/><\/p>\n<p>&nbsp;<\/p>\n<blockquote>\n<h3>SP 8 DI SAN TOMASO, PROROGATA LA CHIUSURA A FASCE ORARIE FINO ALL&#8217;11 NOVEMBRE<\/h3>\n<\/blockquote>\n<p>Fino all&#8217;11 novembre, esclusi festivi e prefestivi, la strada chiuder\u00e0 totalmente dalle 7.15 alle 12.45 e dalle 14.15 alle 17.45. Negli altri orari senso unico alternato regolato da semaforo.<\/p>\n<p>&nbsp;<\/p>\n<p><strong>AGGIORNAMENTO VENETO STRADE, AGGIORNAMENTO CONTINUO H 24<\/strong><\/p>\n<blockquote class=\"wp-embedded-content\" data-secret=\"PR0YuugA6F\"><p><a href=\"https:\/\/www.radiopiu.net\/wordpress\/viabilita\/\">viabilita<\/a><\/p><\/blockquote>\n<p><iframe loading=\"lazy\" class=\"wp-embedded-content\" sandbox=\"allow-scripts\" security=\"restricted\" style=\"position: absolute; clip: rect(1px, 1px, 1px, 1px);\" title=\"&#8220;viabilita&#8221; &#8212; Radio Pi\u00f9\" src=\"https:\/\/www.radiopiu.net\/wordpress\/viabilita\/embed\/#?secret=2xb0wxDzl1#?secret=PR0YuugA6F\" data-secret=\"PR0YuugA6F\" width=\"600\" height=\"338\" frameborder=\"0\" marginwidth=\"0\" marginheight=\"0\" scrolling=\"no\"><\/iframe><\/p>\n<p>&nbsp;<\/p>\n<p>&nbsp;<\/p>\n<hr \/>\n<p>&nbsp;<\/p>\n<p><a class=\"dt-pswp-item\" href=\"https:\/\/www.radiopiu.net\/wordpress\/wp-content\/uploads\/2018\/09\/WhatsApp-Image-2018-09-20-at-16.04.06.jpeg\" data-dt-img-description=\"\" data-large_image_width=\"800\" data-large_image_height=\"100\"><img loading=\"lazy\" decoding=\"async\" class=\"wp-image-61378 size-full aligncenter\" src=\"https:\/\/www.radiopiu.net\/wordpress\/wp-content\/uploads\/2018\/09\/WhatsApp-Image-2018-09-20-at-16.04.06.jpeg\" alt=\"\" width=\"800\" height=\"100\" srcset=\"https:\/\/www.radiopiu.net\/wordpress\/wp-content\/uploads\/2018\/09\/WhatsApp-Image-2018-09-20-at-16.04.06.jpeg 800w, https:\/\/www.radiopiu.net\/wordpress\/wp-content\/uploads\/2018\/09\/WhatsApp-Image-2018-09-20-at-16.04.06-300x38.jpeg 300w, https:\/\/www.radiopiu.net\/wordpress\/wp-content\/uploads\/2018\/09\/WhatsApp-Image-2018-09-20-at-16.04.06-768x96.jpeg 768w\" sizes=\"auto, (max-width: 800px) 100vw, 800px\" \/>\u00a0<\/a><\/p>\n<p>&nbsp;<\/p>\n<p><strong>Venerdi e sabato<\/strong> Bel tempo autunnale, ben soleggiato con cielo sereno, aria nitida e ottima visibilit\u00e0 in montagna. Persistenza dell&#8217;insidia nebbia o nubi basse mattutine in alcune valli e depressioni prealpine. In alcuni momenti della giornata probabile transito di sottili nubi alte in grado di velare il cielo. La mitezza diurna sar\u00e0 sempre pi\u00f9 presente e piuttosto rilevante nei posti pi\u00f9 assolati e nei fondovalle.<br \/>\nPrecipitazioni: Assenti (0%). Temperature: In ulteriore generale lieve aumento, specie in quota (niente gelo notturno fino sui 3000 m) accentuazione dell&#8217;inversione termica notturna nei fondovalle. Previste punte di 22\/23\u00b0C nei fondovalle prealpini<\/p>\n<p><strong>Domenica 30 <\/strong>Persistenza del bel tempo autunnale con sole e cielo sereno, aria nitida e ottima visibilit\u00e0. Il rischio nebbia o nubi basse mattutine nei consueti posti prealpini (Valbelluna e alcune depressioni degli altopiani) sar\u00e0 assente o limitato alle ore pi\u00f9 fredde. Temperature in ulteriore leggero aumento con probabile apice della mitezza su tutta la montagna veneta. Perdurare dell&#8217;inversione termica notturna nei fondovalle.<\/p>\n<p><strong>Lunedi 31 <\/strong>Tempo ancora stabile con sole e cielo sereno fino al primo pomeriggio, poi probabili lievi velature del cielo per presenza di sottili nubi alte. Temperature senza notevoli variazioni rispetto a domenica, eccetto leggera flessione delle massime in quota. Perdurare dell&#8217;inversione termica notturna nei fondovalle.<\/p>\n<p>&nbsp;<\/p>\n<p>&nbsp;<\/p>\n<p>&nbsp;<\/p>\n<hr \/>\n<p>&nbsp;<\/p>\n<p><img loading=\"lazy\" decoding=\"async\" class=\"wp-image-60761 size-full aligncenter\" src=\"https:\/\/www.radiopiu.net\/wordpress\/wp-content\/uploads\/2018\/09\/sport.jpg\" alt=\"\" width=\"800\" height=\"100\" srcset=\"https:\/\/www.radiopiu.net\/wordpress\/wp-content\/uploads\/2018\/09\/sport.jpg 800w, https:\/\/www.radiopiu.net\/wordpress\/wp-content\/uploads\/2018\/09\/sport-300x38.jpg 300w, https:\/\/www.radiopiu.net\/wordpress\/wp-content\/uploads\/2018\/09\/sport-768x96.jpg 768w\" sizes=\"auto, (max-width: 800px) 100vw, 800px\" \/><\/p>\n<p>&nbsp;<\/p>\n<p><span style=\"color: #0000ff;\"><strong>CORSA\u00a0<\/strong><\/span><\/p>\n<blockquote>\n<h3>\u00a0 CORRIBES, LA CORSA FUORI PORTA<\/h3>\n<\/blockquote>\n<p><strong>BELLUNO<\/strong> Ritorna marted\u00ec 1\u00b0 novembre alle 09.30 CorriBes, la manifestazione sportiva a scopo di beneficienza tra le campagne e i borghi rurali di Bes, Cugnach, Carmegn, Prapavei, Col del Vin, Marian, Antole e Sois. Fin dalla sua prima edizione nel 2016, viene organizzata in memoria di Franco Dall\u2019\u00d3<span style=\"color: #202124;\">, cittadino di Bes con la passione per il podismo, scomparso prematuramente a causa della Sclerosi Laterale Amiotrofica. <\/span>Per questo motivo, tutti i proventi vengono devoluti ad AISLA Belluno, associazione punto di riferimento nella nostra provincia per le persone affette da Sclerosi Laterale Amiotrofica e per i loro familiari. \u00a0Per iscrizioni e informazioni: www.corribes.it<\/p>\n<p>&nbsp;<\/p>\n<p><strong><span style=\"color: #0000ff;\">\u00a0HOCKEY GHIACCIO\u00a0\u00a0<\/span><\/strong><\/p>\n<blockquote>\n<h3>L\u2019UNDER 17 DELL\u2019ALLEGHE TORNA DA MERANO CON 3 PUNTI<\/h3>\n<\/blockquote>\n<p><strong><a class=\"dt-pswp-item\" href=\"https:\/\/www.radiopiu.net\/wordpress\/wp-content\/uploads\/2022\/10\/8139ED27-9A9D-44B6-8922-67BA14F1EC6F.jpeg\" data-dt-img-description=\"\" data-large_image_width=\"1024\" data-large_image_height=\"1024\"><img loading=\"lazy\" decoding=\"async\" class=\"size-medium wp-image-303453 alignleft\" src=\"https:\/\/www.radiopiu.net\/wordpress\/wp-content\/uploads\/2022\/10\/8139ED27-9A9D-44B6-8922-67BA14F1EC6F-300x300.jpeg\" alt=\"\" width=\"300\" height=\"300\" srcset=\"https:\/\/www.radiopiu.net\/wordpress\/wp-content\/uploads\/2022\/10\/8139ED27-9A9D-44B6-8922-67BA14F1EC6F-300x300.jpeg 300w, https:\/\/www.radiopiu.net\/wordpress\/wp-content\/uploads\/2022\/10\/8139ED27-9A9D-44B6-8922-67BA14F1EC6F.jpeg 1024w, https:\/\/www.radiopiu.net\/wordpress\/wp-content\/uploads\/2022\/10\/8139ED27-9A9D-44B6-8922-67BA14F1EC6F-150x150.jpeg 150w, https:\/\/www.radiopiu.net\/wordpress\/wp-content\/uploads\/2022\/10\/8139ED27-9A9D-44B6-8922-67BA14F1EC6F-768x768.jpeg 768w\" sizes=\"auto, (max-width: 300px) 100vw, 300px\" \/><\/a>di Roberta Pol, portavoce dell\u2019Alleghe Hockey Under\u00a0<\/strong><\/p>\n<p>Tre punti meritati quelli che le Civette U17 hanno portato a casa mercoled\u00ec dalla trasferta di Merano, grazie alla netta vittoria 3 a 0 sulle aquile. Primo tempo molto equilibrato, qualche buona azione da entrambe le parti con le due squadre che si studiano senza esporsi e i primi 20 minuti terminano cos\u00ec 0 a 0. Nel secondo drittel i biancorossi partono decisi con un gran gioco di squadra e al 12.11 ci pensa capitan Tolomelli a sbloccare il risultato, trovando uno spiraglio millimetrico dove infilare il disco alle spalle del portiere meranese. I padroni di casa vano subito dopo vicino al pareggio grazie ad un rigore, pericolo per\u00f2 sventato dal nostro super Calvani. Dopo il secondo intervallo i ragazzi di coach De Biasio tornano sul ghiaccio ancora pi\u00f9 carichi, giocando un terzo tempo di qualit\u00e0 con passaggi precisi e un gran bel gioco di squadra che frutta altre due marcature firmate sempre da capitan Tolomelli (tripletta per lui), consentendo ai bellunesi di chiudere la partita e mettere il sigillo ai 3 punti. Anche stasera abbiamo assistito a qualche svarione arbitrale, un gol (valido) annullato e un sovraffollamento delle panche puniti per piccoli battibecchi nel finale di gara, nulla che fortunatamente abbia potuto rovinare la meritata festa ai nostri boys. Prossima trasferta luned\u00ec 31 ottobre contro la capolista Appiano.<\/p>\n<p>&nbsp;<\/p>\n<p>&nbsp;<\/p>\n<hr \/>\n<p>&nbsp;<\/p>\n<blockquote class=\"wp-embedded-content\" data-secret=\"6GKlBSmaCf\"><p><a href=\"https:\/\/www.radiopiu.net\/wordpress\/castagnata-biancorossa-nel-piazzale-dello-stadio\/\">CASTAGNATA BIANCOROSSA NEL PIAZZALE DELLO STADIO<\/a><\/p><\/blockquote>\n<p><iframe loading=\"lazy\" class=\"wp-embedded-content\" sandbox=\"allow-scripts\" security=\"restricted\" style=\"position: absolute; clip: rect(1px, 1px, 1px, 1px);\" title=\"&#8220;CASTAGNATA BIANCOROSSA NEL PIAZZALE DELLO STADIO&#8221; &#8212; Radio Pi\u00f9\" src=\"https:\/\/www.radiopiu.net\/wordpress\/castagnata-biancorossa-nel-piazzale-dello-stadio\/embed\/#?secret=RjdXqCBwXI#?secret=6GKlBSmaCf\" data-secret=\"6GKlBSmaCf\" width=\"600\" height=\"338\" frameborder=\"0\" marginwidth=\"0\" marginheight=\"0\" scrolling=\"no\"><\/iframe><\/p>\n<p>&nbsp;<\/p>\n<p>&nbsp;<\/p>\n<hr \/>\n<p>&nbsp;<\/p>\n<\/div>\n<\/div>\n<\/div>\n<\/div>\n<\/div>\n<\/div>\n<\/div>\n<\/div>\n","protected":false},"excerpt":{"rendered":"<p>RADIO PIU INFORMAZIONE il canale su TELEGRAM informazione di prima\u00a0\u00a0mano e in tempo reale. iscriviti ed aiutaci a farlo conoscere ULSS 1 BELLUNO I medici di Medicina Generale della Medicina di Gruppo Belluno Uno,\u00a0 con sede a Belluno, in via Feltre 196, effettueranno la vaccinazione antiinfluenzale per i loro assistiti over 65 e i pazienti&hellip;<\/p>\n","protected":false},"author":4,"featured_media":303583,"comment_status":"closed","ping_status":"closed","sticky":false,"template":"","format":"standard","meta":{"_monsterinsights_skip_tracking":false,"_monsterinsights_sitenote_active":false,"_monsterinsights_sitenote_note":"","_monsterinsights_sitenote_category":0,"footnotes":""},"categories":[104,86,49],"tags":[],"class_list":["post-303510","post","type-post","status-publish","format-standard","has-post-thumbnail","hentry","category-evidenza_3","category-gr","category-news-18","category-104","category-86","category-49","description-off"],"img_url":"https:\/\/www.radiopiu.net\/wordpress\/wp-content\/uploads\/2022\/10\/Senza-nome-88.jpg","_links":{"self":[{"href":"https:\/\/www.radiopiu.net\/wordpress\/wp-json\/wp\/v2\/posts\/303510","targetHints":{"allow":["GET"]}}],"collection":[{"href":"https:\/\/www.radiopiu.net\/wordpress\/wp-json\/wp\/v2\/posts"}],"about":[{"href":"https:\/\/www.radiopiu.net\/wordpress\/wp-json\/wp\/v2\/types\/post"}],"author":[{"embeddable":true,"href":"https:\/\/www.radiopiu.net\/wordpress\/wp-json\/wp\/v2\/users\/4"}],"replies":[{"embeddable":true,"href":"https:\/\/www.radiopiu.net\/wordpress\/wp-json\/wp\/v2\/comments?post=303510"}],"version-history":[{"count":0,"href":"https:\/\/www.radiopiu.net\/wordpress\/wp-json\/wp\/v2\/posts\/303510\/revisions"}],"wp:featuredmedia":[{"embeddable":true,"href":"https:\/\/www.radiopiu.net\/wordpress\/wp-json\/wp\/v2\/media\/303583"}],"wp:attachment":[{"href":"https:\/\/www.radiopiu.net\/wordpress\/wp-json\/wp\/v2\/media?parent=303510"}],"wp:term":[{"taxonomy":"category","embeddable":true,"href":"https:\/\/www.radiopiu.net\/wordpress\/wp-json\/wp\/v2\/categories?post=303510"},{"taxonomy":"post_tag","embeddable":true,"href":"https:\/\/www.radiopiu.net\/wordpress\/wp-json\/wp\/v2\/tags?post=303510"}],"curies":[{"name":"wp","href":"https:\/\/api.w.org\/{rel}","templated":true}]}}