{"id":303535,"date":"2022-10-27T18:05:00","date_gmt":"2022-10-27T16:05:00","guid":{"rendered":"https:\/\/www.radiopiu.net\/wordpress\/?p=303535"},"modified":"2022-10-27T18:05:00","modified_gmt":"2022-10-27T16:05:00","slug":"luxottica-piano-sabati-lavorativi-novembre-ponte-dellimmacolata-e-piano-ferie","status":"publish","type":"post","link":"https:\/\/www.radiopiu.net\/wordpress\/luxottica-piano-sabati-lavorativi-novembre-ponte-dellimmacolata-e-piano-ferie\/","title":{"rendered":"LUXOTTICA: PIANO SABATI LAVORATIVI NOVEMBRE, PONTE DELL&#8217;IMMACOLATA  E PIANO FERIE"},"content":{"rendered":"<p><strong><img loading=\"lazy\" decoding=\"async\" class=\"alignleft\" src=\"https:\/\/www.radiopiu.net\/wordpress\/wp-content\/uploads\/2022\/06\/LUXOTTICA-LUTTO-1.jpg\" width=\"220\" height=\"124\" \/>AGORDO<\/strong>\u00a0 Rsu e Azienda si sono incontrati per definire il piano dei sabati lavorativi di Novembre. <em>&#8220;Abbiamo sottoscritto un sabato di flessibilit\u00e0 e uno di incentivato che come consuetudine si svolgeranno solo sul turno mattina&#8221;<\/em> dichiarano I delegati Femca Cisl . STRAORDINARIO INCENTIVATO 5 e 12 novembre (nei reparti dove \u00e8 previsto il terzo turno \u00e8 previsto un posticipo il 14 novembre) FLESSIBILIT\u00c0 19 e 26 Novembre (nei reparti dove \u00e8 previsto il terzo turno \u00e8 previsto un posticipo il 28 novembre)<\/p>\n<blockquote>\n<h3>PIANO FERIE<\/h3>\n<\/blockquote>\n<p>L&#8217;azienda chiuder\u00e0 dal 21 dicembre 2022 al gennaio 2023. Il 21, 22, 23, 27, 28, 29 dicembre saranno utilizzati come ferie collettive.<br \/>\nIl 30 dicembre ed il 2 gennaio verranno utilizzate due giornate di flessibilit\u00e0 negativa.<em>&#8220;Nella giornata del 29 dicembre saranno utilizzate 8 h di ferie (maturate nel periodo settembre-dicembre 22) e che, per effetto dello spostamento del calendario sull&#8217;anno solare, questa volta abbiamo a disposizione<\/em>&#8221; ricordano i I delegati Femca Cisl. L&#8217;ultimo giorno di lavoro per i turnisti diurni e giornata sar\u00e0 il 20 dicembre. Il terzo turno anticiper\u00e0 il turno lavorativo del 20 dicembre* al 18 dicembre. Gli uffici seguiranno la stessa fermata ma, a copertura delle giornate di flessibilit\u00e0, saranno inseriti istituiti individuali (nell&#8217;ordine ferie arretrate, fit, pir maturati e non goduti, banca ore)<\/p>\n<p><strong>La RSU<\/strong> ha inoltre firmato una chiusura per il ponte dell&#8217;Immacolata; per la fermata del 9 dicembre verranno utilizzate 8 ore di recupero flessibilit\u00e0 (di cui 6 gi\u00e0 effettuate nel mese di ottobre).<em> &#8220;La variazione sul 31 ottobre si \u00e8 resa necessaria per bilanciare correttamente gli istituti. All&#8217;atto pratico, non comporter\u00e0 ulteriori debiti di flessibilit\u00e0 ai colleghi. Sappiamo che il calendario non agevola sicuramente le famiglie con figli in et\u00e0 scolare, purtroppo per\u00f2 non ci sono stati margini di manovra (nonostante la lunga discussione) perch\u00e9 la scelta \u00e8 stata dettata dal Gruppo, visto che si prevede una ripartenza immediata a gennaio 2023. Abbiamo per\u00f2 convenuto con l&#8217;azienda la possibilit\u00e0 di andare incontro a chi ha problemi di gestione famigliare ed ecco perch\u00e9, a breve, saranno riaperti i permessi per le giornate del 3, 4 e 5 gennaio&#8221;&#8221;<\/em> concludono I delegati Femca Cisl.<\/p>\n<p>&nbsp;<\/p>\n<hr \/>\n<p>&nbsp;<\/p>\n","protected":false},"excerpt":{"rendered":"<p>AGORDO\u00a0 Rsu e Azienda si sono incontrati per definire il piano dei sabati lavorativi di Novembre. &#8220;Abbiamo sottoscritto un sabato di flessibilit\u00e0 e uno di incentivato che come consuetudine si svolgeranno solo sul turno mattina&#8221; dichiarano I delegati Femca Cisl . STRAORDINARIO INCENTIVATO 5 e 12 novembre (nei reparti dove \u00e8 previsto il terzo turno&hellip;<\/p>\n","protected":false},"author":4,"featured_media":284131,"comment_status":"closed","ping_status":"closed","sticky":false,"template":"","format":"standard","meta":{"_monsterinsights_skip_tracking":false,"_monsterinsights_sitenote_active":false,"_monsterinsights_sitenote_note":"","_monsterinsights_sitenote_category":0,"footnotes":""},"categories":[51,49],"tags":[],"class_list":["post-303535","post","type-post","status-publish","format-standard","has-post-thumbnail","hentry","category-evidenza-top","category-news-18","category-51","category-49","description-off"],"img_url":"https:\/\/www.radiopiu.net\/wordpress\/wp-content\/uploads\/2022\/06\/LUXOTTICA-LUTTO-1.jpg","_links":{"self":[{"href":"https:\/\/www.radiopiu.net\/wordpress\/wp-json\/wp\/v2\/posts\/303535","targetHints":{"allow":["GET"]}}],"collection":[{"href":"https:\/\/www.radiopiu.net\/wordpress\/wp-json\/wp\/v2\/posts"}],"about":[{"href":"https:\/\/www.radiopiu.net\/wordpress\/wp-json\/wp\/v2\/types\/post"}],"author":[{"embeddable":true,"href":"https:\/\/www.radiopiu.net\/wordpress\/wp-json\/wp\/v2\/users\/4"}],"replies":[{"embeddable":true,"href":"https:\/\/www.radiopiu.net\/wordpress\/wp-json\/wp\/v2\/comments?post=303535"}],"version-history":[{"count":0,"href":"https:\/\/www.radiopiu.net\/wordpress\/wp-json\/wp\/v2\/posts\/303535\/revisions"}],"wp:featuredmedia":[{"embeddable":true,"href":"https:\/\/www.radiopiu.net\/wordpress\/wp-json\/wp\/v2\/media\/284131"}],"wp:attachment":[{"href":"https:\/\/www.radiopiu.net\/wordpress\/wp-json\/wp\/v2\/media?parent=303535"}],"wp:term":[{"taxonomy":"category","embeddable":true,"href":"https:\/\/www.radiopiu.net\/wordpress\/wp-json\/wp\/v2\/categories?post=303535"},{"taxonomy":"post_tag","embeddable":true,"href":"https:\/\/www.radiopiu.net\/wordpress\/wp-json\/wp\/v2\/tags?post=303535"}],"curies":[{"name":"wp","href":"https:\/\/api.w.org\/{rel}","templated":true}]}}