{"id":303548,"date":"2022-10-27T22:40:44","date_gmt":"2022-10-27T20:40:44","guid":{"rendered":"https:\/\/www.radiopiu.net\/wordpress\/?p=303548"},"modified":"2022-10-27T22:46:31","modified_gmt":"2022-10-27T20:46:31","slug":"303548-2","status":"publish","type":"post","link":"https:\/\/www.radiopiu.net\/wordpress\/303548-2\/","title":{"rendered":"MARGRANDO &#8220;IL VIAGGIO E&#8217; LA META DEGLI UOMINI LIBERI&#8221;"},"content":{"rendered":"<p><strong>il libro di di Francesca Gallo<\/strong><\/p>\n<p><strong>CANALE D&#8217;AGORDO<\/strong> Ha 27 anni Francesca quando decide di lasciare Preganziol (Treviso) con 3,50 euro in tasca, un pezzo da 1 euro, uno da 2 e uno da 50 centesimi, precisi per telefonare a casa dal Belgio e dire alla mamma &#8220;<em>sono arrivata, sto bene<\/em>&#8220;. In spalla la compagna di una vita, una fisarmonica da 9 chilogrammi, oltre 10mila pezzi di legno di pero, costruita dal pap\u00e0 della giusta misura per diventare bagaglio a mano. In testa un&#8217;idea, che si traduce in un libro, &#8220;Margrando&#8221;, perch\u00e9 gli emigranti cos\u00ec riconoscono quello che per tutti gli altri si chiama oceano, e loro sanno che il mare grande \u00e8 quello che li separa dalla terra natia, dalla famiglia, dalla donna magari sposata per procura. Francesca viaggia fino in Belgio, suona la fisarmonica, abbassa il cappello, raccoglie interviste tra il popolo di minatori e oggi racconta le loro storie. Dai minatori del Belgio agli emigranti del Canada. Partiti dall&#8217;Italia con il sogno di fare i soldi, spesso chimera. Che non conoscono nemmeno l&#8217;inno d&#8217;Italia, convinti che sotto alla bandiera ci sia Marina di Rocco Granata, oppure <em>&#8220;me compare Giacometo, quello del galeto&#8221;.<\/em> Francesca racconta di quelle realt\u00e0 venete, friulane e calabresi, un Italia d&#8217;altri confini, che confonde. Lo fa con la sua immancabile simpatia, trasmettendo emozioni che ogni tanto di fanno trattenere le lacrime, soprattutto se tra quelli di allora con la valigia c&#8217;era un padre, un nonno, un fratello. Partito e non pi\u00f9 tornato.\u00a0 Francesca Gallo ha incantato il pubblico in sala di via Lotta a Canale d&#8217;Agordo, non dubitiamo che capiter\u00e0 anche con voi, riascoltando e rivedendo il video trasmesso in diretta dai canali di Radio Pi\u00f9.<\/p>\n<p>mm<\/p>\n<p>https:\/\/www.facebook.com\/marco.baghy.1\/videos\/446095300943837<\/p>\n<p>&nbsp;<\/p>\n<p>&nbsp;<\/p>\n","protected":false},"excerpt":{"rendered":"<p>il libro di di Francesca Gallo CANALE D&#8217;AGORDO Ha 27 anni Francesca quando decide di lasciare Preganziol (Treviso) con 3,50 euro in tasca, un pezzo da 1 euro, uno da 2 e uno da 50 centesimi, precisi per telefonare a casa dal Belgio e dire alla mamma &#8220;sono arrivata, sto bene&#8220;. In spalla la compagna&hellip;<\/p>\n","protected":false},"author":4,"featured_media":303550,"comment_status":"closed","ping_status":"closed","sticky":false,"template":"","format":"standard","meta":{"_monsterinsights_skip_tracking":false,"_monsterinsights_sitenote_active":false,"_monsterinsights_sitenote_note":"","_monsterinsights_sitenote_category":0,"footnotes":""},"categories":[51,49],"tags":[],"class_list":["post-303548","post","type-post","status-publish","format-standard","has-post-thumbnail","hentry","category-evidenza-top","category-news-18","category-51","category-49","description-off"],"img_url":"https:\/\/www.radiopiu.net\/wordpress\/wp-content\/uploads\/2022\/10\/aaa-5.jpg","_links":{"self":[{"href":"https:\/\/www.radiopiu.net\/wordpress\/wp-json\/wp\/v2\/posts\/303548","targetHints":{"allow":["GET"]}}],"collection":[{"href":"https:\/\/www.radiopiu.net\/wordpress\/wp-json\/wp\/v2\/posts"}],"about":[{"href":"https:\/\/www.radiopiu.net\/wordpress\/wp-json\/wp\/v2\/types\/post"}],"author":[{"embeddable":true,"href":"https:\/\/www.radiopiu.net\/wordpress\/wp-json\/wp\/v2\/users\/4"}],"replies":[{"embeddable":true,"href":"https:\/\/www.radiopiu.net\/wordpress\/wp-json\/wp\/v2\/comments?post=303548"}],"version-history":[{"count":0,"href":"https:\/\/www.radiopiu.net\/wordpress\/wp-json\/wp\/v2\/posts\/303548\/revisions"}],"wp:featuredmedia":[{"embeddable":true,"href":"https:\/\/www.radiopiu.net\/wordpress\/wp-json\/wp\/v2\/media\/303550"}],"wp:attachment":[{"href":"https:\/\/www.radiopiu.net\/wordpress\/wp-json\/wp\/v2\/media?parent=303548"}],"wp:term":[{"taxonomy":"category","embeddable":true,"href":"https:\/\/www.radiopiu.net\/wordpress\/wp-json\/wp\/v2\/categories?post=303548"},{"taxonomy":"post_tag","embeddable":true,"href":"https:\/\/www.radiopiu.net\/wordpress\/wp-json\/wp\/v2\/tags?post=303548"}],"curies":[{"name":"wp","href":"https:\/\/api.w.org\/{rel}","templated":true}]}}