{"id":303708,"date":"2022-10-29T06:25:54","date_gmt":"2022-10-29T04:25:54","guid":{"rendered":"https:\/\/www.radiopiu.net\/wordpress\/?p=303708"},"modified":"2022-10-29T22:14:28","modified_gmt":"2022-10-29T20:14:28","slug":"giornale-radiopiu-28-ottobre-2022-direttore-mirko-mezzacasa","status":"publish","type":"post","link":"https:\/\/www.radiopiu.net\/wordpress\/giornale-radiopiu-28-ottobre-2022-direttore-mirko-mezzacasa\/","title":{"rendered":"GIORNALE RADIOPIU 29 OTTOBRE 2022 DIRETTORE MIRKO MEZZACASA"},"content":{"rendered":"<h3 class=\"kvgmc6g5 cxmmr5t8 oygrvhab hcukyx3x c1et5uql\"><span style=\"color: #0000ff;\">\u00a0<\/span><\/h3>\n<blockquote class=\"wp-embedded-content\" data-secret=\"v8glsP5aTs\"><p><a href=\"https:\/\/www.radiopiu.net\/wordpress\/vaia-4-anni-dopo-ricordi-a-fior-di-pelle-testi-foto-video-di-mirko-mezzacasa\/\">VAIA 4 ANNI DOPO: RICORDI A FIOR DI PELLE &#8211; testi, foto, video di Mirko Mezzacasa<\/a><\/p><\/blockquote>\n<p><iframe loading=\"lazy\" class=\"wp-embedded-content\" sandbox=\"allow-scripts\" security=\"restricted\" style=\"position: absolute; clip: rect(1px, 1px, 1px, 1px);\" title=\"&#8220;VAIA 4 ANNI DOPO: RICORDI A FIOR DI PELLE &#8211; testi, foto, video di Mirko Mezzacasa&#8221; &#8212; Radio Pi\u00f9\" src=\"https:\/\/www.radiopiu.net\/wordpress\/vaia-4-anni-dopo-ricordi-a-fior-di-pelle-testi-foto-video-di-mirko-mezzacasa\/embed\/#?secret=QxPOWVDFyw#?secret=v8glsP5aTs\" data-secret=\"v8glsP5aTs\" width=\"600\" height=\"338\" frameborder=\"0\" marginwidth=\"0\" marginheight=\"0\" scrolling=\"no\"><\/iframe><\/p>\n<h3 class=\"kvgmc6g5 cxmmr5t8 oygrvhab hcukyx3x c1et5uql\"><span style=\"color: #0000ff;\"><strong>\u00a0<\/strong><\/span><\/h3>\n<h3 class=\"kvgmc6g5 cxmmr5t8 oygrvhab hcukyx3x c1et5uql\"><span style=\"color: #0000ff;\"><strong>RADIO PIU INFORMAZIONE il canale su TELEGRAM informazione di prima\u00a0 <\/strong><strong>mano e in tempo reale. iscriviti ed aiutaci a farlo conoscere<\/strong><\/span><\/h3>\n<p><span style=\"color: #ff0000;\">ULSS 1 BELLUNO I medici di Medicina Generale della Medicina di Gruppo Belluno Uno,\u00a0 con sede a Belluno, in via Feltre 196, effettueranno la vaccinazione antiinfluenzale per i loro assistiti over 65 e i pazienti fragili in orario di ambulatorio questa mattina dalle\u00a0 8 alle 11<\/span><\/p>\n<p><strong>ULSS1 DOLOMITI<\/strong> Domani\u00a0 dalle 8.30 alle 12.30 \u00a0punto tamponi a Paludi per persone con sintomatologia covid, ad accesso libero. Sar\u00e0 presente un operatore sanitario per il triage all\u2019ingresso.<\/p>\n<p><strong>STRADA PER RIVAMONTE INTERDETTA AL TRAFFICO IN ORARI LAVORATIVI, DIVIETO DI TRANSITO A FASCE ORARIE PER I MEZZI PESANTI A DON DI GOSALDO<\/strong><\/p>\n<p><strong><a class=\"dt-pswp-item\" href=\"https:\/\/www.radiopiu.net\/wordpress\/wp-content\/uploads\/2020\/05\/d282e9db-a1f1-4fe6-99cc-e839bf290f3c.jpg\" data-dt-img-description=\"Lavori di consolidamento alle banchine stradali e posizionamento guard rail strada prov. 641 (Veneto Strade)\" data-large_image_width=\"1599\" data-large_image_height=\"1200\"><img loading=\"lazy\" decoding=\"async\" class=\"wp-image-136640 alignleft\" src=\"https:\/\/www.radiopiu.net\/wordpress\/wp-content\/uploads\/2020\/05\/d282e9db-a1f1-4fe6-99cc-e839bf290f3c-300x225.jpg\" alt=\"\" width=\"179\" height=\"134\" srcset=\"https:\/\/www.radiopiu.net\/wordpress\/wp-content\/uploads\/2020\/05\/d282e9db-a1f1-4fe6-99cc-e839bf290f3c-300x225.jpg 300w, https:\/\/www.radiopiu.net\/wordpress\/wp-content\/uploads\/2020\/05\/d282e9db-a1f1-4fe6-99cc-e839bf290f3c-1024x768.jpg 1024w, https:\/\/www.radiopiu.net\/wordpress\/wp-content\/uploads\/2020\/05\/d282e9db-a1f1-4fe6-99cc-e839bf290f3c-768x576.jpg 768w, https:\/\/www.radiopiu.net\/wordpress\/wp-content\/uploads\/2020\/05\/d282e9db-a1f1-4fe6-99cc-e839bf290f3c-1536x1153.jpg 1536w, https:\/\/www.radiopiu.net\/wordpress\/wp-content\/uploads\/2020\/05\/d282e9db-a1f1-4fe6-99cc-e839bf290f3c.jpg 1599w\" sizes=\"auto, (max-width: 179px) 100vw, 179px\" \/><\/a>SP 3 VALLE IMPERINA<\/strong>, localit\u00e0 Gona di Conedera. <span style=\"color: #ff0000;\">Dal 2 al 18 novembre<\/span> interdizione totale alla circolazione stradale dalle 7.35 all 13.10 e dalle 15 alle 17.45, sabato e domenica esclusi. Negli altri orari &#8211; anche nei giorni festivi e prefestivi- senso unico alternato.<\/p>\n<p><strong>SP 347 DI PASSO CEREDA<\/strong>, localit\u00e0 Don di Gosaldo, <span style=\"color: #ff0000;\">dal 2 al 25 novembre<\/span> senso unico alternato h24 compresi sabato e domenica. Divieto di transito ai veicoli con massa superiore a 7,5 tonnellate e lunghezza superiore ai 7 metri dalle 7.30 alle 12.30, dalle 14.35 alle 17.30 (esclusi sabato e domenica)<\/p>\n<p>&nbsp;<\/p>\n<p>&nbsp;<\/p>\n<hr \/>\n<p>&nbsp;<\/p>\n<blockquote>\n<h3>ANCHE I DRONI VENETI PER CERCARE NICOLA CHE ANCORA NON SI TROVA<\/h3>\n<\/blockquote>\n<div dir=\"auto\"><a class=\"dt-pswp-item\" href=\"https:\/\/www.radiopiu.net\/wordpress\/wp-content\/uploads\/2022\/10\/Senza-nome-94.jpg\" data-dt-img-description=\"\" data-large_image_width=\"274\" data-large_image_height=\"238\"><img loading=\"lazy\" decoding=\"async\" class=\" wp-image-303739 alignleft\" src=\"https:\/\/www.radiopiu.net\/wordpress\/wp-content\/uploads\/2022\/10\/Senza-nome-94.jpg\" alt=\"\" width=\"203\" height=\"176\" \/><\/a>Nicola Spagnolo non si trova, l&#8217;escursionista \u00e8 disperso sul Lagorai. \u00c8 in fase di analisi il materiale video e fotografico raccolto dai quattro piloti di droni del Corpo Nazionale Soccorso Alpino e Speleologico, due del servizio regionale veneto e due del servizio provinciale altoatesino. Gli operatori sono stati elitrasportati ieri mattina su cima Cece in Lagorai, insieme a quattro soccorritori del Soccorso Alpino Trentino e del Soccorso Alpino della Guardia di Finanza. Fino alle 13.30 di oggi hanno effettuato dei sorvoli con i droni lungo tutti i versanti della cima. Le molte immagini raccolte sono al vaglio in queste ore del centro operativo, il quale sta valutando come proseguire le ricerche nelle prossime giornate.\u00a0\u00a0Nessuna traccia \u00e8 stata rilevata dal cane molecolare della Scuola provinciale cani da ricerca e catastrofe, impiegato nel pomeriggio di ieri per fare una verifica nella zona del rifugio Refavaie (Vanoi), dove l&#8217;escursionista ha parcheggiato la macchina.<\/div>\n<div dir=\"auto\"><\/div>\n<p>&nbsp;<\/p>\n<hr \/>\n<p>&nbsp;<\/p>\n<blockquote>\n<h2><a class=\"dt-pswp-item\" href=\"https:\/\/www.radiopiu.net\/wordpress\/wp-content\/uploads\/2022\/10\/Manfroi-Donato-epi-sito.jpg\" data-dt-img-description=\"EPIGRAFI\" data-large_image_width=\"656\" data-large_image_height=\"947\"><img loading=\"lazy\" decoding=\"async\" class=\"wp-image-303602 alignleft\" src=\"https:\/\/www.radiopiu.net\/wordpress\/wp-content\/uploads\/2022\/10\/Manfroi-Donato-epi-sito.jpg\" alt=\"\" width=\"247\" height=\"357\" srcset=\"https:\/\/www.radiopiu.net\/wordpress\/wp-content\/uploads\/2022\/10\/Manfroi-Donato-epi-sito.jpg 656w, https:\/\/www.radiopiu.net\/wordpress\/wp-content\/uploads\/2022\/10\/Manfroi-Donato-epi-sito-208x300.jpg 208w\" sizes=\"auto, (max-width: 247px) 100vw, 247px\" \/><\/a>OGGI L&#8217;ULTIMO SALUTO A\u00a0 DONATO MANFROI, IL SENATORE DELLA LEGA NORD<\/h2>\n<\/blockquote>\n<blockquote>\n<div class=\"testoArticolo\"><em><strong>BIOGRAFIA <\/strong><\/em><em>Funzionario Inps. Nel 1975 ha fondato il coro Monte Pelsa di Cencenighe Agordino che ha diretto fino al 1993; ha inoltre composto alcuni brani di ispirazione popolare che fanno parte del repertorio di alcuni cori alpini italiani.Nel 1992 \u00e8 eletto al Senato in Veneto e aderisce al gruppo della Lega Nord. Nel 1993 fu il promotore, assieme ai senatori Antonio Serena (Lega Nord) e Luigi Biscardi (PD-Ulivo), dell&#8217;emendamento sull&#8217;abolizione del doppio stipendio per i parlamentari dipendenti dello Stato, poi approvato dal Parlamento nella legge finanziaria-Amato (Atti Parlamentari, Senato della Repubblica 1993).[senza fonte] Rieletto nel 1994, \u00e8 presidente della Commissione parlamentare d&#8217;inchiesta sul fenomeno del cosiddetto &#8220;caporalato&#8221; dal 1995 al 1996. Riconfermato a palazzo Madama nel 1996, ha ricoperto il ruolo di vice capogruppo della Lega Nord al Senato fino al 1998, quando passa al gruppo misto, formando con il senatore\u00a0Antonio Serena\u00a0la componente\u00a0Liga Veneta Repubblica. Nel febbraio 2001 aderisce al gruppo di\u00a0Democrazia Europea.<\/em><\/div>\n<h3><strong>CON DONATO SE NE VA UN UOMO CHE HA DATO MOLTO ALLE NOSTRE COMUNITA&#8217;<\/strong><\/h3>\n<\/blockquote>\n<p><strong>di MAURO SOPPELSA, SINDACO DI CENCENIGHE AGORDINO<\/strong><\/p>\n<p><strong>AUDIO<\/strong><\/p>\n<audio class=\"wp-audio-shortcode\" id=\"audio-303708-1\" preload=\"none\" style=\"width: 100%;\" controls=\"controls\"><source type=\"audio\/mpeg\" src=\"https:\/\/www.radiopiu.net\/wordpress\/wp-content\/uploads\/2022\/10\/MAURO-SOPPELSA.mp3?_=1\" \/><a href=\"https:\/\/www.radiopiu.net\/wordpress\/wp-content\/uploads\/2022\/10\/MAURO-SOPPELSA.mp3\">https:\/\/www.radiopiu.net\/wordpress\/wp-content\/uploads\/2022\/10\/MAURO-SOPPELSA.mp3<\/a><\/audio>\n<p>&nbsp;<\/p>\n<blockquote>\n<h3>LA NOTA DELLA LEGA NORD DI BELLUNO<\/h3>\n<\/blockquote>\n<p><strong>di Gianvittore Vaccari<\/strong><\/p>\n<p><em>\u201cDonato Manfroi \u00e8 stato uno dei protagonisti della nostra Liga Veneta, quante battaglie abbiamo condotto insieme. Era un uomo di azione, a cui piaceva fare pi\u00f9 che apparire. Ricordo bene il suo impegno negli anni Novanta, erano gli anni della Lega di Bossi e noi eravamo come una famiglia. Abbiamo trascorso molte serate fuori, ad attaccare cartelloni e manifesti, perch\u00e9 lui era cos\u00ec, uno che si sporcava le mani sul serio. Sono onorato di averlo conosciuto all&#8217;inizio del mio impegno amministrativo e politico e grato per quanto ha dato a me e al partito\u201d.\u00a0<\/em><\/p>\n<div>\n<blockquote><p>&nbsp;<\/p>\n<p>&nbsp;<\/p><\/blockquote>\n<hr \/>\n<blockquote><p>&nbsp;<\/p>\n<h3>L&#8217;ALPAGO IN LUTTO PER LA MORTE DI ALDO PADOVAN<\/h3>\n<\/blockquote>\n<p><a class=\"dt-pswp-item\" href=\"https:\/\/www.radiopiu.net\/wordpress\/wp-content\/uploads\/2022\/10\/Senza-nome-96.jpg\" data-dt-img-description=\"\" data-large_image_width=\"225\" data-large_image_height=\"301\"><img loading=\"lazy\" decoding=\"async\" class=\" wp-image-303771 alignleft\" src=\"https:\/\/www.radiopiu.net\/wordpress\/wp-content\/uploads\/2022\/10\/Senza-nome-96.jpg\" alt=\"\" width=\"142\" height=\"190\" \/><\/a><strong>FARRA D&#8217;ALPAGO<\/strong> E&#8217; mancato Aldo Padovan, artigiano di 76 anni. La cerimonia funebre sar\u00e0 celebrata questa mattina alle 10.30 nella chiesa parrocchiale di Farra. Era molto noto in tutto l&#8217;Alpago, ma non solo per la sua lunga attivit\u00e0 di mobiliere, tradizione familiare che risale al 1929.\u00a0 Negli ultimi anni di attivit\u00e0, Padovan aveva allestito anche uno show-room a Paludi, dove esponeva le sue soluzioni d&#8217;arredamento, i suoi mobili e le sua creazioni in legno artigianali. A dare il triste annuncio sono stati la moglie Chiara con Giuseppe, Giulio, Cristiano, Davide e le loro compagne, i figli Lucio con Francesca, Marta e Nicoletta con Alberto, Marianna, Stefano e Roberto, i nipoti Davide, Roberto con Rosanna, Jessica e Niccol\u00f2, i pronipoti Riccardo e Tommaso, le sorelle.<\/p>\n<blockquote><p>&nbsp;<\/p>\n<p>&nbsp;<\/p>\n<p>&nbsp;<\/p>\n<p>&nbsp;<\/p>\n<p>&nbsp;<\/p>\n<hr \/>\n<blockquote>\n<h3><a class=\"dt-pswp-item\" href=\"https:\/\/www.radiopiu.net\/wordpress\/wp-content\/uploads\/2022\/10\/Senza-nome-87.jpg\" data-dt-img-description=\"\" data-large_image_width=\"236\" data-large_image_height=\"283\"><img loading=\"lazy\" decoding=\"async\" class=\"wp-image-303582 alignleft\" src=\"https:\/\/www.radiopiu.net\/wordpress\/wp-content\/uploads\/2022\/10\/Senza-nome-87.jpg\" alt=\"\" width=\"91\" height=\"109\" \/><\/a>L&#8217;ULTIMO SALUTO A GINO DA BELUN<\/h3>\n<\/blockquote>\n<p><strong>LENTIAI<\/strong> Si svolgeranno lunedi alle 11 nella chiesa parrocchiale di Lentiai i funerali dell&#8217;artista Gino Gaetano Silvestri, mancato per un malore all&#8217;et\u00e0 di 93 anni. Dopo la funzione religiosa Gino verr\u00e0 sepolto nel cimitero del paese.<\/p>\n<p>&nbsp;<\/p>\n<hr \/>\n<p>&nbsp;<\/p>\n<p>&nbsp;<\/p><\/blockquote>\n<h3>TRAVOLTO DAI TRONCHI E UCCISO: CHIESTO IL RINVIO A GIUDIZIO DEL DATORE DI LAVORO<\/h3>\n<p><strong><span style=\"color: #ff0000;\">DI MORENO GIOLI<\/span><\/strong><\/p>\n<audio class=\"wp-audio-shortcode\" id=\"audio-303708-2\" preload=\"none\" style=\"width: 100%;\" controls=\"controls\"><source type=\"audio\/mpeg\" src=\"https:\/\/www.radiopiu.net\/wordpress\/wp-content\/uploads\/2022\/10\/PAOLO-MARCON-MORENO-GIOLI.mp3?_=2\" \/><a href=\"https:\/\/www.radiopiu.net\/wordpress\/wp-content\/uploads\/2022\/10\/PAOLO-MARCON-MORENO-GIOLI.mp3\">https:\/\/www.radiopiu.net\/wordpress\/wp-content\/uploads\/2022\/10\/PAOLO-MARCON-MORENO-GIOLI.mp3<\/a><\/audio>\n<p>&nbsp;<\/p>\n<p style=\"text-align: left;\" align=\"center\"><strong><a class=\"dt-pswp-item\" href=\"https:\/\/www.radiopiu.net\/wordpress\/wp-content\/uploads\/2022\/04\/B73B17CE-6E2E-41C9-B69F-42A9C7E17BE0.jpeg\" data-dt-img-description=\"\" data-large_image_width=\"788\" data-large_image_height=\"841\"><img loading=\"lazy\" decoding=\"async\" class=\"size-thumbnail wp-image-269370 alignleft\" src=\"https:\/\/www.radiopiu.net\/wordpress\/wp-content\/uploads\/2022\/04\/B73B17CE-6E2E-41C9-B69F-42A9C7E17BE0-150x150.jpeg\" alt=\"\" width=\"150\" height=\"150\" \/><\/a>BELLUNO<\/strong>\u00a0Paolo Marcon, boscaiolo 59enne di Gosaldo, mor\u00ec\u00a0 il 7 aprile scorso lasciando nel dolore un\u2019intera comunit\u00e0. A distanza di 5 mesi il pubblico ministero Simone Marcon, titolare del fascicolo, ha chiuso le indagini e chiesto il rinvio a giudizio del datore di lavoro F.D.S., 57enne del Primiero, con l\u2019accusa di omicidio colposo. Nel frattempo, la famiglia di Marcon si \u00e8 affidata a Giesse Risarcimento Danni, gruppo specializzato nella tutela dei familiari delle vittime di infortuni sul lavoro anche mortali. <em>\u201cAl datore di lavoro \u2013 spiega Alain Menel di Giesse Risarcimento Danni \u2013 vengono contestati due articoli del decreto legislativo 81 del 2008 sulla sicurezza nei luoghi di lavoro: il primo (numero 37) riguarda il non aver provveduto a dare una formazione sufficiente e adeguata al lavoratore in materia di sicurezza, con riferimento ai rischi connessi alle mansioni di boscaiolo svolte\u201d. <\/em>L\u2019udienza preliminare sar\u00e0 celebrata il 13 dicembre, alle 10.10, in Tribunale a Belluno.<\/p>\n<blockquote>\n<p style=\"text-align: left;\" align=\"center\"><strong>\u00a0<\/strong><\/p>\n<p style=\"text-align: left;\" align=\"center\"><span style=\"color: #ff0000;\"><strong>ARCHIVIO RADIOPIU<\/strong><\/span><\/p>\n<\/blockquote>\n<p style=\"text-align: left;\" align=\"center\"><strong>COMUNITA&#8217; SCONVOLTA A GOSALDO PER LA MORTE DI PAOLO<\/strong><\/p>\n<blockquote>\n<h3>COMUNITA&#8217; SCONVOLTA A GOSALDO PER LA MORTE DI PAOLO<\/h3>\n<\/blockquote>\n<p><strong>di Gianni Santomaso dal Corriere delle Alpi<\/strong><\/p>\n<audio class=\"wp-audio-shortcode\" id=\"audio-303708-3\" preload=\"none\" style=\"width: 100%;\" controls=\"controls\"><source type=\"audio\/mpeg\" src=\"https:\/\/www.radiopiu.net\/wordpress\/wp-content\/uploads\/2022\/04\/GIANNI-PAOLO-MARCON.mp3?_=3\" \/><a href=\"https:\/\/www.radiopiu.net\/wordpress\/wp-content\/uploads\/2022\/04\/GIANNI-PAOLO-MARCON.mp3\">https:\/\/www.radiopiu.net\/wordpress\/wp-content\/uploads\/2022\/04\/GIANNI-PAOLO-MARCON.mp3<\/a><\/audio>\n<p>&nbsp;<\/p>\n<p>&nbsp;<\/p>\n<p>&nbsp;<\/p>\n<hr \/>\n<blockquote><p>&nbsp;<\/p>\n<h2>PUGNO ALL&#8217;AGENTE IMMOBILIARE -VIOLENTATA A 17 ANNI<\/h2>\n<blockquote><p><span style=\"color: #0000ff;\"><strong>LA GIUDIZIARIA, OGGI SUL CORRIERE DELLE ALPI\u00a0<\/strong><\/span><\/p>\n<p><img loading=\"lazy\" decoding=\"async\" class=\"aligncenter\" src=\"https:\/\/www.radiopiu.net\/wordpress\/wp-content\/uploads\/2021\/09\/tribunale-belluno.jpg\" width=\"260\" height=\"173\" \/><\/p><\/blockquote>\n<p><strong>DI GIGI SOSSO<\/strong><\/p>\n<p><strong>REDAZIONE<\/strong> Il quotidiano bellunese riporta oggi il resoconto di due distinti episodi trattati ieri nelle aule del palazzo di giustizia di Belluno.<\/p>\n<blockquote>\n<h3>SGUARDI DI SFIDA, PUGNO ALL&#8217;AGENTE IMMOBILIARE<\/h3>\n<\/blockquote>\n<p><em>Cavallari colpito con un violento cazzotto alla testa e insultato in maniera pesante.<\/em><\/p>\n<p>Aggredito un noto immobiliarista. Nuovi guai giudiziari per Allae Dhaih. Il 21enne bellunese di nascita e maghrebino di origine \u00e8 accusato di aver mandato al Pronto soccorso Benvenuto Cavallari. Meglio conosciuto come Benny, Cavallari \u00e8 il titolare dell&#8217;agenzia Area di via Mezzaterra. Ed \u00e8 proprio nella centralissima via cittadina che sarebbe avvenuta l&#8217;aggressione&#8230; Ci sarebbe un video girato con un telefonino in grado di documentare i fatti oltre alla telecamera della videosorveglianza urbana, che ha ripreso la sua fuga. Cavallari \u00e8 andato a presentare una denuncia alla polizia e Dhaih \u00e8 stato velocemente rintracciato dalla volante di servizio in centro &#8230;. Dhaih \u00e8 difeso di fiducia, come in altre occasioni, dagli avvocati Mauro Gasperin e Monica Azzalini, mentre Benny Cavallari si costituisce parte civile. Non \u00e8 contestata l&#8217;ingiuria, che peraltro \u00e8 depenalizzata<\/p>\n<p>&nbsp;<\/p>\n<blockquote>\n<h3>DICIASETTENNE VIOLENTATA DALL&#8217;AMICO<\/h3>\n<\/blockquote>\n<p>Amico, ma\u00a0 iscritto nel registro degli indagati per violenza sessuale su una minorenne in un angolo appartato di Borgo Piave.\u00a0 Il Nucleo investigativo dei carabinieri che si occupa delle violenze di genere ha trovato i necessari riscontri alla deposizione della giovane. Ieri l&#8217;audizione protetta, i fatti sono della fine dello scorso\u00a0 luglio&#8230;La ragazza \u00e8 ricorsa alle cure del Pronto Soccorso dopo averne parlato con i genitori ed \u00e8 scattato\u00a0 il Codice Rosa, la procedura che prevede l&#8217;interessamento dei Carabinieri. L&#8217;indagato \u00e8 stato sentito e ha garantito che tutto quello che \u00e8 successo \u00e8 stato consenziente. Sar\u00e0 il sostituto procuratore Marta Tollardo a delineare i contorni della vicenda e a chiedere, eventualmente, il rinvio a giudizio dell&#8217;indagato.<\/p>\n<p>&nbsp;<\/p>\n<p>&nbsp;<\/p>\n<p>&nbsp;<\/p><\/blockquote>\n<hr \/>\n<blockquote>\n<h3><\/h3>\n<h3>STADI DEL GHIACCIO, CON IL CONTRIBUTO DI GALVALUX RIAPRE IL PALAGHIACCIO DI TAI DI CADORE. AD ALLEGHE IMPIANTO SEMPRE CHIUSO<\/h3>\n<\/blockquote>\n<p><strong><a class=\"dt-pswp-item\" href=\"https:\/\/www.radiopiu.net\/wordpress\/wp-content\/uploads\/2022\/10\/618512241565254939-1.jpg\" data-dt-img-description=\"\" data-large_image_width=\"500\" data-large_image_height=\"261\"><img loading=\"lazy\" decoding=\"async\" class=\"size-medium wp-image-303774 alignleft\" src=\"https:\/\/www.radiopiu.net\/wordpress\/wp-content\/uploads\/2022\/10\/618512241565254939-1-300x157.jpg\" alt=\"\" width=\"300\" height=\"157\" srcset=\"https:\/\/www.radiopiu.net\/wordpress\/wp-content\/uploads\/2022\/10\/618512241565254939-1-300x157.jpg 300w, https:\/\/www.radiopiu.net\/wordpress\/wp-content\/uploads\/2022\/10\/618512241565254939-1.jpg 500w\" sizes=\"auto, (max-width: 300px) 100vw, 300px\" \/><\/a>REDAZIONE<\/strong> Dal prossimo fine settimana, riaccesi i compressori e rifatta la pista ghiacciata,\u00a0 riapre il palaghiaccio di Tai di Cadore grazie all&#8217;azienda Galvalux\u00a0 che ha garantito un contributo da 100 mila euro. Fino alla fine di marzo i giovani e non solo potranno tornare a pratica l&#8217;attivit\u00e0 sportiva. I soldi serviranno a coprire le spese di luce e gas fino al termine della stagione.\u00a0 A fronte di costi pari o superiori ai 100mila euro, il Comune di Pieve potr\u00e0 procedere con una nuova chiusura<br \/>\n<strong>Ad Alleghe, al contrario, l&#8217;impianto rimane chiuso probabilmente anche durante le festivit\u00e0 di Natale.<\/strong> \u00a0Adriano Levis, presidente di un Alleghe Hockey \u00e8 preoccupato, sta diventando difficile reggere i ritmi con gli allenamenti e le partite oltre Agordino e invoca un ripensamento del Comune.\u00a0 Oggi alle 17 per raccogliere contributi l&#8217;Alleghe organizza un pomeriggio di festa all&#8217;esterno\u00a0 dello stadio con la castagnata biancorossa.\u00a0 Sulla piattaforma di donazioni Eppela. com ricevuti pi\u00f9 di 3 mila euro da varie donazioni anonime e la campagna \u00e8 ancora aperta.<\/p>\n<p><strong>LA PRECISAZIONE DI ADRIANO LEVIS<\/strong><\/p>\n<audio class=\"wp-audio-shortcode\" id=\"audio-303708-4\" preload=\"none\" style=\"width: 100%;\" controls=\"controls\"><source type=\"audio\/mpeg\" src=\"https:\/\/www.radiopiu.net\/wordpress\/wp-content\/uploads\/2022\/10\/ADRIANO-LEVIS.mp3?_=4\" \/><a href=\"https:\/\/www.radiopiu.net\/wordpress\/wp-content\/uploads\/2022\/10\/ADRIANO-LEVIS.mp3\">https:\/\/www.radiopiu.net\/wordpress\/wp-content\/uploads\/2022\/10\/ADRIANO-LEVIS.mp3<\/a><\/audio>\n<p>&nbsp;<\/p>\n<p>&nbsp;<\/p>\n<p>&nbsp;<\/p>\n<blockquote class=\"wp-embedded-content\" data-secret=\"PyygPvXbS6\"><p><a href=\"https:\/\/www.radiopiu.net\/wordpress\/castagnata-biancorossa-nel-piazzale-dello-stadio\/\">CASTAGNATA BIANCOROSSA NEL PIAZZALE DELLO STADIO<\/a><\/p><\/blockquote>\n<p><iframe loading=\"lazy\" class=\"wp-embedded-content\" sandbox=\"allow-scripts\" security=\"restricted\" style=\"position: absolute; clip: rect(1px, 1px, 1px, 1px);\" title=\"&#8220;CASTAGNATA BIANCOROSSA NEL PIAZZALE DELLO STADIO&#8221; &#8212; Radio Pi\u00f9\" src=\"https:\/\/www.radiopiu.net\/wordpress\/castagnata-biancorossa-nel-piazzale-dello-stadio\/embed\/#?secret=bR6rAR5BkF#?secret=PyygPvXbS6\" data-secret=\"PyygPvXbS6\" width=\"600\" height=\"338\" frameborder=\"0\" marginwidth=\"0\" marginheight=\"0\" scrolling=\"no\"><\/iframe><\/p>\n<p>&nbsp;<\/p>\n<p>&nbsp;<\/p>\n<hr \/>\n<p>&nbsp;<\/p>\n<blockquote>\n<h3>DILLO A RADIO PIU &#8230; &#8220;DICHIARAZIONI NON FACILI DA DIGERIRE&#8221;<\/h3>\n<\/blockquote>\n<p>Riceviamo, sottoscriviamo e pubblichiamo.<\/p>\n<p><a class=\"dt-pswp-item\" href=\"https:\/\/www.radiopiu.net\/wordpress\/wp-content\/uploads\/2022\/10\/Senza-nome-91.jpg\" data-dt-img-description=\"\" data-large_image_width=\"341\" data-large_image_height=\"309\"><img loading=\"lazy\" decoding=\"async\" class=\" wp-image-303627 alignleft\" src=\"https:\/\/www.radiopiu.net\/wordpress\/wp-content\/uploads\/2022\/10\/Senza-nome-91-300x272.jpg\" alt=\"\" width=\"226\" height=\"205\" srcset=\"https:\/\/www.radiopiu.net\/wordpress\/wp-content\/uploads\/2022\/10\/Senza-nome-91-300x272.jpg 300w, https:\/\/www.radiopiu.net\/wordpress\/wp-content\/uploads\/2022\/10\/Senza-nome-91.jpg 341w\" sizes=\"auto, (max-width: 226px) 100vw, 226px\" \/><\/a>Oramai esasperato da notizie, commenti ma soprattutto da dichiarazioni che mi lasciano estremamente perplesso vorrei veramente capire come stanno le cose nella realt\u00e0. L&#8217;oggetto \u00e8 il problema che si protrae gi\u00e0 da troppi anni relativo alla pericolosit\u00e0 della 203 Agordina a causa dei frequenti attraversamenti di animali selvatici, cervi in particolare. Gli incidenti con gli ungulati sono all&#8217;ordine del giorno e purtroppo si iniziano a contare anche le vittime. La gravit\u00e0 della situazione soprattutto in alcuni tratti \u00e8 stata da tempo messa in evidenza, oserei dire da qualche anno. Eppure sui giornali si sono lette di recente le dichiarazioni dei vertici del Parco che dicono di<em> &#8220;iniziare a ragionare sul problema&#8221;<\/em> e di <em>&#8220;avere ben poche idee su una possibile soluzione&#8221;.<\/em> Io mi chiedo se questi signori ritengono i cittadini stupidi e chiusi nelle loro vallate anguste come secoli fa! Vorrei ricordare agli amministratori che i cittadini che vivono in provincia di Belluno da qualche tempo hanno imparato a girare il mondo e nelle vicine Francia, Austria, Germania, Slovenia e Croazia &#8211; solo per fare qualche esempio vicino a noi &#8211; notano sempre pi\u00f9 spesso come questi paesi moderni abbiano trovato una felice convivenza fra animali selvatici e strade che attraversano boschi e foreste. Da tempo sono in uso i sovrappassi o ponti per animali selvatici, in base alla morfologia del territorio a volte capita di incontrare anche i sottopassi. Opere strategiche atte a ridurre gli incidenti di questo tipo garantendo la sicurezza di animali e utenti della strada. Non servono grandi idee innovative, come la fantomatica sperimentazione con quei paletti bianchi, la quale non \u00e8 mai stato dato a sapere se abbia funzionato o meno, o come volesse funzionare nell&#8217;uso pratico. Evidentemente non ha mai funzionato e i risultati disastrosi sono sotto gli occhi di tutti, ma sono comunque non-risultati che hanno avuto un costo. Al di l\u00e0 delle arrampicate sugli specchi che si sono lette sarebbe ora di portare i cittadini a conoscenza di alcuni dettagli non trascurabili: A chi dovrebbe essere affidato il compito di cercare di risolvere il problema? Ente Parco, Veneto Strade, comune di Sedico, alcuni di questi o tutti? Risponde a verit\u00e0 che fino ad oggi chi di dovere non si \u00e8 ancora attivato per trovare una soluzione? Ultimo quesito molto importante: perch\u00e9 anzich\u00e9 fare esperimenti non ci si decide semplicemente a copiare dagli altri realizzano due sovrappassi\u00a0 prima e dopo la curva dell&#8217;autovelox? Credo non servano grandi doti ingegneristiche per capire che questa soluzione semplice e poco impattante potrebbe garantire per gli anni avvenire sicurezza per automobilisti e animali, nonch\u00e9 dare un esempio di un Parco che funziona e che ha a cuore la propria fauna.<\/p>\n<p><strong>LETTERA FIRMATA<\/strong><\/p>\n<p><strong>POTESSE SERVIRE ECCO UNA GALLERIA FOTOGRAFICA CHE CHIARISCE COME ALTROVE LE IDEE SIANO PIUTTOSTO CHIARE, TUTT&#8217;ALTRO CHE POCHE E BEN CONFUSE<\/strong><\/p>\n\n\t\t\t<style type='text\/css'>\n\t\t\t\t#gallery-1 {\n\t\t\t\t\tmargin: auto;\n\t\t\t\t}\n\t\t\t\t#gallery-1 .gallery-item {\n\t\t\t\t\tfloat: left;\n\t\t\t\t\tmargin-top: 10px;\n\t\t\t\t\ttext-align: center;\n\t\t\t\t\twidth: 20%;\n\t\t\t\t}\n\t\t\t\t#gallery-1 img {\n\t\t\t\t\tborder: 2px solid #cfcfcf;\n\t\t\t\t}\n\t\t\t\t#gallery-1 .gallery-caption {\n\t\t\t\t\tmargin-left: 0;\n\t\t\t\t}\n\t\t\t\t\/* see gallery_shortcode() in wp-includes\/media.php *\/\n\t\t\t<\/style>\n\t\t<div id='gallery-1' class='dt-gallery-container gallery galleryid-303708 gallery-columns-5 gallery-size-thumbnail'><dl class='gallery-item'>\n\t\t\t\t<dt class='gallery-icon landscape'>\n\t\t\t\t\t<a class=\"rollover rollover-zoom dt-pswp-item\" title=\"5b7e9068-54ac-44d7-8cc8-ce5dace35e79\" data-dt-img-description=\"\" data-large_image_width=\"580\" data-large_image_height=\"393\"href='https:\/\/www.radiopiu.net\/wordpress\/wp-content\/uploads\/2022\/10\/5b7e9068-54ac-44d7-8cc8-ce5dace35e79.jpg'><img loading=\"lazy\" decoding=\"async\" width=\"150\" height=\"150\" src=\"https:\/\/www.radiopiu.net\/wordpress\/wp-content\/uploads\/2022\/10\/5b7e9068-54ac-44d7-8cc8-ce5dace35e79-150x150.jpg\" class=\"attachment-thumbnail size-thumbnail\" alt=\"\" \/><\/a>\n\t\t\t\t<\/dt><\/dl><dl class='gallery-item'>\n\t\t\t\t<dt class='gallery-icon landscape'>\n\t\t\t\t\t<a class=\"rollover rollover-zoom dt-pswp-item\" title=\"46ded30f-9af9-4e0e-8d3a-f100caa713a4\" data-dt-img-description=\"\" data-large_image_width=\"921\" data-large_image_height=\"630\"href='https:\/\/www.radiopiu.net\/wordpress\/wp-content\/uploads\/2022\/10\/46ded30f-9af9-4e0e-8d3a-f100caa713a4.jpg'><img loading=\"lazy\" decoding=\"async\" width=\"150\" height=\"150\" src=\"https:\/\/www.radiopiu.net\/wordpress\/wp-content\/uploads\/2022\/10\/46ded30f-9af9-4e0e-8d3a-f100caa713a4-150x150.jpg\" class=\"attachment-thumbnail size-thumbnail\" alt=\"\" \/><\/a>\n\t\t\t\t<\/dt><\/dl><dl class='gallery-item'>\n\t\t\t\t<dt class='gallery-icon landscape'>\n\t\t\t\t\t<a class=\"rollover rollover-zoom dt-pswp-item\" title=\"761840fe-c051-4ec1-a769-15ca053475f5\" data-dt-img-description=\"\" data-large_image_width=\"637\" data-large_image_height=\"423\"href='https:\/\/www.radiopiu.net\/wordpress\/wp-content\/uploads\/2022\/10\/761840fe-c051-4ec1-a769-15ca053475f5.jpg'><img loading=\"lazy\" decoding=\"async\" width=\"150\" height=\"150\" src=\"https:\/\/www.radiopiu.net\/wordpress\/wp-content\/uploads\/2022\/10\/761840fe-c051-4ec1-a769-15ca053475f5-150x150.jpg\" class=\"attachment-thumbnail size-thumbnail\" alt=\"\" \/><\/a>\n\t\t\t\t<\/dt><\/dl><dl class='gallery-item'>\n\t\t\t\t<dt class='gallery-icon landscape'>\n\t\t\t\t\t<a class=\"rollover rollover-zoom dt-pswp-item\" title=\"e4da1df5-f0d3-4292-abf0-2d8989f8d3b1\" data-dt-img-description=\"\" data-large_image_width=\"580\" data-large_image_height=\"387\"href='https:\/\/www.radiopiu.net\/wordpress\/wp-content\/uploads\/2022\/10\/e4da1df5-f0d3-4292-abf0-2d8989f8d3b1.jpg'><img loading=\"lazy\" decoding=\"async\" width=\"150\" height=\"150\" src=\"https:\/\/www.radiopiu.net\/wordpress\/wp-content\/uploads\/2022\/10\/e4da1df5-f0d3-4292-abf0-2d8989f8d3b1-150x150.jpg\" class=\"attachment-thumbnail size-thumbnail\" alt=\"\" \/><\/a>\n\t\t\t\t<\/dt><\/dl><dl class='gallery-item'>\n\t\t\t\t<dt class='gallery-icon landscape'>\n\t\t\t\t\t<a class=\"rollover rollover-zoom dt-pswp-item\" title=\"e218d399-cbb7-4eec-bc2b-926db51a55cb\" data-dt-img-description=\"\" data-large_image_width=\"580\" data-large_image_height=\"406\"href='https:\/\/www.radiopiu.net\/wordpress\/wp-content\/uploads\/2022\/10\/e218d399-cbb7-4eec-bc2b-926db51a55cb.jpg'><img loading=\"lazy\" decoding=\"async\" width=\"150\" height=\"150\" src=\"https:\/\/www.radiopiu.net\/wordpress\/wp-content\/uploads\/2022\/10\/e218d399-cbb7-4eec-bc2b-926db51a55cb-150x150.jpg\" class=\"attachment-thumbnail size-thumbnail\" alt=\"\" \/><\/a>\n\t\t\t\t<\/dt><\/dl><br style=\"clear: both\" \/>\n\t\t\t<\/div>\n\n<p>&nbsp;<\/p>\n<hr \/>\n<p>&nbsp;<\/p>\n<blockquote>\n<h3>CIMITERO DI SOSPIROLO E LE TOMBE CHE SPROFONDANO<\/h3>\n<\/blockquote>\n<p><strong><a class=\"dt-pswp-item\" href=\"https:\/\/www.radiopiu.net\/wordpress\/wp-content\/uploads\/2022\/10\/Senza-nome-92.jpg\" data-dt-img-description=\"\" data-large_image_width=\"658\" data-large_image_height=\"448\"><img loading=\"lazy\" decoding=\"async\" class=\"wp-image-303647 alignleft\" src=\"https:\/\/www.radiopiu.net\/wordpress\/wp-content\/uploads\/2022\/10\/Senza-nome-92-300x204.jpg\" alt=\"\" width=\"229\" height=\"156\" srcset=\"https:\/\/www.radiopiu.net\/wordpress\/wp-content\/uploads\/2022\/10\/Senza-nome-92-300x204.jpg 300w, https:\/\/www.radiopiu.net\/wordpress\/wp-content\/uploads\/2022\/10\/Senza-nome-92.jpg 658w\" sizes=\"auto, (max-width: 229px) 100vw, 229px\" \/><\/a>SOSPIROLO<\/strong> A poche ore dalla ricorrenza dei defunti chi si reca in cimitero a Sospirolo non pu\u00f2 fare a meno di notare alcune tombe che stanno sprofondando nel terreno, altre sprofondate ed altre ancora in uno stato di abbandono. Ecco alcune fotografie che testimoniano l&#8217;attuale situazione. Nella foto di copertina invece i due campanili, quello storico e quello tecnologico e non troppo inserito nel contesto ambientale.<\/p>\n\n\t\t\t<style type='text\/css'>\n\t\t\t\t#gallery-2 {\n\t\t\t\t\tmargin: auto;\n\t\t\t\t}\n\t\t\t\t#gallery-2 .gallery-item {\n\t\t\t\t\tfloat: left;\n\t\t\t\t\tmargin-top: 10px;\n\t\t\t\t\ttext-align: center;\n\t\t\t\t\twidth: 25%;\n\t\t\t\t}\n\t\t\t\t#gallery-2 img {\n\t\t\t\t\tborder: 2px solid #cfcfcf;\n\t\t\t\t}\n\t\t\t\t#gallery-2 .gallery-caption {\n\t\t\t\t\tmargin-left: 0;\n\t\t\t\t}\n\t\t\t\t\/* see gallery_shortcode() in wp-includes\/media.php *\/\n\t\t\t<\/style>\n\t\t<div id='gallery-2' class='dt-gallery-container gallery galleryid-303708 gallery-columns-4 gallery-size-thumbnail'><dl class='gallery-item'>\n\t\t\t\t<dt class='gallery-icon portrait'>\n\t\t\t\t\t<a class=\"rollover rollover-zoom dt-pswp-item\" title=\"f5228d31-a304-4743-b8ea-c7e065b4a5f6\" data-dt-img-description=\"\" data-large_image_width=\"1536\" data-large_image_height=\"2048\"href='https:\/\/www.radiopiu.net\/wordpress\/wp-content\/uploads\/2022\/10\/f5228d31-a304-4743-b8ea-c7e065b4a5f6.jpg'><img loading=\"lazy\" decoding=\"async\" width=\"150\" height=\"150\" src=\"https:\/\/www.radiopiu.net\/wordpress\/wp-content\/uploads\/2022\/10\/f5228d31-a304-4743-b8ea-c7e065b4a5f6-150x150.jpg\" class=\"attachment-thumbnail size-thumbnail\" alt=\"\" \/><\/a>\n\t\t\t\t<\/dt><\/dl><dl class='gallery-item'>\n\t\t\t\t<dt class='gallery-icon landscape'>\n\t\t\t\t\t<a class=\"rollover rollover-zoom dt-pswp-item\" title=\"aef86f43-5db6-4b80-a6a0-5f27d985cfe3\" data-dt-img-description=\"\" data-large_image_width=\"2048\" data-large_image_height=\"1536\"href='https:\/\/www.radiopiu.net\/wordpress\/wp-content\/uploads\/2022\/10\/aef86f43-5db6-4b80-a6a0-5f27d985cfe3.jpg'><img loading=\"lazy\" decoding=\"async\" width=\"150\" height=\"150\" src=\"https:\/\/www.radiopiu.net\/wordpress\/wp-content\/uploads\/2022\/10\/aef86f43-5db6-4b80-a6a0-5f27d985cfe3-150x150.jpg\" class=\"attachment-thumbnail size-thumbnail\" alt=\"\" \/><\/a>\n\t\t\t\t<\/dt><\/dl><dl class='gallery-item'>\n\t\t\t\t<dt class='gallery-icon landscape'>\n\t\t\t\t\t<a class=\"rollover rollover-zoom dt-pswp-item\" title=\"bc58c3da-c1a2-49e8-a571-ad180618debb\" data-dt-img-description=\"\" data-large_image_width=\"2048\" data-large_image_height=\"1536\"href='https:\/\/www.radiopiu.net\/wordpress\/wp-content\/uploads\/2022\/10\/bc58c3da-c1a2-49e8-a571-ad180618debb.jpg'><img loading=\"lazy\" decoding=\"async\" width=\"150\" height=\"150\" src=\"https:\/\/www.radiopiu.net\/wordpress\/wp-content\/uploads\/2022\/10\/bc58c3da-c1a2-49e8-a571-ad180618debb-150x150.jpg\" class=\"attachment-thumbnail size-thumbnail\" alt=\"\" \/><\/a>\n\t\t\t\t<\/dt><\/dl><dl class='gallery-item'>\n\t\t\t\t<dt class='gallery-icon portrait'>\n\t\t\t\t\t<a class=\"rollover rollover-zoom dt-pswp-item\" title=\"5fabf532-f3ed-4a7c-a137-4fc71ed85e33\" data-dt-img-description=\"\" data-large_image_width=\"1536\" data-large_image_height=\"2048\"href='https:\/\/www.radiopiu.net\/wordpress\/wp-content\/uploads\/2022\/10\/5fabf532-f3ed-4a7c-a137-4fc71ed85e33.jpg'><img loading=\"lazy\" decoding=\"async\" width=\"150\" height=\"150\" src=\"https:\/\/www.radiopiu.net\/wordpress\/wp-content\/uploads\/2022\/10\/5fabf532-f3ed-4a7c-a137-4fc71ed85e33-150x150.jpg\" class=\"attachment-thumbnail size-thumbnail\" alt=\"\" \/><\/a>\n\t\t\t\t<\/dt><\/dl><br style=\"clear: both\" \/><dl class='gallery-item'>\n\t\t\t\t<dt class='gallery-icon portrait'>\n\t\t\t\t\t<a class=\"rollover rollover-zoom dt-pswp-item\" title=\"1102e0df-d419-4a62-b231-561be5f851a8\" data-dt-img-description=\"\" data-large_image_width=\"1536\" data-large_image_height=\"2048\"href='https:\/\/www.radiopiu.net\/wordpress\/wp-content\/uploads\/2022\/10\/1102e0df-d419-4a62-b231-561be5f851a8.jpg'><img loading=\"lazy\" decoding=\"async\" width=\"150\" height=\"150\" src=\"https:\/\/www.radiopiu.net\/wordpress\/wp-content\/uploads\/2022\/10\/1102e0df-d419-4a62-b231-561be5f851a8-150x150.jpg\" class=\"attachment-thumbnail size-thumbnail\" alt=\"\" \/><\/a>\n\t\t\t\t<\/dt><\/dl><dl class='gallery-item'>\n\t\t\t\t<dt class='gallery-icon landscape'>\n\t\t\t\t\t<a class=\"rollover rollover-zoom dt-pswp-item\" title=\"c402d267-9885-4aff-ab41-6b0973407210\" data-dt-img-description=\"\" data-large_image_width=\"2048\" data-large_image_height=\"1536\"href='https:\/\/www.radiopiu.net\/wordpress\/wp-content\/uploads\/2022\/10\/c402d267-9885-4aff-ab41-6b0973407210.jpg'><img loading=\"lazy\" decoding=\"async\" width=\"150\" height=\"150\" src=\"https:\/\/www.radiopiu.net\/wordpress\/wp-content\/uploads\/2022\/10\/c402d267-9885-4aff-ab41-6b0973407210-150x150.jpg\" class=\"attachment-thumbnail size-thumbnail\" alt=\"\" \/><\/a>\n\t\t\t\t<\/dt><\/dl><dl class='gallery-item'>\n\t\t\t\t<dt class='gallery-icon landscape'>\n\t\t\t\t\t<a class=\"rollover rollover-zoom dt-pswp-item\" title=\"043e4a54-4718-4d50-b3f1-9cdaed36acde\" data-dt-img-description=\"\" data-large_image_width=\"2048\" data-large_image_height=\"1536\"href='https:\/\/www.radiopiu.net\/wordpress\/wp-content\/uploads\/2022\/10\/043e4a54-4718-4d50-b3f1-9cdaed36acde.jpg'><img loading=\"lazy\" decoding=\"async\" width=\"150\" height=\"150\" src=\"https:\/\/www.radiopiu.net\/wordpress\/wp-content\/uploads\/2022\/10\/043e4a54-4718-4d50-b3f1-9cdaed36acde-150x150.jpg\" class=\"attachment-thumbnail size-thumbnail\" alt=\"\" \/><\/a>\n\t\t\t\t<\/dt><\/dl><dl class='gallery-item'>\n\t\t\t\t<dt class='gallery-icon landscape'>\n\t\t\t\t\t<a class=\"rollover rollover-zoom dt-pswp-item\" title=\"965661e8-8bc6-49ae-9023-29408e4ef939\" data-dt-img-description=\"\" data-large_image_width=\"2048\" data-large_image_height=\"1536\"href='https:\/\/www.radiopiu.net\/wordpress\/wp-content\/uploads\/2022\/10\/965661e8-8bc6-49ae-9023-29408e4ef939.jpg'><img loading=\"lazy\" decoding=\"async\" width=\"150\" height=\"150\" src=\"https:\/\/www.radiopiu.net\/wordpress\/wp-content\/uploads\/2022\/10\/965661e8-8bc6-49ae-9023-29408e4ef939-150x150.jpg\" class=\"attachment-thumbnail size-thumbnail\" alt=\"\" \/><\/a>\n\t\t\t\t<\/dt><\/dl><br style=\"clear: both\" \/><dl class='gallery-item'>\n\t\t\t\t<dt class='gallery-icon portrait'>\n\t\t\t\t\t<a class=\"rollover rollover-zoom dt-pswp-item\" title=\"3bb01f23-df82-41f6-ad4b-c6f9c94ea54e\" data-dt-img-description=\"\" data-large_image_width=\"1536\" data-large_image_height=\"2048\"href='https:\/\/www.radiopiu.net\/wordpress\/wp-content\/uploads\/2022\/10\/3bb01f23-df82-41f6-ad4b-c6f9c94ea54e.jpg'><img loading=\"lazy\" decoding=\"async\" width=\"150\" height=\"150\" src=\"https:\/\/www.radiopiu.net\/wordpress\/wp-content\/uploads\/2022\/10\/3bb01f23-df82-41f6-ad4b-c6f9c94ea54e-150x150.jpg\" class=\"attachment-thumbnail size-thumbnail\" alt=\"\" \/><\/a>\n\t\t\t\t<\/dt><\/dl><dl class='gallery-item'>\n\t\t\t\t<dt class='gallery-icon landscape'>\n\t\t\t\t\t<a class=\"rollover rollover-zoom dt-pswp-item\" title=\"8284b54f-8847-45a1-b931-5bb0fe6c83ac\" data-dt-img-description=\"\" data-large_image_width=\"2048\" data-large_image_height=\"1536\"href='https:\/\/www.radiopiu.net\/wordpress\/wp-content\/uploads\/2022\/10\/8284b54f-8847-45a1-b931-5bb0fe6c83ac.jpg'><img loading=\"lazy\" decoding=\"async\" width=\"150\" height=\"150\" src=\"https:\/\/www.radiopiu.net\/wordpress\/wp-content\/uploads\/2022\/10\/8284b54f-8847-45a1-b931-5bb0fe6c83ac-150x150.jpg\" class=\"attachment-thumbnail size-thumbnail\" alt=\"\" \/><\/a>\n\t\t\t\t<\/dt><\/dl><dl class='gallery-item'>\n\t\t\t\t<dt class='gallery-icon portrait'>\n\t\t\t\t\t<a class=\"rollover rollover-zoom dt-pswp-item\" title=\"073edf57-cf13-4ce6-b742-754801d8edaf\" data-dt-img-description=\"\" data-large_image_width=\"1536\" data-large_image_height=\"2048\"href='https:\/\/www.radiopiu.net\/wordpress\/wp-content\/uploads\/2022\/10\/073edf57-cf13-4ce6-b742-754801d8edaf.jpg'><img loading=\"lazy\" decoding=\"async\" width=\"150\" height=\"150\" src=\"https:\/\/www.radiopiu.net\/wordpress\/wp-content\/uploads\/2022\/10\/073edf57-cf13-4ce6-b742-754801d8edaf-150x150.jpg\" class=\"attachment-thumbnail size-thumbnail\" alt=\"\" \/><\/a>\n\t\t\t\t<\/dt><\/dl><dl class='gallery-item'>\n\t\t\t\t<dt class='gallery-icon portrait'>\n\t\t\t\t\t<a class=\"rollover rollover-zoom dt-pswp-item\" title=\"6ab06165-1114-4fcd-aba1-fd3cf6d9f68d\" data-dt-img-description=\"\" data-large_image_width=\"1536\" data-large_image_height=\"2048\"href='https:\/\/www.radiopiu.net\/wordpress\/wp-content\/uploads\/2022\/10\/6ab06165-1114-4fcd-aba1-fd3cf6d9f68d.jpg'><img loading=\"lazy\" decoding=\"async\" width=\"150\" height=\"150\" src=\"https:\/\/www.radiopiu.net\/wordpress\/wp-content\/uploads\/2022\/10\/6ab06165-1114-4fcd-aba1-fd3cf6d9f68d-150x150.jpg\" class=\"attachment-thumbnail size-thumbnail\" alt=\"\" \/><\/a>\n\t\t\t\t<\/dt><\/dl><br style=\"clear: both\" \/>\n\t\t\t<\/div>\n\n<p>&nbsp;<\/p>\n<hr \/>\n<p>&nbsp;<\/p>\n<h2>L&#8217;EUROPA NEI TERRITORI MONTANI, INIZIATO IL PERCORSO RIVOLTO AI GIOVANI<\/h2>\n<p><strong><a class=\"dt-pswp-item\" href=\"https:\/\/www.radiopiu.net\/wordpress\/wp-content\/uploads\/2022\/10\/foto_agre-28.10.22-scaled.jpg\" data-dt-img-description=\"\" data-large_image_width=\"2560\" data-large_image_height=\"1440\"><img loading=\"lazy\" decoding=\"async\" class=\"size-medium wp-image-303664 alignleft\" src=\"https:\/\/www.radiopiu.net\/wordpress\/wp-content\/uploads\/2022\/10\/foto_agre-28.10.22-300x169.jpg\" alt=\"\" width=\"300\" height=\"169\" srcset=\"https:\/\/www.radiopiu.net\/wordpress\/wp-content\/uploads\/2022\/10\/foto_agre-28.10.22-300x169.jpg 300w, https:\/\/www.radiopiu.net\/wordpress\/wp-content\/uploads\/2022\/10\/foto_agre-28.10.22-1024x576.jpg 1024w, https:\/\/www.radiopiu.net\/wordpress\/wp-content\/uploads\/2022\/10\/foto_agre-28.10.22-768x432.jpg 768w, https:\/\/www.radiopiu.net\/wordpress\/wp-content\/uploads\/2022\/10\/foto_agre-28.10.22-1536x864.jpg 1536w, https:\/\/www.radiopiu.net\/wordpress\/wp-content\/uploads\/2022\/10\/foto_agre-28.10.22-2048x1152.jpg 2048w\" sizes=\"auto, (max-width: 300px) 100vw, 300px\" \/><\/a>SEDICO<\/strong> Ha preso il via dall&#8217;Ospizio di Agre\u00a0 il progetto che vede protagonisti i giovani della montagna veneta, su iniziativa del Centro Europe Direct \u201cMontagna Veneta\u201d, insieme al GAL Prealpi e Dolomiti ed UNCEM Veneto<\/p>\n<p><strong>di MORENO GIOLI\u00a0\u00a0<\/strong><\/p>\n<audio class=\"wp-audio-shortcode\" id=\"audio-303708-5\" preload=\"none\" style=\"width: 100%;\" controls=\"controls\"><source type=\"audio\/mpeg\" src=\"https:\/\/www.radiopiu.net\/wordpress\/wp-content\/uploads\/2022\/10\/moreno-gal.mp3?_=5\" \/><a href=\"https:\/\/www.radiopiu.net\/wordpress\/wp-content\/uploads\/2022\/10\/moreno-gal.mp3\">https:\/\/www.radiopiu.net\/wordpress\/wp-content\/uploads\/2022\/10\/moreno-gal.mp3<\/a><\/audio>\n<p>&nbsp;<\/p>\n<p>&nbsp;<\/p>\n<p>&nbsp;<\/p>\n<hr \/>\n<p>&nbsp;<\/p>\n<blockquote>\n<h3>ICTUS CELEBRALE, IN ULSS DOLOMITI DIAGNOSI IMMEDIATE<\/h3>\n<\/blockquote>\n<p><strong>BELLUNO<\/strong><\/p>\n<p><strong>DI MORENO GIOLI<\/strong><\/p>\n<audio class=\"wp-audio-shortcode\" id=\"audio-303708-6\" preload=\"none\" style=\"width: 100%;\" controls=\"controls\"><source type=\"audio\/mpeg\" src=\"https:\/\/www.radiopiu.net\/wordpress\/wp-content\/uploads\/2022\/10\/moreno-servizio-completo.mp3?_=6\" \/><a href=\"https:\/\/www.radiopiu.net\/wordpress\/wp-content\/uploads\/2022\/10\/moreno-servizio-completo.mp3\">https:\/\/www.radiopiu.net\/wordpress\/wp-content\/uploads\/2022\/10\/moreno-servizio-completo.mp3<\/a><\/audio>\n<p>&nbsp;<\/p>\n<p><strong>IL DOTTOR GIOVANNI\u00a0 BALESTRIERO<\/strong><\/p>\n<div style=\"width: 852px;\" class=\"wp-video\"><video class=\"wp-video-shortcode\" id=\"video-303708-1\" width=\"852\" height=\"480\" preload=\"metadata\" controls=\"controls\"><source type=\"video\/mp4\" src=\"https:\/\/www.radiopiu.net\/wordpress\/wp-content\/uploads\/2022\/10\/WhatsApp-Video-2022-10-28-at-16.36.06.mp4?_=1\" \/><a href=\"https:\/\/www.radiopiu.net\/wordpress\/wp-content\/uploads\/2022\/10\/WhatsApp-Video-2022-10-28-at-16.36.06.mp4\">https:\/\/www.radiopiu.net\/wordpress\/wp-content\/uploads\/2022\/10\/WhatsApp-Video-2022-10-28-at-16.36.06.mp4<\/a><\/video><\/div>\n<p>&nbsp;<\/p>\n<p><strong>IL DOTTOR FRANCO FERRACCI\u00a0<\/strong><\/p>\n<p>&nbsp;<\/p>\n<div style=\"width: 852px;\" class=\"wp-video\"><video class=\"wp-video-shortcode\" id=\"video-303708-2\" width=\"852\" height=\"480\" preload=\"metadata\" controls=\"controls\"><source type=\"video\/mp4\" src=\"https:\/\/www.radiopiu.net\/wordpress\/wp-content\/uploads\/2022\/10\/WhatsApp-Video-2022-10-28-at-16.36.15.mp4?_=2\" \/><a href=\"https:\/\/www.radiopiu.net\/wordpress\/wp-content\/uploads\/2022\/10\/WhatsApp-Video-2022-10-28-at-16.36.15.mp4\">https:\/\/www.radiopiu.net\/wordpress\/wp-content\/uploads\/2022\/10\/WhatsApp-Video-2022-10-28-at-16.36.15.mp4<\/a><\/video><\/div>\n<p>&nbsp;<\/p>\n<hr \/>\n<p>&nbsp;<\/p>\n<blockquote>\n<h3>I GIOVANI ARTIGIANI ALLA NOGHERAZZA, AGGREGAZIONE E CONDIVISIONE,CORTE METTO &#8220;LA DIFFERENZA LA FACCIAMO NOI&#8221;<\/h3>\n<\/blockquote>\n<p>&nbsp;<\/p>\n<p><strong><a class=\"dt-pswp-item\" href=\"https:\/\/www.radiopiu.net\/wordpress\/wp-content\/uploads\/2022\/10\/3ec853d0-f0fd-4188-bd46-197f8cd8ac5e.jpg\" data-dt-img-description=\"\" data-large_image_width=\"2048\" data-large_image_height=\"1536\"><img loading=\"lazy\" decoding=\"async\" class=\"wp-image-303728 alignleft\" src=\"https:\/\/www.radiopiu.net\/wordpress\/wp-content\/uploads\/2022\/10\/3ec853d0-f0fd-4188-bd46-197f8cd8ac5e-300x225.jpg\" alt=\"\" width=\"199\" height=\"149\" srcset=\"https:\/\/www.radiopiu.net\/wordpress\/wp-content\/uploads\/2022\/10\/3ec853d0-f0fd-4188-bd46-197f8cd8ac5e-300x225.jpg 300w, https:\/\/www.radiopiu.net\/wordpress\/wp-content\/uploads\/2022\/10\/3ec853d0-f0fd-4188-bd46-197f8cd8ac5e-1024x768.jpg 1024w, https:\/\/www.radiopiu.net\/wordpress\/wp-content\/uploads\/2022\/10\/3ec853d0-f0fd-4188-bd46-197f8cd8ac5e-768x576.jpg 768w, https:\/\/www.radiopiu.net\/wordpress\/wp-content\/uploads\/2022\/10\/3ec853d0-f0fd-4188-bd46-197f8cd8ac5e-1536x1152.jpg 1536w, https:\/\/www.radiopiu.net\/wordpress\/wp-content\/uploads\/2022\/10\/3ec853d0-f0fd-4188-bd46-197f8cd8ac5e.jpg 2048w\" sizes=\"auto, (max-width: 199px) 100vw, 199px\" \/><\/a>BELLUNO<\/strong><\/p>\n<p><strong>DI DANIELE DALVIT<\/strong><\/p>\n<p>&nbsp;<\/p>\n<p>&nbsp;<\/p>\n<p>&nbsp;<\/p>\n<p><strong>AUDIO OSPITE GIORGIA CORTE METTO\u00a0<\/strong><\/p>\n<audio class=\"wp-audio-shortcode\" id=\"audio-303708-7\" preload=\"none\" style=\"width: 100%;\" controls=\"controls\"><source type=\"audio\/mpeg\" src=\"https:\/\/www.radiopiu.net\/wordpress\/wp-content\/uploads\/2022\/10\/daniele-dal-vit2.mp3?_=7\" \/><a href=\"https:\/\/www.radiopiu.net\/wordpress\/wp-content\/uploads\/2022\/10\/daniele-dal-vit2.mp3\">https:\/\/www.radiopiu.net\/wordpress\/wp-content\/uploads\/2022\/10\/daniele-dal-vit2.mp3<\/a><\/audio>\n<p>&nbsp;<\/p>\n<p>&nbsp;<\/p>\n<hr \/>\n<p>&nbsp;<\/p>\n<blockquote>\n<h3>LUXOTTICA: LA UILTEC CONTESTA IL CALENDARIO DELLA FERMATA NATALIZIA. &#8220;SIAMO PERPLESSI&#8221;<\/h3>\n<\/blockquote>\n<blockquote><p><em>I delegati Uiltec-Uil hanno deciso di non firmare il calendario ferie, sar\u00e0 comunque valido poich\u00e9 sottoscritto a maggioranza. In un documento spiegano le motivazioni.<\/em><\/p><\/blockquote>\n<p><strong><img loading=\"lazy\" decoding=\"async\" class=\"alignleft\" src=\"https:\/\/www.radiopiu.net\/wordpress\/wp-content\/uploads\/2019\/07\/logo-UILTEC.jpg\" width=\"233\" height=\"147\" \/>AGORDO<\/strong> Ferie di Natale in Luxottica, tutto bene? Assolutamente no. La Uiltec Uil \u00e8 critica attendendosi &#8211; visti i sabati lavorativi di novembre &#8211; una fermata che partendo dalla vigilia di Natale arrivasse a comprendere la prima settimana del 2023 con il rientro al lavoro dopo l&#8217;Epifania. E invece no, l&#8217;azienda ha scelto diversamente pianificando l&#8217;ultimo giorno di lavoro per martedi 20 dicembre con rientro il 3 gennaio, giusto il tempo di digerire le lenticchie di capodanno.<em> &#8220;E&#8217; stata per alcuni &#8211; dicono i delegati Uiltec &#8211; un fulmine a ciel sereno. Perch\u00e9 fermarsi al 21 dicembre, quando si poteva utilizzare quei 3 giorni in pi\u00f9 per rientrare lunedi 9 gennaio e trascorrere le festivit\u00e0 in famiglia?&#8221;.\u00a0<\/em> L&#8217;azienda aveva esposto alla Rsu le sue motivazioni per la fermata anticipata della parte produttiva dello stabilimento, alcune condivisibili, altre no.<em> &#8220;Resta il fatto &#8211; continuano i delegati &#8211; che da un po&#8217; di tempo nei reparti produttivi il sabato di flessibilit\u00e0 o straordinario collettivo non \u00e8 pi\u00f9 limitato ad alcuni periodi di maggiore necessit\u00e0 ma \u00e8 quasi diventato lo standard, tanto che quando a un reparto capita di non trovarsi sabati pianificati per un mese, pare un&#8217;eccezione non la regola&#8221;.<\/em>\u00a0 Per la Uiltec il fatto di avere tanto lavoro \u00e8 positivo, soprattutto un questo periodo difficile per altre aziende del Paese. I lavoratori non si tirano indietro, lavorano e producono al sabato cos\u00ec come negli altri giorni della settimana.<em> &#8220;Per questo ci aspettavamo una fermata natalizia pi\u00f9 lunga anzich\u00e9 dover aggiungere permessi o altro per coprire i giorni mancanti&#8221;.<br \/>\n<\/em>Lo stop natalizio riguarda anche gli impiegati, gli uffici seguiranno il calendario della produzione, salvo alcuni che avranno periodi scaglionati, ma non avendo flessibilit\u00e0 negativa dovranno mettere tutti gli istituti personali (permessi, banca ore, ferie) a copertura delle giornate extra di fermata, pi\u00f9 il ponte di Sant&#8217;Ambrogio. Chi avesse la necessit\u00e0 di rimanere a casa con i figli (che non andranno a scuola) nei giorni 3-4-5 gennaio si trover\u00e0 ad utilizzare giorante di permesso.<\/p>\n<p>&nbsp;<\/p>\n<hr \/>\n<p>&nbsp;<\/p>\n<h2><span style=\"color: #ff0000;\"><strong>IERI ALLA RADIO\u00a0<\/strong><\/span><\/h2>\n<div class=\"page-title-head hgroup\">\n<blockquote>\n<h3 class=\"entry-title\">LUXOTTICA: PIANO SABATI LAVORATIVI NOVEMBRE, PONTE DELL\u2019IMMACOLATA E PIANO FERIE<\/h3>\n<\/blockquote>\n<\/div>\n<div class=\"page-title-breadcrumbs\">\n<blockquote>\n<h3>PIANO FERIE<\/h3>\n<\/blockquote>\n<p><img loading=\"lazy\" decoding=\"async\" class=\"alignleft\" src=\"https:\/\/www.radiopiu.net\/wordpress\/wp-content\/uploads\/2022\/06\/LUXOTTICA-LUTTO-1.jpg\" width=\"208\" height=\"117\" \/>L&#8217;azienda chiuder\u00e0 dal 21 dicembre 2022 al gennaio 2023. Il 21, 22, 23, 27, 28, 29 dicembre saranno utilizzati come ferie collettive.<br \/>\nIl 30 dicembre ed il 2 gennaio verranno utilizzate due giornate di flessibilit\u00e0 negativa.<em>&#8220;Nella giornata del 29 dicembre saranno utilizzate 8 h di ferie (maturate nel periodo settembre-dicembre 22) e che, per effetto dello spostamento del calendario sull&#8217;anno solare, questa volta abbiamo a disposizione<\/em>&#8221; ricordano i I delegati Femca Cisl. L&#8217;ultimo giorno di lavoro per i turnisti diurni e giornata sar\u00e0 il 20 dicembre. Il terzo turno anticiper\u00e0 il turno lavorativo del 20 dicembre* al 18 dicembre. Gli uffici seguiranno la stessa fermata ma, a copertura delle giornate di flessibilit\u00e0, saranno inseriti istituiti individuali (nell&#8217;ordine ferie arretrate, fit, pir maturati e non goduti, banca ore)<\/p>\n<p><strong>La RSU<\/strong> ha inoltre firmato una chiusura per il ponte dell&#8217;Immacolata; per la fermata del 9 dicembre verranno utilizzate 8 ore di recupero flessibilit\u00e0 (di cui 6 gi\u00e0 effettuate nel mese di ottobre).<em> &#8220;La variazione sul 31 ottobre si \u00e8 resa necessaria per bilanciare correttamente gli istituti. All&#8217;atto pratico, non comporter\u00e0 ulteriori debiti di flessibilit\u00e0 ai colleghi. Sappiamo che il calendario non agevola sicuramente le famiglie con figli in et\u00e0 scolare, purtroppo per\u00f2 non ci sono stati margini di manovra (nonostante la lunga discussione) perch\u00e9 la scelta \u00e8 stata dettata dal Gruppo, visto che si prevede una ripartenza immediata a gennaio 2023. Abbiamo per\u00f2 convenuto con l&#8217;azienda la possibilit\u00e0 di andare incontro a chi ha problemi di gestione famigliare ed ecco perch\u00e9, a breve, saranno riaperti i permessi per le giornate del 3, 4 e 5 gennaio&#8221;&#8221;<\/em> concludono I delegati Femca Cisl.<\/p>\n<p>&nbsp;<\/p>\n<\/div>\n<p>&nbsp;<\/p>\n<\/div>\n<hr \/>\n<p>&nbsp;<\/p>\n<blockquote>\n<h2>MONDO DELL&#8217;OTTICA, DA ESSILOR LUXOTTICA LE AGEVOLAZIONI A FIGLI E AMICI DEI DIPENDENTI<\/h2>\n<\/blockquote>\n<p><b><img loading=\"lazy\" decoding=\"async\" class=\"alignleft\" src=\"https:\/\/www.radiopiu.net\/wordpress\/wp-content\/uploads\/2022\/06\/LUXOTTICA-8-scaled.jpg\" width=\"285\" height=\"198\" \/>AGORDO\u00a0 <\/b>Istruzione e sostegno ai giovani sono da sempre tra i pilastri principali delle iniziative introdotte da Luxottica nel contesto degli investimenti dedicati alle persone. L\u2019azienda \u00e8 convinta, infatti, che generare competenze e professionalit\u00e0 significhi far crescere l\u2019intero settore, a beneficio di tutti. Per questo recentemente, grazie a un legame speciale con i territori in cui l\u2019azienda \u00e8 nata e dove opera con le sue sedi principali, si \u00e8 deciso di introdurre tariffe a condizioni agevolate per l\u2019iscrizione ai corsi dell\u2019Istituto di Ricerca e di Studi in Ottica e Optometria (IRSOO) di Vinci (FI) dedicate a figli e amici dei dipendenti Luxottica. \u00a0L\u2019IRSOO \u00e8 la realt\u00e0 formativa di riferimento per il settore dell\u2019ottica nel nostro paese, riconosciuta a livello internazionale, che offre corsi di ottica e optometria a studenti e lavoratori. Dallo scorso anno, l\u2019Istituto \u00e8 parte integrante del polo di eccellenza dell\u2019azienda, che da anni investe nell\u2019ambito della formazione. Ed \u00e8 proprio grazie all\u2019importante sinergia con la piattaforma interna Leonardo che l\u2019offerta formativa proposta da IRSOO sar\u00e0 mista, con lezioni in forma sia fisica sia digitale, integrate con esperienze concrete, da incontri con gli esperti a stage in aziende.\u00a0Formazione e istruzione sono le chiavi di ingresso privilegiate a una professione, quella di ottico, che conta il 100% di occupazione entro i sei mesi dalla conclusione del percorso di studi. Per maggiori informazioni visita il sito <a href=\"https:\/\/eur01.safelinks.protection.outlook.com\/?url=http%3A%2F%2Fwww.irsoo.it%2F&amp;data=05%7C01%7COriana.Pagano%40Luxottica.com%7Cc59749ceb2f143cbac7a08dab80f402b%7Cc7d1a8f705464a0c8cf53ddaebf97d51%7C0%7C0%7C638024672884302578%7CUnknown%7CTWFpbGZsb3d8eyJWIjoiMC4wLjAwMDAiLCJQIjoiV2luMzIiLCJBTiI6Ik1haWwiLCJXVCI6Mn0%3D%7C3000%7C%7C%7C&amp;sdata=lwGmXqN3ECvj1ZPhEr34J1uGjoJdVKnUtpUSQXOkwyU%3D&amp;reserved=0\"> irsoo.it\u00a0<\/a><\/p>\n<p>&nbsp;<\/p>\n<p>&nbsp;<\/p>\n<hr \/>\n<p>&nbsp;<\/p>\n<blockquote>\n<h3>DILLO A RADIO PIU&#8217;&#8230; LA NUOVA ROTONDA IN VALCOZZENA<\/h3>\n<\/blockquote>\n<p><strong>AGORDO<\/strong> La localit\u00e0 Valcozzena, sede di Luxottica ma anche di importanti attivit\u00e0 commerciali, di servizio e turistico-ricettive ha cambiato aspetto. L&#8217;obiettivo pare raggiunto con i nuovi e capienti parcheggi, la nuova area per la sosta degli autobus, l&#8217;asfalto tirato a nuovo e il semaforo per facilitare l&#8217;uscita. Solo la nuova rotonda sta creando qualche perplessit\u00e0 come segnala un nostro ascoltatore di cui riportiamo il messaggio<\/p>\n<p>Cara Radio Pi\u00f9&#8230;<\/p>\n<blockquote><p><em>Quella rotonda cos\u00ec concepita non mi convince. Penso ai camion, agli autoarticolati, che dovranno percorrerla con non poche difficolt\u00e0,\u00a0 secondo me\u00a0 la posizione non \u00e8 la migliore,\u00a0 spazi per farla meglio forse ce n&#8217;erano. Vedremo in futuro se mi sto sbagliando oppure se sar\u00e0 necessario mettergli mano. Per il momento limitiamoci ad osservare.<\/em><\/p><\/blockquote>\n<p>LETTERA FIRMATA<\/p>\n\n\t\t\t<style type='text\/css'>\n\t\t\t\t#gallery-3 {\n\t\t\t\t\tmargin: auto;\n\t\t\t\t}\n\t\t\t\t#gallery-3 .gallery-item {\n\t\t\t\t\tfloat: left;\n\t\t\t\t\tmargin-top: 10px;\n\t\t\t\t\ttext-align: center;\n\t\t\t\t\twidth: 33%;\n\t\t\t\t}\n\t\t\t\t#gallery-3 img {\n\t\t\t\t\tborder: 2px solid #cfcfcf;\n\t\t\t\t}\n\t\t\t\t#gallery-3 .gallery-caption {\n\t\t\t\t\tmargin-left: 0;\n\t\t\t\t}\n\t\t\t\t\/* see gallery_shortcode() in wp-includes\/media.php *\/\n\t\t\t<\/style>\n\t\t<div id='gallery-3' class='dt-gallery-container gallery galleryid-303708 gallery-columns-3 gallery-size-thumbnail'><dl class='gallery-item'>\n\t\t\t\t<dt class='gallery-icon landscape'>\n\t\t\t\t\t<a class=\"rollover rollover-zoom dt-pswp-item\" title=\"6f24a0c7-a2c0-4f39-89eb-d3f5c19752ab\" data-dt-img-description=\"\" data-large_image_width=\"1920\" data-large_image_height=\"1080\"href='https:\/\/www.radiopiu.net\/wordpress\/wp-content\/uploads\/2022\/10\/6f24a0c7-a2c0-4f39-89eb-d3f5c19752ab.jpg'><img loading=\"lazy\" decoding=\"async\" width=\"150\" height=\"150\" src=\"https:\/\/www.radiopiu.net\/wordpress\/wp-content\/uploads\/2022\/10\/6f24a0c7-a2c0-4f39-89eb-d3f5c19752ab-150x150.jpg\" class=\"attachment-thumbnail size-thumbnail\" alt=\"\" \/><\/a>\n\t\t\t\t<\/dt><\/dl><dl class='gallery-item'>\n\t\t\t\t<dt class='gallery-icon landscape'>\n\t\t\t\t\t<a class=\"rollover rollover-zoom dt-pswp-item\" title=\"d6a0365f-ea13-4ec1-9c93-904aeda46c54\" data-dt-img-description=\"\" data-large_image_width=\"1920\" data-large_image_height=\"1080\"href='https:\/\/www.radiopiu.net\/wordpress\/wp-content\/uploads\/2022\/10\/d6a0365f-ea13-4ec1-9c93-904aeda46c54.jpg'><img loading=\"lazy\" decoding=\"async\" width=\"150\" height=\"150\" src=\"https:\/\/www.radiopiu.net\/wordpress\/wp-content\/uploads\/2022\/10\/d6a0365f-ea13-4ec1-9c93-904aeda46c54-150x150.jpg\" class=\"attachment-thumbnail size-thumbnail\" alt=\"\" \/><\/a>\n\t\t\t\t<\/dt><\/dl><dl class='gallery-item'>\n\t\t\t\t<dt class='gallery-icon landscape'>\n\t\t\t\t\t<a class=\"rollover rollover-zoom dt-pswp-item\" title=\"luxottica\" data-dt-img-description=\"\" data-large_image_width=\"1920\" data-large_image_height=\"1080\"href='https:\/\/www.radiopiu.net\/wordpress\/wp-content\/uploads\/2022\/10\/6c6e8841-fa5f-4394-b3a6-3b87d31aaee5.jpg'><img loading=\"lazy\" decoding=\"async\" width=\"150\" height=\"150\" src=\"https:\/\/www.radiopiu.net\/wordpress\/wp-content\/uploads\/2022\/10\/6c6e8841-fa5f-4394-b3a6-3b87d31aaee5-150x150.jpg\" class=\"attachment-thumbnail size-thumbnail\" alt=\"\" \/><\/a>\n\t\t\t\t<\/dt><\/dl><br style=\"clear: both\" \/>\n\t\t\t<\/div>\n\n<p>&nbsp;<\/p>\n<p>&nbsp;<\/p>\n<hr \/>\n<p>&nbsp;<\/p>\n<h3><\/h3>\n<blockquote>\n<h3>PER RISPARMIARE SULLE BOLLETTE UFFICI CHIUSI, COME DA INDICAZIONI NAZIONALI<\/h3>\n<\/blockquote>\n<p><strong><img loading=\"lazy\" decoding=\"async\" class=\"alignleft\" src=\"https:\/\/www.radiopiu.net\/wordpress\/wp-content\/uploads\/2021\/06\/6bda7d20-2bca-46b1-9c47-7864eeb8da9e.jpg\" width=\"247\" height=\"139\" \/>BELLUNO<\/strong><\/p>\n<p><strong>DI DANIELE DALVIT\u00a0<\/strong><\/p>\n<p><strong>BELLUNO<\/strong> Uffici chiusi luned\u00ec per Provincia e Comune di Belluno per tagliare le spese energetiche, seguendo un&#8217;indicazione arrivata a livello nazionale. Nel frattempo gli enti sono al lavoro per trovare nuove soluzioni che consentano di risparmiare sulle prossime bollette<\/p>\n<p><strong>AUDIO<\/strong><\/p>\n<audio class=\"wp-audio-shortcode\" id=\"audio-303708-8\" preload=\"none\" style=\"width: 100%;\" controls=\"controls\"><source type=\"audio\/mpeg\" src=\"https:\/\/www.radiopiu.net\/wordpress\/wp-content\/uploads\/2022\/10\/DANIELE-DAL-VIT-1.mp3?_=8\" \/><a href=\"https:\/\/www.radiopiu.net\/wordpress\/wp-content\/uploads\/2022\/10\/DANIELE-DAL-VIT-1.mp3\">https:\/\/www.radiopiu.net\/wordpress\/wp-content\/uploads\/2022\/10\/DANIELE-DAL-VIT-1.mp3<\/a><\/audio>\n<h3><\/h3>\n<p>&nbsp;<\/p>\n<hr \/>\n<p>&nbsp;<\/p>\n<blockquote>\n<h3>BELLUNO. PRESENTATO IL CALENDARIO STORICO DEI CARABINIERI 2023.<\/h3>\n<\/blockquote>\n<p align=\"CENTER\"><span style=\"font-family: Times New Roman, serif;\"><i><a class=\"dt-pswp-item\" href=\"https:\/\/www.radiopiu.net\/wordpress\/wp-content\/uploads\/2022\/10\/calendario-storico-carabinieri-2023_foto-2.jpg\" data-dt-img-description=\"\" data-large_image_width=\"0\" data-large_image_height=\"0\"><img loading=\"lazy\" decoding=\"async\" class=\"alignnone size-medium wp-image-303696\" src=\"https:\/\/www.radiopiu.net\/wordpress\/wp-content\/uploads\/2022\/10\/calendario-storico-carabinieri-2023_foto-2.jpg\" alt=\"\" width=\"1\" height=\"1\" \/><\/a>Una tiratura di oltre 1 milione di copie, tradotta in 8 lingue, per un Calendario Storico che \u00e8 entrato nella tradizione nazionale e popolare come un oggetto da collezione\u00a0<\/i><\/span><\/p>\n<p style=\"text-align: left;\" align=\"CENTER\"><span style=\"color: #ff0000;\">di BARBARA PAOLAZZI_ Radio Club 103<\/span><\/p>\n<audio class=\"wp-audio-shortcode\" id=\"audio-303708-9\" preload=\"none\" style=\"width: 100%;\" controls=\"controls\"><source type=\"audio\/mpeg\" src=\"https:\/\/www.radiopiu.net\/wordpress\/wp-content\/uploads\/2022\/10\/calendario-barbara.mp3?_=9\" \/><a href=\"https:\/\/www.radiopiu.net\/wordpress\/wp-content\/uploads\/2022\/10\/calendario-barbara.mp3\">https:\/\/www.radiopiu.net\/wordpress\/wp-content\/uploads\/2022\/10\/calendario-barbara.mp3<\/a><\/audio>\n<p>&nbsp;<\/p>\n<p>&nbsp;<\/p>\n<p style=\"text-align: left;\" align=\"CENTER\"><a class=\"dt-pswp-item\" href=\"https:\/\/www.radiopiu.net\/wordpress\/wp-content\/uploads\/2022\/10\/calendario-storico-carabinieri-2023_foto-2.jpg\" data-dt-img-description=\"\" data-large_image_width=\"0\" data-large_image_height=\"0\"><img loading=\"lazy\" decoding=\"async\" class=\"alignleft\" src=\"https:\/\/www.radiopiu.net\/wordpress\/wp-content\/uploads\/2022\/10\/Calendario-Carabinieri-2023_Pagina_01_-1.jpg\" width=\"159\" height=\"219\" \/><strong><img loading=\"lazy\" decoding=\"async\" class=\"alignnone size-medium wp-image-303696\" src=\"https:\/\/www.radiopiu.net\/wordpress\/wp-content\/uploads\/2022\/10\/calendario-storico-carabinieri-2023_foto-2.jpg\" alt=\"\" width=\"1\" height=\"1\" \/><\/strong><\/a><strong><a class=\"dt-pswp-item\" href=\"https:\/\/www.radiopiu.net\/wordpress\/wp-content\/uploads\/2022\/10\/calendario-storico-carabinieri-2023_foto-2.jpg\" data-dt-img-description=\"\" data-large_image_width=\"0\" data-large_image_height=\"0\"><img loading=\"lazy\" decoding=\"async\" class=\"alignnone size-medium wp-image-303696\" src=\"https:\/\/www.radiopiu.net\/wordpress\/wp-content\/uploads\/2022\/10\/calendario-storico-carabinieri-2023_foto-2.jpg\" alt=\"\" width=\"1\" height=\"1\" \/><\/a>BELLUNO<\/strong> Il Colonnello Enrico Pigozzo, Comandante Provinciale dei Carabinieri di Belluno, ha voluto accanto a s\u00e9, quali ospiti d\u2019onore, i vertici dei Reparti dell\u2019Organizzazione Forestale Carabinieri di Belluno (il Colonnello Gianfranco Munari, Comandante del Reparto Carabinieri Biodiversit\u00e0 di Belluno, il Tenente Colonnello Marina Berto, Comandante del Reparto Carabinieri Parco Naturale Dolomiti Bellunesi, il Tenente Colonnello Riccardo Corbini, Comandante del Gruppo Carabinieri Forestali di Belluno) per presentare il Calendario Storico dell\u2019Arma dei Carabinieri 2023 dedicato alla sfida ambientale. Ma presente all\u2019evento anche il Dirigente dell\u2019Ufficio Scolastico Territoriale di Belluno, dott. Massimiliano Salvador, perch\u00e9 \u00e8 proprio nella scuola che si pone il seme della cultura del rispetto del Pianeta e proprio tra i banchi delle aule dei nostri giovani che germina la coscienza ambientale. \u00c8 con questa premessa, il legame tra i Carabinieri, il Territorio e i suoi giovani <a class=\"dt-pswp-item\" href=\"https:\/\/www.radiopiu.net\/wordpress\/wp-content\/uploads\/2022\/10\/calendario-storico-carabinieri-2023_foto-2.jpg\" data-dt-img-description=\"\" data-large_image_width=\"0\" data-large_image_height=\"0\"><img loading=\"lazy\" decoding=\"async\" class=\"alignnone size-medium wp-image-303696\" src=\"https:\/\/www.radiopiu.net\/wordpress\/wp-content\/uploads\/2022\/10\/calendario-storico-carabinieri-2023_foto-2.jpg\" alt=\"\" width=\"1\" height=\"1\" \/><\/a>cittadini, che questa mattina, in contemporanea con la presentazione svolta <a class=\"dt-pswp-item\" href=\"https:\/\/www.radiopiu.net\/wordpress\/wp-content\/uploads\/2022\/10\/calendario-storico-carabinieri-2023_foto-2-1.jpg\" data-dt-img-description=\"\" data-large_image_width=\"0\" data-large_image_height=\"0\"><img loading=\"lazy\" decoding=\"async\" class=\"alignnone size-medium wp-image-303702\" src=\"https:\/\/www.radiopiu.net\/wordpress\/wp-content\/uploads\/2022\/10\/calendario-storico-carabinieri-2023_foto-2-1.jpg\" alt=\"\" width=\"1\" height=\"1\" \/><\/a><em><img loading=\"lazy\" decoding=\"async\" class=\"alignleft\" src=\"https:\/\/www.radiopiu.net\/wordpress\/wp-content\/uploads\/2022\/10\/calendario-storico-carabinieri-2023_foto-2.jpg\" width=\"230\" height=\"164\" \/><\/em>nella Capitale, presso il Comando Provinciale di Belluno \u00e8 stato presentato un prodotto editoriale entrato nella tradizione popolare italiana. La protagonista del Calendario Storico 2023 \u00e8 la Natura, da sempre tra le priorit\u00e0 assolute dell\u2019Arma.<\/p>\n<blockquote>\n<p style=\"text-align: left;\" align=\"CENTER\"><em>\u201cIl Calendario dell\u2019Arma \u00e8 un\u2019autentica pubblicazione popolare\u201d ha detto il Colonnello Pigozzo, \u201cparla lo stesso linguaggio dei suoi lettori, racconta storie appartenenti al loro mondo, traguarda orizzonti comuni. E non potrebbe essere altrimenti, visto che il Carabiniere, da sempre, vive la medesima realt\u00e0 della gente che ha il compito di servire e tutelare\u201d.<\/em><\/p>\n<\/blockquote>\n<div style=\"width: 1200px;\" class=\"wp-video\"><video class=\"wp-video-shortcode\" id=\"video-303708-3\" width=\"1200\" height=\"675\" preload=\"metadata\" controls=\"controls\"><source type=\"video\/mp4\" src=\"https:\/\/www.radiopiu.net\/wordpress\/wp-content\/uploads\/2022\/10\/Presentazione-Calendario-Arma-Carabinieri-2023.mp4?_=3\" \/><a href=\"https:\/\/www.radiopiu.net\/wordpress\/wp-content\/uploads\/2022\/10\/Presentazione-Calendario-Arma-Carabinieri-2023.mp4\">https:\/\/www.radiopiu.net\/wordpress\/wp-content\/uploads\/2022\/10\/Presentazione-Calendario-Arma-Carabinieri-2023.mp4<\/a><\/video><\/div>\n<p>&nbsp;<\/p>\n<p>&nbsp;<\/p>\n<hr \/>\n<p>&nbsp;<\/p>\n<p><strong>ANTONIO DALLA ROSA \u00c8 IL VICEPRESIDENTE DEL CSV BELLUNO TREVISO<\/strong><\/p>\n<p><strong><a class=\"dt-pswp-item\" href=\"https:\/\/www.radiopiu.net\/wordpress\/wp-content\/uploads\/2022\/10\/Da-sinistra-la-presidente-Elisa-Corra-e-il-vicepresidente-Antonio-Dalla-Rosa.jpeg\" data-dt-img-description=\"\" data-large_image_width=\"1200\" data-large_image_height=\"1600\"><img loading=\"lazy\" decoding=\"async\" class=\" wp-image-303677 alignleft\" src=\"https:\/\/www.radiopiu.net\/wordpress\/wp-content\/uploads\/2022\/10\/Da-sinistra-la-presidente-Elisa-Corra-e-il-vicepresidente-Antonio-Dalla-Rosa-225x300.jpeg\" alt=\"\" width=\"197\" height=\"263\" srcset=\"https:\/\/www.radiopiu.net\/wordpress\/wp-content\/uploads\/2022\/10\/Da-sinistra-la-presidente-Elisa-Corra-e-il-vicepresidente-Antonio-Dalla-Rosa-225x300.jpeg 225w, https:\/\/www.radiopiu.net\/wordpress\/wp-content\/uploads\/2022\/10\/Da-sinistra-la-presidente-Elisa-Corra-e-il-vicepresidente-Antonio-Dalla-Rosa-768x1024.jpeg 768w, https:\/\/www.radiopiu.net\/wordpress\/wp-content\/uploads\/2022\/10\/Da-sinistra-la-presidente-Elisa-Corra-e-il-vicepresidente-Antonio-Dalla-Rosa-1152x1536.jpeg 1152w, https:\/\/www.radiopiu.net\/wordpress\/wp-content\/uploads\/2022\/10\/Da-sinistra-la-presidente-Elisa-Corra-e-il-vicepresidente-Antonio-Dalla-Rosa.jpeg 1200w\" sizes=\"auto, (max-width: 197px) 100vw, 197px\" \/><\/a>BELLUNO<\/strong> \u00c8 Antonio Dalla Rosa il nuovo vicepresidente del Csv Belluno Treviso. Asolano, 57 anni Dalla Rosa \u00e8 noto soprattutto nel suo territorio d\u2019origine per avere militato, da quasi trent\u2019anni, nel mondo della donazione di sangue. Professionalmente impegnato in un\u2019azienda artigiana, che si occupa dello sviluppo e prototipazione di articoli sportivi, medicali e non solo, da sempre impegna il tempo libero dedicandolo al volontariato. Lavorer\u00e0 al fianco della presidente Elisa Corr\u00e0. Nel consiglio del Csv Belluno Treviso vi sono anche, oltre alla presidente Corr\u00e0 e al vice Dalla Rosa, altri tre consiglieri in rappresentanza di Treviso (Anna Cor\u00f2, Umberto Tronchin, Giovanni Sollima) e tre in rappresentanza di Belluno (Gina Bortot, Paolo Colleselli, Maurizio Vecchio).<\/p>\n<p>&nbsp;<\/p>\n<p>&nbsp;<\/p>\n<p>&nbsp;<\/p>\n<p>&nbsp;<\/p>\n<p>&nbsp;<\/p>\n<p>&nbsp;<\/p>\n<hr \/>\n<p>&nbsp;<\/p>\n<blockquote>\n<h3><a class=\"dt-pswp-item\" href=\"https:\/\/www.radiopiu.net\/wordpress\/wp-content\/uploads\/2022\/10\/Nuovo-dirigente-con-sindaco.jpg\" data-dt-img-description=\"\" data-large_image_width=\"1985\" data-large_image_height=\"1512\"><img loading=\"lazy\" decoding=\"async\" class=\" wp-image-303678 alignleft\" src=\"https:\/\/www.radiopiu.net\/wordpress\/wp-content\/uploads\/2022\/10\/Nuovo-dirigente-con-sindaco-300x229.jpg\" alt=\"\" width=\"179\" height=\"137\" srcset=\"https:\/\/www.radiopiu.net\/wordpress\/wp-content\/uploads\/2022\/10\/Nuovo-dirigente-con-sindaco-300x229.jpg 300w, https:\/\/www.radiopiu.net\/wordpress\/wp-content\/uploads\/2022\/10\/Nuovo-dirigente-con-sindaco-1024x780.jpg 1024w, https:\/\/www.radiopiu.net\/wordpress\/wp-content\/uploads\/2022\/10\/Nuovo-dirigente-con-sindaco-768x585.jpg 768w, https:\/\/www.radiopiu.net\/wordpress\/wp-content\/uploads\/2022\/10\/Nuovo-dirigente-con-sindaco-1536x1170.jpg 1536w, https:\/\/www.radiopiu.net\/wordpress\/wp-content\/uploads\/2022\/10\/Nuovo-dirigente-con-sindaco.jpg 1985w\" sizes=\"auto, (max-width: 179px) 100vw, 179px\" \/><\/a>NOMINATO IL NUOVO DIRIGENTE DEL SETTORE GESTIONE DEL TERRITORIO<\/h3>\n<\/blockquote>\n<p><strong>FELTRE\u00a0<\/strong> L\u2019architetto Maria Cristina Scalet \u00e8 il nuovo dirigente del settore Gestione del Territorio del Comune di Feltre.\u00a0 <em>\u201cDo il pi\u00f9 sincero benvenuto al nuovo dirigente, a cui auguro di poter trovare presso il Comune di Feltre il contesto pi\u00f9 favorevole in cui proseguire nel proprio percorso professionale\u201d,<\/em> ha sottolineato il sindaco\u00a0 Viviana Fusaro durante il primo incontro in municipio.\u00a0 La dottoressa Scalet prender\u00e0 servizio nelle prossime settimane, espletati i necessari passaggi formali.<\/p>\n<p>&nbsp;<\/p>\n<p>&nbsp;<\/p>\n<p>&nbsp;<\/p>\n<p>&nbsp;<\/p>\n<hr \/>\n<p>&nbsp;<\/p>\n<blockquote>\n<h2><a class=\"dt-pswp-item\" href=\"https:\/\/www.radiopiu.net\/wordpress\/wp-content\/uploads\/2022\/10\/c254b919-c7aa-4c84-b505-e2a8a982c2d0.jpg\" data-dt-img-description=\"\" data-large_image_width=\"1600\" data-large_image_height=\"1200\"><img loading=\"lazy\" decoding=\"async\" class=\"wp-image-303311 alignleft\" src=\"https:\/\/www.radiopiu.net\/wordpress\/wp-content\/uploads\/2022\/10\/c254b919-c7aa-4c84-b505-e2a8a982c2d0-300x225.jpg\" alt=\"\" width=\"110\" height=\"83\" srcset=\"https:\/\/www.radiopiu.net\/wordpress\/wp-content\/uploads\/2022\/10\/c254b919-c7aa-4c84-b505-e2a8a982c2d0-300x225.jpg 300w, https:\/\/www.radiopiu.net\/wordpress\/wp-content\/uploads\/2022\/10\/c254b919-c7aa-4c84-b505-e2a8a982c2d0-1024x768.jpg 1024w, https:\/\/www.radiopiu.net\/wordpress\/wp-content\/uploads\/2022\/10\/c254b919-c7aa-4c84-b505-e2a8a982c2d0-768x576.jpg 768w, https:\/\/www.radiopiu.net\/wordpress\/wp-content\/uploads\/2022\/10\/c254b919-c7aa-4c84-b505-e2a8a982c2d0-1536x1152.jpg 1536w, https:\/\/www.radiopiu.net\/wordpress\/wp-content\/uploads\/2022\/10\/c254b919-c7aa-4c84-b505-e2a8a982c2d0.jpg 1600w\" sizes=\"auto, (max-width: 110px) 100vw, 110px\" \/><\/a>PONTE DEL FELICE, RIMANE ANCORA CHIUSO PER LAVORI PROROGATA L&#8217;ORDINANZA AL 3 NOVEMBRE<\/h2>\n<\/blockquote>\n<p><strong>La Valle Agordina &#8211; SP347 Cereda-Duran &#8211; Centro paese in prossimit\u00e0 del Municipio &#8211; Senso unico regolamentato da semaforo per lavori sulla rete idrica dal 26\/10\/22 al 31\/10\/22 ore 18 per tutte le 24 ore\u00a0<\/strong><\/p>\n<p>&nbsp;<\/p>\n<p>&nbsp;<\/p>\n<hr \/>\n<p>&nbsp;<\/p>\n<h3><span style=\"color: #ff0000;\">OGGI ALLA RADIO, ALLE 9 DIRETTA: OSPITE DENNI DORIGO MEMBRO EUREGIO<\/span><\/h3>\n<blockquote>\n<h3>15 ANNI FA IL REFERENDUM, CORTINA-COLLE E LIVINALLONGO VOTARONO PER IL PASSAGGIO IN SUD TIROLO. NELL&#8217;ULTIMA EDIZIONE DE L&#8217;ALMANACCO LADINO NE HA PARLATO ANCHE DENNI DORIGO, DIRETTORE ISTITUT CULTURAL CESA DE JAN. OGGI\u00a0 CONFERENZA STAMPA AL RIFUGIO VALPAROLA E SEMPRE OGGI DELLA MATERIA SI OCCUPERA&#8217; ANCHE IL CONSIGLIO COMUNALE DI COLLE SANTA LUCIA CONVOCATO DAL SINDACO PAOLO FRENA CHE HA AGGIUNTO UN PUNTO ALL&#8217;ORDINE DEL GIORNO.<\/h3>\n<\/blockquote>\n<p><strong>LIVINALLONGO<\/strong> Oggi alle 16 \u00e8 indetta una conferenza stampa presso il Rifugio Valparola, in occasione del 15\u00b0 anniversario dal giorno in cui si celebr\u00f2 il Referendum costituzionale con il quale il 78,86% della popolazione di Cortina d&#8217;Ampezzo, Colle Santa Lucia e Livinallongo del Col di Lana chiese il passaggio alla Regione Trentino-Alto Adige\/S\u00fcdtirol.<\/p>\n<p><strong>COLLE SANTA LUCIA<\/strong> Ordine del giorno: attuazione, a distanza di 15 anni dal Referendum per il distacco dei Comuni di Colle Santa Lucia, Livinallongo e Cortina, dalla Regione Veneto e aggregazione al Trentino Alto Adige.<\/p>\n<p>&nbsp;<\/p>\n<p>&nbsp;<\/p>\n<hr \/>\n<p>&nbsp;<\/p>\n<blockquote>\n<h3><a class=\"dt-pswp-item\" href=\"https:\/\/www.radiopiu.net\/wordpress\/wp-content\/uploads\/2021\/06\/Cantiere-Serrai-23.06.21_2.jpeg\" data-dt-img-description=\"\" data-large_image_width=\"1024\" data-large_image_height=\"768\"><img loading=\"lazy\" decoding=\"async\" class=\"wp-image-217833 alignleft\" src=\"https:\/\/www.radiopiu.net\/wordpress\/wp-content\/uploads\/2021\/06\/Cantiere-Serrai-23.06.21_2-300x225.jpeg\" alt=\"\" width=\"171\" height=\"128\" srcset=\"https:\/\/www.radiopiu.net\/wordpress\/wp-content\/uploads\/2021\/06\/Cantiere-Serrai-23.06.21_2-300x225.jpeg 300w, https:\/\/www.radiopiu.net\/wordpress\/wp-content\/uploads\/2021\/06\/Cantiere-Serrai-23.06.21_2-768x576.jpeg 768w, https:\/\/www.radiopiu.net\/wordpress\/wp-content\/uploads\/2021\/06\/Cantiere-Serrai-23.06.21_2.jpeg 1024w\" sizes=\"auto, (max-width: 171px) 100vw, 171px\" \/><\/a>A QUATTRO ANNI DA VAIA IL BILANCIO DALL&#8217;EPICENTRO DELL&#8217;URAGANO. IL SINDACO ANDREA DE BERNARDIN<\/h3>\n<p><strong>DI GIANNI SANTOMASO<\/strong><\/p><\/blockquote>\n<audio class=\"wp-audio-shortcode\" id=\"audio-303708-10\" preload=\"none\" style=\"width: 100%;\" controls=\"controls\"><source type=\"audio\/mpeg\" src=\"https:\/\/www.radiopiu.net\/wordpress\/wp-content\/uploads\/2022\/10\/lavori-a-sottoguda-gianni-santomaso.mp3?_=10\" \/><a href=\"https:\/\/www.radiopiu.net\/wordpress\/wp-content\/uploads\/2022\/10\/lavori-a-sottoguda-gianni-santomaso.mp3\">https:\/\/www.radiopiu.net\/wordpress\/wp-content\/uploads\/2022\/10\/lavori-a-sottoguda-gianni-santomaso.mp3<\/a><\/audio>\n<p>&nbsp;<\/p>\n<p>&nbsp;<\/p>\n<hr \/>\n<p>&nbsp;<\/p>\n<blockquote>\n<h3><a class=\"dt-pswp-item\" href=\"https:\/\/www.radiopiu.net\/wordpress\/wp-content\/uploads\/2022\/10\/002-Val-Visdende.jpg\" data-dt-img-description=\"\" data-large_image_width=\"2560\" data-large_image_height=\"1442\"><img loading=\"lazy\" decoding=\"async\" class=\" wp-image-303676 alignleft\" src=\"https:\/\/www.radiopiu.net\/wordpress\/wp-content\/uploads\/2022\/10\/002-Val-Visdende-300x169.jpg\" alt=\"\" width=\"169\" height=\"95\" srcset=\"https:\/\/www.radiopiu.net\/wordpress\/wp-content\/uploads\/2022\/10\/002-Val-Visdende-300x169.jpg 300w, https:\/\/www.radiopiu.net\/wordpress\/wp-content\/uploads\/2022\/10\/002-Val-Visdende-1024x577.jpg 1024w, https:\/\/www.radiopiu.net\/wordpress\/wp-content\/uploads\/2022\/10\/002-Val-Visdende-768x433.jpg 768w\" sizes=\"auto, (max-width: 169px) 100vw, 169px\" \/><\/a>ANCORA UN RICONOSCIMENTO PER IL DOCUMENTARIO VAIA DEL MUSEO ETNOGRAFICO DELLA PROVINCIA<\/h3>\n<\/blockquote>\n<p><strong>BELLUNO\u00a0<\/strong> A quattro anni da Vaia, arriva un altro riconoscimento importante per il documentario sugli effetti della tempesta che nell\u2019ottobre 2018 provoc\u00f2 danni enormi in molte parti del Bellunese. \u201cPaesaggio fragile\u201d, corto di Michele Trentini, ha vinto il premio speciale della giuria a \u201cLuoghi dell\u2019Anima &#8211; Italian Film Festival\u201d. Il festival infatti, alla sua terza edizione, ha istituito lo \u201cShort Doc Contest\u201d riservato ai documentari in cui l\u2019ambientazione e il paesaggio sono protagonisti.\u00a0 Il lavoro di Michele Trentini \u00e8 un docufilm di 25 minuti che racconta gli effetti di Vaia in Val Visdende.<\/p>\n<p>&nbsp;<\/p>\n<p>&nbsp;<\/p>\n<hr \/>\n<p>&nbsp;<\/p>\n<blockquote class=\"wp-embedded-content\" data-secret=\"VgsFOQajLJ\"><p><a href=\"https:\/\/www.radiopiu.net\/wordpress\/aziendazeroottobre28\/\">SONO 30 I PAZIENTI IN TERAPIA INTENSIVA NEGLI OSPEDALI REGIONALI.<\/a><\/p><\/blockquote>\n<p><iframe loading=\"lazy\" class=\"wp-embedded-content\" sandbox=\"allow-scripts\" security=\"restricted\" style=\"position: absolute; clip: rect(1px, 1px, 1px, 1px);\" title=\"&#8220;SONO 30 I PAZIENTI IN TERAPIA INTENSIVA NEGLI OSPEDALI REGIONALI.&#8221; &#8212; Radio Pi\u00f9\" src=\"https:\/\/www.radiopiu.net\/wordpress\/aziendazeroottobre28\/embed\/#?secret=qAsC1GakRl#?secret=VgsFOQajLJ\" data-secret=\"VgsFOQajLJ\" width=\"600\" height=\"338\" frameborder=\"0\" marginwidth=\"0\" marginheight=\"0\" scrolling=\"no\"><\/iframe><\/p>\n<h2><\/h2>\n<h2>I GRAFICI DI TIZIANO DE COL<\/h2>\n\n\t\t\t<style type='text\/css'>\n\t\t\t\t#gallery-4 {\n\t\t\t\t\tmargin: auto;\n\t\t\t\t}\n\t\t\t\t#gallery-4 .gallery-item {\n\t\t\t\t\tfloat: left;\n\t\t\t\t\tmargin-top: 10px;\n\t\t\t\t\ttext-align: center;\n\t\t\t\t\twidth: 33%;\n\t\t\t\t}\n\t\t\t\t#gallery-4 img {\n\t\t\t\t\tborder: 2px solid #cfcfcf;\n\t\t\t\t}\n\t\t\t\t#gallery-4 .gallery-caption {\n\t\t\t\t\tmargin-left: 0;\n\t\t\t\t}\n\t\t\t\t\/* see gallery_shortcode() in wp-includes\/media.php *\/\n\t\t\t<\/style>\n\t\t<div id='gallery-4' class='dt-gallery-container gallery galleryid-303708 gallery-columns-3 gallery-size-thumbnail'><dl class='gallery-item'>\n\t\t\t\t<dt class='gallery-icon landscape'>\n\t\t\t\t\t<a class=\"rollover rollover-zoom dt-pswp-item\" title=\"e08b68eb-07d5-45a0-9fc7-4d7731ac1e2f\" data-dt-img-description=\"\" data-large_image_width=\"602\" data-large_image_height=\"362\"href='https:\/\/www.radiopiu.net\/wordpress\/wp-content\/uploads\/2022\/10\/e08b68eb-07d5-45a0-9fc7-4d7731ac1e2f.jpg'><img loading=\"lazy\" decoding=\"async\" width=\"150\" height=\"150\" src=\"https:\/\/www.radiopiu.net\/wordpress\/wp-content\/uploads\/2022\/10\/e08b68eb-07d5-45a0-9fc7-4d7731ac1e2f-150x150.jpg\" class=\"attachment-thumbnail size-thumbnail\" alt=\"\" \/><\/a>\n\t\t\t\t<\/dt><\/dl><dl class='gallery-item'>\n\t\t\t\t<dt class='gallery-icon landscape'>\n\t\t\t\t\t<a class=\"rollover rollover-zoom dt-pswp-item\" title=\"30746634-80a5-4adc-bf15-89baa2f6f507\" data-dt-img-description=\"\" data-large_image_width=\"608\" data-large_image_height=\"368\"href='https:\/\/www.radiopiu.net\/wordpress\/wp-content\/uploads\/2022\/10\/30746634-80a5-4adc-bf15-89baa2f6f507.jpg'><img loading=\"lazy\" decoding=\"async\" width=\"150\" height=\"150\" src=\"https:\/\/www.radiopiu.net\/wordpress\/wp-content\/uploads\/2022\/10\/30746634-80a5-4adc-bf15-89baa2f6f507-150x150.jpg\" class=\"attachment-thumbnail size-thumbnail\" alt=\"\" \/><\/a>\n\t\t\t\t<\/dt><\/dl><dl class='gallery-item'>\n\t\t\t\t<dt class='gallery-icon landscape'>\n\t\t\t\t\t<a class=\"rollover rollover-zoom dt-pswp-item\" title=\"23a34a61-2ff4-44d0-b5ad-5e409d9f1761\" data-dt-img-description=\"\" data-large_image_width=\"618\" data-large_image_height=\"386\"href='https:\/\/www.radiopiu.net\/wordpress\/wp-content\/uploads\/2022\/10\/23a34a61-2ff4-44d0-b5ad-5e409d9f1761.jpg'><img loading=\"lazy\" decoding=\"async\" width=\"150\" height=\"150\" src=\"https:\/\/www.radiopiu.net\/wordpress\/wp-content\/uploads\/2022\/10\/23a34a61-2ff4-44d0-b5ad-5e409d9f1761-150x150.jpg\" class=\"attachment-thumbnail size-thumbnail\" alt=\"\" \/><\/a>\n\t\t\t\t<\/dt><\/dl><br style=\"clear: both\" \/><dl class='gallery-item'>\n\t\t\t\t<dt class='gallery-icon landscape'>\n\t\t\t\t\t<a class=\"rollover rollover-zoom dt-pswp-item\" title=\"2b6ebd63-5f9f-4229-a723-94b1274e477b\" data-dt-img-description=\"\" data-large_image_width=\"616\" data-large_image_height=\"367\"href='https:\/\/www.radiopiu.net\/wordpress\/wp-content\/uploads\/2022\/10\/2b6ebd63-5f9f-4229-a723-94b1274e477b.jpg'><img loading=\"lazy\" decoding=\"async\" width=\"150\" height=\"150\" src=\"https:\/\/www.radiopiu.net\/wordpress\/wp-content\/uploads\/2022\/10\/2b6ebd63-5f9f-4229-a723-94b1274e477b-150x150.jpg\" class=\"attachment-thumbnail size-thumbnail\" alt=\"\" \/><\/a>\n\t\t\t\t<\/dt><\/dl><dl class='gallery-item'>\n\t\t\t\t<dt class='gallery-icon landscape'>\n\t\t\t\t\t<a class=\"rollover rollover-zoom dt-pswp-item\" title=\"f21329d1-514e-46d1-afe4-67cbcae510eb\" data-dt-img-description=\"\" data-large_image_width=\"610\" data-large_image_height=\"351\"href='https:\/\/www.radiopiu.net\/wordpress\/wp-content\/uploads\/2022\/10\/f21329d1-514e-46d1-afe4-67cbcae510eb.jpg'><img loading=\"lazy\" decoding=\"async\" width=\"150\" height=\"150\" src=\"https:\/\/www.radiopiu.net\/wordpress\/wp-content\/uploads\/2022\/10\/f21329d1-514e-46d1-afe4-67cbcae510eb-150x150.jpg\" class=\"attachment-thumbnail size-thumbnail\" alt=\"\" \/><\/a>\n\t\t\t\t<\/dt><\/dl><dl class='gallery-item'>\n\t\t\t\t<dt class='gallery-icon landscape'>\n\t\t\t\t\t<a class=\"rollover rollover-zoom dt-pswp-item\" title=\"b8b8f34a-e93c-4b11-884c-aca199585f43\" data-dt-img-description=\"\" data-large_image_width=\"618\" data-large_image_height=\"362\"href='https:\/\/www.radiopiu.net\/wordpress\/wp-content\/uploads\/2022\/10\/b8b8f34a-e93c-4b11-884c-aca199585f43.jpg'><img loading=\"lazy\" decoding=\"async\" width=\"150\" height=\"150\" src=\"https:\/\/www.radiopiu.net\/wordpress\/wp-content\/uploads\/2022\/10\/b8b8f34a-e93c-4b11-884c-aca199585f43-150x150.jpg\" class=\"attachment-thumbnail size-thumbnail\" alt=\"\" \/><\/a>\n\t\t\t\t<\/dt><\/dl><br style=\"clear: both\" \/>\n\t\t\t<\/div>\n\n<hr \/>\n<p>&nbsp;<\/p>\n<p>&nbsp;<\/p>\n<blockquote>\n<h2><strong>CARENZA MEDICI. ASSESSORE LANZARIN RISPONDE A RICERCA PD<\/strong><\/h2>\n<\/blockquote>\n<p><strong><a class=\"dt-pswp-item\" href=\"https:\/\/www.radiopiu.net\/wordpress\/wp-content\/uploads\/2021\/02\/LANZARIN.png\" data-dt-img-description=\"\" data-large_image_width=\"1092\" data-large_image_height=\"1014\"><img loading=\"lazy\" decoding=\"async\" class=\"wp-image-194081 alignleft\" src=\"https:\/\/www.radiopiu.net\/wordpress\/wp-content\/uploads\/2021\/02\/LANZARIN-300x279.png\" alt=\"\" width=\"176\" height=\"164\" srcset=\"https:\/\/www.radiopiu.net\/wordpress\/wp-content\/uploads\/2021\/02\/LANZARIN-300x279.png 300w, https:\/\/www.radiopiu.net\/wordpress\/wp-content\/uploads\/2021\/02\/LANZARIN-1024x951.png 1024w, https:\/\/www.radiopiu.net\/wordpress\/wp-content\/uploads\/2021\/02\/LANZARIN-768x713.png 768w, https:\/\/www.radiopiu.net\/wordpress\/wp-content\/uploads\/2021\/02\/LANZARIN.png 1092w\" sizes=\"auto, (max-width: 176px) 100vw, 176px\" \/><\/a>VENEZIA<\/strong><em><strong>\u00a0<\/strong> \u201cPremesso che tutte le ricerche meritano rispetto, il PD pu\u00f2 commissionarne quante ne vuole, ma non cambier\u00e0 la realt\u00e0 dei fatti, e cio\u00e8 che la carenza di medici \u00e8 un problema di livello nazionale, che andava e andr\u00e0 risolto a livello governativo. La Regione ha fatto, fa e far\u00e0 tutto quanto \u00e8 nelle sue possibilit\u00e0. Un dato di fatto su tutti: attualmente i medici di medicina generale in servizio sono 2.875: I pensionamenti previsti tra il 2023 e il 2025 sono 462, contro 700 giovani medici che diplomeranno nello stesso periodo. Non userei termini catastrofistici come tempesta perfetta\u201d. <\/em>Lo dice l\u2019Assessore alla Sanit\u00e0 della Regione Veneto, Manuela Lanzarin, commentando la ricerca sulla carenza di medici presentato oggi dal PD.<\/p>\n<p>&nbsp;<\/p>\n<p>&nbsp;<\/p>\n<p>&nbsp;<\/p>\n<p>&nbsp;<\/p>\n<hr \/>\n<p>&nbsp;<\/p>\n<blockquote>\n<h3>QUESTURA DI BELLUNO, SICURAMENTE GUIDA SICURA<\/h3>\n<\/blockquote>\n<p><strong><a class=\"dt-pswp-item\" href=\"https:\/\/www.radiopiu.net\/wordpress\/wp-content\/uploads\/2022\/05\/POLIZIA-1.jpg\" data-dt-img-description=\"\" data-large_image_width=\"1920\" data-large_image_height=\"1080\"><img loading=\"lazy\" decoding=\"async\" class=\" wp-image-278032 alignleft\" src=\"https:\/\/www.radiopiu.net\/wordpress\/wp-content\/uploads\/2022\/05\/POLIZIA-1-300x169.jpg\" alt=\"\" width=\"202\" height=\"114\" srcset=\"https:\/\/www.radiopiu.net\/wordpress\/wp-content\/uploads\/2022\/05\/POLIZIA-1-300x169.jpg 300w, https:\/\/www.radiopiu.net\/wordpress\/wp-content\/uploads\/2022\/05\/POLIZIA-1-1024x576.jpg 1024w, https:\/\/www.radiopiu.net\/wordpress\/wp-content\/uploads\/2022\/05\/POLIZIA-1-768x432.jpg 768w, https:\/\/www.radiopiu.net\/wordpress\/wp-content\/uploads\/2022\/05\/POLIZIA-1-1536x864.jpg 1536w, https:\/\/www.radiopiu.net\/wordpress\/wp-content\/uploads\/2022\/05\/POLIZIA-1.jpg 1920w\" sizes=\"auto, (max-width: 202px) 100vw, 202px\" \/><\/a>BELLUNO<\/strong> \u201cSicuramente Guida Sicura\u201d \u00e8 il primo progetto teorico e pratico nato per trasmettere la cultura della guida sicura ai ragazzi della provincia di Belluno. Recenti studi hanno infatti dimostrato che gli incidenti stradali sono la prima causa di morte al mondo tra i giovani in et\u00e0 compresa tra i 18 e i 24 anni. In particolare ben il 94% dei sinistri stradali dipenderebbe da un\u00a0 comportamento scorretto alla guida. Tra i fattori che di maggior rischio vi sarebbero le distrazioni alla guida, il mancato rispetto delle precedenze e la velocit\u00e0 elevata. Anche nella provincia di Belluno, dal 2015 ad oggi, gli incidenti stradali sono stati 1.062, e di questi ben il 30% ha coinvolto ragazzi tra i 15 e i 25 anni. L\u2019idea alla base del progetto pluriennale \u201cSicuramente Guida Sicura\u201d \u00e8 quello di realizzare corsi di aggiornamento e di guida sicura a vantaggio dei giovani che rappresentano la categoria pi\u00f9 a rischio. Per la parte pratico-interattiva hanno partecipato all\u2019iniziativa anche operatori delle Volanti della Polizia di Stato (113), i Vigili del Fuoco (115) e personale del Pronto Soccorso (118), i quali hanno simulato la dinamica di intervento su un sinistro stradale con veicolo ribaltato.<\/p>\n<p>&nbsp;<\/p>\n<hr \/>\n<p>&nbsp;<\/p>\n<p>&nbsp;<\/p>\n<blockquote>\n<h3>OGGI LA MOSTRA &#8220;C&#8217;ERA UNA VOLTA IN ITALIA&#8221;<\/h3>\n<\/blockquote>\n<p><strong>BORGO VALBELLUNA<\/strong><\/p>\n<p>di Roberto Bona<\/p>\n<audio class=\"wp-audio-shortcode\" id=\"audio-303708-11\" preload=\"none\" style=\"width: 100%;\" controls=\"controls\"><source type=\"audio\/mpeg\" src=\"https:\/\/www.radiopiu.net\/wordpress\/wp-content\/uploads\/2022\/10\/gr-19-la-mostra-cera-una-volta-in-italia.mp3?_=11\" \/><a href=\"https:\/\/www.radiopiu.net\/wordpress\/wp-content\/uploads\/2022\/10\/gr-19-la-mostra-cera-una-volta-in-italia.mp3\">https:\/\/www.radiopiu.net\/wordpress\/wp-content\/uploads\/2022\/10\/gr-19-la-mostra-cera-una-volta-in-italia.mp3<\/a><\/audio>\n<p>&nbsp;<\/p>\n<p>&nbsp;<\/p>\n<hr \/>\n<p>&nbsp;<\/p>\n<blockquote>\n<h3>QUESTA SERA NELLE GROTTE PIU&#8217; PROFONDE DELLE DOLOMITI, CON FRANCESCO SAURO<\/h3>\n<\/blockquote>\n<p><strong><img loading=\"lazy\" decoding=\"async\" class=\"alignleft\" src=\"https:\/\/www.radiopiu.net\/wordpress\/wp-content\/uploads\/2022\/10\/Senza-nome-58.jpg\" width=\"111\" height=\"105\" \/>FELTRE<\/strong>\u00a0 Questa sera<span style=\"font-family: Tahoma, Verdana;\">, alle\u00a0 21, presso l&#8217;auditorium dell&#8217;Istituto Canossiano di Feltre, Francesco Sauro, insegnante presso l&#8217;Universit\u00e0 di Bologna e consulente dell&#8217;Agenzia Spaziale Europea, condurr\u00e0 il pubblico alla scoperta delle grotte pi\u00f9 profonde ed estese delle Dolomiti, uno dei complessi carsici pi\u00f9 importanti d&#8217;Europa, che si sviluppa nelle profondit\u00e0 dei Piani Eterni, splendido altopiano carsico che si trova nel cuore del Parco Nazionale Dolomiti Bellunesi. Grotte\u00a0 esplorate da oltre trent&#8217;anni da diversi gruppi speleologici veneti, che si sono spinti fino ad oltre 1.000 metri di profondit\u00e0; il professor Sauro racconter\u00e0 la storia di questa lunga esplorazione, che riserva ogni anno nuove scoperte. L&#8217;ingresso alla serata \u00e8 libero.<\/span><\/p>\n<p><strong>L&#8217;INTERVISTA, OSPITE DI RADIO PIU&#8217; NEVIO DE COL DEL GRUPPO SPELEOLOGICO CAI DI FELTRE AL QUALE AFFIDIAMO LA PRESENTAZIONE DELL&#8217;EVENTO DI QUESTA SERA<\/strong><\/p>\n<p><strong>AUDIO<\/strong><\/p>\n<audio class=\"wp-audio-shortcode\" id=\"audio-303708-12\" preload=\"none\" style=\"width: 100%;\" controls=\"controls\"><source type=\"audio\/mpeg\" src=\"https:\/\/www.radiopiu.net\/wordpress\/wp-content\/uploads\/2022\/10\/NEVIO.mp3?_=12\" \/><a href=\"https:\/\/www.radiopiu.net\/wordpress\/wp-content\/uploads\/2022\/10\/NEVIO.mp3\">https:\/\/www.radiopiu.net\/wordpress\/wp-content\/uploads\/2022\/10\/NEVIO.mp3<\/a><\/audio>\n<p>&nbsp;<\/p>\n<blockquote><p><strong><a href=\"https:\/\/www.radiopiu.net\/wordpress\/wp-content\/uploads\/2022\/10\/francesco_sauro_25.webp\"><img loading=\"lazy\" decoding=\"async\" class=\"wp-image-302610 alignleft\" src=\"https:\/\/www.radiopiu.net\/wordpress\/wp-content\/uploads\/2022\/10\/francesco_sauro_25-300x247.webp\" alt=\"\" width=\"172\" height=\"142\" srcset=\"https:\/\/www.radiopiu.net\/wordpress\/wp-content\/uploads\/2022\/10\/francesco_sauro_25-300x247.webp 300w, https:\/\/www.radiopiu.net\/wordpress\/wp-content\/uploads\/2022\/10\/francesco_sauro_25-768x632.webp 768w, https:\/\/www.radiopiu.net\/wordpress\/wp-content\/uploads\/2022\/10\/francesco_sauro_25.webp 877w\" sizes=\"auto, (max-width: 172px) 100vw, 172px\" \/><\/a>Francesco Sauro<\/strong>, ha 30 anni ed \u00e8 un geologo veneto, appassionato di speleologia. Volto noto televisivo anche per le frequenti apparizioni nelle trasmissioni del compianto Piero Angela. In bacheca ha messo il premio Rolex Award for Enterprise\u00a0 che non \u00e8\u00a0 per tutti. Per conquistarlo bisogna essere inventivi, appassionati, caparbi. Bisogna soprattutto dimostrare spirito di iniziativa. Riconosciuto dal Time Magazine come uno dei giovani millenials che stanno avendo un impatto positivo sulla visione del nostro pianeta. In oltre quaranta spedizioni, ha esplorato grotte e canyon dal Sud America all\u2019Asia Centrale, guidando team multidisciplinari di ricercatori. Sauro ci ricorda nel suo ultimo libro \u201cIl Continente Buio\u201d di come si possa essere esploratori anche alle porte di casa, come \u00e8 avvenuto nella straordinaria epopea esplorativa del Sistema Carsico dei Piani Eterni nel Parco Nazionale Dolomiti Bellunesi. Si tratta della grotta pi\u00f9 profonda e lunga delle Dolomiti, una delle maggiori d\u2019Europa.<\/p><\/blockquote>\n<p>&nbsp;<\/p>\n<hr \/>\n<p>&nbsp;<\/p>\n<p>&nbsp;<\/p>\n<blockquote>\n<h2>MORENO PESCE, QUANDO L&#8217;AMPUTAZIONE NON FERMA LA PASSIONE<\/h2>\n<\/blockquote>\n<p><strong><span style=\"color: #ff0000;\">DIRETTA RADIOPIU&#8217;<\/span><\/strong><\/p>\n<blockquote><p><img loading=\"lazy\" decoding=\"async\" class=\"alignleft\" src=\"https:\/\/www.radiopiu.net\/wordpress\/wp-content\/uploads\/2022\/10\/Senza-nome-95.jpg\" width=\"174\" height=\"102\" \/>&#8220;<em>Non mi posso far privare da chi mi vuole bene di vivere la mia vita. T&#8217;ho cava via la foto de la Tofana in cusina perch\u00e9 g&#8217;avevo paura che te dese fastidio. E nell&#8217;agosto del 2022 sono andato sulla Tofana senza una gamba, ho fatto una nuova foto e ho cambiato quella che c&#8217;era in cucina&#8221;<\/em><\/p><\/blockquote>\n<p>LE STORIE DI SERE D&#8217;AUTUNNO, MORENO PESCE IN SALA DON TAMIS AD AGORDO <span style=\"color: #0000ff;\"><a style=\"color: #0000ff;\" href=\"https:\/\/www.facebook.com\/marco.baghy.1\/videos\/629672935280620\">CLICCA QUI\u00a0<\/a><\/span><\/p>\n<p>&nbsp;<\/p>\n<p>&nbsp;<\/p>\n<p>&nbsp;<\/p>\n<hr \/>\n<blockquote>\n<h3><\/h3>\n<h3>BANDO DI CONCORSO PER UN OPERAIO-MURATORE<\/h3>\n<\/blockquote>\n<p><strong><a class=\"dt-pswp-item\" href=\"https:\/\/www.radiopiu.net\/wordpress\/wp-content\/uploads\/2020\/09\/FALCADE-1.jpg\" data-dt-img-description=\"\" data-large_image_width=\"960\" data-large_image_height=\"720\"><img loading=\"lazy\" decoding=\"async\" class=\"wp-image-163186 alignleft\" src=\"https:\/\/www.radiopiu.net\/wordpress\/wp-content\/uploads\/2020\/09\/FALCADE-1-300x225.jpg\" alt=\"\" width=\"167\" height=\"125\" srcset=\"https:\/\/www.radiopiu.net\/wordpress\/wp-content\/uploads\/2020\/09\/FALCADE-1-300x225.jpg 300w, https:\/\/www.radiopiu.net\/wordpress\/wp-content\/uploads\/2020\/09\/FALCADE-1-768x576.jpg 768w, https:\/\/www.radiopiu.net\/wordpress\/wp-content\/uploads\/2020\/09\/FALCADE-1-640x480.jpg 640w, https:\/\/www.radiopiu.net\/wordpress\/wp-content\/uploads\/2020\/09\/FALCADE-1.jpg 960w\" sizes=\"auto, (max-width: 167px) 100vw, 167px\" \/><\/a>FALCADE<\/strong>\u00a0Il Comune ha indetto un concorso pubblico\u00a0 per l&#8217;assunzione, a tempo pieno e indeterminato, di\u00a0 un operaio specializzato autista-muratore \u2013 area tecnica. Le domande di partecipazione dovranno pervenire al Comune di Falcade entro il 7 novembre alle 18, secondo le modalit\u00e0 previste dal Bando di Concorso pubblicato sul sito istituzionale dell\u2019Ente. Per ogni informazione, i candidati potranno rivolgersi al Comune di Falcade (tel. 0437-599735 &#8211; cell. 347\/1521259; posta elettronica: <a href=\"mailto:segretario.falcade@agordino.bl.it\">segretario.falcade@agordino.bl.it<\/a>\u00a0oppure <a href=\"mailto:ragioneria.falcade@agordino.bl.it\">ragioneria.falcade@agordino.bl.it<\/a>).<\/p>\n<p>&nbsp;<\/p>\n<p>&nbsp;<\/p>\n<p>&nbsp;<\/p>\n<hr \/>\n<p>&nbsp;<\/p>\n<blockquote>\n<h2>NEL RICORDO DELLE VITTIME DELLA GUERRA E DELL&#8217;ALLUVIONE<\/h2>\n<\/blockquote>\n<p><strong>FALCADE<\/strong> Il sindaco Mauro Salvaterra a nome dell&#8217;amminsitrazione comunale e della cittadinanza ricorda con commozione e riconoscenza i cittadini caduti in guerra e periti nell&#8217;alluvione del 1966. Venerdi 4 novembre la celebrazione alle 14 in piazza a Somor nell&#8217;anniversario della grande alluvione, in caso di maltempo la messa verr\u00e0 celebrata in chiesa a Falcade Alto.<\/p>\n<blockquote><p><em>Nel ricordo dei Caduti di tutte le guerre, con la speranza di un futuro di pace<\/em><\/p><\/blockquote>\n<p>Domenica 6 novembre festa dell&#8217;Unit\u00e0 Nazionale e delle Forze Armate con la messa alle 10.30 in chiesa a Falcade, al termine la deposizione della corona al Monumento dei Caduti e presso le altre lapidi a ricordo. Con la partecipazione dei gruppi Ana di Falcade, Caviola-Cime d&#8217;Auta, Canale d&#8217;Agordo-Caviola.<\/p>\n<p>&nbsp;<\/p>\n<p>&nbsp;<\/p>\n<hr \/>\n<p>&nbsp;<\/p>\n<blockquote>\n<h3>NEL CONSIGLIO DI COLLE SANTA LUCIA IL REFERENDUM DI 15 ANNI FA<\/h3>\n<\/blockquote>\n<p><strong>COLLE SANTA LUCIA\u00a0<\/strong> Il sindaco Paolo Frena ha convocato i consiglieri per\u00a0 questa mattina alle 8. In discussione: variazione al bilancio, convenzione con i Comuni di Veggiano, Fonzaso, Falcade, Vallada e Colle Santa Lucia per la gestione associata dell&#8217;ufficio di Segretario comunale, esame ed adozione variante verdi per la riclassificazione di aree edificabili per il 2022. Ordine del giorno: attuazione, a distanza di 15 anni dal Referendum per il distacco dei Comuni di Colle Santa Lucia, Livinallongo e Cortina, dalla Regione Veneto e aggregazione al Trentino Alto Adige.<\/p>\n<blockquote>\n<h3>L&#8217;ARMA AGLI AGENTI DI PUBBLICA SICUREZZA<\/h3>\n<\/blockquote>\n<p><strong>FALCADE<\/strong> Giovedi alle 20 consiglio comunale a Falcade, all&#8217;ordine del giorno l&#8217;approvazione della convenzione per la gestione del servizio dell&#8217;ufficio di segretario comunale con i Comuni di Veggiano, Fonzaso, Vallada, e Colle Santa Lucia; modifiche al regolamento di Polizia Municipale e dall&#8217;armamento degli agenti di pubblica sicurezza;\u00a0 12^ variazione al bilancio.<\/p>\n<blockquote>\n<h3>VENERDI IL CONSIGLIO DELL&#8217;UNIONE MONTANA AGORDINA<\/h3>\n<\/blockquote>\n<p><strong>AGORDO<\/strong> Venerdi alle 20.30 consiglio dell&#8217;Unione Montana Agordina in Sala Don Tamis. All&#8217;ordine del giorno la variazione al bilancio, l&#8217;affidamento in house della gestione del ciclo integrato dei rifiuti da parte del consiglio di bacino e comunicazioni del presidente Paolo Frena.<\/p>\n<p>&nbsp;<\/p>\n<p>&nbsp;<\/p>\n<hr \/>\n<p>&nbsp;<\/p>\n<blockquote>\n<h3>RIMESSO A NUOVO IL MONUMENTO AI CADUTI DI CALEIPO<\/h3>\n<\/blockquote>\n<p><strong>BELLUNO\u00a0<\/strong> Il monumento di Caleipo ai Caduti della prima e della seconda guerra mondiale \u00e8 stato rimesso a nuovo. Grazie alla sezione alpini di Castion guidata da Stefano Cibien, nei giorni scorsi l\u2019opera \u00e8 stata ripulita e liberata dalla vegetazione infestante, ne seguir\u00e0 la piantumazione da parte del Comune di fiori e piante. Cos\u00ec quest\u2019anno, per la tradizionale cerimonia del primo novembre, il monumento si presenter\u00e0 pulito e ordinato.<\/p>\n\n\t\t\t<style type='text\/css'>\n\t\t\t\t#gallery-5 {\n\t\t\t\t\tmargin: auto;\n\t\t\t\t}\n\t\t\t\t#gallery-5 .gallery-item {\n\t\t\t\t\tfloat: left;\n\t\t\t\t\tmargin-top: 10px;\n\t\t\t\t\ttext-align: center;\n\t\t\t\t\twidth: 33%;\n\t\t\t\t}\n\t\t\t\t#gallery-5 img {\n\t\t\t\t\tborder: 2px solid #cfcfcf;\n\t\t\t\t}\n\t\t\t\t#gallery-5 .gallery-caption {\n\t\t\t\t\tmargin-left: 0;\n\t\t\t\t}\n\t\t\t\t\/* see gallery_shortcode() in wp-includes\/media.php *\/\n\t\t\t<\/style>\n\t\t<div id='gallery-5' class='dt-gallery-container gallery galleryid-303708 gallery-columns-3 gallery-size-thumbnail'><dl class='gallery-item'>\n\t\t\t\t<dt class='gallery-icon landscape'>\n\t\t\t\t\t<a class=\"rollover rollover-zoom dt-pswp-item\" title=\"Pulizia monumento Caleipo\" data-dt-img-description=\"\" data-large_image_width=\"1600\" data-large_image_height=\"1200\"href='https:\/\/www.radiopiu.net\/wordpress\/wp-content\/uploads\/2022\/10\/Pulizia-monumento-Caleipo.jpeg'><img loading=\"lazy\" decoding=\"async\" width=\"150\" height=\"150\" src=\"https:\/\/www.radiopiu.net\/wordpress\/wp-content\/uploads\/2022\/10\/Pulizia-monumento-Caleipo-150x150.jpeg\" class=\"attachment-thumbnail size-thumbnail\" alt=\"\" \/><\/a>\n\t\t\t\t<\/dt><\/dl><dl class='gallery-item'>\n\t\t\t\t<dt class='gallery-icon portrait'>\n\t\t\t\t\t<a class=\"rollover rollover-zoom dt-pswp-item\" title=\"Pulizia monumento Caleipo4\" data-dt-img-description=\"\" data-large_image_width=\"1200\" data-large_image_height=\"1600\"href='https:\/\/www.radiopiu.net\/wordpress\/wp-content\/uploads\/2022\/10\/Pulizia-monumento-Caleipo4.jpeg'><img loading=\"lazy\" decoding=\"async\" width=\"150\" height=\"150\" src=\"https:\/\/www.radiopiu.net\/wordpress\/wp-content\/uploads\/2022\/10\/Pulizia-monumento-Caleipo4-150x150.jpeg\" class=\"attachment-thumbnail size-thumbnail\" alt=\"\" \/><\/a>\n\t\t\t\t<\/dt><\/dl><dl class='gallery-item'>\n\t\t\t\t<dt class='gallery-icon landscape'>\n\t\t\t\t\t<a class=\"rollover rollover-zoom dt-pswp-item\" title=\"Pulizia monumento Caleipo2\" data-dt-img-description=\"\" data-large_image_width=\"1600\" data-large_image_height=\"1200\"href='https:\/\/www.radiopiu.net\/wordpress\/wp-content\/uploads\/2022\/10\/Pulizia-monumento-Caleipo2.jpeg'><img loading=\"lazy\" decoding=\"async\" width=\"150\" height=\"150\" src=\"https:\/\/www.radiopiu.net\/wordpress\/wp-content\/uploads\/2022\/10\/Pulizia-monumento-Caleipo2-150x150.jpeg\" class=\"attachment-thumbnail size-thumbnail\" alt=\"\" \/><\/a>\n\t\t\t\t<\/dt><\/dl><br style=\"clear: both\" \/>\n\t\t\t<\/div>\n\n<p>&nbsp;<\/p>\n<p>&nbsp;<\/p>\n<p>&nbsp;<\/p>\n<hr \/>\n<p>&nbsp;<\/p>\n<p>&nbsp;<\/p>\n<blockquote>\n<h3>BORSE DI STUDIO PER GLI STUDENTI<\/h3>\n<\/blockquote>\n<p><strong> ALLEGHE<\/strong> Il Comune ha pubblicato il bando per l\u2019assegnazione di borse di studio comunali agli studenti, residenti, frequentanti le scuole superiori, che hanno conseguito il diploma di maturit\u00e0 nel 2022 o laureatesi entro il mese di ottobre 2022. Il modulo di domanda si pu\u00f2 reperire all\u2019albo pretorio online nel sito del Comune di Alleghe o richiedere direttamente all\u2019Ufficio Servizi Demografici; le domande potranno essere inoltrate fino al 19 dicembre 2022<\/p>\n<p>&nbsp;<\/p>\n<p>&nbsp;<\/p>\n<p>&nbsp;<\/p>\n<hr \/>\n<p>&nbsp;<\/p>\n<blockquote>\n<h3>QUATTRO\u00a0 INCONTRI CON PETTIROSSO AGORDINO<\/h3>\n<\/blockquote>\n<p><strong><a class=\"dt-pswp-item\" href=\"https:\/\/www.radiopiu.net\/wordpress\/wp-content\/uploads\/2022\/05\/petti.jpg\" data-dt-img-description=\"\" data-large_image_width=\"269\" data-large_image_height=\"131\"><img loading=\"lazy\" decoding=\"async\" class=\"size-full wp-image-275145 alignleft\" src=\"https:\/\/www.radiopiu.net\/wordpress\/wp-content\/uploads\/2022\/05\/petti.jpg\" alt=\"\" width=\"269\" height=\"131\" \/><\/a>CENCENIGHE<\/strong>\u00a0Il 2 novembre sar\u00e0 affrontato il tema &#8220;Come districarsi fra burocrazia, ausili e movimentazioni&#8221; con Stefano Masini (assistente sociale di Asca) e Roberto Agnolet (fisioterapista) su &#8220;Come posso facilitare le autonomie?&#8221;. Il 9 novembre l&#8217;argomento trattato da Cristina Balest (educatrice) e Letizia Collazuol (coordinatrice dell&#8217;equipe Sersa) sar\u00e0 &#8220;La gestione della persona con demenza in struttura&#8221;. Conclusione il 16 novembre con &#8220;L&#8217;impegno a tempo pieno di chi assiste la persona con demenza&#8221; in cui Erica Calvi (psicologa di Sersa) evidenzier\u00e0 la fatica invisibile di chi si prende cura di una persona malata.<\/p>\n<p><strong>di Gianni Santomaso<\/strong><\/p>\n<audio class=\"wp-audio-shortcode\" id=\"audio-303708-13\" preload=\"none\" style=\"width: 100%;\" controls=\"controls\"><source type=\"audio\/mpeg\" src=\"https:\/\/www.radiopiu.net\/wordpress\/wp-content\/uploads\/2022\/10\/GIANNI-PETTIROSSO.mp3?_=13\" \/><a href=\"https:\/\/www.radiopiu.net\/wordpress\/wp-content\/uploads\/2022\/10\/GIANNI-PETTIROSSO.mp3\">https:\/\/www.radiopiu.net\/wordpress\/wp-content\/uploads\/2022\/10\/GIANNI-PETTIROSSO.mp3<\/a><\/audio>\n<h3 class=\"entry-title\"><\/h3>\n<p>&nbsp;<\/p>\n<p>&nbsp;<\/p>\n<hr \/>\n<p>&nbsp;<\/p>\n<blockquote>\n<h3><\/h3>\n<h3>ASSOCIAZIONE DAFNE. Venerd\u00ec 4 novembre 2022 alle 18,15 Sala Bianchi &#8220;Eliseo Dal Pont&#8221;<\/h3>\n<\/blockquote>\n<p><strong>BELLUNO<\/strong> Riprendono gli incontri del programma &#8220;Per fortuna siamo tutti genitori imperfetti&#8221; con l&#8217;appuntamento &#8220;ADOLESCENTI: IDENTITA&#8217; DI GENERE E SESSUALITA'&#8221;. La dott.ssa Anna Dal Pan ,psicologa e psicoterapeuta , indicher\u00e0 un percorso attraverso l&#8217;infinito mondo delle sfumature dell&#8217;identit\u00e0 di genere e della sessualit\u00e0 degli esseri umani , ma con l&#8217;ottica dei nostri figli. Un viaggio per riflettere sui concetti di morale e di etica e soprattutto di diritti e di inclusione, in un tempo in cui ognuno di noi ha il dovere di confrontarsi e relazionarsi con le PERSONE. Questo incontro si intreccia con il progetto OTUIA\/AIUTO, finanziato dal bando per la co-progettazione sociale-anno 2021 del CSV Belluno Treviso Per info chiamare il 3397937503 o inviare una e-mail a <a href=\"mailto:info@associazionedafne.it\" target=\"_blank\" rel=\"noopener noreferrer\">info@associazionedafne.it<\/a>&lt;mailto:<a href=\"mailto:info@associazionedafne.it\" target=\"_blank\" rel=\"noopener noreferrer\">info@associazionedafne.it<\/a>&gt;<\/p>\n<p>&nbsp;<\/p>\n<p>&nbsp;<\/p>\n<hr \/>\n<blockquote>\n<h3><\/h3>\n<h3>EMIGRAZIONE DALLE DOLOMITI NEL CORSO DEL NOVECENTO, DI LUCIANA PALLA con L&#8217;istituto Cultural Ladin Cesa de Jan, Comune di Agordo e Oltre le Vette.<\/h3>\n<\/blockquote>\n<p><strong>AGORDO<\/strong> Dal 31 ottobre al 28 novembre la mostra in sala Don Tamis, Domani\u00a0 alle 17 inaugurazione e presentazione del volume sull&#8217;emigrazione nelle Dolomiti, con la partecipazione di Loris Santomaso. La mostra sar\u00e0 aperta dal\u00a0 lunedi dalle 15 alle 18, mercoledi e giovedi dalle 9 alle 12 venerdi dalle 15 alle 18 sabato dalle 9 alle 12, dalle 15 alle 18 e domenica dalle 15 alle 18.<\/p>\n<blockquote><p><em>L\u2019esposizione, composta da numerose fotografie e documenti vari, illustra i pi\u00f9 importanti aspetti dell&#8217;emigrazione, risultato di una ricerca storica pluriennale condotta negli archivi e arricchita da interviste e documenti raccolti con il contributo dei testimoni stessi.Completa l\u2019esposizione un filmato di mezz\u2019ora con quattro interviste a persone anziane che raccontano le dolorose vicende di chi \u00e8 partito, e anche quelle, altrettanto difficili, di chi \u00e8 rimasto in paese. I testi sui pannelli sono in italiano e in ladino.<\/em><\/p><\/blockquote>\n<p>&nbsp;<\/p>\n<p>&nbsp;<\/p>\n<hr \/>\n<p>&nbsp;<\/p>\n<p><a class=\"dt-pswp-item\" href=\"https:\/\/www.radiopiu.net\/wordpress\/wp-content\/uploads\/2022\/10\/Senza-nome-75.jpg\" data-dt-img-description=\"\" data-large_image_width=\"988\" data-large_image_height=\"220\"><img loading=\"lazy\" decoding=\"async\" class=\"size-medium wp-image-303244 aligncenter\" src=\"https:\/\/www.radiopiu.net\/wordpress\/wp-content\/uploads\/2022\/10\/Senza-nome-75-300x67.jpg\" alt=\"\" width=\"300\" height=\"67\" srcset=\"https:\/\/www.radiopiu.net\/wordpress\/wp-content\/uploads\/2022\/10\/Senza-nome-75-300x67.jpg 300w, https:\/\/www.radiopiu.net\/wordpress\/wp-content\/uploads\/2022\/10\/Senza-nome-75-768x171.jpg 768w, https:\/\/www.radiopiu.net\/wordpress\/wp-content\/uploads\/2022\/10\/Senza-nome-75.jpg 988w\" sizes=\"auto, (max-width: 300px) 100vw, 300px\" \/><\/a><\/p>\n<p><strong>BELLUNO<\/strong>\u00a0 Vent&#8217;anni di Alfa Romeo Club Belluno,\u00a0 Oggi alle 15 ritrovo in via Tiziano Vecellio presso la concessionaria De Bona, trasferimento per i giochi di abilit\u00e0 alla guida della propria auto presso il piazzale autotrasporti Da Canal a Sedico, cena alla Buona Tavola al Peron di Sedico. info 333 2057393 o pagina facebook del club<\/p>\n<p>&nbsp;<\/p>\n<hr \/>\n<p>&nbsp;<\/p>\n<blockquote>\n<h3 dir=\"auto\">\u00a0L&#8217;ULTIMA DOMENICA AL CASTELLO DI ANDRAZ<\/h3>\n<\/blockquote>\n<p><strong>LIVINALLONGO <\/strong>Domani\u00a0 alle 15, per chiudere insieme la stagione. Castagne e vin brul\u00e9, e, per bambini e ragazzi (ma anche per chiunque volesse) ci saranno due turni di visita con letture animate. Il tema, visto il periodo, saranno i personaggi pi\u00f9 strani e misteriosi delle leggende ladine\u2026<\/p>\n<a href=\"https:\/\/www.radiopiu.net\/wordpress\/wp-content\/uploads\/2022\/10\/30ottobre.lab_.pdf\" class=\"pdfemb-viewer\" style=\"\" data-width=\"max\" data-height=\"max\" data-toolbar=\"top\" data-toolbar-fixed=\"on\">30ottobre.lab<\/a>\n<p>&nbsp;<\/p>\n<p>&nbsp;<\/p>\n<hr \/>\n<p>&nbsp;<\/p>\n<blockquote>\n<h3>PER L&#8217;UOMO E IL SUO BENESSERE, MAGIA OLISTICA<\/h3>\n<\/blockquote>\n<p><strong>L&#8217;INVITO.. DI PAOLA FERRARO<\/strong><\/p>\n<audio class=\"wp-audio-shortcode\" id=\"audio-303708-14\" preload=\"none\" style=\"width: 100%;\" controls=\"controls\"><source type=\"audio\/mpeg\" src=\"https:\/\/www.radiopiu.net\/wordpress\/wp-content\/uploads\/2022\/10\/PAOLA-UFFICIALE.mp3?_=14\" \/><a href=\"https:\/\/www.radiopiu.net\/wordpress\/wp-content\/uploads\/2022\/10\/PAOLA-UFFICIALE.mp3\">https:\/\/www.radiopiu.net\/wordpress\/wp-content\/uploads\/2022\/10\/PAOLA-UFFICIALE.mp3<\/a><\/audio>\n<p>&nbsp;<\/p>\n<p><a class=\"dt-pswp-item\" href=\"https:\/\/www.radiopiu.net\/wordpress\/wp-content\/uploads\/2022\/10\/7e5d20db-da12-436c-ace9-44a43d7bd728-1.jpg\" data-dt-img-description=\"\" data-large_image_width=\"1920\" data-large_image_height=\"1920\"><img loading=\"lazy\" decoding=\"async\" class=\"alignnone size-medium wp-image-303721\" src=\"https:\/\/www.radiopiu.net\/wordpress\/wp-content\/uploads\/2022\/10\/7e5d20db-da12-436c-ace9-44a43d7bd728-1-300x300.jpg\" alt=\"\" width=\"300\" height=\"300\" srcset=\"https:\/\/www.radiopiu.net\/wordpress\/wp-content\/uploads\/2022\/10\/7e5d20db-da12-436c-ace9-44a43d7bd728-1-300x300.jpg 300w, https:\/\/www.radiopiu.net\/wordpress\/wp-content\/uploads\/2022\/10\/7e5d20db-da12-436c-ace9-44a43d7bd728-1-1024x1024.jpg 1024w, https:\/\/www.radiopiu.net\/wordpress\/wp-content\/uploads\/2022\/10\/7e5d20db-da12-436c-ace9-44a43d7bd728-1-150x150.jpg 150w, https:\/\/www.radiopiu.net\/wordpress\/wp-content\/uploads\/2022\/10\/7e5d20db-da12-436c-ace9-44a43d7bd728-1-768x768.jpg 768w, https:\/\/www.radiopiu.net\/wordpress\/wp-content\/uploads\/2022\/10\/7e5d20db-da12-436c-ace9-44a43d7bd728-1-1536x1536.jpg 1536w, https:\/\/www.radiopiu.net\/wordpress\/wp-content\/uploads\/2022\/10\/7e5d20db-da12-436c-ace9-44a43d7bd728-1.jpg 1920w\" sizes=\"auto, (max-width: 300px) 100vw, 300px\" \/><\/a><\/p>\n<p>&nbsp;<\/p>\n<p>&nbsp;<\/p>\n<hr \/>\n<p>&nbsp;<\/p>\n<h1><span style=\"color: #ff0000;\">IERI ALLA RADIO\u00a0\u00a0<\/span><\/h1>\n<h2><span style=\"color: #008080;\">&#8220;DINTORN E FORA VIA&#8221;\u00a0<\/span><span style=\"color: #008080;\"> IL PROGRAMMA\u00a0 <\/span><span style=\"color: #008080;\">A CURA DEL MUSLA<\/span><span style=\"color: #008080;\">\u00a0 \u00a0<\/span><\/h2>\n<p><strong>PUNTATA DEL 28 OTTOBRE 2022- CON\u00a0 \u00a0ERIK MARCON<br \/>\n<\/strong><\/p>\n<p><strong>AUDIO<\/strong><\/p>\n<audio class=\"wp-audio-shortcode\" id=\"audio-303708-15\" preload=\"none\" style=\"width: 100%;\" controls=\"controls\"><source type=\"audio\/mpeg\" src=\"https:\/\/www.radiopiu.net\/wordpress\/wp-content\/uploads\/2022\/10\/MUSLA-10.mp3?_=15\" \/><a href=\"https:\/\/www.radiopiu.net\/wordpress\/wp-content\/uploads\/2022\/10\/MUSLA-10.mp3\">https:\/\/www.radiopiu.net\/wordpress\/wp-content\/uploads\/2022\/10\/MUSLA-10.mp3<\/a><\/audio>\n<p><strong>\u00a0\u00a0<\/strong><\/p>\n<p>&nbsp;<\/p>\n<hr \/>\n<p>&nbsp;<\/p>\n<blockquote class=\"wp-embedded-content\" data-secret=\"c4xpXQBoIQ\"><p><a href=\"https:\/\/www.radiopiu.net\/wordpress\/tappa8\/\">IN VIAGGIO CON STEFANO  E PAOLO, FINO ALLA FINE DEL MONDO PER IL COMITATO POLLICINO.<\/a><\/p><\/blockquote>\n<p><iframe loading=\"lazy\" class=\"wp-embedded-content\" sandbox=\"allow-scripts\" security=\"restricted\" style=\"position: absolute; clip: rect(1px, 1px, 1px, 1px);\" title=\"&#8220;IN VIAGGIO CON STEFANO  E PAOLO, FINO ALLA FINE DEL MONDO PER IL COMITATO POLLICINO.&#8221; &#8212; Radio Pi\u00f9\" src=\"https:\/\/www.radiopiu.net\/wordpress\/tappa8\/embed\/#?secret=E8B5qPg63b#?secret=c4xpXQBoIQ\" data-secret=\"c4xpXQBoIQ\" width=\"600\" height=\"338\" frameborder=\"0\" marginwidth=\"0\" marginheight=\"0\" scrolling=\"no\"><\/iframe><\/p>\n<p>&nbsp;<\/p>\n<p>&nbsp;<\/p>\n<hr \/>\n<p>&nbsp;<\/p>\n<p>&nbsp;<\/p>\n<blockquote>\n<h3>LA VIA GLI SPETTACOLI DEL MISTERO<\/h3>\n<\/blockquote>\n<p><strong><a class=\"dt-pswp-item\" href=\"https:\/\/www.radiopiu.net\/wordpress\/wp-content\/uploads\/2022\/10\/DSC0458.jpg\" data-dt-img-description=\"\" data-large_image_width=\"1280\" data-large_image_height=\"854\"><img loading=\"lazy\" decoding=\"async\" class=\" wp-image-303168 alignleft\" src=\"https:\/\/www.radiopiu.net\/wordpress\/wp-content\/uploads\/2022\/10\/DSC0458-300x200.jpg\" alt=\"\" width=\"231\" height=\"154\" srcset=\"https:\/\/www.radiopiu.net\/wordpress\/wp-content\/uploads\/2022\/10\/DSC0458-300x200.jpg 300w, https:\/\/www.radiopiu.net\/wordpress\/wp-content\/uploads\/2022\/10\/DSC0458-1024x683.jpg 1024w, https:\/\/www.radiopiu.net\/wordpress\/wp-content\/uploads\/2022\/10\/DSC0458-768x512.jpg 768w, https:\/\/www.radiopiu.net\/wordpress\/wp-content\/uploads\/2022\/10\/DSC0458.jpg 1280w\" sizes=\"auto, (max-width: 231px) 100vw, 231px\" \/><\/a>BELLUNO<\/strong> <a class=\"dt-pswp-item\" href=\"https:\/\/www.radiopiu.net\/wordpress\/wp-content\/uploads\/2022\/10\/20211023_174056.jpg\" data-dt-img-description=\"\" data-large_image_width=\"0\" data-large_image_height=\"0\"><img loading=\"lazy\" decoding=\"async\" class=\"alignnone size-medium wp-image-303165\" src=\"https:\/\/www.radiopiu.net\/wordpress\/wp-content\/uploads\/2022\/10\/20211023_174056.jpg\" alt=\"\" width=\"1\" height=\"1\" \/><\/a>La prima data, quella provinciale, \u00e8 oggi e, grazie all\u2019apporto della Pro loco Pieve Castionese, si terr\u00e0 proprio nel centro di Belluno, passando per le rive del Piave. L\u2019appuntamento s\u2019intitola \u201cGocce di mistero\u201d; una passeggiata che si avvarr\u00e0 della consulenza storica di Marco Perale. Riprendendo il fil rouge regionale, la camminata sar\u00e0 dedicata al legame inscindibile tra Belluno e l\u2019acqua. La citt\u00e0 e l\u2019intera provincia sorgono, infatti, lungo le rive del Piave, fiume che ha sempre rappresentato per questi luoghi l\u2019elemento vitale per la sussistenza, il lavoro e la difesa. Saranno approfonditi tre aspetti: l\u2019idromanzia, gli zattieri, le fontane.\u00a0 Si ripercoreranno i luoghi degli \u201cZater del Piave\u201d, coloro che portavano il legname dal Cadore a Venezia, passando per la dogana di Borgo Pr\u00e0 fino alle fontane \u201cballerine\u201d del centro storico. La partenza avverr\u00e0 a gruppi dalle 17.30 alle 19 e sar\u00e0 a numero limitato su prenotazione; per info 393 0560052, <a href=\"mailto:info@prolocopievecastionese.it\">info@prolocopievecastionese.it<\/a>..<\/p>\n<p><a class=\"dt-pswp-item\" href=\"https:\/\/www.radiopiu.net\/wordpress\/wp-content\/uploads\/2022\/10\/20211023_174056.jpg\" data-dt-img-description=\"\" data-large_image_width=\"0\" data-large_image_height=\"0\"><img loading=\"lazy\" decoding=\"async\" class=\"alignnone size-medium wp-image-303165\" src=\"https:\/\/www.radiopiu.net\/wordpress\/wp-content\/uploads\/2022\/10\/20211023_174056.jpg\" alt=\"\" width=\"1\" height=\"1\" \/><\/a><\/p>\n<p>&nbsp;<\/p>\n<p>&nbsp;<\/p>\n<hr \/>\n<p>&nbsp;<\/p>\n<blockquote>\n<h3>LA MESSA IN SUFFRAGIO DEI CADUTI DELLA MONTAGNA<\/h3>\n<\/blockquote>\n<p><strong><a class=\"dt-pswp-item\" href=\"https:\/\/www.radiopiu.net\/wordpress\/wp-content\/uploads\/2022\/10\/MessaCadutiMontagna2022-Coro.jpg\" data-dt-img-description=\"\" data-large_image_width=\"1181\" data-large_image_height=\"811\"><img loading=\"lazy\" decoding=\"async\" class=\"size-medium wp-image-303033 alignleft\" src=\"https:\/\/www.radiopiu.net\/wordpress\/wp-content\/uploads\/2022\/10\/MessaCadutiMontagna2022-Coro-300x206.jpg\" alt=\"\" width=\"300\" height=\"206\" srcset=\"https:\/\/www.radiopiu.net\/wordpress\/wp-content\/uploads\/2022\/10\/MessaCadutiMontagna2022-Coro-300x206.jpg 300w, https:\/\/www.radiopiu.net\/wordpress\/wp-content\/uploads\/2022\/10\/MessaCadutiMontagna2022-Coro-1024x703.jpg 1024w, https:\/\/www.radiopiu.net\/wordpress\/wp-content\/uploads\/2022\/10\/MessaCadutiMontagna2022-Coro-768x527.jpg 768w, https:\/\/www.radiopiu.net\/wordpress\/wp-content\/uploads\/2022\/10\/MessaCadutiMontagna2022-Coro.jpg 1181w\" sizes=\"auto, (max-width: 300px) 100vw, 300px\" \/><\/a>AGORDO<\/strong> Si rinnova anche quest\u2019anno l\u2019appuntamento di fine ottobre con la Santa Messa in suffragio dei Caduti della Montagna, celebrata nella chiesa arcidiaconale di Agordo da mons. Cesare Larese e accompagnata dai canti del \u201cCoro Agordo\u201d. L&#8217;appuntamento \u00e8 per domani alle 18. Una sentita cerimonia, voluta dal Coro Agordo, che riunisce ormai da 47 anni l\u2019intero Agordino con le vallate limitrofe e tanta altra gente &#8211; alpinisti e non &#8211; dalla provincia e da fuori nel ricordo degli Amici agordini caduti in montagna e di coloro che hanno perso la vita sulle montagne agordine. L\u2019iniziativa avviene come sempre in collaborazione con la Sezione Agordina del CAI, la Parrocchia di S. Maria Nascente, i Gruppi Rocciatori \u201cGIR\u201d di Agordo e \u201cVal Bio\u0301is\u201d, le Stazioni agordine del Corpo Nazionale Soccorso Alpino e il Gruppo Alpini Agordo-Rivamonte-Taibon. Anche quest&#8217;anno la Santa Messa verra\u0300 trasmessa, non solo in diretta radio FM, ma anche in diretta video. Potra\u0300, infatti, essere seguita in streaming sul sito internet radiopiu.net oppure sulle pagine facebook: Radiopiu\u0300, o Radio Piu\u0300 Emittente Agordina, o Sei di Agordo se.<\/p>\n<a href=\"https:\/\/www.radiopiu.net\/wordpress\/wp-content\/uploads\/2022\/10\/Invito-2022.pdf\" class=\"pdfemb-viewer\" style=\"\" data-width=\"max\" data-height=\"max\" data-toolbar=\"top\" data-toolbar-fixed=\"on\">Invito 2022<\/a>\n<p>&nbsp;<\/p>\n<p>&nbsp;<\/p>\n<hr \/>\n<p>&nbsp;<\/p>\n<blockquote>\n<h3>I CRISANTEMI PER AIUTARE VILLA SAN FRANCESCO E LA COOPERATIVA ARCOBALENO &#8217;89<\/h3>\n<\/blockquote>\n<p><strong><a class=\"dt-pswp-item\" href=\"https:\/\/www.radiopiu.net\/wordpress\/wp-content\/uploads\/2022\/10\/ea72a086-2445-44b4-abc3-a29a2c228687.jpg\" data-dt-img-description=\"\" data-large_image_width=\"600\" data-large_image_height=\"384\"><img loading=\"lazy\" decoding=\"async\" class=\" wp-image-302510 alignleft\" src=\"https:\/\/www.radiopiu.net\/wordpress\/wp-content\/uploads\/2022\/10\/ea72a086-2445-44b4-abc3-a29a2c228687-300x192.jpg\" alt=\"\" width=\"166\" height=\"106\" srcset=\"https:\/\/www.radiopiu.net\/wordpress\/wp-content\/uploads\/2022\/10\/ea72a086-2445-44b4-abc3-a29a2c228687-300x192.jpg 300w, https:\/\/www.radiopiu.net\/wordpress\/wp-content\/uploads\/2022\/10\/ea72a086-2445-44b4-abc3-a29a2c228687.jpg 600w\" sizes=\"auto, (max-width: 166px) 100vw, 166px\" \/><\/a>AGORDO<\/strong>\u00a0 Domani\u00a0 dalle 9, sul sagrato della chiesa Santa Maria Nascente di Agordo, si svolger\u00e0 l\u2019ormai consueta vendita di crisantemi il cui ricavato andr\u00e0 a favore delle attivit\u00e0 della Comunit\u00e0 Alloggio \u201cVilla San Francesco\u201d di Facen di Pedavena e della collegata Cooperativa Arcobaleno\u201989. La \u201cComunit\u00e0 Villa S. Francesco\u201d nacque nel 1975 e da allora ospita bambini e ragazzi dai 6 ai 18 anni, in difficolt\u00e0 per problemi familiari, personali e bisognosi di riferimenti affettivi validi. Nella casa &#8211; comunit\u00e0 si cerca di far crescere i minori \u201cin sapienza\u201d, sviluppare le potenzialit\u00e0 personali, in un clima di stimolazione pedagogica e in un sano confronto con i pari e gli adulti. Nel 1986 inizia il progetto della cooperativa Arcobaleno \u201886. \u00c8 costituita da alcuni ragazzi svantaggiati, che accolti e aiutati a crescere, in maggiore et\u00e0 decidono di affrontare il loro e altrui futuro da protagonisti ed in forma associata, assieme a chi ha condiviso tratti significativi della loro vita, costituendo la prima cooperativa di solidariet\u00e0 sociale della provincia di Belluno. Oggi la Cooperativa si occupa di: attivit\u00e0 sociali, accoglienza ai giovani in difficolt\u00e0 per inserimenti sociali in contesti lavorativi, attivit\u00e0 culturali, ortofloricultura, manutenzione del verde, ceramiche decorate e raku, vetri artistici e bed &amp; breakfast. Comunit\u00e0 Alloggio e Cooperativa non ricevono sussidi da enti pubblici, ma bens\u00ec dalle entrate provenienti dalle loro attivit\u00e0 per cui ancor pi\u00f9 importante \u00e8 la possibilit\u00e0 di dimostrare concretamene la vicinanza a queste realt\u00e0 che si occupano del ben-essere dei minori e di adulti fragili e svantaggiati.<\/p>\n<h3><\/h3>\n<p>&nbsp;<\/p>\n<hr \/>\n<p>&nbsp;<\/p>\n<blockquote>\n<h2>FUORI STAGIONE, FUORI I PORCINI<\/h2>\n<\/blockquote>\n<p><strong>VOLTAGO<\/strong>\u00a0 A causa\u00a0 delle inusuali temperatura, ben sopra la norma di stagione,\u00a0 i porcini\u00a0 proliferano, questi sono stati raccolti stamane a 1700mt da Mario De Marco di Voltago, aiutato dalla passione, soprattutto dalla\u00a0 conoscenza del territorio<\/p>\n<p><a class=\"dt-pswp-item\" href=\"https:\/\/www.radiopiu.net\/wordpress\/wp-content\/uploads\/2022\/10\/b1d061d0-eb43-424c-92c0-72e6a9a7e863.jpg\" data-dt-img-description=\"\" data-large_image_width=\"1600\" data-large_image_height=\"1132\"><img loading=\"lazy\" decoding=\"async\" class=\"alignnone wp-image-303617 size-full\" src=\"https:\/\/www.radiopiu.net\/wordpress\/wp-content\/uploads\/2022\/10\/b1d061d0-eb43-424c-92c0-72e6a9a7e863.jpg\" alt=\"\" width=\"1600\" height=\"1132\" srcset=\"https:\/\/www.radiopiu.net\/wordpress\/wp-content\/uploads\/2022\/10\/b1d061d0-eb43-424c-92c0-72e6a9a7e863.jpg 1600w, https:\/\/www.radiopiu.net\/wordpress\/wp-content\/uploads\/2022\/10\/b1d061d0-eb43-424c-92c0-72e6a9a7e863-300x212.jpg 300w, https:\/\/www.radiopiu.net\/wordpress\/wp-content\/uploads\/2022\/10\/b1d061d0-eb43-424c-92c0-72e6a9a7e863-1024x724.jpg 1024w, https:\/\/www.radiopiu.net\/wordpress\/wp-content\/uploads\/2022\/10\/b1d061d0-eb43-424c-92c0-72e6a9a7e863-768x543.jpg 768w, https:\/\/www.radiopiu.net\/wordpress\/wp-content\/uploads\/2022\/10\/b1d061d0-eb43-424c-92c0-72e6a9a7e863-1536x1087.jpg 1536w\" sizes=\"auto, (max-width: 1600px) 100vw, 1600px\" \/><\/a><\/p>\n<p>&nbsp;<\/p>\n<p>&nbsp;<\/p>\n<p>&nbsp;<\/p>\n<p>&nbsp;<\/p>\n<hr \/>\n<p>&nbsp;<\/p>\n<div>\n<div class=\"b654a4as d2edcug0\">\n<div class=\"rq0escxv hkbzh7o3 jwdofwj8 n8tt0mok r8blr3vg hyh9befq\">\n<p><a class=\"dt-pswp-item\" href=\"https:\/\/www.radiopiu.net\/wordpress\/wp-content\/uploads\/2020\/10\/pp.jpg\" data-dt-img-description=\"\" data-large_image_width=\"640\" data-large_image_height=\"640\"><img loading=\"lazy\" decoding=\"async\" class=\"wp-image-163678 alignleft\" src=\"https:\/\/www.radiopiu.net\/wordpress\/wp-content\/uploads\/2020\/10\/pp-300x300.jpg\" alt=\"\" width=\"106\" height=\"106\" srcset=\"https:\/\/www.radiopiu.net\/wordpress\/wp-content\/uploads\/2020\/10\/pp-300x300.jpg 300w, https:\/\/www.radiopiu.net\/wordpress\/wp-content\/uploads\/2020\/10\/pp-150x150.jpg 150w, https:\/\/www.radiopiu.net\/wordpress\/wp-content\/uploads\/2020\/10\/pp-125x125.jpg 125w, https:\/\/www.radiopiu.net\/wordpress\/wp-content\/uploads\/2020\/10\/pp-200x200.jpg 200w, https:\/\/www.radiopiu.net\/wordpress\/wp-content\/uploads\/2020\/10\/pp-80x80.jpg 80w, https:\/\/www.radiopiu.net\/wordpress\/wp-content\/uploads\/2020\/10\/pp-480x480.jpg 480w, https:\/\/www.radiopiu.net\/wordpress\/wp-content\/uploads\/2020\/10\/pp.jpg 640w\" sizes=\"auto, (max-width: 106px) 100vw, 106px\" \/><\/a><\/p>\n<\/div>\n<\/div>\n<\/div>\n<div>\n<div class=\"page-title-head hgroup\">\n<div class=\"page-title-head hgroup\">\n<div class=\"b654a4as d2edcug0\">\n<div class=\"j83agx80 btwxx1t3 lhclo0ds hop8lmos nkwizq5d scwd0bx6 roh60bw9\">\n<div class=\"rq0escxv hkbzh7o3 jwdofwj8 n8tt0mok r8blr3vg hyh9befq\">\n<div class=\"do00u71z l9j0dhe7 k4urcfbm\">\n<h2><span style=\"color: #000080;\">DON CESARE, IL PENSIERO DEL GIORNO. ALLA RADIO ALLE 7 DEL MATTINO E ALLE 19.30 DELLA SERA.\u00a0<\/span><\/h2>\n<audio class=\"wp-audio-shortcode\" id=\"audio-303708-16\" preload=\"none\" style=\"width: 100%;\" controls=\"controls\"><source type=\"audio\/mpeg\" src=\"https:\/\/www.radiopiu.net\/wordpress\/wp-content\/uploads\/2022\/10\/CESARE-22.mp3?_=16\" \/><a href=\"https:\/\/www.radiopiu.net\/wordpress\/wp-content\/uploads\/2022\/10\/CESARE-22.mp3\">https:\/\/www.radiopiu.net\/wordpress\/wp-content\/uploads\/2022\/10\/CESARE-22.mp3<\/a><\/audio>\n<p>&nbsp;<\/p>\n<hr \/>\n<p>&nbsp;<\/p>\n<blockquote>\n<h2>SOLIDARIETA&#8217; VENTO FONDO PENSIONE, IL TUO FUTURO AL SICURO<\/h2>\n<\/blockquote>\n<p>L&#8217;INTERVISTA, OTTOBRE 2022<\/p>\n<p><iframe loading=\"lazy\" title=\"Puntata OTTOBRE 2022\" width=\"1200\" height=\"675\" src=\"https:\/\/www.youtube.com\/embed\/st0bcF1bLoQ?feature=oembed\" frameborder=\"0\" allow=\"accelerometer; autoplay; clipboard-write; encrypted-media; gyroscope; picture-in-picture\" allowfullscreen><\/iframe><\/p>\n<p>&nbsp;<\/p>\n<hr \/>\n<p>&nbsp;<\/p>\n<h2><span style=\"color: #ff6600;\">COLLAGE OPERAZIONE NOSTALGIA<\/span><\/h2>\n<p><strong><a class=\"dt-pswp-item\" href=\"https:\/\/www.radiopiu.net\/wordpress\/wp-content\/uploads\/2022\/10\/Venus.jpg\" data-dt-img-description=\"\" data-large_image_width=\"480\" data-large_image_height=\"360\"><img loading=\"lazy\" decoding=\"async\" class=\" wp-image-302794 alignleft\" src=\"https:\/\/www.radiopiu.net\/wordpress\/wp-content\/uploads\/2022\/10\/Venus-300x225.jpg\" alt=\"\" width=\"133\" height=\"100\" srcset=\"https:\/\/www.radiopiu.net\/wordpress\/wp-content\/uploads\/2022\/10\/Venus-300x225.jpg 300w, https:\/\/www.radiopiu.net\/wordpress\/wp-content\/uploads\/2022\/10\/Venus.jpg 480w\" sizes=\"auto, (max-width: 133px) 100vw, 133px\" \/><\/a>di Loris Scussel<\/strong><\/p>\n<p>Saranno i brani il cui titolo inizia con le lettere R, S, T, U, V a comporre il \u201cCollage\u201d di questa settimana, inizieremo con \u201cRider\u00e0\u201d di Little Tony poi \u201cS. Francisco\u201d di Scott Mc Kenzie, \u201cTema\u201d dei Giganti, \u201cUn\u2019avventura\u201d di Lucio Battisti, \u201cVenus\u201d degli Shocking Blue solo per citare alcuni titoli dei brani in scaletta. Collage va in onda dal luned\u00ec al venerd\u00ec alle 16,00 e alle 23,00 naturalmente su Radio Pi\u00f9.<\/p>\n<p><strong>LA PUNTATA DI LUNEDI N\u00b0646<\/strong><\/p>\n<audio class=\"wp-audio-shortcode\" id=\"audio-303708-17\" preload=\"none\" style=\"width: 100%;\" controls=\"controls\"><source type=\"audio\/mpeg\" src=\"https:\/\/www.radiopiu.net\/wordpress\/wp-content\/uploads\/2022\/10\/Collage-646.mp3?_=17\" \/><a href=\"https:\/\/www.radiopiu.net\/wordpress\/wp-content\/uploads\/2022\/10\/Collage-646.mp3\">https:\/\/www.radiopiu.net\/wordpress\/wp-content\/uploads\/2022\/10\/Collage-646.mp3<\/a><\/audio>\n<p><strong>LA PUNTATA DI MARTEDI n\u00b0647<\/strong><\/p>\n<audio class=\"wp-audio-shortcode\" id=\"audio-303708-18\" preload=\"none\" style=\"width: 100%;\" controls=\"controls\"><source type=\"audio\/mpeg\" src=\"https:\/\/www.radiopiu.net\/wordpress\/wp-content\/uploads\/2022\/10\/Collage-647.mp3?_=18\" \/><a href=\"https:\/\/www.radiopiu.net\/wordpress\/wp-content\/uploads\/2022\/10\/Collage-647.mp3\">https:\/\/www.radiopiu.net\/wordpress\/wp-content\/uploads\/2022\/10\/Collage-647.mp3<\/a><\/audio>\n<p><strong>LA PUNTATA DI MERCOLEDI n\u00b0648<\/strong><\/p>\n<audio class=\"wp-audio-shortcode\" id=\"audio-303708-19\" preload=\"none\" style=\"width: 100%;\" controls=\"controls\"><source type=\"audio\/mpeg\" src=\"https:\/\/www.radiopiu.net\/wordpress\/wp-content\/uploads\/2022\/10\/Collage-648.mp3?_=19\" \/><a href=\"https:\/\/www.radiopiu.net\/wordpress\/wp-content\/uploads\/2022\/10\/Collage-648.mp3\">https:\/\/www.radiopiu.net\/wordpress\/wp-content\/uploads\/2022\/10\/Collage-648.mp3<\/a><\/audio>\n<p><strong>LA PUNTATA DI GIOVEDI n\u00b0649<\/strong><\/p>\n<audio class=\"wp-audio-shortcode\" id=\"audio-303708-20\" preload=\"none\" style=\"width: 100%;\" controls=\"controls\"><source type=\"audio\/mpeg\" src=\"https:\/\/www.radiopiu.net\/wordpress\/wp-content\/uploads\/2022\/10\/Collage-649.mp3?_=20\" \/><a href=\"https:\/\/www.radiopiu.net\/wordpress\/wp-content\/uploads\/2022\/10\/Collage-649.mp3\">https:\/\/www.radiopiu.net\/wordpress\/wp-content\/uploads\/2022\/10\/Collage-649.mp3<\/a><\/audio>\n<p><strong>LA PUNTATA DI VENERDI N\u00b0 650\u00a0\u00a0<\/strong><\/p>\n<audio class=\"wp-audio-shortcode\" id=\"audio-303708-21\" preload=\"none\" style=\"width: 100%;\" controls=\"controls\"><source type=\"audio\/mpeg\" src=\"https:\/\/www.radiopiu.net\/wordpress\/wp-content\/uploads\/2022\/10\/Collage-650.mp3?_=21\" \/><a href=\"https:\/\/www.radiopiu.net\/wordpress\/wp-content\/uploads\/2022\/10\/Collage-650.mp3\">https:\/\/www.radiopiu.net\/wordpress\/wp-content\/uploads\/2022\/10\/Collage-650.mp3<\/a><\/audio>\n<p>&nbsp;<\/p>\n<p>&nbsp;<\/p>\n<p>&nbsp;<\/p>\n<hr \/>\n<p>&nbsp;<\/p>\n<div>\n<blockquote class=\"wp-embedded-content\" data-secret=\"5T2uBaRW61\"><p><a href=\"https:\/\/www.radiopiu.net\/wordpress\/odio-la-radio-dieci-anni-dopo-di-mirko-mezzacasa\/\">&#8220;ODIO LA RADIO&#8221;&#8230; DIECI ANNI DOPO, di Mirko Mezzacasa<\/a><\/p><\/blockquote>\n<p><iframe loading=\"lazy\" class=\"wp-embedded-content\" sandbox=\"allow-scripts\" security=\"restricted\" style=\"position: absolute; clip: rect(1px, 1px, 1px, 1px);\" title=\"&#8220;&#8220;ODIO LA RADIO&#8221;&#8230; DIECI ANNI DOPO, di Mirko Mezzacasa&#8221; &#8212; Radio Pi\u00f9\" src=\"https:\/\/www.radiopiu.net\/wordpress\/odio-la-radio-dieci-anni-dopo-di-mirko-mezzacasa\/embed\/#?secret=27nUAwg8K6#?secret=5T2uBaRW61\" data-secret=\"5T2uBaRW61\" width=\"600\" height=\"338\" frameborder=\"0\" marginwidth=\"0\" marginheight=\"0\" scrolling=\"no\"><\/iframe><\/p>\n<p>&nbsp;<\/p>\n<p>&nbsp;<\/p>\n<hr \/>\n<p>&nbsp;<\/p>\n<p><strong>OGNI GIORNO IL MERCATINO A RADIO PIU&#8217;, AL QUARANTESIMO MINUTO. IL PUNTO DI RIFERIMENTO PER CHI OFFRE O CERCA LAVORO NELL&#8217;ARCO DOLOMITICO, CENTINAIA DI VISUALIZZAZIONI AL GIORNO SUL SITO INTERNET, IN AUDIO ALLA RADIO E IN STREAMING IL TUTTO IL MONDO. IL MERCATINO DI RADIO PIU, PER INSERIRE I TUOI ANNUNCI SCRIVI A <span style=\"color: #0000ff;\">radiopiu@radiopiu.it<\/span><\/strong><\/p>\n<blockquote class=\"wp-embedded-content\" data-secret=\"aAqS48WgI9\"><p><a href=\"https:\/\/www.radiopiu.net\/wordpress\/mercatino-e-mercatino-delle-pulci-per-i-vostri-annunci-radiopiuradiopiu-it\/\">MERCATINO<\/a><\/p><\/blockquote>\n<p><iframe loading=\"lazy\" class=\"wp-embedded-content\" sandbox=\"allow-scripts\" security=\"restricted\" style=\"position: absolute; clip: rect(1px, 1px, 1px, 1px);\" title=\"&#8220;MERCATINO&#8221; &#8212; Radio Pi\u00f9\" src=\"https:\/\/www.radiopiu.net\/wordpress\/mercatino-e-mercatino-delle-pulci-per-i-vostri-annunci-radiopiuradiopiu-it\/embed\/#?secret=yADY9SJfl9#?secret=aAqS48WgI9\" data-secret=\"aAqS48WgI9\" width=\"600\" height=\"338\" frameborder=\"0\" marginwidth=\"0\" marginheight=\"0\" scrolling=\"no\"><\/iframe><\/p>\n<\/div>\n<p>&nbsp;<\/p>\n<p>&nbsp;<\/p>\n<div>\n<hr \/>\n<p>&nbsp;<\/p>\n<p><img loading=\"lazy\" decoding=\"async\" class=\"aligncenter wp-image-61954 size-full\" src=\"https:\/\/www.radiopiu.net\/wordpress\/wp-content\/uploads\/2018\/09\/viabilita.jpeg\" sizes=\"auto, (max-width: 800px) 100vw, 800px\" srcset=\"https:\/\/www.radiopiu.net\/wordpress\/wp-content\/uploads\/2018\/09\/viabilita.jpeg 800w, https:\/\/www.radiopiu.net\/wordpress\/wp-content\/uploads\/2018\/09\/viabilita-300x38.jpeg 300w, https:\/\/www.radiopiu.net\/wordpress\/wp-content\/uploads\/2018\/09\/viabilita-768x96.jpeg 768w\" alt=\"\" width=\"800\" height=\"100\" \/><\/p>\n<p>&nbsp;<\/p>\n<blockquote>\n<h3>SP 8 DI SAN TOMASO, PROROGATA LA CHIUSURA A FASCE ORARIE FINO ALL&#8217;11 NOVEMBRE<\/h3>\n<\/blockquote>\n<p>Fino all&#8217;11 novembre, esclusi festivi e prefestivi, la strada chiuder\u00e0 totalmente dalle 7.15 alle 12.45 e dalle 14.15 alle 17.45. Negli altri orari senso unico alternato regolato da semaforo.<\/p>\n<p>&nbsp;<\/p>\n<p><strong>AGGIORNAMENTO VENETO STRADE, AGGIORNAMENTO CONTINUO H 24<\/strong><\/p>\n<blockquote class=\"wp-embedded-content\" data-secret=\"EtJIAh6bCV\"><p><a href=\"https:\/\/www.radiopiu.net\/wordpress\/viabilita\/\">viabilita<\/a><\/p><\/blockquote>\n<p><iframe loading=\"lazy\" class=\"wp-embedded-content\" sandbox=\"allow-scripts\" security=\"restricted\" style=\"position: absolute; clip: rect(1px, 1px, 1px, 1px);\" title=\"&#8220;viabilita&#8221; &#8212; Radio Pi\u00f9\" src=\"https:\/\/www.radiopiu.net\/wordpress\/viabilita\/embed\/#?secret=Z4J8ASkfJw#?secret=EtJIAh6bCV\" data-secret=\"EtJIAh6bCV\" width=\"600\" height=\"338\" frameborder=\"0\" marginwidth=\"0\" marginheight=\"0\" scrolling=\"no\"><\/iframe><\/p>\n<p>&nbsp;<\/p>\n<p>&nbsp;<\/p>\n<hr \/>\n<p>&nbsp;<\/p>\n<p><a class=\"dt-pswp-item\" href=\"https:\/\/www.radiopiu.net\/wordpress\/wp-content\/uploads\/2018\/09\/WhatsApp-Image-2018-09-20-at-16.04.06.jpeg\" data-dt-img-description=\"\" data-large_image_width=\"800\" data-large_image_height=\"100\"><img loading=\"lazy\" decoding=\"async\" class=\"wp-image-61378 size-full aligncenter\" src=\"https:\/\/www.radiopiu.net\/wordpress\/wp-content\/uploads\/2018\/09\/WhatsApp-Image-2018-09-20-at-16.04.06.jpeg\" alt=\"\" width=\"800\" height=\"100\" srcset=\"https:\/\/www.radiopiu.net\/wordpress\/wp-content\/uploads\/2018\/09\/WhatsApp-Image-2018-09-20-at-16.04.06.jpeg 800w, https:\/\/www.radiopiu.net\/wordpress\/wp-content\/uploads\/2018\/09\/WhatsApp-Image-2018-09-20-at-16.04.06-300x38.jpeg 300w, https:\/\/www.radiopiu.net\/wordpress\/wp-content\/uploads\/2018\/09\/WhatsApp-Image-2018-09-20-at-16.04.06-768x96.jpeg 768w\" sizes=\"auto, (max-width: 800px) 100vw, 800px\" \/>\u00a0<\/a><\/p>\n<p><b>Sabato\u00a0 e Domenica <\/b>Bel tempo autunnale, ben soleggiato con cielo sereno, aria nitida e ottima visibilit\u00e0. Minore insidia nebbia nelle ore pi\u00f9 fredde in alcuni fondovalle prealpini e nelle depressioni degli altopiani. La mitezza diurna sar\u00e0 generalizzata, a eccezione delle cime pi\u00f9 alte e dei settori in ombra. Il rischio nebbia o nubi basse mattutine nei consueti posti prealpini (settori umidi della Valbelluna e alcune depressioni degli altopiani) sar\u00e0 assente o limitato alle ore pi\u00f9 fredde.<br \/>\n<b>Precipitazioni: <\/b>Assenti (0%). <b>Temperature: <\/b>In generale lieve aumento con apice della mitezza su tutta la montagna veneta (niente gelo notturno, anche sulle cime pi\u00f9 alte)<\/p>\n<p><b>Lunedi\u00a0 <\/b>Tempo stabile e ben soleggiato cone cielo sereno in giornata e in parte velato da nubi alte alla sera. Temperature minime pressoch\u00e9 stazionarie e massime in leggera flessione rispetto a domenica. Persistenza dell&#8217;inversione termica notturna nei fondovalle. Nelle valli venti perlopi\u00f9 deboli per brezze, localmente e a tratti moderati nei settori solitamente pi\u00f9 ventilati; in alta quota deboli\/moderati da sud-ovest.<\/p>\n<p><b>Martedi\u00a0 <\/b>Ultimi tratti di sereno all&#8217;alba, poi crescente nuvolosit\u00e0 alta e medio-alta, dapprima per velature del cielo, poi per cirrostrati man mano pi\u00f9 compatti ed estesi in grado di mascherare del tutto cielo e sole dal pomeriggio in poi. Temperature in generale contenuto calo.<\/p>\n<p>&nbsp;<\/p>\n<hr \/>\n<p>&nbsp;<\/p>\n<p><img loading=\"lazy\" decoding=\"async\" class=\"wp-image-60761 size-full aligncenter\" src=\"https:\/\/www.radiopiu.net\/wordpress\/wp-content\/uploads\/2018\/09\/sport.jpg\" alt=\"\" width=\"800\" height=\"100\" srcset=\"https:\/\/www.radiopiu.net\/wordpress\/wp-content\/uploads\/2018\/09\/sport.jpg 800w, https:\/\/www.radiopiu.net\/wordpress\/wp-content\/uploads\/2018\/09\/sport-300x38.jpg 300w, https:\/\/www.radiopiu.net\/wordpress\/wp-content\/uploads\/2018\/09\/sport-768x96.jpg 768w\" sizes=\"auto, (max-width: 800px) 100vw, 800px\" \/><\/p>\n<p><span style=\"color: #0000ff;\"><strong>\u00a0<\/strong><\/span><\/p>\n<p><span style=\"color: #0000ff;\"><strong>CALCIO<\/strong><\/span><\/p>\n<blockquote>\n<h3><strong><span style=\"color: #0000ff;\"><span style=\"color: #000000;\">PUNTO GIOVANILI AGORDINA, di Marco Gaz<\/span><br \/>\n<\/span><\/strong><\/h3>\n<\/blockquote>\n<p>REDAZIONE Continuano i campionati FIGC dove sono iscritte le varie squadre dell\u2019Agordina Calcio. Sar\u00e0 un fine settimana di riposo per i Giovanissimi Provinciali allenati da De Bastiani. Nel pomeriggio di oggi scenderanno in campo i ragazzi della Juniores Provinciale. I giovani di De Zaiacomo sono in testa alla classifica del campionato dopo aver vinto tutte le partite. Alle 15:30 cercheranno la conferma nella sfida in trasferta contro il Limana. Domani alle 10:30 prima trasferta stagionale per gli Allievi Regionali allenati da Orzetti che scenderanno in terra tevigiana per scontrarsi con l\u2019Union QDP. In campo anche la prima squadra domani pomeriggio. Con il cambio dell\u2019ora vengono anticipate alle 14:30 le sfide di Seconda Categoria. La compagine allenata da Lorenzi, dopo il passo falso di sette giorni fa, andr\u00e0 alla ricerca della seconda vittoria stagionale nella sfida dell\u2019Ivano Dorigo di Agordo contro il Lentiai.<\/p>\n<p>&nbsp;<\/p>\n<p><strong><span style=\"color: #0000ff;\">\u00a0<\/span><\/strong><\/p>\n<p><strong><span style=\"color: #0000ff;\">\u00a0<\/span><\/strong><\/p>\n<p><strong><span style=\"color: #0000ff;\">HOCKEY GHIACCIO<\/span><\/strong><\/p>\n<blockquote>\n<h3>DOMENICA, ALLEGHE IN TRASFERTA A COMO<\/h3>\n<\/blockquote>\n<p><strong>di ROBERTO MIANA, portavoce Alleghe Hockey\u00a0<\/strong><\/p>\n<p>AUDIO ALLA RADIO<\/p>\n<audio class=\"wp-audio-shortcode\" id=\"audio-303708-22\" preload=\"none\" style=\"width: 100%;\" controls=\"controls\"><source type=\"audio\/mpeg\" src=\"https:\/\/www.radiopiu.net\/wordpress\/wp-content\/uploads\/2022\/10\/roberto-miana-1.mp3?_=22\" \/><a href=\"https:\/\/www.radiopiu.net\/wordpress\/wp-content\/uploads\/2022\/10\/roberto-miana-1.mp3\">https:\/\/www.radiopiu.net\/wordpress\/wp-content\/uploads\/2022\/10\/roberto-miana-1.mp3<\/a><\/audio>\n<blockquote>\n<h3><em>Settima giornata del campionato di Italian Hockey Domenica al palaghiaccio di Casate<\/em><\/h3>\n<\/blockquote>\n<p><strong><a href=\"https:\/\/www.radiopiu.net\/wordpress\/wp-content\/uploads\/2022\/10\/D3S_2611.webp\"><img loading=\"lazy\" decoding=\"async\" class=\" wp-image-303606 alignleft\" src=\"https:\/\/www.radiopiu.net\/wordpress\/wp-content\/uploads\/2022\/10\/D3S_2611.webp\" alt=\"\" width=\"239\" height=\"159\" \/><\/a>ALLEGHE<\/strong> All&#8217;ultimo turno di campionato, nella lunga trasferta contro il Valpellice, le Civette agordine si sono presentate in terra piemontese con tante defezioni e senza i rinforzi del farm-team del Cortina, fattori che hanno costretto coach Fontana a disporre solamente di due linee di gioco. Questo ha sicuramente inciso sul risultato che ha visto i Bulldogs torresi imporsi con un netto 4-0. L\u2019Alleghe ha giocato bene per un tempo e mezzo, per poi lasciare ghiaccio agli avversari che hanno chiuso la gara nel secondo periodo con tre marcature. I Biancorossi hanno trovato sulla propria strada un buon portiere avversario ma hanno anche peccato di precisione davanti alla porta, nonostante alcune nitide occasioni create. Domenica sera i ragazzi di coach Fontana sono attesi sulle sponde del Lario da un Como ancora a zero punti come gli stessi alleghesi, in uno scontro che lascer\u00e0 a fine gara una delle due contendenti in solitaria in fondo alla classifica. I Lariani nell&#8217;ultimo turno hanno perso in casa 1-5 il derby lombardo contro il Varese. Un match pi\u00f9 equilibrato di quanto dica il risultato, sbloccato solo a met\u00e0 secondo tempo, dove la differenza \u00e8 stata fatta dalla capacit\u00e0 realizzativa sottoporta dei gialloneri varesini rispetto a quella dei biancobl\u00f9 comaschi.\u00a0 Alleghe e Como si affrontano nel campionato di serie B di hockey su ghiaccio (IHL) dalla stagione 2013\/2014. In 24 gare disputate si sono registrate 18 vittorie agordine e 6 affermazioni lariane. Prendendo in esame le sole partite giocate al palaghiaccio di Casate, nei 12 precedenti il bilancio \u00e8 di 4 vittorie dei padroni di casa e 8 degli ospiti. Nell&#8217;ultimo match tra le due squadre in riva al Lario, il 31 ottobre 2021, si sono imposte le Civette 2-1 all&#8217;overtime. Conteggiando le reti totali segnate in questa sfida l\u2019Alleghe ha messo a referto 99 marcature contro 63 del Como. <strong>Hockey COMO &#8211; ALLEGHE Hockey <\/strong>Domenica 30 ottobre alle 18:45 al\u00a0 Palaghiaccio di Casate (Como). Arbitri: Fabio Lottaroli e Willy Vinicio Volcan con giudici di linea Federico Cusin e Simone Vignolo Aggiornamenti su Radio Pi\u00f9 www.radiopiu.net<\/p>\n<p>&nbsp;<\/p>\n<blockquote>\n<h3>L\u2019UNDER 17 DELL\u2019ALLEGHE TORNA DA MERANO CON 3 PUNTI<\/h3>\n<\/blockquote>\n<p><strong><a class=\"dt-pswp-item\" href=\"https:\/\/www.radiopiu.net\/wordpress\/wp-content\/uploads\/2022\/10\/8139ED27-9A9D-44B6-8922-67BA14F1EC6F.jpeg\" data-dt-img-description=\"\" data-large_image_width=\"1024\" data-large_image_height=\"1024\"><img loading=\"lazy\" decoding=\"async\" class=\"size-medium wp-image-303453 alignleft\" src=\"https:\/\/www.radiopiu.net\/wordpress\/wp-content\/uploads\/2022\/10\/8139ED27-9A9D-44B6-8922-67BA14F1EC6F-300x300.jpeg\" alt=\"\" width=\"300\" height=\"300\" srcset=\"https:\/\/www.radiopiu.net\/wordpress\/wp-content\/uploads\/2022\/10\/8139ED27-9A9D-44B6-8922-67BA14F1EC6F-300x300.jpeg 300w, https:\/\/www.radiopiu.net\/wordpress\/wp-content\/uploads\/2022\/10\/8139ED27-9A9D-44B6-8922-67BA14F1EC6F.jpeg 1024w, https:\/\/www.radiopiu.net\/wordpress\/wp-content\/uploads\/2022\/10\/8139ED27-9A9D-44B6-8922-67BA14F1EC6F-150x150.jpeg 150w, https:\/\/www.radiopiu.net\/wordpress\/wp-content\/uploads\/2022\/10\/8139ED27-9A9D-44B6-8922-67BA14F1EC6F-768x768.jpeg 768w\" sizes=\"auto, (max-width: 300px) 100vw, 300px\" \/><\/a>di Roberta Pol, portavoce dell\u2019Alleghe Hockey Under\u00a0<\/strong><\/p>\n<p>Tre punti meritati quelli che le Civette U17 hanno portato a casa mercoled\u00ec dalla trasferta di Merano, grazie alla netta vittoria 3 a 0 sulle aquile. Primo tempo molto equilibrato, qualche buona azione da entrambe le parti con le due squadre che si studiano senza esporsi e i primi 20 minuti terminano cos\u00ec 0 a 0. Nel secondo drittel i biancorossi partono decisi con un gran gioco di squadra e al 12.11 ci pensa capitan Tolomelli a sbloccare il risultato, trovando uno spiraglio millimetrico dove infilare il disco alle spalle del portiere meranese. I padroni di casa vano subito dopo vicino al pareggio grazie ad un rigore, pericolo per\u00f2 sventato dal nostro super Calvani. Dopo il secondo intervallo i ragazzi di coach De Biasio tornano sul ghiaccio ancora pi\u00f9 carichi, giocando un terzo tempo di qualit\u00e0 con passaggi precisi e un gran bel gioco di squadra che frutta altre due marcature firmate sempre da capitan Tolomelli (tripletta per lui), consentendo ai bellunesi di chiudere la partita e mettere il sigillo ai 3 punti. Anche stasera abbiamo assistito a qualche svarione arbitrale, un gol (valido) annullato e un sovraffollamento delle panche puniti per piccoli battibecchi nel finale di gara, nulla che fortunatamente abbia potuto rovinare la meritata festa ai nostri boys. Prossima trasferta luned\u00ec 31 ottobre contro la capolista Appiano.<\/p>\n<p>&nbsp;<\/p>\n<p>&nbsp;<\/p>\n<hr \/>\n<p>&nbsp;<\/p>\n<p><strong><span style=\"color: #0000ff;\">PALLAVOLO<\/span><\/strong><\/p>\n<blockquote>\n<h3><a class=\"dt-pswp-item\" href=\"https:\/\/www.radiopiu.net\/wordpress\/wp-content\/uploads\/2022\/10\/Il_precedente_alla_Spes_Arena.jpg\" data-dt-img-description=\"\" data-large_image_width=\"1680\" data-large_image_height=\"1120\"><img loading=\"lazy\" decoding=\"async\" class=\" wp-image-303679 alignleft\" src=\"https:\/\/www.radiopiu.net\/wordpress\/wp-content\/uploads\/2022\/10\/Il_precedente_alla_Spes_Arena-300x200.jpg\" alt=\"\" width=\"194\" height=\"129\" srcset=\"https:\/\/www.radiopiu.net\/wordpress\/wp-content\/uploads\/2022\/10\/Il_precedente_alla_Spes_Arena-300x200.jpg 300w, https:\/\/www.radiopiu.net\/wordpress\/wp-content\/uploads\/2022\/10\/Il_precedente_alla_Spes_Arena-1024x683.jpg 1024w, https:\/\/www.radiopiu.net\/wordpress\/wp-content\/uploads\/2022\/10\/Il_precedente_alla_Spes_Arena-768x512.jpg 768w, https:\/\/www.radiopiu.net\/wordpress\/wp-content\/uploads\/2022\/10\/Il_precedente_alla_Spes_Arena-1536x1024.jpg 1536w, https:\/\/www.radiopiu.net\/wordpress\/wp-content\/uploads\/2022\/10\/Il_precedente_alla_Spes_Arena.jpg 1680w\" sizes=\"auto, (max-width: 194px) 100vw, 194px\" \/><\/a>GARLASCO ALLA SPES ARENA CONTRO IL BELLUNO<\/h3>\n<\/blockquote>\n<p><strong>BELLUNO<\/strong> Domani alle 18 a Lambioi arriva il Garlasco.\u00a0<em>\u00abAffronteremo una squadra forte e con un\u2019altezza media elevata &#8211; \u00e8 l\u2019analisi del vice allenatore, Roberto Malaguti -. I punti forti sono sicuramente due: l\u2019attacco e la battuta. In pi\u00f9, Garlasco arriva da una vittoria di assoluto rilievo: questo significa che giocheremo contro un avversario piuttosto \u201ccarico\u201d\u00bb.<\/em> A livello di singoli, occhio di riguardo per Stefano Giannotti, bomber reduce dall\u2019esperienza a Macerata, e a Leonardo Puliti, esperto e chirurgico nei momenti chiave. <span class=\"gmail-Apple-converted-space\">\u00a0<\/span><\/p>\n<p>&nbsp;<\/p>\n<hr \/>\n<blockquote>\n<h3><\/h3>\n<h3>SERIE C FEMMINILE, BELLUNO IN CASA CON IL DOLO<\/h3>\n<\/blockquote>\n<p><a class=\"dt-pswp-item\" href=\"https:\/\/www.radiopiu.net\/wordpress\/wp-content\/uploads\/2022\/10\/Coach_Paolo_Viel_in_primo_piano.jpg\" data-dt-img-description=\"\" data-large_image_width=\"1280\" data-large_image_height=\"855\"><img loading=\"lazy\" decoding=\"async\" class=\"wp-image-303668 alignleft\" src=\"https:\/\/www.radiopiu.net\/wordpress\/wp-content\/uploads\/2022\/10\/Coach_Paolo_Viel_in_primo_piano-300x200.jpg\" alt=\"\" width=\"164\" height=\"109\" srcset=\"https:\/\/www.radiopiu.net\/wordpress\/wp-content\/uploads\/2022\/10\/Coach_Paolo_Viel_in_primo_piano-300x200.jpg 300w, https:\/\/www.radiopiu.net\/wordpress\/wp-content\/uploads\/2022\/10\/Coach_Paolo_Viel_in_primo_piano-1024x684.jpg 1024w, https:\/\/www.radiopiu.net\/wordpress\/wp-content\/uploads\/2022\/10\/Coach_Paolo_Viel_in_primo_piano-768x513.jpg 768w, https:\/\/www.radiopiu.net\/wordpress\/wp-content\/uploads\/2022\/10\/Coach_Paolo_Viel_in_primo_piano.jpg 1280w\" sizes=\"auto, (max-width: 164px) 100vw, 164px\" \/><\/a>BELLUNO Volley Belluno\u00a0 pronta a riabbracciare il pubblico del De Mas per la prima gara interna di campionato contro il Volley Dolo: l\u2019appuntamento \u00e8 per\u00a0 questa sera alle\u00a0 18.30.\u00a0 <em>\u00a0\u00abGara difficilissima &#8211; avverte coach Paolo Viel\u00a0 (foto primo piano)-. Dolo ha appena sconfitto una grande squadra come Silea. A conferma che, al De Mas, ci aspetta una vera e propria battaglia pallavolistica. Ma, a proposito del De Mas, il fattore ambientale pu\u00f2 incidere. In fondo, indipendentemente dai risultati, anche in Coppa Veneto le gare che abbiamo interpretato meglio sono state disputate al palasport di via Gabelli. In pi\u00f9, possiamo fare affidamento sul nostro pubblico\u00bb.<\/em><\/p>\n<p>&nbsp;<\/p>\n<p>&nbsp;<\/p>\n<p>&nbsp;<\/p>\n<p>&nbsp;<\/p>\n<p>&nbsp;<\/p>\n<\/div>\n<\/div>\n<\/div>\n<\/div>\n<\/div>\n<\/div>\n<\/div>\n<\/div>\n","protected":false},"excerpt":{"rendered":"<p>\u00a0 VAIA 4 ANNI DOPO: RICORDI A FIOR DI PELLE &#8211; testi, foto, video di Mirko Mezzacasa \u00a0 RADIO PIU INFORMAZIONE il canale su TELEGRAM informazione di prima\u00a0 mano e in tempo reale. iscriviti ed aiutaci a farlo conoscere ULSS 1 BELLUNO I medici di Medicina Generale della Medicina di Gruppo Belluno Uno,\u00a0 con sede&hellip;<\/p>\n","protected":false},"author":4,"featured_media":303778,"comment_status":"closed","ping_status":"closed","sticky":false,"template":"","format":"standard","meta":{"_monsterinsights_skip_tracking":false,"_monsterinsights_sitenote_active":false,"_monsterinsights_sitenote_note":"","_monsterinsights_sitenote_category":0,"footnotes":""},"categories":[86,49],"tags":[],"class_list":["post-303708","post","type-post","status-publish","format-standard","has-post-thumbnail","hentry","category-gr","category-news-18","category-86","category-49","description-off"],"img_url":"https:\/\/www.radiopiu.net\/wordpress\/wp-content\/uploads\/2022\/10\/83455423_1368755759993002_8757494030859763712_o-932x515-2.jpg","_links":{"self":[{"href":"https:\/\/www.radiopiu.net\/wordpress\/wp-json\/wp\/v2\/posts\/303708","targetHints":{"allow":["GET"]}}],"collection":[{"href":"https:\/\/www.radiopiu.net\/wordpress\/wp-json\/wp\/v2\/posts"}],"about":[{"href":"https:\/\/www.radiopiu.net\/wordpress\/wp-json\/wp\/v2\/types\/post"}],"author":[{"embeddable":true,"href":"https:\/\/www.radiopiu.net\/wordpress\/wp-json\/wp\/v2\/users\/4"}],"replies":[{"embeddable":true,"href":"https:\/\/www.radiopiu.net\/wordpress\/wp-json\/wp\/v2\/comments?post=303708"}],"version-history":[{"count":0,"href":"https:\/\/www.radiopiu.net\/wordpress\/wp-json\/wp\/v2\/posts\/303708\/revisions"}],"wp:featuredmedia":[{"embeddable":true,"href":"https:\/\/www.radiopiu.net\/wordpress\/wp-json\/wp\/v2\/media\/303778"}],"wp:attachment":[{"href":"https:\/\/www.radiopiu.net\/wordpress\/wp-json\/wp\/v2\/media?parent=303708"}],"wp:term":[{"taxonomy":"category","embeddable":true,"href":"https:\/\/www.radiopiu.net\/wordpress\/wp-json\/wp\/v2\/categories?post=303708"},{"taxonomy":"post_tag","embeddable":true,"href":"https:\/\/www.radiopiu.net\/wordpress\/wp-json\/wp\/v2\/tags?post=303708"}],"curies":[{"name":"wp","href":"https:\/\/api.w.org\/{rel}","templated":true}]}}