{"id":303743,"date":"2022-10-28T19:00:33","date_gmt":"2022-10-28T17:00:33","guid":{"rendered":"https:\/\/www.radiopiu.net\/wordpress\/?p=303743"},"modified":"2022-10-28T19:05:27","modified_gmt":"2022-10-28T17:05:27","slug":"travolto-dai-tronchi-e-ucciso-chiesto-il-rinvio-a-giudizio-del-datore-di-lavoro","status":"publish","type":"post","link":"https:\/\/www.radiopiu.net\/wordpress\/travolto-dai-tronchi-e-ucciso-chiesto-il-rinvio-a-giudizio-del-datore-di-lavoro\/","title":{"rendered":"TRAVOLTO DAI TRONCHI E UCCISO: CHIESTO IL RINVIO A GIUDIZIO DEL DATORE DI LAVORO"},"content":{"rendered":"<p style=\"text-align: left;\" align=\"center\"><strong>BELLUNO<\/strong> Paolo Marcon, boscaiolo 59enne di Gosaldo, mor\u00ec\u00a0 il 7 aprile scorso lasciando nel dolore un\u2019intera comunit\u00e0. A distanza di 5 mesi il pubblico ministero Simone Marcon, titolare del fascicolo, ha chiuso le indagini e chiesto il rinvio a giudizio del datore di lavoro F.D.S., 57enne del Primiero, con l\u2019accusa di omicidio colposo. Nel frattempo, la famiglia di Marcon si \u00e8 affidata a Giesse Risarcimento Danni, gruppo specializzato nella tutela dei familiari delle vittime di infortuni sul lavoro anche mortali. <em>\u201cAl datore di lavoro \u2013 spiega Alain Menel di Giesse Risarcimento Danni \u2013 vengono contestati due articoli del decreto legislativo 81 del 2008 sulla sicurezza nei luoghi di lavoro: il primo (numero 37) riguarda il non aver provveduto a dare una formazione sufficiente e adeguata al lavoratore in materia di sicurezza, con riferimento ai rischi connessi alle mansioni di boscaiolo svolte\u201d. <\/em>L\u2019udienza preliminare sar\u00e0 celebrata il 13 dicembre, alle 10.10, in Tribunale a Belluno.<\/p>\n<blockquote>\n<p style=\"text-align: left;\" align=\"center\"><strong>ARCHIVIO RADIOPIU<\/strong><\/p>\n<\/blockquote>\n<p style=\"text-align: left;\" align=\"center\"><strong>COMUNITA&#8217; SCONVOLTA A GOSALDO PER LA MORTE DI PAOLO<\/strong><\/p>\n<blockquote>\n<h3>COMUNITA&#8217; SCONVOLTA A GOSALDO PER LA MORTE DI PAOLO<\/h3>\n<p><em>era sulla linea di quell&#8217;impianto quando il verricello ha ceduto di schianto, spezzandosi. L&#8217;uomo, boscaiolo per conto della ditta &#8220;Dalla Santa Federico&#8221; di Fiera di Primiero, \u00e8 stato investito in pieno dal carico e poi dal gancio. Marcon \u00e8 morto praticamente sul colpo.<\/em><\/p><\/blockquote>\n<p><strong><a class=\"dt-pswp-item\" href=\"https:\/\/www.radiopiu.net\/wordpress\/wp-content\/uploads\/2022\/04\/B73B17CE-6E2E-41C9-B69F-42A9C7E17BE0.jpeg\" data-dt-img-description=\"\" data-large_image_width=\"788\" data-large_image_height=\"841\"><img loading=\"lazy\" decoding=\"async\" class=\"size-thumbnail wp-image-269370 alignleft\" src=\"https:\/\/www.radiopiu.net\/wordpress\/wp-content\/uploads\/2022\/04\/B73B17CE-6E2E-41C9-B69F-42A9C7E17BE0-150x150.jpeg\" alt=\"\" width=\"150\" height=\"150\" \/><\/a>GOSALDO<\/strong> Dramma nei boschi\u00a0 a Gosaldo in localit\u00e0\u00a0 Troi delle Caore in prossimit\u00e0 di Corde Mole-Val Zoca (tra Rivamonte e Gosaldo lungo la provinciale 3), Paolo Marcon \u00e8 stato travolto da un albero\u00a0 mentre stava operando con l&#8217;ausilio di un verricello,\u00a0 quando sono arrivati i soccorsi purtroppo per l&#8217;operaio di una ditta di lavori boschivi del\u00a0 vicino Primiero,\u00a0 non c&#8217;era pi\u00f9 nulla da fare. Poco dopo mezzogiorno, i Vigili del Fuoco sono intervenuti in una zona <a class=\"dt-pswp-item\" href=\"https:\/\/www.radiopiu.net\/wordpress\/wp-content\/uploads\/2022\/04\/918a91d3-5e94-45d3-8ad6-3be1ecca3109.jpg\" data-dt-img-description=\"\" data-large_image_width=\"1280\" data-large_image_height=\"786\"><img loading=\"lazy\" decoding=\"async\" class=\"wp-image-269340 size-medium alignright\" src=\"https:\/\/www.radiopiu.net\/wordpress\/wp-content\/uploads\/2022\/04\/918a91d3-5e94-45d3-8ad6-3be1ecca3109-300x184.jpg\" alt=\"\" width=\"300\" height=\"184\" srcset=\"https:\/\/www.radiopiu.net\/wordpress\/wp-content\/uploads\/2022\/04\/918a91d3-5e94-45d3-8ad6-3be1ecca3109-300x184.jpg 300w, https:\/\/www.radiopiu.net\/wordpress\/wp-content\/uploads\/2022\/04\/918a91d3-5e94-45d3-8ad6-3be1ecca3109-1024x629.jpg 1024w, https:\/\/www.radiopiu.net\/wordpress\/wp-content\/uploads\/2022\/04\/918a91d3-5e94-45d3-8ad6-3be1ecca3109-768x472.jpg 768w, https:\/\/www.radiopiu.net\/wordpress\/wp-content\/uploads\/2022\/04\/918a91d3-5e94-45d3-8ad6-3be1ecca3109.jpg 1280w\" sizes=\"auto, (max-width: 300px) 100vw, 300px\" \/><\/a>impervia\u00a0 per soccorrere Paolo Marcon,\u00a0 58 anni di Gosaldo, abitava in via Croce Rossa,\u00a0 vittima dell&#8217;incidente mortale\u00a0 durante i lavori di taglio del bosco. I pompieri accorsi da Agordo, hanno messo in sicurezza il luogo mentre il medico, nonostante gli immediati soccorsi, non ha potuto che constatarne il\u00a0 decesso.<\/p>\n<p>Sul posto il personale dello Spisal e i Carabinieri della vicina stazione di Gosaldo con i colleghi di Agordo. La salma \u00e8 stata recuperata dall&#8217;elicottero Drago 71 del reparto volo dei Vigili del Fuoco di Venezia, che \u00e8 poi atterrato a campo sportivo del paese, dove la salma \u00e8 stata messa a disposizione dell\u2019autorit\u00e0 giudiziaria. Paolo Marcon lavorava per la ditta lavori boschivi di Fiera di Primiero, in passato era stato alle dipendenze del Comune per lavori a tempo indeterminato nel corso della stagione estiva, persona nota a Gosaldo Paol &#8220;zavat&#8221; con una grande passione per la pesca, l&#8217;arte, il suo paese, lascia la moglie e tre figlie. Il sindaco Stefano Da Zanche esprime le pi\u00f9 sentite condoglianze alla famiglia, a nome dell&#8217;intera comunit\u00e0 di Gosaldo.<\/p>\n<p><strong>di Gianni Santomaso dal Corriere delle Alpi<\/strong><\/p>\n<audio class=\"wp-audio-shortcode\" id=\"audio-303743-1\" preload=\"none\" style=\"width: 100%;\" controls=\"controls\"><source type=\"audio\/mpeg\" src=\"https:\/\/www.radiopiu.net\/wordpress\/wp-content\/uploads\/2022\/04\/GIANNI-PAOLO-MARCON.mp3?_=1\" \/><a href=\"https:\/\/www.radiopiu.net\/wordpress\/wp-content\/uploads\/2022\/04\/GIANNI-PAOLO-MARCON.mp3\">https:\/\/www.radiopiu.net\/wordpress\/wp-content\/uploads\/2022\/04\/GIANNI-PAOLO-MARCON.mp3<\/a><\/audio>\n<p>&nbsp;<\/p>\n<p class=\"x_MsoNormal\">\n","protected":false},"excerpt":{"rendered":"<p>BELLUNO Paolo Marcon, boscaiolo 59enne di Gosaldo, mor\u00ec\u00a0 il 7 aprile scorso lasciando nel dolore un\u2019intera comunit\u00e0. A distanza di 5 mesi il pubblico ministero Simone Marcon, titolare del fascicolo, ha chiuso le indagini e chiesto il rinvio a giudizio del datore di lavoro F.D.S., 57enne del Primiero, con l\u2019accusa di omicidio colposo. Nel frattempo,&hellip;<\/p>\n","protected":false},"author":4,"featured_media":303744,"comment_status":"closed","ping_status":"closed","sticky":false,"template":"","format":"standard","meta":{"_monsterinsights_skip_tracking":false,"_monsterinsights_sitenote_active":false,"_monsterinsights_sitenote_note":"","_monsterinsights_sitenote_category":0,"footnotes":""},"categories":[51,49],"tags":[],"class_list":["post-303743","post","type-post","status-publish","format-standard","has-post-thumbnail","hentry","category-evidenza-top","category-news-18","category-51","category-49","description-off"],"img_url":"https:\/\/www.radiopiu.net\/wordpress\/wp-content\/uploads\/2022\/10\/B73B17CE-6E2E-41C9-B69F-42A9C7E17BE0-150x150-1.jpeg","_links":{"self":[{"href":"https:\/\/www.radiopiu.net\/wordpress\/wp-json\/wp\/v2\/posts\/303743","targetHints":{"allow":["GET"]}}],"collection":[{"href":"https:\/\/www.radiopiu.net\/wordpress\/wp-json\/wp\/v2\/posts"}],"about":[{"href":"https:\/\/www.radiopiu.net\/wordpress\/wp-json\/wp\/v2\/types\/post"}],"author":[{"embeddable":true,"href":"https:\/\/www.radiopiu.net\/wordpress\/wp-json\/wp\/v2\/users\/4"}],"replies":[{"embeddable":true,"href":"https:\/\/www.radiopiu.net\/wordpress\/wp-json\/wp\/v2\/comments?post=303743"}],"version-history":[{"count":0,"href":"https:\/\/www.radiopiu.net\/wordpress\/wp-json\/wp\/v2\/posts\/303743\/revisions"}],"wp:featuredmedia":[{"embeddable":true,"href":"https:\/\/www.radiopiu.net\/wordpress\/wp-json\/wp\/v2\/media\/303744"}],"wp:attachment":[{"href":"https:\/\/www.radiopiu.net\/wordpress\/wp-json\/wp\/v2\/media?parent=303743"}],"wp:term":[{"taxonomy":"category","embeddable":true,"href":"https:\/\/www.radiopiu.net\/wordpress\/wp-json\/wp\/v2\/categories?post=303743"},{"taxonomy":"post_tag","embeddable":true,"href":"https:\/\/www.radiopiu.net\/wordpress\/wp-json\/wp\/v2\/tags?post=303743"}],"curies":[{"name":"wp","href":"https:\/\/api.w.org\/{rel}","templated":true}]}}