{"id":303769,"date":"2022-10-29T05:18:45","date_gmt":"2022-10-29T03:18:45","guid":{"rendered":"https:\/\/www.radiopiu.net\/wordpress\/?p=303769"},"modified":"2022-10-29T05:18:45","modified_gmt":"2022-10-29T03:18:45","slug":"pugno-allagente-immobiliare-violentata-a-17-anni","status":"publish","type":"post","link":"https:\/\/www.radiopiu.net\/wordpress\/pugno-allagente-immobiliare-violentata-a-17-anni\/","title":{"rendered":"PUGNO ALL&#8217;AGENTE IMMOBILIARE -VIOLENTATA A 17 ANNI"},"content":{"rendered":"<blockquote><p><span style=\"color: #0000ff;\"><strong>LA GIUDIZIARIA, OGGI SUL CORRIERE DELLE ALPI\u00a0<\/strong><\/span><\/p>\n<p><img loading=\"lazy\" decoding=\"async\" class=\"aligncenter\" src=\"https:\/\/www.radiopiu.net\/wordpress\/wp-content\/uploads\/2021\/09\/tribunale-belluno.jpg\" width=\"260\" height=\"173\" \/><\/p><\/blockquote>\n<p><strong>DI GIGI SOSSO<\/strong><\/p>\n<p><strong>REDAZIONE<\/strong> Il quotidiano bellunese riporta oggi il resoconto di due distinti episodi trattati ieri nelle aule del palazzo di giustizia di Belluno.<\/p>\n<blockquote>\n<h3>SGUARDI DI SFIDA, PUGNO ALL&#8217;AGENTE IMMOBILIARE<\/h3>\n<\/blockquote>\n<p><em>Cavallari colpito con un violento cazzotto alla testa e insultato in maniera pesante.<\/em><\/p>\n<p>Aggredito un noto immobiliarista. Nuovi guai giudiziari per Allae Dhaih. Il 21enne bellunese di nascita e maghrebino di origine \u00e8 accusato di aver mandato al Pronto soccorso Benvenuto Cavallari. Meglio conosciuto come Benny, Cavallari \u00e8 il titolare dell&#8217;agenzia Area di via Mezzaterra. Ed \u00e8 proprio nella centralissima via cittadina che sarebbe avvenuta l&#8217;aggressione&#8230; Ci sarebbe un video girato con un telefonino in grado di documentare i fatti oltre alla telecamera della videosorveglianza urbana, che ha ripreso la sua fuga. Cavallari \u00e8 andato a presentare una denuncia alla polizia e Dhaih \u00e8 stato velocemente rintracciato dalla volante di servizio in centro &#8230;. Dhaih \u00e8 difeso di fiducia, come in altre occasioni, dagli avvocati Mauro Gasperin e Monica Azzalini, mentre Benny Cavallari si costituisce parte civile. Non \u00e8 contestata l&#8217;ingiuria, che peraltro \u00e8 depenalizzata<\/p>\n<p>&nbsp;<\/p>\n<blockquote>\n<h3>DICIASETTENNE VIOLENTATA DALL&#8217;AMICO<\/h3>\n<\/blockquote>\n<p>Amico, ma\u00a0 iscritto nel registro degli indagati per violenza sessuale su una minorenne in un angolo appartato di Borgo Piave.\u00a0 Il Nucleo investigativo dei carabinieri che si occupa delle violenze di genere ha trovato i necessari riscontri alla deposizione della giovane. Ieri l&#8217;audizione protetta, i fatti sono della fine dello scorso\u00a0 luglio&#8230;La ragazza \u00e8 ricorsa alle cure del Pronto Soccorso dopo averne parlato con i genitori ed \u00e8 scattato\u00a0 il Codice Rosa, la procedura che prevede l&#8217;interessamento dei Carabinieri. L&#8217;indagato \u00e8 stato sentito e ha garantito che tutto quello che \u00e8 successo \u00e8 stato consenziente. Sar\u00e0 il sostituto procuratore Marta Tollardo a delineare i contorni della vicenda e a chiedere, eventualmente, il rinvio a giudizio dell&#8217;indagato.<\/p>\n<p>&nbsp;<\/p>\n<hr \/>\n<p>&nbsp;<\/p>\n","protected":false},"excerpt":{"rendered":"<p>LA GIUDIZIARIA, OGGI SUL CORRIERE DELLE ALPI\u00a0 DI GIGI SOSSO REDAZIONE Il quotidiano bellunese riporta oggi il resoconto di due distinti episodi trattati ieri nelle aule del palazzo di giustizia di Belluno. SGUARDI DI SFIDA, PUGNO ALL&#8217;AGENTE IMMOBILIARE Cavallari colpito con un violento cazzotto alla testa e insultato in maniera pesante. Aggredito un noto immobiliarista.&hellip;<\/p>\n","protected":false},"author":4,"featured_media":232453,"comment_status":"closed","ping_status":"closed","sticky":false,"template":"","format":"standard","meta":{"_monsterinsights_skip_tracking":false,"_monsterinsights_sitenote_active":false,"_monsterinsights_sitenote_note":"","_monsterinsights_sitenote_category":0,"footnotes":""},"categories":[51,49],"tags":[],"class_list":["post-303769","post","type-post","status-publish","format-standard","has-post-thumbnail","hentry","category-evidenza-top","category-news-18","category-51","category-49","description-off"],"img_url":"https:\/\/www.radiopiu.net\/wordpress\/wp-content\/uploads\/2021\/09\/tribunale-belluno.jpg","_links":{"self":[{"href":"https:\/\/www.radiopiu.net\/wordpress\/wp-json\/wp\/v2\/posts\/303769","targetHints":{"allow":["GET"]}}],"collection":[{"href":"https:\/\/www.radiopiu.net\/wordpress\/wp-json\/wp\/v2\/posts"}],"about":[{"href":"https:\/\/www.radiopiu.net\/wordpress\/wp-json\/wp\/v2\/types\/post"}],"author":[{"embeddable":true,"href":"https:\/\/www.radiopiu.net\/wordpress\/wp-json\/wp\/v2\/users\/4"}],"replies":[{"embeddable":true,"href":"https:\/\/www.radiopiu.net\/wordpress\/wp-json\/wp\/v2\/comments?post=303769"}],"version-history":[{"count":0,"href":"https:\/\/www.radiopiu.net\/wordpress\/wp-json\/wp\/v2\/posts\/303769\/revisions"}],"wp:featuredmedia":[{"embeddable":true,"href":"https:\/\/www.radiopiu.net\/wordpress\/wp-json\/wp\/v2\/media\/232453"}],"wp:attachment":[{"href":"https:\/\/www.radiopiu.net\/wordpress\/wp-json\/wp\/v2\/media?parent=303769"}],"wp:term":[{"taxonomy":"category","embeddable":true,"href":"https:\/\/www.radiopiu.net\/wordpress\/wp-json\/wp\/v2\/categories?post=303769"},{"taxonomy":"post_tag","embeddable":true,"href":"https:\/\/www.radiopiu.net\/wordpress\/wp-json\/wp\/v2\/tags?post=303769"}],"curies":[{"name":"wp","href":"https:\/\/api.w.org\/{rel}","templated":true}]}}