{"id":303880,"date":"2022-10-30T07:10:35","date_gmt":"2022-10-30T06:10:35","guid":{"rendered":"https:\/\/www.radiopiu.net\/wordpress\/?p=303880"},"modified":"2022-10-30T21:22:27","modified_gmt":"2022-10-30T20:22:27","slug":"un-riconoscimento-a-due-storici-volontari","status":"publish","type":"post","link":"https:\/\/www.radiopiu.net\/wordpress\/un-riconoscimento-a-due-storici-volontari\/","title":{"rendered":"UN RICONOSCIMENTO A DUE STORICI VOLONTARI"},"content":{"rendered":"<div dir=\"auto\">\n<p><strong><a class=\"dt-pswp-item\" href=\"https:\/\/www.radiopiu.net\/wordpress\/wp-content\/uploads\/2022\/10\/IMG-20221029-WA0029.jpg\" data-dt-img-description=\"\" data-large_image_width=\"2048\" data-large_image_height=\"2048\"><img loading=\"lazy\" decoding=\"async\" class=\"wp-image-303882  alignleft\" src=\"https:\/\/www.radiopiu.net\/wordpress\/wp-content\/uploads\/2022\/10\/IMG-20221029-WA0029-1024x1024.jpg\" alt=\"\" width=\"232\" height=\"232\" srcset=\"https:\/\/www.radiopiu.net\/wordpress\/wp-content\/uploads\/2022\/10\/IMG-20221029-WA0029-1024x1024.jpg 1024w, https:\/\/www.radiopiu.net\/wordpress\/wp-content\/uploads\/2022\/10\/IMG-20221029-WA0029-300x300.jpg 300w, https:\/\/www.radiopiu.net\/wordpress\/wp-content\/uploads\/2022\/10\/IMG-20221029-WA0029-150x150.jpg 150w, https:\/\/www.radiopiu.net\/wordpress\/wp-content\/uploads\/2022\/10\/IMG-20221029-WA0029-768x768.jpg 768w, https:\/\/www.radiopiu.net\/wordpress\/wp-content\/uploads\/2022\/10\/IMG-20221029-WA0029-1536x1536.jpg 1536w, https:\/\/www.radiopiu.net\/wordpress\/wp-content\/uploads\/2022\/10\/IMG-20221029-WA0029.jpg 2048w\" sizes=\"auto, (max-width: 232px) 100vw, 232px\" \/><\/a>BELLUNO\u00a0<\/strong> Sono stati consegnati oggi pomeriggio, in una sentita cerimonia in Sala consiliare, gli attestati di riconoscimento per oltre 40 anni di attivit\u00e0 all&#8217;interno del Soccorso alpino di Belluno a Gianni Sitta e Claudio Scardanzan.<\/p>\n<p>Alla presenza del sindaco di Belluno, Oscar De Pellegrin, del consigliere nazionale del Cnsas Fabio Rufus Bristot, del Delegato Alex Barattin e del capo della Stazione di Belluno Gianpaolo Sani, ai due storici soccorritori sono stati consegnati gli attestati di stima e profondo ringraziamento, di fronte ai numerosi volontari, alle famiglie e ai rappresentanti dell&#8217;amministrazione comunale.Queste le parole del sindaco De Pellegrin: \u201cSono felice e orgoglioso di questa cerimonia organizzata dal Soccorso Alpino proprio qui in Comune, in quella che io chiamo la casa dei bellunesi. E lo sono per due motivi. Innanzitutto perch\u00e9 il Corpo nazionale del Soccorso alpino \u00e8 una realt\u00e0 che ci rende estremamente fieri, che incarna lo spirito bellunese dell\u2019aiuto silenzioso agli altri, quell\u2019aiuto concreto fatto senza clamori n\u00e9 volont\u00e0 di visibilit\u00e0.I volontari sono gente davvero tosta, preparata fisicamente, consapevole di potersi trovare nella situazione di mettere a repentaglio la propria vita pur di salvare quella di altri. Io credo sia quanto di pi\u00f9 grande possa fare un uomo. Cosa c\u2019\u00e8 di pi\u00f9 di questo?Non li si ringrazia mai abbastanza, questi volontari che spendono il loro tempo per gli altri, che magari rinunciano a stare in famiglia per rispondere alle chiamate di soccorso.\u00a0E poi sono felice perch\u00e9 l\u2019occasione di questo ritrovo \u00e8 il lavoro prestato da due volontari che sono stati dipendenti del nostro Comune. Una vita votata alla comunit\u00e0, quella di Scardanzan e di Sitta, tanto nel lavoro quanto nel tempo libero. Per 45 e 43 anni hanno risposto \u201cs\u00ec\u201d quando venivano chiamati per gli interventi, hanno salvato vite e io credo che in questo loro operato abbiano rinunciato a molto tempo con i propri cari ma abbiano anche ricevuto tanto in cambio.<\/p>\n<p><a class=\"dt-pswp-item\" href=\"https:\/\/www.radiopiu.net\/wordpress\/wp-content\/uploads\/2022\/10\/IMG-20221029-WA0030.jpg\" data-dt-img-description=\"\" data-large_image_width=\"2048\" data-large_image_height=\"2048\"><img loading=\"lazy\" decoding=\"async\" class=\"wp-image-303881  alignright\" src=\"https:\/\/www.radiopiu.net\/wordpress\/wp-content\/uploads\/2022\/10\/IMG-20221029-WA0030-1024x1024.jpg\" alt=\"\" width=\"181\" height=\"181\" srcset=\"https:\/\/www.radiopiu.net\/wordpress\/wp-content\/uploads\/2022\/10\/IMG-20221029-WA0030-1024x1024.jpg 1024w, https:\/\/www.radiopiu.net\/wordpress\/wp-content\/uploads\/2022\/10\/IMG-20221029-WA0030-300x300.jpg 300w, https:\/\/www.radiopiu.net\/wordpress\/wp-content\/uploads\/2022\/10\/IMG-20221029-WA0030-150x150.jpg 150w, https:\/\/www.radiopiu.net\/wordpress\/wp-content\/uploads\/2022\/10\/IMG-20221029-WA0030-768x768.jpg 768w, https:\/\/www.radiopiu.net\/wordpress\/wp-content\/uploads\/2022\/10\/IMG-20221029-WA0030-1536x1536.jpg 1536w, https:\/\/www.radiopiu.net\/wordpress\/wp-content\/uploads\/2022\/10\/IMG-20221029-WA0030.jpg 2048w\" sizes=\"auto, (max-width: 181px) 100vw, 181px\" \/><\/a>Martin Luther King diceva che la domanda pi\u00f9 urgente della vita \u00e8 \u201cCosa stai facendo per gli altri?\u201d. Chiediamocelo sempre, e cerchiamo di lavorare perch\u00e9 la nostra risposta sia sempre positiva, cos\u00ec come hanno fatto i nostri due volontari\u201d.&#8221;La passione verificata in 45 anni di appartenenza alla Stazione del Cnsas di Belluno per Caio e di 43 per Gianni fa di questi due volontari persone senza dubbio carismatiche, modelli che hanno saputo usare l&#8217;influenza e l&#8217;esempio, a cui prima facevo cenno, per arrivare sino a qua. Grazie a Caio e Gianni per quanto avete fatto a favore delle nostre comunit\u00e0 e del Cnsas tutto, grazie perch\u00e9 siete stati autenticamente il Cnsas&#8221;, le parole di Fabio Rufus Bristot.<\/p>\n<p><strong>I testi degli attestati consegnati assieme al Certificato di iscrizione a Claudio e Gianni.<\/strong><\/p>\n<p>\u300aA Claudio \u201cCaio\u201d Scardanzan,<\/p>\n<p>per i tuoi 45 anni di appartenenza al Corpo Nazionale Soccorso Alpino e Speleologico \u2013 Stazione di Belluno, nel corso dei quali hai offerto la tua preziosa collaborazione volta a garantire sia decine di missioni di soccorso a favore di altrettanti feriti, pericolanti e persone decedute nel territorio di competenza, sia centinaia di azioni espressamente dedicate alla ricerca di persone disperse, svolgendo in particolare attivit\u00e0 di coordinamento in 316 missioni di soccorso nel territorio provinciale ed extra provinciale, attuando con minuziosa ed appassionata dedizione lo sviluppo di software e sistemi cartografici di caratura nazionale precipuamente indirizzati alla ricerca e soccorso delle persone disperse\u300b<\/p>\n<div dir=\"auto\">\n<p>\u300aA Giovanni \u201cGianni\u201d Sitta,<\/p>\n<p>per i tuoi 43 anni di appartenenza al Corpo Nazionale Soccorso Alpino e Speleologico \u2013 Stazione di Belluno, nel corso dei quali hai offerto la tua preziosa collaborazione volta a garantire sia svariate decine di missioni di soccorso a favore di altrettanti feriti, pericolanti e persone decedute nel territorio di competenza, sia centinaia di interventi nel territorio provinciale ed extra provinciale quale Tecnico di elisoccorso nel servizio di elisoccorso del SUEM 118, durante i quali hai anche svolto una significativa attivit\u00e0 di formazione e certificazione del personale sanitario e del personale del CNSAS\u300b<\/p>\n<\/div>\n<\/div>\n<p>___<\/p>\n","protected":false},"excerpt":{"rendered":"<p>BELLUNO\u00a0 Sono stati consegnati oggi pomeriggio, in una sentita cerimonia in Sala consiliare, gli attestati di riconoscimento per oltre 40 anni di attivit\u00e0 all&#8217;interno del Soccorso alpino di Belluno a Gianni Sitta e Claudio Scardanzan. Alla presenza del sindaco di Belluno, Oscar De Pellegrin, del consigliere nazionale del Cnsas Fabio Rufus Bristot, del Delegato Alex&hellip;<\/p>\n","protected":false},"author":4,"featured_media":303882,"comment_status":"closed","ping_status":"closed","sticky":false,"template":"","format":"standard","meta":{"_monsterinsights_skip_tracking":false,"_monsterinsights_sitenote_active":false,"_monsterinsights_sitenote_note":"","_monsterinsights_sitenote_category":0,"footnotes":""},"categories":[104,49],"tags":[],"class_list":["post-303880","post","type-post","status-publish","format-standard","has-post-thumbnail","hentry","category-evidenza_3","category-news-18","category-104","category-49","description-off"],"img_url":"https:\/\/www.radiopiu.net\/wordpress\/wp-content\/uploads\/2022\/10\/IMG-20221029-WA0029.jpg","_links":{"self":[{"href":"https:\/\/www.radiopiu.net\/wordpress\/wp-json\/wp\/v2\/posts\/303880","targetHints":{"allow":["GET"]}}],"collection":[{"href":"https:\/\/www.radiopiu.net\/wordpress\/wp-json\/wp\/v2\/posts"}],"about":[{"href":"https:\/\/www.radiopiu.net\/wordpress\/wp-json\/wp\/v2\/types\/post"}],"author":[{"embeddable":true,"href":"https:\/\/www.radiopiu.net\/wordpress\/wp-json\/wp\/v2\/users\/4"}],"replies":[{"embeddable":true,"href":"https:\/\/www.radiopiu.net\/wordpress\/wp-json\/wp\/v2\/comments?post=303880"}],"version-history":[{"count":0,"href":"https:\/\/www.radiopiu.net\/wordpress\/wp-json\/wp\/v2\/posts\/303880\/revisions"}],"wp:featuredmedia":[{"embeddable":true,"href":"https:\/\/www.radiopiu.net\/wordpress\/wp-json\/wp\/v2\/media\/303882"}],"wp:attachment":[{"href":"https:\/\/www.radiopiu.net\/wordpress\/wp-json\/wp\/v2\/media?parent=303880"}],"wp:term":[{"taxonomy":"category","embeddable":true,"href":"https:\/\/www.radiopiu.net\/wordpress\/wp-json\/wp\/v2\/categories?post=303880"},{"taxonomy":"post_tag","embeddable":true,"href":"https:\/\/www.radiopiu.net\/wordpress\/wp-json\/wp\/v2\/tags?post=303880"}],"curies":[{"name":"wp","href":"https:\/\/api.w.org\/{rel}","templated":true}]}}