{"id":303884,"date":"2022-10-31T15:32:23","date_gmt":"2022-10-31T14:32:23","guid":{"rendered":"https:\/\/www.radiopiu.net\/wordpress\/?p=303884"},"modified":"2022-10-30T20:45:10","modified_gmt":"2022-10-30T19:45:10","slug":"i-racconti-di-paolo-soppelsa-puntata-149","status":"publish","type":"post","link":"https:\/\/www.radiopiu.net\/wordpress\/i-racconti-di-paolo-soppelsa-puntata-149\/","title":{"rendered":"I RACCONTI DI PAOLO SOPPELSA &#8211; PUNTATA 149"},"content":{"rendered":"<p><strong>IL MESE TRISTE\u00a0<\/strong><\/p>\n<p>AUDIO<\/p>\n<audio class=\"wp-audio-shortcode\" id=\"audio-303884-1\" preload=\"none\" style=\"width: 100%;\" controls=\"controls\"><source type=\"audio\/mpeg\" src=\"https:\/\/www.radiopiu.net\/wordpress\/wp-content\/uploads\/2022\/10\/PAOLO-SOPPELSA.mp3?_=1\" \/><a href=\"https:\/\/www.radiopiu.net\/wordpress\/wp-content\/uploads\/2022\/10\/PAOLO-SOPPELSA.mp3\">https:\/\/www.radiopiu.net\/wordpress\/wp-content\/uploads\/2022\/10\/PAOLO-SOPPELSA.mp3<\/a><\/audio>\n<p>&nbsp;<\/p>\n<p><a class=\"dt-pswp-item\" href=\"https:\/\/www.radiopiu.net\/wordpress\/wp-content\/uploads\/2022\/10\/2adbb062-4c74-434c-aa4a-ca6941e9f89f.jpg\" data-dt-img-description=\"\" data-large_image_width=\"1600\" data-large_image_height=\"1200\"><img loading=\"lazy\" decoding=\"async\" class=\" wp-image-303918 alignleft\" src=\"https:\/\/www.radiopiu.net\/wordpress\/wp-content\/uploads\/2022\/10\/2adbb062-4c74-434c-aa4a-ca6941e9f89f-300x225.jpg\" alt=\"\" width=\"255\" height=\"191\" srcset=\"https:\/\/www.radiopiu.net\/wordpress\/wp-content\/uploads\/2022\/10\/2adbb062-4c74-434c-aa4a-ca6941e9f89f-300x225.jpg 300w, https:\/\/www.radiopiu.net\/wordpress\/wp-content\/uploads\/2022\/10\/2adbb062-4c74-434c-aa4a-ca6941e9f89f-1024x768.jpg 1024w, https:\/\/www.radiopiu.net\/wordpress\/wp-content\/uploads\/2022\/10\/2adbb062-4c74-434c-aa4a-ca6941e9f89f-768x576.jpg 768w, https:\/\/www.radiopiu.net\/wordpress\/wp-content\/uploads\/2022\/10\/2adbb062-4c74-434c-aa4a-ca6941e9f89f-1536x1152.jpg 1536w, https:\/\/www.radiopiu.net\/wordpress\/wp-content\/uploads\/2022\/10\/2adbb062-4c74-434c-aa4a-ca6941e9f89f.jpg 1600w\" sizes=\"auto, (max-width: 255px) 100vw, 255px\" \/><\/a>&#8220;Novembre ti prende per mano e ti accompagna nell&#8217;inverno.&#8221;<br \/>\nIl mese triste si presenta in modo piuttosto severo, con il ritorno dell&#8217;ora solare che accorcia in modo violento i pomeriggi e subito dopo con la Commemorazione dei Defunti; e sono lacrime e ricordi, fiori e lumini che adornano le tombe nei camposanti talvolta imbiancati dalle prime brinate. E poi subito quel quattro novembre, un giorno per celebrare una eroica vittoria di guerra e per ricordare una catastrofica alluvione. Era al tempo dell&#8217;inizio del mese mesto che iniziavano a chiudersi i cantieri e gli emigranti stagionali prendevano in mano la loro valigia per intraprendere il viaggio che li avrebbe riportati a casa. Le famiglie tornavano a riunirsi mentre i larici viravano verso l&#8217;arancione e sulle cime era gi\u00e0 comparsa la prima neve. \u00c8 tempo austero quello di novembre, e se le nuvole nascondono le montagne talvolta sar\u00e0 pioggia potente, buona per le &#8220;acque grande&#8221;, quelle da avere paura sul serio. Poi tutto solitamente si placa al tempo dell&#8217; &#8220;Estate di San Martino&#8221;, quando a Belluno si festeggia il Patrono e nelle vie e nelle piazze si sparge il profumo delle castagne arrostite. \u00c8 quasi sempre tempo mite e cielo malinconico ad accompagnare la grande sagra che si tiene nel capoluogo la domenica successiva all&#8217;undici di novembre, con i flauti peruviani che suonano stanchi in via Loreto e con gli aromi pesanti delle frittelle intrise d&#8217;olio a profumare il centro storico della piccola citt\u00e0. Poi alla sera, quando le bancarelle sono ripartite per altri lidi e le piazze sono state ripulite da cartacce e bicchieri di plastica, ecco che il mese triste riprende definitivamente possesso della citt\u00e0; d&#8217;ora in poi, fino alle feste di Natale, sar\u00e0 un tempo lento da far passare in compagnia di umide nebbie che in certe mattine si alzano dal Piave. Nelle valli montane, invece, \u00e8 quasi inverno; i camini fumano gi\u00e0 dall&#8217;alba, alberghi e pizzerie sono chiusi e sulle piste da sci, i cannoni attendono quel sottozero buono per sparare la neve artificiale. Un tempo, questi erano i giorni in cui i boscaioli attendevano la luna calante per iniziare i tagli nei boschi; il ghiaccio e la neve li avrebbero poi aiutati nel trasporto dei tronchi lungo i ripidi &#8220;menador&#8221;. Ed erano le ultime fatiche prima del meritato riposo invernale. Appena superata la met\u00e0 del mese austero, in montagna l&#8217;autunno inizia il suo congedo. I larici ingrigiscono e si addormentano, i faggi invece dormono gi\u00e0 da un paio di settimane; soltanto gli abeti rimangono svegli a vigilare il bosco e ad aspettare la prima neve che ormai non scender\u00e0 soltanto sulle cime, ma anche a fondovalle. Il mese triste nasce nel mezzo dell&#8217;autunno, al tempo in cui i colori dei boschi si mostrano al massimo del loro splendore, e termina nell&#8217;inverno metereologico appena iniziato, regalando un paesaggio pressoch\u00e9 in bianco e grigio; tutto ormai dorme quando a Cencenighe si tiene la Fiera di Sant&#8217;Andrea; tanta era la gente che, fino a qualche decennio fa, si recava al paese che si trova all&#8217;incrocio di strade acque e venti, per fare festa e acquistare animali da macello o da lavoro. Ed era anche l&#8217;occasione per quegli emigranti rientrati in patria da poche settimane, di ritrovarsi a fare comunit\u00e0 all&#8217;ombra del Pelsa. Si congeda cos\u00ec novembre al tempo della fiera di Sant&#8217;Andrea, a volte lasciando un&#8217;eredit\u00e0 di neve sui tetti e sulle cime e facendo calare il sipario sull&#8217;autunno che al trentesimo giorno del penultimo mese, \u00e8 ormai solamente ricordo.<\/p>\n","protected":false},"excerpt":{"rendered":"<p>IL MESE TRISTE\u00a0 AUDIO &nbsp; &#8220;Novembre ti prende per mano e ti accompagna nell&#8217;inverno.&#8221; Il mese triste si presenta in modo piuttosto severo, con il ritorno dell&#8217;ora solare che accorcia in modo violento i pomeriggi e subito dopo con la Commemorazione dei Defunti; e sono lacrime e ricordi, fiori e lumini che adornano le tombe&hellip;<\/p>\n","protected":false},"author":4,"featured_media":303918,"comment_status":"closed","ping_status":"closed","sticky":false,"template":"","format":"standard","meta":{"_monsterinsights_skip_tracking":false,"_monsterinsights_sitenote_active":false,"_monsterinsights_sitenote_note":"","_monsterinsights_sitenote_category":0,"footnotes":""},"categories":[104,49],"tags":[],"class_list":["post-303884","post","type-post","status-publish","format-standard","has-post-thumbnail","hentry","category-evidenza_3","category-news-18","category-104","category-49","description-off"],"img_url":"https:\/\/www.radiopiu.net\/wordpress\/wp-content\/uploads\/2022\/10\/2adbb062-4c74-434c-aa4a-ca6941e9f89f.jpg","_links":{"self":[{"href":"https:\/\/www.radiopiu.net\/wordpress\/wp-json\/wp\/v2\/posts\/303884","targetHints":{"allow":["GET"]}}],"collection":[{"href":"https:\/\/www.radiopiu.net\/wordpress\/wp-json\/wp\/v2\/posts"}],"about":[{"href":"https:\/\/www.radiopiu.net\/wordpress\/wp-json\/wp\/v2\/types\/post"}],"author":[{"embeddable":true,"href":"https:\/\/www.radiopiu.net\/wordpress\/wp-json\/wp\/v2\/users\/4"}],"replies":[{"embeddable":true,"href":"https:\/\/www.radiopiu.net\/wordpress\/wp-json\/wp\/v2\/comments?post=303884"}],"version-history":[{"count":0,"href":"https:\/\/www.radiopiu.net\/wordpress\/wp-json\/wp\/v2\/posts\/303884\/revisions"}],"wp:featuredmedia":[{"embeddable":true,"href":"https:\/\/www.radiopiu.net\/wordpress\/wp-json\/wp\/v2\/media\/303918"}],"wp:attachment":[{"href":"https:\/\/www.radiopiu.net\/wordpress\/wp-json\/wp\/v2\/media?parent=303884"}],"wp:term":[{"taxonomy":"category","embeddable":true,"href":"https:\/\/www.radiopiu.net\/wordpress\/wp-json\/wp\/v2\/categories?post=303884"},{"taxonomy":"post_tag","embeddable":true,"href":"https:\/\/www.radiopiu.net\/wordpress\/wp-json\/wp\/v2\/tags?post=303884"}],"curies":[{"name":"wp","href":"https:\/\/api.w.org\/{rel}","templated":true}]}}