{"id":303892,"date":"2022-10-30T19:54:16","date_gmt":"2022-10-30T18:54:16","guid":{"rendered":"https:\/\/www.radiopiu.net\/wordpress\/?p=303892"},"modified":"2022-10-30T21:19:33","modified_gmt":"2022-10-30T20:19:33","slug":"csi-450-in-gara-alla-seconda-prova-e-nemeggio","status":"publish","type":"post","link":"https:\/\/www.radiopiu.net\/wordpress\/csi-450-in-gara-alla-seconda-prova-e-nemeggio\/","title":{"rendered":"CSI: 450 IN GARA ALLA SECONDA PROVA E NEMEGGIO"},"content":{"rendered":"<p><strong>BELLUNO <\/strong>Sono stati 450 i partecipanti alla seconda prova del Campionato provinciale di corsa campestre del Centro sportivo italiano, evento proposto dal Comitato Csi di Belluno in sinergia con quello di Feltre e valido per l\u2019assegnazione del Memorial Serafino Barp. Come gi\u00e0 per la prima prova, svoltasi lo scorso 23 ottobre in Nevegal, anche le gare di Nemeggio hanno visto al via oltre a tante societ\u00e0 bellunesi anche qualche sodalizio di altre province. E come gi\u00e0 per la prima prova, a vincere la graduatoria complessiva per societ\u00e0 \u00e8 stato il Gs Castionese che, sul filo di lana, ha battuto il Gs Astra Quero: un solo punto separa le due societ\u00e0. A salire sul gradino pi\u00f9 basso del podio i padroni di casa della Virtus Nemeggio. Anche per quanto riguarda la graduatoria giovanile la societ\u00e0 vincitrice \u00e8 quella di una settima fa: si tratta del Gs La Piave 2000 che ha avuto la meglio su Gs Castionese e Gs Astra Quero.Le gare individuali assolute hanno visto la vittoria della trevigiana <strong>Nikol Marsura<\/strong> su Chiara Pedol e su Federica Dal Ri e dello zoldano <strong>Isacco Costa<\/strong> su Lorenzo Da Rin De Monego e Federico Polesana. Il provinciale di cross proseguir\u00e0 <strong>domenica prossima<\/strong>, 6 novembre, a <strong>Ronchena di Lentiai <\/strong>(Borgo Valbelluna) per l\u2019organizzazione del Gs La Piave 2000)<\/p>\n<p><a href=\"http:\/\/www.csibelluno.it\/2022\/10\/29\/liste-di-partenza-percorso-e-classifiche-di-nemeggio\/\"><strong>CLASSIFICHE<\/strong><\/a><\/p>\n\n\t\t\t<style type='text\/css'>\n\t\t\t\t#gallery-1 {\n\t\t\t\t\tmargin: auto;\n\t\t\t\t}\n\t\t\t\t#gallery-1 .gallery-item {\n\t\t\t\t\tfloat: left;\n\t\t\t\t\tmargin-top: 10px;\n\t\t\t\t\ttext-align: center;\n\t\t\t\t\twidth: 33%;\n\t\t\t\t}\n\t\t\t\t#gallery-1 img {\n\t\t\t\t\tborder: 2px solid #cfcfcf;\n\t\t\t\t}\n\t\t\t\t#gallery-1 .gallery-caption {\n\t\t\t\t\tmargin-left: 0;\n\t\t\t\t}\n\t\t\t\t\/* see gallery_shortcode() in wp-includes\/media.php *\/\n\t\t\t<\/style>\n\t\t<div id='gallery-1' class='dt-gallery-container gallery galleryid-303892 gallery-columns-3 gallery-size-thumbnail'><dl class='gallery-item'>\n\t\t\t\t<dt class='gallery-icon landscape'>\n\t\t\t\t\t<a class=\"rollover rollover-zoom dt-pswp-item\" title=\"partenza gara assoluta donne - nemeggio 30 ottobre 2022\" data-dt-img-description=\"\" data-large_image_width=\"1500\" data-large_image_height=\"1000\"href='https:\/\/www.radiopiu.net\/wordpress\/wp-content\/uploads\/2022\/10\/partenza-gara-assoluta-donne-nemeggio-30-ottobre-2022.jpg'><img loading=\"lazy\" decoding=\"async\" width=\"150\" height=\"150\" src=\"https:\/\/www.radiopiu.net\/wordpress\/wp-content\/uploads\/2022\/10\/partenza-gara-assoluta-donne-nemeggio-30-ottobre-2022-150x150.jpg\" class=\"attachment-thumbnail size-thumbnail\" alt=\"\" \/><\/a>\n\t\t\t\t<\/dt><\/dl><dl class='gallery-item'>\n\t\t\t\t<dt class='gallery-icon portrait'>\n\t\t\t\t\t<a class=\"rollover rollover-zoom dt-pswp-item\" title=\"podio assoluto uomini - nemeggio 30 ottobre 2022\" data-dt-img-description=\"\" data-large_image_width=\"1125\" data-large_image_height=\"1500\"href='https:\/\/www.radiopiu.net\/wordpress\/wp-content\/uploads\/2022\/10\/podio-assoluto-uomini-nemeggio-30-ottobre-2022.jpg'><img loading=\"lazy\" decoding=\"async\" width=\"150\" height=\"150\" src=\"https:\/\/www.radiopiu.net\/wordpress\/wp-content\/uploads\/2022\/10\/podio-assoluto-uomini-nemeggio-30-ottobre-2022-150x150.jpg\" class=\"attachment-thumbnail size-thumbnail\" alt=\"\" \/><\/a>\n\t\t\t\t<\/dt><\/dl><dl class='gallery-item'>\n\t\t\t\t<dt class='gallery-icon portrait'>\n\t\t\t\t\t<a class=\"rollover rollover-zoom dt-pswp-item\" title=\"podio assoluto donne - nemeggio 30 ottobre 2022\" data-dt-img-description=\"\" data-large_image_width=\"1125\" data-large_image_height=\"1500\"href='https:\/\/www.radiopiu.net\/wordpress\/wp-content\/uploads\/2022\/10\/podio-assoluto-donne-nemeggio-30-ottobre-2022.jpg'><img loading=\"lazy\" decoding=\"async\" width=\"150\" height=\"150\" src=\"https:\/\/www.radiopiu.net\/wordpress\/wp-content\/uploads\/2022\/10\/podio-assoluto-donne-nemeggio-30-ottobre-2022-150x150.jpg\" class=\"attachment-thumbnail size-thumbnail\" alt=\"\" \/><\/a>\n\t\t\t\t<\/dt><\/dl><br style=\"clear: both\" \/>\n\t\t\t<\/div>\n\n<p>&nbsp;<\/p>\n<p>&nbsp;<\/p>\n<p>&nbsp;<\/p>\n<hr \/>\n<p>&nbsp;<\/p>\n","protected":false},"excerpt":{"rendered":"<p>BELLUNO Sono stati 450 i partecipanti alla seconda prova del Campionato provinciale di corsa campestre del Centro sportivo italiano, evento proposto dal Comitato Csi di Belluno in sinergia con quello di Feltre e valido per l\u2019assegnazione del Memorial Serafino Barp. Come gi\u00e0 per la prima prova, svoltasi lo scorso 23 ottobre in Nevegal, anche le&hellip;<\/p>\n","protected":false},"author":4,"featured_media":303893,"comment_status":"closed","ping_status":"closed","sticky":false,"template":"","format":"standard","meta":{"_monsterinsights_skip_tracking":false,"_monsterinsights_sitenote_active":false,"_monsterinsights_sitenote_note":"","_monsterinsights_sitenote_category":0,"footnotes":""},"categories":[104,49],"tags":[],"class_list":["post-303892","post","type-post","status-publish","format-standard","has-post-thumbnail","hentry","category-evidenza_3","category-news-18","category-104","category-49","description-off"],"img_url":"https:\/\/www.radiopiu.net\/wordpress\/wp-content\/uploads\/2022\/10\/podio-assoluto-uomini-nemeggio-30-ottobre-2022.jpg","_links":{"self":[{"href":"https:\/\/www.radiopiu.net\/wordpress\/wp-json\/wp\/v2\/posts\/303892","targetHints":{"allow":["GET"]}}],"collection":[{"href":"https:\/\/www.radiopiu.net\/wordpress\/wp-json\/wp\/v2\/posts"}],"about":[{"href":"https:\/\/www.radiopiu.net\/wordpress\/wp-json\/wp\/v2\/types\/post"}],"author":[{"embeddable":true,"href":"https:\/\/www.radiopiu.net\/wordpress\/wp-json\/wp\/v2\/users\/4"}],"replies":[{"embeddable":true,"href":"https:\/\/www.radiopiu.net\/wordpress\/wp-json\/wp\/v2\/comments?post=303892"}],"version-history":[{"count":0,"href":"https:\/\/www.radiopiu.net\/wordpress\/wp-json\/wp\/v2\/posts\/303892\/revisions"}],"wp:featuredmedia":[{"embeddable":true,"href":"https:\/\/www.radiopiu.net\/wordpress\/wp-json\/wp\/v2\/media\/303893"}],"wp:attachment":[{"href":"https:\/\/www.radiopiu.net\/wordpress\/wp-json\/wp\/v2\/media?parent=303892"}],"wp:term":[{"taxonomy":"category","embeddable":true,"href":"https:\/\/www.radiopiu.net\/wordpress\/wp-json\/wp\/v2\/categories?post=303892"},{"taxonomy":"post_tag","embeddable":true,"href":"https:\/\/www.radiopiu.net\/wordpress\/wp-json\/wp\/v2\/tags?post=303892"}],"curies":[{"name":"wp","href":"https:\/\/api.w.org\/{rel}","templated":true}]}}