{"id":303946,"date":"2022-10-31T05:38:57","date_gmt":"2022-10-31T04:38:57","guid":{"rendered":"https:\/\/www.radiopiu.net\/wordpress\/?p=303946"},"modified":"2022-10-31T13:47:17","modified_gmt":"2022-10-31T12:47:17","slug":"giornale-radiopiu-31-ottobre-2022-direttore-mirko-mezzacasa","status":"publish","type":"post","link":"https:\/\/www.radiopiu.net\/wordpress\/giornale-radiopiu-31-ottobre-2022-direttore-mirko-mezzacasa\/","title":{"rendered":"GIORNALE RADIOPIU 31 OTTOBRE 2022 DIRETTORE MIRKO MEZZACASA"},"content":{"rendered":"<h3 class=\"kvgmc6g5 cxmmr5t8 oygrvhab hcukyx3x c1et5uql\"><span style=\"color: #0000ff;\"><strong>RADIO PIU INFORMAZIONE il canale su TELEGRAM informazione di prima\u00a0 <\/strong><strong>mano e in tempo reale. iscriviti ed aiutaci a farlo conoscere\u00a0<\/strong><\/span><\/h3>\n<p>&nbsp;<\/p>\n<p><strong><span style=\"color: #ff0000;\">PROTESTA LADINA<\/span><\/strong><a class=\"dt-pswp-item\" href=\"https:\/\/www.radiopiu.net\/wordpress\/wp-content\/uploads\/2022\/10\/Senza-nome-103.jpg\" data-dt-img-description=\"\" data-large_image_width=\"239\" data-large_image_height=\"93\"><img loading=\"lazy\" decoding=\"async\" class=\"wp-image-304004 size-full aligncenter\" src=\"https:\/\/www.radiopiu.net\/wordpress\/wp-content\/uploads\/2022\/10\/Senza-nome-103.jpg\" alt=\"\" width=\"239\" height=\"93\" \/> <\/a><\/p>\n<p><strong>\u00a0\u00a0<\/strong> Il popolo ladino chiede al Governo maggiore attenzione, o meglio chiede attenzione, quella che manca dal 2007 dopo il Referendum per il distacco dal Veneto. Partiti e politici che si sono succeduti hanno fatto ben poco, ergo: non hanno fatto nulla. Cosa diversa per Sappada,\u00a0 in un batti baleno (rispetto a quanto succede nei territori ladini) ha fatto le valigie \u00e8 si \u00e8 ritrovata in Friuli Venezia Giulia. Nel fine settimana l&#8217;incontro dal quale \u00e8 uscito un documento importante (che riportiamo in questo notiziario). Interessante anche l&#8217;intervista rilasciata da Denni Dorigo (Euregio) che si pu\u00f2 riascoltare in podcast dove si parla anche dei fondi di confine (conseguenza del referendum del 2007 con il 78,86% dei votanti vot\u00f2 per il passaggio in Trentino Alto Adige SudTirolo <em>&#8220;Doveva essere una forma di compensazione &#8211; ha detto Dorigo &#8211; ma sono diventati una torta da spartire sull&#8217;intero territorio provinciale con il rischio che si allarghi a macchia d&#8217;olio fino a&#8230;Venezia&#8221;.<\/em><\/p>\n<p><strong>foto: il messaggio dal Municipio di Colle Santa Lucia<\/strong><\/p>\n<p>&nbsp;<\/p>\n<blockquote>\n<h3>15 ANNI FA, SI VOTAVA NEI COMUNI LADINI PER IL DISTACCO DALLA REGIONE VENETO. COSA E&#8217; CAMBIATO?<\/h3>\n<\/blockquote>\n<p><strong><a class=\"dt-pswp-item\" href=\"https:\/\/www.radiopiu.net\/wordpress\/wp-content\/uploads\/2021\/07\/DENNI-DORIGO.jpg\" data-dt-img-description=\"\" data-large_image_width=\"1240\" data-large_image_height=\"1241\"><img loading=\"lazy\" decoding=\"async\" class=\"wp-image-224612 alignleft\" src=\"https:\/\/www.radiopiu.net\/wordpress\/wp-content\/uploads\/2021\/07\/DENNI-DORIGO-300x300.jpg\" alt=\"\" width=\"155\" height=\"155\" srcset=\"https:\/\/www.radiopiu.net\/wordpress\/wp-content\/uploads\/2021\/07\/DENNI-DORIGO-300x300.jpg 300w, https:\/\/www.radiopiu.net\/wordpress\/wp-content\/uploads\/2021\/07\/DENNI-DORIGO-1024x1024.jpg 1024w, https:\/\/www.radiopiu.net\/wordpress\/wp-content\/uploads\/2021\/07\/DENNI-DORIGO-150x150.jpg 150w, https:\/\/www.radiopiu.net\/wordpress\/wp-content\/uploads\/2021\/07\/DENNI-DORIGO-768x769.jpg 768w, https:\/\/www.radiopiu.net\/wordpress\/wp-content\/uploads\/2021\/07\/DENNI-DORIGO.jpg 1240w\" sizes=\"auto, (max-width: 155px) 100vw, 155px\" \/><\/a>REDAZIONE<\/strong> Ospite in studio Denni Dorigo, membro Euregio.<\/p>\n<p>&nbsp;<\/p>\n<p>&nbsp;<\/p>\n<p>&nbsp;<\/p>\n<p>&nbsp;<\/p>\n<p><strong>L&#8217;INTERVISTA di Mirko Mezzacasa\u00a0<\/strong><\/p>\n<audio class=\"wp-audio-shortcode\" id=\"audio-303946-1\" preload=\"none\" style=\"width: 100%;\" controls=\"controls\"><source type=\"audio\/mpeg\" src=\"https:\/\/www.radiopiu.net\/wordpress\/wp-content\/uploads\/2022\/10\/denni-dorigo.mp3?_=1\" \/><a href=\"https:\/\/www.radiopiu.net\/wordpress\/wp-content\/uploads\/2022\/10\/denni-dorigo.mp3\">https:\/\/www.radiopiu.net\/wordpress\/wp-content\/uploads\/2022\/10\/denni-dorigo.mp3<\/a><\/audio>\n<p>&nbsp;<\/p>\n<p>&nbsp;<\/p>\n<blockquote class=\"wp-embedded-content\" data-secret=\"aR4LZR4nVw\"><p><a href=\"https:\/\/www.radiopiu.net\/wordpress\/29-ottobre-2007-29-ottobre-2022-15-anni-dal-referendum-il-documento\/\">29 ottobre 2007 \u2013 29 ottobre 2022 15 ANNI dal REFERENDUM:   IL DOCUMENTO<\/a><\/p><\/blockquote>\n<p><iframe loading=\"lazy\" class=\"wp-embedded-content\" sandbox=\"allow-scripts\" security=\"restricted\" style=\"position: absolute; clip: rect(1px, 1px, 1px, 1px);\" title=\"&#8220;29 ottobre 2007 \u2013 29 ottobre 2022 15 ANNI dal REFERENDUM:   IL DOCUMENTO&#8221; &#8212; Radio Pi\u00f9\" src=\"https:\/\/www.radiopiu.net\/wordpress\/29-ottobre-2007-29-ottobre-2022-15-anni-dal-referendum-il-documento\/embed\/#?secret=HAHAgZSzdi#?secret=aR4LZR4nVw\" data-secret=\"aR4LZR4nVw\" width=\"600\" height=\"338\" frameborder=\"0\" marginwidth=\"0\" marginheight=\"0\" scrolling=\"no\"><\/iframe><\/p>\n<p>&nbsp;<\/p>\n<p>&nbsp;<\/p>\n<hr \/>\n<p>&nbsp;<\/p>\n<p><span style=\"color: #ff0000;\">ULSS 1 BELLUNO I medici di Medicina Generale della Medicina di Gruppo Belluno Uno,\u00a0 con sede a Belluno, in via Feltre 196, effettueranno la vaccinazione antiinfluenzale per i loro assistiti over 65 e i pazienti fragili in orario di ambulatorio\u00a0 sabato dalle\u00a0 8 alle 11<\/span><\/p>\n<p><strong>STRADA PER RIVAMONTE INTERDETTA AL TRAFFICO IN ORARI LAVORATIVI, DIVIETO DI TRANSITO A FASCE ORARIE PER I MEZZI PESANTI A DON DI GOSALDO<\/strong><\/p>\n<p><strong><a class=\"dt-pswp-item\" href=\"https:\/\/www.radiopiu.net\/wordpress\/wp-content\/uploads\/2020\/05\/d282e9db-a1f1-4fe6-99cc-e839bf290f3c.jpg\" data-dt-img-description=\"Lavori di consolidamento alle banchine stradali e posizionamento guard rail strada prov. 641 (Veneto Strade)\" data-large_image_width=\"1599\" data-large_image_height=\"1200\"><img loading=\"lazy\" decoding=\"async\" class=\"wp-image-136640 alignleft\" src=\"https:\/\/www.radiopiu.net\/wordpress\/wp-content\/uploads\/2020\/05\/d282e9db-a1f1-4fe6-99cc-e839bf290f3c-300x225.jpg\" alt=\"\" width=\"179\" height=\"134\" srcset=\"https:\/\/www.radiopiu.net\/wordpress\/wp-content\/uploads\/2020\/05\/d282e9db-a1f1-4fe6-99cc-e839bf290f3c-300x225.jpg 300w, https:\/\/www.radiopiu.net\/wordpress\/wp-content\/uploads\/2020\/05\/d282e9db-a1f1-4fe6-99cc-e839bf290f3c-1024x768.jpg 1024w, https:\/\/www.radiopiu.net\/wordpress\/wp-content\/uploads\/2020\/05\/d282e9db-a1f1-4fe6-99cc-e839bf290f3c-768x576.jpg 768w, https:\/\/www.radiopiu.net\/wordpress\/wp-content\/uploads\/2020\/05\/d282e9db-a1f1-4fe6-99cc-e839bf290f3c-1536x1153.jpg 1536w, https:\/\/www.radiopiu.net\/wordpress\/wp-content\/uploads\/2020\/05\/d282e9db-a1f1-4fe6-99cc-e839bf290f3c.jpg 1599w\" sizes=\"auto, (max-width: 179px) 100vw, 179px\" \/><\/a>SP 3 VALLE IMPERINA<\/strong>, localit\u00e0 Gona di Conedera.\u00a0 <span style=\"color: #ff0000;\">dal 2 18 novembre<\/span> interdizione totale alla circolazione stradale dalle 7.35 all 13.10 e dalle 15 alle 17.45, sabato e domenica esclusi. Negli altri orari &#8211; anche nei giorni festivi e prefestivi- senso unico alternato.<\/p>\n<p><strong>SP 347 DI PASSO CEREDA<\/strong>, localit\u00e0 Don di Gosaldo, <span style=\"color: #ff0000;\">dal 2 al 25 novembre<\/span> senso unico alternato h24 compresi sabato e domenica. Divieto di transito ai veicoli con massa superiore a 7,5 tonnellate e lunghezza superiore ai 7 metri dalle 7.30 alle 12.30, dalle 14.35 alle 17.30 (esclusi sabato e domenica)<\/p>\n<blockquote>\n<h3>PONTE DEL FELICE, RIMANE ANCORA CHIUSO PER LAVORI PROROGATA L&#8217;ORDINANZA AL 3 NOVEMBRE<\/h3>\n<\/blockquote>\n<p><strong>La Valle Agordina &#8211; SP347 Cereda-Duran &#8211; Centro paese in prossimit\u00e0 del Municipio &#8211; Senso unico regolamentato da semaforo per lavori sulla rete idrica dal 26\/10\/22 al 31\/10\/22 ore 18 per tutte le 24 ore\u00a0<\/strong><\/p>\n<p>&nbsp;<\/p>\n<p>&nbsp;<\/p>\n<hr \/>\n<blockquote>\n<h3><a class=\"dt-pswp-item\" href=\"https:\/\/www.radiopiu.net\/wordpress\/wp-content\/uploads\/2022\/10\/Senza-nome-87.jpg\" data-dt-img-description=\"\" data-large_image_width=\"236\" data-large_image_height=\"283\"><img loading=\"lazy\" decoding=\"async\" class=\"wp-image-303582 alignleft\" src=\"https:\/\/www.radiopiu.net\/wordpress\/wp-content\/uploads\/2022\/10\/Senza-nome-87.jpg\" alt=\"\" width=\"91\" height=\"109\" \/><\/a>L&#8217;ULTIMO SALUTO A GINO DA BELUN<\/h3>\n<\/blockquote>\n<p><strong>LENTIAI<\/strong> Si svolgeranno stamane alle 11 nella chiesa parrocchiale di Lentiai i funerali dell&#8217;artista Gino Gaetano Silvestri, mancato per un malore all&#8217;et\u00e0 di 93 anni. Dopo la funzione religiosa Gino verr\u00e0 sepolto nel cimitero del paese.<\/p>\n<p>&nbsp;<\/p>\n<hr \/>\n<p>&nbsp;<\/p>\n<blockquote>\n<h3>GLI INTERVENTI DEL SOCCORSO ALPINO: PRECIPITA CON IL PARAPENDIO, ESCURSIONISTI BLOCCATI A 3000 METRI, 4 ANZIANI AFFATICATI IN DIFFICOLTA&#8217;<\/h3>\n<\/blockquote>\n<div dir=\"auto\"><strong>MONTE PIANA<\/strong> L&#8217;elicottero dell&#8217;Aiut Alpin Dolomites di Bolzano \u00e8 intervenuto attorno alle 14.50, per un pilota di parapendio precipitato mentre scendeva dal Monte Piana e rimasto sospeso su una pianta. Il 49enne tedesco, illeso, \u00e8 stato recuperato e trasportato a valle.<\/div>\n<div dir=\"auto\"><\/div>\n<div dir=\"auto\"><strong>CORTINA<\/strong> Lo stesso elicottero \u00e8 stato successivamente inviato all&#8217;uscita della Ferrata Lipella, in Tofana, dove una coppia di escursionisti, non attrezzati per l&#8217;alta quota, era rimasta bloccata dalla presenza di neve a 2.970 metri di quota. I due turisti sono stati individuati e recuperati.<\/div>\n<div dir=\"auto\"><\/div>\n<div dir=\"auto\"><strong>MARMAROLE<\/strong>,\u00a0 \u00a0un uomo ha\u00a0 riportato una sospetta lussazione alla spalla, non distante dal sentiero de Pra. L&#8217;infortunato \u00e8 stato issato a bordo con verricello e portato all&#8217;ospedale di Pieve di Cadore. Anche il compagno \u00e8 stato caricato a bordo e lasciato al Rifugio Ciareido.<\/div>\n<div dir=\"auto\"><\/div>\n<div dir=\"auto\"><strong>AURONZ<\/strong>O\u00a0 coppia incrodata su una placca di roccia, fuori sentiero, sotto il Bivacco Tiziano. Il tecnico di elisoccorso \u00e8 stato calato pi\u00f9 a monte e, dopo essere sceso ha assicurato i due, fermi in posizione precaria, per poi provvedere a verricellarli. L&#8217;uomo e la donna sono stati lasciati in zona San Marco. Sceso in autonomia il loro compagno.<\/div>\n<div dir=\"auto\"><\/div>\n<div dir=\"auto\"><strong>CORTINA<\/strong> una squadra del Soccorso alpino della Guardia di finanza \u00e8\u00a0 stata inviata a Forcella Lavaredo, a seguito della segnalazione a un passante di un\u00a0 medico che si era imbattuto in 4 anziani affaticati e in difficolt\u00e0 a proseguire.<\/div>\n<div dir=\"auto\"><\/div>\n<div dir=\"auto\"><strong>PIEVE D&#8217;ALPAGO<\/strong>\u00a0 Attorno alle 13.20 la Centrale del 118 \u00e8 stata attivata per un escursionista scivolato mentre scendeva dal Col Nudo, lungo il sentiero numero 965, tra Casera Scalet Alto e Casera Scalet Basso. Il 70enne di Chies d&#8217;Alpago,\u00a0 che aveva riportato un taglio sulla testa, \u00e8 stato subito assistito da persone sul posto, tra le quali due soccorritori della Stazione dell&#8217;Alpago e un infermiere. Accompagnato al di fuori della vegetazione, l&#8217;infortunato \u00e8 stato recuperato con un verricello dal tecnico di elisoccorso dell&#8217;elicottero del Suem di Pieve di Cadore, sbarcato in hovering nelle vicinanze assieme al medico, che gli aveva prestato le prime cure. L&#8217;uomo \u00e8 stato trasportato all&#8217;ospedale di Belluno.<\/div>\n<div dir=\"auto\"><\/div>\n<div dir=\"auto\"><\/div>\n<div dir=\"auto\">\n<hr \/>\n<\/div>\n<div dir=\"auto\"><\/div>\n<div dir=\"auto\"><\/div>\n<blockquote>\n<div dir=\"auto\"><\/div>\n<\/blockquote>\n<div dir=\"auto\">\n<hr \/>\n<\/div>\n<blockquote>\n<h3 dir=\"auto\"><a class=\"dt-pswp-item\" href=\"https:\/\/www.radiopiu.net\/wordpress\/wp-content\/uploads\/2021\/07\/70769fc5-3640-49e1-8477-7a766fdc847f.jpg\" data-dt-img-description=\"\" data-large_image_width=\"1080\" data-large_image_height=\"1221\"><img loading=\"lazy\" decoding=\"async\" class=\"wp-image-222512 alignleft\" src=\"https:\/\/www.radiopiu.net\/wordpress\/wp-content\/uploads\/2021\/07\/70769fc5-3640-49e1-8477-7a766fdc847f-265x300.jpg\" alt=\"\" width=\"129\" height=\"146\" srcset=\"https:\/\/www.radiopiu.net\/wordpress\/wp-content\/uploads\/2021\/07\/70769fc5-3640-49e1-8477-7a766fdc847f-265x300.jpg 265w, https:\/\/www.radiopiu.net\/wordpress\/wp-content\/uploads\/2021\/07\/70769fc5-3640-49e1-8477-7a766fdc847f-906x1024.jpg 906w, https:\/\/www.radiopiu.net\/wordpress\/wp-content\/uploads\/2021\/07\/70769fc5-3640-49e1-8477-7a766fdc847f-768x868.jpg 768w, https:\/\/www.radiopiu.net\/wordpress\/wp-content\/uploads\/2021\/07\/70769fc5-3640-49e1-8477-7a766fdc847f.jpg 1080w\" sizes=\"auto, (max-width: 129px) 100vw, 129px\" \/><\/a>\u00a0GIOCANO CON IL FUOCO, FINISCE MALE E SI DANNO ALLA FUGA<\/h3>\n<\/blockquote>\n<div dir=\"auto\"><strong>ALANO DI PIAVE<\/strong> Un gruppo di ragazzi giovanissimi ha scatenato un incendio, spento dagli stessi prima di darsi alla fuga. Il fatto ieri pomeriggio a Colmirano, nello stabile abbandonato. Sono intervenuti vigili del fuoco e carabinieri, ma non sono stati constatati danni. L&#8217;emergenza \u00e8 scattata attorno alle 16, quando i residenti nelle abitazioni vicine hanno visto uscire del fumo dal garage dell&#8217;edificio e hanno\u00a0 chiamato il 115.I vigili del fuoco del distaccamento di Feltre e una pattuglia di carabinieri hanno raggiunto velocemente l&#8217;edificio che un tempo ospitava la residenza per anziani. Dentro non c&#8217;era ormai pi\u00f9 fuoco, spento con dell&#8217;acqua.<\/div>\n<div dir=\"auto\"><\/div>\n<div dir=\"auto\"><\/div>\n<div dir=\"auto\">\n<hr \/>\n<\/div>\n<blockquote>\n<h2 dir=\"auto\">VAIA 2018-RENON DI GOSALDO 2022.<\/h2>\n<\/blockquote>\n<div dir=\"auto\">\n<p><strong>GOSALDO<\/strong> Poco rispetto, per gli abitanti della montagna, per chi vive nella frazioni alte, per chi decide di non andarsene altrove. Come non provare imbarazzo? Se guardi la raccolta pubblicata nell&#8217;anniversario di Vaia con il nostro viaggio a Renon di Gosaldo e le foto del febbraio scorso le differenze sono davvero poche. D&#8217;accordo, la Regione ha aperto cantieri ovunque, lo ribadisce ad ogni occasione, sono stati spesi, investiti e promessi milioni di euro ad esempio per i Serrai di Sottoguda,\u00a0 ma ci sono delle zone totalmente dimenticate. Sono passati quattro\u00a0 anni e le foto evidenziano l&#8217;attuale situazione, ripeto: imbrazzante. Gli abitanti hanno fatto quello che potevano forse anche di pi\u00f9 con i mezzi e le forze a disposizione,\u00a0 ma il bosco \u00e8 privato e i proprietari sono anziani non si pu\u00f2 pretendere l&#8217;impossibile. Forse dovevano fare qualcosa gli enti preposti?<\/p>\n\n\t\t\t<style type='text\/css'>\n\t\t\t\t#gallery-1 {\n\t\t\t\t\tmargin: auto;\n\t\t\t\t}\n\t\t\t\t#gallery-1 .gallery-item {\n\t\t\t\t\tfloat: left;\n\t\t\t\t\tmargin-top: 10px;\n\t\t\t\t\ttext-align: center;\n\t\t\t\t\twidth: 25%;\n\t\t\t\t}\n\t\t\t\t#gallery-1 img {\n\t\t\t\t\tborder: 2px solid #cfcfcf;\n\t\t\t\t}\n\t\t\t\t#gallery-1 .gallery-caption {\n\t\t\t\t\tmargin-left: 0;\n\t\t\t\t}\n\t\t\t\t\/* see gallery_shortcode() in wp-includes\/media.php *\/\n\t\t\t<\/style>\n\t\t<div id='gallery-1' class='dt-gallery-container gallery galleryid-303946 gallery-columns-4 gallery-size-thumbnail'><dl class='gallery-item'>\n\t\t\t\t<dt class='gallery-icon landscape'>\n\t\t\t\t\t<a class=\"rollover rollover-zoom dt-pswp-item\" title=\"2caf99ef-28c9-4802-bd75-2e7c17462e72\" data-dt-img-description=\"\" data-large_image_width=\"1600\" data-large_image_height=\"1200\"href='https:\/\/www.radiopiu.net\/wordpress\/wp-content\/uploads\/2022\/10\/2caf99ef-28c9-4802-bd75-2e7c17462e72.jpg'><img loading=\"lazy\" decoding=\"async\" width=\"150\" height=\"150\" src=\"https:\/\/www.radiopiu.net\/wordpress\/wp-content\/uploads\/2022\/10\/2caf99ef-28c9-4802-bd75-2e7c17462e72-150x150.jpg\" class=\"attachment-thumbnail size-thumbnail\" alt=\"\" \/><\/a>\n\t\t\t\t<\/dt><\/dl><dl class='gallery-item'>\n\t\t\t\t<dt class='gallery-icon landscape'>\n\t\t\t\t\t<a class=\"rollover rollover-zoom dt-pswp-item\" title=\"7e5cca2e-31ac-4035-b596-b3203167bc97\" data-dt-img-description=\"\" data-large_image_width=\"1600\" data-large_image_height=\"1200\"href='https:\/\/www.radiopiu.net\/wordpress\/wp-content\/uploads\/2022\/10\/7e5cca2e-31ac-4035-b596-b3203167bc97.jpg'><img loading=\"lazy\" decoding=\"async\" width=\"150\" height=\"150\" src=\"https:\/\/www.radiopiu.net\/wordpress\/wp-content\/uploads\/2022\/10\/7e5cca2e-31ac-4035-b596-b3203167bc97-150x150.jpg\" class=\"attachment-thumbnail size-thumbnail\" alt=\"\" \/><\/a>\n\t\t\t\t<\/dt><\/dl><dl class='gallery-item'>\n\t\t\t\t<dt class='gallery-icon landscape'>\n\t\t\t\t\t<a class=\"rollover rollover-zoom dt-pswp-item\" title=\"8c426417-ef59-42bb-927d-20005d84ae8f\" data-dt-img-description=\"\" data-large_image_width=\"1600\" data-large_image_height=\"1200\"href='https:\/\/www.radiopiu.net\/wordpress\/wp-content\/uploads\/2022\/10\/8c426417-ef59-42bb-927d-20005d84ae8f.jpg'><img loading=\"lazy\" decoding=\"async\" width=\"150\" height=\"150\" src=\"https:\/\/www.radiopiu.net\/wordpress\/wp-content\/uploads\/2022\/10\/8c426417-ef59-42bb-927d-20005d84ae8f-150x150.jpg\" class=\"attachment-thumbnail size-thumbnail\" alt=\"\" \/><\/a>\n\t\t\t\t<\/dt><\/dl><dl class='gallery-item'>\n\t\t\t\t<dt class='gallery-icon landscape'>\n\t\t\t\t\t<a class=\"rollover rollover-zoom dt-pswp-item\" title=\"ab38f3a1-5073-43ff-bb7b-4d2b96c3a457\" data-dt-img-description=\"\" data-large_image_width=\"1600\" data-large_image_height=\"1200\"href='https:\/\/www.radiopiu.net\/wordpress\/wp-content\/uploads\/2022\/10\/ab38f3a1-5073-43ff-bb7b-4d2b96c3a457.jpg'><img loading=\"lazy\" decoding=\"async\" width=\"150\" height=\"150\" src=\"https:\/\/www.radiopiu.net\/wordpress\/wp-content\/uploads\/2022\/10\/ab38f3a1-5073-43ff-bb7b-4d2b96c3a457-150x150.jpg\" class=\"attachment-thumbnail size-thumbnail\" alt=\"\" \/><\/a>\n\t\t\t\t<\/dt><\/dl><br style=\"clear: both\" \/><dl class='gallery-item'>\n\t\t\t\t<dt class='gallery-icon portrait'>\n\t\t\t\t\t<a class=\"rollover rollover-zoom dt-pswp-item\" title=\"d6495558-69a6-43a9-b92d-e601cbfd8d23\" data-dt-img-description=\"\" data-large_image_width=\"1200\" data-large_image_height=\"1600\"href='https:\/\/www.radiopiu.net\/wordpress\/wp-content\/uploads\/2022\/10\/d6495558-69a6-43a9-b92d-e601cbfd8d23.jpg'><img loading=\"lazy\" decoding=\"async\" width=\"150\" height=\"150\" src=\"https:\/\/www.radiopiu.net\/wordpress\/wp-content\/uploads\/2022\/10\/d6495558-69a6-43a9-b92d-e601cbfd8d23-150x150.jpg\" class=\"attachment-thumbnail size-thumbnail\" alt=\"\" \/><\/a>\n\t\t\t\t<\/dt><\/dl><dl class='gallery-item'>\n\t\t\t\t<dt class='gallery-icon landscape'>\n\t\t\t\t\t<a class=\"rollover rollover-zoom dt-pswp-item\" title=\"0a41514e-ed64-462a-be88-a04d34799ec2\" data-dt-img-description=\"\" data-large_image_width=\"1600\" data-large_image_height=\"1200\"href='https:\/\/www.radiopiu.net\/wordpress\/wp-content\/uploads\/2022\/10\/0a41514e-ed64-462a-be88-a04d34799ec2.jpg'><img loading=\"lazy\" decoding=\"async\" width=\"150\" height=\"150\" src=\"https:\/\/www.radiopiu.net\/wordpress\/wp-content\/uploads\/2022\/10\/0a41514e-ed64-462a-be88-a04d34799ec2-150x150.jpg\" class=\"attachment-thumbnail size-thumbnail\" alt=\"\" \/><\/a>\n\t\t\t\t<\/dt><\/dl><dl class='gallery-item'>\n\t\t\t\t<dt class='gallery-icon landscape'>\n\t\t\t\t\t<a class=\"rollover rollover-zoom dt-pswp-item\" title=\"0daa352c-7be5-4cac-8293-1b7c2ec6a46a\" data-dt-img-description=\"\" data-large_image_width=\"1600\" data-large_image_height=\"1200\"href='https:\/\/www.radiopiu.net\/wordpress\/wp-content\/uploads\/2022\/10\/0daa352c-7be5-4cac-8293-1b7c2ec6a46a.jpg'><img loading=\"lazy\" decoding=\"async\" width=\"150\" height=\"150\" src=\"https:\/\/www.radiopiu.net\/wordpress\/wp-content\/uploads\/2022\/10\/0daa352c-7be5-4cac-8293-1b7c2ec6a46a-150x150.jpg\" class=\"attachment-thumbnail size-thumbnail\" alt=\"\" \/><\/a>\n\t\t\t\t<\/dt><\/dl><dl class='gallery-item'>\n\t\t\t\t<dt class='gallery-icon landscape'>\n\t\t\t\t\t<a class=\"rollover rollover-zoom dt-pswp-item\" title=\"1f516c30-24b9-49bb-9539-0ef88c4497da\" data-dt-img-description=\"\" data-large_image_width=\"1600\" data-large_image_height=\"1200\"href='https:\/\/www.radiopiu.net\/wordpress\/wp-content\/uploads\/2022\/10\/1f516c30-24b9-49bb-9539-0ef88c4497da.jpg'><img loading=\"lazy\" decoding=\"async\" width=\"150\" height=\"150\" src=\"https:\/\/www.radiopiu.net\/wordpress\/wp-content\/uploads\/2022\/10\/1f516c30-24b9-49bb-9539-0ef88c4497da-150x150.jpg\" class=\"attachment-thumbnail size-thumbnail\" alt=\"\" \/><\/a>\n\t\t\t\t<\/dt><\/dl><br style=\"clear: both\" \/>\n\t\t\t<\/div>\n\n<p>&nbsp;<\/p>\n<\/div>\n<div dir=\"auto\"><\/div>\n<p>&nbsp;<\/p>\n<hr \/>\n<p>&nbsp;<\/p>\n<blockquote>\n<h2>AGORDINO IN MOVIMENTO: SPEGNIAMO LA VALLE<\/h2>\n<\/blockquote>\n<p><span dir=\"ltr\" role=\"presentation\"><strong>REDAZION<\/strong>E Un gruppo di lavoro in vallata sta facendo squadra e coinvolgendo la popolazione. Dopo l&#8217;ultimo incontro \u00e8 uscito un volantino che spiega l&#8217;iniziativa.<\/span><\/p>\n<p><span dir=\"ltr\" role=\"presentation\"><img loading=\"lazy\" decoding=\"async\" class=\"alignleft\" src=\"https:\/\/www.radiopiu.net\/wordpress\/wp-content\/uploads\/2022\/10\/th-16.jpg\" width=\"258\" height=\"174\" \/>&#8220;La consapevolezza che sia un momento davvero difficile \u00e8 chiara, ma \u00e8 <\/span><span dir=\"ltr\" role=\"presentation\">altrettanto chiaro che morire in silenzio non \u00e8 la scelta migliore.\u00a0 <\/span><span dir=\"ltr\" role=\"presentation\">Siamo tutte persone che ogni giorno fanno del loro meglio per far vivere <\/span><span dir=\"ltr\" role=\"presentation\">dignitosamente la propria famiglia ed ora, malgrado tutto il nostro <\/span><span dir=\"ltr\" role=\"presentation\">impegno, rischiamo davvero di non farcela.\u00a0 <\/span><span dir=\"ltr\" role=\"presentation\">Cosa c&#8217;\u00e8 di male quindi nel portare la nostra difficolt\u00e0 all&#8217;attenzione della <\/span><span dir=\"ltr\" role=\"presentation\">\u201cpolitica\u201d? <\/span><span dir=\"ltr\" role=\"presentation\">Cosa c&#8217;\u00e8 di male nel chiedere a chi abbiamo eletto per rappresentarci di <\/span><span dir=\"ltr\" role=\"presentation\">darsi davvero da fare e di farlo in fretta? <\/span><span dir=\"ltr\" role=\"presentation\">L&#8217;idea, nata da un gruppo di agordini di varia estrazione e provenienza <\/span><span dir=\"ltr\" role=\"presentation\">(commercianti, liberi professionisti, dipendenti, pensionati), siamo certi <\/span><span dir=\"ltr\" role=\"presentation\">trover\u00e0 il supporto e la partecipazione di tutti. <\/span><span dir=\"ltr\" role=\"presentation\">COSA FARE <\/span><span dir=\"ltr\" role=\"presentation\">Vorremmo incontrarci tutti lunedi 7 novembre alle 20, presso il <\/span><span dir=\"ltr\" role=\"presentation\">teatro<\/span> <span dir=\"ltr\" role=\"presentation\">parrocchiale<\/span> <span dir=\"ltr\" role=\"presentation\">di<\/span> <span dir=\"ltr\" role=\"presentation\">Rivamonte,<\/span> <span dir=\"ltr\" role=\"presentation\">per<\/span> <span dir=\"ltr\" role=\"presentation\">organizzare<\/span> <span dir=\"ltr\" role=\"presentation\">insieme<\/span> <span dir=\"ltr\" role=\"presentation\">l&#8217;azione <\/span><span dir=\"ltr\" role=\"presentation\">pubblica da proporre per fine novembre\/inizio dicembre. <\/span><span dir=\"ltr\" role=\"presentation\">L&#8217;IDEA <\/span><span dir=\"ltr\" role=\"presentation\">Consiste nel realizzare una manifestazione pubblica in un luogo di alta <\/span><span dir=\"ltr\" role=\"presentation\">visibilit\u00e0, per proseguire poi con una sospensione delle nostre attivit\u00e0 <\/span><span dir=\"ltr\" role=\"presentation\">per<\/span> <span dir=\"ltr\" role=\"presentation\">tre<\/span> <span dir=\"ltr\" role=\"presentation\">giorni,<\/span> <span dir=\"ltr\" role=\"presentation\">cos\u00ec<\/span> <span dir=\"ltr\" role=\"presentation\">da<\/span> <span dir=\"ltr\" role=\"presentation\">rendere<\/span> <span dir=\"ltr\" role=\"presentation\">chiare<\/span> <span dir=\"ltr\" role=\"presentation\">anche<\/span> <span dir=\"ltr\" role=\"presentation\">ai<\/span> <span dir=\"ltr\" role=\"presentation\">pi\u00f9<\/span> <span dir=\"ltr\" role=\"presentation\">\u201cdistratti\u201d<\/span> <span dir=\"ltr\" role=\"presentation\">le <\/span><span dir=\"ltr\" role=\"presentation\">conseguenze di questa fase cos\u00ec critica\u00a0 <\/span><span dir=\"ltr\" role=\"presentation\">PER INFO ED ADESIONI<\/span> <span dir=\"ltr\" role=\"presentation\">stopcarobollette@gmail.com\u00a0\u00a0<\/span><\/p>\n<p>&nbsp;<\/p>\n<p>&nbsp;<\/p>\n<hr \/>\n<p>&nbsp;<\/p>\n<blockquote>\n<h3>PALAGHIACCI APERTI IN CADORE E FELTRE MA NON AD ALLEGHE. PERCHE? IL SINDACO DANILO DE TONI<\/h3>\n<\/blockquote>\n<p><strong><img loading=\"lazy\" decoding=\"async\" class=\"alignleft\" src=\"https:\/\/www.radiopiu.net\/wordpress\/wp-content\/uploads\/2022\/09\/PALAGHIACCIO-Alleghe.jpg\" width=\"200\" height=\"150\" \/>REDAZIONE<\/strong> Il sindaco di Alleghe, Danilo De Toni interviene per fare chiarezza, non sempre quanto riportato dagli organi di informazione lo fa. Ecco la precisazione del primo cittadino alleghese.<\/p>\n<blockquote><p><em>&#8220;Lo Stadio di Feltre \u00e8 estito da una Cooperativa che introita tutti i proventi degli ingressi con un bacino di utenza importante e si fa carico di tutte le utenze, tutt&#8217;altra situazione rispetto alla vallata agordina e allo stadio in riva al lago.\u00a0 Lo stadio di Tai\u00a0 di Cadore riapre grazie al contributo di\u00a0 100000 euro di Galvalux Lo stadio di Alleghe e&#8217; gestito dall&#8217;Alleghe Hockey che introita direttamente i proventi del noleggio pattini e del pattinaggio libero. Tutte le utenze: energia, riscaldamento sono a carico del Comune. Condizioni molto diverse da Tai\u00a0 di Cadore e Feltre. Infine: i proventi della pubblicit\u00e0 all&#8217;interno dello stadio sono dell&#8217;, Alleghe hockey&#8221;.<\/em><\/p><\/blockquote>\n<p><strong>L&#8217;ALLEGHE HOCKEY SI ORGANIZZA COME MEGLIO PUO&#8217;, AD ESEMPIO ORGANIZZANDO LA CASTAGNATA PER RACCOGLIERE FONDI, COME RACCONTA IL PRESIDENTE ADRIANO LEVIS<\/strong><\/p>\n<audio class=\"wp-audio-shortcode\" id=\"audio-303946-2\" preload=\"none\" style=\"width: 100%;\" controls=\"controls\"><source type=\"audio\/mpeg\" src=\"https:\/\/www.radiopiu.net\/wordpress\/wp-content\/uploads\/2022\/10\/ADRIANO-LEVIS-1.mp3?_=2\" \/><a href=\"https:\/\/www.radiopiu.net\/wordpress\/wp-content\/uploads\/2022\/10\/ADRIANO-LEVIS-1.mp3\">https:\/\/www.radiopiu.net\/wordpress\/wp-content\/uploads\/2022\/10\/ADRIANO-LEVIS-1.mp3<\/a><\/audio>\n<p>&nbsp;<\/p>\n<hr \/>\n<p>&nbsp;<\/p>\n<blockquote>\n<h3>FELTRE 28-30 OTTOBRE, ESERCITAZIONE TRIVENETA PROTEZIONE CIVILE<\/h3>\n<\/blockquote>\n<p>con la collaborazione di Nicola Maccagnan<\/p>\n<p>&nbsp;<\/p>\n<p><strong>GIORNALE RADIO ORE 11.00 AUDIO OSPITE L&#8217;ASSESSORE ALLA PROTEZIONE CIVILE TIZIANA PENCO<\/strong><\/p>\n<p>AUDIO<\/p>\n<audio class=\"wp-audio-shortcode\" id=\"audio-303946-3\" preload=\"none\" style=\"width: 100%;\" controls=\"controls\"><source type=\"audio\/mpeg\" src=\"https:\/\/www.radiopiu.net\/wordpress\/wp-content\/uploads\/2022\/10\/feltre.mp3?_=3\" \/><a href=\"https:\/\/www.radiopiu.net\/wordpress\/wp-content\/uploads\/2022\/10\/feltre.mp3\">https:\/\/www.radiopiu.net\/wordpress\/wp-content\/uploads\/2022\/10\/feltre.mp3<\/a><\/audio>\n<p>&nbsp;<\/p>\n\n\t\t\t<style type='text\/css'>\n\t\t\t\t#gallery-2 {\n\t\t\t\t\tmargin: auto;\n\t\t\t\t}\n\t\t\t\t#gallery-2 .gallery-item {\n\t\t\t\t\tfloat: left;\n\t\t\t\t\tmargin-top: 10px;\n\t\t\t\t\ttext-align: center;\n\t\t\t\t\twidth: 33%;\n\t\t\t\t}\n\t\t\t\t#gallery-2 img {\n\t\t\t\t\tborder: 2px solid #cfcfcf;\n\t\t\t\t}\n\t\t\t\t#gallery-2 .gallery-caption {\n\t\t\t\t\tmargin-left: 0;\n\t\t\t\t}\n\t\t\t\t\/* see gallery_shortcode() in wp-includes\/media.php *\/\n\t\t\t<\/style>\n\t\t<div id='gallery-2' class='dt-gallery-container gallery galleryid-303946 gallery-columns-3 gallery-size-thumbnail'><dl class='gallery-item'>\n\t\t\t\t<dt class='gallery-icon landscape'>\n\t\t\t\t\t<a class=\"rollover rollover-zoom dt-pswp-item\" title=\"48b9abad-7ae1-4c12-9744-0fadcf09cf84\" data-dt-img-description=\"\" data-large_image_width=\"1344\" data-large_image_height=\"756\"href='https:\/\/www.radiopiu.net\/wordpress\/wp-content\/uploads\/2022\/10\/48b9abad-7ae1-4c12-9744-0fadcf09cf84.jpg'><img loading=\"lazy\" decoding=\"async\" width=\"150\" height=\"150\" src=\"https:\/\/www.radiopiu.net\/wordpress\/wp-content\/uploads\/2022\/10\/48b9abad-7ae1-4c12-9744-0fadcf09cf84-150x150.jpg\" class=\"attachment-thumbnail size-thumbnail\" alt=\"\" \/><\/a>\n\t\t\t\t<\/dt><\/dl><dl class='gallery-item'>\n\t\t\t\t<dt class='gallery-icon landscape'>\n\t\t\t\t\t<a class=\"rollover rollover-zoom dt-pswp-item\" title=\"bc4c3a08-00a9-44cc-8afc-35069c67f971\" data-dt-img-description=\"\" data-large_image_width=\"1344\" data-large_image_height=\"756\"href='https:\/\/www.radiopiu.net\/wordpress\/wp-content\/uploads\/2022\/10\/bc4c3a08-00a9-44cc-8afc-35069c67f971.jpg'><img loading=\"lazy\" decoding=\"async\" width=\"150\" height=\"150\" src=\"https:\/\/www.radiopiu.net\/wordpress\/wp-content\/uploads\/2022\/10\/bc4c3a08-00a9-44cc-8afc-35069c67f971-150x150.jpg\" class=\"attachment-thumbnail size-thumbnail\" alt=\"\" \/><\/a>\n\t\t\t\t<\/dt><\/dl><dl class='gallery-item'>\n\t\t\t\t<dt class='gallery-icon landscape'>\n\t\t\t\t\t<a class=\"rollover rollover-zoom dt-pswp-item\" title=\"e2bf34a2-2a32-4172-bc97-79aed83bea7b\" data-dt-img-description=\"\" data-large_image_width=\"1344\" data-large_image_height=\"756\"href='https:\/\/www.radiopiu.net\/wordpress\/wp-content\/uploads\/2022\/10\/e2bf34a2-2a32-4172-bc97-79aed83bea7b.jpg'><img loading=\"lazy\" decoding=\"async\" width=\"150\" height=\"150\" src=\"https:\/\/www.radiopiu.net\/wordpress\/wp-content\/uploads\/2022\/10\/e2bf34a2-2a32-4172-bc97-79aed83bea7b-150x150.jpg\" class=\"attachment-thumbnail size-thumbnail\" alt=\"\" \/><\/a>\n\t\t\t\t<\/dt><\/dl><br style=\"clear: both\" \/>\n\t\t\t<\/div>\n\n<p>&nbsp;<\/p>\n<p>&nbsp;<\/p>\n<hr \/>\n<p>&nbsp;<\/p>\n<blockquote>\n<h2><span style=\"color: #ff0000;\"><a class=\"dt-pswp-item\" href=\"https:\/\/www.radiopiu.net\/wordpress\/wp-content\/uploads\/2022\/10\/Senza-nome-102.jpg\" data-dt-img-description=\"\" data-large_image_width=\"348\" data-large_image_height=\"324\"><img loading=\"lazy\" decoding=\"async\" class=\"wp-image-303963 alignleft\" src=\"https:\/\/www.radiopiu.net\/wordpress\/wp-content\/uploads\/2022\/10\/Senza-nome-102-300x279.jpg\" alt=\"\" width=\"160\" height=\"149\" srcset=\"https:\/\/www.radiopiu.net\/wordpress\/wp-content\/uploads\/2022\/10\/Senza-nome-102-300x279.jpg 300w, https:\/\/www.radiopiu.net\/wordpress\/wp-content\/uploads\/2022\/10\/Senza-nome-102.jpg 348w\" sizes=\"auto, (max-width: 160px) 100vw, 160px\" \/><\/a>LE DIRETTE DI RADIO PIU DEL FINE SETTIMANA<\/span><\/h2>\n<\/blockquote>\n<p>&nbsp;<\/p>\n<p>&nbsp;<\/p>\n<p>&nbsp;<\/p>\n<p>&nbsp;<\/p>\n<p><strong>AGORDO LA MESSA PER I CADUTI DELLA MONTAGNA\u00a0 &#8211; AUDIO &#8211;<\/strong><\/p>\n<audio class=\"wp-audio-shortcode\" id=\"audio-303946-4\" preload=\"none\" style=\"width: 100%;\" controls=\"controls\"><source type=\"audio\/mpeg\" src=\"https:\/\/www.radiopiu.net\/wordpress\/wp-content\/uploads\/2022\/10\/MESSA-CADUTI-2022-AGORDO.mp3?_=4\" \/><a href=\"https:\/\/www.radiopiu.net\/wordpress\/wp-content\/uploads\/2022\/10\/MESSA-CADUTI-2022-AGORDO.mp3\">https:\/\/www.radiopiu.net\/wordpress\/wp-content\/uploads\/2022\/10\/MESSA-CADUTI-2022-AGORDO.mp3<\/a><\/audio>\n<p><a class=\"dt-pswp-item\" href=\"https:\/\/www.radiopiu.net\/wordpress\/wp-content\/uploads\/2022\/10\/Senza-nome-101.jpg\" data-dt-img-description=\"\" data-large_image_width=\"585\" data-large_image_height=\"275\"><img loading=\"lazy\" decoding=\"async\" class=\"wp-image-303962 size-full aligncenter\" src=\"https:\/\/www.radiopiu.net\/wordpress\/wp-content\/uploads\/2022\/10\/Senza-nome-101.jpg\" alt=\"\" width=\"585\" height=\"275\" srcset=\"https:\/\/www.radiopiu.net\/wordpress\/wp-content\/uploads\/2022\/10\/Senza-nome-101.jpg 585w, https:\/\/www.radiopiu.net\/wordpress\/wp-content\/uploads\/2022\/10\/Senza-nome-101-300x141.jpg 300w\" sizes=\"auto, (max-width: 585px) 100vw, 585px\" \/><\/a><\/p>\n<p><strong>\u00a0<\/strong><\/p>\n<hr \/>\n<p>&nbsp;<\/p>\n<blockquote>\n<h2>CON NOI AD ARREDAMONT, LONGARONE FIERE<\/h2>\n<\/blockquote>\n<p>https:\/\/www.facebook.com\/mirko.mezzacasa\/videos\/1971871669682221<\/p>\n<p>&nbsp;<\/p>\n<hr \/>\n<p>&nbsp;<\/p>\n<p>&nbsp;<\/p>\n<blockquote class=\"wp-embedded-content\" data-secret=\"XXGXsAcER3\"><p><a href=\"https:\/\/www.radiopiu.net\/wordpress\/moreno-pesce-quando-lamputazione-non-ferma-la-passione\/\">MORENO PESCE,  QUANDO L&#8217;AMPUTAZIONE  NON FERMA  LA PASSIONE<\/a><\/p><\/blockquote>\n<p><iframe loading=\"lazy\" class=\"wp-embedded-content\" sandbox=\"allow-scripts\" security=\"restricted\" style=\"position: absolute; clip: rect(1px, 1px, 1px, 1px);\" title=\"&#8220;MORENO PESCE,  QUANDO L&#8217;AMPUTAZIONE  NON FERMA  LA PASSIONE&#8221; &#8212; Radio Pi\u00f9\" src=\"https:\/\/www.radiopiu.net\/wordpress\/moreno-pesce-quando-lamputazione-non-ferma-la-passione\/embed\/#?secret=sOK2O8TsNQ#?secret=XXGXsAcER3\" data-secret=\"XXGXsAcER3\" width=\"600\" height=\"338\" frameborder=\"0\" marginwidth=\"0\" marginheight=\"0\" scrolling=\"no\"><\/iframe><\/p>\n<p>&nbsp;<\/p>\n<hr \/>\n<p>&nbsp;<\/p>\n<p>&nbsp;<\/p>\n<div class=\"page-title-head hgroup\">\n<blockquote>\n<h3 class=\"entry-title\">LA RASSEGNA STAMPA DA L\u2019AMICO DEL POPOLO, OSPITE IL SINDACO SILVIA TORMEN<\/h3>\n<\/blockquote>\n<\/div>\n<div class=\"page-title-breadcrumbs\">\n<p><img loading=\"lazy\" decoding=\"async\" class=\"alignleft\" src=\"https:\/\/www.radiopiu.net\/wordpress\/wp-content\/uploads\/2018\/08\/silvia-tormen.jpg\" width=\"137\" height=\"101\" \/><\/p>\n<p><strong>DI GIANNI SANTOMASO<\/strong><\/p>\n<audio class=\"wp-audio-shortcode\" id=\"audio-303946-5\" preload=\"none\" style=\"width: 100%;\" controls=\"controls\"><source type=\"audio\/mpeg\" src=\"https:\/\/www.radiopiu.net\/wordpress\/wp-content\/uploads\/2022\/10\/RASSEGNA-GIANNI-3.mp3?_=5\" \/><a href=\"https:\/\/www.radiopiu.net\/wordpress\/wp-content\/uploads\/2022\/10\/RASSEGNA-GIANNI-3.mp3\">https:\/\/www.radiopiu.net\/wordpress\/wp-content\/uploads\/2022\/10\/RASSEGNA-GIANNI-3.mp3<\/a><\/audio>\n<p>&nbsp;<\/p>\n<\/div>\n<p>&nbsp;<\/p>\n<p>&nbsp;<\/p>\n<hr \/>\n<p>&nbsp;<\/p>\n<blockquote>\n<h2>IL PRIMO COMPLEANNO DEL PARCO CHIESURAZZA<\/h2>\n<\/blockquote>\n<div dir=\"auto\"><em>Con la collaborazione di Federica Fant e Stefania Kirsten\u00a0<\/em><\/div>\n<div dir=\"auto\"><\/div>\n<p><strong><img decoding=\"async\" src=\"https:\/\/www.radiopiu.net\/wordpress\/wp-content\/uploads\/2022\/10\/1667144723134.jpg\" \/>BELLUNO<\/strong> Compie un anno il Parco di Chiesurazza: a prendersene cura in questo periodo un gruppo di volenterosi cittadini, residenti nella frazione, che si preoccupano di rendere sempre fruibili gli spazi verdi e i giochi in ordine. L\u2019erba del campo da calcetto \u00e8 ormai consumata, segnale che anche quel mini impianto \u00e8 parecchio frequentato.\u00a0 Il parco (che copre circa tremila metri quadri), \u00e8 adatto a tutte le et\u00e0, dai bambini pi\u00f9 piccoli fino agli anziani. Ci sono tre aree gioco distinte, con lo scivolo, le altalene e altre giostre, oltre a panchine e gazebo. \u00c8 stato un cammino lungo, quello per vederne la sua realizzazione. L\u2019idea prese avvio\u00a0 nel 2016 ma solo nel corso del 2019 l\u2019accelerazione decisiva con la realizzazione da parte degli uffici di Palazzo Rosso (per volont\u00e0 dell\u2019allora assessore Biagio Giannone sollecitato pi\u00f9 volte dall\u2019allora consigliere comunale Roberta Olivotto, oggi assessore alla Scuola) del progetto che poi il Comune \u00e8 riuscito a realizzare nel corso della scorsa estate. Ieri il gruppo ha festeggiata al parco, durante la mattinata dopo l&#8217;ultimo sfalcio prima dell&#8217;inverno.<\/p>\n<div dir=\"auto\"><\/div>\n<div dir=\"auto\"><\/div>\n<blockquote>\n<hr \/>\n<h2 dir=\"auto\">EVENTI A BELLUNO, CON LA COLLABORAZIONE DI CARMELA PRIMERANO<\/h2>\n<p><span style=\"color: #ff0000;\">GALLERIA FOTOGRAFICA<\/span><\/p>\n\n\t\t\t<style type='text\/css'>\n\t\t\t\t#gallery-3 {\n\t\t\t\t\tmargin: auto;\n\t\t\t\t}\n\t\t\t\t#gallery-3 .gallery-item {\n\t\t\t\t\tfloat: left;\n\t\t\t\t\tmargin-top: 10px;\n\t\t\t\t\ttext-align: center;\n\t\t\t\t\twidth: 33%;\n\t\t\t\t}\n\t\t\t\t#gallery-3 img {\n\t\t\t\t\tborder: 2px solid #cfcfcf;\n\t\t\t\t}\n\t\t\t\t#gallery-3 .gallery-caption {\n\t\t\t\t\tmargin-left: 0;\n\t\t\t\t}\n\t\t\t\t\/* see gallery_shortcode() in wp-includes\/media.php *\/\n\t\t\t<\/style>\n\t\t<div id='gallery-3' class='dt-gallery-container gallery galleryid-303946 gallery-columns-3 gallery-size-medium'><dl class='gallery-item'>\n\t\t\t\t<dt class='gallery-icon portrait'>\n\t\t\t\t\t<a class=\"rollover rollover-zoom dt-pswp-item\" title=\"82eec142-81f5-4830-a58c-77e22c4d8d0b\" data-dt-img-description=\"\" data-large_image_width=\"1079\" data-large_image_height=\"1240\"href='https:\/\/www.radiopiu.net\/wordpress\/wp-content\/uploads\/2022\/10\/82eec142-81f5-4830-a58c-77e22c4d8d0b.jpg'><img loading=\"lazy\" decoding=\"async\" width=\"261\" height=\"300\" src=\"https:\/\/www.radiopiu.net\/wordpress\/wp-content\/uploads\/2022\/10\/82eec142-81f5-4830-a58c-77e22c4d8d0b.jpg\" class=\"attachment-medium size-medium\" alt=\"\" \/><\/a>\n\t\t\t\t<\/dt><\/dl><dl class='gallery-item'>\n\t\t\t\t<dt class='gallery-icon portrait'>\n\t\t\t\t\t<a class=\"rollover rollover-zoom dt-pswp-item\" title=\"8408503a-b77d-4076-ae43-97d70afd7f97\" data-dt-img-description=\"\" data-large_image_width=\"1200\" data-large_image_height=\"1600\"href='https:\/\/www.radiopiu.net\/wordpress\/wp-content\/uploads\/2022\/10\/8408503a-b77d-4076-ae43-97d70afd7f97.jpg'><img loading=\"lazy\" decoding=\"async\" width=\"225\" height=\"300\" src=\"https:\/\/www.radiopiu.net\/wordpress\/wp-content\/uploads\/2022\/10\/8408503a-b77d-4076-ae43-97d70afd7f97-225x300.jpg\" class=\"attachment-medium size-medium\" alt=\"\" srcset=\"https:\/\/www.radiopiu.net\/wordpress\/wp-content\/uploads\/2022\/10\/8408503a-b77d-4076-ae43-97d70afd7f97-225x300.jpg 225w, https:\/\/www.radiopiu.net\/wordpress\/wp-content\/uploads\/2022\/10\/8408503a-b77d-4076-ae43-97d70afd7f97-768x1024.jpg 768w, https:\/\/www.radiopiu.net\/wordpress\/wp-content\/uploads\/2022\/10\/8408503a-b77d-4076-ae43-97d70afd7f97-1152x1536.jpg 1152w, https:\/\/www.radiopiu.net\/wordpress\/wp-content\/uploads\/2022\/10\/8408503a-b77d-4076-ae43-97d70afd7f97.jpg 1200w\" sizes=\"auto, (max-width: 225px) 100vw, 225px\" \/><\/a>\n\t\t\t\t<\/dt><\/dl><dl class='gallery-item'>\n\t\t\t\t<dt class='gallery-icon landscape'>\n\t\t\t\t\t<a class=\"rollover rollover-zoom dt-pswp-item\" title=\"ca6ed318-2b26-4238-917d-3dc8caba4cbd\" data-dt-img-description=\"\" data-large_image_width=\"1599\" data-large_image_height=\"899\"href='https:\/\/www.radiopiu.net\/wordpress\/wp-content\/uploads\/2022\/10\/ca6ed318-2b26-4238-917d-3dc8caba4cbd.jpg'><img loading=\"lazy\" decoding=\"async\" width=\"300\" height=\"169\" src=\"https:\/\/www.radiopiu.net\/wordpress\/wp-content\/uploads\/2022\/10\/ca6ed318-2b26-4238-917d-3dc8caba4cbd-300x169.jpg\" class=\"attachment-medium size-medium\" alt=\"\" srcset=\"https:\/\/www.radiopiu.net\/wordpress\/wp-content\/uploads\/2022\/10\/ca6ed318-2b26-4238-917d-3dc8caba4cbd-300x169.jpg 300w, https:\/\/www.radiopiu.net\/wordpress\/wp-content\/uploads\/2022\/10\/ca6ed318-2b26-4238-917d-3dc8caba4cbd-1024x576.jpg 1024w, https:\/\/www.radiopiu.net\/wordpress\/wp-content\/uploads\/2022\/10\/ca6ed318-2b26-4238-917d-3dc8caba4cbd-768x432.jpg 768w, https:\/\/www.radiopiu.net\/wordpress\/wp-content\/uploads\/2022\/10\/ca6ed318-2b26-4238-917d-3dc8caba4cbd-1536x864.jpg 1536w, https:\/\/www.radiopiu.net\/wordpress\/wp-content\/uploads\/2022\/10\/ca6ed318-2b26-4238-917d-3dc8caba4cbd.jpg 1599w\" sizes=\"auto, (max-width: 300px) 100vw, 300px\" \/><\/a>\n\t\t\t\t<\/dt><\/dl><br style=\"clear: both\" \/><dl class='gallery-item'>\n\t\t\t\t<dt class='gallery-icon portrait'>\n\t\t\t\t\t<a class=\"rollover rollover-zoom dt-pswp-item\" title=\"800da4fe-9b1d-442f-b0c5-dc48ccbbef65\" data-dt-img-description=\"\" data-large_image_width=\"899\" data-large_image_height=\"1599\"href='https:\/\/www.radiopiu.net\/wordpress\/wp-content\/uploads\/2022\/10\/800da4fe-9b1d-442f-b0c5-dc48ccbbef65.jpg'><img loading=\"lazy\" decoding=\"async\" width=\"169\" height=\"300\" src=\"https:\/\/www.radiopiu.net\/wordpress\/wp-content\/uploads\/2022\/10\/800da4fe-9b1d-442f-b0c5-dc48ccbbef65-169x300.jpg\" class=\"attachment-medium size-medium\" alt=\"\" srcset=\"https:\/\/www.radiopiu.net\/wordpress\/wp-content\/uploads\/2022\/10\/800da4fe-9b1d-442f-b0c5-dc48ccbbef65-169x300.jpg 169w, https:\/\/www.radiopiu.net\/wordpress\/wp-content\/uploads\/2022\/10\/800da4fe-9b1d-442f-b0c5-dc48ccbbef65-576x1024.jpg 576w, https:\/\/www.radiopiu.net\/wordpress\/wp-content\/uploads\/2022\/10\/800da4fe-9b1d-442f-b0c5-dc48ccbbef65-768x1366.jpg 768w, https:\/\/www.radiopiu.net\/wordpress\/wp-content\/uploads\/2022\/10\/800da4fe-9b1d-442f-b0c5-dc48ccbbef65-864x1536.jpg 864w, https:\/\/www.radiopiu.net\/wordpress\/wp-content\/uploads\/2022\/10\/800da4fe-9b1d-442f-b0c5-dc48ccbbef65.jpg 899w\" sizes=\"auto, (max-width: 169px) 100vw, 169px\" \/><\/a>\n\t\t\t\t<\/dt><\/dl><dl class='gallery-item'>\n\t\t\t\t<dt class='gallery-icon landscape'>\n\t\t\t\t\t<a class=\"rollover rollover-zoom dt-pswp-item\" title=\"0aabeaca-125a-4307-9a56-121276f45356\" data-dt-img-description=\"\" data-large_image_width=\"1600\" data-large_image_height=\"1200\"href='https:\/\/www.radiopiu.net\/wordpress\/wp-content\/uploads\/2022\/10\/0aabeaca-125a-4307-9a56-121276f45356.jpg'><img loading=\"lazy\" decoding=\"async\" width=\"300\" height=\"225\" src=\"https:\/\/www.radiopiu.net\/wordpress\/wp-content\/uploads\/2022\/10\/0aabeaca-125a-4307-9a56-121276f45356-300x225.jpg\" class=\"attachment-medium size-medium\" alt=\"\" srcset=\"https:\/\/www.radiopiu.net\/wordpress\/wp-content\/uploads\/2022\/10\/0aabeaca-125a-4307-9a56-121276f45356-300x225.jpg 300w, https:\/\/www.radiopiu.net\/wordpress\/wp-content\/uploads\/2022\/10\/0aabeaca-125a-4307-9a56-121276f45356-1024x768.jpg 1024w, https:\/\/www.radiopiu.net\/wordpress\/wp-content\/uploads\/2022\/10\/0aabeaca-125a-4307-9a56-121276f45356-768x576.jpg 768w, https:\/\/www.radiopiu.net\/wordpress\/wp-content\/uploads\/2022\/10\/0aabeaca-125a-4307-9a56-121276f45356.jpg 1600w\" sizes=\"auto, (max-width: 300px) 100vw, 300px\" \/><\/a>\n\t\t\t\t<\/dt><\/dl>\n\t\t\t\t<br style='clear: both' \/>\n\t\t\t<\/div>\n\n<p>&nbsp;<\/p><\/blockquote>\n<div dir=\"auto\"><\/div>\n<hr \/>\n<p>&nbsp;<\/p>\n<blockquote>\n<h3><a class=\"dt-pswp-item\" href=\"https:\/\/www.radiopiu.net\/wordpress\/wp-content\/uploads\/2022\/10\/calendario-storico-carabinieri-2023_foto-2.jpg\" data-dt-img-description=\"\" data-large_image_width=\"0\" data-large_image_height=\"0\"><img loading=\"lazy\" decoding=\"async\" class=\"alignleft\" src=\"https:\/\/www.radiopiu.net\/wordpress\/wp-content\/uploads\/2022\/10\/Calendario-Carabinieri-2023_Pagina_01_-1.jpg\" width=\"68\" height=\"94\" \/><\/a>BELLUNO. PRESENTATO IL CALENDARIO STORICO DEI CARABINIERI 2023.<\/h3>\n<\/blockquote>\n<p align=\"CENTER\"><span style=\"font-family: Times New Roman, serif;\"><i><a class=\"dt-pswp-item\" href=\"https:\/\/www.radiopiu.net\/wordpress\/wp-content\/uploads\/2022\/10\/calendario-storico-carabinieri-2023_foto-2.jpg\" data-dt-img-description=\"\" data-large_image_width=\"0\" data-large_image_height=\"0\"><img loading=\"lazy\" decoding=\"async\" class=\"alignnone size-medium wp-image-303696\" src=\"https:\/\/www.radiopiu.net\/wordpress\/wp-content\/uploads\/2022\/10\/calendario-storico-carabinieri-2023_foto-2.jpg\" alt=\"\" width=\"1\" height=\"1\" \/><\/a>Una tiratura di oltre 1 milione di copie, tradotta in 8 lingue, per un Calendario Storico che \u00e8 entrato nella tradizione nazionale e popolare come un oggetto da collezione\u00a0<\/i><\/span><\/p>\n<p style=\"text-align: left;\" align=\"CENTER\"><span style=\"color: #ff0000;\">di BARBARA PAOLAZZI_ Radio Club 103<\/span><\/p>\n<audio class=\"wp-audio-shortcode\" id=\"audio-303946-6\" preload=\"none\" style=\"width: 100%;\" controls=\"controls\"><source type=\"audio\/mpeg\" src=\"https:\/\/www.radiopiu.net\/wordpress\/wp-content\/uploads\/2022\/10\/calendario-barbara.mp3?_=6\" \/><a href=\"https:\/\/www.radiopiu.net\/wordpress\/wp-content\/uploads\/2022\/10\/calendario-barbara.mp3\">https:\/\/www.radiopiu.net\/wordpress\/wp-content\/uploads\/2022\/10\/calendario-barbara.mp3<\/a><\/audio>\n<p>&nbsp;<\/p>\n<hr \/>\n<p>&nbsp;<\/p>\n<p>&nbsp;<\/p>\n<blockquote class=\"wp-embedded-content\" data-secret=\"sTeCHrWnPS\"><p><a href=\"https:\/\/www.radiopiu.net\/wordpress\/tappa9\/\">IN VIAGGIO CON STEFANO  E PAOLO, FINO ALLA FINE DEL MONDO PER IL COMITATO POLLICINO.<\/a><\/p><\/blockquote>\n<p><iframe loading=\"lazy\" class=\"wp-embedded-content\" sandbox=\"allow-scripts\" security=\"restricted\" style=\"position: absolute; clip: rect(1px, 1px, 1px, 1px);\" title=\"&#8220;IN VIAGGIO CON STEFANO  E PAOLO, FINO ALLA FINE DEL MONDO PER IL COMITATO POLLICINO.&#8221; &#8212; Radio Pi\u00f9\" src=\"https:\/\/www.radiopiu.net\/wordpress\/tappa9\/embed\/#?secret=XC9bkcFjj0#?secret=sTeCHrWnPS\" data-secret=\"sTeCHrWnPS\" width=\"600\" height=\"338\" frameborder=\"0\" marginwidth=\"0\" marginheight=\"0\" scrolling=\"no\"><\/iframe><\/p>\n<p>&nbsp;<\/p>\n<hr \/>\n<p>&nbsp;<\/p>\n<p>&nbsp;<\/p>\n<blockquote>\n<h3>MORENO PESCE, QUANDO L&#8217;AMPUTAZIONE NON FERMA LA PASSIONE<\/h3>\n<\/blockquote>\n<blockquote><p><img loading=\"lazy\" decoding=\"async\" class=\"alignleft\" src=\"https:\/\/www.radiopiu.net\/wordpress\/wp-content\/uploads\/2022\/10\/Senza-nome-95.jpg\" width=\"174\" height=\"102\" \/>&#8220;<em>Non mi posso far privare da chi mi vuole bene di vivere la mia vita. T&#8217;ho cava via la foto de la Tofana in cusina perch\u00e9 g&#8217;avevo paura che te dese fastidio. E nell&#8217;agosto del 2022 sono andato sulla Tofana senza una gamba, ho fatto una nuova foto e ho cambiato quella che c&#8217;era in cucina&#8221;<\/em><\/p><\/blockquote>\n<p>QUESTA SERA DALLE 20.30 SULLE FREQUENZE DI RADIOPIU IN FM, IN TUTTO IL MONDO SULLO STREAMING WWW.RADIOPIU.NET<\/p>\n<p>&nbsp;<\/p>\n<p>&nbsp;<\/p>\n<hr \/>\n<p>&nbsp;<\/p>\n<blockquote>\n<h3>BANDO DI CONCORSO PER UN OPERAIO-MURATORE<\/h3>\n<\/blockquote>\n<p><strong><a class=\"dt-pswp-item\" href=\"https:\/\/www.radiopiu.net\/wordpress\/wp-content\/uploads\/2020\/09\/FALCADE-1.jpg\" data-dt-img-description=\"\" data-large_image_width=\"960\" data-large_image_height=\"720\"><img loading=\"lazy\" decoding=\"async\" class=\"wp-image-163186 alignleft\" src=\"https:\/\/www.radiopiu.net\/wordpress\/wp-content\/uploads\/2020\/09\/FALCADE-1-300x225.jpg\" alt=\"\" width=\"167\" height=\"125\" srcset=\"https:\/\/www.radiopiu.net\/wordpress\/wp-content\/uploads\/2020\/09\/FALCADE-1-300x225.jpg 300w, https:\/\/www.radiopiu.net\/wordpress\/wp-content\/uploads\/2020\/09\/FALCADE-1-768x576.jpg 768w, https:\/\/www.radiopiu.net\/wordpress\/wp-content\/uploads\/2020\/09\/FALCADE-1-640x480.jpg 640w, https:\/\/www.radiopiu.net\/wordpress\/wp-content\/uploads\/2020\/09\/FALCADE-1.jpg 960w\" sizes=\"auto, (max-width: 167px) 100vw, 167px\" \/><\/a>FALCADE<\/strong>\u00a0Il Comune ha indetto un concorso pubblico\u00a0 per l&#8217;assunzione, a tempo pieno e indeterminato, di\u00a0 un operaio specializzato autista-muratore \u2013 area tecnica. Le domande di partecipazione dovranno pervenire al Comune di Falcade entro il 7 novembre alle 18, secondo le modalit\u00e0 previste dal Bando di Concorso pubblicato sul sito istituzionale dell\u2019Ente. Per ogni informazione, i candidati potranno rivolgersi al Comune di Falcade (tel. 0437-599735 &#8211; cell. 347\/1521259; posta elettronica: <a href=\"mailto:segretario.falcade@agordino.bl.it\">segretario.falcade@agordino.bl.it<\/a>\u00a0oppure <a href=\"mailto:ragioneria.falcade@agordino.bl.it\">ragioneria.falcade@agordino.bl.it<\/a>).<\/p>\n<p>&nbsp;<\/p>\n<p>&nbsp;<\/p>\n<hr \/>\n<p>&nbsp;<\/p>\n<blockquote>\n<h2>AIUTI CONTRO IL CARO BOLLETTE: SOLO FRANCIA E GERMANIA HANNO SPESO PIU\u2019 DI NOI<\/h2>\n<\/blockquote>\n<p>&nbsp;<\/p>\n<p><strong><a class=\"dt-pswp-item\" href=\"https:\/\/www.radiopiu.net\/wordpress\/wp-content\/uploads\/2022\/10\/Schermata-2022-10-29-alle-09.38.23.png\" data-dt-img-description=\"\" data-large_image_width=\"1010\" data-large_image_height=\"1514\"><img loading=\"lazy\" decoding=\"async\" class=\"alignleft size-medium wp-image-303800\" src=\"https:\/\/www.radiopiu.net\/wordpress\/wp-content\/uploads\/2022\/10\/Schermata-2022-10-29-alle-09.38.23-200x300.png\" alt=\"\" width=\"200\" height=\"300\" srcset=\"https:\/\/www.radiopiu.net\/wordpress\/wp-content\/uploads\/2022\/10\/Schermata-2022-10-29-alle-09.38.23-200x300.png 200w, https:\/\/www.radiopiu.net\/wordpress\/wp-content\/uploads\/2022\/10\/Schermata-2022-10-29-alle-09.38.23-683x1024.png 683w, https:\/\/www.radiopiu.net\/wordpress\/wp-content\/uploads\/2022\/10\/Schermata-2022-10-29-alle-09.38.23-768x1151.png 768w, https:\/\/www.radiopiu.net\/wordpress\/wp-content\/uploads\/2022\/10\/Schermata-2022-10-29-alle-09.38.23.png 1010w\" sizes=\"auto, (max-width: 200px) 100vw, 200px\" \/><\/a>Per contrastare il caro bollette, nell\u2019UE a 27 solo gli esecutivi di Germania e Francia hanno stanziato in termini assoluti pi\u00f9 risorse di quelle messe in campo dal governo Draghi. Se tra settembre 2021 fino ad ora Berlino ha approvato una spesa in pi\u00f9 anni pari a 264,2 miliardi di euro, Parigi, invece, ha destinato 71,6 miliardi, mentre il Governo Draghi ne ha erogati 62,6 miliardi. A dirlo \u00e8 l\u2019Ufficio studi della CGIA che ha elaborato i dati Bruegel.<\/strong><\/p>\n<p>Sebbene erogati in pi\u00f9 anni \u00e8 vero che le famiglie e le imprese tedesche potranno beneficiare su un ammontare complessivo di aiuti pari al 7,4 per cento del Pil. Tuttavia, va comunque ricordato che la Germania \u00e8 la prima potenza industriale dell\u2019Unione Europea, conta 24 milioni di abitanti in pi\u00f9 del nostro Paese e solitamente affronta, dal punto di vista meteorologico, mesi invernali molto pi\u00f9 rigidi dei nostri.<\/p>\n<p>Se, invece, analizziamo le risorse stanziate per mitigare il costo delle bollette di luce e gas in rapporto al Pil, l\u2019unico paese che precede i tedeschi \u00e8 Malta (7,7 per cento). Seguono, come dicevamo, la Germania (7,4), la Lituania (6,6), la Grecia (5,7) e i Paesi Bassi (5,3). In termini complessivi, in questo ultimo anno i 26 paesi dell\u2019UE (non sono disponibili i dati dell\u2019Ungheria) hanno messo a disposizione di famiglie e imprese 566,2 miliardi di euro, pari al 3,9 per cento del Pil europeo (vedi Tab. 1).<\/p>\n<p><strong>Prezzi del gas in calo, ma dobbiamo produrre di pi\u00f9<\/strong><br \/>\nSolo per aver definito nell\u2019ultimo Consiglio europeo un possibile accordo sull\u2019introduzione di un tetto temporaneo al prezzo del gas, su acquisti e stoccaggi comuni, nell\u2019ultima settimana il costo di questa materia prima \u00e8 sceso sotto i 100 euro al MWh. Non \u00e8 detto che la situazione sia in via di risoluzione, comunque \u00e8 un segnale molto positivo che va nella direzione auspicata. Tuttavia, se la questione legata al caro prezzi sembra si stia \u201cricomponendo\u201d, rimane il grosso problema dell\u2019insufficiente offerta estrattiva. Nonostante l\u2019ottimo lavoro eseguito dal governo Draghi sul fronte della diversificazione dei paesi fornitori di gas, rimane ancora la grossa incognita legata alle ritorsioni russe. Se il prossimo inverno questi ultimi dovessero azzerare i flussi energetici, allora saremmo costretti a razionare l\u2019utilizzo del gas e, conseguentemente, anche dell\u2019energia elettrica sia alle famiglie sia alle imprese. E\u2019 uno scenario che dobbiamo scongiurare perch\u00e9 potrebbe interessare non solo il nostro Paese, ma l\u2019intera Europa, con conseguenze sociali ed economiche molto preoccupanti. Per questo \u00e8 importante tornare ad estrarre pi\u00f9 gas, anche in Italia, chiedendo anche a Olanda e Francia di allinearsi a questa nuova politica energetica.<\/p>\n<p><strong><a class=\"dt-pswp-item\" href=\"https:\/\/www.radiopiu.net\/wordpress\/wp-content\/uploads\/2022\/10\/Schermata-2022-10-29-alle-09.38.44.png\" data-dt-img-description=\"\" data-large_image_width=\"840\" data-large_image_height=\"928\"><img loading=\"lazy\" decoding=\"async\" class=\"alignleft size-medium wp-image-303799\" src=\"https:\/\/www.radiopiu.net\/wordpress\/wp-content\/uploads\/2022\/10\/Schermata-2022-10-29-alle-09.38.44-272x300.png\" alt=\"\" width=\"272\" height=\"300\" srcset=\"https:\/\/www.radiopiu.net\/wordpress\/wp-content\/uploads\/2022\/10\/Schermata-2022-10-29-alle-09.38.44-272x300.png 272w, https:\/\/www.radiopiu.net\/wordpress\/wp-content\/uploads\/2022\/10\/Schermata-2022-10-29-alle-09.38.44-768x848.png 768w, https:\/\/www.radiopiu.net\/wordpress\/wp-content\/uploads\/2022\/10\/Schermata-2022-10-29-alle-09.38.44.png 840w\" sizes=\"auto, (max-width: 272px) 100vw, 272px\" \/><\/a>Dove trovare i soldi per gli aiuti?<\/strong><br \/>\nPer contrastare il caro bollette, il Governo Meloni potrebbe disporre per questo ultimo scorcio del 2022 un importo non superiore a 15 miliardi di euro, di cui 10 lasciati in \u201ceredit\u00e0\u201d dall\u2019Esecutivo Draghi e altri 5 che dovrebbero giungere dall\u2019UE. Bruxelles, infatti, potrebbe consentire ai singoli paesi di recuperare i fondi strutturali 2014-2020 non ancora spesi o non impegnati in modo vincolante. Se, come probabile, il nuovo governo estender\u00e0 anche per il prossimo mese di dicembre le misure approvate con il decreto Aiuti ter (costo di circa 5 miliardi di euro), a nostro avviso gli altri 10 miliardi a disposizione sono certamente rilevanti, ma non sufficienti a sterilizzare in misura significativa gli extra costi che famiglie e imprese saranno chiamate a sostenere in questa ultima parte dell\u2019anno.<\/p>\n<p>Quindi, dove trovare in tempi strettissimi ulteriori risorse per mitigare i rincari energetici che, secondo una nostra stima, dovrebbero ammontare ad almeno 20 miliardi di euro? In tempi cos\u00ec brevi ci\u00f2 potrebbe avvenire solo attraverso uno scostamento di bilancio, ipotesi che, per\u00f2, il nuovo esecutivo sembra non voglia perseguire.<\/p>\n<p><strong>E nel 2023?<\/strong><br \/>\nSe l\u2019intenzione dell\u2019esecutivo sembra quella di non ricorrere a nuovo debito, le risorse per contenere il caro bollette non potranno che essere recuperate attraverso un taglio alla spesa pubblica, visto che appare impensabile poter agire sul fronte delle entrate. Stando ai dati pubblicati nel Nadef 2022, quest\u2019anno la spesa pubblica complessiva (includendo quindi anche gli interessi passivi) dovrebbe sforare il tetto dei mille miliardi: attestandosi a 1.029 miliardi di euro. Cifra, quest\u2019ultima, in aumento di 43,1 miliardi rispetto al 2021. Le entrate finali, per contro, raggiungeranno quest\u2019anno la soglia dei 932,5 miliardi di euro, in aumento di 75,2 miliardi rispetto al 2021 (vedi Tab. 2). Sia sul fronte delle uscite sia per quelle delle entrate l\u2019effetto dell\u2019inflazione si \u00e8 fatto sentire, contribuendo ad alimentare in maniera importante gli incrementi. Ora, tenendo presente che quasi il 90 per cento della spesa complessiva \u00e8 pressoch\u00e9 incomprimibile (pensioni, prestazioni sociali, sanit\u00e0, interessi passivi, retribuzioni dei dipendenti pubblici, consumi intermedi, investimenti, etc.), non sar\u00e0 per nulla facile con la prossima legge di bilancio \u201crecuperare\u201d le risorse da destinare al contenimento dei costi delle bollette 2023 a famiglie e imprese. Sul fronte della \u201cspending review\u201d, infatti, i risultati che abbiamo ottenuto in questi ultimi 10 anni sono stati irrilevanti e, all\u2019orizzonte, non ci pare di scorgere alcun segnale che lasci presagire un\u2019auspicabile inversione di tendenza.<\/p>\n<p>&nbsp;<\/p>\n<hr \/>\n<p>&nbsp;<\/p>\n<p>&nbsp;<\/p>\n<blockquote>\n<h2>NEL RICORDO DELLE VITTIME DELLA GUERRA E DELL&#8217;ALLUVIONE<\/h2>\n<\/blockquote>\n<p><strong>FALCADE<\/strong> Il sindaco Mauro Salvaterra a nome dell&#8217;amminsitrazione comunale e della cittadinanza ricorda con commozione e riconoscenza i cittadini caduti in guerra e periti nell&#8217;alluvione del 1966. Venerdi 4 novembre la celebrazione alle 14 in piazza a Somor nell&#8217;anniversario della grande alluvione, in caso di maltempo la messa verr\u00e0 celebrata in chiesa a Falcade Alto.<\/p>\n<blockquote><p><em>Nel ricordo dei Caduti di tutte le guerre, con la speranza di un futuro di pace<\/em><\/p><\/blockquote>\n<p>Domenica 6 novembre festa dell&#8217;Unit\u00e0 Nazionale e delle Forze Armate con la messa alle 10.30 in chiesa a Falcade, al termine la deposizione della corona al Monumento dei Caduti e presso le altre lapidi a ricordo. Con la partecipazione dei gruppi Ana di Falcade, Caviola-Cime d&#8217;Auta, Canale d&#8217;Agordo-Caviola.<\/p>\n<p>&nbsp;<\/p>\n<hr \/>\n<p>&nbsp;<\/p>\n<blockquote>\n<h3>L&#8217;ARMA AGLI AGENTI DI PUBBLICA SICUREZZA<\/h3>\n<\/blockquote>\n<p><strong>FALCADE<\/strong> Giovedi alle 20 consiglio comunale a Falcade, all&#8217;ordine del giorno l&#8217;approvazione della convenzione per la gestione del servizio dell&#8217;ufficio di segretario comunale con i Comuni di Veggiano, Fonzaso, Vallada, e Colle Santa Lucia; modifiche al regolamento di Polizia Municipale e dall&#8217;armamento degli agenti di pubblica sicurezza;\u00a0 12^ variazione al bilancio.<\/p>\n<blockquote>\n<h3>VENERDI IL CONSIGLIO DELL&#8217;UNIONE MONTANA AGORDINA<\/h3>\n<\/blockquote>\n<p><strong>AGORDO<\/strong> Venerdi alle 20.30 consiglio dell&#8217;Unione Montana Agordina in Sala Don Tamis. All&#8217;ordine del giorno la variazione al bilancio, l&#8217;affidamento in house della gestione del ciclo integrato dei rifiuti da parte del consiglio di bacino e comunicazioni del presidente Paolo Frena.<\/p>\n<p>&nbsp;<\/p>\n<p>&nbsp;<\/p>\n<hr \/>\n<p>&nbsp;<\/p>\n<p>&nbsp;<\/p>\n<blockquote>\n<h3>BORSE DI STUDIO PER GLI STUDENTI<\/h3>\n<\/blockquote>\n<p><strong> ALLEGHE<\/strong> Il Comune ha pubblicato il bando per l\u2019assegnazione di borse di studio comunali agli studenti, residenti, frequentanti le scuole superiori, che hanno conseguito il diploma di maturit\u00e0 nel 2022 o laureatesi entro il mese di ottobre 2022. Il modulo di domanda si pu\u00f2 reperire all\u2019albo pretorio online nel sito del Comune di Alleghe o richiedere direttamente all\u2019Ufficio Servizi Demografici; le domande potranno essere inoltrate fino al 19 dicembre 2022<\/p>\n<p>&nbsp;<\/p>\n<p>&nbsp;<\/p>\n<hr \/>\n<p>&nbsp;<\/p>\n<blockquote>\n<h3>A CENCENIGHE, NOF FILO&#8217;, QUATTRO\u00a0 INCONTRI CON PETTIROSSO AGORDINO<\/h3>\n<\/blockquote>\n<p><strong><a class=\"dt-pswp-item\" href=\"https:\/\/www.radiopiu.net\/wordpress\/wp-content\/uploads\/2022\/05\/petti.jpg\" data-dt-img-description=\"\" data-large_image_width=\"269\" data-large_image_height=\"131\"><img loading=\"lazy\" decoding=\"async\" class=\"size-full wp-image-275145 alignleft\" src=\"https:\/\/www.radiopiu.net\/wordpress\/wp-content\/uploads\/2022\/05\/petti.jpg\" alt=\"\" width=\"269\" height=\"131\" \/><\/a>CENCENIGHE<\/strong>\u00a0Il 2 novembre sar\u00e0 affrontato il tema &#8220;Come districarsi fra burocrazia, ausili e movimentazioni&#8221; con Stefano Masini (assistente sociale di Asca) e Roberto Agnolet (fisioterapista) su &#8220;Come posso facilitare le autonomie?&#8221;. Il 9 novembre l&#8217;argomento trattato da Cristina Balest (educatrice) e Letizia Collazuol (coordinatrice dell&#8217;equipe Sersa) sar\u00e0 &#8220;La gestione della persona con demenza in struttura&#8221;. Conclusione il 16 novembre con &#8220;L&#8217;impegno a tempo pieno di chi assiste la persona con demenza&#8221; in cui Erica Calvi (psicologa di Sersa) evidenzier\u00e0 la fatica invisibile di chi si prende cura di una persona malata.<\/p>\n<p><strong>di Gianni Santomaso<\/strong><\/p>\n<audio class=\"wp-audio-shortcode\" id=\"audio-303946-7\" preload=\"none\" style=\"width: 100%;\" controls=\"controls\"><source type=\"audio\/mpeg\" src=\"https:\/\/www.radiopiu.net\/wordpress\/wp-content\/uploads\/2022\/10\/GIANNI-PETTIROSSO.mp3?_=7\" \/><a href=\"https:\/\/www.radiopiu.net\/wordpress\/wp-content\/uploads\/2022\/10\/GIANNI-PETTIROSSO.mp3\">https:\/\/www.radiopiu.net\/wordpress\/wp-content\/uploads\/2022\/10\/GIANNI-PETTIROSSO.mp3<\/a><\/audio>\n<h3 class=\"entry-title\"><\/h3>\n<p>&nbsp;<\/p>\n<hr \/>\n<p>&nbsp;<\/p>\n<blockquote>\n<h3><\/h3>\n<h3>ASSOCIAZIONE DAFNE. Venerd\u00ec 4 novembre 2022 alle 18,15 Sala Bianchi &#8220;Eliseo Dal Pont&#8221;<\/h3>\n<\/blockquote>\n<p><strong>BELLUNO<\/strong> Riprendono gli incontri del programma &#8220;Per fortuna siamo tutti genitori imperfetti&#8221; con l&#8217;appuntamento &#8220;ADOLESCENTI: IDENTITA&#8217; DI GENERE E SESSUALITA'&#8221;. La dott.ssa Anna Dal Pan ,psicologa e psicoterapeuta , indicher\u00e0 un percorso attraverso l&#8217;infinito mondo delle sfumature dell&#8217;identit\u00e0 di genere e della sessualit\u00e0 degli esseri umani , ma con l&#8217;ottica dei nostri figli. Un viaggio per riflettere sui concetti di morale e di etica e soprattutto di diritti e di inclusione, in un tempo in cui ognuno di noi ha il dovere di confrontarsi e relazionarsi con le PERSONE. Questo incontro si intreccia con il progetto OTUIA\/AIUTO, finanziato dal bando per la co-progettazione sociale-anno 2021 del CSV Belluno Treviso Per info chiamare il 3397937503 o inviare una e-mail a <a href=\"mailto:info@associazionedafne.it\" target=\"_blank\" rel=\"noopener noreferrer\">info@associazionedafne.it<\/a>&lt;mailto:<a href=\"mailto:info@associazionedafne.it\" target=\"_blank\" rel=\"noopener noreferrer\">info@associazionedafne.it<\/a>&gt;<\/p>\n<p>&nbsp;<\/p>\n<p>&nbsp;<\/p>\n<hr \/>\n<p>&nbsp;<\/p>\n<blockquote>\n<h3>Cultural Ladin Cesa de Jan, Comune di Agordo e Oltre le Vette.<\/h3>\n<\/blockquote>\n<p><strong>AGORDO<\/strong> Dal 31 ottobre al 28 novembre la mostra in sala Don Tamis. La mostra sar\u00e0 aperta dal\u00a0 lunedi dalle 15 alle 18, mercoledi e giovedi dalle 9 alle 12 venerdi dalle 15 alle 18 sabato dalle 9 alle 12, dalle 15 alle 18 e domenica dalle 15 alle 18.<\/p>\n<p>&nbsp;<\/p>\n<hr \/>\n<p>&nbsp;<\/p>\n<blockquote>\n<h2>UN RICONOSCIMENTO A DUE STORICI VOLONTARI<\/h2>\n<\/blockquote>\n<div dir=\"auto\">\n<p><strong><a class=\"dt-pswp-item\" href=\"https:\/\/www.radiopiu.net\/wordpress\/wp-content\/uploads\/2022\/10\/IMG-20221029-WA0029.jpg\" data-dt-img-description=\"\" data-large_image_width=\"2048\" data-large_image_height=\"2048\"><img loading=\"lazy\" decoding=\"async\" class=\"wp-image-303882 alignleft\" src=\"https:\/\/www.radiopiu.net\/wordpress\/wp-content\/uploads\/2022\/10\/IMG-20221029-WA0029-1024x1024.jpg\" alt=\"\" width=\"232\" height=\"232\" srcset=\"https:\/\/www.radiopiu.net\/wordpress\/wp-content\/uploads\/2022\/10\/IMG-20221029-WA0029-1024x1024.jpg 1024w, https:\/\/www.radiopiu.net\/wordpress\/wp-content\/uploads\/2022\/10\/IMG-20221029-WA0029-300x300.jpg 300w, https:\/\/www.radiopiu.net\/wordpress\/wp-content\/uploads\/2022\/10\/IMG-20221029-WA0029-150x150.jpg 150w, https:\/\/www.radiopiu.net\/wordpress\/wp-content\/uploads\/2022\/10\/IMG-20221029-WA0029-768x768.jpg 768w, https:\/\/www.radiopiu.net\/wordpress\/wp-content\/uploads\/2022\/10\/IMG-20221029-WA0029-1536x1536.jpg 1536w, https:\/\/www.radiopiu.net\/wordpress\/wp-content\/uploads\/2022\/10\/IMG-20221029-WA0029.jpg 2048w\" sizes=\"auto, (max-width: 232px) 100vw, 232px\" \/><\/a>BELLUNO\u00a0<\/strong> Sono stati consegnati oggi pomeriggio, in una sentita cerimonia in Sala consiliare, gli attestati di riconoscimento per oltre 40 anni di attivit\u00e0 all&#8217;interno del Soccorso alpino di Belluno a Gianni Sitta e Claudio Scardanzan.<\/p>\n<p>Alla presenza del sindaco di Belluno, Oscar De Pellegrin, del consigliere nazionale del Cnsas Fabio Rufus Bristot, del Delegato Alex Barattin e del capo della Stazione di Belluno Gianpaolo Sani, ai due storici soccorritori sono stati consegnati gli attestati di stima e profondo ringraziamento, di fronte ai numerosi volontari, alle famiglie e ai rappresentanti dell&#8217;amministrazione comunale.Queste le parole del sindaco De Pellegrin: \u201cSono felice e orgoglioso di questa cerimonia organizzata dal Soccorso Alpino proprio qui in Comune, in quella che io chiamo la casa dei bellunesi. E lo sono per due motivi. Innanzitutto perch\u00e9 il Corpo nazionale del Soccorso alpino \u00e8 una realt\u00e0 che ci rende estremamente fieri, che incarna lo spirito bellunese dell\u2019aiuto silenzioso agli altri, quell\u2019aiuto concreto fatto senza clamori n\u00e9 volont\u00e0 di visibilit\u00e0.I volontari sono gente davvero tosta, preparata fisicamente, consapevole di potersi trovare nella situazione di mettere a repentaglio la propria vita pur di salvare quella di altri. Io credo sia quanto di pi\u00f9 grande possa fare un uomo. Cosa c\u2019\u00e8 di pi\u00f9 di questo?Non li si ringrazia mai abbastanza, questi volontari che spendono il loro tempo per gli altri, che magari rinunciano a stare in famiglia per rispondere alle chiamate di soccorso.\u00a0E poi sono felice perch\u00e9 l\u2019occasione di questo ritrovo \u00e8 il lavoro prestato da due volontari che sono stati dipendenti del nostro Comune. Una vita votata alla comunit\u00e0, quella di Scardanzan e di Sitta, tanto nel lavoro quanto nel tempo libero. Per 45 e 43 anni hanno risposto \u201cs\u00ec\u201d quando venivano chiamati per gli interventi, hanno salvato vite e io credo che in questo loro operato abbiano rinunciato a molto tempo con i propri cari ma abbiano anche ricevuto tanto in cambio.<\/p>\n<p><a class=\"dt-pswp-item\" href=\"https:\/\/www.radiopiu.net\/wordpress\/wp-content\/uploads\/2022\/10\/IMG-20221029-WA0030.jpg\" data-dt-img-description=\"\" data-large_image_width=\"2048\" data-large_image_height=\"2048\"><img loading=\"lazy\" decoding=\"async\" class=\"wp-image-303881 alignright\" src=\"https:\/\/www.radiopiu.net\/wordpress\/wp-content\/uploads\/2022\/10\/IMG-20221029-WA0030-1024x1024.jpg\" alt=\"\" width=\"181\" height=\"181\" srcset=\"https:\/\/www.radiopiu.net\/wordpress\/wp-content\/uploads\/2022\/10\/IMG-20221029-WA0030-1024x1024.jpg 1024w, https:\/\/www.radiopiu.net\/wordpress\/wp-content\/uploads\/2022\/10\/IMG-20221029-WA0030-300x300.jpg 300w, https:\/\/www.radiopiu.net\/wordpress\/wp-content\/uploads\/2022\/10\/IMG-20221029-WA0030-150x150.jpg 150w, https:\/\/www.radiopiu.net\/wordpress\/wp-content\/uploads\/2022\/10\/IMG-20221029-WA0030-768x768.jpg 768w, https:\/\/www.radiopiu.net\/wordpress\/wp-content\/uploads\/2022\/10\/IMG-20221029-WA0030-1536x1536.jpg 1536w, https:\/\/www.radiopiu.net\/wordpress\/wp-content\/uploads\/2022\/10\/IMG-20221029-WA0030.jpg 2048w\" sizes=\"auto, (max-width: 181px) 100vw, 181px\" \/><\/a>Martin Luther King diceva che la domanda pi\u00f9 urgente della vita \u00e8 \u201cCosa stai facendo per gli altri?\u201d. Chiediamocelo sempre, e cerchiamo di lavorare perch\u00e9 la nostra risposta sia sempre positiva, cos\u00ec come hanno fatto i nostri due volontari\u201d.&#8221;La passione verificata in 45 anni di appartenenza alla Stazione del Cnsas di Belluno per Caio e di 43 per Gianni fa di questi due volontari persone senza dubbio carismatiche, modelli che hanno saputo usare l&#8217;influenza e l&#8217;esempio, a cui prima facevo cenno, per arrivare sino a qua. Grazie a Caio e Gianni per quanto avete fatto a favore delle nostre comunit\u00e0 e del Cnsas tutto, grazie perch\u00e9 siete stati autenticamente il Cnsas&#8221;, le parole di Fabio Rufus Bristot.<\/p>\n<p><strong>I testi degli attestati consegnati assieme al Certificato di iscrizione a Claudio e Gianni.<\/strong><\/p>\n<p>\u300aA Claudio \u201cCaio\u201d Scardanzan,<\/p>\n<p>per i tuoi 45 anni di appartenenza al Corpo Nazionale Soccorso Alpino e Speleologico \u2013 Stazione di Belluno, nel corso dei quali hai offerto la tua preziosa collaborazione volta a garantire sia decine di missioni di soccorso a favore di altrettanti feriti, pericolanti e persone decedute nel territorio di competenza, sia centinaia di azioni espressamente dedicate alla ricerca di persone disperse, svolgendo in particolare attivit\u00e0 di coordinamento in 316 missioni di soccorso nel territorio provinciale ed extra provinciale, attuando con minuziosa ed appassionata dedizione lo sviluppo di software e sistemi cartografici di caratura nazionale precipuamente indirizzati alla ricerca e soccorso delle persone disperse\u300b<\/p>\n<div dir=\"auto\">\n<p>\u300aA Giovanni \u201cGianni\u201d Sitta,<\/p>\n<p>per i tuoi 43 anni di appartenenza al Corpo Nazionale Soccorso Alpino e Speleologico \u2013 Stazione di Belluno, nel corso dei quali hai offerto la tua preziosa collaborazione volta a garantire sia svariate decine di missioni di soccorso a favore di altrettanti feriti, pericolanti e persone decedute nel territorio di competenza, sia centinaia di interventi nel territorio provinciale ed extra provinciale quale Tecnico di elisoccorso nel servizio di elisoccorso del SUEM 118, durante i quali hai anche svolto una significativa attivit\u00e0 di formazione e certificazione del personale sanitario e del personale del CNSAS\u300b<\/p>\n<\/div>\n<\/div>\n<p>&nbsp;<\/p>\n<hr \/>\n<p>&nbsp;<\/p>\n<blockquote>\n<h2>IL SALUTO A MARZIA DEL BAR CICALIN, SEI ANNI DI QUALITA&#8217; E SORRISI<\/h2>\n<\/blockquote>\n<p><strong>PONTE NELLE ALPI<\/strong> Marzia Masoch saluta i suoi clienti del bar Cicalin: dopo oltre sei anni. Il locale si trova proprio davanti alla sede municipale. L\u2019anima del \u201cbar Cicalin\u201d ha salutato i suoi fedeli avventori e i frazionisti con una simpatica festa, mentre gli assessori Marta Viel, delegata alle frazioni, e Andrea Pontello, che si occupa di attivit\u00e0 produttive e commercio, hanno consegnato a Marzia un presente floreale, ringraziandola per il servizio svolto con professionalit\u00e0 e cortesia: <em>\u00abIn questi anni cos\u00ec difficili per i locali pubblici, tra pandemia Covid e il caro bollette, Marzia ha sempre saputo tenere la barra dritta e offrire un servizio di qualit\u00e0, oltre all\u2019immancabile sorriso. Le auguriamo buona fortuna per il futuro lavorativo\u00bb.\u00a0<\/em><\/p>\n<p><a class=\"dt-pswp-item\" href=\"https:\/\/www.radiopiu.net\/wordpress\/wp-content\/uploads\/2022\/10\/Marzia_Masoch_con_gli_assessori.jpg\" data-dt-img-description=\"\" data-large_image_width=\"1307\" data-large_image_height=\"784\"><img loading=\"lazy\" decoding=\"async\" class=\"size-medium wp-image-303839 aligncenter\" src=\"https:\/\/www.radiopiu.net\/wordpress\/wp-content\/uploads\/2022\/10\/Marzia_Masoch_con_gli_assessori-300x180.jpg\" alt=\"\" width=\"300\" height=\"180\" srcset=\"https:\/\/www.radiopiu.net\/wordpress\/wp-content\/uploads\/2022\/10\/Marzia_Masoch_con_gli_assessori-300x180.jpg 300w, https:\/\/www.radiopiu.net\/wordpress\/wp-content\/uploads\/2022\/10\/Marzia_Masoch_con_gli_assessori-1024x614.jpg 1024w, https:\/\/www.radiopiu.net\/wordpress\/wp-content\/uploads\/2022\/10\/Marzia_Masoch_con_gli_assessori-768x461.jpg 768w, https:\/\/www.radiopiu.net\/wordpress\/wp-content\/uploads\/2022\/10\/Marzia_Masoch_con_gli_assessori.jpg 1307w\" sizes=\"auto, (max-width: 300px) 100vw, 300px\" \/><\/a><\/p>\n<p>&nbsp;<\/p>\n<hr \/>\n<p>&nbsp;<\/p>\n<blockquote>\n<h3>A BELLUNO LA 36. EDIZIONE DELLA EX TEMPORE DI SCULTURA SU LEGNO, DALL\u20191 AL 6 NOVEMBRE<\/h3>\n<\/blockquote>\n<p><strong>di\u00a0 RENATO BONA<\/strong><\/p>\n<p>Prende il via la trentaseiesima edizione della \u201cEx tempore di scultura su legno\u201d. E\u2019 in programma dall\u20191 al 6 novembre nell\u2019ambito del neonato ambizioso programma \u201cBelluno citt\u00e0 del legno duemilaventidue\u201d che dall\u20191 al 13 novembre contempla una serie di qualificati incontri, di laboratori, cinema, fotografia ed esposizioni. Il tutto ad iniziativa del Consorzio centro storico degli operatori economici col sostegno del Fondo comuni confinanti, della Provincia e del Comune e la collaborazione di: Dolomiti Bellunesi \u201cThe mountain of Venice\u201d, Circolo cultura e stampa bellunese, Legno veneto, Centro consorzi, Circolo fotografico bellunese, Camera di commercio, Consorzio comuni Bim Piave, Confcommercio e vari altri enti, sodalizi ed aziende. Sedici gli scultori che hanno aderito: Ionel Alexandrescu, Torino; Sara Andrich, Sedico; Andrea Caisutti, Pavia di Udine; Giovanni Capelletti, Sergnano Cremona; Luciano De Barba, Belluno; Silvano Ferretti, Chatillon, Aosta; Paolo Frattari, Ladispoli, Rimini; Inma Garcia Arribas, Denno di Trento; Arianna Gasperina, Palse di Pordenone; Luca Lisiot, Santa Giustina, Belluno; Gianangelo Longhini, Asiago; Giar Lunghi, Roveredo Svizzera, Lionello Nardon, Cembra di Trento; Toni Venzo, Pove del Grappa; Kurt Wierer, Rasun di Sotto, Bolzano; Gianluigi Zeni, Mezzano di Trento. Nel suo indirizzo di saluto il sindaco, Oscar De Pellegrin ricorda fra l\u2019altro che: \u201c\u2026 Da dopo Vaia di legno si \u00e8 parlato tanto, quella tragedia ha acceso i fari sul potenziale del nostro territorio che oggi, abbiamo capito, va curato, gestito e utilizzato facendo squadra perch\u00e9 rappresenta fonte di sviluppo per la nostra provincia\u201d. Per Massimo Capraro, presidente del Consorzio Belluno centro storico \u201c\u2026 boschi e foreste, zattere, scultori, Brustolon\u2026 arte, architettura, ambiente, storia, tradizione\u2026 tutti elementi che abbiamo a portata di mano e che, messi in rete, possono fare di Belluno \u2018la citt\u00e0 del legno\u2019. Una scommessa lanciata al territorio per generare un Festival tematico di respiro alpino costruito attorno alla ultratrentennale esperienza dell\u2019Ex tempore di scultura&#8230; Il Festival del legno\u201d. Si parte marted\u00ec 1 alle 11,30 nall\u2019Astor in Piazza dei Martiri con l\u2019inaugurazione del Festival \u201cBelluno citt\u00e0 del legno\u201d e 36. \u201cEx tempore di scultura su legno\u201d poi, fino a domenica 6 gli scultori saranno all\u2019opera nel centro storico bellunese. Il cartellone propone inoltre: il concorso fotografico \u201cIl legno vive\u201d a cura del Circolo fotografico bellunese \u201cMario De Biasi\u201d; nel portico di Palazzo dei Rettori in Piazza Duomo esposizione del modello di una zattera in legno, iniziativa dell\u2019associazione \u201cFameja de Zat\u00e8r e Menad\u00e0s del Piave e Museo degli Zattieri di Codissago; nell\u2019urban hub di piazzetta Zampieri nella via Caffi fino a domenica esposizione di quattro pannelli dal titolo \u201cI miracoli di Valmorerl\u201d degli allievi della Scuola del legno coordinati dalla prof. Sara Andrich; da mercoled\u00ec a sabato nel portico di Palazzo Minerva di via Rialto dimostrazioni pratiche di lavorazione su legnoi (dalle 8,30 alle 12,30) rivolte alle scuole, a cura della Scuola del legno del Centro consorzi di Sedico. Ancora: venerd\u00ec nella sala-teatro del Giovanni XXIII \u201cOlmo\u201d il film di legno scritto e diretto da Davide Calvaresi (che sar\u00e0 presente), iniziativa riservata alle scolaresche. Sempre venerd\u00ec serata conviviale nel ristorante \u201cTaverna\u201d autori Lorenzo Barbasetti ed Alessio De Bona; in piazza dei Martiri sabato e domenica: mostra-mercato \u201cLegno e dintorni\u201d; sabato pomeriggio, stessa piazza: Giochi di legno di una volta; domenica alle 16 nella Sala Muccin del Giovanni XXIII cerimonia di chiusura della Ex tempore; da marted\u00ec 8 e fino a domenica 13 nel chiostro di Palazzo Fulcis esposizione delle sculture della Ex tempore; marted\u00ec 8 al Teatro Comunale: \u201cI segreti del Bosco vecchio\u201dspettacolo tratto dall\u2019opera di Dino Buzzati, a cura del Circolo cultura e stampa, per le scolaresche; mercoled\u00ec 9 a Palazzo Bembo di via Loreto consegna dei diplomi ai ragazzi qualificati della Scuola del legno; mercoled\u00ec 9 a Palazzo Bembo: convegno di Centro consorzi e Circolo cultura e stampa su: \u201cReti di teleriscaldamento a biomassa\u201d; stessa sede gioved\u00ec 10: \u201cRiscaldamento domestico a legna: \u00e8 possibile ridurre i fumi inquinanti?\u201d, stessi organizzatori. Chiusura sabato 12 alle 21al Teatro Comunale con Scoppio Spettacoli che presenter\u00e0 \u201cDavide Van de Sfroos\u2019 Maader Tour\u2019\u201d<\/p>\n\n\t\t\t<style type='text\/css'>\n\t\t\t\t#gallery-4 {\n\t\t\t\t\tmargin: auto;\n\t\t\t\t}\n\t\t\t\t#gallery-4 .gallery-item {\n\t\t\t\t\tfloat: left;\n\t\t\t\t\tmargin-top: 10px;\n\t\t\t\t\ttext-align: center;\n\t\t\t\t\twidth: 16%;\n\t\t\t\t}\n\t\t\t\t#gallery-4 img {\n\t\t\t\t\tborder: 2px solid #cfcfcf;\n\t\t\t\t}\n\t\t\t\t#gallery-4 .gallery-caption {\n\t\t\t\t\tmargin-left: 0;\n\t\t\t\t}\n\t\t\t\t\/* see gallery_shortcode() in wp-includes\/media.php *\/\n\t\t\t<\/style>\n\t\t<div id='gallery-4' class='dt-gallery-container gallery galleryid-303946 gallery-columns-6 gallery-size-thumbnail'><dl class='gallery-item'>\n\t\t\t\t<dt class='gallery-icon landscape'>\n\t\t\t\t\t<a class=\"rollover rollover-zoom dt-pswp-item\" title=\"311285722_479460967506584_8759589618255345580_n\" data-dt-img-description=\"\" data-large_image_width=\"221\" data-large_image_height=\"206\"href='https:\/\/www.radiopiu.net\/wordpress\/wp-content\/uploads\/2022\/10\/311285722_479460967506584_8759589618255345580_n.jpg'><img loading=\"lazy\" decoding=\"async\" width=\"150\" height=\"150\" src=\"https:\/\/www.radiopiu.net\/wordpress\/wp-content\/uploads\/2022\/10\/311285722_479460967506584_8759589618255345580_n-150x150.jpg\" class=\"attachment-thumbnail size-thumbnail\" alt=\"\" \/><\/a>\n\t\t\t\t<\/dt><\/dl><dl class='gallery-item'>\n\t\t\t\t<dt class='gallery-icon landscape'>\n\t\t\t\t\t<a class=\"rollover rollover-zoom dt-pswp-item\" title=\"311889308_1590811648043752_2157257288283309102_n\" data-dt-img-description=\"\" data-large_image_width=\"206\" data-large_image_height=\"202\"href='https:\/\/www.radiopiu.net\/wordpress\/wp-content\/uploads\/2022\/10\/311889308_1590811648043752_2157257288283309102_n.jpg'><img loading=\"lazy\" decoding=\"async\" width=\"150\" height=\"150\" src=\"https:\/\/www.radiopiu.net\/wordpress\/wp-content\/uploads\/2022\/10\/311889308_1590811648043752_2157257288283309102_n-150x150.jpg\" class=\"attachment-thumbnail size-thumbnail\" alt=\"\" \/><\/a>\n\t\t\t\t<\/dt><\/dl><dl class='gallery-item'>\n\t\t\t\t<dt class='gallery-icon portrait'>\n\t\t\t\t\t<a class=\"rollover rollover-zoom dt-pswp-item\" title=\"311459760_631405211802199_7256686178306121035_n\" data-dt-img-description=\"\" data-large_image_width=\"157\" data-large_image_height=\"296\"href='https:\/\/www.radiopiu.net\/wordpress\/wp-content\/uploads\/2022\/10\/311459760_631405211802199_7256686178306121035_n.jpg'><img loading=\"lazy\" decoding=\"async\" width=\"150\" height=\"150\" src=\"https:\/\/www.radiopiu.net\/wordpress\/wp-content\/uploads\/2022\/10\/311459760_631405211802199_7256686178306121035_n-150x150.jpg\" class=\"attachment-thumbnail size-thumbnail\" alt=\"\" \/><\/a>\n\t\t\t\t<\/dt><\/dl><dl class='gallery-item'>\n\t\t\t\t<dt class='gallery-icon portrait'>\n\t\t\t\t\t<a class=\"rollover rollover-zoom dt-pswp-item\" title=\"312807837_3334790310176779_4449070849652885100_n\" data-dt-img-description=\"\" data-large_image_width=\"157\" data-large_image_height=\"296\"href='https:\/\/www.radiopiu.net\/wordpress\/wp-content\/uploads\/2022\/10\/312807837_3334790310176779_4449070849652885100_n.jpg'><img loading=\"lazy\" decoding=\"async\" width=\"150\" height=\"150\" src=\"https:\/\/www.radiopiu.net\/wordpress\/wp-content\/uploads\/2022\/10\/312807837_3334790310176779_4449070849652885100_n-150x150.jpg\" class=\"attachment-thumbnail size-thumbnail\" alt=\"\" \/><\/a>\n\t\t\t\t<\/dt><\/dl><dl class='gallery-item'>\n\t\t\t\t<dt class='gallery-icon portrait'>\n\t\t\t\t\t<a class=\"rollover rollover-zoom dt-pswp-item\" title=\"312612221_1221148981797180_7095594470050139851_n\" data-dt-img-description=\"\" data-large_image_width=\"152\" data-large_image_height=\"296\"href='https:\/\/www.radiopiu.net\/wordpress\/wp-content\/uploads\/2022\/10\/312612221_1221148981797180_7095594470050139851_n.jpg'><img loading=\"lazy\" decoding=\"async\" width=\"150\" height=\"150\" src=\"https:\/\/www.radiopiu.net\/wordpress\/wp-content\/uploads\/2022\/10\/312612221_1221148981797180_7095594470050139851_n-150x150.jpg\" class=\"attachment-thumbnail size-thumbnail\" alt=\"\" \/><\/a>\n\t\t\t\t<\/dt><\/dl><dl class='gallery-item'>\n\t\t\t\t<dt class='gallery-icon portrait'>\n\t\t\t\t\t<a class=\"rollover rollover-zoom dt-pswp-item\" title=\"312358470_859913665427935_6300867101598151296_n\" data-dt-img-description=\"\" data-large_image_width=\"156\" data-large_image_height=\"296\"href='https:\/\/www.radiopiu.net\/wordpress\/wp-content\/uploads\/2022\/10\/312358470_859913665427935_6300867101598151296_n.jpg'><img loading=\"lazy\" decoding=\"async\" width=\"150\" height=\"150\" src=\"https:\/\/www.radiopiu.net\/wordpress\/wp-content\/uploads\/2022\/10\/312358470_859913665427935_6300867101598151296_n-150x150.jpg\" class=\"attachment-thumbnail size-thumbnail\" alt=\"\" \/><\/a>\n\t\t\t\t<\/dt><\/dl><br style=\"clear: both\" \/><dl class='gallery-item'>\n\t\t\t\t<dt class='gallery-icon portrait'>\n\t\t\t\t\t<a class=\"rollover rollover-zoom dt-pswp-item\" title=\"312947272_640305010835552_1862442032644845106_n\" data-dt-img-description=\"\" data-large_image_width=\"155\" data-large_image_height=\"315\"href='https:\/\/www.radiopiu.net\/wordpress\/wp-content\/uploads\/2022\/10\/312947272_640305010835552_1862442032644845106_n.jpg'><img loading=\"lazy\" decoding=\"async\" width=\"150\" height=\"150\" src=\"https:\/\/www.radiopiu.net\/wordpress\/wp-content\/uploads\/2022\/10\/312947272_640305010835552_1862442032644845106_n-150x150.jpg\" class=\"attachment-thumbnail size-thumbnail\" alt=\"\" \/><\/a>\n\t\t\t\t<\/dt><\/dl><dl class='gallery-item'>\n\t\t\t\t<dt class='gallery-icon portrait'>\n\t\t\t\t\t<a class=\"rollover rollover-zoom dt-pswp-item\" title=\"312104341_2031594850373293_7113503442359988063_n\" data-dt-img-description=\"\" data-large_image_width=\"152\" data-large_image_height=\"296\"href='https:\/\/www.radiopiu.net\/wordpress\/wp-content\/uploads\/2022\/10\/312104341_2031594850373293_7113503442359988063_n.jpg'><img loading=\"lazy\" decoding=\"async\" width=\"150\" height=\"150\" src=\"https:\/\/www.radiopiu.net\/wordpress\/wp-content\/uploads\/2022\/10\/312104341_2031594850373293_7113503442359988063_n-150x150.jpg\" class=\"attachment-thumbnail size-thumbnail\" alt=\"\" \/><\/a>\n\t\t\t\t<\/dt><\/dl><dl class='gallery-item'>\n\t\t\t\t<dt class='gallery-icon portrait'>\n\t\t\t\t\t<a class=\"rollover rollover-zoom dt-pswp-item\" title=\"306726445_487436933353270_5602782300466463739_n\" data-dt-img-description=\"\" data-large_image_width=\"156\" data-large_image_height=\"315\"href='https:\/\/www.radiopiu.net\/wordpress\/wp-content\/uploads\/2022\/10\/306726445_487436933353270_5602782300466463739_n.jpg'><img loading=\"lazy\" decoding=\"async\" width=\"150\" height=\"150\" src=\"https:\/\/www.radiopiu.net\/wordpress\/wp-content\/uploads\/2022\/10\/306726445_487436933353270_5602782300466463739_n-150x150.jpg\" class=\"attachment-thumbnail size-thumbnail\" alt=\"\" \/><\/a>\n\t\t\t\t<\/dt><\/dl><dl class='gallery-item'>\n\t\t\t\t<dt class='gallery-icon portrait'>\n\t\t\t\t\t<a class=\"rollover rollover-zoom dt-pswp-item\" title=\"311955298_800116164437315_1163317284209742535_n\" data-dt-img-description=\"\" data-large_image_width=\"152\" data-large_image_height=\"240\"href='https:\/\/www.radiopiu.net\/wordpress\/wp-content\/uploads\/2022\/10\/311955298_800116164437315_1163317284209742535_n.jpg'><img loading=\"lazy\" decoding=\"async\" width=\"150\" height=\"150\" src=\"https:\/\/www.radiopiu.net\/wordpress\/wp-content\/uploads\/2022\/10\/311955298_800116164437315_1163317284209742535_n-150x150.jpg\" class=\"attachment-thumbnail size-thumbnail\" alt=\"\" \/><\/a>\n\t\t\t\t<\/dt><\/dl><dl class='gallery-item'>\n\t\t\t\t<dt class='gallery-icon portrait'>\n\t\t\t\t\t<a class=\"rollover rollover-zoom dt-pswp-item\" title=\"312530467_3186106598272922_3426932140959638631_n\" data-dt-img-description=\"\" data-large_image_width=\"153\" data-large_image_height=\"280\"href='https:\/\/www.radiopiu.net\/wordpress\/wp-content\/uploads\/2022\/10\/312530467_3186106598272922_3426932140959638631_n.jpg'><img loading=\"lazy\" decoding=\"async\" width=\"150\" height=\"150\" src=\"https:\/\/www.radiopiu.net\/wordpress\/wp-content\/uploads\/2022\/10\/312530467_3186106598272922_3426932140959638631_n-150x150.jpg\" class=\"attachment-thumbnail size-thumbnail\" alt=\"\" \/><\/a>\n\t\t\t\t<\/dt><\/dl><dl class='gallery-item'>\n\t\t\t\t<dt class='gallery-icon portrait'>\n\t\t\t\t\t<a class=\"rollover rollover-zoom dt-pswp-item\" title=\"312414154_1458638374643816_6857544538581403149_n\" data-dt-img-description=\"\" data-large_image_width=\"158\" data-large_image_height=\"280\"href='https:\/\/www.radiopiu.net\/wordpress\/wp-content\/uploads\/2022\/10\/312414154_1458638374643816_6857544538581403149_n.jpg'><img loading=\"lazy\" decoding=\"async\" width=\"150\" height=\"150\" src=\"https:\/\/www.radiopiu.net\/wordpress\/wp-content\/uploads\/2022\/10\/312414154_1458638374643816_6857544538581403149_n-150x150.jpg\" class=\"attachment-thumbnail size-thumbnail\" alt=\"\" \/><\/a>\n\t\t\t\t<\/dt><\/dl><br style=\"clear: both\" \/><dl class='gallery-item'>\n\t\t\t\t<dt class='gallery-icon portrait'>\n\t\t\t\t\t<a class=\"rollover rollover-zoom dt-pswp-item\" title=\"308203622_1520298068472638_9023620398229902426_n\" data-dt-img-description=\"\" data-large_image_width=\"157\" data-large_image_height=\"315\"href='https:\/\/www.radiopiu.net\/wordpress\/wp-content\/uploads\/2022\/10\/308203622_1520298068472638_9023620398229902426_n.jpg'><img loading=\"lazy\" decoding=\"async\" width=\"150\" height=\"150\" src=\"https:\/\/www.radiopiu.net\/wordpress\/wp-content\/uploads\/2022\/10\/308203622_1520298068472638_9023620398229902426_n-150x150.jpg\" class=\"attachment-thumbnail size-thumbnail\" alt=\"\" \/><\/a>\n\t\t\t\t<\/dt><\/dl><dl class='gallery-item'>\n\t\t\t\t<dt class='gallery-icon portrait'>\n\t\t\t\t\t<a class=\"rollover rollover-zoom dt-pswp-item\" title=\"312409276_2247907235390430_8636383421958806438_n\" data-dt-img-description=\"\" data-large_image_width=\"157\" data-large_image_height=\"296\"href='https:\/\/www.radiopiu.net\/wordpress\/wp-content\/uploads\/2022\/10\/312409276_2247907235390430_8636383421958806438_n.jpg'><img loading=\"lazy\" decoding=\"async\" width=\"150\" height=\"150\" src=\"https:\/\/www.radiopiu.net\/wordpress\/wp-content\/uploads\/2022\/10\/312409276_2247907235390430_8636383421958806438_n-150x150.jpg\" class=\"attachment-thumbnail size-thumbnail\" alt=\"\" \/><\/a>\n\t\t\t\t<\/dt><\/dl><dl class='gallery-item'>\n\t\t\t\t<dt class='gallery-icon portrait'>\n\t\t\t\t\t<a class=\"rollover rollover-zoom dt-pswp-item\" title=\"313275651_1287990895332009_8464191036187733600_n\" data-dt-img-description=\"\" data-large_image_width=\"150\" data-large_image_height=\"315\"href='https:\/\/www.radiopiu.net\/wordpress\/wp-content\/uploads\/2022\/10\/313275651_1287990895332009_8464191036187733600_n.jpg'><img loading=\"lazy\" decoding=\"async\" width=\"150\" height=\"150\" src=\"https:\/\/www.radiopiu.net\/wordpress\/wp-content\/uploads\/2022\/10\/313275651_1287990895332009_8464191036187733600_n-150x150.jpg\" class=\"attachment-thumbnail size-thumbnail\" alt=\"\" \/><\/a>\n\t\t\t\t<\/dt><\/dl><dl class='gallery-item'>\n\t\t\t\t<dt class='gallery-icon portrait'>\n\t\t\t\t\t<a class=\"rollover rollover-zoom dt-pswp-item\" title=\"312457103_2945543459080847_4445725654070928785_n\" data-dt-img-description=\"\" data-large_image_width=\"153\" data-large_image_height=\"296\"href='https:\/\/www.radiopiu.net\/wordpress\/wp-content\/uploads\/2022\/10\/312457103_2945543459080847_4445725654070928785_n.jpg'><img loading=\"lazy\" decoding=\"async\" width=\"150\" height=\"150\" src=\"https:\/\/www.radiopiu.net\/wordpress\/wp-content\/uploads\/2022\/10\/312457103_2945543459080847_4445725654070928785_n-150x150.jpg\" class=\"attachment-thumbnail size-thumbnail\" alt=\"\" \/><\/a>\n\t\t\t\t<\/dt><\/dl><dl class='gallery-item'>\n\t\t\t\t<dt class='gallery-icon portrait'>\n\t\t\t\t\t<a class=\"rollover rollover-zoom dt-pswp-item\" title=\"312171307_821926435598555_8273667957169956330_n\" data-dt-img-description=\"\" data-large_image_width=\"152\" data-large_image_height=\"296\"href='https:\/\/www.radiopiu.net\/wordpress\/wp-content\/uploads\/2022\/10\/312171307_821926435598555_8273667957169956330_n.jpg'><img loading=\"lazy\" decoding=\"async\" width=\"150\" height=\"150\" src=\"https:\/\/www.radiopiu.net\/wordpress\/wp-content\/uploads\/2022\/10\/312171307_821926435598555_8273667957169956330_n-150x150.jpg\" class=\"attachment-thumbnail size-thumbnail\" alt=\"\" \/><\/a>\n\t\t\t\t<\/dt><\/dl><dl class='gallery-item'>\n\t\t\t\t<dt class='gallery-icon portrait'>\n\t\t\t\t\t<a class=\"rollover rollover-zoom dt-pswp-item\" title=\"311465772_653535603017907_8733825250579020241_n\" data-dt-img-description=\"\" data-large_image_width=\"157\" data-large_image_height=\"315\"href='https:\/\/www.radiopiu.net\/wordpress\/wp-content\/uploads\/2022\/10\/311465772_653535603017907_8733825250579020241_n.jpg'><img loading=\"lazy\" decoding=\"async\" width=\"150\" height=\"150\" src=\"https:\/\/www.radiopiu.net\/wordpress\/wp-content\/uploads\/2022\/10\/311465772_653535603017907_8733825250579020241_n-150x150.jpg\" class=\"attachment-thumbnail size-thumbnail\" alt=\"\" \/><\/a>\n\t\t\t\t<\/dt><\/dl><br style=\"clear: both\" \/>\n\t\t\t<\/div>\n\n<p>. NELLE FOTO: l\u2019annuncio di \u201cBelluno citt\u00e0 del legno\u201d; e quello della ex tempore di scultura; gli artisti partecipanti: Ionel Alexandrescu; Sara Andrich; Andrea Caisutti; Giovanni Capelletti; Arianna Gasperina; Luca Lisot; Gianangelo Longhini; Giar Lunghi; Luciano De Barba; Silvano Ferretti; Paolo Frattari; Irma Garcia Arribas; Lionello Nardon; Toni Venzo; Kurt Wierer: Gianluigi Zeni.<\/p>\n<hr \/>\n<p>&nbsp;<\/p>\n<p>&nbsp;<\/p>\n<p>&nbsp;<\/p>\n<div>\n<div class=\"b654a4as d2edcug0\">\n<div class=\"rq0escxv hkbzh7o3 jwdofwj8 n8tt0mok r8blr3vg hyh9befq\">\n<p><a class=\"dt-pswp-item\" href=\"https:\/\/www.radiopiu.net\/wordpress\/wp-content\/uploads\/2020\/10\/pp.jpg\" data-dt-img-description=\"\" data-large_image_width=\"640\" data-large_image_height=\"640\"><img loading=\"lazy\" decoding=\"async\" class=\"wp-image-163678 alignleft\" src=\"https:\/\/www.radiopiu.net\/wordpress\/wp-content\/uploads\/2020\/10\/pp-300x300.jpg\" alt=\"\" width=\"106\" height=\"106\" srcset=\"https:\/\/www.radiopiu.net\/wordpress\/wp-content\/uploads\/2020\/10\/pp-300x300.jpg 300w, https:\/\/www.radiopiu.net\/wordpress\/wp-content\/uploads\/2020\/10\/pp-150x150.jpg 150w, https:\/\/www.radiopiu.net\/wordpress\/wp-content\/uploads\/2020\/10\/pp-125x125.jpg 125w, https:\/\/www.radiopiu.net\/wordpress\/wp-content\/uploads\/2020\/10\/pp-200x200.jpg 200w, https:\/\/www.radiopiu.net\/wordpress\/wp-content\/uploads\/2020\/10\/pp-80x80.jpg 80w, https:\/\/www.radiopiu.net\/wordpress\/wp-content\/uploads\/2020\/10\/pp-480x480.jpg 480w, https:\/\/www.radiopiu.net\/wordpress\/wp-content\/uploads\/2020\/10\/pp.jpg 640w\" sizes=\"auto, (max-width: 106px) 100vw, 106px\" \/><\/a><\/p>\n<\/div>\n<\/div>\n<\/div>\n<div>\n<div class=\"page-title-head hgroup\">\n<div class=\"page-title-head hgroup\">\n<div class=\"b654a4as d2edcug0\">\n<div class=\"j83agx80 btwxx1t3 lhclo0ds hop8lmos nkwizq5d scwd0bx6 roh60bw9\">\n<div class=\"rq0escxv hkbzh7o3 jwdofwj8 n8tt0mok r8blr3vg hyh9befq\">\n<div class=\"do00u71z l9j0dhe7 k4urcfbm\">\n<h2><span style=\"color: #000080;\">DON CESARE, IL PENSIERO DEL GIORNO. ALLA RADIO ALLE 7 DEL MATTINO E ALLE 19.30 DELLA SERA.\u00a0<\/span><\/h2>\n<\/div>\n<\/div>\n<\/div>\n<\/div>\n<\/div>\n<\/div>\n<\/div>\n<audio class=\"wp-audio-shortcode\" id=\"audio-303946-8\" preload=\"none\" style=\"width: 100%;\" controls=\"controls\"><source type=\"audio\/mpeg\" src=\"https:\/\/www.radiopiu.net\/wordpress\/wp-content\/uploads\/2022\/10\/DON-CESARE.mp3?_=8\" \/><a href=\"https:\/\/www.radiopiu.net\/wordpress\/wp-content\/uploads\/2022\/10\/DON-CESARE.mp3\">https:\/\/www.radiopiu.net\/wordpress\/wp-content\/uploads\/2022\/10\/DON-CESARE.mp3<\/a><\/audio>\n<p>&nbsp;<\/p>\n<hr \/>\n<p>&nbsp;<\/p>\n<h2><span style=\"color: #ff6600;\">COLLAGE OPERAZIONE NOSTALGIA<\/span><\/h2>\n<p><img loading=\"lazy\" decoding=\"async\" class=\"alignleft\" src=\"https:\/\/www.radiopiu.net\/wordpress\/wp-content\/uploads\/2022\/10\/L.-Armstrong.jpg\" width=\"210\" height=\"206\" \/><strong>REDAZIONE<\/strong> <span style=\"font-size: medium;\">Sono 650 le puntate di Collage trasmesse finora e questa settimana terminer\u00e0 la messa in onda delle canzoni in ordine alfabetico con le lettere W, Y, Z ascolteremo tra le altre \u201cWhisky\u201d, \u201cYellow Submarine\u201d, \u201cZiggy Stardust\u201d per poi riprendere la consueta carrellata di musica varia in ossequio alla quale troveremo \u201cEl menestron\u201d dell\u2019Anonima Magnagati che caratterizzer\u00e0 in apertura la trasmissione di gioved\u00ec dedicata ai brani dialettali per concludere la settimana venerd\u00ec con l\u2019accompagnamento della musica di oltre oceano. <\/span><span style=\"font-size: medium;\">Collage va in onda dal luned\u00ec al venerd\u00ec alle 16,00 e alle 23,00 naturalmente su Radiopi\u00f9.<\/span><\/p>\n<p>&nbsp;<\/p>\n<hr \/>\n<p>&nbsp;<\/p>\n<p>&nbsp;<\/p>\n<p><img loading=\"lazy\" decoding=\"async\" class=\"aligncenter wp-image-61954 size-full\" src=\"https:\/\/www.radiopiu.net\/wordpress\/wp-content\/uploads\/2018\/09\/viabilita.jpeg\" sizes=\"auto, (max-width: 800px) 100vw, 800px\" srcset=\"https:\/\/www.radiopiu.net\/wordpress\/wp-content\/uploads\/2018\/09\/viabilita.jpeg 800w, https:\/\/www.radiopiu.net\/wordpress\/wp-content\/uploads\/2018\/09\/viabilita-300x38.jpeg 300w, https:\/\/www.radiopiu.net\/wordpress\/wp-content\/uploads\/2018\/09\/viabilita-768x96.jpeg 768w\" alt=\"\" width=\"800\" height=\"100\" \/><\/p>\n<p>&nbsp;<\/p>\n<blockquote>\n<h3>SP 8 DI SAN TOMASO, PROROGATA LA CHIUSURA A FASCE ORARIE FINO ALL&#8217;11 NOVEMBRE<\/h3>\n<\/blockquote>\n<p>Fino all&#8217;11 novembre, esclusi festivi e prefestivi, la strada chiuder\u00e0 totalmente dalle 7.15 alle 12.45 e dalle 14.15 alle 17.45. Negli altri orari senso unico alternato regolato da semaforo.<\/p>\n<p>&nbsp;<\/p>\n<p><strong>AGGIORNAMENTO VENETO STRADE, AGGIORNAMENTO CONTINUO H 24<\/strong><\/p>\n<blockquote class=\"wp-embedded-content\" data-secret=\"1K4vU1kgHQ\"><p><a href=\"https:\/\/www.radiopiu.net\/wordpress\/viabilita\/\">viabilita<\/a><\/p><\/blockquote>\n<p><iframe loading=\"lazy\" class=\"wp-embedded-content\" sandbox=\"allow-scripts\" security=\"restricted\" style=\"position: absolute; clip: rect(1px, 1px, 1px, 1px);\" title=\"&#8220;viabilita&#8221; &#8212; Radio Pi\u00f9\" src=\"https:\/\/www.radiopiu.net\/wordpress\/viabilita\/embed\/#?secret=qxVpuNfAor#?secret=1K4vU1kgHQ\" data-secret=\"1K4vU1kgHQ\" width=\"600\" height=\"338\" frameborder=\"0\" marginwidth=\"0\" marginheight=\"0\" scrolling=\"no\"><\/iframe><\/p>\n<p>&nbsp;<\/p>\n<p>&nbsp;<\/p>\n<hr \/>\n<p>&nbsp;<\/p>\n<p><a class=\"dt-pswp-item\" href=\"https:\/\/www.radiopiu.net\/wordpress\/wp-content\/uploads\/2018\/09\/WhatsApp-Image-2018-09-20-at-16.04.06.jpeg\" data-dt-img-description=\"\" data-large_image_width=\"800\" data-large_image_height=\"100\"><img loading=\"lazy\" decoding=\"async\" class=\"wp-image-61378 size-full aligncenter\" src=\"https:\/\/www.radiopiu.net\/wordpress\/wp-content\/uploads\/2018\/09\/WhatsApp-Image-2018-09-20-at-16.04.06.jpeg\" alt=\"\" width=\"800\" height=\"100\" srcset=\"https:\/\/www.radiopiu.net\/wordpress\/wp-content\/uploads\/2018\/09\/WhatsApp-Image-2018-09-20-at-16.04.06.jpeg 800w, https:\/\/www.radiopiu.net\/wordpress\/wp-content\/uploads\/2018\/09\/WhatsApp-Image-2018-09-20-at-16.04.06-300x38.jpeg 300w, https:\/\/www.radiopiu.net\/wordpress\/wp-content\/uploads\/2018\/09\/WhatsApp-Image-2018-09-20-at-16.04.06-768x96.jpeg 768w\" sizes=\"auto, (max-width: 800px) 100vw, 800px\" \/>\u00a0<\/a><\/p>\n<p><center><b>Lunedi 31<\/b><\/center><b>Tempo atteso: <\/b>Tempo stabile e ancora ben soleggiato con cielo sereno in giornata e in parte velato da nubi alte al pomeriggio\/sera. Le temperature, sebbene ancora anormalmente miti, inizieranno lentamente a calare, specie in quota. Il tempo diverr\u00e0 un po&#8217; ventoso in alta quota al pomeriggio\/sera.<br \/>\n<b>Precipitazioni: <\/b>Assenti (0%).<br \/>\n<b>Temperature: <\/b>In generale lieve calo, eccetto le minime nei fondovalle, che rimarranno stazionarie, con attenuazione dell&#8217;inversione termica mattutina. Su Prealpi a 1500 m min 13\u00b0C max 16\u00b0C, a 2000 m min 9\u00b0C max 12\u00b0C. Su Dolomiti a 2000 m min 9\u00b0C max 12\u00b0C, a 3000 m min 1\u00b0C max 4\u00b0C.<br \/>\n<b>Venti: <\/b>Nelle valli deboli per brezze, localmente e a tratti moderati nei posti solitamente pi\u00f9 ventilati; in quota in rinforzo da deboli al mattino a moderati da sud-ovest al pomeriggio\/sera, anche tesi sulle cime pi\u00f9 elevate, a 5-20 km\/h a 2000 m e 20-35 km\/h a 3000 m.<\/p>\n<hr \/>\n<p><center><b>Martedi 1<\/b><\/center><b>Tempo atteso: <\/b>Dopo le schiarite a tratti ancora presenti al mattino, crescente nuvolosit\u00e0 alta e medio-alta, in grado di mascherare del tutto il sole dal pomeriggio in poi, e che non si esclude possa provocare qualche modesto fenomeno in serata e nella notte. Contesto termico diurno pi\u00f9 fresco dei giorni precedenti a tutte le quote.<br \/>\n<b>Precipitazioni: <\/b>Assenti per buona parte della giornata (0%). In serata e nelle notte possibili deboli precipitazioni (20\/40%), un po&#8217; pi\u00f9 probabili sulla provincia di Belluno, dove si potr\u00e0 avere qualche fiocco di neve sulle vette dolomitiche pi\u00f9 elevate, attorno ai 2800\/3000 m.<br \/>\n<b>Temperature: <\/b>In generale calo, eccetto le minime nelle valli, che potranno risultare stazionarie. Su Prealpi a 1500 m min 10\u00b0C max 13\u00b0C, a 2000 m min 7\u00b0C max 9\u00b0C. Su Dolomiti a 2000 m min 6\u00b0C max 9\u00b0C, a 3000 m min -1\u00b0C max 2\u00b0C.<br \/>\n<b>Venti: <\/b>Nelle valli deboli per brezze; in quota moderati\/tesi da ovest sud-ovest, in attenuazione alla sera, a 15-25 km\/h a 2000 m e 30-40 km\/h a 3000 m.<\/p>\n<hr \/>\n<p><center><b>Mercoledi 2<\/b><\/center>Giornata perlopi\u00f9 nuvolosa, anche per nubi medio-basse su molti settori, cui non si esclude del tutto possano associarsi deboli o debolissime precipitazioni a carattere locale. Ulteriore e pi\u00f9 sensibile calo termico, specie nei valori massimi. Venti deboli a regime di brezza nelle valli e deboli\/moderati occidentali in quota.<\/p>\n<hr \/>\n<p><center><b>Giovedi 3<\/b><\/center>Giornata complessivamente nuvolosa, con ulteriore aumento della copertura alla sera da ovest, dove saranno possibili le prime precipitazioni, comunque non escluse a carattere di pioviggine gi\u00e0 in giornata. Ulteriore calo termico a tutte le quote, pi\u00f9 apprezzabile nei valori massimi. Venti in rinforzo da sud-ovest in quota, specie al pomeriggio\/sera, deboli nelle valli. Previsore: G.M.<\/p>\n<p>&nbsp;<\/p>\n<p><img loading=\"lazy\" decoding=\"async\" class=\"wp-image-60761 size-full aligncenter\" src=\"https:\/\/www.radiopiu.net\/wordpress\/wp-content\/uploads\/2018\/09\/sport.jpg\" alt=\"\" width=\"800\" height=\"100\" srcset=\"https:\/\/www.radiopiu.net\/wordpress\/wp-content\/uploads\/2018\/09\/sport.jpg 800w, https:\/\/www.radiopiu.net\/wordpress\/wp-content\/uploads\/2018\/09\/sport-300x38.jpg 300w, https:\/\/www.radiopiu.net\/wordpress\/wp-content\/uploads\/2018\/09\/sport-768x96.jpg 768w\" sizes=\"auto, (max-width: 800px) 100vw, 800px\" \/><\/p>\n<p>&nbsp;<\/p>\n<blockquote>\n<h2>ALLEGHE\u00a0 SCONFITTO A COMO<\/h2>\n<\/blockquote>\n<p>&nbsp;<\/p>\n<h3><strong><span style=\"color: #ff0000;\">COMO 4 ALLEGHE 1<\/span><\/strong><\/h3>\n<blockquote><p>PARZIALI: 1-0, 1-1, 2-0<br \/>\nGOL: 18\u201940\u201d Harwell (C), 25\u201944 Giolai (A), 39\u201959\u201d Harwell (C), 44\u201941\u201d Dinicola (C), 51\u201924\u201d Harwell (C)<\/p>\n<p>COMO. Le Civette si presentano in riva al Lario in piena emergenza, sia dal punto di vista di classifica che a livello numerico, con numerose assenze nel roster, non ultima si aggiunge anche l\u2019assenza dei rinforzi del farm-team del Cortina. Ne consegue che coach Alessandro Fontana possa disporre di soli 15 uomini di movimento pi\u00f9 i due goalie. Le Civette per l\u2019occasione sfoggiano la nuova maglia griffata con gli occhi di civetta. Da segnalare anche questa sera il debutto in prima squadra del giovanissimo Matteo Da Tos.<\/p>\n<p>La gara comincia con le due squadre che si studiano, nei primi minuti le occasioni sono poche e le squadre non vogliono scoprirsi. Con lo scorrere dei minuti esce il Como che con l\u2019americano Harwell colpisce un clamoroso palo. Rispondono i biancorossi con una doppia occasione per Novikovs, ma Tesini \u00e8 attento. Al 18\u201940\u201d la sblocca proprio Harwell, il pi\u00f9 talentuoso dei padroni di casa, con una deviazione sottoporta. Il periodo termina con il Como in attacco, galvanizzato dal vantaggio. Nel secondo tempo \u00e8 Zanardi che si deve superare sul solito Harwell, poco dopo \u00e8 il palo a salvare gli alleghesi in un inizio di tempo tambureggiante dei lariani. Nel momento migliore dei padroni di casa \u00e8 Giolai al 25\u201944\u201d a pareggiare i conti con un tiro che sorprende Tesini. Dopo il gol la partita cambia volto, con l\u2019Alleghe che sfiora anche il vantaggio con buone azioni e il pallino del gioco in mano. La doccia gelata arriva all\u2019ultimo secondo del tempo centrale con l\u2019immancabile Harwell che al 39\u201959 proprio sulla sirena riporta in vantaggio i biancoblu. Il Como parte forte anche nel terzo drittel e al 44\u201941\u201d mette a referto la terza marcatura con Dinicola. L\u2019Alleghe subisce il colpo ci prova in tutti i modi ad accorciare le distanze, ma i lombardi chiudono la contesa ancora con Harwell che al 51\u201924\u201d firma la tripletta personale e permette alla propria squadra di portare a casa la prima vittoria stagionale e i primi punti, lasciando i biancorossi in ultima posizione solitaria.<\/p>\n<p>Roberto Miana<\/p>\n<h3><img loading=\"lazy\" decoding=\"async\" class=\"aligncenter\" src=\"https:\/\/www.radiopiu.net\/wordpress\/wp-content\/uploads\/2022\/10\/02f925ea-2c95-42d2-bf9d-00209959653f.jpg\" width=\"376\" height=\"282\" \/><\/h3>\n<h3>I COMMENTI DI ROBERTO MIANA<\/h3>\n<\/blockquote>\n<p>&nbsp;<\/p>\n<p><strong>PRIMO TEMPO<\/strong><\/p>\n<audio class=\"wp-audio-shortcode\" id=\"audio-303946-9\" preload=\"none\" style=\"width: 100%;\" controls=\"controls\"><source type=\"audio\/mpeg\" src=\"https:\/\/www.radiopiu.net\/wordpress\/wp-content\/uploads\/2022\/10\/PRIMO-TEMPO.mp3?_=9\" \/><a href=\"https:\/\/www.radiopiu.net\/wordpress\/wp-content\/uploads\/2022\/10\/PRIMO-TEMPO.mp3\">https:\/\/www.radiopiu.net\/wordpress\/wp-content\/uploads\/2022\/10\/PRIMO-TEMPO.mp3<\/a><\/audio>\n<p><strong>SECONDO TEMPO<\/strong><\/p>\n<audio class=\"wp-audio-shortcode\" id=\"audio-303946-10\" preload=\"none\" style=\"width: 100%;\" controls=\"controls\"><source type=\"audio\/mpeg\" src=\"https:\/\/www.radiopiu.net\/wordpress\/wp-content\/uploads\/2022\/10\/SECONDO-TEMPO.mp3?_=10\" \/><a href=\"https:\/\/www.radiopiu.net\/wordpress\/wp-content\/uploads\/2022\/10\/SECONDO-TEMPO.mp3\">https:\/\/www.radiopiu.net\/wordpress\/wp-content\/uploads\/2022\/10\/SECONDO-TEMPO.mp3<\/a><\/audio>\n<p><strong>COMMENTO FINALE<\/strong><\/p>\n<audio class=\"wp-audio-shortcode\" id=\"audio-303946-11\" preload=\"none\" style=\"width: 100%;\" controls=\"controls\"><source type=\"audio\/mpeg\" src=\"https:\/\/www.radiopiu.net\/wordpress\/wp-content\/uploads\/2022\/10\/ROBERTO-MIANA.mp3?_=11\" \/><a href=\"https:\/\/www.radiopiu.net\/wordpress\/wp-content\/uploads\/2022\/10\/ROBERTO-MIANA.mp3\">https:\/\/www.radiopiu.net\/wordpress\/wp-content\/uploads\/2022\/10\/ROBERTO-MIANA.mp3<\/a><\/audio>\n<p>&nbsp;<\/p>\n<hr \/>\n<p>&nbsp;<\/p>\n<blockquote>\n<h2>IL FINE SETTIMANA DELL&#8217;AGORDINA CALCIO<\/h2>\n<\/blockquote>\n<p><strong><img loading=\"lazy\" decoding=\"async\" class=\"alignleft\" src=\"https:\/\/www.radiopiu.net\/wordpress\/wp-content\/uploads\/2022\/10\/CALCIO-2022-e1665937841126.jpg\" width=\"173\" height=\"108\" \/>SECONDA CATEGORIA GIRONE T\/AGORDINA \u2013 LENTIAI 3-1<\/strong><br \/>\nSeconda vittoria della stagione per gli uomini di Lorenzi che all\u2019Ivano Dorigo di Agordo metteono subito le cose in chiaro con il Lentiai passando in doppio vantaggio nel giro di pochi minuti. Ospiti che accorciano alla prima disattenzione difensiva dei ragazzi di Agordo. Nel secondo tempo arriva la terza rete per l\u2019Agordina. che incamera tre punti importanti per il morale e per la classifica.<\/p>\n<p><strong>JUNIORES PROVINCIALE\/LIMANA CAVARZANO \u2013 AGORDINA 5-0<\/strong><br \/>\nPrimo passo falso per la squadra Juniores dell\u2019Agordina. Dopo quattro vittorie consecutive la squadra allenata da De Zaiacomo crolla con il Limana Cavarzano. I padroni di casa rifilano una manita ai primi della classe dopo una partita dominata dall\u2019inizio alla fine e superano di un punto gli agordini nella classifica del torneo provinciale. Agordina in seconda posizione ma con la consapevolezza di aver iniziato al meglio la stagione.<\/p>\n<p><strong>ALLIEVI REGIONALI\/UNION QDP \u2013 AGORDINA 4-0<\/strong><br \/>\nSei sconfitte e un pareggio, questo il ruolino di marcia degli allievi regionali di Orzetti dopo le prime sette partite. Sabato pomeriggio in terra trevigiana \u00e8 arrivata l\u2019ennesima sconfitta. Il QDP cala il poker con gli agordini dopo una partita che ha visto la formazione di Agordo difendersi al meglio. Ora una settimana per rimettere in ordine le idee e cercare la prima vittoria stagionale per abbandonare la zona retrocessione della classifica del torneo regionale.<\/p>\n<p><strong>MARCO LORENZI<\/strong><\/p>\n<audio class=\"wp-audio-shortcode\" id=\"audio-303946-12\" preload=\"none\" style=\"width: 100%;\" controls=\"controls\"><source type=\"audio\/mpeg\" src=\"https:\/\/www.radiopiu.net\/wordpress\/wp-content\/uploads\/2022\/10\/MARCO-LORENZI.mp3?_=12\" \/><a href=\"https:\/\/www.radiopiu.net\/wordpress\/wp-content\/uploads\/2022\/10\/MARCO-LORENZI.mp3\">https:\/\/www.radiopiu.net\/wordpress\/wp-content\/uploads\/2022\/10\/MARCO-LORENZI.mp3<\/a><\/audio>\n<p>&nbsp;<\/p>\n<p>&nbsp;<\/p>\n<hr \/>\n<blockquote>\n<h2><\/h2>\n<h2>ISOLA C5 &#8211; CANOTTIERI BELLUNO 4-2<\/h2>\n<\/blockquote>\n<p><strong><img loading=\"lazy\" decoding=\"async\" class=\"alignleft\" src=\"https:\/\/www.radiopiu.net\/wordpress\/wp-content\/uploads\/2022\/10\/da960cba-8f2e-4c0f-a714-3ba89ae21274.jpg\" width=\"279\" height=\"129\" \/>BELLUNO<\/strong><\/p>\n<p><strong>di ANTONIO FIABANE<\/strong><\/p>\n<p>&nbsp;<\/p>\n<audio class=\"wp-audio-shortcode\" id=\"audio-303946-13\" preload=\"none\" style=\"width: 100%;\" controls=\"controls\"><source type=\"audio\/mpeg\" src=\"https:\/\/www.radiopiu.net\/wordpress\/wp-content\/uploads\/2022\/10\/FIABANE.mp3?_=13\" \/><a href=\"https:\/\/www.radiopiu.net\/wordpress\/wp-content\/uploads\/2022\/10\/FIABANE.mp3\">https:\/\/www.radiopiu.net\/wordpress\/wp-content\/uploads\/2022\/10\/FIABANE.mp3<\/a><\/audio>\n<p>&nbsp;<\/p>\n<hr \/>\n<p>&nbsp;<\/p>\n<blockquote>\n<h2>GLI AGORDINI SUL NEVEGAL ALLA VASA TRE<\/h2>\n<\/blockquote>\n<p><strong>COLLABORAZIONE WILLIAM DA ROIT<\/strong><\/p>\n<p>Agordini in grande forma oggi sul Nevegal! Appuntamento fisso di fine ottobre a Pian Longhi per il Vasa Tre, gara di Ski roll, mountain-bike e corsa con la possibilit\u00e0 di gareggiare in staffette da tre atleti o singolarmente, Alle 9:15 \u00e8 scattata la gara under 15 che ha visto vincitore Diego De Bertolis Sci Club Val Biois, terzo Dante Barp Sci Club Val Biois, Sesto posto Andrea Bellenzier Sci Nordico Marmolada, settimi e ottavi Matteo Moretti e Dylan Andrich dello Sci Club Val Biois, nono posto per Diego De Toni Sci Nordico Marmolada. Terzo posto assoluto per Luca De Zorzi, Ski roll, Egizia De Biasio mountain-bike e William Da Roit corsa, Team Long distance Agordino nella categoria staffette miste. Buona prestazione per Eudio De Col Sci Club La Valle nella categoria singoli.<\/p>\n<p>OSPITE D&#8217;ONORE&#8230; ELIA BARP<\/p>\n\n\t\t\t<style type='text\/css'>\n\t\t\t\t#gallery-5 {\n\t\t\t\t\tmargin: auto;\n\t\t\t\t}\n\t\t\t\t#gallery-5 .gallery-item {\n\t\t\t\t\tfloat: left;\n\t\t\t\t\tmargin-top: 10px;\n\t\t\t\t\ttext-align: center;\n\t\t\t\t\twidth: 33%;\n\t\t\t\t}\n\t\t\t\t#gallery-5 img {\n\t\t\t\t\tborder: 2px solid #cfcfcf;\n\t\t\t\t}\n\t\t\t\t#gallery-5 .gallery-caption {\n\t\t\t\t\tmargin-left: 0;\n\t\t\t\t}\n\t\t\t\t\/* see gallery_shortcode() in wp-includes\/media.php *\/\n\t\t\t<\/style>\n\t\t<div id='gallery-5' class='dt-gallery-container gallery galleryid-303946 gallery-columns-3 gallery-size-thumbnail'><dl class='gallery-item'>\n\t\t\t\t<dt class='gallery-icon landscape'>\n\t\t\t\t\t<a class=\"rollover rollover-zoom dt-pswp-item\" title=\"79786418-6ff9-4a59-8b20-bc6057184e43\" data-dt-img-description=\"\" data-large_image_width=\"1600\" data-large_image_height=\"1200\"href='https:\/\/www.radiopiu.net\/wordpress\/wp-content\/uploads\/2022\/10\/79786418-6ff9-4a59-8b20-bc6057184e43.jpg'><img loading=\"lazy\" decoding=\"async\" width=\"150\" height=\"150\" src=\"https:\/\/www.radiopiu.net\/wordpress\/wp-content\/uploads\/2022\/10\/79786418-6ff9-4a59-8b20-bc6057184e43-150x150.jpg\" class=\"attachment-thumbnail size-thumbnail\" alt=\"\" \/><\/a>\n\t\t\t\t<\/dt><\/dl><dl class='gallery-item'>\n\t\t\t\t<dt class='gallery-icon portrait'>\n\t\t\t\t\t<a class=\"rollover rollover-zoom dt-pswp-item\" title=\"8e6c604d-5ce9-4a0a-9563-dddb80f422d8\" data-dt-img-description=\"\" data-large_image_width=\"1200\" data-large_image_height=\"1600\"href='https:\/\/www.radiopiu.net\/wordpress\/wp-content\/uploads\/2022\/10\/8e6c604d-5ce9-4a0a-9563-dddb80f422d8.jpg'><img loading=\"lazy\" decoding=\"async\" width=\"150\" height=\"150\" src=\"https:\/\/www.radiopiu.net\/wordpress\/wp-content\/uploads\/2022\/10\/8e6c604d-5ce9-4a0a-9563-dddb80f422d8-150x150.jpg\" class=\"attachment-thumbnail size-thumbnail\" alt=\"\" \/><\/a>\n\t\t\t\t<\/dt><\/dl><dl class='gallery-item'>\n\t\t\t\t<dt class='gallery-icon portrait'>\n\t\t\t\t\t<a class=\"rollover rollover-zoom dt-pswp-item\" title=\"d8a49598-e08f-40b0-af78-c9a0b1038a53\" data-dt-img-description=\"\" data-large_image_width=\"1200\" data-large_image_height=\"1600\"href='https:\/\/www.radiopiu.net\/wordpress\/wp-content\/uploads\/2022\/10\/d8a49598-e08f-40b0-af78-c9a0b1038a53.jpg'><img loading=\"lazy\" decoding=\"async\" width=\"150\" height=\"150\" src=\"https:\/\/www.radiopiu.net\/wordpress\/wp-content\/uploads\/2022\/10\/d8a49598-e08f-40b0-af78-c9a0b1038a53-150x150.jpg\" class=\"attachment-thumbnail size-thumbnail\" alt=\"\" \/><\/a>\n\t\t\t\t<\/dt><\/dl><br style=\"clear: both\" \/>\n\t\t\t<\/div>\n\n<p>&nbsp;<\/p>\n<hr \/>\n<p>&nbsp;<\/p>\n<blockquote>\n<h2>CSI: 450 IN GARA ALLA SECONDA PROVA E NEMEGGIO<\/h2>\n<p>&nbsp;<\/p><\/blockquote>\n<p><strong>BELLUNO <\/strong>Sono stati 450 i partecipanti alla seconda prova del Campionato provinciale di corsa campestre del Centro sportivo italiano, evento proposto dal Comitato Csi di Belluno in sinergia con quello di Feltre e valido per l\u2019assegnazione del Memorial Serafino Barp. Come gi\u00e0 per la prima prova, svoltasi lo scorso 23 ottobre in Nevegal, anche le gare di Nemeggio hanno visto al via oltre a tante societ\u00e0 bellunesi anche qualche sodalizio di altre province. E come gi\u00e0 per la prima prova, a vincere la graduatoria complessiva per societ\u00e0 \u00e8 stato il Gs Castionese che, sul filo di lana, ha battuto il Gs Astra Quero: un solo punto separa le due societ\u00e0. A salire sul gradino pi\u00f9 basso del podio i padroni di casa della Virtus Nemeggio. Anche per quanto riguarda la graduatoria giovanile la societ\u00e0 vincitrice \u00e8 quella di una settima fa: si tratta del Gs La Piave 2000 che ha avuto la meglio su Gs Castionese e Gs Astra Quero.Le gare individuali assolute hanno visto la vittoria della trevigiana <strong>Nikol Marsura<\/strong> su Chiara Pedol e su Federica Dal Ri e dello zoldano <strong>Isacco Costa<\/strong> su Lorenzo Da Rin De Monego e Federico Polesana. Il provinciale di cross proseguir\u00e0 <strong>domenica prossima<\/strong>, 6 novembre, a <strong>Ronchena di Lentiai <\/strong>(Borgo Valbelluna) per l\u2019organizzazione del Gs La Piave 2000)<\/p>\n<p><a href=\"http:\/\/www.csibelluno.it\/2022\/10\/29\/liste-di-partenza-percorso-e-classifiche-di-nemeggio\/\"><strong>CLASSIFICHE<\/strong><\/a><\/p>\n\n\t\t\t<style type='text\/css'>\n\t\t\t\t#gallery-6 {\n\t\t\t\t\tmargin: auto;\n\t\t\t\t}\n\t\t\t\t#gallery-6 .gallery-item {\n\t\t\t\t\tfloat: left;\n\t\t\t\t\tmargin-top: 10px;\n\t\t\t\t\ttext-align: center;\n\t\t\t\t\twidth: 33%;\n\t\t\t\t}\n\t\t\t\t#gallery-6 img {\n\t\t\t\t\tborder: 2px solid #cfcfcf;\n\t\t\t\t}\n\t\t\t\t#gallery-6 .gallery-caption {\n\t\t\t\t\tmargin-left: 0;\n\t\t\t\t}\n\t\t\t\t\/* see gallery_shortcode() in wp-includes\/media.php *\/\n\t\t\t<\/style>\n\t\t<div id='gallery-6' class='dt-gallery-container gallery galleryid-303946 gallery-columns-3 gallery-size-thumbnail'><dl class='gallery-item'>\n\t\t\t\t<dt class='gallery-icon landscape'>\n\t\t\t\t\t<a class=\"rollover rollover-zoom dt-pswp-item\" title=\"partenza gara assoluta donne - nemeggio 30 ottobre 2022\" data-dt-img-description=\"\" data-large_image_width=\"1500\" data-large_image_height=\"1000\"href='https:\/\/www.radiopiu.net\/wordpress\/wp-content\/uploads\/2022\/10\/partenza-gara-assoluta-donne-nemeggio-30-ottobre-2022.jpg'><img loading=\"lazy\" decoding=\"async\" width=\"150\" height=\"150\" src=\"https:\/\/www.radiopiu.net\/wordpress\/wp-content\/uploads\/2022\/10\/partenza-gara-assoluta-donne-nemeggio-30-ottobre-2022-150x150.jpg\" class=\"attachment-thumbnail size-thumbnail\" alt=\"\" \/><\/a>\n\t\t\t\t<\/dt><\/dl><dl class='gallery-item'>\n\t\t\t\t<dt class='gallery-icon portrait'>\n\t\t\t\t\t<a class=\"rollover rollover-zoom dt-pswp-item\" title=\"podio assoluto uomini - nemeggio 30 ottobre 2022\" data-dt-img-description=\"\" data-large_image_width=\"1125\" data-large_image_height=\"1500\"href='https:\/\/www.radiopiu.net\/wordpress\/wp-content\/uploads\/2022\/10\/podio-assoluto-uomini-nemeggio-30-ottobre-2022.jpg'><img loading=\"lazy\" decoding=\"async\" width=\"150\" height=\"150\" src=\"https:\/\/www.radiopiu.net\/wordpress\/wp-content\/uploads\/2022\/10\/podio-assoluto-uomini-nemeggio-30-ottobre-2022-150x150.jpg\" class=\"attachment-thumbnail size-thumbnail\" alt=\"\" \/><\/a>\n\t\t\t\t<\/dt><\/dl><dl class='gallery-item'>\n\t\t\t\t<dt class='gallery-icon portrait'>\n\t\t\t\t\t<a class=\"rollover rollover-zoom dt-pswp-item\" title=\"podio assoluto donne - nemeggio 30 ottobre 2022\" data-dt-img-description=\"\" data-large_image_width=\"1125\" data-large_image_height=\"1500\"href='https:\/\/www.radiopiu.net\/wordpress\/wp-content\/uploads\/2022\/10\/podio-assoluto-donne-nemeggio-30-ottobre-2022.jpg'><img loading=\"lazy\" decoding=\"async\" width=\"150\" height=\"150\" src=\"https:\/\/www.radiopiu.net\/wordpress\/wp-content\/uploads\/2022\/10\/podio-assoluto-donne-nemeggio-30-ottobre-2022-150x150.jpg\" class=\"attachment-thumbnail size-thumbnail\" alt=\"\" \/><\/a>\n\t\t\t\t<\/dt><\/dl><br style=\"clear: both\" \/>\n\t\t\t<\/div>\n\n<p>&nbsp;<\/p>\n<p>&nbsp;<\/p>\n<p>&nbsp;<\/p>\n<blockquote>\n<h3>\u00a0PALLAVOLO BELLUNO BATTE IL GARLASCO, LA VETTA E&#8217; ANCORA DOLOMITICA<\/h3>\n<\/blockquote>\n<p>&nbsp;<\/p>\n<p><b><a class=\"dt-pswp-item\" href=\"https:\/\/www.radiopiu.net\/wordpress\/wp-content\/uploads\/2022\/10\/Festa_col_rinoceronte.jpg\" data-dt-img-description=\"\" data-large_image_width=\"1280\" data-large_image_height=\"855\"><img loading=\"lazy\" decoding=\"async\" class=\"size-medium wp-image-304000 alignleft\" src=\"https:\/\/www.radiopiu.net\/wordpress\/wp-content\/uploads\/2022\/10\/Festa_col_rinoceronte-300x200.jpg\" alt=\"\" width=\"300\" height=\"200\" srcset=\"https:\/\/www.radiopiu.net\/wordpress\/wp-content\/uploads\/2022\/10\/Festa_col_rinoceronte-300x200.jpg 300w, https:\/\/www.radiopiu.net\/wordpress\/wp-content\/uploads\/2022\/10\/Festa_col_rinoceronte-1024x684.jpg 1024w, https:\/\/www.radiopiu.net\/wordpress\/wp-content\/uploads\/2022\/10\/Festa_col_rinoceronte-768x513.jpg 768w, https:\/\/www.radiopiu.net\/wordpress\/wp-content\/uploads\/2022\/10\/Festa_col_rinoceronte.jpg 1280w\" sizes=\"auto, (max-width: 300px) 100vw, 300px\" \/><\/a>BELLUNO-MOYASHI GARLASCO 3-1 <\/b><b>PARZIALI: <\/b>21-25, 25-18, 25-20, 25-23.\u00a0 <b>BELLUNO:<\/b> Maccabruni 1, Novello 9, Saibene 19, Graziani 20, Mozzato 8, Guastamacchia 13; Martinez (L), Ostuzzi. N.e. Paganin, Stufano, Galliani, Candeago, Pierobon (L). Allenatore: G. Colussi.<\/p>\n<p>&nbsp;<\/p>\n<p>La Pallavolo Belluno mantiene la vetta. E anche l\u2019imbattibilit\u00e0 interna: tre gare di fronte al pubblico amico? E tre sono pure i successi. La Spes Arena si conferma un fortino, con 500 tifosi e appassionati capaci di garantire una spinta fondamentale: \u00e8 proprio il pubblico il \u201csettimo elemento\u201d in campo. Nonostante una partenza in salita, i bellunesi riescono a superare un signor avversario come Garlasco e a incamerare il bottino pieno. Ma solo al termine di un duello senza esclusioni di colpi, in cui ogni elemento ha portato il suo mattoncino per erigere il quarto successo in campionato. Dal top scorer Graziani (20 punti e 3 muri) a Saibene (19 e 4 muri), passando per i centrali: tante individualit\u00e0 di rilievo? No, pi\u00f9 che altro una squadra: vera. La stessa squadra che guarda tutti dall\u2019alto, insieme a Savigliano.<span class=\"gmail-Apple-converted-space\">\u00a0<\/span><\/p>\n<p>&nbsp;<\/p>\n<p>&nbsp;<\/p>\n","protected":false},"excerpt":{"rendered":"<p>RADIO PIU INFORMAZIONE il canale su TELEGRAM informazione di prima\u00a0 mano e in tempo reale. iscriviti ed aiutaci a farlo conoscere\u00a0 &nbsp; PROTESTA LADINA \u00a0\u00a0 Il popolo ladino chiede al Governo maggiore attenzione, o meglio chiede attenzione, quella che manca dal 2007 dopo il Referendum per il distacco dal Veneto. Partiti e politici che si&hellip;<\/p>\n","protected":false},"author":4,"featured_media":304004,"comment_status":"closed","ping_status":"closed","sticky":false,"template":"","format":"standard","meta":{"_monsterinsights_skip_tracking":false,"_monsterinsights_sitenote_active":false,"_monsterinsights_sitenote_note":"","_monsterinsights_sitenote_category":0,"footnotes":""},"categories":[51,86,49],"tags":[],"class_list":["post-303946","post","type-post","status-publish","format-standard","has-post-thumbnail","hentry","category-evidenza-top","category-gr","category-news-18","category-51","category-86","category-49","description-off"],"img_url":"https:\/\/www.radiopiu.net\/wordpress\/wp-content\/uploads\/2022\/10\/Senza-nome-103.jpg","_links":{"self":[{"href":"https:\/\/www.radiopiu.net\/wordpress\/wp-json\/wp\/v2\/posts\/303946","targetHints":{"allow":["GET"]}}],"collection":[{"href":"https:\/\/www.radiopiu.net\/wordpress\/wp-json\/wp\/v2\/posts"}],"about":[{"href":"https:\/\/www.radiopiu.net\/wordpress\/wp-json\/wp\/v2\/types\/post"}],"author":[{"embeddable":true,"href":"https:\/\/www.radiopiu.net\/wordpress\/wp-json\/wp\/v2\/users\/4"}],"replies":[{"embeddable":true,"href":"https:\/\/www.radiopiu.net\/wordpress\/wp-json\/wp\/v2\/comments?post=303946"}],"version-history":[{"count":0,"href":"https:\/\/www.radiopiu.net\/wordpress\/wp-json\/wp\/v2\/posts\/303946\/revisions"}],"wp:featuredmedia":[{"embeddable":true,"href":"https:\/\/www.radiopiu.net\/wordpress\/wp-json\/wp\/v2\/media\/304004"}],"wp:attachment":[{"href":"https:\/\/www.radiopiu.net\/wordpress\/wp-json\/wp\/v2\/media?parent=303946"}],"wp:term":[{"taxonomy":"category","embeddable":true,"href":"https:\/\/www.radiopiu.net\/wordpress\/wp-json\/wp\/v2\/categories?post=303946"},{"taxonomy":"post_tag","embeddable":true,"href":"https:\/\/www.radiopiu.net\/wordpress\/wp-json\/wp\/v2\/tags?post=303946"}],"curies":[{"name":"wp","href":"https:\/\/api.w.org\/{rel}","templated":true}]}}