{"id":304007,"date":"2022-10-31T06:10:26","date_gmt":"2022-10-31T05:10:26","guid":{"rendered":"https:\/\/www.radiopiu.net\/wordpress\/?p=304007"},"modified":"2022-10-31T06:10:45","modified_gmt":"2022-10-31T05:10:45","slug":"silvio-e-walter-di-john-francis-della-pietra","status":"publish","type":"post","link":"https:\/\/www.radiopiu.net\/wordpress\/silvio-e-walter-di-john-francis-della-pietra\/","title":{"rendered":"SILVIO E WALTER, di  JOHN FRANCIS DELLA PIETRA"},"content":{"rendered":"<p><img loading=\"lazy\" decoding=\"async\" class=\"aligncenter\" src=\"https:\/\/www.radiopiu.net\/wordpress\/wp-content\/uploads\/2022\/10\/Senza-nome-105.jpg\" width=\"248\" height=\"131\" \/><\/p>\n<p>Mi desto all improvviso<br \/>\n\u00c8 ancora notte<br \/>\nMa l oscurit\u00e0 sembra mitigata<br \/>\nUn richiamo profondo<br \/>\nMi porta fuori ad osservarla<br \/>\nUna miriade di stelle lass\u00f9<br \/>\nCon la loro lucentezza<br \/>\nTravolge il mio sguardo<br \/>\nChe per\u00f2 si volge presto l\u00e0<br \/>\nVerso quelle cime gemelle<br \/>\nChe dall alto ci dominano e ci proteggono<br \/>\nNe scorgo solo i maestosi profili<br \/>\nIlluminati appena da due astri che si tengono vicini<br \/>\nEcco la a est sembra nascere un chiarore<br \/>\nChe diverr\u00e0 oggi luce intensa<br \/>\nMa dentro ciascuno di noi<br \/>\nProrompe silente ma potente<br \/>\nLa forza d un ricordo<br \/>\nChe ci lega indissolubilmente<br \/>\nA loro<br \/>\nAlle vette stagliate nell azzurro cielo<br \/>\nNell assolate giornate d ottobre<br \/>\nIl cuore sembra stringersi per un attimo<br \/>\nPoi s apre appieno<br \/>\nNel rimembrare la loro felicit\u00e0<br \/>\nNel salire quelle montagne<br \/>\nTanto amate<br \/>\nNel saperli lass\u00f9<br \/>\nFra gl angeli<br \/>\nDel signore<br \/>\nE sempre dentro di noi<br \/>\nSilvio e walter<\/p>\n<p>&nbsp;<\/p>\n<p>&nbsp;<\/p>\n<hr \/>\n<p>&nbsp;<\/p>\n","protected":false},"excerpt":{"rendered":"<p>Mi desto all improvviso \u00c8 ancora notte Ma l oscurit\u00e0 sembra mitigata Un richiamo profondo Mi porta fuori ad osservarla Una miriade di stelle lass\u00f9 Con la loro lucentezza Travolge il mio sguardo Che per\u00f2 si volge presto l\u00e0 Verso quelle cime gemelle Che dall alto ci dominano e ci proteggono Ne scorgo solo i&hellip;<\/p>\n","protected":false},"author":4,"featured_media":304008,"comment_status":"closed","ping_status":"closed","sticky":false,"template":"","format":"standard","meta":{"_monsterinsights_skip_tracking":false,"_monsterinsights_sitenote_active":false,"_monsterinsights_sitenote_note":"","_monsterinsights_sitenote_category":0,"footnotes":""},"categories":[49],"tags":[],"class_list":["post-304007","post","type-post","status-publish","format-standard","has-post-thumbnail","hentry","category-news-18","category-49","description-off"],"img_url":"https:\/\/www.radiopiu.net\/wordpress\/wp-content\/uploads\/2022\/10\/Senza-nome-105.jpg","_links":{"self":[{"href":"https:\/\/www.radiopiu.net\/wordpress\/wp-json\/wp\/v2\/posts\/304007","targetHints":{"allow":["GET"]}}],"collection":[{"href":"https:\/\/www.radiopiu.net\/wordpress\/wp-json\/wp\/v2\/posts"}],"about":[{"href":"https:\/\/www.radiopiu.net\/wordpress\/wp-json\/wp\/v2\/types\/post"}],"author":[{"embeddable":true,"href":"https:\/\/www.radiopiu.net\/wordpress\/wp-json\/wp\/v2\/users\/4"}],"replies":[{"embeddable":true,"href":"https:\/\/www.radiopiu.net\/wordpress\/wp-json\/wp\/v2\/comments?post=304007"}],"version-history":[{"count":0,"href":"https:\/\/www.radiopiu.net\/wordpress\/wp-json\/wp\/v2\/posts\/304007\/revisions"}],"wp:featuredmedia":[{"embeddable":true,"href":"https:\/\/www.radiopiu.net\/wordpress\/wp-json\/wp\/v2\/media\/304008"}],"wp:attachment":[{"href":"https:\/\/www.radiopiu.net\/wordpress\/wp-json\/wp\/v2\/media?parent=304007"}],"wp:term":[{"taxonomy":"category","embeddable":true,"href":"https:\/\/www.radiopiu.net\/wordpress\/wp-json\/wp\/v2\/categories?post=304007"},{"taxonomy":"post_tag","embeddable":true,"href":"https:\/\/www.radiopiu.net\/wordpress\/wp-json\/wp\/v2\/tags?post=304007"}],"curies":[{"name":"wp","href":"https:\/\/api.w.org\/{rel}","templated":true}]}}