{"id":304046,"date":"2022-10-31T13:29:47","date_gmt":"2022-10-31T12:29:47","guid":{"rendered":"https:\/\/www.radiopiu.net\/wordpress\/?p=304046"},"modified":"2022-10-31T16:15:57","modified_gmt":"2022-10-31T15:15:57","slug":"dissesto-idrogeologico-non-solo-ripristino-ma-anche-prevenzione","status":"publish","type":"post","link":"https:\/\/www.radiopiu.net\/wordpress\/dissesto-idrogeologico-non-solo-ripristino-ma-anche-prevenzione\/","title":{"rendered":"DISSESTO IDROGEOLOGICO &#8211; NON SOLO RIPRISTINO MA ANCHE PREVENZIONE"},"content":{"rendered":"<p><strong>DI TIZIANO DE COL<\/strong><\/p>\n<p><strong>LA VALLE\u00a0<\/strong>In questi giorni ricorrono i quattro anni dalla tempesta Vaia che tanti danni ha arrecato sulla montagna Veneta e in Agordino. Giustamente vengono ricordati i massicci interventi di ripristino e messa in sicurezza di alvei e boschi realizzati in questi quattro anni dagli enti preposti coordinati dalla Regione Veneto, ma \u00e8 anche giusto far risaltare i luoghi dove i danni sono stati pi\u00f9 contenuti in quanto presenti poderose opere di mitigazione del rischio realizzate negli anni precedenti a Vaia dalla Regione del Veneto\u00a0Qui portiamo il caso di un intervento che tenne impegnati i Servizi Forestali Regionali per due anni e che vide la stretta collaborazione dell\u2019 allora Amministrazione Comunale di La Valle ed i Servizi Forestali Regionali. Erano gli anni a met\u00e0 decennio 2000 \u2013 2010 e il cantiere era sul Torrente Ru, affluente del Bordina, nei pressi di Malga Foca. Il Comune mise a disposizione i larici per l\u2019intervento, tagliati in zona ed i Servizi Forestali Regionali lo realizzarono. La zona in questione era collassata durante l\u2019 Alluvione del 1966 (provocando un sovralluvionamento importante con l\u2019esondazione del Bordina che distrusse le aree prative a monte di Conaggia \u2013 tutt\u2019ora chiamate La Boa &#8211; ed interr\u00f2 la parte a monte della frazione con circa 1 metro di sedimenti) e negli anni seguenti l\u2019 allora Corpo Forestale dello Stato (non esistevano ancora le Regioni) compose una squadra di operai forestali che alloggiava nelle pertinenze di Malga Foca e realizz\u00f2 le prime grandi arce in legname per contenere erosione e frane sui versanti.Un poderoso lavoro che per\u00f2 fu messo duramente alla prova dagli eventi alluvionali dei primi anni 2000, nella fattispecie il pi\u00f9 intenso nel 2002 e che, data anche l\u2019et\u00e0 delle opere, provoc\u00f2 lo scalzamento al piede delle grandi arce con il successivo sifonamento e collasso delle strutture. Si ag\u00ec quindi tempestivamente e le nuove arce fecero molto bene il loro dovere nel corso dell\u2019evento alluvionale del 2012 e poi nel 2018 con Vaia. Le fotografie allegate (Archivio Tiziano De Col) sono divise in due serie: La prima serie rappresenta le vecchie arce prima della loro ricostruzione e la seconda serie rappresenta le nuove arce a fine lavori. Quella parte di territorio Lavallese non ha particolarmente sofferto durante Vaia dal punto di vista idrogeologico pur essendo terreno ad alta pendenza e bassissima coesione. Quanto sopra per dimostrare che anche dopo anni dalla realizzazione di opere di contenimento bisogna sempre vigilare sulla loro funzionalit\u00e0 in previsione di eventi anche pi\u00f9 forti e complessi di quelli che causarono il danno a seguito del quale le opere furono costruite; siano opere in legname che in calcestruzzo. In prossimi articoli prenderemo in considerazione altre opere di difesa idrogeologica realizzate a La Valle dalla Regione Veneto nel decennio 2004 \u2013 2014 e che hanno contribuito a contenere o evitare maggior danni nel corso della tempesta Vaia. Prenderemo anche in considerazione la situazione idrogeologica attuale (dopo Vaia) di alcuni torrenti e valli Lavallesi dove certamente necessitano di attenzione da parte degli Enti preposti.<\/p>\n<p><strong>GALLERIA FOTOGRAFICA<\/strong>, le vecchie arce sul torrente Ru a La Valle Agordina, realizzate dopo l&#8217;alluvione del 1966<\/p>\n\n\t\t\t<style type='text\/css'>\n\t\t\t\t#gallery-1 {\n\t\t\t\t\tmargin: auto;\n\t\t\t\t}\n\t\t\t\t#gallery-1 .gallery-item {\n\t\t\t\t\tfloat: left;\n\t\t\t\t\tmargin-top: 10px;\n\t\t\t\t\ttext-align: center;\n\t\t\t\t\twidth: 16%;\n\t\t\t\t}\n\t\t\t\t#gallery-1 img {\n\t\t\t\t\tborder: 2px solid #cfcfcf;\n\t\t\t\t}\n\t\t\t\t#gallery-1 .gallery-caption {\n\t\t\t\t\tmargin-left: 0;\n\t\t\t\t}\n\t\t\t\t\/* see gallery_shortcode() in wp-includes\/media.php *\/\n\t\t\t<\/style>\n\t\t<div id='gallery-1' class='dt-gallery-container gallery galleryid-304046 gallery-columns-6 gallery-size-thumbnail'><dl class='gallery-item'>\n\t\t\t\t<dt class='gallery-icon portrait'>\n\t\t\t\t\t<a class=\"rollover rollover-zoom dt-pswp-item\" title=\"le vecchie arce sul torrente Ru a La Valle Agordina, realizzate dopo l&#039;alluvione del 1966 (2)\" data-dt-img-description=\"\" data-large_image_width=\"1200\" data-large_image_height=\"1600\"href='https:\/\/www.radiopiu.net\/wordpress\/wp-content\/uploads\/2022\/10\/le-vecchie-arce-sul-torrente-Ru-a-La-Valle-Agordina-realizzate-dopo-lalluvione-del-1966-2.jpg'><img loading=\"lazy\" decoding=\"async\" width=\"150\" height=\"150\" src=\"https:\/\/www.radiopiu.net\/wordpress\/wp-content\/uploads\/2022\/10\/le-vecchie-arce-sul-torrente-Ru-a-La-Valle-Agordina-realizzate-dopo-lalluvione-del-1966-2-150x150.jpg\" class=\"attachment-thumbnail size-thumbnail\" alt=\"\" \/><\/a>\n\t\t\t\t<\/dt><\/dl><dl class='gallery-item'>\n\t\t\t\t<dt class='gallery-icon landscape'>\n\t\t\t\t\t<a class=\"rollover rollover-zoom dt-pswp-item\" title=\"le vecchie arce sul torrente Ru a La Valle Agordina, realizzate dopo l&#039;alluvione del 1966 (3)\" data-dt-img-description=\"\" data-large_image_width=\"1600\" data-large_image_height=\"1200\"href='https:\/\/www.radiopiu.net\/wordpress\/wp-content\/uploads\/2022\/10\/le-vecchie-arce-sul-torrente-Ru-a-La-Valle-Agordina-realizzate-dopo-lalluvione-del-1966-3.jpg'><img loading=\"lazy\" decoding=\"async\" width=\"150\" height=\"150\" src=\"https:\/\/www.radiopiu.net\/wordpress\/wp-content\/uploads\/2022\/10\/le-vecchie-arce-sul-torrente-Ru-a-La-Valle-Agordina-realizzate-dopo-lalluvione-del-1966-3-150x150.jpg\" class=\"attachment-thumbnail size-thumbnail\" alt=\"\" \/><\/a>\n\t\t\t\t<\/dt><\/dl><dl class='gallery-item'>\n\t\t\t\t<dt class='gallery-icon portrait'>\n\t\t\t\t\t<a class=\"rollover rollover-zoom dt-pswp-item\" title=\"le vecchie arce sul torrente Ru a La Valle Agordina, realizzate dopo l&#039;alluvione del 1966 (4)\" data-dt-img-description=\"\" data-large_image_width=\"1200\" data-large_image_height=\"1600\"href='https:\/\/www.radiopiu.net\/wordpress\/wp-content\/uploads\/2022\/10\/le-vecchie-arce-sul-torrente-Ru-a-La-Valle-Agordina-realizzate-dopo-lalluvione-del-1966-4.jpg'><img loading=\"lazy\" decoding=\"async\" width=\"150\" height=\"150\" src=\"https:\/\/www.radiopiu.net\/wordpress\/wp-content\/uploads\/2022\/10\/le-vecchie-arce-sul-torrente-Ru-a-La-Valle-Agordina-realizzate-dopo-lalluvione-del-1966-4-150x150.jpg\" class=\"attachment-thumbnail size-thumbnail\" alt=\"\" \/><\/a>\n\t\t\t\t<\/dt><\/dl><dl class='gallery-item'>\n\t\t\t\t<dt class='gallery-icon landscape'>\n\t\t\t\t\t<a class=\"rollover rollover-zoom dt-pswp-item\" title=\"le vecchie arce sul torrente Ru a La Valle Agordina, realizzate dopo l&#039;alluvione del 1966 (5)\" data-dt-img-description=\"\" data-large_image_width=\"1600\" data-large_image_height=\"1200\"href='https:\/\/www.radiopiu.net\/wordpress\/wp-content\/uploads\/2022\/10\/le-vecchie-arce-sul-torrente-Ru-a-La-Valle-Agordina-realizzate-dopo-lalluvione-del-1966-5.jpg'><img loading=\"lazy\" decoding=\"async\" width=\"150\" height=\"150\" src=\"https:\/\/www.radiopiu.net\/wordpress\/wp-content\/uploads\/2022\/10\/le-vecchie-arce-sul-torrente-Ru-a-La-Valle-Agordina-realizzate-dopo-lalluvione-del-1966-5-150x150.jpg\" class=\"attachment-thumbnail size-thumbnail\" alt=\"\" \/><\/a>\n\t\t\t\t<\/dt><\/dl><dl class='gallery-item'>\n\t\t\t\t<dt class='gallery-icon landscape'>\n\t\t\t\t\t<a class=\"rollover rollover-zoom dt-pswp-item\" title=\"le vecchie arce sul torrente Ru a La Valle Agordina, realizzate dopo l&#039;alluvione del 1966 (6)\" data-dt-img-description=\"\" data-large_image_width=\"1600\" data-large_image_height=\"1200\"href='https:\/\/www.radiopiu.net\/wordpress\/wp-content\/uploads\/2022\/10\/le-vecchie-arce-sul-torrente-Ru-a-La-Valle-Agordina-realizzate-dopo-lalluvione-del-1966-6.jpg'><img loading=\"lazy\" decoding=\"async\" width=\"150\" height=\"150\" src=\"https:\/\/www.radiopiu.net\/wordpress\/wp-content\/uploads\/2022\/10\/le-vecchie-arce-sul-torrente-Ru-a-La-Valle-Agordina-realizzate-dopo-lalluvione-del-1966-6-150x150.jpg\" class=\"attachment-thumbnail size-thumbnail\" alt=\"\" \/><\/a>\n\t\t\t\t<\/dt><\/dl><dl class='gallery-item'>\n\t\t\t\t<dt class='gallery-icon landscape'>\n\t\t\t\t\t<a class=\"rollover rollover-zoom dt-pswp-item\" title=\"le vecchie arce sul torrente Ru a La Valle Agordina, realizzate dopo l&#039;alluvione del 1966 (1)\" data-dt-img-description=\"\" data-large_image_width=\"1600\" data-large_image_height=\"1200\"href='https:\/\/www.radiopiu.net\/wordpress\/wp-content\/uploads\/2022\/10\/le-vecchie-arce-sul-torrente-Ru-a-La-Valle-Agordina-realizzate-dopo-lalluvione-del-1966-1.jpg'><img loading=\"lazy\" decoding=\"async\" width=\"150\" height=\"150\" src=\"https:\/\/www.radiopiu.net\/wordpress\/wp-content\/uploads\/2022\/10\/le-vecchie-arce-sul-torrente-Ru-a-La-Valle-Agordina-realizzate-dopo-lalluvione-del-1966-1-150x150.jpg\" class=\"attachment-thumbnail size-thumbnail\" alt=\"\" \/><\/a>\n\t\t\t\t<\/dt><\/dl><br style=\"clear: both\" \/>\n\t\t\t<\/div>\n\n<p><strong>GALLERIA FOTOGRAFIA<\/strong>, le nuove arce realizzate dai Servizi Forestali Regionali a met\u00e0 degli anni 2000 &#8211; 2010<\/p>\n\n\t\t\t<style type='text\/css'>\n\t\t\t\t#gallery-2 {\n\t\t\t\t\tmargin: auto;\n\t\t\t\t}\n\t\t\t\t#gallery-2 .gallery-item {\n\t\t\t\t\tfloat: left;\n\t\t\t\t\tmargin-top: 10px;\n\t\t\t\t\ttext-align: center;\n\t\t\t\t\twidth: 16%;\n\t\t\t\t}\n\t\t\t\t#gallery-2 img {\n\t\t\t\t\tborder: 2px solid #cfcfcf;\n\t\t\t\t}\n\t\t\t\t#gallery-2 .gallery-caption {\n\t\t\t\t\tmargin-left: 0;\n\t\t\t\t}\n\t\t\t\t\/* see gallery_shortcode() in wp-includes\/media.php *\/\n\t\t\t<\/style>\n\t\t<div id='gallery-2' class='dt-gallery-container gallery galleryid-304046 gallery-columns-6 gallery-size-thumbnail'><dl class='gallery-item'>\n\t\t\t\t<dt class='gallery-icon landscape'>\n\t\t\t\t\t<a class=\"rollover rollover-zoom dt-pswp-item\" title=\"Le nuove arce realizzate dai Servizi Forestali Regionali a met\u00e0 degli anni 2000 - 2010 (3)\" data-dt-img-description=\"\" data-large_image_width=\"1600\" data-large_image_height=\"1200\"href='https:\/\/www.radiopiu.net\/wordpress\/wp-content\/uploads\/2022\/10\/Le-nuove-arce-realizzate-dai-Servizi-Forestali-Regionali-a-meta-degli-anni-2000-2010-3.jpg'><img loading=\"lazy\" decoding=\"async\" width=\"150\" height=\"150\" src=\"https:\/\/www.radiopiu.net\/wordpress\/wp-content\/uploads\/2022\/10\/Le-nuove-arce-realizzate-dai-Servizi-Forestali-Regionali-a-meta-degli-anni-2000-2010-3-150x150.jpg\" class=\"attachment-thumbnail size-thumbnail\" alt=\"\" \/><\/a>\n\t\t\t\t<\/dt><\/dl><dl class='gallery-item'>\n\t\t\t\t<dt class='gallery-icon landscape'>\n\t\t\t\t\t<a class=\"rollover rollover-zoom dt-pswp-item\" title=\"Le nuove arce realizzate dai Servizi Forestali Regionali a met\u00e0 degli anni 2000 - 2010 (4)\" data-dt-img-description=\"\" data-large_image_width=\"1600\" data-large_image_height=\"1200\"href='https:\/\/www.radiopiu.net\/wordpress\/wp-content\/uploads\/2022\/10\/Le-nuove-arce-realizzate-dai-Servizi-Forestali-Regionali-a-meta-degli-anni-2000-2010-4.jpg'><img loading=\"lazy\" decoding=\"async\" width=\"150\" height=\"150\" src=\"https:\/\/www.radiopiu.net\/wordpress\/wp-content\/uploads\/2022\/10\/Le-nuove-arce-realizzate-dai-Servizi-Forestali-Regionali-a-meta-degli-anni-2000-2010-4-150x150.jpg\" class=\"attachment-thumbnail size-thumbnail\" alt=\"\" \/><\/a>\n\t\t\t\t<\/dt><\/dl><dl class='gallery-item'>\n\t\t\t\t<dt class='gallery-icon landscape'>\n\t\t\t\t\t<a class=\"rollover rollover-zoom dt-pswp-item\" title=\"Le nuove arce realizzate dai Servizi Forestali Regionali a met\u00e0 degli anni 2000 - 2010 (5)\" data-dt-img-description=\"\" data-large_image_width=\"1600\" data-large_image_height=\"1200\"href='https:\/\/www.radiopiu.net\/wordpress\/wp-content\/uploads\/2022\/10\/Le-nuove-arce-realizzate-dai-Servizi-Forestali-Regionali-a-meta-degli-anni-2000-2010-5.jpg'><img loading=\"lazy\" decoding=\"async\" width=\"150\" height=\"150\" src=\"https:\/\/www.radiopiu.net\/wordpress\/wp-content\/uploads\/2022\/10\/Le-nuove-arce-realizzate-dai-Servizi-Forestali-Regionali-a-meta-degli-anni-2000-2010-5-150x150.jpg\" class=\"attachment-thumbnail size-thumbnail\" alt=\"\" \/><\/a>\n\t\t\t\t<\/dt><\/dl><dl class='gallery-item'>\n\t\t\t\t<dt class='gallery-icon landscape'>\n\t\t\t\t\t<a class=\"rollover rollover-zoom dt-pswp-item\" title=\"Le nuove arce realizzate dai Servizi Forestali Regionali a met\u00e0 degli anni 2000 - 2010 (6)\" data-dt-img-description=\"\" data-large_image_width=\"1600\" data-large_image_height=\"1200\"href='https:\/\/www.radiopiu.net\/wordpress\/wp-content\/uploads\/2022\/10\/Le-nuove-arce-realizzate-dai-Servizi-Forestali-Regionali-a-meta-degli-anni-2000-2010-6.jpg'><img loading=\"lazy\" decoding=\"async\" width=\"150\" height=\"150\" src=\"https:\/\/www.radiopiu.net\/wordpress\/wp-content\/uploads\/2022\/10\/Le-nuove-arce-realizzate-dai-Servizi-Forestali-Regionali-a-meta-degli-anni-2000-2010-6-150x150.jpg\" class=\"attachment-thumbnail size-thumbnail\" alt=\"\" \/><\/a>\n\t\t\t\t<\/dt><\/dl><dl class='gallery-item'>\n\t\t\t\t<dt class='gallery-icon portrait'>\n\t\t\t\t\t<a class=\"rollover rollover-zoom dt-pswp-item\" title=\"Le nuove arce realizzate dai Servizi Forestali Regionali a met\u00e0 degli anni 2000 - 2010 (1)\" data-dt-img-description=\"\" data-large_image_width=\"1200\" data-large_image_height=\"1600\"href='https:\/\/www.radiopiu.net\/wordpress\/wp-content\/uploads\/2022\/10\/Le-nuove-arce-realizzate-dai-Servizi-Forestali-Regionali-a-meta-degli-anni-2000-2010-1.jpg'><img loading=\"lazy\" decoding=\"async\" width=\"150\" height=\"150\" src=\"https:\/\/www.radiopiu.net\/wordpress\/wp-content\/uploads\/2022\/10\/Le-nuove-arce-realizzate-dai-Servizi-Forestali-Regionali-a-meta-degli-anni-2000-2010-1-150x150.jpg\" class=\"attachment-thumbnail size-thumbnail\" alt=\"\" \/><\/a>\n\t\t\t\t<\/dt><\/dl><dl class='gallery-item'>\n\t\t\t\t<dt class='gallery-icon landscape'>\n\t\t\t\t\t<a class=\"rollover rollover-zoom dt-pswp-item\" title=\"Le nuove arce realizzate dai Servizi Forestali Regionali a met\u00e0 degli anni 2000 - 2010 (2)\" data-dt-img-description=\"\" data-large_image_width=\"1600\" data-large_image_height=\"1200\"href='https:\/\/www.radiopiu.net\/wordpress\/wp-content\/uploads\/2022\/10\/Le-nuove-arce-realizzate-dai-Servizi-Forestali-Regionali-a-meta-degli-anni-2000-2010-2.jpg'><img loading=\"lazy\" decoding=\"async\" width=\"150\" height=\"150\" src=\"https:\/\/www.radiopiu.net\/wordpress\/wp-content\/uploads\/2022\/10\/Le-nuove-arce-realizzate-dai-Servizi-Forestali-Regionali-a-meta-degli-anni-2000-2010-2-150x150.jpg\" class=\"attachment-thumbnail size-thumbnail\" alt=\"\" \/><\/a>\n\t\t\t\t<\/dt><\/dl><br style=\"clear: both\" \/>\n\t\t\t<\/div>\n\n<p><strong>INOLTRE&#8230;<\/strong><\/p>\n\n\t\t\t<style type='text\/css'>\n\t\t\t\t#gallery-3 {\n\t\t\t\t\tmargin: auto;\n\t\t\t\t}\n\t\t\t\t#gallery-3 .gallery-item {\n\t\t\t\t\tfloat: left;\n\t\t\t\t\tmargin-top: 10px;\n\t\t\t\t\ttext-align: center;\n\t\t\t\t\twidth: 33%;\n\t\t\t\t}\n\t\t\t\t#gallery-3 img {\n\t\t\t\t\tborder: 2px solid #cfcfcf;\n\t\t\t\t}\n\t\t\t\t#gallery-3 .gallery-caption {\n\t\t\t\t\tmargin-left: 0;\n\t\t\t\t}\n\t\t\t\t\/* see gallery_shortcode() in wp-includes\/media.php *\/\n\t\t\t<\/style>\n\t\t<div id='gallery-3' class='dt-gallery-container gallery galleryid-304046 gallery-columns-3 gallery-size-thumbnail'><dl class='gallery-item'>\n\t\t\t\t<dt class='gallery-icon landscape'>\n\t\t\t\t\t<a class=\"rollover rollover-zoom dt-pswp-item\" title=\"e491bca5-7ca6-42f9-b309-1e17b1a0d7a7\" data-dt-img-description=\"\" data-large_image_width=\"1600\" data-large_image_height=\"1200\"href='https:\/\/www.radiopiu.net\/wordpress\/wp-content\/uploads\/2022\/10\/e491bca5-7ca6-42f9-b309-1e17b1a0d7a7.jpg'><img loading=\"lazy\" decoding=\"async\" width=\"150\" height=\"150\" src=\"https:\/\/www.radiopiu.net\/wordpress\/wp-content\/uploads\/2022\/10\/e491bca5-7ca6-42f9-b309-1e17b1a0d7a7-150x150.jpg\" class=\"attachment-thumbnail size-thumbnail\" alt=\"\" \/><\/a>\n\t\t\t\t<\/dt><\/dl><dl class='gallery-item'>\n\t\t\t\t<dt class='gallery-icon portrait'>\n\t\t\t\t\t<a class=\"rollover rollover-zoom dt-pswp-item\" title=\"5e2d7f62-78f5-4b87-9d89-2d209be10e97\" data-dt-img-description=\"\" data-large_image_width=\"1200\" data-large_image_height=\"1600\"href='https:\/\/www.radiopiu.net\/wordpress\/wp-content\/uploads\/2022\/10\/5e2d7f62-78f5-4b87-9d89-2d209be10e97.jpg'><img loading=\"lazy\" decoding=\"async\" width=\"150\" height=\"150\" src=\"https:\/\/www.radiopiu.net\/wordpress\/wp-content\/uploads\/2022\/10\/5e2d7f62-78f5-4b87-9d89-2d209be10e97-150x150.jpg\" class=\"attachment-thumbnail size-thumbnail\" alt=\"\" \/><\/a>\n\t\t\t\t<\/dt><\/dl><dl class='gallery-item'>\n\t\t\t\t<dt class='gallery-icon portrait'>\n\t\t\t\t\t<a class=\"rollover rollover-zoom dt-pswp-item\" title=\"6ecaca96-5300-445c-9679-f07caa411536\" data-dt-img-description=\"\" data-large_image_width=\"1200\" data-large_image_height=\"1600\"href='https:\/\/www.radiopiu.net\/wordpress\/wp-content\/uploads\/2022\/10\/6ecaca96-5300-445c-9679-f07caa411536.jpg'><img loading=\"lazy\" decoding=\"async\" width=\"150\" height=\"150\" src=\"https:\/\/www.radiopiu.net\/wordpress\/wp-content\/uploads\/2022\/10\/6ecaca96-5300-445c-9679-f07caa411536-150x150.jpg\" class=\"attachment-thumbnail size-thumbnail\" alt=\"\" \/><\/a>\n\t\t\t\t<\/dt><\/dl><br style=\"clear: both\" \/>\n\t\t\t<\/div>\n\n<p>&nbsp;<\/p>\n<hr \/>\n<p>&nbsp;<\/p>\n<p>&nbsp;<\/p>\n","protected":false},"excerpt":{"rendered":"<p>DI TIZIANO DE COL LA VALLE\u00a0In questi giorni ricorrono i quattro anni dalla tempesta Vaia che tanti danni ha arrecato sulla montagna Veneta e in Agordino. Giustamente vengono ricordati i massicci interventi di ripristino e messa in sicurezza di alvei e boschi realizzati in questi quattro anni dagli enti preposti coordinati dalla Regione Veneto, ma&hellip;<\/p>\n","protected":false},"author":4,"featured_media":304055,"comment_status":"closed","ping_status":"closed","sticky":false,"template":"","format":"standard","meta":{"_monsterinsights_skip_tracking":false,"_monsterinsights_sitenote_active":false,"_monsterinsights_sitenote_note":"","_monsterinsights_sitenote_category":0,"footnotes":""},"categories":[51,49],"tags":[],"class_list":["post-304046","post","type-post","status-publish","format-standard","has-post-thumbnail","hentry","category-evidenza-top","category-news-18","category-51","category-49","description-off"],"img_url":"https:\/\/www.radiopiu.net\/wordpress\/wp-content\/uploads\/2022\/10\/Le-nuove-arce-realizzate-dai-Servizi-Forestali-Regionali-a-meta-degli-anni-2000-2010-5.jpg","_links":{"self":[{"href":"https:\/\/www.radiopiu.net\/wordpress\/wp-json\/wp\/v2\/posts\/304046","targetHints":{"allow":["GET"]}}],"collection":[{"href":"https:\/\/www.radiopiu.net\/wordpress\/wp-json\/wp\/v2\/posts"}],"about":[{"href":"https:\/\/www.radiopiu.net\/wordpress\/wp-json\/wp\/v2\/types\/post"}],"author":[{"embeddable":true,"href":"https:\/\/www.radiopiu.net\/wordpress\/wp-json\/wp\/v2\/users\/4"}],"replies":[{"embeddable":true,"href":"https:\/\/www.radiopiu.net\/wordpress\/wp-json\/wp\/v2\/comments?post=304046"}],"version-history":[{"count":0,"href":"https:\/\/www.radiopiu.net\/wordpress\/wp-json\/wp\/v2\/posts\/304046\/revisions"}],"wp:featuredmedia":[{"embeddable":true,"href":"https:\/\/www.radiopiu.net\/wordpress\/wp-json\/wp\/v2\/media\/304055"}],"wp:attachment":[{"href":"https:\/\/www.radiopiu.net\/wordpress\/wp-json\/wp\/v2\/media?parent=304046"}],"wp:term":[{"taxonomy":"category","embeddable":true,"href":"https:\/\/www.radiopiu.net\/wordpress\/wp-json\/wp\/v2\/categories?post=304046"},{"taxonomy":"post_tag","embeddable":true,"href":"https:\/\/www.radiopiu.net\/wordpress\/wp-json\/wp\/v2\/tags?post=304046"}],"curies":[{"name":"wp","href":"https:\/\/api.w.org\/{rel}","templated":true}]}}