{"id":304064,"date":"2022-11-01T01:47:32","date_gmt":"2022-11-01T00:47:32","guid":{"rendered":"https:\/\/www.radiopiu.net\/wordpress\/?p=304064"},"modified":"2022-11-01T02:00:34","modified_gmt":"2022-11-01T01:00:34","slug":"giornale-radiopiu-01-novembre-2022-direttore-mirko-mezzacasa","status":"publish","type":"post","link":"https:\/\/www.radiopiu.net\/wordpress\/giornale-radiopiu-01-novembre-2022-direttore-mirko-mezzacasa\/","title":{"rendered":"GIORNALE RADIOPIU 01 NOVEMBRE 2022 DIRETTORE MIRKO MEZZACASA"},"content":{"rendered":"<h3 class=\"kvgmc6g5 cxmmr5t8 oygrvhab hcukyx3x c1et5uql\"><span style=\"color: #0000ff;\"><strong><span style=\"color: #000000;\">NEL RICORDO DEI NOSTRI DEFUNTI, CIMITERI ILLUMINATI: CANALE D&#8217;AGORDO<\/span>\u00a0<\/strong><\/span><\/h3>\n\n\t\t\t<style type='text\/css'>\n\t\t\t\t#gallery-1 {\n\t\t\t\t\tmargin: auto;\n\t\t\t\t}\n\t\t\t\t#gallery-1 .gallery-item {\n\t\t\t\t\tfloat: left;\n\t\t\t\t\tmargin-top: 10px;\n\t\t\t\t\ttext-align: center;\n\t\t\t\t\twidth: 100%;\n\t\t\t\t}\n\t\t\t\t#gallery-1 img {\n\t\t\t\t\tborder: 2px solid #cfcfcf;\n\t\t\t\t}\n\t\t\t\t#gallery-1 .gallery-caption {\n\t\t\t\t\tmargin-left: 0;\n\t\t\t\t}\n\t\t\t\t\/* see gallery_shortcode() in wp-includes\/media.php *\/\n\t\t\t<\/style>\n\t\t<div id='gallery-1' class='dt-gallery-container gallery galleryid-304064 gallery-columns-1 gallery-size-medium'><dl class='gallery-item'>\n\t\t\t\t<dt class='gallery-icon landscape'>\n\t\t\t\t\t<a class=\"rollover rollover-zoom dt-pswp-item\" title=\"fd558af7-9f04-4f61-8274-9f85ac075bf9\" data-dt-img-description=\"\" data-large_image_width=\"1600\" data-large_image_height=\"1200\"href='https:\/\/www.radiopiu.net\/wordpress\/wp-content\/uploads\/2022\/10\/fd558af7-9f04-4f61-8274-9f85ac075bf9.jpg'><img loading=\"lazy\" decoding=\"async\" width=\"300\" height=\"225\" src=\"https:\/\/www.radiopiu.net\/wordpress\/wp-content\/uploads\/2022\/10\/fd558af7-9f04-4f61-8274-9f85ac075bf9-300x225.jpg\" class=\"attachment-medium size-medium\" alt=\"\" srcset=\"https:\/\/www.radiopiu.net\/wordpress\/wp-content\/uploads\/2022\/10\/fd558af7-9f04-4f61-8274-9f85ac075bf9-300x225.jpg 300w, https:\/\/www.radiopiu.net\/wordpress\/wp-content\/uploads\/2022\/10\/fd558af7-9f04-4f61-8274-9f85ac075bf9-1024x768.jpg 1024w, https:\/\/www.radiopiu.net\/wordpress\/wp-content\/uploads\/2022\/10\/fd558af7-9f04-4f61-8274-9f85ac075bf9-768x576.jpg 768w, https:\/\/www.radiopiu.net\/wordpress\/wp-content\/uploads\/2022\/10\/fd558af7-9f04-4f61-8274-9f85ac075bf9-1536x1152.jpg 1536w, https:\/\/www.radiopiu.net\/wordpress\/wp-content\/uploads\/2022\/10\/fd558af7-9f04-4f61-8274-9f85ac075bf9.jpg 1600w\" sizes=\"auto, (max-width: 300px) 100vw, 300px\" \/><\/a>\n\t\t\t\t<\/dt><\/dl><br style=\"clear: both\" \/>\n\t\t\t<\/div>\n\n<h3 class=\"kvgmc6g5 cxmmr5t8 oygrvhab hcukyx3x c1et5uql\"><span style=\"color: #0000ff;\"><strong>\u00a0<\/strong><\/span><\/h3>\n<h3 class=\"kvgmc6g5 cxmmr5t8 oygrvhab hcukyx3x c1et5uql\"><span style=\"color: #0000ff;\"><strong>RADIO PIU INFORMAZIONE il canale su TELEGRAM informazione di prima\u00a0 <\/strong><strong>mano e in tempo reale. iscriviti ed aiutaci a farlo conoscere\u00a0<\/strong><\/span><\/h3>\n<p><span style=\"color: #ff0000;\"><a class=\"dt-pswp-item\" href=\"https:\/\/www.radiopiu.net\/wordpress\/wp-content\/uploads\/2018\/08\/ULSS1-DOLOMITI.jpeg\" data-dt-img-description=\"\" data-large_image_width=\"1280\" data-large_image_height=\"768\"><img loading=\"lazy\" decoding=\"async\" class=\"wp-image-57211 alignleft\" src=\"https:\/\/www.radiopiu.net\/wordpress\/wp-content\/uploads\/2018\/08\/ULSS1-DOLOMITI-300x180.jpeg\" alt=\"\" width=\"208\" height=\"125\" srcset=\"https:\/\/www.radiopiu.net\/wordpress\/wp-content\/uploads\/2018\/08\/ULSS1-DOLOMITI-300x180.jpeg 300w, https:\/\/www.radiopiu.net\/wordpress\/wp-content\/uploads\/2018\/08\/ULSS1-DOLOMITI-768x461.jpeg 768w, https:\/\/www.radiopiu.net\/wordpress\/wp-content\/uploads\/2018\/08\/ULSS1-DOLOMITI-1024x614.jpeg 1024w, https:\/\/www.radiopiu.net\/wordpress\/wp-content\/uploads\/2018\/08\/ULSS1-DOLOMITI.jpeg 1280w\" sizes=\"auto, (max-width: 208px) 100vw, 208px\" \/><\/a><strong>ULSS 1 BELLUNO<\/strong> <span style=\"color: #000000;\">I medici di Medicina Generale della Medicina di Gruppo Belluno Uno,\u00a0 con sede a Belluno, in via Feltre 196, effettueranno la vaccinazione antiinfluenzale per i loro assistiti over 65 e i pazienti fragili in orario di ambulatorio\u00a0 sabato dalle\u00a0 8 alle 11<\/span><br \/>\n<span style=\"color: #000000;\">Oggi dalle 8.30 alle 12.30 punto tamponi a Paludi per persone con sintomatologia covid, accesso libero.<\/span><\/span><\/p>\n<p>Procede spedito l\u2019iter per la riqualificazione della Centrale Operativa Territoriale di Belluno. Dopo l\u2019approvazione del progetto di fattibilit\u00e0, \u00e8 stato, infatti, approvato il progetto esecutivo ed \u00e8 stata indetta la procedura di gara d\u2019appalto per l\u2019affidamento dei lavori. La Centrale Operativa Territoriale sar\u00e0 realizzata al secondo piano dell\u2019ala ovest del Blocco B (San Gervasio) dell\u2019Ospedale San Martino di Belluno, grazie a un investimento complessivo di 331.440 euro finanziati col PNRR. E\u2019 stato infine approvato, ed \u00e8 in via di pubblicazione, il bando di gara per l\u2019affidamento dei lavori ed \u00e8 stato istituito l\u2019Ufficio di Direzione Lavori composto dall\u2019Ing. Felice Gaiardo.<\/p>\n<hr \/>\n<p><strong>\u00a0<\/strong><\/p>\n<p><strong>\u00a0<\/strong><\/p>\n<p><strong>STRADA PER RIVAMONTE INTERDETTA AL TRAFFICO IN ORARI LAVORATIVI, DIVIETO DI TRANSITO A FASCE ORARIE PER I MEZZI PESANTI A DON DI GOSALDO<\/strong><\/p>\n<p><strong><a class=\"dt-pswp-item\" href=\"https:\/\/www.radiopiu.net\/wordpress\/wp-content\/uploads\/2020\/05\/d282e9db-a1f1-4fe6-99cc-e839bf290f3c.jpg\" data-dt-img-description=\"Lavori di consolidamento alle banchine stradali e posizionamento guard rail strada prov. 641 (Veneto Strade)\" data-large_image_width=\"1599\" data-large_image_height=\"1200\"><img loading=\"lazy\" decoding=\"async\" class=\"wp-image-136640 alignleft\" src=\"https:\/\/www.radiopiu.net\/wordpress\/wp-content\/uploads\/2020\/05\/d282e9db-a1f1-4fe6-99cc-e839bf290f3c-300x225.jpg\" alt=\"\" width=\"179\" height=\"134\" srcset=\"https:\/\/www.radiopiu.net\/wordpress\/wp-content\/uploads\/2020\/05\/d282e9db-a1f1-4fe6-99cc-e839bf290f3c-300x225.jpg 300w, https:\/\/www.radiopiu.net\/wordpress\/wp-content\/uploads\/2020\/05\/d282e9db-a1f1-4fe6-99cc-e839bf290f3c-1024x768.jpg 1024w, https:\/\/www.radiopiu.net\/wordpress\/wp-content\/uploads\/2020\/05\/d282e9db-a1f1-4fe6-99cc-e839bf290f3c-768x576.jpg 768w, https:\/\/www.radiopiu.net\/wordpress\/wp-content\/uploads\/2020\/05\/d282e9db-a1f1-4fe6-99cc-e839bf290f3c-1536x1153.jpg 1536w, https:\/\/www.radiopiu.net\/wordpress\/wp-content\/uploads\/2020\/05\/d282e9db-a1f1-4fe6-99cc-e839bf290f3c.jpg 1599w\" sizes=\"auto, (max-width: 179px) 100vw, 179px\" \/><\/a><\/strong><strong>SP 347 DI PASSO CEREDA<\/strong>, localit\u00e0 Don di Gosaldo, <span style=\"color: #ff0000;\">dal 2 al 25 novembre<\/span> senso unico alternato h24 compresi sabato e domenica. Divieto di transito ai veicoli con massa superiore a 7,5 tonnellate e lunghezza superiore ai 7 metri dalle 7.30 alle 12.30, dalle 14.35 alle 17.30 (esclusi sabato e domenica)<\/p>\n<p><strong>SP 8 <\/strong><strong>SAN TOMASO<\/strong>\u00a0Giovedi interdizione totale al traffico della provinciale 8\u00a0 dalle 7.15 alle 12.45 e dalle 14.15 alle 17.45. Negli altri orari senso unico alternato (in localit\u00e0 Col Zares\u00e8) regolato da impianto semaforico.<\/p>\n<p><strong>SR 20 AGORDINA SEDICO<\/strong> Dal 2 all&#8217;11 novembre &#8211; sabato e domenica esclusi &#8211; senso unico alternato per tratti di 200 metri in localit\u00e0 La Stanga<\/p>\n<blockquote>\n<h3>PONTE DEL FELICE, RIMANE ANCORA CHIUSO PER LAVORI PROROGATA L&#8217;ORDINANZA AL 3 NOVEMBRE<\/h3>\n<\/blockquote>\n<p><strong>La Valle Agordina &#8211; SP347 Cereda-Duran &#8211; Centro paese in prossimit\u00e0 del Municipio &#8211; Senso unico regolamentato da semaforo per lavori sulla rete idrica dal 26\/10\/22 al 31\/10\/22 ore 18 per tutte le 24 ore\u00a0\u00a0<\/strong><\/p>\n<p>&nbsp;<\/p>\n<hr \/>\n<p>&nbsp;<\/p>\n<blockquote>\n<h3>SOCCORSO SOTTO LE TRE CIME DI LAVAREDO E UN ALTRO MALORE LUNGO IL SENTIERO<\/h3>\n<\/blockquote>\n<p><strong><img decoding=\"async\" class=\"alignleft\" src=\"https:\/\/www.radiopiu.net\/wordpress\/wp-content\/uploads\/2022\/10\/Senza-nome-107.jpg\" \/><\/strong><\/p>\n<p><strong>AURONZO\u00a0 <\/strong>Ieri mattina il Soccorso alpino della Guardia di finanza di Auronzo \u00e8 stato attivato, per un turista\u00a0 che ha\u00a0 riportato un trauma alla caviglia, mentre si trovava sul sentiero non distante da Forcella Lavaredo. I soccorritori, intervenuti assieme ai colleghi di Prato alla Drava, hanno raggiunto il 66enne francese, gli hanno prestato le prime cure per poi accompagnarlo al Rifugio Auronzo, da dove si \u00e8 allontanato autonomamente.<br \/>\n<strong>CORTINA<\/strong> Nel pomeriggio l&#8217;elicottero del Suem di Pieve di Cadore \u00e8 volato lungo il sentiero che dal Rifugio Vandelli porta al Passo Tre Croci, poich\u00e9 un escursionista che stava scendendo assieme ai familiari si era sentito poco bene. Sbarcati con un verricello di 15 metri, medico e tecnico di elisoccorso hanno valutato le condizioni del 62enne di Padova, per poi provvedere al suo recupero. L&#8217;uomo \u00e8 stato trasportato all&#8217;ospedale di Belluno per gli accertamenti del caso.<\/p>\n<p>&nbsp;<\/p>\n<hr \/>\n<p>&nbsp;<\/p>\n<blockquote>\n<h3>UN ALTRO APPARTAMENTO A FUOCO A CORTINA, IL SECONDO IN POCHI GIORNI<\/h3>\n<\/blockquote>\n<p><strong>CORTINA\u00a0 <\/strong>Un altro appartamento a fuoco\u00a0 tra domenica e luned\u00ec, le fiamme dal salotto di un&#8217;abitazione in frazione Ronco. Le cause potrebbero derivare da un corto circuito. Illesi gli occupanti che erano a Cortina per una vacanza: proprietaria e figlio sono stati evacuati ma non hanno riportato lesioni. Nessuna conseguenza per gli altri condomini della struttura, ovvero una decina di appartamenti. I vigili del fuoco hanno circoscritto le fiamme\u00a0 ed evitato il peggio. Appartamento comunque\u00a0 inagibile per i danni da fumo e da acqua di spegnimento.<\/p>\n<p>&nbsp;<\/p>\n<p>&nbsp;<\/p>\n<hr \/>\n<p>&nbsp;<\/p>\n<blockquote>\n<h2>RAPIDA DISCESA DEI CONTAGI, NOVE I DECESSI IN SETTE GIORNI<\/h2>\n<\/blockquote>\n<p><strong>BELLUNO<\/strong> L\u2019incidenza settimanale sta rapidamente scendendo al di sotto di 500 su 100 mila abitanti (in linea con l\u2019incidenza regionale), la circolazione virale appare comunque ancora significativa. Nella settimanale mappa dei contagi sono tre i Comuni con oltre 2000 casi ogni 100mila abitanti: Voltago, Gosaldo e Seren del Grappa. Otto Comuni non segnalano nuovi casi. Sono 49 i pazienti in ospedale per covid, 9 negli ospedali di comunit\u00e0, nessuno in terapia intensiva.\u00a0 Purtroppo il dato negativo di questa settimana \u00e8 quello dei decessi, nove tra i 72 e i 94 anni.<\/p>\n\n\t\t\t<style type='text\/css'>\n\t\t\t\t#gallery-2 {\n\t\t\t\t\tmargin: auto;\n\t\t\t\t}\n\t\t\t\t#gallery-2 .gallery-item {\n\t\t\t\t\tfloat: left;\n\t\t\t\t\tmargin-top: 10px;\n\t\t\t\t\ttext-align: center;\n\t\t\t\t\twidth: 33%;\n\t\t\t\t}\n\t\t\t\t#gallery-2 img {\n\t\t\t\t\tborder: 2px solid #cfcfcf;\n\t\t\t\t}\n\t\t\t\t#gallery-2 .gallery-caption {\n\t\t\t\t\tmargin-left: 0;\n\t\t\t\t}\n\t\t\t\t\/* see gallery_shortcode() in wp-includes\/media.php *\/\n\t\t\t<\/style>\n\t\t<div id='gallery-2' class='dt-gallery-container gallery galleryid-304064 gallery-columns-3 gallery-size-thumbnail'><dl class='gallery-item'>\n\t\t\t\t<dt class='gallery-icon landscape'>\n\t\t\t\t\t<a class=\"rollover rollover-zoom dt-pswp-item\" title=\"3a777f33-d49e-48c5-9c95-8ea2015c0784\" data-dt-img-description=\"\" data-large_image_width=\"1125\" data-large_image_height=\"1030\"href='https:\/\/www.radiopiu.net\/wordpress\/wp-content\/uploads\/2022\/10\/3a777f33-d49e-48c5-9c95-8ea2015c0784.jpg'><img loading=\"lazy\" decoding=\"async\" width=\"150\" height=\"150\" src=\"https:\/\/www.radiopiu.net\/wordpress\/wp-content\/uploads\/2022\/10\/3a777f33-d49e-48c5-9c95-8ea2015c0784-150x150.jpg\" class=\"attachment-thumbnail size-thumbnail\" alt=\"\" \/><\/a>\n\t\t\t\t<\/dt><\/dl><dl class='gallery-item'>\n\t\t\t\t<dt class='gallery-icon landscape'>\n\t\t\t\t\t<a class=\"rollover rollover-zoom dt-pswp-item\" title=\"952a32c5-31d9-4e29-847c-3eda204680dd\" data-dt-img-description=\"\" data-large_image_width=\"1600\" data-large_image_height=\"804\"href='https:\/\/www.radiopiu.net\/wordpress\/wp-content\/uploads\/2022\/10\/952a32c5-31d9-4e29-847c-3eda204680dd.jpg'><img loading=\"lazy\" decoding=\"async\" width=\"150\" height=\"150\" src=\"https:\/\/www.radiopiu.net\/wordpress\/wp-content\/uploads\/2022\/10\/952a32c5-31d9-4e29-847c-3eda204680dd-150x150.jpg\" class=\"attachment-thumbnail size-thumbnail\" alt=\"\" \/><\/a>\n\t\t\t\t<\/dt><\/dl><dl class='gallery-item'>\n\t\t\t\t<dt class='gallery-icon landscape'>\n\t\t\t\t\t<a class=\"rollover rollover-zoom dt-pswp-item\" title=\"727e6444-a986-4b4e-aba7-6b5ffa1b5652\" data-dt-img-description=\"\" data-large_image_width=\"1600\" data-large_image_height=\"904\"href='https:\/\/www.radiopiu.net\/wordpress\/wp-content\/uploads\/2022\/10\/727e6444-a986-4b4e-aba7-6b5ffa1b5652.jpg'><img loading=\"lazy\" decoding=\"async\" width=\"150\" height=\"150\" src=\"https:\/\/www.radiopiu.net\/wordpress\/wp-content\/uploads\/2022\/10\/727e6444-a986-4b4e-aba7-6b5ffa1b5652-150x150.jpg\" class=\"attachment-thumbnail size-thumbnail\" alt=\"\" \/><\/a>\n\t\t\t\t<\/dt><\/dl><br style=\"clear: both\" \/>\n\t\t\t<\/div>\n\n<p>&nbsp;<\/p>\n<hr \/>\n<p>&nbsp;<\/p>\n<blockquote>\n<h3>DISAGI IDRICI A SOVRAMONTE E SEREN DEL GRAPPA<\/h3>\n<\/blockquote>\n<p><strong><a class=\"dt-pswp-item\" href=\"https:\/\/www.radiopiu.net\/wordpress\/wp-content\/uploads\/2021\/07\/b39c74f9-db73-45b1-b518-6c028072e3ad.jpg\" data-dt-img-description=\"\" data-large_image_width=\"1062\" data-large_image_height=\"1328\"><img loading=\"lazy\" decoding=\"async\" class=\"wp-image-222511 alignleft\" src=\"https:\/\/www.radiopiu.net\/wordpress\/wp-content\/uploads\/2021\/07\/b39c74f9-db73-45b1-b518-6c028072e3ad-240x300.jpg\" alt=\"\" width=\"97\" height=\"122\" srcset=\"https:\/\/www.radiopiu.net\/wordpress\/wp-content\/uploads\/2021\/07\/b39c74f9-db73-45b1-b518-6c028072e3ad-240x300.jpg 240w, https:\/\/www.radiopiu.net\/wordpress\/wp-content\/uploads\/2021\/07\/b39c74f9-db73-45b1-b518-6c028072e3ad-819x1024.jpg 819w, https:\/\/www.radiopiu.net\/wordpress\/wp-content\/uploads\/2021\/07\/b39c74f9-db73-45b1-b518-6c028072e3ad-768x960.jpg 768w, https:\/\/www.radiopiu.net\/wordpress\/wp-content\/uploads\/2021\/07\/b39c74f9-db73-45b1-b518-6c028072e3ad.jpg 1062w\" sizes=\"auto, (max-width: 97px) 100vw, 97px\" \/><\/a>SOVRAMONTE<\/strong> Ieri mattina gli abitanti di Sorriva si sono svegliati senz&#8217;acqua.\u00a0 l&#8217;emergenza si \u00e8 protratta fino alle 13.All&#8217;interruzione del servizio idrico si sommano i lavori nella localit\u00e0 Col de Mich, a causa della rottura della pompa.\u00a0 I camion dei vigili del fuoco sono tornati da diversi giorni a portare giornalmente acqua per sopperire alla carenza. Anche Seren del Grappa continua a fare i conti con la carenza d&#8217;acqua. Pompieri e Gsp si alternano nel garantire le vasche dalle quali i cittadini attingono l&#8217;acqua nelle case.<\/p>\n<p>&nbsp;<\/p>\n<p>&nbsp;<\/p>\n<hr \/>\n<p>&nbsp;<\/p>\n<blockquote>\n<h3>HALLOWEEK C&#8217;E&#8217; CHI HA DETTO NO. OSCAR DE PELLEGRIN &#8220;SONO DISPIACIUTO PER QUANTO ACCADUTO MA ABBIAMO FATTO IL POSSIBILE&#8221;<\/h3>\n<\/blockquote>\n<p><img loading=\"lazy\" decoding=\"async\" class=\"alignleft\" src=\"https:\/\/www.radiopiu.net\/wordpress\/wp-content\/uploads\/2022\/10\/b51dea38-eec4-4390-9fb5-c03a80719636.jpg\" width=\"197\" height=\"111\" \/><\/p>\n<p>&nbsp;<\/p>\n<p><strong>BELLUNO\u00a0 <\/strong><em>Cinquantamila euro di danni oltre a quelli di immagine. Il Presidente dell&#8217;organizzazione &#8220;Faremo di tutto per recuperarli&#8221;<\/em><\/p>\n<p>foto il direttivo di So right music festival<\/p>\n<p>&nbsp;<\/p>\n<p><strong>DI MORENO GIOLI<\/strong><\/p>\n<audio class=\"wp-audio-shortcode\" id=\"audio-304064-1\" preload=\"none\" style=\"width: 100%;\" controls=\"controls\"><source type=\"audio\/mpeg\" src=\"https:\/\/www.radiopiu.net\/wordpress\/wp-content\/uploads\/2022\/10\/halloweek-def.mp3?_=1\" \/><a href=\"https:\/\/www.radiopiu.net\/wordpress\/wp-content\/uploads\/2022\/10\/halloweek-def.mp3\">https:\/\/www.radiopiu.net\/wordpress\/wp-content\/uploads\/2022\/10\/halloweek-def.mp3<\/a><\/audio>\n<p>&nbsp;<\/p>\n<p>&nbsp;<\/p>\n<hr \/>\n<p>&nbsp;<\/p>\n<p>&nbsp;<\/p>\n<blockquote>\n<h3>CARO LEONARDO&#8230;NON TI DIMENTICHIAMO<\/h3>\n<\/blockquote>\n<p><strong><img loading=\"lazy\" decoding=\"async\" class=\"alignleft\" src=\"https:\/\/www.radiopiu.net\/wordpress\/wp-content\/uploads\/2022\/06\/Leonardo-Del-Vecchio.jpg\" width=\"167\" height=\"89\" \/>AGORDO<\/strong> I suoi primi dipendenti oggi in pensione, coordinati da Arcangelo Scussel,\u00a0 non lo dimenticano. Per ricordarlo ieri sera\u00a0 si sono ritrovati nell&#8217;Arcidiaconale di Agordo, in memoria del loro Cavaliere Leonardo Del Vecchio hanno infatti chiesto a Don Cesare di celebrare una messa alla quale ha partecipato anche Don Lino Mottes gi\u00e0 Arcidiacono di Agordo.<\/p>\n<p>&nbsp;<\/p>\n<blockquote><p><strong>INCONTRO CON DON LINO MOTTES, LA PAGINA DEI RICORDI DA LEONARDO DEL VECCHIO AL BEATO ALBINO LUCIANI<\/strong><\/p><\/blockquote>\n<p>https:\/\/www.facebook.com\/mirko.mezzacasa\/videos\/666537518484425<\/p>\n<p>&nbsp;<\/p>\n<p>&nbsp;<\/p>\n<hr \/>\n<p>&nbsp;<\/p>\n<blockquote>\n<h2>AGORDINO IN MOVIMENTO: SPEGNIAMO LA VALLE<\/h2>\n<\/blockquote>\n<p><span dir=\"ltr\" role=\"presentation\"><strong>REDAZION<\/strong>E Un gruppo di lavoro in vallata sta facendo squadra e coinvolgendo la popolazione. Dopo l&#8217;ultimo incontro \u00e8 uscito un volantino che spiega l&#8217;iniziativa.<\/span><\/p>\n<p><span dir=\"ltr\" role=\"presentation\"><img loading=\"lazy\" decoding=\"async\" class=\"alignleft\" src=\"https:\/\/www.radiopiu.net\/wordpress\/wp-content\/uploads\/2022\/10\/th-16.jpg\" width=\"258\" height=\"174\" \/>&#8220;La consapevolezza che sia un momento davvero difficile \u00e8 chiara, ma \u00e8 <\/span><span dir=\"ltr\" role=\"presentation\">altrettanto chiaro che morire in silenzio non \u00e8 la scelta migliore.\u00a0 <\/span><span dir=\"ltr\" role=\"presentation\">Siamo tutte persone che ogni giorno fanno del loro meglio per far vivere <\/span><span dir=\"ltr\" role=\"presentation\">dignitosamente la propria famiglia ed ora, malgrado tutto il nostro <\/span><span dir=\"ltr\" role=\"presentation\">impegno, rischiamo davvero di non farcela.\u00a0 <\/span><span dir=\"ltr\" role=\"presentation\">Cosa c&#8217;\u00e8 di male quindi nel portare la nostra difficolt\u00e0 all&#8217;attenzione della <\/span><span dir=\"ltr\" role=\"presentation\">\u201cpolitica\u201d? <\/span><span dir=\"ltr\" role=\"presentation\">Cosa c&#8217;\u00e8 di male nel chiedere a chi abbiamo eletto per rappresentarci di <\/span><span dir=\"ltr\" role=\"presentation\">darsi davvero da fare e di farlo in fretta? <\/span><span dir=\"ltr\" role=\"presentation\">L&#8217;idea, nata da un gruppo di agordini di varia estrazione e provenienza <\/span><span dir=\"ltr\" role=\"presentation\">(commercianti, liberi professionisti, dipendenti, pensionati), siamo certi <\/span><span dir=\"ltr\" role=\"presentation\">trover\u00e0 il supporto e la partecipazione di tutti. <\/span><span dir=\"ltr\" role=\"presentation\">COSA FARE <\/span><span dir=\"ltr\" role=\"presentation\">Vorremmo incontrarci tutti lunedi 7 novembre alle 20, presso il <\/span><span dir=\"ltr\" role=\"presentation\">teatro<\/span> <span dir=\"ltr\" role=\"presentation\">parrocchiale<\/span> <span dir=\"ltr\" role=\"presentation\">di<\/span> <span dir=\"ltr\" role=\"presentation\">Rivamonte,<\/span> <span dir=\"ltr\" role=\"presentation\">per<\/span> <span dir=\"ltr\" role=\"presentation\">organizzare<\/span> <span dir=\"ltr\" role=\"presentation\">insieme<\/span> <span dir=\"ltr\" role=\"presentation\">l&#8217;azione <\/span><span dir=\"ltr\" role=\"presentation\">pubblica da proporre per fine novembre\/inizio dicembre. <\/span><span dir=\"ltr\" role=\"presentation\">L&#8217;IDEA <\/span><span dir=\"ltr\" role=\"presentation\">Consiste nel realizzare una manifestazione pubblica in un luogo di alta <\/span><span dir=\"ltr\" role=\"presentation\">visibilit\u00e0, per proseguire poi con una sospensione delle nostre attivit\u00e0 <\/span><span dir=\"ltr\" role=\"presentation\">per<\/span> <span dir=\"ltr\" role=\"presentation\">tre<\/span> <span dir=\"ltr\" role=\"presentation\">giorni,<\/span> <span dir=\"ltr\" role=\"presentation\">cos\u00ec<\/span> <span dir=\"ltr\" role=\"presentation\">da<\/span> <span dir=\"ltr\" role=\"presentation\">rendere<\/span> <span dir=\"ltr\" role=\"presentation\">chiare<\/span> <span dir=\"ltr\" role=\"presentation\">anche<\/span> <span dir=\"ltr\" role=\"presentation\">ai<\/span> <span dir=\"ltr\" role=\"presentation\">pi\u00f9<\/span> <span dir=\"ltr\" role=\"presentation\">\u201cdistratti\u201d<\/span> <span dir=\"ltr\" role=\"presentation\">le <\/span><span dir=\"ltr\" role=\"presentation\">conseguenze di questa fase cos\u00ec critica\u00a0 <\/span><span dir=\"ltr\" role=\"presentation\">PER INFO ED ADESIONI<\/span> <span dir=\"ltr\" role=\"presentation\">stopcarobollette@gmail.com\u00a0\u00a0<\/span><\/p>\n<p>&nbsp;<\/p>\n<hr \/>\n<p>&nbsp;<\/p>\n<blockquote>\n<h2>DISSESTO IDROGEOLOGICO &#8211; NON SOLO RIPRISTINO MA ANCHE PREVENZIONE<\/h2>\n<\/blockquote>\n<p><strong>DI TIZIANO DE COL<\/strong><\/p>\n<p><strong>LA VALLE\u00a0<\/strong>In questi giorni ricorrono i quattro anni dalla tempesta Vaia che tanti danni ha arrecato sulla montagna Veneta e in Agordino. Giustamente vengono ricordati i massicci interventi di ripristino e messa in sicurezza di alvei e boschi realizzati in questi quattro anni dagli enti preposti coordinati dalla Regione Veneto, ma \u00e8 anche giusto far risaltare i luoghi dove i danni sono stati pi\u00f9 contenuti in quanto presenti poderose opere di mitigazione del rischio realizzate negli anni precedenti a Vaia dalla Regione del Veneto\u00a0Qui portiamo il caso di un intervento che tenne impegnati i Servizi Forestali Regionali per due anni e che vide la stretta collaborazione dell\u2019 allora Amministrazione Comunale di La Valle ed i Servizi Forestali Regionali. Erano gli anni a met\u00e0 decennio 2000 \u2013 2010 e il cantiere era sul Torrente Ru, affluente del Bordina, nei pressi di Malga Foca. Il Comune mise a disposizione i larici per l\u2019intervento, tagliati in zona ed i Servizi Forestali Regionali lo realizzarono. La zona in questione era collassata durante l\u2019 Alluvione del 1966 (provocando un sovralluvionamento importante con l\u2019esondazione del Bordina che distrusse le aree prative a monte di Conaggia \u2013 tutt\u2019ora chiamate La Boa &#8211; ed interr\u00f2 la parte a monte della frazione con circa 1 metro di sedimenti) e negli anni seguenti l\u2019 allora Corpo Forestale dello Stato (non esistevano ancora le Regioni) compose una squadra di operai forestali che alloggiava nelle pertinenze di Malga Foca e realizz\u00f2 le prime grandi arce in legname per contenere erosione e frane sui versanti.Un poderoso lavoro che per\u00f2 fu messo duramente alla prova dagli eventi alluvionali dei primi anni 2000, nella fattispecie il pi\u00f9 intenso nel 2002 e che, data anche l\u2019et\u00e0 delle opere, provoc\u00f2 lo scalzamento al piede delle grandi arce con il successivo sifonamento e collasso delle strutture. Si ag\u00ec quindi tempestivamente e le nuove arce fecero molto bene il loro dovere nel corso dell\u2019evento alluvionale del 2012 e poi nel 2018 con Vaia. Le fotografie allegate (Archivio Tiziano De Col) sono divise in due serie: La prima serie rappresenta le vecchie arce prima della loro ricostruzione e la seconda serie rappresenta le nuove arce a fine lavori. Quella parte di territorio Lavallese non ha particolarmente sofferto durante Vaia dal punto di vista idrogeologico pur essendo terreno ad alta pendenza e bassissima coesione. Quanto sopra per dimostrare che anche dopo anni dalla realizzazione di opere di contenimento bisogna sempre vigilare sulla loro funzionalit\u00e0 in previsione di eventi anche pi\u00f9 forti e complessi di quelli che causarono il danno a seguito del quale le opere furono costruite; siano opere in legname che in calcestruzzo. In prossimi articoli prenderemo in considerazione altre opere di difesa idrogeologica realizzate a La Valle dalla Regione Veneto nel decennio 2004 \u2013 2014 e che hanno contribuito a contenere o evitare maggior danni nel corso della tempesta Vaia. Prenderemo anche in considerazione la situazione idrogeologica attuale (dopo Vaia) di alcuni torrenti e valli Lavallesi dove certamente necessitano di attenzione da parte degli Enti preposti.<\/p>\n<p><strong>GALLERIA FOTOGRAFICA<\/strong>, le vecchie arce sul torrente Ru a La Valle Agordina, realizzate dopo l&#8217;alluvione del 1966<\/p>\n\n\t\t\t<style type='text\/css'>\n\t\t\t\t#gallery-3 {\n\t\t\t\t\tmargin: auto;\n\t\t\t\t}\n\t\t\t\t#gallery-3 .gallery-item {\n\t\t\t\t\tfloat: left;\n\t\t\t\t\tmargin-top: 10px;\n\t\t\t\t\ttext-align: center;\n\t\t\t\t\twidth: 16%;\n\t\t\t\t}\n\t\t\t\t#gallery-3 img {\n\t\t\t\t\tborder: 2px solid #cfcfcf;\n\t\t\t\t}\n\t\t\t\t#gallery-3 .gallery-caption {\n\t\t\t\t\tmargin-left: 0;\n\t\t\t\t}\n\t\t\t\t\/* see gallery_shortcode() in wp-includes\/media.php *\/\n\t\t\t<\/style>\n\t\t<div id='gallery-3' class='dt-gallery-container gallery galleryid-304064 gallery-columns-6 gallery-size-thumbnail'><dl class='gallery-item'>\n\t\t\t\t<dt class='gallery-icon portrait'>\n\t\t\t\t\t<a class=\"rollover rollover-zoom dt-pswp-item\" title=\"le vecchie arce sul torrente Ru a La Valle Agordina, realizzate dopo l&#039;alluvione del 1966 (2)\" data-dt-img-description=\"\" data-large_image_width=\"1200\" data-large_image_height=\"1600\"href='https:\/\/www.radiopiu.net\/wordpress\/wp-content\/uploads\/2022\/10\/le-vecchie-arce-sul-torrente-Ru-a-La-Valle-Agordina-realizzate-dopo-lalluvione-del-1966-2.jpg'><img loading=\"lazy\" decoding=\"async\" width=\"150\" height=\"150\" src=\"https:\/\/www.radiopiu.net\/wordpress\/wp-content\/uploads\/2022\/10\/le-vecchie-arce-sul-torrente-Ru-a-La-Valle-Agordina-realizzate-dopo-lalluvione-del-1966-2-150x150.jpg\" class=\"attachment-thumbnail size-thumbnail\" alt=\"\" \/><\/a>\n\t\t\t\t<\/dt><\/dl><dl class='gallery-item'>\n\t\t\t\t<dt class='gallery-icon landscape'>\n\t\t\t\t\t<a class=\"rollover rollover-zoom dt-pswp-item\" title=\"le vecchie arce sul torrente Ru a La Valle Agordina, realizzate dopo l&#039;alluvione del 1966 (3)\" data-dt-img-description=\"\" data-large_image_width=\"1600\" data-large_image_height=\"1200\"href='https:\/\/www.radiopiu.net\/wordpress\/wp-content\/uploads\/2022\/10\/le-vecchie-arce-sul-torrente-Ru-a-La-Valle-Agordina-realizzate-dopo-lalluvione-del-1966-3.jpg'><img loading=\"lazy\" decoding=\"async\" width=\"150\" height=\"150\" src=\"https:\/\/www.radiopiu.net\/wordpress\/wp-content\/uploads\/2022\/10\/le-vecchie-arce-sul-torrente-Ru-a-La-Valle-Agordina-realizzate-dopo-lalluvione-del-1966-3-150x150.jpg\" class=\"attachment-thumbnail size-thumbnail\" alt=\"\" \/><\/a>\n\t\t\t\t<\/dt><\/dl><dl class='gallery-item'>\n\t\t\t\t<dt class='gallery-icon portrait'>\n\t\t\t\t\t<a class=\"rollover rollover-zoom dt-pswp-item\" title=\"le vecchie arce sul torrente Ru a La Valle Agordina, realizzate dopo l&#039;alluvione del 1966 (4)\" data-dt-img-description=\"\" data-large_image_width=\"1200\" data-large_image_height=\"1600\"href='https:\/\/www.radiopiu.net\/wordpress\/wp-content\/uploads\/2022\/10\/le-vecchie-arce-sul-torrente-Ru-a-La-Valle-Agordina-realizzate-dopo-lalluvione-del-1966-4.jpg'><img loading=\"lazy\" decoding=\"async\" width=\"150\" height=\"150\" src=\"https:\/\/www.radiopiu.net\/wordpress\/wp-content\/uploads\/2022\/10\/le-vecchie-arce-sul-torrente-Ru-a-La-Valle-Agordina-realizzate-dopo-lalluvione-del-1966-4-150x150.jpg\" class=\"attachment-thumbnail size-thumbnail\" alt=\"\" \/><\/a>\n\t\t\t\t<\/dt><\/dl><dl class='gallery-item'>\n\t\t\t\t<dt class='gallery-icon landscape'>\n\t\t\t\t\t<a class=\"rollover rollover-zoom dt-pswp-item\" title=\"le vecchie arce sul torrente Ru a La Valle Agordina, realizzate dopo l&#039;alluvione del 1966 (5)\" data-dt-img-description=\"\" data-large_image_width=\"1600\" data-large_image_height=\"1200\"href='https:\/\/www.radiopiu.net\/wordpress\/wp-content\/uploads\/2022\/10\/le-vecchie-arce-sul-torrente-Ru-a-La-Valle-Agordina-realizzate-dopo-lalluvione-del-1966-5.jpg'><img loading=\"lazy\" decoding=\"async\" width=\"150\" height=\"150\" src=\"https:\/\/www.radiopiu.net\/wordpress\/wp-content\/uploads\/2022\/10\/le-vecchie-arce-sul-torrente-Ru-a-La-Valle-Agordina-realizzate-dopo-lalluvione-del-1966-5-150x150.jpg\" class=\"attachment-thumbnail size-thumbnail\" alt=\"\" \/><\/a>\n\t\t\t\t<\/dt><\/dl><dl class='gallery-item'>\n\t\t\t\t<dt class='gallery-icon landscape'>\n\t\t\t\t\t<a class=\"rollover rollover-zoom dt-pswp-item\" title=\"le vecchie arce sul torrente Ru a La Valle Agordina, realizzate dopo l&#039;alluvione del 1966 (6)\" data-dt-img-description=\"\" data-large_image_width=\"1600\" data-large_image_height=\"1200\"href='https:\/\/www.radiopiu.net\/wordpress\/wp-content\/uploads\/2022\/10\/le-vecchie-arce-sul-torrente-Ru-a-La-Valle-Agordina-realizzate-dopo-lalluvione-del-1966-6.jpg'><img loading=\"lazy\" decoding=\"async\" width=\"150\" height=\"150\" src=\"https:\/\/www.radiopiu.net\/wordpress\/wp-content\/uploads\/2022\/10\/le-vecchie-arce-sul-torrente-Ru-a-La-Valle-Agordina-realizzate-dopo-lalluvione-del-1966-6-150x150.jpg\" class=\"attachment-thumbnail size-thumbnail\" alt=\"\" \/><\/a>\n\t\t\t\t<\/dt><\/dl><dl class='gallery-item'>\n\t\t\t\t<dt class='gallery-icon landscape'>\n\t\t\t\t\t<a class=\"rollover rollover-zoom dt-pswp-item\" title=\"le vecchie arce sul torrente Ru a La Valle Agordina, realizzate dopo l&#039;alluvione del 1966 (1)\" data-dt-img-description=\"\" data-large_image_width=\"1600\" data-large_image_height=\"1200\"href='https:\/\/www.radiopiu.net\/wordpress\/wp-content\/uploads\/2022\/10\/le-vecchie-arce-sul-torrente-Ru-a-La-Valle-Agordina-realizzate-dopo-lalluvione-del-1966-1.jpg'><img loading=\"lazy\" decoding=\"async\" width=\"150\" height=\"150\" src=\"https:\/\/www.radiopiu.net\/wordpress\/wp-content\/uploads\/2022\/10\/le-vecchie-arce-sul-torrente-Ru-a-La-Valle-Agordina-realizzate-dopo-lalluvione-del-1966-1-150x150.jpg\" class=\"attachment-thumbnail size-thumbnail\" alt=\"\" \/><\/a>\n\t\t\t\t<\/dt><\/dl><br style=\"clear: both\" \/>\n\t\t\t<\/div>\n\n<p><strong>GALLERIA FOTOGRAFIA<\/strong>, le nuove arce realizzate dai Servizi Forestali Regionali a met\u00e0 degli anni 2000 &#8211; 2010<\/p>\n\n\t\t\t<style type='text\/css'>\n\t\t\t\t#gallery-4 {\n\t\t\t\t\tmargin: auto;\n\t\t\t\t}\n\t\t\t\t#gallery-4 .gallery-item {\n\t\t\t\t\tfloat: left;\n\t\t\t\t\tmargin-top: 10px;\n\t\t\t\t\ttext-align: center;\n\t\t\t\t\twidth: 16%;\n\t\t\t\t}\n\t\t\t\t#gallery-4 img {\n\t\t\t\t\tborder: 2px solid #cfcfcf;\n\t\t\t\t}\n\t\t\t\t#gallery-4 .gallery-caption {\n\t\t\t\t\tmargin-left: 0;\n\t\t\t\t}\n\t\t\t\t\/* see gallery_shortcode() in wp-includes\/media.php *\/\n\t\t\t<\/style>\n\t\t<div id='gallery-4' class='dt-gallery-container gallery galleryid-304064 gallery-columns-6 gallery-size-thumbnail'><dl class='gallery-item'>\n\t\t\t\t<dt class='gallery-icon landscape'>\n\t\t\t\t\t<a class=\"rollover rollover-zoom dt-pswp-item\" title=\"Le nuove arce realizzate dai Servizi Forestali Regionali a met\u00e0 degli anni 2000 - 2010 (3)\" data-dt-img-description=\"\" data-large_image_width=\"1600\" data-large_image_height=\"1200\"href='https:\/\/www.radiopiu.net\/wordpress\/wp-content\/uploads\/2022\/10\/Le-nuove-arce-realizzate-dai-Servizi-Forestali-Regionali-a-meta-degli-anni-2000-2010-3.jpg'><img loading=\"lazy\" decoding=\"async\" width=\"150\" height=\"150\" src=\"https:\/\/www.radiopiu.net\/wordpress\/wp-content\/uploads\/2022\/10\/Le-nuove-arce-realizzate-dai-Servizi-Forestali-Regionali-a-meta-degli-anni-2000-2010-3-150x150.jpg\" class=\"attachment-thumbnail size-thumbnail\" alt=\"\" \/><\/a>\n\t\t\t\t<\/dt><\/dl><dl class='gallery-item'>\n\t\t\t\t<dt class='gallery-icon landscape'>\n\t\t\t\t\t<a class=\"rollover rollover-zoom dt-pswp-item\" title=\"Le nuove arce realizzate dai Servizi Forestali Regionali a met\u00e0 degli anni 2000 - 2010 (4)\" data-dt-img-description=\"\" data-large_image_width=\"1600\" data-large_image_height=\"1200\"href='https:\/\/www.radiopiu.net\/wordpress\/wp-content\/uploads\/2022\/10\/Le-nuove-arce-realizzate-dai-Servizi-Forestali-Regionali-a-meta-degli-anni-2000-2010-4.jpg'><img loading=\"lazy\" decoding=\"async\" width=\"150\" height=\"150\" src=\"https:\/\/www.radiopiu.net\/wordpress\/wp-content\/uploads\/2022\/10\/Le-nuove-arce-realizzate-dai-Servizi-Forestali-Regionali-a-meta-degli-anni-2000-2010-4-150x150.jpg\" class=\"attachment-thumbnail size-thumbnail\" alt=\"\" \/><\/a>\n\t\t\t\t<\/dt><\/dl><dl class='gallery-item'>\n\t\t\t\t<dt class='gallery-icon landscape'>\n\t\t\t\t\t<a class=\"rollover rollover-zoom dt-pswp-item\" title=\"Le nuove arce realizzate dai Servizi Forestali Regionali a met\u00e0 degli anni 2000 - 2010 (5)\" data-dt-img-description=\"\" data-large_image_width=\"1600\" data-large_image_height=\"1200\"href='https:\/\/www.radiopiu.net\/wordpress\/wp-content\/uploads\/2022\/10\/Le-nuove-arce-realizzate-dai-Servizi-Forestali-Regionali-a-meta-degli-anni-2000-2010-5.jpg'><img loading=\"lazy\" decoding=\"async\" width=\"150\" height=\"150\" src=\"https:\/\/www.radiopiu.net\/wordpress\/wp-content\/uploads\/2022\/10\/Le-nuove-arce-realizzate-dai-Servizi-Forestali-Regionali-a-meta-degli-anni-2000-2010-5-150x150.jpg\" class=\"attachment-thumbnail size-thumbnail\" alt=\"\" \/><\/a>\n\t\t\t\t<\/dt><\/dl><dl class='gallery-item'>\n\t\t\t\t<dt class='gallery-icon landscape'>\n\t\t\t\t\t<a class=\"rollover rollover-zoom dt-pswp-item\" title=\"Le nuove arce realizzate dai Servizi Forestali Regionali a met\u00e0 degli anni 2000 - 2010 (6)\" data-dt-img-description=\"\" data-large_image_width=\"1600\" data-large_image_height=\"1200\"href='https:\/\/www.radiopiu.net\/wordpress\/wp-content\/uploads\/2022\/10\/Le-nuove-arce-realizzate-dai-Servizi-Forestali-Regionali-a-meta-degli-anni-2000-2010-6.jpg'><img loading=\"lazy\" decoding=\"async\" width=\"150\" height=\"150\" src=\"https:\/\/www.radiopiu.net\/wordpress\/wp-content\/uploads\/2022\/10\/Le-nuove-arce-realizzate-dai-Servizi-Forestali-Regionali-a-meta-degli-anni-2000-2010-6-150x150.jpg\" class=\"attachment-thumbnail size-thumbnail\" alt=\"\" \/><\/a>\n\t\t\t\t<\/dt><\/dl><dl class='gallery-item'>\n\t\t\t\t<dt class='gallery-icon portrait'>\n\t\t\t\t\t<a class=\"rollover rollover-zoom dt-pswp-item\" title=\"Le nuove arce realizzate dai Servizi Forestali Regionali a met\u00e0 degli anni 2000 - 2010 (1)\" data-dt-img-description=\"\" data-large_image_width=\"1200\" data-large_image_height=\"1600\"href='https:\/\/www.radiopiu.net\/wordpress\/wp-content\/uploads\/2022\/10\/Le-nuove-arce-realizzate-dai-Servizi-Forestali-Regionali-a-meta-degli-anni-2000-2010-1.jpg'><img loading=\"lazy\" decoding=\"async\" width=\"150\" height=\"150\" src=\"https:\/\/www.radiopiu.net\/wordpress\/wp-content\/uploads\/2022\/10\/Le-nuove-arce-realizzate-dai-Servizi-Forestali-Regionali-a-meta-degli-anni-2000-2010-1-150x150.jpg\" class=\"attachment-thumbnail size-thumbnail\" alt=\"\" \/><\/a>\n\t\t\t\t<\/dt><\/dl><dl class='gallery-item'>\n\t\t\t\t<dt class='gallery-icon landscape'>\n\t\t\t\t\t<a class=\"rollover rollover-zoom dt-pswp-item\" title=\"Le nuove arce realizzate dai Servizi Forestali Regionali a met\u00e0 degli anni 2000 - 2010 (2)\" data-dt-img-description=\"\" data-large_image_width=\"1600\" data-large_image_height=\"1200\"href='https:\/\/www.radiopiu.net\/wordpress\/wp-content\/uploads\/2022\/10\/Le-nuove-arce-realizzate-dai-Servizi-Forestali-Regionali-a-meta-degli-anni-2000-2010-2.jpg'><img loading=\"lazy\" decoding=\"async\" width=\"150\" height=\"150\" src=\"https:\/\/www.radiopiu.net\/wordpress\/wp-content\/uploads\/2022\/10\/Le-nuove-arce-realizzate-dai-Servizi-Forestali-Regionali-a-meta-degli-anni-2000-2010-2-150x150.jpg\" class=\"attachment-thumbnail size-thumbnail\" alt=\"\" \/><\/a>\n\t\t\t\t<\/dt><\/dl><br style=\"clear: both\" \/>\n\t\t\t<\/div>\n\n<p><strong>INOLTRE&#8230;<\/strong><\/p>\n\n\t\t\t<style type='text\/css'>\n\t\t\t\t#gallery-5 {\n\t\t\t\t\tmargin: auto;\n\t\t\t\t}\n\t\t\t\t#gallery-5 .gallery-item {\n\t\t\t\t\tfloat: left;\n\t\t\t\t\tmargin-top: 10px;\n\t\t\t\t\ttext-align: center;\n\t\t\t\t\twidth: 33%;\n\t\t\t\t}\n\t\t\t\t#gallery-5 img {\n\t\t\t\t\tborder: 2px solid #cfcfcf;\n\t\t\t\t}\n\t\t\t\t#gallery-5 .gallery-caption {\n\t\t\t\t\tmargin-left: 0;\n\t\t\t\t}\n\t\t\t\t\/* see gallery_shortcode() in wp-includes\/media.php *\/\n\t\t\t<\/style>\n\t\t<div id='gallery-5' class='dt-gallery-container gallery galleryid-304064 gallery-columns-3 gallery-size-thumbnail'><dl class='gallery-item'>\n\t\t\t\t<dt class='gallery-icon landscape'>\n\t\t\t\t\t<a class=\"rollover rollover-zoom dt-pswp-item\" title=\"e491bca5-7ca6-42f9-b309-1e17b1a0d7a7\" data-dt-img-description=\"\" data-large_image_width=\"1600\" data-large_image_height=\"1200\"href='https:\/\/www.radiopiu.net\/wordpress\/wp-content\/uploads\/2022\/10\/e491bca5-7ca6-42f9-b309-1e17b1a0d7a7.jpg'><img loading=\"lazy\" decoding=\"async\" width=\"150\" height=\"150\" src=\"https:\/\/www.radiopiu.net\/wordpress\/wp-content\/uploads\/2022\/10\/e491bca5-7ca6-42f9-b309-1e17b1a0d7a7-150x150.jpg\" class=\"attachment-thumbnail size-thumbnail\" alt=\"\" \/><\/a>\n\t\t\t\t<\/dt><\/dl><dl class='gallery-item'>\n\t\t\t\t<dt class='gallery-icon portrait'>\n\t\t\t\t\t<a class=\"rollover rollover-zoom dt-pswp-item\" title=\"5e2d7f62-78f5-4b87-9d89-2d209be10e97\" data-dt-img-description=\"\" data-large_image_width=\"1200\" data-large_image_height=\"1600\"href='https:\/\/www.radiopiu.net\/wordpress\/wp-content\/uploads\/2022\/10\/5e2d7f62-78f5-4b87-9d89-2d209be10e97.jpg'><img loading=\"lazy\" decoding=\"async\" width=\"150\" height=\"150\" src=\"https:\/\/www.radiopiu.net\/wordpress\/wp-content\/uploads\/2022\/10\/5e2d7f62-78f5-4b87-9d89-2d209be10e97-150x150.jpg\" class=\"attachment-thumbnail size-thumbnail\" alt=\"\" \/><\/a>\n\t\t\t\t<\/dt><\/dl><dl class='gallery-item'>\n\t\t\t\t<dt class='gallery-icon portrait'>\n\t\t\t\t\t<a class=\"rollover rollover-zoom dt-pswp-item\" title=\"6ecaca96-5300-445c-9679-f07caa411536\" data-dt-img-description=\"\" data-large_image_width=\"1200\" data-large_image_height=\"1600\"href='https:\/\/www.radiopiu.net\/wordpress\/wp-content\/uploads\/2022\/10\/6ecaca96-5300-445c-9679-f07caa411536.jpg'><img loading=\"lazy\" decoding=\"async\" width=\"150\" height=\"150\" src=\"https:\/\/www.radiopiu.net\/wordpress\/wp-content\/uploads\/2022\/10\/6ecaca96-5300-445c-9679-f07caa411536-150x150.jpg\" class=\"attachment-thumbnail size-thumbnail\" alt=\"\" \/><\/a>\n\t\t\t\t<\/dt><\/dl><br style=\"clear: both\" \/>\n\t\t\t<\/div>\n\n<p>&nbsp;<\/p>\n<hr \/>\n<p>&nbsp;<\/p>\n<p>&nbsp;<\/p>\n<h3 class=\"entry-title\">TEMPESTA VAIA: LA PREVENZIONE CHE FUNZIONA<\/h3>\n<p>&nbsp;<\/p>\n<h3>L\u2019EFFICACIA DELLE OPERE DI DIFESA IDRAULICA VALUTATA ATTRAVERSO L\u2019ANALISI PUNTUALE DEI DATI DELL\u2019EVENTO METEOROLOGICO<\/h3>\n<p class=\"has-text-align-justify\">Ottobre 2018. Tempesta Vaia. Sono passati ormai quattro anni da quelle giornate che hanno lasciato un segno indelebile nelle foreste dell\u2019Agordino e del Cadore, nel Bellunese, del Cansiglio, a cavallo con la provincia di Treviso, del Primiero, nel Trentino e dell\u2019Altopiano di Asiago, nella parte settentrionale della provincia di Vicenza. Venti fortissimi \u2013 intensit\u00e0 \u201cUragano\u201d, grado 12 della scala di Beaufort \u2013 hanno spazzato e raso al suolo ettari ed ettari di bosco, lasciando spazio ad uno scenario raccapricciante alle prime luci dell\u2019alba del 30 ottobre 2018. Non prima, visti i danni alle reti elettriche che hanno lasciato al buio vaste zone del Veneto settentrionale e del Trentino Alto Adige.<\/p>\n<p>Se ci \u00e8 concesso, vorremmo citare come preludio anche l\u2019incendio che per tre giorni ha dato non pochi pensieri agli abitanti di Taibon Agordino, della Valle di San Lucano e a tutti i vigili del fuoco impegnati sul campo. Un incendio probabilmente causato dalla caduta di una pianta sopra le linee dell\u2019alta tensione, incidente dovuto anche in questo caso al vento che voleva, a quanto pare, aprire e chiudere questa incredibile successione di eventi nefasti. Il fuoco, divampato il 24 ottobre formando una nube di fumo spinta dal vento fino a Venezia, sembrava sotto controllo solo due giorni pi\u00f9 tardi, quando l\u2019avvicinarsi di una perturbazione pareva poter dare l\u2019aiuto decisivo. Peccato che, tra fuoco e aria, anche l\u2019acqua abbia voluto dire la sua in modo prepotente, monopolizzando la scena fino alla sera del 29 ottobre.<\/p>\n<p>Proprio della pioggia vorremmo occuparci in questo articolo di analisi, concentrandoci sui dati della pluviometria e dei livelli idrografici del torrente Biois, nel bacino idrografico del fiume Piave, per mostrare chiaramente le evidenze che ne derivano circa l\u2019efficacia delle opere di difesa idraulica. In particolare, dopo un riepilogo degli eventi meteorologici tratto dalla relazione ufficiale redatta dall\u2019ARPAV, osserveremo l\u2019effetto della briglia di contenimento costruita lungo il corso del torrente Biois in Comune di Vallada Agordina (BL) sul livello dello stesso torrente monitorato a valle, nel Comune di Cencenighe Agordino (BL).<\/p>\n<p>ARTICOLO COMPLETO DA DELTA SCIENCE TUTORING <a href=\"https:\/\/deltasciencetutoring.com\/articoli\/ingegneria\/tempestavaia.html?fbclid=IwAR1W8c6Lrhgf4KyNPX_xYNqRiHPb3zsIVVHiiiDl0RBoz7TPAdobbfyMniE\">deltasciencetutoring.com<\/a><\/p>\n<p><a href=\"https:\/\/deltasciencetutoring.com\/articoli\/ingegneria\/tempestavaia.html?fbclid=IwAR1W8c6Lrhgf4KyNPX_xYNqRiHPb3zsIVVHiiiDl0RBoz7TPAdobbfyMniE\">Tempesta Vaia: la prevenzione che funziona &#8211; DeltaScience (deltasciencetutoring.com)<\/a><\/p>\n<p>&nbsp;<\/p>\n<hr \/>\n<p>&nbsp;<\/p>\n<blockquote>\n<h2>PER I DANNI SULLA STRADA PROVINCIALE IN CADORE INTERVIENE LA PROVINCIA<\/h2>\n<\/blockquote>\n<p><strong><img loading=\"lazy\" decoding=\"async\" class=\"alignleft\" src=\"https:\/\/www.radiopiu.net\/wordpress\/wp-content\/uploads\/2022\/10\/Senza-nome-106.jpg\" width=\"278\" height=\"143\" \/><\/strong><\/p>\n<p>&nbsp;<\/p>\n<p>&nbsp;<\/p>\n<p>&nbsp;<\/p>\n<p>&nbsp;<\/p>\n<p>&nbsp;<\/p>\n<p><strong>VIGO DI CADORE<\/strong><\/p>\n<p><strong>DI DANIELE DAL VIT<\/strong><\/p>\n<audio class=\"wp-audio-shortcode\" id=\"audio-304064-2\" preload=\"none\" style=\"width: 100%;\" controls=\"controls\"><source type=\"audio\/mpeg\" src=\"https:\/\/www.radiopiu.net\/wordpress\/wp-content\/uploads\/2022\/10\/DANIELE-DALVIT.mp3?_=2\" \/><a href=\"https:\/\/www.radiopiu.net\/wordpress\/wp-content\/uploads\/2022\/10\/DANIELE-DALVIT.mp3\">https:\/\/www.radiopiu.net\/wordpress\/wp-content\/uploads\/2022\/10\/DANIELE-DALVIT.mp3<\/a><\/audio>\n<p>&nbsp;<\/p>\n<p>&nbsp;<\/p>\n<hr \/>\n<p>&nbsp;<\/p>\n<p>&nbsp;<\/p>\n<blockquote>\n<h3>PROGETTO DI RESTAURO FORESTALE A QUATTRO ANNI DA VAIA<\/h3>\n<\/blockquote>\n<p><strong><a class=\"dt-pswp-item\" href=\"https:\/\/www.radiopiu.net\/wordpress\/wp-content\/uploads\/2021\/07\/Pieve-di-Livinallongo_Arabba-Fodom-Turismo.jpg\" data-dt-img-description=\"\" data-large_image_width=\"2016\" data-large_image_height=\"1512\"><img loading=\"lazy\" decoding=\"async\" class=\"wp-image-222884 alignleft\" src=\"https:\/\/www.radiopiu.net\/wordpress\/wp-content\/uploads\/2021\/07\/Pieve-di-Livinallongo_Arabba-Fodom-Turismo-300x225.jpg\" alt=\"\" width=\"160\" height=\"120\" srcset=\"https:\/\/www.radiopiu.net\/wordpress\/wp-content\/uploads\/2021\/07\/Pieve-di-Livinallongo_Arabba-Fodom-Turismo-300x225.jpg 300w, https:\/\/www.radiopiu.net\/wordpress\/wp-content\/uploads\/2021\/07\/Pieve-di-Livinallongo_Arabba-Fodom-Turismo-1024x768.jpg 1024w, https:\/\/www.radiopiu.net\/wordpress\/wp-content\/uploads\/2021\/07\/Pieve-di-Livinallongo_Arabba-Fodom-Turismo-768x576.jpg 768w, https:\/\/www.radiopiu.net\/wordpress\/wp-content\/uploads\/2021\/07\/Pieve-di-Livinallongo_Arabba-Fodom-Turismo-1536x1152.jpg 1536w, https:\/\/www.radiopiu.net\/wordpress\/wp-content\/uploads\/2021\/07\/Pieve-di-Livinallongo_Arabba-Fodom-Turismo.jpg 2016w\" sizes=\"auto, (max-width: 160px) 100vw, 160px\" \/><\/a>LIVINALLONGO DEL COL DI LANA\u00a0<\/strong><\/p>\n<p><strong>di\u00a0 LORENZO SORATROI\u00a0<\/strong><\/p>\n<p>&nbsp;<\/p>\n<audio class=\"wp-audio-shortcode\" id=\"audio-304064-3\" preload=\"none\" style=\"width: 100%;\" controls=\"controls\"><source type=\"audio\/mpeg\" src=\"https:\/\/www.radiopiu.net\/wordpress\/wp-content\/uploads\/2022\/10\/LORENZO-SORATROI.mp3?_=3\" \/><a href=\"https:\/\/www.radiopiu.net\/wordpress\/wp-content\/uploads\/2022\/10\/LORENZO-SORATROI.mp3\">https:\/\/www.radiopiu.net\/wordpress\/wp-content\/uploads\/2022\/10\/LORENZO-SORATROI.mp3<\/a><\/audio>\n<p>&nbsp;<\/p>\n<hr \/>\n<p>&nbsp;<\/p>\n<blockquote>\n<h3>MANUTENZIONE AREE CIMITERIALI<\/h3>\n<\/blockquote>\n<p><a class=\"dt-pswp-item\" href=\"https:\/\/www.radiopiu.net\/wordpress\/wp-content\/uploads\/2022\/10\/Ingresso-cimitero-cittadino-Feltre-scaled.jpg\" data-dt-img-description=\"\" data-large_image_width=\"2560\" data-large_image_height=\"1440\"><img loading=\"lazy\" decoding=\"async\" class=\"size-medium wp-image-304096 alignleft\" src=\"https:\/\/www.radiopiu.net\/wordpress\/wp-content\/uploads\/2022\/10\/Ingresso-cimitero-cittadino-Feltre-300x169.jpg\" alt=\"\" width=\"300\" height=\"169\" srcset=\"https:\/\/www.radiopiu.net\/wordpress\/wp-content\/uploads\/2022\/10\/Ingresso-cimitero-cittadino-Feltre-300x169.jpg 300w, https:\/\/www.radiopiu.net\/wordpress\/wp-content\/uploads\/2022\/10\/Ingresso-cimitero-cittadino-Feltre-1024x576.jpg 1024w, https:\/\/www.radiopiu.net\/wordpress\/wp-content\/uploads\/2022\/10\/Ingresso-cimitero-cittadino-Feltre-768x432.jpg 768w, https:\/\/www.radiopiu.net\/wordpress\/wp-content\/uploads\/2022\/10\/Ingresso-cimitero-cittadino-Feltre-1536x864.jpg 1536w, https:\/\/www.radiopiu.net\/wordpress\/wp-content\/uploads\/2022\/10\/Ingresso-cimitero-cittadino-Feltre-2048x1152.jpg 2048w\" sizes=\"auto, (max-width: 300px) 100vw, 300px\" \/><\/a><strong>FELTRE<\/strong> Le aree cimiteriali sono state rese pi\u00f9 decorose grazie ad un&#8217;opera di manutenzione, anche in vista delle ricorrenze di inizio novembre. Il lavoro da fare resta molto, soprattutto per quanto riguarda gli stabili e i fabbricati. Al di l\u00e0 di alcuni primi interventi pi\u00f9 urgenti, l\u2019Amministrazione ha inteso affrontare la questione \u201ccimiteri\u201d con un approccio organico,\u00a0 ciascuno degli assessori di maggioranza ha effettuato nelle scorse settimane un sopralluogo ad una diversa area cimiteriale del Comune, per verificare di persona la situazione e redigere poi una scheda descrittiva dettagliata, in cui sono state evidenziate le criticit\u00e0 maggiori su cui intervenire. Per quanto riguarda il cimitero urbano,\u00a0 che da solo rappresenta l\u201980% delle intere aree cimiteriali del Comune di Feltre, non c&#8217;\u00e8 da essere soddisfatti, qui il lavoro \u00e8 ancora lungo <em>&#8220;Ma siamo certi che prossimamente, con gli importanti interventi in programma, la situazione migliorer\u00e0 decisamente, tenuta anche in doveroso conto l&#8217;importanza storico-culturale che il nostro cimitero monumentale riveste per la citt\u00e0\u201d<\/em>, conclude il consigliere delegato Sebastiano Slongo.<\/p>\n<p>&nbsp;<\/p>\n<hr \/>\n<p>&nbsp;<\/p>\n<p>&nbsp;<\/p>\n<p>&nbsp;<\/p>\n<p><span style=\"font-size: medium;\"><b>DONATORI SANGUE MUGNAI E GLI EVENTI DI SUCCESSO<\/b><\/span><\/p>\n<p><strong>FELTRE<\/strong>\u00a0 \u00c8 stata un successo la serata organizzata dai Donatori di Sangue di Mugnai lo scorso sabato nella Sala Parrocchiale del paese. La compagnia <i>Quelli del venerd\u00ec<\/i>, dell\u2019associazione <i>Ghita<\/i>, ha portato allegria e spensieratezza al numeroso pubblico grazie allo spettacolo \u201cColpa del Birus o del Modesto?\u201d con la regia di Mauro Fantinel.\u00a0 La serata \u00e8 stata anche l\u2019occasione per promuovere la donazione del sangue.\u00a0 L\u2019invito fatto a ciascuno \u00e8 stato quello di riflettere riguardo questo semplicissimo gesto di altruismo e solidariet\u00e0 che tutti possiamo compiere.<\/p>\n<p>&nbsp;<\/p>\n<hr \/>\n<p>&nbsp;<\/p>\n<blockquote>\n<h2>POMPIERI VOLONTARI DI CAPRILE, IVANO A FABRIZIO PATENTATI<\/h2>\n<\/blockquote>\n\n\t\t\t<style type='text\/css'>\n\t\t\t\t#gallery-6 {\n\t\t\t\t\tmargin: auto;\n\t\t\t\t}\n\t\t\t\t#gallery-6 .gallery-item {\n\t\t\t\t\tfloat: left;\n\t\t\t\t\tmargin-top: 10px;\n\t\t\t\t\ttext-align: center;\n\t\t\t\t\twidth: 50%;\n\t\t\t\t}\n\t\t\t\t#gallery-6 img {\n\t\t\t\t\tborder: 2px solid #cfcfcf;\n\t\t\t\t}\n\t\t\t\t#gallery-6 .gallery-caption {\n\t\t\t\t\tmargin-left: 0;\n\t\t\t\t}\n\t\t\t\t\/* see gallery_shortcode() in wp-includes\/media.php *\/\n\t\t\t<\/style>\n\t\t<div id='gallery-6' class='dt-gallery-container gallery galleryid-304064 gallery-columns-2 gallery-size-medium'><dl class='gallery-item'>\n\t\t\t\t<dt class='gallery-icon portrait'>\n\t\t\t\t\t<a class=\"rollover rollover-zoom dt-pswp-item\" title=\"311879235_1522534611507948_6394777539068079526_n\" data-dt-img-description=\"\" data-large_image_width=\"447\" data-large_image_height=\"600\"href='https:\/\/www.radiopiu.net\/wordpress\/wp-content\/uploads\/2022\/10\/311879235_1522534611507948_6394777539068079526_n.jpg'><img loading=\"lazy\" decoding=\"async\" width=\"224\" height=\"300\" src=\"https:\/\/www.radiopiu.net\/wordpress\/wp-content\/uploads\/2022\/10\/311879235_1522534611507948_6394777539068079526_n-224x300.jpg\" class=\"attachment-medium size-medium\" alt=\"\" srcset=\"https:\/\/www.radiopiu.net\/wordpress\/wp-content\/uploads\/2022\/10\/311879235_1522534611507948_6394777539068079526_n-224x300.jpg 224w, https:\/\/www.radiopiu.net\/wordpress\/wp-content\/uploads\/2022\/10\/311879235_1522534611507948_6394777539068079526_n.jpg 447w\" sizes=\"auto, (max-width: 224px) 100vw, 224px\" \/><\/a>\n\t\t\t\t<\/dt><\/dl><dl class='gallery-item'>\n\t\t\t\t<dt class='gallery-icon portrait'>\n\t\t\t\t\t<a class=\"rollover rollover-zoom dt-pswp-item\" title=\"313384646_1522534641507945_4760997571852464578_n\" data-dt-img-description=\"\" data-large_image_width=\"416\" data-large_image_height=\"600\"href='https:\/\/www.radiopiu.net\/wordpress\/wp-content\/uploads\/2022\/10\/313384646_1522534641507945_4760997571852464578_n.jpg'><img loading=\"lazy\" decoding=\"async\" width=\"208\" height=\"300\" src=\"https:\/\/www.radiopiu.net\/wordpress\/wp-content\/uploads\/2022\/10\/313384646_1522534641507945_4760997571852464578_n-208x300.jpg\" class=\"attachment-medium size-medium\" alt=\"\" srcset=\"https:\/\/www.radiopiu.net\/wordpress\/wp-content\/uploads\/2022\/10\/313384646_1522534641507945_4760997571852464578_n-208x300.jpg 208w, https:\/\/www.radiopiu.net\/wordpress\/wp-content\/uploads\/2022\/10\/313384646_1522534641507945_4760997571852464578_n.jpg 416w\" sizes=\"auto, (max-width: 208px) 100vw, 208px\" \/><\/a>\n\t\t\t\t<\/dt><\/dl><br style=\"clear: both\" \/>\n\t\t\t<\/div>\n\n<p>Dalla sede di Caprile i complimenti ai due nuovi autisti Ivano de Vallier e Fabrizio dell&#8217;Olivo che hanno conseguito la patente di 2\u00ba grado necessaria alla guida dei mezzi in emergenza. Nel fine settimana i pompieri di Caprile hanno anche svolto un addestramento congiunto con l&#8217; Associazione Volontari Ambulanza di Rocca Pietore simulando vari scenari di incidente stradale. Utilizzando una vecchia carcassa d&#8217;auto sono state provate numerose manovre di estricazione con dei feriti all&#8217;interno per migliorare le capacit\u00e0 operative e di cooperazione con i sanitari.<\/p>\n<p>&nbsp;<\/p>\n<hr \/>\n<p>&nbsp;<\/p>\n<blockquote>\n<h2>INAUGURATA LA NUOVA SALA AL MUSEO RIZZARDA<\/h2>\n<\/blockquote>\n<p><strong>FELTRE<\/strong><\/p>\n<p><strong>di\u00a0 MORENO GIOLI<\/strong><\/p>\n<audio class=\"wp-audio-shortcode\" id=\"audio-304064-4\" preload=\"none\" style=\"width: 100%;\" controls=\"controls\"><source type=\"audio\/mpeg\" src=\"https:\/\/www.radiopiu.net\/wordpress\/wp-content\/uploads\/2022\/10\/nuovo-rizzarda-radiopiuo-1.mp3?_=4\" \/><a href=\"https:\/\/www.radiopiu.net\/wordpress\/wp-content\/uploads\/2022\/10\/nuovo-rizzarda-radiopiuo-1.mp3\">https:\/\/www.radiopiu.net\/wordpress\/wp-content\/uploads\/2022\/10\/nuovo-rizzarda-radiopiuo-1.mp3<\/a><\/audio>\n<p>&nbsp;<\/p>\n<p>&nbsp;<\/p>\n<p><strong>SAMUELE SPADA, CONSIGLIERE DELEGATO ALLA CULTURA<\/strong><\/p>\n<audio class=\"wp-audio-shortcode\" id=\"audio-304064-5\" preload=\"none\" style=\"width: 100%;\" controls=\"controls\"><source type=\"audio\/mpeg\" src=\"https:\/\/www.radiopiu.net\/wordpress\/wp-content\/uploads\/2022\/10\/SPADA.mp3?_=5\" \/><a href=\"https:\/\/www.radiopiu.net\/wordpress\/wp-content\/uploads\/2022\/10\/SPADA.mp3\">https:\/\/www.radiopiu.net\/wordpress\/wp-content\/uploads\/2022\/10\/SPADA.mp3<\/a><\/audio>\n<p>&nbsp;<\/p>\n<p><strong>TIZIANA CASAGRANDE CURATRICE MUSEI FELTRNI<\/strong><\/p>\n<audio class=\"wp-audio-shortcode\" id=\"audio-304064-6\" preload=\"none\" style=\"width: 100%;\" controls=\"controls\"><source type=\"audio\/mpeg\" src=\"https:\/\/www.radiopiu.net\/wordpress\/wp-content\/uploads\/2022\/10\/CASAGRANDE.mp3?_=6\" \/><a href=\"https:\/\/www.radiopiu.net\/wordpress\/wp-content\/uploads\/2022\/10\/CASAGRANDE.mp3\">https:\/\/www.radiopiu.net\/wordpress\/wp-content\/uploads\/2022\/10\/CASAGRANDE.mp3<\/a><\/audio>\n<p>&nbsp;<\/p>\n\n\t\t\t<style type='text\/css'>\n\t\t\t\t#gallery-7 {\n\t\t\t\t\tmargin: auto;\n\t\t\t\t}\n\t\t\t\t#gallery-7 .gallery-item {\n\t\t\t\t\tfloat: left;\n\t\t\t\t\tmargin-top: 10px;\n\t\t\t\t\ttext-align: center;\n\t\t\t\t\twidth: 50%;\n\t\t\t\t}\n\t\t\t\t#gallery-7 img {\n\t\t\t\t\tborder: 2px solid #cfcfcf;\n\t\t\t\t}\n\t\t\t\t#gallery-7 .gallery-caption {\n\t\t\t\t\tmargin-left: 0;\n\t\t\t\t}\n\t\t\t\t\/* see gallery_shortcode() in wp-includes\/media.php *\/\n\t\t\t<\/style>\n\t\t<div id='gallery-7' class='dt-gallery-container gallery galleryid-304064 gallery-columns-2 gallery-size-medium'><dl class='gallery-item'>\n\t\t\t\t<dt class='gallery-icon landscape'>\n\t\t\t\t\t<a class=\"rollover rollover-zoom dt-pswp-item\" title=\"34676d76-78bc-4f8b-bbdb-04eda3e2fb93\" data-dt-img-description=\"\" data-large_image_width=\"1344\" data-large_image_height=\"756\"href='https:\/\/www.radiopiu.net\/wordpress\/wp-content\/uploads\/2022\/10\/34676d76-78bc-4f8b-bbdb-04eda3e2fb93.jpg'><img loading=\"lazy\" decoding=\"async\" width=\"300\" height=\"169\" src=\"https:\/\/www.radiopiu.net\/wordpress\/wp-content\/uploads\/2022\/10\/34676d76-78bc-4f8b-bbdb-04eda3e2fb93-300x169.jpg\" class=\"attachment-medium size-medium\" alt=\"\" srcset=\"https:\/\/www.radiopiu.net\/wordpress\/wp-content\/uploads\/2022\/10\/34676d76-78bc-4f8b-bbdb-04eda3e2fb93-300x169.jpg 300w, https:\/\/www.radiopiu.net\/wordpress\/wp-content\/uploads\/2022\/10\/34676d76-78bc-4f8b-bbdb-04eda3e2fb93-1024x576.jpg 1024w, https:\/\/www.radiopiu.net\/wordpress\/wp-content\/uploads\/2022\/10\/34676d76-78bc-4f8b-bbdb-04eda3e2fb93-768x432.jpg 768w, https:\/\/www.radiopiu.net\/wordpress\/wp-content\/uploads\/2022\/10\/34676d76-78bc-4f8b-bbdb-04eda3e2fb93.jpg 1344w\" sizes=\"auto, (max-width: 300px) 100vw, 300px\" \/><\/a>\n\t\t\t\t<\/dt><\/dl><dl class='gallery-item'>\n\t\t\t\t<dt class='gallery-icon landscape'>\n\t\t\t\t\t<a class=\"rollover rollover-zoom dt-pswp-item\" title=\"03b9a742-7557-44fd-ace0-a2b6f0fbe006\" data-dt-img-description=\"\" data-large_image_width=\"1344\" data-large_image_height=\"756\"href='https:\/\/www.radiopiu.net\/wordpress\/wp-content\/uploads\/2022\/10\/03b9a742-7557-44fd-ace0-a2b6f0fbe006.jpg'><img loading=\"lazy\" decoding=\"async\" width=\"300\" height=\"169\" src=\"https:\/\/www.radiopiu.net\/wordpress\/wp-content\/uploads\/2022\/10\/03b9a742-7557-44fd-ace0-a2b6f0fbe006-300x169.jpg\" class=\"attachment-medium size-medium\" alt=\"\" srcset=\"https:\/\/www.radiopiu.net\/wordpress\/wp-content\/uploads\/2022\/10\/03b9a742-7557-44fd-ace0-a2b6f0fbe006-300x169.jpg 300w, https:\/\/www.radiopiu.net\/wordpress\/wp-content\/uploads\/2022\/10\/03b9a742-7557-44fd-ace0-a2b6f0fbe006-1024x576.jpg 1024w, https:\/\/www.radiopiu.net\/wordpress\/wp-content\/uploads\/2022\/10\/03b9a742-7557-44fd-ace0-a2b6f0fbe006-768x432.jpg 768w, https:\/\/www.radiopiu.net\/wordpress\/wp-content\/uploads\/2022\/10\/03b9a742-7557-44fd-ace0-a2b6f0fbe006.jpg 1344w\" sizes=\"auto, (max-width: 300px) 100vw, 300px\" \/><\/a>\n\t\t\t\t<\/dt><\/dl><br style=\"clear: both\" \/>\n\t\t\t<\/div>\n\n<p>&nbsp;<\/p>\n<p>&nbsp;<\/p>\n<p>&nbsp;<\/p>\n<hr \/>\n<p>&nbsp;<\/p>\n<div class=\"page-title-head hgroup\">\n<blockquote>\n<h3 class=\"entry-title\">LA RASSEGNA STAMPA DA L\u2019AMICO DEL POPOLO, OSPITE IL SINDACO SILVIA TORMEN<\/h3>\n<\/blockquote>\n<\/div>\n<div class=\"page-title-breadcrumbs\">\n<p><img loading=\"lazy\" decoding=\"async\" class=\"alignleft\" src=\"https:\/\/www.radiopiu.net\/wordpress\/wp-content\/uploads\/2018\/08\/silvia-tormen.jpg\" width=\"137\" height=\"101\" \/><\/p>\n<p><strong>DI GIANNI SANTOMASO<\/strong><\/p>\n<p>&nbsp;<\/p>\n<audio class=\"wp-audio-shortcode\" id=\"audio-304064-7\" preload=\"none\" style=\"width: 100%;\" controls=\"controls\"><source type=\"audio\/mpeg\" src=\"https:\/\/www.radiopiu.net\/wordpress\/wp-content\/uploads\/2022\/10\/RASSEGNA-GIANNI-3.mp3?_=7\" \/><a href=\"https:\/\/www.radiopiu.net\/wordpress\/wp-content\/uploads\/2022\/10\/RASSEGNA-GIANNI-3.mp3\">https:\/\/www.radiopiu.net\/wordpress\/wp-content\/uploads\/2022\/10\/RASSEGNA-GIANNI-3.mp3<\/a><\/audio>\n<p>&nbsp;<\/p>\n<hr \/>\n<p>&nbsp;<\/p>\n<blockquote class=\"wp-embedded-content\" data-secret=\"WOXrjBo1Zk\"><p><a href=\"https:\/\/www.radiopiu.net\/wordpress\/arredamont-2022-linaugurazione-e-le-interviste-di-radio-piu\/\">ARREDAMONT 2022, L&#8217;INAUGURAZIONE E LE INTERVISTE DI RADIO PIU<\/a><\/p><\/blockquote>\n<p><iframe loading=\"lazy\" class=\"wp-embedded-content\" sandbox=\"allow-scripts\" security=\"restricted\" style=\"position: absolute; clip: rect(1px, 1px, 1px, 1px);\" title=\"&#8220;ARREDAMONT 2022, L&#8217;INAUGURAZIONE E LE INTERVISTE DI RADIO PIU&#8221; &#8212; Radio Pi\u00f9\" src=\"https:\/\/www.radiopiu.net\/wordpress\/arredamont-2022-linaugurazione-e-le-interviste-di-radio-piu\/embed\/#?secret=vXRXF6fmZj#?secret=WOXrjBo1Zk\" data-secret=\"WOXrjBo1Zk\" width=\"600\" height=\"338\" frameborder=\"0\" marginwidth=\"0\" marginheight=\"0\" scrolling=\"no\"><\/iframe><\/p>\n<p>&nbsp;<\/p>\n<p>&nbsp;<\/p>\n<p>&nbsp;<\/p>\n<hr \/>\n<p>&nbsp;<\/p>\n<blockquote>\n<h3>DILLO A RADIO PIU&#8217;&#8230; TASSA DI SOLIDARIETA&#8217; PER GLI OSPITI DELLE CASE DI RIPOSO<\/h3>\n<\/blockquote>\n<p><strong><span id=\"page3R_mcid1\" class=\"markedContent\"><img loading=\"lazy\" decoding=\"async\" class=\"alignleft\" src=\"https:\/\/www.radiopiu.net\/wordpress\/wp-content\/uploads\/2019\/01\/anziani.jpg\" width=\"165\" height=\"112\" \/>Da Franco Piacentini (Feltre) riceviamo a volentieri pubblichiamo<\/span><\/strong><\/p>\n<p>&nbsp;<\/p>\n<p><em><span id=\"page3R_mcid3\" class=\"markedContent\"><span dir=\"ltr\" role=\"presentation\">Da quando \u00e8 aumentato il costo energetico (anche) le Amministrazioni delle <\/span><span dir=\"ltr\" role=\"presentation\">Residenze Servizi alle Persone (RSA<\/span> <span dir=\"ltr\" role=\"presentation\">\u2013<\/span> <span dir=\"ltr\" role=\"presentation\">IPAB<\/span> <span dir=\"ltr\" role=\"presentation\">\u2013<\/span> <span dir=\"ltr\" role=\"presentation\">Case di Riposo) hanno <\/span><span dir=\"ltr\" role=\"presentation\">pubblicamente annunciato che i costi assistenziali a carico degli ospiti e\/o dei <\/span><span dir=\"ltr\" role=\"presentation\">loro familiari saranno aumentati<\/span> <span dir=\"ltr\" role=\"presentation\">(dal 2023 mediamente dai due ai cinque euro <\/span><span dir=\"ltr\" role=\"presentation\">giornalieri). Un ulteriore aggravio che si somma al gi\u00e0 pesante costo mensile <\/span><span dir=\"ltr\" role=\"presentation\">(<\/span><span dir=\"ltr\" role=\"presentation\">mediamente 1.300 euro<\/span><span dir=\"ltr\" role=\"presentation\">)<\/span> <span dir=\"ltr\" role=\"presentation\">per<\/span> <span dir=\"ltr\" role=\"presentation\">il pagamento della rett<\/span><span dir=\"ltr\" role=\"presentation\">a<\/span> <span dir=\"ltr\" role=\"presentation\">di ospitalit\u00e0. Su questa <\/span><span dir=\"ltr\" role=\"presentation\">emergenza sociale la Regione che fa? Ad oggi nulla! La G<\/span><span dir=\"ltr\" role=\"presentation\">iunta, ascoltando gli <\/span><span dir=\"ltr\" role=\"presentation\">appelli dei Comitati Ospiti e Familiari, delle Organizzazioni CGIL CISL UIL, <\/span><span dir=\"ltr\" role=\"presentation\">dell\u2019URIPA,<\/span> <span dir=\"ltr\" role=\"presentation\">dell\u2019UNEBA,<\/span> <span dir=\"ltr\" role=\"presentation\">del<\/span> <span dir=\"ltr\" role=\"presentation\">CUPLA,<\/span> <span dir=\"ltr\" role=\"presentation\">dovrebbe<\/span> <span dir=\"ltr\" role=\"presentation\">(deve)<\/span> <span dir=\"ltr\" role=\"presentation\">intervenire <\/span><span dir=\"ltr\" role=\"presentation\">finanziariamente<\/span> <span dir=\"ltr\" role=\"presentation\">per<\/span> <span dir=\"ltr\" role=\"presentation\">scongiurare<\/span> <span dir=\"ltr\" role=\"presentation\">gli<\/span> <span dir=\"ltr\" role=\"presentation\">aumenti<\/span> <span dir=\"ltr\" role=\"presentation\">delle<\/span> <span dir=\"ltr\" role=\"presentation\">rette,<\/span> <span dir=\"ltr\" role=\"presentation\">prendendo<\/span> <span dir=\"ltr\" role=\"presentation\">in <\/span><span dir=\"ltr\" role=\"presentation\">considerazione la reint<\/span><span dir=\"ltr\" role=\"presentation\">roduzione della addizionale IRPEF regionale su redditi <\/span><span dir=\"ltr\" role=\"presentation\">superiori ai 50 mila euro<\/span><span dir=\"ltr\" role=\"presentation\">. Di fatto una \u201ctassa di solidariet\u00e0\u201d<\/span> <span dir=\"ltr\" role=\"presentation\">per aiutare le <\/span><span dir=\"ltr\" role=\"presentation\">persone fragili, povere, non autosufficienti e disabili.<\/span><\/span><\/em><\/p>\n<p>&nbsp;<\/p>\n<p>&nbsp;<\/p>\n<hr \/>\n<p>&nbsp;<\/p>\n<blockquote class=\"wp-embedded-content\" data-secret=\"QpqYZ7YF1V\"><p><a href=\"https:\/\/www.radiopiu.net\/wordpress\/tappa9\/\">IN VIAGGIO CON STEFANO  E PAOLO, FINO ALLA FINE DEL MONDO PER IL COMITATO POLLICINO.<\/a><\/p><\/blockquote>\n<p><iframe loading=\"lazy\" class=\"wp-embedded-content\" sandbox=\"allow-scripts\" security=\"restricted\" style=\"position: absolute; clip: rect(1px, 1px, 1px, 1px);\" title=\"&#8220;IN VIAGGIO CON STEFANO  E PAOLO, FINO ALLA FINE DEL MONDO PER IL COMITATO POLLICINO.&#8221; &#8212; Radio Pi\u00f9\" src=\"https:\/\/www.radiopiu.net\/wordpress\/tappa9\/embed\/#?secret=Mf5zktpwoK#?secret=QpqYZ7YF1V\" data-secret=\"QpqYZ7YF1V\" width=\"600\" height=\"338\" frameborder=\"0\" marginwidth=\"0\" marginheight=\"0\" scrolling=\"no\"><\/iframe><\/p>\n<p>&nbsp;<\/p>\n<hr \/>\n<p>&nbsp;<\/p>\n<blockquote>\n<h3>BANDO DI CONCORSO PER UN OPERAIO-MURATORE<\/h3>\n<\/blockquote>\n<p><strong><a class=\"dt-pswp-item\" href=\"https:\/\/www.radiopiu.net\/wordpress\/wp-content\/uploads\/2020\/09\/FALCADE-1.jpg\" data-dt-img-description=\"\" data-large_image_width=\"960\" data-large_image_height=\"720\"><img loading=\"lazy\" decoding=\"async\" class=\"wp-image-163186 alignleft\" src=\"https:\/\/www.radiopiu.net\/wordpress\/wp-content\/uploads\/2020\/09\/FALCADE-1-300x225.jpg\" alt=\"\" width=\"167\" height=\"125\" srcset=\"https:\/\/www.radiopiu.net\/wordpress\/wp-content\/uploads\/2020\/09\/FALCADE-1-300x225.jpg 300w, https:\/\/www.radiopiu.net\/wordpress\/wp-content\/uploads\/2020\/09\/FALCADE-1-768x576.jpg 768w, https:\/\/www.radiopiu.net\/wordpress\/wp-content\/uploads\/2020\/09\/FALCADE-1-640x480.jpg 640w, https:\/\/www.radiopiu.net\/wordpress\/wp-content\/uploads\/2020\/09\/FALCADE-1.jpg 960w\" sizes=\"auto, (max-width: 167px) 100vw, 167px\" \/><\/a>FALCADE<\/strong>\u00a0Il Comune ha indetto un concorso pubblico\u00a0 per l&#8217;assunzione, a tempo pieno e indeterminato, di\u00a0 un operaio specializzato autista-muratore \u2013 area tecnica. Le domande di partecipazione dovranno pervenire al Comune di Falcade entro il 7 novembre alle 18, secondo le modalit\u00e0 previste dal Bando di Concorso pubblicato sul sito istituzionale dell\u2019Ente. Per ogni informazione, i candidati potranno rivolgersi al Comune di Falcade (tel. 0437-599735 &#8211; cell. 347\/1521259; posta elettronica: <a href=\"mailto:segretario.falcade@agordino.bl.it\">segretario.falcade@agordino.bl.it<\/a>\u00a0oppure <a href=\"mailto:ragioneria.falcade@agordino.bl.it\">ragioneria.falcade@agordino.bl.it<\/a>).<\/p>\n<p>&nbsp;<\/p>\n<hr \/>\n<p>&nbsp;<\/p>\n<blockquote>\n<h2>NEL RICORDO DELLE VITTIME DELLA GUERRA E DELL&#8217;ALLUVIONE<\/h2>\n<\/blockquote>\n<p><strong>FALCADE<\/strong> Il sindaco Mauro Salvaterra a nome dell&#8217;amminsitrazione comunale e della cittadinanza ricorda con commozione e riconoscenza i cittadini caduti in guerra e periti nell&#8217;alluvione del 1966. Venerdi 4 novembre la celebrazione alle 14 in piazza a Somor nell&#8217;anniversario della grande alluvione, in caso di maltempo la messa verr\u00e0 celebrata in chiesa a Falcade Alto.<\/p>\n<blockquote><p><em>Nel ricordo dei Caduti di tutte le guerre, con la speranza di un futuro di pace<\/em><\/p><\/blockquote>\n<p>Domenica 6 novembre festa dell&#8217;Unit\u00e0 Nazionale e delle Forze Armate con la messa alle 10.30 in chiesa a Falcade, al termine la deposizione della corona al Monumento dei Caduti e presso le altre lapidi a ricordo. Con la partecipazione dei gruppi Ana di Falcade, Caviola-Cime d&#8217;Auta, Canale d&#8217;Agordo-Caviola.<\/p>\n<p>&nbsp;<\/p>\n<hr \/>\n<p>&nbsp;<\/p>\n<blockquote>\n<h3>L&#8217;ARMA AGLI AGENTI DI PUBBLICA SICUREZZA<\/h3>\n<\/blockquote>\n<p><strong>FALCADE<\/strong> Giovedi alle 20 consiglio comunale a Falcade, all&#8217;ordine del giorno l&#8217;approvazione della convenzione per la gestione del servizio dell&#8217;ufficio di segretario comunale con i Comuni di Veggiano, Fonzaso, Vallada, e Colle Santa Lucia; modifiche al regolamento di Polizia Municipale e dall&#8217;armamento degli agenti di pubblica sicurezza;\u00a0 12^ variazione al bilancio.<\/p>\n<blockquote>\n<h3>VENERDI IL CONSIGLIO DELL&#8217;UNIONE MONTANA AGORDINA<\/h3>\n<\/blockquote>\n<p><strong>AGORDO<\/strong> Venerdi alle 20.30 consiglio dell&#8217;Unione Montana Agordina in Sala Don Tamis. All&#8217;ordine del giorno la variazione al bilancio, l&#8217;affidamento in house della gestione del ciclo integrato dei rifiuti da parte del consiglio di bacino e comunicazioni del presidente Paolo Frena.<\/p>\n<p>&nbsp;<\/p>\n<p>&nbsp;<\/p>\n<hr \/>\n<p>&nbsp;<\/p>\n<blockquote>\n<h3>A CENCENIGHE, NOF FILO&#8217;, QUATTRO\u00a0 INCONTRI CON PETTIROSSO AGORDINO<\/h3>\n<\/blockquote>\n<p><strong><a class=\"dt-pswp-item\" href=\"https:\/\/www.radiopiu.net\/wordpress\/wp-content\/uploads\/2022\/05\/petti.jpg\" data-dt-img-description=\"\" data-large_image_width=\"269\" data-large_image_height=\"131\"><img loading=\"lazy\" decoding=\"async\" class=\"size-full wp-image-275145 alignleft\" src=\"https:\/\/www.radiopiu.net\/wordpress\/wp-content\/uploads\/2022\/05\/petti.jpg\" alt=\"\" width=\"269\" height=\"131\" \/><\/a>CENCENIGHE<\/strong>\u00a0Il 2 novembre sar\u00e0 affrontato il tema &#8220;Come districarsi fra burocrazia, ausili e movimentazioni&#8221; con Stefano Masini (assistente sociale di Asca) e Roberto Agnolet (fisioterapista) su &#8220;Come posso facilitare le autonomie?&#8221;. Il 9 novembre l&#8217;argomento trattato da Cristina Balest (educatrice) e Letizia Collazuol (coordinatrice dell&#8217;equipe Sersa) sar\u00e0 &#8220;La gestione della persona con demenza in struttura&#8221;. Conclusione il 16 novembre con &#8220;L&#8217;impegno a tempo pieno di chi assiste la persona con demenza&#8221; in cui Erica Calvi (psicologa di Sersa) evidenzier\u00e0 la fatica invisibile di chi si prende cura di una persona malata.<\/p>\n<p><strong>di Gianni Santomaso<\/strong><\/p>\n<audio class=\"wp-audio-shortcode\" id=\"audio-304064-8\" preload=\"none\" style=\"width: 100%;\" controls=\"controls\"><source type=\"audio\/mpeg\" src=\"https:\/\/www.radiopiu.net\/wordpress\/wp-content\/uploads\/2022\/10\/GIANNI-PETTIROSSO.mp3?_=8\" \/><a href=\"https:\/\/www.radiopiu.net\/wordpress\/wp-content\/uploads\/2022\/10\/GIANNI-PETTIROSSO.mp3\">https:\/\/www.radiopiu.net\/wordpress\/wp-content\/uploads\/2022\/10\/GIANNI-PETTIROSSO.mp3<\/a><\/audio>\n<h3 class=\"entry-title\"><\/h3>\n<hr \/>\n<p>&nbsp;<\/p>\n<blockquote>\n<h3>BELLUNO. DALLA PRIMA GUERRA MONDIALE AL REGIO ISTITUTO TECNICO INDUSTRIALE CHE FU INTITOLATO A GIROLAMO SEGATO<\/h3>\n<\/blockquote>\n<p><strong>di\u00a0 RENATO BONA<\/strong><\/p>\n<p>Con la collaborazione di Dino Bridda e Paolo Conte, Luigi Rivis ha realizzato (stampa tipografia Piave, ottobre 2005) a cura di Assindustria Belluno, col sostegno di varie realt\u00e0 aziendali ed il patrocinio e contributo di vari enti, il libro dal titolo: \u201cBelluno 1905-2005: un secolo dell\u2019Istituto Tecnico Industriale \u2018Girolamo Segato\u2019\u201d del quale, fra l\u2019altro, fu dapprima allievo e quindi docente. Da sottolineare, come scriveva l\u2019autore, che \u201ci contributi ottenuti dalla distribuzione del volume saranno utilizzati per il completamento dell\u2019area museale dell\u2019Istituto (che attualmente \u00e8 attivo nelle specializzazioni elettronica e telecomunicazioni, elettrotecnica ed automazione, informatica, meccanica, termotecnica, e nei corsi serali). Rivis ricorda che \u201cAl momento dello scoppio della prima guerra mondiale la situazione della Scuola industriale era florida sotto parecchi aspetti; ma dal 1915, con l\u2019entrata in campo dell\u2019Italia, cominci\u00f2 inevitabilmente a denunciare qualche flessione. E a precipitare dopo la rotta di Caporetto che vide le truppe austro-ungariche entrare in Belluno nel periodo che pass\u00f2 alla storia come \u2018l\u2019an de la fan\u2019: cess\u00f2 infatti bruscamente di funzionare la Scuola industriale di cui tutti i locali furono adibiti dall\u2019occupante a \u2018ospedale e bagni militari\u2019 ed il personale and\u00f2 profugo in varie regioni italiane. Fortunatamente il 1. novembre 1918 rientrarono a Belluno le armate italiane ed il prof. Vittorio Zanon, seguito a dicembre dall\u2019ing. Sartori \u201cverific\u00f2 lo stato della Scuola in vista della ripresa delle normali condizioni di vita della citt\u00e0: erano disastrose, con i tre fabbricati quasi completamente spogli. Si capisce dunque perch\u00e9 nel maggio 1919 il Ministero dell\u2019industria e del commercio assegn\u00f2 alla Scuola un sussidio straordinario di 50 mila lire per la sua pronta ricostituzione ed il Ministero per le terre liberate concesse 40 mila lire in conto risarcimento danni di guerra. Dal 1. maggio 1929 furono realizzati impianti mobili ed arredi per una spesa di 80 mila lire. La riparazione generale dei tre fabbricati fu affidata all\u2019Ufficio lavori del Genio militare e procedette \u201ccon lodevole sollecitudine e con molta diligenza per il particolare interessamento del direttore sig. Generale Dal Fabbro, che accolse tutte le richieste e proposte avanzate dalla scuola allo scopo di rimettere gli edifici nelle condizioni primitive. Alla ricostruzione parteciparono anche ex allievi fra i quali il tenente Andrea Prosdocimi ed il capitano Antonio Norcen che avevano conseguito la licenza di elettromeccanici. Le officine restaurate furono riaperte nell\u2019estate del 1919. Il nuovo anno scolastico per licenziati, con 122 iscritti, fu avviato il 1 dicembre dello stesso anno. L\u2019autore non omette di riferire che tra le tante e pesanti conseguenze del primo conflitto mondiale la Scuola industriale di Belluno dovette subire anche quella della perdita di alunni ex ex allievi caduti sul fronte: 16 su 138 licenziati fino al 1917. Rammenta quindi che nel tempo la Scuola tecnica registr\u00f2 varie trasformazioni e che il 16 settembre 1936 il Regio istituto tecnico industriale bellunese prese il nome di Girolamo Segato, nativo di Vedana di Sospirolo (Belluno), che fu famoso scienziato, esploratore, naturalista, cartografo e geografo. Una curiosit\u00e0: il 24 settembre 1938 Mussolini visit\u00f2 il Regio Istituto e fra l\u2019altro assistette ad una esercitazione di cantiere degli allievi periti edilil. E siamo al 1. novembre 1939 quando il presidente del consiglio di amministrazione ing. Adriano Barcelloni Corte comunic\u00f2 la nomina a preside del \u201cSegato\u201d dell\u2019ing. Ubaldo Bracalenti, proveniente dall\u2019Istituto di Fermo. Concludiamo sottolineando che il pregevole lavoro di Rivis ha compreso anche la narrazione di tante altre vicende legate alla seconda guerra mondiale e fra molte altre, per ricordare ad esempio che il 23 novembre 1952 veniva inaugurata la nuova sede della Scuola di avviamento e dell\u2019Istituto professionale femminile; infine quella che a seguito della catastrofe del Vajont del 9 ottobre 1963 il \u201cSegato\u201ddovette annoverare tra le vittime anche proprio personale e che in occasione del primo anniversario del disastro don Luciano Baraviera che all\u2019Iti era docente, celebr\u00f2 nel cortile della scuola un rito religioso nel ricordo delle vittime.<\/p>\n\n\t\t\t<style type='text\/css'>\n\t\t\t\t#gallery-8 {\n\t\t\t\t\tmargin: auto;\n\t\t\t\t}\n\t\t\t\t#gallery-8 .gallery-item {\n\t\t\t\t\tfloat: left;\n\t\t\t\t\tmargin-top: 10px;\n\t\t\t\t\ttext-align: center;\n\t\t\t\t\twidth: 12%;\n\t\t\t\t}\n\t\t\t\t#gallery-8 img {\n\t\t\t\t\tborder: 2px solid #cfcfcf;\n\t\t\t\t}\n\t\t\t\t#gallery-8 .gallery-caption {\n\t\t\t\t\tmargin-left: 0;\n\t\t\t\t}\n\t\t\t\t\/* see gallery_shortcode() in wp-includes\/media.php *\/\n\t\t\t<\/style>\n\t\t<div id='gallery-8' class='dt-gallery-container gallery galleryid-304064 gallery-columns-8 gallery-size-thumbnail'><dl class='gallery-item'>\n\t\t\t\t<dt class='gallery-icon landscape'>\n\t\t\t\t\t<a class=\"rollover rollover-zoom dt-pswp-item\" title=\"313502459_878246149844316_1561700287910856620_n\" data-dt-img-description=\"\" data-large_image_width=\"320\" data-large_image_height=\"201\"href='https:\/\/www.radiopiu.net\/wordpress\/wp-content\/uploads\/2022\/10\/313502459_878246149844316_1561700287910856620_n.jpg'><img loading=\"lazy\" decoding=\"async\" width=\"150\" height=\"150\" src=\"https:\/\/www.radiopiu.net\/wordpress\/wp-content\/uploads\/2022\/10\/313502459_878246149844316_1561700287910856620_n-150x150.jpg\" class=\"attachment-thumbnail size-thumbnail\" alt=\"\" \/><\/a>\n\t\t\t\t<\/dt><\/dl><dl class='gallery-item'>\n\t\t\t\t<dt class='gallery-icon landscape'>\n\t\t\t\t\t<a class=\"rollover rollover-zoom dt-pswp-item\" title=\"312817721_510739004277107_7844617749003859286_n\" data-dt-img-description=\"\" data-large_image_width=\"280\" data-large_image_height=\"203\"href='https:\/\/www.radiopiu.net\/wordpress\/wp-content\/uploads\/2022\/10\/312817721_510739004277107_7844617749003859286_n.jpg'><img loading=\"lazy\" decoding=\"async\" width=\"150\" height=\"150\" src=\"https:\/\/www.radiopiu.net\/wordpress\/wp-content\/uploads\/2022\/10\/312817721_510739004277107_7844617749003859286_n-150x150.jpg\" class=\"attachment-thumbnail size-thumbnail\" alt=\"\" \/><\/a>\n\t\t\t\t<\/dt><\/dl><dl class='gallery-item'>\n\t\t\t\t<dt class='gallery-icon landscape'>\n\t\t\t\t\t<a class=\"rollover rollover-zoom dt-pswp-item\" title=\"312447622_1486125755233911_3616010662510397139_n\" data-dt-img-description=\"\" data-large_image_width=\"281\" data-large_image_height=\"206\"href='https:\/\/www.radiopiu.net\/wordpress\/wp-content\/uploads\/2022\/10\/312447622_1486125755233911_3616010662510397139_n.jpg'><img loading=\"lazy\" decoding=\"async\" width=\"150\" height=\"150\" src=\"https:\/\/www.radiopiu.net\/wordpress\/wp-content\/uploads\/2022\/10\/312447622_1486125755233911_3616010662510397139_n-150x150.jpg\" class=\"attachment-thumbnail size-thumbnail\" alt=\"\" \/><\/a>\n\t\t\t\t<\/dt><\/dl><dl class='gallery-item'>\n\t\t\t\t<dt class='gallery-icon portrait'>\n\t\t\t\t\t<a class=\"rollover rollover-zoom dt-pswp-item\" title=\"312214309_651386493121422_6674554134563288627_n\" data-dt-img-description=\"\" data-large_image_width=\"152\" data-large_image_height=\"225\"href='https:\/\/www.radiopiu.net\/wordpress\/wp-content\/uploads\/2022\/10\/312214309_651386493121422_6674554134563288627_n.jpg'><img loading=\"lazy\" decoding=\"async\" width=\"150\" height=\"150\" src=\"https:\/\/www.radiopiu.net\/wordpress\/wp-content\/uploads\/2022\/10\/312214309_651386493121422_6674554134563288627_n-150x150.jpg\" class=\"attachment-thumbnail size-thumbnail\" alt=\"\" \/><\/a>\n\t\t\t\t<\/dt><\/dl><dl class='gallery-item'>\n\t\t\t\t<dt class='gallery-icon portrait'>\n\t\t\t\t\t<a class=\"rollover rollover-zoom dt-pswp-item\" title=\"306022612_1287366545378281_6685218296294549278_n\" data-dt-img-description=\"\" data-large_image_width=\"160\" data-large_image_height=\"200\"href='https:\/\/www.radiopiu.net\/wordpress\/wp-content\/uploads\/2022\/10\/306022612_1287366545378281_6685218296294549278_n.jpg'><img loading=\"lazy\" decoding=\"async\" width=\"150\" height=\"150\" src=\"https:\/\/www.radiopiu.net\/wordpress\/wp-content\/uploads\/2022\/10\/306022612_1287366545378281_6685218296294549278_n-150x150.jpg\" class=\"attachment-thumbnail size-thumbnail\" alt=\"\" \/><\/a>\n\t\t\t\t<\/dt><\/dl><dl class='gallery-item'>\n\t\t\t\t<dt class='gallery-icon portrait'>\n\t\t\t\t\t<a class=\"rollover rollover-zoom dt-pswp-item\" title=\"311476554_830162941640729_2078117946549656546_n\" data-dt-img-description=\"\" data-large_image_width=\"156\" data-large_image_height=\"206\"href='https:\/\/www.radiopiu.net\/wordpress\/wp-content\/uploads\/2022\/10\/311476554_830162941640729_2078117946549656546_n.jpg'><img loading=\"lazy\" decoding=\"async\" width=\"150\" height=\"150\" src=\"https:\/\/www.radiopiu.net\/wordpress\/wp-content\/uploads\/2022\/10\/311476554_830162941640729_2078117946549656546_n-150x150.jpg\" class=\"attachment-thumbnail size-thumbnail\" alt=\"\" \/><\/a>\n\t\t\t\t<\/dt><\/dl><dl class='gallery-item'>\n\t\t\t\t<dt class='gallery-icon portrait'>\n\t\t\t\t\t<a class=\"rollover rollover-zoom dt-pswp-item\" title=\"313343933_1182942995905893_936474106785364190_n\" data-dt-img-description=\"\" data-large_image_width=\"156\" data-large_image_height=\"206\"href='https:\/\/www.radiopiu.net\/wordpress\/wp-content\/uploads\/2022\/10\/313343933_1182942995905893_936474106785364190_n.jpg'><img loading=\"lazy\" decoding=\"async\" width=\"150\" height=\"150\" src=\"https:\/\/www.radiopiu.net\/wordpress\/wp-content\/uploads\/2022\/10\/313343933_1182942995905893_936474106785364190_n-150x150.jpg\" class=\"attachment-thumbnail size-thumbnail\" alt=\"\" \/><\/a>\n\t\t\t\t<\/dt><\/dl><dl class='gallery-item'>\n\t\t\t\t<dt class='gallery-icon portrait'>\n\t\t\t\t\t<a class=\"rollover rollover-zoom dt-pswp-item\" title=\"311033199_435443515209940_709021700668850315_n\" data-dt-img-description=\"\" data-large_image_width=\"160\" data-large_image_height=\"202\"href='https:\/\/www.radiopiu.net\/wordpress\/wp-content\/uploads\/2022\/10\/311033199_435443515209940_709021700668850315_n.jpg'><img loading=\"lazy\" decoding=\"async\" width=\"150\" height=\"150\" src=\"https:\/\/www.radiopiu.net\/wordpress\/wp-content\/uploads\/2022\/10\/311033199_435443515209940_709021700668850315_n-150x150.jpg\" class=\"attachment-thumbnail size-thumbnail\" alt=\"\" \/><\/a>\n\t\t\t\t<\/dt><\/dl><br style=\"clear: both\" \/><dl class='gallery-item'>\n\t\t\t\t<dt class='gallery-icon portrait'>\n\t\t\t\t\t<a class=\"rollover rollover-zoom dt-pswp-item\" title=\"306012404_675300500585847_8521532414229337075_n\" data-dt-img-description=\"\" data-large_image_width=\"166\" data-large_image_height=\"206\"href='https:\/\/www.radiopiu.net\/wordpress\/wp-content\/uploads\/2022\/10\/306012404_675300500585847_8521532414229337075_n.jpg'><img loading=\"lazy\" decoding=\"async\" width=\"150\" height=\"150\" src=\"https:\/\/www.radiopiu.net\/wordpress\/wp-content\/uploads\/2022\/10\/306012404_675300500585847_8521532414229337075_n-150x150.jpg\" class=\"attachment-thumbnail size-thumbnail\" alt=\"\" \/><\/a>\n\t\t\t\t<\/dt><\/dl><dl class='gallery-item'>\n\t\t\t\t<dt class='gallery-icon landscape'>\n\t\t\t\t\t<a class=\"rollover rollover-zoom dt-pswp-item\" title=\"311958419_688297462892256_5342681005861677164_n\" data-dt-img-description=\"\" data-large_image_width=\"296\" data-large_image_height=\"203\"href='https:\/\/www.radiopiu.net\/wordpress\/wp-content\/uploads\/2022\/10\/311958419_688297462892256_5342681005861677164_n.jpg'><img loading=\"lazy\" decoding=\"async\" width=\"150\" height=\"150\" src=\"https:\/\/www.radiopiu.net\/wordpress\/wp-content\/uploads\/2022\/10\/311958419_688297462892256_5342681005861677164_n-150x150.jpg\" class=\"attachment-thumbnail size-thumbnail\" alt=\"\" \/><\/a>\n\t\t\t\t<\/dt><\/dl><dl class='gallery-item'>\n\t\t\t\t<dt class='gallery-icon portrait'>\n\t\t\t\t\t<a class=\"rollover rollover-zoom dt-pswp-item\" title=\"308991675_1180028456241510_5426727397280733246_n\" data-dt-img-description=\"\" data-large_image_width=\"154\" data-large_image_height=\"260\"href='https:\/\/www.radiopiu.net\/wordpress\/wp-content\/uploads\/2022\/10\/308991675_1180028456241510_5426727397280733246_n.jpg'><img loading=\"lazy\" decoding=\"async\" width=\"150\" height=\"150\" src=\"https:\/\/www.radiopiu.net\/wordpress\/wp-content\/uploads\/2022\/10\/308991675_1180028456241510_5426727397280733246_n-150x150.jpg\" class=\"attachment-thumbnail size-thumbnail\" alt=\"\" \/><\/a>\n\t\t\t\t<\/dt><\/dl><dl class='gallery-item'>\n\t\t\t\t<dt class='gallery-icon landscape'>\n\t\t\t\t\t<a class=\"rollover rollover-zoom dt-pswp-item\" title=\"308780963_3404309229889087_4712646002125809648_n\" data-dt-img-description=\"\" data-large_image_width=\"350\" data-large_image_height=\"206\"href='https:\/\/www.radiopiu.net\/wordpress\/wp-content\/uploads\/2022\/10\/308780963_3404309229889087_4712646002125809648_n.jpg'><img loading=\"lazy\" decoding=\"async\" width=\"150\" height=\"150\" src=\"https:\/\/www.radiopiu.net\/wordpress\/wp-content\/uploads\/2022\/10\/308780963_3404309229889087_4712646002125809648_n-150x150.jpg\" class=\"attachment-thumbnail size-thumbnail\" alt=\"\" \/><\/a>\n\t\t\t\t<\/dt><\/dl><dl class='gallery-item'>\n\t\t\t\t<dt class='gallery-icon landscape'>\n\t\t\t\t\t<a class=\"rollover rollover-zoom dt-pswp-item\" title=\"307509139_1073750009984404_2671885796324557268_n\" data-dt-img-description=\"\" data-large_image_width=\"319\" data-large_image_height=\"206\"href='https:\/\/www.radiopiu.net\/wordpress\/wp-content\/uploads\/2022\/10\/307509139_1073750009984404_2671885796324557268_n.jpg'><img loading=\"lazy\" decoding=\"async\" width=\"150\" height=\"150\" src=\"https:\/\/www.radiopiu.net\/wordpress\/wp-content\/uploads\/2022\/10\/307509139_1073750009984404_2671885796324557268_n-150x150.jpg\" class=\"attachment-thumbnail size-thumbnail\" alt=\"\" \/><\/a>\n\t\t\t\t<\/dt><\/dl><dl class='gallery-item'>\n\t\t\t\t<dt class='gallery-icon landscape'>\n\t\t\t\t\t<a class=\"rollover rollover-zoom dt-pswp-item\" title=\"311973912_503868108326704_4570973681082646803_n\" data-dt-img-description=\"\" data-large_image_width=\"320\" data-large_image_height=\"202\"href='https:\/\/www.radiopiu.net\/wordpress\/wp-content\/uploads\/2022\/10\/311973912_503868108326704_4570973681082646803_n.jpg'><img loading=\"lazy\" decoding=\"async\" width=\"150\" height=\"150\" src=\"https:\/\/www.radiopiu.net\/wordpress\/wp-content\/uploads\/2022\/10\/311973912_503868108326704_4570973681082646803_n-150x150.jpg\" class=\"attachment-thumbnail size-thumbnail\" alt=\"\" \/><\/a>\n\t\t\t\t<\/dt><\/dl><dl class='gallery-item'>\n\t\t\t\t<dt class='gallery-icon portrait'>\n\t\t\t\t\t<a class=\"rollover rollover-zoom dt-pswp-item\" title=\"312455514_3472931159632312_8509473099137908361_n\" data-dt-img-description=\"\" data-large_image_width=\"160\" data-large_image_height=\"224\"href='https:\/\/www.radiopiu.net\/wordpress\/wp-content\/uploads\/2022\/10\/312455514_3472931159632312_8509473099137908361_n.jpg'><img loading=\"lazy\" decoding=\"async\" width=\"150\" height=\"150\" src=\"https:\/\/www.radiopiu.net\/wordpress\/wp-content\/uploads\/2022\/10\/312455514_3472931159632312_8509473099137908361_n-150x150.jpg\" class=\"attachment-thumbnail size-thumbnail\" alt=\"\" \/><\/a>\n\t\t\t\t<\/dt><\/dl><dl class='gallery-item'>\n\t\t\t\t<dt class='gallery-icon landscape'>\n\t\t\t\t\t<a class=\"rollover rollover-zoom dt-pswp-item\" title=\"313338589_677331853823758_6937124750859957533_n\" data-dt-img-description=\"\" data-large_image_width=\"280\" data-large_image_height=\"202\"href='https:\/\/www.radiopiu.net\/wordpress\/wp-content\/uploads\/2022\/10\/313338589_677331853823758_6937124750859957533_n.jpg'><img loading=\"lazy\" decoding=\"async\" width=\"150\" height=\"150\" src=\"https:\/\/www.radiopiu.net\/wordpress\/wp-content\/uploads\/2022\/10\/313338589_677331853823758_6937124750859957533_n-150x150.jpg\" class=\"attachment-thumbnail size-thumbnail\" alt=\"\" \/><\/a>\n\t\t\t\t<\/dt><\/dl><br style=\"clear: both\" \/>\n\t\t\t<\/div>\n\n<p>NELLE FOTO (riproduzioni dal libro di Luigi Rivis): il fabbricato principale dell\u2019Istituto (ex Convitto Tiziano, la cui iscrizioni compare ancora nella facciata posteriore) visto da Piazza Piloni, la foto (collezione Laura Zanolli) risale al 1916-17; la prima pianta ritrovata dei fabbricati scolastici; l\u2019invito per la cerimonia del 15 giugno 1922; la lapide all\u2019ingresso di via Psaro per ricordare i \u201clicenziati\u201d Caduti della Grande Guerra; piedestallo col busto di Domenico Antonio Fabris; e quello di Antonio Marco Federici, inaugurati il 25 giugno 1922; Girolamo Segato in un dipinto del 1953 di Paolo Cavinato all\u2019epoca insegnante all\u2019Itis; il direttore e poi preside Guglielmo Sartori; Aldo Polettini, preside dal 1937 al 1939; Benito Mussolini in visita al Regio Istituto bellunese il 24 settembre 1938; busto nell\u2019atrio di Ubaldo Bracalenti, preside dal 1939 al 1967; fine anni \u201850: allieve sarte dell\u2019Istituto professionale femminile; inaugurazione della Scuola di avviamento professionale femminile il 23 novembre 1952; allievi del professionale in officina aggiustaggio negli anni \u201860; quadro degli aggiustatori meccanici che si sono qualificati ne l 1960-61; 9 ottobre 1964: un anno dopo il Vajont, messa in ricordo di docenti ed allievi vittime della catastrofe.<\/p>\n<p>&nbsp;<\/p>\n<hr \/>\n<p>&nbsp;<\/p>\n<p>&nbsp;<\/p>\n<p>&nbsp;<\/p>\n<div>\n<div class=\"b654a4as d2edcug0\">\n<div class=\"rq0escxv hkbzh7o3 jwdofwj8 n8tt0mok r8blr3vg hyh9befq\">\n<p><a class=\"dt-pswp-item\" href=\"https:\/\/www.radiopiu.net\/wordpress\/wp-content\/uploads\/2020\/10\/pp.jpg\" data-dt-img-description=\"\" data-large_image_width=\"640\" data-large_image_height=\"640\"><img loading=\"lazy\" decoding=\"async\" class=\"wp-image-163678 alignleft\" src=\"https:\/\/www.radiopiu.net\/wordpress\/wp-content\/uploads\/2020\/10\/pp-300x300.jpg\" alt=\"\" width=\"106\" height=\"106\" srcset=\"https:\/\/www.radiopiu.net\/wordpress\/wp-content\/uploads\/2020\/10\/pp-300x300.jpg 300w, https:\/\/www.radiopiu.net\/wordpress\/wp-content\/uploads\/2020\/10\/pp-150x150.jpg 150w, https:\/\/www.radiopiu.net\/wordpress\/wp-content\/uploads\/2020\/10\/pp-125x125.jpg 125w, https:\/\/www.radiopiu.net\/wordpress\/wp-content\/uploads\/2020\/10\/pp-200x200.jpg 200w, https:\/\/www.radiopiu.net\/wordpress\/wp-content\/uploads\/2020\/10\/pp-80x80.jpg 80w, https:\/\/www.radiopiu.net\/wordpress\/wp-content\/uploads\/2020\/10\/pp-480x480.jpg 480w, https:\/\/www.radiopiu.net\/wordpress\/wp-content\/uploads\/2020\/10\/pp.jpg 640w\" sizes=\"auto, (max-width: 106px) 100vw, 106px\" \/><\/a><\/p>\n<\/div>\n<\/div>\n<\/div>\n<div>\n<div class=\"page-title-head hgroup\">\n<div class=\"page-title-head hgroup\">\n<div class=\"b654a4as d2edcug0\">\n<div class=\"j83agx80 btwxx1t3 lhclo0ds hop8lmos nkwizq5d scwd0bx6 roh60bw9\">\n<div class=\"rq0escxv hkbzh7o3 jwdofwj8 n8tt0mok r8blr3vg hyh9befq\">\n<div class=\"do00u71z l9j0dhe7 k4urcfbm\">\n<h2><span style=\"color: #000080;\">DON CESARE, IL PENSIERO DEL GIORNO. ALLA RADIO ALLE 7 DEL MATTINO E ALLE 19.30 DELLA SERA<\/span><\/h2>\n<\/div>\n<\/div>\n<\/div>\n<\/div>\n<\/div>\n<\/div>\n<\/div>\n<audio class=\"wp-audio-shortcode\" id=\"audio-304064-9\" preload=\"none\" style=\"width: 100%;\" controls=\"controls\"><source type=\"audio\/mpeg\" src=\"https:\/\/www.radiopiu.net\/wordpress\/wp-content\/uploads\/2022\/11\/cesare.mp3?_=9\" \/><a href=\"https:\/\/www.radiopiu.net\/wordpress\/wp-content\/uploads\/2022\/11\/cesare.mp3\">https:\/\/www.radiopiu.net\/wordpress\/wp-content\/uploads\/2022\/11\/cesare.mp3<\/a><\/audio>\n<p>&nbsp;<\/p>\n<p>&nbsp;<\/p>\n<hr \/>\n<p>&nbsp;<\/p>\n<h2><span style=\"color: #ff6600;\">COLLAGE OPERAZIONE NOSTALGIA<\/span><\/h2>\n<p><img loading=\"lazy\" decoding=\"async\" class=\"alignleft\" src=\"https:\/\/www.radiopiu.net\/wordpress\/wp-content\/uploads\/2022\/10\/L.-Armstrong.jpg\" width=\"210\" height=\"206\" \/><strong>REDAZIONE<\/strong> <span style=\"font-size: medium;\">Sono 650 le puntate di Collage trasmesse finora e questa settimana terminer\u00e0 la messa in onda delle canzoni in ordine alfabetico con le lettere W, Y, Z ascolteremo tra le altre \u201cWhisky\u201d, \u201cYellow Submarine\u201d, \u201cZiggy Stardust\u201d per poi riprendere la consueta carrellata di musica varia in ossequio alla quale troveremo \u201cEl menestron\u201d dell\u2019Anonima Magnagati che caratterizzer\u00e0 in apertura la trasmissione di gioved\u00ec dedicata ai brani dialettali per concludere la settimana venerd\u00ec con l\u2019accompagnamento della musica di oltre oceano. <\/span><span style=\"font-size: medium;\">Collage va in onda dal luned\u00ec al venerd\u00ec alle 16,00 e alle 23,00 naturalmente su Radiopi\u00f9.<\/span><\/p>\n<p><strong>LA PUNTATA DI LUNEDI N 651<\/strong><\/p>\n<audio class=\"wp-audio-shortcode\" id=\"audio-304064-10\" preload=\"none\" style=\"width: 100%;\" controls=\"controls\"><source type=\"audio\/mpeg\" src=\"https:\/\/www.radiopiu.net\/wordpress\/wp-content\/uploads\/2022\/10\/Collage-651.mp3?_=10\" \/><a href=\"https:\/\/www.radiopiu.net\/wordpress\/wp-content\/uploads\/2022\/10\/Collage-651.mp3\">https:\/\/www.radiopiu.net\/wordpress\/wp-content\/uploads\/2022\/10\/Collage-651.mp3<\/a><\/audio>\n<p>&nbsp;<\/p>\n<hr \/>\n<p>&nbsp;<\/p>\n<p>&nbsp;<\/p>\n<p><img loading=\"lazy\" decoding=\"async\" class=\"aligncenter wp-image-61954 size-full\" src=\"https:\/\/www.radiopiu.net\/wordpress\/wp-content\/uploads\/2018\/09\/viabilita.jpeg\" sizes=\"auto, (max-width: 800px) 100vw, 800px\" srcset=\"https:\/\/www.radiopiu.net\/wordpress\/wp-content\/uploads\/2018\/09\/viabilita.jpeg 800w, https:\/\/www.radiopiu.net\/wordpress\/wp-content\/uploads\/2018\/09\/viabilita-300x38.jpeg 300w, https:\/\/www.radiopiu.net\/wordpress\/wp-content\/uploads\/2018\/09\/viabilita-768x96.jpeg 768w\" alt=\"\" width=\"800\" height=\"100\" \/><\/p>\n<p>&nbsp;<\/p>\n<blockquote>\n<h3>SP 8 DI SAN TOMASO, PROROGATA LA CHIUSURA A FASCE ORARIE FINO ALL&#8217;11 NOVEMBRE<\/h3>\n<\/blockquote>\n<p>Fino all&#8217;11 novembre, esclusi festivi e prefestivi, la strada chiuder\u00e0 totalmente dalle 7.15 alle 12.45 e dalle 14.15 alle 17.45. Negli altri orari senso unico alternato regolato da semaforo.<\/p>\n<p>&nbsp;<\/p>\n<p><strong>AGGIORNAMENTO VENETO STRADE, AGGIORNAMENTO CONTINUO H 24<\/strong><\/p>\n<blockquote class=\"wp-embedded-content\" data-secret=\"XRQATiB4Kp\"><p><a href=\"https:\/\/www.radiopiu.net\/wordpress\/viabilita\/\">viabilita<\/a><\/p><\/blockquote>\n<p><iframe loading=\"lazy\" class=\"wp-embedded-content\" sandbox=\"allow-scripts\" security=\"restricted\" style=\"position: absolute; clip: rect(1px, 1px, 1px, 1px);\" title=\"&#8220;viabilita&#8221; &#8212; Radio Pi\u00f9\" src=\"https:\/\/www.radiopiu.net\/wordpress\/viabilita\/embed\/#?secret=hd2fG31lzu#?secret=XRQATiB4Kp\" data-secret=\"XRQATiB4Kp\" width=\"600\" height=\"338\" frameborder=\"0\" marginwidth=\"0\" marginheight=\"0\" scrolling=\"no\"><\/iframe><\/p>\n<p>&nbsp;<\/p>\n<p>&nbsp;<\/p>\n<hr \/>\n<p>&nbsp;<\/p>\n<p><a class=\"dt-pswp-item\" href=\"https:\/\/www.radiopiu.net\/wordpress\/wp-content\/uploads\/2018\/09\/WhatsApp-Image-2018-09-20-at-16.04.06.jpeg\" data-dt-img-description=\"\" data-large_image_width=\"800\" data-large_image_height=\"100\"><img loading=\"lazy\" decoding=\"async\" class=\"wp-image-61378 size-full aligncenter\" src=\"https:\/\/www.radiopiu.net\/wordpress\/wp-content\/uploads\/2018\/09\/WhatsApp-Image-2018-09-20-at-16.04.06.jpeg\" alt=\"\" width=\"800\" height=\"100\" srcset=\"https:\/\/www.radiopiu.net\/wordpress\/wp-content\/uploads\/2018\/09\/WhatsApp-Image-2018-09-20-at-16.04.06.jpeg 800w, https:\/\/www.radiopiu.net\/wordpress\/wp-content\/uploads\/2018\/09\/WhatsApp-Image-2018-09-20-at-16.04.06-300x38.jpeg 300w, https:\/\/www.radiopiu.net\/wordpress\/wp-content\/uploads\/2018\/09\/WhatsApp-Image-2018-09-20-at-16.04.06-768x96.jpeg 768w\" sizes=\"auto, (max-width: 800px) 100vw, 800px\" \/>\u00a0<\/a><\/p>\n<p><center><b>Martedi 1<\/b><\/center><b>Tempo atteso: <\/b>Dopo i residui tratti soleggiati del primo mattino, ci sar\u00e0 una crescente copertura nuvolosa, dapprima alta con velature del cielo, poi medio-alta, in grado di mascherare del tutto il cielo e il sole dal pomeriggio in poi. Verso sera l&#8217;ulteriore intensificazione della nuvolosit\u00e0 e non sar\u00e0 da esclude qualche modestissimo fenomeno. Contesto termico diurno meno mite dei giorni precedenti nelle valli, addirittura un po&#8217; pi\u00f9 fresco in quota.<br \/>\n<b>Precipitazioni: <\/b>Assenti in giornata (0%). In serata e nelle notte eventuali debolissime precipitazioni (20\/30%) sulla fascia prealpina e la pedemontana. Probabilit\u00e0 che dovrebbe rimanere pressoch\u00e9 assente altrove (10%).<br \/>\n<b>Temperature: <\/b>In generale calo, eccetto le minime nelle valli che, in alcuni casi, potranno risultare stazionarie. Previste punte di 16\/18\u00b0C nei fondovalle prealpini e di 12\/15\u00b0C a 1000-1200 m. Su Prealpi a 1500 m min 10\u00b0C max 13\u00b0C, a 2000 m min 7\u00b0C max 9\u00b0C. Su Dolomiti a 2000 m min 6\u00b0C max 9\u00b0C, a 3000 m min -1\u00b0C max 2\u00b0C.<br \/>\n<b>Venti: <\/b>Nelle valli deboli per brezze, salvo lievi rinforzi nei settori solitamente pi\u00f9 ventilati; in quota moderati\/tesi da sud-ovest tra la notte e il mattino, da nord-ovest in netta attenuazione nel tardo pomeriggio sera, a 5-20 km\/h a 2000 m e 15-45 km\/h a 3000 m.<\/p>\n<hr \/>\n<p><center><b>Mercoledi 2<\/b><\/center><b>Tempo atteso: <\/b>Al mattino tratti soleggiati, anche duraturi, e prime nubi medie stratiformi; non escluso qualche banco di nubi basse su alcuni settori prealpini. Dalle ore centrali in poi intensificazione della nuvolosit\u00e0 su tutta la montagna veneta fino a cielo coperto ovunque. In questo contesto sempre pi\u00f9 uggioso non sar\u00e0 da escludere qualche debolissima pioggia. La riduzione del soleggiamento e la maggiore umidit\u00e0 porranno fine alla mitezza dei giorni precedenti.<br \/>\n<b>Precipitazioni: <\/b>Al mattino assenti (0%); al pomeriggio\/sera probabilit\u00e0 medio-bassa di debolissimi precipitazioni intermittenti (40-50%), con nevischio sopra i 2400 m.<br \/>\n<b>Temperature: <\/b>In generale lieve diminuzione, salvo qualche aumento nei fondovalle in caso di copertura nuvolosa per nubi basse notturne. Su Prealpi a 1500 m min 7\u00b0C max 10\u00b0C, a 2000 m min 5\u00b0C max 7\u00b0C. Su Dolomiti a 2000 m min 4\u00b0C max 7\u00b0C, a 3000 m min -2\u00b0C max 0\u00b0C.<br \/>\n<b>Venti: <\/b>Nelle valli perlopi\u00f9 deboli di direzione variabile; in quota deboli o a tratti moderati dai quadranti occidentali, oscillando tra nord-ovest e sud-ovest nel corso della giornata, a 5-10 km\/h a 2000 m e 10-15 km\/h a 3000 m.<\/p>\n<hr \/>\n<p><center><b>Giovedi 3<\/b><\/center>Cielo perlopi\u00f9 nuvoloso o molto nuvoloso per nubi stratiformi medie e alte, localmente anche basse. Le chance di schiarite saranno assai remote, anzi, dalle ore centrali in poi, la copertura s&#8217;intensificher\u00e0. In questo contesto cos\u00ec umido non sar\u00e0 da escludere qualche pioviggina in giornata e addirittura qualche debole pioggia serale. Il limite del nevischio si aggirer\u00e0 sui 2200 m. Ulteriore calo termico a tutte le quote, pi\u00f9 apprezzabile nei valori massimi in alta montagna. Nelle valli venti deboli di direzione variabile, in quota moderati da sud-ovest al mattino e tesi\/forti al pomeriggio\/sera.<\/p>\n<hr \/>\n<p><center><b>Venerdi 4<\/b><\/center>Nottetempo peggioramento del tempo fino a risultare spiccatamente perturbato, con cielo coperto e diffuse precipitazioni di moderata intensit\u00e0. Il limite neve si abbasser\u00e0 dai 2100 m iniziali fino sui 1500 m a fine episodio su Dolomiti e 1800 m su Prealpi. Nel corso del pomeriggio miglioramento del tempo, dapprima sulle Dolomiti e in successiva estensione alle Prealpi. Temperature in generale calo, eccetto rialzo delle minime nelle valli. Venti deboli di direzione variabile nelle valli, salvo locali rinforzi al passaggio del fronte freddo; in quota tesi da sud-ovest al mattino, in rotazione da nord-ovest rafforzandosi fino a forti in serata. Previsore: R.L.Th.<\/p>\n<p>&nbsp;<\/p>\n<p>&nbsp;<\/p>\n<p>&nbsp;<\/p>\n<\/div>\n","protected":false},"excerpt":{"rendered":"<p>NEL RICORDO DEI NOSTRI DEFUNTI, CIMITERI ILLUMINATI: CANALE D&#8217;AGORDO\u00a0 \u00a0 RADIO PIU INFORMAZIONE il canale su TELEGRAM informazione di prima\u00a0 mano e in tempo reale. iscriviti ed aiutaci a farlo conoscere\u00a0 ULSS 1 BELLUNO I medici di Medicina Generale della Medicina di Gruppo Belluno Uno,\u00a0 con sede a Belluno, in via Feltre 196, effettueranno la&hellip;<\/p>\n","protected":false},"author":4,"featured_media":304135,"comment_status":"closed","ping_status":"closed","sticky":false,"template":"","format":"standard","meta":{"_monsterinsights_skip_tracking":false,"_monsterinsights_sitenote_active":false,"_monsterinsights_sitenote_note":"","_monsterinsights_sitenote_category":0,"footnotes":""},"categories":[51,86,49],"tags":[],"class_list":["post-304064","post","type-post","status-publish","format-standard","has-post-thumbnail","hentry","category-evidenza-top","category-gr","category-news-18","category-51","category-86","category-49","description-off"],"img_url":"https:\/\/www.radiopiu.net\/wordpress\/wp-content\/uploads\/2022\/10\/fd558af7-9f04-4f61-8274-9f85ac075bf9.jpg","_links":{"self":[{"href":"https:\/\/www.radiopiu.net\/wordpress\/wp-json\/wp\/v2\/posts\/304064","targetHints":{"allow":["GET"]}}],"collection":[{"href":"https:\/\/www.radiopiu.net\/wordpress\/wp-json\/wp\/v2\/posts"}],"about":[{"href":"https:\/\/www.radiopiu.net\/wordpress\/wp-json\/wp\/v2\/types\/post"}],"author":[{"embeddable":true,"href":"https:\/\/www.radiopiu.net\/wordpress\/wp-json\/wp\/v2\/users\/4"}],"replies":[{"embeddable":true,"href":"https:\/\/www.radiopiu.net\/wordpress\/wp-json\/wp\/v2\/comments?post=304064"}],"version-history":[{"count":0,"href":"https:\/\/www.radiopiu.net\/wordpress\/wp-json\/wp\/v2\/posts\/304064\/revisions"}],"wp:featuredmedia":[{"embeddable":true,"href":"https:\/\/www.radiopiu.net\/wordpress\/wp-json\/wp\/v2\/media\/304135"}],"wp:attachment":[{"href":"https:\/\/www.radiopiu.net\/wordpress\/wp-json\/wp\/v2\/media?parent=304064"}],"wp:term":[{"taxonomy":"category","embeddable":true,"href":"https:\/\/www.radiopiu.net\/wordpress\/wp-json\/wp\/v2\/categories?post=304064"},{"taxonomy":"post_tag","embeddable":true,"href":"https:\/\/www.radiopiu.net\/wordpress\/wp-json\/wp\/v2\/tags?post=304064"}],"curies":[{"name":"wp","href":"https:\/\/api.w.org\/{rel}","templated":true}]}}