{"id":304256,"date":"2022-11-03T05:42:04","date_gmt":"2022-11-03T04:42:04","guid":{"rendered":"https:\/\/www.radiopiu.net\/wordpress\/?p=304256"},"modified":"2022-11-03T13:30:20","modified_gmt":"2022-11-03T12:30:20","slug":"giornale-radiopiu-03-novembre-2022-direttore-mirko-mezzacasa","status":"publish","type":"post","link":"https:\/\/www.radiopiu.net\/wordpress\/giornale-radiopiu-03-novembre-2022-direttore-mirko-mezzacasa\/","title":{"rendered":"GIORNALE RADIOPIU 03 NOVEMBRE 2022 DIRETTORE MIRKO MEZZACASA"},"content":{"rendered":"<h3><a class=\"dt-pswp-item\" href=\"https:\/\/www.radiopiu.net\/wordpress\/wp-content\/uploads\/2022\/11\/75678084-fc47-42e9-af6f-f990b2aa40d4.jpg\" data-dt-img-description=\"\" data-large_image_width=\"1600\" data-large_image_height=\"608\"><img loading=\"lazy\" decoding=\"async\" class=\"alignnone wp-image-304265 size-full\" src=\"https:\/\/www.radiopiu.net\/wordpress\/wp-content\/uploads\/2022\/11\/75678084-fc47-42e9-af6f-f990b2aa40d4.jpg\" alt=\"\" width=\"1600\" height=\"608\" srcset=\"https:\/\/www.radiopiu.net\/wordpress\/wp-content\/uploads\/2022\/11\/75678084-fc47-42e9-af6f-f990b2aa40d4.jpg 1600w, https:\/\/www.radiopiu.net\/wordpress\/wp-content\/uploads\/2022\/11\/75678084-fc47-42e9-af6f-f990b2aa40d4-300x114.jpg 300w, https:\/\/www.radiopiu.net\/wordpress\/wp-content\/uploads\/2022\/11\/75678084-fc47-42e9-af6f-f990b2aa40d4-1024x389.jpg 1024w, https:\/\/www.radiopiu.net\/wordpress\/wp-content\/uploads\/2022\/11\/75678084-fc47-42e9-af6f-f990b2aa40d4-768x292.jpg 768w, https:\/\/www.radiopiu.net\/wordpress\/wp-content\/uploads\/2022\/11\/75678084-fc47-42e9-af6f-f990b2aa40d4-1536x584.jpg 1536w\" sizes=\"auto, (max-width: 1600px) 100vw, 1600px\" \/><\/a><\/h3>\n<h3 class=\"kvgmc6g5 cxmmr5t8 oygrvhab hcukyx3x c1et5uql\"><span style=\"color: #ff0000;\"><strong>SU FACEBOOK LA STORICA PAGINA &#8220;RADIO PIU&#8217; EMITTENTE AGORDINA&#8221; HA RAGGIUNTO E SUPERATO NELLA NOTTE I 17MILA ISCRITTI. A TUTTI GRAZIE PER LA FIDUCIA E LA STIMA.\u00a0<\/strong><\/span><\/h3>\n<h3><\/h3>\n<h3 class=\"kvgmc6g5 cxmmr5t8 oygrvhab hcukyx3x c1et5uql\"><span style=\"color: #0000ff;\"><strong>RADIO PIU INFORMAZIONE il canale su TELEGRAM informazione di prima\u00a0 <\/strong><strong>mano e in tempo reale. iscriviti ed aiutaci a farlo conoscere\u00a0\u00a0<\/strong><\/span><\/h3>\n<p>&nbsp;<\/p>\n<p><span style=\"color: #ff0000;\"><a class=\"dt-pswp-item\" href=\"https:\/\/www.radiopiu.net\/wordpress\/wp-content\/uploads\/2018\/08\/ULSS1-DOLOMITI.jpeg\" data-dt-img-description=\"\" data-large_image_width=\"1280\" data-large_image_height=\"768\"><img loading=\"lazy\" decoding=\"async\" class=\"wp-image-57211 alignleft\" src=\"https:\/\/www.radiopiu.net\/wordpress\/wp-content\/uploads\/2018\/08\/ULSS1-DOLOMITI-300x180.jpeg\" alt=\"\" width=\"184\" height=\"110\" srcset=\"https:\/\/www.radiopiu.net\/wordpress\/wp-content\/uploads\/2018\/08\/ULSS1-DOLOMITI-300x180.jpeg 300w, https:\/\/www.radiopiu.net\/wordpress\/wp-content\/uploads\/2018\/08\/ULSS1-DOLOMITI-768x461.jpeg 768w, https:\/\/www.radiopiu.net\/wordpress\/wp-content\/uploads\/2018\/08\/ULSS1-DOLOMITI-1024x614.jpeg 1024w, https:\/\/www.radiopiu.net\/wordpress\/wp-content\/uploads\/2018\/08\/ULSS1-DOLOMITI.jpeg 1280w\" sizes=\"auto, (max-width: 184px) 100vw, 184px\" \/><\/a> <\/span><\/p>\n<p><span style=\"color: #ff0000;\"><strong>\u00a0<\/strong><\/span><\/p>\n<p><span style=\"color: #ff0000;\"><strong>ULSS 1 BELLUNO<\/strong> <span style=\"color: #000000;\">I medici di Medicina Generale della Medicina di Gruppo Belluno Uno,\u00a0 con sede a Belluno, in via Feltre 196, effettueranno la vaccinazione antiinfluenzale per i loro assistiti over 65 e i pazienti fragili in orario di ambulatorio\u00a0 sabato dalle\u00a0 8 alle 11<\/span><\/span><\/p>\n<p>&nbsp;<\/p>\n<p>&nbsp;<\/p>\n<hr \/>\n<p>&nbsp;<\/p>\n<p><strong>STRADA PER RIVAMONTE INTERDETTA AL TRAFFICO IN ORARI LAVORATIVI, DIVIETO DI TRANSITO A FASCE ORARIE PER I MEZZI PESANTI A DON DI GOSALDO<\/strong><\/p>\n<p><strong><a class=\"dt-pswp-item\" href=\"https:\/\/www.radiopiu.net\/wordpress\/wp-content\/uploads\/2020\/05\/d282e9db-a1f1-4fe6-99cc-e839bf290f3c.jpg\" data-dt-img-description=\"Lavori di consolidamento alle banchine stradali e posizionamento guard rail strada prov. 641 (Veneto Strade)\" data-large_image_width=\"1599\" data-large_image_height=\"1200\"><img loading=\"lazy\" decoding=\"async\" class=\"wp-image-136640 alignleft\" src=\"https:\/\/www.radiopiu.net\/wordpress\/wp-content\/uploads\/2020\/05\/d282e9db-a1f1-4fe6-99cc-e839bf290f3c-300x225.jpg\" alt=\"\" width=\"179\" height=\"134\" srcset=\"https:\/\/www.radiopiu.net\/wordpress\/wp-content\/uploads\/2020\/05\/d282e9db-a1f1-4fe6-99cc-e839bf290f3c-300x225.jpg 300w, https:\/\/www.radiopiu.net\/wordpress\/wp-content\/uploads\/2020\/05\/d282e9db-a1f1-4fe6-99cc-e839bf290f3c-1024x768.jpg 1024w, https:\/\/www.radiopiu.net\/wordpress\/wp-content\/uploads\/2020\/05\/d282e9db-a1f1-4fe6-99cc-e839bf290f3c-768x576.jpg 768w, https:\/\/www.radiopiu.net\/wordpress\/wp-content\/uploads\/2020\/05\/d282e9db-a1f1-4fe6-99cc-e839bf290f3c-1536x1153.jpg 1536w, https:\/\/www.radiopiu.net\/wordpress\/wp-content\/uploads\/2020\/05\/d282e9db-a1f1-4fe6-99cc-e839bf290f3c.jpg 1599w\" sizes=\"auto, (max-width: 179px) 100vw, 179px\" \/><\/a><\/strong><strong>SP 347 DI PASSO CEREDA<\/strong>, localit\u00e0 Don di Gosaldo, <span style=\"color: #ff0000;\">dal 2 al 25 novembre<\/span> senso unico alternato h24 compresi sabato e domenica. Divieto di transito ai veicoli con massa superiore a 7,5 tonnellate e lunghezza superiore ai 7 metri dalle 7.30 alle 12.30, dalle 14.35 alle 17.30 (esclusi sabato e domenica)<\/p>\n<p><strong>SP 8 <\/strong><strong>SAN TOMASO<\/strong> Oggi interdizione totale al traffico della provinciale 8\u00a0 dalle 7.15 alle 12.45 e dalle 14.15 alle 17.45. Negli altri orari senso unico alternato (in localit\u00e0 Col Zares\u00e8) regolato da impianto semaforico.<\/p>\n<p><strong>SR 203 AGORDINA SEDICO<\/strong> Dal 2 all&#8217;11 novembre &#8211; sabato e domenica esclusi &#8211; senso unico alternato per tratti di 200 metri in localit\u00e0 La Stanga<\/p>\n<blockquote>\n<h3>PONTE DEL FELICE, RIMANE ANCORA CHIUSO PER LAVORI PROROGATA L&#8217;ORDINANZA AL 3 NOVEMBRE<\/h3>\n<\/blockquote>\n<p>&nbsp;<\/p>\n<hr \/>\n<p>&nbsp;<\/p>\n<blockquote>\n<h3>DENUNCIATI GLI IMBRATTATORI DI VILLA RICCI<\/h3>\n<\/blockquote>\n<p><a class=\"dt-pswp-item\" href=\"https:\/\/www.radiopiu.net\/wordpress\/wp-content\/uploads\/2022\/11\/Senza-nome-2.jpg\" data-dt-img-description=\"\" data-large_image_width=\"546\" data-large_image_height=\"186\"><img loading=\"lazy\" decoding=\"async\" class=\"size-medium wp-image-304363 aligncenter\" src=\"https:\/\/www.radiopiu.net\/wordpress\/wp-content\/uploads\/2022\/11\/Senza-nome-2-300x102.jpg\" alt=\"\" width=\"300\" height=\"102\" srcset=\"https:\/\/www.radiopiu.net\/wordpress\/wp-content\/uploads\/2022\/11\/Senza-nome-2-300x102.jpg 300w, https:\/\/www.radiopiu.net\/wordpress\/wp-content\/uploads\/2022\/11\/Senza-nome-2.jpg 546w\" sizes=\"auto, (max-width: 300px) 100vw, 300px\" \/><\/a><br \/>\n<strong>BELLUNO<\/strong> Si definiscono artisti, ma la parola esatta \u00e8 vandali, autori di danneggiamenti sulle altrui propriet\u00e0, in questo caso i muri lungo Villa Ricci alla Cerva. Hanno trascorso la notte di Halloween disegnando schifezze &#8220;siglate&#8221; Macro e Acer. Poi si sono spinti fino alla sede Inps, dove sono comparse ulteriori scritte spray. Niente di offensivo,\u00a0 ma come nelle occasioni precedenti i proprietari sono pronti a trascinare i giovani autori in tribunale, i cosidetti writers potrebbero avere le ore contate dal momento che su un palo sono montate delle telecamere di videosorveglianza cos&#8217; come\u00a0 all&#8217;ingresso del Ponte degli Alpini.\u00a0 Villa Ricci tra l&#8217;altro \u00e8 un bene tutelato dalla Soprintendenza.<\/p>\n<p>&nbsp;<\/p>\n<hr \/>\n<p>&nbsp;<\/p>\n<blockquote>\n<h3>LUTTO, A LENTIAI, ALLEGHE\u00a0 E CORTINA, UOMINI CHE HANNO LASCIATO UN SEGNO<\/h3>\n<\/blockquote>\n<p><a class=\"dt-pswp-item\" href=\"https:\/\/www.radiopiu.net\/wordpress\/wp-content\/uploads\/2022\/11\/Senza-nome-3.jpg\" data-dt-img-description=\"\" data-large_image_width=\"361\" data-large_image_height=\"378\"><img loading=\"lazy\" decoding=\"async\" class=\"wp-image-304364 alignleft\" src=\"https:\/\/www.radiopiu.net\/wordpress\/wp-content\/uploads\/2022\/11\/Senza-nome-3-287x300.jpg\" alt=\"\" width=\"118\" height=\"123\" srcset=\"https:\/\/www.radiopiu.net\/wordpress\/wp-content\/uploads\/2022\/11\/Senza-nome-3-287x300.jpg 287w, https:\/\/www.radiopiu.net\/wordpress\/wp-content\/uploads\/2022\/11\/Senza-nome-3.jpg 361w\" sizes=\"auto, (max-width: 118px) 100vw, 118px\" \/><\/a><strong>LENTIAI<\/strong> E&#8217; morto Giuseppe Gris, imprenditore e fondatore della Grimont, impegnato anche nel sociale\u00a0 come consigliere comunale,\u00a0 presidente della Soms, la\u00a0 Societ\u00e0 operaia di mutuo soccorso, e del Lentiai calcio. Gris aveva 80 anni, aveva lasciato da una quindicina d&#8217;anni la guida operativa dell&#8217;azienda nata quarant&#8217;anni fa per la produzione di elementi di occhiali. La societ\u00e0 sportiva del calcio Lentiai ha voluto ricordarlo dalla\u00a0 pagina Facebook: <em>\u00abUn uomo che ha fatto tanto per la comunit\u00e0 lentiaiese e che per diversi anni ha ricoperto il ruolo di presidente della nostra societ\u00e0\u00bb<\/em>. L&#8217;ultimo saluto a Giuseppe\u00a0 sabato alle 10,30 nella chiesa di Lentiai.<\/p>\n<p>&nbsp;<\/p>\n<p><strong><a class=\"dt-pswp-item\" href=\"https:\/\/www.radiopiu.net\/wordpress\/wp-content\/uploads\/2022\/11\/Senza-nome-5.jpg\" data-dt-img-description=\"\" data-large_image_width=\"353\" data-large_image_height=\"386\"><img loading=\"lazy\" decoding=\"async\" class=\"wp-image-304369 alignleft\" src=\"https:\/\/www.radiopiu.net\/wordpress\/wp-content\/uploads\/2022\/11\/Senza-nome-5-274x300.jpg\" alt=\"\" width=\"107\" height=\"117\" srcset=\"https:\/\/www.radiopiu.net\/wordpress\/wp-content\/uploads\/2022\/11\/Senza-nome-5-274x300.jpg 274w, https:\/\/www.radiopiu.net\/wordpress\/wp-content\/uploads\/2022\/11\/Senza-nome-5.jpg 353w\" sizes=\"auto, (max-width: 107px) 100vw, 107px\" \/><\/a>CORTINA\u00a0<\/strong> \u00a0E&#8217; mancato Ugo Pompanin Bartoldo, per gli amici Ugo Ba, aveva 96 anni. Faceva parte del gruppo Scoiattoli fin dal 1945 e con i\u00a0 suoi compagni di arrampicata apr\u00ec alcune vie ancora oggi molto frequentate sulla Tofana di Rozes. Insieme all&#8217;ingegner Ugo Illing cre\u00f2 la societ\u00e0 per realizzare la funivia e un rifugio a una cinquantina di metri dalla stazione a monte della funivia. Il rifugio Lagazuoi venne costruito durante l&#8217;estate del 1964. Per otto anni \u00e8 stato presidente delle Regole d&#8217;Ampezzo: unico esempio in Italia di un parco gestito da un ente privato.\u00a0 Come vuole la tradizione, verr\u00e0 portato a spalla in chiesa e in cimitero dai suo compagni di tante avventure in montagna, gli Scoiattoli di Cortina.<\/p>\n<p>&nbsp;<\/p>\n<p><strong><img decoding=\"async\" class=\"alignleft\" src=\"https:\/\/www.radiopiu.net\/wordpress\/wp-content\/uploads\/2022\/11\/Senza-nome-6.jpg\" \/>ALLEGHE<\/strong> E&#8217; mancato all&#8217;improvviso, a soli 58 anni, lasciando nel dolore la moglie Giusi, i figli Diego, (con Debora), Giulia (con Jon), i parenti e i tanti amici. L&#8217;ultimo saluto a Ignazio Soppera, domani alle 14.30 nella chiesa di San Biagio ad Alleghe. Oggi alle 19.30 sempre in chiesa verr\u00e0 recitato il rosario.<\/p>\n<p>&nbsp;<\/p>\n<p>&nbsp;<\/p>\n<p>&nbsp;<\/p>\n<p>&nbsp;<\/p>\n<hr \/>\n<p>&nbsp;<\/p>\n<blockquote>\n<h3>IL BOTTO IN VIA INSURREZIONE AL SORGERE DEL SOLE<\/h3>\n<\/blockquote>\n<p><strong><a class=\"dt-pswp-item\" href=\"https:\/\/www.radiopiu.net\/wordpress\/wp-content\/uploads\/2022\/11\/71689d6a-0bcd-477e-87b7-4fbe0011929f.jpg\" data-dt-img-description=\"\" data-large_image_width=\"1416\" data-large_image_height=\"1292\"><img loading=\"lazy\" decoding=\"async\" class=\"wp-image-304291 alignleft\" src=\"https:\/\/www.radiopiu.net\/wordpress\/wp-content\/uploads\/2022\/11\/71689d6a-0bcd-477e-87b7-4fbe0011929f-300x274.jpg\" alt=\"\" width=\"132\" height=\"121\" srcset=\"https:\/\/www.radiopiu.net\/wordpress\/wp-content\/uploads\/2022\/11\/71689d6a-0bcd-477e-87b7-4fbe0011929f-300x274.jpg 300w, https:\/\/www.radiopiu.net\/wordpress\/wp-content\/uploads\/2022\/11\/71689d6a-0bcd-477e-87b7-4fbe0011929f-1024x934.jpg 1024w, https:\/\/www.radiopiu.net\/wordpress\/wp-content\/uploads\/2022\/11\/71689d6a-0bcd-477e-87b7-4fbe0011929f-768x701.jpg 768w, https:\/\/www.radiopiu.net\/wordpress\/wp-content\/uploads\/2022\/11\/71689d6a-0bcd-477e-87b7-4fbe0011929f.jpg 1416w\" sizes=\"auto, (max-width: 132px) 100vw, 132px\" \/><\/a>AGORDO <\/strong>Due auto si sono scontrate\u00a0 ieri mattina, alle 8.30 all&#8217;altezza del cimitero. Una Mercedes classe A e una Peugeot station wagon si sono urtate lateralmente, lungo la provinciale 347 di Duran e Cereda. L&#8217;impatto \u00e8 stato abbastanza violento e i danni alle fiancate lo stanno a dimostrare, ma non si sono registrati feriti gravi. Sul posto, l&#8217;ambulanza del 118 per le cure del caso, oltre che i carabinieri della stazione per i rilievi di legge sull&#8217;esatta dinamica dell&#8217;incidente e i vigili del fuoco dalla vicina caserma di ponte Brugnach.<\/p>\n<p>&nbsp;<\/p>\n<hr \/>\n<p>&nbsp;<\/p>\n<blockquote>\n<h3>CONTROLLO DEI NAS, VERBALI IN TRE LATTERIE E UN SALUMIFICIO<br \/>\n<a class=\"dt-pswp-item\" href=\"https:\/\/www.radiopiu.net\/wordpress\/wp-content\/uploads\/2022\/11\/Senza-nome-8.jpg\" data-dt-img-description=\"\" data-large_image_width=\"327\" data-large_image_height=\"266\"><img loading=\"lazy\" decoding=\"async\" class=\"wp-image-304380 alignleft\" src=\"https:\/\/www.radiopiu.net\/wordpress\/wp-content\/uploads\/2022\/11\/Senza-nome-8-300x244.jpg\" alt=\"\" width=\"161\" height=\"131\" srcset=\"https:\/\/www.radiopiu.net\/wordpress\/wp-content\/uploads\/2022\/11\/Senza-nome-8-300x244.jpg 300w, https:\/\/www.radiopiu.net\/wordpress\/wp-content\/uploads\/2022\/11\/Senza-nome-8.jpg 327w\" sizes=\"auto, (max-width: 161px) 100vw, 161px\" \/><\/a><\/h3>\n<\/blockquote>\n<p><strong>BELLUNO<\/strong> Controlli su larga scala da parte dei carabinieri del Nas sulle aziende di lavorazione e trasformazione di alimenti maggiormente esposti alla contaminazione da batterio Listeria: sono state ispezionate 1.095 aziende in tutt&#8217;Italia, con 335 strutture in cui sono state riscontrate irregolarit\u00e0. In provincia di Belluno sono elevati verbali a quattro caseifici e un salumificio. Nessuna violazione \u00e8 relativa a\u00a0 Listeria.<\/p>\n<p><em>&#8220;Le listerie&#8221;<\/em>\u00a0(ne esistono 6 specie rilevanti) sono\u00a0<a title=\"Batteri\" href=\"https:\/\/www.my-personaltrainer.it\/salute\/batteri.html\">batteri<\/a> capace di provocare gravi danni per la salute. La\u00a0<em>Listeria monocytogenes<\/em>, in particolare, proliferando negli\u00a0<a title=\"Alimenti e Prodotti alimentari\" href=\"https:\/\/www.my-personaltrainer.it\/alimenti.html\">alimenti<\/a>, se ingerita pu\u00f2 essere causa di una\u00a0tossinfezione alimentare\u00a0(infezione + intossicazione) nota, appunto, come\u00a0<em>listeriosi<\/em>. Pur essendo un microorganismo ubiquitario, la malattia che scatena \u00e8 fortunatamente non troppo diffusa \u2013 anche se i fatti di cronaca dimostrano che non \u00e8 mail il caso di &#8220;abbassare la guardia&#8221; \u2013 ma talvolta grave. Questa patologia \u00e8 tristemente nota soprattutto per i suoi potenziali\u00a0effetti dannosi sul frutto del\u00a0<a title=\"Fecondazione\" href=\"https:\/\/www.my-personaltrainer.it\/salute\/fecondazione.html\">concepimento<\/a>\u00a0(con\u00a0<a title=\"Parto Prematuro\" href=\"https:\/\/www.my-personaltrainer.it\/salute-benessere\/parto-prematuro.html\">parto prematuro<\/a>\u00a0e\/o morte del\u00a0<a title=\"Sviluppo dell'Embrione e del Feto\" href=\"https:\/\/www.my-personaltrainer.it\/salute\/sviluppo-feto.html\">feto<\/a>\u00a0e\/o aborto).<\/p>\n<p>&nbsp;<\/p>\n<p>&nbsp;<\/p>\n<hr \/>\n<p>&nbsp;<\/p>\n<blockquote>\n<h3>VISITE OCULISTICHE E OCCHIALI GRATUITI AL PALALUXOTTICA DI AGORDO<\/h3>\n<\/blockquote>\n<p><strong><img loading=\"lazy\" decoding=\"async\" class=\"alignleft\" src=\"https:\/\/www.radiopiu.net\/wordpress\/wp-content\/uploads\/2022\/09\/Fedon_-portaocchiali-in-vetro-satinato-scaled.jpg\" width=\"194\" height=\"129\" \/>AGORDO<\/strong>\u00a0<span class=\"x_x_x_x_ContentPasted0\">\u00a0<\/span><\/p>\n<p>&nbsp;<\/p>\n<p>&nbsp;<\/p>\n<p>&nbsp;<\/p>\n<p>&nbsp;<\/p>\n<p><strong>di Gianni Santomaso<\/strong><\/p>\n<audio class=\"wp-audio-shortcode\" id=\"audio-304256-1\" preload=\"none\" style=\"width: 100%;\" controls=\"controls\"><source type=\"audio\/mpeg\" src=\"https:\/\/www.radiopiu.net\/wordpress\/wp-content\/uploads\/2022\/11\/GIANNI-LE-GIORNATE-DELLA-VISTA-AD-AGORDO.mp3?_=1\" \/><a href=\"https:\/\/www.radiopiu.net\/wordpress\/wp-content\/uploads\/2022\/11\/GIANNI-LE-GIORNATE-DELLA-VISTA-AD-AGORDO.mp3\">https:\/\/www.radiopiu.net\/wordpress\/wp-content\/uploads\/2022\/11\/GIANNI-LE-GIORNATE-DELLA-VISTA-AD-AGORDO.mp3<\/a><\/audio>\n<p>&nbsp;<\/p>\n<p>&nbsp;<\/p>\n<hr \/>\n<p>&nbsp;<\/p>\n<blockquote>\n<h3>DOPO TAI DI CADORE ANCHE ZOLDO RIAPRE LO STADIO, SEMPRE CHIUSO L&#8217;IMPIANTO DI ALLEGHE<\/h3>\n<p><em>Meneghetti, &#8220;Lo dobbiamo ai nostri ragazzi&#8221;<\/em><\/p><\/blockquote>\n<p><strong><a class=\"dt-pswp-item\" href=\"https:\/\/www.radiopiu.net\/wordpress\/wp-content\/uploads\/2022\/11\/312212423_559296716199206_7912990488212694612_n.jpg\" data-dt-img-description=\"\" data-large_image_width=\"526\" data-large_image_height=\"526\"><img loading=\"lazy\" decoding=\"async\" class=\"wp-image-304365 alignleft\" src=\"https:\/\/www.radiopiu.net\/wordpress\/wp-content\/uploads\/2022\/11\/312212423_559296716199206_7912990488212694612_n-300x300.jpg\" alt=\"\" width=\"204\" height=\"204\" srcset=\"https:\/\/www.radiopiu.net\/wordpress\/wp-content\/uploads\/2022\/11\/312212423_559296716199206_7912990488212694612_n-300x300.jpg 300w, https:\/\/www.radiopiu.net\/wordpress\/wp-content\/uploads\/2022\/11\/312212423_559296716199206_7912990488212694612_n-150x150.jpg 150w, https:\/\/www.radiopiu.net\/wordpress\/wp-content\/uploads\/2022\/11\/312212423_559296716199206_7912990488212694612_n.jpg 526w\" sizes=\"auto, (max-width: 204px) 100vw, 204px\" \/><\/a>VAL DI ZOLDO<\/strong> Da domenica riapre anche il palaghiaccio di Zoldo. La conferma dal presidente della societ\u00e0 hockeystica Tito Meneghetti che con i fratelli nell&#8217;impianto di Soccampo \u00e8 cresciuto. Domenica il palaghiaccio torner\u00e0 ad ospitare regolarmente le\u00a0 partite dei ragazzi, sono 120 i tesserati del sodalizio zoldano che in queste settimane di chiusura forzata dell&#8217;impianto si sono allenati altrove con notevoli sacrifici\u00a0 tra Padova,\u00a0 Feltre e Cortina <em>&#8220;Siamo preoccupati dai costi, come tutti del resto, ma non potevamo fare diversamente<\/em>&#8221; ha detto il\u00a0 il presidente Tito Meneghetti. Gli sponsor\u00a0 come sempre aiuteranno cos\u00ec come i genitori degli atleti. La societ\u00e0 hocketstica\u00a0 garantir\u00e0\u00a0 i costi di gestione come ha sempre fatto dal 2004, anno in cui ha ottenuto in gestione l&#8217;impianto dal Comune.<\/p>\n<p>dalla pagina facebook: <em>La foto non \u00e8 bellissima, ma per noi ci\u00f2 che raffigura lo \u00e8 moltissimo&#8230;ieri sera abbiamo acceso i motori e abbiamo cominciato a fare il ghiaccio\u00a0\u00a0<\/em><\/p>\n<p>&nbsp;<\/p>\n<hr \/>\n<p><span style=\"color: #ff0000;\"><strong>\u00a0<\/strong><\/span><\/p>\n<p><span style=\"color: #ff0000;\"><strong>SAFILO<\/strong><\/span><\/p>\n<blockquote>\n<div align=\"left\"><span style=\"color: #000000; font-family: Helvetica;\"><b>OGGI DOPO LE ASSEMBLEE CON I LAVORATORI LE ORGANIZZAZIONI SINDACALI E LE RSU INCONTRANO LA STAMPA ALLE 10.30 DAVANTI AI CANCELLI DELLA FABBRICA <\/b><\/span><\/div>\n<\/blockquote>\n<div align=\"left\"><span style=\"color: #000000; font-family: Helvetica;\"><strong>LONGARONE<\/strong> Le segreterie territoriali di <b>Filctem Cgil, Femca Cisl e Uiltec Uil <\/b>unitamente alle Rsu dello stabilimento nella mattina di oggi incontreranno i lavoratori della Safilo di Longarone. <\/span><span style=\"color: #000000; font-family: Helvetica;\">Al termine delle assemblee, alle 10.30, \u00e8 convocata una conferenza stampa davanti ai cancelli della fabbrica per illustrare nei dettagli la situazione del Gruppo.\u00a0<\/span><\/div>\n<div align=\"left\"><\/div>\n<p>&nbsp;<\/p>\n<hr \/>\n<p>&nbsp;<\/p>\n<blockquote>\n<h3>APPROVATO IL BANDO PER IL RINNOVO DEI DISPOSITIVI DI PROTEZIONE PER I VOLONTARI DELLA PROTEZIONE CIVILE<\/h3>\n<\/blockquote>\n<p><strong><img loading=\"lazy\" decoding=\"async\" class=\"alignleft\" src=\"https:\/\/www.radiopiu.net\/wordpress\/wp-content\/uploads\/2020\/12\/protezione-civile-ana-bl-1.bmp\" width=\"233\" height=\"131\" \/>VENEZIA<\/strong> La Giunta regionale, su proposta dell\u2019assessore Gianpaolo Bottacin, ha approvato\u00a0 il bando dedicato alla Protezione Civile\u00a0 finalizzato alla concessione di contributi per l\u2019acquisto di dispositivi di protezione individuale (DPI) destinati ai volontari impiegati durante le operazioni di contrasto alla pandemia covid-19. Ammesse al contributo le spese per l\u2019acquisto di DPI, sostenute da gennaio 2022 a giugno 2023, con una spesa massima di 400 euro per volontario che abbia operato durante l&#8217;emergenza sanitaria coronavirus per almeno 30 giorni nel periodo febbraio 2020 \u2013 marzo 2022 e che sia stato accreditato sull\u2019apposito applicativo regionale. La Regione Veneto mette a disposizione per l&#8217;iniziativa 500mila euro. Le domande potranno essere presentate entro il 5 dicembre 2022.<\/p>\n<p><strong>L&#8217;ASSESSORE ALLA PROTEZIONE CIVILE GIANPAOLO BOTTACIN<\/strong><\/p>\n<div style=\"width: 640px;\" class=\"wp-video\"><video class=\"wp-video-shortcode\" id=\"video-304256-1\" width=\"640\" height=\"352\" preload=\"metadata\" controls=\"controls\"><source type=\"video\/mp4\" src=\"https:\/\/www.radiopiu.net\/wordpress\/wp-content\/uploads\/2022\/11\/bottacin.mp4?_=1\" \/><a href=\"https:\/\/www.radiopiu.net\/wordpress\/wp-content\/uploads\/2022\/11\/bottacin.mp4\">https:\/\/www.radiopiu.net\/wordpress\/wp-content\/uploads\/2022\/11\/bottacin.mp4<\/a><\/video><\/div>\n<p>&nbsp;<\/p>\n<hr \/>\n<p>&nbsp;<\/p>\n<p>&nbsp;<\/p>\n<blockquote>\n<h3>L&#8217;ASSESSORE CORAZZARI A TAIBON E CORTINA<br \/>\n<a class=\"dt-pswp-item\" href=\"https:\/\/www.radiopiu.net\/wordpress\/wp-content\/uploads\/2022\/11\/PHOTO-2022-11-02-11-14-57-1024x768-1.jpg\" data-dt-img-description=\"\" data-large_image_width=\"1024\" data-large_image_height=\"768\"><img loading=\"lazy\" decoding=\"async\" class=\" wp-image-304384 alignleft\" src=\"https:\/\/www.radiopiu.net\/wordpress\/wp-content\/uploads\/2022\/11\/PHOTO-2022-11-02-11-14-57-1024x768-1-300x225.jpg\" alt=\"\" width=\"300\" height=\"225\" srcset=\"https:\/\/www.radiopiu.net\/wordpress\/wp-content\/uploads\/2022\/11\/PHOTO-2022-11-02-11-14-57-1024x768-1-300x225.jpg 300w, https:\/\/www.radiopiu.net\/wordpress\/wp-content\/uploads\/2022\/11\/PHOTO-2022-11-02-11-14-57-1024x768-1-768x576.jpg 768w, https:\/\/www.radiopiu.net\/wordpress\/wp-content\/uploads\/2022\/11\/PHOTO-2022-11-02-11-14-57-1024x768-1.jpg 1024w\" sizes=\"auto, (max-width: 300px) 100vw, 300px\" \/><\/a><\/h3>\n<\/blockquote>\n<p>L\u2019amministrazione provinciale ha accompagnato l\u2019assessore regionale a caccia e pesca Cristiano Corazzari in sopralluogo nel Bellunese. L\u2019assessore ha visitato l\u2019azienda faunistico-venatoria Monte Pelsa (a Taibon Agordino) e il Centro controllo selvaggina di Cortina. Il primo sopralluogo ha illustrato il funzionamento di un\u2019azienda faunistica di montagna, che propone una gestione venatoria gelosamente attenta alle valenze ambientali, naturalistiche e alla biodiversit\u00e0. Situata a oltre 1.500 metri di quota, l\u2019azienda Monte Pelsa ha oltre 1.200 ettari di territorio, al cui interno si trova anche una malga. L\u2019attivit\u00e0 portata avanti da anni dalla famiglia Favretti, ha consentito di mantenere un habitat ideale per la vita e la riproduzione dei galliformi alpini.La seconda visita invece si \u00e8 concentrata sul nuovo Centro controllo selvaggina di Cortina, dove viene raccolta e analizzata la fauna abbattuta all\u2019interno della riserva.<\/p>\n<p>&nbsp;<\/p>\n<p>&nbsp;<\/p>\n<p>&nbsp;<\/p>\n<hr \/>\n<p>&nbsp;<\/p>\n<blockquote>\n<h3><strong>REPORT SUI LADINI, PRESENTAZIONI IN PROVINCIA,\u00a0 <\/strong><strong>IL CALENDARIO DEGLI INCONTRI<\/strong><\/h3>\n<\/blockquote>\n<p><strong><a class=\"dt-pswp-item\" href=\"https:\/\/www.radiopiu.net\/wordpress\/wp-content\/uploads\/2021\/12\/BARD.png\" data-dt-img-description=\"\" data-large_image_width=\"452\" data-large_image_height=\"448\"><img loading=\"lazy\" decoding=\"async\" class=\"wp-image-247298 alignleft\" src=\"https:\/\/www.radiopiu.net\/wordpress\/wp-content\/uploads\/2021\/12\/BARD-300x297.png\" alt=\"\" width=\"122\" height=\"121\" srcset=\"https:\/\/www.radiopiu.net\/wordpress\/wp-content\/uploads\/2021\/12\/BARD-300x297.png 300w, https:\/\/www.radiopiu.net\/wordpress\/wp-content\/uploads\/2021\/12\/BARD-150x150.png 150w, https:\/\/www.radiopiu.net\/wordpress\/wp-content\/uploads\/2021\/12\/BARD.png 452w\" sizes=\"auto, (max-width: 122px) 100vw, 122px\" \/><\/a>BELLUNO<\/strong> Presto al via la presentazione in provincia del \u201cRapporto sulle cause della progressiva estinzione delle minoranze linguistiche ladine della provincia di Belluno: quattro gli appuntamenti: sabato\u00a0 \u00a0a Comelico Superiore,\u00a0 sabato 19 a Cortina d\u2019Ampezzo,, sabato 26 nella sala polifunzionale di Fusine di Val di Zoldo e in Sala consiliare a Cencenighe Agordino sabato 3 dicembre. Tutti gli incontri avranno inizio alle\u00a0 18. Nel corso degli incontri saranno presenti il presidente del Movimento BARD &#8211; Belluno Autonoma Regione Dolomiti Andrea Bona, il vicepresidente e amministratore del Comune di Val di Zoldo Roberto Brustolon, l&#8217;autore del report e co-fondatore del BARD Diego Cason. nel corso delle serate si alterneranno anche Lucio Eicher Clere, Presidente della Federazione Unione Ladine del Veneto, Beatrice Colcuc di Colle Santa Lucia, Davide Conedera di Agordo e Silvia De Martin Pinter di Comelico Superiore, gli \u201cambasciatori\u201d del Bard che lo scorso 9 giugno a Strasburgo hanno presentato il report, nel corso di un incontro promosso e coordinato dall\u2019Europarlamentare Herbert Dorfmann, agli europarlamentari dell&#8217;intergruppo per le minoranze linguistiche.<\/p>\n<p><strong>AI MICROFONI DI RADIO PIU&#8217; IL PRESIDENTE ANDREA BONA\u00a0<\/strong><\/p>\n<audio class=\"wp-audio-shortcode\" id=\"audio-304256-2\" preload=\"none\" style=\"width: 100%;\" controls=\"controls\"><source type=\"audio\/mpeg\" src=\"https:\/\/www.radiopiu.net\/wordpress\/wp-content\/uploads\/2022\/11\/Andrea-Bona-Presidente-Bard-Incontri-report-ladini.mp3?_=2\" \/><a href=\"https:\/\/www.radiopiu.net\/wordpress\/wp-content\/uploads\/2022\/11\/Andrea-Bona-Presidente-Bard-Incontri-report-ladini.mp3\">https:\/\/www.radiopiu.net\/wordpress\/wp-content\/uploads\/2022\/11\/Andrea-Bona-Presidente-Bard-Incontri-report-ladini.mp3<\/a><\/audio>\n<p>&nbsp;<\/p>\n<hr \/>\n<p>&nbsp;<\/p>\n<blockquote>\n<h3>TORNA LA EX TEMPORE A BELLUNO CON DELLE NOVITA&#8217;<\/h3>\n<\/blockquote>\n<p><strong><a class=\"dt-pswp-item\" href=\"https:\/\/www.radiopiu.net\/wordpress\/wp-content\/uploads\/2022\/11\/EX-TEMPORE.jpg\" data-dt-img-description=\"\" data-large_image_width=\"158\" data-large_image_height=\"280\"><img loading=\"lazy\" decoding=\"async\" class=\" wp-image-304317 alignleft\" src=\"https:\/\/www.radiopiu.net\/wordpress\/wp-content\/uploads\/2022\/11\/EX-TEMPORE.jpg\" alt=\"\" width=\"105\" height=\"186\" \/><\/a>BELLUNO <\/strong>Novembre dedicato alla cultura a Belluno: il biglietto d\u2019ingresso al Museo Fulcis sar\u00e0 scontato. In occasione delle festivit\u00e0 dedicate al santo patrono della citt\u00e0 e delle iniziative proposte dalla manifestazione \u201cBelluno citt\u00e0 del legno\u201d, dall\u20198 al 13 novembre sar\u00e0 possibile visitare il museo civico al costo, simbolico, di 3 euro anzich\u00e9 8. In occasione dell\u2019Ex Tempore, il Consorzio Belluno Centro Storico allestir\u00e0 nel cortile interno del Palazzo una mostra fotografica e, sempre l\u00ec, verranno esposte le sculture per essere votate dai cittadini. Si prevede dunque un intenso via vai, che l\u2019amministrazione vorrebbe andasse a beneficio anche del Museo dove al momento \u00e8 in corso la mostra \u201cDino Buzzati. Dentro la creazione\u201d, esposizione proposta nell\u2019ambito delle celebrazioni per i 50 anni della morte dello scrittore bellunese<\/p>\n<p><strong>di Daniele Dalvit<\/strong><\/p>\n<audio class=\"wp-audio-shortcode\" id=\"audio-304256-3\" preload=\"none\" style=\"width: 100%;\" controls=\"controls\"><source type=\"audio\/mpeg\" src=\"https:\/\/www.radiopiu.net\/wordpress\/wp-content\/uploads\/2022\/11\/DALVIT-FULCIS.mp3?_=3\" \/><a href=\"https:\/\/www.radiopiu.net\/wordpress\/wp-content\/uploads\/2022\/11\/DALVIT-FULCIS.mp3\">https:\/\/www.radiopiu.net\/wordpress\/wp-content\/uploads\/2022\/11\/DALVIT-FULCIS.mp3<\/a><\/audio>\n<p>&nbsp;<\/p>\n<p>&nbsp;<\/p>\n<hr \/>\n<p>&nbsp;<\/p>\n<blockquote>\n<h3 class=\"western\"><strong>INIZIATI I LAVORI DI MESSA IN SICUREZZA DI VIA SAN GIUSEPPE A TOMO<\/strong><\/h3>\n<\/blockquote>\n<p><strong>\u00a0FELTRE\u00a0\u00a0<\/strong>Hanno preso il via i lavori di sistemazione e messa in sicurezza di via San Giuseppe, la strada che dal lato sud della citt\u00e0 conduce alla frazione di Tomo. L\u2019arteria era stata gravemente danneggiata dall&#8217;eccezionale evento meteorologico verificatosi ad inizio del mese di dicembre del 2020, con il franamento della scarpata di valle ed il conseguente cedimento della banchina stradale. L\u2019intervento di sistemazione si estende complessivamente per una lunghezza di circa 20 metri; qui si andr\u00e0 ad intervenire mediante la realizzazione di una scogliera in massi a rinforzo e protezione del fronte franato e di un cordolo in calcestruzzo armato a sostegno del ciglio stradale. In concomitanza dei lavori \u00e8 stata emessa un\u2019ordinanza che prevede il divieto di transito per tutti i veicoli, cicli e motocicli lungo via San Giuseppe, con deviazione della circolazione sulla viabilit\u00e0 alternativa. Meteo permettendo, i lavori dovrebbero concludersi nell\u2019arco di un paio di settimane.<\/p>\n<p>&nbsp;<\/p>\n\n\t\t\t<style type='text\/css'>\n\t\t\t\t#gallery-1 {\n\t\t\t\t\tmargin: auto;\n\t\t\t\t}\n\t\t\t\t#gallery-1 .gallery-item {\n\t\t\t\t\tfloat: left;\n\t\t\t\t\tmargin-top: 10px;\n\t\t\t\t\ttext-align: center;\n\t\t\t\t\twidth: 50%;\n\t\t\t\t}\n\t\t\t\t#gallery-1 img {\n\t\t\t\t\tborder: 2px solid #cfcfcf;\n\t\t\t\t}\n\t\t\t\t#gallery-1 .gallery-caption {\n\t\t\t\t\tmargin-left: 0;\n\t\t\t\t}\n\t\t\t\t\/* see gallery_shortcode() in wp-includes\/media.php *\/\n\t\t\t<\/style>\n\t\t<div id='gallery-1' class='dt-gallery-container gallery galleryid-304256 gallery-columns-2 gallery-size-thumbnail'><dl class='gallery-item'>\n\t\t\t\t<dt class='gallery-icon landscape'>\n\t\t\t\t\t<a class=\"rollover rollover-zoom dt-pswp-item\" title=\"Lavori via San Giusepp 2\" data-dt-img-description=\"\" data-large_image_width=\"2560\" data-large_image_height=\"1440\"href='https:\/\/www.radiopiu.net\/wordpress\/wp-content\/uploads\/2022\/11\/Lavori-via-San-Giusepp-2-scaled.jpg'><img loading=\"lazy\" decoding=\"async\" width=\"150\" height=\"150\" src=\"https:\/\/www.radiopiu.net\/wordpress\/wp-content\/uploads\/2022\/11\/Lavori-via-San-Giusepp-2-150x150.jpg\" class=\"attachment-thumbnail size-thumbnail\" alt=\"\" \/><\/a>\n\t\t\t\t<\/dt><\/dl><dl class='gallery-item'>\n\t\t\t\t<dt class='gallery-icon landscape'>\n\t\t\t\t\t<a class=\"rollover rollover-zoom dt-pswp-item\" title=\"Lavori via San Giuseppe 1\" data-dt-img-description=\"\" data-large_image_width=\"2560\" data-large_image_height=\"1440\"href='https:\/\/www.radiopiu.net\/wordpress\/wp-content\/uploads\/2022\/11\/Lavori-via-San-Giuseppe-1-scaled.jpg'><img loading=\"lazy\" decoding=\"async\" width=\"150\" height=\"150\" src=\"https:\/\/www.radiopiu.net\/wordpress\/wp-content\/uploads\/2022\/11\/Lavori-via-San-Giuseppe-1-150x150.jpg\" class=\"attachment-thumbnail size-thumbnail\" alt=\"\" \/><\/a>\n\t\t\t\t<\/dt><\/dl><br style=\"clear: both\" \/>\n\t\t\t<\/div>\n\n<p>&nbsp;<\/p>\n<p>&nbsp;<\/p>\n<hr \/>\n<p>&nbsp;<\/p>\n<blockquote>\n<h2>AGORDINO IN MOVIMENTO: SPEGNIAMO LA VALLE<\/h2>\n<\/blockquote>\n<p><span dir=\"ltr\" role=\"presentation\"><strong>REDAZION<\/strong>E Un gruppo di lavoro in vallata sta facendo squadra e coinvolgendo la popolazione. Dopo l&#8217;ultimo incontro \u00e8 uscito un volantino che spiega l&#8217;iniziativa.<\/span><\/p>\n<p><span dir=\"ltr\" role=\"presentation\"><img loading=\"lazy\" decoding=\"async\" class=\"alignleft\" src=\"https:\/\/www.radiopiu.net\/wordpress\/wp-content\/uploads\/2022\/10\/th-16.jpg\" width=\"258\" height=\"174\" \/>&#8220;La consapevolezza che sia un momento davvero difficile \u00e8 chiara, ma \u00e8 <\/span><span dir=\"ltr\" role=\"presentation\">altrettanto chiaro che morire in silenzio non \u00e8 la scelta migliore.\u00a0 <\/span><span dir=\"ltr\" role=\"presentation\">Siamo tutte persone che ogni giorno fanno del loro meglio per far vivere <\/span><span dir=\"ltr\" role=\"presentation\">dignitosamente la propria famiglia ed ora, malgrado tutto il nostro <\/span><span dir=\"ltr\" role=\"presentation\">impegno, rischiamo davvero di non farcela.\u00a0 <\/span><span dir=\"ltr\" role=\"presentation\">Cosa c&#8217;\u00e8 di male quindi nel portare la nostra difficolt\u00e0 all&#8217;attenzione della <\/span><span dir=\"ltr\" role=\"presentation\">\u201cpolitica\u201d? <\/span><span dir=\"ltr\" role=\"presentation\">Cosa c&#8217;\u00e8 di male nel chiedere a chi abbiamo eletto per rappresentarci di <\/span><span dir=\"ltr\" role=\"presentation\">darsi davvero da fare e di farlo in fretta? <\/span><span dir=\"ltr\" role=\"presentation\">L&#8217;idea, nata da un gruppo di agordini di varia estrazione e provenienza <\/span><span dir=\"ltr\" role=\"presentation\">(commercianti, liberi professionisti, dipendenti, pensionati), siamo certi <\/span><span dir=\"ltr\" role=\"presentation\">trover\u00e0 il supporto e la partecipazione di tutti. <\/span><span dir=\"ltr\" role=\"presentation\">COSA FARE <\/span><span dir=\"ltr\" role=\"presentation\">Vorremmo incontrarci tutti lunedi 7 novembre alle 20, presso il <\/span><span dir=\"ltr\" role=\"presentation\">teatro<\/span> <span dir=\"ltr\" role=\"presentation\">parrocchiale<\/span> <span dir=\"ltr\" role=\"presentation\">di<\/span> <span dir=\"ltr\" role=\"presentation\">Rivamonte,<\/span> <span dir=\"ltr\" role=\"presentation\">per<\/span> <span dir=\"ltr\" role=\"presentation\">organizzare<\/span> <span dir=\"ltr\" role=\"presentation\">insieme<\/span> <span dir=\"ltr\" role=\"presentation\">l&#8217;azione <\/span><span dir=\"ltr\" role=\"presentation\">pubblica da proporre per fine novembre\/inizio dicembre. <\/span><span dir=\"ltr\" role=\"presentation\">L&#8217;IDEA <\/span><span dir=\"ltr\" role=\"presentation\">Consiste nel realizzare una manifestazione pubblica in un luogo di alta <\/span><span dir=\"ltr\" role=\"presentation\">visibilit\u00e0, per proseguire poi con una sospensione delle nostre attivit\u00e0 <\/span><span dir=\"ltr\" role=\"presentation\">per<\/span> <span dir=\"ltr\" role=\"presentation\">tre<\/span> <span dir=\"ltr\" role=\"presentation\">giorni,<\/span> <span dir=\"ltr\" role=\"presentation\">cos\u00ec<\/span> <span dir=\"ltr\" role=\"presentation\">da<\/span> <span dir=\"ltr\" role=\"presentation\">rendere<\/span> <span dir=\"ltr\" role=\"presentation\">chiare<\/span> <span dir=\"ltr\" role=\"presentation\">anche<\/span> <span dir=\"ltr\" role=\"presentation\">ai<\/span> <span dir=\"ltr\" role=\"presentation\">pi\u00f9<\/span> <span dir=\"ltr\" role=\"presentation\">\u201cdistratti\u201d<\/span> <span dir=\"ltr\" role=\"presentation\">le <\/span><span dir=\"ltr\" role=\"presentation\">conseguenze di questa fase cos\u00ec critica\u00a0 <\/span><span dir=\"ltr\" role=\"presentation\">PER INFO ED ADESIONI<\/span> <span dir=\"ltr\" role=\"presentation\">stopcarobollette@gmail.com\u00a0\u00a0<\/span><\/p>\n<p>&nbsp;<\/p>\n<p>&nbsp;<\/p>\n<hr \/>\n<p>&nbsp;<\/p>\n<blockquote>\n<h3>RIAPRE LA BIBLIOTECA DI VALLADA<\/h3>\n<\/blockquote>\n<p><strong><a class=\"dt-pswp-item\" href=\"https:\/\/www.radiopiu.net\/wordpress\/wp-content\/uploads\/2021\/11\/libri.jpg\" data-dt-img-description=\"\" data-large_image_width=\"1920\" data-large_image_height=\"1276\"><img loading=\"lazy\" decoding=\"async\" class=\" wp-image-242680 alignleft\" src=\"https:\/\/www.radiopiu.net\/wordpress\/wp-content\/uploads\/2021\/11\/libri-300x199.jpg\" alt=\"\" width=\"188\" height=\"125\" srcset=\"https:\/\/www.radiopiu.net\/wordpress\/wp-content\/uploads\/2021\/11\/libri-300x199.jpg 300w, https:\/\/www.radiopiu.net\/wordpress\/wp-content\/uploads\/2021\/11\/libri-1024x681.jpg 1024w, https:\/\/www.radiopiu.net\/wordpress\/wp-content\/uploads\/2021\/11\/libri-768x510.jpg 768w, https:\/\/www.radiopiu.net\/wordpress\/wp-content\/uploads\/2021\/11\/libri-1536x1021.jpg 1536w, https:\/\/www.radiopiu.net\/wordpress\/wp-content\/uploads\/2021\/11\/libri.jpg 1920w\" sizes=\"auto, (max-width: 188px) 100vw, 188px\" \/><\/a>VALLADA<\/strong><\/p>\n<p>di Gianni Santomaso<\/p>\n<audio class=\"wp-audio-shortcode\" id=\"audio-304256-4\" preload=\"none\" style=\"width: 100%;\" controls=\"controls\"><source type=\"audio\/mpeg\" src=\"https:\/\/www.radiopiu.net\/wordpress\/wp-content\/uploads\/2022\/11\/GIANNI-RIAPRE-LA-BIBLIOTECA-DI-VALLADA.mp3?_=4\" \/><a href=\"https:\/\/www.radiopiu.net\/wordpress\/wp-content\/uploads\/2022\/11\/GIANNI-RIAPRE-LA-BIBLIOTECA-DI-VALLADA.mp3\">https:\/\/www.radiopiu.net\/wordpress\/wp-content\/uploads\/2022\/11\/GIANNI-RIAPRE-LA-BIBLIOTECA-DI-VALLADA.mp3<\/a><\/audio>\n<p>&nbsp;<\/p>\n<hr \/>\n<p>&nbsp;<\/p>\n<blockquote>\n<h3>BANDO DI CONCORSO PER UN OPERAIO-MURATORE<\/h3>\n<\/blockquote>\n<p><strong><a class=\"dt-pswp-item\" href=\"https:\/\/www.radiopiu.net\/wordpress\/wp-content\/uploads\/2020\/09\/FALCADE-1.jpg\" data-dt-img-description=\"\" data-large_image_width=\"960\" data-large_image_height=\"720\"><img loading=\"lazy\" decoding=\"async\" class=\"wp-image-163186 alignleft\" src=\"https:\/\/www.radiopiu.net\/wordpress\/wp-content\/uploads\/2020\/09\/FALCADE-1-300x225.jpg\" alt=\"\" width=\"167\" height=\"125\" srcset=\"https:\/\/www.radiopiu.net\/wordpress\/wp-content\/uploads\/2020\/09\/FALCADE-1-300x225.jpg 300w, https:\/\/www.radiopiu.net\/wordpress\/wp-content\/uploads\/2020\/09\/FALCADE-1-768x576.jpg 768w, https:\/\/www.radiopiu.net\/wordpress\/wp-content\/uploads\/2020\/09\/FALCADE-1-640x480.jpg 640w, https:\/\/www.radiopiu.net\/wordpress\/wp-content\/uploads\/2020\/09\/FALCADE-1.jpg 960w\" sizes=\"auto, (max-width: 167px) 100vw, 167px\" \/><\/a>FALCADE<\/strong>\u00a0Il Comune ha indetto un concorso pubblico\u00a0 per l&#8217;assunzione, a tempo pieno e indeterminato, di\u00a0 un operaio specializzato autista-muratore \u2013 area tecnica. Le domande di partecipazione dovranno pervenire al Comune di Falcade entro il 7 novembre alle 18, secondo le modalit\u00e0 previste dal Bando di Concorso pubblicato sul sito istituzionale dell\u2019Ente. Per ogni informazione, i candidati potranno rivolgersi al Comune di Falcade (tel. 0437-599735 &#8211; cell. 347\/1521259; posta elettronica: <a href=\"mailto:segretario.falcade@agordino.bl.it\">segretario.falcade@agordino.bl.it<\/a>\u00a0oppure <a href=\"mailto:ragioneria.falcade@agordino.bl.it\">ragioneria.falcade@agordino.bl.it<\/a>).<\/p>\n<p>&nbsp;<\/p>\n<hr \/>\n<p>&nbsp;<\/p>\n<blockquote>\n<h2>NEL RICORDO DELLE VITTIME DELLA GUERRA E DELL&#8217;ALLUVIONE<\/h2>\n<\/blockquote>\n<p><strong>FALCADE<\/strong> Il sindaco Mauro Salvaterra a nome dell&#8217;amminsitrazione comunale e della cittadinanza ricorda con commozione e riconoscenza i cittadini caduti in guerra e periti nell&#8217;alluvione del 1966. Domani la celebrazione alle 14 in piazza a Somor nell&#8217;anniversario della grande alluvione, in caso di maltempo la messa verr\u00e0 celebrata in chiesa a Falcade Alto.<\/p>\n<p><strong>di Gianni Santomaso<\/strong><\/p>\n<audio class=\"wp-audio-shortcode\" id=\"audio-304256-5\" preload=\"none\" style=\"width: 100%;\" controls=\"controls\"><source type=\"audio\/mpeg\" src=\"https:\/\/www.radiopiu.net\/wordpress\/wp-content\/uploads\/2022\/11\/GIANNI-LA-COMMEMORAZIONE-DELLALLUVIONE-1966.mp3?_=5\" \/><a href=\"https:\/\/www.radiopiu.net\/wordpress\/wp-content\/uploads\/2022\/11\/GIANNI-LA-COMMEMORAZIONE-DELLALLUVIONE-1966.mp3\">https:\/\/www.radiopiu.net\/wordpress\/wp-content\/uploads\/2022\/11\/GIANNI-LA-COMMEMORAZIONE-DELLALLUVIONE-1966.mp3<\/a><\/audio>\n<p>&nbsp;<\/p>\n<blockquote><p><em>Nel ricordo dei Caduti di tutte le guerre, con la speranza di un futuro di pace<\/em><\/p><\/blockquote>\n<p>Domenica 6 novembre festa dell&#8217;Unit\u00e0 Nazionale e delle Forze Armate con la messa alle 10.30 in chiesa a Falcade, al termine la deposizione della corona al Monumento dei Caduti e presso le altre lapidi a ricordo. Con la partecipazione dei gruppi Ana di Falcade, Caviola-Cime d&#8217;Auta, Canale d&#8217;Agordo-Caviola.<\/p>\n<p>&nbsp;<\/p>\n<p><strong>FELTRE<\/strong> Domani il ricordo dei Caduti delle Guerre, alle 10 nel cimitero militare Germanico in localit\u00e0 San Paolo con la deposizione di una corona, alle 10.30 al cimitero urbano al Monumento ai Caduti con l&#8217;alzabandiera e la deposizione della corsona, alle\u00a0 11 nella cappella del cimitero &#8211; sacrario militare e cimitero austro-ungarico la messa e la deposizione delle corone.<\/p>\n<p>&nbsp;<\/p>\n<hr \/>\n<p>&nbsp;<\/p>\n<blockquote>\n<h3>L&#8217;ARMA AGLI AGENTI DI PUBBLICA SICUREZZA<\/h3>\n<\/blockquote>\n<p><strong>FALCADE<\/strong> Oggi alle 20 consiglio comunale a Falcade, all&#8217;ordine del giorno l&#8217;approvazione della convenzione per la gestione del servizio dell&#8217;ufficio di segretario comunale con i Comuni di Veggiano, Fonzaso, Vallada, e Colle Santa Lucia; modifiche al regolamento di Polizia Municipale e dall&#8217;armamento degli agenti di pubblica sicurezza;\u00a0 12^ variazione al bilancio.<\/p>\n<blockquote>\n<h3>VENERDI IL CONSIGLIO DELL&#8217;UNIONE MONTANA AGORDINA<\/h3>\n<\/blockquote>\n<p><strong>AGORDO<\/strong> Domani alle 20.30 consiglio dell&#8217;Unione Montana Agordina in Sala Don Tamis. All&#8217;ordine del giorno la variazione al bilancio, l&#8217;affidamento in house della gestione del ciclo integrato dei rifiuti da parte del consiglio di bacino e comunicazioni del presidente Paolo Frena.<\/p>\n<p>&nbsp;<\/p>\n<hr \/>\n<p>&nbsp;<\/p>\n<blockquote>\n<h3>IL CONSIGLIO COMUNALE DI BELLUNO E LA RAFFICA DI INTERROGAZIONI<\/h3>\n<\/blockquote>\n<p><span dir=\"ltr\" role=\"presentation\"><strong><a class=\"dt-pswp-item\" href=\"https:\/\/www.radiopiu.net\/wordpress\/wp-content\/uploads\/2022\/02\/Palazzo-rosso-illuminato-1-scaled.jpg\" data-dt-img-description=\"\" data-large_image_width=\"2560\" data-large_image_height=\"1707\"><img loading=\"lazy\" decoding=\"async\" class=\" wp-image-258761 alignleft\" src=\"https:\/\/www.radiopiu.net\/wordpress\/wp-content\/uploads\/2022\/02\/Palazzo-rosso-illuminato-1-300x200.jpg\" alt=\"\" width=\"210\" height=\"140\" srcset=\"https:\/\/www.radiopiu.net\/wordpress\/wp-content\/uploads\/2022\/02\/Palazzo-rosso-illuminato-1-300x200.jpg 300w, https:\/\/www.radiopiu.net\/wordpress\/wp-content\/uploads\/2022\/02\/Palazzo-rosso-illuminato-1-1024x683.jpg 1024w, https:\/\/www.radiopiu.net\/wordpress\/wp-content\/uploads\/2022\/02\/Palazzo-rosso-illuminato-1-768x512.jpg 768w, https:\/\/www.radiopiu.net\/wordpress\/wp-content\/uploads\/2022\/02\/Palazzo-rosso-illuminato-1-1536x1024.jpg 1536w, https:\/\/www.radiopiu.net\/wordpress\/wp-content\/uploads\/2022\/02\/Palazzo-rosso-illuminato-1-2048x1365.jpg 2048w\" sizes=\"auto, (max-width: 210px) 100vw, 210px\" \/><\/a>BELLUNO<\/strong>\u00a0 <\/span><span dir=\"ltr\" role=\"presentation\">Luned\u00ec<\/span> \u00a0<span dir=\"ltr\" role=\"presentation\">alle 1<\/span><span dir=\"ltr\" role=\"presentation\">7<\/span><span dir=\"ltr\" role=\"presentation\">.30, nella Sala consiliare di Palazzo Rosso s<\/span><span dir=\"ltr\" role=\"presentation\">i terr\u00e0<\/span>\u00a0 il consiglio comunale. Gli argomenti in discussione\u00a0<span dir=\"ltr\" role=\"presentation\">&#8220;Bilancio<\/span> <span dir=\"ltr\" role=\"presentation\">di <\/span><span dir=\"ltr\" role=\"presentation\">previsione 2022\/2024.\u00a0 <\/span><span dir=\"ltr\" role=\"presentation\">3. Mozione presentata dai consiglieri Alessandro Farina, Valentina Dalla Cort, Simone <\/span><span dir=\"ltr\" role=\"presentation\">Bristot, Armando Stefani (Fratelli d&#8217;Italia) a oggetto: &#8220;Condanna per la morte di <\/span><span dir=\"ltr\" role=\"presentation\">Mahsa Amini e a sostegno delle donne iraniane e alla promozione dei diritti umani <\/span><span dir=\"ltr\" role=\"presentation\">nella Repubblica Islamica dell&#8217;Iran&#8221;. <\/span><span dir=\"ltr\" role=\"presentation\">\u00a0Interpellanza presentata dai consiglieri Giangiacomo Nicolini e Anna Candeago <\/span><span dir=\"ltr\" role=\"presentation\">(Belluno D+) a oggetto: \u201cSupermercati cittadini\u201d<\/span><span dir=\"ltr\" role=\"presentation\">. Interrogazione presentata dai consiglieri Lucia Olivotto e Francesco Rasera Berna <\/span><span dir=\"ltr\" role=\"presentation\">(Insieme per Belluno) a oggetto: \u201cBando affidamento impianti di risalita del Nevegal\u201d <\/span><span dir=\"ltr\" role=\"presentation\">. Interrogazione presentata dai consiglieri Lucia Olivotto e Francesco Rasera Berna<\/span><br role=\"presentation\" \/><span dir=\"ltr\" role=\"presentation\">(Insieme per Belluno) a oggetto: \u201cIstituzione dell\u2019unit\u00e0 organizzativa di supporto alle <\/span><span dir=\"ltr\" role=\"presentation\">attivit\u00e0 del sindaco\u201d<\/span><br role=\"presentation\" \/><span dir=\"ltr\" role=\"presentation\">\u00a0Interrogazione presentata dal consigliere Francesco Rasera Berna (Insieme per <\/span><span dir=\"ltr\" role=\"presentation\">Belluno) relativa alla ricognizione delle frazioni della citt\u00e0 di Belluno. <\/span><span dir=\"ltr\" role=\"presentation\">La seduta del Consiglio verr\u00e0 trasmessa in diretta e potr\u00e0 essere seguita dal canale <\/span><span dir=\"ltr\" role=\"presentation\">YouTube del Comune di Belluno, all\u2019indirizzo: <\/span><span dir=\"ltr\" role=\"presentation\">https:\/\/www.youtube.com\/comunebelluno<\/span><\/p>\n<p>&nbsp;<\/p>\n<p>&nbsp;<\/p>\n<hr \/>\n<p>&nbsp;<\/p>\n<blockquote>\n<h3>L&#8217;ASSEMBLEA STRAORDINARIA DI PETTIROSSO AGORDINO, SABATO IN SALA DON TAMIS<\/h3>\n<\/blockquote>\n<p><strong><a class=\"dt-pswp-item\" href=\"https:\/\/www.radiopiu.net\/wordpress\/wp-content\/uploads\/2022\/05\/petti.jpg\" data-dt-img-description=\"\" data-large_image_width=\"269\" data-large_image_height=\"131\"><img loading=\"lazy\" decoding=\"async\" class=\"size-full wp-image-275145 alignleft\" src=\"https:\/\/www.radiopiu.net\/wordpress\/wp-content\/uploads\/2022\/05\/petti.jpg\" alt=\"\" width=\"269\" height=\"131\" \/><\/a>AGORDO<\/strong><\/p>\n<p>di Gianni Santomaso<\/p>\n<audio class=\"wp-audio-shortcode\" id=\"audio-304256-6\" preload=\"none\" style=\"width: 100%;\" controls=\"controls\"><source type=\"audio\/mpeg\" src=\"https:\/\/www.radiopiu.net\/wordpress\/wp-content\/uploads\/2022\/11\/GIANNI-LASSEMBLEA-STRAORDINARIA-DI-PETTIROSSO-AGORDINO.mp3?_=6\" \/><a href=\"https:\/\/www.radiopiu.net\/wordpress\/wp-content\/uploads\/2022\/11\/GIANNI-LASSEMBLEA-STRAORDINARIA-DI-PETTIROSSO-AGORDINO.mp3\">https:\/\/www.radiopiu.net\/wordpress\/wp-content\/uploads\/2022\/11\/GIANNI-LASSEMBLEA-STRAORDINARIA-DI-PETTIROSSO-AGORDINO.mp3<\/a><\/audio>\n<blockquote>\n<h3><\/h3>\n<h3>A CENCENIGHE, NOF FILO&#8217;, QUATTRO\u00a0 INCONTRI CON PETTIROSSO AGORDINO<\/h3>\n<\/blockquote>\n<p><strong>CENCENIGHE<\/strong> Il 9 novembre l&#8217;argomento trattato da Cristina Balest (educatrice) e Letizia Collazuol (coordinatrice dell&#8217;equipe Sersa) sar\u00e0 &#8220;La gestione della persona con demenza in struttura&#8221;. Conclusione il 16 novembre con &#8220;L&#8217;impegno a tempo pieno di chi assiste la persona con demenza&#8221; in cui Erica Calvi (psicologa di Sersa) evidenzier\u00e0 la fatica invisibile di chi si prende cura di una persona malata.<\/p>\n<p>&nbsp;<\/p>\n<hr \/>\n<p>&nbsp;<\/p>\n<blockquote>\n<h3>IL PANETTONE PER LA CITTA&#8217; DELLA SPERANZA<\/h3>\n<p><span style=\"color: #ff0000;\">di Massimo Bortoluzzi e Monia<\/span><\/p><\/blockquote>\n<p><a class=\"dt-pswp-item\" href=\"https:\/\/www.radiopiu.net\/wordpress\/wp-content\/uploads\/2022\/11\/705cb29c-9435-4f98-a42c-840c11059efe.jpg\" data-dt-img-description=\"\" data-large_image_width=\"408\" data-large_image_height=\"452\"><img loading=\"lazy\" decoding=\"async\" class=\" wp-image-304356 alignleft\" src=\"https:\/\/www.radiopiu.net\/wordpress\/wp-content\/uploads\/2022\/11\/705cb29c-9435-4f98-a42c-840c11059efe-271x300.jpg\" alt=\"\" width=\"210\" height=\"232\" srcset=\"https:\/\/www.radiopiu.net\/wordpress\/wp-content\/uploads\/2022\/11\/705cb29c-9435-4f98-a42c-840c11059efe-271x300.jpg 271w, https:\/\/www.radiopiu.net\/wordpress\/wp-content\/uploads\/2022\/11\/705cb29c-9435-4f98-a42c-840c11059efe.jpg 408w\" sizes=\"auto, (max-width: 210px) 100vw, 210px\" \/><\/a><em>&#8220;Anche quest&#8217;anno ci e&#8217; stata data la possibilita&#8217; di aiutare la FONDAZIONE CITTA&#8217; DELLA SPERANZA DI PADOVA che lavora instancabilmente per la ricerca contro il cancro pediatrico. Insieme possiamo fare tanto per quei piccoli guerrieri ricoverati nel reparto di Oncoematologia pediatrica di Padova che tutti i giorni lottano con tutte le loro forze per riuscire a vincere la partita piu&#8217; importante della loro vita&#8230;. vincere il CANCRO. Noi, tutti insieme, possiamo essere quella goccia nel mare che fa la differenza e per quei bambini potrebbe essere quel goal che li fa vincere&#8230;. Per aiutare la ricerca basta acquistare un panettone confezionato nella latta di Citta&#8217; della Speranza al costo di 12 euro, vedi foto allegata. La scelta e&#8217; tra Panettone classico, Panettone al Cioccolato e Pandoro. Puoi prenotarci il\/i tuo\/ tuoi panettone\/i preferiti entro il 25 novembre,il pagamento avverra&#8217; alla consegna dei panettoni. ( Circa meta&#8217; dicembre come da accordi con la Fondazione ). Il passaparola di questo messaggio tra i vostri contatti e&#8217; piu&#8217; che ben accetto, piu&#8217; siamo piu&#8217; panettoni prenotiamo e piu&#8217; aiutiamo la Ricerca. Potete passare il mio numero di cellulare 3389654741 o quello di mia moglie 3397430568 dove potete scriverci per le ordinazioni o chiamarci per maggiori Info tutti i giorni dopo le 13&#8230; Siamo sicuri che faremo un gran bel lavoro insieme e in anticipo vi ringrazio di cuore. L&#8217;anno scorso, grazie a tutti voi, abbiamo donato alla Fondazione 22.530,00 euro&#8221;.<\/em><\/p>\n<p>&nbsp;<\/p>\n<p>&nbsp;<\/p>\n<hr \/>\n<p>&nbsp;<\/p>\n<p>&nbsp;<\/p>\n<blockquote class=\"wp-embedded-content\" data-secret=\"WRL97MQ5Rw\"><p><a href=\"https:\/\/www.radiopiu.net\/wordpress\/tappa12\/\">IN VIAGGIO CON STEFANO  E PAOLO, FINO ALLA FINE DEL MONDO PER IL COMITATO POLLICINO.<\/a><\/p><\/blockquote>\n<p><iframe loading=\"lazy\" class=\"wp-embedded-content\" sandbox=\"allow-scripts\" security=\"restricted\" style=\"position: absolute; clip: rect(1px, 1px, 1px, 1px);\" title=\"&#8220;IN VIAGGIO CON STEFANO  E PAOLO, FINO ALLA FINE DEL MONDO PER IL COMITATO POLLICINO.&#8221; &#8212; Radio Pi\u00f9\" src=\"https:\/\/www.radiopiu.net\/wordpress\/tappa12\/embed\/#?secret=Tkth9AgsKl#?secret=WRL97MQ5Rw\" data-secret=\"WRL97MQ5Rw\" width=\"600\" height=\"338\" frameborder=\"0\" marginwidth=\"0\" marginheight=\"0\" scrolling=\"no\"><\/iframe><\/p>\n<p>&nbsp;<\/p>\n<hr \/>\n<p>&nbsp;<\/p>\n<blockquote class=\"wp-embedded-content\" data-secret=\"WcvgttlDxZ\"><p><a href=\"https:\/\/www.radiopiu.net\/wordpress\/aggiornamento-covid-i-dati-del-fine-settimana\/\">AGGIORNAMENTO COVID,  I DATI DEL FINE SETTIMANA<\/a><\/p><\/blockquote>\n<p><iframe loading=\"lazy\" class=\"wp-embedded-content\" sandbox=\"allow-scripts\" security=\"restricted\" style=\"position: absolute; clip: rect(1px, 1px, 1px, 1px);\" title=\"&#8220;AGGIORNAMENTO COVID,  I DATI DEL FINE SETTIMANA&#8221; &#8212; Radio Pi\u00f9\" src=\"https:\/\/www.radiopiu.net\/wordpress\/aggiornamento-covid-i-dati-del-fine-settimana\/embed\/#?secret=Kdt6mIVa4a#?secret=WcvgttlDxZ\" data-secret=\"WcvgttlDxZ\" width=\"600\" height=\"338\" frameborder=\"0\" marginwidth=\"0\" marginheight=\"0\" scrolling=\"no\"><\/iframe><\/p>\n<p>&nbsp;<\/p>\n<p><em><strong>Dal 29 ottobre 2022 il Ministero ha sospeso la diffusione del bollettino giornaliero. Dal 01 novembre 2022 i dati si riferiscono ai dati Ulss 1 &#8211; Radio Pi\u00f9<\/strong><\/em><\/p>\n<p><a class=\"dt-pswp-item\" href=\"https:\/\/www.radiopiu.net\/wordpress\/wp-content\/uploads\/2022\/11\/e4300160-771d-42d4-8df5-72525851d592.jpg\" data-dt-img-description=\"\" data-large_image_width=\"603\" data-large_image_height=\"359\"><img loading=\"lazy\" decoding=\"async\" class=\"size-medium wp-image-304329 aligncenter\" src=\"https:\/\/www.radiopiu.net\/wordpress\/wp-content\/uploads\/2022\/11\/e4300160-771d-42d4-8df5-72525851d592-300x179.jpg\" alt=\"\" width=\"300\" height=\"179\" srcset=\"https:\/\/www.radiopiu.net\/wordpress\/wp-content\/uploads\/2022\/11\/e4300160-771d-42d4-8df5-72525851d592-300x179.jpg 300w, https:\/\/www.radiopiu.net\/wordpress\/wp-content\/uploads\/2022\/11\/e4300160-771d-42d4-8df5-72525851d592.jpg 603w\" sizes=\"auto, (max-width: 300px) 100vw, 300px\" \/><\/a><\/p>\n<p>&nbsp;<\/p>\n<hr \/>\n<p>&nbsp;<\/p>\n<blockquote>\n<h3>MAURIZIO NICODEMO E CARLO MALAVISI SONO I DUE NUOVI DOTTORI OPERATIVI ALL&#8217;OSPEDALE DI FELTRE<\/h3>\n<\/blockquote>\n<p><strong><a class=\"dt-pswp-item\" href=\"https:\/\/www.radiopiu.net\/wordpress\/wp-content\/uploads\/2022\/11\/49640abb-5c4a-4997-8d45-52a019bb6a62.jpg\" data-dt-img-description=\"\" data-large_image_width=\"1200\" data-large_image_height=\"1600\"><img loading=\"lazy\" decoding=\"async\" class=\" wp-image-304327 alignleft\" src=\"https:\/\/www.radiopiu.net\/wordpress\/wp-content\/uploads\/2022\/11\/49640abb-5c4a-4997-8d45-52a019bb6a62-225x300.jpg\" alt=\"\" width=\"127\" height=\"169\" srcset=\"https:\/\/www.radiopiu.net\/wordpress\/wp-content\/uploads\/2022\/11\/49640abb-5c4a-4997-8d45-52a019bb6a62-225x300.jpg 225w, https:\/\/www.radiopiu.net\/wordpress\/wp-content\/uploads\/2022\/11\/49640abb-5c4a-4997-8d45-52a019bb6a62-768x1024.jpg 768w, https:\/\/www.radiopiu.net\/wordpress\/wp-content\/uploads\/2022\/11\/49640abb-5c4a-4997-8d45-52a019bb6a62-1152x1536.jpg 1152w, https:\/\/www.radiopiu.net\/wordpress\/wp-content\/uploads\/2022\/11\/49640abb-5c4a-4997-8d45-52a019bb6a62.jpg 1200w\" sizes=\"auto, (max-width: 127px) 100vw, 127px\" \/><\/a>BELLUNO <\/strong>Buon lavoro ai dottori Maurizio Nicodemo, nuovo direttore dell\u2019Oncologia, e Carlo Malavisi, nuovo direttore della Anestesia, che hanno preso servizio all\u2019ospedale di Feltre. Il Centro di riferimento per la chirurgia oncologica gastroenterologica \u201cMichele De Boni\u201d ha fatto attrazione: \u00e8 entrato a far parte da ottobre del team dell\u2019Ulss Dolomiti il dottor Maurizio Nicodemo, riconosciuto professionista che proviene dal privato: l\u2019IRCCS Sacro cuore \u2013 don Calabria di Negrar \u2013 Verona, prestigioso istituto di ricerca rinomato a livello nazionale Classe 1964, romano di nascita, veronese di adozione, il dottor Nicodemo si \u00e8 laureato in Medicina e chirurgia all\u2019Universit\u00e0 \u201cLa Sapienza\u201d di Roma nel 1992 dove si \u00e8 poi anche specializzato in Oncologia. Proviene del Sacro Cuore di Negrar dove ha maturato una solida esperienza a tutto tondo sulla cura dei tumori e anche una expertise nel trattare i tumori uro-genitali e della testa-collo. Si completa cos\u00ec la rete professionale dell\u2019ulss Dolomiti in ambito oncologico, con esperti in tutti i tratti che coinvolgono il tratto digestivo. Ha preso servizio in Ulss Dolomiti anche CARLO MALAVISI, nuovo direttore della Anestesia e Rianimazione di Feltre. Classe 1972, di San Vendemiano (TV), il dottor Malavisi si \u00e8 laureato in Medicina e Chirurgia all\u2019Universit\u00e0 degli Studi di Padova, dove ha poi conseguito la specializzazione in Anestesia e Rianimazione, indirizzo Terapia Antalgica. Nel corso della sua carriera, il dottor Malavisi ha consolidato competenze ed esperienze nella disciplina di anestesia e rianimazione, ricoprendo diversi incarichi anche nell\u2019Ulss 2 Marca Trevigiana, dove dal 2010 aveva assunto un incarico di alta specializzazione per la \u201cparto analgesia e controllo del dolore postoperatorio\u201d. Dal 2017 presta servizio all\u2019Azienda Sanitaria Friuli Occidentale di Pordenone dove si occupa, tra il resto, ha maturato una solida capacit\u00e0 di gestione organizzativa dell\u2019attivit\u00e0 cliniche presso il blocco operatorio dell\u2019Ospedale di Pordenone che potr\u00e0 mettere al servizio anche del blocco operatorio di Feltre. Inoltre \u00e8 stato tutor per i medici specializzandi in Anestesia e Rianimazione dell\u2019Universit\u00e0 degli studi di Udine, contribuendo al percorso di formazione di numerosi giovani medici. Tra le competenze tecniche, il dottor Malavisi \u00e8 riconosciuto come esperto nella gestione delle viee aree difficili, fondamentale per la gestione di pazienti critici fragili, e nell\u2019utilizzo di tecniche infiltrative sia periferiche che neurassiali in terapia antalgica. Benvenuti in Ulss Dolomiti e buon lavoro.<\/p>\n<p>&nbsp;<\/p>\n<p>&nbsp;<\/p>\n<p>&nbsp;<\/p>\n<hr \/>\n<h3 class=\"entry-title\"><\/h3>\n<blockquote>\n<h3>LE PELLEGRINE SCENDONO IN CITTA&#8217;<\/h3>\n<\/blockquote>\n<p>Ilaria e Francesca, le pellegrine del Col di Foglia, dopo l&#8217;affollato incontro in sala Don Tamis ad Agordo, si presenteranno alla citt\u00e0 capoluogo per raccontare il loro cammino per Santiago. Una volta tornate a casa hanno messo in calendario degli incontri per presentare un loro documentario sul viaggio spirituale in Portogallo e Spagna. Il video viene presentato domani alle 20.30 nella sala parrocchiale di Cavarzano. Il ricavato delle serate ad offerta libera sar\u00e0 interamente devoluto all\u2019Ados (donne operate al seno).<\/p>\n<p>&nbsp;<\/p>\n<hr \/>\n<p>&nbsp;<\/p>\n<p>&nbsp;<\/p>\n<blockquote>\n<h3>GRUPPO LETTURA DI LIMANA DAL 2008<\/h3>\n<\/blockquote>\n<p><strong>LIMANA<\/strong> In vista della giornata internazionale contro la violenza sulle donne giovedi 10 novembre a Limana, alle 20.30 \u00e8 in programma una serata sul tema &#8220;La violenza di genere tra arte e lettura. Per il libro del mese, Loredana Lipperini e Michela Murgia &#8220;L&#8217;ho uccisa perch\u00e9 l&#8217;amavo: falso&#8221;.<\/p>\n<p>&nbsp;<\/p>\n<p>&nbsp;<\/p>\n<p>&nbsp;<\/p>\n<hr \/>\n<p>&nbsp;<\/p>\n<blockquote>\n<h3>VENERDI&#8217; 11 NOVEMBRE LA PRESENTAZIONE DEL LIBRO &#8220;LA VITA E&#8217; LOTTA&#8221;<\/h3>\n<\/blockquote>\n<p><strong>SOSPIROLO<\/strong><\/p>\n<p>di Roberto Bona<\/p>\n<audio class=\"wp-audio-shortcode\" id=\"audio-304256-7\" preload=\"none\" style=\"width: 100%;\" controls=\"controls\"><source type=\"audio\/mpeg\" src=\"https:\/\/www.radiopiu.net\/wordpress\/wp-content\/uploads\/2022\/11\/BONA-VENERDI-11-NOVEMBRE-LIBRO.mp3?_=7\" \/><a href=\"https:\/\/www.radiopiu.net\/wordpress\/wp-content\/uploads\/2022\/11\/BONA-VENERDI-11-NOVEMBRE-LIBRO.mp3\">https:\/\/www.radiopiu.net\/wordpress\/wp-content\/uploads\/2022\/11\/BONA-VENERDI-11-NOVEMBRE-LIBRO.mp3<\/a><\/audio>\n<p>&nbsp;<\/p>\n\n\t\t\t<style type='text\/css'>\n\t\t\t\t#gallery-2 {\n\t\t\t\t\tmargin: auto;\n\t\t\t\t}\n\t\t\t\t#gallery-2 .gallery-item {\n\t\t\t\t\tfloat: left;\n\t\t\t\t\tmargin-top: 10px;\n\t\t\t\t\ttext-align: center;\n\t\t\t\t\twidth: 33%;\n\t\t\t\t}\n\t\t\t\t#gallery-2 img {\n\t\t\t\t\tborder: 2px solid #cfcfcf;\n\t\t\t\t}\n\t\t\t\t#gallery-2 .gallery-caption {\n\t\t\t\t\tmargin-left: 0;\n\t\t\t\t}\n\t\t\t\t\/* see gallery_shortcode() in wp-includes\/media.php *\/\n\t\t\t<\/style>\n\t\t<div id='gallery-2' class='dt-gallery-container gallery galleryid-304256 gallery-columns-3 gallery-size-thumbnail'><dl class='gallery-item'>\n\t\t\t\t<dt class='gallery-icon portrait'>\n\t\t\t\t\t<a class=\"rollover rollover-zoom dt-pswp-item\" title=\"5ece5cf9-b9b2-46de-9745-5751c3a36a6e\" data-dt-img-description=\"\" data-large_image_width=\"381\" data-large_image_height=\"507\"href='https:\/\/www.radiopiu.net\/wordpress\/wp-content\/uploads\/2022\/11\/5ece5cf9-b9b2-46de-9745-5751c3a36a6e.jpg'><img loading=\"lazy\" decoding=\"async\" width=\"150\" height=\"150\" src=\"https:\/\/www.radiopiu.net\/wordpress\/wp-content\/uploads\/2022\/11\/5ece5cf9-b9b2-46de-9745-5751c3a36a6e-150x150.jpg\" class=\"attachment-thumbnail size-thumbnail\" alt=\"\" \/><\/a>\n\t\t\t\t<\/dt><\/dl><dl class='gallery-item'>\n\t\t\t\t<dt class='gallery-icon portrait'>\n\t\t\t\t\t<a class=\"rollover rollover-zoom dt-pswp-item\" title=\"793b0c49-9378-44f4-9eb9-5a35fc7cebaf\" data-dt-img-description=\"\" data-large_image_width=\"732\" data-large_image_height=\"1024\"href='https:\/\/www.radiopiu.net\/wordpress\/wp-content\/uploads\/2022\/11\/793b0c49-9378-44f4-9eb9-5a35fc7cebaf.jpg'><img loading=\"lazy\" decoding=\"async\" width=\"150\" height=\"150\" src=\"https:\/\/www.radiopiu.net\/wordpress\/wp-content\/uploads\/2022\/11\/793b0c49-9378-44f4-9eb9-5a35fc7cebaf-150x150.jpg\" class=\"attachment-thumbnail size-thumbnail\" alt=\"\" \/><\/a>\n\t\t\t\t<\/dt><\/dl><dl class='gallery-item'>\n\t\t\t\t<dt class='gallery-icon portrait'>\n\t\t\t\t\t<a class=\"rollover rollover-zoom dt-pswp-item\" title=\"0b01c5d2-10ed-4d27-bb98-40784a5151b5\" data-dt-img-description=\"\" data-large_image_width=\"346\" data-large_image_height=\"496\"href='https:\/\/www.radiopiu.net\/wordpress\/wp-content\/uploads\/2022\/11\/0b01c5d2-10ed-4d27-bb98-40784a5151b5.jpg'><img loading=\"lazy\" decoding=\"async\" width=\"150\" height=\"150\" src=\"https:\/\/www.radiopiu.net\/wordpress\/wp-content\/uploads\/2022\/11\/0b01c5d2-10ed-4d27-bb98-40784a5151b5-150x150.jpg\" class=\"attachment-thumbnail size-thumbnail\" alt=\"\" \/><\/a>\n\t\t\t\t<\/dt><\/dl><br style=\"clear: both\" \/><dl class='gallery-item'>\n\t\t\t\t<dt class='gallery-icon landscape'>\n\t\t\t\t\t<a class=\"rollover rollover-zoom dt-pswp-item\" title=\"1bed7d11-3aec-4038-bc43-447274e211ec\" data-dt-img-description=\"\" data-large_image_width=\"740\" data-large_image_height=\"369\"href='https:\/\/www.radiopiu.net\/wordpress\/wp-content\/uploads\/2022\/11\/1bed7d11-3aec-4038-bc43-447274e211ec.jpg'><img loading=\"lazy\" decoding=\"async\" width=\"150\" height=\"150\" src=\"https:\/\/www.radiopiu.net\/wordpress\/wp-content\/uploads\/2022\/11\/1bed7d11-3aec-4038-bc43-447274e211ec-150x150.jpg\" class=\"attachment-thumbnail size-thumbnail\" alt=\"\" \/><\/a>\n\t\t\t\t<\/dt><\/dl><dl class='gallery-item'>\n\t\t\t\t<dt class='gallery-icon landscape'>\n\t\t\t\t\t<a class=\"rollover rollover-zoom dt-pswp-item\" title=\"bccdebfc-75a5-449d-abcb-7ec23123ee81\" data-dt-img-description=\"\" data-large_image_width=\"816\" data-large_image_height=\"467\"href='https:\/\/www.radiopiu.net\/wordpress\/wp-content\/uploads\/2022\/11\/bccdebfc-75a5-449d-abcb-7ec23123ee81.jpg'><img loading=\"lazy\" decoding=\"async\" width=\"150\" height=\"150\" src=\"https:\/\/www.radiopiu.net\/wordpress\/wp-content\/uploads\/2022\/11\/bccdebfc-75a5-449d-abcb-7ec23123ee81-150x150.jpg\" class=\"attachment-thumbnail size-thumbnail\" alt=\"\" \/><\/a>\n\t\t\t\t<\/dt><\/dl><dl class='gallery-item'>\n\t\t\t\t<dt class='gallery-icon portrait'>\n\t\t\t\t\t<a class=\"rollover rollover-zoom dt-pswp-item\" title=\"cc9fb573-032a-4bcd-be00-8481336041cc\" data-dt-img-description=\"\" data-large_image_width=\"402\" data-large_image_height=\"523\"href='https:\/\/www.radiopiu.net\/wordpress\/wp-content\/uploads\/2022\/11\/cc9fb573-032a-4bcd-be00-8481336041cc.jpg'><img loading=\"lazy\" decoding=\"async\" width=\"150\" height=\"150\" src=\"https:\/\/www.radiopiu.net\/wordpress\/wp-content\/uploads\/2022\/11\/cc9fb573-032a-4bcd-be00-8481336041cc-150x150.jpg\" class=\"attachment-thumbnail size-thumbnail\" alt=\"\" \/><\/a>\n\t\t\t\t<\/dt><\/dl><br style=\"clear: both\" \/>\n\t\t\t<\/div>\n\n<p>&nbsp;<\/p>\n<hr \/>\n<p>&nbsp;<\/p>\n<p>&nbsp;<\/p>\n<blockquote>\n<h3>LA SECONDA EDIZIONE DI MAGICOLERIA CON LA PROLOCO CASTIONESE<\/h3>\n<\/blockquote>\n<p><strong>BELLUNO\u00a0<\/strong> <span id=\"page3R_mcid5\" class=\"markedContent\"><span dir=\"ltr\" role=\"presentation\">Con<\/span> <span dir=\"ltr\" role=\"presentation\">grande entusiasmo<\/span><span dir=\"ltr\" role=\"presentation\">, dopo le restrizioni dovute al covid,<\/span> <span dir=\"ltr\" role=\"presentation\">la Pro Loco Pieve Castionese propone al <\/span><span dir=\"ltr\" role=\"presentation\">pubblico la seconda edizione della Magicoleria<\/span><span dir=\"ltr\" role=\"presentation\">. <\/span><\/span><span id=\"page3R_mcid6\" class=\"markedContent\"><span dir=\"ltr\" role=\"presentation\">Il<\/span> <span dir=\"ltr\" role=\"presentation\">primo dei due ap<\/span><span dir=\"ltr\" role=\"presentation\">puntamenti si terr\u00e0 do<\/span><span dir=\"ltr\" role=\"presentation\">menica 6 novembre al<\/span><span dir=\"ltr\" role=\"presentation\">le 18 al Teatro San<\/span> <span dir=\"ltr\" role=\"presentation\">Gaetano di <\/span><span dir=\"ltr\" role=\"presentation\">Castion. <\/span><span dir=\"ltr\" role=\"presentation\">\u00a0Il performer, prestig<\/span><span dir=\"ltr\" role=\"presentation\">iatore ed illusionista Sirio Al<\/span><span dir=\"ltr\" role=\"presentation\">fieri<\/span> <span dir=\"ltr\" role=\"presentation\">ci<\/span> <span dir=\"ltr\" role=\"presentation\">condurr\u00e0<\/span> <span dir=\"ltr\" role=\"presentation\">nel magico mondo <\/span><span dir=\"ltr\" role=\"presentation\">dell<\/span><span dir=\"ltr\" role=\"presentation\">\u2019<\/span><span dir=\"ltr\" role=\"presentation\">illusione grazie allo spettacolo<\/span> <span dir=\"ltr\" role=\"presentation\">\u201c<\/span><span dir=\"ltr\" role=\"presentation\">Magic is not dead!<\/span><span dir=\"ltr\" role=\"presentation\">\u201d. <\/span><\/span><span class=\"markedContent\"><span dir=\"ltr\" role=\"presentation\">D<\/span><span dir=\"ltr\" role=\"presentation\">omenica<\/span> <span dir=\"ltr\" role=\"presentation\">20 no<\/span><span dir=\"ltr\" role=\"presentation\">vembre,<\/span> <span dir=\"ltr\" role=\"presentation\">stessa ora e stesso luogo<\/span><span dir=\"ltr\" role=\"presentation\">, sar\u00e0 la volta di Paolo Rech<\/span><span dir=\"ltr\" role=\"presentation\">,<\/span> <span dir=\"ltr\" role=\"presentation\">pluripremiato<\/span> <span dir=\"ltr\" role=\"presentation\">artista<\/span><span dir=\"ltr\" role=\"presentation\">,<\/span> <span dir=\"ltr\" role=\"presentation\">che ha <\/span><span dir=\"ltr\" role=\"presentation\">gi<\/span><span dir=\"ltr\" role=\"presentation\">rato il mondo intero portando i<\/span><span dir=\"ltr\" role=\"presentation\">n scena<\/span> <span dir=\"ltr\" role=\"presentation\">i suoi burattini. Per prenotazioni e informazioni: cell. 3495872289<\/span><\/span><\/p>\n\n\t\t\t<style type='text\/css'>\n\t\t\t\t#gallery-3 {\n\t\t\t\t\tmargin: auto;\n\t\t\t\t}\n\t\t\t\t#gallery-3 .gallery-item {\n\t\t\t\t\tfloat: left;\n\t\t\t\t\tmargin-top: 10px;\n\t\t\t\t\ttext-align: center;\n\t\t\t\t\twidth: 50%;\n\t\t\t\t}\n\t\t\t\t#gallery-3 img {\n\t\t\t\t\tborder: 2px solid #cfcfcf;\n\t\t\t\t}\n\t\t\t\t#gallery-3 .gallery-caption {\n\t\t\t\t\tmargin-left: 0;\n\t\t\t\t}\n\t\t\t\t\/* see gallery_shortcode() in wp-includes\/media.php *\/\n\t\t\t<\/style>\n\t\t<div id='gallery-3' class='dt-gallery-container gallery galleryid-304256 gallery-columns-2 gallery-size-thumbnail'><dl class='gallery-item'>\n\t\t\t\t<dt class='gallery-icon landscape'>\n\t\t\t\t\t<a class=\"rollover rollover-zoom dt-pswp-item\" title=\"Natale con i tuoi\" data-dt-img-description=\"\" data-large_image_width=\"1579\" data-large_image_height=\"1239\"href='https:\/\/www.radiopiu.net\/wordpress\/wp-content\/uploads\/2022\/11\/Natale-con-i-tuoi.jpg'><img loading=\"lazy\" decoding=\"async\" width=\"150\" height=\"150\" src=\"https:\/\/www.radiopiu.net\/wordpress\/wp-content\/uploads\/2022\/11\/Natale-con-i-tuoi-150x150.jpg\" class=\"attachment-thumbnail size-thumbnail\" alt=\"\" \/><\/a>\n\t\t\t\t<\/dt><\/dl><dl class='gallery-item'>\n\t\t\t\t<dt class='gallery-icon landscape'>\n\t\t\t\t\t<a class=\"rollover rollover-zoom dt-pswp-item\" title=\"Sirio Alfieri illusionista\" data-dt-img-description=\"\" data-large_image_width=\"2560\" data-large_image_height=\"1707\"href='https:\/\/www.radiopiu.net\/wordpress\/wp-content\/uploads\/2022\/11\/Sirio-Alfieri-illusionista-scaled.jpg'><img loading=\"lazy\" decoding=\"async\" width=\"150\" height=\"150\" src=\"https:\/\/www.radiopiu.net\/wordpress\/wp-content\/uploads\/2022\/11\/Sirio-Alfieri-illusionista-150x150.jpg\" class=\"attachment-thumbnail size-thumbnail\" alt=\"\" \/><\/a>\n\t\t\t\t<\/dt><\/dl><br style=\"clear: both\" \/>\n\t\t\t<\/div>\n\n<p>&nbsp;<\/p>\n<p>&nbsp;<\/p>\n<hr \/>\n<p>&nbsp;<\/p>\n<h2><span style=\"color: #ff0000;\">IERI ALLA RADIO\u00a0<\/span><\/h2>\n<h2><span style=\"color: #339966;\">SE NON LA SMETTI TI MANDO DAL PRESIDE<\/span><\/h2>\n<p><strong>TERZA PUNTATA<\/strong><\/p>\n<audio class=\"wp-audio-shortcode\" id=\"audio-304256-8\" preload=\"none\" style=\"width: 100%;\" controls=\"controls\"><source type=\"audio\/mpeg\" src=\"https:\/\/www.radiopiu.net\/wordpress\/wp-content\/uploads\/2022\/11\/se-non-la-smetti-ti-mando-dal-preside-3-maria-rosa.mp3?_=8\" \/><a href=\"https:\/\/www.radiopiu.net\/wordpress\/wp-content\/uploads\/2022\/11\/se-non-la-smetti-ti-mando-dal-preside-3-maria-rosa.mp3\">https:\/\/www.radiopiu.net\/wordpress\/wp-content\/uploads\/2022\/11\/se-non-la-smetti-ti-mando-dal-preside-3-maria-rosa.mp3<\/a><\/audio>\n<p>&nbsp;<\/p>\n<hr \/>\n<p>&nbsp;<\/p>\n<div>\n<div class=\"b654a4as d2edcug0\">\n<div class=\"rq0escxv hkbzh7o3 jwdofwj8 n8tt0mok r8blr3vg hyh9befq\">\n<p><a class=\"dt-pswp-item\" href=\"https:\/\/www.radiopiu.net\/wordpress\/wp-content\/uploads\/2020\/10\/pp.jpg\" data-dt-img-description=\"\" data-large_image_width=\"640\" data-large_image_height=\"640\"><img loading=\"lazy\" decoding=\"async\" class=\"wp-image-163678 alignleft\" src=\"https:\/\/www.radiopiu.net\/wordpress\/wp-content\/uploads\/2020\/10\/pp-300x300.jpg\" alt=\"\" width=\"106\" height=\"106\" srcset=\"https:\/\/www.radiopiu.net\/wordpress\/wp-content\/uploads\/2020\/10\/pp-300x300.jpg 300w, https:\/\/www.radiopiu.net\/wordpress\/wp-content\/uploads\/2020\/10\/pp-150x150.jpg 150w, https:\/\/www.radiopiu.net\/wordpress\/wp-content\/uploads\/2020\/10\/pp-125x125.jpg 125w, https:\/\/www.radiopiu.net\/wordpress\/wp-content\/uploads\/2020\/10\/pp-200x200.jpg 200w, https:\/\/www.radiopiu.net\/wordpress\/wp-content\/uploads\/2020\/10\/pp-80x80.jpg 80w, https:\/\/www.radiopiu.net\/wordpress\/wp-content\/uploads\/2020\/10\/pp-480x480.jpg 480w, https:\/\/www.radiopiu.net\/wordpress\/wp-content\/uploads\/2020\/10\/pp.jpg 640w\" sizes=\"auto, (max-width: 106px) 100vw, 106px\" \/><\/a><\/p>\n<\/div>\n<\/div>\n<\/div>\n<div>\n<div class=\"page-title-head hgroup\">\n<div class=\"page-title-head hgroup\">\n<div class=\"b654a4as d2edcug0\">\n<div class=\"j83agx80 btwxx1t3 lhclo0ds hop8lmos nkwizq5d scwd0bx6 roh60bw9\">\n<div class=\"rq0escxv hkbzh7o3 jwdofwj8 n8tt0mok r8blr3vg hyh9befq\">\n<div class=\"do00u71z l9j0dhe7 k4urcfbm\">\n<h2><span style=\"color: #000080;\">DON CESARE, IL PENSIERO DEL GIORNO. ALLA RADIO ALLE 7 DEL MATTINO E ALLE 19.30 DELLA SERA<\/span><\/h2>\n<audio class=\"wp-audio-shortcode\" id=\"audio-304256-9\" preload=\"none\" style=\"width: 100%;\" controls=\"controls\"><source type=\"audio\/mpeg\" src=\"https:\/\/www.radiopiu.net\/wordpress\/wp-content\/uploads\/2022\/11\/CESARE-1.mp3?_=9\" \/><a href=\"https:\/\/www.radiopiu.net\/wordpress\/wp-content\/uploads\/2022\/11\/CESARE-1.mp3\">https:\/\/www.radiopiu.net\/wordpress\/wp-content\/uploads\/2022\/11\/CESARE-1.mp3<\/a><\/audio>\n<\/div>\n<\/div>\n<\/div>\n<\/div>\n<\/div>\n<\/div>\n<\/div>\n<p>&nbsp;<\/p>\n<p>&nbsp;<\/p>\n<hr \/>\n<p>&nbsp;<\/p>\n<h2><span style=\"color: #ff6600;\">COLLAGE OPERAZIONE NOSTALGIA<\/span><\/h2>\n<p><img loading=\"lazy\" decoding=\"async\" class=\"alignleft\" src=\"https:\/\/www.radiopiu.net\/wordpress\/wp-content\/uploads\/2022\/10\/L.-Armstrong.jpg\" width=\"210\" height=\"206\" \/><strong>REDAZIONE<\/strong> <span style=\"font-size: medium;\">Sono 650 le puntate di Collage trasmesse finora e questa settimana terminer\u00e0 la messa in onda delle canzoni in ordine alfabetico con le lettere W, Y, Z ascolteremo tra le altre \u201cWhisky\u201d, \u201cYellow Submarine\u201d, \u201cZiggy Stardust\u201d per poi riprendere la consueta carrellata di musica varia in ossequio alla quale troveremo \u201cEl menestron\u201d dell\u2019Anonima Magnagati che caratterizzer\u00e0 in apertura la trasmissione di gioved\u00ec dedicata ai brani dialettali per concludere la settimana venerd\u00ec con l\u2019accompagnamento della musica di oltre oceano. <\/span><span style=\"font-size: medium;\">Collage va in onda dal luned\u00ec al venerd\u00ec alle 16,00 e alle 23,00 naturalmente su Radiopi\u00f9.<\/span><\/p>\n<p><strong>LA PUNTATA DI LUNEDI N 651<\/strong><\/p>\n<audio class=\"wp-audio-shortcode\" id=\"audio-304256-10\" preload=\"none\" style=\"width: 100%;\" controls=\"controls\"><source type=\"audio\/mpeg\" src=\"https:\/\/www.radiopiu.net\/wordpress\/wp-content\/uploads\/2022\/10\/Collage-651.mp3?_=10\" \/><a href=\"https:\/\/www.radiopiu.net\/wordpress\/wp-content\/uploads\/2022\/10\/Collage-651.mp3\">https:\/\/www.radiopiu.net\/wordpress\/wp-content\/uploads\/2022\/10\/Collage-651.mp3<\/a><\/audio>\n<p>&nbsp;<\/p>\n<p><strong>LA PUNTATA DI MARTEDI N 652<\/strong><\/p>\n<audio class=\"wp-audio-shortcode\" id=\"audio-304256-11\" preload=\"none\" style=\"width: 100%;\" controls=\"controls\"><source type=\"audio\/mpeg\" src=\"https:\/\/www.radiopiu.net\/wordpress\/wp-content\/uploads\/2022\/10\/Collage-652.mp3?_=11\" \/><a href=\"https:\/\/www.radiopiu.net\/wordpress\/wp-content\/uploads\/2022\/10\/Collage-652.mp3\">https:\/\/www.radiopiu.net\/wordpress\/wp-content\/uploads\/2022\/10\/Collage-652.mp3<\/a><\/audio>\n<p>&nbsp;<\/p>\n<p><strong>LA PUNTATA DI MERCOLEDI N 653<\/strong><\/p>\n<audio class=\"wp-audio-shortcode\" id=\"audio-304256-12\" preload=\"none\" style=\"width: 100%;\" controls=\"controls\"><source type=\"audio\/mpeg\" src=\"https:\/\/www.radiopiu.net\/wordpress\/wp-content\/uploads\/2022\/10\/Collage-653.mp3?_=12\" \/><a href=\"https:\/\/www.radiopiu.net\/wordpress\/wp-content\/uploads\/2022\/10\/Collage-653.mp3\">https:\/\/www.radiopiu.net\/wordpress\/wp-content\/uploads\/2022\/10\/Collage-653.mp3<\/a><\/audio>\n<p>&nbsp;<\/p>\n<hr \/>\n<p>&nbsp;<\/p>\n<p>&nbsp;<\/p>\n<p><img loading=\"lazy\" decoding=\"async\" class=\"aligncenter wp-image-61954 size-full\" src=\"https:\/\/www.radiopiu.net\/wordpress\/wp-content\/uploads\/2018\/09\/viabilita.jpeg\" sizes=\"auto, (max-width: 800px) 100vw, 800px\" srcset=\"https:\/\/www.radiopiu.net\/wordpress\/wp-content\/uploads\/2018\/09\/viabilita.jpeg 800w, https:\/\/www.radiopiu.net\/wordpress\/wp-content\/uploads\/2018\/09\/viabilita-300x38.jpeg 300w, https:\/\/www.radiopiu.net\/wordpress\/wp-content\/uploads\/2018\/09\/viabilita-768x96.jpeg 768w\" alt=\"\" width=\"800\" height=\"100\" \/><\/p>\n<p>&nbsp;<\/p>\n<p>&nbsp;<\/p>\n<p><strong>AGGIORNAMENTO VENETO STRADE, AGGIORNAMENTO CONTINUO H 24<\/strong><\/p>\n<blockquote class=\"wp-embedded-content\" data-secret=\"eu3UEtM43O\"><p><a href=\"https:\/\/www.radiopiu.net\/wordpress\/viabilita\/\">viabilita<\/a><\/p><\/blockquote>\n<p><iframe loading=\"lazy\" class=\"wp-embedded-content\" sandbox=\"allow-scripts\" security=\"restricted\" style=\"position: absolute; clip: rect(1px, 1px, 1px, 1px);\" title=\"&#8220;viabilita&#8221; &#8212; Radio Pi\u00f9\" src=\"https:\/\/www.radiopiu.net\/wordpress\/viabilita\/embed\/#?secret=gDXIgMjxdl#?secret=eu3UEtM43O\" data-secret=\"eu3UEtM43O\" width=\"600\" height=\"338\" frameborder=\"0\" marginwidth=\"0\" marginheight=\"0\" scrolling=\"no\"><\/iframe><\/p>\n<p>&nbsp;<\/p>\n<p>&nbsp;<\/p>\n<hr \/>\n<p>&nbsp;<\/p>\n<p><a class=\"dt-pswp-item\" href=\"https:\/\/www.radiopiu.net\/wordpress\/wp-content\/uploads\/2018\/09\/WhatsApp-Image-2018-09-20-at-16.04.06.jpeg\" data-dt-img-description=\"\" data-large_image_width=\"800\" data-large_image_height=\"100\"><img loading=\"lazy\" decoding=\"async\" class=\"wp-image-61378 size-full aligncenter\" src=\"https:\/\/www.radiopiu.net\/wordpress\/wp-content\/uploads\/2018\/09\/WhatsApp-Image-2018-09-20-at-16.04.06.jpeg\" alt=\"\" width=\"800\" height=\"100\" srcset=\"https:\/\/www.radiopiu.net\/wordpress\/wp-content\/uploads\/2018\/09\/WhatsApp-Image-2018-09-20-at-16.04.06.jpeg 800w, https:\/\/www.radiopiu.net\/wordpress\/wp-content\/uploads\/2018\/09\/WhatsApp-Image-2018-09-20-at-16.04.06-300x38.jpeg 300w, https:\/\/www.radiopiu.net\/wordpress\/wp-content\/uploads\/2018\/09\/WhatsApp-Image-2018-09-20-at-16.04.06-768x96.jpeg 768w\" sizes=\"auto, (max-width: 800px) 100vw, 800px\" \/>\u00a0<\/a><\/p>\n<p>&nbsp;<\/p>\n<p><strong>OGGI<\/strong><br \/>\nCielo in parte nuvoloso, gi\u00e0 al mattino, soprattutto per nubi basse stratiformi su Prealpi, con qualche tratto soleggiato in quota su Dolomiti. Nel contempo nubi alte giungeranno rapidamente sui monti. Nel corso del pomeriggio generale intensificazione della copertura nuvolosa fino a molto nuvoloso o coperto ovunque in serata con probabili primi deboli fenomeni sparsi. Peggioramento del tempo in serata. Debole escursione termica giornaliera in un contesto diurno pi\u00f9 fresco.Precipitazioni: Al mattino poco probabile qualche pioviggine o debole piovasco specie su Prealpi, in seguito graduale aumento della probabilit\u00e0 per locale pioviggine e per pioggia serale a partire dalle Prealpi occidentali in estensione a tutta la montagna veneta. Il limite del nevischio o della debole neve si aggirer\u00e0 sui 2200 m. Temperature: Ulteriore generale calo termico, eccetto rialzo delle minime nelle valli.<\/p>\n<p><strong>Venerdi 4<\/strong><br \/>\nNottetempo ed al mattino spiccato maltempo con cielo coperto e diffuse precipitazioni di moderata intensit\u00e0. Nel corso del pomeriggio temporanei e brevi rasserenamenti in un contesto di cielo nuvoloso o molto nuvoloso con probabili precipitazioni fino a sera.<br \/>\nPrecipitazioni: Nella notte e al mattino diffuse e moderate anche sottoforma di rovescio su Prealpi, dal pomeriggio e soprattutto in serata via via pi\u00f9 discontinue ed in generale attenuazione seppur ancora possibili sottoforma di rovescio. Limite neve in generale calo dai 2100 m fin sui 1500 m a fine episodio su Dolomiti e 1800 m su Prealpi. Sono attesi mediamente 35-55 mm su Dolomiti e 55-75 mm su Prealpi, localmente di pi\u00f9 specie sui settori orientali con altrettanti cm di neve oltre i 2200\/2400 m e accumuli via via decrescenti alle quote inferiori per contributo di pioggia e neve pesante. Temperature: In generale calo dal tardo pomeriggio\/sera<\/p>\n<p><strong>Sabato 5<\/strong><br \/>\nAd eccezione di qualche schiarita a inizio giornata, il cielo sar\u00e0 perlopi\u00f9 parzialmente nuvoloso al mattino, anche nuvoloso dal pomeriggio. Non del tutto esclusa qualche debolissima precipitazione con un po&#8217; di nevischio sopra i 1900-2000 m. Temperature minime in calo e massime in leggera ripresa.<\/p>\n<p><strong>Domenica 6<\/strong><br \/>\nDa poco a parzialmente nuvoloso per nubi medio-alte in rientro da est ma senza precipitazioni. Temperature in generale aumento le massime in calo le minime.<\/p>\n<p>&nbsp;<\/p>\n<hr \/>\n<p>&nbsp;<\/p>\n<p><a class=\"dt-pswp-item\" href=\"https:\/\/www.radiopiu.net\/wordpress\/wp-content\/uploads\/2018\/09\/sport.jpg\" data-dt-img-description=\"\" data-large_image_width=\"800\" data-large_image_height=\"100\"><img loading=\"lazy\" decoding=\"async\" class=\"aligncenter wp-image-60761 size-full\" src=\"https:\/\/www.radiopiu.net\/wordpress\/wp-content\/uploads\/2018\/09\/sport.jpg\" alt=\"\" width=\"800\" height=\"100\" srcset=\"https:\/\/www.radiopiu.net\/wordpress\/wp-content\/uploads\/2018\/09\/sport.jpg 800w, https:\/\/www.radiopiu.net\/wordpress\/wp-content\/uploads\/2018\/09\/sport-300x38.jpg 300w, https:\/\/www.radiopiu.net\/wordpress\/wp-content\/uploads\/2018\/09\/sport-768x96.jpg 768w\" sizes=\"auto, (max-width: 800px) 100vw, 800px\" \/><\/a><\/p>\n<p>&nbsp;<\/p>\n<p><span style=\"color: #0000ff;\"><strong>CICLISMO<\/strong><\/span><\/p>\n<blockquote>\n<h3>LA PEDALONGA 2023, IL GRANDE RITORNO<\/h3>\n<\/blockquote>\n<p><strong><a class=\"dt-pswp-item\" href=\"https:\/\/www.radiopiu.net\/wordpress\/wp-content\/uploads\/2022\/11\/PEDALONGA.png\" data-dt-img-description=\"\" data-large_image_width=\"426\" data-large_image_height=\"386\"><img loading=\"lazy\" decoding=\"async\" class=\" wp-image-304335 alignleft\" src=\"https:\/\/www.radiopiu.net\/wordpress\/wp-content\/uploads\/2022\/11\/PEDALONGA-300x272.png\" alt=\"\" width=\"126\" height=\"114\" srcset=\"https:\/\/www.radiopiu.net\/wordpress\/wp-content\/uploads\/2022\/11\/PEDALONGA-300x272.png 300w, https:\/\/www.radiopiu.net\/wordpress\/wp-content\/uploads\/2022\/11\/PEDALONGA.png 426w\" sizes=\"auto, (max-width: 126px) 100vw, 126px\" \/><\/a>COMELICO<\/strong> Dopo un anno \u201csabbatico\u201d, torna e si rimette in moto la macchina organizzativa della Pedalonga. La gara di mountain-bike a coppie piu\u0300 bella ed impegnativa delle Dolomiti. Lo Spiquy Team ASD, motore organizzativo dell\u2019evento, ha comunicato che la gara tornera\u0300 ufficialmente nel calendario di tutti gli appassionati e sara\u0300 in programma per il 5 Agosto 2023. La Pedalonga 2023 tornera\u0300 con 3 percorsi: un percorso lungo, un medio e un corto (dedicato a famiglie, bambini e e-bike). A partire dal Sabato 12 Novembre, si apriranno ufficialmente le iscrizioni per 300 coppie di partecipanti. Il prezzo iniziale, a coppia, sara\u0300 di 100\u20ac e rimarra\u0300 tale (salvo durante i \u201cPedalonga Days\u201d comunicati in seguito) fino al 30 Giugno 2023, quando diverra\u0300 di 150\u20ac a coppia.<\/p>\n","protected":false},"excerpt":{"rendered":"<p>SU FACEBOOK LA STORICA PAGINA &#8220;RADIO PIU&#8217; EMITTENTE AGORDINA&#8221; HA RAGGIUNTO E SUPERATO NELLA NOTTE I 17MILA ISCRITTI. A TUTTI GRAZIE PER LA FIDUCIA E LA STIMA.\u00a0 RADIO PIU INFORMAZIONE il canale su TELEGRAM informazione di prima\u00a0 mano e in tempo reale. iscriviti ed aiutaci a farlo conoscere\u00a0\u00a0 &nbsp; \u00a0 ULSS 1 BELLUNO I medici&hellip;<\/p>\n","protected":false},"author":4,"featured_media":304363,"comment_status":"closed","ping_status":"closed","sticky":false,"template":"","format":"standard","meta":{"_monsterinsights_skip_tracking":false,"_monsterinsights_sitenote_active":false,"_monsterinsights_sitenote_note":"","_monsterinsights_sitenote_category":0,"footnotes":""},"categories":[51,86,49],"tags":[],"class_list":["post-304256","post","type-post","status-publish","format-standard","has-post-thumbnail","hentry","category-evidenza-top","category-gr","category-news-18","category-51","category-86","category-49","description-off"],"img_url":"https:\/\/www.radiopiu.net\/wordpress\/wp-content\/uploads\/2022\/11\/Senza-nome-2.jpg","_links":{"self":[{"href":"https:\/\/www.radiopiu.net\/wordpress\/wp-json\/wp\/v2\/posts\/304256","targetHints":{"allow":["GET"]}}],"collection":[{"href":"https:\/\/www.radiopiu.net\/wordpress\/wp-json\/wp\/v2\/posts"}],"about":[{"href":"https:\/\/www.radiopiu.net\/wordpress\/wp-json\/wp\/v2\/types\/post"}],"author":[{"embeddable":true,"href":"https:\/\/www.radiopiu.net\/wordpress\/wp-json\/wp\/v2\/users\/4"}],"replies":[{"embeddable":true,"href":"https:\/\/www.radiopiu.net\/wordpress\/wp-json\/wp\/v2\/comments?post=304256"}],"version-history":[{"count":0,"href":"https:\/\/www.radiopiu.net\/wordpress\/wp-json\/wp\/v2\/posts\/304256\/revisions"}],"wp:featuredmedia":[{"embeddable":true,"href":"https:\/\/www.radiopiu.net\/wordpress\/wp-json\/wp\/v2\/media\/304363"}],"wp:attachment":[{"href":"https:\/\/www.radiopiu.net\/wordpress\/wp-json\/wp\/v2\/media?parent=304256"}],"wp:term":[{"taxonomy":"category","embeddable":true,"href":"https:\/\/www.radiopiu.net\/wordpress\/wp-json\/wp\/v2\/categories?post=304256"},{"taxonomy":"post_tag","embeddable":true,"href":"https:\/\/www.radiopiu.net\/wordpress\/wp-json\/wp\/v2\/tags?post=304256"}],"curies":[{"name":"wp","href":"https:\/\/api.w.org\/{rel}","templated":true}]}}