{"id":304315,"date":"2022-11-02T16:07:29","date_gmt":"2022-11-02T15:07:29","guid":{"rendered":"https:\/\/www.radiopiu.net\/wordpress\/?p=304315"},"modified":"2022-11-03T05:52:18","modified_gmt":"2022-11-03T04:52:18","slug":"torna-la-ex-tempore-a-belluno-con-delle-novita","status":"publish","type":"post","link":"https:\/\/www.radiopiu.net\/wordpress\/torna-la-ex-tempore-a-belluno-con-delle-novita\/","title":{"rendered":"TORNA LA EX TEMPORE A BELLUNO CON DELLE NOVITA&#8217;"},"content":{"rendered":"<p><strong><a class=\"dt-pswp-item\" href=\"https:\/\/www.radiopiu.net\/wordpress\/wp-content\/uploads\/2022\/11\/EX-TEMPORE.jpg\" data-dt-img-description=\"\" data-large_image_width=\"158\" data-large_image_height=\"280\"><img loading=\"lazy\" decoding=\"async\" class=\" wp-image-304317 alignleft\" src=\"https:\/\/www.radiopiu.net\/wordpress\/wp-content\/uploads\/2022\/11\/EX-TEMPORE.jpg\" alt=\"\" width=\"105\" height=\"186\" \/><\/a>BELLUNO <\/strong>Novembre dedicato alla cultura a Belluno: il biglietto d\u2019ingresso al Museo Fulcis sar\u00e0 scontato. In occasione delle festivit\u00e0 dedicate al santo patrono della citt\u00e0 e delle iniziative proposte dalla manifestazione \u201cBelluno citt\u00e0 del legno\u201d, dall\u20198 al 13 novembre sar\u00e0 possibile visitare il museo civico al costo, simbolico, di 3 euro anzich\u00e9 8. In occasione dell\u2019Ex Tempore, il Consorzio Belluno Centro Storico allestir\u00e0 nel cortile interno del Palazzo una mostra fotografica e, sempre l\u00ec, verranno esposte le sculture per essere votate dai cittadini. Si prevede dunque un intenso via vai, che l\u2019amministrazione vorrebbe andasse a beneficio anche del Museo dove al momento \u00e8 in corso la mostra \u201cDino Buzzati. Dentro la creazione\u201d, esposizione proposta nell\u2019ambito delle celebrazioni per i 50 anni della morte dello scrittore bellunese<\/p>\n<p><strong>di Daniele Dalvit<\/strong><\/p>\n<audio class=\"wp-audio-shortcode\" id=\"audio-304315-1\" preload=\"none\" style=\"width: 100%;\" controls=\"controls\"><source type=\"audio\/mpeg\" src=\"https:\/\/www.radiopiu.net\/wordpress\/wp-content\/uploads\/2022\/11\/DALVIT-FULCIS.mp3?_=1\" \/><a href=\"https:\/\/www.radiopiu.net\/wordpress\/wp-content\/uploads\/2022\/11\/DALVIT-FULCIS.mp3\">https:\/\/www.radiopiu.net\/wordpress\/wp-content\/uploads\/2022\/11\/DALVIT-FULCIS.mp3<\/a><\/audio>\n<p>&nbsp;<\/p>\n<p>&nbsp;<\/p>\n<p>******<\/p>\n","protected":false},"excerpt":{"rendered":"<p>BELLUNO Novembre dedicato alla cultura a Belluno: il biglietto d\u2019ingresso al Museo Fulcis sar\u00e0 scontato. In occasione delle festivit\u00e0 dedicate al santo patrono della citt\u00e0 e delle iniziative proposte dalla manifestazione \u201cBelluno citt\u00e0 del legno\u201d, dall\u20198 al 13 novembre sar\u00e0 possibile visitare il museo civico al costo, simbolico, di 3 euro anzich\u00e9 8. In occasione&hellip;<\/p>\n","protected":false},"author":4,"featured_media":304317,"comment_status":"closed","ping_status":"closed","sticky":false,"template":"","format":"standard","meta":{"_monsterinsights_skip_tracking":false,"_monsterinsights_sitenote_active":false,"_monsterinsights_sitenote_note":"","_monsterinsights_sitenote_category":0,"footnotes":""},"categories":[51,49],"tags":[],"class_list":["post-304315","post","type-post","status-publish","format-standard","has-post-thumbnail","hentry","category-evidenza-top","category-news-18","category-51","category-49","description-off"],"img_url":"https:\/\/www.radiopiu.net\/wordpress\/wp-content\/uploads\/2022\/11\/EX-TEMPORE.jpg","_links":{"self":[{"href":"https:\/\/www.radiopiu.net\/wordpress\/wp-json\/wp\/v2\/posts\/304315","targetHints":{"allow":["GET"]}}],"collection":[{"href":"https:\/\/www.radiopiu.net\/wordpress\/wp-json\/wp\/v2\/posts"}],"about":[{"href":"https:\/\/www.radiopiu.net\/wordpress\/wp-json\/wp\/v2\/types\/post"}],"author":[{"embeddable":true,"href":"https:\/\/www.radiopiu.net\/wordpress\/wp-json\/wp\/v2\/users\/4"}],"replies":[{"embeddable":true,"href":"https:\/\/www.radiopiu.net\/wordpress\/wp-json\/wp\/v2\/comments?post=304315"}],"version-history":[{"count":0,"href":"https:\/\/www.radiopiu.net\/wordpress\/wp-json\/wp\/v2\/posts\/304315\/revisions"}],"wp:featuredmedia":[{"embeddable":true,"href":"https:\/\/www.radiopiu.net\/wordpress\/wp-json\/wp\/v2\/media\/304317"}],"wp:attachment":[{"href":"https:\/\/www.radiopiu.net\/wordpress\/wp-json\/wp\/v2\/media?parent=304315"}],"wp:term":[{"taxonomy":"category","embeddable":true,"href":"https:\/\/www.radiopiu.net\/wordpress\/wp-json\/wp\/v2\/categories?post=304315"},{"taxonomy":"post_tag","embeddable":true,"href":"https:\/\/www.radiopiu.net\/wordpress\/wp-json\/wp\/v2\/tags?post=304315"}],"curies":[{"name":"wp","href":"https:\/\/api.w.org\/{rel}","templated":true}]}}