{"id":304366,"date":"2022-11-03T05:33:18","date_gmt":"2022-11-03T04:33:18","guid":{"rendered":"https:\/\/www.radiopiu.net\/wordpress\/?p=304366"},"modified":"2022-11-03T05:33:18","modified_gmt":"2022-11-03T04:33:18","slug":"dopo-tai-di-cadore-anche-zoldo-riapre-lo-stadio-sempre-chiuso-limpianto-di-alleghe","status":"publish","type":"post","link":"https:\/\/www.radiopiu.net\/wordpress\/dopo-tai-di-cadore-anche-zoldo-riapre-lo-stadio-sempre-chiuso-limpianto-di-alleghe\/","title":{"rendered":"DOPO TAI DI CADORE ANCHE ZOLDO RIAPRE LO STADIO, SEMPRE CHIUSO L&#8217;IMPIANTO DI ALLEGHE\u00a0"},"content":{"rendered":"<blockquote>\n<h3><\/h3>\n<p><em>Meneghetti, &#8220;Lo dobbiamo ai nostri ragazzi&#8221;<\/em><\/p><\/blockquote>\n<p><strong><a class=\"dt-pswp-item\" href=\"https:\/\/www.radiopiu.net\/wordpress\/wp-content\/uploads\/2022\/11\/312212423_559296716199206_7912990488212694612_n.jpg\" data-dt-img-description=\"\" data-large_image_width=\"526\" data-large_image_height=\"526\"><img loading=\"lazy\" decoding=\"async\" class=\"wp-image-304365 alignleft\" src=\"https:\/\/www.radiopiu.net\/wordpress\/wp-content\/uploads\/2022\/11\/312212423_559296716199206_7912990488212694612_n-300x300.jpg\" alt=\"\" width=\"204\" height=\"204\" srcset=\"https:\/\/www.radiopiu.net\/wordpress\/wp-content\/uploads\/2022\/11\/312212423_559296716199206_7912990488212694612_n-300x300.jpg 300w, https:\/\/www.radiopiu.net\/wordpress\/wp-content\/uploads\/2022\/11\/312212423_559296716199206_7912990488212694612_n-150x150.jpg 150w, https:\/\/www.radiopiu.net\/wordpress\/wp-content\/uploads\/2022\/11\/312212423_559296716199206_7912990488212694612_n.jpg 526w\" sizes=\"auto, (max-width: 204px) 100vw, 204px\" \/><\/a>VAL DI ZOLDO<\/strong> Da domenica riapre anche il palaghiaccio di Zoldo. La conferma dal presidente della societ\u00e0 hockeystica Tito Meneghetti che con i fratelli nell&#8217;impianto di Soccampo \u00e8 cresciuto. Domenica il palaghiaccio torner\u00e0 ad ospitare regolarmente le\u00a0 partite dei ragazzi, sono 120 i tesserati del sodalizio zoldano che in queste settimane di chiusura forzata dell&#8217;impianto si sono allenati altrove con notevoli sacrifici\u00a0 tra Padova,\u00a0 Feltre e Cortina &#8220;Siamo preoccupati dai costi, come tutti del resto, ma non potevamo fare diversamente&#8221; ha detto il\u00a0 il presidente Tito Meneghetti. Gli sponsor\u00a0 come sempre aiuteranno cos\u00ec come i genitori degli atleti. La societ\u00e0 hocketstica\u00a0 garantir\u00e0\u00a0 i costi di gestione come ha sempre fatto dal 2004, anno in cui ha ottenuto in gestione l&#8217;impianto dal Comune.<\/p>\n<p>dalla pagina facebook: <em>La foto non \u00e8 bellissima, ma per noi ci\u00f2 che raffigura lo \u00e8 moltissimo&#8230;ieri sera abbiamo acceso i motori e abbiamo cominciato a fare il ghiaccio\u00a0\u00a0<\/em><\/p>\n","protected":false},"excerpt":{"rendered":"<p>Meneghetti, &#8220;Lo dobbiamo ai nostri ragazzi&#8221; VAL DI ZOLDO Da domenica riapre anche il palaghiaccio di Zoldo. La conferma dal presidente della societ\u00e0 hockeystica Tito Meneghetti che con i fratelli nell&#8217;impianto di Soccampo \u00e8 cresciuto. Domenica il palaghiaccio torner\u00e0 ad ospitare regolarmente le\u00a0 partite dei ragazzi, sono 120 i tesserati del sodalizio zoldano che in&hellip;<\/p>\n","protected":false},"author":4,"featured_media":304365,"comment_status":"closed","ping_status":"closed","sticky":false,"template":"","format":"standard","meta":{"_monsterinsights_skip_tracking":false,"_monsterinsights_sitenote_active":false,"_monsterinsights_sitenote_note":"","_monsterinsights_sitenote_category":0,"footnotes":""},"categories":[51,49],"tags":[],"class_list":["post-304366","post","type-post","status-publish","format-standard","has-post-thumbnail","hentry","category-evidenza-top","category-news-18","category-51","category-49","description-off"],"img_url":"https:\/\/www.radiopiu.net\/wordpress\/wp-content\/uploads\/2022\/11\/312212423_559296716199206_7912990488212694612_n.jpg","_links":{"self":[{"href":"https:\/\/www.radiopiu.net\/wordpress\/wp-json\/wp\/v2\/posts\/304366","targetHints":{"allow":["GET"]}}],"collection":[{"href":"https:\/\/www.radiopiu.net\/wordpress\/wp-json\/wp\/v2\/posts"}],"about":[{"href":"https:\/\/www.radiopiu.net\/wordpress\/wp-json\/wp\/v2\/types\/post"}],"author":[{"embeddable":true,"href":"https:\/\/www.radiopiu.net\/wordpress\/wp-json\/wp\/v2\/users\/4"}],"replies":[{"embeddable":true,"href":"https:\/\/www.radiopiu.net\/wordpress\/wp-json\/wp\/v2\/comments?post=304366"}],"version-history":[{"count":0,"href":"https:\/\/www.radiopiu.net\/wordpress\/wp-json\/wp\/v2\/posts\/304366\/revisions"}],"wp:featuredmedia":[{"embeddable":true,"href":"https:\/\/www.radiopiu.net\/wordpress\/wp-json\/wp\/v2\/media\/304365"}],"wp:attachment":[{"href":"https:\/\/www.radiopiu.net\/wordpress\/wp-json\/wp\/v2\/media?parent=304366"}],"wp:term":[{"taxonomy":"category","embeddable":true,"href":"https:\/\/www.radiopiu.net\/wordpress\/wp-json\/wp\/v2\/categories?post=304366"},{"taxonomy":"post_tag","embeddable":true,"href":"https:\/\/www.radiopiu.net\/wordpress\/wp-json\/wp\/v2\/tags?post=304366"}],"curies":[{"name":"wp","href":"https:\/\/api.w.org\/{rel}","templated":true}]}}