{"id":304392,"date":"2022-11-04T05:20:16","date_gmt":"2022-11-04T04:20:16","guid":{"rendered":"https:\/\/www.radiopiu.net\/wordpress\/?p=304392"},"modified":"2022-11-04T05:39:09","modified_gmt":"2022-11-04T04:39:09","slug":"il-lupo-pasteggia-in-riva-al-lago","status":"publish","type":"post","link":"https:\/\/www.radiopiu.net\/wordpress\/il-lupo-pasteggia-in-riva-al-lago\/","title":{"rendered":"IL LUPO PASTEGGIA IN RIVA AL LAGO"},"content":{"rendered":"<p><strong>ALLEGHE<\/strong> Si dir\u00e0 che non fa pi\u00f9 notizia, probabile. Ma diglielo a chi abita in prossimit\u00e0 del luogo dove il lupo ha consumato il\u00a0 pasto. Nelle ultime ore il predatore, gi\u00e0 avvistato in passato sia in zona, che dall&#8217;altra parte del lago, ha &#8220;colpito&#8221; nei pressi dello Chalet al lago, lungo il versante che costeggia il lago di Alleghe\u00a0 in Comune di Rocca Pietore.\u00a0 Chi di competenza \u00e8 gi\u00e0 intervenuto probabilmente anche segnalando l&#8217;episodio.<\/p>\n\n\t\t\t<style type='text\/css'>\n\t\t\t\t#gallery-1 {\n\t\t\t\t\tmargin: auto;\n\t\t\t\t}\n\t\t\t\t#gallery-1 .gallery-item {\n\t\t\t\t\tfloat: left;\n\t\t\t\t\tmargin-top: 10px;\n\t\t\t\t\ttext-align: center;\n\t\t\t\t\twidth: 50%;\n\t\t\t\t}\n\t\t\t\t#gallery-1 img {\n\t\t\t\t\tborder: 2px solid #cfcfcf;\n\t\t\t\t}\n\t\t\t\t#gallery-1 .gallery-caption {\n\t\t\t\t\tmargin-left: 0;\n\t\t\t\t}\n\t\t\t\t\/* see gallery_shortcode() in wp-includes\/media.php *\/\n\t\t\t<\/style>\n\t\t<div id='gallery-1' class='dt-gallery-container gallery galleryid-304392 gallery-columns-2 gallery-size-medium'><dl class='gallery-item'>\n\t\t\t\t<dt class='gallery-icon landscape'>\n\t\t\t\t\t<a class=\"rollover rollover-zoom dt-pswp-item\" title=\"1ed299e7-2671-4208-a0b7-34e05fd70b7a\" data-dt-img-description=\"\" data-large_image_width=\"1024\" data-large_image_height=\"768\"href='https:\/\/www.radiopiu.net\/wordpress\/wp-content\/uploads\/2022\/11\/1ed299e7-2671-4208-a0b7-34e05fd70b7a.jpg'><img loading=\"lazy\" decoding=\"async\" width=\"300\" height=\"225\" src=\"https:\/\/www.radiopiu.net\/wordpress\/wp-content\/uploads\/2022\/11\/1ed299e7-2671-4208-a0b7-34e05fd70b7a-300x225.jpg\" class=\"attachment-medium size-medium\" alt=\"\" srcset=\"https:\/\/www.radiopiu.net\/wordpress\/wp-content\/uploads\/2022\/11\/1ed299e7-2671-4208-a0b7-34e05fd70b7a-300x225.jpg 300w, https:\/\/www.radiopiu.net\/wordpress\/wp-content\/uploads\/2022\/11\/1ed299e7-2671-4208-a0b7-34e05fd70b7a-768x576.jpg 768w, https:\/\/www.radiopiu.net\/wordpress\/wp-content\/uploads\/2022\/11\/1ed299e7-2671-4208-a0b7-34e05fd70b7a.jpg 1024w\" sizes=\"auto, (max-width: 300px) 100vw, 300px\" \/><\/a>\n\t\t\t\t<\/dt><\/dl><dl class='gallery-item'>\n\t\t\t\t<dt class='gallery-icon portrait'>\n\t\t\t\t\t<a class=\"rollover rollover-zoom dt-pswp-item\" title=\"89357c40-d8db-48d7-a5bc-6bf72545fc2f\" data-dt-img-description=\"\" data-large_image_width=\"768\" data-large_image_height=\"1024\"href='https:\/\/www.radiopiu.net\/wordpress\/wp-content\/uploads\/2022\/11\/89357c40-d8db-48d7-a5bc-6bf72545fc2f.jpg'><img loading=\"lazy\" decoding=\"async\" width=\"225\" height=\"300\" src=\"https:\/\/www.radiopiu.net\/wordpress\/wp-content\/uploads\/2022\/11\/89357c40-d8db-48d7-a5bc-6bf72545fc2f-225x300.jpg\" class=\"attachment-medium size-medium\" alt=\"\" srcset=\"https:\/\/www.radiopiu.net\/wordpress\/wp-content\/uploads\/2022\/11\/89357c40-d8db-48d7-a5bc-6bf72545fc2f-225x300.jpg 225w, https:\/\/www.radiopiu.net\/wordpress\/wp-content\/uploads\/2022\/11\/89357c40-d8db-48d7-a5bc-6bf72545fc2f.jpg 768w\" sizes=\"auto, (max-width: 225px) 100vw, 225px\" \/><\/a>\n\t\t\t\t<\/dt><\/dl><br style=\"clear: both\" \/>\n\t\t\t<\/div>\n\n<p>&nbsp;<\/p>\n<hr \/>\n<p>&nbsp;<\/p>\n","protected":false},"excerpt":{"rendered":"<p>ALLEGHE Si dir\u00e0 che non fa pi\u00f9 notizia, probabile. Ma diglielo a chi abita in prossimit\u00e0 del luogo dove il lupo ha consumato il\u00a0 pasto. Nelle ultime ore il predatore, gi\u00e0 avvistato in passato sia in zona, che dall&#8217;altra parte del lago, ha &#8220;colpito&#8221; nei pressi dello Chalet al lago, lungo il versante che costeggia&hellip;<\/p>\n","protected":false},"author":4,"featured_media":304393,"comment_status":"closed","ping_status":"closed","sticky":false,"template":"","format":"standard","meta":{"_monsterinsights_skip_tracking":false,"_monsterinsights_sitenote_active":false,"_monsterinsights_sitenote_note":"","_monsterinsights_sitenote_category":0,"footnotes":""},"categories":[51,49],"tags":[],"class_list":["post-304392","post","type-post","status-publish","format-standard","has-post-thumbnail","hentry","category-evidenza-top","category-news-18","category-51","category-49","description-off"],"img_url":"https:\/\/www.radiopiu.net\/wordpress\/wp-content\/uploads\/2022\/11\/1ed299e7-2671-4208-a0b7-34e05fd70b7a.jpg","_links":{"self":[{"href":"https:\/\/www.radiopiu.net\/wordpress\/wp-json\/wp\/v2\/posts\/304392","targetHints":{"allow":["GET"]}}],"collection":[{"href":"https:\/\/www.radiopiu.net\/wordpress\/wp-json\/wp\/v2\/posts"}],"about":[{"href":"https:\/\/www.radiopiu.net\/wordpress\/wp-json\/wp\/v2\/types\/post"}],"author":[{"embeddable":true,"href":"https:\/\/www.radiopiu.net\/wordpress\/wp-json\/wp\/v2\/users\/4"}],"replies":[{"embeddable":true,"href":"https:\/\/www.radiopiu.net\/wordpress\/wp-json\/wp\/v2\/comments?post=304392"}],"version-history":[{"count":0,"href":"https:\/\/www.radiopiu.net\/wordpress\/wp-json\/wp\/v2\/posts\/304392\/revisions"}],"wp:featuredmedia":[{"embeddable":true,"href":"https:\/\/www.radiopiu.net\/wordpress\/wp-json\/wp\/v2\/media\/304393"}],"wp:attachment":[{"href":"https:\/\/www.radiopiu.net\/wordpress\/wp-json\/wp\/v2\/media?parent=304392"}],"wp:term":[{"taxonomy":"category","embeddable":true,"href":"https:\/\/www.radiopiu.net\/wordpress\/wp-json\/wp\/v2\/categories?post=304392"},{"taxonomy":"post_tag","embeddable":true,"href":"https:\/\/www.radiopiu.net\/wordpress\/wp-json\/wp\/v2\/tags?post=304392"}],"curies":[{"name":"wp","href":"https:\/\/api.w.org\/{rel}","templated":true}]}}