{"id":304409,"date":"2022-11-04T05:00:01","date_gmt":"2022-11-04T04:00:01","guid":{"rendered":"https:\/\/www.radiopiu.net\/wordpress\/?p=304409"},"modified":"2022-11-04T05:43:05","modified_gmt":"2022-11-04T04:43:05","slug":"iniziativa-significativa-per-gli-studenti-del-liceo-classico","status":"publish","type":"post","link":"https:\/\/www.radiopiu.net\/wordpress\/iniziativa-significativa-per-gli-studenti-del-liceo-classico\/","title":{"rendered":"INIZIATIVA SIGNIFICATIVA PER GLI STUDENTI DEL LICEO CLASSICO\u00a0"},"content":{"rendered":"<blockquote>\n<h3 style=\"text-align: left;\"><\/h3>\n<\/blockquote>\n<p><strong><a class=\"dt-pswp-item\" href=\"https:\/\/www.radiopiu.net\/wordpress\/wp-content\/uploads\/2022\/11\/ILIOUPERSIS-2.jpg\" data-dt-img-description=\"\" data-large_image_width=\"1600\" data-large_image_height=\"1200\"><img loading=\"lazy\" decoding=\"async\" class=\" wp-image-304407 alignleft\" src=\"https:\/\/www.radiopiu.net\/wordpress\/wp-content\/uploads\/2022\/11\/ILIOUPERSIS-2-300x225.jpg\" alt=\"\" width=\"281\" height=\"211\" srcset=\"https:\/\/www.radiopiu.net\/wordpress\/wp-content\/uploads\/2022\/11\/ILIOUPERSIS-2-300x225.jpg 300w, https:\/\/www.radiopiu.net\/wordpress\/wp-content\/uploads\/2022\/11\/ILIOUPERSIS-2-1024x768.jpg 1024w, https:\/\/www.radiopiu.net\/wordpress\/wp-content\/uploads\/2022\/11\/ILIOUPERSIS-2-768x576.jpg 768w, https:\/\/www.radiopiu.net\/wordpress\/wp-content\/uploads\/2022\/11\/ILIOUPERSIS-2-1536x1152.jpg 1536w, https:\/\/www.radiopiu.net\/wordpress\/wp-content\/uploads\/2022\/11\/ILIOUPERSIS-2.jpg 1600w\" sizes=\"auto, (max-width: 281px) 100vw, 281px\" \/><\/a>BELLUNO<\/strong> Nei giorni scorsi\u00a0 \u00a0le classi quarta e quinta del Liceo Galilei-Tiziano, indirizzo classico, hanno vissuto una giornata emozionante e culturalmente arricchente. Gli allievi si sono recati al Museo della Battaglia di Vittorio Veneto, per assistere a laboratori didattici organizzati nell\u2019ambito dell\u2019iniziativa Ilioupersis; il cielo \u00e8 rosso, promossa dal professor Alberto Camerotto dell\u2019Universit\u00e0 di Venezia, e rivolta agli studenti dei licei veneti, per operare una <a class=\"dt-pswp-item\" href=\"https:\/\/www.radiopiu.net\/wordpress\/wp-content\/uploads\/2022\/11\/ILIOUPERSIS-1.jpg\" data-dt-img-description=\"\" data-large_image_width=\"1600\" data-large_image_height=\"1200\"><img loading=\"lazy\" decoding=\"async\" class=\" wp-image-304408 alignright\" src=\"https:\/\/www.radiopiu.net\/wordpress\/wp-content\/uploads\/2022\/11\/ILIOUPERSIS-1-300x225.jpg\" alt=\"\" width=\"260\" height=\"195\" srcset=\"https:\/\/www.radiopiu.net\/wordpress\/wp-content\/uploads\/2022\/11\/ILIOUPERSIS-1-300x225.jpg 300w, https:\/\/www.radiopiu.net\/wordpress\/wp-content\/uploads\/2022\/11\/ILIOUPERSIS-1-1024x768.jpg 1024w, https:\/\/www.radiopiu.net\/wordpress\/wp-content\/uploads\/2022\/11\/ILIOUPERSIS-1-768x576.jpg 768w, https:\/\/www.radiopiu.net\/wordpress\/wp-content\/uploads\/2022\/11\/ILIOUPERSIS-1-1536x1152.jpg 1536w, https:\/\/www.radiopiu.net\/wordpress\/wp-content\/uploads\/2022\/11\/ILIOUPERSIS-1.jpg 1600w\" sizes=\"auto, (max-width: 260px) 100vw, 260px\" \/><\/a>riflessione sulla guerra attraverso testi letterari del mondo antico e moderno. Gli studenti hanno cos\u00ec potuto ascoltare ed apprezzare gli interventi di studiose del mondo antico, come Valeria Melis, Anna Baldo, Ludovica Consoloni e Costanza Uncini, autrici di contributi pubblicati nel libro Il grido di Andromaca. Hanno inoltre partecipato, insieme agli studenti provenienti dagli altri licei del Veneto, al flashmob in cui sono stati letti passi sulla guerra, tratti dalle opere di autori antichi e moderni. Gli studenti bellunesi hanno letto estratti dall\u2019Agamennone di Eschilo, dai Dialoghi con Leuc\u00f2 di Cesare Pavese e alcuni versi di Lyudmyla Khersonska, una poetessa moldava, che vive attualmente ad Odessa, in Ucraina. Alla fine di ogni recitazione, anzich\u00e9 applaudire, tutti i partecipanti hanno sventolato dei fogli rossi, per alludere al cielo rosso sopra la citt\u00e0 di Troia nella notte in cui venne distrutta dai Greci; un cielo rosso che simboleggia il cielo di tutte le citt\u00e0 che vengono distrutte dai nemici in guerra.<\/p>\n<p>&nbsp;<\/p>\n<p>&nbsp;<\/p>\n<hr \/>\n<p>&nbsp;<\/p>\n","protected":false},"excerpt":{"rendered":"<p>BELLUNO Nei giorni scorsi\u00a0 \u00a0le classi quarta e quinta del Liceo Galilei-Tiziano, indirizzo classico, hanno vissuto una giornata emozionante e culturalmente arricchente. Gli allievi si sono recati al Museo della Battaglia di Vittorio Veneto, per assistere a laboratori didattici organizzati nell\u2019ambito dell\u2019iniziativa Ilioupersis; il cielo \u00e8 rosso, promossa dal professor Alberto Camerotto dell\u2019Universit\u00e0 di Venezia,&hellip;<\/p>\n","protected":false},"author":4,"featured_media":304407,"comment_status":"closed","ping_status":"closed","sticky":false,"template":"","format":"standard","meta":{"_monsterinsights_skip_tracking":false,"_monsterinsights_sitenote_active":false,"_monsterinsights_sitenote_note":"","_monsterinsights_sitenote_category":0,"footnotes":""},"categories":[104,49],"tags":[],"class_list":["post-304409","post","type-post","status-publish","format-standard","has-post-thumbnail","hentry","category-evidenza_3","category-news-18","category-104","category-49","description-off"],"img_url":"https:\/\/www.radiopiu.net\/wordpress\/wp-content\/uploads\/2022\/11\/ILIOUPERSIS-2.jpg","_links":{"self":[{"href":"https:\/\/www.radiopiu.net\/wordpress\/wp-json\/wp\/v2\/posts\/304409","targetHints":{"allow":["GET"]}}],"collection":[{"href":"https:\/\/www.radiopiu.net\/wordpress\/wp-json\/wp\/v2\/posts"}],"about":[{"href":"https:\/\/www.radiopiu.net\/wordpress\/wp-json\/wp\/v2\/types\/post"}],"author":[{"embeddable":true,"href":"https:\/\/www.radiopiu.net\/wordpress\/wp-json\/wp\/v2\/users\/4"}],"replies":[{"embeddable":true,"href":"https:\/\/www.radiopiu.net\/wordpress\/wp-json\/wp\/v2\/comments?post=304409"}],"version-history":[{"count":0,"href":"https:\/\/www.radiopiu.net\/wordpress\/wp-json\/wp\/v2\/posts\/304409\/revisions"}],"wp:featuredmedia":[{"embeddable":true,"href":"https:\/\/www.radiopiu.net\/wordpress\/wp-json\/wp\/v2\/media\/304407"}],"wp:attachment":[{"href":"https:\/\/www.radiopiu.net\/wordpress\/wp-json\/wp\/v2\/media?parent=304409"}],"wp:term":[{"taxonomy":"category","embeddable":true,"href":"https:\/\/www.radiopiu.net\/wordpress\/wp-json\/wp\/v2\/categories?post=304409"},{"taxonomy":"post_tag","embeddable":true,"href":"https:\/\/www.radiopiu.net\/wordpress\/wp-json\/wp\/v2\/tags?post=304409"}],"curies":[{"name":"wp","href":"https:\/\/api.w.org\/{rel}","templated":true}]}}