{"id":304581,"date":"2022-11-05T05:53:53","date_gmt":"2022-11-05T04:53:53","guid":{"rendered":"https:\/\/www.radiopiu.net\/wordpress\/?p=304581"},"modified":"2022-11-05T06:18:08","modified_gmt":"2022-11-05T05:18:08","slug":"caro-energia-il-comune-di-limana-risparmia-sugli-uffici","status":"publish","type":"post","link":"https:\/\/www.radiopiu.net\/wordpress\/caro-energia-il-comune-di-limana-risparmia-sugli-uffici\/","title":{"rendered":"CARO ENERGIA, IL COMUNE DI LIMANA RISPARMIA SUGLI UFFICI"},"content":{"rendered":"<p><strong> <img loading=\"lazy\" decoding=\"async\" class=\"alignleft\" src=\"https:\/\/www.radiopiu.net\/wordpress\/wp-content\/uploads\/2022\/11\/limana.png\" width=\"304\" height=\"212\" \/>LIMANA<\/strong>\u00a0 Da luned\u00ec 14 novembre, per contenere i consumi gli uffici comunali saranno chiusi dalle 13 del venerd\u00ec fino al luned\u00ec mattina. <em>\u201cSi tratta di un intervento volto a ridurre il fabbisogno di riscaldamento negli edifici pubblici durante il fine settimana\u201d spiega il Sindaco Milena De Zanet. \u201cLavorando fino al venerd\u00ec mattina infatti, gi\u00e0 dal primo pomeriggio del venerd\u00ec stesso e per le intere giornate di sabato e domenica saremo in grado di abbassare la temperatura nei locali del municipio, della biblioteca e del magazzino cos\u00ec da ridurre i consumi.\u201d <\/em>Per particolari esigenze o per urgenze si potr\u00e0 prendere appuntamento telefonando direttamente all\u2019ufficio. <em>\u201cCon questa rimodulazione\u201d prosegue il Sindaco \u201cnon andiamo a ridurre di molto gli orari di apertura e per venire incontro alle esigenze dei cittadini abbiamo esteso l\u2019apertura degli uffici con maggiore affluenza fino alle 18:00 del mercoled\u00ec. In Biblioteca invece le ore di apertura restano invariate, ma il pomeriggio del venerd\u00ec viene traslato al mercoled\u00ec\u201d.\u00a0 <\/em>Lo stabile di Col Del Sole\u00a0 (la vecchia biblioteca) che\u00a0 presenta gravi carenze dal punto di vista del risparmio energetico (25.000\u20ac di riscaldamento a stagione destinato a raddoppiare) sar\u00e0 chiuso e le associazioni ricollocate in altri spazi.\u00a0 \u00a0Per illustrare queste nuove misure che sono seguite allo spegnimento parziale dell\u2019illuminazione pubblica, il Sindaco e l\u2019Amministrazione hanno deciso di incontrare i cittadini marted\u00ec 8 novembre alle 20:30 presso la sede municipale<\/p>\n<p>&nbsp;<\/p>\n<p>&nbsp;<\/p>\n<p>___<\/p>\n","protected":false},"excerpt":{"rendered":"<p>LIMANA\u00a0 Da luned\u00ec 14 novembre, per contenere i consumi gli uffici comunali saranno chiusi dalle 13 del venerd\u00ec fino al luned\u00ec mattina. \u201cSi tratta di un intervento volto a ridurre il fabbisogno di riscaldamento negli edifici pubblici durante il fine settimana\u201d spiega il Sindaco Milena De Zanet. \u201cLavorando fino al venerd\u00ec mattina infatti, gi\u00e0 dal&hellip;<\/p>\n","protected":false},"author":4,"featured_media":304583,"comment_status":"closed","ping_status":"closed","sticky":false,"template":"","format":"standard","meta":{"_monsterinsights_skip_tracking":false,"_monsterinsights_sitenote_active":false,"_monsterinsights_sitenote_note":"","_monsterinsights_sitenote_category":0,"footnotes":""},"categories":[51,49],"tags":[],"class_list":["post-304581","post","type-post","status-publish","format-standard","has-post-thumbnail","hentry","category-evidenza-top","category-news-18","category-51","category-49","description-off"],"img_url":"https:\/\/www.radiopiu.net\/wordpress\/wp-content\/uploads\/2022\/11\/limana.png","_links":{"self":[{"href":"https:\/\/www.radiopiu.net\/wordpress\/wp-json\/wp\/v2\/posts\/304581","targetHints":{"allow":["GET"]}}],"collection":[{"href":"https:\/\/www.radiopiu.net\/wordpress\/wp-json\/wp\/v2\/posts"}],"about":[{"href":"https:\/\/www.radiopiu.net\/wordpress\/wp-json\/wp\/v2\/types\/post"}],"author":[{"embeddable":true,"href":"https:\/\/www.radiopiu.net\/wordpress\/wp-json\/wp\/v2\/users\/4"}],"replies":[{"embeddable":true,"href":"https:\/\/www.radiopiu.net\/wordpress\/wp-json\/wp\/v2\/comments?post=304581"}],"version-history":[{"count":0,"href":"https:\/\/www.radiopiu.net\/wordpress\/wp-json\/wp\/v2\/posts\/304581\/revisions"}],"wp:featuredmedia":[{"embeddable":true,"href":"https:\/\/www.radiopiu.net\/wordpress\/wp-json\/wp\/v2\/media\/304583"}],"wp:attachment":[{"href":"https:\/\/www.radiopiu.net\/wordpress\/wp-json\/wp\/v2\/media?parent=304581"}],"wp:term":[{"taxonomy":"category","embeddable":true,"href":"https:\/\/www.radiopiu.net\/wordpress\/wp-json\/wp\/v2\/categories?post=304581"},{"taxonomy":"post_tag","embeddable":true,"href":"https:\/\/www.radiopiu.net\/wordpress\/wp-json\/wp\/v2\/tags?post=304581"}],"curies":[{"name":"wp","href":"https:\/\/api.w.org\/{rel}","templated":true}]}}