{"id":304729,"date":"2022-11-05T09:51:03","date_gmt":"2022-11-05T08:51:03","guid":{"rendered":"https:\/\/www.radiopiu.net\/wordpress\/?p=304729"},"modified":"2022-11-05T09:51:03","modified_gmt":"2022-11-05T08:51:03","slug":"e-in-arrivo-lingorgo-fiscale-di-novembre-allerario-69-miliardi-di-euro","status":"publish","type":"post","link":"https:\/\/www.radiopiu.net\/wordpress\/e-in-arrivo-lingorgo-fiscale-di-novembre-allerario-69-miliardi-di-euro\/","title":{"rendered":"E\u2019 IN ARRIVO L\u2019INGORGO FISCALE DI NOVEMBRE: ALL\u2019ERARIO 69 MILIARDI DI EURO"},"content":{"rendered":"<p><a class=\"dt-pswp-item\" href=\"https:\/\/www.radiopiu.net\/wordpress\/wp-content\/uploads\/2022\/11\/Schermata-2022-11-05-alle-09.48.19.png\" data-dt-img-description=\"\" data-large_image_width=\"940\" data-large_image_height=\"1188\"><img loading=\"lazy\" decoding=\"async\" class=\"alignleft size-medium wp-image-304730\" src=\"https:\/\/www.radiopiu.net\/wordpress\/wp-content\/uploads\/2022\/11\/Schermata-2022-11-05-alle-09.48.19-237x300.png\" alt=\"\" width=\"237\" height=\"300\" srcset=\"https:\/\/www.radiopiu.net\/wordpress\/wp-content\/uploads\/2022\/11\/Schermata-2022-11-05-alle-09.48.19-237x300.png 237w, https:\/\/www.radiopiu.net\/wordpress\/wp-content\/uploads\/2022\/11\/Schermata-2022-11-05-alle-09.48.19-810x1024.png 810w, https:\/\/www.radiopiu.net\/wordpress\/wp-content\/uploads\/2022\/11\/Schermata-2022-11-05-alle-09.48.19-768x971.png 768w, https:\/\/www.radiopiu.net\/wordpress\/wp-content\/uploads\/2022\/11\/Schermata-2022-11-05-alle-09.48.19.png 940w\" sizes=\"auto, (max-width: 237px) 100vw, 237px\" \/><\/a>E\u2019 in arrivo l\u2019ingorgo fiscale di novembre che per l\u2019erario \u00e8 da sempre il mese pi\u00f9 \u201cgratificante\u201d dell\u2019anno (vedi Tab. 1). Dalle scadenze del 16 e del 30 novembre prossimi, infatti, il fisco incasser\u00e0 ben 69 miliardi di euro. Secondo una stima elaborata dall\u2019Ufficio studi della CGIA, le imprese, in particolare, saranno chiamate a versare l\u2019Iva (19 miliardi), l\u2019Ires (16,2 miliardi), le ritenute dei dipendenti e dei collaboratori (12,5 miliardi). Le aziende, inoltre, saranno chiamate a onorare anche l\u2019Irap (10,9 miliardi), l\u2019acconto Irpef dei propri dipendenti (7,3 miliardi di euro) e dovranno versare anche le ritenute d\u2019acconto sui compensi dei professionisti (1,2 miliardi) (vedi Tab. 2).<\/p>\n<p><strong>Vista la portata del gettito, tante aziende avranno non pochi problemi a superare indenni questa raffica di scadenze fiscali. Novembre, infatti, costituisce un vero e proprio stress test che permetter\u00e0 agli imprenditori di misurare la tenuta finanziaria delle proprie attivit\u00e0.<\/strong><\/p>\n<p>Il mese in corso, dicevamo, \u00e8 molto particolare anche per un altro aspetto. Quando un imprenditore in difficolt\u00e0 da tempo non supera positivamente questo \u201cesame\u201d, spesso decide entro poche settimane se valga la pena o meno continuare l\u2019attivit\u00e0.<\/p>\n<p><strong>Pertanto, per evitare che tanti piccoli imprenditori oggi in difficolt\u00e0 per il caro energia, il boom dell\u2019inflazione e per la contrazione dei consumi chiudano definitivamente l\u2019attivit\u00e0 \u00e8 auspicabile che in tempi ragionevolmente brevi il nuovo Governo provveda a tagliare drasticamente le imposte, al fine di \u201cammorbidire\u201d anche i versamenti relativi alle scadenze pi\u00f9 critiche di ogni anno: ovvero, i mesi di giugno-luglio e di novembre-dicembre (vedi Graf. 1).<\/strong><\/p>\n<p><strong>La nostra burocrazia fiscale \u00e8 la peggiore d\u2019Europa<\/strong><br \/>\n<a class=\"dt-pswp-item\" href=\"https:\/\/www.radiopiu.net\/wordpress\/wp-content\/uploads\/2022\/11\/Schermata-2022-11-05-alle-09.48.32.png\" data-dt-img-description=\"\" data-large_image_width=\"696\" data-large_image_height=\"820\"><img loading=\"lazy\" decoding=\"async\" class=\"alignleft size-medium wp-image-304732\" src=\"https:\/\/www.radiopiu.net\/wordpress\/wp-content\/uploads\/2022\/11\/Schermata-2022-11-05-alle-09.48.32-255x300.png\" alt=\"\" width=\"255\" height=\"300\" srcset=\"https:\/\/www.radiopiu.net\/wordpress\/wp-content\/uploads\/2022\/11\/Schermata-2022-11-05-alle-09.48.32-255x300.png 255w, https:\/\/www.radiopiu.net\/wordpress\/wp-content\/uploads\/2022\/11\/Schermata-2022-11-05-alle-09.48.32.png 696w\" sizes=\"auto, (max-width: 255px) 100vw, 255px\" \/><\/a>Oltre ad avere un carico fiscale tra i pi\u00f9 elevati d\u2019Europa, l\u2019Italia, assieme al Portogallo, \u00e8 il Paese dove pagare le tasse \u00e8 pi\u00f9 difficile, in particolar modo per le aziende. Secondo le ultime statistiche disponibili elaborate\u00a0dalla Banca Mondiale (Doing Business 2020), i nostri imprenditori \u201cperdono\u201d 30 giorni all\u2019anno (pari a 238 ore) per raccogliere tutte le informazioni necessarie per calcolare le imposte dovute; per completare tutte le dichiarazioni dei redditi e per presentarle all\u2019Amministrazione finanziaria; per effettuare il pagamento on line o presso le autorit\u00e0 preposte. In Francia per espletare le incombenze burocratiche derivanti dal pagamento delle tasse sono necessari solo 17 giorni (139 ore), in Spagna 18 (143 ore) e in Germania 27 (218 ore), mentre la media dell\u2019Area dell\u2019Euro \u00e8 di 18 giorni (147 ore). I dati si riferiscono a una media impresa (societ\u00e0 a responsabilit\u00e0 limitata), al secondo anno di vita e con circa 60 addetti.<\/p>\n<p><strong><a class=\"dt-pswp-item\" href=\"https:\/\/www.radiopiu.net\/wordpress\/wp-content\/uploads\/2022\/11\/Schermata-2022-11-05-alle-09.48.49.png\" data-dt-img-description=\"\" data-large_image_width=\"1288\" data-large_image_height=\"938\"><img loading=\"lazy\" decoding=\"async\" class=\"alignleft size-medium wp-image-304731\" src=\"https:\/\/www.radiopiu.net\/wordpress\/wp-content\/uploads\/2022\/11\/Schermata-2022-11-05-alle-09.48.49-300x218.png\" alt=\"\" width=\"300\" height=\"218\" srcset=\"https:\/\/www.radiopiu.net\/wordpress\/wp-content\/uploads\/2022\/11\/Schermata-2022-11-05-alle-09.48.49-300x218.png 300w, https:\/\/www.radiopiu.net\/wordpress\/wp-content\/uploads\/2022\/11\/Schermata-2022-11-05-alle-09.48.49-1024x746.png 1024w, https:\/\/www.radiopiu.net\/wordpress\/wp-content\/uploads\/2022\/11\/Schermata-2022-11-05-alle-09.48.49-768x559.png 768w, https:\/\/www.radiopiu.net\/wordpress\/wp-content\/uploads\/2022\/11\/Schermata-2022-11-05-alle-09.48.49.png 1288w\" sizes=\"auto, (max-width: 300px) 100vw, 300px\" \/><\/a>Anche dicembre sar\u00e0 un mese molto impegnativo<\/strong><\/p>\n<p>Anche il prossimo mese di dicembre sar\u00e0 particolarmente impegnativo sul fronte fiscale. Entro il 16 dicembre, infatti, le aziende dovranno versare\u00a0i contributi previdenziali, assistenziali e le ritenute Irpef dei propri dipendenti e collaboratori. Dovranno, inoltre, pagare l\u2019acconto dell\u2019imposta sostitutiva sui redditi da rivalutazione del Tfr, il saldo dell\u2019Imu su capannoni, uffici, negozi e l\u2019Iva del mese di novembre, semprech\u00e9 si tratti di contribuenti mensili.\u00a0 Infine, entro Natale dovranno liquidare anche le tredicesime ai propri dipendenti. Insomma, non \u00e8 da escludere che molti piccoli imprenditori a corto di denaro si troveranno in seria difficolt\u00e0 a rispettare tutte queste scadenze cos\u00ec ravvicinate.<\/p>\n<p><strong>\u00a0\u2022\u00a0\u00a0\u00a0\u00a0\u00a0\u00a0\u00a0\u00a0Chi non paga, cosa gli succede ?<\/strong><\/p>\n<p>Se qualcuno non rispetta le scadenze fiscali previste nelle prossime settimane, cosa va incontro? L\u2019ordinamento tributario, ricorda l\u2019Ufficio studi della CGIA, impone al contribuente una sanzione dell\u20191 per cento\u00a0dell\u2019importo da versare al fisco per ogni giorno di ritardo entro il 15\u00b0 dalla scadenza. La percentuale sale al 15 per cento se il pagamento viene effettuato entro il novantesimo giorno dalla scadenza. Per omesso pagamento o per versamento effettuato dopo 90 giorni dal termine previsto per legge, la sanzione sale al 30 per cento dell\u2019importo da versare all\u2019erario. Indipendentemente dal ritardo, sono altres\u00ec dovuti gli interessi pari al 4 per cento (annuo) dell\u2019importo da pagare. Va ricordato, infine, che le sanzioni possono essere fortemente ridimensionate usufruendo dell\u2019istituto del \u201cravvedimento operoso\u201d, a condizione che si versi sia l\u2019importo omesso che la sanzione\u00a0(opportunamente ridotta) e gli interessi. Le riduzioni, ovviamente, diminuiscono con il passare del tempo di pagamento.<\/p>\n","protected":false},"excerpt":{"rendered":"<p>E\u2019 in arrivo l\u2019ingorgo fiscale di novembre che per l\u2019erario \u00e8 da sempre il mese pi\u00f9 \u201cgratificante\u201d dell\u2019anno (vedi Tab. 1). Dalle scadenze del 16 e del 30 novembre prossimi, infatti, il fisco incasser\u00e0 ben 69 miliardi di euro. Secondo una stima elaborata dall\u2019Ufficio studi della CGIA, le imprese, in particolare, saranno chiamate a versare&hellip;<\/p>\n","protected":false},"author":2,"featured_media":84553,"comment_status":"closed","ping_status":"closed","sticky":false,"template":"","format":"standard","meta":{"_monsterinsights_skip_tracking":false,"_monsterinsights_sitenote_active":false,"_monsterinsights_sitenote_note":"","_monsterinsights_sitenote_category":0,"footnotes":""},"categories":[49],"tags":[],"class_list":["post-304729","post","type-post","status-publish","format-standard","has-post-thumbnail","hentry","category-news-18","category-49","description-off"],"img_url":"https:\/\/www.radiopiu.net\/wordpress\/wp-content\/uploads\/2019\/05\/euro-163475_1280.jpg","_links":{"self":[{"href":"https:\/\/www.radiopiu.net\/wordpress\/wp-json\/wp\/v2\/posts\/304729","targetHints":{"allow":["GET"]}}],"collection":[{"href":"https:\/\/www.radiopiu.net\/wordpress\/wp-json\/wp\/v2\/posts"}],"about":[{"href":"https:\/\/www.radiopiu.net\/wordpress\/wp-json\/wp\/v2\/types\/post"}],"author":[{"embeddable":true,"href":"https:\/\/www.radiopiu.net\/wordpress\/wp-json\/wp\/v2\/users\/2"}],"replies":[{"embeddable":true,"href":"https:\/\/www.radiopiu.net\/wordpress\/wp-json\/wp\/v2\/comments?post=304729"}],"version-history":[{"count":0,"href":"https:\/\/www.radiopiu.net\/wordpress\/wp-json\/wp\/v2\/posts\/304729\/revisions"}],"wp:featuredmedia":[{"embeddable":true,"href":"https:\/\/www.radiopiu.net\/wordpress\/wp-json\/wp\/v2\/media\/84553"}],"wp:attachment":[{"href":"https:\/\/www.radiopiu.net\/wordpress\/wp-json\/wp\/v2\/media?parent=304729"}],"wp:term":[{"taxonomy":"category","embeddable":true,"href":"https:\/\/www.radiopiu.net\/wordpress\/wp-json\/wp\/v2\/categories?post=304729"},{"taxonomy":"post_tag","embeddable":true,"href":"https:\/\/www.radiopiu.net\/wordpress\/wp-json\/wp\/v2\/tags?post=304729"}],"curies":[{"name":"wp","href":"https:\/\/api.w.org\/{rel}","templated":true}]}}