{"id":304741,"date":"2022-11-07T05:40:40","date_gmt":"2022-11-07T04:40:40","guid":{"rendered":"https:\/\/www.radiopiu.net\/wordpress\/?p=304741"},"modified":"2022-11-07T07:00:55","modified_gmt":"2022-11-07T06:00:55","slug":"giornale-radiopiu-07-novembre-2022-direttore-mirko-mezzacasa","status":"publish","type":"post","link":"https:\/\/www.radiopiu.net\/wordpress\/giornale-radiopiu-07-novembre-2022-direttore-mirko-mezzacasa\/","title":{"rendered":"GIORNALE RADIOPIU 07 NOVEMBRE 2022 DIRETTORE MIRKO MEZZACASA"},"content":{"rendered":"<h3 class=\"kvgmc6g5 cxmmr5t8 oygrvhab hcukyx3x c1et5uql\"><span style=\"color: #0000ff;\"><strong><a class=\"dt-pswp-item\" href=\"https:\/\/www.radiopiu.net\/wordpress\/wp-content\/uploads\/2022\/11\/Senza-nome-27.jpg\" data-dt-img-description=\"\" data-large_image_width=\"373\" data-large_image_height=\"348\"><img loading=\"lazy\" decoding=\"async\" class=\"size-medium wp-image-304916 alignleft\" src=\"https:\/\/www.radiopiu.net\/wordpress\/wp-content\/uploads\/2022\/11\/Senza-nome-27-300x280.jpg\" alt=\"\" width=\"300\" height=\"280\" srcset=\"https:\/\/www.radiopiu.net\/wordpress\/wp-content\/uploads\/2022\/11\/Senza-nome-27-300x280.jpg 300w, https:\/\/www.radiopiu.net\/wordpress\/wp-content\/uploads\/2022\/11\/Senza-nome-27.jpg 373w\" sizes=\"auto, (max-width: 300px) 100vw, 300px\" \/><\/a>RADIO PIU INFORMAZIONE il canale su TELEGRAM informazione di prima\u00a0 <\/strong><strong>mano e in tempo reale. iscriviti ed aiutaci a farlo conoscere\u00a0\u00a0<\/strong><\/span><\/h3>\n<p>&#8220;vento tra i rami e nei capelli&#8221;, la donna scolpita da Kurt Wierer (foto a lato) con la linfa vitale di Luciano De Barba hanno trionfato\u00a0 alla Ex Tempore di Belluno. Da oggi a domenica prossima <a class=\"dt-pswp-item\" href=\"https:\/\/www.radiopiu.net\/wordpress\/wp-content\/uploads\/2022\/11\/Senza-nome-28.jpg\" data-dt-img-description=\"\" data-large_image_width=\"288\" data-large_image_height=\"364\"><img loading=\"lazy\" decoding=\"async\" class=\" wp-image-304917 alignright\" src=\"https:\/\/www.radiopiu.net\/wordpress\/wp-content\/uploads\/2022\/11\/Senza-nome-28-237x300.jpg\" alt=\"\" width=\"145\" height=\"184\" srcset=\"https:\/\/www.radiopiu.net\/wordpress\/wp-content\/uploads\/2022\/11\/Senza-nome-28-237x300.jpg 237w, https:\/\/www.radiopiu.net\/wordpress\/wp-content\/uploads\/2022\/11\/Senza-nome-28.jpg 288w\" sizes=\"auto, (max-width: 145px) 100vw, 145px\" \/><\/a>toccher\u00e0 ai cittadini votare la scultura meritevole degli altri due premi, Citt\u00e0 di Belluno e Bambini. Le opere sono esposte nel chiostro del museo Fulcis.\u00a0 Kurt Wierer, scultore altoatesino, con il suo &#8220;Contro vento&#8221; ha raccolto\u00a0 due premi, quello della giuria tecnica e quello della stampa bellunese. Premio al bellunese Luciano De Barba e alla scultura &#8220;Linfa vitale&#8221; (foto a destra). La giuria tecnica ha poi assegnato una menzione all&#8217;elvetico Giar Lunghi<\/p>\n<p>&nbsp;<\/p>\n<hr \/>\n<p>&nbsp;<\/p>\n<p><strong><a class=\"dt-pswp-item\" href=\"https:\/\/www.radiopiu.net\/wordpress\/wp-content\/uploads\/2021\/09\/IMG-20210910-WA0003.jpg\" data-dt-img-description=\"\" data-large_image_width=\"1600\" data-large_image_height=\"900\"><img loading=\"lazy\" decoding=\"async\" class=\"wp-image-232359 alignleft\" src=\"https:\/\/www.radiopiu.net\/wordpress\/wp-content\/uploads\/2021\/09\/IMG-20210910-WA0003-300x169.jpg\" alt=\"\" width=\"108\" height=\"61\" srcset=\"https:\/\/www.radiopiu.net\/wordpress\/wp-content\/uploads\/2021\/09\/IMG-20210910-WA0003-300x169.jpg 300w, https:\/\/www.radiopiu.net\/wordpress\/wp-content\/uploads\/2021\/09\/IMG-20210910-WA0003-1024x576.jpg 1024w, https:\/\/www.radiopiu.net\/wordpress\/wp-content\/uploads\/2021\/09\/IMG-20210910-WA0003-768x432.jpg 768w, https:\/\/www.radiopiu.net\/wordpress\/wp-content\/uploads\/2021\/09\/IMG-20210910-WA0003-1536x864.jpg 1536w, https:\/\/www.radiopiu.net\/wordpress\/wp-content\/uploads\/2021\/09\/IMG-20210910-WA0003.jpg 1600w\" sizes=\"auto, (max-width: 108px) 100vw, 108px\" \/><\/a>ROCCA PIETORE<\/strong> Gestione Servizi Pubblici informa che, per lavori alla rete idrica comunale, mercoledi dalle 8 al termine dei lavori\u00a0 potrebbe mancare l&#8217;acqua\u00a0 nelle localit\u00e0 SOTTOGUDA, PIAN, PALUE, BOSCO VERDE, SAS NEGHER, COL DI ROCCA, SORAR\u00d9, CAPOLUOGO e PEZZ\u00c8.<\/p>\n<p>&nbsp;<\/p>\n<p><strong>BELLUNO<\/strong> Nuovi orari alla Motorizzazione Civile: martedi\u00a0 e giovedi dalle 8.30 alle 12.G<span id=\"page3R_mcid12\" class=\"markedContent\"><span dir=\"ltr\" role=\"presentation\">arantito il servizio pubblico sia in front office sia in back office, assicurando nel <\/span><span dir=\"ltr\" role=\"presentation\">contempo l\u2019attivit\u00e0 di esami per patenti, nonch\u00e9 di collaudi e revisioni veicoli.<\/span><\/span><\/p>\n<p>&nbsp;<\/p>\n<p>&nbsp;<\/p>\n<hr \/>\n<p>&nbsp;<\/p>\n<blockquote>\n<h3>TRENTA GIORNI DI PROGNOSI PER FRANCO ARDIVEL, L&#8217;UOMO COINVOLTO NELLA RAPINA DI PONTE NELLE ALPI<\/h3>\n<\/blockquote>\n<p><strong><a class=\"dt-pswp-item\" href=\"https:\/\/www.radiopiu.net\/wordpress\/wp-content\/uploads\/2022\/11\/Schermata-2022-11-05-alle-19.12.26.png\" data-dt-img-description=\"\" data-large_image_width=\"1154\" data-large_image_height=\"658\"><img loading=\"lazy\" decoding=\"async\" class=\" wp-image-304784 alignleft\" src=\"https:\/\/www.radiopiu.net\/wordpress\/wp-content\/uploads\/2022\/11\/Schermata-2022-11-05-alle-19.12.26-300x171.png\" alt=\"\" width=\"196\" height=\"112\" srcset=\"https:\/\/www.radiopiu.net\/wordpress\/wp-content\/uploads\/2022\/11\/Schermata-2022-11-05-alle-19.12.26-300x171.png 300w, https:\/\/www.radiopiu.net\/wordpress\/wp-content\/uploads\/2022\/11\/Schermata-2022-11-05-alle-19.12.26-1024x584.png 1024w, https:\/\/www.radiopiu.net\/wordpress\/wp-content\/uploads\/2022\/11\/Schermata-2022-11-05-alle-19.12.26-768x438.png 768w, https:\/\/www.radiopiu.net\/wordpress\/wp-content\/uploads\/2022\/11\/Schermata-2022-11-05-alle-19.12.26.png 1154w\" sizes=\"auto, (max-width: 196px) 100vw, 196px\" \/><\/a>PONTE NELLE ALPI <\/strong>La rapina a mano armata dello scorso fine settimana preoccupa i commercianti gi\u00e0 provati dal periodo di crisi e di aumento delle materie prime, bollette elettriche, riscaldamento etc. Sono un facile bersaglio nonostante la presenza di telecamere, quelle che hanno immortalato i balordi che hano accoltellato Franco Ardivel e ferito l&#8217;amico Giorgio Rova. Quei fotogrammi dovrebbero agevolare le indagini<\/p>\n<p><strong>di Moreno Gioli<\/strong><\/p>\n<audio class=\"wp-audio-shortcode\" id=\"audio-304741-1\" preload=\"none\" style=\"width: 100%;\" controls=\"controls\"><source type=\"audio\/mpeg\" src=\"https:\/\/www.radiopiu.net\/wordpress\/wp-content\/uploads\/2022\/11\/GIOLI-RAPINA-PONTE.mp3?_=1\" \/><a href=\"https:\/\/www.radiopiu.net\/wordpress\/wp-content\/uploads\/2022\/11\/GIOLI-RAPINA-PONTE.mp3\">https:\/\/www.radiopiu.net\/wordpress\/wp-content\/uploads\/2022\/11\/GIOLI-RAPINA-PONTE.mp3<\/a><\/audio>\n<p>&nbsp;<\/p>\n<p>&nbsp;<\/p>\n<hr \/>\n<p>&nbsp;<\/p>\n<blockquote>\n<h3>L&#8217;AUSER COL BEL PIANGE LA SOCIA PIU&#8217; ANZIANA, ALBA BEDONT<\/h3>\n<\/blockquote>\n<h3 class=\"kvgmc6g5 cxmmr5t8 oygrvhab hcukyx3x c1et5uql\"><span style=\"color: #0000ff;\"><strong><a class=\"dt-pswp-item\" href=\"https:\/\/www.radiopiu.net\/wordpress\/wp-content\/uploads\/2022\/11\/Senza-nome-26.jpg\" data-dt-img-description=\"\" data-large_image_width=\"187\" data-large_image_height=\"249\"><img loading=\"lazy\" decoding=\"async\" class=\"size-full wp-image-304915 alignleft\" src=\"https:\/\/www.radiopiu.net\/wordpress\/wp-content\/uploads\/2022\/11\/Senza-nome-26.jpg\" alt=\"\" width=\"187\" height=\"249\" \/><\/a><\/strong><\/span><\/h3>\n<p><strong>GOSALDO<\/strong>\u00a0 Si svolgeranno domani alle 14 nella chiesetta Madonna delle nevi di Forcella Aurine ie funerali di Alba Bedont, 97 anni, mancata all&#8217;affetto dei suoi cari: del figlio Riccardo (con Glenda), dei nipoti Ruben (con Martina), Kilian (con Shamira) Martin (con Marianna), Herman e Rebecca. La salma sar\u00e0 tumulata nel cimitero di Agordo.<\/p>\n<p>&nbsp;<\/p>\n<p>L&#8217; associazione Auser Col Bel di Tiser \u00e8 addolorata per la scomparsa della socia pi\u00f9 anziana, la signora Alba Bedont classe 1925 icona di Forcella Aurine. Le pi\u00f9 sentite condoglianze a tutta la famiglia.<\/p>\n<p>&nbsp;<\/p>\n<p>&nbsp;<\/p>\n<hr \/>\n<p>&nbsp;<\/p>\n<p>&nbsp;<\/p>\n<blockquote>\n<h3><a class=\"dt-pswp-item\" href=\"https:\/\/www.radiopiu.net\/wordpress\/wp-content\/uploads\/2022\/11\/af8a78a1-f453-439c-b517-9f1dfff4b90f.jpg\" data-dt-img-description=\"\" data-large_image_width=\"499\" data-large_image_height=\"607\"><img loading=\"lazy\" decoding=\"async\" class=\"wp-image-304576 alignleft\" src=\"https:\/\/www.radiopiu.net\/wordpress\/wp-content\/uploads\/2022\/11\/af8a78a1-f453-439c-b517-9f1dfff4b90f-247x300.jpg\" alt=\"\" width=\"123\" height=\"149\" srcset=\"https:\/\/www.radiopiu.net\/wordpress\/wp-content\/uploads\/2022\/11\/af8a78a1-f453-439c-b517-9f1dfff4b90f-247x300.jpg 247w, https:\/\/www.radiopiu.net\/wordpress\/wp-content\/uploads\/2022\/11\/af8a78a1-f453-439c-b517-9f1dfff4b90f.jpg 499w\" sizes=\"auto, (max-width: 123px) 100vw, 123px\" \/><\/a>OGGI I FUNERALI DI DON MARIO CARLIN<\/h3>\n<\/blockquote>\n<p><strong>BELLUNO<\/strong><\/p>\n<p>di Roberto Bona<\/p>\n<audio class=\"wp-audio-shortcode\" id=\"audio-304741-2\" preload=\"none\" style=\"width: 100%;\" controls=\"controls\"><source type=\"audio\/mpeg\" src=\"https:\/\/www.radiopiu.net\/wordpress\/wp-content\/uploads\/2022\/11\/BONA-FUNERALI-DON-MARIO-CARLIN.mp3?_=2\" \/><a href=\"https:\/\/www.radiopiu.net\/wordpress\/wp-content\/uploads\/2022\/11\/BONA-FUNERALI-DON-MARIO-CARLIN.mp3\">https:\/\/www.radiopiu.net\/wordpress\/wp-content\/uploads\/2022\/11\/BONA-FUNERALI-DON-MARIO-CARLIN.mp3<\/a><\/audio>\n<p>&nbsp;<\/p>\n<p>&nbsp;<\/p>\n<p>&nbsp;<\/p>\n<hr \/>\n<p>&nbsp;<\/p>\n<blockquote>\n<h3 class=\"entry-title\">IN MARMOLADA STAGIONE INVERNALE A RISCHIO<\/h3>\n<\/blockquote>\n<p><strong class=\"photoswipe-wrapper\"><a class=\"dt-pswp-item pspw-wrap-ready\" href=\"https:\/\/www.radiopiu.net\/wordpress\/wp-content\/uploads\/2018\/12\/funivia_Marmolada.jpg\" data-dt-img-description=\"\" data-large_image_width=\"3888\" data-large_image_height=\"2592\"><img loading=\"lazy\" decoding=\"async\" class=\" wp-image-70180 alignleft\" src=\"https:\/\/www.radiopiu.net\/wordpress\/wp-content\/uploads\/2018\/12\/funivia_Marmolada-300x200.jpg\" sizes=\"auto, (max-width: 203px) 100vw, 203px\" srcset=\"https:\/\/www.radiopiu.net\/wordpress\/wp-content\/uploads\/2018\/12\/funivia_Marmolada-300x200.jpg 300w, https:\/\/www.radiopiu.net\/wordpress\/wp-content\/uploads\/2018\/12\/funivia_Marmolada-768x512.jpg 768w, https:\/\/www.radiopiu.net\/wordpress\/wp-content\/uploads\/2018\/12\/funivia_Marmolada-1024x683.jpg 1024w\" alt=\"\" width=\"203\" height=\"135\" \/><\/a>ROCCA PIETORE\u00a0<\/strong>\u201cCaro energia, incertezze meteo, alte temperature, ma nell\u2019Alto Agordino gli operatori della montagna hanno una preoccupazione in pi\u00f9: quella del divieto di accesso al ghiacciaio della Marmolada non ancora revocato. Se non si interviene con buon senso e velocit\u00e0, la stagione invernale \u00e8 a rischio e con essa la permanenza sul territorio di tante imprese e famiglie\u201d. \u00c8 un vero e proprio allarme quello che lancia Marmolada srl, la societ\u00e0 di gestione delle funivie del massiccio. \u201cLa stagione invernale \u00e8 alle porte, manca meno di un mese. Da sempre novembre \u00e8 fondamentale per la preparazione delle piste e degli impianti per l\u2019avvio regolare dell\u2019attivit\u00e0 2022\/2023. Ogni giorno \u00e8 prezioso\u201d, la premessa. E a essere pronta a predisporre l\u2019area sciabile \u00e8 la stessa societ\u00e0, nata nel 1965: \u201cLa funivia della Marmolada, che parte ed arriva in provincia di Belluno \u2013 quindi in Veneto \u2013 vede la propria pista svilupparsi in gran parte in provincia di Trento, perch\u00e9 attraversa il ghiacciaio. Come gestori dell\u2019impianto siamo pronti ad avviare i lavori di preparazione della pista ma il Comune di Canazei continua a vietare l\u2019accesso al ghiacciaio\u201d. \u201cAlle nostre richieste di chiarimenti, ci viene opposta una fantomatica perizia, avviata mesi fa quando le eccezionali temperature estive potevano generare preoccupazioni, ma mai redatta ed inattuale ora quando finalmente il termometro \u00e8 sceso sotto lo zero\u201d, sottolinea la societ\u00e0. \u201cLa disgrazia accaduta a luglio, come abbiamo sempre ribadito, merita il nostro pieno rispetto e la massima attenzione nell\u2019adozione di provvedimenti efficaci, ma \u00e8 da prendere atto che il distacco della porzione di ghiaccio \u00e8 avvenuta in una zona totalmente estranea a quella in cui si sviluppa la pista, che \u00e8 soggetta a continui monitoraggi, controlli e manutenzioni nel pieno rispetto di tutte le leggi e normative\u201d, prosegue la societ\u00e0. \u201cSe il permesso di preparare la pista e poi di aprirla agli sciatori non dovesse arrivare tempestivamente, i danni economici sarebbero incommensurabili per tutta la vallata, che vive dell\u2019attivit\u00e0 turistica invernale, dall\u2019impianto di Malga Ciap\u00e8la a quelli che lo connettono con Arabba. Parliamo di uno dei pi\u00f9 importanti e panoramici \u2013 nonch\u00e9 graditi dalla clientela internazionale \u2013 comprensori sciistici del Dolomiti Superski, porta d\u2019ingresso per gli apprezzati giri della Sellaronda e della Grande Guerra\u201d. \u201cQuesti ritardi, questi burocratismi, questa mancanza di chiarimenti diventano l\u2019ennesimo attentato alla pur indefessa resilienza della gente di montagna per continuare a risiedere in questi territori e vivere di quello che hanno da offrire. E questo in un momento storico gi\u00e0 difficilissimo, contrassegnato da rincari energetici che rendono ancora pi\u00f9 difficile ed eroico abitare e lavorare nelle terre alte\u201d, la conclusione di Marmolada srl.<\/p>\n<p>&nbsp;<\/p>\n<blockquote>\n<h3>STAGIONE INVERNALE IN MARMOLADA, PARLA IL SINDACO ANDREA DE BERNARDIN<\/h3>\n<\/blockquote>\n<p><strong><a class=\"dt-pswp-item\" href=\"https:\/\/www.radiopiu.net\/wordpress\/wp-content\/uploads\/2021\/03\/ANDREA-DE-BERNARDIN.jpg\" data-dt-img-description=\"\" data-large_image_width=\"960\" data-large_image_height=\"540\"><img loading=\"lazy\" decoding=\"async\" class=\" wp-image-195558 alignleft\" src=\"https:\/\/www.radiopiu.net\/wordpress\/wp-content\/uploads\/2021\/03\/ANDREA-DE-BERNARDIN-300x169.jpg\" alt=\"\" width=\"195\" height=\"110\" srcset=\"https:\/\/www.radiopiu.net\/wordpress\/wp-content\/uploads\/2021\/03\/ANDREA-DE-BERNARDIN-300x169.jpg 300w, https:\/\/www.radiopiu.net\/wordpress\/wp-content\/uploads\/2021\/03\/ANDREA-DE-BERNARDIN-768x432.jpg 768w, https:\/\/www.radiopiu.net\/wordpress\/wp-content\/uploads\/2021\/03\/ANDREA-DE-BERNARDIN.jpg 960w\" sizes=\"auto, (max-width: 195px) 100vw, 195px\" \/><\/a>ROCCA PIETORE<\/strong> &#8220;Vige ancora il divieto di transito del comune di Canazei sulla Marmolada e questo \u00e8 un problema per noi. Con quella ordinanza non possiamo aprire la pista&#8221;. Lo dice il sindaco di Rocca Pietore Andrea De Bernardin dopo la notizia della stagione a rischio dalla societ\u00e0 degli impianti di risalita Marmolada srl.<\/p>\n<p><strong>IL SINDACO DI ROCCA PIETORE ANDREA DE BERNARDIN<\/strong><\/p>\n<audio class=\"wp-audio-shortcode\" id=\"audio-304741-3\" preload=\"none\" style=\"width: 100%;\" controls=\"controls\"><source type=\"audio\/mpeg\" src=\"https:\/\/www.radiopiu.net\/wordpress\/wp-content\/uploads\/2022\/11\/DE-BERNARDIN-MARMOLADA.mp3?_=3\" \/><a href=\"https:\/\/www.radiopiu.net\/wordpress\/wp-content\/uploads\/2022\/11\/DE-BERNARDIN-MARMOLADA.mp3\">https:\/\/www.radiopiu.net\/wordpress\/wp-content\/uploads\/2022\/11\/DE-BERNARDIN-MARMOLADA.mp3<\/a><\/audio>\n<p>&nbsp;<\/p>\n<p>&nbsp;<\/p>\n<hr \/>\n<p>&nbsp;<\/p>\n<blockquote>\n<h3>SCOPPIA LA RISSA IN CAMPO DOPO LA FRASE RAZZISTA<\/h3>\n<\/blockquote>\n<p><strong>OGGI SUL CORRIERE DELLE ALPI<\/strong><\/p>\n<p><strong>DI GIGI SOSSO<\/strong><\/p>\n<p><img loading=\"lazy\" decoding=\"async\" class=\"alignleft\" src=\"https:\/\/www.radiopiu.net\/wordpress\/wp-content\/uploads\/2022\/04\/CALCIO.jpg\" width=\"198\" height=\"132\" \/><strong>CHIES D&#8217;ALPAGO\u00a0<\/strong> \u00a0\u00abMi hanno dato del negro di m&#8230;. e ho reagito\u00bb. Dopo dieci minuti del secondo tempo della partita del campionato Csi di calcio tra il Chies e la Bellunese All Fit, il prato alpagoto \u00e8 diventato come un ring. Un parapiglia furibondo, con due feriti e tre espulsi, dopo un presunto episodio di discriminazione razziale. La denuncia \u00e8 di Moustapha Sarr, trentenne operaio senegalese della Epta Costan di Limana, che fa il centrocampista nella Bellunese All Fit. Nel referto dell&#8217;arbitro Gorza ci sono i cartellini rossi allo stesso Sarr e ai compagni di squadra De Pr\u00e0 e Barp: \u00abSono i due ragazzi intervenuti per difenderlo\u00bb, precisa Giuseppe Musumeci della Bellunese All Fit, \u00ab\u00e8 successo qualcosa di molto sgradevole e ho gi\u00e0 scritto una sorta di esposto al Centro sportivo italiano&#8230;<\/p>\n<p>&nbsp;<\/p>\n<p>&nbsp;<\/p>\n<hr \/>\n<p>&nbsp;<\/p>\n<p>&nbsp;<\/p>\n<blockquote>\n<h3>TORNANO LE AUTO IN CENTRO, RIPRISTINATO IL SENSO UNICO<\/h3>\n<\/blockquote>\n<p><strong><img loading=\"lazy\" decoding=\"async\" class=\"alignleft\" src=\"https:\/\/www.radiopiu.net\/wordpress\/wp-content\/uploads\/2022\/04\/FELTRE-6.jpg\" width=\"186\" height=\"105\" \/>FELTRE\u00a0 <\/strong>\u00a0Da questa mattina in centro a Feltre transiteranno di nuovo le auto, sar\u00e0 senso unico\u00a0 tra via Garibaldi e via Roma. Prevista la\u00a0 chiusura di largo Castaldi nei fine settimana e nelle mattine di mercato.\u00a0 In via XXXI Ottobre sono presenti tre parcheggi a sosta breve, 30 minuti con disco orario, 20 minuti per il carico scarico. A breve sar\u00e0\u00a0 installato il parcometro dalle 8.30 alle 12.30 e dalle 15 alle 19. L&#8217;esigenza: mettere l&#8217;intero tessuto commerciale cittadino nelle medesime condizioni. Con l&#8217;apertura di via XXXI Ottobre e largo Castaldi al traffico saranno\u00a0 agevolati coloro che vorranno raggiungere le attivit\u00e0 del centro.<\/p>\n<p>&nbsp;<\/p>\n<p>&nbsp;<\/p>\n<hr \/>\n<p>&nbsp;<\/p>\n<blockquote>\n<h3 class=\"entry-title\">POSTI LETTO AD USO FORESTERIA IN IMMOBILI DELL\u2019ULSS DOLOMITI FINANZIATI CON I FONDI COMUNI DI CONFINE: APPROVATO IL PROGETTO DI FATTIBILITA\u2019<\/h3>\n<\/blockquote>\n<p><strong class=\"photoswipe-wrapper\"><a class=\"dt-pswp-item pspw-wrap-ready\" href=\"https:\/\/www.radiopiu.net\/wordpress\/wp-content\/uploads\/2021\/03\/ULSS-1.jpg\" data-dt-img-description=\"\" data-large_image_width=\"776\" data-large_image_height=\"408\"><img loading=\"lazy\" decoding=\"async\" class=\" wp-image-198838 alignleft\" src=\"https:\/\/www.radiopiu.net\/wordpress\/wp-content\/uploads\/2021\/03\/ULSS-1-300x158.jpg\" sizes=\"auto, (max-width: 300px) 100vw, 300px\" srcset=\"https:\/\/www.radiopiu.net\/wordpress\/wp-content\/uploads\/2021\/03\/ULSS-1-300x158.jpg 300w, https:\/\/www.radiopiu.net\/wordpress\/wp-content\/uploads\/2021\/03\/ULSS-1-768x404.jpg 768w, https:\/\/www.radiopiu.net\/wordpress\/wp-content\/uploads\/2021\/03\/ULSS-1.jpg 776w\" alt=\"\" width=\"165\" height=\"87\" \/><\/a>BELLUNO\u00a0<\/strong>Procede l\u2019iter per la realizzazione di posti letto ad uso foresteria in immobili dell\u2019Ulss Dolomiti, un intervento realizzato grazie a un finanziamento di 500 mila euro dei Fondi Comuni di Confine e a un cofinanziamento Ulss di 150 mila euro. Dopo l\u2019affidamento dell\u2019incarico di progettazione, direzione lavori e coordinamento per la sicurezza dei lavori, \u00e8 stato quindi approvato il progetto di fattibilit\u00e0 tecnica ed economica. In particolare, il progetto prevede la ristrutturazione delle strutture di propriet\u00e0 dell\u2019Ulss al fine di ricavare degli appartamenti per mettere a disposizione in totale 20 posti letto ad uso foresteria per i professionisti che scelgono di lavorare in Ulss Dolomiti. Gli Immobili interessati dall\u2019intervento sono situati ad Agordo, Belluno e Feltre. Nello specifico:\u00a0<strong>Belluno \u2013 via Sant\u2019Andrea n.8:<\/strong>\u00a0si proceder\u00e0 con la ristrutturazione di un appartamento al secondo piano di un immobile che si sviluppa su tre livelli. Il progetto prevede una riorganizzazione degli spazi dell\u2019appartamento al fine di ricavare 10 posti letto. I locali che verranno realizzati all\u2019interno saranno una cucina, due soggiorni\/aree relax, due camere doppie, sei camere singole, tre servizi igienici, una dispensa, un ripostiglio e un locale tecnico.\u00a0<strong>Feltre \u2013\u00a0 via Ligont n. 25:\u00a0<\/strong>l\u2019appartamento oggetto dell\u2019intervento si trova al primo piano di un immobile che si sviluppa su due livelli. Il progetto prevede di ottenere 4 posti letto, mettendo a disposizione una cucina, un soggiorno, una camera doppia, due camere singole, un servizio igienico e una lavanderia.\u00a0<strong>Agordo \u2013 Ospedale in via Fontana n. 35:<\/strong>\u00a0il progetto prevede la riorganizzazione delle foresterie esistenti all\u2019interno dell\u2019ospedale, al primo piano dell\u2019ala est del Corpo C, rendendo fruibili 6 posti letto. L\u2019 investimento complessivo \u00e8 di 650 mila euro di cui 500.000 euro per lavori e 150.000 euro per gli arredi. I locali saranno messi a disposizione di personale sanitario e medici specializzandi che necessitino di alloggio temporaneo in attesa di sistemazione definitiva.<\/p>\n<p>&nbsp;<\/p>\n<hr \/>\n<p>&nbsp;<\/p>\n<p><strong>MADRE NATURA&#8230; il passaggio del lupo a Santa Maria delle Grazie &#8211; Rocca Pietore<\/strong><\/p>\n<p><a class=\"dt-pswp-item\" href=\"https:\/\/www.radiopiu.net\/wordpress\/wp-content\/uploads\/2022\/11\/8af2b70a-4c06-4d73-8f6c-52344b3db700.jpg\" data-dt-img-description=\"\" data-large_image_width=\"1600\" data-large_image_height=\"1200\"><img loading=\"lazy\" decoding=\"async\" class=\"alignnone size-medium wp-image-304945\" src=\"https:\/\/www.radiopiu.net\/wordpress\/wp-content\/uploads\/2022\/11\/8af2b70a-4c06-4d73-8f6c-52344b3db700-300x225.jpg\" alt=\"\" width=\"300\" height=\"225\" srcset=\"https:\/\/www.radiopiu.net\/wordpress\/wp-content\/uploads\/2022\/11\/8af2b70a-4c06-4d73-8f6c-52344b3db700-300x225.jpg 300w, https:\/\/www.radiopiu.net\/wordpress\/wp-content\/uploads\/2022\/11\/8af2b70a-4c06-4d73-8f6c-52344b3db700-1024x768.jpg 1024w, https:\/\/www.radiopiu.net\/wordpress\/wp-content\/uploads\/2022\/11\/8af2b70a-4c06-4d73-8f6c-52344b3db700-768x576.jpg 768w, https:\/\/www.radiopiu.net\/wordpress\/wp-content\/uploads\/2022\/11\/8af2b70a-4c06-4d73-8f6c-52344b3db700-1536x1152.jpg 1536w, https:\/\/www.radiopiu.net\/wordpress\/wp-content\/uploads\/2022\/11\/8af2b70a-4c06-4d73-8f6c-52344b3db700.jpg 1600w\" sizes=\"auto, (max-width: 300px) 100vw, 300px\" \/><\/a><\/p>\n<p>&nbsp;<\/p>\n<hr \/>\n<p>&nbsp;<\/p>\n<blockquote>\n<h3 class=\"entry-title\">CASE DELLA COMUNITA\u2019 DI AGORDO E FELTRE: APPROVATI I PROGETTI ESECUTIVI E INDETTI I BANDI PER L\u2019AFFIDAMENTO LAVORI<\/h3>\n<\/blockquote>\n<p><strong class=\"photoswipe-wrapper\"><a class=\"dt-pswp-item pspw-wrap-ready\" href=\"https:\/\/www.radiopiu.net\/wordpress\/wp-content\/uploads\/2021\/02\/POSTI-LETTO-OSPEDALE.jpg\" data-dt-img-description=\"\" data-large_image_width=\"1920\" data-large_image_height=\"1271\"><img loading=\"lazy\" decoding=\"async\" class=\" wp-image-190270 alignleft\" src=\"https:\/\/www.radiopiu.net\/wordpress\/wp-content\/uploads\/2021\/02\/POSTI-LETTO-OSPEDALE-300x199.jpg\" sizes=\"auto, (max-width: 300px) 100vw, 300px\" srcset=\"https:\/\/www.radiopiu.net\/wordpress\/wp-content\/uploads\/2021\/02\/POSTI-LETTO-OSPEDALE-300x199.jpg 300w, https:\/\/www.radiopiu.net\/wordpress\/wp-content\/uploads\/2021\/02\/POSTI-LETTO-OSPEDALE-1024x678.jpg 1024w, https:\/\/www.radiopiu.net\/wordpress\/wp-content\/uploads\/2021\/02\/POSTI-LETTO-OSPEDALE-768x508.jpg 768w, https:\/\/www.radiopiu.net\/wordpress\/wp-content\/uploads\/2021\/02\/POSTI-LETTO-OSPEDALE-1536x1017.jpg 1536w, https:\/\/www.radiopiu.net\/wordpress\/wp-content\/uploads\/2021\/02\/POSTI-LETTO-OSPEDALE.jpg 1920w\" alt=\"\" width=\"192\" height=\"127\" \/><\/a>BELLUNO\u00a0<\/strong>Procede spedito l\u2019iter per la realizzazione delle Case di Comunit\u00e0 di Agordo e Feltre. Dopo i progetti di fattibilit\u00e0, sono stati, infatti, approvati i progetti esecutivi ed \u00e8 stata data l\u2019approvazione ai bandi di gara, in via di pubblicazione, per l\u2019affidamento dei lavori, con l\u2019istituzione dei rispettivi Uffici di Direzione Lavori.<\/p>\n<p><strong>Casa della Comunit\u00e0 di Agordo\u00a0<\/strong><\/p>\n<p>La Casa della Comunit\u00e0 di Agordo sar\u00e0 realizzata grazie a un un investimento di 2,5 milioni di euro di cui 1,5 finanziati col PNRR e 1 col FSR. Il progetto, realizzato dalla societ\u00e0 Pool Engineering, prevede la riqualificazione del primo piano dell\u2019ala ovest del corpo C del complesso Ospedaliero di Agordo, attualmente in disuso, oltre al miglioramento sismico del corpo che prevede lavorazioni puntuali a tutti i piani. Il progetto, prevede un intervento di ristrutturazione su una superficie totale di circa 507 mq. Il layout prevede la realizzazione di 5 ambulatori specialistici in cui saranno erogati servizi diagnostici per il monitoraggio della cronicit\u00e0, 1 punto unico di accesso e 1 punto unico di accesso integrato (PUA), 1 locale dedicato all\u2019assistenza domiciliare integrata (ADI), locali per attivit\u00e0 dedicate al sociale, n. 1 locale polivalente, spazi dedicati alle attivit\u00e0 di segreteria e archivio, n. 1 locale per il coordinatore, n. 1 ufficio per attivit\u00e0 di segreteria e n. 1 ufficio direzionale, oltre ai locali di servizio a supporto alle attivit\u00e0 prevalenti. L\u2019accesso alla Casa della Comunit\u00e0 avviene dal vano scale e ascensore adiacente, posto a est. Vi \u00e8 inoltre una scala di emergenza che funge da via di fuga posta sul fronte nord. Il progetto rispetta l\u2019assetto esistente che prevede la distribuzione tramite un corridoio centrale. Le funzioni di supporto sono state allocate in testa al reparto e nello snodo centrale, mentre le attivit\u00e0 ambulatoriali sono disposte in posizione baricentrica e lungo il fronte sud. Vi sono due grandi sale d\u2019attesa in posizione contrapposta, in modo tale da poter differenziare la tipologia di utenza. L\u2019accesso al piano si apre su una visuale aperta sull\u2019ampio corridoio di ingresso che termina sulla prima sala d\u2019attesa, facilitando l\u2019orientamento dell\u2019utenza. Di fronte alla sala di attesa si trovano i punti di accesso, dai quali si pu\u00f2 essere indirizzati nell\u2019ambulatorio di riferimento. Dal punto di vista impiantistico, si prevede il completo rifacimento degli impianti esistenti. Oltre alla ristrutturazione interna al piano, sono previsti degli interventi puntuali alle strutture, con l\u2019obiettivo di migliorare sismicamente l\u2019edificio.<\/p>\n<p><strong>Casa della Comunit\u00e0 di Feltre<\/strong><\/p>\n<p>La Casa di Comunit\u00e0 di Feltre sar\u00e0 realizzata nella ex casa di cura Bellati in via Marconi, prevedendo un investimento di 4 milioni di euro, di cui 1,5 finanziati con fondi PNRR e 2,5 con fondi FSR. Il progetto, redatto dalla societ\u00e0 di Ingegneria Areatecnica, prevede il rinforzo strutturale e la ristrutturazione del piano terra e del primo piano e l\u2019adeguamento antincendio. Il vero centro del progetto sar\u00e0 la riorganizzazione degli spazi interni, in particolare al primo piano. La Nuova Casa di Comunit\u00e0 di Feltre, piano primo della Ex Casa di cura Bellati, si sviluppa per Aree funzionali: Area criticit\u00e0; Punto Unico di Accesso a tutti i servizi territoriali; Area direzionale; Area sanitaria consultoriale e di salute pubblica. L\u2019area criticit\u00e0 ospita n.9 ambulatori (specialistici, infermieristici, per infermieri di famiglia), una centrale di telemedicina. Il PUA (Punto Unico di Accesso) ospita l\u2019ufficio anagrafe, lo sportello amministrativo per telemedicina e l\u2019ufficio ausili e presidi, insieme ad un locale attesa; l\u2019area direzionale accoglie n.12 uffici. L\u2019area consultoriale e di salute pubblica ospita n.4 ambulatori.<\/p>\n<p>&nbsp;<\/p>\n<p>&nbsp;<\/p>\n<hr \/>\n<p>&nbsp;<\/p>\n<blockquote>\n<h3>QUASI 25 MILA VISITATORI AD ARREDAMONT<\/h3>\n<\/blockquote>\n<p><strong><a class=\"dt-pswp-item\" href=\"https:\/\/www.radiopiu.net\/wordpress\/wp-content\/uploads\/2022\/11\/Arredamont-2022-da-sx-Dal-Farra-Caner-Padrin.jpg\" data-dt-img-description=\"\" data-large_image_width=\"2052\" data-large_image_height=\"1356\"><img loading=\"lazy\" decoding=\"async\" class=\" wp-image-304875 alignleft\" src=\"https:\/\/www.radiopiu.net\/wordpress\/wp-content\/uploads\/2022\/11\/Arredamont-2022-da-sx-Dal-Farra-Caner-Padrin-300x198.jpg\" alt=\"\" width=\"170\" height=\"112\" srcset=\"https:\/\/www.radiopiu.net\/wordpress\/wp-content\/uploads\/2022\/11\/Arredamont-2022-da-sx-Dal-Farra-Caner-Padrin-300x198.jpg 300w, https:\/\/www.radiopiu.net\/wordpress\/wp-content\/uploads\/2022\/11\/Arredamont-2022-da-sx-Dal-Farra-Caner-Padrin-1024x677.jpg 1024w, https:\/\/www.radiopiu.net\/wordpress\/wp-content\/uploads\/2022\/11\/Arredamont-2022-da-sx-Dal-Farra-Caner-Padrin-768x508.jpg 768w, https:\/\/www.radiopiu.net\/wordpress\/wp-content\/uploads\/2022\/11\/Arredamont-2022-da-sx-Dal-Farra-Caner-Padrin-1536x1015.jpg 1536w, https:\/\/www.radiopiu.net\/wordpress\/wp-content\/uploads\/2022\/11\/Arredamont-2022-da-sx-Dal-Farra-Caner-Padrin-2048x1353.jpg 2048w\" sizes=\"auto, (max-width: 170px) 100vw, 170px\" \/><\/a>LONGARONE <\/strong>Un successo la 44\u00aa edizione di Arredamont che fa segnare numeri da pre-covid. Ospite d\u2019eccezione nella domenica di chiusura l\u2019Assessore al turismo della Regione Veneto, Federico Caner. Ad accompagnarlo in visita tra gli stand il Presidente della Provincia di Belluno, Roberto Padrin e il nuovo Presidente di Longarone Fiere Dolomiti, Michele Dal Farra. Quasi 25 mila i visitatori che nei nove giorni di fiera, cominciata il 29 ottobre scorso, hanno gremito i padiglioni per vedere i prodotti e conoscere gli espositori, 170 per oltre 220 marchi, provenienti da 10 regioni e 7 Paesi esteri. Un successo che ci riporta quasi ai consueti standard e il cui merito va innanzi tutto alle aziende che hanno creduto anche quest\u2019anno nell\u2019unica Mostra nazionale dell\u2019arredare in montagna. Portando in fiera un\u2019offerta di altissima qualit\u00e0: mobili, oggetti, complementi, tessuti e oggettistica per la montagna, per le abitazioni private e per le strutture ricettive, molte delle quali guardano con interesse a questo settore anche in vista dei rinnovi degli ambienti in vista delle Olimpiadi invernali di Milano &#8211; Cortina 2026.<\/p>\n<p>&nbsp;<\/p>\n<p>&nbsp;<\/p>\n<hr \/>\n<p>&nbsp;<\/p>\n<blockquote>\n<h3>UN FINE STAGIONE DA INCORNICIARE PER IL CASTELLO DI ANDRAZ<\/h3>\n<\/blockquote>\n<p><strong><a class=\"dt-pswp-item\" href=\"https:\/\/www.radiopiu.net\/wordpress\/wp-content\/uploads\/2022\/11\/castello-di-andraz_ottobre-2022.jpg\" data-dt-img-description=\"\" data-large_image_width=\"1133\" data-large_image_height=\"1197\"><img loading=\"lazy\" decoding=\"async\" class=\"wp-image-304523 alignleft\" src=\"https:\/\/www.radiopiu.net\/wordpress\/wp-content\/uploads\/2022\/11\/castello-di-andraz_ottobre-2022-284x300.jpg\" alt=\"\" width=\"156\" height=\"165\" srcset=\"https:\/\/www.radiopiu.net\/wordpress\/wp-content\/uploads\/2022\/11\/castello-di-andraz_ottobre-2022-284x300.jpg 284w, https:\/\/www.radiopiu.net\/wordpress\/wp-content\/uploads\/2022\/11\/castello-di-andraz_ottobre-2022-969x1024.jpg 969w, https:\/\/www.radiopiu.net\/wordpress\/wp-content\/uploads\/2022\/11\/castello-di-andraz_ottobre-2022-768x811.jpg 768w, https:\/\/www.radiopiu.net\/wordpress\/wp-content\/uploads\/2022\/11\/castello-di-andraz_ottobre-2022.jpg 1133w\" sizes=\"auto, (max-width: 156px) 100vw, 156px\" \/><\/a>LIVINALLONGO<\/strong><\/p>\n<p>di Lorenzo Soratroi<\/p>\n<audio class=\"wp-audio-shortcode\" id=\"audio-304741-4\" preload=\"none\" style=\"width: 100%;\" controls=\"controls\"><source type=\"audio\/mpeg\" src=\"https:\/\/www.radiopiu.net\/wordpress\/wp-content\/uploads\/2022\/11\/SORATROI-CASTELLO-ANDRAZ.mp3?_=4\" \/><a href=\"https:\/\/www.radiopiu.net\/wordpress\/wp-content\/uploads\/2022\/11\/SORATROI-CASTELLO-ANDRAZ.mp3\">https:\/\/www.radiopiu.net\/wordpress\/wp-content\/uploads\/2022\/11\/SORATROI-CASTELLO-ANDRAZ.mp3<\/a><\/audio>\n<p>&nbsp;<\/p>\n<hr \/>\n<p>&nbsp;<\/p>\n<blockquote>\n<h3>INIZIATIVE LUXOTTICA<\/h3>\n<\/blockquote>\n<p><strong><a class=\"dt-pswp-item\" href=\"https:\/\/www.radiopiu.net\/wordpress\/wp-content\/uploads\/2022\/10\/6c6e8841-fa5f-4394-b3a6-3b87d31aaee5.jpg\" data-dt-img-description=\"\" data-large_image_width=\"1920\" data-large_image_height=\"1080\"><img loading=\"lazy\" decoding=\"async\" class=\"wp-image-303657 alignleft\" src=\"https:\/\/www.radiopiu.net\/wordpress\/wp-content\/uploads\/2022\/10\/6c6e8841-fa5f-4394-b3a6-3b87d31aaee5-300x169.jpg\" alt=\"\" width=\"231\" height=\"130\" srcset=\"https:\/\/www.radiopiu.net\/wordpress\/wp-content\/uploads\/2022\/10\/6c6e8841-fa5f-4394-b3a6-3b87d31aaee5-300x169.jpg 300w, https:\/\/www.radiopiu.net\/wordpress\/wp-content\/uploads\/2022\/10\/6c6e8841-fa5f-4394-b3a6-3b87d31aaee5-1024x576.jpg 1024w, https:\/\/www.radiopiu.net\/wordpress\/wp-content\/uploads\/2022\/10\/6c6e8841-fa5f-4394-b3a6-3b87d31aaee5-768x432.jpg 768w, https:\/\/www.radiopiu.net\/wordpress\/wp-content\/uploads\/2022\/10\/6c6e8841-fa5f-4394-b3a6-3b87d31aaee5-1536x864.jpg 1536w, https:\/\/www.radiopiu.net\/wordpress\/wp-content\/uploads\/2022\/10\/6c6e8841-fa5f-4394-b3a6-3b87d31aaee5.jpg 1920w\" sizes=\"auto, (max-width: 231px) 100vw, 231px\" \/><\/a>AGORDO<\/strong> Con l\u2019obiettivo di rafforzare sempre di pi\u00f9 la relazione fra le sue persone e il territorio in cui \u00e8 nata, ai piedi delle Dolomiti, l\u2019azienda propone un ricco ventaglio di iniziative e opportunit\u00e0 pensato appositamente per le circa diecimila persone delle sedi bellunesi del Gruppo. L\u2019obiettivo \u00e8 consentire a tutti i dipendenti delle sedi di Agordo, Sedico e Cencenighe, molti dei quali provenienti da altre parti d\u2019Italia e anche dall\u2019estero, di scoprire e vivere il territorio, con tutte le sue infinite possibilit\u00e0, e aumentare il senso di appartenenza alla comunit\u00e0 aziendale, grazie a percorsi di svago e sport, culturali ed enogastronomici, occasioni per imparare nuove discipline o per fare volontariato. Un modo per scoprire le molteplici realt\u00e0 locali, piccole e grandi, a condizioni vantaggiose per i dipendenti. Informazioni sul sito ufficiale.<\/p>\n<p>&nbsp;<\/p>\n<blockquote class=\"wp-embedded-content\" data-secret=\"ZQzfgxxH6X\"><p><a href=\"https:\/\/www.radiopiu.net\/wordpress\/montagnaopp\/\">CON LUXOTTICA, UNA MONTAGNA DI OPPORTUNITA&#8217; FUORI DALLA FABBRICA PER ENTRARE IN RELAZIONE<\/a><\/p><\/blockquote>\n<p><iframe loading=\"lazy\" class=\"wp-embedded-content\" sandbox=\"allow-scripts\" security=\"restricted\" style=\"position: absolute; clip: rect(1px, 1px, 1px, 1px);\" title=\"&#8220;CON LUXOTTICA, UNA MONTAGNA DI OPPORTUNITA&#8217; FUORI DALLA FABBRICA PER ENTRARE IN RELAZIONE&#8221; &#8212; Radio Pi\u00f9\" src=\"https:\/\/www.radiopiu.net\/wordpress\/montagnaopp\/embed\/#?secret=uRMIV3gxr8#?secret=ZQzfgxxH6X\" data-secret=\"ZQzfgxxH6X\" width=\"600\" height=\"338\" frameborder=\"0\" marginwidth=\"0\" marginheight=\"0\" scrolling=\"no\"><\/iframe><\/p>\n<p>&nbsp;<\/p>\n<blockquote>\n<h3>VISITE OCULISTICHE E OCCHIALI GRATUITI AL PALALUXOTTICA DI AGORDO<\/h3>\n<\/blockquote>\n<p><strong><img loading=\"lazy\" decoding=\"async\" class=\"alignleft\" src=\"https:\/\/www.radiopiu.net\/wordpress\/wp-content\/uploads\/2022\/09\/Fedon_-portaocchiali-in-vetro-satinato-scaled.jpg\" width=\"204\" height=\"136\" \/>AGORDO<\/strong>\u00a0<span class=\"x_x_x_x_ContentPasted0\"> Visite oculistiche e occhiali gratuiti per raggiungere le persone per le quali \u00e8 pi\u00f9 difficile accedere alle cure e alla prevenzione visiva.\u00a0 <\/span><span class=\"x_x_x_x_ContentPasted0\">Per difendere il diritto a vedere bene e consentire un \u201caccesso sostenibile\u201d alle visite oculistiche e a occhiali da vista gratuiti a chi ne ha pi\u00f9 bisogno \u00e8 nata l\u2019iniziativa le \u201cGiornate della Vista\u201d organizzata dalla Fondazione OneSight EssilorLuxottica.\u00a0<\/span><span class=\"x_x_x_x_ContentPasted0\">Da luned\u00ec 7 a venerd\u00ec 18 novembre l\u2019iniziativa si fermer\u00e0 al PalaLuxottica di Agordo. Qui opereranno l\u2019equipe di Marco Tavolato, Direttore dell\u2019Unit\u00e0 Operativa Complessa di Oculistica di Chioggia, la dottoressa Valeria Iannucci, Medico Oculista in forza all\u2019Agenzia Internazionale per la prevenzione della cecit\u00e0 \u2013 IAPB Italia Onlus, e il dottor Daniele Signori, Medico Oculista di Feltre.\u00a0 Nella struttura ci saranno 5 sale dedicate ai medici, una dedicata all\u2019ottico Salmoiraghi &amp; Vigan\u00f2, un\u2019area giochi per i bambini. Le persone visitate saranno selezionate dalla Caritas di Belluno e Feltre e dall\u2019Associazione <i class=\"x_x_x_x_ContentPasted0\">Insieme Si Pu\u00f2<\/i>, in modo da dare l\u2019opportunit\u00e0 della visita alle pi\u00f9 fragili, bisognose e indigenti.\u00a0<\/span><b><\/b><\/p>\n<p>&nbsp;<\/p>\n<p>&nbsp;<\/p>\n<hr \/>\n<p>&nbsp;<\/p>\n<p><strong>DI TIZIANO DE COL\u00a0<\/strong><\/p>\n\n\t\t\t<style type='text\/css'>\n\t\t\t\t#gallery-1 {\n\t\t\t\t\tmargin: auto;\n\t\t\t\t}\n\t\t\t\t#gallery-1 .gallery-item {\n\t\t\t\t\tfloat: left;\n\t\t\t\t\tmargin-top: 10px;\n\t\t\t\t\ttext-align: center;\n\t\t\t\t\twidth: 50%;\n\t\t\t\t}\n\t\t\t\t#gallery-1 img {\n\t\t\t\t\tborder: 2px solid #cfcfcf;\n\t\t\t\t}\n\t\t\t\t#gallery-1 .gallery-caption {\n\t\t\t\t\tmargin-left: 0;\n\t\t\t\t}\n\t\t\t\t\/* see gallery_shortcode() in wp-includes\/media.php *\/\n\t\t\t<\/style>\n\t\t<div id='gallery-1' class='dt-gallery-container gallery galleryid-304741 gallery-columns-2 gallery-size-medium'><dl class='gallery-item'>\n\t\t\t\t<dt class='gallery-icon landscape'>\n\t\t\t\t\t<a class=\"rollover rollover-zoom dt-pswp-item\" title=\"10114cde-ddf0-4c1c-a9e7-de65907f3597\" data-dt-img-description=\"\" data-large_image_width=\"605\" data-large_image_height=\"358\"href='https:\/\/www.radiopiu.net\/wordpress\/wp-content\/uploads\/2022\/11\/10114cde-ddf0-4c1c-a9e7-de65907f3597.jpg'><img loading=\"lazy\" decoding=\"async\" width=\"300\" height=\"178\" src=\"https:\/\/www.radiopiu.net\/wordpress\/wp-content\/uploads\/2022\/11\/10114cde-ddf0-4c1c-a9e7-de65907f3597-300x178.jpg\" class=\"attachment-medium size-medium\" alt=\"\" srcset=\"https:\/\/www.radiopiu.net\/wordpress\/wp-content\/uploads\/2022\/11\/10114cde-ddf0-4c1c-a9e7-de65907f3597-300x178.jpg 300w, https:\/\/www.radiopiu.net\/wordpress\/wp-content\/uploads\/2022\/11\/10114cde-ddf0-4c1c-a9e7-de65907f3597.jpg 605w\" sizes=\"auto, (max-width: 300px) 100vw, 300px\" \/><\/a>\n\t\t\t\t<\/dt><\/dl><dl class='gallery-item'>\n\t\t\t\t<dt class='gallery-icon landscape'>\n\t\t\t\t\t<a class=\"rollover rollover-zoom dt-pswp-item\" title=\"78330676-2744-475d-97e3-97f8eebbc3af\" data-dt-img-description=\"\" data-large_image_width=\"606\" data-large_image_height=\"368\"href='https:\/\/www.radiopiu.net\/wordpress\/wp-content\/uploads\/2022\/11\/78330676-2744-475d-97e3-97f8eebbc3af.jpg'><img loading=\"lazy\" decoding=\"async\" width=\"300\" height=\"182\" src=\"https:\/\/www.radiopiu.net\/wordpress\/wp-content\/uploads\/2022\/11\/78330676-2744-475d-97e3-97f8eebbc3af-300x182.jpg\" class=\"attachment-medium size-medium\" alt=\"\" srcset=\"https:\/\/www.radiopiu.net\/wordpress\/wp-content\/uploads\/2022\/11\/78330676-2744-475d-97e3-97f8eebbc3af-300x182.jpg 300w, https:\/\/www.radiopiu.net\/wordpress\/wp-content\/uploads\/2022\/11\/78330676-2744-475d-97e3-97f8eebbc3af.jpg 606w\" sizes=\"auto, (max-width: 300px) 100vw, 300px\" \/><\/a>\n\t\t\t\t<\/dt><\/dl><br style=\"clear: both\" \/>\n\t\t\t<\/div>\n\n<p>&nbsp;<\/p>\n<blockquote class=\"wp-embedded-content\" data-secret=\"T5Da8pRiTg\"><p><a href=\"https:\/\/www.radiopiu.net\/wordpress\/aziendazeronovembre06\/\">UN DECESSO, RICOVERI IN LIEVE AUENTO E 2871 NUOVE POSITIVITA&#8217; IN 24 ORE NEL VENETO<\/a><\/p><\/blockquote>\n<p><iframe loading=\"lazy\" class=\"wp-embedded-content\" sandbox=\"allow-scripts\" security=\"restricted\" style=\"position: absolute; clip: rect(1px, 1px, 1px, 1px);\" title=\"&#8220;UN DECESSO, RICOVERI IN LIEVE AUENTO E 2871 NUOVE POSITIVITA&#8217; IN 24 ORE NEL VENETO&#8221; &#8212; Radio Pi\u00f9\" src=\"https:\/\/www.radiopiu.net\/wordpress\/aziendazeronovembre06\/embed\/#?secret=HczaGXdcal#?secret=T5Da8pRiTg\" data-secret=\"T5Da8pRiTg\" width=\"600\" height=\"338\" frameborder=\"0\" marginwidth=\"0\" marginheight=\"0\" scrolling=\"no\"><\/iframe><\/p>\n<p>&nbsp;<\/p>\n<hr \/>\n<p>&nbsp;<\/p>\n<blockquote>\n<h3 class=\"entry-title\">APPALTO PER GARANTIRE I SERVIZI DI PRONTO SOCCORSO: NOMINATA LA COMMISSIONE<\/h3>\n<\/blockquote>\n<p><strong class=\"photoswipe-wrapper\"><a class=\"dt-pswp-item pspw-wrap-ready\" href=\"https:\/\/www.radiopiu.net\/wordpress\/wp-content\/uploads\/2020\/05\/DOTTORE.jpg\" data-dt-img-description=\"\" data-large_image_width=\"1920\" data-large_image_height=\"1280\"><img loading=\"lazy\" decoding=\"async\" class=\" wp-image-141049 alignleft\" src=\"https:\/\/www.radiopiu.net\/wordpress\/wp-content\/uploads\/2020\/05\/DOTTORE-300x200.jpg\" sizes=\"auto, (max-width: 207px) 100vw, 207px\" srcset=\"https:\/\/www.radiopiu.net\/wordpress\/wp-content\/uploads\/2020\/05\/DOTTORE-300x200.jpg 300w, https:\/\/www.radiopiu.net\/wordpress\/wp-content\/uploads\/2020\/05\/DOTTORE-1024x683.jpg 1024w, https:\/\/www.radiopiu.net\/wordpress\/wp-content\/uploads\/2020\/05\/DOTTORE-768x512.jpg 768w, https:\/\/www.radiopiu.net\/wordpress\/wp-content\/uploads\/2020\/05\/DOTTORE-1536x1024.jpg 1536w, https:\/\/www.radiopiu.net\/wordpress\/wp-content\/uploads\/2020\/05\/DOTTORE.jpg 1920w\" alt=\"\" width=\"207\" height=\"138\" \/><\/a>BELLUNO\u00a0<\/strong>Alla procedura di gara indetta a inizio settembre per acquistare in modo strutturato dei turni di Medicina di Urgenza per assicurare la continuit\u00e0 dei servizi di Pronto Soccorso sono\u00a0 state ammesse 4 ditte: Arkesis di Portoguaro, Castel Monte di Montebelluna, Medical Service di Bozlano e MeD right di Milano. \u00c8 stata inoltre nominata la commissione incaricata della valutazione della documentazione prodotta che sar\u00e0 composta dai dottori Giorgio Parise (direzione medica Belluno), Giulio Trill\u00f2 (Direttore SUEM), Edoardo Rossi (Direttore Pronto Soccorso di Feltre e Agordo). Il numero di professionisti in Azienda, infatti, continua a non consentire la copertura di tutti i turni e di tutte le attivit\u00e0. Esperite tutte le procedure sia per l\u2019assunzione di dipendenti, sia per il supporto da altre Aziende o da parte di liberi professionisti senza esito, l\u2019Azienda si avvale di una ditta per la copertura di alcuni turni. In questi mesi le ulteriori azioni messe in campo non hanno portato all\u2019esito sperato. Nelle more del completamento della gara, inoltre, sono state affidate, tramite procedura negoziata, per un periodo stimato di tre mesi 433 turni per i pronti soccorso di Pieve, Belluno e Agordo alla ditta Medical Service Sudtirol per un importo complessivo di 645 mila euro.<\/p>\n<p>&nbsp;<\/p>\n<p>&nbsp;<\/p>\n<hr \/>\n<p>&nbsp;<\/p>\n<blockquote>\n<h3>PALAMARES RIMESSO A NUOVO<\/h3>\n<\/blockquote>\n<p><strong><a class=\"dt-pswp-item\" href=\"https:\/\/www.radiopiu.net\/wordpress\/wp-content\/uploads\/2022\/11\/PalaMares_rimesso_a_nuovo.jpg\" data-dt-img-description=\"\" data-large_image_width=\"2207\" data-large_image_height=\"1320\"><img loading=\"lazy\" decoding=\"async\" class=\" wp-image-304766 alignleft\" src=\"https:\/\/www.radiopiu.net\/wordpress\/wp-content\/uploads\/2022\/11\/PalaMares_rimesso_a_nuovo-300x179.jpg\" alt=\"\" width=\"199\" height=\"119\" srcset=\"https:\/\/www.radiopiu.net\/wordpress\/wp-content\/uploads\/2022\/11\/PalaMares_rimesso_a_nuovo-300x179.jpg 300w, https:\/\/www.radiopiu.net\/wordpress\/wp-content\/uploads\/2022\/11\/PalaMares_rimesso_a_nuovo-1024x612.jpg 1024w, https:\/\/www.radiopiu.net\/wordpress\/wp-content\/uploads\/2022\/11\/PalaMares_rimesso_a_nuovo-768x459.jpg 768w, https:\/\/www.radiopiu.net\/wordpress\/wp-content\/uploads\/2022\/11\/PalaMares_rimesso_a_nuovo-1536x919.jpg 1536w, https:\/\/www.radiopiu.net\/wordpress\/wp-content\/uploads\/2022\/11\/PalaMares_rimesso_a_nuovo-2048x1225.jpg 2048w\" sizes=\"auto, (max-width: 199px) 100vw, 199px\" \/><\/a>PONTE NELLE ALPI <\/strong>PalaMares riqualificato: Ponte nelle Alpi e l\u2019intera provincia di Belluno ritrovano un impianto sportivo strategico per il territorio.<span class=\"gmail-Apple-converted-space\"> \u00a0<\/span>Era l\u2019agosto 2020 quando una tromba d\u2019aria spazz\u00f2 via la copertura della struttura. Ma tutti si sono subito rimboccati le maniche: in particolare, l\u2019amministrazione comunale di Ponte nelle Alpi, la Polisportiva con l\u2019esperienza di Gianni D\u2019Inc\u00e0 e le altre associazioni interessate hanno portato avanti la riqualificazione della struttura ammalorata dal maltempo. In un primo tempo, sono stati investiti 151mila euro per la copertura, 25mila per l\u2019illuminazione e 9mila per il ripristino dell\u2019impianto di riscaldamento. In una seconda fase, invece, si \u00e8 pensato alla sostituzione della pavimentazione: 59mila euro (di cui 3,5 di contributo del Gruppo 90, organizzatore della sagra di Polpet) era la somma necessaria a dotare il palazzetto di un parquet omologato per praticare pi\u00f9 attivit\u00e0 sportive, anche a livello competitivo. Ma non \u00e8 finita qui, perch\u00e9 l\u2019amministrazione ha gi\u00e0 messo a bilancio 150mila euro per il prossimo intervento: ovvero, il ripristino degli spogliatoi a servizio delle societ\u00e0 che usufruiscono dell\u2019impianto. L\u2019opera \u00e8 prevista per la prossima estate, nel 2023.<span class=\"gmail-Apple-converted-space\">\u00a0<\/span>Nel frattempo, per celebrare il rinnovato PalaMares, il Comune e le associazioni hanno pensato a una Festa dello Sport, sfociata in un significativo momento di inaugurazione.<\/p>\n<p>&nbsp;<\/p>\n<p>&nbsp;<\/p>\n<hr \/>\n<p>&nbsp;<\/p>\n<blockquote>\n<h3>VENT&#8217;ANNI DI HOSPICE A BELLUNO, L\u2019ASSOCIAZIONE CUCCHINI HA TRATTEGGIATO LA STORIA E LE PROSPETTIVE FUTURE DI CASA TUA DUE<\/h3>\n<\/blockquote>\n<p><strong>BELLUNO<\/strong> La storia delle cure palliative in provincia di Belluno coincide quasi perfettamente con la storia dell\u2019associazione Cucchini, che da quasi 40 anni si occupa di aiutare le persone ammalate e i loro familiari. Una realt\u00e0 che funge da perno all\u2019interno della rete delle cure palliative. Lo ha delineato il convegno di oggi dal titolo \u201c20 anni di hospice a Belluno\u201d, organizzato proprio da Cucchini, insieme all\u2019Ulss 1 Dolomiti per celebrare il ventennale di Casa Tue Due, una delle prime strutture di questo genere nate in Italia. L\u2019inaugurazione ufficiale risale infatti al 9 novembre 2002, a seguito di un lungo iter che ha visto nei fondatori della Cucchini i soggetti che pi\u00f9 hanno spinto per la realizzazione dell\u2019hospice. Una storia che \u00e8 stata raccontata dal dottor Giuseppe Fornasier, dirigente dell\u2019Unit\u00e0 di cure palliative dell\u2019ospedale di Belluno, con interessanti passaggi relativi alla normativa sulla terapia del dolore e su alcune figure che hanno fatto la differenza, tra cui il dottor Giuseppe Tormen, fondatore di Cucchini (assieme ad altre sei persone, tra cui Gian Battista Arrigoni) e medico anestesista. \u00abLa prima tappa \u00e8 stata la delibera di giunta regionale del Veneto 2989 del 2000. La legge 38\/2010 \u00e8 arrivata solo dieci anni dopo, ma intanto Belluno aveva dimostrato una sensibilit\u00e0 avanguardistica sul tema\u00bb ha detto il dottor Fornasier. \u00abLa prova \u00e8 data dal fatto che la realizzazione dell\u2019hospice ha potuto contare sulla sensibilit\u00e0 dei bellunesi, che generosamente hanno contribuito per quasi met\u00e0 del costo dell\u2019opera\u00bb. La storia dell\u2019hospice \u00e8 stata poi tratteggiata attraverso l\u2019attivit\u00e0 della struttura, nell\u2019intervento del dottor Giuseppe Zanne, medico di cure palliative che opera da oltre un decennio in Casa Tua Due. \u00abI pazienti dal 2002 a oggi sono stati 2.265 &#8211; ha spiegato Zanne -. Ogni paziente ha una famiglia e una storia, che la sensibilit\u00e0 e la professionalit\u00e0 di tutta la rete di cure palliative hanno saputo apprezzare e conservare. Ma non si pensi che questo \u00e8 un luogo di morte: \u00e8 un luogo di vita. Forse in pochi sanno che un 15-20% dei pazienti qui ricoverati torna a casa. Il logo di Casa Tua Due, vale a dire la casetta con un cuore che pulsa all\u2019interno, \u00e8 lo spirito autentico di questa struttura: un luogo fisico, dotato di tutto quello serve alle persone malate, ma anche affetto e cura in senso lato\u00bb. Il funzionamento dell\u2019hospice infatti \u00e8 complesso. Ed \u00e8 esteso anche al territorio, dato che le cure palliative sono erogate anche a domicilio. Vi collaborano le strutture sanitarie, con medici, infermieri, fisioterapisti, assistenti sociali e psicologi. Ma anche il volontariato, in questo caso Cucchini, con i suoi operatori formati per l\u2019assistenza.<br \/>\n\u00abTutti insieme cerchiamo di aggiungere vita ai giorni, in un momento dell\u2019esistenza in cui non \u00e8 pi\u00f9 possibile aggiungere giorni alla vita\u00bb ha detto Stefania Zanvit, coordinatrice del personale dell\u2019hospice. E il volontario Cucchini Franco Fiamoi ha spiegato il ruolo dei volontari e dei gruppi di Auto Mutuo Aiuto nel supporto ai malati e alle loro famiglie, anche dopo il momento difficile del fine vita. \u00abIl volontario \u00e8 una persona comune, non un supereroe: chi entra in hospice si stupisce di come il volontario possa stare vicino alla sofferenza\u00bb ha detto Fiamoi. \u00abIl messaggio \u00e8 che il volontario pu\u00f2 stare di fronte alla malattia e al dolore anche quando questo dolore porta a una situazione di fine vita. E questo messaggio resta nel cuore dei malati e i familiari possono portare questa idea fuori dall\u2019hospice, per scalfire i tab\u00f9 che stanno attorno al morire. Come dice spesso il dottor Zanne, chi arriva a Casa Tue Due elogia l\u2019hotel \u201ca 5 stelle\u201d che \u00e8 a disposizione dei malati; chi esce da qui ricorda le persone\u00bb. Un sistema di sinergie che \u00e8 a servizio del territorio, come hanno riconosciuto gli ospiti istituzionali del convegno, moderato dal giornalista Luigi Guglielmi. Un sistema che dovr\u00e0 continuare, rafforzandosi sempre di pi\u00f9, ha concluso il dottor Gianpaolo Pecere, direttore dei servizio socio-sanitari dell\u2019Ulss 1 Dolomiti. In chiusura, un momento conviviale con la torta per il \u201ccompleanno\u201d dell\u2019hospice.<\/p>\n\n\t\t\t<style type='text\/css'>\n\t\t\t\t#gallery-2 {\n\t\t\t\t\tmargin: auto;\n\t\t\t\t}\n\t\t\t\t#gallery-2 .gallery-item {\n\t\t\t\t\tfloat: left;\n\t\t\t\t\tmargin-top: 10px;\n\t\t\t\t\ttext-align: center;\n\t\t\t\t\twidth: 20%;\n\t\t\t\t}\n\t\t\t\t#gallery-2 img {\n\t\t\t\t\tborder: 2px solid #cfcfcf;\n\t\t\t\t}\n\t\t\t\t#gallery-2 .gallery-caption {\n\t\t\t\t\tmargin-left: 0;\n\t\t\t\t}\n\t\t\t\t\/* see gallery_shortcode() in wp-includes\/media.php *\/\n\t\t\t<\/style>\n\t\t<div id='gallery-2' class='dt-gallery-container gallery galleryid-304741 gallery-columns-5 gallery-size-thumbnail'><dl class='gallery-item'>\n\t\t\t\t<dt class='gallery-icon landscape'>\n\t\t\t\t\t<a class=\"rollover rollover-zoom dt-pswp-item\" title=\"49c0b071-82c5-4bf6-8697-6fd797bae3f7\" data-dt-img-description=\"\" data-large_image_width=\"1024\" data-large_image_height=\"763\"href='https:\/\/www.radiopiu.net\/wordpress\/wp-content\/uploads\/2022\/11\/49c0b071-82c5-4bf6-8697-6fd797bae3f7.jpg'><img loading=\"lazy\" decoding=\"async\" width=\"150\" height=\"150\" src=\"https:\/\/www.radiopiu.net\/wordpress\/wp-content\/uploads\/2022\/11\/49c0b071-82c5-4bf6-8697-6fd797bae3f7-150x150.jpg\" class=\"attachment-thumbnail size-thumbnail\" alt=\"\" \/><\/a>\n\t\t\t\t<\/dt><\/dl><dl class='gallery-item'>\n\t\t\t\t<dt class='gallery-icon portrait'>\n\t\t\t\t\t<a class=\"rollover rollover-zoom dt-pswp-item\" title=\"29328253-6974-4487-9231-6291f7863f6a\" data-dt-img-description=\"\" data-large_image_width=\"768\" data-large_image_height=\"1024\"href='https:\/\/www.radiopiu.net\/wordpress\/wp-content\/uploads\/2022\/11\/29328253-6974-4487-9231-6291f7863f6a.jpg'><img loading=\"lazy\" decoding=\"async\" width=\"150\" height=\"150\" src=\"https:\/\/www.radiopiu.net\/wordpress\/wp-content\/uploads\/2022\/11\/29328253-6974-4487-9231-6291f7863f6a-150x150.jpg\" class=\"attachment-thumbnail size-thumbnail\" alt=\"\" \/><\/a>\n\t\t\t\t<\/dt><\/dl><dl class='gallery-item'>\n\t\t\t\t<dt class='gallery-icon landscape'>\n\t\t\t\t\t<a class=\"rollover rollover-zoom dt-pswp-item\" title=\"2dbb2ccd-9e93-4438-8840-27fd6694222e\" data-dt-img-description=\"\" data-large_image_width=\"1024\" data-large_image_height=\"768\"href='https:\/\/www.radiopiu.net\/wordpress\/wp-content\/uploads\/2022\/11\/2dbb2ccd-9e93-4438-8840-27fd6694222e.jpg'><img loading=\"lazy\" decoding=\"async\" width=\"150\" height=\"150\" src=\"https:\/\/www.radiopiu.net\/wordpress\/wp-content\/uploads\/2022\/11\/2dbb2ccd-9e93-4438-8840-27fd6694222e-150x150.jpg\" class=\"attachment-thumbnail size-thumbnail\" alt=\"\" \/><\/a>\n\t\t\t\t<\/dt><\/dl><dl class='gallery-item'>\n\t\t\t\t<dt class='gallery-icon landscape'>\n\t\t\t\t\t<a class=\"rollover rollover-zoom dt-pswp-item\" title=\"a9023c59-7ccb-466e-b00c-77e29875ba8d\" data-dt-img-description=\"\" data-large_image_width=\"1024\" data-large_image_height=\"768\"href='https:\/\/www.radiopiu.net\/wordpress\/wp-content\/uploads\/2022\/11\/a9023c59-7ccb-466e-b00c-77e29875ba8d.jpg'><img loading=\"lazy\" decoding=\"async\" width=\"150\" height=\"150\" src=\"https:\/\/www.radiopiu.net\/wordpress\/wp-content\/uploads\/2022\/11\/a9023c59-7ccb-466e-b00c-77e29875ba8d-150x150.jpg\" class=\"attachment-thumbnail size-thumbnail\" alt=\"\" \/><\/a>\n\t\t\t\t<\/dt><\/dl><dl class='gallery-item'>\n\t\t\t\t<dt class='gallery-icon landscape'>\n\t\t\t\t\t<a class=\"rollover rollover-zoom dt-pswp-item\" title=\"59804aa8-ad8b-464d-a46d-64a964785bad\" data-dt-img-description=\"\" data-large_image_width=\"1024\" data-large_image_height=\"768\"href='https:\/\/www.radiopiu.net\/wordpress\/wp-content\/uploads\/2022\/11\/59804aa8-ad8b-464d-a46d-64a964785bad.jpg'><img loading=\"lazy\" decoding=\"async\" width=\"150\" height=\"150\" src=\"https:\/\/www.radiopiu.net\/wordpress\/wp-content\/uploads\/2022\/11\/59804aa8-ad8b-464d-a46d-64a964785bad-150x150.jpg\" class=\"attachment-thumbnail size-thumbnail\" alt=\"\" \/><\/a>\n\t\t\t\t<\/dt><\/dl><br style=\"clear: both\" \/>\n\t\t\t<\/div>\n\n<p>&nbsp;<\/p>\n<p>&nbsp;<\/p>\n<hr \/>\n<p>&nbsp;<\/p>\n<blockquote>\n<h3><strong>SCAMBI TRA BELLUNO E BARCELLONA SUL TEMA LGBT+<\/strong><\/h3>\n<\/blockquote>\n<p><strong><a class=\"dt-pswp-item\" href=\"https:\/\/www.radiopiu.net\/wordpress\/wp-content\/uploads\/2022\/11\/Comitato-dIntesa-progetto-LGBT-1-scaled.jpg\" data-dt-img-description=\"\" data-large_image_width=\"2560\" data-large_image_height=\"1920\"><img loading=\"lazy\" decoding=\"async\" class=\" wp-image-304759 alignleft\" src=\"https:\/\/www.radiopiu.net\/wordpress\/wp-content\/uploads\/2022\/11\/Comitato-dIntesa-progetto-LGBT-1-300x225.jpg\" alt=\"\" width=\"169\" height=\"127\" \/><\/a>BELLUNO <\/strong>Tappa a Barcellona, prima di un meeting a Belluno, sul tema dell\u2019inclusione di giovani LGBT+ grazie al Comitato d\u2019Intesa. Proprio a Barcellona, infatti, dal 16 al 18 ottobre scorsi, presso la sede della \u201cGeneralitat de Catalunya\u201d, si \u00e8 svolta la riunione di avvio (kick off meeting) del progetto REACH+ , promosso dal Comitato d\u2019Intesa in collaborazione con l\u2019associazione spagnola \u201cColectivo MosaiQ\u201d e l\u2019impresa sociale irlandese Arteteka. Il progetto, che avr\u00e0 durata annuale, prevede diverse attivit\u00e0: la realizzazione di un meeting a Belluno, aperto alla partecipazione di insegnanti ed operatori giovanili, seguito da uno youth exchange, riservato a giovani under 30, che si terr\u00e0 a Barcellona nel corso della prossima primavera\/estate. Ed ancora: un corso di formazione online, sul digital storytelling, orientato a sviluppare tra gli insegnanti e gli operatori giovanili nuove competenze sul tema inclusione. Per maggiori informazioni \u00e8 possibile contattare l\u2019associazione capofila all\u2019indirizzo europa@comitatodintesa.it<\/p>\n<p>&nbsp;<\/p>\n<p>&nbsp;<\/p>\n<hr \/>\n<p>&nbsp;<\/p>\n<blockquote>\n<h2>AGORDINO IN MOVIMENTO: SPEGNIAMO LA VALLE QUESTA SERA L&#8217;INCONTRO A RIVAMONTE<\/h2>\n<\/blockquote>\n<p><strong>di GIANNI SANTOMASO<\/strong><\/p>\n<audio class=\"wp-audio-shortcode\" id=\"audio-304741-5\" preload=\"none\" style=\"width: 100%;\" controls=\"controls\"><source type=\"audio\/mpeg\" src=\"https:\/\/www.radiopiu.net\/wordpress\/wp-content\/uploads\/2022\/11\/spegnere-la-valle-gianni.mp3?_=5\" \/><a href=\"https:\/\/www.radiopiu.net\/wordpress\/wp-content\/uploads\/2022\/11\/spegnere-la-valle-gianni.mp3\">https:\/\/www.radiopiu.net\/wordpress\/wp-content\/uploads\/2022\/11\/spegnere-la-valle-gianni.mp3<\/a><\/audio>\n<blockquote><p>&nbsp;<\/p><\/blockquote>\n<p><span dir=\"ltr\" role=\"presentation\"><strong>REDAZION<\/strong>E Un gruppo di lavoro in vallata sta facendo squadra e coinvolgendo la popolazione. Dopo l&#8217;ultimo incontro \u00e8 uscito un volantino che spiega l&#8217;iniziativa.<\/span><\/p>\n<p><span dir=\"ltr\" role=\"presentation\"><img loading=\"lazy\" decoding=\"async\" class=\"alignleft\" src=\"https:\/\/www.radiopiu.net\/wordpress\/wp-content\/uploads\/2022\/10\/th-16.jpg\" width=\"258\" height=\"174\" \/>&#8220;La consapevolezza che sia un momento davvero difficile \u00e8 chiara, ma \u00e8 <\/span><span dir=\"ltr\" role=\"presentation\">altrettanto chiaro che morire in silenzio non \u00e8 la scelta migliore.\u00a0 <\/span><span dir=\"ltr\" role=\"presentation\">Siamo tutte persone che ogni giorno fanno del loro meglio per far vivere <\/span><span dir=\"ltr\" role=\"presentation\">dignitosamente la propria famiglia ed ora, malgrado tutto il nostro <\/span><span dir=\"ltr\" role=\"presentation\">impegno, rischiamo davvero di non farcela.\u00a0 <\/span><span dir=\"ltr\" role=\"presentation\">Cosa c&#8217;\u00e8 di male quindi nel portare la nostra difficolt\u00e0 all&#8217;attenzione della <\/span><span dir=\"ltr\" role=\"presentation\">\u201cpolitica\u201d? <\/span><span dir=\"ltr\" role=\"presentation\">Cosa c&#8217;\u00e8 di male nel chiedere a chi abbiamo eletto per rappresentarci di <\/span><span dir=\"ltr\" role=\"presentation\">darsi davvero da fare e di farlo in fretta? <\/span><span dir=\"ltr\" role=\"presentation\">L&#8217;idea, nata da un gruppo di agordini di varia estrazione e provenienza <\/span><span dir=\"ltr\" role=\"presentation\">(commercianti, liberi professionisti, dipendenti, pensionati), siamo certi <\/span><span dir=\"ltr\" role=\"presentation\">trover\u00e0 il supporto e la partecipazione di tutti. <\/span><span dir=\"ltr\" role=\"presentation\">COSA FARE <\/span><span dir=\"ltr\" role=\"presentation\">Vorremmo incontrarci tutti questa sera\u00a0 alle 20, presso il <\/span><span dir=\"ltr\" role=\"presentation\">teatro<\/span> <span dir=\"ltr\" role=\"presentation\">parrocchiale<\/span> <span dir=\"ltr\" role=\"presentation\">di<\/span> <span dir=\"ltr\" role=\"presentation\">Rivamonte,<\/span> <span dir=\"ltr\" role=\"presentation\">per<\/span> <span dir=\"ltr\" role=\"presentation\">organizzare<\/span> <span dir=\"ltr\" role=\"presentation\">insieme<\/span> <span dir=\"ltr\" role=\"presentation\">l&#8217;azione <\/span><span dir=\"ltr\" role=\"presentation\">pubblica da proporre per fine novembre\/inizio dicembre. <\/span><span dir=\"ltr\" role=\"presentation\">L&#8217;IDEA <\/span><span dir=\"ltr\" role=\"presentation\">Consiste nel realizzare una manifestazione pubblica in un luogo di alta <\/span><span dir=\"ltr\" role=\"presentation\">visibilit\u00e0, per proseguire poi con una sospensione delle nostre attivit\u00e0 <\/span><span dir=\"ltr\" role=\"presentation\">per<\/span> <span dir=\"ltr\" role=\"presentation\">tre<\/span> <span dir=\"ltr\" role=\"presentation\">giorni,<\/span> <span dir=\"ltr\" role=\"presentation\">cos\u00ec<\/span> <span dir=\"ltr\" role=\"presentation\">da<\/span> <span dir=\"ltr\" role=\"presentation\">rendere<\/span> <span dir=\"ltr\" role=\"presentation\">chiare<\/span> <span dir=\"ltr\" role=\"presentation\">anche<\/span> <span dir=\"ltr\" role=\"presentation\">ai<\/span> <span dir=\"ltr\" role=\"presentation\">pi\u00f9<\/span> <span dir=\"ltr\" role=\"presentation\">\u201cdistratti\u201d<\/span> <span dir=\"ltr\" role=\"presentation\">le <\/span><span dir=\"ltr\" role=\"presentation\">conseguenze di questa fase cos\u00ec critica\u00a0 <\/span><span dir=\"ltr\" role=\"presentation\">PER INFO ED ADESIONI<\/span> <span dir=\"ltr\" role=\"presentation\">stopcarobollette@gmail.com\u00a0\u00a0<\/span><\/p>\n<p>&nbsp;<\/p>\n<p>&nbsp;<\/p>\n<p>&nbsp;<\/p>\n<p>&nbsp;<\/p>\n<hr \/>\n<p>&nbsp;<\/p>\n<blockquote>\n<h3 class=\"entry-title\">E\u2019 IN ARRIVO L\u2019INGORGO FISCALE DI NOVEMBRE: ALL\u2019ERARIO 69 MILIARDI DI EURO<\/h3>\n<\/blockquote>\n<p class=\"photoswipe-wrapper\"><a class=\"dt-pswp-item pspw-wrap-ready\" href=\"https:\/\/www.radiopiu.net\/wordpress\/wp-content\/uploads\/2022\/11\/Schermata-2022-11-05-alle-09.48.19.png\" data-dt-img-description=\"\" data-large_image_width=\"940\" data-large_image_height=\"1188\"><img loading=\"lazy\" decoding=\"async\" class=\"alignleft size-medium wp-image-304730\" src=\"https:\/\/www.radiopiu.net\/wordpress\/wp-content\/uploads\/2022\/11\/Schermata-2022-11-05-alle-09.48.19-237x300.png\" sizes=\"auto, (max-width: 237px) 100vw, 237px\" srcset=\"https:\/\/www.radiopiu.net\/wordpress\/wp-content\/uploads\/2022\/11\/Schermata-2022-11-05-alle-09.48.19-237x300.png 237w, https:\/\/www.radiopiu.net\/wordpress\/wp-content\/uploads\/2022\/11\/Schermata-2022-11-05-alle-09.48.19-810x1024.png 810w, https:\/\/www.radiopiu.net\/wordpress\/wp-content\/uploads\/2022\/11\/Schermata-2022-11-05-alle-09.48.19-768x971.png 768w, https:\/\/www.radiopiu.net\/wordpress\/wp-content\/uploads\/2022\/11\/Schermata-2022-11-05-alle-09.48.19.png 940w\" alt=\"\" width=\"237\" height=\"300\" \/><\/a>E\u2019 in arrivo l\u2019ingorgo fiscale di novembre che per l\u2019erario \u00e8 da sempre il mese pi\u00f9 \u201cgratificante\u201d dell\u2019anno (vedi Tab. 1). Dalle scadenze del 16 e del 30 novembre prossimi, infatti, il fisco incasser\u00e0 ben 69 miliardi di euro. Secondo una stima elaborata dall\u2019Ufficio studi della CGIA, le imprese, in particolare, saranno chiamate a versare l\u2019Iva (19 miliardi), l\u2019Ires (16,2 miliardi), le ritenute dei dipendenti e dei collaboratori (12,5 miliardi). Le aziende, inoltre, saranno chiamate a onorare anche l\u2019Irap (10,9 miliardi), l\u2019acconto Irpef dei propri dipendenti (7,3 miliardi di euro) e dovranno versare anche le ritenute d\u2019acconto sui compensi dei professionisti (1,2 miliardi) (vedi Tab. 2).<\/p>\n<p><strong>Vista la portata del gettito, tante aziende avranno non pochi problemi a superare indenni questa raffica di scadenze fiscali. Novembre, infatti, costituisce un vero e proprio stress test che permetter\u00e0 agli imprenditori di misurare la tenuta finanziaria delle proprie attivit\u00e0.<\/strong><\/p>\n<p>Il mese in corso, dicevamo, \u00e8 molto particolare anche per un altro aspetto. Quando un imprenditore in difficolt\u00e0 da tempo non supera positivamente questo \u201cesame\u201d, spesso decide entro poche settimane se valga la pena o meno continuare l\u2019attivit\u00e0.<\/p>\n<p><strong>Pertanto, per evitare che tanti piccoli imprenditori oggi in difficolt\u00e0 per il caro energia, il boom dell\u2019inflazione e per la contrazione dei consumi chiudano definitivamente l\u2019attivit\u00e0 \u00e8 auspicabile che in tempi ragionevolmente brevi il nuovo Governo provveda a tagliare drasticamente le imposte, al fine di \u201cammorbidire\u201d anche i versamenti relativi alle scadenze pi\u00f9 critiche di ogni anno: ovvero, i mesi di giugno-luglio e di novembre-dicembre (vedi Graf. 1).<\/strong><\/p>\n<p class=\"photoswipe-wrapper\"><strong>La nostra burocrazia fiscale \u00e8 la peggiore d\u2019Europa<\/strong><br \/>\n<a class=\"dt-pswp-item pspw-wrap-ready\" href=\"https:\/\/www.radiopiu.net\/wordpress\/wp-content\/uploads\/2022\/11\/Schermata-2022-11-05-alle-09.48.32.png\" data-dt-img-description=\"\" data-large_image_width=\"696\" data-large_image_height=\"820\"><img loading=\"lazy\" decoding=\"async\" class=\"alignleft size-medium wp-image-304732\" src=\"https:\/\/www.radiopiu.net\/wordpress\/wp-content\/uploads\/2022\/11\/Schermata-2022-11-05-alle-09.48.32-255x300.png\" sizes=\"auto, (max-width: 255px) 100vw, 255px\" srcset=\"https:\/\/www.radiopiu.net\/wordpress\/wp-content\/uploads\/2022\/11\/Schermata-2022-11-05-alle-09.48.32-255x300.png 255w, https:\/\/www.radiopiu.net\/wordpress\/wp-content\/uploads\/2022\/11\/Schermata-2022-11-05-alle-09.48.32.png 696w\" alt=\"\" width=\"255\" height=\"300\" \/><\/a>Oltre ad avere un carico fiscale tra i pi\u00f9 elevati d\u2019Europa, l\u2019Italia, assieme al Portogallo, \u00e8 il Paese dove pagare le tasse \u00e8 pi\u00f9 difficile, in particolar modo per le aziende. Secondo le ultime statistiche disponibili elaborate\u00a0dalla Banca Mondiale (Doing Business 2020), i nostri imprenditori \u201cperdono\u201d 30 giorni all\u2019anno (pari a 238 ore) per raccogliere tutte le informazioni necessarie per calcolare le imposte dovute; per completare tutte le dichiarazioni dei redditi e per presentarle all\u2019Amministrazione finanziaria; per effettuare il pagamento on line o presso le autorit\u00e0 preposte. In Francia per espletare le incombenze burocratiche derivanti dal pagamento delle tasse sono necessari solo 17 giorni (139 ore), in Spagna 18 (143 ore) e in Germania 27 (218 ore), mentre la media dell\u2019Area dell\u2019Euro \u00e8 di 18 giorni (147 ore). I dati si riferiscono a una media impresa (societ\u00e0 a responsabilit\u00e0 limitata), al secondo anno di vita e con circa 60 addetti.<\/p>\n<p><strong class=\"photoswipe-wrapper\"><a class=\"dt-pswp-item pspw-wrap-ready\" href=\"https:\/\/www.radiopiu.net\/wordpress\/wp-content\/uploads\/2022\/11\/Schermata-2022-11-05-alle-09.48.49.png\" data-dt-img-description=\"\" data-large_image_width=\"1288\" data-large_image_height=\"938\"><img loading=\"lazy\" decoding=\"async\" class=\"alignleft size-medium wp-image-304731\" src=\"https:\/\/www.radiopiu.net\/wordpress\/wp-content\/uploads\/2022\/11\/Schermata-2022-11-05-alle-09.48.49-300x218.png\" sizes=\"auto, (max-width: 300px) 100vw, 300px\" srcset=\"https:\/\/www.radiopiu.net\/wordpress\/wp-content\/uploads\/2022\/11\/Schermata-2022-11-05-alle-09.48.49-300x218.png 300w, https:\/\/www.radiopiu.net\/wordpress\/wp-content\/uploads\/2022\/11\/Schermata-2022-11-05-alle-09.48.49-1024x746.png 1024w, https:\/\/www.radiopiu.net\/wordpress\/wp-content\/uploads\/2022\/11\/Schermata-2022-11-05-alle-09.48.49-768x559.png 768w, https:\/\/www.radiopiu.net\/wordpress\/wp-content\/uploads\/2022\/11\/Schermata-2022-11-05-alle-09.48.49.png 1288w\" alt=\"\" width=\"300\" height=\"218\" \/><\/a>Anche dicembre sar\u00e0 un mese molto impegnativo<\/strong><\/p>\n<p>Anche il prossimo mese di dicembre sar\u00e0 particolarmente impegnativo sul fronte fiscale. Entro il 16 dicembre, infatti, le aziende dovranno versare\u00a0i contributi previdenziali, assistenziali e le ritenute Irpef dei propri dipendenti e collaboratori. Dovranno, inoltre, pagare l\u2019acconto dell\u2019imposta sostitutiva sui redditi da rivalutazione del Tfr, il saldo dell\u2019Imu su capannoni, uffici, negozi e l\u2019Iva del mese di novembre, semprech\u00e9 si tratti di contribuenti mensili.\u00a0 Infine, entro Natale dovranno liquidare anche le tredicesime ai propri dipendenti. Insomma, non \u00e8 da escludere che molti piccoli imprenditori a corto di denaro si troveranno in seria difficolt\u00e0 a rispettare tutte queste scadenze cos\u00ec ravvicinate.<\/p>\n<p><strong>\u00a0\u2022\u00a0\u00a0\u00a0\u00a0\u00a0\u00a0\u00a0\u00a0Chi non paga, cosa gli succede ?<\/strong><\/p>\n<p>Se qualcuno non rispetta le scadenze fiscali previste nelle prossime settimane, cosa va incontro? L\u2019ordinamento tributario, ricorda l\u2019Ufficio studi della CGIA, impone al contribuente una sanzione dell\u20191 per cento\u00a0dell\u2019importo da versare al fisco per ogni giorno di ritardo entro il 15\u00b0 dalla scadenza. La percentuale sale al 15 per cento se il pagamento viene effettuato entro il novantesimo giorno dalla scadenza. Per omesso pagamento o per versamento effettuato dopo 90 giorni dal termine previsto per legge, la sanzione sale al 30 per cento dell\u2019importo da versare all\u2019erario. Indipendentemente dal ritardo, sono altres\u00ec dovuti gli interessi pari al 4 per cento (annuo) dell\u2019importo da pagare. Va ricordato, infine, che le sanzioni possono essere fortemente ridimensionate usufruendo dell\u2019istituto del \u201cravvedimento operoso\u201d, a condizione che si versi sia l\u2019importo omesso che la sanzione\u00a0(opportunamente ridotta) e gli interessi. Le riduzioni, ovviamente, diminuiscono con il passare del tempo di pagamento.<\/p>\n<p>&nbsp;<\/p>\n<hr \/>\n<p>&nbsp;<\/p>\n<blockquote>\n<h2>IL CONVEGNO ALL&#8217;ISTITUTO FOLLADOR &#8220;SEDINOUT&#8221;<\/h2>\n<\/blockquote>\n<p><strong><a class=\"dt-pswp-item\" href=\"https:\/\/www.radiopiu.net\/wordpress\/wp-content\/uploads\/2022\/11\/IMG_20221021_113623395-scaled.jpg\" data-dt-img-description=\"\" data-large_image_width=\"2560\" data-large_image_height=\"1920\"><img loading=\"lazy\" decoding=\"async\" class=\"size-medium wp-image-304940 alignleft\" src=\"https:\/\/www.radiopiu.net\/wordpress\/wp-content\/uploads\/2022\/11\/IMG_20221021_113623395-300x225.jpg\" alt=\"\" width=\"300\" height=\"225\" srcset=\"https:\/\/www.radiopiu.net\/wordpress\/wp-content\/uploads\/2022\/11\/IMG_20221021_113623395-300x225.jpg 300w, https:\/\/www.radiopiu.net\/wordpress\/wp-content\/uploads\/2022\/11\/IMG_20221021_113623395-1024x768.jpg 1024w, https:\/\/www.radiopiu.net\/wordpress\/wp-content\/uploads\/2022\/11\/IMG_20221021_113623395-768x576.jpg 768w, https:\/\/www.radiopiu.net\/wordpress\/wp-content\/uploads\/2022\/11\/IMG_20221021_113623395-1536x1152.jpg 1536w, https:\/\/www.radiopiu.net\/wordpress\/wp-content\/uploads\/2022\/11\/IMG_20221021_113623395-2048x1536.jpg 2048w\" sizes=\"auto, (max-width: 300px) 100vw, 300px\" \/><\/a>AGORDO<\/strong> All&#8217;Istituto Superiore Follador-De Rossi, si \u00e8 svolto il convegno finale del progetto europeo ITAT3032 SedInOut, dal titolo &#8220;Sviluppo di una metodologia di gestione del rischio tramite la valutazione della disponibilit\u00e0 di sedimento al trasporto in massa in ambiente montano&#8221;. Al convegno, voluto dall&#8217;ufficio Direzione Difesa del Suolo e della Costa della Regione Veneto proprio nella scuola di Agordo, ha visto partecipare oltre ad alcuni tecnici ed appassionati, anche le classi 2M, 3M, 4M e 5M dell&#8217;indirizzo geotecnico-minerario, <a class=\"dt-pswp-item\" href=\"https:\/\/www.radiopiu.net\/wordpress\/wp-content\/uploads\/2022\/11\/20221021_131857264-scaled.jpg\" data-dt-img-description=\"\" data-large_image_width=\"1920\" data-large_image_height=\"2560\"><img loading=\"lazy\" decoding=\"async\" class=\"size-medium wp-image-304938 alignright\" src=\"https:\/\/www.radiopiu.net\/wordpress\/wp-content\/uploads\/2022\/11\/20221021_131857264-225x300.jpg\" alt=\"\" width=\"225\" height=\"300\" srcset=\"https:\/\/www.radiopiu.net\/wordpress\/wp-content\/uploads\/2022\/11\/20221021_131857264-225x300.jpg 225w, https:\/\/www.radiopiu.net\/wordpress\/wp-content\/uploads\/2022\/11\/20221021_131857264-768x1024.jpg 768w, https:\/\/www.radiopiu.net\/wordpress\/wp-content\/uploads\/2022\/11\/20221021_131857264-1152x1536.jpg 1152w, https:\/\/www.radiopiu.net\/wordpress\/wp-content\/uploads\/2022\/11\/20221021_131857264-1536x2048.jpg 1536w, https:\/\/www.radiopiu.net\/wordpress\/wp-content\/uploads\/2022\/11\/20221021_131857264-scaled.jpg 1920w\" sizes=\"auto, (max-width: 225px) 100vw, 225px\" \/><\/a>assieme ai docenti. Dopo il saluto di benvenuto del Dirigente Claudio Magalini e della dottoressa Barbara De Fanti dell&#8217;ufficio della Regione, si \u00e8 entrati nel vivo dell&#8217;incontro, con l&#8217;intervento del dott. Volkmar Mair direttore dell&#8217;Ufficio Geologia della Provincia Autonoma di Bolzano e direttore del progetto, seguito da quello della dottoressa Veronica Tornielli, per l&#8217;ufficio\u00a0 Direzione Difesa del Suolo e della Costa della Regione Veneto. Mair ha prima puntato l&#8217;attenzione sui fenomeni che sempre pi\u00f9 si stanno manifestando in montagna, anche in funzione dei repentini cambiamenti climatici che osserviamo quotidianamente, proponendo esempi eclatanti e proposte per il futuro. La dottoressa Tornielli poi \u00e8 tornata sui concetti di rischio e pericolo, e sul metodo di lavoro del geologo e della geologia nella gestione e prevenzione dei rischi collegati a fenomeni naturali come frane, debris flow, terremoti. Le conclusioni sono state coinvolgenti; i partecipanti e, in particolare gli studenti, hanno rivolto domande ed osservazioni particolari ed interessanti che hanno arricchito la discussione. Ciliegina sulla torta, \u00e8 proprio il caso di dirlo, un ricco buffet finale con tante specialit\u00e0 locali, organizzato e gestito dagli studenti e docenti dell&#8217;indirizzo enogastronomico della sede di Falcade che hanno sviluppato questa attivit\u00e0 come progetto in una unit\u00e0 didattica. Gli ospiti sono stati entusiasti per l&#8217;accoglienza e per lo svolgimento del convegno in tutti i momenti, con soddisfazione anche da parte del Dirigente e della scuola tutta che ha potuto mostrare la poliedricit\u00e0 della sua offerta formativa, in una giornata che ha suscitato molto interesse in tutti gli studenti.<\/p>\n<p>&nbsp;<\/p>\n<p>&nbsp;<\/p>\n<p>&nbsp;<\/p>\n<p>&nbsp;<\/p>\n<hr \/>\n<p>&nbsp;<\/p>\n<blockquote class=\"wp-embedded-content\" data-secret=\"mJBcPnH6YL\"><p><a href=\"https:\/\/www.radiopiu.net\/wordpress\/tappa15\/\">IN VIAGGIO CON STEFANO  E PAOLO, FINO ALLA FINE DEL MONDO PER IL COMITATO POLLICINO.<\/a><\/p><\/blockquote>\n<p><iframe loading=\"lazy\" class=\"wp-embedded-content\" sandbox=\"allow-scripts\" security=\"restricted\" style=\"position: absolute; clip: rect(1px, 1px, 1px, 1px);\" title=\"&#8220;IN VIAGGIO CON STEFANO  E PAOLO, FINO ALLA FINE DEL MONDO PER IL COMITATO POLLICINO.&#8221; &#8212; Radio Pi\u00f9\" src=\"https:\/\/www.radiopiu.net\/wordpress\/tappa15\/embed\/#?secret=hbXij77Akg#?secret=mJBcPnH6YL\" data-secret=\"mJBcPnH6YL\" width=\"600\" height=\"338\" frameborder=\"0\" marginwidth=\"0\" marginheight=\"0\" scrolling=\"no\"><\/iframe><\/p>\n<p>&nbsp;<\/p>\n<p>&nbsp;<\/p>\n<hr \/>\n<p>&nbsp;<\/p>\n<blockquote>\n<h3>\u201cSELVA DI CADORE COME ERA\u201d: NELL\u2019OTTIMO LIBRO GIUSTO SPAZIO ALLE TRADIZIONI E ALLE PROCESSIONI<\/h3>\n<\/blockquote>\n<p><strong>di\u00a0 RENATO BONA<\/strong><\/p>\n<p>Nel precedente servizio dedicato al libro del caro amico e collega prof. don Lorenzo Dell\u2019Andrea: \u201cSelva di Cadore come era\u201d (Selva da nosak\u00e0n, in ladino), edito nel novembre 1993 con la tipografia Piave di Belluno ad iniziativa dell\u2019Union de i Ladi\u00f1 dopo una mostra di grande successo, ci siamo soffermati sul capitolo \u201cVolti e tradizioni\u201d a proposito del quale l\u2019autore ha scritto fra l\u2019altro che: \u201cGuardando i volti dei nostri vecchi, l\u2019eleganza di qualche loro gesto, la foggia del loro vestire, la fissit\u00e0 perduta di uno sguardo, la nobilt\u00e0 di una fisionomia, l\u2019intensit\u00e0 di una espressione potremmo forse cogliere tanti aspetti della personalit\u00e0 dei nostri vecchi che hanno costruito il nostro presente e che ci hanno lasciato in eredit\u00e0 questo nostro paese\u201d. Precisando, quanto al termine \u201ctradizioni\u201d che esso \u201csi carica qui di un significato particolare e pi\u00f9 ricco: non solamente quello che viene tramandato, ma tutto ci\u00f2 che ha una particolare valenza sociale, umana, culturale, religiosa\u201d. La prima foto che proponiamo (raccolta Iole Lorenzini Monico) \u00e8 quella di un bel gruppo che ha dato vita alla mascherata di carnevale del 1923; si riconoscono: Giocondo Torre, Maria Nicolai in Lorenzini, \u2018Beloco\u2019, Angela Torre, Oliva Toffoli, Giuseppina Zuliani, Iolanda Lorenzini, Lorenzo Dell\u2019Andrea, Romano Dell\u2019Andrea, Venturina Nicolai, Flora De Mattia, Ettore Lorenzini, Tranquilla Toffoli, Maria Piva, Massimiliano Toffoli, Vito Nicolai, Adelmo Nicolai, Gerardo Dall\u2019Acqua, Alberto Cazzetta \u2018de chi de Lader\u2019, Rachele Dell\u2019Andrea \u2018de i Trekoi\u2019, Ernesto Toffoli, Elsa Nicolai \u2018de ki de de Kol\u00f2\u2019, Maria Chizzolin Dell\u2019Andrea \u2018Parona\u2019. Da notare, oltre ai costumi, le \u2018skarpe de fer\u2019 del primo suonatore a sinistra e le \u2018zokole\u2019 del ragazzo seduto a destra. I festeggiamenti di carnevale &#8211; ricorda Dell\u2019Andrea &#8211; iniziavano il 6 gennaio, festa dell\u2019Epifania, quando tutti andavano a Pescul \u2018a tole l karneval\u2019 che &#8211; secondo la tradizione &#8211; veniva da San Vito di Cadore attraverso la \u2018Forada\u2019. Ed ecco (foto Fedele Chizzolin, raccolta Maria Monico) la \u201cCompagnia teatrale di Selva\u201d negli anni 1919-20, vi si riconoscono tra gli altri, in alto Egidio Torre (secondo da sinistra), Maria Berolo (terza), Giobatta Dall\u2019Acqua \u2018Pacin\u2019 (quarto), il maestro Antonio Monico (quinto). Segue (foto Fedele Chizzolin, raccolta Union Ladi\u00f1 de Selva) la riproduzione di una scena proposta dalla Compagnia Teatrale selvese, rappresentata nel 1919-20. L\u2019autore si chiede: chi sono gli artisti? E afferma: forse qualcuno li riconosce\u2026 L\u2019importante \u00e8 comunque annotare l\u2019esistenza di un gruppo per il teatro: segno di grande socializzazione e di notevole interesse culturale. A questo punto Dell\u2019Andrea spiega a proposito dei giovani di Selva che quasi tutto il tempo libero lo dovevano dedicare al lavoro. Divertimenti? Ben pochi, qualche festa da ballo in carnevale o in occasione di raduni dei coscritti. Qualcuno andava a caccia, altri facevano escursioni, per lo pi\u00f9 a piedi, nei paesi vicini. Quanto allo sport, solo dopo la Grande Guerra si cominci\u00f2 con gli sci che allora non erano neppure lontani parenti di quelli attuali. Eppure quante sciate negli anni \u201830\u2026 Qui (foto F.C. raccolta Union Ladi\u00f1) si vede Marcello Martini in Fertazza nel 1935: niente tuta da sci, niente giacca a vento, e degli scarponi \u201cNordika\u201d nemmeno l\u2019idea. Ma \u201cha tutto quello che occorre per uno sportivo, soprattutto grande passione, spirito di sacrificio e tanto amore per la natura oltre che per il suo paese che ammira dall\u2019alto, non ancora contaminato dal progresso. Cambiando argomento: Arcangelo Monico (in basso a sinistra) e accanto Aurelio Angeli con i partecipanti alla processione delle Rogazioni, durante una sosta prima di approdare alla chiesa di San Lorenzo dove si concludeva con il \u201cFioretto\u201d alla Madonna e il suono dell\u2019organo. Altra processione: quella della \u2018Madona d\u2019A\u00f3st, l\u2019Assunta, del 15 agosto, nel primo dopoguerra a Santa Fosca; secondo l\u2019usanza: davanti gli uomini quindi le donne (foto F.C., raccolta Union Ladi\u00f1). C\u2019\u00e8 poi quella della Madonna del Carmine: \u00e8 il 16 luglio di un anno attorno al 1930. I coscritti con il tradizionale abito risalente probabilmente al 1600 portano la Madonna, preceduta dal parroco don Luigi Gnech che ha accanto don Giovanni Bedont. La statua, che risalirebbe al 1637 \u00e8 quella ora conservata nel capitello lungo la Passadora.<\/p>\n\n\t\t\t<style type='text\/css'>\n\t\t\t\t#gallery-3 {\n\t\t\t\t\tmargin: auto;\n\t\t\t\t}\n\t\t\t\t#gallery-3 .gallery-item {\n\t\t\t\t\tfloat: left;\n\t\t\t\t\tmargin-top: 10px;\n\t\t\t\t\ttext-align: center;\n\t\t\t\t\twidth: 16%;\n\t\t\t\t}\n\t\t\t\t#gallery-3 img {\n\t\t\t\t\tborder: 2px solid #cfcfcf;\n\t\t\t\t}\n\t\t\t\t#gallery-3 .gallery-caption {\n\t\t\t\t\tmargin-left: 0;\n\t\t\t\t}\n\t\t\t\t\/* see gallery_shortcode() in wp-includes\/media.php *\/\n\t\t\t<\/style>\n\t\t<div id='gallery-3' class='dt-gallery-container gallery galleryid-304741 gallery-columns-6 gallery-size-thumbnail'><dl class='gallery-item'>\n\t\t\t\t<dt class='gallery-icon landscape'>\n\t\t\t\t\t<a class=\"rollover rollover-zoom dt-pswp-item\" title=\"312986074_500319605483733_2337980781963615824_n\" data-dt-img-description=\"\" data-large_image_width=\"296\" data-large_image_height=\"199\"href='https:\/\/www.radiopiu.net\/wordpress\/wp-content\/uploads\/2022\/11\/312986074_500319605483733_2337980781963615824_n.jpg'><img loading=\"lazy\" decoding=\"async\" width=\"150\" height=\"150\" src=\"https:\/\/www.radiopiu.net\/wordpress\/wp-content\/uploads\/2022\/11\/312986074_500319605483733_2337980781963615824_n-150x150.jpg\" class=\"attachment-thumbnail size-thumbnail\" alt=\"\" \/><\/a>\n\t\t\t\t<\/dt><\/dl><dl class='gallery-item'>\n\t\t\t\t<dt class='gallery-icon landscape'>\n\t\t\t\t\t<a class=\"rollover rollover-zoom dt-pswp-item\" title=\"313093810_644004440731106_1083517129166707197_n\" data-dt-img-description=\"\" data-large_image_width=\"320\" data-large_image_height=\"200\"href='https:\/\/www.radiopiu.net\/wordpress\/wp-content\/uploads\/2022\/11\/313093810_644004440731106_1083517129166707197_n.jpg'><img loading=\"lazy\" decoding=\"async\" width=\"150\" height=\"150\" src=\"https:\/\/www.radiopiu.net\/wordpress\/wp-content\/uploads\/2022\/11\/313093810_644004440731106_1083517129166707197_n-150x150.jpg\" class=\"attachment-thumbnail size-thumbnail\" alt=\"\" \/><\/a>\n\t\t\t\t<\/dt><\/dl><dl class='gallery-item'>\n\t\t\t\t<dt class='gallery-icon portrait'>\n\t\t\t\t\t<a class=\"rollover rollover-zoom dt-pswp-item\" title=\"313221379_530341155201048_7005398993034228950_n\" data-dt-img-description=\"\" data-large_image_width=\"160\" data-large_image_height=\"205\"href='https:\/\/www.radiopiu.net\/wordpress\/wp-content\/uploads\/2022\/11\/313221379_530341155201048_7005398993034228950_n.jpg'><img loading=\"lazy\" decoding=\"async\" width=\"150\" height=\"150\" src=\"https:\/\/www.radiopiu.net\/wordpress\/wp-content\/uploads\/2022\/11\/313221379_530341155201048_7005398993034228950_n-150x150.jpg\" class=\"attachment-thumbnail size-thumbnail\" alt=\"\" \/><\/a>\n\t\t\t\t<\/dt><\/dl><dl class='gallery-item'>\n\t\t\t\t<dt class='gallery-icon landscape'>\n\t\t\t\t\t<a class=\"rollover rollover-zoom dt-pswp-item\" title=\"313866282_448839630697976_5638253569950231925_n\" data-dt-img-description=\"\" data-large_image_width=\"335\" data-large_image_height=\"206\"href='https:\/\/www.radiopiu.net\/wordpress\/wp-content\/uploads\/2022\/11\/313866282_448839630697976_5638253569950231925_n.jpg'><img loading=\"lazy\" decoding=\"async\" width=\"150\" height=\"150\" src=\"https:\/\/www.radiopiu.net\/wordpress\/wp-content\/uploads\/2022\/11\/313866282_448839630697976_5638253569950231925_n-150x150.jpg\" class=\"attachment-thumbnail size-thumbnail\" alt=\"\" \/><\/a>\n\t\t\t\t<\/dt><\/dl><dl class='gallery-item'>\n\t\t\t\t<dt class='gallery-icon landscape'>\n\t\t\t\t\t<a class=\"rollover rollover-zoom dt-pswp-item\" title=\"314522086_4593509274107607_6813401897651599830_n\" data-dt-img-description=\"\" data-large_image_width=\"296\" data-large_image_height=\"205\"href='https:\/\/www.radiopiu.net\/wordpress\/wp-content\/uploads\/2022\/11\/314522086_4593509274107607_6813401897651599830_n.jpg'><img loading=\"lazy\" decoding=\"async\" width=\"150\" height=\"150\" src=\"https:\/\/www.radiopiu.net\/wordpress\/wp-content\/uploads\/2022\/11\/314522086_4593509274107607_6813401897651599830_n-150x150.jpg\" class=\"attachment-thumbnail size-thumbnail\" alt=\"\" \/><\/a>\n\t\t\t\t<\/dt><\/dl><dl class='gallery-item'>\n\t\t\t\t<dt class='gallery-icon portrait'>\n\t\t\t\t\t<a class=\"rollover rollover-zoom dt-pswp-item\" title=\"311906491_1365724180905921_3617660073141130425_n\" data-dt-img-description=\"\" data-large_image_width=\"168\" data-large_image_height=\"199\"href='https:\/\/www.radiopiu.net\/wordpress\/wp-content\/uploads\/2022\/11\/311906491_1365724180905921_3617660073141130425_n.jpg'><img loading=\"lazy\" decoding=\"async\" width=\"150\" height=\"150\" src=\"https:\/\/www.radiopiu.net\/wordpress\/wp-content\/uploads\/2022\/11\/311906491_1365724180905921_3617660073141130425_n-150x150.jpg\" class=\"attachment-thumbnail size-thumbnail\" alt=\"\" \/><\/a>\n\t\t\t\t<\/dt><\/dl><br style=\"clear: both\" \/><dl class='gallery-item'>\n\t\t\t\t<dt class='gallery-icon portrait'>\n\t\t\t\t\t<a class=\"rollover rollover-zoom dt-pswp-item\" title=\"312014523_638257427937869_1941702672807450279_n\" data-dt-img-description=\"\" data-large_image_width=\"160\" data-large_image_height=\"225\"href='https:\/\/www.radiopiu.net\/wordpress\/wp-content\/uploads\/2022\/11\/312014523_638257427937869_1941702672807450279_n.jpg'><img loading=\"lazy\" decoding=\"async\" width=\"150\" height=\"150\" src=\"https:\/\/www.radiopiu.net\/wordpress\/wp-content\/uploads\/2022\/11\/312014523_638257427937869_1941702672807450279_n-150x150.jpg\" class=\"attachment-thumbnail size-thumbnail\" alt=\"\" \/><\/a>\n\t\t\t\t<\/dt><\/dl><dl class='gallery-item'>\n\t\t\t\t<dt class='gallery-icon landscape'>\n\t\t\t\t\t<a class=\"rollover rollover-zoom dt-pswp-item\" title=\"312148476_497299679018891_5341726176784610055_n\" data-dt-img-description=\"\" data-large_image_width=\"296\" data-large_image_height=\"202\"href='https:\/\/www.radiopiu.net\/wordpress\/wp-content\/uploads\/2022\/11\/312148476_497299679018891_5341726176784610055_n.jpg'><img loading=\"lazy\" decoding=\"async\" width=\"150\" height=\"150\" src=\"https:\/\/www.radiopiu.net\/wordpress\/wp-content\/uploads\/2022\/11\/312148476_497299679018891_5341726176784610055_n-150x150.jpg\" class=\"attachment-thumbnail size-thumbnail\" alt=\"\" \/><\/a>\n\t\t\t\t<\/dt><\/dl><dl class='gallery-item'>\n\t\t\t\t<dt class='gallery-icon landscape'>\n\t\t\t\t\t<a class=\"rollover rollover-zoom dt-pswp-item\" title=\"312305618_700171751093516_8522354827281906027_n\" data-dt-img-description=\"\" data-large_image_width=\"338\" data-large_image_height=\"206\"href='https:\/\/www.radiopiu.net\/wordpress\/wp-content\/uploads\/2022\/11\/312305618_700171751093516_8522354827281906027_n.jpg'><img loading=\"lazy\" decoding=\"async\" width=\"150\" height=\"150\" src=\"https:\/\/www.radiopiu.net\/wordpress\/wp-content\/uploads\/2022\/11\/312305618_700171751093516_8522354827281906027_n-150x150.jpg\" class=\"attachment-thumbnail size-thumbnail\" alt=\"\" \/><\/a>\n\t\t\t\t<\/dt><\/dl><dl class='gallery-item'>\n\t\t\t\t<dt class='gallery-icon portrait'>\n\t\t\t\t\t<a class=\"rollover rollover-zoom dt-pswp-item\" title=\"312585003_1575868082847259_4159590769333791302_n\" data-dt-img-description=\"\" data-large_image_width=\"160\" data-large_image_height=\"201\"href='https:\/\/www.radiopiu.net\/wordpress\/wp-content\/uploads\/2022\/11\/312585003_1575868082847259_4159590769333791302_n.jpg'><img loading=\"lazy\" decoding=\"async\" width=\"150\" height=\"150\" src=\"https:\/\/www.radiopiu.net\/wordpress\/wp-content\/uploads\/2022\/11\/312585003_1575868082847259_4159590769333791302_n-150x150.jpg\" class=\"attachment-thumbnail size-thumbnail\" alt=\"\" \/><\/a>\n\t\t\t\t<\/dt><\/dl><dl class='gallery-item'>\n\t\t\t\t<dt class='gallery-icon portrait'>\n\t\t\t\t\t<a class=\"rollover rollover-zoom dt-pswp-item\" title=\"312665151_536955404931607_1379254634743513699_n\" data-dt-img-description=\"\" data-large_image_width=\"173\" data-large_image_height=\"201\"href='https:\/\/www.radiopiu.net\/wordpress\/wp-content\/uploads\/2022\/11\/312665151_536955404931607_1379254634743513699_n.jpg'><img loading=\"lazy\" decoding=\"async\" width=\"150\" height=\"150\" src=\"https:\/\/www.radiopiu.net\/wordpress\/wp-content\/uploads\/2022\/11\/312665151_536955404931607_1379254634743513699_n-150x150.jpg\" class=\"attachment-thumbnail size-thumbnail\" alt=\"\" \/><\/a>\n\t\t\t\t<\/dt><\/dl>\n\t\t\t\t<br style='clear: both' \/>\n\t\t\t<\/div>\n\n<p>Ed ecco (foto e raccolta Lorenzo Dell\u2019Andrea) l\u2019antica immagine della Beata Vergine del Carmelo, probabilmente del 1600, poi trasferita nel capitello. Tocca quindi all\u2019immagine che mostra il caporegola di Pescul, Luigi Bonifacio \u2018Gigi Bek\u00e8r\u2019, durante la solenne celebrazione in onore di Santa Fosca, patrona della parrocchia. Nei banchi, col tradizionale costume ladino, Renzo Nicolai e Delio Callegari. Concludiamo la rassegna con le due immagini (foto e raccolta L.D\u2019A.) della Processione della Madonna del Carmine nel 1985 a Selva. E quella in cui a proposito della \u2018sagra de i Karme\u00f1\u2019 e della \u2018Madona d\u2019A\u00f3st\u2019 si precisa che erano le due pi\u00f9 grandi celebrazioni religiose del paese ma vi erano altri appuntamenti tradizionali e di rilievo tra cui San Lorenzo e Santa Fosca. Qui, un momento della sagra di \u2018San Svaldo\u2019 ripristinata negli ultimi anni con grande solennit\u00e0, col parroco don Elio Del Favero.<\/p>\n<p>&nbsp;<\/p>\n<p>&nbsp;<\/p>\n<hr \/>\n<p>&nbsp;<\/p>\n<blockquote>\n<h3>L&#8217;ASSEMBLEA GENERALE DI BIM PIAVE<\/h3>\n<\/blockquote>\n<p><strong>BELLUNO<\/strong> E&#8217; stata convocata per gioved\u00ec alle 15 l&#8217;assemblea generale di Bim Piave presso la sala convegni ANA di Belluno. Tra i punti all&#8217;ordine del giorno la terza variazione a bilancio, l&#8217;approvazione consolidata del bilancio 2021 e l&#8217;approvazione Regolamento per l\u2019assegnazione di contributi a valere sul fondo per il lavoro a sostegno delle attivit\u00e0 di Comuni e Unioni Montane<\/p>\n<p>&nbsp;<\/p>\n<hr \/>\n<p>&nbsp;<\/p>\n<blockquote>\n<h3>LA VITA STRAORDINARIA DI ADRIANO OLIVETTI IN UNA SERATA EVENTO A BELLUNO<\/h3>\n<\/blockquote>\n<p><strong>BELLUNO<\/strong> Imprenditore innovatore e visionario, uomo di cultura e dalle mille sfaccettature: a oltre sessant\u2019anni dalla morte, Adriano Olivetti resta un mito dell\u2019industria italiana nel mondo. A raccontarlo, in una serata evento a Belluno, sar\u00e0 Paolo Bricco, scrittore e inviato speciale del Sole 24 ore, autore del libro \u201cA \u2013 Adriano Olivetti, un italiano del Novecento\u201d, edito da Rizzoli. L\u2019appuntamento \u2013 voluto e organizzato da Confindustria Belluno Dolomiti e Federmanager Treviso Belluno &#8211; si terr\u00e0 domani alle 17 a Palazzo Bembo all\u2019hub veneto delle Dolomiti della Luiss Business School in via Loreto 34.<\/p>\n<p>&nbsp;<\/p>\n<p>&nbsp;<\/p>\n<hr \/>\n<p>&nbsp;<\/p>\n<blockquote>\n<h3>A CENCENIGHE, NOF FILO&#8217; INCONTRI CON PETTIROSSO AGORDINO<\/h3>\n<\/blockquote>\n<p><strong>CENCENIGHE<\/strong> Il 9 novembre l&#8217;argomento trattato da Cristina Balest (educatrice) e Letizia Collazuol (coordinatrice dell&#8217;equipe Sersa) sar\u00e0 &#8220;La gestione della persona con demenza in struttura&#8221;. Conclusione il 16 novembre con &#8220;L&#8217;impegno a tempo pieno di chi assiste la persona con demenza&#8221; in cui Erica Calvi (psicologa di Sersa) evidenzier\u00e0 la fatica invisibile di chi si prende cura di una persona malata.<\/p>\n<p>&nbsp;<\/p>\n<p>&nbsp;<\/p>\n<hr \/>\n<p>&nbsp;<\/p>\n<blockquote>\n<h3>I BAMBINI PER I BAMBINI, IL CONCERTO ORGANIZZATO DA UNICEF<\/h3>\n<\/blockquote>\n<p><strong><a class=\"dt-pswp-item\" href=\"https:\/\/www.radiopiu.net\/wordpress\/wp-content\/uploads\/2022\/11\/UNICEF.png\" data-dt-img-description=\"\" data-large_image_width=\"1190\" data-large_image_height=\"704\"><img loading=\"lazy\" decoding=\"async\" class=\"wp-image-304756 alignleft\" src=\"https:\/\/www.radiopiu.net\/wordpress\/wp-content\/uploads\/2022\/11\/UNICEF-300x177.png\" alt=\"\" width=\"154\" height=\"91\" srcset=\"https:\/\/www.radiopiu.net\/wordpress\/wp-content\/uploads\/2022\/11\/UNICEF-300x177.png 300w, https:\/\/www.radiopiu.net\/wordpress\/wp-content\/uploads\/2022\/11\/UNICEF-1024x606.png 1024w, https:\/\/www.radiopiu.net\/wordpress\/wp-content\/uploads\/2022\/11\/UNICEF-768x454.png 768w, https:\/\/www.radiopiu.net\/wordpress\/wp-content\/uploads\/2022\/11\/UNICEF.png 1190w\" sizes=\"auto, (max-width: 154px) 100vw, 154px\" \/><\/a>BELLUNO <\/strong>Giovedi alle 18.30 al Teatro Comunale di Belluno Il Comitato provinciale di Unicef ha voluto organizzare, grazie alla preziosa\u00a0 collaborazione delle Insegnanti di musica del Liceo musicale Renier, dell\u2019I.C3 (Scuole Gabelli e Badilet) e Coro Arcobaleno di Limana, un concerto con un titolo molto significativo : \u201cI Bambini per i Bambini : note di Solidariet\u00e0\u201d. La data non \u00e8 casuale : infatti\u00a0 nel mese di novembre ricorre l\u2019anniversario della Convenzione dei diritti dell\u2019infanzia e della adolescenza, approvata dall\u2019ONU il 20 novembre 1989 e ratificata dall\u2019Italia nel 1991. In essa sono contenuti 54 articoli che spiegano quali sono i diritti fondamentali di ogni bambino.<\/p>\n<p>&nbsp;<\/p>\n<p>&nbsp;<\/p>\n<hr \/>\n<p>&nbsp;<\/p>\n<blockquote>\n<h3>LA SECONDA EDIZIONE DI MAGICOLERIA CON LA PROLOCO CASTIONESE<\/h3>\n<\/blockquote>\n<p><strong>BELLUNO\u00a0<\/strong> <span id=\"page3R_mcid5\" class=\"markedContent\"><span dir=\"ltr\" role=\"presentation\">Con<\/span> <span dir=\"ltr\" role=\"presentation\">grande entusiasmo<\/span><span dir=\"ltr\" role=\"presentation\">, dopo le restrizioni dovute al covid,<\/span> <span dir=\"ltr\" role=\"presentation\">la Pro Loco Pieve Castionese propone al <\/span><span dir=\"ltr\" role=\"presentation\">pubblico la seconda edizione della Magicoleria<\/span><span dir=\"ltr\" role=\"presentation\">. <\/span><\/span><span id=\"page3R_mcid6\" class=\"markedContent\"><span dir=\"ltr\" role=\"presentation\">Il<\/span> secondo appuntamento <span dir=\"ltr\" role=\"presentation\">al<\/span><span dir=\"ltr\" role=\"presentation\">le 18 al Teatro San<\/span> <span dir=\"ltr\" role=\"presentation\">Gaetano di <\/span><span dir=\"ltr\" role=\"presentation\">Castion. <\/span><\/span><span class=\"markedContent\"><span dir=\"ltr\" role=\"presentation\">D<\/span><span dir=\"ltr\" role=\"presentation\">omenica<\/span> <span dir=\"ltr\" role=\"presentation\">20 no<\/span><span dir=\"ltr\" role=\"presentation\">vembre <\/span><span dir=\"ltr\" role=\"presentation\">sar\u00e0 la volta di Paolo Rech<\/span><span dir=\"ltr\" role=\"presentation\">,<\/span> <span dir=\"ltr\" role=\"presentation\">pluripremiato<\/span> <span dir=\"ltr\" role=\"presentation\">artista<\/span><span dir=\"ltr\" role=\"presentation\">,<\/span> <span dir=\"ltr\" role=\"presentation\">che ha <\/span><span dir=\"ltr\" role=\"presentation\">gi<\/span><span dir=\"ltr\" role=\"presentation\">rato il mondo intero portando i<\/span><span dir=\"ltr\" role=\"presentation\">n scena<\/span> <span dir=\"ltr\" role=\"presentation\">i suoi burattini. Per prenotazioni e informazioni: cell. 3495872289<\/span><\/span><\/p>\n<p>&nbsp;<\/p>\n<p>&nbsp;<\/p>\n<hr \/>\n<p>&nbsp;<\/p>\n<blockquote>\n<h3>DUE MESSE CON LA CONFRATERNITA DELLA BEATA VERGINE DELLA SALUTE<\/h3>\n<\/blockquote>\n<p><strong>AGORDO<\/strong> Sono due gli appuntamenti con la Confraternita della Beata Vergine della salute. Domenica 20 novembre la Santa Messa nella chiesa arcidiaconale di Agordo alle 10:30, seguir\u00e0 il pranzo sociale al Ristorante Monte Civetta di Listolade. Il giorno dopo, 21 novembre, alla chiesetta di Toccol la messa alle 17:30.<\/p>\n<p>&nbsp;<\/p>\n<p>&nbsp;<\/p>\n<hr \/>\n<p>&nbsp;<\/p>\n<blockquote>\n<h3>IL CALENDARIO DEI VIGILI DEL FUOCO VOLONTARI DI CAPRILE<\/h3>\n<\/blockquote>\n<p><strong>ALLEGHE <\/strong>Anche quest&#8217;anno sar\u00e0 possibile acquistare il calendario dei Vigili del Fuoco Volontari di Caprile.\u00a0 Nei prossimi giorni saranno distribuiti in alcuni esercizi commerciali del territorio e potrete acquistarlo al prezzo di 10 euro. Il ricavato verr\u00e0 utilizzato unicamente per il mantenimento e l&#8217;acquisto di attrezzature per il soccorso necessarie a svolgere gli interventi. Nell&#8217;ultima parte del calendario \u00e8 presente un disegno da colorare per i piccoli sostenitori. Un piccolo gesto per sostenere i Vigili del Fuoco Volontari di Caprile.<\/p>\n<p>&nbsp;<\/p>\n<p>&nbsp;<\/p>\n<hr \/>\n<p>&nbsp;<\/p>\n<blockquote>\n<h3>AUTORI IN BIBLIOTECA A BORGO VALBELLUNA<\/h3>\n<\/blockquote>\n<p><strong><a class=\"dt-pswp-item\" href=\"https:\/\/www.radiopiu.net\/wordpress\/wp-content\/uploads\/2022\/11\/Autori-in-biblioteca-autunno-2022-Copertina-per-eventi-di-Facebook.jpg\" data-dt-img-description=\"\" data-large_image_width=\"1920\" data-large_image_height=\"1080\"><img loading=\"lazy\" decoding=\"async\" class=\" wp-image-304762 alignleft\" src=\"https:\/\/www.radiopiu.net\/wordpress\/wp-content\/uploads\/2022\/11\/Autori-in-biblioteca-autunno-2022-Copertina-per-eventi-di-Facebook-300x169.jpg\" alt=\"\" width=\"172\" height=\"97\" srcset=\"https:\/\/www.radiopiu.net\/wordpress\/wp-content\/uploads\/2022\/11\/Autori-in-biblioteca-autunno-2022-Copertina-per-eventi-di-Facebook-300x169.jpg 300w, https:\/\/www.radiopiu.net\/wordpress\/wp-content\/uploads\/2022\/11\/Autori-in-biblioteca-autunno-2022-Copertina-per-eventi-di-Facebook-1024x576.jpg 1024w, https:\/\/www.radiopiu.net\/wordpress\/wp-content\/uploads\/2022\/11\/Autori-in-biblioteca-autunno-2022-Copertina-per-eventi-di-Facebook-768x432.jpg 768w, https:\/\/www.radiopiu.net\/wordpress\/wp-content\/uploads\/2022\/11\/Autori-in-biblioteca-autunno-2022-Copertina-per-eventi-di-Facebook-1536x864.jpg 1536w, https:\/\/www.radiopiu.net\/wordpress\/wp-content\/uploads\/2022\/11\/Autori-in-biblioteca-autunno-2022-Copertina-per-eventi-di-Facebook.jpg 1920w\" sizes=\"auto, (max-width: 172px) 100vw, 172px\" \/><\/a>BORGO VALBELLUNA <\/strong>Le biblioteche di Borgo Valbelluna ospiteranno, tra novembre e dicembre, una serie di appuntamenti dedicati alla presentazione di libri di autori bellunesi. Gli incontri sono organizzati dall\u2019Amministrazione comunale. La rassegna comincia venerd\u00ec, alle ore 18.30, in biblioteca di Trichiana, con Giovanni Trimeri e GianAntonio Cecchin, che, con il loro libro \u201c<em>I miracoli di Val Canzoi<\/em>\u201d, hanno voluto rendere omaggio a Dino Buzzati, per i 50 anni dalla prima edizione de \u201c<em>I miracoli di Val Morel<\/em>\u201d. Sar\u00e0 Lois Bernard a presentare questa edizione illustrata che affianca ad ogni testo un ex-voto per raccontare la storia della comunit\u00e0 di Val Canzoi, dove le vicende quotidiane si intrecciano con i grandi temi.<\/p>\n<p>&nbsp;<\/p>\n<p>&nbsp;<\/p>\n<hr \/>\n<p>&nbsp;<\/p>\n<blockquote>\n<h3><a class=\"dt-pswp-item\" href=\"https:\/\/www.radiopiu.net\/wordpress\/wp-content\/uploads\/2022\/11\/Unknown.png\" data-dt-img-description=\"\" data-large_image_width=\"1993\" data-large_image_height=\"1367\"><img loading=\"lazy\" decoding=\"async\" class=\" wp-image-304798 alignleft\" src=\"https:\/\/www.radiopiu.net\/wordpress\/wp-content\/uploads\/2022\/11\/Unknown-300x206.png\" alt=\"\" width=\"131\" height=\"90\" srcset=\"https:\/\/www.radiopiu.net\/wordpress\/wp-content\/uploads\/2022\/11\/Unknown-300x206.png 300w, https:\/\/www.radiopiu.net\/wordpress\/wp-content\/uploads\/2022\/11\/Unknown-1024x702.png 1024w, https:\/\/www.radiopiu.net\/wordpress\/wp-content\/uploads\/2022\/11\/Unknown-768x527.png 768w, https:\/\/www.radiopiu.net\/wordpress\/wp-content\/uploads\/2022\/11\/Unknown-1536x1054.png 1536w, https:\/\/www.radiopiu.net\/wordpress\/wp-content\/uploads\/2022\/11\/Unknown.png 1993w\" sizes=\"auto, (max-width: 131px) 100vw, 131px\" \/><\/a>I CIOCCOLATINI DELL&#8217;AIRC IN PIAZZA AD AGORDO<\/h3>\n<\/blockquote>\n<p><strong>AGORDO<\/strong> Sabato e domenica dalle 9:30 alle 12 in Piazza Libert\u00e0 ad Agordo i volontari dell&#8217;AIRC saranno presenti per la vendita dei &#8220;Cioccolatini della ricerca&#8221;, la raccolta fondi nazionale per la ricerca sul cancro.<\/p>\n<p>&nbsp;<\/p>\n<p>&nbsp;<\/p>\n<hr \/>\n<p>&nbsp;<\/p>\n<h2><span style=\"color: #ff6600;\">IERI ALLA RADIO\u00a0<\/span><\/h2>\n<h2><span style=\"color: #993366;\">DUE MINUTI PER TE<\/span><\/h2>\n<p><strong><a class=\"dt-pswp-item\" href=\"https:\/\/www.radiopiu.net\/wordpress\/wp-content\/uploads\/2020\/12\/DON-GIORGIO-LISE.jpg\" data-dt-img-description=\"\" data-large_image_width=\"1600\" data-large_image_height=\"901\"><img loading=\"lazy\" decoding=\"async\" class=\" wp-image-177420 alignleft\" src=\"https:\/\/www.radiopiu.net\/wordpress\/wp-content\/uploads\/2020\/12\/DON-GIORGIO-LISE-300x169.jpg\" alt=\"\" width=\"172\" height=\"97\" srcset=\"https:\/\/www.radiopiu.net\/wordpress\/wp-content\/uploads\/2020\/12\/DON-GIORGIO-LISE-300x169.jpg 300w, https:\/\/www.radiopiu.net\/wordpress\/wp-content\/uploads\/2020\/12\/DON-GIORGIO-LISE-1024x577.jpg 1024w, https:\/\/www.radiopiu.net\/wordpress\/wp-content\/uploads\/2020\/12\/DON-GIORGIO-LISE-768x432.jpg 768w, https:\/\/www.radiopiu.net\/wordpress\/wp-content\/uploads\/2020\/12\/DON-GIORGIO-LISE-1536x865.jpg 1536w, https:\/\/www.radiopiu.net\/wordpress\/wp-content\/uploads\/2020\/12\/DON-GIORGIO-LISE.jpg 1600w\" sizes=\"auto, (max-width: 172px) 100vw, 172px\" \/><\/a>APPUNTAMENTO DELLA DOMENICA CON MONSIGNOR GIORGIO LISE<\/strong><\/p>\n<audio class=\"wp-audio-shortcode\" id=\"audio-304741-6\" preload=\"none\" style=\"width: 100%;\" controls=\"controls\"><source type=\"audio\/mpeg\" src=\"https:\/\/www.radiopiu.net\/wordpress\/wp-content\/uploads\/2022\/11\/DON-GIORGIO.mp3?_=6\" \/><a href=\"https:\/\/www.radiopiu.net\/wordpress\/wp-content\/uploads\/2022\/11\/DON-GIORGIO.mp3\">https:\/\/www.radiopiu.net\/wordpress\/wp-content\/uploads\/2022\/11\/DON-GIORGIO.mp3<\/a><\/audio>\n<p>&nbsp;<\/p>\n<p>&nbsp;<\/p>\n<hr \/>\n<p>&nbsp;<\/p>\n<h2><span style=\"color: #3366ff;\">LA RASSEGNA STAMPA DA L&#8217;AMICO DEL POPOLO<\/span><\/h2>\n<p><strong><a class=\"dt-pswp-item\" href=\"https:\/\/www.radiopiu.net\/wordpress\/wp-content\/uploads\/2019\/03\/IC-FELTRE-Ambiente-Foen-2.jpg\" data-dt-img-description=\"\" data-large_image_width=\"1600\" data-large_image_height=\"1200\"><img loading=\"lazy\" decoding=\"async\" class=\" wp-image-79992 alignleft\" src=\"https:\/\/www.radiopiu.net\/wordpress\/wp-content\/uploads\/2019\/03\/IC-FELTRE-Ambiente-Foen-2-300x225.jpg\" alt=\"\" width=\"197\" height=\"148\" srcset=\"https:\/\/www.radiopiu.net\/wordpress\/wp-content\/uploads\/2019\/03\/IC-FELTRE-Ambiente-Foen-2-300x225.jpg 300w, https:\/\/www.radiopiu.net\/wordpress\/wp-content\/uploads\/2019\/03\/IC-FELTRE-Ambiente-Foen-2-768x576.jpg 768w, https:\/\/www.radiopiu.net\/wordpress\/wp-content\/uploads\/2019\/03\/IC-FELTRE-Ambiente-Foen-2-1024x768.jpg 1024w, https:\/\/www.radiopiu.net\/wordpress\/wp-content\/uploads\/2019\/03\/IC-FELTRE-Ambiente-Foen-2.jpg 1600w\" sizes=\"auto, (max-width: 197px) 100vw, 197px\" \/><\/a>di Gianni Santomaso<\/strong><\/p>\n<p>OSPITE: Daniele Giaffredo<\/p>\n<audio class=\"wp-audio-shortcode\" id=\"audio-304741-7\" preload=\"none\" style=\"width: 100%;\" controls=\"controls\"><source type=\"audio\/mpeg\" src=\"https:\/\/www.radiopiu.net\/wordpress\/wp-content\/uploads\/2022\/11\/RASSEGNA-GIANNI.mp3?_=7\" \/><a href=\"https:\/\/www.radiopiu.net\/wordpress\/wp-content\/uploads\/2022\/11\/RASSEGNA-GIANNI.mp3\">https:\/\/www.radiopiu.net\/wordpress\/wp-content\/uploads\/2022\/11\/RASSEGNA-GIANNI.mp3<\/a><\/audio>\n<p>&nbsp;<\/p>\n<hr \/>\n<p>&nbsp;<\/p>\n<div>\n<div class=\"b654a4as d2edcug0\">\n<div class=\"rq0escxv hkbzh7o3 jwdofwj8 n8tt0mok r8blr3vg hyh9befq\">\n<p><a class=\"dt-pswp-item\" href=\"https:\/\/www.radiopiu.net\/wordpress\/wp-content\/uploads\/2020\/10\/pp.jpg\" data-dt-img-description=\"\" data-large_image_width=\"640\" data-large_image_height=\"640\"><img loading=\"lazy\" decoding=\"async\" class=\"wp-image-163678 alignleft\" src=\"https:\/\/www.radiopiu.net\/wordpress\/wp-content\/uploads\/2020\/10\/pp-300x300.jpg\" alt=\"\" width=\"106\" height=\"106\" srcset=\"https:\/\/www.radiopiu.net\/wordpress\/wp-content\/uploads\/2020\/10\/pp-300x300.jpg 300w, https:\/\/www.radiopiu.net\/wordpress\/wp-content\/uploads\/2020\/10\/pp-150x150.jpg 150w, https:\/\/www.radiopiu.net\/wordpress\/wp-content\/uploads\/2020\/10\/pp-125x125.jpg 125w, https:\/\/www.radiopiu.net\/wordpress\/wp-content\/uploads\/2020\/10\/pp-200x200.jpg 200w, https:\/\/www.radiopiu.net\/wordpress\/wp-content\/uploads\/2020\/10\/pp-80x80.jpg 80w, https:\/\/www.radiopiu.net\/wordpress\/wp-content\/uploads\/2020\/10\/pp-480x480.jpg 480w, https:\/\/www.radiopiu.net\/wordpress\/wp-content\/uploads\/2020\/10\/pp.jpg 640w\" sizes=\"auto, (max-width: 106px) 100vw, 106px\" \/><\/a><\/p>\n<\/div>\n<\/div>\n<\/div>\n<div>\n<div class=\"page-title-head hgroup\">\n<div class=\"page-title-head hgroup\">\n<div class=\"b654a4as d2edcug0\">\n<div class=\"j83agx80 btwxx1t3 lhclo0ds hop8lmos nkwizq5d scwd0bx6 roh60bw9\">\n<div class=\"rq0escxv hkbzh7o3 jwdofwj8 n8tt0mok r8blr3vg hyh9befq\">\n<div class=\"do00u71z l9j0dhe7 k4urcfbm\">\n<h2><span style=\"color: #000080;\">DON CESARE, IL PENSIERO DEL GIORNO. ALLA RADIO ALLE 7 DEL MATTINO E ALLE 19.30 DELLA SERA<\/span><\/h2>\n<\/div>\n<\/div>\n<\/div>\n<\/div>\n<\/div>\n<\/div>\n<\/div>\n<audio class=\"wp-audio-shortcode\" id=\"audio-304741-8\" preload=\"none\" style=\"width: 100%;\" controls=\"controls\"><source type=\"audio\/mpeg\" src=\"https:\/\/www.radiopiu.net\/wordpress\/wp-content\/uploads\/2022\/11\/CESARE-3.mp3?_=8\" \/><a href=\"https:\/\/www.radiopiu.net\/wordpress\/wp-content\/uploads\/2022\/11\/CESARE-3.mp3\">https:\/\/www.radiopiu.net\/wordpress\/wp-content\/uploads\/2022\/11\/CESARE-3.mp3<\/a><\/audio>\n<p>&nbsp;<\/p>\n<hr \/>\n<p>&nbsp;<\/p>\n<h2><span style=\"color: #339966;\">COLLAGE OPERAZIONE NOSTALGIA<\/span><\/h2>\n<p><a class=\"dt-pswp-item\" href=\"https:\/\/www.radiopiu.net\/wordpress\/wp-content\/uploads\/2022\/11\/Bowie-scaled.jpg\" data-dt-img-description=\"\" data-large_image_width=\"2560\" data-large_image_height=\"1920\"><img loading=\"lazy\" decoding=\"async\" class=\" wp-image-304812 alignleft\" src=\"https:\/\/www.radiopiu.net\/wordpress\/wp-content\/uploads\/2022\/11\/Bowie-300x225.jpg\" alt=\"\" width=\"141\" height=\"106\" srcset=\"https:\/\/www.radiopiu.net\/wordpress\/wp-content\/uploads\/2022\/11\/Bowie-300x225.jpg 300w, https:\/\/www.radiopiu.net\/wordpress\/wp-content\/uploads\/2022\/11\/Bowie-1024x768.jpg 1024w, https:\/\/www.radiopiu.net\/wordpress\/wp-content\/uploads\/2022\/11\/Bowie-768x576.jpg 768w, https:\/\/www.radiopiu.net\/wordpress\/wp-content\/uploads\/2022\/11\/Bowie-1536x1152.jpg 1536w, https:\/\/www.radiopiu.net\/wordpress\/wp-content\/uploads\/2022\/11\/Bowie-2048x1536.jpg 2048w\" sizes=\"auto, (max-width: 141px) 100vw, 141px\" \/><\/a>La nuova settimana di Collage si aprir\u00e0 all\u2019insegna della musica italiana degli anni 60 con un interprete particolare ovvero David Bowie che ci regaler\u00e0 la sua versione di \u201cRagazzo solo, ragazza sola\u201d cover di \u201cSpace oddity\u201d. La programmazione proseguir\u00e0 nella consueta alternanza di brani internazionali ed italiani con una puntata dedicata alle voci femminili straniere e la presenza per la prima volta in scaletta di artisti come Teresa De Sio, Franco Califano, Mimmo Locasciulli e Sergio Caputo. Collage va in onda dal luned\u00ec al venerd\u00ec alle 16,00 e alle 23,00 naturalmente su Radio Pi\u00f9.<\/p>\n<p>&nbsp;<\/p>\n<hr \/>\n<p>&nbsp;<\/p>\n<p>&nbsp;<\/p>\n<p><img loading=\"lazy\" decoding=\"async\" class=\"aligncenter wp-image-61954 size-full\" src=\"https:\/\/www.radiopiu.net\/wordpress\/wp-content\/uploads\/2018\/09\/viabilita.jpeg\" sizes=\"auto, (max-width: 800px) 100vw, 800px\" srcset=\"https:\/\/www.radiopiu.net\/wordpress\/wp-content\/uploads\/2018\/09\/viabilita.jpeg 800w, https:\/\/www.radiopiu.net\/wordpress\/wp-content\/uploads\/2018\/09\/viabilita-300x38.jpeg 300w, https:\/\/www.radiopiu.net\/wordpress\/wp-content\/uploads\/2018\/09\/viabilita-768x96.jpeg 768w\" alt=\"\" width=\"800\" height=\"100\" \/><\/p>\n<p>&nbsp;<\/p>\n<p>&nbsp;<\/p>\n<p><strong>AGGIORNAMENTO VENETO STRADE, AGGIORNAMENTO CONTINUO H 24<\/strong><\/p>\n<blockquote class=\"wp-embedded-content\" data-secret=\"bi01d7iuat\"><p><a href=\"https:\/\/www.radiopiu.net\/wordpress\/viabilita\/\">viabilita<\/a><\/p><\/blockquote>\n<p><iframe loading=\"lazy\" class=\"wp-embedded-content\" sandbox=\"allow-scripts\" security=\"restricted\" style=\"position: absolute; clip: rect(1px, 1px, 1px, 1px);\" title=\"&#8220;viabilita&#8221; &#8212; Radio Pi\u00f9\" src=\"https:\/\/www.radiopiu.net\/wordpress\/viabilita\/embed\/#?secret=siWSytBq6Z#?secret=bi01d7iuat\" data-secret=\"bi01d7iuat\" width=\"600\" height=\"338\" frameborder=\"0\" marginwidth=\"0\" marginheight=\"0\" scrolling=\"no\"><\/iframe><\/p>\n<p>&nbsp;<\/p>\n<p>&nbsp;<\/p>\n<hr \/>\n<p>&nbsp;<\/p>\n<p><a class=\"dt-pswp-item\" href=\"https:\/\/www.radiopiu.net\/wordpress\/wp-content\/uploads\/2018\/09\/WhatsApp-Image-2018-09-20-at-16.04.06.jpeg\" data-dt-img-description=\"\" data-large_image_width=\"800\" data-large_image_height=\"100\"><img loading=\"lazy\" decoding=\"async\" class=\"wp-image-61378 size-full aligncenter\" src=\"https:\/\/www.radiopiu.net\/wordpress\/wp-content\/uploads\/2018\/09\/WhatsApp-Image-2018-09-20-at-16.04.06.jpeg\" alt=\"\" width=\"800\" height=\"100\" srcset=\"https:\/\/www.radiopiu.net\/wordpress\/wp-content\/uploads\/2018\/09\/WhatsApp-Image-2018-09-20-at-16.04.06.jpeg 800w, https:\/\/www.radiopiu.net\/wordpress\/wp-content\/uploads\/2018\/09\/WhatsApp-Image-2018-09-20-at-16.04.06-300x38.jpeg 300w, https:\/\/www.radiopiu.net\/wordpress\/wp-content\/uploads\/2018\/09\/WhatsApp-Image-2018-09-20-at-16.04.06-768x96.jpeg 768w\" sizes=\"auto, (max-width: 800px) 100vw, 800px\" \/><\/a><\/p>\n<p>&nbsp;<\/p>\n<p><center><b>Lunedi 7<\/b><\/center><b>Tempo atteso: <\/b>Tempo stabile e ben soleggiato al mattino, salvo banchi di cirri all&#8217;alba, in rapido allontanamento verso est. Al pomeriggio da soleggiato a parzialmente soleggiato per il transito di sottili nubi, piuttosto discrete, anche se a tratti estese, specie sulle Dolomiti. Si conserver\u00e0 una certa freschezza termica notturna, mentre una certa mitezza diurna si far\u00e0 sentire nelle valli pi\u00f9 assolate.<br \/>\n<b>Precipitazioni: <\/b>Assenti<br \/>\n<b>Temperature: <\/b>In generale lieve ripresa rispetto a domenica, specie nei settori pi\u00f9 assolati, mentre in quelli in ombra il rialzo sar\u00e0 minore o inesistente. A 3000 m l&#8217;andamento sar\u00e0 un po&#8217; diverso per infiltrazioni di aria pi\u00f9 fredda nelle ore centrali del giorno (max pi\u00f9 basse rispetto a domenica).<\/p>\n<hr \/>\n<p><center><b>Martedi 8<\/b><\/center><b>Tempo atteso: <\/b>Parzialmente soleggiato per temporanei passaggi di nubi alte, vale a dire tratti soleggiati, anche lunghi al mattino, alternati a momenti di cielo velato o leggermente coperto, specie al pomeriggio, ma in condizioni di tempo del tutto stabile. Nelle ore pi\u00f9 fredde non esclusa l&#8217;insidia di nebbie in alcuni fondovalle prealpini e nelle depressioni degli altopiani. Il minore soleggiamento rispetto a luned\u00ec avr\u00e0 qualche effetto sulla relativa mitezza diurna avvertita il giorno prima.<br \/>\n<b>Precipitazioni: <\/b>Assenti<br \/>\n<b>Temperature: <\/b>Minime in lieve ripresa in quota e pressoch\u00e9 stazionarie nelle valli; massime in leggera flessione fino sui 2200\/2400 m e in aumento sopra temporanee infiltrazioni di aria meno fresca a 3000 m.<\/p>\n<hr \/>\n<p><center><b>Mercoledi 9<\/b><\/center>Il sole d&#8217;inizio giornata, lascer\u00e0 rapidamente spazio a una crescente nuvolosit\u00e0 stratiforme, sempre pi\u00f9 intensa con il passare delle ore, anche in grado di dare luogo alle prime deboli o debolissime precipitazioni, gi\u00e0 dalle ore centrali in poi sulle Prealpi occidentali, in estensione al resto della montagna veneta, anche alle Dolomiti verso sera. Il limite neve sar\u00e0 attorno ai 2500\/2600 m. Temperature minime in aumento e massime in calo.<\/p>\n<hr \/>\n<p><center><b>Giovedi 10<\/b><\/center>Tempo lievemente perturbato tra la notte ed il mattino con deboli o debolissime precipitazioni sparse ed intermittenti, nevose oltre i 2500-2700 m. Al pomeriggio esaurimento dei fenomeni, ma la nuvolosit\u00e0 continuer\u00e0 a essere presente e le chance di schiarite saranno piuttosto remote. Temperature in generale lieve ripresa.<\/p>\n<p>&nbsp;<\/p>\n<hr \/>\n<p>&nbsp;<\/p>\n<p><a class=\"dt-pswp-item\" href=\"https:\/\/www.radiopiu.net\/wordpress\/wp-content\/uploads\/2018\/09\/sport.jpg\" data-dt-img-description=\"\" data-large_image_width=\"800\" data-large_image_height=\"100\"><img loading=\"lazy\" decoding=\"async\" class=\"aligncenter wp-image-60761 size-full\" src=\"https:\/\/www.radiopiu.net\/wordpress\/wp-content\/uploads\/2018\/09\/sport.jpg\" alt=\"\" width=\"800\" height=\"100\" srcset=\"https:\/\/www.radiopiu.net\/wordpress\/wp-content\/uploads\/2018\/09\/sport.jpg 800w, https:\/\/www.radiopiu.net\/wordpress\/wp-content\/uploads\/2018\/09\/sport-300x38.jpg 300w, https:\/\/www.radiopiu.net\/wordpress\/wp-content\/uploads\/2018\/09\/sport-768x96.jpg 768w\" sizes=\"auto, (max-width: 800px) 100vw, 800px\" \/><\/a><\/p>\n<p>&nbsp;<\/p>\n<p><span style=\"color: #0000ff;\"><strong>CALCIO<\/strong><\/span><\/p>\n<blockquote>\n<h3>UN FINE SETTIMANA DA DIMENTICARE PER LE SQUADRE DELL&#8217;AGORDINA<\/h3>\n<\/blockquote>\n<p><strong><a class=\"dt-pswp-item\" href=\"https:\/\/www.radiopiu.net\/wordpress\/wp-content\/uploads\/2021\/10\/CALCIO-2021.jpg\" data-dt-img-description=\"\" data-large_image_width=\"1920\" data-large_image_height=\"1280\"><img loading=\"lazy\" decoding=\"async\" class=\" wp-image-235116 alignleft\" src=\"https:\/\/www.radiopiu.net\/wordpress\/wp-content\/uploads\/2021\/10\/CALCIO-2021-300x200.jpg\" alt=\"\" width=\"182\" height=\"121\" srcset=\"https:\/\/www.radiopiu.net\/wordpress\/wp-content\/uploads\/2021\/10\/CALCIO-2021-300x200.jpg 300w, https:\/\/www.radiopiu.net\/wordpress\/wp-content\/uploads\/2021\/10\/CALCIO-2021-1024x683.jpg 1024w, https:\/\/www.radiopiu.net\/wordpress\/wp-content\/uploads\/2021\/10\/CALCIO-2021-768x512.jpg 768w, https:\/\/www.radiopiu.net\/wordpress\/wp-content\/uploads\/2021\/10\/CALCIO-2021-1536x1024.jpg 1536w, https:\/\/www.radiopiu.net\/wordpress\/wp-content\/uploads\/2021\/10\/CALCIO-2021.jpg 1920w\" sizes=\"auto, (max-width: 182px) 100vw, 182px\" \/><\/a><\/strong><strong>SECONDA CATEGORIA GIR. T \/ SARMEDE \u2013 AGORDINA 7-2 \u00a0(GOL AGORDINA: Zannoni, Del Din) <\/strong><\/p>\n<p>Arriva una sconfitta sonante dalla trasferta in terra trevigiana per l\u2019Agordina. Sagra del gol a Vittorio Veneto con i primi in classifica del Sarmede che sotterrano di gol gli agordini. La squadra di Lorenzi rimane in partita per 40\u2019 poi spegne la luce e lascia troppi spazi ai trevigiani che, con l\u2019uomo in meno, fanno la voce grossa. Una sconfitta da dimenticare in fretta in vista del prossimo impegno all\u2019Ivano Dorigo nel derby con la Sospirolese. Parte bene la squadra di Agordo che dopo pochi minuti sblocca il punteggio. Ad andare a segno \u00e8 Zannoni che beffa il portiere trevigiano con un gran tiro da fuori che termina la sua corsa all\u2019incrocio dei pali. La partita \u00e8 piacevole e le squadre lottano su ogni pallone nonostante le condizioni del campo non siano delle migliori. Il Sarmede prova a rispondere ma la mira non \u00e8 delle migliori. Al 34\u2019 i padroni di casa pareggiano i conti ma gli agordini tornano subito in vantaggio. Punizione di Del Din e pallone che si insacca sul palo opposto. Sfida maschia con le squadre nervose e Sarmede che sfiora ancora il pareggio. Secondo gol trevigiano che arriva pochi minuti dalla pausa. Gli uomini di Lorenzi vanno in palla e nel giro di pochi istanti subiscono altre due marcature dai trevigiani prima della pausa. Nella ripresa l\u2019Agordina rinasce e mette in difficolt\u00e0 i trevigiani che si trovano con l\u2019uomo in meno da fine primo tempo. Alla prima disattenzione difensiva della squadra ospite, il Sarmede colpisce di nuovo e porta il risultato sul 5 a 2. Il campo piccolo agevola i padroni di casa che in pochi minuti va a segno per altre due volte, su rigore l\u2019ultimo gol.<\/p>\n<p>&nbsp;<\/p>\n<p><strong>GIOVANISSIMI PROVINCIALI \/ PLAVIS \u2013 AGORDINA 4-1<\/strong><\/p>\n<p>Doveva essere la prova di maturit\u00e0 per i Giovanissimi dell\u2019Agordina, che purtroppo non ha dato le risposte sperate. Il risultato finale \u00e8 certamente troppo severo per quel che hanno proposto le due squadre, due dei quattro gol della Plavis sono infatti nati da due calci di rigore, tuttavia i padroni di casa hanno meritato la.vittoria per la loro maggiore convinzione e capacit\u00e0 di essere squadra. Non cos\u00ec i nostri ragazzi che ci auguriamo sappiano far tesoro di questa sconfitta. Per la cronaca avanti la Plavis al 11\u2019 su calcio di rigore e raddoppio dei padroni di casa allo scadere della prima frazione di gioco, frutto di un&#8217;incertezza difensiva.<\/p>\n<p>Altro calcio di rigore al 4\u2019 della ripresa per il 3-0 Plavis. Di Manuel Soccol al 29\u2019 il gol dell&#8217;Agordina con un bel diagonale sul portiere in uscita; poco dopo solo un grande intervento del portiere della Plavis riusciva a togliere dall&#8217;incrocio dei pali una bella punizione calciata da Soccol. Infine al terzo di recupero il quarto gol della Plavis con un forte tiro da fuori area.<\/p>\n<p>&nbsp;<\/p>\n<p><strong>ALLIEVI REGIONALI \/ AGORDINA \u2013 CONDOR TREVISO 1-4<\/strong><\/p>\n<p>Ennesima sconfitta per gli Allievi Regionali di Orzetti che all\u2019Ivano Dorigo tengono bene un tempo contro il Condor Treviso per poi crollare nella ripresa. Agordina che va a segno con Zasso su calcio di punizione ma la prima frazione termina 1 a 1. Nella ripresa i trevigiani sono nettamente superiori agli agordini e chiudono la sfida mettendo a segno altre 3 marcature.<\/p>\n<p>&nbsp;<\/p>\n<p><strong>JUNIORES PROVINCIALI \/ AGORDINA \u2013 CASTION 0-3<\/strong><\/p>\n<p>Seconda sconfitta per la Juniores di De Zaiacomo che cade in casa con il Castion. I bellunesi rifilano tre marcature agli agordini in una partita che ha visto l\u2019Agordina sbagliare qualcosa in fase difensiva con gli avversari che hanno approfittato degli errori per andare a segno. Dopo un primo tempo giocato alla pari, il Caston incamera i tre punti nella ripresa andando a segno per tre volte. Agordina terza in classifica dopo le ultime due sconfitte.<\/p>\n<p>&nbsp;<\/p>\n<p><strong>JUNIORES REGIONALI \/ FIORI BARP \u2013 GIAVERA 1-3<\/strong><\/p>\n<p>Quinta sconfitta consecutiva per il settore giovanile del Fiori Barp che non riesce a racimolare punti contro il Giavera, squadra di bassa classifica. Sedicensi che passano in vantaggio con Sinani ma la squadra trevigiana risponde con tre marcature. Un periodo nero per la squadra di Mas che non riesce ad alzare la testa ed incamerare punti importanti per la classifica. Il Fiori Barp in questo momento si trova in zona playout con soli 4 punti dopo 8 giornate giocate.<\/p>\n<p>&nbsp;<\/p>\n<p>&nbsp;<\/p>\n<hr \/>\n<p>&nbsp;<\/p>\n<p><span style=\"color: #0000ff;\"><strong>HOCKEY SU GHIACCIO<\/strong><\/span><\/p>\n<blockquote>\n<h3>ANCORA UNA SCONFITTA DI MISURA PER L&#8217;ALLEGHE. L&#8217;APPIANO ESUGNA IL PALAFELTRE<\/h3>\n<\/blockquote>\n<p><strong>ALLEGHE \u2013 APPIANO 2-3<\/strong><br \/>\nPARZIALI: 1-1, 1-1, 0-1<br \/>\nGOL: pt. 7\u201919\u201d Constantini, 16\u201923\u201d Critelli. st. 0\u201934\u201d Raisanen, 3\u201922\u201d Colton. tt. 4\u201914\u201d Buono<\/p>\n<p>Ancora una bella prestazione dell\u2019Alleghe che per\u00f2 torna a casa dal PalaFeltre con le tasche vuote. Ennesima sconfitta, immeritata, delle civette che giocano alla pari di un Appiano che sfrutta al meglio qualche indecisione in fase difensiva degli agordini per fare bottino pieno. Continua il periodo nero della squadra di Fontana che chiude il girone di andata con zero punti in classifica. Primi minuti di gara con ritmi di gioco alti. Le squadre lottano fin da subito su ogni disco. Sono gli altoatesini che si rendono pi\u00f9 pericolosi ma alla prima superiorit\u00e0 numerica l\u2019Alleghe prende di mira la gabbia dell\u2019Appiano. Le civette sbloccano il punteggio a fine powerplay grazie ad un tiro dalla linea di Constantini. I pirati vanno alla ricerca del pareggio ma Zanardi non si fa sorprendere. Gli agordini rispondono sfiorando il raddoppio in due occasioni. Nel momento migliore degli alleghesi, l\u2019Appiano approfitta di una leggerezza difensiva per pareggiare i conti con Critelli. Il secondo drittel inizia malamente per l\u2019Alleghe che dopo pochi minuti subisce un gol dagli altoatesini che in powerplay gonfiano la rete con Raisanen. La reazione degli agordini arriva immediatamente con i biancorossi che, dopo una serie di conclusioni, pareggiano i conti con Colton. Le squadre non se le mandano a dire e le occasioni non mancano. Terza frazione con l\u2019Alleghe che prova il tutto per tutto per portare a casa la partita ma gli avversari colpiscono in contropiede con Buono. Si scaldano gli animi e gli arbitri stentano a tenere calmi i giocatori. Agordini che sembrano in difficolt\u00e0 e altatesini che gestiscono al meglio la sfida avvicinandosi al quarto gol. Nel finale di gara le civette continuano ad attaccare ma la porta degli altoatesini sembra stregata e il disco non vuole entrare. A un minuto dal termine l\u2019ennesima penalit\u00e0 per i biancorossi da la fine ad una sfida in bilico dall\u2019inizio alla fine.<\/p>\n<p><strong>LE FOTO E IL VIDEO DI ANNALISA DAL MAS<\/strong><\/p>\n\n\t\t\t<style type='text\/css'>\n\t\t\t\t#gallery-4 {\n\t\t\t\t\tmargin: auto;\n\t\t\t\t}\n\t\t\t\t#gallery-4 .gallery-item {\n\t\t\t\t\tfloat: left;\n\t\t\t\t\tmargin-top: 10px;\n\t\t\t\t\ttext-align: center;\n\t\t\t\t\twidth: 25%;\n\t\t\t\t}\n\t\t\t\t#gallery-4 img {\n\t\t\t\t\tborder: 2px solid #cfcfcf;\n\t\t\t\t}\n\t\t\t\t#gallery-4 .gallery-caption {\n\t\t\t\t\tmargin-left: 0;\n\t\t\t\t}\n\t\t\t\t\/* see gallery_shortcode() in wp-includes\/media.php *\/\n\t\t\t<\/style>\n\t\t<div id='gallery-4' class='dt-gallery-container gallery galleryid-304741 gallery-columns-4 gallery-size-thumbnail'><dl class='gallery-item'>\n\t\t\t\t<dt class='gallery-icon landscape'>\n\t\t\t\t\t<a class=\"rollover rollover-zoom dt-pswp-item\" title=\"b8ac0502-a905-4bb8-b2cd-70c143162c28\" data-dt-img-description=\"\" data-large_image_width=\"1024\" data-large_image_height=\"768\"href='https:\/\/www.radiopiu.net\/wordpress\/wp-content\/uploads\/2022\/11\/b8ac0502-a905-4bb8-b2cd-70c143162c28.jpg'><img loading=\"lazy\" decoding=\"async\" width=\"150\" height=\"150\" src=\"https:\/\/www.radiopiu.net\/wordpress\/wp-content\/uploads\/2022\/11\/b8ac0502-a905-4bb8-b2cd-70c143162c28-150x150.jpg\" class=\"attachment-thumbnail size-thumbnail\" alt=\"\" \/><\/a>\n\t\t\t\t<\/dt><\/dl><dl class='gallery-item'>\n\t\t\t\t<dt class='gallery-icon landscape'>\n\t\t\t\t\t<a class=\"rollover rollover-zoom dt-pswp-item\" title=\"bd6bad3b-8484-4eeb-8c5d-1f068b460474\" data-dt-img-description=\"\" data-large_image_width=\"1024\" data-large_image_height=\"767\"href='https:\/\/www.radiopiu.net\/wordpress\/wp-content\/uploads\/2022\/11\/bd6bad3b-8484-4eeb-8c5d-1f068b460474.jpg'><img loading=\"lazy\" decoding=\"async\" width=\"150\" height=\"150\" src=\"https:\/\/www.radiopiu.net\/wordpress\/wp-content\/uploads\/2022\/11\/bd6bad3b-8484-4eeb-8c5d-1f068b460474-150x150.jpg\" class=\"attachment-thumbnail size-thumbnail\" alt=\"\" \/><\/a>\n\t\t\t\t<\/dt><\/dl><dl class='gallery-item'>\n\t\t\t\t<dt class='gallery-icon landscape'>\n\t\t\t\t\t<a class=\"rollover rollover-zoom dt-pswp-item\" title=\"f4b6f57a-64c0-43f6-b2c9-b71c8433bf0e\" data-dt-img-description=\"\" data-large_image_width=\"1024\" data-large_image_height=\"768\"href='https:\/\/www.radiopiu.net\/wordpress\/wp-content\/uploads\/2022\/11\/f4b6f57a-64c0-43f6-b2c9-b71c8433bf0e.jpg'><img loading=\"lazy\" decoding=\"async\" width=\"150\" height=\"150\" src=\"https:\/\/www.radiopiu.net\/wordpress\/wp-content\/uploads\/2022\/11\/f4b6f57a-64c0-43f6-b2c9-b71c8433bf0e-150x150.jpg\" class=\"attachment-thumbnail size-thumbnail\" alt=\"\" \/><\/a>\n\t\t\t\t<\/dt><\/dl><dl class='gallery-item'>\n\t\t\t\t<dt class='gallery-icon landscape'>\n\t\t\t\t\t<a class=\"rollover rollover-zoom dt-pswp-item\" title=\"6a59cbd3-3ea4-46f0-aba5-7d876cdffcf8\" data-dt-img-description=\"\" data-large_image_width=\"1024\" data-large_image_height=\"768\"href='https:\/\/www.radiopiu.net\/wordpress\/wp-content\/uploads\/2022\/11\/6a59cbd3-3ea4-46f0-aba5-7d876cdffcf8.jpg'><img loading=\"lazy\" decoding=\"async\" width=\"150\" height=\"150\" src=\"https:\/\/www.radiopiu.net\/wordpress\/wp-content\/uploads\/2022\/11\/6a59cbd3-3ea4-46f0-aba5-7d876cdffcf8-150x150.jpg\" class=\"attachment-thumbnail size-thumbnail\" alt=\"\" \/><\/a>\n\t\t\t\t<\/dt><\/dl><br style=\"clear: both\" \/><dl class='gallery-item'>\n\t\t\t\t<dt class='gallery-icon landscape'>\n\t\t\t\t\t<a class=\"rollover rollover-zoom dt-pswp-item\" title=\"62a1132a-acf2-44a2-b484-146e05e6c970\" data-dt-img-description=\"\" data-large_image_width=\"1024\" data-large_image_height=\"660\"href='https:\/\/www.radiopiu.net\/wordpress\/wp-content\/uploads\/2022\/11\/62a1132a-acf2-44a2-b484-146e05e6c970.jpg'><img loading=\"lazy\" decoding=\"async\" width=\"150\" height=\"150\" src=\"https:\/\/www.radiopiu.net\/wordpress\/wp-content\/uploads\/2022\/11\/62a1132a-acf2-44a2-b484-146e05e6c970-150x150.jpg\" class=\"attachment-thumbnail size-thumbnail\" alt=\"\" \/><\/a>\n\t\t\t\t<\/dt><\/dl><dl class='gallery-item'>\n\t\t\t\t<dt class='gallery-icon landscape'>\n\t\t\t\t\t<a class=\"rollover rollover-zoom dt-pswp-item\" title=\"fcdfc777-2e08-4224-bb42-1035fc806572\" data-dt-img-description=\"\" data-large_image_width=\"1024\" data-large_image_height=\"768\"href='https:\/\/www.radiopiu.net\/wordpress\/wp-content\/uploads\/2022\/11\/fcdfc777-2e08-4224-bb42-1035fc806572.jpg'><img loading=\"lazy\" decoding=\"async\" width=\"150\" height=\"150\" src=\"https:\/\/www.radiopiu.net\/wordpress\/wp-content\/uploads\/2022\/11\/fcdfc777-2e08-4224-bb42-1035fc806572-150x150.jpg\" class=\"attachment-thumbnail size-thumbnail\" alt=\"\" \/><\/a>\n\t\t\t\t<\/dt><\/dl><dl class='gallery-item'>\n\t\t\t\t<dt class='gallery-icon landscape'>\n\t\t\t\t\t<a class=\"rollover rollover-zoom dt-pswp-item\" title=\"34edc94e-b6ff-44bb-9ecc-f6681020fb77\" data-dt-img-description=\"\" data-large_image_width=\"1024\" data-large_image_height=\"767\"href='https:\/\/www.radiopiu.net\/wordpress\/wp-content\/uploads\/2022\/11\/34edc94e-b6ff-44bb-9ecc-f6681020fb77.jpg'><img loading=\"lazy\" decoding=\"async\" width=\"150\" height=\"150\" src=\"https:\/\/www.radiopiu.net\/wordpress\/wp-content\/uploads\/2022\/11\/34edc94e-b6ff-44bb-9ecc-f6681020fb77-150x150.jpg\" class=\"attachment-thumbnail size-thumbnail\" alt=\"\" \/><\/a>\n\t\t\t\t<\/dt><\/dl><dl class='gallery-item'>\n\t\t\t\t<dt class='gallery-icon landscape'>\n\t\t\t\t\t<a class=\"rollover rollover-zoom dt-pswp-item\" title=\"cea8f06c-7bce-40d3-a7d5-edc9a3bcb1b3\" data-dt-img-description=\"\" data-large_image_width=\"1024\" data-large_image_height=\"768\"href='https:\/\/www.radiopiu.net\/wordpress\/wp-content\/uploads\/2022\/11\/cea8f06c-7bce-40d3-a7d5-edc9a3bcb1b3.jpg'><img loading=\"lazy\" decoding=\"async\" width=\"150\" height=\"150\" src=\"https:\/\/www.radiopiu.net\/wordpress\/wp-content\/uploads\/2022\/11\/cea8f06c-7bce-40d3-a7d5-edc9a3bcb1b3-150x150.jpg\" class=\"attachment-thumbnail size-thumbnail\" alt=\"\" \/><\/a>\n\t\t\t\t<\/dt><\/dl><br style=\"clear: both\" \/>\n\t\t\t<\/div>\n\n<p>&nbsp;<\/p>\n<div style=\"width: 848px;\" class=\"wp-video\"><video class=\"wp-video-shortcode\" id=\"video-304741-1\" width=\"848\" height=\"480\" preload=\"metadata\" controls=\"controls\"><source type=\"video\/mp4\" src=\"https:\/\/www.radiopiu.net\/wordpress\/wp-content\/uploads\/2022\/11\/WhatsApp-Video-2022-11-05-at-22.26.23.mp4?_=1\" \/><a href=\"https:\/\/www.radiopiu.net\/wordpress\/wp-content\/uploads\/2022\/11\/WhatsApp-Video-2022-11-05-at-22.26.23.mp4\">https:\/\/www.radiopiu.net\/wordpress\/wp-content\/uploads\/2022\/11\/WhatsApp-Video-2022-11-05-at-22.26.23.mp4<\/a><\/video><\/div>\n<p>&nbsp;<\/p>\n<blockquote>\n<h3>IL DERBY BELLUNESE DELL&#8217;UNDER 17 E&#8217; DELL&#8217;ALLEGHE CHE SOTTERRA DI GOL LO ZOLDO<\/h3>\n<\/blockquote>\n<p><strong>ALLEGHE &#8211; ZOLDO 11-1<\/strong><\/p>\n<p>GOL ALLEGHE: Tolomelli, Zandegiacomo, 2 Talamini, Fontanive, Da Tos, Sogn\u00e8, Fattor, 3 Sudiro<\/p>\n<p>Partita senza storia quella di sabato pomeriggio all&#8217;Olimpico di Cortina. Il derby bellunese del campionato Under 17 va in mano dell&#8217;Alleghe che sotterra di gol lo Zoldo in una sfida a senso unico. Bella prestazione delle giovani civette che chiudono in doppia cifra la sfida. Tripletta di Sudiro, doppietta di Talamini e un gol a testa per Tolomelli, Zandegiacomo, Fontanive, Da Tos, Sogn\u00e8 e Fattor.<\/p>\n<p>&nbsp;<\/p>\n<p>&nbsp;<\/p>\n<hr \/>\n<p>&nbsp;<\/p>\n<p><span style=\"color: #0000ff;\"><strong>CALCIO A 5<\/strong><\/span><\/p>\n<blockquote>\n<h3>ROVERETO ESPUGNA LA SPES ARENA, SCONFITTA DI MISURA PER LA CANOTTIERI BELLUNO<\/h3>\n<\/blockquote>\n<p><strong><a class=\"dt-pswp-item\" href=\"https:\/\/www.radiopiu.net\/wordpress\/wp-content\/uploads\/2022\/11\/314684665_548204877311345_7642462440133751053_n.jpg\" data-dt-img-description=\"\" data-large_image_width=\"2048\" data-large_image_height=\"1152\"><img loading=\"lazy\" decoding=\"async\" class=\" wp-image-304820 alignleft\" src=\"https:\/\/www.radiopiu.net\/wordpress\/wp-content\/uploads\/2022\/11\/314684665_548204877311345_7642462440133751053_n-300x169.jpg\" alt=\"\" width=\"220\" height=\"124\" srcset=\"https:\/\/www.radiopiu.net\/wordpress\/wp-content\/uploads\/2022\/11\/314684665_548204877311345_7642462440133751053_n-300x169.jpg 300w, https:\/\/www.radiopiu.net\/wordpress\/wp-content\/uploads\/2022\/11\/314684665_548204877311345_7642462440133751053_n-1024x576.jpg 1024w, https:\/\/www.radiopiu.net\/wordpress\/wp-content\/uploads\/2022\/11\/314684665_548204877311345_7642462440133751053_n-768x432.jpg 768w, https:\/\/www.radiopiu.net\/wordpress\/wp-content\/uploads\/2022\/11\/314684665_548204877311345_7642462440133751053_n-1536x864.jpg 1536w, https:\/\/www.radiopiu.net\/wordpress\/wp-content\/uploads\/2022\/11\/314684665_548204877311345_7642462440133751053_n.jpg 2048w\" sizes=\"auto, (max-width: 220px) 100vw, 220px\" \/><\/a>SERIE B &#8211; GIRONE B<\/strong><\/p>\n<p><strong>CANOTTIERI BELLUNO &#8211; OLYMPIA ROVERETO 1-2<\/strong><\/p>\n<p>Alla Spes, c&#8217;\u00e8 un gran match. Occasioni che fioccano, primo tempo 2 a 1 per gli ospiti; sembra che la ripresa possa essere santabarbara, ed invece il risultato rimane inchiodato l\u00ec. Sugli scudi i portieri, attacchi polverosi, anche se cinque sono i legni per i Canottieri, tre di Dall&#8217;\u00d2 e due di Dal Farra, il risultato non cambia: Rovereto batte Canottieri due a uno.<\/p>\n<p><strong>IL SERVIZIO DI ANTONIO FIABANE<\/strong><\/p>\n<audio class=\"wp-audio-shortcode\" id=\"audio-304741-9\" preload=\"none\" style=\"width: 100%;\" controls=\"controls\"><source type=\"audio\/mpeg\" src=\"https:\/\/www.radiopiu.net\/wordpress\/wp-content\/uploads\/2022\/11\/CANOTTIERI-SITO.mp3?_=9\" \/><a href=\"https:\/\/www.radiopiu.net\/wordpress\/wp-content\/uploads\/2022\/11\/CANOTTIERI-SITO.mp3\">https:\/\/www.radiopiu.net\/wordpress\/wp-content\/uploads\/2022\/11\/CANOTTIERI-SITO.mp3<\/a><\/audio>\n<p>&nbsp;<\/p>\n<hr \/>\n<p>&nbsp;<\/p>\n<p>&nbsp;<\/p>\n<p><span style=\"color: #0000ff;\"><strong>MOTORI<\/strong><\/span><\/p>\n<blockquote>\n<h3>MARCO SIGNOR VINCE LA FINALE DELLA COPPA ITALIA RALLY<\/h3>\n<\/blockquote>\n<p><strong><a class=\"dt-pswp-item\" href=\"https:\/\/www.radiopiu.net\/wordpress\/wp-content\/uploads\/2022\/11\/14563505-d403-4258-8903-745e1d24cb12.jpg\" data-dt-img-description=\"\" data-large_image_width=\"1600\" data-large_image_height=\"1066\"><img loading=\"lazy\" decoding=\"async\" class=\" wp-image-304867 alignleft\" src=\"https:\/\/www.radiopiu.net\/wordpress\/wp-content\/uploads\/2022\/11\/14563505-d403-4258-8903-745e1d24cb12-300x200.jpg\" alt=\"\" width=\"180\" height=\"120\" srcset=\"https:\/\/www.radiopiu.net\/wordpress\/wp-content\/uploads\/2022\/11\/14563505-d403-4258-8903-745e1d24cb12-300x200.jpg 300w, https:\/\/www.radiopiu.net\/wordpress\/wp-content\/uploads\/2022\/11\/14563505-d403-4258-8903-745e1d24cb12-1024x682.jpg 1024w, https:\/\/www.radiopiu.net\/wordpress\/wp-content\/uploads\/2022\/11\/14563505-d403-4258-8903-745e1d24cb12-768x512.jpg 768w, https:\/\/www.radiopiu.net\/wordpress\/wp-content\/uploads\/2022\/11\/14563505-d403-4258-8903-745e1d24cb12-1536x1023.jpg 1536w, https:\/\/www.radiopiu.net\/wordpress\/wp-content\/uploads\/2022\/11\/14563505-d403-4258-8903-745e1d24cb12.jpg 1600w\" sizes=\"auto, (max-width: 180px) 100vw, 180px\" \/><\/a>BELLUNO<\/strong><\/p>\n<p>di Roberto Bona<\/p>\n<audio class=\"wp-audio-shortcode\" id=\"audio-304741-10\" preload=\"none\" style=\"width: 100%;\" controls=\"controls\"><source type=\"audio\/mpeg\" src=\"https:\/\/www.radiopiu.net\/wordpress\/wp-content\/uploads\/2022\/11\/BONA-RALLY-COPPA-ITALIA.mp3?_=10\" \/><a href=\"https:\/\/www.radiopiu.net\/wordpress\/wp-content\/uploads\/2022\/11\/BONA-RALLY-COPPA-ITALIA.mp3\">https:\/\/www.radiopiu.net\/wordpress\/wp-content\/uploads\/2022\/11\/BONA-RALLY-COPPA-ITALIA.mp3<\/a><\/audio>\n<p>&nbsp;<\/p>\n<p>&nbsp;<\/p>\n<p>&nbsp;<\/p>\n<hr \/>\n<p>&nbsp;<\/p>\n<p><span style=\"color: #0000ff;\"><strong>PALLAVOLO\u00a0<\/strong><\/span><\/p>\n<p>&nbsp;<\/p>\n<blockquote>\n<h2>NUOVO STOP IN TRASFERTA PER LA PALLAVOLO BELLUNO<\/h2>\n<\/blockquote>\n<p><a class=\"dt-pswp-item\" href=\"https:\/\/www.radiopiu.net\/wordpress\/wp-content\/uploads\/2022\/11\/Tuffo_di_Martinez.jpg\" data-dt-img-description=\"\" data-large_image_width=\"1188\" data-large_image_height=\"673\"><img loading=\"lazy\" decoding=\"async\" class=\"size-medium wp-image-304900 alignleft\" src=\"https:\/\/www.radiopiu.net\/wordpress\/wp-content\/uploads\/2022\/11\/Tuffo_di_Martinez-300x170.jpg\" alt=\"\" width=\"300\" height=\"170\" srcset=\"https:\/\/www.radiopiu.net\/wordpress\/wp-content\/uploads\/2022\/11\/Tuffo_di_Martinez-300x170.jpg 300w, https:\/\/www.radiopiu.net\/wordpress\/wp-content\/uploads\/2022\/11\/Tuffo_di_Martinez-1024x580.jpg 1024w, https:\/\/www.radiopiu.net\/wordpress\/wp-content\/uploads\/2022\/11\/Tuffo_di_Martinez-768x435.jpg 768w, https:\/\/www.radiopiu.net\/wordpress\/wp-content\/uploads\/2022\/11\/Tuffo_di_Martinez.jpg 1188w\" sizes=\"auto, (max-width: 300px) 100vw, 300px\" \/><\/a><strong>BOLOGNA-\u00a0 BELLUNO 3-0 PARZIALI: 30-28, 25-17, 29-27.\u00a0<\/strong> Maccabruni 3, Novello 13, Saibene 6, Graziani 4, Mozzato 10, Guastamacchia 5; Martinez (L), Ostuzzi 3, Guolla 4, Paganin 3, Stufano. N.e. Candeago, Galliani, Pierobon (L). Allenatore: G. Colussi.<\/p>\n<p>In Emilia Romagna, la Pallavolo Belluno non trova terreno fertile per piantare il seme dell\u2019ambizione. Dopo lo stop di Mirandola, ne arriva un altro a San Lazzaro di Savena, dove la Geetit Bologna ha la meglio in tre set. E impone ai rinoceronti la seconda sconfitta stagionale. Un passivo che brucia, perch\u00e9 figlio di qualche sbavatura di troppo nei momenti topici di una sfida comunque combattutissima, a dispetto del punteggio. Basti pensare che il primo e il terzo parziale si sono conclusi ai vantaggi. E se nel primo la DRL ha avuto il merito di annullare 7 set-ball agli avversari, salvo poi cadere all\u2019ottavo, nel terzo ha potuto contrattaccare per il decisivo 29-27. Ma la palla \u00e8 sfilata fuori. E la rimonta (da uno svantaggio di 8-2) non si \u00e8 concretizzata. Salutata la vetta, i bellunesi scivolano ora in quarta posizione, alle spalle di Pineto, Savigliano e Fano.<\/p>\n<p>.<\/p>\n<p>&nbsp;<\/p>\n<blockquote>\n<h3>ESORDIO CON VITTORIA PER IL VOLLEY CLUB AGORDINO NEL CAMPIONATO DI PRIMA DIVISIONE<\/h3>\n<\/blockquote>\n<p><strong><a class=\"dt-pswp-item\" href=\"https:\/\/www.radiopiu.net\/wordpress\/wp-content\/uploads\/2022\/04\/VOLLEY-CLUB-AGORDINO.jpg\" data-dt-img-description=\"\" data-large_image_width=\"500\" data-large_image_height=\"512\"><img loading=\"lazy\" decoding=\"async\" class=\" wp-image-268787 alignleft\" src=\"https:\/\/www.radiopiu.net\/wordpress\/wp-content\/uploads\/2022\/04\/VOLLEY-CLUB-AGORDINO-293x300.jpg\" alt=\"\" width=\"175\" height=\"179\" srcset=\"https:\/\/www.radiopiu.net\/wordpress\/wp-content\/uploads\/2022\/04\/VOLLEY-CLUB-AGORDINO-293x300.jpg 293w, https:\/\/www.radiopiu.net\/wordpress\/wp-content\/uploads\/2022\/04\/VOLLEY-CLUB-AGORDINO.jpg 500w\" sizes=\"auto, (max-width: 175px) 100vw, 175px\" \/><\/a>MONASTIER &#8211; VOLLEY CLUB AGORDINO 1-3 (20-25, 25-19, 25-27, 14-25)<\/strong><\/p>\n<p>Prima partita del campionato di Prima Divisione per il Volley Club Agordino e subito una vittoria per le ragazze di De Nardin. Ottima prestazione per le agordine che in terra trevigiana battono il Monastier in 4 set. Inizia bene la partita della formazione di Agordo che nella prima frazione mettono subito le cose in chiaro vincendo il primo set con 5 punti di vantaggio. Rispondono le trevigiane che pareggiano i conti nel secondo parziale. Terzo set combattuto con le squadre che se la giocano ad ogni punto ma a spuntarla sono le agordine che chiudono definitivamente la sfida rifilando 11 punti al Monastier nel quarto parziale. Ottimo esordio che fa ben sperare per il Volley Club Agordino che alla sua prima esperienza nel campionato di Prima Divisione fa subito capire di che pasta sono fatte le agordine.<\/p>\n<p>&nbsp;<\/p>\n<p>&nbsp;<\/p>\n<blockquote>\n<h3>SECONDA SCONFITTA CONSECUTIVA PER LE LUPE<\/h3>\n<\/blockquote>\n<p><b><a class=\"dt-pswp-item\" href=\"https:\/\/www.radiopiu.net\/wordpress\/wp-content\/uploads\/2022\/11\/Un_attacco_di_Casagrande.jpg\" data-dt-img-description=\"\" data-large_image_width=\"1280\" data-large_image_height=\"855\"><img loading=\"lazy\" decoding=\"async\" class=\"size-medium wp-image-304828 alignleft\" src=\"https:\/\/www.radiopiu.net\/wordpress\/wp-content\/uploads\/2022\/11\/Un_attacco_di_Casagrande-300x200.jpg\" alt=\"\" width=\"300\" height=\"200\" srcset=\"https:\/\/www.radiopiu.net\/wordpress\/wp-content\/uploads\/2022\/11\/Un_attacco_di_Casagrande-300x200.jpg 300w, https:\/\/www.radiopiu.net\/wordpress\/wp-content\/uploads\/2022\/11\/Un_attacco_di_Casagrande-1024x684.jpg 1024w, https:\/\/www.radiopiu.net\/wordpress\/wp-content\/uploads\/2022\/11\/Un_attacco_di_Casagrande-768x513.jpg 768w, https:\/\/www.radiopiu.net\/wordpress\/wp-content\/uploads\/2022\/11\/Un_attacco_di_Casagrande.jpg 1280w\" sizes=\"auto, (max-width: 300px) 100vw, 300px\" \/><\/a>VOLPE- BELLUNO VOLLEY 3-1 (<\/b><strong>23-25, 25-20, 25-18, 25-11)<\/strong><\/p>\n<p>Seconda sconfitta nel campionato femminile di serie C per la Pallavolo Belluno Femminile. Dopo la battuta a vuoto, tra le mura amiche del De Mas contro il Dolo, le bellunesi incappano in un altro stop: questa volta in provincia di Rovigo. E precisamente a Fiesso Umbertiano: la tana delle \u201cvolpi\u201d. O meglio, del Gs Volpe.<span class=\"gmail-Apple-converted-space\">\u00a0<\/span>Eppure, le ragazze di Paolo Viel erano partite alla grande: aggressive al servizio, precise in attacco, \u201ccattive\u201d al punto giusto sotto il profilo agonistico. Tutto \u00e8 filato liscio fino al 23-16, con una Miriana Casagrande letteralmente inarrestabile (alla fine chiuder\u00e0 in doppia cifra, con 10 punti). Poi, un blackout ha rischiato di costare caro, se \u00e8 vero che le padrone di casa hanno avuto addirittura il pallone per impattare a quota 24. E invece ha preso forma il 25-23 dolomitico.\u00a0Scampato pericolo? Fino a un certo punto, perch\u00e9 in realt\u00e0 il break al passivo era la spia di una difficolt\u00e0 pi\u00f9 profonda. Il calo di rendimento si \u00e8 manifestato nei successivi tre parziali, con il quarto e ultimo round dominato dalle rodigine, artefici di un volley quadrato ed essenziale. A differenza di una HL Immobiliare che non \u00e8 pi\u00f9 riuscita a riannodare il filo delle proprio certezze. Filo che si \u00e8 spezzato al termine del primo set.<span class=\"gmail-Apple-converted-space\">\u00a0<\/span><\/p>\n<p>&nbsp;<\/p>\n<p>&nbsp;<\/p>\n<hr \/>\n<p>&nbsp;<\/p>\n<p><span style=\"color: #0000ff;\"><strong>CORSA CAMPESTRE<\/strong><\/span><\/p>\n<blockquote>\n<h3>IN 549 A RONCHENA PER LA PROVA DEL CAMPIONATO PROVINCIALE DI CORSA CAMPESTRE<\/h3>\n<\/blockquote>\n<p><strong><a class=\"dt-pswp-item\" href=\"https:\/\/www.radiopiu.net\/wordpress\/wp-content\/uploads\/2022\/11\/partenza-categoria-Ragazzi-ronchena-6-novembre-2022.jpg\" data-dt-img-description=\"\" data-large_image_width=\"1500\" data-large_image_height=\"1000\"><img loading=\"lazy\" decoding=\"async\" class=\" wp-image-304855 alignleft\" src=\"https:\/\/www.radiopiu.net\/wordpress\/wp-content\/uploads\/2022\/11\/partenza-categoria-Ragazzi-ronchena-6-novembre-2022-300x200.jpg\" alt=\"\" width=\"186\" height=\"124\" srcset=\"https:\/\/www.radiopiu.net\/wordpress\/wp-content\/uploads\/2022\/11\/partenza-categoria-Ragazzi-ronchena-6-novembre-2022-300x200.jpg 300w, https:\/\/www.radiopiu.net\/wordpress\/wp-content\/uploads\/2022\/11\/partenza-categoria-Ragazzi-ronchena-6-novembre-2022-1024x683.jpg 1024w, https:\/\/www.radiopiu.net\/wordpress\/wp-content\/uploads\/2022\/11\/partenza-categoria-Ragazzi-ronchena-6-novembre-2022-768x512.jpg 768w, https:\/\/www.radiopiu.net\/wordpress\/wp-content\/uploads\/2022\/11\/partenza-categoria-Ragazzi-ronchena-6-novembre-2022.jpg 1500w\" sizes=\"auto, (max-width: 186px) 100vw, 186px\" \/><\/a>BORGO VALBELLUNA <\/strong>Sono stati 549 i partecipanti alla terza prova del Campionato provinciale di corsa campestre del Centro sportivo italiano, evento proposto dal Comitato Csi di Belluno in sinergia con quello di Feltre e valido per l\u2019assegnazione del Memorial Serafino Barp (classifica a squadre dedicata alle categorie giovanili) e per l\u2019assegnazione del Trofeo Passport (classifica a squadre complessiva). Si \u00e8 trattato del record di partecipazione nelle tre gare fin qui disputate. Si \u00e8 gareggiato, in una splendida giornata di sole sull\u2019impegnativo tracciato di Ronchena di Lentiai (comune di Borgo Valbelluna), per l\u2019organizzazione del Gs La Piave 2000. Proprio la societ\u00e0 di casa \u00e8 stata la grande protagonista, imponendosi come societ\u00e0 sia nella graduatoria complessiva che in quella giovanile. Applausi anche per il Gs Astra Quero, seconda societ\u00e0 sia nella graduatoria complessiva sia in quella giovanile. Le gare individuali assolute hanno visto la vittoria di Manuela Bulf (Atletica Agordina) e di Isacco Costa (Atletica Zoldo). Il campionato provinciale di cross proporr\u00e0 altre due prove: domenica 20 novembre a Lamon (a cura dell\u2019Atletica Lamon) e domenica 27 novembre a Bribano di Sedico (organizzazione ancora a cura del Gs La Piave 2000).<\/p>\n<p>&nbsp;<\/p>\n<p>&nbsp;<\/p>\n<hr \/>\n<p>&nbsp;<\/p>\n","protected":false},"excerpt":{"rendered":"<p>RADIO PIU INFORMAZIONE il canale su TELEGRAM informazione di prima\u00a0 mano e in tempo reale. iscriviti ed aiutaci a farlo conoscere\u00a0\u00a0 &#8220;vento tra i rami e nei capelli&#8221;, la donna scolpita da Kurt Wierer (foto a lato) con la linfa vitale di Luciano De Barba hanno trionfato\u00a0 alla Ex Tempore di Belluno. Da oggi a&hellip;<\/p>\n","protected":false},"author":4,"featured_media":304916,"comment_status":"closed","ping_status":"closed","sticky":false,"template":"","format":"standard","meta":{"_monsterinsights_skip_tracking":false,"_monsterinsights_sitenote_active":false,"_monsterinsights_sitenote_note":"","_monsterinsights_sitenote_category":0,"footnotes":""},"categories":[51,86,49],"tags":[],"class_list":["post-304741","post","type-post","status-publish","format-standard","has-post-thumbnail","hentry","category-evidenza-top","category-gr","category-news-18","category-51","category-86","category-49","description-off"],"img_url":"https:\/\/www.radiopiu.net\/wordpress\/wp-content\/uploads\/2022\/11\/Senza-nome-27.jpg","_links":{"self":[{"href":"https:\/\/www.radiopiu.net\/wordpress\/wp-json\/wp\/v2\/posts\/304741","targetHints":{"allow":["GET"]}}],"collection":[{"href":"https:\/\/www.radiopiu.net\/wordpress\/wp-json\/wp\/v2\/posts"}],"about":[{"href":"https:\/\/www.radiopiu.net\/wordpress\/wp-json\/wp\/v2\/types\/post"}],"author":[{"embeddable":true,"href":"https:\/\/www.radiopiu.net\/wordpress\/wp-json\/wp\/v2\/users\/4"}],"replies":[{"embeddable":true,"href":"https:\/\/www.radiopiu.net\/wordpress\/wp-json\/wp\/v2\/comments?post=304741"}],"version-history":[{"count":0,"href":"https:\/\/www.radiopiu.net\/wordpress\/wp-json\/wp\/v2\/posts\/304741\/revisions"}],"wp:featuredmedia":[{"embeddable":true,"href":"https:\/\/www.radiopiu.net\/wordpress\/wp-json\/wp\/v2\/media\/304916"}],"wp:attachment":[{"href":"https:\/\/www.radiopiu.net\/wordpress\/wp-json\/wp\/v2\/media?parent=304741"}],"wp:term":[{"taxonomy":"category","embeddable":true,"href":"https:\/\/www.radiopiu.net\/wordpress\/wp-json\/wp\/v2\/categories?post=304741"},{"taxonomy":"post_tag","embeddable":true,"href":"https:\/\/www.radiopiu.net\/wordpress\/wp-json\/wp\/v2\/tags?post=304741"}],"curies":[{"name":"wp","href":"https:\/\/api.w.org\/{rel}","templated":true}]}}