{"id":304746,"date":"2022-11-05T12:23:42","date_gmt":"2022-11-05T11:23:42","guid":{"rendered":"https:\/\/www.radiopiu.net\/wordpress\/?p=304746"},"modified":"2022-11-05T12:23:42","modified_gmt":"2022-11-05T11:23:42","slug":"posti-letto-ad-uso-foresteria-in-immobili-dellulss-dolomiti-finanziati-con-i-fondi-comuni-di-confine-approvato-il-progetto-di-fattibilita","status":"publish","type":"post","link":"https:\/\/www.radiopiu.net\/wordpress\/posti-letto-ad-uso-foresteria-in-immobili-dellulss-dolomiti-finanziati-con-i-fondi-comuni-di-confine-approvato-il-progetto-di-fattibilita\/","title":{"rendered":"POSTI LETTO AD USO FORESTERIA IN IMMOBILI DELL\u2019ULSS DOLOMITI FINANZIATI CON I FONDI COMUNI DI CONFINE: APPROVATO IL PROGETTO DI FATTIBILITA\u2019"},"content":{"rendered":"<p><strong><a class=\"dt-pswp-item\" href=\"https:\/\/www.radiopiu.net\/wordpress\/wp-content\/uploads\/2021\/03\/ULSS-1.jpg\" data-dt-img-description=\"\" data-large_image_width=\"776\" data-large_image_height=\"408\"><img loading=\"lazy\" decoding=\"async\" class=\"size-medium wp-image-198838 alignleft\" src=\"https:\/\/www.radiopiu.net\/wordpress\/wp-content\/uploads\/2021\/03\/ULSS-1-300x158.jpg\" alt=\"\" width=\"300\" height=\"158\" srcset=\"https:\/\/www.radiopiu.net\/wordpress\/wp-content\/uploads\/2021\/03\/ULSS-1-300x158.jpg 300w, https:\/\/www.radiopiu.net\/wordpress\/wp-content\/uploads\/2021\/03\/ULSS-1-768x404.jpg 768w, https:\/\/www.radiopiu.net\/wordpress\/wp-content\/uploads\/2021\/03\/ULSS-1.jpg 776w\" sizes=\"auto, (max-width: 300px) 100vw, 300px\" \/><\/a>BELLUNO <\/strong>Procede l\u2019iter per la realizzazione di posti letto ad uso foresteria in immobili dell\u2019Ulss Dolomiti, un intervento realizzato grazie a un finanziamento di 500 mila euro dei Fondi Comuni di Confine e a un cofinanziamento Ulss di 150 mila euro. Dopo l\u2019affidamento dell\u2019incarico di progettazione, direzione lavori e coordinamento per la sicurezza dei lavori, \u00e8 stato quindi approvato il progetto di fattibilit\u00e0 tecnica ed economica. In particolare, il progetto prevede la ristrutturazione delle strutture di propriet\u00e0 dell\u2019Ulss al fine di ricavare degli appartamenti per mettere a disposizione in totale 20 posti letto ad uso foresteria per i professionisti che scelgono di lavorare in Ulss Dolomiti. Gli Immobili interessati dall\u2019intervento sono situati ad Agordo, Belluno e Feltre. Nello specifico: <strong>Belluno &#8211; via Sant\u2019Andrea n.8:<\/strong> si proceder\u00e0 con la ristrutturazione di un appartamento al secondo piano di un immobile che si sviluppa su tre livelli. Il progetto prevede una riorganizzazione degli spazi dell\u2019appartamento al fine di ricavare 10 posti letto. I locali che verranno realizzati all\u2019interno saranno una cucina, due soggiorni\/aree relax, due camere doppie, sei camere singole, tre servizi igienici, una dispensa, un ripostiglio e un locale tecnico. <strong>Feltre &#8211;\u00a0 via Ligont n. 25: <\/strong>l\u2019appartamento oggetto dell\u2019intervento si trova al primo piano di un immobile che si sviluppa su due livelli. Il progetto prevede di ottenere 4 posti letto, mettendo a disposizione una cucina, un soggiorno, una camera doppia, due camere singole, un servizio igienico e una lavanderia. <strong>Agordo &#8211; Ospedale in via Fontana n. 35:<\/strong> il progetto prevede la riorganizzazione delle foresterie esistenti all\u2019interno dell\u2019ospedale, al primo piano dell\u2019ala est del Corpo C, rendendo fruibili 6 posti letto. L\u2019 investimento complessivo \u00e8 di 650 mila euro di cui 500.000 euro per lavori e 150.000 euro per gli arredi. I locali saranno messi a disposizione di personale sanitario e medici specializzandi che necessitino di alloggio temporaneo in attesa di sistemazione definitiva.<\/p>\n<p>&nbsp;<\/p>\n<p>&nbsp;<\/p>\n<p>******<\/p>\n","protected":false},"excerpt":{"rendered":"<p>BELLUNO Procede l\u2019iter per la realizzazione di posti letto ad uso foresteria in immobili dell\u2019Ulss Dolomiti, un intervento realizzato grazie a un finanziamento di 500 mila euro dei Fondi Comuni di Confine e a un cofinanziamento Ulss di 150 mila euro. Dopo l\u2019affidamento dell\u2019incarico di progettazione, direzione lavori e coordinamento per la sicurezza dei lavori,&hellip;<\/p>\n","protected":false},"author":4,"featured_media":198838,"comment_status":"closed","ping_status":"closed","sticky":false,"template":"","format":"standard","meta":{"_monsterinsights_skip_tracking":false,"_monsterinsights_sitenote_active":false,"_monsterinsights_sitenote_note":"","_monsterinsights_sitenote_category":0,"footnotes":""},"categories":[49],"tags":[],"class_list":["post-304746","post","type-post","status-publish","format-standard","has-post-thumbnail","hentry","category-news-18","category-49","description-off"],"img_url":"https:\/\/www.radiopiu.net\/wordpress\/wp-content\/uploads\/2021\/03\/ULSS-1.jpg","_links":{"self":[{"href":"https:\/\/www.radiopiu.net\/wordpress\/wp-json\/wp\/v2\/posts\/304746","targetHints":{"allow":["GET"]}}],"collection":[{"href":"https:\/\/www.radiopiu.net\/wordpress\/wp-json\/wp\/v2\/posts"}],"about":[{"href":"https:\/\/www.radiopiu.net\/wordpress\/wp-json\/wp\/v2\/types\/post"}],"author":[{"embeddable":true,"href":"https:\/\/www.radiopiu.net\/wordpress\/wp-json\/wp\/v2\/users\/4"}],"replies":[{"embeddable":true,"href":"https:\/\/www.radiopiu.net\/wordpress\/wp-json\/wp\/v2\/comments?post=304746"}],"version-history":[{"count":0,"href":"https:\/\/www.radiopiu.net\/wordpress\/wp-json\/wp\/v2\/posts\/304746\/revisions"}],"wp:featuredmedia":[{"embeddable":true,"href":"https:\/\/www.radiopiu.net\/wordpress\/wp-json\/wp\/v2\/media\/198838"}],"wp:attachment":[{"href":"https:\/\/www.radiopiu.net\/wordpress\/wp-json\/wp\/v2\/media?parent=304746"}],"wp:term":[{"taxonomy":"category","embeddable":true,"href":"https:\/\/www.radiopiu.net\/wordpress\/wp-json\/wp\/v2\/categories?post=304746"},{"taxonomy":"post_tag","embeddable":true,"href":"https:\/\/www.radiopiu.net\/wordpress\/wp-json\/wp\/v2\/tags?post=304746"}],"curies":[{"name":"wp","href":"https:\/\/api.w.org\/{rel}","templated":true}]}}