{"id":304769,"date":"2022-11-05T18:59:41","date_gmt":"2022-11-05T17:59:41","guid":{"rendered":"https:\/\/www.radiopiu.net\/wordpress\/?p=304769"},"modified":"2022-11-05T19:01:07","modified_gmt":"2022-11-05T18:01:07","slug":"20-anni-di-hospice-a-belluno-lassociazione-cucchini-ha-tratteggiato-la-storia-e-le-prospettive-future-di-casa-tua-due","status":"publish","type":"post","link":"https:\/\/www.radiopiu.net\/wordpress\/20-anni-di-hospice-a-belluno-lassociazione-cucchini-ha-tratteggiato-la-storia-e-le-prospettive-future-di-casa-tua-due\/","title":{"rendered":"VENT&#8217;ANNI DI HOSPICE A BELLUNO, L\u2019ASSOCIAZIONE CUCCHINI HA TRATTEGGIATO LA STORIA E LE PROSPETTIVE FUTURE DI CASA TUA DUE"},"content":{"rendered":"<p><strong>BELLUNO<\/strong> La storia delle cure palliative in provincia di Belluno coincide quasi perfettamente con la storia dell\u2019associazione Cucchini, che da quasi 40 anni si occupa di aiutare le persone ammalate e i loro familiari. Una realt\u00e0 che funge da perno all\u2019interno della rete delle cure palliative. Lo ha delineato il convegno di oggi dal titolo \u201c20 anni di hospice a Belluno\u201d, organizzato proprio da Cucchini, insieme all\u2019Ulss 1 Dolomiti per celebrare il ventennale di Casa Tue Due, una delle prime strutture di questo genere nate in Italia. L\u2019inaugurazione ufficiale risale infatti al 9 novembre 2002, a seguito di un lungo iter che ha visto nei fondatori della Cucchini i soggetti che pi\u00f9 hanno spinto per la realizzazione dell\u2019hospice. Una storia che \u00e8 stata raccontata dal dottor Giuseppe Fornasier, dirigente dell\u2019Unit\u00e0 di cure palliative dell\u2019ospedale di Belluno, con interessanti passaggi relativi alla normativa sulla terapia del dolore e su alcune figure che hanno fatto la differenza, tra cui il dottor Giuseppe Tormen, fondatore di Cucchini (assieme ad altre sei persone, tra cui Gian Battista Arrigoni) e medico anestesista. \u00abLa prima tappa \u00e8 stata la delibera di giunta regionale del Veneto 2989 del 2000. La legge 38\/2010 \u00e8 arrivata solo dieci anni dopo, ma intanto Belluno aveva dimostrato una sensibilit\u00e0 avanguardistica sul tema\u00bb ha detto il dottor Fornasier. \u00abLa prova \u00e8 data dal fatto che la realizzazione dell\u2019hospice ha potuto contare sulla sensibilit\u00e0 dei bellunesi, che generosamente hanno contribuito per quasi met\u00e0 del costo dell\u2019opera\u00bb. La storia dell\u2019hospice \u00e8 stata poi tratteggiata attraverso l\u2019attivit\u00e0 della struttura, nell\u2019intervento del dottor Giuseppe Zanne, medico di cure palliative che opera da oltre un decennio in Casa Tua Due. \u00abI pazienti dal 2002 a oggi sono stati 2.265 &#8211; ha spiegato Zanne -. Ogni paziente ha una famiglia e una storia, che la sensibilit\u00e0 e la professionalit\u00e0 di tutta la rete di cure palliative hanno saputo apprezzare e conservare. Ma non si pensi che questo \u00e8 un luogo di morte: \u00e8 un luogo di vita. Forse in pochi sanno che un 15-20% dei pazienti qui ricoverati torna a casa. Il logo di Casa Tua Due, vale a dire la casetta con un cuore che pulsa all\u2019interno, \u00e8 lo spirito autentico di questa struttura: un luogo fisico, dotato di tutto quello serve alle persone malate, ma anche affetto e cura in senso lato\u00bb. Il funzionamento dell\u2019hospice infatti \u00e8 complesso. Ed \u00e8 esteso anche al territorio, dato che le cure palliative sono erogate anche a domicilio. Vi collaborano le strutture sanitarie, con medici, infermieri, fisioterapisti, assistenti sociali e psicologi. Ma anche il volontariato, in questo caso Cucchini, con i suoi operatori formati per l\u2019assistenza.<br \/>\n\u00abTutti insieme cerchiamo di aggiungere vita ai giorni, in un momento dell\u2019esistenza in cui non \u00e8 pi\u00f9 possibile aggiungere giorni alla vita\u00bb ha detto Stefania Zanvit, coordinatrice del personale dell\u2019hospice. E il volontario Cucchini Franco Fiamoi ha spiegato il ruolo dei volontari e dei gruppi di Auto Mutuo Aiuto nel supporto ai malati e alle loro famiglie, anche dopo il momento difficile del fine vita. \u00abIl volontario \u00e8 una persona comune, non un supereroe: chi entra in hospice si stupisce di come il volontario possa stare vicino alla sofferenza\u00bb ha detto Fiamoi. \u00abIl messaggio \u00e8 che il volontario pu\u00f2 stare di fronte alla malattia e al dolore anche quando questo dolore porta a una situazione di fine vita. E questo messaggio resta nel cuore dei malati e i familiari possono portare questa idea fuori dall\u2019hospice, per scalfire i tab\u00f9 che stanno attorno al morire. Come dice spesso il dottor Zanne, chi arriva a Casa Tue Due elogia l\u2019hotel \u201ca 5 stelle\u201d che \u00e8 a disposizione dei malati; chi esce da qui ricorda le persone\u00bb. Un sistema di sinergie che \u00e8 a servizio del territorio, come hanno riconosciuto gli ospiti istituzionali del convegno, moderato dal giornalista Luigi Guglielmi. Un sistema che dovr\u00e0 continuare, rafforzandosi sempre di pi\u00f9, ha concluso il dottor Gianpaolo Pecere, direttore dei servizio socio-sanitari dell\u2019Ulss 1 Dolomiti. In chiusura, un momento conviviale con la torta per il \u201ccompleanno\u201d dell\u2019hospice.<\/p>\n\n\t\t\t<style type='text\/css'>\n\t\t\t\t#gallery-1 {\n\t\t\t\t\tmargin: auto;\n\t\t\t\t}\n\t\t\t\t#gallery-1 .gallery-item {\n\t\t\t\t\tfloat: left;\n\t\t\t\t\tmargin-top: 10px;\n\t\t\t\t\ttext-align: center;\n\t\t\t\t\twidth: 20%;\n\t\t\t\t}\n\t\t\t\t#gallery-1 img {\n\t\t\t\t\tborder: 2px solid #cfcfcf;\n\t\t\t\t}\n\t\t\t\t#gallery-1 .gallery-caption {\n\t\t\t\t\tmargin-left: 0;\n\t\t\t\t}\n\t\t\t\t\/* see gallery_shortcode() in wp-includes\/media.php *\/\n\t\t\t<\/style>\n\t\t<div id='gallery-1' class='dt-gallery-container gallery galleryid-304769 gallery-columns-5 gallery-size-thumbnail'><dl class='gallery-item'>\n\t\t\t\t<dt class='gallery-icon landscape'>\n\t\t\t\t\t<a class=\"rollover rollover-zoom dt-pswp-item\" title=\"49c0b071-82c5-4bf6-8697-6fd797bae3f7\" data-dt-img-description=\"\" data-large_image_width=\"1024\" data-large_image_height=\"763\"href='https:\/\/www.radiopiu.net\/wordpress\/wp-content\/uploads\/2022\/11\/49c0b071-82c5-4bf6-8697-6fd797bae3f7.jpg'><img loading=\"lazy\" decoding=\"async\" width=\"150\" height=\"150\" src=\"https:\/\/www.radiopiu.net\/wordpress\/wp-content\/uploads\/2022\/11\/49c0b071-82c5-4bf6-8697-6fd797bae3f7-150x150.jpg\" class=\"attachment-thumbnail size-thumbnail\" alt=\"\" \/><\/a>\n\t\t\t\t<\/dt><\/dl><dl class='gallery-item'>\n\t\t\t\t<dt class='gallery-icon portrait'>\n\t\t\t\t\t<a class=\"rollover rollover-zoom dt-pswp-item\" title=\"29328253-6974-4487-9231-6291f7863f6a\" data-dt-img-description=\"\" data-large_image_width=\"768\" data-large_image_height=\"1024\"href='https:\/\/www.radiopiu.net\/wordpress\/wp-content\/uploads\/2022\/11\/29328253-6974-4487-9231-6291f7863f6a.jpg'><img loading=\"lazy\" decoding=\"async\" width=\"150\" height=\"150\" src=\"https:\/\/www.radiopiu.net\/wordpress\/wp-content\/uploads\/2022\/11\/29328253-6974-4487-9231-6291f7863f6a-150x150.jpg\" class=\"attachment-thumbnail size-thumbnail\" alt=\"\" \/><\/a>\n\t\t\t\t<\/dt><\/dl><dl class='gallery-item'>\n\t\t\t\t<dt class='gallery-icon landscape'>\n\t\t\t\t\t<a class=\"rollover rollover-zoom dt-pswp-item\" title=\"2dbb2ccd-9e93-4438-8840-27fd6694222e\" data-dt-img-description=\"\" data-large_image_width=\"1024\" data-large_image_height=\"768\"href='https:\/\/www.radiopiu.net\/wordpress\/wp-content\/uploads\/2022\/11\/2dbb2ccd-9e93-4438-8840-27fd6694222e.jpg'><img loading=\"lazy\" decoding=\"async\" width=\"150\" height=\"150\" src=\"https:\/\/www.radiopiu.net\/wordpress\/wp-content\/uploads\/2022\/11\/2dbb2ccd-9e93-4438-8840-27fd6694222e-150x150.jpg\" class=\"attachment-thumbnail size-thumbnail\" alt=\"\" \/><\/a>\n\t\t\t\t<\/dt><\/dl><dl class='gallery-item'>\n\t\t\t\t<dt class='gallery-icon landscape'>\n\t\t\t\t\t<a class=\"rollover rollover-zoom dt-pswp-item\" title=\"a9023c59-7ccb-466e-b00c-77e29875ba8d\" data-dt-img-description=\"\" data-large_image_width=\"1024\" data-large_image_height=\"768\"href='https:\/\/www.radiopiu.net\/wordpress\/wp-content\/uploads\/2022\/11\/a9023c59-7ccb-466e-b00c-77e29875ba8d.jpg'><img loading=\"lazy\" decoding=\"async\" width=\"150\" height=\"150\" src=\"https:\/\/www.radiopiu.net\/wordpress\/wp-content\/uploads\/2022\/11\/a9023c59-7ccb-466e-b00c-77e29875ba8d-150x150.jpg\" class=\"attachment-thumbnail size-thumbnail\" alt=\"\" \/><\/a>\n\t\t\t\t<\/dt><\/dl><dl class='gallery-item'>\n\t\t\t\t<dt class='gallery-icon landscape'>\n\t\t\t\t\t<a class=\"rollover rollover-zoom dt-pswp-item\" title=\"59804aa8-ad8b-464d-a46d-64a964785bad\" data-dt-img-description=\"\" data-large_image_width=\"1024\" data-large_image_height=\"768\"href='https:\/\/www.radiopiu.net\/wordpress\/wp-content\/uploads\/2022\/11\/59804aa8-ad8b-464d-a46d-64a964785bad.jpg'><img loading=\"lazy\" decoding=\"async\" width=\"150\" height=\"150\" src=\"https:\/\/www.radiopiu.net\/wordpress\/wp-content\/uploads\/2022\/11\/59804aa8-ad8b-464d-a46d-64a964785bad-150x150.jpg\" class=\"attachment-thumbnail size-thumbnail\" alt=\"\" \/><\/a>\n\t\t\t\t<\/dt><\/dl><br style=\"clear: both\" \/>\n\t\t\t<\/div>\n\n<p>&nbsp;<\/p>\n<p>&nbsp;<\/p>\n<p>******<\/p>\n","protected":false},"excerpt":{"rendered":"<p>BELLUNO La storia delle cure palliative in provincia di Belluno coincide quasi perfettamente con la storia dell\u2019associazione Cucchini, che da quasi 40 anni si occupa di aiutare le persone ammalate e i loro familiari. Una realt\u00e0 che funge da perno all\u2019interno della rete delle cure palliative. Lo ha delineato il convegno di oggi dal titolo&hellip;<\/p>\n","protected":false},"author":4,"featured_media":304770,"comment_status":"closed","ping_status":"closed","sticky":false,"template":"","format":"standard","meta":{"_monsterinsights_skip_tracking":false,"_monsterinsights_sitenote_active":false,"_monsterinsights_sitenote_note":"","_monsterinsights_sitenote_category":0,"footnotes":""},"categories":[49],"tags":[],"class_list":["post-304769","post","type-post","status-publish","format-standard","has-post-thumbnail","hentry","category-news-18","category-49","description-off"],"img_url":"https:\/\/www.radiopiu.net\/wordpress\/wp-content\/uploads\/2022\/11\/49c0b071-82c5-4bf6-8697-6fd797bae3f7.jpg","_links":{"self":[{"href":"https:\/\/www.radiopiu.net\/wordpress\/wp-json\/wp\/v2\/posts\/304769","targetHints":{"allow":["GET"]}}],"collection":[{"href":"https:\/\/www.radiopiu.net\/wordpress\/wp-json\/wp\/v2\/posts"}],"about":[{"href":"https:\/\/www.radiopiu.net\/wordpress\/wp-json\/wp\/v2\/types\/post"}],"author":[{"embeddable":true,"href":"https:\/\/www.radiopiu.net\/wordpress\/wp-json\/wp\/v2\/users\/4"}],"replies":[{"embeddable":true,"href":"https:\/\/www.radiopiu.net\/wordpress\/wp-json\/wp\/v2\/comments?post=304769"}],"version-history":[{"count":0,"href":"https:\/\/www.radiopiu.net\/wordpress\/wp-json\/wp\/v2\/posts\/304769\/revisions"}],"wp:featuredmedia":[{"embeddable":true,"href":"https:\/\/www.radiopiu.net\/wordpress\/wp-json\/wp\/v2\/media\/304770"}],"wp:attachment":[{"href":"https:\/\/www.radiopiu.net\/wordpress\/wp-json\/wp\/v2\/media?parent=304769"}],"wp:term":[{"taxonomy":"category","embeddable":true,"href":"https:\/\/www.radiopiu.net\/wordpress\/wp-json\/wp\/v2\/categories?post=304769"},{"taxonomy":"post_tag","embeddable":true,"href":"https:\/\/www.radiopiu.net\/wordpress\/wp-json\/wp\/v2\/tags?post=304769"}],"curies":[{"name":"wp","href":"https:\/\/api.w.org\/{rel}","templated":true}]}}