{"id":304835,"date":"2022-11-07T05:36:43","date_gmt":"2022-11-07T04:36:43","guid":{"rendered":"https:\/\/www.radiopiu.net\/wordpress\/?p=304835"},"modified":"2022-11-07T05:44:59","modified_gmt":"2022-11-07T04:44:59","slug":"in-marmolada-stagione-invernale-a-rischio","status":"publish","type":"post","link":"https:\/\/www.radiopiu.net\/wordpress\/in-marmolada-stagione-invernale-a-rischio\/","title":{"rendered":"IN MARMOLADA STAGIONE INVERNALE A RISCHIO"},"content":{"rendered":"<p><strong><a class=\"dt-pswp-item\" href=\"https:\/\/www.radiopiu.net\/wordpress\/wp-content\/uploads\/2018\/12\/funivia_Marmolada.jpg\" data-dt-img-description=\"\" data-large_image_width=\"3888\" data-large_image_height=\"2592\"><img loading=\"lazy\" decoding=\"async\" class=\" wp-image-70180 alignleft\" src=\"https:\/\/www.radiopiu.net\/wordpress\/wp-content\/uploads\/2018\/12\/funivia_Marmolada-300x200.jpg\" alt=\"\" width=\"203\" height=\"135\" srcset=\"https:\/\/www.radiopiu.net\/wordpress\/wp-content\/uploads\/2018\/12\/funivia_Marmolada-300x200.jpg 300w, https:\/\/www.radiopiu.net\/wordpress\/wp-content\/uploads\/2018\/12\/funivia_Marmolada-768x512.jpg 768w, https:\/\/www.radiopiu.net\/wordpress\/wp-content\/uploads\/2018\/12\/funivia_Marmolada-1024x683.jpg 1024w\" sizes=\"auto, (max-width: 203px) 100vw, 203px\" \/><\/a>ROCCA PIETORE <\/strong>\u201cCaro energia, incertezze meteo, alte temperature, ma nell\u2019Alto Agordino gli operatori della montagna hanno una preoccupazione in pi\u00f9: quella del divieto di accesso al ghiacciaio della Marmolada non ancora revocato. Se non si interviene con buon senso e velocit\u00e0, la stagione invernale \u00e8 a rischio e con essa la permanenza sul territorio di tante imprese e famiglie\u201d. \u00c8 un vero e proprio allarme quello che lancia Marmolada srl, la societ\u00e0 di gestione delle funivie del massiccio. \u201cLa stagione invernale \u00e8 alle porte, manca meno di un mese. Da sempre novembre \u00e8 fondamentale per la preparazione delle piste e degli impianti per l\u2019avvio regolare dell\u2019attivit\u00e0 2022\/2023. Ogni giorno \u00e8 prezioso\u201d, la premessa. E a essere pronta a predisporre l\u2019area sciabile \u00e8 la stessa societ\u00e0, nata nel 1965: \u201cLa funivia della Marmolada, che parte ed arriva in provincia di Belluno &#8211; quindi in Veneto &#8211; vede la propria pista svilupparsi in gran parte in provincia di Trento, perch\u00e9 attraversa il ghiacciaio. Come gestori dell\u2019impianto siamo pronti ad avviare i lavori di preparazione della pista ma il Comune di Canazei continua a vietare l\u2019accesso al ghiacciaio\u201d. \u201cAlle nostre richieste di chiarimenti, ci viene opposta una fantomatica perizia, avviata mesi fa quando le eccezionali temperature estive potevano generare preoccupazioni, ma mai redatta ed inattuale ora quando finalmente il termometro \u00e8 sceso sotto lo zero\u201d, sottolinea la societ\u00e0. \u201cLa disgrazia accaduta a luglio, come abbiamo sempre ribadito, merita il nostro pieno rispetto e la massima attenzione nell\u2019adozione di provvedimenti efficaci, ma \u00e8 da prendere atto che il distacco della porzione di ghiaccio \u00e8 avvenuta in una zona totalmente estranea a quella in cui si sviluppa la pista, che \u00e8 soggetta a continui monitoraggi, controlli e manutenzioni nel pieno rispetto di tutte le leggi e normative\u201d, prosegue la societ\u00e0. \u201cSe il permesso di preparare la pista e poi di aprirla agli sciatori non dovesse arrivare tempestivamente, i danni economici sarebbero incommensurabili per tutta la vallata, che vive dell\u2019attivit\u00e0 turistica invernale, dall\u2019impianto di Malga Ciap\u00e8la a quelli che lo connettono con Arabba. Parliamo di uno dei pi\u00f9 importanti e panoramici &#8211; nonch\u00e9 graditi dalla clientela internazionale &#8211; comprensori sciistici del Dolomiti Superski, porta d\u2019ingresso per gli apprezzati giri della Sellaronda e della Grande Guerra\u201d. \u201cQuesti ritardi, questi burocratismi, questa mancanza di chiarimenti diventano l\u2019ennesimo attentato alla pur indefessa resilienza della gente di montagna per continuare a risiedere in questi territori e vivere di quello che hanno da offrire. E questo in un momento storico gi\u00e0 difficilissimo, contrassegnato da rincari energetici che rendono ancora pi\u00f9 difficile ed eroico abitare e lavorare nelle terre alte\u201d, la conclusione di Marmolada srl.<\/p>\n<p>&nbsp;<\/p>\n<p>&nbsp;<\/p>\n<p>&nbsp;<\/p>\n<p>******<\/p>\n","protected":false},"excerpt":{"rendered":"<p>ROCCA PIETORE \u201cCaro energia, incertezze meteo, alte temperature, ma nell\u2019Alto Agordino gli operatori della montagna hanno una preoccupazione in pi\u00f9: quella del divieto di accesso al ghiacciaio della Marmolada non ancora revocato. Se non si interviene con buon senso e velocit\u00e0, la stagione invernale \u00e8 a rischio e con essa la permanenza sul territorio di&hellip;<\/p>\n","protected":false},"author":4,"featured_media":70180,"comment_status":"closed","ping_status":"closed","sticky":false,"template":"","format":"standard","meta":{"_monsterinsights_skip_tracking":false,"_monsterinsights_sitenote_active":false,"_monsterinsights_sitenote_note":"","_monsterinsights_sitenote_category":0,"footnotes":""},"categories":[51,49],"tags":[],"class_list":["post-304835","post","type-post","status-publish","format-standard","has-post-thumbnail","hentry","category-evidenza-top","category-news-18","category-51","category-49","description-off"],"img_url":"https:\/\/www.radiopiu.net\/wordpress\/wp-content\/uploads\/2018\/12\/funivia_Marmolada.jpg","_links":{"self":[{"href":"https:\/\/www.radiopiu.net\/wordpress\/wp-json\/wp\/v2\/posts\/304835","targetHints":{"allow":["GET"]}}],"collection":[{"href":"https:\/\/www.radiopiu.net\/wordpress\/wp-json\/wp\/v2\/posts"}],"about":[{"href":"https:\/\/www.radiopiu.net\/wordpress\/wp-json\/wp\/v2\/types\/post"}],"author":[{"embeddable":true,"href":"https:\/\/www.radiopiu.net\/wordpress\/wp-json\/wp\/v2\/users\/4"}],"replies":[{"embeddable":true,"href":"https:\/\/www.radiopiu.net\/wordpress\/wp-json\/wp\/v2\/comments?post=304835"}],"version-history":[{"count":0,"href":"https:\/\/www.radiopiu.net\/wordpress\/wp-json\/wp\/v2\/posts\/304835\/revisions"}],"wp:featuredmedia":[{"embeddable":true,"href":"https:\/\/www.radiopiu.net\/wordpress\/wp-json\/wp\/v2\/media\/70180"}],"wp:attachment":[{"href":"https:\/\/www.radiopiu.net\/wordpress\/wp-json\/wp\/v2\/media?parent=304835"}],"wp:term":[{"taxonomy":"category","embeddable":true,"href":"https:\/\/www.radiopiu.net\/wordpress\/wp-json\/wp\/v2\/categories?post=304835"},{"taxonomy":"post_tag","embeddable":true,"href":"https:\/\/www.radiopiu.net\/wordpress\/wp-json\/wp\/v2\/tags?post=304835"}],"curies":[{"name":"wp","href":"https:\/\/api.w.org\/{rel}","templated":true}]}}