{"id":304854,"date":"2022-11-06T17:12:17","date_gmt":"2022-11-06T16:12:17","guid":{"rendered":"https:\/\/www.radiopiu.net\/wordpress\/?p=304854"},"modified":"2022-11-07T05:46:26","modified_gmt":"2022-11-07T04:46:26","slug":"in-549-a-ronchena-per-la-prova-del-campionato-provinciale-di-corsa-campestre","status":"publish","type":"post","link":"https:\/\/www.radiopiu.net\/wordpress\/in-549-a-ronchena-per-la-prova-del-campionato-provinciale-di-corsa-campestre\/","title":{"rendered":"IN 549 A RONCHENA PER LA PROVA DEL CAMPIONATO PROVINCIALE DI CORSA CAMPESTRE"},"content":{"rendered":"<p><strong><a class=\"dt-pswp-item\" href=\"https:\/\/www.radiopiu.net\/wordpress\/wp-content\/uploads\/2022\/11\/partenza-categoria-Ragazzi-ronchena-6-novembre-2022.jpg\" data-dt-img-description=\"\" data-large_image_width=\"1500\" data-large_image_height=\"1000\"><img loading=\"lazy\" decoding=\"async\" class=\" wp-image-304855 alignleft\" src=\"https:\/\/www.radiopiu.net\/wordpress\/wp-content\/uploads\/2022\/11\/partenza-categoria-Ragazzi-ronchena-6-novembre-2022-300x200.jpg\" alt=\"\" width=\"186\" height=\"124\" srcset=\"https:\/\/www.radiopiu.net\/wordpress\/wp-content\/uploads\/2022\/11\/partenza-categoria-Ragazzi-ronchena-6-novembre-2022-300x200.jpg 300w, https:\/\/www.radiopiu.net\/wordpress\/wp-content\/uploads\/2022\/11\/partenza-categoria-Ragazzi-ronchena-6-novembre-2022-1024x683.jpg 1024w, https:\/\/www.radiopiu.net\/wordpress\/wp-content\/uploads\/2022\/11\/partenza-categoria-Ragazzi-ronchena-6-novembre-2022-768x512.jpg 768w, https:\/\/www.radiopiu.net\/wordpress\/wp-content\/uploads\/2022\/11\/partenza-categoria-Ragazzi-ronchena-6-novembre-2022.jpg 1500w\" sizes=\"auto, (max-width: 186px) 100vw, 186px\" \/><\/a>BORGO VALBELLUNA <\/strong>Sono stati 549 i partecipanti alla terza prova del Campionato provinciale di corsa campestre del Centro sportivo italiano, evento proposto dal Comitato Csi di Belluno in sinergia con quello di Feltre e valido per l\u2019assegnazione del Memorial Serafino Barp (classifica a squadre dedicata alle categorie giovanili) e per l\u2019assegnazione del Trofeo Passport (classifica a squadre complessiva). Si \u00e8 trattato del record di partecipazione nelle tre gare fin qui disputate. Si \u00e8 gareggiato, in una splendida giornata di sole sull\u2019impegnativo tracciato di Ronchena di Lentiai (comune di Borgo Valbelluna), per l\u2019organizzazione del Gs La Piave 2000. Proprio la societ\u00e0 di casa \u00e8 stata la grande protagonista, imponendosi come societ\u00e0 sia nella graduatoria complessiva che in quella giovanile. Applausi anche per il Gs Astra Quero, seconda societ\u00e0 sia nella graduatoria complessiva sia in quella giovanile. Le gare individuali assolute hanno visto la vittoria di Manuela Bulf (Atletica Agordina) e di Isacco Costa (Atletica Zoldo). Il campionato provinciale di cross proporr\u00e0 altre due prove: domenica 20 novembre a Lamon (a cura dell\u2019Atletica Lamon) e domenica 27 novembre a Bribano di Sedico (organizzazione ancora a cura del Gs La Piave 2000).<\/p>\n<p>&nbsp;<\/p>\n<p>&nbsp;<\/p>\n<p>******<\/p>\n","protected":false},"excerpt":{"rendered":"<p>BORGO VALBELLUNA Sono stati 549 i partecipanti alla terza prova del Campionato provinciale di corsa campestre del Centro sportivo italiano, evento proposto dal Comitato Csi di Belluno in sinergia con quello di Feltre e valido per l\u2019assegnazione del Memorial Serafino Barp (classifica a squadre dedicata alle categorie giovanili) e per l\u2019assegnazione del Trofeo Passport (classifica&hellip;<\/p>\n","protected":false},"author":4,"featured_media":304855,"comment_status":"closed","ping_status":"closed","sticky":false,"template":"","format":"standard","meta":{"_monsterinsights_skip_tracking":false,"_monsterinsights_sitenote_active":false,"_monsterinsights_sitenote_note":"","_monsterinsights_sitenote_category":0,"footnotes":""},"categories":[104,49],"tags":[],"class_list":["post-304854","post","type-post","status-publish","format-standard","has-post-thumbnail","hentry","category-evidenza_3","category-news-18","category-104","category-49","description-off"],"img_url":"https:\/\/www.radiopiu.net\/wordpress\/wp-content\/uploads\/2022\/11\/partenza-categoria-Ragazzi-ronchena-6-novembre-2022.jpg","_links":{"self":[{"href":"https:\/\/www.radiopiu.net\/wordpress\/wp-json\/wp\/v2\/posts\/304854","targetHints":{"allow":["GET"]}}],"collection":[{"href":"https:\/\/www.radiopiu.net\/wordpress\/wp-json\/wp\/v2\/posts"}],"about":[{"href":"https:\/\/www.radiopiu.net\/wordpress\/wp-json\/wp\/v2\/types\/post"}],"author":[{"embeddable":true,"href":"https:\/\/www.radiopiu.net\/wordpress\/wp-json\/wp\/v2\/users\/4"}],"replies":[{"embeddable":true,"href":"https:\/\/www.radiopiu.net\/wordpress\/wp-json\/wp\/v2\/comments?post=304854"}],"version-history":[{"count":0,"href":"https:\/\/www.radiopiu.net\/wordpress\/wp-json\/wp\/v2\/posts\/304854\/revisions"}],"wp:featuredmedia":[{"embeddable":true,"href":"https:\/\/www.radiopiu.net\/wordpress\/wp-json\/wp\/v2\/media\/304855"}],"wp:attachment":[{"href":"https:\/\/www.radiopiu.net\/wordpress\/wp-json\/wp\/v2\/media?parent=304854"}],"wp:term":[{"taxonomy":"category","embeddable":true,"href":"https:\/\/www.radiopiu.net\/wordpress\/wp-json\/wp\/v2\/categories?post=304854"},{"taxonomy":"post_tag","embeddable":true,"href":"https:\/\/www.radiopiu.net\/wordpress\/wp-json\/wp\/v2\/tags?post=304854"}],"curies":[{"name":"wp","href":"https:\/\/api.w.org\/{rel}","templated":true}]}}