{"id":304886,"date":"2022-11-08T05:30:59","date_gmt":"2022-11-08T04:30:59","guid":{"rendered":"https:\/\/www.radiopiu.net\/wordpress\/?p=304886"},"modified":"2022-11-08T09:20:18","modified_gmt":"2022-11-08T08:20:18","slug":"giornale-radiopiu-08-novembre-2022-direttore-mirko-mezzacasa","status":"publish","type":"post","link":"https:\/\/www.radiopiu.net\/wordpress\/giornale-radiopiu-08-novembre-2022-direttore-mirko-mezzacasa\/","title":{"rendered":"GIORNALE RADIOPIU 08 NOVEMBRE 2022 DIRETTORE MIRKO MEZZACASA"},"content":{"rendered":"<h3 class=\"kvgmc6g5 cxmmr5t8 oygrvhab hcukyx3x c1et5uql\"><span style=\"color: #0000ff;\"><strong><a class=\"dt-pswp-item\" href=\"https:\/\/www.radiopiu.net\/wordpress\/wp-content\/uploads\/2022\/11\/314622330_542158854584833_3371534468523247766_n.jpg\" data-dt-img-description=\"\" data-large_image_width=\"526\" data-large_image_height=\"701\"><img loading=\"lazy\" decoding=\"async\" class=\" wp-image-305098 alignleft\" src=\"https:\/\/www.radiopiu.net\/wordpress\/wp-content\/uploads\/2022\/11\/314622330_542158854584833_3371534468523247766_n-225x300.jpg\" alt=\"\" width=\"160\" height=\"213\" srcset=\"https:\/\/www.radiopiu.net\/wordpress\/wp-content\/uploads\/2022\/11\/314622330_542158854584833_3371534468523247766_n-225x300.jpg 225w, https:\/\/www.radiopiu.net\/wordpress\/wp-content\/uploads\/2022\/11\/314622330_542158854584833_3371534468523247766_n.jpg 526w\" sizes=\"auto, (max-width: 160px) 100vw, 160px\" \/><\/a>RADIO PIU INFORMAZIONE il canale su TELEGRAM informazione di prima\u00a0 <\/strong><strong>mano e in tempo reale. iscriviti ed aiutaci a farlo conoscere\u00a0\u00a0<\/strong><\/span><\/h3>\n<p><strong>CENCENIGHE<\/strong> Christian De Biasio, &#8220;Ciccio&#8221; per gli amici, il volto noto di Oh Perbacco Wine di Cencenighe \u00e8 stato premiato alla seconda edizione del premio regionale Start&amp;Start Giovani Imprenditori. Premiato assieme alle pi\u00f9 importanti realt\u00e0 della cucina Veneta, dai pi\u00f9 grandi cuochi stellari. &#8220;\u00c8 stato un onore -dice Christian &#8211;\u00a0 soprattutto grandi emozioni. Tutti questi anni difficili , tutte le notti in bianco vengono cancellate con questo premio. Grazie a quanti mi sono sempre stati vicini, a chi crede in me, al mio staff che sta andando a mille. Grazie a chi passando all&#8217; Oh Perbacco rende grande qusta realt\u00e0 e a chi lass\u00f9 non smette di pensare a me&#8230;&#8221;<\/p>\n<p>&nbsp;<\/p>\n<p>&nbsp;<\/p>\n<p>&nbsp;<\/p>\n<blockquote>\n<h3>IN FIAMME L&#8217;ALBERGO DI PONTE SERRA<\/h3>\n<\/blockquote>\n<p><strong><a class=\"dt-pswp-item\" href=\"https:\/\/www.radiopiu.net\/wordpress\/wp-content\/uploads\/2022\/11\/Senza-nome.png\" data-dt-img-description=\"\" data-large_image_width=\"286\" data-large_image_height=\"222\"><img loading=\"lazy\" decoding=\"async\" class=\" wp-image-305134 alignleft\" src=\"https:\/\/www.radiopiu.net\/wordpress\/wp-content\/uploads\/2022\/11\/Senza-nome.png\" alt=\"\" width=\"238\" height=\"185\" \/><\/a>LAMON <\/strong>L&#8217;allarme \u00e8 scattato alle 5 di questa mattina. Sono stati evacuati con immediatezza sei ospiti, non risultano persone coinvolte o ferite. Sul posto stanno operando:\u00a0 Vigili del fuoco di Feltre, volontari Basso Feltrino, Permanenti Bassano del Grappa e 21 operatori volontari del comando di Trento con 3 autopompe, autobotte e autoscala, sul posto il Comandante Antonio Del Gallo.<\/p>\n<p><span style=\"color: #ff0000;\"><strong>DOLOMITIBUS temporaneamente interrotto il servizio della linea 26 Lamon-Fonzaso-Feltre<\/strong><\/span><\/p>\n<p><span style=\"color: #ff0000;\"><strong>\u00a0<\/strong><\/span><\/p>\n<p><strong>GALLERIA FOTO<\/strong><\/p>\n\n\t\t\t<style type='text\/css'>\n\t\t\t\t#gallery-1 {\n\t\t\t\t\tmargin: auto;\n\t\t\t\t}\n\t\t\t\t#gallery-1 .gallery-item {\n\t\t\t\t\tfloat: left;\n\t\t\t\t\tmargin-top: 10px;\n\t\t\t\t\ttext-align: center;\n\t\t\t\t\twidth: 20%;\n\t\t\t\t}\n\t\t\t\t#gallery-1 img {\n\t\t\t\t\tborder: 2px solid #cfcfcf;\n\t\t\t\t}\n\t\t\t\t#gallery-1 .gallery-caption {\n\t\t\t\t\tmargin-left: 0;\n\t\t\t\t}\n\t\t\t\t\/* see gallery_shortcode() in wp-includes\/media.php *\/\n\t\t\t<\/style>\n\t\t<div id='gallery-1' class='dt-gallery-container gallery galleryid-304886 gallery-columns-5 gallery-size-thumbnail'><dl class='gallery-item'>\n\t\t\t\t<dt class='gallery-icon landscape'>\n\t\t\t\t\t<a class=\"rollover rollover-zoom dt-pswp-item\" title=\"Senza nome\" data-dt-img-description=\"\" data-large_image_width=\"467\" data-large_image_height=\"261\"href='https:\/\/www.radiopiu.net\/wordpress\/wp-content\/uploads\/2022\/11\/Senza-nome-36.jpg'><img loading=\"lazy\" decoding=\"async\" width=\"150\" height=\"150\" src=\"https:\/\/www.radiopiu.net\/wordpress\/wp-content\/uploads\/2022\/11\/Senza-nome-36-150x150.jpg\" class=\"attachment-thumbnail size-thumbnail\" alt=\"\" \/><\/a>\n\t\t\t\t<\/dt><\/dl><dl class='gallery-item'>\n\t\t\t\t<dt class='gallery-icon landscape'>\n\t\t\t\t\t<a class=\"rollover rollover-zoom dt-pswp-item\" title=\"470ae5ee-960c-49d2-ba52-5020c215123d\" data-dt-img-description=\"\" data-large_image_width=\"1280\" data-large_image_height=\"590\"href='https:\/\/www.radiopiu.net\/wordpress\/wp-content\/uploads\/2022\/11\/470ae5ee-960c-49d2-ba52-5020c215123d.jpg'><img loading=\"lazy\" decoding=\"async\" width=\"150\" height=\"150\" src=\"https:\/\/www.radiopiu.net\/wordpress\/wp-content\/uploads\/2022\/11\/470ae5ee-960c-49d2-ba52-5020c215123d-150x150.jpg\" class=\"attachment-thumbnail size-thumbnail\" alt=\"\" \/><\/a>\n\t\t\t\t<\/dt><\/dl><dl class='gallery-item'>\n\t\t\t\t<dt class='gallery-icon landscape'>\n\t\t\t\t\t<a class=\"rollover rollover-zoom dt-pswp-item\" title=\"Senza nome\" data-dt-img-description=\"\" data-large_image_width=\"286\" data-large_image_height=\"222\"href='https:\/\/www.radiopiu.net\/wordpress\/wp-content\/uploads\/2022\/11\/Senza-nome.png'><img loading=\"lazy\" decoding=\"async\" width=\"150\" height=\"150\" src=\"https:\/\/www.radiopiu.net\/wordpress\/wp-content\/uploads\/2022\/11\/Senza-nome-150x150.png\" class=\"attachment-thumbnail size-thumbnail\" alt=\"\" \/><\/a>\n\t\t\t\t<\/dt><\/dl><dl class='gallery-item'>\n\t\t\t\t<dt class='gallery-icon landscape'>\n\t\t\t\t\t<a class=\"rollover rollover-zoom dt-pswp-item\" title=\"2fd70670-3f08-4a4a-a9be-f5cf3ed52d0c\" data-dt-img-description=\"\" data-large_image_width=\"1280\" data-large_image_height=\"590\"href='https:\/\/www.radiopiu.net\/wordpress\/wp-content\/uploads\/2022\/11\/2fd70670-3f08-4a4a-a9be-f5cf3ed52d0c.jpg'><img loading=\"lazy\" decoding=\"async\" width=\"150\" height=\"150\" src=\"https:\/\/www.radiopiu.net\/wordpress\/wp-content\/uploads\/2022\/11\/2fd70670-3f08-4a4a-a9be-f5cf3ed52d0c-150x150.jpg\" class=\"attachment-thumbnail size-thumbnail\" alt=\"\" \/><\/a>\n\t\t\t\t<\/dt><\/dl><dl class='gallery-item'>\n\t\t\t\t<dt class='gallery-icon landscape'>\n\t\t\t\t\t<a class=\"rollover rollover-zoom dt-pswp-item\" title=\"537ec9b1-7477-49a2-9741-a16b82b2cf02\" data-dt-img-description=\"\" data-large_image_width=\"1280\" data-large_image_height=\"590\"href='https:\/\/www.radiopiu.net\/wordpress\/wp-content\/uploads\/2022\/11\/537ec9b1-7477-49a2-9741-a16b82b2cf02.jpg'><img loading=\"lazy\" decoding=\"async\" width=\"150\" height=\"150\" src=\"https:\/\/www.radiopiu.net\/wordpress\/wp-content\/uploads\/2022\/11\/537ec9b1-7477-49a2-9741-a16b82b2cf02-150x150.jpg\" class=\"attachment-thumbnail size-thumbnail\" alt=\"\" \/><\/a>\n\t\t\t\t<\/dt><\/dl><br style=\"clear: both\" \/><dl class='gallery-item'>\n\t\t\t\t<dt class='gallery-icon portrait'>\n\t\t\t\t\t<a class=\"rollover rollover-zoom dt-pswp-item\" title=\"df895508-84b1-4688-9b89-35d337ac3e3d\" data-dt-img-description=\"\" data-large_image_width=\"960\" data-large_image_height=\"1280\"href='https:\/\/www.radiopiu.net\/wordpress\/wp-content\/uploads\/2022\/11\/df895508-84b1-4688-9b89-35d337ac3e3d.jpg'><img loading=\"lazy\" decoding=\"async\" width=\"150\" height=\"150\" src=\"https:\/\/www.radiopiu.net\/wordpress\/wp-content\/uploads\/2022\/11\/df895508-84b1-4688-9b89-35d337ac3e3d-150x150.jpg\" class=\"attachment-thumbnail size-thumbnail\" alt=\"\" \/><\/a>\n\t\t\t\t<\/dt><\/dl><dl class='gallery-item'>\n\t\t\t\t<dt class='gallery-icon landscape'>\n\t\t\t\t\t<a class=\"rollover rollover-zoom dt-pswp-item\" title=\"2f607000-2d44-4776-9235-7a0bd37163e4\" data-dt-img-description=\"\" data-large_image_width=\"1280\" data-large_image_height=\"590\"href='https:\/\/www.radiopiu.net\/wordpress\/wp-content\/uploads\/2022\/11\/2f607000-2d44-4776-9235-7a0bd37163e4.jpg'><img loading=\"lazy\" decoding=\"async\" width=\"150\" height=\"150\" src=\"https:\/\/www.radiopiu.net\/wordpress\/wp-content\/uploads\/2022\/11\/2f607000-2d44-4776-9235-7a0bd37163e4-150x150.jpg\" class=\"attachment-thumbnail size-thumbnail\" alt=\"\" \/><\/a>\n\t\t\t\t<\/dt><\/dl><dl class='gallery-item'>\n\t\t\t\t<dt class='gallery-icon portrait'>\n\t\t\t\t\t<a class=\"rollover rollover-zoom dt-pswp-item\" title=\"9e11b0b2-b48e-4276-babc-114d02ba7247\" data-dt-img-description=\"\" data-large_image_width=\"600\" data-large_image_height=\"800\"href='https:\/\/www.radiopiu.net\/wordpress\/wp-content\/uploads\/2022\/11\/9e11b0b2-b48e-4276-babc-114d02ba7247.jpg'><img loading=\"lazy\" decoding=\"async\" width=\"150\" height=\"150\" src=\"https:\/\/www.radiopiu.net\/wordpress\/wp-content\/uploads\/2022\/11\/9e11b0b2-b48e-4276-babc-114d02ba7247-150x150.jpg\" class=\"attachment-thumbnail size-thumbnail\" alt=\"\" \/><\/a>\n\t\t\t\t<\/dt><\/dl><dl class='gallery-item'>\n\t\t\t\t<dt class='gallery-icon landscape'>\n\t\t\t\t\t<a class=\"rollover rollover-zoom dt-pswp-item\" title=\"0a676edd-676a-4376-a12c-c6a6a230b260\" data-dt-img-description=\"\" data-large_image_width=\"800\" data-large_image_height=\"600\"href='https:\/\/www.radiopiu.net\/wordpress\/wp-content\/uploads\/2022\/11\/0a676edd-676a-4376-a12c-c6a6a230b260.jpg'><img loading=\"lazy\" decoding=\"async\" width=\"150\" height=\"150\" src=\"https:\/\/www.radiopiu.net\/wordpress\/wp-content\/uploads\/2022\/11\/0a676edd-676a-4376-a12c-c6a6a230b260-150x150.jpg\" class=\"attachment-thumbnail size-thumbnail\" alt=\"\" \/><\/a>\n\t\t\t\t<\/dt><\/dl>\n\t\t\t\t<br style='clear: both' \/>\n\t\t\t<\/div>\n\n<p>&nbsp;<\/p>\n<p>&nbsp;<\/p>\n<hr \/>\n<p>&nbsp;<\/p>\n<blockquote>\n<h3><a class=\"dt-pswp-item\" href=\"https:\/\/www.radiopiu.net\/wordpress\/wp-content\/uploads\/2021\/12\/NEVE-STRADA.jpg\" data-dt-img-description=\"\" data-large_image_width=\"1920\" data-large_image_height=\"1280\"><img loading=\"lazy\" decoding=\"async\" class=\" wp-image-247467 alignleft\" src=\"https:\/\/www.radiopiu.net\/wordpress\/wp-content\/uploads\/2021\/12\/NEVE-STRADA-300x200.jpg\" alt=\"\" width=\"140\" height=\"93\" srcset=\"https:\/\/www.radiopiu.net\/wordpress\/wp-content\/uploads\/2021\/12\/NEVE-STRADA-300x200.jpg 300w, https:\/\/www.radiopiu.net\/wordpress\/wp-content\/uploads\/2021\/12\/NEVE-STRADA-1024x683.jpg 1024w, https:\/\/www.radiopiu.net\/wordpress\/wp-content\/uploads\/2021\/12\/NEVE-STRADA-768x512.jpg 768w, https:\/\/www.radiopiu.net\/wordpress\/wp-content\/uploads\/2021\/12\/NEVE-STRADA-1536x1024.jpg 1536w, https:\/\/www.radiopiu.net\/wordpress\/wp-content\/uploads\/2021\/12\/NEVE-STRADA.jpg 1920w\" sizes=\"auto, (max-width: 140px) 100vw, 140px\" \/><\/a>DAL 15 NOVEMBRE SI VIAGGIA SOLO CON PNEUMATICI INVERNALI O CATENE A BORDO<\/h3>\n<\/blockquote>\n<p><strong>SEDICO<\/strong> Veneto Strade ricorda che a partire dal 15 novembre 2022 e fino al 15 aprile 2023 vige l&#8217;obbligo di circolare sulla strade con pneumatici invernali o in alternativa di avere le catene da neve a bordo. L&#8217;obbligo non solo sulle strade di competenza di Veneto Strade ma anche per la rete stradale ANAS e il tratto stradale dell&#8217;autostrada A27.<\/p>\n<p>&nbsp;<\/p>\n<p>&nbsp;<\/p>\n<hr \/>\n<p>&nbsp;<\/p>\n<p><strong><a class=\"dt-pswp-item\" href=\"https:\/\/www.radiopiu.net\/wordpress\/wp-content\/uploads\/2021\/09\/IMG-20210910-WA0003.jpg\" data-dt-img-description=\"\" data-large_image_width=\"1600\" data-large_image_height=\"900\"><img loading=\"lazy\" decoding=\"async\" class=\"wp-image-232359 alignleft\" src=\"https:\/\/www.radiopiu.net\/wordpress\/wp-content\/uploads\/2021\/09\/IMG-20210910-WA0003-300x169.jpg\" alt=\"\" width=\"108\" height=\"61\" srcset=\"https:\/\/www.radiopiu.net\/wordpress\/wp-content\/uploads\/2021\/09\/IMG-20210910-WA0003-300x169.jpg 300w, https:\/\/www.radiopiu.net\/wordpress\/wp-content\/uploads\/2021\/09\/IMG-20210910-WA0003-1024x576.jpg 1024w, https:\/\/www.radiopiu.net\/wordpress\/wp-content\/uploads\/2021\/09\/IMG-20210910-WA0003-768x432.jpg 768w, https:\/\/www.radiopiu.net\/wordpress\/wp-content\/uploads\/2021\/09\/IMG-20210910-WA0003-1536x864.jpg 1536w, https:\/\/www.radiopiu.net\/wordpress\/wp-content\/uploads\/2021\/09\/IMG-20210910-WA0003.jpg 1600w\" sizes=\"auto, (max-width: 108px) 100vw, 108px\" \/><\/a>ROCCA PIETORE<\/strong> Gestione Servizi Pubblici informa che, per lavori alla rete idrica comunale, domani dalle 8 al termine dei lavori\u00a0 potrebbe mancare l&#8217;acqua\u00a0 nelle localit\u00e0 SOTTOGUDA, PIAN, PALUE, BOSCO VERDE, SAS NEGHER, COL DI ROCCA, SORAR\u00d9, CAPOLUOGO e PEZZ\u00c8.<\/p>\n<p>&nbsp;<\/p>\n<p><strong>BELLUNO<\/strong> Nuovi orari alla Motorizzazione Civile: martedi\u00a0 e giovedi dalle 8.30 alle 12.G<span id=\"page3R_mcid12\" class=\"markedContent\"><span dir=\"ltr\" role=\"presentation\">arantito il servizio pubblico sia in front office sia in back office, assicurando nel <\/span><span dir=\"ltr\" role=\"presentation\">contempo l\u2019attivit\u00e0 di esami per patenti, nonch\u00e9 di collaudi e revisioni veicoli.<\/span><\/span><\/p>\n<p>&nbsp;<\/p>\n<p>&nbsp;<\/p>\n<hr \/>\n<p>&nbsp;<\/p>\n<blockquote>\n<h3>ADDIO AD UNA DONNA CORAGGIO, ALPAGO IN LACRIME<\/h3>\n<\/blockquote>\n<p><strong>ALPAGO<\/strong> Abbiamo avuto l&#8217;onore non solo l&#8217;occasione di conoscere Ives Soccal due anni fa, in un&#8217;intervista realizzata nello studio di Radio Pi\u00f9. Con coraggio, sensibilit\u00e0 e grande forza d&#8217;animo ci aveva raccontato i drammi di chi \u00e8 toccato dal tumore alla mammella, con orgoglio ci aveva parlato della sua &#8220;onda rosa&#8221;. Ieri i abbiamo appreso la triste notizia della sua scomparsa a soli\u00a0 47 anni, consumata da una terribile malattia \u00a0affrontata con coraggio. Ives era\u00a0 un punto di riferimento\u00a0 della Onda Rosa Aps,\u00a0 l\u2019associazione, presieduta dalla dottoressa Caterina Fontanella anche lei due anni fa nello studio della nostra emittente.\u00a0 Ives lascia le figlie Giulia, Diana e Mery e il marito Andrea Barattin. Lavorava alla Marcolin.\u00a0 L\u2019esequie verranno celebrate oggi\u00a0 alle 15, nella chiesa arcipretale di Pieve d\u2019Alpago: le eventuali offerte saranno devolute ad Adimed (Assistenza Domiciliare Integrata Medica) e all\u2019associazione Onda Rosa.<\/p>\n<p>&nbsp;<\/p>\n<blockquote><p><em><strong>DALLA PAGINA FACEBOOK ONDA ROSA&#8230;<\/strong><\/em><\/p>\n<p><em><strong> VOCE BRUNELLA MORO<\/strong><\/em><\/p><\/blockquote>\n<audio class=\"wp-audio-shortcode\" id=\"audio-304886-1\" preload=\"none\" style=\"width: 100%;\" controls=\"controls\"><source type=\"audio\/mpeg\" src=\"https:\/\/www.radiopiu.net\/wordpress\/wp-content\/uploads\/2022\/11\/ONDA-ROSA-BRUNELLA.mp3?_=1\" \/><a href=\"https:\/\/www.radiopiu.net\/wordpress\/wp-content\/uploads\/2022\/11\/ONDA-ROSA-BRUNELLA.mp3\">https:\/\/www.radiopiu.net\/wordpress\/wp-content\/uploads\/2022\/11\/ONDA-ROSA-BRUNELLA.mp3<\/a><\/audio>\n<p>&nbsp;<\/p>\n<p>&nbsp;<\/p>\n<p><a class=\"dt-pswp-item\" href=\"https:\/\/www.radiopiu.net\/wordpress\/wp-content\/uploads\/2020\/10\/Senza-nome.jpg\" data-dt-img-description=\"\" data-large_image_width=\"533\" data-large_image_height=\"351\"><img loading=\"lazy\" decoding=\"async\" class=\"size-medium wp-image-305049 aligncenter\" src=\"https:\/\/www.radiopiu.net\/wordpress\/wp-content\/uploads\/2020\/10\/Senza-nome-300x198.jpg\" alt=\"\" width=\"300\" height=\"198\" srcset=\"https:\/\/www.radiopiu.net\/wordpress\/wp-content\/uploads\/2020\/10\/Senza-nome-300x198.jpg 300w, https:\/\/www.radiopiu.net\/wordpress\/wp-content\/uploads\/2020\/10\/Senza-nome.jpg 533w\" sizes=\"auto, (max-width: 300px) 100vw, 300px\" \/><\/a><\/p>\n<blockquote><p><em>\u00abRidare un piccolo sorriso a una donna che sta attraversando il girone dell\u2019inferno, mi gratifica di tanta sofferenza vissuta\u00bb.\u00a0<\/em><\/p><\/blockquote>\n<p>di Mirko Mezzacasa<\/p>\n<audio class=\"wp-audio-shortcode\" id=\"audio-304886-2\" preload=\"none\" style=\"width: 100%;\" controls=\"controls\"><source type=\"audio\/mpeg\" src=\"https:\/\/www.radiopiu.net\/wordpress\/wp-content\/uploads\/2020\/10\/onda-ROSAbelluno.mp3?_=2\" \/><a href=\"https:\/\/www.radiopiu.net\/wordpress\/wp-content\/uploads\/2020\/10\/onda-ROSAbelluno.mp3\">https:\/\/www.radiopiu.net\/wordpress\/wp-content\/uploads\/2020\/10\/onda-ROSAbelluno.mp3<\/a><\/audio>\n<p>&nbsp;<\/p>\n\n\t\t\t<style type='text\/css'>\n\t\t\t\t#gallery-2 {\n\t\t\t\t\tmargin: auto;\n\t\t\t\t}\n\t\t\t\t#gallery-2 .gallery-item {\n\t\t\t\t\tfloat: left;\n\t\t\t\t\tmargin-top: 10px;\n\t\t\t\t\ttext-align: center;\n\t\t\t\t\twidth: 50%;\n\t\t\t\t}\n\t\t\t\t#gallery-2 img {\n\t\t\t\t\tborder: 2px solid #cfcfcf;\n\t\t\t\t}\n\t\t\t\t#gallery-2 .gallery-caption {\n\t\t\t\t\tmargin-left: 0;\n\t\t\t\t}\n\t\t\t\t\/* see gallery_shortcode() in wp-includes\/media.php *\/\n\t\t\t<\/style>\n\t\t<div id='gallery-2' class='dt-gallery-container gallery galleryid-304886 gallery-columns-2 gallery-size-thumbnail'><dl class='gallery-item'>\n\t\t\t\t<dt class='gallery-icon landscape'>\n\t\t\t\t\t<a class=\"rollover rollover-zoom dt-pswp-item\" title=\"cd6870b0-e3d1-406a-ae66-3ae3bcbc339f\" data-dt-img-description=\"\" data-large_image_width=\"628\" data-large_image_height=\"623\"href='https:\/\/www.radiopiu.net\/wordpress\/wp-content\/uploads\/2020\/10\/cd6870b0-e3d1-406a-ae66-3ae3bcbc339f.jpg'><img loading=\"lazy\" decoding=\"async\" width=\"150\" height=\"150\" src=\"https:\/\/www.radiopiu.net\/wordpress\/wp-content\/uploads\/2020\/10\/cd6870b0-e3d1-406a-ae66-3ae3bcbc339f-150x150.jpg\" class=\"attachment-thumbnail size-thumbnail\" alt=\"\" srcset=\"https:\/\/www.radiopiu.net\/wordpress\/wp-content\/uploads\/2020\/10\/cd6870b0-e3d1-406a-ae66-3ae3bcbc339f-150x150.jpg 150w, https:\/\/www.radiopiu.net\/wordpress\/wp-content\/uploads\/2020\/10\/cd6870b0-e3d1-406a-ae66-3ae3bcbc339f-300x298.jpg 300w, https:\/\/www.radiopiu.net\/wordpress\/wp-content\/uploads\/2020\/10\/cd6870b0-e3d1-406a-ae66-3ae3bcbc339f.jpg 628w\" sizes=\"auto, (max-width: 150px) 100vw, 150px\" \/><\/a>\n\t\t\t\t<\/dt><\/dl><dl class='gallery-item'>\n\t\t\t\t<dt class='gallery-icon landscape'>\n\t\t\t\t\t<a class=\"rollover rollover-zoom dt-pswp-item\" title=\"de304cf7-4248-4dd6-9cb8-aefd8174f9f3\" data-dt-img-description=\"\" data-large_image_width=\"1599\" data-large_image_height=\"799\"href='https:\/\/www.radiopiu.net\/wordpress\/wp-content\/uploads\/2020\/10\/de304cf7-4248-4dd6-9cb8-aefd8174f9f3.jpg'><img loading=\"lazy\" decoding=\"async\" width=\"150\" height=\"150\" src=\"https:\/\/www.radiopiu.net\/wordpress\/wp-content\/uploads\/2020\/10\/de304cf7-4248-4dd6-9cb8-aefd8174f9f3-150x150.jpg\" class=\"attachment-thumbnail size-thumbnail\" alt=\"\" \/><\/a>\n\t\t\t\t<\/dt><\/dl><br style=\"clear: both\" \/>\n\t\t\t<\/div>\n\n<hr \/>\n<p>&nbsp;<\/p>\n<blockquote>\n<h3>CARO ENERGIA, NON CI SARA&#8217; NESSUNA SERRATA,\u00a0 MANCA &#8216; IL SENSO DI COMUNITA&#8217;<strong style=\"font-size: 14px;\">\u00a0<\/strong><\/h3>\n<\/blockquote>\n<p><strong>RIVAMONTE<\/strong><\/p>\n<p><strong>DI GIANNI SANTOMASO<\/strong><\/p>\n<audio class=\"wp-audio-shortcode\" id=\"audio-304886-3\" preload=\"none\" style=\"width: 100%;\" controls=\"controls\"><source type=\"audio\/mpeg\" src=\"https:\/\/www.radiopiu.net\/wordpress\/wp-content\/uploads\/2022\/11\/gianni-rivamonte.mp3?_=3\" \/><a href=\"https:\/\/www.radiopiu.net\/wordpress\/wp-content\/uploads\/2022\/11\/gianni-rivamonte.mp3\">https:\/\/www.radiopiu.net\/wordpress\/wp-content\/uploads\/2022\/11\/gianni-rivamonte.mp3<\/a><\/audio>\n<p>&nbsp;<\/p>\n<blockquote>\n<blockquote><p><em><span dir=\"ltr\" role=\"presentation\">&#8220;La consapevolezza che sia un momento davvero difficile \u00e8 chiara, ma \u00e8 <\/span><span dir=\"ltr\" role=\"presentation\">altrettanto chiaro che morire in silenzio non \u00e8 la scelta migliore&#8221;.\u00a0<\/span><\/em><\/p>\n<p>&nbsp;<\/p><\/blockquote>\n<p><span dir=\"ltr\" role=\"presentation\"><img loading=\"lazy\" decoding=\"async\" class=\"aligncenter\" src=\"https:\/\/www.radiopiu.net\/wordpress\/wp-content\/uploads\/2022\/11\/Senza-nome-32.jpg\" width=\"416\" height=\"167\" \/><\/span><\/p>\n<blockquote><p><em>&#8220;Sconsigliata la strada di non pagare le bollette. Ci si accontenta delle piccole conquiste&#8230;&#8221;<\/em><\/p><\/blockquote>\n<p>&nbsp;<\/p><\/blockquote>\n<p><strong>LA DIRETTA SUI CANALI FACEBOOK<\/strong><\/p>\n<p>https:\/\/www.facebook.com\/marco.baghy.1\/videos\/369423135365520\/?<\/p>\n<p>&nbsp;<\/p>\n<p>&nbsp;<\/p>\n\n\t\t\t<style type='text\/css'>\n\t\t\t\t#gallery-3 {\n\t\t\t\t\tmargin: auto;\n\t\t\t\t}\n\t\t\t\t#gallery-3 .gallery-item {\n\t\t\t\t\tfloat: left;\n\t\t\t\t\tmargin-top: 10px;\n\t\t\t\t\ttext-align: center;\n\t\t\t\t\twidth: 33%;\n\t\t\t\t}\n\t\t\t\t#gallery-3 img {\n\t\t\t\t\tborder: 2px solid #cfcfcf;\n\t\t\t\t}\n\t\t\t\t#gallery-3 .gallery-caption {\n\t\t\t\t\tmargin-left: 0;\n\t\t\t\t}\n\t\t\t\t\/* see gallery_shortcode() in wp-includes\/media.php *\/\n\t\t\t<\/style>\n\t\t<div id='gallery-3' class='dt-gallery-container gallery galleryid-304886 gallery-columns-3 gallery-size-thumbnail'><dl class='gallery-item'>\n\t\t\t\t<dt class='gallery-icon landscape'>\n\t\t\t\t\t<a class=\"rollover rollover-zoom dt-pswp-item\" title=\"16a1bb57-6de7-4ef0-8dfd-309e6a63b6ec\" data-dt-img-description=\"\" data-large_image_width=\"1600\" data-large_image_height=\"901\"href='https:\/\/www.radiopiu.net\/wordpress\/wp-content\/uploads\/2022\/11\/16a1bb57-6de7-4ef0-8dfd-309e6a63b6ec.jpg'><img loading=\"lazy\" decoding=\"async\" width=\"150\" height=\"150\" src=\"https:\/\/www.radiopiu.net\/wordpress\/wp-content\/uploads\/2022\/11\/16a1bb57-6de7-4ef0-8dfd-309e6a63b6ec-150x150.jpg\" class=\"attachment-thumbnail size-thumbnail\" alt=\"\" \/><\/a>\n\t\t\t\t<\/dt><\/dl><dl class='gallery-item'>\n\t\t\t\t<dt class='gallery-icon landscape'>\n\t\t\t\t\t<a class=\"rollover rollover-zoom dt-pswp-item\" title=\"b5faa745-29d9-4fad-bb3d-333d09fa2a4f\" data-dt-img-description=\"\" data-large_image_width=\"1600\" data-large_image_height=\"901\"href='https:\/\/www.radiopiu.net\/wordpress\/wp-content\/uploads\/2022\/11\/b5faa745-29d9-4fad-bb3d-333d09fa2a4f.jpg'><img loading=\"lazy\" decoding=\"async\" width=\"150\" height=\"150\" src=\"https:\/\/www.radiopiu.net\/wordpress\/wp-content\/uploads\/2022\/11\/b5faa745-29d9-4fad-bb3d-333d09fa2a4f-150x150.jpg\" class=\"attachment-thumbnail size-thumbnail\" alt=\"\" \/><\/a>\n\t\t\t\t<\/dt><\/dl><dl class='gallery-item'>\n\t\t\t\t<dt class='gallery-icon portrait'>\n\t\t\t\t\t<a class=\"rollover rollover-zoom dt-pswp-item\" title=\"d3a14de8-5d49-4ec3-bd5c-026e9549c90f\" data-dt-img-description=\"\" data-large_image_width=\"901\" data-large_image_height=\"1600\"href='https:\/\/www.radiopiu.net\/wordpress\/wp-content\/uploads\/2022\/11\/d3a14de8-5d49-4ec3-bd5c-026e9549c90f.jpg'><img loading=\"lazy\" decoding=\"async\" width=\"150\" height=\"150\" src=\"https:\/\/www.radiopiu.net\/wordpress\/wp-content\/uploads\/2022\/11\/d3a14de8-5d49-4ec3-bd5c-026e9549c90f-150x150.jpg\" class=\"attachment-thumbnail size-thumbnail\" alt=\"\" \/><\/a>\n\t\t\t\t<\/dt><\/dl><br style=\"clear: both\" \/>\n\t\t\t<\/div>\n\n<p>&nbsp;<\/p>\n<p>&nbsp;<\/p>\n<p>&nbsp;<\/p>\n<hr \/>\n<p>&nbsp;<\/p>\n<blockquote>\n<h3>LA PASSERELLA SUL TORRENTE TEGNAS TORNA AL SUO POSTO DOPO I LAVORI DI RESTAURO<\/h3>\n<\/blockquote>\n<p><strong>TAIBON<\/strong> Sono terminati i lavori di sistemazione della passerella sul torrente Tegnas a Taibon. Il ponte in legno \u00e8 stato rimesso a nuovo. Sono state sostituite le travi in legno che attraversano il ponte pedonale e anche quelle ai lati lungo la parte esterna. Un mese di lavori per concludere il restauro ed ora la passerella ricollega il campo sportivo con i nuovi impianti sportivi di Taibon. Manca solo il collaudo e poi potr\u00e0 essere di nuovo riutilizzato da tutti.<\/p>\n\n\t\t\t<style type='text\/css'>\n\t\t\t\t#gallery-4 {\n\t\t\t\t\tmargin: auto;\n\t\t\t\t}\n\t\t\t\t#gallery-4 .gallery-item {\n\t\t\t\t\tfloat: left;\n\t\t\t\t\tmargin-top: 10px;\n\t\t\t\t\ttext-align: center;\n\t\t\t\t\twidth: 50%;\n\t\t\t\t}\n\t\t\t\t#gallery-4 img {\n\t\t\t\t\tborder: 2px solid #cfcfcf;\n\t\t\t\t}\n\t\t\t\t#gallery-4 .gallery-caption {\n\t\t\t\t\tmargin-left: 0;\n\t\t\t\t}\n\t\t\t\t\/* see gallery_shortcode() in wp-includes\/media.php *\/\n\t\t\t<\/style>\n\t\t<div id='gallery-4' class='dt-gallery-container gallery galleryid-304886 gallery-columns-2 gallery-size-medium'><dl class='gallery-item'>\n\t\t\t\t<dt class='gallery-icon landscape'>\n\t\t\t\t\t<a class=\"rollover rollover-zoom dt-pswp-item\" title=\"af8e1d6d-a1aa-41a8-9ffd-e0be1a490750\" data-dt-img-description=\"\" data-large_image_width=\"1024\" data-large_image_height=\"768\"href='https:\/\/www.radiopiu.net\/wordpress\/wp-content\/uploads\/2022\/11\/af8e1d6d-a1aa-41a8-9ffd-e0be1a490750.jpg'><img loading=\"lazy\" decoding=\"async\" width=\"300\" height=\"225\" src=\"https:\/\/www.radiopiu.net\/wordpress\/wp-content\/uploads\/2022\/11\/af8e1d6d-a1aa-41a8-9ffd-e0be1a490750-300x225.jpg\" class=\"attachment-medium size-medium\" alt=\"\" srcset=\"https:\/\/www.radiopiu.net\/wordpress\/wp-content\/uploads\/2022\/11\/af8e1d6d-a1aa-41a8-9ffd-e0be1a490750-300x225.jpg 300w, https:\/\/www.radiopiu.net\/wordpress\/wp-content\/uploads\/2022\/11\/af8e1d6d-a1aa-41a8-9ffd-e0be1a490750-768x576.jpg 768w, https:\/\/www.radiopiu.net\/wordpress\/wp-content\/uploads\/2022\/11\/af8e1d6d-a1aa-41a8-9ffd-e0be1a490750.jpg 1024w\" sizes=\"auto, (max-width: 300px) 100vw, 300px\" \/><\/a>\n\t\t\t\t<\/dt><\/dl><dl class='gallery-item'>\n\t\t\t\t<dt class='gallery-icon landscape'>\n\t\t\t\t\t<a class=\"rollover rollover-zoom dt-pswp-item\" title=\"5d4b6e0f-ff27-4382-b807-8ca5640524a3\" data-dt-img-description=\"\" data-large_image_width=\"1024\" data-large_image_height=\"768\"href='https:\/\/www.radiopiu.net\/wordpress\/wp-content\/uploads\/2022\/11\/5d4b6e0f-ff27-4382-b807-8ca5640524a3.jpg'><img loading=\"lazy\" decoding=\"async\" width=\"300\" height=\"225\" src=\"https:\/\/www.radiopiu.net\/wordpress\/wp-content\/uploads\/2022\/11\/5d4b6e0f-ff27-4382-b807-8ca5640524a3-300x225.jpg\" class=\"attachment-medium size-medium\" alt=\"\" srcset=\"https:\/\/www.radiopiu.net\/wordpress\/wp-content\/uploads\/2022\/11\/5d4b6e0f-ff27-4382-b807-8ca5640524a3-300x225.jpg 300w, https:\/\/www.radiopiu.net\/wordpress\/wp-content\/uploads\/2022\/11\/5d4b6e0f-ff27-4382-b807-8ca5640524a3-768x576.jpg 768w, https:\/\/www.radiopiu.net\/wordpress\/wp-content\/uploads\/2022\/11\/5d4b6e0f-ff27-4382-b807-8ca5640524a3.jpg 1024w\" sizes=\"auto, (max-width: 300px) 100vw, 300px\" \/><\/a>\n\t\t\t\t<\/dt><\/dl><br style=\"clear: both\" \/>\n\t\t\t<\/div>\n\n<p><strong>IL VIDEO DELLA POSA<\/strong><\/p>\n<div style=\"width: 848px;\" class=\"wp-video\"><video class=\"wp-video-shortcode\" id=\"video-304886-1\" width=\"848\" height=\"480\" preload=\"metadata\" controls=\"controls\"><source type=\"video\/mp4\" src=\"https:\/\/www.radiopiu.net\/wordpress\/wp-content\/uploads\/2022\/11\/WhatsApp-Video-2022-11-07-at-09.50.10.mp4?_=1\" \/><a href=\"https:\/\/www.radiopiu.net\/wordpress\/wp-content\/uploads\/2022\/11\/WhatsApp-Video-2022-11-07-at-09.50.10.mp4\">https:\/\/www.radiopiu.net\/wordpress\/wp-content\/uploads\/2022\/11\/WhatsApp-Video-2022-11-07-at-09.50.10.mp4<\/a><\/video><\/div>\n<p>&nbsp;<\/p>\n<hr \/>\n<p>&nbsp;<\/p>\n<blockquote>\n<h3>BELLUNO TORNA SUL PODIO DELLA CLASSIFICA DI LEGAMBIENTE<\/h3>\n<\/blockquote>\n<p>&nbsp;<\/p>\n<p align=\"CENTER\"><em><strong><span style=\"color: #000000;\">Il Capoluogo \u00e8 passato dall\u2019ottavo al terzo posto<\/span><\/strong><\/em><\/p>\n<p style=\"text-align: left;\" align=\"CENTER\"><strong>DI DANIELE DALVIT<\/strong><\/p>\n<audio class=\"wp-audio-shortcode\" id=\"audio-304886-4\" preload=\"none\" style=\"width: 100%;\" controls=\"controls\"><source type=\"audio\/mpeg\" src=\"https:\/\/www.radiopiu.net\/wordpress\/wp-content\/uploads\/2022\/11\/DANIELE-DAL-VIT.mp3?_=4\" \/><a href=\"https:\/\/www.radiopiu.net\/wordpress\/wp-content\/uploads\/2022\/11\/DANIELE-DAL-VIT.mp3\">https:\/\/www.radiopiu.net\/wordpress\/wp-content\/uploads\/2022\/11\/DANIELE-DAL-VIT.mp3<\/a><\/audio>\n<p>&nbsp;<\/p>\n<p align=\"CENTER\"><strong><img decoding=\"async\" class=\"\" src=\"https:\/\/www.radiopiu.net\/wordpress\/wp-content\/uploads\/2022\/11\/Ecosistema-2022.jpeg\" \/><\/strong><\/p>\n<p style=\"text-align: left;\" align=\"CENTER\"><strong>\u00a0<\/strong><\/p>\n<p style=\"text-align: left;\" align=\"CENTER\"><strong>IL SINDACO OSCAR DE PELLEGRIN\u00a0<\/strong><\/p>\n<audio class=\"wp-audio-shortcode\" id=\"audio-304886-5\" preload=\"none\" style=\"width: 100%;\" controls=\"controls\"><source type=\"audio\/mpeg\" src=\"https:\/\/www.radiopiu.net\/wordpress\/wp-content\/uploads\/2022\/11\/OASCA.mp3?_=5\" \/><a href=\"https:\/\/www.radiopiu.net\/wordpress\/wp-content\/uploads\/2022\/11\/OASCA.mp3\">https:\/\/www.radiopiu.net\/wordpress\/wp-content\/uploads\/2022\/11\/OASCA.mp3<\/a><\/audio>\n<p style=\"text-align: left;\" align=\"CENTER\"><strong>L&#8217;ASSESSORE LORENZA DE KUNOVICH<\/strong><\/p>\n<audio class=\"wp-audio-shortcode\" id=\"audio-304886-6\" preload=\"none\" style=\"width: 100%;\" controls=\"controls\"><source type=\"audio\/mpeg\" src=\"https:\/\/www.radiopiu.net\/wordpress\/wp-content\/uploads\/2022\/11\/KUNOVICH.mp3?_=6\" \/><a href=\"https:\/\/www.radiopiu.net\/wordpress\/wp-content\/uploads\/2022\/11\/KUNOVICH.mp3\">https:\/\/www.radiopiu.net\/wordpress\/wp-content\/uploads\/2022\/11\/KUNOVICH.mp3<\/a><\/audio>\n<p>&nbsp;<\/p>\n<p><strong>IL PRESIDENTE DELLA PROVINCIA, ROBERTO PADRIN<\/strong><\/p>\n<audio class=\"wp-audio-shortcode\" id=\"audio-304886-7\" preload=\"none\" style=\"width: 100%;\" controls=\"controls\"><source type=\"audio\/mpeg\" src=\"https:\/\/www.radiopiu.net\/wordpress\/wp-content\/uploads\/2022\/11\/PADRIN-QUALITA.mp3?_=7\" \/><a href=\"https:\/\/www.radiopiu.net\/wordpress\/wp-content\/uploads\/2022\/11\/PADRIN-QUALITA.mp3\">https:\/\/www.radiopiu.net\/wordpress\/wp-content\/uploads\/2022\/11\/PADRIN-QUALITA.mp3<\/a><\/audio>\n<p>&nbsp;<\/p>\n<hr \/>\n<p>&nbsp;<\/p>\n<p>&nbsp;<\/p>\n<blockquote>\n<h3 style=\"text-align: center;\"><strong><img loading=\"lazy\" decoding=\"async\" class=\"alignleft\" src=\"https:\/\/www.radiopiu.net\/wordpress\/wp-content\/uploads\/2022\/06\/CERAMICA-DOLOMITE.jpg\" width=\"157\" height=\"77\" \/><\/strong>RIPARTENZA CERAMICA DOLOMITE. NEL SEGNO E RICORDO DI LEONARDO DEL VECCHIO<\/h3>\n<\/blockquote>\n<p><strong>DI MORENO GIOLI<\/strong><\/p>\n<audio class=\"wp-audio-shortcode\" id=\"audio-304886-8\" preload=\"none\" style=\"width: 100%;\" controls=\"controls\"><source type=\"audio\/mpeg\" src=\"https:\/\/www.radiopiu.net\/wordpress\/wp-content\/uploads\/2022\/11\/MORENO-CERAMICA.mp3?_=8\" \/><a href=\"https:\/\/www.radiopiu.net\/wordpress\/wp-content\/uploads\/2022\/11\/MORENO-CERAMICA.mp3\">https:\/\/www.radiopiu.net\/wordpress\/wp-content\/uploads\/2022\/11\/MORENO-CERAMICA.mp3<\/a><\/audio>\n<p>&nbsp;<\/p>\n<p><strong>IL PRESIDENTE DELLA PROVINCIA ROBERTO PADRIN\u00a0<\/strong><\/p>\n<div><\/div>\n<audio class=\"wp-audio-shortcode\" id=\"audio-304886-9\" preload=\"none\" style=\"width: 100%;\" controls=\"controls\"><source type=\"audio\/mpeg\" src=\"https:\/\/www.radiopiu.net\/wordpress\/wp-content\/uploads\/2022\/11\/CERAMICA-PADRIN.mp3?_=9\" \/><a href=\"https:\/\/www.radiopiu.net\/wordpress\/wp-content\/uploads\/2022\/11\/CERAMICA-PADRIN.mp3\">https:\/\/www.radiopiu.net\/wordpress\/wp-content\/uploads\/2022\/11\/CERAMICA-PADRIN.mp3<\/a><\/audio>\n<p>&nbsp;<\/p>\n<p>&nbsp;<\/p>\n<p>&nbsp;<\/p>\n<p>&nbsp;<\/p>\n<hr \/>\n<p>&nbsp;<\/p>\n<blockquote>\n<h3>CONSIGLIO DI BACINO, IL MESSAGGIO POLITICO DALL&#8217;AGORDINO<\/h3>\n<\/blockquote>\n<p><strong><img loading=\"lazy\" decoding=\"async\" class=\"alignleft\" src=\"https:\/\/www.radiopiu.net\/wordpress\/wp-content\/uploads\/2022\/11\/Senza-nome-31.jpg\" width=\"183\" height=\"109\" \/>AGORDO<\/strong><\/p>\n<p>&nbsp;<\/p>\n<p>&nbsp;<\/p>\n<p>&nbsp;<\/p>\n<p><strong>DI GIANNI SANTOMASO<\/strong><\/p>\n<audio class=\"wp-audio-shortcode\" id=\"audio-304886-10\" preload=\"none\" style=\"width: 100%;\" controls=\"controls\"><source type=\"audio\/mpeg\" src=\"https:\/\/www.radiopiu.net\/wordpress\/wp-content\/uploads\/2022\/11\/GIANNI-UNIONE-MONTANA.mp3?_=10\" \/><a href=\"https:\/\/www.radiopiu.net\/wordpress\/wp-content\/uploads\/2022\/11\/GIANNI-UNIONE-MONTANA.mp3\">https:\/\/www.radiopiu.net\/wordpress\/wp-content\/uploads\/2022\/11\/GIANNI-UNIONE-MONTANA.mp3<\/a><\/audio>\n<p>&nbsp;<\/p>\n<blockquote><p><strong>LE DIRETTE DI RADIOPIU, IL CONSIGLIO DELL&#8217;UNIONE MONTANA AGORDINA DALLA SALA DON TAMIS<\/strong><\/p><\/blockquote>\n<p>https:\/\/www.facebook.com\/marco.baghy.1\/videos\/2385560351599050<\/p>\n<p>&nbsp;<\/p>\n<p>&nbsp;<\/p>\n<hr \/>\n<p>&nbsp;<\/p>\n<blockquote>\n<h2>NEVEGAL: NESSUN CONTRIBUTO E CANONE ALLE STELLE<\/h2>\n<\/blockquote>\n<blockquote><p><strong><img loading=\"lazy\" decoding=\"async\" class=\"alignleft\" src=\"https:\/\/www.radiopiu.net\/wordpress\/wp-content\/uploads\/2019\/09\/nevegal-visentin-nogherazza.jpg\" width=\"173\" height=\"129\" \/>BELLUNO<\/strong><\/p><\/blockquote>\n<p><strong>DI MORENO GIOLI<\/strong><\/p>\n<audio class=\"wp-audio-shortcode\" id=\"audio-304886-11\" preload=\"none\" style=\"width: 100%;\" controls=\"controls\"><source type=\"audio\/mpeg\" src=\"https:\/\/www.radiopiu.net\/wordpress\/wp-content\/uploads\/2022\/11\/MORENO-CONSIGLIO-COMUNALE.mp3?_=11\" \/><a href=\"https:\/\/www.radiopiu.net\/wordpress\/wp-content\/uploads\/2022\/11\/MORENO-CONSIGLIO-COMUNALE.mp3\">https:\/\/www.radiopiu.net\/wordpress\/wp-content\/uploads\/2022\/11\/MORENO-CONSIGLIO-COMUNALE.mp3<\/a><\/audio>\n<p>&nbsp;<\/p>\n<hr \/>\n<p>&nbsp;<\/p>\n<blockquote>\n<h3><strong><img loading=\"lazy\" decoding=\"async\" class=\"alignleft\" src=\"https:\/\/www.radiopiu.net\/wordpress\/wp-content\/uploads\/2022\/11\/Senza-nome-33.jpg\" width=\"313\" height=\"191\" \/><\/strong>UNA SCUOLA AD ANTSAKOAFALY, NEL RICORDO DELLA PROF. MONICA DE MARTIN<\/h3>\n<\/blockquote>\n<p><strong>AGORDO<\/strong> L&#8217;Istituto Umberto Follador-De Rossi di Agordo dove la compianta professoressa Monica De Martina ha insegnato per tanti anni, insieme alla famiglia, ha scelto di ricordare la &#8220;Dema&#8221; dando un volto ad un suo sogno.<\/p>\n<p><strong>\u201cChe tutti possano avere accesso all\u2019istruzione\u201d.\u00a0<\/strong> Per questo proponiamo, a chi lo desidera, di sostenere la realizzazione di una scuola in Madagascar per 395 bambini, progetto ideato dagli amici di don Elio Larese, stimato sacerdote e insegnante, alla cui memoria la scuola sar\u00e0 intitolata. Il progetto \u00e8 gestito e seguito dall\u2019Associazione \u201cInsieme si pu\u00f2\u2026\u201d di Belluno, nel quale potr\u00e0 trovare spazio anche la memoria della nostra cara Monica. Puoi far giungere direttamente il tuo appoggio con bonifico bancario intestato a: Associazione Gruppi Insieme si pu\u00f2 Onlus Cortina Banca IBAN: IT 23 A 08511 61240 00000 0023078 Causale: \u201cErogazione liberale &#8211; Scuola Madagascar, in memoria di Monica De Martin<\/p>\n<p>&nbsp;<\/p>\n<p><strong>IL CONTESTO <\/strong>Solamente un bambino su tre in Madagascar completa la scuola primaria e al termine degli studi meno del 20% degli alunni hanno competenze minime in quanto a scrittura, lettura e calcolo, secondo quanto riportato dalle Nazioni Unite.<br \/>\nTassi particolarmente preoccupanti in termini di scolarizzazione e istruzione di registrano nel Nord dell\u2019isola, dove &#8220;Insieme si pu\u00f2&#8230;&#8221; opera da anni a sostegno delle comunit\u00e0 locali, altrimenti prive non solo di garanzia scolastica, ma anche di assistenza socio sanitaria e alimentare. Antsakoafaly \u00e8 un piccolo villaggio proprio del Nord del Madagascar, rurale ed estremamente povero, situato nel comune di Antanambao a circa 30 Km da Marovoay. In assenza di una scuola e di ambienti dignitosi che possano accoglierli, gli oltre 400 bambini di Antsakoafaly studiano in una struttura fatiscente e insalubre. Durante la stagione delle piogge, a causa della mancanza di un tetto o di un riparo adeguato, gli insegnanti si vedono costretti a sospendere le lezioni. <strong>IL PROGETTO <\/strong>Il progetto prevede la costruzione di un nuovo edificio in muratura composto da tre aule, una segreteria e servizi igienici per alunni e insegnanti. La scuola avr\u00e0 una superficie di circa 195 m2 \u00c8 prevista anche la perforazione di un pozzo per fornire acqua fresca e pulita alla scuola. Si prevede anche di munire la scuola del necessario arredo scolastico banchi, sedie e panche per gli alunni, cattedre per insegnanti e preside, armadi e lavagne. Il costo della costruzione della scuola ammonta a circa 36.000 euro, il pozzo con la pompa a mano costa circa 4.000 euro e per i banchi metallici, sedie, lavagne cattedre, armadi risultano necessari 10.000 euro. In totale, il progetto richieder\u00e0 all\u2019incirca 50.000 euro<\/p>\n<p>&nbsp;<\/p>\n<p>&nbsp;<\/p>\n<p>&nbsp;<\/p>\n<hr \/>\n<p>&nbsp;<\/p>\n<blockquote>\n<h3><a class=\"dt-pswp-item\" href=\"https:\/\/www.radiopiu.net\/wordpress\/wp-content\/uploads\/2022\/11\/Senza-nome-30.jpg\" data-dt-img-description=\"\" data-large_image_width=\"472\" data-large_image_height=\"214\"><img loading=\"lazy\" decoding=\"async\" class=\"size-medium wp-image-305010 alignleft\" src=\"https:\/\/www.radiopiu.net\/wordpress\/wp-content\/uploads\/2022\/11\/Senza-nome-30-300x136.jpg\" alt=\"\" width=\"300\" height=\"136\" srcset=\"https:\/\/www.radiopiu.net\/wordpress\/wp-content\/uploads\/2022\/11\/Senza-nome-30-300x136.jpg 300w, https:\/\/www.radiopiu.net\/wordpress\/wp-content\/uploads\/2022\/11\/Senza-nome-30.jpg 472w\" sizes=\"auto, (max-width: 300px) 100vw, 300px\" \/><\/a>IERI ALLA RADIO<\/h3>\n<\/blockquote>\n<p>LA LUCCIOLATA, DOMENICA DA AGORDO A RIF CON CASTAGNE E TOMBOLA<br \/>\nospite Eva Da Rif &#8211; Boce da Rif<\/p>\n<p>di Mirko Mezzacasa<\/p>\n<audio class=\"wp-audio-shortcode\" id=\"audio-304886-12\" preload=\"none\" style=\"width: 100%;\" controls=\"controls\"><source type=\"audio\/mpeg\" src=\"https:\/\/www.radiopiu.net\/wordpress\/wp-content\/uploads\/2022\/11\/LUCCIOLATA-EVA-OLIVIERO.mp3?_=12\" \/><a href=\"https:\/\/www.radiopiu.net\/wordpress\/wp-content\/uploads\/2022\/11\/LUCCIOLATA-EVA-OLIVIERO.mp3\">https:\/\/www.radiopiu.net\/wordpress\/wp-content\/uploads\/2022\/11\/LUCCIOLATA-EVA-OLIVIERO.mp3<\/a><\/audio>\n<p>&nbsp;<\/p>\n<p>&nbsp;<\/p>\n<p>&nbsp;<\/p>\n<hr \/>\n<p>&nbsp;<\/p>\n<blockquote>\n<h2>COVID IN PROVINCIA, 7 DECESSI NEGLI ULTIMI SETTE GIORNI TRA GLI 84 A I 100 ANNI<\/h2>\n<\/blockquote>\n<p><strong>BELLUNO<\/strong> L\u2019incidenza settimanale continua a scendere e si sta attestando su valori inferiori a 400 su 100 mila abitanti. Tale incidenza \u00e8 stata calcolata, come da ultime indicazioni, tenendo conto delle reinfezioni a carico di soggetti precedentemente classificati come casi covid. Nella mappa settimanale dei nuovi casi sono due i Comuni con oltre 2000 casi ogni 100mila abitanti, Seren del Grappa e Voltago. Sotto i 500 per 100 mila abitanti Rocca Pietore, Vodo, Calalzo, La Valle, Gosaldo, Ponte nelle Alpi, Chies, Pedavena, Fonzaso, Feltre, Arsie&#8217; e Quero Vas. Sette Comuni non hanno registrato nuovi casi. Negli ospedali 57 ricoveri in area non critica, 10 negli ospedali di comunit\u00e0, 1 in terapia intensiva.\u00a0 DECESSI NEGLI ULTIMI SETTE GIORNI 1\/11: sono deceduti una donna di anni 86 e un uomo di anni 93;\u00a0 <span class=\"Carpredefinitoparagrafo1\"><span lang=\"IT\">2\/11: \u00e8 deceduto un uomo di anni 91;\u00a0 <\/span><\/span><span class=\"Carpredefinitoparagrafo1\"><span lang=\"IT\">3\/11: \u00e8 deceduta una donna di anni 84;\u00a0 <\/span><\/span><span class=\"Carpredefinitoparagrafo1\"><span lang=\"IT\">4\/11: sono deceduti una donna di anni 76, una donna di anni 97 e un uomo di anni 100<\/span><\/span><\/p>\n\n\t\t\t<style type='text\/css'>\n\t\t\t\t#gallery-5 {\n\t\t\t\t\tmargin: auto;\n\t\t\t\t}\n\t\t\t\t#gallery-5 .gallery-item {\n\t\t\t\t\tfloat: left;\n\t\t\t\t\tmargin-top: 10px;\n\t\t\t\t\ttext-align: center;\n\t\t\t\t\twidth: 33%;\n\t\t\t\t}\n\t\t\t\t#gallery-5 img {\n\t\t\t\t\tborder: 2px solid #cfcfcf;\n\t\t\t\t}\n\t\t\t\t#gallery-5 .gallery-caption {\n\t\t\t\t\tmargin-left: 0;\n\t\t\t\t}\n\t\t\t\t\/* see gallery_shortcode() in wp-includes\/media.php *\/\n\t\t\t<\/style>\n\t\t<div id='gallery-5' class='dt-gallery-container gallery galleryid-304886 gallery-columns-3 gallery-size-thumbnail'><dl class='gallery-item'>\n\t\t\t\t<dt class='gallery-icon landscape'>\n\t\t\t\t\t<a class=\"rollover rollover-zoom dt-pswp-item\" title=\"0abb07ef-be71-48f5-9dee-b51570663d5f\" data-dt-img-description=\"\" data-large_image_width=\"959\" data-large_image_height=\"909\"href='https:\/\/www.radiopiu.net\/wordpress\/wp-content\/uploads\/2022\/11\/0abb07ef-be71-48f5-9dee-b51570663d5f.jpg'><img loading=\"lazy\" decoding=\"async\" width=\"150\" height=\"150\" src=\"https:\/\/www.radiopiu.net\/wordpress\/wp-content\/uploads\/2022\/11\/0abb07ef-be71-48f5-9dee-b51570663d5f-150x150.jpg\" class=\"attachment-thumbnail size-thumbnail\" alt=\"\" \/><\/a>\n\t\t\t\t<\/dt><\/dl><dl class='gallery-item'>\n\t\t\t\t<dt class='gallery-icon landscape'>\n\t\t\t\t\t<a class=\"rollover rollover-zoom dt-pswp-item\" title=\"4dff7213-e34d-491e-8b1c-7f05fe9e8cf3\" data-dt-img-description=\"\" data-large_image_width=\"1736\" data-large_image_height=\"850\"href='https:\/\/www.radiopiu.net\/wordpress\/wp-content\/uploads\/2022\/11\/4dff7213-e34d-491e-8b1c-7f05fe9e8cf3.jpg'><img loading=\"lazy\" decoding=\"async\" width=\"150\" height=\"150\" src=\"https:\/\/www.radiopiu.net\/wordpress\/wp-content\/uploads\/2022\/11\/4dff7213-e34d-491e-8b1c-7f05fe9e8cf3-150x150.jpg\" class=\"attachment-thumbnail size-thumbnail\" alt=\"\" \/><\/a>\n\t\t\t\t<\/dt><\/dl><dl class='gallery-item'>\n\t\t\t\t<dt class='gallery-icon landscape'>\n\t\t\t\t\t<a class=\"rollover rollover-zoom dt-pswp-item\" title=\"a3f3317b-9ce6-4ad9-89db-7064e1d0ef58\" data-dt-img-description=\"\" data-large_image_width=\"841\" data-large_image_height=\"553\"href='https:\/\/www.radiopiu.net\/wordpress\/wp-content\/uploads\/2022\/11\/a3f3317b-9ce6-4ad9-89db-7064e1d0ef58.jpg'><img loading=\"lazy\" decoding=\"async\" width=\"150\" height=\"150\" src=\"https:\/\/www.radiopiu.net\/wordpress\/wp-content\/uploads\/2022\/11\/a3f3317b-9ce6-4ad9-89db-7064e1d0ef58-150x150.jpg\" class=\"attachment-thumbnail size-thumbnail\" alt=\"\" \/><\/a>\n\t\t\t\t<\/dt><\/dl><br style=\"clear: both\" \/>\n\t\t\t<\/div>\n\n<p>&nbsp;<\/p>\n<p>&nbsp;<\/p>\n<hr \/>\n<p>&nbsp;<\/p>\n<p><strong>DI TIZIANO DE COL\u00a0\u00a0<\/strong><\/p>\n\n\t\t\t<style type='text\/css'>\n\t\t\t\t#gallery-6 {\n\t\t\t\t\tmargin: auto;\n\t\t\t\t}\n\t\t\t\t#gallery-6 .gallery-item {\n\t\t\t\t\tfloat: left;\n\t\t\t\t\tmargin-top: 10px;\n\t\t\t\t\ttext-align: center;\n\t\t\t\t\twidth: 50%;\n\t\t\t\t}\n\t\t\t\t#gallery-6 img {\n\t\t\t\t\tborder: 2px solid #cfcfcf;\n\t\t\t\t}\n\t\t\t\t#gallery-6 .gallery-caption {\n\t\t\t\t\tmargin-left: 0;\n\t\t\t\t}\n\t\t\t\t\/* see gallery_shortcode() in wp-includes\/media.php *\/\n\t\t\t<\/style>\n\t\t<div id='gallery-6' class='dt-gallery-container gallery galleryid-304886 gallery-columns-2 gallery-size-medium'><dl class='gallery-item'>\n\t\t\t\t<dt class='gallery-icon landscape'>\n\t\t\t\t\t<a class=\"rollover rollover-zoom dt-pswp-item\" title=\"0e98032a-e1e3-47eb-890f-b91d4a988e8f\" data-dt-img-description=\"\" data-large_image_width=\"607\" data-large_image_height=\"362\"href='https:\/\/www.radiopiu.net\/wordpress\/wp-content\/uploads\/2022\/11\/0e98032a-e1e3-47eb-890f-b91d4a988e8f-1.jpg'><img loading=\"lazy\" decoding=\"async\" width=\"300\" height=\"179\" src=\"https:\/\/www.radiopiu.net\/wordpress\/wp-content\/uploads\/2022\/11\/0e98032a-e1e3-47eb-890f-b91d4a988e8f-1-300x179.jpg\" class=\"attachment-medium size-medium\" alt=\"\" srcset=\"https:\/\/www.radiopiu.net\/wordpress\/wp-content\/uploads\/2022\/11\/0e98032a-e1e3-47eb-890f-b91d4a988e8f-1-300x179.jpg 300w, https:\/\/www.radiopiu.net\/wordpress\/wp-content\/uploads\/2022\/11\/0e98032a-e1e3-47eb-890f-b91d4a988e8f-1.jpg 607w\" sizes=\"auto, (max-width: 300px) 100vw, 300px\" \/><\/a>\n\t\t\t\t<\/dt><\/dl><dl class='gallery-item'>\n\t\t\t\t<dt class='gallery-icon landscape'>\n\t\t\t\t\t<a class=\"rollover rollover-zoom dt-pswp-item\" title=\"496c9530-43ae-43da-ac67-efc41dab4f80\" data-dt-img-description=\"\" data-large_image_width=\"606\" data-large_image_height=\"369\"href='https:\/\/www.radiopiu.net\/wordpress\/wp-content\/uploads\/2022\/11\/496c9530-43ae-43da-ac67-efc41dab4f80.jpg'><img loading=\"lazy\" decoding=\"async\" width=\"300\" height=\"183\" src=\"https:\/\/www.radiopiu.net\/wordpress\/wp-content\/uploads\/2022\/11\/496c9530-43ae-43da-ac67-efc41dab4f80-300x183.jpg\" class=\"attachment-medium size-medium\" alt=\"\" srcset=\"https:\/\/www.radiopiu.net\/wordpress\/wp-content\/uploads\/2022\/11\/496c9530-43ae-43da-ac67-efc41dab4f80-300x183.jpg 300w, https:\/\/www.radiopiu.net\/wordpress\/wp-content\/uploads\/2022\/11\/496c9530-43ae-43da-ac67-efc41dab4f80.jpg 606w\" sizes=\"auto, (max-width: 300px) 100vw, 300px\" \/><\/a>\n\t\t\t\t<\/dt><\/dl><br style=\"clear: both\" \/>\n\t\t\t<\/div>\n\n<p>&nbsp;<\/p>\n<blockquote class=\"wp-embedded-content\" data-secret=\"OmPxx8dSBW\"><p><a href=\"https:\/\/www.radiopiu.net\/wordpress\/aziendazeronovembre07\/\">MENO DI MILLE NUOVI POSITIVI NELLE ULTIME 24 ORE. SETTE DECESSI, RICOVERI STABILI<\/a><\/p><\/blockquote>\n<p><iframe loading=\"lazy\" class=\"wp-embedded-content\" sandbox=\"allow-scripts\" security=\"restricted\" style=\"position: absolute; clip: rect(1px, 1px, 1px, 1px);\" title=\"&#8220;MENO DI MILLE NUOVI POSITIVI NELLE ULTIME 24 ORE. SETTE DECESSI, RICOVERI STABILI&#8221; &#8212; Radio Pi\u00f9\" src=\"https:\/\/www.radiopiu.net\/wordpress\/aziendazeronovembre07\/embed\/#?secret=47FPyzOopA#?secret=OmPxx8dSBW\" data-secret=\"OmPxx8dSBW\" width=\"600\" height=\"338\" frameborder=\"0\" marginwidth=\"0\" marginheight=\"0\" scrolling=\"no\"><\/iframe><\/p>\n<p>&nbsp;<\/p>\n<hr \/>\n<p>&nbsp;<\/p>\n<p>&nbsp;<\/p>\n<blockquote>\n<h3>ASCA, NUOVO BANDO PER INFERMIERI&#8230; CON ALLOGGIO<\/h3>\n<\/blockquote>\n<p><strong><a class=\"dt-pswp-item\" href=\"https:\/\/www.radiopiu.net\/wordpress\/wp-content\/uploads\/2022\/11\/image001.png\" data-dt-img-description=\"\" data-large_image_width=\"120\" data-large_image_height=\"59\"><img loading=\"lazy\" decoding=\"async\" class=\"size-full wp-image-305040 alignleft\" src=\"https:\/\/www.radiopiu.net\/wordpress\/wp-content\/uploads\/2022\/11\/image001.png\" alt=\"\" width=\"120\" height=\"59\" \/><\/a>AGORDO <\/strong>Sono stati pubblicati due bandi uno per l\u2019assunzione di infermieri e l\u2019altro per quello di operatori socio sanitari al fine di prorogare il rapporto con alcuni collaboratori che gi\u00e0 operano in ASCA\u00a0\u00a0e per poter disporre di una graduatoria per mantenere costante l\u2019attuale organico necessario ad offrire un\u2019adeguata assistenza agli anziani dentro e fuori la RSA. Nel bando relativo alla ricerca di operatori socio sanitari viene richiesta\u00a0\u00a0la patente perch\u00e9 tali figure sono operative anche sul territorio per erogare l\u2019assistenza domiciliare nei 16 comuni dell\u2019Agordino, mentre in quello per la ricerca di infermieri si propone anche l\u2019alloggio che rientra nel pacchetto welfare.\u00a0 A tal proposito si ricorda che ASCA dispone di due appartamenti, uno ad Agordo messo a disposizione dell\u2019asilo comunale e uno a Taibon, di propriet\u00e0 del comune per un totale di nove\u00a0 posti utilizzati per chi proviene da fuori.\u00a0 Sono invece tutte persone del luogo le tre che\u00a0\u00a0hanno partecipato alla selezione per operatore generico di supporto alla figura degli operatori socio sanitari.<\/p>\n<p>&nbsp;<\/p>\n<p>&nbsp;<\/p>\n<hr \/>\n<blockquote>\n<h3><\/h3>\n<h3>UN BANDO PER INSERIRE 18 ATLETI NELLE FIAMME ORO<\/h3>\n<\/blockquote>\n<p><strong>BELLUNO <\/strong>Nella Gazzetta Ufficiale della Repubblica Italiana \u2013 4^ serie speciale \u201cConcorsi ed esami\u201d n. 86 del 28 ottobre \u00e8 stato pubblicato il bando di concorso pubblico, per titoli, per l\u2019assunzione di 18 atleti da assegnare ai gruppi sportivi della Polizia di Stato \u2013 Fiamme Oro, che saranno inquadrati nel ruolo degli agenti e assistenti della Polizia di Stato. La domanda di partecipazione al concorso deve essere compilata e trasmessa entro il termine di trenta giorni \u2013 che decorre dal giorno successivo alla data di pubblicazione del bando di concorso nella Gazzetta Ufficiale della Repubblica Italiana, utilizzando esclusivamente la procedura informatica disponibile all\u2019indirizzo <a href=\"https:\/\/concorsionline.poliziadistato.it\">https:\/\/concorsionline.poliziadistato.it<\/a><\/p>\n<p>&nbsp;<\/p>\n<p>&nbsp;<\/p>\n<hr \/>\n<p>&nbsp;<\/p>\n<blockquote>\n<h3>L&#8217;ASSEMBLEA GENERALE DI BIM PIAVE<\/h3>\n<\/blockquote>\n<p><strong>BELLUNO<\/strong> E&#8217; stata convocata per gioved\u00ec alle 15 l&#8217;assemblea generale di Bim Piave presso la sala convegni ANA di Belluno. Tra i punti all&#8217;ordine del giorno la terza variazione a bilancio, l&#8217;approvazione consolidata del bilancio 2021 e l&#8217;approvazione Regolamento per l\u2019assegnazione di contributi a valere sul fondo per il lavoro a sostegno delle attivit\u00e0 di Comuni e Unioni Montane<\/p>\n<p>&nbsp;<\/p>\n<p>&nbsp;<\/p>\n<hr \/>\n<p>&nbsp;<\/p>\n<blockquote>\n<h3>A CENCENIGHE, NOF FILO&#8217; INCONTRI CON PETTIROSSO AGORDINO<\/h3>\n<\/blockquote>\n<p><strong>CENCENIGHE<\/strong> Ultimi due incontri con Pettirosso Agordino al Nof Fil\u00f2 di Cencenighe. Domani l&#8217;argomento trattato da Cristina Balest (educatrice) e Letizia Collazuol (coordinatrice dell&#8217;equipe Sersa) sar\u00e0 &#8220;La gestione della persona con demenza in struttura&#8221;. Conclusione il 16 novembre con &#8220;L&#8217;impegno a tempo pieno di chi assiste la persona con demenza&#8221; in cui Erica Calvi (psicologa di Sersa) evidenzier\u00e0 la fatica invisibile di chi si prende cura di una persona malata.<\/p>\n<p>&nbsp;<\/p>\n<hr \/>\n<p>&nbsp;<\/p>\n<blockquote>\n<h3>UN PREMIO PER LE POESIE LADINE DI ANTONIETTA CREPAZ<\/h3>\n<\/blockquote>\n<p><strong><a class=\"dt-pswp-item\" href=\"https:\/\/www.radiopiu.net\/wordpress\/wp-content\/uploads\/2022\/11\/antonietta-crepaz_premiazione-concorso-mario-bernardi.jpg\" data-dt-img-description=\"\" data-large_image_width=\"1600\" data-large_image_height=\"1067\"><img loading=\"lazy\" decoding=\"async\" class=\" wp-image-304519 alignleft\" src=\"https:\/\/www.radiopiu.net\/wordpress\/wp-content\/uploads\/2022\/11\/antonietta-crepaz_premiazione-concorso-mario-bernardi-300x200.jpg\" alt=\"\" width=\"198\" height=\"132\" srcset=\"https:\/\/www.radiopiu.net\/wordpress\/wp-content\/uploads\/2022\/11\/antonietta-crepaz_premiazione-concorso-mario-bernardi-300x200.jpg 300w, https:\/\/www.radiopiu.net\/wordpress\/wp-content\/uploads\/2022\/11\/antonietta-crepaz_premiazione-concorso-mario-bernardi-1024x683.jpg 1024w, https:\/\/www.radiopiu.net\/wordpress\/wp-content\/uploads\/2022\/11\/antonietta-crepaz_premiazione-concorso-mario-bernardi-768x512.jpg 768w, https:\/\/www.radiopiu.net\/wordpress\/wp-content\/uploads\/2022\/11\/antonietta-crepaz_premiazione-concorso-mario-bernardi-1536x1024.jpg 1536w, https:\/\/www.radiopiu.net\/wordpress\/wp-content\/uploads\/2022\/11\/antonietta-crepaz_premiazione-concorso-mario-bernardi.jpg 1600w\" sizes=\"auto, (max-width: 198px) 100vw, 198px\" \/><\/a>LIVINALLONGO<\/strong><\/p>\n<p>di Lorenzo Soratroi<\/p>\n<audio class=\"wp-audio-shortcode\" id=\"audio-304886-13\" preload=\"none\" style=\"width: 100%;\" controls=\"controls\"><source type=\"audio\/mpeg\" src=\"https:\/\/www.radiopiu.net\/wordpress\/wp-content\/uploads\/2022\/11\/SORATROI-POESIA-ANTONIETTA-CREPAZ.mp3?_=13\" \/><a href=\"https:\/\/www.radiopiu.net\/wordpress\/wp-content\/uploads\/2022\/11\/SORATROI-POESIA-ANTONIETTA-CREPAZ.mp3\">https:\/\/www.radiopiu.net\/wordpress\/wp-content\/uploads\/2022\/11\/SORATROI-POESIA-ANTONIETTA-CREPAZ.mp3<\/a><\/audio>\n<p>&nbsp;<\/p>\n<hr \/>\n<p>&nbsp;<\/p>\n<blockquote>\n<h3>DA SEDICO A TU SI QUE VALES SU CANALE 5, MASSIMO VAROTTO INCANTA CON IL TRIANGOLO DI RENATO ZERO<\/h3>\n<\/blockquote>\n<p><a class=\"dt-pswp-item\" href=\"https:\/\/www.radiopiu.net\/wordpress\/wp-content\/uploads\/2022\/11\/VAROTTO.jpg\" data-dt-img-description=\"\" data-large_image_width=\"366\" data-large_image_height=\"258\"><img loading=\"lazy\" decoding=\"async\" class=\" wp-image-305099 alignleft\" src=\"https:\/\/www.radiopiu.net\/wordpress\/wp-content\/uploads\/2022\/11\/VAROTTO-300x211.jpg\" alt=\"\" width=\"205\" height=\"144\" srcset=\"https:\/\/www.radiopiu.net\/wordpress\/wp-content\/uploads\/2022\/11\/VAROTTO-300x211.jpg 300w, https:\/\/www.radiopiu.net\/wordpress\/wp-content\/uploads\/2022\/11\/VAROTTO.jpg 366w\" sizes=\"auto, (max-width: 205px) 100vw, 205px\" \/><\/a><strong>SEDICO<\/strong> Massimo Varotto \u00e8 in semifinale al talent show. Due &#8220;vale&#8221; dai giudici e un\u00a0 77% di voti positivi della giuria popolare. Gli \u00e8 valso l&#8217;accesso alla puntata che andr\u00e0 in onda sabato. Applausi a Sedico soprattutto dagli amici\u00a0 ai quali il suo talento \u00e8 noto grazie alle Corride paesane.\u00a0 Gerry Scotti \u00e8 un suo sostenitore, e\u00a0 anche\u00a0 Rudy Zerbi \u00e8 rimasto conquistato. Sabato si replica. Massimo ringrazia tutte le persone che hanno creduto in lui.<\/p>\n<p>&nbsp;<\/p>\n<p>&nbsp;<\/p>\n<p>&nbsp;<\/p>\n<div style=\"width: 640px;\" class=\"wp-video\"><video class=\"wp-video-shortcode\" id=\"video-304886-2\" width=\"640\" height=\"352\" preload=\"metadata\" controls=\"controls\"><source type=\"video\/mp4\" src=\"https:\/\/www.radiopiu.net\/wordpress\/wp-content\/uploads\/2022\/11\/WhatsApp-Video-2022-11-08-at-09.12.54.mp4?_=2\" \/><a href=\"https:\/\/www.radiopiu.net\/wordpress\/wp-content\/uploads\/2022\/11\/WhatsApp-Video-2022-11-08-at-09.12.54.mp4\">https:\/\/www.radiopiu.net\/wordpress\/wp-content\/uploads\/2022\/11\/WhatsApp-Video-2022-11-08-at-09.12.54.mp4<\/a><\/video><\/div>\n<hr \/>\n<p>&nbsp;<\/p>\n<blockquote>\n<h3>I BAMBINI PER I BAMBINI, IL CONCERTO ORGANIZZATO DA UNICEF<\/h3>\n<\/blockquote>\n<p><strong><a class=\"dt-pswp-item\" href=\"https:\/\/www.radiopiu.net\/wordpress\/wp-content\/uploads\/2022\/11\/UNICEF.png\" data-dt-img-description=\"\" data-large_image_width=\"1190\" data-large_image_height=\"704\"><img loading=\"lazy\" decoding=\"async\" class=\"wp-image-304756 alignleft\" src=\"https:\/\/www.radiopiu.net\/wordpress\/wp-content\/uploads\/2022\/11\/UNICEF-300x177.png\" alt=\"\" width=\"154\" height=\"91\" srcset=\"https:\/\/www.radiopiu.net\/wordpress\/wp-content\/uploads\/2022\/11\/UNICEF-300x177.png 300w, https:\/\/www.radiopiu.net\/wordpress\/wp-content\/uploads\/2022\/11\/UNICEF-1024x606.png 1024w, https:\/\/www.radiopiu.net\/wordpress\/wp-content\/uploads\/2022\/11\/UNICEF-768x454.png 768w, https:\/\/www.radiopiu.net\/wordpress\/wp-content\/uploads\/2022\/11\/UNICEF.png 1190w\" sizes=\"auto, (max-width: 154px) 100vw, 154px\" \/><\/a>BELLUNO <\/strong>Giovedi alle 18.30 al Teatro Comunale di Belluno Il Comitato provinciale di Unicef ha voluto organizzare, grazie alla preziosa\u00a0 collaborazione delle Insegnanti di musica del Liceo musicale Renier, dell\u2019I.C3 (Scuole Gabelli e Badilet) e Coro Arcobaleno di Limana, un concerto con un titolo molto significativo : \u201cI Bambini per i Bambini : note di Solidariet\u00e0\u201d. La data non \u00e8 casuale : infatti\u00a0 nel mese di novembre ricorre l\u2019anniversario della Convenzione dei diritti dell\u2019infanzia e della adolescenza, approvata dall\u2019ONU il 20 novembre 1989 e ratificata dall\u2019Italia nel 1991. In essa sono contenuti 54 articoli che spiegano quali sono i diritti fondamentali di ogni bambino.<\/p>\n<p>&nbsp;<\/p>\n<p>&nbsp;<\/p>\n<hr \/>\n<p>&nbsp;<\/p>\n<blockquote>\n<h3>LA SECONDA EDIZIONE DI MAGICOLERIA CON LA PROLOCO CASTIONESE<\/h3>\n<\/blockquote>\n<p><strong>BELLUNO\u00a0<\/strong> <span id=\"page3R_mcid5\" class=\"markedContent\"><span dir=\"ltr\" role=\"presentation\">Con<\/span> <span dir=\"ltr\" role=\"presentation\">grande entusiasmo<\/span><span dir=\"ltr\" role=\"presentation\">, dopo le restrizioni dovute al covid,<\/span> <span dir=\"ltr\" role=\"presentation\">la Pro Loco Pieve Castionese propone al <\/span><span dir=\"ltr\" role=\"presentation\">pubblico la seconda edizione della Magicoleria<\/span><span dir=\"ltr\" role=\"presentation\">. <\/span><\/span><span id=\"page3R_mcid6\" class=\"markedContent\"><span dir=\"ltr\" role=\"presentation\">Il<\/span> secondo appuntamento <span dir=\"ltr\" role=\"presentation\">al<\/span><span dir=\"ltr\" role=\"presentation\">le 18 al Teatro San<\/span> <span dir=\"ltr\" role=\"presentation\">Gaetano di <\/span><span dir=\"ltr\" role=\"presentation\">Castion. <\/span><\/span><span class=\"markedContent\"><span dir=\"ltr\" role=\"presentation\">D<\/span><span dir=\"ltr\" role=\"presentation\">omenica<\/span> <span dir=\"ltr\" role=\"presentation\">20 no<\/span><span dir=\"ltr\" role=\"presentation\">vembre <\/span><span dir=\"ltr\" role=\"presentation\">sar\u00e0 la volta di Paolo Rech<\/span><span dir=\"ltr\" role=\"presentation\">,<\/span> <span dir=\"ltr\" role=\"presentation\">pluripremiato<\/span> <span dir=\"ltr\" role=\"presentation\">artista<\/span><span dir=\"ltr\" role=\"presentation\">,<\/span> <span dir=\"ltr\" role=\"presentation\">che ha <\/span><span dir=\"ltr\" role=\"presentation\">gi<\/span><span dir=\"ltr\" role=\"presentation\">rato il mondo intero portando i<\/span><span dir=\"ltr\" role=\"presentation\">n scena<\/span> <span dir=\"ltr\" role=\"presentation\">i suoi burattini. Per prenotazioni e informazioni: cell. 3495872289<\/span><\/span><\/p>\n<p>&nbsp;<\/p>\n<p>&nbsp;<\/p>\n<hr \/>\n<p>&nbsp;<\/p>\n<blockquote>\n<h3>DUE MESSE CON LA CONFRATERNITA DELLA BEATA VERGINE DELLA SALUTE<\/h3>\n<\/blockquote>\n<p><strong>AGORDO<\/strong> Sono due gli appuntamenti con la Confraternita della Beata Vergine della salute. Domenica 20 novembre la Santa Messa nella chiesa arcidiaconale di Agordo alle 10:30, seguir\u00e0 il pranzo sociale al Ristorante Monte Civetta di Listolade. Il giorno dopo, 21 novembre, alla chiesetta di Toccol la messa alle 17:30.<\/p>\n<p>&nbsp;<\/p>\n<p>&nbsp;<\/p>\n<hr \/>\n<p>&nbsp;<\/p>\n<blockquote>\n<h3>IL CALENDARIO DEI VIGILI DEL FUOCO VOLONTARI DI CAPRILE<\/h3>\n<\/blockquote>\n<p><strong>ALLEGHE <\/strong>Anche quest&#8217;anno sar\u00e0 possibile acquistare il calendario dei Vigili del Fuoco Volontari di Caprile.\u00a0 Nei prossimi giorni saranno distribuiti in alcuni esercizi commerciali del territorio e potrete acquistarlo al prezzo di 10 euro. Il ricavato verr\u00e0 utilizzato unicamente per il mantenimento e l&#8217;acquisto di attrezzature per il soccorso necessarie a svolgere gli interventi. Nell&#8217;ultima parte del calendario \u00e8 presente un disegno da colorare per i piccoli sostenitori. Un piccolo gesto per sostenere i Vigili del Fuoco Volontari di Caprile.<\/p>\n<p>&nbsp;<\/p>\n<p>&nbsp;<\/p>\n<hr \/>\n<p>&nbsp;<\/p>\n<blockquote>\n<h3>AUTORI IN BIBLIOTECA A BORGO VALBELLUNA<\/h3>\n<\/blockquote>\n<p><strong><a class=\"dt-pswp-item\" href=\"https:\/\/www.radiopiu.net\/wordpress\/wp-content\/uploads\/2022\/11\/Autori-in-biblioteca-autunno-2022-Copertina-per-eventi-di-Facebook.jpg\" data-dt-img-description=\"\" data-large_image_width=\"1920\" data-large_image_height=\"1080\"><img loading=\"lazy\" decoding=\"async\" class=\" wp-image-304762 alignleft\" src=\"https:\/\/www.radiopiu.net\/wordpress\/wp-content\/uploads\/2022\/11\/Autori-in-biblioteca-autunno-2022-Copertina-per-eventi-di-Facebook-300x169.jpg\" alt=\"\" width=\"172\" height=\"97\" srcset=\"https:\/\/www.radiopiu.net\/wordpress\/wp-content\/uploads\/2022\/11\/Autori-in-biblioteca-autunno-2022-Copertina-per-eventi-di-Facebook-300x169.jpg 300w, https:\/\/www.radiopiu.net\/wordpress\/wp-content\/uploads\/2022\/11\/Autori-in-biblioteca-autunno-2022-Copertina-per-eventi-di-Facebook-1024x576.jpg 1024w, https:\/\/www.radiopiu.net\/wordpress\/wp-content\/uploads\/2022\/11\/Autori-in-biblioteca-autunno-2022-Copertina-per-eventi-di-Facebook-768x432.jpg 768w, https:\/\/www.radiopiu.net\/wordpress\/wp-content\/uploads\/2022\/11\/Autori-in-biblioteca-autunno-2022-Copertina-per-eventi-di-Facebook-1536x864.jpg 1536w, https:\/\/www.radiopiu.net\/wordpress\/wp-content\/uploads\/2022\/11\/Autori-in-biblioteca-autunno-2022-Copertina-per-eventi-di-Facebook.jpg 1920w\" sizes=\"auto, (max-width: 172px) 100vw, 172px\" \/><\/a>BORGO VALBELLUNA <\/strong>Le biblioteche di Borgo Valbelluna ospiteranno, tra novembre e dicembre, una serie di appuntamenti dedicati alla presentazione di libri di autori bellunesi. \u00abGli incontri, organizzati dall\u2019Amministrazione comunale, rientrano a pieno titolo tra gli obiettivi del settore culturale: in primis la promozione della lettura, come strumento di crescita individuale e sociale, ma anche l\u2019utilizzo degli spazi delle biblioteche per lo svolgimento di iniziative culturali, per\u00a0 far conoscere le biblioteche e i relativi servizi, e per promuovere le biblioteche come luoghi di conoscenza, socialit\u00e0 e aggregazione\u00bb commenta l\u2019Assessore alla cultura Monica Frapporti. La rassegna comincia venerd\u00ec, alle ore 18.30, in biblioteca di Trichiana, con Giovanni Trimeri e GianAntonio Cecchin, che, con il loro libro \u201c<em>I miracoli di Val Canzoi<\/em>\u201d, hanno voluto rendere omaggio a Dino Buzzati, per i 50 anni dalla prima edizione de \u201c<em>I miracoli di Val Morel<\/em>\u201d. Sar\u00e0 Lois Bernard a presentare questa edizione illustrata che affianca ad ogni testo un ex-voto per raccontare la storia della comunit\u00e0 di Val Canzoi, dove le vicende quotidiane si intrecciano con i grandi temi.<\/p>\n<p>&nbsp;<\/p>\n<p>&nbsp;<\/p>\n<hr \/>\n<p>&nbsp;<\/p>\n<blockquote>\n<h3><a class=\"dt-pswp-item\" href=\"https:\/\/www.radiopiu.net\/wordpress\/wp-content\/uploads\/2022\/11\/Unknown.png\" data-dt-img-description=\"\" data-large_image_width=\"1993\" data-large_image_height=\"1367\"><img loading=\"lazy\" decoding=\"async\" class=\" wp-image-304798 alignleft\" src=\"https:\/\/www.radiopiu.net\/wordpress\/wp-content\/uploads\/2022\/11\/Unknown-300x206.png\" alt=\"\" width=\"131\" height=\"90\" srcset=\"https:\/\/www.radiopiu.net\/wordpress\/wp-content\/uploads\/2022\/11\/Unknown-300x206.png 300w, https:\/\/www.radiopiu.net\/wordpress\/wp-content\/uploads\/2022\/11\/Unknown-1024x702.png 1024w, https:\/\/www.radiopiu.net\/wordpress\/wp-content\/uploads\/2022\/11\/Unknown-768x527.png 768w, https:\/\/www.radiopiu.net\/wordpress\/wp-content\/uploads\/2022\/11\/Unknown-1536x1054.png 1536w, https:\/\/www.radiopiu.net\/wordpress\/wp-content\/uploads\/2022\/11\/Unknown.png 1993w\" sizes=\"auto, (max-width: 131px) 100vw, 131px\" \/><\/a>I CIOCCOLATINI DELL&#8217;AIRC IN PIAZZA AD AGORDO<\/h3>\n<\/blockquote>\n<p><strong>AGORDO<\/strong> Sabato e domenica dalle 9:30 alle 12 in Piazza Libert\u00e0 ad Agordo i volontari dell&#8217;AIRC saranno presenti per la vendita dei &#8220;Cioccolatini della ricerca&#8221;, la raccolta fondi nazionale per la ricerca sul cancro.<\/p>\n<p>&nbsp;<\/p>\n<p>&nbsp;<\/p>\n<hr \/>\n<p>&nbsp;<\/p>\n<blockquote>\n<h3>UNA SERATA DI MUSICA SARDA A BELLUNO<\/h3>\n<\/blockquote>\n<p><strong>BELLUNO<\/strong> \u00c8 in programma per venerd\u00ec 18 novembre al Teatro Giovanni XXII di Belluno lo spettacolo di musica sarda &#8220;Terra mia &#8211; Cantende Ballende&#8221;. Inizio alle 20:45 con ingresso libero.<\/p>\n<p>&nbsp;<\/p>\n<p>&nbsp;<\/p>\n<hr \/>\n<p>&nbsp;<\/p>\n<h2><span style=\"color: #ff6600;\">IERI ALLA RADIO\u00a0<\/span><\/h2>\n<h2><a class=\"dt-pswp-item\" href=\"https:\/\/www.radiopiu.net\/wordpress\/wp-content\/uploads\/2022\/11\/99faf5f0-2a80-36b8-79ce-e9daa7a72ec5.jpg\" data-dt-img-description=\"smiling blonde girl in pink t-shirt with breast cancer awareness ribbon, isolated on grey\" data-large_image_width=\"800\" data-large_image_height=\"445\"><img loading=\"lazy\" decoding=\"async\" class=\"wp-image-304968 alignleft\" src=\"https:\/\/www.radiopiu.net\/wordpress\/wp-content\/uploads\/2022\/11\/99faf5f0-2a80-36b8-79ce-e9daa7a72ec5-300x167.jpg\" alt=\"\" width=\"222\" height=\"124\" srcset=\"https:\/\/www.radiopiu.net\/wordpress\/wp-content\/uploads\/2022\/11\/99faf5f0-2a80-36b8-79ce-e9daa7a72ec5-300x167.jpg 300w, https:\/\/www.radiopiu.net\/wordpress\/wp-content\/uploads\/2022\/11\/99faf5f0-2a80-36b8-79ce-e9daa7a72ec5-768x427.jpg 768w, https:\/\/www.radiopiu.net\/wordpress\/wp-content\/uploads\/2022\/11\/99faf5f0-2a80-36b8-79ce-e9daa7a72ec5.jpg 800w\" sizes=\"auto, (max-width: 222px) 100vw, 222px\" \/><\/a><span style=\"color: #ff00ff;\">SALUTE E SOCIETA&#8217;<\/span><\/h2>\n<p><strong>PUNTATA DEL 07 NOVEMBRE<\/strong><\/p>\n<p class=\"selectable-text copyable-text\"><strong><span class=\"selectable-text copyable-text\">Bandi Gilead <\/span><\/strong><span class=\"selectable-text copyable-text\">Sono stati premiati a Milano gli oltre 60 progetti di ricerca vincitori dell\u2019Edizione 2022 di Fellowship e Community Award Program, i due Bandi di concorso promossi da Gilead Sciences in Italia nell\u2019area delle malattie infettive, delle patologie del fegato, e delle malattie oncologiche e oncoematologiche. <\/span><strong><span class=\"selectable-text copyable-text\">Prevenzione del tumore al seno <\/span><\/strong><span class=\"selectable-text copyable-text\">\u2018Screening Routine &#8211; La prevenzione come rituale\u2019, campagna avviata lo scorso anno da Roche Italia e Fujifilm Italia, grazie alla collaborazione pubblico-privato ha permesso la donazione di 10 mammografi di ultima generazione a 10 strutture sanitarie distribuite sul territorio nazionale.<\/span><\/p>\n<audio class=\"wp-audio-shortcode\" id=\"audio-304886-14\" preload=\"none\" style=\"width: 100%;\" controls=\"controls\"><source type=\"audio\/mpeg\" src=\"https:\/\/www.radiopiu.net\/wordpress\/wp-content\/uploads\/2022\/11\/SALUTE.mp3?_=14\" \/><a href=\"https:\/\/www.radiopiu.net\/wordpress\/wp-content\/uploads\/2022\/11\/SALUTE.mp3\">https:\/\/www.radiopiu.net\/wordpress\/wp-content\/uploads\/2022\/11\/SALUTE.mp3<\/a><\/audio>\n<p>&nbsp;<\/p>\n<hr \/>\n<p>&nbsp;<\/p>\n<h2><span style=\"color: #99cc00;\"> I RACCONTI DI PAOLO SOPPELSA<\/span><\/h2>\n<p><strong>ALLE SCUOLE GABELLI<\/strong><\/p>\n<p><strong>AUDIO<\/strong><\/p>\n<audio class=\"wp-audio-shortcode\" id=\"audio-304886-15\" preload=\"none\" style=\"width: 100%;\" controls=\"controls\"><source type=\"audio\/mpeg\" src=\"https:\/\/www.radiopiu.net\/wordpress\/wp-content\/uploads\/2022\/11\/PAOLO-SOPPELSA-ALLE-SCUOLE-GABELLI.mp3?_=15\" \/><a href=\"https:\/\/www.radiopiu.net\/wordpress\/wp-content\/uploads\/2022\/11\/PAOLO-SOPPELSA-ALLE-SCUOLE-GABELLI.mp3\">https:\/\/www.radiopiu.net\/wordpress\/wp-content\/uploads\/2022\/11\/PAOLO-SOPPELSA-ALLE-SCUOLE-GABELLI.mp3<\/a><\/audio>\n<p>&nbsp;<\/p>\n<p><a class=\"dt-pswp-item\" href=\"https:\/\/www.radiopiu.net\/wordpress\/wp-content\/uploads\/2022\/11\/dfcdbb80-4226-473a-a4bc-e22fa1f48b29.jpg\" data-dt-img-description=\"\" data-large_image_width=\"1080\" data-large_image_height=\"810\"><img loading=\"lazy\" decoding=\"async\" class=\" wp-image-304880 alignleft\" src=\"https:\/\/www.radiopiu.net\/wordpress\/wp-content\/uploads\/2022\/11\/dfcdbb80-4226-473a-a4bc-e22fa1f48b29-300x225.jpg\" alt=\"\" width=\"181\" height=\"136\" srcset=\"https:\/\/www.radiopiu.net\/wordpress\/wp-content\/uploads\/2022\/11\/dfcdbb80-4226-473a-a4bc-e22fa1f48b29-300x225.jpg 300w, https:\/\/www.radiopiu.net\/wordpress\/wp-content\/uploads\/2022\/11\/dfcdbb80-4226-473a-a4bc-e22fa1f48b29-1024x768.jpg 1024w, https:\/\/www.radiopiu.net\/wordpress\/wp-content\/uploads\/2022\/11\/dfcdbb80-4226-473a-a4bc-e22fa1f48b29-768x576.jpg 768w, https:\/\/www.radiopiu.net\/wordpress\/wp-content\/uploads\/2022\/11\/dfcdbb80-4226-473a-a4bc-e22fa1f48b29.jpg 1080w\" sizes=\"auto, (max-width: 181px) 100vw, 181px\" \/><\/a>La campana della chiesa di Loreto suonava alle otto e trenta precise. Rintocchi argentini a cadenza veloce annunciavano una nuova giornata e lo sfumare del traffico del mattino. Era in quei momenti che la vigilessa lasciava il governo dell&#8217;incrocio della stazione; riponeva il filo-comando nell&#8217;apposito alloggiamento e abbandonava il crocevia mentre noi scolari, attraverso le grandi vetrate delle aule delle Scuole Gabelli, guardavamo sfiorire l&#8217;autunno cittadino. Volteggiavano lente le foglie del pruno rosso prima di posarsi sull&#8217;erba curata delle aiuole e sull&#8217;asfalto dei vialetti; e poi ancora le foglie del melo e del pero, del faggio e della betulla, che appena si erano posate al suolo, venivano subito ammucchiate dalle grandi scope manovrate con sapienza e vigore dai bidelli. Era attraverso i grossi rami del cedro del Libano che vedevamo il vivere lento proprio delle piccola citt\u00e0. Fra un esercizio di grammatica e un problema di aritmetica sempre troppo complicato da risolvere, potevamo scorgere gli autobus gialli che procedevano pigri in direzione del centro per poi raggiungere quelle frazioni lontane che allora non conoscevo. A volte il lacerante suono di una sirena squarciava il silenzio novembrino, e subito tutti noi ci perdevamo in mille fantasie, immaginando chiss\u00e0 quale avvenimento in corso. Passavano lente quelle lezioni autunnali, e ad ogni inizio di giornata la maestra ci faceva disegnare il simbolo che rappresentava il clima del giorno. In qualche occasione era un sole brillante simile a quello appena sorto dopo una notte di brina che stentava a sciogliersi; e un bianco scintillante decorava la struttura in ferro della grande pergola da dove, a met\u00e0 settembre, penzolavano i grappoli d&#8217;uva americana. Pi\u00f9 spesso, invece, il simbolo era una nuvola grigia con le strisce azzurre che rappresentavano la pioggia. Aldil\u00e0 del pesante cancello di ferro sormontato dalle aquile, la luce dei fari delle auto si rifletteva sull&#8217;asfalto bagnato mentre le foglie dei tigli cadute sul marciapiede si riducevano in una poltiglia giallastra e scivolosa. Poi, normalmente verso la fine del mese, in cima ad una pagina del quaderno delle Regioni d&#8217;Italia, compariva per la prima volta il simbolo della neve; e allora era festa, con la classe in subbuglio e neppure la maestra poteva sottrarsi allo spettacolo della magia bianca imbiancava la citt\u00e0. Tutti insieme dietro i vetri ad ammirare i fiocchi che scendevano lenti e poi quel &#8220;&#8230;dai bambini, raccontate la neve\u2026&#8221;; ed era bello narrare delle discese con la slitta lungo la via che avremmo iniziato appena dopo pranzo, e alla sera la strada sarebbe stata liscia al punto da renderla pressoch\u00e9 impraticabile alle auto, e sarebbe stato interessante ascoltare le imprecazioni di chi si piantava in salita. Scorrevano con un ritmo sempre uguale quelle mattine d&#8217;autunno inoltrato nell&#8217;aula delle Scuole Gabelli, e solamente un giorno a settimana qualcosa mutava; un&#8217;ora di musica nell&#8217;apposita aula munita di gradoni in legno, e guai sedersi mentre la maestra picchiava sui tasti del pianoforte marchiato Steinbach. E noi bambini seguivano quelle melodie, cantando Va Pensieri stonati e Canzoni del Piave che sapevano d&#8217;eroismo; e poi il Piave era il nostro fiume ed occorreva cantarlo con il massimo impegno e trasporto emotivo. Poi alle 12.30 il suono dell&#8217;ultima campanella di giornata annunciava l&#8217;agognata libert\u00e0; correvamo tutti in direzione del cancello, qualcuno abbracciava genitori o nonni, altri come me si avviavano verso casa a piedi e qualcun&#8217;altro, invece, si metteva in coda dietro alla suora per raggiungere il convitto Sperti situato a poca distanza. Si chiudeva cos\u00ec la mattinata trascorsa alle Scuole Gabelli; ora era il tempo dei meritati giochi da cortile, da consumare in fretta in quei pomeriggi ormai sempre pi\u00f9 brevi, e delle lunghe sere con le strade scintillanti di brina di quasi inverno.<\/p>\n<p>&nbsp;<\/p>\n<hr \/>\n<p>&nbsp;<\/p>\n<blockquote>\n<h3>LE CHIESE DELLA PARROCCHIA DI IGNE (LONGARONE) CON VARI, PREZIOSI DOCUMENTI DI STORIA E D\u2019ARTE<\/h3>\n<p><strong>DI RENATO BONA<\/strong><\/p><\/blockquote>\n<p>Documenti di storia e d\u2019arte e belle immagini (di archivio e dello studio De Santi di Belluno) sono il contenuto, di elevato livello tecnico e culturale, del libro \u201cLe chiese della parrocchia di Igne\u201d realizzato (dicembre 2002, tipografia Piave) dallo storico prof. Flavio Vizzutti (con la preziosa collaborazione di Gino Bez, mons. Ausilio Da Rif, della restauratrice Maria Milena Dean nonch\u00e9 di Romano Gamba) ad in iniziativa della Parrocchia della frazione longaronese, all\u2019epoca guidata da don Pietro Dall\u2019Amico. In copertina la riproduzione di un\u2019opera di Girolamo Moech: \u201cIncoronazione della Vergine e gloria dei santi Valentino e Anna\u201d. L\u2019allora sindaco di Longarone Pierluigi De Cesero in presentazione del volume, espresse, fra l\u2019altro, la convinzione che \u201cQuest\u2019opera sar\u00e0 un nuovo importante documento per gli storici e per gli studiosi dell\u2019arte, per tutti i lettori e per i cittadini di Igne e di Soffranco occasione per capire a fondo le radici della loro identit\u00e0 cristiana, di quel profondo senso di appartenenza che tanto li contraddistingue e che si rafforza proprio in occasione delle manifestazioni legate alla Chiesa, in primo luogo il Corpus Domini e la festa del Patrono\u201d. Dal canto suo il parroco don Pietro Dall\u2019Amico (purtroppo scomparso) sottoline\u00f2 il fatto che \u201cRaccogliendo gli apprezzamenti di diverse persone, che evidenziavano l\u2019armonica bellezza delle nostre chiese di San Valentino e di San Pellegrino, il Consiglio amministrativo parrocchiale ha ritenuto doveroso documentare con approfondite ricerche la loro storia, finora basata unicamente su sparsi documenti e notizie frammentarie tramandate oralmente. Questo compito \u00e8 stato affidato al professor Flavio Vizzutti, stimato e conosciuto storico dell\u2019arte. Questa pubblicazione ci permette di capire le profonde motivazioni di fede e devozione che hanno spinto i nostri avi ad affrontare notevoli sacrifici per realizzare questi sacri edifici, arricchendoli di pregevoli opere. Essa sar\u00e0 autentica testimonianza del nostro passato e stimolo a non dimenticare i valori della nostra cultura\u201d. Detto della copertina, aggiungiamo qualcosa sulle foto che abbiamo selezionato (compito decisamente arduo, dovendo per evidenti ragioni di spazio trascurarne altre, pure di ottima fattura &#8211; ndr.) per questa occasione. La prima immagine \u00e8 la riproduzione dell\u2019opera, di Anonimo veneto: \u201cVergine con il Bimbo in gloria e santi\u201d che si trova nella parrocchiale. A seguire ecco \u201cAngelo orante\u201d lavoro di Andrea Brustolon, sempre nella chiesa parrocchiale. Tocca quindi a due dipinti, pure visibili nella chiesa parrocchiale, di Girolamo Moech che propongono un \u201cSan Matteo\u201d e un \u201cSan Luca\u201d e poi a quelli, stesso autore, di \u201cSan Bartolomeo\u201d e di \u201cSan Paolo\u201d, che precedono l\u2019opera di Anonimo bellunese: \u201cVergine con il Bimbo in gloria e santi\u201d della chiesa di Soffranco. A questo punto Vizzutti ha inserito una visione generale della chiesa parrocchiale, che precede quelle del primo piano dell\u2019altare dell\u2019Addolorata con parato festivo. Si tratta &#8211; come si legge nella didascalia &#8211; di una foto storica risalente ai primi del Novecento, e che fa parte dell\u2019Archivio parrocchiale di Igne. Andando avanti si ha la visione generale dell\u2019esterno della chiesa di San Pellegrino di Soffranco, cui seguono quella generale dell\u2019interno e quella dell\u2019affresco sulla parete absidale, 230&#215;130, di Anonimo bellunese della seconda met\u00e0 del secolo XVIII, raffigurante la \u201cVergine con il Bimbo in gloria e Santi\u201d a proposito del quale lo storico Vizzutti scrive fra l\u2019altro: \u201cIl testo figurativo, impostato su di uno schema estremamente diffuso, ha come vertice la Vergine assisa sulle nubi nell\u2019atto di ostendere l\u2019irrequieto Infante; in primo piano con saldezza plastica s\u2019impongono all\u2019osservatore i tre taumaturghi legati all\u2019antica devozione locale: san Mamante nell\u2019atto di mungere una pecora mentre dal cielo &#8211; secondo la leggenda &#8211; piovono le gocce di latte alludenti alla fecondit\u00e0; al centro san Pellegrino con il demonio legato alla catena e sconfitto (taumaturgo assai venerato nella chiesa di Coi di Zoldo e in quella a lui dedicata vicino a Visome, alle porte di Belluno); sulla destra sant\u2019Eurosia invocata sia per ottenere la buona maturazione dei frutti dell\u2019agricoltura sia per scongiurare la caduta delle folgori devastatrici\u201d. Concludiamo con il \u201cCrocifisso\u201d, artigianato bellunese del secolo XIX: legno scolpito, decorato e dipinto, 47&#215;50, sulla parete di destra dell\u2019aula, e con, di argentiere veneziano della met\u00e0 del secolo XVIII: \u201cCalice\u201d: argento, stampo, fusione, sbalzo, alto 24,5 centimetri, base 12, coppa 9,2 che appartiene alla chiesa frazionale di Soffranco ma a scopo cautelativo \u00e8 custodito in altra sede.<\/p>\n\n\t\t\t<style type='text\/css'>\n\t\t\t\t#gallery-7 {\n\t\t\t\t\tmargin: auto;\n\t\t\t\t}\n\t\t\t\t#gallery-7 .gallery-item {\n\t\t\t\t\tfloat: left;\n\t\t\t\t\tmargin-top: 10px;\n\t\t\t\t\ttext-align: center;\n\t\t\t\t\twidth: 20%;\n\t\t\t\t}\n\t\t\t\t#gallery-7 img {\n\t\t\t\t\tborder: 2px solid #cfcfcf;\n\t\t\t\t}\n\t\t\t\t#gallery-7 .gallery-caption {\n\t\t\t\t\tmargin-left: 0;\n\t\t\t\t}\n\t\t\t\t\/* see gallery_shortcode() in wp-includes\/media.php *\/\n\t\t\t<\/style>\n\t\t<div id='gallery-7' class='dt-gallery-container gallery galleryid-304886 gallery-columns-5 gallery-size-thumbnail'><dl class='gallery-item'>\n\t\t\t\t<dt class='gallery-icon portrait'>\n\t\t\t\t\t<a class=\"rollover\" href='https:\/\/www.radiopiu.net\/wordpress\/giornale-radiopiu-08-novembre-2022-direttore-mirko-mezzacasa\/1-137\/'><img loading=\"lazy\" decoding=\"async\" width=\"150\" height=\"150\" src=\"https:\/\/www.radiopiu.net\/wordpress\/wp-content\/uploads\/2022\/11\/1-150x150.jpg\" class=\"attachment-thumbnail size-thumbnail\" alt=\"\" \/><\/a>\n\t\t\t\t<\/dt><\/dl><dl class='gallery-item'>\n\t\t\t\t<dt class='gallery-icon portrait'>\n\t\t\t\t\t<a class=\"rollover\" href='https:\/\/www.radiopiu.net\/wordpress\/giornale-radiopiu-08-novembre-2022-direttore-mirko-mezzacasa\/2-139\/'><img loading=\"lazy\" decoding=\"async\" width=\"150\" height=\"150\" src=\"https:\/\/www.radiopiu.net\/wordpress\/wp-content\/uploads\/2022\/11\/2-150x150.jpg\" class=\"attachment-thumbnail size-thumbnail\" alt=\"\" \/><\/a>\n\t\t\t\t<\/dt><\/dl><dl class='gallery-item'>\n\t\t\t\t<dt class='gallery-icon portrait'>\n\t\t\t\t\t<a class=\"rollover\" href='https:\/\/www.radiopiu.net\/wordpress\/giornale-radiopiu-08-novembre-2022-direttore-mirko-mezzacasa\/3-115\/'><img loading=\"lazy\" decoding=\"async\" width=\"150\" height=\"150\" src=\"https:\/\/www.radiopiu.net\/wordpress\/wp-content\/uploads\/2022\/11\/3-150x150.jpg\" class=\"attachment-thumbnail size-thumbnail\" alt=\"\" \/><\/a>\n\t\t\t\t<\/dt><\/dl><dl class='gallery-item'>\n\t\t\t\t<dt class='gallery-icon portrait'>\n\t\t\t\t\t<a class=\"rollover\" href='https:\/\/www.radiopiu.net\/wordpress\/giornale-radiopiu-08-novembre-2022-direttore-mirko-mezzacasa\/4-75\/'><img loading=\"lazy\" decoding=\"async\" width=\"150\" height=\"150\" src=\"https:\/\/www.radiopiu.net\/wordpress\/wp-content\/uploads\/2022\/11\/4-150x150.jpg\" class=\"attachment-thumbnail size-thumbnail\" alt=\"\" \/><\/a>\n\t\t\t\t<\/dt><\/dl><dl class='gallery-item'>\n\t\t\t\t<dt class='gallery-icon portrait'>\n\t\t\t\t\t<a class=\"rollover\" href='https:\/\/www.radiopiu.net\/wordpress\/giornale-radiopiu-08-novembre-2022-direttore-mirko-mezzacasa\/5-55\/'><img loading=\"lazy\" decoding=\"async\" width=\"150\" height=\"150\" src=\"https:\/\/www.radiopiu.net\/wordpress\/wp-content\/uploads\/2022\/11\/5-150x150.jpg\" class=\"attachment-thumbnail size-thumbnail\" alt=\"\" \/><\/a>\n\t\t\t\t<\/dt><\/dl><br style=\"clear: both\" \/><dl class='gallery-item'>\n\t\t\t\t<dt class='gallery-icon portrait'>\n\t\t\t\t\t<a class=\"rollover\" href='https:\/\/www.radiopiu.net\/wordpress\/giornale-radiopiu-08-novembre-2022-direttore-mirko-mezzacasa\/6-29\/'><img loading=\"lazy\" decoding=\"async\" width=\"150\" height=\"150\" src=\"https:\/\/www.radiopiu.net\/wordpress\/wp-content\/uploads\/2022\/11\/6-150x150.jpg\" class=\"attachment-thumbnail size-thumbnail\" alt=\"\" \/><\/a>\n\t\t\t\t<\/dt><\/dl><dl class='gallery-item'>\n\t\t\t\t<dt class='gallery-icon portrait'>\n\t\t\t\t\t<a class=\"rollover\" href='https:\/\/www.radiopiu.net\/wordpress\/giornale-radiopiu-08-novembre-2022-direttore-mirko-mezzacasa\/7-23\/'><img loading=\"lazy\" decoding=\"async\" width=\"150\" height=\"150\" src=\"https:\/\/www.radiopiu.net\/wordpress\/wp-content\/uploads\/2022\/11\/7-150x150.jpg\" class=\"attachment-thumbnail size-thumbnail\" alt=\"\" \/><\/a>\n\t\t\t\t<\/dt><\/dl><dl class='gallery-item'>\n\t\t\t\t<dt class='gallery-icon portrait'>\n\t\t\t\t\t<a class=\"rollover\" href='https:\/\/www.radiopiu.net\/wordpress\/giornale-radiopiu-08-novembre-2022-direttore-mirko-mezzacasa\/8-17\/'><img loading=\"lazy\" decoding=\"async\" width=\"150\" height=\"150\" src=\"https:\/\/www.radiopiu.net\/wordpress\/wp-content\/uploads\/2022\/11\/8-150x150.jpg\" class=\"attachment-thumbnail size-thumbnail\" alt=\"\" \/><\/a>\n\t\t\t\t<\/dt><\/dl><dl class='gallery-item'>\n\t\t\t\t<dt class='gallery-icon portrait'>\n\t\t\t\t\t<a class=\"rollover\" href='https:\/\/www.radiopiu.net\/wordpress\/giornale-radiopiu-08-novembre-2022-direttore-mirko-mezzacasa\/9-21\/'><img loading=\"lazy\" decoding=\"async\" width=\"150\" height=\"150\" src=\"https:\/\/www.radiopiu.net\/wordpress\/wp-content\/uploads\/2022\/11\/9-150x150.jpg\" class=\"attachment-thumbnail size-thumbnail\" alt=\"\" \/><\/a>\n\t\t\t\t<\/dt><\/dl><dl class='gallery-item'>\n\t\t\t\t<dt class='gallery-icon portrait'>\n\t\t\t\t\t<a class=\"rollover\" href='https:\/\/www.radiopiu.net\/wordpress\/giornale-radiopiu-08-novembre-2022-direttore-mirko-mezzacasa\/1o\/'><img loading=\"lazy\" decoding=\"async\" width=\"150\" height=\"150\" src=\"https:\/\/www.radiopiu.net\/wordpress\/wp-content\/uploads\/2022\/11\/1O-150x150.jpg\" class=\"attachment-thumbnail size-thumbnail\" alt=\"\" \/><\/a>\n\t\t\t\t<\/dt><\/dl><br style=\"clear: both\" \/><dl class='gallery-item'>\n\t\t\t\t<dt class='gallery-icon portrait'>\n\t\t\t\t\t<a class=\"rollover\" href='https:\/\/www.radiopiu.net\/wordpress\/giornale-radiopiu-08-novembre-2022-direttore-mirko-mezzacasa\/11-15\/'><img loading=\"lazy\" decoding=\"async\" width=\"150\" height=\"150\" src=\"https:\/\/www.radiopiu.net\/wordpress\/wp-content\/uploads\/2022\/11\/11-150x150.jpg\" class=\"attachment-thumbnail size-thumbnail\" alt=\"\" \/><\/a>\n\t\t\t\t<\/dt><\/dl><dl class='gallery-item'>\n\t\t\t\t<dt class='gallery-icon landscape'>\n\t\t\t\t\t<a class=\"rollover\" href='https:\/\/www.radiopiu.net\/wordpress\/giornale-radiopiu-08-novembre-2022-direttore-mirko-mezzacasa\/12-13\/'><img loading=\"lazy\" decoding=\"async\" width=\"150\" height=\"150\" src=\"https:\/\/www.radiopiu.net\/wordpress\/wp-content\/uploads\/2022\/11\/12-150x150.jpg\" class=\"attachment-thumbnail size-thumbnail\" alt=\"\" \/><\/a>\n\t\t\t\t<\/dt><\/dl><dl class='gallery-item'>\n\t\t\t\t<dt class='gallery-icon portrait'>\n\t\t\t\t\t<a class=\"rollover\" href='https:\/\/www.radiopiu.net\/wordpress\/giornale-radiopiu-08-novembre-2022-direttore-mirko-mezzacasa\/13-14\/'><img loading=\"lazy\" decoding=\"async\" width=\"150\" height=\"150\" src=\"https:\/\/www.radiopiu.net\/wordpress\/wp-content\/uploads\/2022\/11\/13-150x150.jpg\" class=\"attachment-thumbnail size-thumbnail\" alt=\"\" \/><\/a>\n\t\t\t\t<\/dt><\/dl><dl class='gallery-item'>\n\t\t\t\t<dt class='gallery-icon portrait'>\n\t\t\t\t\t<a class=\"rollover\" href='https:\/\/www.radiopiu.net\/wordpress\/giornale-radiopiu-08-novembre-2022-direttore-mirko-mezzacasa\/14-11\/'><img loading=\"lazy\" decoding=\"async\" width=\"150\" height=\"150\" src=\"https:\/\/www.radiopiu.net\/wordpress\/wp-content\/uploads\/2022\/11\/14-150x150.jpg\" class=\"attachment-thumbnail size-thumbnail\" alt=\"\" \/><\/a>\n\t\t\t\t<\/dt><\/dl><dl class='gallery-item'>\n\t\t\t\t<dt class='gallery-icon portrait'>\n\t\t\t\t\t<a class=\"rollover\" href='https:\/\/www.radiopiu.net\/wordpress\/giornale-radiopiu-08-novembre-2022-direttore-mirko-mezzacasa\/15-13\/'><img loading=\"lazy\" decoding=\"async\" width=\"150\" height=\"150\" src=\"https:\/\/www.radiopiu.net\/wordpress\/wp-content\/uploads\/2022\/11\/15-150x150.jpg\" class=\"attachment-thumbnail size-thumbnail\" alt=\"\" \/><\/a>\n\t\t\t\t<\/dt><\/dl><br style=\"clear: both\" \/>\n\t\t\t<\/div>\n\n<p>&nbsp;<\/p>\n<p>&nbsp;<\/p>\n<hr \/>\n<p>&nbsp;<\/p>\n<div>\n<div class=\"b654a4as d2edcug0\">\n<div class=\"rq0escxv hkbzh7o3 jwdofwj8 n8tt0mok r8blr3vg hyh9befq\">\n<p><a class=\"dt-pswp-item\" href=\"https:\/\/www.radiopiu.net\/wordpress\/wp-content\/uploads\/2020\/10\/pp.jpg\" data-dt-img-description=\"\" data-large_image_width=\"640\" data-large_image_height=\"640\"><img loading=\"lazy\" decoding=\"async\" class=\"wp-image-163678 alignleft\" src=\"https:\/\/www.radiopiu.net\/wordpress\/wp-content\/uploads\/2020\/10\/pp-300x300.jpg\" alt=\"\" width=\"106\" height=\"106\" srcset=\"https:\/\/www.radiopiu.net\/wordpress\/wp-content\/uploads\/2020\/10\/pp-300x300.jpg 300w, https:\/\/www.radiopiu.net\/wordpress\/wp-content\/uploads\/2020\/10\/pp-150x150.jpg 150w, https:\/\/www.radiopiu.net\/wordpress\/wp-content\/uploads\/2020\/10\/pp-125x125.jpg 125w, https:\/\/www.radiopiu.net\/wordpress\/wp-content\/uploads\/2020\/10\/pp-200x200.jpg 200w, https:\/\/www.radiopiu.net\/wordpress\/wp-content\/uploads\/2020\/10\/pp-80x80.jpg 80w, https:\/\/www.radiopiu.net\/wordpress\/wp-content\/uploads\/2020\/10\/pp-480x480.jpg 480w, https:\/\/www.radiopiu.net\/wordpress\/wp-content\/uploads\/2020\/10\/pp.jpg 640w\" sizes=\"auto, (max-width: 106px) 100vw, 106px\" \/><\/a><\/p>\n<\/div>\n<\/div>\n<\/div>\n<div>\n<div class=\"page-title-head hgroup\">\n<div class=\"page-title-head hgroup\">\n<div class=\"b654a4as d2edcug0\">\n<div class=\"j83agx80 btwxx1t3 lhclo0ds hop8lmos nkwizq5d scwd0bx6 roh60bw9\">\n<div class=\"rq0escxv hkbzh7o3 jwdofwj8 n8tt0mok r8blr3vg hyh9befq\">\n<div class=\"do00u71z l9j0dhe7 k4urcfbm\">\n<h2><span style=\"color: #000080;\">DON CESARE, IL PENSIERO DEL GIORNO. ALLA RADIO ALLE 7 DEL MATTINO E ALLE 19.30 DELLA SERA<\/span><\/h2>\n<\/div>\n<\/div>\n<\/div>\n<\/div>\n<\/div>\n<\/div>\n<\/div>\n<p>&nbsp;<\/p>\n<p>&nbsp;<\/p>\n<p>&nbsp;<\/p>\n<hr \/>\n<p>&nbsp;<\/p>\n<h2><span style=\"color: #339966;\">COLLAGE OPERAZIONE NOSTALGIA<\/span><\/h2>\n<p><a class=\"dt-pswp-item\" href=\"https:\/\/www.radiopiu.net\/wordpress\/wp-content\/uploads\/2022\/11\/Bowie-scaled.jpg\" data-dt-img-description=\"\" data-large_image_width=\"2560\" data-large_image_height=\"1920\"><img loading=\"lazy\" decoding=\"async\" class=\" wp-image-304812 alignleft\" src=\"https:\/\/www.radiopiu.net\/wordpress\/wp-content\/uploads\/2022\/11\/Bowie-300x225.jpg\" alt=\"\" width=\"141\" height=\"106\" srcset=\"https:\/\/www.radiopiu.net\/wordpress\/wp-content\/uploads\/2022\/11\/Bowie-300x225.jpg 300w, https:\/\/www.radiopiu.net\/wordpress\/wp-content\/uploads\/2022\/11\/Bowie-1024x768.jpg 1024w, https:\/\/www.radiopiu.net\/wordpress\/wp-content\/uploads\/2022\/11\/Bowie-768x576.jpg 768w, https:\/\/www.radiopiu.net\/wordpress\/wp-content\/uploads\/2022\/11\/Bowie-1536x1152.jpg 1536w, https:\/\/www.radiopiu.net\/wordpress\/wp-content\/uploads\/2022\/11\/Bowie-2048x1536.jpg 2048w\" sizes=\"auto, (max-width: 141px) 100vw, 141px\" \/><\/a>La nuova settimana di Collage si aprir\u00e0 all\u2019insegna della musica italiana degli anni 60 con un interprete particolare ovvero David Bowie che ci regaler\u00e0 la sua versione di \u201cRagazzo solo, ragazza sola\u201d cover di \u201cSpace oddity\u201d. La programmazione proseguir\u00e0 nella consueta alternanza di brani internazionali ed italiani con una puntata dedicata alle voci femminili straniere e la presenza per la prima volta in scaletta di artisti come Teresa De Sio, Franco Califano, Mimmo Locasciulli e Sergio Caputo. Collage va in onda dal luned\u00ec al venerd\u00ec alle 16,00 e alle 23,00 naturalmente su Radio Pi\u00f9.<\/p>\n<p>&nbsp;<\/p>\n<p><strong>LA PUNTATA DEL LUNEDI, 656<\/strong><\/p>\n<audio class=\"wp-audio-shortcode\" id=\"audio-304886-16\" preload=\"none\" style=\"width: 100%;\" controls=\"controls\"><source type=\"audio\/mpeg\" src=\"https:\/\/www.radiopiu.net\/wordpress\/wp-content\/uploads\/2022\/11\/Collage-656.mp3?_=16\" \/><a href=\"https:\/\/www.radiopiu.net\/wordpress\/wp-content\/uploads\/2022\/11\/Collage-656.mp3\">https:\/\/www.radiopiu.net\/wordpress\/wp-content\/uploads\/2022\/11\/Collage-656.mp3<\/a><\/audio>\n<p>&nbsp;<\/p>\n<hr \/>\n<p>&nbsp;<\/p>\n<h2><span style=\"color: #3366ff;\">LA RASSEGNA STAMPA DA L&#8217;AMICO DEL POPOLO<\/span><\/h2>\n<p><strong><a class=\"dt-pswp-item\" href=\"https:\/\/www.radiopiu.net\/wordpress\/wp-content\/uploads\/2019\/03\/IC-FELTRE-Ambiente-Foen-2.jpg\" data-dt-img-description=\"\" data-large_image_width=\"1600\" data-large_image_height=\"1200\"><img loading=\"lazy\" decoding=\"async\" class=\" wp-image-79992 alignleft\" src=\"https:\/\/www.radiopiu.net\/wordpress\/wp-content\/uploads\/2019\/03\/IC-FELTRE-Ambiente-Foen-2-300x225.jpg\" alt=\"\" width=\"197\" height=\"148\" srcset=\"https:\/\/www.radiopiu.net\/wordpress\/wp-content\/uploads\/2019\/03\/IC-FELTRE-Ambiente-Foen-2-300x225.jpg 300w, https:\/\/www.radiopiu.net\/wordpress\/wp-content\/uploads\/2019\/03\/IC-FELTRE-Ambiente-Foen-2-768x576.jpg 768w, https:\/\/www.radiopiu.net\/wordpress\/wp-content\/uploads\/2019\/03\/IC-FELTRE-Ambiente-Foen-2-1024x768.jpg 1024w, https:\/\/www.radiopiu.net\/wordpress\/wp-content\/uploads\/2019\/03\/IC-FELTRE-Ambiente-Foen-2.jpg 1600w\" sizes=\"auto, (max-width: 197px) 100vw, 197px\" \/><\/a>di Gianni Santomaso<\/strong><\/p>\n<p>OSPITE: Daniele Giaffredo<\/p>\n<audio class=\"wp-audio-shortcode\" id=\"audio-304886-17\" preload=\"none\" style=\"width: 100%;\" controls=\"controls\"><source type=\"audio\/mpeg\" src=\"https:\/\/www.radiopiu.net\/wordpress\/wp-content\/uploads\/2022\/11\/RASSEGNA-GIANNI.mp3?_=17\" \/><a href=\"https:\/\/www.radiopiu.net\/wordpress\/wp-content\/uploads\/2022\/11\/RASSEGNA-GIANNI.mp3\">https:\/\/www.radiopiu.net\/wordpress\/wp-content\/uploads\/2022\/11\/RASSEGNA-GIANNI.mp3<\/a><\/audio>\n<p>&nbsp;<\/p>\n<p>&nbsp;<\/p>\n<hr \/>\n<p>&nbsp;<\/p>\n<p><img loading=\"lazy\" decoding=\"async\" class=\"aligncenter wp-image-61954 size-full\" src=\"https:\/\/www.radiopiu.net\/wordpress\/wp-content\/uploads\/2018\/09\/viabilita.jpeg\" sizes=\"auto, (max-width: 800px) 100vw, 800px\" srcset=\"https:\/\/www.radiopiu.net\/wordpress\/wp-content\/uploads\/2018\/09\/viabilita.jpeg 800w, https:\/\/www.radiopiu.net\/wordpress\/wp-content\/uploads\/2018\/09\/viabilita-300x38.jpeg 300w, https:\/\/www.radiopiu.net\/wordpress\/wp-content\/uploads\/2018\/09\/viabilita-768x96.jpeg 768w\" alt=\"\" width=\"800\" height=\"100\" \/><\/p>\n<p>&nbsp;<\/p>\n<p>&nbsp;<\/p>\n<p><strong>AGGIORNAMENTO VENETO STRADE, AGGIORNAMENTO CONTINUO H 24<\/strong><\/p>\n<blockquote class=\"wp-embedded-content\" data-secret=\"CdtUakda9Y\"><p><a href=\"https:\/\/www.radiopiu.net\/wordpress\/viabilita\/\">viabilita<\/a><\/p><\/blockquote>\n<p><iframe loading=\"lazy\" class=\"wp-embedded-content\" sandbox=\"allow-scripts\" security=\"restricted\" style=\"position: absolute; clip: rect(1px, 1px, 1px, 1px);\" title=\"&#8220;viabilita&#8221; &#8212; Radio Pi\u00f9\" src=\"https:\/\/www.radiopiu.net\/wordpress\/viabilita\/embed\/#?secret=IdYCntjW2u#?secret=CdtUakda9Y\" data-secret=\"CdtUakda9Y\" width=\"600\" height=\"338\" frameborder=\"0\" marginwidth=\"0\" marginheight=\"0\" scrolling=\"no\"><\/iframe><\/p>\n<p>&nbsp;<\/p>\n<p>&nbsp;<\/p>\n<hr \/>\n<p>&nbsp;<\/p>\n<p><a class=\"dt-pswp-item\" href=\"https:\/\/www.radiopiu.net\/wordpress\/wp-content\/uploads\/2018\/09\/WhatsApp-Image-2018-09-20-at-16.04.06.jpeg\" data-dt-img-description=\"\" data-large_image_width=\"800\" data-large_image_height=\"100\"><img loading=\"lazy\" decoding=\"async\" class=\"wp-image-61378 size-full aligncenter\" src=\"https:\/\/www.radiopiu.net\/wordpress\/wp-content\/uploads\/2018\/09\/WhatsApp-Image-2018-09-20-at-16.04.06.jpeg\" alt=\"\" width=\"800\" height=\"100\" srcset=\"https:\/\/www.radiopiu.net\/wordpress\/wp-content\/uploads\/2018\/09\/WhatsApp-Image-2018-09-20-at-16.04.06.jpeg 800w, https:\/\/www.radiopiu.net\/wordpress\/wp-content\/uploads\/2018\/09\/WhatsApp-Image-2018-09-20-at-16.04.06-300x38.jpeg 300w, https:\/\/www.radiopiu.net\/wordpress\/wp-content\/uploads\/2018\/09\/WhatsApp-Image-2018-09-20-at-16.04.06-768x96.jpeg 768w\" sizes=\"auto, (max-width: 800px) 100vw, 800px\" \/><\/a><\/p>\n<p>&nbsp;<\/p>\n<p><center><b>Martedi 8<\/b><\/center><b>Tempo atteso: <\/b>Parzialmente soleggiato per temporanei passaggi di nubi alte, vale a dire tratti soleggiati, anche lunghi al mattino, alternati a momenti di cielo velato, specie al pomeriggio ed in serata. Nelle ore pi\u00f9 fredde non esclusa l&#8217;insidia di nebbie in alcuni fondovalle prealpini e nelle depressioni degli altopiani. Dalla tarda serata formazione di nubi basse tra Prealpi e pedomantana verone e vicentina. Mite per il periodo a tutte le quote.<br \/>\n<b>Precipitazioni: <\/b>Assenti (0%).<br \/>\n<b>Temperature: <\/b>Minime in lieve ripresa in quota e pressoch\u00e9 stazionarie nelle valli; massime stazionarie o in lieve aumento a 3000 m.<\/p>\n<hr \/>\n<p><center><b>Mercoledi 9<\/b><\/center><b>Tempo atteso: <\/b>Al mattino residui tratti soleggiati specie su Dolomiti con nubi basse presenti su Prealpi. Dalle ore centrali e nel pomeriggio aumento della nuvolosit\u00e0 ovunque fino a cielo molto nuvoloso ovunque verso sera.<br \/>\n<b>Precipitazioni: <\/b>Tra notte e primo mattino non esclusa pioviggine su Prealpi occidentali (0-20%); dalla tarda serata primi deboli piogge sparse a partire da Prealpi occidentali (50-60 %).<br \/>\n<b>Temperature: <\/b>Temperature minime in aumento e massime in calo.<\/p>\n<hr \/>\n<p><center><b>Giovedi 10<\/b><\/center>Tempo lievemente perturbato tra la notte ed il mattino con deboli precipitazioni sparse ed intermittenti, nevose oltre i 2500-2600 m. Al pomeriggio esaurimento dei fenomeni e tendenza a schiarite via via pi\u00f9 ampie. Temperature minime stazionarie o in lieve aumento, massime generalmente stazionarie.<\/p>\n<hr \/>\n<p><center><b>Venerdi 11<\/b><\/center>Parzialmente soleggiato per sottili velature anche estese e qualche addensamento su prealpi nel pomeriggio\/sera. Temperature pressoch\u00e8 stazionarie in quota, in possibile calo dalla sera, nelle valli minime in calo e massime stazionarie o in lieve aumento.<\/p>\n<p>&nbsp;<\/p>\n<hr \/>\n<p>&nbsp;<\/p>\n<p><a class=\"dt-pswp-item\" href=\"https:\/\/www.radiopiu.net\/wordpress\/wp-content\/uploads\/2018\/09\/sport.jpg\" data-dt-img-description=\"\" data-large_image_width=\"800\" data-large_image_height=\"100\"><img loading=\"lazy\" decoding=\"async\" class=\"aligncenter wp-image-60761 size-full\" src=\"https:\/\/www.radiopiu.net\/wordpress\/wp-content\/uploads\/2018\/09\/sport.jpg\" alt=\"\" width=\"800\" height=\"100\" srcset=\"https:\/\/www.radiopiu.net\/wordpress\/wp-content\/uploads\/2018\/09\/sport.jpg 800w, https:\/\/www.radiopiu.net\/wordpress\/wp-content\/uploads\/2018\/09\/sport-300x38.jpg 300w, https:\/\/www.radiopiu.net\/wordpress\/wp-content\/uploads\/2018\/09\/sport-768x96.jpg 768w\" sizes=\"auto, (max-width: 800px) 100vw, 800px\" \/><\/a><\/p>\n<p>&nbsp;<\/p>\n<p>&nbsp;<\/p>\n<blockquote>\n<h3><span style=\"color: #0000ff;\"> <a class=\"dt-pswp-item\" href=\"https:\/\/www.radiopiu.net\/wordpress\/wp-content\/uploads\/2022\/11\/2e4f1f00-dbd6-4a1b-a757-07e2f86d88b8.jpg\" data-dt-img-description=\"\" data-large_image_width=\"1600\" data-large_image_height=\"1200\"><img loading=\"lazy\" decoding=\"async\" class=\"wp-image-305056 alignleft\" src=\"https:\/\/www.radiopiu.net\/wordpress\/wp-content\/uploads\/2022\/11\/2e4f1f00-dbd6-4a1b-a757-07e2f86d88b8-300x225.jpg\" alt=\"\" width=\"179\" height=\"134\" srcset=\"https:\/\/www.radiopiu.net\/wordpress\/wp-content\/uploads\/2022\/11\/2e4f1f00-dbd6-4a1b-a757-07e2f86d88b8-300x225.jpg 300w, https:\/\/www.radiopiu.net\/wordpress\/wp-content\/uploads\/2022\/11\/2e4f1f00-dbd6-4a1b-a757-07e2f86d88b8-1024x768.jpg 1024w, https:\/\/www.radiopiu.net\/wordpress\/wp-content\/uploads\/2022\/11\/2e4f1f00-dbd6-4a1b-a757-07e2f86d88b8-768x576.jpg 768w, https:\/\/www.radiopiu.net\/wordpress\/wp-content\/uploads\/2022\/11\/2e4f1f00-dbd6-4a1b-a757-07e2f86d88b8-1536x1152.jpg 1536w, https:\/\/www.radiopiu.net\/wordpress\/wp-content\/uploads\/2022\/11\/2e4f1f00-dbd6-4a1b-a757-07e2f86d88b8.jpg 1600w\" sizes=\"auto, (max-width: 179px) 100vw, 179px\" \/><\/a>L&#8217;AVVENTURA\u00a0<\/span><\/h3>\n<p>Equipaggio tutto cadorino per la Dakar<\/p><\/blockquote>\n<p><strong>DI BARBARA PAOLAZZI, RADIOCLUB 103<\/strong><\/p>\n<audio class=\"wp-audio-shortcode\" id=\"audio-304886-18\" preload=\"none\" style=\"width: 100%;\" controls=\"controls\"><source type=\"audio\/mpeg\" src=\"https:\/\/www.radiopiu.net\/wordpress\/wp-content\/uploads\/2022\/11\/barbara.mp3?_=18\" \/><a href=\"https:\/\/www.radiopiu.net\/wordpress\/wp-content\/uploads\/2022\/11\/barbara.mp3\">https:\/\/www.radiopiu.net\/wordpress\/wp-content\/uploads\/2022\/11\/barbara.mp3<\/a><\/audio>\n<p>&nbsp;<\/p>\n<p>&nbsp;<\/p>\n<hr \/>\n<p>&nbsp;<\/p>\n<p><span style=\"color: #0000ff;\"><strong>HOCKEY SU GHIACCIO<\/strong><\/span><\/p>\n<h3>L&#8217;ALLEGHE CHIUDE IL GIRONE DI ANDATA DELLA IHL CON ZERO PUNTI<\/h3>\n<p><strong><a class=\"dt-pswp-item\" href=\"https:\/\/www.radiopiu.net\/wordpress\/wp-content\/uploads\/2022\/11\/b8ac0502-a905-4bb8-b2cd-70c143162c28.jpg\" data-dt-img-description=\"\" data-large_image_width=\"1024\" data-large_image_height=\"768\"><img loading=\"lazy\" decoding=\"async\" class=\" wp-image-304788 alignleft\" src=\"https:\/\/www.radiopiu.net\/wordpress\/wp-content\/uploads\/2022\/11\/b8ac0502-a905-4bb8-b2cd-70c143162c28-300x225.jpg\" alt=\"\" width=\"185\" height=\"139\" srcset=\"https:\/\/www.radiopiu.net\/wordpress\/wp-content\/uploads\/2022\/11\/b8ac0502-a905-4bb8-b2cd-70c143162c28-300x225.jpg 300w, https:\/\/www.radiopiu.net\/wordpress\/wp-content\/uploads\/2022\/11\/b8ac0502-a905-4bb8-b2cd-70c143162c28-768x576.jpg 768w, https:\/\/www.radiopiu.net\/wordpress\/wp-content\/uploads\/2022\/11\/b8ac0502-a905-4bb8-b2cd-70c143162c28.jpg 1024w\" sizes=\"auto, (max-width: 185px) 100vw, 185px\" \/><\/a>REDAZIONE<\/strong> Un girone di andata da dimenticare per l&#8217;Alleghe Hockey. Dopo le prime 9 partite del campionato IHL la squadra allenata da Fontana \u00e8 l&#8217;unica in fondo alla classifica con zero punti. Nessuna vittoria e nessuna sfida portata all&#8217;overtime per le civette. Una classifica bugiarda perch\u00e8 i biancorossi hanno fatto vedere dei miglioramenti in fase difensiva e in attacco tanto che sabato scorso per la terza volta ha perso di misura con un solo gol di scarto. Di sicuro essere lontani dall&#8217;Alvise De Toni di Alleghe per gli allenamenti e per le partite non aiuta la societ\u00e0 agordina nel proseguo del campionato. Intanto sabato prossimo inizia il girone di ritorno e le civette giocheranno in trasferta con il Caldaro, una partita proibitiva per gli alleghesi che all&#8217;esordio in campionato avevano perso largamente con gli altoatesini.<\/p>\n<p><strong>LORIS DE VAL, GIOCATORE DELL&#8217;ALLEGHE HOCKEY<\/strong><\/p>\n<audio class=\"wp-audio-shortcode\" id=\"audio-304886-19\" preload=\"none\" style=\"width: 100%;\" controls=\"controls\"><source type=\"audio\/mpeg\" src=\"https:\/\/www.radiopiu.net\/wordpress\/wp-content\/uploads\/2022\/11\/LORIS-DE-VAL-SITO.mp3?_=19\" \/><a href=\"https:\/\/www.radiopiu.net\/wordpress\/wp-content\/uploads\/2022\/11\/LORIS-DE-VAL-SITO.mp3\">https:\/\/www.radiopiu.net\/wordpress\/wp-content\/uploads\/2022\/11\/LORIS-DE-VAL-SITO.mp3<\/a><\/audio>\n<p>&nbsp;<\/p>\n<hr \/>\n<p>&nbsp;<\/p>\n<p><span style=\"color: #0000ff;\"><strong>PALLAVOLO<\/strong><\/span><\/p>\n<blockquote>\n<h3>LA PALLAVOLO BELLUNO TORNA DA BOLOGNA LECCANDOSI LE FERITE<\/h3>\n<\/blockquote>\n<p><strong><a class=\"dt-pswp-item\" href=\"https:\/\/www.radiopiu.net\/wordpress\/wp-content\/uploads\/2022\/11\/DRL_a_Bologna.jpg\" data-dt-img-description=\"\" data-large_image_width=\"1431\" data-large_image_height=\"724\"><img loading=\"lazy\" decoding=\"async\" class=\" wp-image-304984 alignleft\" src=\"https:\/\/www.radiopiu.net\/wordpress\/wp-content\/uploads\/2022\/11\/DRL_a_Bologna-300x152.jpg\" alt=\"\" width=\"193\" height=\"98\" srcset=\"https:\/\/www.radiopiu.net\/wordpress\/wp-content\/uploads\/2022\/11\/DRL_a_Bologna-300x152.jpg 300w, https:\/\/www.radiopiu.net\/wordpress\/wp-content\/uploads\/2022\/11\/DRL_a_Bologna-1024x518.jpg 1024w, https:\/\/www.radiopiu.net\/wordpress\/wp-content\/uploads\/2022\/11\/DRL_a_Bologna-768x389.jpg 768w, https:\/\/www.radiopiu.net\/wordpress\/wp-content\/uploads\/2022\/11\/DRL_a_Bologna.jpg 1431w\" sizes=\"auto, (max-width: 193px) 100vw, 193px\" \/><\/a>BELLUNO <\/strong>La Pallavolo Belluno si lecca le ferite dopo il secondo passivo nel campionato di Serie A3: un passivo, quello maturato al Palasavena con la Geetit Bologna, netto nella forma. E, a detta del direttore generale Franco Da Re, anche nella sostanza: <em>\u00abIn realt\u00e0 il risultato \u00e8 bugiardo. Siamo andati vicinissimi a vincere due set su tre? Vero, ma non lo avremmo meritato nella maniera pi\u00f9 assoluta. I parziali dicono che siamo sempre stati in partita, in realt\u00e0 non \u00e8 cos\u00ec. Prestazione largamente insufficiente: abbiamo fatto male sotto tutti i punti di vista\u00bb.<\/em><span class=\"gmail-Apple-converted-space\">\u00a0<\/span>I rinoceronti scendono di tre posizioni nella graduatoria: \u00abQuando una squadra, nei momenti decisivi, sbaglia le ultime due battute o i secondi tocchi, \u00e8 evidente che denoti dei limiti non indifferenti, su cui sar\u00e0 necessario lavorare e intervenire molto rapidamente\u00bb.<span class=\"gmail-Apple-converted-space\"> \u00a0<\/span><\/p>\n<p>&nbsp;<\/p>\n<hr \/>\n<p>&nbsp;<\/p>\n","protected":false},"excerpt":{"rendered":"<p>RADIO PIU INFORMAZIONE il canale su TELEGRAM informazione di prima\u00a0 mano e in tempo reale. iscriviti ed aiutaci a farlo conoscere\u00a0\u00a0 CENCENIGHE Christian De Biasio, &#8220;Ciccio&#8221; per gli amici, il volto noto di Oh Perbacco Wine di Cencenighe \u00e8 stato premiato alla seconda edizione del premio regionale Start&amp;Start Giovani Imprenditori. Premiato assieme alle pi\u00f9 importanti&hellip;<\/p>\n","protected":false},"author":4,"featured_media":305138,"comment_status":"closed","ping_status":"closed","sticky":false,"template":"","format":"standard","meta":{"_monsterinsights_skip_tracking":false,"_monsterinsights_sitenote_active":false,"_monsterinsights_sitenote_note":"","_monsterinsights_sitenote_category":0,"footnotes":""},"categories":[51,86,49],"tags":[],"class_list":["post-304886","post","type-post","status-publish","format-standard","has-post-thumbnail","hentry","category-evidenza-top","category-gr","category-news-18","category-51","category-86","category-49","description-off"],"img_url":"https:\/\/www.radiopiu.net\/wordpress\/wp-content\/uploads\/2022\/11\/Senza-nome-36.jpg","_links":{"self":[{"href":"https:\/\/www.radiopiu.net\/wordpress\/wp-json\/wp\/v2\/posts\/304886","targetHints":{"allow":["GET"]}}],"collection":[{"href":"https:\/\/www.radiopiu.net\/wordpress\/wp-json\/wp\/v2\/posts"}],"about":[{"href":"https:\/\/www.radiopiu.net\/wordpress\/wp-json\/wp\/v2\/types\/post"}],"author":[{"embeddable":true,"href":"https:\/\/www.radiopiu.net\/wordpress\/wp-json\/wp\/v2\/users\/4"}],"replies":[{"embeddable":true,"href":"https:\/\/www.radiopiu.net\/wordpress\/wp-json\/wp\/v2\/comments?post=304886"}],"version-history":[{"count":0,"href":"https:\/\/www.radiopiu.net\/wordpress\/wp-json\/wp\/v2\/posts\/304886\/revisions"}],"wp:featuredmedia":[{"embeddable":true,"href":"https:\/\/www.radiopiu.net\/wordpress\/wp-json\/wp\/v2\/media\/305138"}],"wp:attachment":[{"href":"https:\/\/www.radiopiu.net\/wordpress\/wp-json\/wp\/v2\/media?parent=304886"}],"wp:term":[{"taxonomy":"category","embeddable":true,"href":"https:\/\/www.radiopiu.net\/wordpress\/wp-json\/wp\/v2\/categories?post=304886"},{"taxonomy":"post_tag","embeddable":true,"href":"https:\/\/www.radiopiu.net\/wordpress\/wp-json\/wp\/v2\/tags?post=304886"}],"curies":[{"name":"wp","href":"https:\/\/api.w.org\/{rel}","templated":true}]}}