{"id":305043,"date":"2022-11-08T05:29:43","date_gmt":"2022-11-08T04:29:43","guid":{"rendered":"https:\/\/www.radiopiu.net\/wordpress\/?p=305043"},"modified":"2022-11-08T05:49:33","modified_gmt":"2022-11-08T04:49:33","slug":"caro-energia-non-ci-sara-nessuna-serrata-manca-e-il-senso-di-comunita","status":"publish","type":"post","link":"https:\/\/www.radiopiu.net\/wordpress\/caro-energia-non-ci-sara-nessuna-serrata-manca-e-il-senso-di-comunita\/","title":{"rendered":"CARO ENERGIA, NON CI SARA&#8217; NESSUNA SERRATA, MANCA IL SENSO DI COMUNITA&#8217;"},"content":{"rendered":"<blockquote><p><em>&#8220;Fa pi\u00f9 &#8220;morti&#8221; la crisi energetica che due anni e pi\u00f9 di pandemia&#8221;<\/em><\/p><\/blockquote>\n<p><strong>RIVAMONTE<\/strong><\/p>\n<p><strong>DI GIANNI SANTOMASO<\/strong><\/p>\n<audio class=\"wp-audio-shortcode\" id=\"audio-305043-1\" preload=\"none\" style=\"width: 100%;\" controls=\"controls\"><source type=\"audio\/mpeg\" src=\"https:\/\/www.radiopiu.net\/wordpress\/wp-content\/uploads\/2022\/11\/gianni-rivamonte.mp3?_=1\" \/><a href=\"https:\/\/www.radiopiu.net\/wordpress\/wp-content\/uploads\/2022\/11\/gianni-rivamonte.mp3\">https:\/\/www.radiopiu.net\/wordpress\/wp-content\/uploads\/2022\/11\/gianni-rivamonte.mp3<\/a><\/audio>\n<p>&nbsp;<\/p>\n<blockquote><p><em><span dir=\"ltr\" role=\"presentation\">&#8220;La consapevolezza che sia un momento davvero difficile \u00e8 chiara, ma \u00e8 <\/span><span dir=\"ltr\" role=\"presentation\">altrettanto chiaro che morire in silenzio non \u00e8 la scelta migliore&#8221;.\u00a0<\/span><\/em><\/p>\n<p>&nbsp;<\/p><\/blockquote>\n<p><span dir=\"ltr\" role=\"presentation\"><img loading=\"lazy\" decoding=\"async\" class=\"aligncenter\" src=\"https:\/\/www.radiopiu.net\/wordpress\/wp-content\/uploads\/2022\/11\/Senza-nome-32.jpg\" width=\"416\" height=\"167\" \/><\/span><\/p>\n<blockquote><p><em>&#8220;Sconsigliata la strada di non pagare le bollette. Ci si accontenta delle piccole conquiste&#8230;&#8221;<\/em><\/p><\/blockquote>\n<p><strong>LA DIRETTA SUI CANALI FACEBOOK<\/strong><\/p>\n<p>https:\/\/www.facebook.com\/marco.baghy.1\/videos\/369423135365520\/?<\/p>\n<p>&nbsp;<\/p>\n<hr \/>\n<p>&nbsp;<\/p>\n","protected":false},"excerpt":{"rendered":"<p>&#8220;Fa pi\u00f9 &#8220;morti&#8221; la crisi energetica che due anni e pi\u00f9 di pandemia&#8221; RIVAMONTE DI GIANNI SANTOMASO &nbsp; &#8220;La consapevolezza che sia un momento davvero difficile \u00e8 chiara, ma \u00e8 altrettanto chiaro che morire in silenzio non \u00e8 la scelta migliore&#8221;.\u00a0 &nbsp; &#8220;Sconsigliata la strada di non pagare le bollette. Ci si accontenta delle piccole&hellip;<\/p>\n","protected":false},"author":4,"featured_media":305073,"comment_status":"closed","ping_status":"closed","sticky":false,"template":"","format":"standard","meta":{"_monsterinsights_skip_tracking":false,"_monsterinsights_sitenote_active":false,"_monsterinsights_sitenote_note":"","_monsterinsights_sitenote_category":0,"footnotes":""},"categories":[51,49],"tags":[],"class_list":["post-305043","post","type-post","status-publish","format-standard","has-post-thumbnail","hentry","category-evidenza-top","category-news-18","category-51","category-49","description-off"],"img_url":"https:\/\/www.radiopiu.net\/wordpress\/wp-content\/uploads\/2022\/11\/Senza-nome-32.jpg","_links":{"self":[{"href":"https:\/\/www.radiopiu.net\/wordpress\/wp-json\/wp\/v2\/posts\/305043","targetHints":{"allow":["GET"]}}],"collection":[{"href":"https:\/\/www.radiopiu.net\/wordpress\/wp-json\/wp\/v2\/posts"}],"about":[{"href":"https:\/\/www.radiopiu.net\/wordpress\/wp-json\/wp\/v2\/types\/post"}],"author":[{"embeddable":true,"href":"https:\/\/www.radiopiu.net\/wordpress\/wp-json\/wp\/v2\/users\/4"}],"replies":[{"embeddable":true,"href":"https:\/\/www.radiopiu.net\/wordpress\/wp-json\/wp\/v2\/comments?post=305043"}],"version-history":[{"count":0,"href":"https:\/\/www.radiopiu.net\/wordpress\/wp-json\/wp\/v2\/posts\/305043\/revisions"}],"wp:featuredmedia":[{"embeddable":true,"href":"https:\/\/www.radiopiu.net\/wordpress\/wp-json\/wp\/v2\/media\/305073"}],"wp:attachment":[{"href":"https:\/\/www.radiopiu.net\/wordpress\/wp-json\/wp\/v2\/media?parent=305043"}],"wp:term":[{"taxonomy":"category","embeddable":true,"href":"https:\/\/www.radiopiu.net\/wordpress\/wp-json\/wp\/v2\/categories?post=305043"},{"taxonomy":"post_tag","embeddable":true,"href":"https:\/\/www.radiopiu.net\/wordpress\/wp-json\/wp\/v2\/tags?post=305043"}],"curies":[{"name":"wp","href":"https:\/\/api.w.org\/{rel}","templated":true}]}}