{"id":305069,"date":"2022-11-09T05:29:00","date_gmt":"2022-11-09T04:29:00","guid":{"rendered":"https:\/\/www.radiopiu.net\/wordpress\/?p=305069"},"modified":"2022-11-09T08:18:44","modified_gmt":"2022-11-09T07:18:44","slug":"giornale-radiopiu-09-novembre-2022-direttore-mirko-mezzacasa","status":"publish","type":"post","link":"https:\/\/www.radiopiu.net\/wordpress\/giornale-radiopiu-09-novembre-2022-direttore-mirko-mezzacasa\/","title":{"rendered":"GIORNALE RADIOPIU 09 NOVEMBRE 2022 DIRETTORE MIRKO MEZZACASA"},"content":{"rendered":"<h3 class=\"kvgmc6g5 cxmmr5t8 oygrvhab hcukyx3x c1et5uql\"><span style=\"color: #0000ff;\"><strong>RADIO PIU INFORMAZIONE il canale su TELEGRAM informazione di prima\u00a0 <\/strong><strong>mano e in tempo reale. iscriviti ed aiutaci a farlo conoscere\u00a0\u00a0<\/strong><\/span><\/h3>\n<p>&nbsp;<\/p>\n<hr \/>\n<p>&nbsp;<\/p>\n<blockquote>\n<h3><a class=\"dt-pswp-item\" href=\"https:\/\/www.radiopiu.net\/wordpress\/wp-content\/uploads\/2021\/12\/NEVE-STRADA.jpg\" data-dt-img-description=\"\" data-large_image_width=\"1920\" data-large_image_height=\"1280\"><img loading=\"lazy\" decoding=\"async\" class=\" wp-image-247467 alignleft\" src=\"https:\/\/www.radiopiu.net\/wordpress\/wp-content\/uploads\/2021\/12\/NEVE-STRADA-300x200.jpg\" alt=\"\" width=\"140\" height=\"93\" srcset=\"https:\/\/www.radiopiu.net\/wordpress\/wp-content\/uploads\/2021\/12\/NEVE-STRADA-300x200.jpg 300w, https:\/\/www.radiopiu.net\/wordpress\/wp-content\/uploads\/2021\/12\/NEVE-STRADA-1024x683.jpg 1024w, https:\/\/www.radiopiu.net\/wordpress\/wp-content\/uploads\/2021\/12\/NEVE-STRADA-768x512.jpg 768w, https:\/\/www.radiopiu.net\/wordpress\/wp-content\/uploads\/2021\/12\/NEVE-STRADA-1536x1024.jpg 1536w, https:\/\/www.radiopiu.net\/wordpress\/wp-content\/uploads\/2021\/12\/NEVE-STRADA.jpg 1920w\" sizes=\"auto, (max-width: 140px) 100vw, 140px\" \/><\/a>DAL 15 NOVEMBRE PNEUMATICI INVERNALI O CATENE A BORDO<\/h3>\n<\/blockquote>\n<p><strong>SEDICO<\/strong> Veneto Strade ricorda che a partire dal 15 novembre 2022 e fino al 15 aprile 2023 vige l&#8217;obbligo di circolare sulla strade con pneumatici invernali o in alternativa di avere le catene da neve a bordo. L&#8217;obbligo non solo sulle strade di competenza di Veneto Strade ma anche per la rete stradale ANAS e il tratto stradale dell&#8217;autostrada A27.<\/p>\n<p>&nbsp;<\/p>\n<p>&nbsp;<\/p>\n<hr \/>\n<p>&nbsp;<\/p>\n<p><strong><a class=\"dt-pswp-item\" href=\"https:\/\/www.radiopiu.net\/wordpress\/wp-content\/uploads\/2021\/09\/IMG-20210910-WA0003.jpg\" data-dt-img-description=\"\" data-large_image_width=\"1600\" data-large_image_height=\"900\"><img loading=\"lazy\" decoding=\"async\" class=\"wp-image-232359 alignleft\" src=\"https:\/\/www.radiopiu.net\/wordpress\/wp-content\/uploads\/2021\/09\/IMG-20210910-WA0003-300x169.jpg\" alt=\"\" width=\"108\" height=\"61\" srcset=\"https:\/\/www.radiopiu.net\/wordpress\/wp-content\/uploads\/2021\/09\/IMG-20210910-WA0003-300x169.jpg 300w, https:\/\/www.radiopiu.net\/wordpress\/wp-content\/uploads\/2021\/09\/IMG-20210910-WA0003-1024x576.jpg 1024w, https:\/\/www.radiopiu.net\/wordpress\/wp-content\/uploads\/2021\/09\/IMG-20210910-WA0003-768x432.jpg 768w, https:\/\/www.radiopiu.net\/wordpress\/wp-content\/uploads\/2021\/09\/IMG-20210910-WA0003-1536x864.jpg 1536w, https:\/\/www.radiopiu.net\/wordpress\/wp-content\/uploads\/2021\/09\/IMG-20210910-WA0003.jpg 1600w\" sizes=\"auto, (max-width: 108px) 100vw, 108px\" \/><\/a>ROCCA PIETORE<\/strong> Gestione Servizi Pubblici informa che, per lavori alla rete idrica comunale, oggi dalle 8 al termine dei lavori\u00a0 potrebbe mancare l&#8217;acqua\u00a0 nelle localit\u00e0 SOTTOGUDA, PIAN, PALUE, BOSCO VERDE, SAS NEGHER, COL DI ROCCA, SORAR\u00d9, CAPOLUOGO e PEZZ\u00c8.<\/p>\n<p>&nbsp;<\/p>\n<p>&nbsp;<\/p>\n<hr \/>\n<p>&nbsp;<\/p>\n<blockquote>\n<h3>QUARANTA UOMINI CONTRO LE FIAMME DI UN INCENDIO DIVAMPATO ALL&#8217;ALBA E CHE ANCORA STA BRUCIANDO IL &#8220;PONTE SERRA&#8221;<\/h3>\n<\/blockquote>\n<p><strong><img decoding=\"async\" src=\"https:\/\/www.radiopiu.net\/wordpress\/wp-content\/uploads\/2022\/11\/4350e8d6-d28c-4264-aced-b5aafe409d30.jpg\" \/><\/strong><\/p>\n<p>&nbsp;<\/p>\n<p><strong>LAMON<\/strong> Solo sacrifici negli ultimi quattro anni per Davide Pante e la moglie Debora, sacrificio e lavoro, tempi duri nel periodo della pandemia, altrettanto con gli aumenti esorbitanti nella speculazione delle materie prime ed energia elettrica. Ma hanno tenuto duro. Pancia a terra e avanti, fino a ieri mattina alle 4 quando le fiamme hanno iniziato a divorare i loro sogni, il loro sudore. Un albergo devastato dal fuoco, le indagini chiariranno se si \u00e8 trattato di un corto circuito nella zona alta dell&#8217;albergo, mansardato in legno. Una donna di Lamon che si stava recando al lavoro ha visto il fumo uscire dall&#8217;abbaino e non ha esitato ad allertare i pompieri arrivati in massa da Feltre, dal Trentino, dal Vicentino. Tanti i permanenti, cos\u00ec come i volontari delle varie zone. Il proprietario Davide Pante ha vissuto l&#8217;inizio della fine del suo albergo, quel muro di fuoco che gli si \u00e8 parato davanti. Quel calore infernale contro il quale i vigili del fuoco hanno lottato senza sosta, versando acqua, spostando il materiale bruciato, facendo il loro lavoro come sempre con grande professionalit\u00e0 e umanit\u00e0, quella che si legge nello sguardo quando incontrano gli occhi di Davide, di Debora, degli amici, della gente del posto. Poi ci sono i curiosi, tanti, fermati prima di arrivare nei pressi dell&#8217;edificio in fiamme. Infatti per tutta la giornata la strada principale \u00e8 rimasta sbarrata con deviazioni per Sovramonte, Faller, Passo Croce d&#8217;Aune. Impossibile quantificare i danni, quelli causati dal fuoco e inevitabilmente quelli dell&#8217;acqua utilizzata per spegnere le fiamme che per la forza di gravit\u00e0 \u00e8 scolata fino al pian terreno.<\/p>\n<p>&nbsp;<\/p>\n<p>&nbsp;<\/p>\n<p><strong>DI MORENO GIOLI<\/strong><\/p>\n<audio class=\"wp-audio-shortcode\" id=\"audio-305069-1\" preload=\"none\" style=\"width: 100%;\" controls=\"controls\"><source type=\"audio\/mpeg\" src=\"https:\/\/www.radiopiu.net\/wordpress\/wp-content\/uploads\/2022\/11\/MORENO.mp3?_=1\" \/><a href=\"https:\/\/www.radiopiu.net\/wordpress\/wp-content\/uploads\/2022\/11\/MORENO.mp3\">https:\/\/www.radiopiu.net\/wordpress\/wp-content\/uploads\/2022\/11\/MORENO.mp3<\/a><\/audio>\n<p>&nbsp;<\/p>\n<p>&nbsp;<\/p>\n<blockquote>\n<h3>UN CONCRETO AIUTO A DEBORA E DAVIDE, ESSERE COMUNITA&#8217;<\/h3>\n<\/blockquote>\n<p><strong><img loading=\"lazy\" decoding=\"async\" class=\"alignleft\" src=\"https:\/\/www.radiopiu.net\/wordpress\/wp-content\/uploads\/2022\/11\/e7172ac2-da91-4f5a-a2f5-c9d2087c2bdf.jpg\" width=\"224\" height=\"168\" \/>LAMON<\/strong>\u00a0 In queste ore l&#8217;A.T.L. ( Associazione Turistica Lamon) ha attivato un conto corrente per raccogliere fondi a favore dell&#8217; Osteria Ponte Serra. Questo l&#8217;iban: IT75U0810261140000023001793 A.T.L. ASSOCIAZIONE TURISTICA LAMON CAUSALE: RACCOLTA FONDI A FAVORE OSTERIA PONTE SERRA<\/p>\n<p>&nbsp;<\/p>\n<p><strong>\u00a0\u00a0<\/strong><\/p>\n<p>&nbsp;<\/p>\n<p><strong>GALLERIA Tanti danni\u00a0 tutti da quantificare. Ecco come si presenta l&#8217;albergo con la luce del sole\u200b<\/strong><\/p>\n\n\t\t\t<style type='text\/css'>\n\t\t\t\t#gallery-1 {\n\t\t\t\t\tmargin: auto;\n\t\t\t\t}\n\t\t\t\t#gallery-1 .gallery-item {\n\t\t\t\t\tfloat: left;\n\t\t\t\t\tmargin-top: 10px;\n\t\t\t\t\ttext-align: center;\n\t\t\t\t\twidth: 33%;\n\t\t\t\t}\n\t\t\t\t#gallery-1 img {\n\t\t\t\t\tborder: 2px solid #cfcfcf;\n\t\t\t\t}\n\t\t\t\t#gallery-1 .gallery-caption {\n\t\t\t\t\tmargin-left: 0;\n\t\t\t\t}\n\t\t\t\t\/* see gallery_shortcode() in wp-includes\/media.php *\/\n\t\t\t<\/style>\n\t\t<div id='gallery-1' class='dt-gallery-container gallery galleryid-305069 gallery-columns-3 gallery-size-full'><dl class='gallery-item'>\n\t\t\t\t<dt class='gallery-icon landscape'>\n\t\t\t\t\t<a class=\"rollover rollover-zoom dt-pswp-item\" title=\"581cb271-7fa2-466a-882c-e30f50f8086a\" data-dt-img-description=\"\" data-large_image_width=\"1280\" data-large_image_height=\"960\"href='https:\/\/www.radiopiu.net\/wordpress\/wp-content\/uploads\/2022\/11\/581cb271-7fa2-466a-882c-e30f50f8086a.jpg'><img loading=\"lazy\" decoding=\"async\" width=\"1280\" height=\"960\" src=\"https:\/\/www.radiopiu.net\/wordpress\/wp-content\/uploads\/2022\/11\/581cb271-7fa2-466a-882c-e30f50f8086a.jpg\" class=\"attachment-full size-full\" alt=\"\" srcset=\"https:\/\/www.radiopiu.net\/wordpress\/wp-content\/uploads\/2022\/11\/581cb271-7fa2-466a-882c-e30f50f8086a.jpg 1280w, https:\/\/www.radiopiu.net\/wordpress\/wp-content\/uploads\/2022\/11\/581cb271-7fa2-466a-882c-e30f50f8086a-300x225.jpg 300w, https:\/\/www.radiopiu.net\/wordpress\/wp-content\/uploads\/2022\/11\/581cb271-7fa2-466a-882c-e30f50f8086a-1024x768.jpg 1024w, https:\/\/www.radiopiu.net\/wordpress\/wp-content\/uploads\/2022\/11\/581cb271-7fa2-466a-882c-e30f50f8086a-768x576.jpg 768w\" sizes=\"auto, (max-width: 1280px) 100vw, 1280px\" \/><\/a>\n\t\t\t\t<\/dt><\/dl><dl class='gallery-item'>\n\t\t\t\t<dt class='gallery-icon landscape'>\n\t\t\t\t\t<a class=\"rollover rollover-zoom dt-pswp-item\" title=\"596fd97f-d001-46b8-a378-2b9f44f7360e\" data-dt-img-description=\"\" data-large_image_width=\"1280\" data-large_image_height=\"960\"href='https:\/\/www.radiopiu.net\/wordpress\/wp-content\/uploads\/2022\/11\/596fd97f-d001-46b8-a378-2b9f44f7360e.jpg'><img loading=\"lazy\" decoding=\"async\" width=\"1280\" height=\"960\" src=\"https:\/\/www.radiopiu.net\/wordpress\/wp-content\/uploads\/2022\/11\/596fd97f-d001-46b8-a378-2b9f44f7360e.jpg\" class=\"attachment-full size-full\" alt=\"\" srcset=\"https:\/\/www.radiopiu.net\/wordpress\/wp-content\/uploads\/2022\/11\/596fd97f-d001-46b8-a378-2b9f44f7360e.jpg 1280w, https:\/\/www.radiopiu.net\/wordpress\/wp-content\/uploads\/2022\/11\/596fd97f-d001-46b8-a378-2b9f44f7360e-300x225.jpg 300w, https:\/\/www.radiopiu.net\/wordpress\/wp-content\/uploads\/2022\/11\/596fd97f-d001-46b8-a378-2b9f44f7360e-1024x768.jpg 1024w, https:\/\/www.radiopiu.net\/wordpress\/wp-content\/uploads\/2022\/11\/596fd97f-d001-46b8-a378-2b9f44f7360e-768x576.jpg 768w\" sizes=\"auto, (max-width: 1280px) 100vw, 1280px\" \/><\/a>\n\t\t\t\t<\/dt><\/dl><dl class='gallery-item'>\n\t\t\t\t<dt class='gallery-icon landscape'>\n\t\t\t\t\t<a class=\"rollover rollover-zoom dt-pswp-item\" title=\"9924c2ac-5710-4fd2-a31a-358e01f4bf65\" data-dt-img-description=\"\" data-large_image_width=\"1280\" data-large_image_height=\"960\"href='https:\/\/www.radiopiu.net\/wordpress\/wp-content\/uploads\/2022\/11\/9924c2ac-5710-4fd2-a31a-358e01f4bf65.jpg'><img loading=\"lazy\" decoding=\"async\" width=\"1280\" height=\"960\" src=\"https:\/\/www.radiopiu.net\/wordpress\/wp-content\/uploads\/2022\/11\/9924c2ac-5710-4fd2-a31a-358e01f4bf65.jpg\" class=\"attachment-full size-full\" alt=\"\" srcset=\"https:\/\/www.radiopiu.net\/wordpress\/wp-content\/uploads\/2022\/11\/9924c2ac-5710-4fd2-a31a-358e01f4bf65.jpg 1280w, https:\/\/www.radiopiu.net\/wordpress\/wp-content\/uploads\/2022\/11\/9924c2ac-5710-4fd2-a31a-358e01f4bf65-300x225.jpg 300w, https:\/\/www.radiopiu.net\/wordpress\/wp-content\/uploads\/2022\/11\/9924c2ac-5710-4fd2-a31a-358e01f4bf65-1024x768.jpg 1024w, https:\/\/www.radiopiu.net\/wordpress\/wp-content\/uploads\/2022\/11\/9924c2ac-5710-4fd2-a31a-358e01f4bf65-768x576.jpg 768w\" sizes=\"auto, (max-width: 1280px) 100vw, 1280px\" \/><\/a>\n\t\t\t\t<\/dt><\/dl><br style=\"clear: both\" \/><dl class='gallery-item'>\n\t\t\t\t<dt class='gallery-icon landscape'>\n\t\t\t\t\t<a class=\"rollover rollover-zoom dt-pswp-item\" title=\"e7172ac2-da91-4f5a-a2f5-c9d2087c2bdf\" data-dt-img-description=\"\" data-large_image_width=\"1280\" data-large_image_height=\"960\"href='https:\/\/www.radiopiu.net\/wordpress\/wp-content\/uploads\/2022\/11\/e7172ac2-da91-4f5a-a2f5-c9d2087c2bdf.jpg'><img loading=\"lazy\" decoding=\"async\" width=\"1280\" height=\"960\" src=\"https:\/\/www.radiopiu.net\/wordpress\/wp-content\/uploads\/2022\/11\/e7172ac2-da91-4f5a-a2f5-c9d2087c2bdf.jpg\" class=\"attachment-full size-full\" alt=\"\" srcset=\"https:\/\/www.radiopiu.net\/wordpress\/wp-content\/uploads\/2022\/11\/e7172ac2-da91-4f5a-a2f5-c9d2087c2bdf.jpg 1280w, https:\/\/www.radiopiu.net\/wordpress\/wp-content\/uploads\/2022\/11\/e7172ac2-da91-4f5a-a2f5-c9d2087c2bdf-300x225.jpg 300w, https:\/\/www.radiopiu.net\/wordpress\/wp-content\/uploads\/2022\/11\/e7172ac2-da91-4f5a-a2f5-c9d2087c2bdf-1024x768.jpg 1024w, https:\/\/www.radiopiu.net\/wordpress\/wp-content\/uploads\/2022\/11\/e7172ac2-da91-4f5a-a2f5-c9d2087c2bdf-768x576.jpg 768w\" sizes=\"auto, (max-width: 1280px) 100vw, 1280px\" \/><\/a>\n\t\t\t\t<\/dt><\/dl><dl class='gallery-item'>\n\t\t\t\t<dt class='gallery-icon landscape'>\n\t\t\t\t\t<a class=\"rollover rollover-zoom dt-pswp-item\" title=\"5f2b9e3c-0551-4f8f-b511-de913f91bbd9\" data-dt-img-description=\"\" data-large_image_width=\"1280\" data-large_image_height=\"960\"href='https:\/\/www.radiopiu.net\/wordpress\/wp-content\/uploads\/2022\/11\/5f2b9e3c-0551-4f8f-b511-de913f91bbd9.jpg'><img loading=\"lazy\" decoding=\"async\" width=\"1280\" height=\"960\" src=\"https:\/\/www.radiopiu.net\/wordpress\/wp-content\/uploads\/2022\/11\/5f2b9e3c-0551-4f8f-b511-de913f91bbd9.jpg\" class=\"attachment-full size-full\" alt=\"\" srcset=\"https:\/\/www.radiopiu.net\/wordpress\/wp-content\/uploads\/2022\/11\/5f2b9e3c-0551-4f8f-b511-de913f91bbd9.jpg 1280w, https:\/\/www.radiopiu.net\/wordpress\/wp-content\/uploads\/2022\/11\/5f2b9e3c-0551-4f8f-b511-de913f91bbd9-300x225.jpg 300w, https:\/\/www.radiopiu.net\/wordpress\/wp-content\/uploads\/2022\/11\/5f2b9e3c-0551-4f8f-b511-de913f91bbd9-1024x768.jpg 1024w, https:\/\/www.radiopiu.net\/wordpress\/wp-content\/uploads\/2022\/11\/5f2b9e3c-0551-4f8f-b511-de913f91bbd9-768x576.jpg 768w\" sizes=\"auto, (max-width: 1280px) 100vw, 1280px\" \/><\/a>\n\t\t\t\t<\/dt><\/dl><dl class='gallery-item'>\n\t\t\t\t<dt class='gallery-icon landscape'>\n\t\t\t\t\t<a class=\"rollover rollover-zoom dt-pswp-item\" title=\"08a385a8-9657-46d0-8efa-459ca2ffc15a\" data-dt-img-description=\"\" data-large_image_width=\"1280\" data-large_image_height=\"960\"href='https:\/\/www.radiopiu.net\/wordpress\/wp-content\/uploads\/2022\/11\/08a385a8-9657-46d0-8efa-459ca2ffc15a.jpg'><img loading=\"lazy\" decoding=\"async\" width=\"1280\" height=\"960\" src=\"https:\/\/www.radiopiu.net\/wordpress\/wp-content\/uploads\/2022\/11\/08a385a8-9657-46d0-8efa-459ca2ffc15a.jpg\" class=\"attachment-full size-full\" alt=\"\" srcset=\"https:\/\/www.radiopiu.net\/wordpress\/wp-content\/uploads\/2022\/11\/08a385a8-9657-46d0-8efa-459ca2ffc15a.jpg 1280w, https:\/\/www.radiopiu.net\/wordpress\/wp-content\/uploads\/2022\/11\/08a385a8-9657-46d0-8efa-459ca2ffc15a-300x225.jpg 300w, https:\/\/www.radiopiu.net\/wordpress\/wp-content\/uploads\/2022\/11\/08a385a8-9657-46d0-8efa-459ca2ffc15a-1024x768.jpg 1024w, https:\/\/www.radiopiu.net\/wordpress\/wp-content\/uploads\/2022\/11\/08a385a8-9657-46d0-8efa-459ca2ffc15a-768x576.jpg 768w\" sizes=\"auto, (max-width: 1280px) 100vw, 1280px\" \/><\/a>\n\t\t\t\t<\/dt><\/dl><br style=\"clear: both\" \/>\n\t\t\t<\/div>\n\n<p>&nbsp;<\/p>\n<blockquote>\n<h3 class=\"entry-title\">HOTEL PONTE SERRA, I DANNI SONO ELEVATI, LA STORIA<\/h3>\n<\/blockquote>\n<div>fonte www.ponteserra.it<\/div>\n<div><\/div>\n<p class=\"photoswipe-wrapper\"><a class=\"dt-pswp-item pspw-wrap-ready\" href=\"https:\/\/www.radiopiu.net\/wordpress\/wp-content\/uploads\/2022\/11\/Senza-nome-37.jpg\" data-dt-img-description=\"\" data-large_image_width=\"282\" data-large_image_height=\"177\"><img loading=\"lazy\" decoding=\"async\" class=\"size-full wp-image-305209 alignleft\" src=\"https:\/\/www.radiopiu.net\/wordpress\/wp-content\/uploads\/2022\/11\/Senza-nome-37.jpg\" alt=\"\" width=\"282\" height=\"177\" \/><\/a>Il bar \u201c<strong>Osteria Ponte Serra<\/strong>\u201d, si trova all\u2019interno di uno storico edificio del 1860\u00a0 dall\u2019architettura tipicamente dolomitica, che fino alla fine degli anni \u201970 oltre al bar ospitava anche un albergo e un ristorante.\u00a0 L\u2019intera struttura, posta sulla regionale 50 del Grappa e di Passo Rolle, si trova di fronte alle spettacolari cascate delle condotte della centrale di Pedesalto di Fonzaso e, da sempre, costituisce un frequentato punto di passaggio e di ristoro per chi transita per raggiungere Lamon, il Primiero, Feltre e tutte le frazioni sovramontine. Il bar, grazie alla posizione strategica, alla presenza di un ampio parcheggio e di un parco-terrazzo che ospita nel corso dell\u2019anno diverse iniziative, attira avventori di passaggio e clienti fissi provenienti dall\u2019intero circondario. Nel periodo estivo, all\u2019interno del parco, vengono inoltre aperti un chiosco con gelateria artigianale, una pizzeria con tavolini all\u2019aperto e una zona relax. Oggi\u00a0<a href=\"https:\/\/www.ponteserra.it\/osteria.html\">l\u2019osteria<\/a>\u00a0\u00e8 gestita da\u00a0<strong>Debora Riga e Davide Pante<\/strong>, che hanno acquisito la propriet\u00e0 dell\u2019intera struttura nel 2017. Il\u00a0<a href=\"https:\/\/www.ponteserra.it\/il-ristorante.html\">ristorante<\/a>\u00a0\u00e8 stato completamente ristrutturato e, dopo 40 anni di chiusura, \u00e8 stato riaperto nel 2018. Nel 2019 sono stati avviati i lavori di recupero dello storico albergo, che\u00a0 oggi, sotto forma di\u00a0<a href=\"https:\/\/www.ponteserra.it\/camere.html\">locanda<\/a>\u00a0(classificata con 3 leoni dalla Regione Veneto), dispone di confortevoli camere con bagno privato in stanza, rimodernate e arredate con stile sobrio ma che mantengono l\u2019identit\u00e0 di un tempo.<\/p>\n<p>&nbsp;<\/p>\n<hr \/>\n<p>&nbsp;<\/p>\n<p>&nbsp;<\/p>\n<blockquote>\n<h3>DA CONFCOMMERCIO E FEDERALBERGHI<\/h3>\n<\/blockquote>\n<p><em><span id=\"page43R_mcid6\" class=\"markedContent\"><span dir=\"ltr\" role=\"presentation\">\u00abLa notizia del rogo alla Locanda Ponte Serra ci ha profondamente colpiti. Da Confcommercio e Federalberghi la <\/span><span dir=\"ltr\" role=\"presentation\">vicinanza ai titolari Debora e Davide che avevano tanto investito e creduto nella loro attivit\u00e0. Siamo senza parole, \u00e8 <\/span><span dir=\"ltr\" role=\"presentation\">un dispiacere profondo vedere come in un attimo possano interrompersi sogni e progetti di colleghi cos\u00ec dediti alla <\/span><span dir=\"ltr\" role=\"presentation\">propria<\/span> <span dir=\"ltr\" role=\"presentation\">attivit\u00e0.\u00a0 <\/span><\/span><span id=\"page43R_mcid7\" class=\"markedContent\"><span dir=\"ltr\" role=\"presentation\">Oltre alla vicinanza del nostro sistema associativo raccolto in Confcommercio Belluno ed a nome di tutti i <\/span><span dir=\"ltr\" role=\"presentation\">colleghi &#8211; afferma Walter De Cassan &#8211; ci tengo a portare anche la vicinanza di Federalberghi Veneto il cui presidente <\/span><span dir=\"ltr\" role=\"presentation\">Massimiliano Schiavon mi ha contattato pi\u00f9 volte in giornata per essere aggiornato e per esprimere solidariet\u00e0 e <\/span><span dir=\"ltr\" role=\"presentation\">partecipazione. <\/span><\/span><span id=\"page43R_mcid8\" class=\"markedContent\"><span dir=\"ltr\" role=\"presentation\">Confidiamo che l\u2019eccezionale lavoro svolto dai Vigili del Fuoco ai quali va il ringraziamento dell\u2019intera comunit\u00e0 <\/span><span dir=\"ltr\" role=\"presentation\">abbia limitato i danni lasciando aperti spiragli e speranze di ripartenza&#8221;.<\/span><\/span><\/em><\/p>\n<p>&nbsp;<\/p>\n<hr \/>\n<p>&nbsp;<\/p>\n<p>&nbsp;<\/p>\n<blockquote>\n<h3>DA CONFARTIGIANATO BELLUNO<\/h3>\n<\/blockquote>\n<p><em>&#8220;Esprimiamo solidariet\u00e0 e vicinanza ai nostri associati Davide Pante e Debora Riga. Sappiano che l\u2019associazione \u00e8 con loro e far\u00e0 il possibile per garantire un sostegno.\u00a0Siamo rimasti attoniti al racconto di quanto hanno vissuto, nel vedere che le fiamme non si fermavano e che la fatica e l\u2019impegno di anni venivano divorati dall\u2019incendio, nonostante il lavoro dei vigili del fuoco. In momenti come questi, la disperazione \u00e8 il sentimento pi\u00f9 normale. Ma siamo sicuri che l\u2019albergo Ponte Serra sapr\u00e0 rinascere, grazie alla forza di Davide e Debora, e alla solidariet\u00e0 che sta emergendo in queste ore. Tutta la struttura di Confartigianato Belluno \u00e8 vicina ai suoi soci&#8221;.\u00a0<\/em><\/p>\n<p>&nbsp;<\/p>\n<hr \/>\n<p>&nbsp;<\/p>\n<hr \/>\n<blockquote>\n<h3><\/h3>\n<h3><a class=\"dt-pswp-item\" href=\"https:\/\/www.radiopiu.net\/wordpress\/wp-content\/uploads\/2022\/11\/08a385a8-9657-46d0-8efa-459ca2ffc15a.jpg\" data-dt-img-description=\"\" data-large_image_width=\"1280\" data-large_image_height=\"960\"><img loading=\"lazy\" decoding=\"async\" class=\"wp-image-305192 alignleft\" src=\"https:\/\/www.radiopiu.net\/wordpress\/wp-content\/uploads\/2022\/11\/08a385a8-9657-46d0-8efa-459ca2ffc15a-300x225.jpg\" alt=\"\" width=\"172\" height=\"129\" srcset=\"https:\/\/www.radiopiu.net\/wordpress\/wp-content\/uploads\/2022\/11\/08a385a8-9657-46d0-8efa-459ca2ffc15a-300x225.jpg 300w, https:\/\/www.radiopiu.net\/wordpress\/wp-content\/uploads\/2022\/11\/08a385a8-9657-46d0-8efa-459ca2ffc15a-1024x768.jpg 1024w, https:\/\/www.radiopiu.net\/wordpress\/wp-content\/uploads\/2022\/11\/08a385a8-9657-46d0-8efa-459ca2ffc15a-768x576.jpg 768w, https:\/\/www.radiopiu.net\/wordpress\/wp-content\/uploads\/2022\/11\/08a385a8-9657-46d0-8efa-459ca2ffc15a.jpg 1280w\" sizes=\"auto, (max-width: 172px) 100vw, 172px\" \/><\/a>I CONSIGLIERI REGIONALI\u00a0 SILVIA CESTARO\u00a0 E GIOVANNI PUPPATO<\/h3>\n<\/blockquote>\n<p><em>&#8220;Le immagini della Locanda Ponte Serra in fiamme stringono il cuore, piena solidariet\u00e0 ai proprietari. E\u2019 un dispiacere enorme, parliamo di un punto di riferimento per chi frequenta l\u2019asse Feltre \u2013 Primiero, ma soprattutto parliamo di un locale storico, che ha segnato il viaggio di molti viandanti e commercianti nell\u2019Ottocento e che di recente era stato riaperto. Il nostro augurio \u00e8 che presto i titolari possano tornare a riaprire e ad offrire la qualit\u00e0 e la professionalit\u00e0 con cui si sono contraddistinti fino ad oggi. La riapertura della Locanda nel 2017, dopo oltre quarant\u2019anni di chiusura, \u00e8 stato un atto di coraggio e di speranza, allo stesso tempo, per il nostro territorio e in particolare per quelle zone decentrate dove i servizi pi\u00f9 che aprire chiudono, per questo oggi ci sentiamo di dire ai titolari di non mollare e di non esitare a domandare aiuto, perch\u00e9 la comunit\u00e0 \u00e8 con loro e questa storia merita un lieto fine\u201d.<\/em><\/p>\n<p>&nbsp;<\/p>\n<hr \/>\n<p>&nbsp;<\/p>\n<blockquote>\n<h3><a class=\"dt-pswp-item\" href=\"https:\/\/www.radiopiu.net\/wordpress\/wp-content\/uploads\/2022\/11\/IMG_5385.jpeg\" data-dt-img-description=\"\" data-large_image_width=\"1157\" data-large_image_height=\"960\"><img loading=\"lazy\" decoding=\"async\" class=\" wp-image-305299 alignleft\" src=\"https:\/\/www.radiopiu.net\/wordpress\/wp-content\/uploads\/2022\/11\/IMG_5385-300x249.jpeg\" alt=\"\" width=\"246\" height=\"204\" srcset=\"https:\/\/www.radiopiu.net\/wordpress\/wp-content\/uploads\/2022\/11\/IMG_5385-300x249.jpeg 300w, https:\/\/www.radiopiu.net\/wordpress\/wp-content\/uploads\/2022\/11\/IMG_5385-1024x850.jpeg 1024w, https:\/\/www.radiopiu.net\/wordpress\/wp-content\/uploads\/2022\/11\/IMG_5385-768x637.jpeg 768w, https:\/\/www.radiopiu.net\/wordpress\/wp-content\/uploads\/2022\/11\/IMG_5385.jpeg 1157w\" sizes=\"auto, (max-width: 246px) 100vw, 246px\" \/><\/a>AI TITOLARI: &#8220;NON MOLLATE&#8221; SIETE UN PICCOLO GIOIELLO ANCHE PER LA GRANFONDO<\/h3>\n<\/blockquote>\n<p>&nbsp;<\/p>\n<p><em>&#8220;Il comitato organizzatore esprime tutta la propria solidariet\u00e0 ai titolari della struttura ricettiva che in pochi anni era diventata un punto di riferimento prezioso per i ciclisti che raggiungevano Feltre da tutto il mondo per partecipare alla Granfondo Sporful. Come organizzatori avevamo trovato una struttura con cui collaborare concretamente e che assecondava le esigenze dei nostri ospiti (ciclisti ma soprattutto giornalisti italiani e stranieri) con un senso di ospitalit\u00e0 che era molto apprezzato. Ai titolari Davide e Debora auguriamo\u00a0 di poter ripristinare il piccolo gioiello che erano riusciti a creare, a continuare a credere nei loro sogni e li invita a non mollare\u2026 perch\u00e9 dopo una salita c\u2019\u00e8 sempre una discesa&#8221;<\/em><\/p>\n<p>&nbsp;<\/p>\n<p>&nbsp;<\/p>\n<hr \/>\n<p>&nbsp;<\/p>\n<blockquote>\n<h3 style=\"text-align: left;\">VIGILI DEL FUOCO, VIA COL DA REN: DEMOLIZIONE IN CORSO<\/h3>\n<\/blockquote>\n<p><strong>BELLUNO<\/strong> Sono iniziati\u00a0 con la demolizione del vecchio edificio all\u2019interno della sede dei vigili del fuoco di Belluno, in Via Col da Ren, i lavori per la nuova sede del CCS (Centro Coordinamento Soccorsi). Il nuovo centro coordinamento soccorso provinciale sar\u00e0 destinato alla direzione di tutti gli interventi di protezione civile di eventi rilevanti che possano interessare la provincia di Belluno, stanno operando i vigili del fuoco dei gruppi operativi speciali. Ieri mattina al via erano presenti il prefetto Mariano Savastano, l\u2019assessore alla protezione civile Giampaolo Bottacin e il presidente della provincia Roberto Padrin,\u00a0 sono iniziati i lavori di demolizione eseguiti dal nucleo GOS (Gruppi Operativi Speciali)\u00a0 movimento terra dei Vigili del fuoco. A fare da supervisore il comandante Antonio del Gallo, che ha illustrato agli ospiti anche le peculiarit\u00e0 dei GOS di cui il comando di Belluno \u00e8 una delle sei sedi nazionali. I gruppi operativi speciali, inseriti nelle colonne mobili regionali, sono costituiti da mezzi particolari, quali: escavatori, pale gommate, pale cingolate, trattori apri pista, mini escavatori, e autocarri per il trasporto di macerie e pinze con cui sono iniziati i lavori di demolizione.<\/p>\n<p><strong>VIDEO<\/strong><\/p>\n<div style=\"width: 1200px;\" class=\"wp-video\"><video class=\"wp-video-shortcode\" id=\"video-305069-1\" width=\"1200\" height=\"675\" preload=\"metadata\" controls=\"controls\"><source type=\"video\/mp4\" src=\"https:\/\/www.radiopiu.net\/wordpress\/wp-content\/uploads\/2022\/11\/WhatsApp-Video-2022-11-08-at-14.45.06.mp4?_=1\" \/><a href=\"https:\/\/www.radiopiu.net\/wordpress\/wp-content\/uploads\/2022\/11\/WhatsApp-Video-2022-11-08-at-14.45.06.mp4\">https:\/\/www.radiopiu.net\/wordpress\/wp-content\/uploads\/2022\/11\/WhatsApp-Video-2022-11-08-at-14.45.06.mp4<\/a><\/video><\/div>\n<p>&nbsp;<\/p>\n<p><strong>GALLERIA FOTOGRAFICA<\/strong><\/p>\n\n\t\t\t<style type='text\/css'>\n\t\t\t\t#gallery-2 {\n\t\t\t\t\tmargin: auto;\n\t\t\t\t}\n\t\t\t\t#gallery-2 .gallery-item {\n\t\t\t\t\tfloat: left;\n\t\t\t\t\tmargin-top: 10px;\n\t\t\t\t\ttext-align: center;\n\t\t\t\t\twidth: 25%;\n\t\t\t\t}\n\t\t\t\t#gallery-2 img {\n\t\t\t\t\tborder: 2px solid #cfcfcf;\n\t\t\t\t}\n\t\t\t\t#gallery-2 .gallery-caption {\n\t\t\t\t\tmargin-left: 0;\n\t\t\t\t}\n\t\t\t\t\/* see gallery_shortcode() in wp-includes\/media.php *\/\n\t\t\t<\/style>\n\t\t<div id='gallery-2' class='dt-gallery-container gallery galleryid-305069 gallery-columns-4 gallery-size-thumbnail'><dl class='gallery-item'>\n\t\t\t\t<dt class='gallery-icon landscape'>\n\t\t\t\t\t<a class=\"rollover rollover-zoom dt-pswp-item\" title=\"6222eae8-b70d-40f7-a0fb-4d04195147bb\" data-dt-img-description=\"\" data-large_image_width=\"1600\" data-large_image_height=\"1066\"href='https:\/\/www.radiopiu.net\/wordpress\/wp-content\/uploads\/2022\/11\/6222eae8-b70d-40f7-a0fb-4d04195147bb.jpg'><img loading=\"lazy\" decoding=\"async\" width=\"150\" height=\"150\" src=\"https:\/\/www.radiopiu.net\/wordpress\/wp-content\/uploads\/2022\/11\/6222eae8-b70d-40f7-a0fb-4d04195147bb-150x150.jpg\" class=\"attachment-thumbnail size-thumbnail\" alt=\"\" \/><\/a>\n\t\t\t\t<\/dt><\/dl><dl class='gallery-item'>\n\t\t\t\t<dt class='gallery-icon landscape'>\n\t\t\t\t\t<a class=\"rollover rollover-zoom dt-pswp-item\" title=\"761767d9-c5b9-4aae-ab6e-fe39473eb2cb\" data-dt-img-description=\"\" data-large_image_width=\"1600\" data-large_image_height=\"1066\"href='https:\/\/www.radiopiu.net\/wordpress\/wp-content\/uploads\/2022\/11\/761767d9-c5b9-4aae-ab6e-fe39473eb2cb.jpg'><img loading=\"lazy\" decoding=\"async\" width=\"150\" height=\"150\" src=\"https:\/\/www.radiopiu.net\/wordpress\/wp-content\/uploads\/2022\/11\/761767d9-c5b9-4aae-ab6e-fe39473eb2cb-150x150.jpg\" class=\"attachment-thumbnail size-thumbnail\" alt=\"\" \/><\/a>\n\t\t\t\t<\/dt><\/dl><dl class='gallery-item'>\n\t\t\t\t<dt class='gallery-icon landscape'>\n\t\t\t\t\t<a class=\"rollover rollover-zoom dt-pswp-item\" title=\"88f92dd1-0e63-4e0f-9129-46a39543a115\" data-dt-img-description=\"\" data-large_image_width=\"1600\" data-large_image_height=\"1066\"href='https:\/\/www.radiopiu.net\/wordpress\/wp-content\/uploads\/2022\/11\/88f92dd1-0e63-4e0f-9129-46a39543a115.jpg'><img loading=\"lazy\" decoding=\"async\" width=\"150\" height=\"150\" src=\"https:\/\/www.radiopiu.net\/wordpress\/wp-content\/uploads\/2022\/11\/88f92dd1-0e63-4e0f-9129-46a39543a115-150x150.jpg\" class=\"attachment-thumbnail size-thumbnail\" alt=\"\" \/><\/a>\n\t\t\t\t<\/dt><\/dl><dl class='gallery-item'>\n\t\t\t\t<dt class='gallery-icon landscape'>\n\t\t\t\t\t<a class=\"rollover rollover-zoom dt-pswp-item\" title=\"d1aa8dab-5929-4e82-a01b-c905817c9a68\" data-dt-img-description=\"\" data-large_image_width=\"1600\" data-large_image_height=\"1108\"href='https:\/\/www.radiopiu.net\/wordpress\/wp-content\/uploads\/2022\/11\/d1aa8dab-5929-4e82-a01b-c905817c9a68.jpg'><img loading=\"lazy\" decoding=\"async\" width=\"150\" height=\"150\" src=\"https:\/\/www.radiopiu.net\/wordpress\/wp-content\/uploads\/2022\/11\/d1aa8dab-5929-4e82-a01b-c905817c9a68-150x150.jpg\" class=\"attachment-thumbnail size-thumbnail\" alt=\"\" \/><\/a>\n\t\t\t\t<\/dt><\/dl><br style=\"clear: both\" \/><dl class='gallery-item'>\n\t\t\t\t<dt class='gallery-icon landscape'>\n\t\t\t\t\t<a class=\"rollover rollover-zoom dt-pswp-item\" title=\"1d688da9-3301-48b6-9efa-cdaa19314334\" data-dt-img-description=\"\" data-large_image_width=\"1600\" data-large_image_height=\"1066\"href='https:\/\/www.radiopiu.net\/wordpress\/wp-content\/uploads\/2022\/11\/1d688da9-3301-48b6-9efa-cdaa19314334.jpg'><img loading=\"lazy\" decoding=\"async\" width=\"150\" height=\"150\" src=\"https:\/\/www.radiopiu.net\/wordpress\/wp-content\/uploads\/2022\/11\/1d688da9-3301-48b6-9efa-cdaa19314334-150x150.jpg\" class=\"attachment-thumbnail size-thumbnail\" alt=\"\" \/><\/a>\n\t\t\t\t<\/dt><\/dl><dl class='gallery-item'>\n\t\t\t\t<dt class='gallery-icon landscape'>\n\t\t\t\t\t<a class=\"rollover rollover-zoom dt-pswp-item\" title=\"2e8f5ea4-639a-4c3a-a895-c5b893ed4a28\" data-dt-img-description=\"\" data-large_image_width=\"1600\" data-large_image_height=\"1066\"href='https:\/\/www.radiopiu.net\/wordpress\/wp-content\/uploads\/2022\/11\/2e8f5ea4-639a-4c3a-a895-c5b893ed4a28.jpg'><img loading=\"lazy\" decoding=\"async\" width=\"150\" height=\"150\" src=\"https:\/\/www.radiopiu.net\/wordpress\/wp-content\/uploads\/2022\/11\/2e8f5ea4-639a-4c3a-a895-c5b893ed4a28-150x150.jpg\" class=\"attachment-thumbnail size-thumbnail\" alt=\"\" \/><\/a>\n\t\t\t\t<\/dt><\/dl><dl class='gallery-item'>\n\t\t\t\t<dt class='gallery-icon landscape'>\n\t\t\t\t\t<a class=\"rollover rollover-zoom dt-pswp-item\" title=\"c80e6dac-1224-438e-8b91-4731f7215156\" data-dt-img-description=\"\" data-large_image_width=\"1600\" data-large_image_height=\"1014\"href='https:\/\/www.radiopiu.net\/wordpress\/wp-content\/uploads\/2022\/11\/c80e6dac-1224-438e-8b91-4731f7215156.jpg'><img loading=\"lazy\" decoding=\"async\" width=\"150\" height=\"150\" src=\"https:\/\/www.radiopiu.net\/wordpress\/wp-content\/uploads\/2022\/11\/c80e6dac-1224-438e-8b91-4731f7215156-150x150.jpg\" class=\"attachment-thumbnail size-thumbnail\" alt=\"\" \/><\/a>\n\t\t\t\t<\/dt><\/dl><dl class='gallery-item'>\n\t\t\t\t<dt class='gallery-icon landscape'>\n\t\t\t\t\t<a class=\"rollover rollover-zoom dt-pswp-item\" title=\"80adc039-53f4-4dc9-a2ea-d80c31cf48f1\" data-dt-img-description=\"\" data-large_image_width=\"1600\" data-large_image_height=\"1024\"href='https:\/\/www.radiopiu.net\/wordpress\/wp-content\/uploads\/2022\/11\/80adc039-53f4-4dc9-a2ea-d80c31cf48f1.jpg'><img loading=\"lazy\" decoding=\"async\" width=\"150\" height=\"150\" src=\"https:\/\/www.radiopiu.net\/wordpress\/wp-content\/uploads\/2022\/11\/80adc039-53f4-4dc9-a2ea-d80c31cf48f1-150x150.jpg\" class=\"attachment-thumbnail size-thumbnail\" alt=\"\" \/><\/a>\n\t\t\t\t<\/dt><\/dl><br style=\"clear: both\" \/>\n\t\t\t<\/div>\n\n<p>&nbsp;<\/p>\n<hr \/>\n<p>&nbsp;<\/p>\n<blockquote>\n<h3>INCIDENTE SENZA FERITI, COINVOLTO IL PRIMO CITTADINO<\/h3>\n<\/blockquote>\n<p><strong>LAMON\u00a0<\/strong> Per il sindaco Loris Maccagnan gi\u00e0 la giornata era iniziata male e sar\u00e0 ricordata come una delle pi\u00f9 difficili per l&#8217;incendio di Ponte Serra, ci mancava solo l&#8217;incidente stradale nel quale \u00e8 rimasto coinvolto nella zona di Zavena, fortunatamente senza feriti. Al volante di una Kia\u00a0 il sindaco ha colliso con un altro cittadino lamonese, che era alla guida di una Fiat Panda che avrebbe perso il controllo dell&#8217;auto mentre affrontava una curva a destra. La fiat Panda \u00e8 finita al centro della carreggiata in un tratto stretto e c&#8217;\u00e8 stato lo scontro con la vettura guidata dal sindaco. Entrambi i conducenti sono usciti illesi<\/p>\n<p>&nbsp;<\/p>\n<hr \/>\n<p>&nbsp;<\/p>\n<p>&nbsp;<\/p>\n<blockquote>\n<h3>VALSABBIA IN CASSAZIONE, CHIEDE NOVE MILIONI DI DANNI<\/h3>\n<\/blockquote>\n<p><strong><img loading=\"lazy\" decoding=\"async\" class=\"alignleft\" src=\"https:\/\/www.radiopiu.net\/wordpress\/wp-content\/uploads\/2022\/11\/Senza-nome-40.jpg\" width=\"260\" height=\"146\" \/>OGGI SUL CORRIERE DELLE ALPI<\/strong><\/p>\n<p><strong>DI IRENE ALIPRANDI<\/strong><\/p>\n<p><strong>SOSPIROLO<\/strong>\u00a0 Energie Valsabbia contro l&#8217;ente Parco Nazionale delle Dolomiti Bellunesi, la Regione e i Comuni di Gosaldo e Sospirolo per la centralina idroelettrica in Valle del Mis. Dopo la bocciatura in Appello del maggio scorso, la societ\u00e0 ha infatti presentato ricorso avanti la Corte di Cassazione e chiede danni per quasi 9 milioni di euro. Nelle settimane scorse il Parco ha deliberato di resistere anche in Cassazione, sempre con l&#8217;assistenza legale dell&#8217;avvocato Livio Viel che ha seguito tutta la lunga vicenda iniziata con le autorizzazioni rilasciate nel 2009 sia dalla Regione che dal Parco stesso e impugnate dalle associazioni ambientaliste nel 2010.\u00a0 La societ\u00e0 ha avviato la causa avanti il Tribunale di Venezia chiedendo un risarcimento danni di quasi 39 milioni di euro. Richiesta respinta dal Tribunale nel 2020 che ha condannato la societ\u00e0 al pagamento di spese di lite per 110 mila euro. Sentenza confermata in Appello questa primavera, con Valsabbia condannata al pagamento di oltre 25 mila euro di spese a ciascuna delle parti ricorrenti. Ora la societ\u00e0 ha deciso di giocare l&#8217;ultima carta, chiedendo alla Corte di cassare la sentenza d&#8217;Appello. Sullo sfondo rimane la questione che sta pi\u00f9 a cuore ai bellunesi e cio\u00e8 il ripristino dei luoghi&#8230;<\/p>\n<p>&nbsp;<\/p>\n<p>&nbsp;<\/p>\n<p>&nbsp;<\/p>\n<hr \/>\n<blockquote>\n<h3><strong><a class=\"dt-pswp-item\" href=\"https:\/\/www.radiopiu.net\/wordpress\/wp-content\/uploads\/2022\/11\/d3a14de8-5d49-4ec3-bd5c-026e9549c90f.jpg\" data-dt-img-description=\"\" data-large_image_width=\"901\" data-large_image_height=\"1600\"><img loading=\"lazy\" decoding=\"async\" class=\" wp-image-305093 alignleft\" src=\"https:\/\/www.radiopiu.net\/wordpress\/wp-content\/uploads\/2022\/11\/d3a14de8-5d49-4ec3-bd5c-026e9549c90f-169x300.jpg\" alt=\"\" width=\"82\" height=\"146\" srcset=\"https:\/\/www.radiopiu.net\/wordpress\/wp-content\/uploads\/2022\/11\/d3a14de8-5d49-4ec3-bd5c-026e9549c90f-169x300.jpg 169w, https:\/\/www.radiopiu.net\/wordpress\/wp-content\/uploads\/2022\/11\/d3a14de8-5d49-4ec3-bd5c-026e9549c90f-577x1024.jpg 577w, https:\/\/www.radiopiu.net\/wordpress\/wp-content\/uploads\/2022\/11\/d3a14de8-5d49-4ec3-bd5c-026e9549c90f-768x1364.jpg 768w, https:\/\/www.radiopiu.net\/wordpress\/wp-content\/uploads\/2022\/11\/d3a14de8-5d49-4ec3-bd5c-026e9549c90f-865x1536.jpg 865w, https:\/\/www.radiopiu.net\/wordpress\/wp-content\/uploads\/2022\/11\/d3a14de8-5d49-4ec3-bd5c-026e9549c90f.jpg 901w\" sizes=\"auto, (max-width: 82px) 100vw, 82px\" \/><\/a><\/strong><\/h3>\n<h3>&#8220;UNA SERRATA INUTILE&#8221;, LO DICONO MOLTI ESERCENTI DOPO L&#8217;INCONTRO DI RIVAMONTE, I COLLEGHI &#8220;VIVONO SU UN ALTRO PIANETA&#8221;<\/h3>\n<\/blockquote>\n<p><strong>DI GIANNI SANTOMASO\u00a0<\/strong><\/p>\n<p><strong>AGORDINO<\/strong> Qualcuno non sapeva dell&#8217;incontro, qualcun altro \u00e8 in attesa che i rappresentanti politici e di categoria trovino delle soluzioni, altri non pensano che proteste limitate risolvano il\u00a0 problema<\/p>\n<p>&nbsp;<\/p>\n<audio class=\"wp-audio-shortcode\" id=\"audio-305069-2\" preload=\"none\" style=\"width: 100%;\" controls=\"controls\"><source type=\"audio\/mpeg\" src=\"https:\/\/www.radiopiu.net\/wordpress\/wp-content\/uploads\/2022\/11\/gianni-commercio.mp3?_=2\" \/><a href=\"https:\/\/www.radiopiu.net\/wordpress\/wp-content\/uploads\/2022\/11\/gianni-commercio.mp3\">https:\/\/www.radiopiu.net\/wordpress\/wp-content\/uploads\/2022\/11\/gianni-commercio.mp3<\/a><\/audio>\n<p>&nbsp;<\/p>\n<hr \/>\n<p>&nbsp;<\/p>\n<blockquote>\n<h3>IL NUOVO VICARIO DEL QUESTORE, I RINGRAZIAMENTI\u00a0 A NICOLO D&#8217;AMICO<\/h3>\n<\/blockquote>\n<p><strong><a class=\"dt-pswp-item\" href=\"https:\/\/www.radiopiu.net\/wordpress\/wp-content\/uploads\/2022\/11\/WhatsApp-Image-2022-11-08-at-14.48.36.jpeg\" data-dt-img-description=\"\" data-large_image_width=\"1600\" data-large_image_height=\"1066\"><img loading=\"lazy\" decoding=\"async\" class=\"size-medium wp-image-305288 alignleft\" src=\"https:\/\/www.radiopiu.net\/wordpress\/wp-content\/uploads\/2022\/11\/WhatsApp-Image-2022-11-08-at-14.48.36-300x200.jpeg\" alt=\"\" width=\"300\" height=\"200\" srcset=\"https:\/\/www.radiopiu.net\/wordpress\/wp-content\/uploads\/2022\/11\/WhatsApp-Image-2022-11-08-at-14.48.36-300x200.jpeg 300w, https:\/\/www.radiopiu.net\/wordpress\/wp-content\/uploads\/2022\/11\/WhatsApp-Image-2022-11-08-at-14.48.36-1024x682.jpeg 1024w, https:\/\/www.radiopiu.net\/wordpress\/wp-content\/uploads\/2022\/11\/WhatsApp-Image-2022-11-08-at-14.48.36-768x512.jpeg 768w, https:\/\/www.radiopiu.net\/wordpress\/wp-content\/uploads\/2022\/11\/WhatsApp-Image-2022-11-08-at-14.48.36-1536x1023.jpeg 1536w, https:\/\/www.radiopiu.net\/wordpress\/wp-content\/uploads\/2022\/11\/WhatsApp-Image-2022-11-08-at-14.48.36.jpeg 1600w\" sizes=\"auto, (max-width: 300px) 100vw, 300px\" \/><\/a><\/strong><\/p>\n<p>&nbsp;<\/p>\n<p>&nbsp;<\/p>\n<p><strong>BELLUNO<\/strong><\/p>\n<p>&nbsp;<\/p>\n<p>&nbsp;<\/p>\n<p>&nbsp;<\/p>\n<p><strong>DI MORENO GIOLI<\/strong><\/p>\n<audio class=\"wp-audio-shortcode\" id=\"audio-305069-3\" preload=\"none\" style=\"width: 100%;\" controls=\"controls\"><source type=\"audio\/mpeg\" src=\"https:\/\/www.radiopiu.net\/wordpress\/wp-content\/uploads\/2022\/11\/NUOVO-VICE-QUESTORE.mp3?_=3\" \/><a href=\"https:\/\/www.radiopiu.net\/wordpress\/wp-content\/uploads\/2022\/11\/NUOVO-VICE-QUESTORE.mp3\">https:\/\/www.radiopiu.net\/wordpress\/wp-content\/uploads\/2022\/11\/NUOVO-VICE-QUESTORE.mp3<\/a><\/audio>\n<p>&nbsp;<\/p>\n<hr \/>\n<p>&nbsp;<\/p>\n<blockquote>\n<h3>ESSILORLUXOTTICA A PUGNI CHIUSI CON L&#8217;AUTORITA&#8217; GARANTE FRANCESE PER LA SANZIONE DA MILIONI DI EURO<\/h3>\n<\/blockquote>\n<p><strong><img loading=\"lazy\" decoding=\"async\" class=\"alignleft\" src=\"https:\/\/www.radiopiu.net\/wordpress\/wp-content\/uploads\/2022\/06\/luxottica-dallalto.jpg\" width=\"257\" height=\"193\" \/>AGORDO\u00a0<\/strong>Per l&#8217;antitrust francese EssilorLuxottica ha ostacolato la vendita di lenti online in Francia, per questo vorrebbe staccare una sanzione da 81 milioni di euro. Una Storia che va avanti dal 2014 e secondo quando scrive\u00a0 Bloomberg l&#8217;Antitrust\u00a0 ritiene che Essilor, fusa nel 2018 con Luxottica, abbia &#8220;abusato&#8221; della sua &#8220;dominante posizione&#8221; nel mercato francese della distribuzione delle lenti,\u00a0 Il titolo Essilux in Borsa a Parigi ha ceduto\u00a0 lo 0,4% a 164 euro.<\/p>\n<p>EssilorLuxottica prende atto della decisione pubblicata in data odierna dall&#8217;Autorit\u00e0 francese garante della concorrenza (FCA) nei confronti di Essilor International. Nell\u2019ambito di un\u2019indagine avviata nel 2014, \u00e8 stata imposta una sanzione di 81 milioni di Euro a Essilor International (di cui 15 milioni di Euro in solido con la capogruppo EssilorLuxottica) per aver agito a discapito dei player online e in favore dei retail fisici nella distribuzione di specifiche lenti oftalmiche. EssilorLuxottica ribadisce fermamente la fondatezza legale del proprio operato e la validit\u00e0 delle proprie pratiche commerciali per la distribuzione di prodotti specifici che richiedono la prescrizione medica, al fine di garantire ai clienti la migliore correzione visiva per le esigenze individuali. La Societ\u00e0 ribadisce inoltre di aver agito in maniera pienamente conforme agli standard di compliance relativi al contesto concorrenziale e normativo di riferimento nel periodo in questione, di cui hanno beneficiato non solo clienti e partner ma anche l\u2019intero settore. EssilorLuxottica esprime il suo profondo disaccordo nei confronti della decisione dell&#8217;Autorit\u00e0 e presenter\u00e0 ricorso. La Societ\u00e0 \u00e8 fiduciosa di poter dimostrare che la decisone \u00e8 priva di fondamento.<\/p>\n<p>&nbsp;<\/p>\n<hr \/>\n<p>&nbsp;<\/p>\n<p>&nbsp;<\/p>\n<blockquote>\n<h3>DAL CONSIGLIO PROVINCIALE, PAT LONGARONE E AMPLIAMENTO DELL&#8217;AZIENDA<\/h3>\n<\/blockquote>\n<p><strong><img loading=\"lazy\" decoding=\"async\" class=\"alignleft\" src=\"https:\/\/www.radiopiu.net\/wordpress\/wp-content\/uploads\/2022\/11\/01855608-f085-4069-b82a-8f3e6a3c8689.jpg\" width=\"205\" height=\"154\" \/>BELLUNO<\/strong>\u00a0 Ok al Pat di Longarone e Castellavazzo e all&#8217;ampliamento di un&#8217;azienda a Ponte nelle Alpi: consiglio provinciale all&#8217;insegna dei temi urbanistici, quello tenuto a Palazzo Piloni, che ha fatto emergere anche i diversi tempi della burocrazia.<\/p>\n<p><strong>di DANIELE DALVIT<\/strong><\/p>\n<audio class=\"wp-audio-shortcode\" id=\"audio-305069-4\" preload=\"none\" style=\"width: 100%;\" controls=\"controls\"><source type=\"audio\/mpeg\" src=\"https:\/\/www.radiopiu.net\/wordpress\/wp-content\/uploads\/2022\/11\/DANIELE-DALVIT-CONSIGLIO-COMUNALE.mp3?_=4\" \/><a href=\"https:\/\/www.radiopiu.net\/wordpress\/wp-content\/uploads\/2022\/11\/DANIELE-DALVIT-CONSIGLIO-COMUNALE.mp3\">https:\/\/www.radiopiu.net\/wordpress\/wp-content\/uploads\/2022\/11\/DANIELE-DALVIT-CONSIGLIO-COMUNALE.mp3<\/a><\/audio>\n<p>&nbsp;<\/p>\n<p>&nbsp;<\/p>\n<p>&nbsp;<\/p>\n<hr \/>\n<p>&nbsp;<\/p>\n<blockquote>\n<h3>W&amp;P CEMENTI DI CADOLA: 300 EURO IN BUONI SPESA PER OGNI DIPENDENTE<\/h3>\n<\/blockquote>\n<p><strong><a class=\"dt-pswp-item\" href=\"https:\/\/www.radiopiu.net\/wordpress\/wp-content\/uploads\/2022\/11\/371adec7-51f0-4ca1-a334-0c64a8c32b1b.jpg\" data-dt-img-description=\"\" data-large_image_width=\"1024\" data-large_image_height=\"536\"><img loading=\"lazy\" decoding=\"async\" class=\"wp-image-305215 alignright\" src=\"https:\/\/www.radiopiu.net\/wordpress\/wp-content\/uploads\/2022\/11\/371adec7-51f0-4ca1-a334-0c64a8c32b1b-300x157.jpg\" alt=\"\" width=\"210\" height=\"110\" srcset=\"https:\/\/www.radiopiu.net\/wordpress\/wp-content\/uploads\/2022\/11\/371adec7-51f0-4ca1-a334-0c64a8c32b1b-300x157.jpg 300w, https:\/\/www.radiopiu.net\/wordpress\/wp-content\/uploads\/2022\/11\/371adec7-51f0-4ca1-a334-0c64a8c32b1b-768x402.jpg 768w, https:\/\/www.radiopiu.net\/wordpress\/wp-content\/uploads\/2022\/11\/371adec7-51f0-4ca1-a334-0c64a8c32b1b.jpg 1024w\" sizes=\"auto, (max-width: 210px) 100vw, 210px\" \/><\/a>BELLUNO <\/strong>Trecento euro in buoni spesa per far fronte al caro-vita. Li riceveranno a partire da questo mese gli oltre 60 collaboratori occupati nelle sedi di Cadola (Belluno), e San Vito al Tagliamento (Pordenone) della W&amp;P Cementi, azienda leader nella produzione di cemento e leganti. Una decisione presa dall\u2019azienda di comune intesa con l\u2019organizzazione sindacale Filca Cisl Belluno Treviso. A ciascun lavoratore questo mese verranno erogati buoni spesa per un valore complessivo di 300 euro. Una somma che porta a circa 1.000 euro le erogazioni complessive in welfare fra buoni spesa, carburante e premio di risultato a beneficio dei lavoratori. La contrattazione portata avanti negli ultimi due anni ha infatti dato ottimi frutti in termini di benefici ai lavoratori e creato i presupposti per la firma del primo accordo di secondo livello istitutivo del premio di risultato nel giugno 2021, poi rinnovato nel corso del 2022.<\/p>\n<p><strong><a class=\"dt-pswp-item\" href=\"https:\/\/www.radiopiu.net\/wordpress\/wp-content\/uploads\/2022\/11\/MARCO-ROSSITTO-CISL.jpg\" data-dt-img-description=\"\" data-large_image_width=\"1600\" data-large_image_height=\"1200\"><img loading=\"lazy\" decoding=\"async\" class=\" wp-image-305216 alignleft\" src=\"https:\/\/www.radiopiu.net\/wordpress\/wp-content\/uploads\/2022\/11\/MARCO-ROSSITTO-CISL-300x225.jpg\" alt=\"\" width=\"129\" height=\"97\" srcset=\"https:\/\/www.radiopiu.net\/wordpress\/wp-content\/uploads\/2022\/11\/MARCO-ROSSITTO-CISL-300x225.jpg 300w, https:\/\/www.radiopiu.net\/wordpress\/wp-content\/uploads\/2022\/11\/MARCO-ROSSITTO-CISL-1024x768.jpg 1024w, https:\/\/www.radiopiu.net\/wordpress\/wp-content\/uploads\/2022\/11\/MARCO-ROSSITTO-CISL-768x576.jpg 768w, https:\/\/www.radiopiu.net\/wordpress\/wp-content\/uploads\/2022\/11\/MARCO-ROSSITTO-CISL-1536x1152.jpg 1536w, https:\/\/www.radiopiu.net\/wordpress\/wp-content\/uploads\/2022\/11\/MARCO-ROSSITTO-CISL.jpg 1600w\" sizes=\"auto, (max-width: 129px) 100vw, 129px\" \/><\/a>MARCO ROSSITTO, FILCA CISL BELLUNO TREVISO<\/strong><\/p>\n<audio class=\"wp-audio-shortcode\" id=\"audio-305069-5\" preload=\"none\" style=\"width: 100%;\" controls=\"controls\"><source type=\"audio\/mpeg\" src=\"https:\/\/www.radiopiu.net\/wordpress\/wp-content\/uploads\/2022\/11\/MARCO-ROSSITTO-FILCA-CISL-WP-CEMCENTI.mp3?_=5\" \/><a href=\"https:\/\/www.radiopiu.net\/wordpress\/wp-content\/uploads\/2022\/11\/MARCO-ROSSITTO-FILCA-CISL-WP-CEMCENTI.mp3\">https:\/\/www.radiopiu.net\/wordpress\/wp-content\/uploads\/2022\/11\/MARCO-ROSSITTO-FILCA-CISL-WP-CEMCENTI.mp3<\/a><\/audio>\n<p>&nbsp;<\/p>\n<p>&nbsp;<\/p>\n<hr \/>\n<p>&nbsp;<\/p>\n<blockquote>\n<h3>L\u2019ASSESSORE BOTTACIN PRESENTERA\u2019 LA LEGGE REGIONALE SULLA PROTEZIONE CIVILE A BELLUNO<\/h3>\n<\/blockquote>\n<p><strong><a class=\"dt-pswp-item\" href=\"https:\/\/www.radiopiu.net\/wordpress\/wp-content\/uploads\/2020\/12\/BOTTACIN-1.png\" data-dt-img-description=\"\" data-large_image_width=\"1042\" data-large_image_height=\"690\"><img loading=\"lazy\" decoding=\"async\" class=\" wp-image-182306 alignleft\" src=\"https:\/\/www.radiopiu.net\/wordpress\/wp-content\/uploads\/2020\/12\/BOTTACIN-1-300x199.png\" alt=\"\" width=\"170\" height=\"113\" srcset=\"https:\/\/www.radiopiu.net\/wordpress\/wp-content\/uploads\/2020\/12\/BOTTACIN-1-300x199.png 300w, https:\/\/www.radiopiu.net\/wordpress\/wp-content\/uploads\/2020\/12\/BOTTACIN-1-1024x678.png 1024w, https:\/\/www.radiopiu.net\/wordpress\/wp-content\/uploads\/2020\/12\/BOTTACIN-1-768x509.png 768w, https:\/\/www.radiopiu.net\/wordpress\/wp-content\/uploads\/2020\/12\/BOTTACIN-1.png 1042w\" sizes=\"auto, (max-width: 170px) 100vw, 170px\" \/><\/a>VENEZIA <\/strong>Domani alle 18, l\u2019Assessore della Regione del Veneto della Protezione Civile, Gianpaolo Bottacin, presenter\u00e0 la nuova Legge regionale 13\/2022 \u201cDisciplina delle attivit\u00e0 della Protezione Civile\u201d alle associazioni di volontariato e all\u2019amministrazione comunale. All\u2019incontro, che si terr\u00e0 nella Sala Bianchi del Comune di Belluno (viale Fantuzzi, 11), parteciperanno anche Oscar De Pellegrin (Sindaco di Belluno), Roberto Padrin (Presidente della Provincia di Belluno), Pietro Cadorin (Presidente della Consulta provinciale delle Organizzazioni di Volontariato di PC), Lorenza De Kunovich (Assessore PC Comune Belluno), Luca Soppelsa (Direttore PC Regione Veneto).<\/p>\n<p>&nbsp;<\/p>\n<p>&nbsp;<\/p>\n<hr \/>\n<p>&nbsp;<\/p>\n<p>&nbsp;<\/p>\n<blockquote>\n<h3><strong>EXPORT, TURISMO, AGRICOLTURA, CIG, NUOVI CONTENUTI PUBBLICATI DALL\u2019UFFICO STATISTICA REGIONALE<\/strong><\/h3>\n<\/blockquote>\n<p><strong><a class=\"dt-pswp-item\" href=\"https:\/\/www.radiopiu.net\/wordpress\/wp-content\/uploads\/2021\/09\/regione-veneto.png\" data-dt-img-description=\"\" data-large_image_width=\"455\" data-large_image_height=\"344\"><img loading=\"lazy\" decoding=\"async\" class=\" wp-image-234211 alignleft\" src=\"https:\/\/www.radiopiu.net\/wordpress\/wp-content\/uploads\/2021\/09\/regione-veneto-300x227.png\" alt=\"\" width=\"189\" height=\"143\" srcset=\"https:\/\/www.radiopiu.net\/wordpress\/wp-content\/uploads\/2021\/09\/regione-veneto-300x227.png 300w, https:\/\/www.radiopiu.net\/wordpress\/wp-content\/uploads\/2021\/09\/regione-veneto.png 455w\" sizes=\"auto, (max-width: 189px) 100vw, 189px\" \/><\/a>VENEZIA <\/strong>L\u2019Ufficio di Statistica della Regione del Veneto ha pubblicato sul proprio sito tra agosto e ottobre 2022 nuovi dati che fotografano diversi ambiti di interesse per il Veneto. In particolare si segnala la pubblicazione del bollettino Statistiche Flash di settembre dal titolo \u201cLa dinamica delle esportazioni\u201d dove vengono riportati i dati riferiti al 2021, nei quali si evidenzia per il 2021 il pieno recupero dei livelli pre pandemia (+7,8% rispetto al valore registrato nel 2019). Con un totale dell\u2019export regionale di 70,3 miliardi di euro e un tasso di crescita del 16,7 per cento rispetto al 2020, il Veneto si conferma la terza regione esportatrice, dietro a Lombardia ed Emilia Romagna. Nella sezione News la sezione \u201dIncidenti stradali\u201d mette in rilievo l\u2019incremento dell\u2019incidentalit\u00e0 dovuto alla ripresa della mobilit\u00e0 dopo i periodi di limitazione per contrastare la pandemia, mentre con La nuova fotografia del Veneto si fotografa il Veneto di oggi per abitanti, andamento economico, istruzione, consumi. Sono inoltre disponibili aggiornamenti relativi alla sezione Turismo con i dati provvisori riferiti a luglio 2022 i quali indicano, per i primi sette mesi dell\u2019anno in corso, il progressivo ritorno ai numeri che si registravano nel 2019. Nella sezione Agricoltura vengono presentati i numeri di produzione lorda e valore aggiunto dell\u2019anno 2021, mentre nella sezione Commercio con l\u2019estero i dati provvisori al II\u00b0 trim. 2022. Infine la sezione Lavoro riporta i dati della cassa integrazione guadagni riferita a settembre 2022.<\/p>\n<p><strong>PER CONSULTARE LE STATISTICHE <a href=\"http:\/\/statistica.regione.veneto.it\/\">CLICCA QUI<\/a><\/strong><\/p>\n<p>&nbsp;<\/p>\n<hr \/>\n<p>&nbsp;<\/p>\n<blockquote>\n<h3>SINDACI A CENA&#8230;ERGO, SINDACI CHE SERVONO LA CENA<\/h3>\n<\/blockquote>\n<p><strong><a class=\"dt-pswp-item\" href=\"https:\/\/www.radiopiu.net\/wordpress\/wp-content\/uploads\/2022\/11\/a44d5ccc-4208-46ba-b00d-5c2f87c40e27.jpg\" data-dt-img-description=\"\" data-large_image_width=\"1960\" data-large_image_height=\"1307\"><img loading=\"lazy\" decoding=\"async\" class=\" wp-image-305295 alignleft\" src=\"https:\/\/www.radiopiu.net\/wordpress\/wp-content\/uploads\/2022\/11\/a44d5ccc-4208-46ba-b00d-5c2f87c40e27-300x200.jpg\" alt=\"\" width=\"249\" height=\"166\" srcset=\"https:\/\/www.radiopiu.net\/wordpress\/wp-content\/uploads\/2022\/11\/a44d5ccc-4208-46ba-b00d-5c2f87c40e27-300x200.jpg 300w, https:\/\/www.radiopiu.net\/wordpress\/wp-content\/uploads\/2022\/11\/a44d5ccc-4208-46ba-b00d-5c2f87c40e27-1024x683.jpg 1024w, https:\/\/www.radiopiu.net\/wordpress\/wp-content\/uploads\/2022\/11\/a44d5ccc-4208-46ba-b00d-5c2f87c40e27-768x512.jpg 768w, https:\/\/www.radiopiu.net\/wordpress\/wp-content\/uploads\/2022\/11\/a44d5ccc-4208-46ba-b00d-5c2f87c40e27-1536x1024.jpg 1536w, https:\/\/www.radiopiu.net\/wordpress\/wp-content\/uploads\/2022\/11\/a44d5ccc-4208-46ba-b00d-5c2f87c40e27.jpg 1960w\" sizes=\"auto, (max-width: 249px) 100vw, 249px\" \/><\/a><\/strong><\/p>\n<p>&nbsp;<\/p>\n<p>&nbsp;<\/p>\n<p>&nbsp;<\/p>\n<p><strong>BELLUNO<\/strong>\u00a0 Sindaci camerieri per una sera; torna venerd\u00ec 18 novembre a Sedico il tradizionale appuntamento autunnale con la Cena dei sindaci, serata di beneficenza organizzata dall&#8217;associazione Gocce di Sole.<\/p>\n<p>&nbsp;<\/p>\n<p><strong>DI DANIELE DALVIT<\/strong><\/p>\n<audio class=\"wp-audio-shortcode\" id=\"audio-305069-6\" preload=\"none\" style=\"width: 100%;\" controls=\"controls\"><source type=\"audio\/mpeg\" src=\"https:\/\/www.radiopiu.net\/wordpress\/wp-content\/uploads\/2022\/11\/daniele-sindaci.mp3?_=6\" \/><a href=\"https:\/\/www.radiopiu.net\/wordpress\/wp-content\/uploads\/2022\/11\/daniele-sindaci.mp3\">https:\/\/www.radiopiu.net\/wordpress\/wp-content\/uploads\/2022\/11\/daniele-sindaci.mp3<\/a><\/audio>\n<p>&nbsp;<\/p>\n<p>&nbsp;<\/p>\n<hr \/>\n<p>&nbsp;<\/p>\n<p>&nbsp;<\/p>\n<blockquote>\n<h3><strong><img loading=\"lazy\" decoding=\"async\" class=\"alignleft\" src=\"https:\/\/www.radiopiu.net\/wordpress\/wp-content\/uploads\/2022\/11\/Senza-nome-33.jpg\" width=\"313\" height=\"191\" \/><\/strong>UNA SCUOLA AD ANTSAKOAFALY, NEL RICORDO DELLA PROF. MONICA DE MARTIN<\/h3>\n<\/blockquote>\n<p><strong>AGORDO<\/strong> L&#8217;Istituto Umberto Follador-De Rossi di Agordo dove la compianta professoressa Monica De Martina ha insegnato per tanti anni, insieme alla famiglia, ha scelto di ricordare la &#8220;Dema&#8221; dando un volto ad un suo sogno.<\/p>\n<p><strong>\u201cChe tutti possano avere accesso all\u2019istruzione\u201d.\u00a0<\/strong> Per questo proponiamo, a chi lo desidera, di sostenere la realizzazione di una scuola in Madagascar per 395 bambini, progetto ideato dagli amici di don Elio Larese, stimato sacerdote e insegnante, alla cui memoria la scuola sar\u00e0 intitolata. Il progetto \u00e8 gestito e seguito dall\u2019Associazione \u201cInsieme si pu\u00f2\u2026\u201d di Belluno, nel quale potr\u00e0 trovare spazio anche la memoria della nostra cara Monica. Puoi far giungere direttamente il tuo appoggio con bonifico bancario intestato a: Associazione Gruppi Insieme si pu\u00f2 Onlus Cortina Banca IBAN: IT 23 A 08511 61240 00000 0023078 Causale: \u201cErogazione liberale &#8211; Scuola Madagascar, in memoria di Monica De Martin<\/p>\n<p>&nbsp;<\/p>\n<p><strong>IL CONTESTO <\/strong>Solamente un bambino su tre in Madagascar completa la scuola primaria e al termine degli studi meno del 20% degli alunni hanno competenze minime in quanto a scrittura, lettura e calcolo, secondo quanto riportato dalle Nazioni Unite.<br \/>\nTassi particolarmente preoccupanti in termini di scolarizzazione e istruzione di registrano nel Nord dell\u2019isola, dove &#8220;Insieme si pu\u00f2&#8230;&#8221; opera da anni a sostegno delle comunit\u00e0 locali, altrimenti prive non solo di garanzia scolastica, ma anche di assistenza socio sanitaria e alimentare. Antsakoafaly \u00e8 un piccolo villaggio proprio del Nord del Madagascar, rurale ed estremamente povero, situato nel comune di Antanambao a circa 30 Km da Marovoay. In assenza di una scuola e di ambienti dignitosi che possano accoglierli, gli oltre 400 bambini di Antsakoafaly studiano in una struttura fatiscente e insalubre. Durante la stagione delle piogge, a causa della mancanza di un tetto o di un riparo adeguato, gli insegnanti si vedono costretti a sospendere le lezioni. <strong>IL PROGETTO <\/strong>Il progetto prevede la costruzione di un nuovo edificio in muratura composto da tre aule, una segreteria e servizi igienici per alunni e insegnanti. La scuola avr\u00e0 una superficie di circa 195 m2 \u00c8 prevista anche la perforazione di un pozzo per fornire acqua fresca e pulita alla scuola. Si prevede anche di munire la scuola del necessario arredo scolastico banchi, sedie e panche per gli alunni, cattedre per insegnanti e preside, armadi e lavagne. Il costo della costruzione della scuola ammonta a circa 36.000 euro, il pozzo con la pompa a mano costa circa 4.000 euro e per i banchi metallici, sedie, lavagne cattedre, armadi risultano necessari 10.000 euro. In totale, il progetto richieder\u00e0 all\u2019incirca 50.000 euro<\/p>\n<p>&nbsp;<\/p>\n<p>&nbsp;<\/p>\n<p>&nbsp;<\/p>\n<hr \/>\n<p>&nbsp;<\/p>\n<blockquote>\n<h3><a class=\"dt-pswp-item\" href=\"https:\/\/www.radiopiu.net\/wordpress\/wp-content\/uploads\/2022\/11\/Senza-nome-30.jpg\" data-dt-img-description=\"\" data-large_image_width=\"472\" data-large_image_height=\"214\"><img loading=\"lazy\" decoding=\"async\" class=\"size-medium wp-image-305010 alignleft\" src=\"https:\/\/www.radiopiu.net\/wordpress\/wp-content\/uploads\/2022\/11\/Senza-nome-30-300x136.jpg\" alt=\"\" width=\"300\" height=\"136\" srcset=\"https:\/\/www.radiopiu.net\/wordpress\/wp-content\/uploads\/2022\/11\/Senza-nome-30-300x136.jpg 300w, https:\/\/www.radiopiu.net\/wordpress\/wp-content\/uploads\/2022\/11\/Senza-nome-30.jpg 472w\" sizes=\"auto, (max-width: 300px) 100vw, 300px\" \/><\/a>ALLA RADIO<\/h3>\n<\/blockquote>\n<p>LA LUCCIOLATA, DOMENICA DA AGORDO A RIF CON CASTAGNE E TOMBOLA<br \/>\nospite Eva Da Rif &#8211; Boce da Rif<\/p>\n<p>di Mirko Mezzacasa<\/p>\n<audio class=\"wp-audio-shortcode\" id=\"audio-305069-7\" preload=\"none\" style=\"width: 100%;\" controls=\"controls\"><source type=\"audio\/mpeg\" src=\"https:\/\/www.radiopiu.net\/wordpress\/wp-content\/uploads\/2022\/11\/LUCCIOLATA-EVA-OLIVIERO.mp3?_=7\" \/><a href=\"https:\/\/www.radiopiu.net\/wordpress\/wp-content\/uploads\/2022\/11\/LUCCIOLATA-EVA-OLIVIERO.mp3\">https:\/\/www.radiopiu.net\/wordpress\/wp-content\/uploads\/2022\/11\/LUCCIOLATA-EVA-OLIVIERO.mp3<\/a><\/audio>\n<p>&nbsp;<\/p>\n<p>&nbsp;<\/p>\n<p>&nbsp;<\/p>\n<hr \/>\n<p>&nbsp;<\/p>\n<p><strong>DI TIZIANO DE COL\u00a0\u00a0<\/strong><\/p>\n\n\t\t\t<style type='text\/css'>\n\t\t\t\t#gallery-3 {\n\t\t\t\t\tmargin: auto;\n\t\t\t\t}\n\t\t\t\t#gallery-3 .gallery-item {\n\t\t\t\t\tfloat: left;\n\t\t\t\t\tmargin-top: 10px;\n\t\t\t\t\ttext-align: center;\n\t\t\t\t\twidth: 50%;\n\t\t\t\t}\n\t\t\t\t#gallery-3 img {\n\t\t\t\t\tborder: 2px solid #cfcfcf;\n\t\t\t\t}\n\t\t\t\t#gallery-3 .gallery-caption {\n\t\t\t\t\tmargin-left: 0;\n\t\t\t\t}\n\t\t\t\t\/* see gallery_shortcode() in wp-includes\/media.php *\/\n\t\t\t<\/style>\n\t\t<div id='gallery-3' class='dt-gallery-container gallery galleryid-305069 gallery-columns-2 gallery-size-medium'><dl class='gallery-item'>\n\t\t\t\t<dt class='gallery-icon landscape'>\n\t\t\t\t\t<a class=\"rollover rollover-zoom dt-pswp-item\" title=\"36a25ada-c5cf-4a73-853f-aaba05894be3\" data-dt-img-description=\"\" data-large_image_width=\"603\" data-large_image_height=\"363\"href='https:\/\/www.radiopiu.net\/wordpress\/wp-content\/uploads\/2022\/11\/36a25ada-c5cf-4a73-853f-aaba05894be3.jpg'><img loading=\"lazy\" decoding=\"async\" width=\"300\" height=\"181\" src=\"https:\/\/www.radiopiu.net\/wordpress\/wp-content\/uploads\/2022\/11\/36a25ada-c5cf-4a73-853f-aaba05894be3-300x181.jpg\" class=\"attachment-medium size-medium\" alt=\"\" srcset=\"https:\/\/www.radiopiu.net\/wordpress\/wp-content\/uploads\/2022\/11\/36a25ada-c5cf-4a73-853f-aaba05894be3-300x181.jpg 300w, https:\/\/www.radiopiu.net\/wordpress\/wp-content\/uploads\/2022\/11\/36a25ada-c5cf-4a73-853f-aaba05894be3.jpg 603w\" sizes=\"auto, (max-width: 300px) 100vw, 300px\" \/><\/a>\n\t\t\t\t<\/dt><\/dl><dl class='gallery-item'>\n\t\t\t\t<dt class='gallery-icon landscape'>\n\t\t\t\t\t<a class=\"rollover rollover-zoom dt-pswp-item\" title=\"557bbcb3-0909-4298-910e-41f3890a47e6\" data-dt-img-description=\"\" data-large_image_width=\"593\" data-large_image_height=\"365\"href='https:\/\/www.radiopiu.net\/wordpress\/wp-content\/uploads\/2022\/11\/557bbcb3-0909-4298-910e-41f3890a47e6.jpg'><img loading=\"lazy\" decoding=\"async\" width=\"300\" height=\"185\" src=\"https:\/\/www.radiopiu.net\/wordpress\/wp-content\/uploads\/2022\/11\/557bbcb3-0909-4298-910e-41f3890a47e6-300x185.jpg\" class=\"attachment-medium size-medium\" alt=\"\" srcset=\"https:\/\/www.radiopiu.net\/wordpress\/wp-content\/uploads\/2022\/11\/557bbcb3-0909-4298-910e-41f3890a47e6-300x185.jpg 300w, https:\/\/www.radiopiu.net\/wordpress\/wp-content\/uploads\/2022\/11\/557bbcb3-0909-4298-910e-41f3890a47e6.jpg 593w\" sizes=\"auto, (max-width: 300px) 100vw, 300px\" \/><\/a>\n\t\t\t\t<\/dt><\/dl><br style=\"clear: both\" \/>\n\t\t\t<\/div>\n\n<blockquote class=\"wp-embedded-content\" data-secret=\"1CZTCfiwOr\"><p><a href=\"https:\/\/www.radiopiu.net\/wordpress\/aziendazeronovembre08\/\">UNDICI DECESSI, 5230 NUOVI POSITIVI IN 24 ORE. LIEVE CALO DEI RICOVERI OSPEDALIERI<\/a><\/p><\/blockquote>\n<p><iframe loading=\"lazy\" class=\"wp-embedded-content\" sandbox=\"allow-scripts\" security=\"restricted\" style=\"position: absolute; clip: rect(1px, 1px, 1px, 1px);\" title=\"&#8220;UNDICI DECESSI, 5230 NUOVI POSITIVI IN 24 ORE. LIEVE CALO DEI RICOVERI OSPEDALIERI&#8221; &#8212; Radio Pi\u00f9\" src=\"https:\/\/www.radiopiu.net\/wordpress\/aziendazeronovembre08\/embed\/#?secret=7zMo0G35nt#?secret=1CZTCfiwOr\" data-secret=\"1CZTCfiwOr\" width=\"600\" height=\"338\" frameborder=\"0\" marginwidth=\"0\" marginheight=\"0\" scrolling=\"no\"><\/iframe><\/p>\n<p>&nbsp;<\/p>\n<p>&nbsp;<\/p>\n<hr \/>\n<p>&nbsp;<\/p>\n<blockquote>\n<h3>UNA PALESTRA A CIELO APERTO PER LA PREVENZIONE DELL&#8217;OBESITA&#8217; INFANTILE<\/h3>\n<\/blockquote>\n<p><strong><a class=\"dt-pswp-item\" href=\"https:\/\/www.radiopiu.net\/wordpress\/wp-content\/uploads\/2022\/11\/WhatsApp-Image-2022-08-26-at-11.27.30.jpeg\" data-dt-img-description=\"\" data-large_image_width=\"1600\" data-large_image_height=\"900\"><img loading=\"lazy\" decoding=\"async\" class=\"size-medium wp-image-305274 alignleft\" src=\"https:\/\/www.radiopiu.net\/wordpress\/wp-content\/uploads\/2022\/11\/WhatsApp-Image-2022-08-26-at-11.27.30-300x169.jpeg\" alt=\"\" width=\"300\" height=\"169\" srcset=\"https:\/\/www.radiopiu.net\/wordpress\/wp-content\/uploads\/2022\/11\/WhatsApp-Image-2022-08-26-at-11.27.30-300x169.jpeg 300w, https:\/\/www.radiopiu.net\/wordpress\/wp-content\/uploads\/2022\/11\/WhatsApp-Image-2022-08-26-at-11.27.30-1024x576.jpeg 1024w, https:\/\/www.radiopiu.net\/wordpress\/wp-content\/uploads\/2022\/11\/WhatsApp-Image-2022-08-26-at-11.27.30-768x432.jpeg 768w, https:\/\/www.radiopiu.net\/wordpress\/wp-content\/uploads\/2022\/11\/WhatsApp-Image-2022-08-26-at-11.27.30-1536x864.jpeg 1536w, https:\/\/www.radiopiu.net\/wordpress\/wp-content\/uploads\/2022\/11\/WhatsApp-Image-2022-08-26-at-11.27.30.jpeg 1600w\" sizes=\"auto, (max-width: 300px) 100vw, 300px\" \/><\/a>BELLUNO<\/strong>\u00a0 Si \u00e8 concluso il progetto pilota per promuovere l&#8217;attivit\u00e0 ludico-motoria in et\u00e0 pediatrica nella prevenzione e nella cura dell&#8217;obesit\u00e0 infantile. Il progetto \u00e8 stato promosso dall\u2019Ulss Dolomiti, con l\u2019Ambulatorio di Obesit\u00e0 Pediatrica dell\u2019Ospedale Santa Maria del Prato di Feltre e dell\u2019Ospedale San Martino di Belluno, il Dipartimento di Prevenzione, i servizi integrati di dietetica e psicologia clinica, in collaborazione con UISP Comitato Territoriale Treviso-Belluno, AISM e IIS Agrario \u201cAntonio della Lucia\u201d. L\u2019iniziativa ha coinvolto circa 30 ragazzi di et\u00e0 compresa tra i 7 e 16 anni afferenti agli ambulatori per la cura e la prevenzione dell\u2019obesit\u00e0, che hanno avuto la possibilit\u00e0 di sperimentare numerose attivit\u00e0 proposte da agosto ad oggi, accompagnati dagli istruttori dell\u2019UISP di Belluno-Treviso e grazie alla collaborazione di volontari e associazioni. I ragazzi si sono cimentati nella footbike e nello skate, hanno partecipato a lezioni di parkour e atletica, sono stati organizzati, poi, escursioni, laboratori sull&#8217;alimentazione consapevole, laboratori di incontro con il mondo del Volontariato e laboratori sui prodotti agricoli locali.\u00a0Lo sport, infatti, non \u00e8 solo un ottimo strumento per l\u2019educazione ad un corretto e sano stile di vita, ma aiuta anche a migliorare lo stato psicofisico, favorendo la socializzazione. \u201cIniziare e mantenere uno stile di vita attivo, a tutte le et\u00e0, insieme a un\u2019alimentazione sana, riducono il rischio di sviluppare o di far progredire molte malattie cronico-degenerative: dall\u2019ipertensione arteriosa all\u2019infarto del miocardio, dall\u2019ipercolesterolemia al diabete e all\u2019obesit\u00e0, dall\u2019ansia alla depressione, senza dimenticare alcuni gravi e purtroppo frequenti patologie oncologiche.\u201d commenta il Direttore del Dipartimento di Prevenzione, Sandro Cinquetti. Seguiranno ulteriori sviluppi e collaborazioni anche con altri enti e associazioni del territorio. <strong>Alcuni Dati <\/strong>n Veneto, i dati aggiornati al 2020 riportano una prevalenza di obesit\u00e0 pediatrica pari al 6% nella fascia di et\u00e0 tra gli 8 e 9 anni e una prevalenza di sovrappeso del 19%; tra gli adolescenti (11-15 anni) il 2,6% \u00e8 obeso ed il 13,8% \u00e8 in sovrappeso.\u00a0 Presso l\u2019ambulatorio di obesit\u00e0 pediatrica dell\u2019ospedale di Feltre e di Belluno sono attualmente seguiti rispettivamente 46 e 50 bambini di cui il 26% affetto da obesit\u00e0 grave, il 30% affetto da obesit\u00e0 moderato-severa, il 40% affetto da sovrappeso-obesit\u00e0 lieve.<\/p>\n<p>&nbsp;<\/p>\n<p>&nbsp;<\/p>\n<hr \/>\n<p>&nbsp;<\/p>\n<blockquote>\n<h3>PROGETTO DIDATTICO ATELIER URBAIN CLIMATE ACTION IN ALPIN TOWS, IL PASSAGGIO DI TESTIMONE<\/h3>\n<\/blockquote>\n<p><strong>BELLUNO<\/strong> Ieri mattina alle nuove Gabelli\u00a0 passaggio \u00a0di consegne per il progetto didattico \u201cAtelier Urbain Climate Action in Alpine Towns\u201d proposto dal Comune di Belluno alla scuola primaria \u201cRomolo Dal Mas\u201d di Cavarzano.<\/p>\n<p>&nbsp;<\/p>\n<p><strong>DI DANIELE DALVIT<\/strong><\/p>\n<audio class=\"wp-audio-shortcode\" id=\"audio-305069-8\" preload=\"none\" style=\"width: 100%;\" controls=\"controls\"><source type=\"audio\/mpeg\" src=\"https:\/\/www.radiopiu.net\/wordpress\/wp-content\/uploads\/2022\/11\/GEMELLAGGIO-DANIELE.mp3?_=8\" \/><a href=\"https:\/\/www.radiopiu.net\/wordpress\/wp-content\/uploads\/2022\/11\/GEMELLAGGIO-DANIELE.mp3\">https:\/\/www.radiopiu.net\/wordpress\/wp-content\/uploads\/2022\/11\/GEMELLAGGIO-DANIELE.mp3<\/a><\/audio>\n<p>&nbsp;<\/p>\n\n\t\t\t<style type='text\/css'>\n\t\t\t\t#gallery-4 {\n\t\t\t\t\tmargin: auto;\n\t\t\t\t}\n\t\t\t\t#gallery-4 .gallery-item {\n\t\t\t\t\tfloat: left;\n\t\t\t\t\tmargin-top: 10px;\n\t\t\t\t\ttext-align: center;\n\t\t\t\t\twidth: 20%;\n\t\t\t\t}\n\t\t\t\t#gallery-4 img {\n\t\t\t\t\tborder: 2px solid #cfcfcf;\n\t\t\t\t}\n\t\t\t\t#gallery-4 .gallery-caption {\n\t\t\t\t\tmargin-left: 0;\n\t\t\t\t}\n\t\t\t\t\/* see gallery_shortcode() in wp-includes\/media.php *\/\n\t\t\t<\/style>\n\t\t<div id='gallery-4' class='dt-gallery-container gallery galleryid-305069 gallery-columns-5 gallery-size-thumbnail'><dl class='gallery-item'>\n\t\t\t\t<dt class='gallery-icon landscape'>\n\t\t\t\t\t<a class=\"rollover rollover-zoom dt-pswp-item\" title=\"Passaggio di consegne1\" data-dt-img-description=\"\" data-large_image_width=\"1024\" data-large_image_height=\"768\"href='https:\/\/www.radiopiu.net\/wordpress\/wp-content\/uploads\/2022\/11\/Passaggio-di-consegne1.jpeg'><img loading=\"lazy\" decoding=\"async\" width=\"150\" height=\"150\" src=\"https:\/\/www.radiopiu.net\/wordpress\/wp-content\/uploads\/2022\/11\/Passaggio-di-consegne1-150x150.jpeg\" class=\"attachment-thumbnail size-thumbnail\" alt=\"\" \/><\/a>\n\t\t\t\t<\/dt><\/dl><dl class='gallery-item'>\n\t\t\t\t<dt class='gallery-icon landscape'>\n\t\t\t\t\t<a class=\"rollover rollover-zoom dt-pswp-item\" title=\"Passaggio di consegne4\" data-dt-img-description=\"\" data-large_image_width=\"1024\" data-large_image_height=\"768\"href='https:\/\/www.radiopiu.net\/wordpress\/wp-content\/uploads\/2022\/11\/Passaggio-di-consegne4.jpeg'><img loading=\"lazy\" decoding=\"async\" width=\"150\" height=\"150\" src=\"https:\/\/www.radiopiu.net\/wordpress\/wp-content\/uploads\/2022\/11\/Passaggio-di-consegne4-150x150.jpeg\" class=\"attachment-thumbnail size-thumbnail\" alt=\"\" \/><\/a>\n\t\t\t\t<\/dt><\/dl><dl class='gallery-item'>\n\t\t\t\t<dt class='gallery-icon landscape'>\n\t\t\t\t\t<a class=\"rollover rollover-zoom dt-pswp-item\" title=\"Passaggio di consegne\" data-dt-img-description=\"\" data-large_image_width=\"1024\" data-large_image_height=\"768\"href='https:\/\/www.radiopiu.net\/wordpress\/wp-content\/uploads\/2022\/11\/Passaggio-di-consegne.jpeg'><img loading=\"lazy\" decoding=\"async\" width=\"150\" height=\"150\" src=\"https:\/\/www.radiopiu.net\/wordpress\/wp-content\/uploads\/2022\/11\/Passaggio-di-consegne-150x150.jpeg\" class=\"attachment-thumbnail size-thumbnail\" alt=\"\" \/><\/a>\n\t\t\t\t<\/dt><\/dl><dl class='gallery-item'>\n\t\t\t\t<dt class='gallery-icon portrait'>\n\t\t\t\t\t<a class=\"rollover rollover-zoom dt-pswp-item\" title=\"Passaggio di consegne3\" data-dt-img-description=\"\" data-large_image_width=\"768\" data-large_image_height=\"1024\"href='https:\/\/www.radiopiu.net\/wordpress\/wp-content\/uploads\/2022\/11\/Passaggio-di-consegne3.jpeg'><img loading=\"lazy\" decoding=\"async\" width=\"150\" height=\"150\" src=\"https:\/\/www.radiopiu.net\/wordpress\/wp-content\/uploads\/2022\/11\/Passaggio-di-consegne3-150x150.jpeg\" class=\"attachment-thumbnail size-thumbnail\" alt=\"\" \/><\/a>\n\t\t\t\t<\/dt><\/dl><dl class='gallery-item'>\n\t\t\t\t<dt class='gallery-icon landscape'>\n\t\t\t\t\t<a class=\"rollover rollover-zoom dt-pswp-item\" title=\"20220721_081907\" data-dt-img-description=\"\" data-large_image_width=\"2560\" data-large_image_height=\"1920\"href='https:\/\/www.radiopiu.net\/wordpress\/wp-content\/uploads\/2022\/11\/20220721_081907-scaled.jpg'><img loading=\"lazy\" decoding=\"async\" width=\"150\" height=\"113\" src=\"https:\/\/www.radiopiu.net\/wordpress\/wp-content\/uploads\/2022\/11\/20220721_081907-scaled.jpg\" class=\"attachment-thumbnail size-thumbnail\" alt=\"\" srcset=\"https:\/\/www.radiopiu.net\/wordpress\/wp-content\/uploads\/2022\/11\/20220721_081907-scaled.jpg 2560w, https:\/\/www.radiopiu.net\/wordpress\/wp-content\/uploads\/2022\/11\/20220721_081907-300x225.jpg 300w\" sizes=\"auto, (max-width: 150px) 100vw, 150px\" \/><\/a>\n\t\t\t\t<\/dt><\/dl><br style=\"clear: both\" \/><dl class='gallery-item'>\n\t\t\t\t<dt class='gallery-icon landscape'>\n\t\t\t\t\t<a class=\"rollover rollover-zoom dt-pswp-item\" title=\"14_10_2022_semi con i nonni (2)\" data-dt-img-description=\"\" data-large_image_width=\"2560\" data-large_image_height=\"1920\"href='https:\/\/www.radiopiu.net\/wordpress\/wp-content\/uploads\/2022\/11\/14_10_2022_semi-con-i-nonni-2-scaled.jpg'><img loading=\"lazy\" decoding=\"async\" width=\"150\" height=\"113\" src=\"https:\/\/www.radiopiu.net\/wordpress\/wp-content\/uploads\/2022\/11\/14_10_2022_semi-con-i-nonni-2-scaled.jpg\" class=\"attachment-thumbnail size-thumbnail\" alt=\"\" srcset=\"https:\/\/www.radiopiu.net\/wordpress\/wp-content\/uploads\/2022\/11\/14_10_2022_semi-con-i-nonni-2-scaled.jpg 2560w, https:\/\/www.radiopiu.net\/wordpress\/wp-content\/uploads\/2022\/11\/14_10_2022_semi-con-i-nonni-2-300x225.jpg 300w\" sizes=\"auto, (max-width: 150px) 100vw, 150px\" \/><\/a>\n\t\t\t\t<\/dt><\/dl><dl class='gallery-item'>\n\t\t\t\t<dt class='gallery-icon portrait'>\n\t\t\t\t\t<a class=\"rollover rollover-zoom dt-pswp-item\" title=\"Passaggio di consegne2\" data-dt-img-description=\"\" data-large_image_width=\"768\" data-large_image_height=\"1024\"href='https:\/\/www.radiopiu.net\/wordpress\/wp-content\/uploads\/2022\/11\/Passaggio-di-consegne2.jpeg'><img loading=\"lazy\" decoding=\"async\" width=\"150\" height=\"150\" src=\"https:\/\/www.radiopiu.net\/wordpress\/wp-content\/uploads\/2022\/11\/Passaggio-di-consegne2-150x150.jpeg\" class=\"attachment-thumbnail size-thumbnail\" alt=\"\" \/><\/a>\n\t\t\t\t<\/dt><\/dl><dl class='gallery-item'>\n\t\t\t\t<dt class='gallery-icon portrait'>\n\t\t\t\t\t<a class=\"rollover rollover-zoom dt-pswp-item\" title=\"IMG-20220512-WA0016\" data-dt-img-description=\"\" data-large_image_width=\"1391\" data-large_image_height=\"1599\"href='https:\/\/www.radiopiu.net\/wordpress\/wp-content\/uploads\/2022\/11\/IMG-20220512-WA0016.jpg'><img loading=\"lazy\" decoding=\"async\" width=\"150\" height=\"150\" src=\"https:\/\/www.radiopiu.net\/wordpress\/wp-content\/uploads\/2022\/11\/IMG-20220512-WA0016-150x150.jpg\" class=\"attachment-thumbnail size-thumbnail\" alt=\"\" \/><\/a>\n\t\t\t\t<\/dt><\/dl>\n\t\t\t\t<br style='clear: both' \/>\n\t\t\t<\/div>\n\n<p>&nbsp;<\/p>\n<hr \/>\n<p>&nbsp;<\/p>\n<div dir=\"auto\"><\/div>\n<blockquote>\n<h3 dir=\"auto\">OGGI ALLA PARAFARMACIA DI AGORDO<\/h3>\n<\/blockquote>\n<div dir=\"auto\">\n<p>&nbsp;<\/p>\n<p><img decoding=\"async\" class=\"aligncenter\" src=\"https:\/\/www.radiopiu.net\/wordpress\/wp-content\/uploads\/2022\/11\/Senza-nome-38.jpg\" \/><\/p>\n<p>GIORNATA GRATUITA DEDICATA ALLA DENSITOMETRIA OSSEA\u00a0 OGGI, AD AGORDO NEL PUNTO VENDITA ERBORISTICO E SANITARIO DELLA DOTTORESSA NADIA BULF, PRESSO L&#8217;AREA COMMERCIALE GANZ. IL TEST E&#8217; GRATUITO, HA UNA DURATA DI 20 MINUTI INFORMAZIONI E PRENOTAZIONI: 0437 86 66 83, SUOI SOCIAL O PASSANDO DIRETTAMENTE IN NEGOZIO 9 NOVEMBRE, AD AGORDO LA GIORNATA DELLA DENSITOMETRIA OSSEA<\/p>\n<p>&nbsp;<\/p>\n<p><strong>ALLA RADIO&#8230;<\/strong><\/p>\n<audio class=\"wp-audio-shortcode\" id=\"audio-305069-9\" preload=\"none\" style=\"width: 100%;\" controls=\"controls\"><source type=\"audio\/mpeg\" src=\"https:\/\/www.radiopiu.net\/wordpress\/wp-content\/uploads\/2022\/11\/giornata-densitometria_dottoressa-nardia-bulf.mp3?_=9\" \/><a href=\"https:\/\/www.radiopiu.net\/wordpress\/wp-content\/uploads\/2022\/11\/giornata-densitometria_dottoressa-nardia-bulf.mp3\">https:\/\/www.radiopiu.net\/wordpress\/wp-content\/uploads\/2022\/11\/giornata-densitometria_dottoressa-nardia-bulf.mp3<\/a><\/audio>\n<p>&nbsp;<\/p>\n<p>&nbsp;<\/p>\n<\/div>\n<div dir=\"auto\"><\/div>\n<p>&nbsp;<\/p>\n<p>&nbsp;<\/p>\n<hr \/>\n<p>&nbsp;<\/p>\n<blockquote>\n<h2>EX TEMPORE -BELLUNO CITTA&#8217; DEL LEGNO di Brunella Moro<\/h2>\n<\/blockquote>\n<p>&nbsp;<\/p>\n<p><strong>VIDEO<\/strong><\/p>\n<div style=\"width: 848px;\" class=\"wp-video\"><video class=\"wp-video-shortcode\" id=\"video-305069-2\" width=\"848\" height=\"480\" preload=\"metadata\" controls=\"controls\"><source type=\"video\/mp4\" src=\"https:\/\/www.radiopiu.net\/wordpress\/wp-content\/uploads\/2022\/11\/WhatsApp-Video-2022-11-08-at-16.01.04.mp4?_=2\" \/><a href=\"https:\/\/www.radiopiu.net\/wordpress\/wp-content\/uploads\/2022\/11\/WhatsApp-Video-2022-11-08-at-16.01.04.mp4\">https:\/\/www.radiopiu.net\/wordpress\/wp-content\/uploads\/2022\/11\/WhatsApp-Video-2022-11-08-at-16.01.04.mp4<\/a><\/video><\/div>\n<p>&nbsp;<\/p>\n<p>&nbsp;<\/p>\n<p><strong>GALLERIA FOTOGRAFICA<\/strong><\/p>\n\n\t\t\t<style type='text\/css'>\n\t\t\t\t#gallery-5 {\n\t\t\t\t\tmargin: auto;\n\t\t\t\t}\n\t\t\t\t#gallery-5 .gallery-item {\n\t\t\t\t\tfloat: left;\n\t\t\t\t\tmargin-top: 10px;\n\t\t\t\t\ttext-align: center;\n\t\t\t\t\twidth: 20%;\n\t\t\t\t}\n\t\t\t\t#gallery-5 img {\n\t\t\t\t\tborder: 2px solid #cfcfcf;\n\t\t\t\t}\n\t\t\t\t#gallery-5 .gallery-caption {\n\t\t\t\t\tmargin-left: 0;\n\t\t\t\t}\n\t\t\t\t\/* see gallery_shortcode() in wp-includes\/media.php *\/\n\t\t\t<\/style>\n\t\t<div id='gallery-5' class='dt-gallery-container gallery galleryid-305069 gallery-columns-5 gallery-size-thumbnail'><dl class='gallery-item'>\n\t\t\t\t<dt class='gallery-icon portrait'>\n\t\t\t\t\t<a class=\"rollover rollover-zoom dt-pswp-item\" title=\"56a64ad8-dd42-4454-b7ef-0e85adff3d4e\" data-dt-img-description=\"\" data-large_image_width=\"1500\" data-large_image_height=\"2000\"href='https:\/\/www.radiopiu.net\/wordpress\/wp-content\/uploads\/2022\/11\/56a64ad8-dd42-4454-b7ef-0e85adff3d4e.jpg'><img loading=\"lazy\" decoding=\"async\" width=\"150\" height=\"150\" src=\"https:\/\/www.radiopiu.net\/wordpress\/wp-content\/uploads\/2022\/11\/56a64ad8-dd42-4454-b7ef-0e85adff3d4e-150x150.jpg\" class=\"attachment-thumbnail size-thumbnail\" alt=\"\" \/><\/a>\n\t\t\t\t<\/dt><\/dl><dl class='gallery-item'>\n\t\t\t\t<dt class='gallery-icon portrait'>\n\t\t\t\t\t<a class=\"rollover rollover-zoom dt-pswp-item\" title=\"aca96511-7d76-46b3-a410-8ed38731e013\" data-dt-img-description=\"\" data-large_image_width=\"1107\" data-large_image_height=\"2000\"href='https:\/\/www.radiopiu.net\/wordpress\/wp-content\/uploads\/2022\/11\/aca96511-7d76-46b3-a410-8ed38731e013.jpg'><img loading=\"lazy\" decoding=\"async\" width=\"150\" height=\"150\" src=\"https:\/\/www.radiopiu.net\/wordpress\/wp-content\/uploads\/2022\/11\/aca96511-7d76-46b3-a410-8ed38731e013-150x150.jpg\" class=\"attachment-thumbnail size-thumbnail\" alt=\"\" \/><\/a>\n\t\t\t\t<\/dt><\/dl><dl class='gallery-item'>\n\t\t\t\t<dt class='gallery-icon portrait'>\n\t\t\t\t\t<a class=\"rollover rollover-zoom dt-pswp-item\" title=\"b6cefb24-929d-42b1-b5be-a03a5fe6d6c3\" data-dt-img-description=\"\" data-large_image_width=\"908\" data-large_image_height=\"1806\"href='https:\/\/www.radiopiu.net\/wordpress\/wp-content\/uploads\/2022\/11\/b6cefb24-929d-42b1-b5be-a03a5fe6d6c3.jpg'><img loading=\"lazy\" decoding=\"async\" width=\"150\" height=\"150\" src=\"https:\/\/www.radiopiu.net\/wordpress\/wp-content\/uploads\/2022\/11\/b6cefb24-929d-42b1-b5be-a03a5fe6d6c3-150x150.jpg\" class=\"attachment-thumbnail size-thumbnail\" alt=\"\" \/><\/a>\n\t\t\t\t<\/dt><\/dl><dl class='gallery-item'>\n\t\t\t\t<dt class='gallery-icon portrait'>\n\t\t\t\t\t<a class=\"rollover rollover-zoom dt-pswp-item\" title=\"664ae7c7-cfa0-41e7-999a-a0a815f80e11\" data-dt-img-description=\"\" data-large_image_width=\"1500\" data-large_image_height=\"2000\"href='https:\/\/www.radiopiu.net\/wordpress\/wp-content\/uploads\/2022\/11\/664ae7c7-cfa0-41e7-999a-a0a815f80e11.jpg'><img loading=\"lazy\" decoding=\"async\" width=\"150\" height=\"150\" src=\"https:\/\/www.radiopiu.net\/wordpress\/wp-content\/uploads\/2022\/11\/664ae7c7-cfa0-41e7-999a-a0a815f80e11-150x150.jpg\" class=\"attachment-thumbnail size-thumbnail\" alt=\"\" \/><\/a>\n\t\t\t\t<\/dt><\/dl><dl class='gallery-item'>\n\t\t\t\t<dt class='gallery-icon portrait'>\n\t\t\t\t\t<a class=\"rollover rollover-zoom dt-pswp-item\" title=\"9f286602-75ac-40d6-91e6-2803f747cd12\" data-dt-img-description=\"\" data-large_image_width=\"1536\" data-large_image_height=\"2048\"href='https:\/\/www.radiopiu.net\/wordpress\/wp-content\/uploads\/2022\/11\/9f286602-75ac-40d6-91e6-2803f747cd12.jpg'><img loading=\"lazy\" decoding=\"async\" width=\"150\" height=\"150\" src=\"https:\/\/www.radiopiu.net\/wordpress\/wp-content\/uploads\/2022\/11\/9f286602-75ac-40d6-91e6-2803f747cd12-150x150.jpg\" class=\"attachment-thumbnail size-thumbnail\" alt=\"\" \/><\/a>\n\t\t\t\t<\/dt><\/dl><br style=\"clear: both\" \/><dl class='gallery-item'>\n\t\t\t\t<dt class='gallery-icon portrait'>\n\t\t\t\t\t<a class=\"rollover rollover-zoom dt-pswp-item\" title=\"3e8dc135-06ef-4509-845e-ce4d2eb7bf9c\" data-dt-img-description=\"\" data-large_image_width=\"1447\" data-large_image_height=\"1805\"href='https:\/\/www.radiopiu.net\/wordpress\/wp-content\/uploads\/2022\/11\/3e8dc135-06ef-4509-845e-ce4d2eb7bf9c.jpg'><img loading=\"lazy\" decoding=\"async\" width=\"150\" height=\"150\" src=\"https:\/\/www.radiopiu.net\/wordpress\/wp-content\/uploads\/2022\/11\/3e8dc135-06ef-4509-845e-ce4d2eb7bf9c-150x150.jpg\" class=\"attachment-thumbnail size-thumbnail\" alt=\"\" \/><\/a>\n\t\t\t\t<\/dt><\/dl><dl class='gallery-item'>\n\t\t\t\t<dt class='gallery-icon portrait'>\n\t\t\t\t\t<a class=\"rollover rollover-zoom dt-pswp-item\" title=\"079532a1-062f-4a4c-a6a9-1bcd971aa0ed\" data-dt-img-description=\"\" data-large_image_width=\"1500\" data-large_image_height=\"2000\"href='https:\/\/www.radiopiu.net\/wordpress\/wp-content\/uploads\/2022\/11\/079532a1-062f-4a4c-a6a9-1bcd971aa0ed.jpg'><img loading=\"lazy\" decoding=\"async\" width=\"150\" height=\"150\" src=\"https:\/\/www.radiopiu.net\/wordpress\/wp-content\/uploads\/2022\/11\/079532a1-062f-4a4c-a6a9-1bcd971aa0ed-150x150.jpg\" class=\"attachment-thumbnail size-thumbnail\" alt=\"\" \/><\/a>\n\t\t\t\t<\/dt><\/dl><dl class='gallery-item'>\n\t\t\t\t<dt class='gallery-icon portrait'>\n\t\t\t\t\t<a class=\"rollover rollover-zoom dt-pswp-item\" title=\"bf5a68dd-3f3d-4056-8364-d654d6c7229e\" data-dt-img-description=\"\" data-large_image_width=\"885\" data-large_image_height=\"1802\"href='https:\/\/www.radiopiu.net\/wordpress\/wp-content\/uploads\/2022\/11\/bf5a68dd-3f3d-4056-8364-d654d6c7229e.jpg'><img loading=\"lazy\" decoding=\"async\" width=\"150\" height=\"150\" src=\"https:\/\/www.radiopiu.net\/wordpress\/wp-content\/uploads\/2022\/11\/bf5a68dd-3f3d-4056-8364-d654d6c7229e-150x150.jpg\" class=\"attachment-thumbnail size-thumbnail\" alt=\"\" \/><\/a>\n\t\t\t\t<\/dt><\/dl><dl class='gallery-item'>\n\t\t\t\t<dt class='gallery-icon portrait'>\n\t\t\t\t\t<a class=\"rollover rollover-zoom dt-pswp-item\" title=\"ea5f282f-9b76-4390-8d57-2efcd4f2a601\" data-dt-img-description=\"\" data-large_image_width=\"1552\" data-large_image_height=\"2048\"href='https:\/\/www.radiopiu.net\/wordpress\/wp-content\/uploads\/2022\/11\/ea5f282f-9b76-4390-8d57-2efcd4f2a601.jpg'><img loading=\"lazy\" decoding=\"async\" width=\"150\" height=\"150\" src=\"https:\/\/www.radiopiu.net\/wordpress\/wp-content\/uploads\/2022\/11\/ea5f282f-9b76-4390-8d57-2efcd4f2a601-150x150.jpg\" class=\"attachment-thumbnail size-thumbnail\" alt=\"\" \/><\/a>\n\t\t\t\t<\/dt><\/dl><dl class='gallery-item'>\n\t\t\t\t<dt class='gallery-icon portrait'>\n\t\t\t\t\t<a class=\"rollover rollover-zoom dt-pswp-item\" title=\"c6e3a39d-7293-410a-a19e-811421918c7b\" data-dt-img-description=\"\" data-large_image_width=\"1500\" data-large_image_height=\"2000\"href='https:\/\/www.radiopiu.net\/wordpress\/wp-content\/uploads\/2022\/11\/c6e3a39d-7293-410a-a19e-811421918c7b.jpg'><img loading=\"lazy\" decoding=\"async\" width=\"150\" height=\"150\" src=\"https:\/\/www.radiopiu.net\/wordpress\/wp-content\/uploads\/2022\/11\/c6e3a39d-7293-410a-a19e-811421918c7b-150x150.jpg\" class=\"attachment-thumbnail size-thumbnail\" alt=\"\" \/><\/a>\n\t\t\t\t<\/dt><\/dl><br style=\"clear: both\" \/><dl class='gallery-item'>\n\t\t\t\t<dt class='gallery-icon portrait'>\n\t\t\t\t\t<a class=\"rollover rollover-zoom dt-pswp-item\" title=\"ce0f884a-0d7a-4000-996d-35cdd1307165\" data-dt-img-description=\"\" data-large_image_width=\"947\" data-large_image_height=\"1738\"href='https:\/\/www.radiopiu.net\/wordpress\/wp-content\/uploads\/2022\/11\/ce0f884a-0d7a-4000-996d-35cdd1307165.jpg'><img loading=\"lazy\" decoding=\"async\" width=\"150\" height=\"150\" src=\"https:\/\/www.radiopiu.net\/wordpress\/wp-content\/uploads\/2022\/11\/ce0f884a-0d7a-4000-996d-35cdd1307165-150x150.jpg\" class=\"attachment-thumbnail size-thumbnail\" alt=\"\" \/><\/a>\n\t\t\t\t<\/dt><\/dl><dl class='gallery-item'>\n\t\t\t\t<dt class='gallery-icon portrait'>\n\t\t\t\t\t<a class=\"rollover rollover-zoom dt-pswp-item\" title=\"d2ea9efb-90fe-497d-a802-81a941417963\" data-dt-img-description=\"\" data-large_image_width=\"1500\" data-large_image_height=\"2000\"href='https:\/\/www.radiopiu.net\/wordpress\/wp-content\/uploads\/2022\/11\/d2ea9efb-90fe-497d-a802-81a941417963.jpg'><img loading=\"lazy\" decoding=\"async\" width=\"150\" height=\"150\" src=\"https:\/\/www.radiopiu.net\/wordpress\/wp-content\/uploads\/2022\/11\/d2ea9efb-90fe-497d-a802-81a941417963-150x150.jpg\" class=\"attachment-thumbnail size-thumbnail\" alt=\"\" \/><\/a>\n\t\t\t\t<\/dt><\/dl><dl class='gallery-item'>\n\t\t\t\t<dt class='gallery-icon portrait'>\n\t\t\t\t\t<a class=\"rollover rollover-zoom dt-pswp-item\" title=\"ee5d0cd9-51cb-481c-8eda-bdaa318cba1b\" data-dt-img-description=\"\" data-large_image_width=\"886\" data-large_image_height=\"1929\"href='https:\/\/www.radiopiu.net\/wordpress\/wp-content\/uploads\/2022\/11\/ee5d0cd9-51cb-481c-8eda-bdaa318cba1b.jpg'><img loading=\"lazy\" decoding=\"async\" width=\"150\" height=\"150\" src=\"https:\/\/www.radiopiu.net\/wordpress\/wp-content\/uploads\/2022\/11\/ee5d0cd9-51cb-481c-8eda-bdaa318cba1b-150x150.jpg\" class=\"attachment-thumbnail size-thumbnail\" alt=\"\" \/><\/a>\n\t\t\t\t<\/dt><\/dl><dl class='gallery-item'>\n\t\t\t\t<dt class='gallery-icon portrait'>\n\t\t\t\t\t<a class=\"rollover rollover-zoom dt-pswp-item\" title=\"f1d7988a-e1cd-4b47-80b2-0342e7daf77a\" data-dt-img-description=\"\" data-large_image_width=\"1128\" data-large_image_height=\"1760\"href='https:\/\/www.radiopiu.net\/wordpress\/wp-content\/uploads\/2022\/11\/f1d7988a-e1cd-4b47-80b2-0342e7daf77a.jpg'><img loading=\"lazy\" decoding=\"async\" width=\"150\" height=\"150\" src=\"https:\/\/www.radiopiu.net\/wordpress\/wp-content\/uploads\/2022\/11\/f1d7988a-e1cd-4b47-80b2-0342e7daf77a-150x150.jpg\" class=\"attachment-thumbnail size-thumbnail\" alt=\"\" \/><\/a>\n\t\t\t\t<\/dt><\/dl><dl class='gallery-item'>\n\t\t\t\t<dt class='gallery-icon portrait'>\n\t\t\t\t\t<a class=\"rollover rollover-zoom dt-pswp-item\" title=\"a4659b42-d802-4949-aa27-cf8a974a7e0c\" data-dt-img-description=\"\" data-large_image_width=\"1500\" data-large_image_height=\"2000\"href='https:\/\/www.radiopiu.net\/wordpress\/wp-content\/uploads\/2022\/11\/a4659b42-d802-4949-aa27-cf8a974a7e0c.jpg'><img loading=\"lazy\" decoding=\"async\" width=\"150\" height=\"150\" src=\"https:\/\/www.radiopiu.net\/wordpress\/wp-content\/uploads\/2022\/11\/a4659b42-d802-4949-aa27-cf8a974a7e0c-150x150.jpg\" class=\"attachment-thumbnail size-thumbnail\" alt=\"\" \/><\/a>\n\t\t\t\t<\/dt><\/dl><br style=\"clear: both\" \/><dl class='gallery-item'>\n\t\t\t\t<dt class='gallery-icon portrait'>\n\t\t\t\t\t<a class=\"rollover rollover-zoom dt-pswp-item\" title=\"b8c13b90-3eb4-4d1a-828c-11889e35dbda\" data-dt-img-description=\"\" data-large_image_width=\"1169\" data-large_image_height=\"1814\"href='https:\/\/www.radiopiu.net\/wordpress\/wp-content\/uploads\/2022\/11\/b8c13b90-3eb4-4d1a-828c-11889e35dbda.jpg'><img loading=\"lazy\" decoding=\"async\" width=\"150\" height=\"150\" src=\"https:\/\/www.radiopiu.net\/wordpress\/wp-content\/uploads\/2022\/11\/b8c13b90-3eb4-4d1a-828c-11889e35dbda-150x150.jpg\" class=\"attachment-thumbnail size-thumbnail\" alt=\"\" \/><\/a>\n\t\t\t\t<\/dt><\/dl><dl class='gallery-item'>\n\t\t\t\t<dt class='gallery-icon portrait'>\n\t\t\t\t\t<a class=\"rollover rollover-zoom dt-pswp-item\" title=\"7b4dcbd4-5db4-46b4-b3f8-55e585c243f4\" data-dt-img-description=\"\" data-large_image_width=\"1307\" data-large_image_height=\"1675\"href='https:\/\/www.radiopiu.net\/wordpress\/wp-content\/uploads\/2022\/11\/7b4dcbd4-5db4-46b4-b3f8-55e585c243f4.jpg'><img loading=\"lazy\" decoding=\"async\" width=\"150\" height=\"150\" src=\"https:\/\/www.radiopiu.net\/wordpress\/wp-content\/uploads\/2022\/11\/7b4dcbd4-5db4-46b4-b3f8-55e585c243f4-150x150.jpg\" class=\"attachment-thumbnail size-thumbnail\" alt=\"\" \/><\/a>\n\t\t\t\t<\/dt><\/dl><dl class='gallery-item'>\n\t\t\t\t<dt class='gallery-icon portrait'>\n\t\t\t\t\t<a class=\"rollover rollover-zoom dt-pswp-item\" title=\"6b44c55d-7792-4a48-877c-354f1368076e\" data-dt-img-description=\"\" data-large_image_width=\"1048\" data-large_image_height=\"1845\"href='https:\/\/www.radiopiu.net\/wordpress\/wp-content\/uploads\/2022\/11\/6b44c55d-7792-4a48-877c-354f1368076e.jpg'><img loading=\"lazy\" decoding=\"async\" width=\"150\" height=\"150\" src=\"https:\/\/www.radiopiu.net\/wordpress\/wp-content\/uploads\/2022\/11\/6b44c55d-7792-4a48-877c-354f1368076e-150x150.jpg\" class=\"attachment-thumbnail size-thumbnail\" alt=\"\" \/><\/a>\n\t\t\t\t<\/dt><\/dl><dl class='gallery-item'>\n\t\t\t\t<dt class='gallery-icon portrait'>\n\t\t\t\t\t<a class=\"rollover rollover-zoom dt-pswp-item\" title=\"31f35493-ebff-4ec1-ab74-0c9f8568a70b\" data-dt-img-description=\"\" data-large_image_width=\"1500\" data-large_image_height=\"2000\"href='https:\/\/www.radiopiu.net\/wordpress\/wp-content\/uploads\/2022\/11\/31f35493-ebff-4ec1-ab74-0c9f8568a70b.jpg'><img loading=\"lazy\" decoding=\"async\" width=\"150\" height=\"150\" src=\"https:\/\/www.radiopiu.net\/wordpress\/wp-content\/uploads\/2022\/11\/31f35493-ebff-4ec1-ab74-0c9f8568a70b-150x150.jpg\" class=\"attachment-thumbnail size-thumbnail\" alt=\"\" \/><\/a>\n\t\t\t\t<\/dt><\/dl>\n\t\t\t\t<br style='clear: both' \/>\n\t\t\t<\/div>\n\n<p>&nbsp;<\/p>\n<p>&nbsp;<\/p>\n<p>&nbsp;<\/p>\n<p>&nbsp;<\/p>\n<hr \/>\n<p>&nbsp;<\/p>\n<blockquote>\n<h3>SI CHIUDE CON UN PATTO A 2130 METRI LA 21\u00aa CHIES E LE SUE MONTAGNE<\/h3>\n<\/blockquote>\n<p><strong><a class=\"dt-pswp-item\" href=\"https:\/\/www.radiopiu.net\/wordpress\/wp-content\/uploads\/2022\/11\/03-messa-2022.jpg\" data-dt-img-description=\"\" data-large_image_width=\"2300\" data-large_image_height=\"1219\"><img loading=\"lazy\" decoding=\"async\" class=\" wp-image-305182 alignleft\" src=\"https:\/\/www.radiopiu.net\/wordpress\/wp-content\/uploads\/2022\/11\/03-messa-2022-300x159.jpg\" alt=\"\" width=\"177\" height=\"94\" srcset=\"https:\/\/www.radiopiu.net\/wordpress\/wp-content\/uploads\/2022\/11\/03-messa-2022-300x159.jpg 300w, https:\/\/www.radiopiu.net\/wordpress\/wp-content\/uploads\/2022\/11\/03-messa-2022-1024x543.jpg 1024w, https:\/\/www.radiopiu.net\/wordpress\/wp-content\/uploads\/2022\/11\/03-messa-2022-768x407.jpg 768w, https:\/\/www.radiopiu.net\/wordpress\/wp-content\/uploads\/2022\/11\/03-messa-2022-1536x814.jpg 1536w, https:\/\/www.radiopiu.net\/wordpress\/wp-content\/uploads\/2022\/11\/03-messa-2022-2048x1085.jpg 2048w\" sizes=\"auto, (max-width: 177px) 100vw, 177px\" \/><\/a>CHIES D&#8217;ALPAGO <\/strong>Chies e le sue montagne. Una 21<sup>a<\/sup> edizione che si \u00e8 conclusa sabato 29 ottobre scorso sul passo Valbona a quota 2130 mslm con la Santa Messa dopo una settimana finale intensa ed emozionante. Marted\u00ec 25 ottobre, &#8220;Chies e le sue montagne&#8221; ha ospitato nella sala polivalente di Lamosano, infatti Fulvio &#8220;Bubo&#8221; Valbusa, veronese di Bosco Chiesanuova per 20 anni atleta dello sci di fondo del Corpo Forestale dello Stato e della nazionale italiana. Venerd\u00ec 28 ottobre nella frazione di San Martino, protagonista del penultimo appuntamento \u00e8 stato Silvio &#8220;Gnaro&#8221; Mondinelli, classe 1958, nato a Gardone Valtrompia ma trasferitosi ad Alagna ai piedi del Monte Rosa. A conclusione della 21esima edizione di &#8220;Chies e le sue montagne&#8221; la consueta messa celebrata sin dalla prima edizione su una cima o una forcella delle montagne della conca alpagota. Sabato 29 ottobre pi\u00f9 di 80 persone hanno raggiunto in una insolita calda mattinata di autunno inoltrato il Passo Valbona a metri 2130, appena sotto il Col Nudo, passo che fa da spartiacque tra regione Veneto e Friuli Venezia Giulia e che centinaia di anni or sono veniva utilizzato dalle genti della Valcellina e dell&#8217;Alpago come via di collegamento e scambio, o per evitare dazi e tasse di transito.\u00a0 \u00c8 stata l&#8217;occasione quella di sabato, proprio per un gemellaggio tra i comuni della Conca e quelli dell&#8217;Alta Valcellina, ovvero Erto e Casso, Claut e Cimolais.<\/p>\n<p>&nbsp;<\/p>\n<hr \/>\n<h3><\/h3>\n<blockquote>\n<h3>CON TESTI E FOTO DI GIANNI PIANON NEL FEBBRAIO 2002 L\u2019OTTIMO LIBRO (188 PAGINE) SUI MONTI DELL\u2019ALPAGO<\/h3>\n<\/blockquote>\n<p>&nbsp;<\/p>\n<div class=\"x78zum5 xh8yej3\" role=\"none\">\n<div class=\"x1cy8zhl x78zum5 xdt5ytf x193iq5w x1n2onr6\">\n<div class=\"x78zum5 xh8yej3\" role=\"none\">\n<div class=\"x1tlxs6b x1g8br2z x1gn5b1j x230xth x14ctfv x1okitfd x6ikm8r x10wlt62 x1mzt3pk x1y1aw1k xn6708d xwib8y2 x1ye3gou x1n2onr6 x13faqbe x1vjfegm\" role=\"none\">\n<div class=\"x9f619 x1n2onr6 x1ja2u2z __fb-light-mode\" role=\"none\">\n<div dir=\"auto\" role=\"none\"><strong>di RENATO BONA<\/strong><\/div>\n<div dir=\"auto\" role=\"none\"><\/div>\n<div class=\"x6prxxf x1fc57z9 x1yc453h x126k92a xzsf02u\" dir=\"auto\" role=\"none\">\n<p><span class=\"x4k7w5x x1h91t0o x1h9r5lt x1jfb8zj xv2umb2 x1beo9mf xaigb6o x12ejxvf x3igimt xarpa2k xedcshv x1lytzrv x1t2pt76 x7ja8zs x1qrby5j\"><img decoding=\"async\" class=\"xh8yej3 xl1xv1r x5yr21d x1rg5ohu alignleft\" src=\"https:\/\/scontent-mxp2-1.xx.fbcdn.net\/v\/t1.18169-1\/553085_385905871470280_1626001170_n.jpg?stp=c25.0.100.100a_dst-jpg_p100x100&amp;_nc_cat=110&amp;ccb=1-7&amp;_nc_sid=7206a8&amp;_nc_ohc=m98YhYkOe6wAX8jB7BS&amp;_nc_ad=z-m&amp;_nc_cid=0&amp;_nc_ht=scontent-mxp2-1.xx&amp;oh=00_AfAPTKJx_sot_8DVdabGvd-F2jmIPgrFV0YxAWtdXI-n0Q&amp;oe=6391FF7B\" alt=\"Renatobruno Bona\" \/><\/span>La tipografia Papergraf di Padova stampava nel febbraio 2002 per conto di Tamari Montagna Edizioni ad iniziativa della Comunit\u00e0 montana dell\u2019Alpago e per la serie Itinerari alpini la guida \u201cSui Monti dell\u2019Alpago. Alta via n. 7. Alta via dei Rondoi, Passeggiata d\u2019autunno\u201d, l\u2019ottimo libro di Gianni Pianon (origini alpagote quasi certamente), a<\/p>\n<div class=\"x1tlxs6b x1g8br2z x1gn5b1j x230xth x14ctfv x1okitfd x6ikm8r x10wlt62 x1mzt3pk x1y1aw1k xn6708d xwib8y2 x1ye3gou x1n2onr6 x13faqbe x1vjfegm\" role=\"none\">\n<div class=\"x9f619 x1n2onr6 x1ja2u2z __fb-light-mode\" role=\"none\">\n<div class=\"x6prxxf x1fc57z9 x1yc453h x126k92a xzsf02u\" dir=\"auto\" role=\"none\">utore anche di numerose belle fotografie. Nella presentazione, l\u2019allora presidente della Comunit\u00e0 montana dell\u2019Alpago, Giampaolo Zanon, detto che nell\u2019Anno internazionale delle Montagne tra le numerose celebrazioni va compreso il piccolo contributo dell\u2019Ente alla conoscenza del territorio montano e del suo vivere, sottolineava come la ristampa dopo oltre vent\u2019anni della bella guida sull\u2019Alta Via n,. 7 \u201cora nella nuova veste integrata con altri itinerari ed escursioni pi\u00f9 facilmente accessibili, \u00e8 un invito a conoscere un territorio straordinariamente bello ma poco conosciuto, al punto che paiono ancora di stridente attualit\u00e0 le parole di don Umberto Trame che nel lontano\u201922 scriveva nell\u2019ancora unica monografia sull\u2019Alpago, che di questa terra ben pochi si occupano e solo indirettamente per ragioni particolari\u2026\u201d. In chiusura, il presidente Zanon scriveva: \u201cNon \u00e8 facile riassumere ci\u00f2 che gli itinerari proposti offrono\u2026 molto meglio frequentarli per ammirarne le bellezze, dal lago alle montagne attraverso i boschi, i prati e i nostri paesi che punteggiano la conca e di poterne apprezzare, perch\u00e9 no, anche le tradizioni locali, la storia e la genuina ospitalit\u00e0 delle nostre genti\u201d ed esprimeva all\u2019autore Gianni Pianon ed ai suoi valenti e preziosi collaboratori \u201cil ringraziamento per il meticoloso lavoro di descrizione dei vari tratti di Altavia e per le utili informazioni all\u2019escursionista che corredano l\u2019opera\u201d. Il grande libro (188 pagine pur di formato ridotto) contempla questi capitoli: La catena delle Prealpi Bellunesi. L\u2019ambiente (orografia e idrografia, geologia, il clima, la flora, la fauna, cenno storico), \u201cL\u2019Alta Via delle Prealpi Bellunesi (caratteristiche dell\u2019Alta Via e avvertenze generali, le Prealpi dell\u2019Alpago, le Prealpi Bellunesi o Trevigiane, storia alpinistica, accessi stradali, soccorso alpino, partenza dell\u2019Alta Via, sentiero di Cresta dei Monti dell\u2019Alpago-Alta Via n. 7, primo tratto: dal rifugio Dolada al passo di Valb\u00f2na; secondo: dal passo di Valb\u00f2na al Crep Nudo e alla Cas\u00e8ra Venal-Il monte Teverone: terzo: dalla Cas\u00e8ra Ven\u00e0l o dal Cr\u00e8p Nudo al bivacco fisso A. Toffol\u00f2n al rifugio C. e M. Semenza; quinto: dal rifugio C. e M. Semenza a Tambre d\u2019Alpago; Sottogruppo del monte Castel\u00e0t; Alta Via dei Rond\u00f2i; Le Prealpi Bellunesi o Trevigiane: la Passeggiata d\u2019autunno (primo tratto: dall\u2019Alpe del Nevegal al Pian delle Femmine; secondo: dal Pian delle Femmine a Prader\u00e0dego; terzo: da Prader\u00e0dego al rifugio Malga Mariech; infine: bibliografia e cartografia. In chiusura di questo servizio (e riservandoci di tornare sul libro) riportiamo quanto scritto da Gianni Pianon sulle Prealpi dell\u2019Alpago che &#8211; ricorda &#8211; \u201csono formate dalla catena del Col Nudo-Cavallo che separa come una gigantesca muraglia la Valle del Piave dalla Valle del Vajont e dalla Val Cellina. Il gruppo, meravigliosamente suggestivo per la sua selvaggia bellezza e per quanto poco conosciuto, di grande interesse alpinistico, circonda verso sud-ovest la conca dell\u2019Alpago con la lunga catena dei monti calcarei che vanno dal Dol\u00e0da al Col Nudo con direzione sud-ovest\/nord-est, e dal Col Nudo al Cavallo, con uno sviluppo complessivo di circa 23 chilometri\u201d e, aggiungeva: \u201cL\u2019Alpago costituisce una piccola unit\u00e0 geografica nella quale sorgono una trentina di paesi e borgate raccolte in cinque comuni: Chies, Farra, Pieve, Puos, Tambre. Una piccola unit\u00e0 ben definita, a forma di conca, anzi di anfiteatro esposto a mezzogiorno e chiuso verso nord-est dall\u2019aspra catena delle Prealpi, pressoch\u00e9 continua, dato che non presenta passi o incisioni profonde\u2026\u201d. NELLE FOTO (riproduzioni dal libro-guida di Gianni Pianon \u201cSui Monti dell\u2019Alpago\u201d): la copertina della pubblicazione della Tamari Edizioni; Monte Pizzoc, Sella di Fadalto e Col Visentin, in primo piano l\u2019Alpago e il lago di Santa Croce; il Col Nudo col Ven\u00e0l ed il Teverone col Val\u00e0rs; la dorsale centrale; il versante del Vajont; tabella segnaletica presso Forcella Grava Piana; altra tabella da Pian delle Femmine al Passo San Boldo; il Monte Dolada; il lago di Val Gallina; il Col Nudo; rifugio-cas\u00e8ra in Val Mes\u00e0z; il Ven\u00e0l di Montan\u00e8s; ancora il Col Nudo dal Crep Nudo; la parete est di Cima Last\u00e8i dalla Casera Gravuzza; lo spigolo nord della Cima Val\u00e0rs; il monte Teverone.<\/div>\n<\/div>\n<\/div>\n<div class=\"x1h91t0o xkh2ocl x78zum5 xdt5ytf x13a6bvl x193iq5w x1iyjqo2 xcrg951\" role=\"none\">\n<div class=\"x1r8uery x1iyjqo2\" role=\"none\"><\/div>\n<\/div>\n\n\t\t\t<style type='text\/css'>\n\t\t\t\t#gallery-6 {\n\t\t\t\t\tmargin: auto;\n\t\t\t\t}\n\t\t\t\t#gallery-6 .gallery-item {\n\t\t\t\t\tfloat: left;\n\t\t\t\t\tmargin-top: 10px;\n\t\t\t\t\ttext-align: center;\n\t\t\t\t\twidth: 11%;\n\t\t\t\t}\n\t\t\t\t#gallery-6 img {\n\t\t\t\t\tborder: 2px solid #cfcfcf;\n\t\t\t\t}\n\t\t\t\t#gallery-6 .gallery-caption {\n\t\t\t\t\tmargin-left: 0;\n\t\t\t\t}\n\t\t\t\t\/* see gallery_shortcode() in wp-includes\/media.php *\/\n\t\t\t<\/style>\n\t\t<div id='gallery-6' class='dt-gallery-container gallery galleryid-305069 gallery-columns-9 gallery-size-thumbnail'><dl class='gallery-item'>\n\t\t\t\t<dt class='gallery-icon portrait'>\n\t\t\t\t\t<a class=\"rollover rollover-zoom dt-pswp-item\" title=\"307399449_1192284488302286_2700823404648391329_n\" data-dt-img-description=\"\" data-large_image_width=\"935\" data-large_image_height=\"1532\"href='https:\/\/www.radiopiu.net\/wordpress\/wp-content\/uploads\/2022\/11\/307399449_1192284488302286_2700823404648391329_n.jpg'><img loading=\"lazy\" decoding=\"async\" width=\"150\" height=\"150\" src=\"https:\/\/www.radiopiu.net\/wordpress\/wp-content\/uploads\/2022\/11\/307399449_1192284488302286_2700823404648391329_n-150x150.jpg\" class=\"attachment-thumbnail size-thumbnail\" alt=\"\" \/><\/a>\n\t\t\t\t<\/dt><\/dl><dl class='gallery-item'>\n\t\t\t\t<dt class='gallery-icon landscape'>\n\t\t\t\t\t<a class=\"rollover rollover-zoom dt-pswp-item\" title=\"312926550_1587108145083743_836463551255003284_n\" data-dt-img-description=\"\" data-large_image_width=\"1503\" data-large_image_height=\"864\"href='https:\/\/www.radiopiu.net\/wordpress\/wp-content\/uploads\/2022\/11\/312926550_1587108145083743_836463551255003284_n.jpg'><img loading=\"lazy\" decoding=\"async\" width=\"150\" height=\"150\" src=\"https:\/\/www.radiopiu.net\/wordpress\/wp-content\/uploads\/2022\/11\/312926550_1587108145083743_836463551255003284_n-150x150.jpg\" class=\"attachment-thumbnail size-thumbnail\" alt=\"\" \/><\/a>\n\t\t\t\t<\/dt><\/dl><dl class='gallery-item'>\n\t\t\t\t<dt class='gallery-icon landscape'>\n\t\t\t\t\t<a class=\"rollover rollover-zoom dt-pswp-item\" title=\"312461556_669870064862920_7039706559730921897_n\" data-dt-img-description=\"\" data-large_image_width=\"2048\" data-large_image_height=\"1318\"href='https:\/\/www.radiopiu.net\/wordpress\/wp-content\/uploads\/2022\/11\/312461556_669870064862920_7039706559730921897_n.jpg'><img loading=\"lazy\" decoding=\"async\" width=\"150\" height=\"150\" src=\"https:\/\/www.radiopiu.net\/wordpress\/wp-content\/uploads\/2022\/11\/312461556_669870064862920_7039706559730921897_n-150x150.jpg\" class=\"attachment-thumbnail size-thumbnail\" alt=\"\" \/><\/a>\n\t\t\t\t<\/dt><\/dl><dl class='gallery-item'>\n\t\t\t\t<dt class='gallery-icon landscape'>\n\t\t\t\t\t<a class=\"rollover rollover-zoom dt-pswp-item\" title=\"311466356_535575447998190_4944386365887667734_n\" data-dt-img-description=\"\" data-large_image_width=\"1267\" data-large_image_height=\"939\"href='https:\/\/www.radiopiu.net\/wordpress\/wp-content\/uploads\/2022\/11\/311466356_535575447998190_4944386365887667734_n.jpg'><img loading=\"lazy\" decoding=\"async\" width=\"150\" height=\"150\" src=\"https:\/\/www.radiopiu.net\/wordpress\/wp-content\/uploads\/2022\/11\/311466356_535575447998190_4944386365887667734_n-150x150.jpg\" class=\"attachment-thumbnail size-thumbnail\" alt=\"\" \/><\/a>\n\t\t\t\t<\/dt><\/dl><dl class='gallery-item'>\n\t\t\t\t<dt class='gallery-icon landscape'>\n\t\t\t\t\t<a class=\"rollover rollover-zoom dt-pswp-item\" title=\"312991223_1167044814181691_319790379391781508_n\" data-dt-img-description=\"\" data-large_image_width=\"1147\" data-large_image_height=\"690\"href='https:\/\/www.radiopiu.net\/wordpress\/wp-content\/uploads\/2022\/11\/312991223_1167044814181691_319790379391781508_n.jpg'><img loading=\"lazy\" decoding=\"async\" width=\"150\" height=\"150\" src=\"https:\/\/www.radiopiu.net\/wordpress\/wp-content\/uploads\/2022\/11\/312991223_1167044814181691_319790379391781508_n-150x150.jpg\" class=\"attachment-thumbnail size-thumbnail\" alt=\"\" \/><\/a>\n\t\t\t\t<\/dt><\/dl><dl class='gallery-item'>\n\t\t\t\t<dt class='gallery-icon landscape'>\n\t\t\t\t\t<a class=\"rollover rollover-zoom dt-pswp-item\" title=\"311883184_1111594339719235_3463943071228898026_n\" data-dt-img-description=\"\" data-large_image_width=\"964\" data-large_image_height=\"607\"href='https:\/\/www.radiopiu.net\/wordpress\/wp-content\/uploads\/2022\/11\/311883184_1111594339719235_3463943071228898026_n.jpg'><img loading=\"lazy\" decoding=\"async\" width=\"150\" height=\"150\" src=\"https:\/\/www.radiopiu.net\/wordpress\/wp-content\/uploads\/2022\/11\/311883184_1111594339719235_3463943071228898026_n-150x150.jpg\" class=\"attachment-thumbnail size-thumbnail\" alt=\"\" \/><\/a>\n\t\t\t\t<\/dt><\/dl><dl class='gallery-item'>\n\t\t\t\t<dt class='gallery-icon portrait'>\n\t\t\t\t\t<a class=\"rollover rollover-zoom dt-pswp-item\" title=\"312011910_6028583167165990_3698867540146053032_n\" data-dt-img-description=\"\" data-large_image_width=\"1130\" data-large_image_height=\"1329\"href='https:\/\/www.radiopiu.net\/wordpress\/wp-content\/uploads\/2022\/11\/312011910_6028583167165990_3698867540146053032_n.jpg'><img loading=\"lazy\" decoding=\"async\" width=\"150\" height=\"150\" src=\"https:\/\/www.radiopiu.net\/wordpress\/wp-content\/uploads\/2022\/11\/312011910_6028583167165990_3698867540146053032_n-150x150.jpg\" class=\"attachment-thumbnail size-thumbnail\" alt=\"\" \/><\/a>\n\t\t\t\t<\/dt><\/dl><dl class='gallery-item'>\n\t\t\t\t<dt class='gallery-icon landscape'>\n\t\t\t\t\t<a class=\"rollover rollover-zoom dt-pswp-item\" title=\"312078987_839584460568898_412180803699559518_n\" data-dt-img-description=\"\" data-large_image_width=\"1474\" data-large_image_height=\"823\"href='https:\/\/www.radiopiu.net\/wordpress\/wp-content\/uploads\/2022\/11\/312078987_839584460568898_412180803699559518_n.jpg'><img loading=\"lazy\" decoding=\"async\" width=\"150\" height=\"150\" src=\"https:\/\/www.radiopiu.net\/wordpress\/wp-content\/uploads\/2022\/11\/312078987_839584460568898_412180803699559518_n-150x150.jpg\" class=\"attachment-thumbnail size-thumbnail\" alt=\"\" \/><\/a>\n\t\t\t\t<\/dt><\/dl><dl class='gallery-item'>\n\t\t\t\t<dt class='gallery-icon landscape'>\n\t\t\t\t\t<a class=\"rollover rollover-zoom dt-pswp-item\" title=\"312443589_825029938832886_5744500369598232006_n\" data-dt-img-description=\"\" data-large_image_width=\"1578\" data-large_image_height=\"1100\"href='https:\/\/www.radiopiu.net\/wordpress\/wp-content\/uploads\/2022\/11\/312443589_825029938832886_5744500369598232006_n.jpg'><img loading=\"lazy\" decoding=\"async\" width=\"150\" height=\"150\" src=\"https:\/\/www.radiopiu.net\/wordpress\/wp-content\/uploads\/2022\/11\/312443589_825029938832886_5744500369598232006_n-150x150.jpg\" class=\"attachment-thumbnail size-thumbnail\" alt=\"\" \/><\/a>\n\t\t\t\t<\/dt><\/dl><br style=\"clear: both\" \/><dl class='gallery-item'>\n\t\t\t\t<dt class='gallery-icon landscape'>\n\t\t\t\t\t<a class=\"rollover rollover-zoom dt-pswp-item\" title=\"312703818_448714650716407_7419216322415976876_n\" data-dt-img-description=\"\" data-large_image_width=\"1536\" data-large_image_height=\"893\"href='https:\/\/www.radiopiu.net\/wordpress\/wp-content\/uploads\/2022\/11\/312703818_448714650716407_7419216322415976876_n.jpg'><img loading=\"lazy\" decoding=\"async\" width=\"150\" height=\"150\" src=\"https:\/\/www.radiopiu.net\/wordpress\/wp-content\/uploads\/2022\/11\/312703818_448714650716407_7419216322415976876_n-150x150.jpg\" class=\"attachment-thumbnail size-thumbnail\" alt=\"\" \/><\/a>\n\t\t\t\t<\/dt><\/dl><dl class='gallery-item'>\n\t\t\t\t<dt class='gallery-icon portrait'>\n\t\t\t\t\t<a class=\"rollover rollover-zoom dt-pswp-item\" title=\"312899447_668661107990671_5180960808913829564_n\" data-dt-img-description=\"\" data-large_image_width=\"777\" data-large_image_height=\"1142\"href='https:\/\/www.radiopiu.net\/wordpress\/wp-content\/uploads\/2022\/11\/312899447_668661107990671_5180960808913829564_n.jpg'><img loading=\"lazy\" decoding=\"async\" width=\"150\" height=\"150\" src=\"https:\/\/www.radiopiu.net\/wordpress\/wp-content\/uploads\/2022\/11\/312899447_668661107990671_5180960808913829564_n-150x150.jpg\" class=\"attachment-thumbnail size-thumbnail\" alt=\"\" \/><\/a>\n\t\t\t\t<\/dt><\/dl><dl class='gallery-item'>\n\t\t\t\t<dt class='gallery-icon portrait'>\n\t\t\t\t\t<a class=\"rollover rollover-zoom dt-pswp-item\" title=\"312906626_1176962919898915_8715230632841218815_n\" data-dt-img-description=\"\" data-large_image_width=\"744\" data-large_image_height=\"1088\"href='https:\/\/www.radiopiu.net\/wordpress\/wp-content\/uploads\/2022\/11\/312906626_1176962919898915_8715230632841218815_n.jpg'><img loading=\"lazy\" decoding=\"async\" width=\"150\" height=\"150\" src=\"https:\/\/www.radiopiu.net\/wordpress\/wp-content\/uploads\/2022\/11\/312906626_1176962919898915_8715230632841218815_n-150x150.jpg\" class=\"attachment-thumbnail size-thumbnail\" alt=\"\" \/><\/a>\n\t\t\t\t<\/dt><\/dl><dl class='gallery-item'>\n\t\t\t\t<dt class='gallery-icon landscape'>\n\t\t\t\t\t<a class=\"rollover rollover-zoom dt-pswp-item\" title=\"313005865_1546053529181897_7372960218022517559_n\" data-dt-img-description=\"\" data-large_image_width=\"1469\" data-large_image_height=\"852\"href='https:\/\/www.radiopiu.net\/wordpress\/wp-content\/uploads\/2022\/11\/313005865_1546053529181897_7372960218022517559_n.jpg'><img loading=\"lazy\" decoding=\"async\" width=\"150\" height=\"150\" src=\"https:\/\/www.radiopiu.net\/wordpress\/wp-content\/uploads\/2022\/11\/313005865_1546053529181897_7372960218022517559_n-150x150.jpg\" class=\"attachment-thumbnail size-thumbnail\" alt=\"\" \/><\/a>\n\t\t\t\t<\/dt><\/dl><dl class='gallery-item'>\n\t\t\t\t<dt class='gallery-icon landscape'>\n\t\t\t\t\t<a class=\"rollover rollover-zoom dt-pswp-item\" title=\"313495894_875780576911254_3606573605608228395_n\" data-dt-img-description=\"\" data-large_image_width=\"1420\" data-large_image_height=\"786\"href='https:\/\/www.radiopiu.net\/wordpress\/wp-content\/uploads\/2022\/11\/313495894_875780576911254_3606573605608228395_n.jpg'><img loading=\"lazy\" decoding=\"async\" width=\"150\" height=\"150\" src=\"https:\/\/www.radiopiu.net\/wordpress\/wp-content\/uploads\/2022\/11\/313495894_875780576911254_3606573605608228395_n-150x150.jpg\" class=\"attachment-thumbnail size-thumbnail\" alt=\"\" \/><\/a>\n\t\t\t\t<\/dt><\/dl><dl class='gallery-item'>\n\t\t\t\t<dt class='gallery-icon landscape'>\n\t\t\t\t\t<a class=\"rollover rollover-zoom dt-pswp-item\" title=\"313935379_792050708534413_449998049400799959_n\" data-dt-img-description=\"\" data-large_image_width=\"1710\" data-large_image_height=\"918\"href='https:\/\/www.radiopiu.net\/wordpress\/wp-content\/uploads\/2022\/11\/313935379_792050708534413_449998049400799959_n.jpg'><img loading=\"lazy\" decoding=\"async\" width=\"150\" height=\"150\" src=\"https:\/\/www.radiopiu.net\/wordpress\/wp-content\/uploads\/2022\/11\/313935379_792050708534413_449998049400799959_n-150x150.jpg\" class=\"attachment-thumbnail size-thumbnail\" alt=\"\" \/><\/a>\n\t\t\t\t<\/dt><\/dl><dl class='gallery-item'>\n\t\t\t\t<dt class='gallery-icon landscape'>\n\t\t\t\t\t<a class=\"rollover rollover-zoom dt-pswp-item\" title=\"314842278_971590837130712_6293157162380775870_n\" data-dt-img-description=\"\" data-large_image_width=\"1466\" data-large_image_height=\"889\"href='https:\/\/www.radiopiu.net\/wordpress\/wp-content\/uploads\/2022\/11\/314842278_971590837130712_6293157162380775870_n.jpg'><img loading=\"lazy\" decoding=\"async\" width=\"150\" height=\"150\" src=\"https:\/\/www.radiopiu.net\/wordpress\/wp-content\/uploads\/2022\/11\/314842278_971590837130712_6293157162380775870_n-150x150.jpg\" class=\"attachment-thumbnail size-thumbnail\" alt=\"\" \/><\/a>\n\t\t\t\t<\/dt><\/dl><dl class='gallery-item'>\n\t\t\t\t<dt class='gallery-icon landscape'>\n\t\t\t\t\t<a class=\"rollover rollover-zoom dt-pswp-item\" title=\"311484384_1080020812706076_8559627032280166145_n\" data-dt-img-description=\"\" data-large_image_width=\"1466\" data-large_image_height=\"844\"href='https:\/\/www.radiopiu.net\/wordpress\/wp-content\/uploads\/2022\/11\/311484384_1080020812706076_8559627032280166145_n.jpg'><img loading=\"lazy\" decoding=\"async\" width=\"150\" height=\"150\" src=\"https:\/\/www.radiopiu.net\/wordpress\/wp-content\/uploads\/2022\/11\/311484384_1080020812706076_8559627032280166145_n-150x150.jpg\" class=\"attachment-thumbnail size-thumbnail\" alt=\"\" \/><\/a>\n\t\t\t\t<\/dt><\/dl>\n\t\t\t\t<br style='clear: both' \/>\n\t\t\t<\/div>\n\n<\/div>\n<\/div>\n<\/div>\n<\/div>\n<\/div>\n<div class=\"x1h91t0o xkh2ocl x78zum5 xdt5ytf x13a6bvl x193iq5w x1iyjqo2 xcrg951\" role=\"none\">\n<div class=\"x1r8uery x1iyjqo2\" role=\"none\"><\/div>\n<\/div>\n<\/div>\n<div class=\"x1h91t0o xkh2ocl x78zum5 xdt5ytf x13a6bvl x193iq5w x1c4vz4f xcrg951\" role=\"none\"><\/div>\n<p>&nbsp;<\/p>\n<p>&nbsp;<\/p>\n<hr \/>\n<p>&nbsp;<\/p>\n<blockquote>\n<h3>ARMIN CALLIGARO ALL&#8217;AUDIZIONE PER SAN REMO<\/h3>\n<\/blockquote>\n<p><a class=\"dt-pswp-item\" href=\"https:\/\/www.radiopiu.net\/wordpress\/wp-content\/uploads\/2022\/11\/Senza-nome-39.jpg\" data-dt-img-description=\"\" data-large_image_width=\"277\" data-large_image_height=\"249\"><img loading=\"lazy\" decoding=\"async\" class=\"alignleft\" src=\"https:\/\/www.radiopiu.net\/wordpress\/wp-content\/uploads\/2022\/11\/312854255_5845674522151139_7092532705810696180_n.jpg\" width=\"310\" height=\"207\" \/><\/a>Un cadorino, di Pieve di Cadore, sta vivendo il suo sogno ad areasanremo, eccolo alla tanto desiderata audizione. In bocca al Lupo Armin, questo \u00e8 gi\u00e0 un traguardo volante di quelli importanti<\/p>\n<p><em>Sono iniziate le audizioni al Palafiori di Sanremo a porte chiuse davanti alla Commissione di Valutazione nominata dal Direttore Artistico Amadeus. Una lunga giornata che si \u00e8 conclusa quasi a mezzanotte. Sul palco del Palafiori musica, parole, storie ed emozioni.\u00a0 549 i giovani artisti (singolo, duo o gruppo) provenienti da tutta Italia di et\u00e0 compresa tra i 16 anni compiuti e i 30 non ancora compiuti al 1\u00b0 gennaio 2023 che si sono esibiti davanti a Lavinia Iannarilli, Paolo Biamonte e Sergio Rubino.\u00a0<\/em><\/p>\n<div class=\"x11i5rnm xat24cr x1mh8g0r x1vvkbs xtlvy1s x126k92a\">\n<blockquote>\n<div dir=\"auto\"><em>Il calendario delle audizioni \u00e8 in costante aggiornamento sul sito ufficiale <a class=\"x1i10hfl xjbqb8w x6umtig x1b1mbwd xaqea5y xav7gou x9f619 x1ypdohk xt0psk2 xe8uvvx xdj266r x11i5rnm xat24cr x1mh8g0r xexx8yu x4uap5 x18d9i69 xkhd6sd x16tdsg8 x1hl2dhg xggy1nq x1a2a7pz xt0b8zv x1fey0fg\" tabindex=\"0\" role=\"link\" href=\"https:\/\/l.facebook.com\/l.php?u=http%3A%2F%2Fwww.area-sanremo.it%2F%3Ffbclid%3DIwAR0fKbkgUPH947RX5XEFHtktZRrA6B6HNut2dMvEWYdnFvcV-5QEPkNu6mc&amp;h=AT2O0yhQp1ZyoprsEnrAdkN03gwx-JG1OyjfxuwM2PpnWlYMmIt2tVE_RCWu3bjRICyw4HP8ChEcso5-VGlcGC1e_F1UJga6G_9q7OBjGTHcaPF00R50veLeMqbvxe_w0Q&amp;__tn__=-UK-R&amp;c[0]=AT0PdLp1ppixfxalV5lg6wZQ4j-Yowd7D30raBhjejKlIm_f-wmIQifruxq2yrA5JMqI1MdAS6MmTGBe0Tkg9zVAD6TyH6sTdLDHLGerWQzjc-mwYUsqYmzI6kLxIXDy7nAU1RoDaEwaOhDYrqTuGjvZSZHZBQ\" target=\"_blank\" rel=\"nofollow noopener\">www.area-sanremo.it<\/a><\/em><\/div>\n<\/blockquote>\n<\/div>\n<div dir=\"auto\"><\/div>\n<div dir=\"auto\"><strong>\u00a0ARMIN CALLIGARO, OGGI ALLA RADIO\u00a0<\/strong><\/div>\n<div dir=\"auto\">\n<audio class=\"wp-audio-shortcode\" id=\"audio-305069-10\" preload=\"none\" style=\"width: 100%;\" controls=\"controls\"><source type=\"audio\/mpeg\" src=\"https:\/\/www.radiopiu.net\/wordpress\/wp-content\/uploads\/2022\/11\/ARMIN.mp3?_=10\" \/><a href=\"https:\/\/www.radiopiu.net\/wordpress\/wp-content\/uploads\/2022\/11\/ARMIN.mp3\">https:\/\/www.radiopiu.net\/wordpress\/wp-content\/uploads\/2022\/11\/ARMIN.mp3<\/a><\/audio>\n<\/div>\n<div dir=\"auto\"><\/div>\n<div dir=\"auto\"><\/div>\n<div dir=\"auto\"><\/div>\n<p>&nbsp;<\/p>\n<p>&nbsp;<\/p>\n<hr \/>\n<p>&nbsp;<\/p>\n<blockquote>\n<h3>L&#8217;ASSEMBLEA GENERALE DI BIM PIAVE<\/h3>\n<\/blockquote>\n<p><strong>BELLUNO<\/strong> E&#8217; stata convocata per domani alle 15 l&#8217;assemblea generale di Bim Piave presso la sala convegni ANA di Belluno. Tra i punti all&#8217;ordine del giorno la terza variazione a bilancio, l&#8217;approvazione consolidata del bilancio 2021 e l&#8217;approvazione Regolamento per l\u2019assegnazione di contributi a valere sul fondo per il lavoro a sostegno delle attivit\u00e0 di Comuni e Unioni Montane<\/p>\n<p>&nbsp;<\/p>\n<p>&nbsp;<\/p>\n<hr \/>\n<p>&nbsp;<\/p>\n<blockquote>\n<h3>A CENCENIGHE, NOF FILO&#8217; INCONTRI CON PETTIROSSO AGORDINO<\/h3>\n<\/blockquote>\n<p><strong>CENCENIGHE<\/strong> Ultimi due incontri con Pettirosso Agordino al Nof Fil\u00f2 di Cencenighe. Oggi l&#8217;argomento trattato da Cristina Balest (educatrice) e Letizia Collazuol (coordinatrice dell&#8217;equipe Sersa) sar\u00e0 &#8220;La gestione della persona con demenza in struttura&#8221;. Conclusione il 16 novembre con &#8220;L&#8217;impegno a tempo pieno di chi assiste la persona con demenza&#8221; in cui Erica Calvi (psicologa di Sersa) evidenzier\u00e0 la fatica invisibile di chi si prende cura di una persona malata.<\/p>\n<p>&nbsp;<\/p>\n<p>&nbsp;<\/p>\n<hr \/>\n<p>&nbsp;<\/p>\n<blockquote>\n<h3>I BAMBINI PER I BAMBINI, IL CONCERTO ORGANIZZATO DA UNICEF<\/h3>\n<\/blockquote>\n<p><strong><a class=\"dt-pswp-item\" href=\"https:\/\/www.radiopiu.net\/wordpress\/wp-content\/uploads\/2022\/11\/UNICEF.png\" data-dt-img-description=\"\" data-large_image_width=\"1190\" data-large_image_height=\"704\"><img loading=\"lazy\" decoding=\"async\" class=\"wp-image-304756 alignleft\" src=\"https:\/\/www.radiopiu.net\/wordpress\/wp-content\/uploads\/2022\/11\/UNICEF-300x177.png\" alt=\"\" width=\"154\" height=\"91\" srcset=\"https:\/\/www.radiopiu.net\/wordpress\/wp-content\/uploads\/2022\/11\/UNICEF-300x177.png 300w, https:\/\/www.radiopiu.net\/wordpress\/wp-content\/uploads\/2022\/11\/UNICEF-1024x606.png 1024w, https:\/\/www.radiopiu.net\/wordpress\/wp-content\/uploads\/2022\/11\/UNICEF-768x454.png 768w, https:\/\/www.radiopiu.net\/wordpress\/wp-content\/uploads\/2022\/11\/UNICEF.png 1190w\" sizes=\"auto, (max-width: 154px) 100vw, 154px\" \/><\/a>BELLUNO <\/strong>Domani alle 18.30 al Teatro Comunale di Belluno Il Comitato provinciale di Unicef ha voluto organizzare, grazie alla preziosa\u00a0 collaborazione delle Insegnanti di musica del Liceo musicale Renier, dell\u2019I.C3 (Scuole Gabelli e Badilet) e Coro Arcobaleno di Limana, un concerto con un titolo molto significativo : \u201cI Bambini per i Bambini : note di Solidariet\u00e0\u201d. La data non \u00e8 casuale : infatti\u00a0 nel mese di novembre ricorre l\u2019anniversario della Convenzione dei diritti dell\u2019infanzia e della adolescenza, approvata dall\u2019ONU il 20 novembre 1989 e ratificata dall\u2019Italia nel 1991. In essa sono contenuti 54 articoli che spiegano quali sono i diritti fondamentali di ogni bambino.<\/p>\n<p>&nbsp;<\/p>\n<p>&nbsp;<\/p>\n<hr \/>\n<p>&nbsp;<\/p>\n<blockquote>\n<h3>LA SECONDA EDIZIONE DI MAGICOLERIA CON LA PROLOCO CASTIONESE<\/h3>\n<\/blockquote>\n<p><strong>BELLUNO\u00a0<\/strong> <span id=\"page3R_mcid5\" class=\"markedContent\"><span dir=\"ltr\" role=\"presentation\">Con<\/span> <span dir=\"ltr\" role=\"presentation\">grande entusiasmo<\/span><span dir=\"ltr\" role=\"presentation\">, dopo le restrizioni dovute al covid,<\/span> <span dir=\"ltr\" role=\"presentation\">la Pro Loco Pieve Castionese propone al <\/span><span dir=\"ltr\" role=\"presentation\">pubblico la seconda edizione della Magicoleria<\/span><span dir=\"ltr\" role=\"presentation\">. <\/span><\/span><span id=\"page3R_mcid6\" class=\"markedContent\"><span dir=\"ltr\" role=\"presentation\">Il<\/span> secondo appuntamento <span dir=\"ltr\" role=\"presentation\">al<\/span><span dir=\"ltr\" role=\"presentation\">le 18 al Teatro San<\/span> <span dir=\"ltr\" role=\"presentation\">Gaetano di <\/span><span dir=\"ltr\" role=\"presentation\">Castion. <\/span><\/span><span class=\"markedContent\"><span dir=\"ltr\" role=\"presentation\">D<\/span><span dir=\"ltr\" role=\"presentation\">omenica<\/span> <span dir=\"ltr\" role=\"presentation\">20 no<\/span><span dir=\"ltr\" role=\"presentation\">vembre <\/span><span dir=\"ltr\" role=\"presentation\">sar\u00e0 la volta di Paolo Rech<\/span><span dir=\"ltr\" role=\"presentation\">,<\/span> <span dir=\"ltr\" role=\"presentation\">pluripremiato<\/span> <span dir=\"ltr\" role=\"presentation\">artista<\/span><span dir=\"ltr\" role=\"presentation\">,<\/span> <span dir=\"ltr\" role=\"presentation\">che ha <\/span><span dir=\"ltr\" role=\"presentation\">gi<\/span><span dir=\"ltr\" role=\"presentation\">rato il mondo intero portando i<\/span><span dir=\"ltr\" role=\"presentation\">n scena<\/span> <span dir=\"ltr\" role=\"presentation\">i suoi burattini. Per prenotazioni e informazioni: cell. 3495872289<\/span><\/span><\/p>\n<p>&nbsp;<\/p>\n<p>&nbsp;<\/p>\n<hr \/>\n<p>&nbsp;<\/p>\n<blockquote>\n<h3>DUE MESSE CON LA CONFRATERNITA DELLA BEATA VERGINE DELLA SALUTE<\/h3>\n<\/blockquote>\n<p><strong>AGORDO<\/strong> Sono due gli appuntamenti con la Confraternita della Beata Vergine della salute. Domenica 20 novembre la Santa Messa nella chiesa arcidiaconale di Agordo alle 10:30, seguir\u00e0 il pranzo sociale al Ristorante Monte Civetta di Listolade. Il giorno dopo, 21 novembre, alla chiesetta di Toccol la messa alle 17:30.<\/p>\n<p>&nbsp;<\/p>\n<p>&nbsp;<\/p>\n<hr \/>\n<p>&nbsp;<\/p>\n<blockquote>\n<h3>IL CALENDARIO DEI VIGILI DEL FUOCO VOLONTARI DI CAPRILE<\/h3>\n<\/blockquote>\n<p><strong>ALLEGHE <\/strong>Anche quest&#8217;anno sar\u00e0 possibile acquistare il calendario dei Vigili del Fuoco Volontari di Caprile.\u00a0 Nei prossimi giorni saranno distribuiti in alcuni esercizi commerciali del territorio e potrete acquistarlo al prezzo di 10 euro. Il ricavato verr\u00e0 utilizzato unicamente per il mantenimento e l&#8217;acquisto di attrezzature per il soccorso necessarie a svolgere gli interventi. Nell&#8217;ultima parte del calendario \u00e8 presente un disegno da colorare per i piccoli sostenitori. Un piccolo gesto per sostenere i Vigili del Fuoco Volontari di Caprile.<\/p>\n<p>&nbsp;<\/p>\n<p>&nbsp;<\/p>\n<hr \/>\n<p>&nbsp;<\/p>\n<blockquote>\n<h3>AUTORI IN BIBLIOTECA A BORGO VALBELLUNA<\/h3>\n<\/blockquote>\n<p><strong><a class=\"dt-pswp-item\" href=\"https:\/\/www.radiopiu.net\/wordpress\/wp-content\/uploads\/2022\/11\/Autori-in-biblioteca-autunno-2022-Copertina-per-eventi-di-Facebook.jpg\" data-dt-img-description=\"\" data-large_image_width=\"1920\" data-large_image_height=\"1080\"><img loading=\"lazy\" decoding=\"async\" class=\" wp-image-304762 alignleft\" src=\"https:\/\/www.radiopiu.net\/wordpress\/wp-content\/uploads\/2022\/11\/Autori-in-biblioteca-autunno-2022-Copertina-per-eventi-di-Facebook-300x169.jpg\" alt=\"\" width=\"172\" height=\"97\" srcset=\"https:\/\/www.radiopiu.net\/wordpress\/wp-content\/uploads\/2022\/11\/Autori-in-biblioteca-autunno-2022-Copertina-per-eventi-di-Facebook-300x169.jpg 300w, https:\/\/www.radiopiu.net\/wordpress\/wp-content\/uploads\/2022\/11\/Autori-in-biblioteca-autunno-2022-Copertina-per-eventi-di-Facebook-1024x576.jpg 1024w, https:\/\/www.radiopiu.net\/wordpress\/wp-content\/uploads\/2022\/11\/Autori-in-biblioteca-autunno-2022-Copertina-per-eventi-di-Facebook-768x432.jpg 768w, https:\/\/www.radiopiu.net\/wordpress\/wp-content\/uploads\/2022\/11\/Autori-in-biblioteca-autunno-2022-Copertina-per-eventi-di-Facebook-1536x864.jpg 1536w, https:\/\/www.radiopiu.net\/wordpress\/wp-content\/uploads\/2022\/11\/Autori-in-biblioteca-autunno-2022-Copertina-per-eventi-di-Facebook.jpg 1920w\" sizes=\"auto, (max-width: 172px) 100vw, 172px\" \/><\/a>BORGO VALBELLUNA <\/strong>Le biblioteche di Borgo Valbelluna ospiteranno, tra novembre e dicembre, una serie di appuntamenti dedicati alla presentazione di libri di autori bellunesi. \u00abGli incontri, organizzati dall\u2019Amministrazione comunale, rientrano a pieno titolo tra gli obiettivi del settore culturale: in primis la promozione della lettura, come strumento di crescita individuale e sociale, ma anche l\u2019utilizzo degli spazi delle biblioteche per lo svolgimento di iniziative culturali, per\u00a0 far conoscere le biblioteche e i relativi servizi, e per promuovere le biblioteche come luoghi di conoscenza, socialit\u00e0 e aggregazione\u00bb commenta l\u2019Assessore alla cultura Monica Frapporti. La rassegna comincia venerd\u00ec, alle ore 18.30, in biblioteca di Trichiana, con Giovanni Trimeri e GianAntonio Cecchin, che, con il loro libro \u201c<em>I miracoli di Val Canzoi<\/em>\u201d, hanno voluto rendere omaggio a Dino Buzzati, per i 50 anni dalla prima edizione de \u201c<em>I miracoli di Val Morel<\/em>\u201d. Sar\u00e0 Lois Bernard a presentare questa edizione illustrata che affianca ad ogni testo un ex-voto per raccontare la storia della comunit\u00e0 di Val Canzoi, dove le vicende quotidiane si intrecciano con i grandi temi.<\/p>\n<p>&nbsp;<\/p>\n<p>&nbsp;<\/p>\n<hr \/>\n<p>&nbsp;<\/p>\n<blockquote>\n<h3><a class=\"dt-pswp-item\" href=\"https:\/\/www.radiopiu.net\/wordpress\/wp-content\/uploads\/2022\/11\/Unknown.png\" data-dt-img-description=\"\" data-large_image_width=\"1993\" data-large_image_height=\"1367\"><img loading=\"lazy\" decoding=\"async\" class=\" wp-image-304798 alignleft\" src=\"https:\/\/www.radiopiu.net\/wordpress\/wp-content\/uploads\/2022\/11\/Unknown-300x206.png\" alt=\"\" width=\"131\" height=\"90\" srcset=\"https:\/\/www.radiopiu.net\/wordpress\/wp-content\/uploads\/2022\/11\/Unknown-300x206.png 300w, https:\/\/www.radiopiu.net\/wordpress\/wp-content\/uploads\/2022\/11\/Unknown-1024x702.png 1024w, https:\/\/www.radiopiu.net\/wordpress\/wp-content\/uploads\/2022\/11\/Unknown-768x527.png 768w, https:\/\/www.radiopiu.net\/wordpress\/wp-content\/uploads\/2022\/11\/Unknown-1536x1054.png 1536w, https:\/\/www.radiopiu.net\/wordpress\/wp-content\/uploads\/2022\/11\/Unknown.png 1993w\" sizes=\"auto, (max-width: 131px) 100vw, 131px\" \/><\/a>I CIOCCOLATINI DELL&#8217;AIRC IN PIAZZA AD AGORDO<\/h3>\n<\/blockquote>\n<p><strong>AGORDO<\/strong> Sabato e domenica dalle 9:30 alle 12 in Piazza Libert\u00e0 ad Agordo i volontari dell&#8217;AIRC saranno presenti per la vendita dei &#8220;Cioccolatini della ricerca&#8221;, la raccolta fondi nazionale per la ricerca sul cancro.<\/p>\n<p>&nbsp;<\/p>\n<p>&nbsp;<\/p>\n<hr \/>\n<p>&nbsp;<\/p>\n<blockquote>\n<h3>UNA SERATA DI MUSICA SARDA A BELLUNO<\/h3>\n<\/blockquote>\n<p><strong>BELLUNO<\/strong> \u00c8 in programma per venerd\u00ec 18 novembre al Teatro Giovanni XXII di Belluno lo spettacolo di musica sarda &#8220;Terra mia &#8211; Cantende Ballende&#8221;. Inizio alle 20:45 con ingresso libero.<\/p>\n<p>&nbsp;<\/p>\n<p>&nbsp;<\/p>\n<hr \/>\n<p>&nbsp;<\/p>\n<h2><span style=\"color: #ff6600;\">IERI ALLA RADIO\u00a0\u00a0<\/span><\/h2>\n<h2><span style=\"color: #008080;\">&#8220;DINTORN E FORA VIA&#8221;\u00a0<\/span><span style=\"color: #008080;\"> IL PROGRAMMA\u00a0 <\/span><span style=\"color: #008080;\">A CURA DEL MUSLA\u00a0<\/span><\/h2>\n<p><a class=\"dt-pswp-item\" href=\"https:\/\/www.radiopiu.net\/wordpress\/wp-content\/uploads\/2022\/11\/c642b6e1-2475-4cc0-9139-491c69d62058.jpg\" data-dt-img-description=\"\" data-large_image_width=\"1124\" data-large_image_height=\"391\"><img loading=\"lazy\" decoding=\"async\" class=\"wp-image-305112 alignleft\" src=\"https:\/\/www.radiopiu.net\/wordpress\/wp-content\/uploads\/2022\/11\/c642b6e1-2475-4cc0-9139-491c69d62058-300x104.jpg\" alt=\"\" width=\"188\" height=\"65\" srcset=\"https:\/\/www.radiopiu.net\/wordpress\/wp-content\/uploads\/2022\/11\/c642b6e1-2475-4cc0-9139-491c69d62058-300x104.jpg 300w, https:\/\/www.radiopiu.net\/wordpress\/wp-content\/uploads\/2022\/11\/c642b6e1-2475-4cc0-9139-491c69d62058-1024x356.jpg 1024w, https:\/\/www.radiopiu.net\/wordpress\/wp-content\/uploads\/2022\/11\/c642b6e1-2475-4cc0-9139-491c69d62058-768x267.jpg 768w, https:\/\/www.radiopiu.net\/wordpress\/wp-content\/uploads\/2022\/11\/c642b6e1-2475-4cc0-9139-491c69d62058.jpg 1124w\" sizes=\"auto, (max-width: 188px) 100vw, 188px\" \/><\/a><\/p>\n<p><strong>PUNTATA DEL 08 NOVEMBRE &#8211; MICHELA DELL&#8217;OSBEL<\/strong><\/p>\n<audio class=\"wp-audio-shortcode\" id=\"audio-305069-11\" preload=\"none\" style=\"width: 100%;\" controls=\"controls\"><source type=\"audio\/mpeg\" src=\"https:\/\/www.radiopiu.net\/wordpress\/wp-content\/uploads\/2022\/11\/Pontada-Michi-8novembre2022.mp3?_=11\" \/><a href=\"https:\/\/www.radiopiu.net\/wordpress\/wp-content\/uploads\/2022\/11\/Pontada-Michi-8novembre2022.mp3\">https:\/\/www.radiopiu.net\/wordpress\/wp-content\/uploads\/2022\/11\/Pontada-Michi-8novembre2022.mp3<\/a><\/audio>\n<p>&nbsp;<\/p>\n<p>&nbsp;<\/p>\n<p>&nbsp;<\/p>\n<hr \/>\n<p>&nbsp;<\/p>\n<div>\n<div class=\"b654a4as d2edcug0\">\n<div class=\"rq0escxv hkbzh7o3 jwdofwj8 n8tt0mok r8blr3vg hyh9befq\">\n<p><a class=\"dt-pswp-item\" href=\"https:\/\/www.radiopiu.net\/wordpress\/wp-content\/uploads\/2020\/10\/pp.jpg\" data-dt-img-description=\"\" data-large_image_width=\"640\" data-large_image_height=\"640\"><img loading=\"lazy\" decoding=\"async\" class=\"wp-image-163678 alignleft\" src=\"https:\/\/www.radiopiu.net\/wordpress\/wp-content\/uploads\/2020\/10\/pp-300x300.jpg\" alt=\"\" width=\"106\" height=\"106\" srcset=\"https:\/\/www.radiopiu.net\/wordpress\/wp-content\/uploads\/2020\/10\/pp-300x300.jpg 300w, https:\/\/www.radiopiu.net\/wordpress\/wp-content\/uploads\/2020\/10\/pp-150x150.jpg 150w, https:\/\/www.radiopiu.net\/wordpress\/wp-content\/uploads\/2020\/10\/pp-125x125.jpg 125w, https:\/\/www.radiopiu.net\/wordpress\/wp-content\/uploads\/2020\/10\/pp-200x200.jpg 200w, https:\/\/www.radiopiu.net\/wordpress\/wp-content\/uploads\/2020\/10\/pp-80x80.jpg 80w, https:\/\/www.radiopiu.net\/wordpress\/wp-content\/uploads\/2020\/10\/pp-480x480.jpg 480w, https:\/\/www.radiopiu.net\/wordpress\/wp-content\/uploads\/2020\/10\/pp.jpg 640w\" sizes=\"auto, (max-width: 106px) 100vw, 106px\" \/><\/a><\/p>\n<\/div>\n<\/div>\n<\/div>\n<div>\n<div class=\"page-title-head hgroup\">\n<div class=\"page-title-head hgroup\">\n<div class=\"b654a4as d2edcug0\">\n<div class=\"j83agx80 btwxx1t3 lhclo0ds hop8lmos nkwizq5d scwd0bx6 roh60bw9\">\n<div class=\"rq0escxv hkbzh7o3 jwdofwj8 n8tt0mok r8blr3vg hyh9befq\">\n<div class=\"do00u71z l9j0dhe7 k4urcfbm\">\n<h2><span style=\"color: #000080;\">DON CESARE, IL PENSIERO DEL GIORNO. ALLA RADIO ALLE 7 DEL MATTINO E ALLE 19.30 DELLA SERA<\/span><\/h2>\n<\/div>\n<\/div>\n<\/div>\n<\/div>\n<\/div>\n<\/div>\n<\/div>\n<audio class=\"wp-audio-shortcode\" id=\"audio-305069-12\" preload=\"none\" style=\"width: 100%;\" controls=\"controls\"><source type=\"audio\/mpeg\" src=\"https:\/\/www.radiopiu.net\/wordpress\/wp-content\/uploads\/2022\/11\/CESARE-5.mp3?_=12\" \/><a href=\"https:\/\/www.radiopiu.net\/wordpress\/wp-content\/uploads\/2022\/11\/CESARE-5.mp3\">https:\/\/www.radiopiu.net\/wordpress\/wp-content\/uploads\/2022\/11\/CESARE-5.mp3<\/a><\/audio>\n<p>&nbsp;<\/p>\n<hr \/>\n<p>&nbsp;<\/p>\n<h2><span style=\"color: #339966;\">COLLAGE OPERAZIONE NOSTALGIA<\/span><\/h2>\n<p><a class=\"dt-pswp-item\" href=\"https:\/\/www.radiopiu.net\/wordpress\/wp-content\/uploads\/2022\/11\/Bowie-scaled.jpg\" data-dt-img-description=\"\" data-large_image_width=\"2560\" data-large_image_height=\"1920\"><img loading=\"lazy\" decoding=\"async\" class=\" wp-image-304812 alignleft\" src=\"https:\/\/www.radiopiu.net\/wordpress\/wp-content\/uploads\/2022\/11\/Bowie-300x225.jpg\" alt=\"\" width=\"141\" height=\"106\" srcset=\"https:\/\/www.radiopiu.net\/wordpress\/wp-content\/uploads\/2022\/11\/Bowie-300x225.jpg 300w, https:\/\/www.radiopiu.net\/wordpress\/wp-content\/uploads\/2022\/11\/Bowie-1024x768.jpg 1024w, https:\/\/www.radiopiu.net\/wordpress\/wp-content\/uploads\/2022\/11\/Bowie-768x576.jpg 768w, https:\/\/www.radiopiu.net\/wordpress\/wp-content\/uploads\/2022\/11\/Bowie-1536x1152.jpg 1536w, https:\/\/www.radiopiu.net\/wordpress\/wp-content\/uploads\/2022\/11\/Bowie-2048x1536.jpg 2048w\" sizes=\"auto, (max-width: 141px) 100vw, 141px\" \/><\/a>La nuova settimana di Collage si aprir\u00e0 all\u2019insegna della musica italiana degli anni 60 con un interprete particolare ovvero David Bowie che ci regaler\u00e0 la sua versione di \u201cRagazzo solo, ragazza sola\u201d cover di \u201cSpace oddity\u201d. La programmazione proseguir\u00e0 nella consueta alternanza di brani internazionali ed italiani con una puntata dedicata alle voci femminili straniere e la presenza per la prima volta in scaletta di artisti come Teresa De Sio, Franco Califano, Mimmo Locasciulli e Sergio Caputo. Collage va in onda dal luned\u00ec al venerd\u00ec alle 16,00 e alle 23,00 naturalmente su Radio Pi\u00f9.<\/p>\n<p>&nbsp;<\/p>\n<p><strong>LA PUNTATA DEL LUNEDI, 656<\/strong><\/p>\n<audio class=\"wp-audio-shortcode\" id=\"audio-305069-13\" preload=\"none\" style=\"width: 100%;\" controls=\"controls\"><source type=\"audio\/mpeg\" src=\"https:\/\/www.radiopiu.net\/wordpress\/wp-content\/uploads\/2022\/11\/Collage-656.mp3?_=13\" \/><a href=\"https:\/\/www.radiopiu.net\/wordpress\/wp-content\/uploads\/2022\/11\/Collage-656.mp3\">https:\/\/www.radiopiu.net\/wordpress\/wp-content\/uploads\/2022\/11\/Collage-656.mp3<\/a><\/audio>\n<p>&nbsp;<\/p>\n<p><strong>LA PUNTATA DEL MARTEDI, 657<\/strong><\/p>\n<audio class=\"wp-audio-shortcode\" id=\"audio-305069-14\" preload=\"none\" style=\"width: 100%;\" controls=\"controls\"><source type=\"audio\/mpeg\" src=\"https:\/\/www.radiopiu.net\/wordpress\/wp-content\/uploads\/2022\/11\/Collage-657.mp3?_=14\" \/><a href=\"https:\/\/www.radiopiu.net\/wordpress\/wp-content\/uploads\/2022\/11\/Collage-657.mp3\">https:\/\/www.radiopiu.net\/wordpress\/wp-content\/uploads\/2022\/11\/Collage-657.mp3<\/a><\/audio>\n<p>&nbsp;<\/p>\n<hr \/>\n<p>&nbsp;<\/p>\n<h2><span style=\"color: #3366ff;\">LA RASSEGNA STAMPA DA L&#8217;AMICO DEL POPOLO<\/span><\/h2>\n<p><strong><a class=\"dt-pswp-item\" href=\"https:\/\/www.radiopiu.net\/wordpress\/wp-content\/uploads\/2019\/03\/IC-FELTRE-Ambiente-Foen-2.jpg\" data-dt-img-description=\"\" data-large_image_width=\"1600\" data-large_image_height=\"1200\"><img loading=\"lazy\" decoding=\"async\" class=\" wp-image-79992 alignleft\" src=\"https:\/\/www.radiopiu.net\/wordpress\/wp-content\/uploads\/2019\/03\/IC-FELTRE-Ambiente-Foen-2-300x225.jpg\" alt=\"\" width=\"197\" height=\"148\" srcset=\"https:\/\/www.radiopiu.net\/wordpress\/wp-content\/uploads\/2019\/03\/IC-FELTRE-Ambiente-Foen-2-300x225.jpg 300w, https:\/\/www.radiopiu.net\/wordpress\/wp-content\/uploads\/2019\/03\/IC-FELTRE-Ambiente-Foen-2-768x576.jpg 768w, https:\/\/www.radiopiu.net\/wordpress\/wp-content\/uploads\/2019\/03\/IC-FELTRE-Ambiente-Foen-2-1024x768.jpg 1024w, https:\/\/www.radiopiu.net\/wordpress\/wp-content\/uploads\/2019\/03\/IC-FELTRE-Ambiente-Foen-2.jpg 1600w\" sizes=\"auto, (max-width: 197px) 100vw, 197px\" \/><\/a>di Gianni Santomaso<\/strong><\/p>\n<p>OSPITE: Daniele Giaffredo<\/p>\n<audio class=\"wp-audio-shortcode\" id=\"audio-305069-15\" preload=\"none\" style=\"width: 100%;\" controls=\"controls\"><source type=\"audio\/mpeg\" src=\"https:\/\/www.radiopiu.net\/wordpress\/wp-content\/uploads\/2022\/11\/RASSEGNA-GIANNI.mp3?_=15\" \/><a href=\"https:\/\/www.radiopiu.net\/wordpress\/wp-content\/uploads\/2022\/11\/RASSEGNA-GIANNI.mp3\">https:\/\/www.radiopiu.net\/wordpress\/wp-content\/uploads\/2022\/11\/RASSEGNA-GIANNI.mp3<\/a><\/audio>\n<p>&nbsp;<\/p>\n<p>&nbsp;<\/p>\n<hr \/>\n<p>&nbsp;<\/p>\n<p><img loading=\"lazy\" decoding=\"async\" class=\"aligncenter wp-image-61954 size-full\" src=\"https:\/\/www.radiopiu.net\/wordpress\/wp-content\/uploads\/2018\/09\/viabilita.jpeg\" sizes=\"auto, (max-width: 800px) 100vw, 800px\" srcset=\"https:\/\/www.radiopiu.net\/wordpress\/wp-content\/uploads\/2018\/09\/viabilita.jpeg 800w, https:\/\/www.radiopiu.net\/wordpress\/wp-content\/uploads\/2018\/09\/viabilita-300x38.jpeg 300w, https:\/\/www.radiopiu.net\/wordpress\/wp-content\/uploads\/2018\/09\/viabilita-768x96.jpeg 768w\" alt=\"\" width=\"800\" height=\"100\" \/><\/p>\n<p>&nbsp;<\/p>\n<p>&nbsp;<\/p>\n<p><strong>AGGIORNAMENTO VENETO STRADE, AGGIORNAMENTO CONTINUO H 24<\/strong><\/p>\n<blockquote class=\"wp-embedded-content\" data-secret=\"sFWOZcZHfR\"><p><a href=\"https:\/\/www.radiopiu.net\/wordpress\/viabilita\/\">viabilita<\/a><\/p><\/blockquote>\n<p><iframe loading=\"lazy\" class=\"wp-embedded-content\" sandbox=\"allow-scripts\" security=\"restricted\" style=\"position: absolute; clip: rect(1px, 1px, 1px, 1px);\" title=\"&#8220;viabilita&#8221; &#8212; Radio Pi\u00f9\" src=\"https:\/\/www.radiopiu.net\/wordpress\/viabilita\/embed\/#?secret=nluOmYbRa6#?secret=sFWOZcZHfR\" data-secret=\"sFWOZcZHfR\" width=\"600\" height=\"338\" frameborder=\"0\" marginwidth=\"0\" marginheight=\"0\" scrolling=\"no\"><\/iframe><\/p>\n<p>&nbsp;<\/p>\n<p>&nbsp;<\/p>\n<hr \/>\n<p>&nbsp;<\/p>\n<p><a class=\"dt-pswp-item\" href=\"https:\/\/www.radiopiu.net\/wordpress\/wp-content\/uploads\/2018\/09\/WhatsApp-Image-2018-09-20-at-16.04.06.jpeg\" data-dt-img-description=\"\" data-large_image_width=\"800\" data-large_image_height=\"100\"><img loading=\"lazy\" decoding=\"async\" class=\"wp-image-61378 size-full aligncenter\" src=\"https:\/\/www.radiopiu.net\/wordpress\/wp-content\/uploads\/2018\/09\/WhatsApp-Image-2018-09-20-at-16.04.06.jpeg\" alt=\"\" width=\"800\" height=\"100\" srcset=\"https:\/\/www.radiopiu.net\/wordpress\/wp-content\/uploads\/2018\/09\/WhatsApp-Image-2018-09-20-at-16.04.06.jpeg 800w, https:\/\/www.radiopiu.net\/wordpress\/wp-content\/uploads\/2018\/09\/WhatsApp-Image-2018-09-20-at-16.04.06-300x38.jpeg 300w, https:\/\/www.radiopiu.net\/wordpress\/wp-content\/uploads\/2018\/09\/WhatsApp-Image-2018-09-20-at-16.04.06-768x96.jpeg 768w\" sizes=\"auto, (max-width: 800px) 100vw, 800px\" \/><\/a><\/p>\n<p>&nbsp;<\/p>\n<p><center><b>Mercoledi 9<\/b><\/center><b>Tempo atteso: <\/b>Al mattino tratti soleggiati su Dolomiti con nubi alte, su Prealpi nubi basse specie sui settori occidentali. Dal pomeriggio graduale aumento della nuvolosit\u00e0 ovunque fino a cielo molto nuvoloso in serata.<br \/>\n<b>Precipitazioni: <\/b>Tra notte e primo mattino non esclusa pioviggine su Prealpi occidentali (0-20%); dalla sera primi deboli piogge sparse a partire da Prealpi occidentali (60-80 %) in estensione a Dolomiti nella notte con eventuale limite neve a 2300-2500 m.<br \/>\n<b>Temperature: <\/b>Temperature minime in aumento nei settori interessati da nubi basse, altrove pressoch\u00e8 stazionarie, massime pressoch\u00e8 stazionarie o in lieve calo.<\/p>\n<hr \/>\n<p><center><b>Giovedi 10<\/b><\/center><b>Tempo atteso: <\/b>Tempo lievemente perturbato tra la notte ed il primo mattino con deboli precipitazioni, nevose oltre i 2000-2400 m. Da met\u00e0 mattinata prime schiarite a partire da Prealpi occidentali in rapida estensione alle Dolomiti fino poco nuvoloso ovunque nel pomeriggio.<br \/>\n<b>Precipitazioni: <\/b>Tra notte e fino al primo mattino deboli diffuse (70-90 %), in esaurimento a partire da Prealpi occidentali e a seguire su Dolomiti. Da met\u00e0 mattinata assenti ovunque. Limite deboli nevicate in calo su Dolomiti settentrionali fin sui 2000-2200 m, altrove a 2200-2500 m. Ad oggi gli accumuli previsti risultano modesti, al pi\u00f9 10 mm con altrettanti cm di neve oltre i 2400\/2600 m.<br \/>\n<b>Temperature: <\/b>Temperature minime stazionarie o in lieve aumento, massime generalmente stazionarie.<\/p>\n<hr \/>\n<p><center><b>Venerdi 11<\/b><\/center>Parzialmente soleggiato per sottili velature a tratti anche estese e qualche addensamento su prealpi verso sera. Temperature minime in calo, massime in generale lieve aumento. In alta quota calo termico dalla sera.<\/p>\n<hr \/>\n<p><center><b>Sabato 12<\/b><\/center>Parzialmente soleggiato per la presenza di nubi alte a tratti estese specie nel pomeriggio. Verso sera possibile generale aumento della nuvolosit\u00e0 specie su Prealpi dove non \u00e8 del tutto escluso qualche debolissimo fenomeno. Temperature in generale calo specie in quota.<\/p>\n<p>&nbsp;<\/p>\n<hr \/>\n<p>&nbsp;<\/p>\n<p><a class=\"dt-pswp-item\" href=\"https:\/\/www.radiopiu.net\/wordpress\/wp-content\/uploads\/2018\/09\/sport.jpg\" data-dt-img-description=\"\" data-large_image_width=\"800\" data-large_image_height=\"100\"><img loading=\"lazy\" decoding=\"async\" class=\"aligncenter wp-image-60761 size-full\" src=\"https:\/\/www.radiopiu.net\/wordpress\/wp-content\/uploads\/2018\/09\/sport.jpg\" alt=\"\" width=\"800\" height=\"100\" srcset=\"https:\/\/www.radiopiu.net\/wordpress\/wp-content\/uploads\/2018\/09\/sport.jpg 800w, https:\/\/www.radiopiu.net\/wordpress\/wp-content\/uploads\/2018\/09\/sport-300x38.jpg 300w, https:\/\/www.radiopiu.net\/wordpress\/wp-content\/uploads\/2018\/09\/sport-768x96.jpg 768w\" sizes=\"auto, (max-width: 800px) 100vw, 800px\" \/><\/a><\/p>\n<p>&nbsp;<\/p>\n<p><span style=\"color: #0000ff;\"><strong>CALCIO<\/strong><\/span><\/p>\n<blockquote>\n<h3>SETTE PUNTI IN SETTE PARTITE, IL CAMMINO DEL LE VILLE NEL CAMPIONATO CSI OPEN<\/h3>\n<\/blockquote>\n<p><strong><a class=\"dt-pswp-item\" href=\"https:\/\/www.radiopiu.net\/wordpress\/wp-content\/uploads\/2020\/09\/US-LE-VILLE.jpg\" data-dt-img-description=\"\" data-large_image_width=\"585\" data-large_image_height=\"576\"><img loading=\"lazy\" decoding=\"async\" class=\" wp-image-163077 alignleft\" src=\"https:\/\/www.radiopiu.net\/wordpress\/wp-content\/uploads\/2020\/09\/US-LE-VILLE-300x295.jpg\" alt=\"\" width=\"161\" height=\"158\" srcset=\"https:\/\/www.radiopiu.net\/wordpress\/wp-content\/uploads\/2020\/09\/US-LE-VILLE-300x295.jpg 300w, https:\/\/www.radiopiu.net\/wordpress\/wp-content\/uploads\/2020\/09\/US-LE-VILLE-80x80.jpg 80w, https:\/\/www.radiopiu.net\/wordpress\/wp-content\/uploads\/2020\/09\/US-LE-VILLE-488x480.jpg 488w, https:\/\/www.radiopiu.net\/wordpress\/wp-content\/uploads\/2020\/09\/US-LE-VILLE.jpg 585w\" sizes=\"auto, (max-width: 161px) 100vw, 161px\" \/><\/a>REDAZIONE<\/strong> Sette punti in sette partite giocate, due vittorie e un pareggio per il Le Ville nel campionato CSI Open. La squadra alla guida di Romano Costantini non \u00e8 stata fortunata nelle prime partite della stagione. Nonostante le belle prestazioni i punti che meritava non sono arrivati. Solo nella partita di sabato scorso la formazione agordina ha fatto vedere di che pasta \u00e8 fatta vincendo per 4 a 1 contro l&#8217;Arsi\u00e8. Ora la squadra di Agordo \u00e8 in terzultima posizione in classifica e mancano solo due giornate alla fine del girone di andata. Sabato prossimo il Le Ville rispetter\u00e0 il turno di riposo e ritorner\u00e0 in campo il 19 novembre per affrontare il Team Stramal.<\/p>\n<p><strong>SAMUELE MEZZACASA, GIOCATORE DEL LE VILLE<\/strong><\/p>\n<audio class=\"wp-audio-shortcode\" id=\"audio-305069-16\" preload=\"none\" style=\"width: 100%;\" controls=\"controls\"><source type=\"audio\/mpeg\" src=\"https:\/\/www.radiopiu.net\/wordpress\/wp-content\/uploads\/2022\/11\/SAMUELE-MEZZACASA-BIANCO.mp3?_=16\" \/><a href=\"https:\/\/www.radiopiu.net\/wordpress\/wp-content\/uploads\/2022\/11\/SAMUELE-MEZZACASA-BIANCO.mp3\">https:\/\/www.radiopiu.net\/wordpress\/wp-content\/uploads\/2022\/11\/SAMUELE-MEZZACASA-BIANCO.mp3<\/a><\/audio>\n<p>&nbsp;<\/p>\n<p>&nbsp;<\/p>\n<blockquote>\n<h3><strong><a class=\"dt-pswp-item\" href=\"https:\/\/www.radiopiu.net\/wordpress\/wp-content\/uploads\/2022\/11\/torneo-angeli-2022.png\" data-dt-img-description=\"\" data-large_image_width=\"1094\" data-large_image_height=\"596\"><img loading=\"lazy\" decoding=\"async\" class=\" wp-image-305197 alignleft\" src=\"https:\/\/www.radiopiu.net\/wordpress\/wp-content\/uploads\/2022\/11\/torneo-angeli-2022-300x163.png\" alt=\"\" width=\"250\" height=\"136\" srcset=\"https:\/\/www.radiopiu.net\/wordpress\/wp-content\/uploads\/2022\/11\/torneo-angeli-2022-300x163.png 300w, https:\/\/www.radiopiu.net\/wordpress\/wp-content\/uploads\/2022\/11\/torneo-angeli-2022-1024x558.png 1024w, https:\/\/www.radiopiu.net\/wordpress\/wp-content\/uploads\/2022\/11\/torneo-angeli-2022-768x418.png 768w, https:\/\/www.radiopiu.net\/wordpress\/wp-content\/uploads\/2022\/11\/torneo-angeli-2022.png 1094w\" sizes=\"auto, (max-width: 250px) 100vw, 250px\" \/><\/a>AL VIA LE ISCRIZIONI PER IL TORNEO DEGLI ANGELI 2022<\/strong><\/h3>\n<\/blockquote>\n<p><strong>AGORDO\u00a0<\/strong>L&#8217;U.S. Le Ville organizza la 15\u00aa edizione del Torneo Degli Angeli in memoria di Thierry Brancaleone e Denis Benvegnu&#8217;. La societ\u00e0 di Agordo ha aperto le iscrizioni per l&#8217;edizione 2022 che si terr\u00e0 al PalaRova di Agordo dal 3 al 18 dicembre. In base alle iscrizioni delle squadre si compongono i gironi che potranno essere di 4 squadre in caso di 8 iscrizioni o di 3 formazioni in caso di 9 iscrizioni. Per informazioni ed iscrizioni al torneo contattare il 339 7202864 oppure 320 8452373<\/p>\n<p>&nbsp;<\/p>\n<p>&nbsp;<\/p>\n<hr \/>\n<p>&nbsp;<\/p>\n<p><span style=\"color: #0000ff;\"><strong>NUOTO<\/strong><\/span><\/p>\n<blockquote>\n<h3>SPORTIVAMENTE BELLUNO SUL PODIO CON IULIANO NELLA PRIMA GIORNATA DEGLI INTERPROVINCIALI<\/h3>\n<\/blockquote>\n<p><strong>BELLUNO <\/strong>Una medaglia di bronzo apre nel migliore dei modi la stagione di nuoto degli Esordienti A: a conquistarla \u00e8 Vincenzo Iuliano, nella piscina di Treviso, dove \u00e8 andata in scena la prima giornata di gare interprovinciali. Il terzo posto arriva nei 200 rana (in 3\u201900\u201d0) e la soddisfazione ha esaltato tutti i 16 atleti della Sportivamente Belluno, capaci di migliorare diversi record personali. Allargando l\u2019orizzonte, nei 100 stile libero risaltano le ottime performance di Niccol\u00f2 Longi (1\u201908\u201d3), Alex Brianti (1\u201908\u201d9), Beatrice Mezzacasa (1\u201911\u201d7) e Federico Nerviani (1\u201911\u201d1); nei 200 rana l\u2019ottima gestione di gara di Mattia Don\u00e0, al primo anno di categoria (3\u201914\u201d4), e nei 200 misti \u00e8 sempre Longi a piazzarsi nei primi sei posti (2\u201948\u201d0). Molto bene anche Thomas Pin e Alessio Camposeo capaci di migliorare di oltre 15 secondi il proprio personale. A livello femminile, ancora nei 200 misti, Beatrice Mezzacasa, Marta De Min, Margherita Mazzoli e Camilla Fistarol sono protagoniste di prestazioni di rilievo, mentre nei 100 farfalla Mattia Don\u00e0, Alex Brianti, Samuele Sommacal e Vincenzo Iuliano migliorano i propri record, le compagne Margherita Mazzoli e Camilla Fistarol si difendono con onore. E Federico Nerviani (1\u201919\u201d4) \u00e8 settimo, Nella piscina di Belluno, invece, spazio agli Esordienti B. A cimentarsi nelle diverse gare sono stati Aurora Camposeo, Anna Ciprian, Greta Galanti, Laura Ivessa, Stella Somacal, Teresa Zammatteo, Giuseppe Baldo, Cesare Lorenzi, Alessandro Morra, Giovanni Puccio e Filippo Schinetti. Le distanze da affrontare non erano scontate: 100 stile libero, 100 rana, 50 farfalla e 200 dorso. \u00abIn questa prima giornata di gare &#8211; \u00e8 il commento del tecnico Sogne &#8211; per noi era importante divertirci, rompere il ghiaccio e portare a casa una prima e positiva esperienza. Lavoro con questo gruppo da inizio stagione e i sorrisi visti in piano vasca sono la miglior risposta al percorso di allenamento. Ora continueremo a lavorare per il prossimo impegno, in programma a Vittorio Veneto l\u201911 dicembre\u00bb.<\/p>\n\n\t\t\t<style type='text\/css'>\n\t\t\t\t#gallery-7 {\n\t\t\t\t\tmargin: auto;\n\t\t\t\t}\n\t\t\t\t#gallery-7 .gallery-item {\n\t\t\t\t\tfloat: left;\n\t\t\t\t\tmargin-top: 10px;\n\t\t\t\t\ttext-align: center;\n\t\t\t\t\twidth: 50%;\n\t\t\t\t}\n\t\t\t\t#gallery-7 img {\n\t\t\t\t\tborder: 2px solid #cfcfcf;\n\t\t\t\t}\n\t\t\t\t#gallery-7 .gallery-caption {\n\t\t\t\t\tmargin-left: 0;\n\t\t\t\t}\n\t\t\t\t\/* see gallery_shortcode() in wp-includes\/media.php *\/\n\t\t\t<\/style>\n\t\t<div id='gallery-7' class='dt-gallery-container gallery galleryid-305069 gallery-columns-2 gallery-size-medium'><dl class='gallery-item'>\n\t\t\t\t<dt class='gallery-icon landscape'>\n\t\t\t\t\t<a class=\"rollover rollover-zoom dt-pswp-item\" title=\"Esordienti_A\" data-dt-img-description=\"\" data-large_image_width=\"1024\" data-large_image_height=\"683\"href='https:\/\/www.radiopiu.net\/wordpress\/wp-content\/uploads\/2022\/11\/Esordienti_A.jpeg'><img loading=\"lazy\" decoding=\"async\" width=\"300\" height=\"200\" src=\"https:\/\/www.radiopiu.net\/wordpress\/wp-content\/uploads\/2022\/11\/Esordienti_A-300x200.jpeg\" class=\"attachment-medium size-medium\" alt=\"\" aria-describedby=\"gallery-7-305177\" srcset=\"https:\/\/www.radiopiu.net\/wordpress\/wp-content\/uploads\/2022\/11\/Esordienti_A-300x200.jpeg 300w, https:\/\/www.radiopiu.net\/wordpress\/wp-content\/uploads\/2022\/11\/Esordienti_A-768x512.jpeg 768w, https:\/\/www.radiopiu.net\/wordpress\/wp-content\/uploads\/2022\/11\/Esordienti_A.jpeg 1024w\" sizes=\"auto, (max-width: 300px) 100vw, 300px\" \/><\/a>\n\t\t\t\t<\/dt>\n\t\t\t\t\t<dd class='wp-caption-text gallery-caption' id='gallery-7-305177'>\n\t\t\t\t\tESORDIENTI A\n\t\t\t\t\t<\/dd><\/dl><dl class='gallery-item'>\n\t\t\t\t<dt class='gallery-icon landscape'>\n\t\t\t\t\t<a class=\"rollover rollover-zoom dt-pswp-item\" title=\"Esordienti_B\" data-dt-img-description=\"\" data-large_image_width=\"1024\" data-large_image_height=\"683\"href='https:\/\/www.radiopiu.net\/wordpress\/wp-content\/uploads\/2022\/11\/Esordienti_B.jpeg'><img loading=\"lazy\" decoding=\"async\" width=\"300\" height=\"200\" src=\"https:\/\/www.radiopiu.net\/wordpress\/wp-content\/uploads\/2022\/11\/Esordienti_B-300x200.jpeg\" class=\"attachment-medium size-medium\" alt=\"\" aria-describedby=\"gallery-7-305178\" srcset=\"https:\/\/www.radiopiu.net\/wordpress\/wp-content\/uploads\/2022\/11\/Esordienti_B-300x200.jpeg 300w, https:\/\/www.radiopiu.net\/wordpress\/wp-content\/uploads\/2022\/11\/Esordienti_B-768x512.jpeg 768w, https:\/\/www.radiopiu.net\/wordpress\/wp-content\/uploads\/2022\/11\/Esordienti_B.jpeg 1024w\" sizes=\"auto, (max-width: 300px) 100vw, 300px\" \/><\/a>\n\t\t\t\t<\/dt>\n\t\t\t\t\t<dd class='wp-caption-text gallery-caption' id='gallery-7-305178'>\n\t\t\t\t\tESORDIENTI B\n\t\t\t\t\t<\/dd><\/dl><br style=\"clear: both\" \/>\n\t\t\t<\/div>\n\n<p>&nbsp;<\/p>\n","protected":false},"excerpt":{"rendered":"<p>RADIO PIU INFORMAZIONE il canale su TELEGRAM informazione di prima\u00a0 mano e in tempo reale. iscriviti ed aiutaci a farlo conoscere\u00a0\u00a0 &nbsp; &nbsp; DAL 15 NOVEMBRE PNEUMATICI INVERNALI O CATENE A BORDO SEDICO Veneto Strade ricorda che a partire dal 15 novembre 2022 e fino al 15 aprile 2023 vige l&#8217;obbligo di circolare sulla strade&hellip;<\/p>\n","protected":false},"author":4,"featured_media":305299,"comment_status":"closed","ping_status":"closed","sticky":false,"template":"","format":"standard","meta":{"_monsterinsights_skip_tracking":false,"_monsterinsights_sitenote_active":false,"_monsterinsights_sitenote_note":"","_monsterinsights_sitenote_category":0,"footnotes":""},"categories":[51,86,49],"tags":[],"class_list":["post-305069","post","type-post","status-publish","format-standard","has-post-thumbnail","hentry","category-evidenza-top","category-gr","category-news-18","category-51","category-86","category-49","description-off"],"img_url":"https:\/\/www.radiopiu.net\/wordpress\/wp-content\/uploads\/2022\/11\/IMG_5385.jpeg","_links":{"self":[{"href":"https:\/\/www.radiopiu.net\/wordpress\/wp-json\/wp\/v2\/posts\/305069","targetHints":{"allow":["GET"]}}],"collection":[{"href":"https:\/\/www.radiopiu.net\/wordpress\/wp-json\/wp\/v2\/posts"}],"about":[{"href":"https:\/\/www.radiopiu.net\/wordpress\/wp-json\/wp\/v2\/types\/post"}],"author":[{"embeddable":true,"href":"https:\/\/www.radiopiu.net\/wordpress\/wp-json\/wp\/v2\/users\/4"}],"replies":[{"embeddable":true,"href":"https:\/\/www.radiopiu.net\/wordpress\/wp-json\/wp\/v2\/comments?post=305069"}],"version-history":[{"count":0,"href":"https:\/\/www.radiopiu.net\/wordpress\/wp-json\/wp\/v2\/posts\/305069\/revisions"}],"wp:featuredmedia":[{"embeddable":true,"href":"https:\/\/www.radiopiu.net\/wordpress\/wp-json\/wp\/v2\/media\/305299"}],"wp:attachment":[{"href":"https:\/\/www.radiopiu.net\/wordpress\/wp-json\/wp\/v2\/media?parent=305069"}],"wp:term":[{"taxonomy":"category","embeddable":true,"href":"https:\/\/www.radiopiu.net\/wordpress\/wp-json\/wp\/v2\/categories?post=305069"},{"taxonomy":"post_tag","embeddable":true,"href":"https:\/\/www.radiopiu.net\/wordpress\/wp-json\/wp\/v2\/tags?post=305069"}],"curies":[{"name":"wp","href":"https:\/\/api.w.org\/{rel}","templated":true}]}}