{"id":305322,"date":"2022-11-08T17:46:13","date_gmt":"2022-11-08T16:46:13","guid":{"rendered":"https:\/\/www.radiopiu.net\/wordpress\/?p=305322"},"modified":"2022-11-08T17:46:13","modified_gmt":"2022-11-08T16:46:13","slug":"incendio-ponte-serra-messaggi-che-scaldano-il-cuore-forza-debora-coraggio-davide","status":"publish","type":"post","link":"https:\/\/www.radiopiu.net\/wordpress\/incendio-ponte-serra-messaggi-che-scaldano-il-cuore-forza-debora-coraggio-davide\/","title":{"rendered":"INCENDIO PONTE SERRA, MESSAGGI CHE SCALDANO IL CUORE. FORZA DEBORA! CORAGGIO DAVIDE!"},"content":{"rendered":"<blockquote>\n<h3>DA CONFCOMMERCIO E FEDERALBERGHI<\/h3>\n<\/blockquote>\n<p><em><span id=\"page43R_mcid6\" class=\"markedContent\"><span dir=\"ltr\" role=\"presentation\">\u00abLa notizia del rogo alla Locanda Ponte Serra ci ha profondamente colpiti. Da Confcommercio e Federalberghi la <\/span><span dir=\"ltr\" role=\"presentation\">vicinanza ai titolari Debora e Davide che avevano tanto investito e creduto nella loro attivit\u00e0. Siamo senza parole, \u00e8 <\/span><span dir=\"ltr\" role=\"presentation\">un dispiacere profondo vedere come in un attimo possano interrompersi sogni e progetti di colleghi cos\u00ec dediti alla <\/span><span dir=\"ltr\" role=\"presentation\">propria<\/span> <span dir=\"ltr\" role=\"presentation\">attivit\u00e0.\u00a0 <\/span><\/span><span id=\"page43R_mcid7\" class=\"markedContent\"><span dir=\"ltr\" role=\"presentation\">Oltre alla vicinanza del nostro sistema associativo raccolto in Confcommercio Belluno ed a nome di tutti i <\/span><span dir=\"ltr\" role=\"presentation\">colleghi &#8211; afferma Walter De Cassan &#8211; ci tengo a portare anche la vicinanza di Federalberghi Veneto il cui presidente <\/span><span dir=\"ltr\" role=\"presentation\">Massimiliano Schiavon mi ha contattato pi\u00f9 volte in giornata per essere aggiornato e per esprimere solidariet\u00e0 e <\/span><span dir=\"ltr\" role=\"presentation\">partecipazione. <\/span><\/span><span id=\"page43R_mcid8\" class=\"markedContent\"><span dir=\"ltr\" role=\"presentation\">Confidiamo che l\u2019eccezionale lavoro svolto dai Vigili del Fuoco ai quali va il ringraziamento dell\u2019intera comunit\u00e0 <\/span><span dir=\"ltr\" role=\"presentation\">abbia limitato i danni lasciando aperti spiragli e speranze di ripartenza&#8221;.<\/span><\/span><\/em><\/p>\n<p>&nbsp;<\/p>\n<p>&nbsp;<\/p>\n<hr \/>\n<blockquote>\n<h3><\/h3>\n<h3><a class=\"dt-pswp-item\" href=\"https:\/\/www.radiopiu.net\/wordpress\/wp-content\/uploads\/2022\/11\/08a385a8-9657-46d0-8efa-459ca2ffc15a.jpg\" data-dt-img-description=\"\" data-large_image_width=\"1280\" data-large_image_height=\"960\"><img loading=\"lazy\" decoding=\"async\" class=\"wp-image-305192 alignleft\" src=\"https:\/\/www.radiopiu.net\/wordpress\/wp-content\/uploads\/2022\/11\/08a385a8-9657-46d0-8efa-459ca2ffc15a-300x225.jpg\" alt=\"\" width=\"172\" height=\"129\" srcset=\"https:\/\/www.radiopiu.net\/wordpress\/wp-content\/uploads\/2022\/11\/08a385a8-9657-46d0-8efa-459ca2ffc15a-300x225.jpg 300w, https:\/\/www.radiopiu.net\/wordpress\/wp-content\/uploads\/2022\/11\/08a385a8-9657-46d0-8efa-459ca2ffc15a-1024x768.jpg 1024w, https:\/\/www.radiopiu.net\/wordpress\/wp-content\/uploads\/2022\/11\/08a385a8-9657-46d0-8efa-459ca2ffc15a-768x576.jpg 768w, https:\/\/www.radiopiu.net\/wordpress\/wp-content\/uploads\/2022\/11\/08a385a8-9657-46d0-8efa-459ca2ffc15a.jpg 1280w\" sizes=\"auto, (max-width: 172px) 100vw, 172px\" \/><\/a>I CONSIGLIERI REGIONALI\u00a0 SILVIA CESTARO\u00a0 E GIOVANNI PUPPATO<\/h3>\n<\/blockquote>\n<p><em>&#8220;Le immagini della Locanda Ponte Serra in fiamme stringono il cuore, piena solidariet\u00e0 ai proprietari. E\u2019 un dispiacere enorme, parliamo di un punto di riferimento per chi frequenta l\u2019asse Feltre \u2013 Primiero, ma soprattutto parliamo di un locale storico, che ha segnato il viaggio di molti viandanti e commercianti nell\u2019Ottocento e che di recente era stato riaperto. Il nostro augurio \u00e8 che presto i titolari possano tornare a riaprire e ad offrire la qualit\u00e0 e la professionalit\u00e0 con cui si sono contraddistinti fino ad oggi. La riapertura della Locanda nel 2017, dopo oltre quarant\u2019anni di chiusura, \u00e8 stato un atto di coraggio e di speranza, allo stesso tempo, per il nostro territorio e in particolare per quelle zone decentrate dove i servizi pi\u00f9 che aprire chiudono, per questo oggi ci sentiamo di dire ai titolari di non mollare e di non esitare a domandare aiuto, perch\u00e9 la comunit\u00e0 \u00e8 con loro e questa storia merita un lieto fine\u201d.<\/em><\/p>\n<p>&nbsp;<\/p>\n<hr \/>\n<p>&nbsp;<\/p>\n<blockquote>\n<h3><a class=\"dt-pswp-item\" href=\"https:\/\/www.radiopiu.net\/wordpress\/wp-content\/uploads\/2022\/11\/IMG_5385.jpeg\" data-dt-img-description=\"\" data-large_image_width=\"1157\" data-large_image_height=\"960\"><img loading=\"lazy\" decoding=\"async\" class=\" wp-image-305299 alignleft\" src=\"https:\/\/www.radiopiu.net\/wordpress\/wp-content\/uploads\/2022\/11\/IMG_5385-300x249.jpeg\" alt=\"\" width=\"246\" height=\"204\" srcset=\"https:\/\/www.radiopiu.net\/wordpress\/wp-content\/uploads\/2022\/11\/IMG_5385-300x249.jpeg 300w, https:\/\/www.radiopiu.net\/wordpress\/wp-content\/uploads\/2022\/11\/IMG_5385-1024x850.jpeg 1024w, https:\/\/www.radiopiu.net\/wordpress\/wp-content\/uploads\/2022\/11\/IMG_5385-768x637.jpeg 768w, https:\/\/www.radiopiu.net\/wordpress\/wp-content\/uploads\/2022\/11\/IMG_5385.jpeg 1157w\" sizes=\"auto, (max-width: 246px) 100vw, 246px\" \/><\/a>AI TITOLARI: &#8220;NON MOLLATE&#8221; SIETE UN PICCOLO GIOIELLO ANCHE PER LA GRANFONDO<\/h3>\n<\/blockquote>\n<p>&nbsp;<\/p>\n<p><em>&#8220;Il comitato organizzatore esprime tutta la propria solidariet\u00e0 ai titolari della struttura ricettiva che in pochi anni era diventata un punto di riferimento prezioso per i ciclisti che raggiungevano Feltre da tutto il mondo per partecipare alla Granfondo Sporful. Come organizzatori avevamo trovato una struttura con cui collaborare concretamente e che assecondava le esigenze dei nostri ospiti (ciclisti ma soprattutto giornalisti italiani e stranieri) con un senso di ospitalit\u00e0 che era molto apprezzato. Ai titolari Davide e Debora auguriamo\u00a0 di poter ripristinare il piccolo gioiello che erano riusciti a creare, a continuare a credere nei loro sogni e li invita a non mollare\u2026 perch\u00e9 dopo una salita c\u2019\u00e8 sempre una discesa&#8221;<\/em><\/p>\n<p>&nbsp;<\/p>\n<p>&nbsp;<\/p>\n<p>__<\/p>\n<p>&nbsp;<\/p>\n","protected":false},"excerpt":{"rendered":"<p>DA CONFCOMMERCIO E FEDERALBERGHI \u00abLa notizia del rogo alla Locanda Ponte Serra ci ha profondamente colpiti. Da Confcommercio e Federalberghi la vicinanza ai titolari Debora e Davide che avevano tanto investito e creduto nella loro attivit\u00e0. Siamo senza parole, \u00e8 un dispiacere profondo vedere come in un attimo possano interrompersi sogni e progetti di colleghi&hellip;<\/p>\n","protected":false},"author":4,"featured_media":305299,"comment_status":"closed","ping_status":"closed","sticky":false,"template":"","format":"standard","meta":{"_monsterinsights_skip_tracking":false,"_monsterinsights_sitenote_active":false,"_monsterinsights_sitenote_note":"","_monsterinsights_sitenote_category":0,"footnotes":""},"categories":[51,49],"tags":[],"class_list":["post-305322","post","type-post","status-publish","format-standard","has-post-thumbnail","hentry","category-evidenza-top","category-news-18","category-51","category-49","description-off"],"img_url":"https:\/\/www.radiopiu.net\/wordpress\/wp-content\/uploads\/2022\/11\/IMG_5385.jpeg","_links":{"self":[{"href":"https:\/\/www.radiopiu.net\/wordpress\/wp-json\/wp\/v2\/posts\/305322","targetHints":{"allow":["GET"]}}],"collection":[{"href":"https:\/\/www.radiopiu.net\/wordpress\/wp-json\/wp\/v2\/posts"}],"about":[{"href":"https:\/\/www.radiopiu.net\/wordpress\/wp-json\/wp\/v2\/types\/post"}],"author":[{"embeddable":true,"href":"https:\/\/www.radiopiu.net\/wordpress\/wp-json\/wp\/v2\/users\/4"}],"replies":[{"embeddable":true,"href":"https:\/\/www.radiopiu.net\/wordpress\/wp-json\/wp\/v2\/comments?post=305322"}],"version-history":[{"count":0,"href":"https:\/\/www.radiopiu.net\/wordpress\/wp-json\/wp\/v2\/posts\/305322\/revisions"}],"wp:featuredmedia":[{"embeddable":true,"href":"https:\/\/www.radiopiu.net\/wordpress\/wp-json\/wp\/v2\/media\/305299"}],"wp:attachment":[{"href":"https:\/\/www.radiopiu.net\/wordpress\/wp-json\/wp\/v2\/media?parent=305322"}],"wp:term":[{"taxonomy":"category","embeddable":true,"href":"https:\/\/www.radiopiu.net\/wordpress\/wp-json\/wp\/v2\/categories?post=305322"},{"taxonomy":"post_tag","embeddable":true,"href":"https:\/\/www.radiopiu.net\/wordpress\/wp-json\/wp\/v2\/tags?post=305322"}],"curies":[{"name":"wp","href":"https:\/\/api.w.org\/{rel}","templated":true}]}}