{"id":305348,"date":"2022-11-10T08:33:41","date_gmt":"2022-11-10T07:33:41","guid":{"rendered":"https:\/\/www.radiopiu.net\/wordpress\/?p=305348"},"modified":"2022-11-10T18:29:49","modified_gmt":"2022-11-10T17:29:49","slug":"giornale-radiopiu-10-novembre-2022-direttore-mirko-mezzacasa","status":"publish","type":"post","link":"https:\/\/www.radiopiu.net\/wordpress\/giornale-radiopiu-10-novembre-2022-direttore-mirko-mezzacasa\/","title":{"rendered":"GIORNALE RADIOPIU 10 NOVEMBRE 2022 DIRETTORE MIRKO MEZZACASA"},"content":{"rendered":"<h3 class=\"kvgmc6g5 cxmmr5t8 oygrvhab hcukyx3x c1et5uql\"><span style=\"color: #0000ff;\"><strong>RADIO PIU INFORMAZIONE il canale su TELEGRAM informazione di prima\u00a0 <\/strong><strong>mano e in tempo reale. iscriviti ed aiutaci a farlo conoscere\u00a0\u00a0<\/strong><\/span><\/h3>\n<p>&nbsp;<\/p>\n<hr \/>\n<p>&nbsp;<\/p>\n<blockquote>\n<h3><a class=\"dt-pswp-item\" href=\"https:\/\/www.radiopiu.net\/wordpress\/wp-content\/uploads\/2021\/12\/NEVE-STRADA.jpg\" data-dt-img-description=\"\" data-large_image_width=\"1920\" data-large_image_height=\"1280\"><img loading=\"lazy\" decoding=\"async\" class=\" wp-image-247467 alignleft\" src=\"https:\/\/www.radiopiu.net\/wordpress\/wp-content\/uploads\/2021\/12\/NEVE-STRADA-300x200.jpg\" alt=\"\" width=\"140\" height=\"93\" srcset=\"https:\/\/www.radiopiu.net\/wordpress\/wp-content\/uploads\/2021\/12\/NEVE-STRADA-300x200.jpg 300w, https:\/\/www.radiopiu.net\/wordpress\/wp-content\/uploads\/2021\/12\/NEVE-STRADA-1024x683.jpg 1024w, https:\/\/www.radiopiu.net\/wordpress\/wp-content\/uploads\/2021\/12\/NEVE-STRADA-768x512.jpg 768w, https:\/\/www.radiopiu.net\/wordpress\/wp-content\/uploads\/2021\/12\/NEVE-STRADA-1536x1024.jpg 1536w, https:\/\/www.radiopiu.net\/wordpress\/wp-content\/uploads\/2021\/12\/NEVE-STRADA.jpg 1920w\" sizes=\"auto, (max-width: 140px) 100vw, 140px\" \/><\/a>DAL 15 NOVEMBRE PNEUMATICI INVERNALI O CATENE A BORDO<\/h3>\n<\/blockquote>\n<p><strong>SEDICO<\/strong> Veneto Strade ricorda che a partire dal 15 novembre 2022 e fino al 15 aprile 2023 vige l&#8217;obbligo di circolare sulla strade con pneumatici invernali o in alternativa di avere le catene da neve a bordo. L&#8217;obbligo non solo sulle strade di competenza di Veneto Strade ma anche per la rete stradale ANAS e il tratto stradale dell&#8217;autostrada A27.<\/p>\n<p>&nbsp;<\/p>\n<p>&nbsp;<\/p>\n<hr \/>\n<p>&nbsp;<\/p>\n<blockquote>\n<h2>CADE UN OPERAIO DAL PONTEGGIO, PROCESSO PER I DATORI DI LAVORO<\/h2>\n<\/blockquote>\n<p>&nbsp;<\/p>\n<p><strong>DI MORENO GIOLI<\/strong><\/p>\n<audio class=\"wp-audio-shortcode\" id=\"audio-305348-1\" preload=\"none\" style=\"width: 100%;\" controls=\"controls\"><source type=\"audio\/mpeg\" src=\"https:\/\/www.radiopiu.net\/wordpress\/wp-content\/uploads\/2022\/11\/gioli-claut.mp3?_=1\" \/><a href=\"https:\/\/www.radiopiu.net\/wordpress\/wp-content\/uploads\/2022\/11\/gioli-claut.mp3\">https:\/\/www.radiopiu.net\/wordpress\/wp-content\/uploads\/2022\/11\/gioli-claut.mp3<\/a><\/audio>\n<p>&nbsp;<\/p>\n<hr \/>\n<p>&nbsp;<\/p>\n<p>&nbsp;<\/p>\n<blockquote>\n<h2>INCENDIO PONTE SERRA, I PROPRIETARI: &#8220;NON MOLLIAMO&#8221;<\/h2>\n<\/blockquote>\n<p><strong><a class=\"dt-pswp-item\" href=\"https:\/\/www.radiopiu.net\/wordpress\/wp-content\/uploads\/2022\/11\/Schermata-2022-11-10-alle-18.21.26.png\" data-dt-img-description=\"\" data-large_image_width=\"1280\" data-large_image_height=\"776\"><img loading=\"lazy\" decoding=\"async\" class=\"alignleft wp-image-305796 size-medium\" src=\"https:\/\/www.radiopiu.net\/wordpress\/wp-content\/uploads\/2022\/11\/Schermata-2022-11-10-alle-18.21.26-300x182.png\" alt=\"\" width=\"300\" height=\"182\" srcset=\"https:\/\/www.radiopiu.net\/wordpress\/wp-content\/uploads\/2022\/11\/Schermata-2022-11-10-alle-18.21.26-300x182.png 300w, https:\/\/www.radiopiu.net\/wordpress\/wp-content\/uploads\/2022\/11\/Schermata-2022-11-10-alle-18.21.26.png 596w\" sizes=\"auto, (max-width: 300px) 100vw, 300px\" \/><\/a>LAMON<\/strong><\/p>\n<p>di Moreno Gioli<\/p>\n<audio class=\"wp-audio-shortcode\" id=\"audio-305348-2\" preload=\"none\" style=\"width: 100%;\" controls=\"controls\"><source type=\"audio\/mpeg\" src=\"https:\/\/www.radiopiu.net\/wordpress\/wp-content\/uploads\/2022\/11\/moreno-1.mp3?_=2\" \/><a href=\"https:\/\/www.radiopiu.net\/wordpress\/wp-content\/uploads\/2022\/11\/moreno-1.mp3\">https:\/\/www.radiopiu.net\/wordpress\/wp-content\/uploads\/2022\/11\/moreno-1.mp3<\/a><\/audio>\n<p>&nbsp;<\/p>\n<blockquote>\n<h3>UN CONCRETO AIUTO A DEBORA E DAVIDE, ESSERE COMUNITA&#8217;<\/h3>\n<\/blockquote>\n<p><strong>LAMON<\/strong> E&#8217; stato attivato dall&#8217; associazione turistica Lamon un conto corrente per raccogliere fondi a favore dell&#8217; osteria Ponte Serra andata distrutta dal vasto incendio. Questo l&#8217;iban: IT75U0810261140000023001793 A.T.L. ASSOCIAZIONE TURISTICA LAMON CAUSALE: RACCOLTA FONDI A FAVORE OSTERIA PONTE SERRA<\/p>\n<p>il codice Swift del conto solidariet\u00e0 x i bonifici internazionali \u00a0CCRTIT2T27A grazie.<\/p>\n<hr \/>\n<p>&nbsp;<\/p>\n<blockquote>\n<h2>PONTE DEL FELICE : RIAPERTO. BOTTACIN &#8220;REGIONE NON INVITATA&#8221;<\/h2>\n<\/blockquote>\n<p><strong>LA VALLE &#8211; AGORDO<\/strong> Dalle 18 di ieri sera\u00a0 \u00e8 riaperto il ponte del Felice, importante perch\u00e9 collega Agordo (dalla localit\u00e0 Crostolin lungo la 347 del Duran e Cereda) con la sponda lavallese dove insiste la zona artigianale e agrturistica, alla notizia dell&#8217;inaugurazione la reazione piccata dell&#8217;assessore regionale Gianpaolo Bottacin, per non essere stato invitato nonostante il finanziamento sia stato gestito da Venezia.<\/p>\n<p><a class=\"dt-pswp-item\" href=\"https:\/\/www.radiopiu.net\/wordpress\/wp-content\/uploads\/2022\/11\/Schermata-2022-11-10-alle-18.22.34.png\" data-dt-img-description=\"\" data-large_image_width=\"1080\" data-large_image_height=\"1494\"><img loading=\"lazy\" decoding=\"async\" class=\"alignleft wp-image-305798 size-medium\" src=\"https:\/\/www.radiopiu.net\/wordpress\/wp-content\/uploads\/2022\/11\/Schermata-2022-11-10-alle-18.22.34-202x300.png\" alt=\"\" width=\"202\" height=\"300\" srcset=\"https:\/\/www.radiopiu.net\/wordpress\/wp-content\/uploads\/2022\/11\/Schermata-2022-11-10-alle-18.22.34-202x300.png 202w, https:\/\/www.radiopiu.net\/wordpress\/wp-content\/uploads\/2022\/11\/Schermata-2022-11-10-alle-18.22.34.png 426w\" sizes=\"auto, (max-width: 202px) 100vw, 202px\" \/><\/a><\/p>\n<p>&nbsp;<\/p>\n<p><strong>DAL GIORNALE RADIO DELLE 16.30<\/strong><\/p>\n<p><strong>di Mirko Mezzacasa<\/strong><\/p>\n<p><strong>OSPITE IL SINDACO EZIO ZUANEL<\/strong><\/p>\n<audio class=\"wp-audio-shortcode\" id=\"audio-305348-3\" preload=\"none\" style=\"width: 100%;\" controls=\"controls\"><source type=\"audio\/mpeg\" src=\"https:\/\/www.radiopiu.net\/wordpress\/wp-content\/uploads\/2022\/11\/EZIO-ZUANEL.mp3?_=3\" \/><a href=\"https:\/\/www.radiopiu.net\/wordpress\/wp-content\/uploads\/2022\/11\/EZIO-ZUANEL.mp3\">https:\/\/www.radiopiu.net\/wordpress\/wp-content\/uploads\/2022\/11\/EZIO-ZUANEL.mp3<\/a><\/audio>\n<p>&nbsp;<\/p>\n\n\t\t\t<style type='text\/css'>\n\t\t\t\t#gallery-1 {\n\t\t\t\t\tmargin: auto;\n\t\t\t\t}\n\t\t\t\t#gallery-1 .gallery-item {\n\t\t\t\t\tfloat: left;\n\t\t\t\t\tmargin-top: 10px;\n\t\t\t\t\ttext-align: center;\n\t\t\t\t\twidth: 50%;\n\t\t\t\t}\n\t\t\t\t#gallery-1 img {\n\t\t\t\t\tborder: 2px solid #cfcfcf;\n\t\t\t\t}\n\t\t\t\t#gallery-1 .gallery-caption {\n\t\t\t\t\tmargin-left: 0;\n\t\t\t\t}\n\t\t\t\t\/* see gallery_shortcode() in wp-includes\/media.php *\/\n\t\t\t<\/style>\n\t\t<div id='gallery-1' class='dt-gallery-container gallery galleryid-305348 gallery-columns-2 gallery-size-medium'><dl class='gallery-item'>\n\t\t\t\t<dt class='gallery-icon landscape'>\n\t\t\t\t\t<a class=\"rollover rollover-zoom dt-pswp-item\" title=\"d4a68ec3-09b1-4d54-a00e-f0e981cc58be\" data-dt-img-description=\"\" data-large_image_width=\"1600\" data-large_image_height=\"1200\"href='https:\/\/www.radiopiu.net\/wordpress\/wp-content\/uploads\/2022\/11\/d4a68ec3-09b1-4d54-a00e-f0e981cc58be.jpg'><img loading=\"lazy\" decoding=\"async\" width=\"300\" height=\"225\" src=\"https:\/\/www.radiopiu.net\/wordpress\/wp-content\/uploads\/2022\/11\/d4a68ec3-09b1-4d54-a00e-f0e981cc58be-300x225.jpg\" class=\"attachment-medium size-medium\" alt=\"\" srcset=\"https:\/\/www.radiopiu.net\/wordpress\/wp-content\/uploads\/2022\/11\/d4a68ec3-09b1-4d54-a00e-f0e981cc58be-300x225.jpg 300w, https:\/\/www.radiopiu.net\/wordpress\/wp-content\/uploads\/2022\/11\/d4a68ec3-09b1-4d54-a00e-f0e981cc58be-1024x768.jpg 1024w, https:\/\/www.radiopiu.net\/wordpress\/wp-content\/uploads\/2022\/11\/d4a68ec3-09b1-4d54-a00e-f0e981cc58be-768x576.jpg 768w, https:\/\/www.radiopiu.net\/wordpress\/wp-content\/uploads\/2022\/11\/d4a68ec3-09b1-4d54-a00e-f0e981cc58be-1536x1152.jpg 1536w, https:\/\/www.radiopiu.net\/wordpress\/wp-content\/uploads\/2022\/11\/d4a68ec3-09b1-4d54-a00e-f0e981cc58be.jpg 1600w\" sizes=\"auto, (max-width: 300px) 100vw, 300px\" \/><\/a>\n\t\t\t\t<\/dt><\/dl><dl class='gallery-item'>\n\t\t\t\t<dt class='gallery-icon landscape'>\n\t\t\t\t\t<a class=\"rollover rollover-zoom dt-pswp-item\" title=\"c4a8ac4a-ba63-4f9f-ad9d-8df38ff7358a\" data-dt-img-description=\"\" data-large_image_width=\"1600\" data-large_image_height=\"1200\"href='https:\/\/www.radiopiu.net\/wordpress\/wp-content\/uploads\/2022\/11\/c4a8ac4a-ba63-4f9f-ad9d-8df38ff7358a.jpg'><img loading=\"lazy\" decoding=\"async\" width=\"300\" height=\"225\" src=\"https:\/\/www.radiopiu.net\/wordpress\/wp-content\/uploads\/2022\/11\/c4a8ac4a-ba63-4f9f-ad9d-8df38ff7358a-300x225.jpg\" class=\"attachment-medium size-medium\" alt=\"\" srcset=\"https:\/\/www.radiopiu.net\/wordpress\/wp-content\/uploads\/2022\/11\/c4a8ac4a-ba63-4f9f-ad9d-8df38ff7358a-300x225.jpg 300w, https:\/\/www.radiopiu.net\/wordpress\/wp-content\/uploads\/2022\/11\/c4a8ac4a-ba63-4f9f-ad9d-8df38ff7358a-1024x768.jpg 1024w, https:\/\/www.radiopiu.net\/wordpress\/wp-content\/uploads\/2022\/11\/c4a8ac4a-ba63-4f9f-ad9d-8df38ff7358a-768x576.jpg 768w, https:\/\/www.radiopiu.net\/wordpress\/wp-content\/uploads\/2022\/11\/c4a8ac4a-ba63-4f9f-ad9d-8df38ff7358a-1536x1152.jpg 1536w, https:\/\/www.radiopiu.net\/wordpress\/wp-content\/uploads\/2022\/11\/c4a8ac4a-ba63-4f9f-ad9d-8df38ff7358a.jpg 1600w\" sizes=\"auto, (max-width: 300px) 100vw, 300px\" \/><\/a>\n\t\t\t\t<\/dt><\/dl><br style=\"clear: both\" \/>\n\t\t\t<\/div>\n\n<p>&nbsp;<\/p>\n<p>&nbsp;<\/p>\n<hr \/>\n<p>&nbsp;<\/p>\n<blockquote>\n<h3>INVESTITO UN CERVO NELLA SERATA DI IERI A MAS DI VALLADA<\/h3>\n<\/blockquote>\n<p><strong>REDAZIONE <\/strong>Nella serata di ieri un automobilista della Valle del Biois ha investito una cerva a Mas di Vallada che improvvisamente &#8211; e purtroppo avviene quasi quotidinamente sulle strade della provincia &#8211; gli ha attraversato la strada. Come si evince dalla foto, sono ingenti i danni al mezzo dopo l&#8217;impatto con l&#8217;animale. Fortunatamente l&#8217;automobilista \u00e8 rimasto illeso, ma la paura quella rimane e anche il problema e non \u00e8 certo legato ad alte velocit\u00e0, pu\u00f2 capitare in qualsiasi momento anche quando si viaggia.. a passo d&#8217;uomo.<\/p>\n<p><a class=\"dt-pswp-item\" href=\"https:\/\/www.radiopiu.net\/wordpress\/wp-content\/uploads\/2022\/11\/29f8ce72-d8cb-4b13-90b2-3ae401db1d87.jpg\" data-dt-img-description=\"\" data-large_image_width=\"1536\" data-large_image_height=\"2048\"><img loading=\"lazy\" decoding=\"async\" class=\"alignleft wp-image-305752 size-medium\" src=\"https:\/\/www.radiopiu.net\/wordpress\/wp-content\/uploads\/2022\/11\/29f8ce72-d8cb-4b13-90b2-3ae401db1d87-225x300.jpg\" alt=\"\" width=\"225\" height=\"300\" srcset=\"https:\/\/www.radiopiu.net\/wordpress\/wp-content\/uploads\/2022\/11\/29f8ce72-d8cb-4b13-90b2-3ae401db1d87-225x300.jpg 225w, https:\/\/www.radiopiu.net\/wordpress\/wp-content\/uploads\/2022\/11\/29f8ce72-d8cb-4b13-90b2-3ae401db1d87-768x1024.jpg 768w, https:\/\/www.radiopiu.net\/wordpress\/wp-content\/uploads\/2022\/11\/29f8ce72-d8cb-4b13-90b2-3ae401db1d87-1152x1536.jpg 1152w, https:\/\/www.radiopiu.net\/wordpress\/wp-content\/uploads\/2022\/11\/29f8ce72-d8cb-4b13-90b2-3ae401db1d87.jpg 1536w\" sizes=\"auto, (max-width: 225px) 100vw, 225px\" \/><\/a><\/p>\n<p>&nbsp;<\/p>\n<hr \/>\n<p>&nbsp;<\/p>\n<blockquote>\n<h3>CARENZA DI PERSONALE IN PREFETTURA E QUESTURA A BELLUNO: LE ORGANIZZAZIONI SINDACALI SCRIVONO AL MINISTRO DELL\u2019INTERNO<\/h3>\n<\/blockquote>\n<p><strong><a class=\"dt-pswp-item\" href=\"https:\/\/www.radiopiu.net\/wordpress\/wp-content\/uploads\/2021\/11\/QUESTURA-BELLUNO.png\" data-dt-img-description=\"\" data-large_image_width=\"1912\" data-large_image_height=\"1384\"><img loading=\"lazy\" decoding=\"async\" class=\" wp-image-244040 alignleft\" src=\"https:\/\/www.radiopiu.net\/wordpress\/wp-content\/uploads\/2021\/11\/QUESTURA-BELLUNO-300x217.png\" alt=\"\" width=\"202\" height=\"146\" srcset=\"https:\/\/www.radiopiu.net\/wordpress\/wp-content\/uploads\/2021\/11\/QUESTURA-BELLUNO-300x217.png 300w, https:\/\/www.radiopiu.net\/wordpress\/wp-content\/uploads\/2021\/11\/QUESTURA-BELLUNO-1024x741.png 1024w, https:\/\/www.radiopiu.net\/wordpress\/wp-content\/uploads\/2021\/11\/QUESTURA-BELLUNO-768x556.png 768w, https:\/\/www.radiopiu.net\/wordpress\/wp-content\/uploads\/2021\/11\/QUESTURA-BELLUNO-1536x1112.png 1536w, https:\/\/www.radiopiu.net\/wordpress\/wp-content\/uploads\/2021\/11\/QUESTURA-BELLUNO.png 1912w\" sizes=\"auto, (max-width: 202px) 100vw, 202px\" \/><\/a>BELLUNO <\/strong>Un grido d\u2019allarme e una richiesta d\u2019aiuto dopo l\u2019assemblea sindacale dello scorso 6 settembre. Le Organizzazioni Sindacali Cisl Fp, Fp Cgil e Confintesa Fp, unitamente alle Rsu, hanno scritto al nuovo ministro dell\u2019Interno Matteo Piantedosi per denunciare la grave carenza di organico negli uffici della Prefettura, della Questura e della sezione della Polizia stradale del territorio. \u201c<em>La dotazione di personale civile per Prefettura, Questura e Sezione di Polizia Stradale di Belluno \u00e8 rispettivamente di 70, 33 e 6 unit\u00e0 &#8211; sottolineano Angelo Costanza della Cisl Fp Belluno Treviso, Andrea Fiocco della Fp Cgil Belluno e Salvatore Ingrosso, segretario regionale di Confintesa Fp, nella missiva al titolare dell\u2019Interno -, mentre in servizio effettivo si registra una carenza di organico che supera il 60% e pi\u00f9 precisamente per la Prefettura lavorano 28 dipendenti, per la Questura 13, mentre per la Polizia Stradale solo 2 colleghi, quest\u2019ultima arrivando a una carenza del 66%<\/em>\u201d. Una situazione incredibile \u00e8 quella del commissariato di Cortina, totalmente sguarnito di personale civile: su 6 amministrativi che dovrebbero essere in servizio non ce n\u2019\u00e8 neanche uno.<\/p>\n<p>&nbsp;<\/p>\n<p>&nbsp;<\/p>\n<hr \/>\n<p>&nbsp;<\/p>\n<blockquote>\n<h2>LE GIORNATE DELLA VISTA AL PALALUXOTTICA DI AGORDO<\/h2>\n<\/blockquote>\n<p><strong>AGORDO<\/strong><\/p>\n<p>di Gianni Santomaso<\/p>\n<audio class=\"wp-audio-shortcode\" id=\"audio-305348-4\" preload=\"none\" style=\"width: 100%;\" controls=\"controls\"><source type=\"audio\/mpeg\" src=\"https:\/\/www.radiopiu.net\/wordpress\/wp-content\/uploads\/2022\/11\/pala.mp3?_=4\" \/><a href=\"https:\/\/www.radiopiu.net\/wordpress\/wp-content\/uploads\/2022\/11\/pala.mp3\">https:\/\/www.radiopiu.net\/wordpress\/wp-content\/uploads\/2022\/11\/pala.mp3<\/a><\/audio>\n<p>&nbsp;<\/p>\n\n\t\t\t<style type='text\/css'>\n\t\t\t\t#gallery-2 {\n\t\t\t\t\tmargin: auto;\n\t\t\t\t}\n\t\t\t\t#gallery-2 .gallery-item {\n\t\t\t\t\tfloat: left;\n\t\t\t\t\tmargin-top: 10px;\n\t\t\t\t\ttext-align: center;\n\t\t\t\t\twidth: 33%;\n\t\t\t\t}\n\t\t\t\t#gallery-2 img {\n\t\t\t\t\tborder: 2px solid #cfcfcf;\n\t\t\t\t}\n\t\t\t\t#gallery-2 .gallery-caption {\n\t\t\t\t\tmargin-left: 0;\n\t\t\t\t}\n\t\t\t\t\/* see gallery_shortcode() in wp-includes\/media.php *\/\n\t\t\t<\/style>\n\t\t<div id='gallery-2' class='dt-gallery-container gallery galleryid-305348 gallery-columns-3 gallery-size-thumbnail'><dl class='gallery-item'>\n\t\t\t\t<dt class='gallery-icon landscape'>\n\t\t\t\t\t<a class=\"rollover rollover-zoom dt-pswp-item\" title=\"91c415d2-713d-4186-84c2-9efe2949983d-300x225\" data-dt-img-description=\"\" data-large_image_width=\"300\" data-large_image_height=\"225\"href='https:\/\/www.radiopiu.net\/wordpress\/wp-content\/uploads\/2022\/11\/91c415d2-713d-4186-84c2-9efe2949983d-300x225-1.jpeg'><img loading=\"lazy\" decoding=\"async\" width=\"150\" height=\"150\" src=\"https:\/\/www.radiopiu.net\/wordpress\/wp-content\/uploads\/2022\/11\/91c415d2-713d-4186-84c2-9efe2949983d-300x225-1-150x150.jpeg\" class=\"attachment-thumbnail size-thumbnail\" alt=\"\" \/><\/a>\n\t\t\t\t<\/dt><\/dl><dl class='gallery-item'>\n\t\t\t\t<dt class='gallery-icon landscape'>\n\t\t\t\t\t<a class=\"rollover rollover-zoom dt-pswp-item\" title=\"d75b819f-b804-4425-865d-533b4cd317de-300x225\" data-dt-img-description=\"\" data-large_image_width=\"300\" data-large_image_height=\"225\"href='https:\/\/www.radiopiu.net\/wordpress\/wp-content\/uploads\/2022\/11\/d75b819f-b804-4425-865d-533b4cd317de-300x225-1.jpeg'><img loading=\"lazy\" decoding=\"async\" width=\"150\" height=\"150\" src=\"https:\/\/www.radiopiu.net\/wordpress\/wp-content\/uploads\/2022\/11\/d75b819f-b804-4425-865d-533b4cd317de-300x225-1-150x150.jpeg\" class=\"attachment-thumbnail size-thumbnail\" alt=\"\" \/><\/a>\n\t\t\t\t<\/dt><\/dl><dl class='gallery-item'>\n\t\t\t\t<dt class='gallery-icon landscape'>\n\t\t\t\t\t<a class=\"rollover rollover-zoom dt-pswp-item\" title=\"4fe9b514-1f46-4690-97b8-d4c5ae8517a3-300x225\" data-dt-img-description=\"\" data-large_image_width=\"300\" data-large_image_height=\"225\"href='https:\/\/www.radiopiu.net\/wordpress\/wp-content\/uploads\/2022\/11\/4fe9b514-1f46-4690-97b8-d4c5ae8517a3-300x225-1.jpeg'><img loading=\"lazy\" decoding=\"async\" width=\"150\" height=\"150\" src=\"https:\/\/www.radiopiu.net\/wordpress\/wp-content\/uploads\/2022\/11\/4fe9b514-1f46-4690-97b8-d4c5ae8517a3-300x225-1-150x150.jpeg\" class=\"attachment-thumbnail size-thumbnail\" alt=\"\" \/><\/a>\n\t\t\t\t<\/dt><\/dl><br style=\"clear: both\" \/><dl class='gallery-item'>\n\t\t\t\t<dt class='gallery-icon portrait'>\n\t\t\t\t\t<a class=\"rollover rollover-zoom dt-pswp-item\" title=\"842cd797-59fb-4bef-ae5a-ece7c9d764f3-225x300\" data-dt-img-description=\"\" data-large_image_width=\"225\" data-large_image_height=\"300\"href='https:\/\/www.radiopiu.net\/wordpress\/wp-content\/uploads\/2022\/11\/842cd797-59fb-4bef-ae5a-ece7c9d764f3-225x300-1.jpeg'><img loading=\"lazy\" decoding=\"async\" width=\"150\" height=\"150\" src=\"https:\/\/www.radiopiu.net\/wordpress\/wp-content\/uploads\/2022\/11\/842cd797-59fb-4bef-ae5a-ece7c9d764f3-225x300-1-150x150.jpeg\" class=\"attachment-thumbnail size-thumbnail\" alt=\"\" \/><\/a>\n\t\t\t\t<\/dt><\/dl><dl class='gallery-item'>\n\t\t\t\t<dt class='gallery-icon landscape'>\n\t\t\t\t\t<a class=\"rollover rollover-zoom dt-pswp-item\" title=\"b8660a00-e081-4b11-8f4a-34f9d68d6bd3-300x225\" data-dt-img-description=\"\" data-large_image_width=\"300\" data-large_image_height=\"225\"href='https:\/\/www.radiopiu.net\/wordpress\/wp-content\/uploads\/2022\/11\/b8660a00-e081-4b11-8f4a-34f9d68d6bd3-300x225-1.jpeg'><img loading=\"lazy\" decoding=\"async\" width=\"150\" height=\"150\" src=\"https:\/\/www.radiopiu.net\/wordpress\/wp-content\/uploads\/2022\/11\/b8660a00-e081-4b11-8f4a-34f9d68d6bd3-300x225-1-150x150.jpeg\" class=\"attachment-thumbnail size-thumbnail\" alt=\"\" \/><\/a>\n\t\t\t\t<\/dt><\/dl><dl class='gallery-item'>\n\t\t\t\t<dt class='gallery-icon landscape'>\n\t\t\t\t\t<a class=\"rollover rollover-zoom dt-pswp-item\" title=\"5e3013b0-7fc3-45bb-b7f9-b4de0b28d947-300x225\" data-dt-img-description=\"\" data-large_image_width=\"300\" data-large_image_height=\"225\"href='https:\/\/www.radiopiu.net\/wordpress\/wp-content\/uploads\/2022\/11\/5e3013b0-7fc3-45bb-b7f9-b4de0b28d947-300x225-1.jpeg'><img loading=\"lazy\" decoding=\"async\" width=\"150\" height=\"150\" src=\"https:\/\/www.radiopiu.net\/wordpress\/wp-content\/uploads\/2022\/11\/5e3013b0-7fc3-45bb-b7f9-b4de0b28d947-300x225-1-150x150.jpeg\" class=\"attachment-thumbnail size-thumbnail\" alt=\"\" \/><\/a>\n\t\t\t\t<\/dt><\/dl><br style=\"clear: both\" \/><dl class='gallery-item'>\n\t\t\t\t<dt class='gallery-icon landscape'>\n\t\t\t\t\t<a class=\"rollover rollover-zoom dt-pswp-item\" title=\"01da685c-84a8-4814-a1be-4c563f308636-300x225\" data-dt-img-description=\"\" data-large_image_width=\"300\" data-large_image_height=\"225\"href='https:\/\/www.radiopiu.net\/wordpress\/wp-content\/uploads\/2022\/11\/01da685c-84a8-4814-a1be-4c563f308636-300x225-1.jpeg'><img loading=\"lazy\" decoding=\"async\" width=\"150\" height=\"150\" src=\"https:\/\/www.radiopiu.net\/wordpress\/wp-content\/uploads\/2022\/11\/01da685c-84a8-4814-a1be-4c563f308636-300x225-1-150x150.jpeg\" class=\"attachment-thumbnail size-thumbnail\" alt=\"\" \/><\/a>\n\t\t\t\t<\/dt><\/dl><dl class='gallery-item'>\n\t\t\t\t<dt class='gallery-icon landscape'>\n\t\t\t\t\t<a class=\"rollover rollover-zoom dt-pswp-item\" title=\"f3135204-0323-4366-b5aa-9ade8fe118f7-300x225\" data-dt-img-description=\"\" data-large_image_width=\"300\" data-large_image_height=\"225\"href='https:\/\/www.radiopiu.net\/wordpress\/wp-content\/uploads\/2022\/11\/f3135204-0323-4366-b5aa-9ade8fe118f7-300x225-1.jpeg'><img loading=\"lazy\" decoding=\"async\" width=\"150\" height=\"150\" src=\"https:\/\/www.radiopiu.net\/wordpress\/wp-content\/uploads\/2022\/11\/f3135204-0323-4366-b5aa-9ade8fe118f7-300x225-1-150x150.jpeg\" class=\"attachment-thumbnail size-thumbnail\" alt=\"\" \/><\/a>\n\t\t\t\t<\/dt><\/dl><dl class='gallery-item'>\n\t\t\t\t<dt class='gallery-icon landscape'>\n\t\t\t\t\t<a class=\"rollover rollover-zoom dt-pswp-item\" title=\"0d250c59-3545-44d0-b899-e6bb3b26ab56-300x225\" data-dt-img-description=\"\" data-large_image_width=\"300\" data-large_image_height=\"225\"href='https:\/\/www.radiopiu.net\/wordpress\/wp-content\/uploads\/2022\/11\/0d250c59-3545-44d0-b899-e6bb3b26ab56-300x225-1.jpeg'><img loading=\"lazy\" decoding=\"async\" width=\"150\" height=\"150\" src=\"https:\/\/www.radiopiu.net\/wordpress\/wp-content\/uploads\/2022\/11\/0d250c59-3545-44d0-b899-e6bb3b26ab56-300x225-1-150x150.jpeg\" class=\"attachment-thumbnail size-thumbnail\" alt=\"\" \/><\/a>\n\t\t\t\t<\/dt><\/dl><br style=\"clear: both\" \/><dl class='gallery-item'>\n\t\t\t\t<dt class='gallery-icon landscape'>\n\t\t\t\t\t<a class=\"rollover rollover-zoom dt-pswp-item\" title=\"52748acf-6be4-4bf1-af1b-1cae7b6c853a-300x225\" data-dt-img-description=\"\" data-large_image_width=\"300\" data-large_image_height=\"225\"href='https:\/\/www.radiopiu.net\/wordpress\/wp-content\/uploads\/2022\/11\/52748acf-6be4-4bf1-af1b-1cae7b6c853a-300x225-1.jpeg'><img loading=\"lazy\" decoding=\"async\" width=\"150\" height=\"150\" src=\"https:\/\/www.radiopiu.net\/wordpress\/wp-content\/uploads\/2022\/11\/52748acf-6be4-4bf1-af1b-1cae7b6c853a-300x225-1-150x150.jpeg\" class=\"attachment-thumbnail size-thumbnail\" alt=\"\" \/><\/a>\n\t\t\t\t<\/dt><\/dl><dl class='gallery-item'>\n\t\t\t\t<dt class='gallery-icon landscape'>\n\t\t\t\t\t<a class=\"rollover rollover-zoom dt-pswp-item\" title=\"2847b95d-c6a5-4c9d-88a9-1f3b00185a0a-300x225\" data-dt-img-description=\"\" data-large_image_width=\"300\" data-large_image_height=\"225\"href='https:\/\/www.radiopiu.net\/wordpress\/wp-content\/uploads\/2022\/11\/2847b95d-c6a5-4c9d-88a9-1f3b00185a0a-300x225-1.jpeg'><img loading=\"lazy\" decoding=\"async\" width=\"150\" height=\"150\" src=\"https:\/\/www.radiopiu.net\/wordpress\/wp-content\/uploads\/2022\/11\/2847b95d-c6a5-4c9d-88a9-1f3b00185a0a-300x225-1-150x150.jpeg\" class=\"attachment-thumbnail size-thumbnail\" alt=\"\" \/><\/a>\n\t\t\t\t<\/dt><\/dl><dl class='gallery-item'>\n\t\t\t\t<dt class='gallery-icon landscape'>\n\t\t\t\t\t<a class=\"rollover rollover-zoom dt-pswp-item\" title=\"55bf0212-8a57-4d74-84ba-4ecff06ce119-300x225\" data-dt-img-description=\"\" data-large_image_width=\"300\" data-large_image_height=\"225\"href='https:\/\/www.radiopiu.net\/wordpress\/wp-content\/uploads\/2022\/11\/55bf0212-8a57-4d74-84ba-4ecff06ce119-300x225-1.jpeg'><img loading=\"lazy\" decoding=\"async\" width=\"150\" height=\"150\" src=\"https:\/\/www.radiopiu.net\/wordpress\/wp-content\/uploads\/2022\/11\/55bf0212-8a57-4d74-84ba-4ecff06ce119-300x225-1-150x150.jpeg\" class=\"attachment-thumbnail size-thumbnail\" alt=\"\" \/><\/a>\n\t\t\t\t<\/dt><\/dl><br style=\"clear: both\" \/>\n\t\t\t<\/div>\n\n<hr \/>\n<p>&nbsp;<\/p>\n<blockquote>\n<h3>APPIA, IL CONVEGNO SUL CAPITALE UMANO<\/h3>\n<\/blockquote>\n<p><strong><a class=\"dt-pswp-item\" href=\"https:\/\/www.radiopiu.net\/wordpress\/wp-content\/uploads\/2022\/11\/6717b05f-4241-4c4a-a879-89051cac4942.jpg\" data-dt-img-description=\"\" data-large_image_width=\"1600\" data-large_image_height=\"900\"><img loading=\"lazy\" decoding=\"async\" class=\"alignleft wp-image-305521 size-medium\" src=\"https:\/\/www.radiopiu.net\/wordpress\/wp-content\/uploads\/2022\/11\/6717b05f-4241-4c4a-a879-89051cac4942-300x169.jpg\" alt=\"\" width=\"300\" height=\"169\" srcset=\"https:\/\/www.radiopiu.net\/wordpress\/wp-content\/uploads\/2022\/11\/6717b05f-4241-4c4a-a879-89051cac4942-300x169.jpg 300w, https:\/\/www.radiopiu.net\/wordpress\/wp-content\/uploads\/2022\/11\/6717b05f-4241-4c4a-a879-89051cac4942-1024x576.jpg 1024w, https:\/\/www.radiopiu.net\/wordpress\/wp-content\/uploads\/2022\/11\/6717b05f-4241-4c4a-a879-89051cac4942-768x432.jpg 768w, https:\/\/www.radiopiu.net\/wordpress\/wp-content\/uploads\/2022\/11\/6717b05f-4241-4c4a-a879-89051cac4942-1536x864.jpg 1536w, https:\/\/www.radiopiu.net\/wordpress\/wp-content\/uploads\/2022\/11\/6717b05f-4241-4c4a-a879-89051cac4942.jpg 1600w\" sizes=\"auto, (max-width: 300px) 100vw, 300px\" \/><\/a>BELLUNO\u00a0<\/strong> Valorizzare il personale nella propria azienda e capire come attrarne di nuovo: il ciclo di incontri \u201cEvolution\u201d organizzato da Appia Belluno ha affrontato con esperti del settore uno dei temi pi\u00f9 caldi per le aziende.<\/p>\n<p><strong>DANIELE DALVIT<\/strong><\/p>\n<audio class=\"wp-audio-shortcode\" id=\"audio-305348-5\" preload=\"none\" style=\"width: 100%;\" controls=\"controls\"><source type=\"audio\/mpeg\" src=\"https:\/\/www.radiopiu.net\/wordpress\/wp-content\/uploads\/2022\/11\/APPIA-DANIELE-DALVIT.mp3?_=5\" \/><a href=\"https:\/\/www.radiopiu.net\/wordpress\/wp-content\/uploads\/2022\/11\/APPIA-DANIELE-DALVIT.mp3\">https:\/\/www.radiopiu.net\/wordpress\/wp-content\/uploads\/2022\/11\/APPIA-DANIELE-DALVIT.mp3<\/a><\/audio>\n<p>&nbsp;<\/p>\n<p>&nbsp;<\/p>\n<hr \/>\n<p>&nbsp;<\/p>\n<p>&nbsp;<\/p>\n<blockquote>\n<h1>LE PELLEGRINE DEL COL DI FOGLIA HANNO CONSEGNATO ALL&#8217;ADOS OLTRE 3000 EURO<\/h1>\n<\/blockquote>\n<p><strong>audio<\/strong><\/p>\n<audio class=\"wp-audio-shortcode\" id=\"audio-305348-6\" preload=\"none\" style=\"width: 100%;\" controls=\"controls\"><source type=\"audio\/mpeg\" src=\"https:\/\/www.radiopiu.net\/wordpress\/wp-content\/uploads\/2022\/11\/ADOS.mp3?_=6\" \/><a href=\"https:\/\/www.radiopiu.net\/wordpress\/wp-content\/uploads\/2022\/11\/ADOS.mp3\">https:\/\/www.radiopiu.net\/wordpress\/wp-content\/uploads\/2022\/11\/ADOS.mp3<\/a><\/audio>\n<p>&nbsp;<\/p>\n<p><img decoding=\"async\" src=\"https:\/\/www.radiopiu.net\/wordpress\/wp-content\/uploads\/2022\/11\/12013447846442400488.jpg\" \/><\/p>\n<p>&nbsp;<\/p>\n<p>&nbsp;<\/p>\n<hr \/>\n<p>&nbsp;<\/p>\n<blockquote>\n<h3>UNICREDIT E CONFARTIGIANATO INSIEME PER LE IMPRESE, NUOVE RISORSE STRAORDINARIE CONTRO IL CARO-BOLLETTE<\/h3>\n<\/blockquote>\n<p><strong>BELLUNO<\/strong> Unicredit e Confartigianato Imprese Veneto hanno siglato un accordo per aiutare le imprese associate sul fronte del caro-energia. La nuova partnership\u00a0 mira a supportare le aziende associate con nuove risorse finanziarie, al fine di sostenerne le esigenze di liquidit\u00e0 a fronte dei rincari dei costi dell&#8217;energia e delle materie prime. L\u2019accordo coinvolge le strutture operative dei territori e i consorzi Fidi che mettono a disposizione, misure rapide e immediate per coprire il costo delle bollette ed evitare quanto pi\u00f9 possibile nuove potenziali situazioni di crisi aziendali. Nel dettaglio, la partnership prevede la predisposizione di nuove linee di finanziamenti dedicati, con importo minimo di 10mila euro e durata massima di 36 mesi comprensiva di preammortamento fino a 6 mesi, a condizioni agevolate e con intervento di garanzia di Consorzio Veneto Garanzie, Confidi Veneziano e Fidi Nordest. L\u2019accordo, valido fino al marzo 2023.<\/p>\n<p>&nbsp;<\/p>\n<p>&nbsp;<\/p>\n<hr \/>\n<p>&nbsp;<\/p>\n<blockquote>\n<h3>TRIMESTRE ESTIVO CON RISULTATI SUPERIORI AL PERIODO PRE-PANDEMIA<\/h3>\n<\/blockquote>\n<p><strong><a class=\"dt-pswp-item\" href=\"https:\/\/www.radiopiu.net\/wordpress\/wp-content\/uploads\/2022\/04\/FELTRE.jpg\" data-dt-img-description=\"\" data-large_image_width=\"1920\" data-large_image_height=\"1080\"><img loading=\"lazy\" decoding=\"async\" class=\" wp-image-269866 alignleft\" src=\"https:\/\/www.radiopiu.net\/wordpress\/wp-content\/uploads\/2022\/04\/FELTRE-300x169.jpg\" alt=\"\" width=\"280\" height=\"158\" srcset=\"https:\/\/www.radiopiu.net\/wordpress\/wp-content\/uploads\/2022\/04\/FELTRE-300x169.jpg 300w, https:\/\/www.radiopiu.net\/wordpress\/wp-content\/uploads\/2022\/04\/FELTRE-1024x576.jpg 1024w, https:\/\/www.radiopiu.net\/wordpress\/wp-content\/uploads\/2022\/04\/FELTRE-768x432.jpg 768w, https:\/\/www.radiopiu.net\/wordpress\/wp-content\/uploads\/2022\/04\/FELTRE-1536x864.jpg 1536w, https:\/\/www.radiopiu.net\/wordpress\/wp-content\/uploads\/2022\/04\/FELTRE.jpg 1920w\" sizes=\"auto, (max-width: 280px) 100vw, 280px\" \/><\/a>FELTRE\u00a0<\/strong> Se i dati dei primi 6 mesi dell&#8217;anno erano stati incoraggianti, quelli riferiti al terzo trimestre sono decisamente positivi. L&#8217;estate del 2022 segna la definitiva ripartenza del settore turistico, con numeri per la prima volta superiori a quelli del 2019, ovvero al periodo antecedente lo scoppio della pandemia da Covid-19. <em>\u201cA decretarlo, sottolinea l&#8217;assessore con delega al turismo dell&#8217;Unione Montana Feltrina Dario Scopel, sono gli introiti relativi alla tassa di soggiorno, che rappresenta la cartina di Tornasole pi\u00f9 attendibile e veritiera per misurare il polso della situazione. Ebbene, continua Scopel, nel 2019 gli incassi della tassa di soggiorno relativi al periodo luglio-settembre si era posizionati complessivamente a 56.900 euro, mentre quest&#8217;estate abbiamo raggiunto quota 61.200. Il dato \u00e8 particolarmente significativo per due ragioni, spiega l&#8217;assessore dell&#8217;UMF: da un lato, mancando ancora alcuni flussi, non \u00e8 definitivo e quindi passibile di ulteriori aggiustamenti verso l&#8217;alto; dall&#8217;altro, soprattutto, si tratta del primo periodo di osservazione in cui viene superato, in termini assoluti, il dato riferito ad uno stesso periodo pre-pandemico.\u201d.<\/em><br \/>\nSe il Comune di Feltre non recupera ancora le posizioni del 2019 (13.700 euro contro i 16.300 del 2019), a trainare la crescita sono gli altri territori del Feltrino, che complessivamente registrano incassi per 47.500 euro, con un incremento di quasi 7 mila euro rispetto a tre anni fa (+16% circa).<\/p>\n<p>&nbsp;<\/p>\n<p>&nbsp;<\/p>\n<hr \/>\n<p>&nbsp;<\/p>\n<blockquote>\n<h3><a class=\"dt-pswp-item\" href=\"https:\/\/www.radiopiu.net\/wordpress\/wp-content\/uploads\/2022\/06\/oscar-de-pellegrin.png\" data-dt-img-description=\"\" data-large_image_width=\"2000\" data-large_image_height=\"1804\"><img loading=\"lazy\" decoding=\"async\" class=\"wp-image-281257 alignleft\" src=\"https:\/\/www.radiopiu.net\/wordpress\/wp-content\/uploads\/2022\/06\/oscar-de-pellegrin-300x271.png\" alt=\"\" width=\"138\" height=\"125\" srcset=\"https:\/\/www.radiopiu.net\/wordpress\/wp-content\/uploads\/2022\/06\/oscar-de-pellegrin-300x271.png 300w, https:\/\/www.radiopiu.net\/wordpress\/wp-content\/uploads\/2022\/06\/oscar-de-pellegrin-1024x924.png 1024w, https:\/\/www.radiopiu.net\/wordpress\/wp-content\/uploads\/2022\/06\/oscar-de-pellegrin-768x693.png 768w, https:\/\/www.radiopiu.net\/wordpress\/wp-content\/uploads\/2022\/06\/oscar-de-pellegrin-1536x1385.png 1536w, https:\/\/www.radiopiu.net\/wordpress\/wp-content\/uploads\/2022\/06\/oscar-de-pellegrin.png 2000w\" sizes=\"auto, (max-width: 138px) 100vw, 138px\" \/><\/a>RINNOVATA L\u2019INIZIATIVA DOTE SPORT<\/h3>\n<\/blockquote>\n<p><strong>BELLUNO<\/strong>\u00a0 L\u2019amministrazione De Pellegrin rinnova il fondo dedicato ai ragazzi e all\u2019attivit\u00e0 sportiva: nel sito del Comune di Belluno, sezione \u201cBandi e avvisi\u201d, nei prossimi giorni sar\u00e0 pubblicato il bando del Progetto Dote Sport 2022.<\/p>\n<p>&nbsp;<\/p>\n<p><strong>di\u00a0 DANIELE DALVIT<\/strong><\/p>\n<audio class=\"wp-audio-shortcode\" id=\"audio-305348-7\" preload=\"none\" style=\"width: 100%;\" controls=\"controls\"><source type=\"audio\/mpeg\" src=\"https:\/\/www.radiopiu.net\/wordpress\/wp-content\/uploads\/2022\/11\/daniele-dote-sport.mp3?_=7\" \/><a href=\"https:\/\/www.radiopiu.net\/wordpress\/wp-content\/uploads\/2022\/11\/daniele-dote-sport.mp3\">https:\/\/www.radiopiu.net\/wordpress\/wp-content\/uploads\/2022\/11\/daniele-dote-sport.mp3<\/a><\/audio>\n<p><strong>\u00a0<\/strong><\/p>\n<p>&nbsp;<\/p>\n<p>&nbsp;<\/p>\n<p>&nbsp;<\/p>\n<hr \/>\n<p>&nbsp;<\/p>\n<p><strong>DI TIZIANO DE COL\u00a0<\/strong><\/p>\n\n\t\t\t<style type='text\/css'>\n\t\t\t\t#gallery-3 {\n\t\t\t\t\tmargin: auto;\n\t\t\t\t}\n\t\t\t\t#gallery-3 .gallery-item {\n\t\t\t\t\tfloat: left;\n\t\t\t\t\tmargin-top: 10px;\n\t\t\t\t\ttext-align: center;\n\t\t\t\t\twidth: 50%;\n\t\t\t\t}\n\t\t\t\t#gallery-3 img {\n\t\t\t\t\tborder: 2px solid #cfcfcf;\n\t\t\t\t}\n\t\t\t\t#gallery-3 .gallery-caption {\n\t\t\t\t\tmargin-left: 0;\n\t\t\t\t}\n\t\t\t\t\/* see gallery_shortcode() in wp-includes\/media.php *\/\n\t\t\t<\/style>\n\t\t<div id='gallery-3' class='dt-gallery-container gallery galleryid-305348 gallery-columns-2 gallery-size-full'><dl class='gallery-item'>\n\t\t\t\t<dt class='gallery-icon landscape'>\n\t\t\t\t\t<a class=\"rollover rollover-zoom dt-pswp-item\" title=\"f2910b1e-4510-4863-8c0c-530acca14d1d-300x187\" data-dt-img-description=\"\" data-large_image_width=\"300\" data-large_image_height=\"187\"href='https:\/\/www.radiopiu.net\/wordpress\/wp-content\/uploads\/2022\/11\/f2910b1e-4510-4863-8c0c-530acca14d1d-300x187-1.jpeg'><img loading=\"lazy\" decoding=\"async\" width=\"300\" height=\"187\" src=\"https:\/\/www.radiopiu.net\/wordpress\/wp-content\/uploads\/2022\/11\/f2910b1e-4510-4863-8c0c-530acca14d1d-300x187-1.jpeg\" class=\"attachment-full size-full\" alt=\"\" \/><\/a>\n\t\t\t\t<\/dt><\/dl><dl class='gallery-item'>\n\t\t\t\t<dt class='gallery-icon landscape'>\n\t\t\t\t\t<a class=\"rollover rollover-zoom dt-pswp-item\" title=\"3ef86473-5a1c-4de1-82fe-7433ff709490-300x182\" data-dt-img-description=\"\" data-large_image_width=\"300\" data-large_image_height=\"182\"href='https:\/\/www.radiopiu.net\/wordpress\/wp-content\/uploads\/2022\/11\/3ef86473-5a1c-4de1-82fe-7433ff709490-300x182-1.jpeg'><img loading=\"lazy\" decoding=\"async\" width=\"300\" height=\"182\" src=\"https:\/\/www.radiopiu.net\/wordpress\/wp-content\/uploads\/2022\/11\/3ef86473-5a1c-4de1-82fe-7433ff709490-300x182-1.jpeg\" class=\"attachment-full size-full\" alt=\"\" \/><\/a>\n\t\t\t\t<\/dt><\/dl><br style=\"clear: both\" \/>\n\t\t\t<\/div>\n\n<p>&nbsp;<\/p>\n<blockquote class=\"wp-embedded-content\" data-secret=\"D5Ol7D2W3b\"><p><a href=\"https:\/\/www.radiopiu.net\/wordpress\/aziendazeronovembre09\/\">OLTRE 4 MILA NUOVE POSITIVITA&#8217; IN 24 ORE, 6 DECESSI. RICOVERI IN AUMENTO<\/a><\/p><\/blockquote>\n<p><iframe loading=\"lazy\" class=\"wp-embedded-content\" sandbox=\"allow-scripts\" security=\"restricted\" style=\"position: absolute; clip: rect(1px, 1px, 1px, 1px);\" title=\"&#8220;OLTRE 4 MILA NUOVE POSITIVITA&#8217; IN 24 ORE, 6 DECESSI. RICOVERI IN AUMENTO&#8221; &#8212; Radio Pi\u00f9\" src=\"https:\/\/www.radiopiu.net\/wordpress\/aziendazeronovembre09\/embed\/#?secret=zRLuuQTn8f#?secret=D5Ol7D2W3b\" data-secret=\"D5Ol7D2W3b\" width=\"600\" height=\"338\" frameborder=\"0\" marginwidth=\"0\" marginheight=\"0\" scrolling=\"no\"><\/iframe><\/p>\n<p>&nbsp;<\/p>\n<hr \/>\n<p>&nbsp;<\/p>\n<blockquote>\n<h3>VITA DALLA NUOVA VITA, DONAZIONE DI PLACENTA ALL&#8217;OSPEDALE DI FELTRE<\/h3>\n<\/blockquote>\n<p><span style=\"font-family: Calibri, serif;\"><strong>FELTRE<\/strong> Ieri\u00a0 \u00e8 stata effettuata la prima donazione di placenta da parte di una mamma che ha partorito all\u2019ostetricia di Feltre: \u00e8 stata attivata anche al Santa Maria del Prato, infatti, questa opportunit\u00e0 per le famiglie, fortemente voluta dalla Direzione Medica e dal Coordinamento Trapianti. <\/span><span style=\"font-family: Calibri, serif;\">All\u2019ostetricia di Belluno, dove questa possibilit\u00e0 \u00e8 attiva da tempo, nel 2022, ad oggi, le donazioni sono state 24, un numero molto maggiore degli anni precedenti, frutto del lavoro di sensibilizzazione fatto in questi anni dall\u2019ostetricia e dal coordinamento trapianti. <\/span><span style=\"font-family: Times New Roman, serif;\"><span style=\"color: #0d0d0d;\"><span style=\"font-family: Calibri, serif;\">La placenta \u00e8 il tessuto che si forma nell\u2019utero durante la gravidanza e serve per nutrire, proteggere e sostenere la crescita del bambino. Dopo il parto la placenta viene espulsa. <\/span><\/span><\/span><span style=\"font-family: Times New Roman, serif;\"><span style=\"color: #0d0d0d;\"><span style=\"font-family: Calibri, serif;\">Da alcuni anni si \u00e8 scoperto che dalla placenta pu\u00f2 essere estratta la membrana amniotica, un prezioso tessuto ricco di cellule staminali e con importanti propriet\u00e0 rigenerative, antiinfiammatorie e analgesiche che facilitano la guarigione e cicatrizzazione di ulcere, ustioni, ma anche di alcuni difetti dell\u2019occhio. Donarla consente quindi di migliorare la qualit\u00e0 di vita di persone affette da patologie dolorose che affrontano cure piuttosto impegnative. <\/span><\/span><\/span><span style=\"font-family: Times New Roman, serif;\"><span style=\"color: #0d0d0d;\"><span style=\"font-family: Calibri, serif;\">La donazione di placenta \u00e8 possibile per le mamme in gravidanze fisiologiche senza complicanze che partoriscono con un parto cesareo programmato: in questi casi, i professionisti che le incontrano come l&#8217;infermiere del coordinamento trapianti, l\u2019ostetrica o il medico informano le future mamme di questa opportunit\u00e0 e dei suoi benefici. Al momento dell&#8217;intervento, la placenta viene raccolta come da procedura, per salvaguardarne le propriet\u00e0 benefiche e viene inviata alla Banca dei Tessuti di Treviso per essere trattata, conservata ed inviata ai centri utilizzatori. <\/span><\/span><\/span><span style=\"font-family: Times New Roman, serif;\"><span style=\"font-family: Calibri, serif;\">Donare la placenta \u00e8 un gesto di alto significato altruistico, senza rischi per la donatrice: in un giorno di gioia come quello di una nuova nascita, le mamme hanno la possibilit\u00e0 di dare sollievo a tanti malati con un gesto di generosit\u00e0. <\/span><\/span><span style=\"font-family: Times New Roman, serif;\"><span style=\"font-family: Calibri, serif;\">I professionisti coinvolti sono a disposizione per ulteriori informazioni circa la donazione. <\/span><\/span><span style=\"font-family: Times New Roman, serif;\"><span style=\"font-family: Calibri, serif;\">Grazie alle mamme che scelgono questa opportunit\u00e0 e ai professionisti che ogni giorni si adoperano per incentivare questo atto di generosit\u00e0 che offre importanti benefici per molti pazienti\u00a0<\/span><\/span><\/p>\n<p>&nbsp;<\/p>\n<hr \/>\n<blockquote>\n<h3><\/h3>\n<h3>L&#8217;ABVS DI COL CUGNAN CELEBRA I 56 ANNI<\/h3>\n<\/blockquote>\n<p><strong>PONTE NELLE ALPI <\/strong>La sezione di Col di Cugnan legata all\u2019Abvs (Associazione Bellunesi Volontari del Sangue) celebra i 56 anni di attivit\u00e0.<span class=\"gmail-Apple-converted-space\"> \u00a0<\/span>Da oltre mezzo secolo, infatti, il sodalizio pontalpino persegue come finalit\u00e0 l\u2019importanza di donare il sangue, rivolgendosi in modo particolare ai giovani, per garantire il ricambio generazionale. In pi\u00f9, diffonde la cultura del benessere, della salute e dei corretti stili di vita, attraverso manifestazioni e incontri orientati a far crescere la solidariet\u00e0.<span class=\"gmail-Apple-converted-space\">\u00a0<\/span>\u00c8 bene ricordare che possono donare il sangue tutte le persone dai 18 ai 60 anni, con uno stile di vita adeguato. Per avere l\u2019idoneit\u00e0 si pu\u00f2 prendere contatto con una delle sezioni Abvs della provincia ed effettuare una semplice visita al Centro Trasfusionale di Belluno.<span class=\"gmail-Apple-converted-space\">\u00a0<\/span>La prima sezione a Ponte nelle Alpi venne fondata nel 1954, grazie all\u2019opera di don Fortunato Zalivani, parroco di Polpet, al maestro Giovanni Brustolon e a Vittorio Vittorelli, mentre la sezione di Col di Cugnan nasce nel 1966 e, proprio in questi giorni, ha confermato presidente Nicola Balcon.<\/p>\n<p>&nbsp;<\/p>\n<p>&nbsp;<\/p>\n<p>&nbsp;<\/p>\n<hr \/>\n<p>&nbsp;<\/p>\n<p>&nbsp;<\/p>\n<p>&nbsp;<\/p>\n<blockquote>\n<h3>UNA SCUOLA AD ANTSAKOAFALY, NEL RICORDO DELLA PROF. MONICA DE MARTIN<\/h3>\n<\/blockquote>\n<p><strong>AGORDO<\/strong> L&#8217;Istituto Umberto Follador-De Rossi di Agordo dove la compianta professoressa Monica De Martina ha insegnato per tanti anni, insieme alla famiglia, ha scelto di ricordare la &#8220;Dema&#8221; dando un volto ad un suo sogno.<\/p>\n<p><strong>\u201cChe tutti possano avere accesso all\u2019istruzione\u201d.\u00a0<\/strong> Per questo proponiamo, a chi lo desidera, di sostenere la realizzazione di una scuola in Madagascar per 395 bambini, progetto ideato dagli amici di don Elio Larese, stimato sacerdote e insegnante, alla cui memoria la scuola sar\u00e0 intitolata. Il progetto \u00e8 gestito e seguito dall\u2019Associazione \u201cInsieme si pu\u00f2\u2026\u201d di Belluno, nel quale potr\u00e0 trovare spazio anche la memoria della nostra cara Monica. Puoi far giungere direttamente il tuo appoggio con bonifico bancario intestato a: Associazione Gruppi Insieme si pu\u00f2 Onlus Cortina Banca IBAN: IT 23 A 08511 61240 00000 0023078 Causale: \u201cErogazione liberale &#8211; Scuola Madagascar, in memoria di Monica De Martin<\/p>\n<p>&nbsp;<\/p>\n<p>&nbsp;<\/p>\n<hr \/>\n<p>&nbsp;<\/p>\n<p>&nbsp;<\/p>\n<blockquote>\n<h3>L\u2019ASSESSORE BOTTACIN PRESENTERA\u2019 LA LEGGE REGIONALE SULLA PROTEZIONE CIVILE A BELLUNO<\/h3>\n<\/blockquote>\n<p><strong><a class=\"dt-pswp-item\" href=\"https:\/\/www.radiopiu.net\/wordpress\/wp-content\/uploads\/2020\/12\/BOTTACIN-1.png\" data-dt-img-description=\"\" data-large_image_width=\"1042\" data-large_image_height=\"690\"><img loading=\"lazy\" decoding=\"async\" class=\" wp-image-182306 alignleft\" src=\"https:\/\/www.radiopiu.net\/wordpress\/wp-content\/uploads\/2020\/12\/BOTTACIN-1-300x199.png\" alt=\"\" width=\"170\" height=\"113\" srcset=\"https:\/\/www.radiopiu.net\/wordpress\/wp-content\/uploads\/2020\/12\/BOTTACIN-1-300x199.png 300w, https:\/\/www.radiopiu.net\/wordpress\/wp-content\/uploads\/2020\/12\/BOTTACIN-1-1024x678.png 1024w, https:\/\/www.radiopiu.net\/wordpress\/wp-content\/uploads\/2020\/12\/BOTTACIN-1-768x509.png 768w, https:\/\/www.radiopiu.net\/wordpress\/wp-content\/uploads\/2020\/12\/BOTTACIN-1.png 1042w\" sizes=\"auto, (max-width: 170px) 100vw, 170px\" \/><\/a>VENEZIA <\/strong>Oggi\u00a0alle 18, l\u2019Assessore della Regione del Veneto della Protezione Civile, Gianpaolo Bottacin, presenter\u00e0 la nuova Legge regionale 13\/2022 \u201cDisciplina delle attivit\u00e0 della Protezione Civile\u201d alle associazioni di volontariato e all\u2019amministrazione comunale. All\u2019incontro, che si terr\u00e0 nella Sala Bianchi del Comune di Belluno (viale Fantuzzi, 11), parteciperanno anche Oscar De Pellegrin (Sindaco di Belluno), Roberto Padrin (Presidente della Provincia di Belluno), Pietro Cadorin (Presidente della Consulta provinciale delle Organizzazioni di Volontariato di PC), Lorenza De Kunovich (Assessore PC Comune Belluno), Luca Soppelsa (Direttore PC Regione Veneto).<\/p>\n<p>&nbsp;<\/p>\n<p>&nbsp;<\/p>\n<p>&nbsp;<\/p>\n<hr \/>\n<p>&nbsp;<\/p>\n<blockquote>\n<h3>DA GENNAIO INIZIANO I CORSI LIS PER LA LINGUA DEI SEGNI<\/h3>\n<\/blockquote>\n<p><strong>SEDICO <\/strong>C\u2019\u00e8 tempo fino al 30 novembre per iscriversi al Corso LIS &#8211; Lingua dei segni italiana di primo livello, promosso dalla sezione bellunese dell\u2019ENS-Ente Nazionale Sordi e dalla cooperativa Blhyster. Il corso, aperto a tutti coloro che sono interessati a conoscere la cultura sorda e desiderano acquisire le basi della lingua dei segni italiana, fornir\u00e0 gli strumenti necessari per comunicare con le persone sorde e utili per la comunicazione con persone che hanno altre disabilit\u00e0. Non sono richiesti particolari requisiti per l\u2019accesso. Il percorso \u00e8 particolarmente indicato per educatori, docenti, operatori del settore sociale e sanitario. Il programma didattico del corso si sviluppa in 155 ore di lezione e comprende LIS pratica (135 ore); grammatica LIS (10 ore) e discipline complementari (10 ore). Le lezioni si svolgeranno su piattaforma Zoom a partire dal 9 gennaio 2023, ogni luned\u00ec e gioved\u00ec dalle 17:30 alle 20:30 e un sabato mattina al mese.<\/p>\n<p>&nbsp;<\/p>\n<p>&nbsp;<\/p>\n<hr \/>\n<p>&nbsp;<\/p>\n<blockquote>\n<h3>L&#8217;ASSEMBLEA GENERALE DI BIM PIAVE<\/h3>\n<\/blockquote>\n<p><strong>BELLUNO<\/strong> E&#8217; stata convocata per oggi alle 15 l&#8217;assemblea generale di Bim Piave presso la sala convegni ANA di Belluno. Tra i punti all&#8217;ordine del giorno la terza variazione a bilancio, l&#8217;approvazione consolidata del bilancio 2021 e l&#8217;approvazione Regolamento per l\u2019assegnazione di contributi a valere sul fondo per il lavoro a sostegno delle attivit\u00e0 di Comuni e Unioni Montane<\/p>\n<p>&nbsp;<\/p>\n<p>&nbsp;<\/p>\n<hr \/>\n<p>&nbsp;<\/p>\n<blockquote>\n<h3>A CENCENIGHE, NOF FILO&#8217; INCONTRI CON PETTIROSSO AGORDINO<\/h3>\n<\/blockquote>\n<p><strong>CENCENIGHE<\/strong> Ultimo incontro con Pettirosso Agordino al Nof Fil\u00f2 di Cencenighe. Il 16 novembre con &#8220;L&#8217;impegno a tempo pieno di chi assiste la persona con demenza&#8221; in cui Erica Calvi (psicologa di Sersa) evidenzier\u00e0 la fatica invisibile di chi si prende cura di una persona malata.<\/p>\n<p>&nbsp;<\/p>\n<p>&nbsp;<\/p>\n<hr \/>\n<p>&nbsp;<\/p>\n<blockquote>\n<h3>I BAMBINI PER I BAMBINI, IL CONCERTO ORGANIZZATO DA UNICEF<\/h3>\n<\/blockquote>\n<p><strong>BELLUNO <\/strong>Oggi alle 18.30 al Teatro Comunale di Belluno Il Comitato provinciale di Unicef ha voluto organizzare, grazie alla preziosa\u00a0 collaborazione delle Insegnanti di musica del Liceo musicale Renier, dell\u2019I.C3 (Scuole Gabelli e Badilet) e Coro Arcobaleno di Limana, un concerto con un titolo molto significativo : \u201cI Bambini per i Bambini : note di Solidariet\u00e0\u201d. La data non \u00e8 casuale : infatti\u00a0 nel mese di novembre ricorre l\u2019anniversario della Convenzione dei diritti dell\u2019infanzia e della adolescenza, approvata dall\u2019ONU il 20 novembre 1989 e ratificata dall\u2019Italia nel 1991. In essa sono contenuti 54 articoli che spiegano quali sono i diritti fondamentali di ogni bambino.<\/p>\n<p>&nbsp;<\/p>\n<p>&nbsp;<\/p>\n<hr \/>\n<p>&nbsp;<\/p>\n<blockquote>\n<h3>SPETTACOLI DI MISTERO, GLI APPUNTAMENTI IN PROVINCIA<\/h3>\n<\/blockquote>\n<p>BELLUNO <strong>Quattro appuntamenti animeranno il prossimo week end: domani, a Borgo Valbelluna presso la Sala Ex Cinema San<\/strong> Pietro, con inizio alle 20.45, si terr\u00e0 LA PIAVE RACCONTA. Sabato, alle 14 prender\u00e0 il via dal centro storico di Mel PIAVE E TERCHE: CHE NASCONDONO? caccia al tesoro per bambini e famiglie. Domenica, dalle 14 al Parco di Lagole di CALALZO DI CADORE, visita guidata. Domenica, alle 8.30, da Seren del Grappa, in localit\u00e0 \u201cda Nardo\u201d, partir\u00e0 la visita guidata ACQUA, FONTE DI VITA E NON SOLO, una facile passeggiata.<\/p>\n<p>&nbsp;<\/p>\n<p>&nbsp;<\/p>\n<hr \/>\n<p>&nbsp;<\/p>\n<blockquote>\n<h3>LA SECONDA EDIZIONE DI MAGICOLERIA CON LA PROLOCO CASTIONESE<\/h3>\n<\/blockquote>\n<p><strong>BELLUNO\u00a0<\/strong> <span id=\"page3R_mcid5\" class=\"markedContent\"><span dir=\"ltr\" role=\"presentation\">Con<\/span> <span dir=\"ltr\" role=\"presentation\">grande entusiasmo<\/span><span dir=\"ltr\" role=\"presentation\">, dopo le restrizioni dovute al covid,<\/span> <span dir=\"ltr\" role=\"presentation\">la Pro Loco Pieve Castionese propone al <\/span><span dir=\"ltr\" role=\"presentation\">pubblico la seconda edizione della Magicoleria<\/span><span dir=\"ltr\" role=\"presentation\">. <\/span><\/span><span id=\"page3R_mcid6\" class=\"markedContent\"><span dir=\"ltr\" role=\"presentation\">Il<\/span> secondo appuntamento <span dir=\"ltr\" role=\"presentation\">al<\/span><span dir=\"ltr\" role=\"presentation\">le 18 al Teatro San<\/span> <span dir=\"ltr\" role=\"presentation\">Gaetano di <\/span><span dir=\"ltr\" role=\"presentation\">Castion. <\/span><\/span><span class=\"markedContent\"><span dir=\"ltr\" role=\"presentation\">D<\/span><span dir=\"ltr\" role=\"presentation\">omenica<\/span> <span dir=\"ltr\" role=\"presentation\">20 no<\/span><span dir=\"ltr\" role=\"presentation\">vembre <\/span><span dir=\"ltr\" role=\"presentation\">sar\u00e0 la volta di Paolo Rech<\/span><span dir=\"ltr\" role=\"presentation\">,<\/span> <span dir=\"ltr\" role=\"presentation\">pluripremiato<\/span> <span dir=\"ltr\" role=\"presentation\">artista<\/span><span dir=\"ltr\" role=\"presentation\">,<\/span> <span dir=\"ltr\" role=\"presentation\">che ha <\/span><span dir=\"ltr\" role=\"presentation\">gi<\/span><span dir=\"ltr\" role=\"presentation\">rato il mondo intero portando i<\/span><span dir=\"ltr\" role=\"presentation\">n scena<\/span> <span dir=\"ltr\" role=\"presentation\">i suoi burattini. Per prenotazioni e informazioni: cell. 3495872289<\/span><\/span><\/p>\n<p>&nbsp;<\/p>\n<p>&nbsp;<\/p>\n<hr \/>\n<p>&nbsp;<\/p>\n<blockquote>\n<h3>DUE MESSE CON LA CONFRATERNITA DELLA BEATA VERGINE DELLA SALUTE<\/h3>\n<\/blockquote>\n<p><strong>AGORDO<\/strong> Sono due gli appuntamenti con la Confraternita della Beata Vergine della salute. Domenica 20 novembre la Santa Messa nella chiesa arcidiaconale di Agordo alle 10:30, seguir\u00e0 il pranzo sociale al Ristorante Monte Civetta di Listolade. Il giorno dopo, 21 novembre, alla chiesetta di Toccol la messa alle 17:30.<\/p>\n<p>&nbsp;<\/p>\n<p>&nbsp;<\/p>\n<hr \/>\n<p>&nbsp;<\/p>\n<blockquote>\n<h3>IL CALENDARIO DEI VIGILI DEL FUOCO VOLONTARI DI CAPRILE<\/h3>\n<\/blockquote>\n<p><strong>ALLEGHE <\/strong>Anche quest&#8217;anno sar\u00e0 possibile acquistare il calendario dei Vigili del Fuoco Volontari di Caprile.\u00a0 Nei prossimi giorni saranno distribuiti in alcuni esercizi commerciali del territorio e potrete acquistarlo al prezzo di 10 euro. Il ricavato verr\u00e0 utilizzato unicamente per il mantenimento e l&#8217;acquisto di attrezzature per il soccorso necessarie a svolgere gli interventi. Nell&#8217;ultima parte del calendario \u00e8 presente un disegno da colorare per i piccoli sostenitori. Un piccolo gesto per sostenere i Vigili del Fuoco Volontari di Caprile.<\/p>\n<p>&nbsp;<\/p>\n<p>&nbsp;<\/p>\n<hr \/>\n<p>&nbsp;<\/p>\n<blockquote>\n<h3>AUTORI IN BIBLIOTECA A BORGO VALBELLUNA<\/h3>\n<\/blockquote>\n<p><strong>BORGO VALBELLUNA <\/strong>Le biblioteche di Borgo Valbelluna ospiteranno, tra novembre e dicembre, una serie di appuntamenti dedicati alla presentazione di libri di autori bellunesi. \u00abGli incontri, organizzati dall\u2019Amministrazione comunale, rientrano a pieno titolo tra gli obiettivi del settore culturale: in primis la promozione della lettura, come strumento di crescita individuale e sociale, ma anche l\u2019utilizzo degli spazi delle biblioteche per lo svolgimento di iniziative culturali, per\u00a0 far conoscere le biblioteche e i relativi servizi, e per promuovere le biblioteche come luoghi di conoscenza, socialit\u00e0 e aggregazione\u00bb commenta l\u2019Assessore alla cultura Monica Frapporti. La rassegna comincia domani, alle ore 18.30, in biblioteca di Trichiana, con Giovanni Trimeri e GianAntonio Cecchin, che, con il loro libro \u201c<em>I miracoli di Val Canzoi<\/em>\u201d, hanno voluto rendere omaggio a Dino Buzzati, per i 50 anni dalla prima edizione de \u201c<em>I miracoli di Val Morel<\/em>\u201d. Sar\u00e0 Lois Bernard a presentare questa edizione illustrata che affianca ad ogni testo un ex-voto per raccontare la storia della comunit\u00e0 di Val Canzoi, dove le vicende quotidiane si intrecciano con i grandi temi.<\/p>\n<p>&nbsp;<\/p>\n<p>&nbsp;<\/p>\n<hr \/>\n<p>&nbsp;<\/p>\n<blockquote>\n<h3>I CIOCCOLATINI DELL&#8217;AIRC IN PIAZZA AD AGORDO<\/h3>\n<\/blockquote>\n<p><strong>AGORDO<\/strong> Sabato e domenica dalle 9:30 alle 12 in Piazza Libert\u00e0 ad Agordo i volontari dell&#8217;AIRC saranno presenti per la vendita dei &#8220;Cioccolatini della ricerca&#8221;, la raccolta fondi nazionale per la ricerca sul cancro.<\/p>\n<p>&nbsp;<\/p>\n<p>&nbsp;<\/p>\n<hr \/>\n<p>&nbsp;<\/p>\n<blockquote>\n<h3>UNA SERATA DI MUSICA SARDA A BELLUNO<\/h3>\n<\/blockquote>\n<p><strong>BELLUNO<\/strong> \u00c8 in programma per venerd\u00ec 18 novembre al Teatro Giovanni XXII di Belluno lo spettacolo di musica sarda &#8220;Terra mia &#8211; Cantende Ballende&#8221;. Inizio alle 20:45 con ingresso libero.<\/p>\n<p>&nbsp;<\/p>\n<hr \/>\n<p>&nbsp;<\/p>\n<blockquote>\n<h3>CASTAGNATA ALPINA<\/h3>\n<\/blockquote>\n<p><strong>FALCADE<\/strong> Il gruppo Ana (alpini) organizza per domenica alle 14 la castagnata presso la sede in pizza cooperativa. Dalle 14.30 la gara di briscola, torneo a 16 coppie, iscrizioni 20 euro a coppia. Info 338 5628415<\/p>\n<p>&nbsp;<\/p>\n<hr \/>\n<p>&nbsp;<\/p>\n<blockquote>\n<h3>IL NUOVO MARCHIO DELLA DMO<\/h3>\n<\/blockquote>\n<p><strong>ALLEGHE<\/strong> Venerdi alle 14 in sala Stoppani ad Alleghe il consorzio Dmo Dolomiti, in singergia con i consorzi turistici d&#8217;area incontrer\u00e0 gli operatori turistici per parlare dell&#8217;utilizzo del nuovo marchio, sinergie tra territori, reputazione, valori, linguaggi e relazioni secondo le linee guida della brand strategy per un approccio coerente e coeso alla comunicazione e promozione.<\/p>\n<p>&nbsp;<\/p>\n<hr \/>\n<p>&nbsp;<\/p>\n<p>&nbsp;<\/p>\n<blockquote>\n<h3>SINDACI A CENA&#8230;ERGO, SINDACI CHE SERVONO LA CENA<\/h3>\n<\/blockquote>\n<p><strong>BELLUNO<\/strong>\u00a0 Sindaci camerieri per una sera; torna venerd\u00ec 18 novembre a Sedico il tradizionale appuntamento autunnale con la Cena dei sindaci, serata di beneficenza organizzata dall&#8217;associazione Gocce di Sole.<\/p>\n<p>&nbsp;<\/p>\n<p><strong>DI DANIELE DALVIT<\/strong><\/p>\n<audio class=\"wp-audio-shortcode\" id=\"audio-305348-8\" preload=\"none\" style=\"width: 100%;\" controls=\"controls\"><source type=\"audio\/mpeg\" src=\"https:\/\/www.radiopiu.net\/wordpress\/wp-content\/uploads\/2022\/11\/camerirer.mp3?_=8\" \/><a href=\"https:\/\/www.radiopiu.net\/wordpress\/wp-content\/uploads\/2022\/11\/camerirer.mp3\">https:\/\/www.radiopiu.net\/wordpress\/wp-content\/uploads\/2022\/11\/camerirer.mp3<\/a><\/audio>\n<p>&nbsp;<\/p>\n<p>&nbsp;<\/p>\n<hr \/>\n<p>&nbsp;<\/p>\n<p>&nbsp;<\/p>\n<blockquote>\n<h3>ALLA RADIO<\/h3>\n<h2>LA LUCCIOLATA, DOMENICA DA AGORDO A RIF CON CASTAGNE E TOMBOLA<\/h2>\n<\/blockquote>\n<p>ospite Eva Da Rif &#8211; Boce da Rif<\/p>\n<p>di Mirko Mezzacasa<\/p>\n<audio class=\"wp-audio-shortcode\" id=\"audio-305348-9\" preload=\"none\" style=\"width: 100%;\" controls=\"controls\"><source type=\"audio\/mpeg\" src=\"https:\/\/www.radiopiu.net\/wordpress\/wp-content\/uploads\/2022\/11\/LUCCIOLATA-EVA-OLIVIERO.mp3?_=9\" \/><a href=\"https:\/\/www.radiopiu.net\/wordpress\/wp-content\/uploads\/2022\/11\/LUCCIOLATA-EVA-OLIVIERO.mp3\">https:\/\/www.radiopiu.net\/wordpress\/wp-content\/uploads\/2022\/11\/LUCCIOLATA-EVA-OLIVIERO.mp3<\/a><\/audio>\n<p>&nbsp;<\/p>\n<p>&nbsp;<\/p>\n<p>&nbsp;<\/p>\n<p>&nbsp;<\/p>\n<hr \/>\n<p>&nbsp;<\/p>\n<blockquote>\n<h3>ARMIN CALLIGARO ALL&#8217;AUDIZIONE PER SAN REMO<\/h3>\n<\/blockquote>\n<p>Un cadorino, di Pieve di Cadore, sta vivendo il suo sogno ad areasanremo,<\/p>\n<div dir=\"auto\"><\/div>\n<div dir=\"auto\"><strong>ARMIN CALLIGARO, IERI ALLA RADIO\u00a0<\/strong><\/div>\n<div dir=\"auto\">\n<audio class=\"wp-audio-shortcode\" id=\"audio-305348-10\" preload=\"none\" style=\"width: 100%;\" controls=\"controls\"><source type=\"audio\/mpeg\" src=\"https:\/\/www.radiopiu.net\/wordpress\/wp-content\/uploads\/2022\/11\/ARMIN.mp3?_=10\" \/><a href=\"https:\/\/www.radiopiu.net\/wordpress\/wp-content\/uploads\/2022\/11\/ARMIN.mp3\">https:\/\/www.radiopiu.net\/wordpress\/wp-content\/uploads\/2022\/11\/ARMIN.mp3<\/a><\/audio>\n<\/div>\n<div dir=\"auto\"><\/div>\n<p>&nbsp;<\/p>\n<p>&nbsp;<\/p>\n<hr \/>\n<p>&nbsp;<\/p>\n<h2><span style=\"color: #ff6600;\">IERI ALLA RADIO\u00a0\u00a0<\/span><\/h2>\n<h2><span style=\"color: #ff0000;\">SE NON LA SMETTI TI MANDO DAL PRESIDE<\/span><\/h2>\n<p><strong>PUNTATA DEL 09 NOVEMBRE 2022\u00a0<\/strong><\/p>\n<audio class=\"wp-audio-shortcode\" id=\"audio-305348-11\" preload=\"none\" style=\"width: 100%;\" controls=\"controls\"><source type=\"audio\/mpeg\" src=\"https:\/\/www.radiopiu.net\/wordpress\/wp-content\/uploads\/2022\/11\/PRESIDE.mp3?_=11\" \/><a href=\"https:\/\/www.radiopiu.net\/wordpress\/wp-content\/uploads\/2022\/11\/PRESIDE.mp3\">https:\/\/www.radiopiu.net\/wordpress\/wp-content\/uploads\/2022\/11\/PRESIDE.mp3<\/a><\/audio>\n<p>&nbsp;<\/p>\n<hr \/>\n<p>&nbsp;<\/p>\n<blockquote class=\"wp-embedded-content\" data-secret=\"6BkGNmnIcU\"><p><a href=\"https:\/\/www.radiopiu.net\/wordpress\/tanti-auguri-don-fabiano\/\">TANTI AUGURI DON FABIANO<\/a><\/p><\/blockquote>\n<p><iframe loading=\"lazy\" class=\"wp-embedded-content\" sandbox=\"allow-scripts\" security=\"restricted\" style=\"position: absolute; clip: rect(1px, 1px, 1px, 1px);\" title=\"&#8220;TANTI AUGURI DON FABIANO&#8221; &#8212; Radio Pi\u00f9\" src=\"https:\/\/www.radiopiu.net\/wordpress\/tanti-auguri-don-fabiano\/embed\/#?secret=QRuQXsSrWd#?secret=6BkGNmnIcU\" data-secret=\"6BkGNmnIcU\" width=\"600\" height=\"338\" frameborder=\"0\" marginwidth=\"0\" marginheight=\"0\" scrolling=\"no\"><\/iframe><\/p>\n<p>&nbsp;<\/p>\n<hr \/>\n<p>&nbsp;<\/p>\n<div>\n<div class=\"b654a4as d2edcug0\">\n<div class=\"rq0escxv hkbzh7o3 jwdofwj8 n8tt0mok r8blr3vg hyh9befq\">\n<p><a class=\"dt-pswp-item\" href=\"https:\/\/www.radiopiu.net\/wordpress\/wp-content\/uploads\/2020\/10\/pp.jpg\" data-dt-img-description=\"\" data-large_image_width=\"640\" data-large_image_height=\"640\"><img loading=\"lazy\" decoding=\"async\" class=\"wp-image-163678 alignleft\" src=\"https:\/\/www.radiopiu.net\/wordpress\/wp-content\/uploads\/2020\/10\/pp-300x300.jpg\" alt=\"\" width=\"106\" height=\"106\" srcset=\"https:\/\/www.radiopiu.net\/wordpress\/wp-content\/uploads\/2020\/10\/pp-300x300.jpg 300w, https:\/\/www.radiopiu.net\/wordpress\/wp-content\/uploads\/2020\/10\/pp-150x150.jpg 150w, https:\/\/www.radiopiu.net\/wordpress\/wp-content\/uploads\/2020\/10\/pp-125x125.jpg 125w, https:\/\/www.radiopiu.net\/wordpress\/wp-content\/uploads\/2020\/10\/pp-200x200.jpg 200w, https:\/\/www.radiopiu.net\/wordpress\/wp-content\/uploads\/2020\/10\/pp-80x80.jpg 80w, https:\/\/www.radiopiu.net\/wordpress\/wp-content\/uploads\/2020\/10\/pp-480x480.jpg 480w, https:\/\/www.radiopiu.net\/wordpress\/wp-content\/uploads\/2020\/10\/pp.jpg 640w\" sizes=\"auto, (max-width: 106px) 100vw, 106px\" \/><\/a><\/p>\n<\/div>\n<\/div>\n<\/div>\n<div>\n<div class=\"page-title-head hgroup\">\n<div class=\"page-title-head hgroup\">\n<div class=\"b654a4as d2edcug0\">\n<div class=\"j83agx80 btwxx1t3 lhclo0ds hop8lmos nkwizq5d scwd0bx6 roh60bw9\">\n<div class=\"rq0escxv hkbzh7o3 jwdofwj8 n8tt0mok r8blr3vg hyh9befq\">\n<div class=\"do00u71z l9j0dhe7 k4urcfbm\">\n<h2><span style=\"color: #000080;\">DON CESARE, IL PENSIERO DEL GIORNO. ALLA RADIO ALLE 7 DEL MATTINO E ALLE 19.30 DELLA SERA<\/span><\/h2>\n<\/div>\n<\/div>\n<\/div>\n<\/div>\n<\/div>\n<\/div>\n<\/div>\n<p>&nbsp;<\/p>\n<p>&nbsp;<\/p>\n<audio class=\"wp-audio-shortcode\" id=\"audio-305348-12\" preload=\"none\" style=\"width: 100%;\" controls=\"controls\"><source type=\"audio\/mpeg\" src=\"https:\/\/www.radiopiu.net\/wordpress\/wp-content\/uploads\/2022\/11\/cesare-1.mp3?_=12\" \/><a href=\"https:\/\/www.radiopiu.net\/wordpress\/wp-content\/uploads\/2022\/11\/cesare-1.mp3\">https:\/\/www.radiopiu.net\/wordpress\/wp-content\/uploads\/2022\/11\/cesare-1.mp3<\/a><\/audio>\n<p>&nbsp;<\/p>\n<p>&nbsp;<\/p>\n<p>&nbsp;<\/p>\n<hr \/>\n<p>&nbsp;<\/p>\n<h2><span style=\"color: #339966;\">COLLAGE OPERAZIONE NOSTALGIA<\/span><\/h2>\n<p>La nuova settimana di Collage si aprir\u00e0 all\u2019insegna della musica italiana degli anni 60 con un interprete particolare ovvero David Bowie che ci regaler\u00e0 la sua versione di \u201cRagazzo solo, ragazza sola\u201d cover di \u201cSpace oddity\u201d. La programmazione proseguir\u00e0 nella consueta alternanza di brani internazionali ed italiani con una puntata dedicata alle voci femminili straniere e la presenza per la prima volta in scaletta di artisti come Teresa De Sio, Franco Califano, Mimmo Locasciulli e Sergio Caputo. Collage va in onda dal luned\u00ec al venerd\u00ec alle 16,00 e alle 23,00 naturalmente su Radio Pi\u00f9.<\/p>\n<p>&nbsp;<\/p>\n<p>&nbsp;<\/p>\n<p><strong>LA PUNTATA DEL LUNEDI, 656<\/strong><\/p>\n<audio class=\"wp-audio-shortcode\" id=\"audio-305348-13\" preload=\"none\" style=\"width: 100%;\" controls=\"controls\"><source type=\"audio\/mpeg\" src=\"https:\/\/www.radiopiu.net\/wordpress\/wp-content\/uploads\/2022\/11\/Collage-656.mp3?_=13\" \/><a href=\"https:\/\/www.radiopiu.net\/wordpress\/wp-content\/uploads\/2022\/11\/Collage-656.mp3\">https:\/\/www.radiopiu.net\/wordpress\/wp-content\/uploads\/2022\/11\/Collage-656.mp3<\/a><\/audio>\n<p>&nbsp;<\/p>\n<p><strong>LA PUNTATA DEL MARTEDI, 657<\/strong><\/p>\n<audio class=\"wp-audio-shortcode\" id=\"audio-305348-14\" preload=\"none\" style=\"width: 100%;\" controls=\"controls\"><source type=\"audio\/mpeg\" src=\"https:\/\/www.radiopiu.net\/wordpress\/wp-content\/uploads\/2022\/11\/Collage-657.mp3?_=14\" \/><a href=\"https:\/\/www.radiopiu.net\/wordpress\/wp-content\/uploads\/2022\/11\/Collage-657.mp3\">https:\/\/www.radiopiu.net\/wordpress\/wp-content\/uploads\/2022\/11\/Collage-657.mp3<\/a><\/audio>\n<p>&nbsp;<\/p>\n<p><strong>LA PUNTATA DEL MERCOLEDI, 658<\/strong><\/p>\n<audio class=\"wp-audio-shortcode\" id=\"audio-305348-15\" preload=\"none\" style=\"width: 100%;\" controls=\"controls\"><source type=\"audio\/mpeg\" src=\"https:\/\/www.radiopiu.net\/wordpress\/wp-content\/uploads\/2022\/11\/Collage-658.mp3?_=15\" \/><a href=\"https:\/\/www.radiopiu.net\/wordpress\/wp-content\/uploads\/2022\/11\/Collage-658.mp3\">https:\/\/www.radiopiu.net\/wordpress\/wp-content\/uploads\/2022\/11\/Collage-658.mp3<\/a><\/audio>\n<p>&nbsp;<\/p>\n<p><strong>LA PUNTATA DEL GIOVEDI, 659<\/strong><\/p>\n<audio class=\"wp-audio-shortcode\" id=\"audio-305348-16\" preload=\"none\" style=\"width: 100%;\" controls=\"controls\"><source type=\"audio\/mpeg\" src=\"https:\/\/www.radiopiu.net\/wordpress\/wp-content\/uploads\/2022\/11\/COGI.mp3?_=16\" \/><a href=\"https:\/\/www.radiopiu.net\/wordpress\/wp-content\/uploads\/2022\/11\/COGI.mp3\">https:\/\/www.radiopiu.net\/wordpress\/wp-content\/uploads\/2022\/11\/COGI.mp3<\/a><\/audio>\n<p>&nbsp;<\/p>\n<hr \/>\n<p>&nbsp;<\/p>\n<p><img loading=\"lazy\" decoding=\"async\" class=\"aligncenter wp-image-61954 size-full\" src=\"https:\/\/www.radiopiu.net\/wordpress\/wp-content\/uploads\/2018\/09\/viabilita.jpeg\" sizes=\"auto, (max-width: 800px) 100vw, 800px\" srcset=\"https:\/\/www.radiopiu.net\/wordpress\/wp-content\/uploads\/2018\/09\/viabilita.jpeg 800w, https:\/\/www.radiopiu.net\/wordpress\/wp-content\/uploads\/2018\/09\/viabilita-300x38.jpeg 300w, https:\/\/www.radiopiu.net\/wordpress\/wp-content\/uploads\/2018\/09\/viabilita-768x96.jpeg 768w\" alt=\"\" width=\"800\" height=\"100\" \/><\/p>\n<p>&nbsp;<\/p>\n<p>&nbsp;<\/p>\n<p><strong>AGGIORNAMENTO VENETO STRADE, AGGIORNAMENTO CONTINUO H 24<\/strong><\/p>\n<blockquote class=\"wp-embedded-content\" data-secret=\"9wf3V0TDmF\"><p><a href=\"https:\/\/www.radiopiu.net\/wordpress\/viabilita\/\">viabilita<\/a><\/p><\/blockquote>\n<p><iframe loading=\"lazy\" class=\"wp-embedded-content\" sandbox=\"allow-scripts\" security=\"restricted\" style=\"position: absolute; clip: rect(1px, 1px, 1px, 1px);\" title=\"&#8220;viabilita&#8221; &#8212; Radio Pi\u00f9\" src=\"https:\/\/www.radiopiu.net\/wordpress\/viabilita\/embed\/#?secret=exj5JCjbOl#?secret=9wf3V0TDmF\" data-secret=\"9wf3V0TDmF\" width=\"600\" height=\"338\" frameborder=\"0\" marginwidth=\"0\" marginheight=\"0\" scrolling=\"no\"><\/iframe><\/p>\n<p>&nbsp;<\/p>\n<p>&nbsp;<\/p>\n<hr \/>\n<p>&nbsp;<\/p>\n<p><a class=\"dt-pswp-item\" href=\"https:\/\/www.radiopiu.net\/wordpress\/wp-content\/uploads\/2018\/09\/WhatsApp-Image-2018-09-20-at-16.04.06.jpeg\" data-dt-img-description=\"\" data-large_image_width=\"800\" data-large_image_height=\"100\"><img loading=\"lazy\" decoding=\"async\" class=\"wp-image-61378 size-full aligncenter\" src=\"https:\/\/www.radiopiu.net\/wordpress\/wp-content\/uploads\/2018\/09\/WhatsApp-Image-2018-09-20-at-16.04.06.jpeg\" alt=\"\" width=\"800\" height=\"100\" srcset=\"https:\/\/www.radiopiu.net\/wordpress\/wp-content\/uploads\/2018\/09\/WhatsApp-Image-2018-09-20-at-16.04.06.jpeg 800w, https:\/\/www.radiopiu.net\/wordpress\/wp-content\/uploads\/2018\/09\/WhatsApp-Image-2018-09-20-at-16.04.06-300x38.jpeg 300w, https:\/\/www.radiopiu.net\/wordpress\/wp-content\/uploads\/2018\/09\/WhatsApp-Image-2018-09-20-at-16.04.06-768x96.jpeg 768w\" sizes=\"auto, (max-width: 800px) 100vw, 800px\" \/><\/a><\/p>\n<p>&nbsp;<\/p>\n<p><center><b>Giovedi 10<\/b><\/center><b>Tempo atteso: <\/b>Tempo lievemente perturbato tra la notte ed il primo mattino con deboli precipitazioni, nevose oltre i 2000-2400 m. Da met\u00e0 mattinata prime schiarite a partire da Prealpi occidentali in rapida estensione alle Dolomiti fino poco nuvoloso ovunque nel pomeriggio.<br \/>\n<b>Precipitazioni: <\/b>Tra notte e fino al primo mattino deboli diffuse (80-100 %), in esaurimento a partire da Prealpi occidentali e a seguire su Dolomiti. Da met\u00e0 mattinata assenti ovunque. Limite deboli nevicate in calo su Dolomiti settentrionali fin sui 2000-2200 m, localmente e temporaneamente a 1600\/1800 m in caso di precipitazioni moderate nelle valli pi\u00f9 strette, altrove a 2200-2500 m. Dalla sera di mercoled\u00ec sono previsti mediamente 5-10 mm su Dolomiti (con altrettanti cm di neve oltre i 2400\/2600 m) e 10-20 mm su Prealpi, localmente di pi\u00f9 sui Lessini.<br \/>\n<b>Temperature: <\/b>Temperature minime in aumento nelle valli e in calo in alta quota, massime generalmente stazionarie.<\/p>\n<hr \/>\n<p><center><b>Venerdi 11<\/b><\/center><b>Tempo atteso: <\/b>Tempo stabile, parzialmente soleggiato per sottili velature a tratti anche estese specie nella seconda parte della giornata e qualche addensamento su prealpi verso sera. Nella notte e al mattino possibile formazione di nubi basse o nebbia nei fondovalle prealpini. Contesto termico decisamente mite per il periodo in quota e nei settori assolati.<br \/>\n<b>Precipitazioni: <\/b>Assenti (0%)<br \/>\n<b>Temperature: <\/b>Minime in calo nelle valli, massime in generale aumento. Condizioni di marcata inversione termica nelle valli.<\/p>\n<hr \/>\n<p><center><b>Sabato 12<\/b><\/center>Tempo stabile e ben soleggiato con cielo poco nuvoloso per la presenza di nubi alte e sottili solo a tratti estese. Verso sera possibile generale aumento della nuvolosit\u00e0 a partire da Prealpi dove non \u00e8 del tutto escluso qualche debolissimo fenomeno. Temperature in generale calo specie in quota.<\/p>\n<hr \/>\n<p><center><b>Domenica 13<\/b><\/center>Nella notte e al mattino nuvolosit\u00e0 irregolare a tratti estesa associata a qualche debolissimo fenomeno sparso con qualche eventuale fiocco a 1500\/1700 m, dalle ore centrali e nel pomeriggio tendenza a schiarite via via pi\u00f9 ampie. Temperature in generale temporaneo calo.<\/p>\n<p>&nbsp;<\/p>\n<hr \/>\n<p>&nbsp;<\/p>\n<p><a class=\"dt-pswp-item\" href=\"https:\/\/www.radiopiu.net\/wordpress\/wp-content\/uploads\/2018\/09\/sport.jpg\" data-dt-img-description=\"\" data-large_image_width=\"800\" data-large_image_height=\"100\"><img loading=\"lazy\" decoding=\"async\" class=\"aligncenter wp-image-60761 size-full\" src=\"https:\/\/www.radiopiu.net\/wordpress\/wp-content\/uploads\/2018\/09\/sport.jpg\" alt=\"\" width=\"800\" height=\"100\" srcset=\"https:\/\/www.radiopiu.net\/wordpress\/wp-content\/uploads\/2018\/09\/sport.jpg 800w, https:\/\/www.radiopiu.net\/wordpress\/wp-content\/uploads\/2018\/09\/sport-300x38.jpg 300w, https:\/\/www.radiopiu.net\/wordpress\/wp-content\/uploads\/2018\/09\/sport-768x96.jpg 768w\" sizes=\"auto, (max-width: 800px) 100vw, 800px\" \/><\/a><\/p>\n<p>&nbsp;<\/p>\n<p><span style=\"color: #0000ff;\"><strong>CALCIO<\/strong><\/span><\/p>\n<blockquote>\n<h3>AGORDINA IN ZONA PLAYOUT DOPO OTTO GIORNATE GIOCATE<\/h3>\n<\/blockquote>\n<p><strong>REDAZIONE<\/strong> Dopo le prime otto giornate giocate l&#8217;Agordina Calcio si piazza nella parte bassa della classifica della Seconda Categoria girone T del Veneto. Due vittorie, due pareggi e quattro sconfitte il ruolino di marcia della squadra allenata da Marco Lorenzi che domenica scorsa ha perso malamente contro la capolista Sarmede. In terra trevigiana gli agordini hanno tenuto testa agli avversari per circa 40&#8242; per poi crollare e lasciare una campo aperto ai trevigiani che hanno rifilato ben sette gol alla compagine di Agordo. Non \u00e8 stata una brutta prestazione dell&#8217;undici di Lorenzi ma il Sarmede ha fatto vedere di meritarsi la prima posizione in classifica vincendo una partita giocata per gran parte con l&#8217;uomo in meno. Una settimana per schiarirsi le idee e domenica prossima l&#8217;Agordina giocher\u00e0 in casa il derby contro la Sospirolese.<\/p>\n<p><strong>MARCO LORENZI, ALLENATORE DELL&#8217;AGORDINA<\/strong><\/p>\n<audio class=\"wp-audio-shortcode\" id=\"audio-305348-17\" preload=\"none\" style=\"width: 100%;\" controls=\"controls\"><source type=\"audio\/mpeg\" src=\"https:\/\/www.radiopiu.net\/wordpress\/wp-content\/uploads\/2022\/11\/MARCO-LORENZI-SARMEDE.mp3?_=17\" \/><a href=\"https:\/\/www.radiopiu.net\/wordpress\/wp-content\/uploads\/2022\/11\/MARCO-LORENZI-SARMEDE.mp3\">https:\/\/www.radiopiu.net\/wordpress\/wp-content\/uploads\/2022\/11\/MARCO-LORENZI-SARMEDE.mp3<\/a><\/audio>\n<p>&nbsp;<\/p>\n<hr \/>\n<p>&nbsp;<\/p>\n<p><span style=\"color: #0000ff;\"><strong>PALLAVOLO<\/strong><\/span><\/p>\n<blockquote>\n<h3>PER GONZALO MARTINES SERVE CARATTERE NELLE PROSSIME USCITE<\/h3>\n<\/blockquote>\n<p><strong>BELLUNO<\/strong> Tre partite e tre vittorie: nove punti a disposizione e nove conquistati. Il ruolino casalingo della pallavolo maschile Belluno \u00e8 semplicemente impeccabile. Ma, al di fuori dei confini provinciali, e regionali, la situazione \u00e8 ben diversa: perch\u00e9 una volta archiviato il bellissimo 3-0 nel derby d\u2019esordio a San Don\u00e0 di Piave, i rinoceronti hanno rimediato due sconfitte, tra Mirandola e Bologna, con un bilancio complessivo di 6 parziali al passivo e uno all\u2019attivo. Da qui, l\u2019inevitabile domanda: la DRL ha il \u201cmal di trasferta\u201d? Ad abbozzare una risposta \u00e8 Gonzalo Martinez. Un libero che, a dispetto della giovane et\u00e0 (ha compiuto vent\u2019anni in settembre), \u00e8 un punto fermo della rosa dolomitica: \u00ab\u00c8 chiaro che tutto diventa pi\u00f9 facile e immediato quando giochiamo davanti al nostro meraviglioso pubblico, ma dobbiamo abituarci a lottare anche fuori casa. Domenica scorsa, la Geetit ha mantenuto una buona continuit\u00e0 di pallavolo per l\u2019intero incontro, noi per\u00f2 non siamo stati all\u2019altezza\u00bb. Fattore ambientale, clima, atmosfera, difficolt\u00e0 logistiche: \u00e8 difficile trovare una sola ragione per spiegare la differenza di rendimento tra casa e trasferta. \u00abLa realt\u00e0 \u00e8 che non ci sono alibi &#8211; ammonisce Martinez &#8211; spetta a noi migliorare\u00bb. Anche perch\u00e9 domenica alle 18 \u00e8 in calendario il confronto di Pineto contro l\u2019Abba, capoclassifica insieme a Savigliano: \u00abAffronteremo uno dei sestetti pi\u00f9 attrezzati del campionato, lo sappiamo. Per questo, servir\u00e0 una prova di carattere. Dovremo mettere in pratica ci\u00f2 che \u00e8 venuto a mancare nella trasferta di Bologna. Pure in termini di fiducia\u00bb.<span class=\"gmail-Apple-converted-space\">\u00a0<\/span><\/p>\n<p>&nbsp;<\/p>\n<p>&nbsp;<\/p>\n<hr \/>\n<p>&nbsp;<\/p>\n<p><span style=\"color: #0000ff;\"><strong>NUOTO<\/strong><\/span><\/p>\n<blockquote>\n<h3>MEETING DI BOLZANO: SESTO POSTO DI SQUADRA PER LA SPORTIVAMENTE BELLUNO<\/h3>\n<\/blockquote>\n<p><strong>BELLUNO <\/strong>La Sportivamente Belluno brilla all\u2019International Swimmeeting S\u00fcdtirol-Alto Adige: nella piscina \u201cAlbert Pircher\u201d di Bolzano, 22 nuotatori bellunesi hanno gareggiato insieme ad atleti di profilo internazionale, come lo svizzero Noe Ponti (bronzo olimpico e argento europeo nei 100 delfino), il greco Georgios Spanoudakis e i portoghesi Miguel Marques e Fernando Souza da Silva. In questo nobile contesto, la Sportivamente ha avuto il merito di classificarsi al sesto posto su 37 squadre partecipanti. Un grande risultato del collettivo, quindi, ma frutto di prove singole da applausi. Come quella di Filippo Monestier: classe 2007, si \u00e8 piazzato fra i top nei 100 stile (il tempo di 52\u201d8 \u00e8 valso la seconda piazza) aggiudicandosi un posto ai prossimi Criteria Nazionali Giovanili. In pi\u00f9, si \u00e8 messo al collo un bronzo nei 50 delfino (27\u201d2) e un argento nei 50 stile (24\u201d34). Grande protagonista anche Elisa Petten\u00f2: classe 2008, ha agguantato la seconda posizione nei 100 stile (1\u201900\u201d4) e la prima nei 50 dorso (30\u201d77) con un evidente margine sulle inseguitrici. Non contenta, ha concluso la collezione di medaglie con il bronzo nei 50 stile (27\u201d73). Bravissima pure la compagna Anna Simon: 5 gare e 4 volte sul podio. Dal terzo gradino nei 100 stile (1\u201902\u201d12) e nei 50 stile (28\u201d5) ai primati nei 100 (1\u201917\u201d45) e 50 rana (35\u201d21). Alessandro Nerviani, invece, ha sfiorato la terza piazza per soli 4 decimi (58\u201d52), ma \u00e8 d\u2019argento nei 50 (34\u201d63) e 100 rana (1\u201915\u201d79), di bronzo nei 100 dorso (1\u201909\u201d69). E soprattutto d\u2019oro nei 50 stile con il tempo di 26\u201d49. A Bolzano, inoltre, hanno ben figurato Nestore Casagrande, Alessandro Facchin, Tomaso Damiano Miari Fulcis, Ivan Somacal, Andrea Frisaldi, Samuele Gashi, Matteo Longi, Levi Riccardo Cervo, Valentina Sovilla, Sofia Emilia Caldart e Minerva Dall\u2019\u00d2.<\/p>\n<p>&nbsp;<\/p>\n<p>&nbsp;<\/p>\n<hr \/>\n<p>&nbsp;<\/p>\n<blockquote>\n<h3><strong>AL VIA LE ISCRIZIONI PER IL TORNEO DEGLI ANGELI 2022<\/strong><\/h3>\n<\/blockquote>\n<p><strong>AGORDO\u00a0<\/strong>L&#8217;U.S. Le Ville organizza la 15\u00aa edizione del Torneo Degli Angeli in memoria di Thierry Brancaleone e Denis Benvegnu&#8217;. La societ\u00e0 di Agordo ha aperto le iscrizioni per l&#8217;edizione 2022 che si terr\u00e0 al PalaRova di Agordo dal 3 al 18 dicembre. In base alle iscrizioni delle squadre si compongono i gironi che potranno essere di 4 squadre in caso di 8 iscrizioni o di 3 formazioni in caso di 9 iscrizioni. Per informazioni ed iscrizioni al torneo contattare il 339 7202864 oppure 320 8452373<\/p>\n","protected":false},"excerpt":{"rendered":"<p>RADIO PIU INFORMAZIONE il canale su TELEGRAM informazione di prima\u00a0 mano e in tempo reale. iscriviti ed aiutaci a farlo conoscere\u00a0\u00a0 &nbsp; &nbsp; DAL 15 NOVEMBRE PNEUMATICI INVERNALI O CATENE A BORDO SEDICO Veneto Strade ricorda che a partire dal 15 novembre 2022 e fino al 15 aprile 2023 vige l&#8217;obbligo di circolare sulla strade&hellip;<\/p>\n","protected":false},"author":4,"featured_media":305752,"comment_status":"closed","ping_status":"closed","sticky":false,"template":"","format":"standard","meta":{"_monsterinsights_skip_tracking":false,"_monsterinsights_sitenote_active":false,"_monsterinsights_sitenote_note":"","_monsterinsights_sitenote_category":0,"footnotes":""},"categories":[86,49],"tags":[],"class_list":["post-305348","post","type-post","status-publish","format-standard","has-post-thumbnail","hentry","category-gr","category-news-18","category-86","category-49","description-off"],"img_url":"https:\/\/www.radiopiu.net\/wordpress\/wp-content\/uploads\/2022\/11\/29f8ce72-d8cb-4b13-90b2-3ae401db1d87.jpg","_links":{"self":[{"href":"https:\/\/www.radiopiu.net\/wordpress\/wp-json\/wp\/v2\/posts\/305348","targetHints":{"allow":["GET"]}}],"collection":[{"href":"https:\/\/www.radiopiu.net\/wordpress\/wp-json\/wp\/v2\/posts"}],"about":[{"href":"https:\/\/www.radiopiu.net\/wordpress\/wp-json\/wp\/v2\/types\/post"}],"author":[{"embeddable":true,"href":"https:\/\/www.radiopiu.net\/wordpress\/wp-json\/wp\/v2\/users\/4"}],"replies":[{"embeddable":true,"href":"https:\/\/www.radiopiu.net\/wordpress\/wp-json\/wp\/v2\/comments?post=305348"}],"version-history":[{"count":0,"href":"https:\/\/www.radiopiu.net\/wordpress\/wp-json\/wp\/v2\/posts\/305348\/revisions"}],"wp:featuredmedia":[{"embeddable":true,"href":"https:\/\/www.radiopiu.net\/wordpress\/wp-json\/wp\/v2\/media\/305752"}],"wp:attachment":[{"href":"https:\/\/www.radiopiu.net\/wordpress\/wp-json\/wp\/v2\/media?parent=305348"}],"wp:term":[{"taxonomy":"category","embeddable":true,"href":"https:\/\/www.radiopiu.net\/wordpress\/wp-json\/wp\/v2\/categories?post=305348"},{"taxonomy":"post_tag","embeddable":true,"href":"https:\/\/www.radiopiu.net\/wordpress\/wp-json\/wp\/v2\/tags?post=305348"}],"curies":[{"name":"wp","href":"https:\/\/api.w.org\/{rel}","templated":true}]}}