{"id":305414,"date":"2022-11-09T12:33:48","date_gmt":"2022-11-09T11:33:48","guid":{"rendered":"https:\/\/www.radiopiu.net\/wordpress\/?p=305414"},"modified":"2022-11-10T10:33:48","modified_gmt":"2022-11-10T09:33:48","slug":"meeting-di-bolzano-sesto-posto-di-squadra-per-la-sportivamente-belluno","status":"publish","type":"post","link":"https:\/\/www.radiopiu.net\/wordpress\/meeting-di-bolzano-sesto-posto-di-squadra-per-la-sportivamente-belluno\/","title":{"rendered":"MEETING DI BOLZANO: SESTO POSTO DI SQUADRA  PER LA SPORTIVAMENTE BELLUNO"},"content":{"rendered":"<p><strong><a class=\"dt-pswp-item\" href=\"https:\/\/www.radiopiu.net\/wordpress\/wp-content\/uploads\/2022\/11\/Atleti_di_categoria.jpeg\" data-dt-img-description=\"\" data-large_image_width=\"1591\" data-large_image_height=\"1061\"><img loading=\"lazy\" decoding=\"async\" class=\"size-medium wp-image-305602 alignleft\" src=\"https:\/\/www.radiopiu.net\/wordpress\/wp-content\/uploads\/2022\/11\/Atleti_di_categoria-300x200.jpeg\" alt=\"\" width=\"300\" height=\"200\" srcset=\"https:\/\/www.radiopiu.net\/wordpress\/wp-content\/uploads\/2022\/11\/Atleti_di_categoria-300x200.jpeg 300w, https:\/\/www.radiopiu.net\/wordpress\/wp-content\/uploads\/2022\/11\/Atleti_di_categoria-1024x683.jpeg 1024w, https:\/\/www.radiopiu.net\/wordpress\/wp-content\/uploads\/2022\/11\/Atleti_di_categoria-768x512.jpeg 768w, https:\/\/www.radiopiu.net\/wordpress\/wp-content\/uploads\/2022\/11\/Atleti_di_categoria-1536x1024.jpeg 1536w, https:\/\/www.radiopiu.net\/wordpress\/wp-content\/uploads\/2022\/11\/Atleti_di_categoria.jpeg 1591w\" sizes=\"auto, (max-width: 300px) 100vw, 300px\" \/><\/a>BELLUNO <\/strong>La Sportivamente Belluno brilla all\u2019International Swimmeeting S\u00fcdtirol-Alto Adige: nella piscina \u201cAlbert Pircher\u201d di Bolzano, 22 nuotatori bellunesi hanno gareggiato insieme ad atleti di profilo internazionale, come lo svizzero Noe Ponti (bronzo olimpico e argento europeo nei 100 delfino), il greco Georgios Spanoudakis e i portoghesi Miguel Marques e Fernando Souza da Silva. In questo nobile contesto, la Sportivamente ha avuto il merito di classificarsi al sesto posto su 37 squadre partecipanti. Un grande risultato del collettivo, quindi, ma frutto di prove singole da applausi. Come quella di Filippo Monestier: classe 2007, si \u00e8 piazzato fra i top nei 100 stile (il tempo di 52\u201d8 \u00e8 valso la seconda piazza) aggiudicandosi un posto ai prossimi Criteria Nazionali Giovanili. In pi\u00f9, si \u00e8 messo al collo un bronzo nei 50 delfino (27\u201d2) e un argento nei 50 stile (24\u201d34). Grande protagonista anche Elisa Petten\u00f2: classe 2008, ha agguantato la seconda posizione nei 100 stile (1\u201900\u201d4) e la prima nei 50 dorso (30\u201d77) con un evidente margine sulle inseguitrici. Non contenta, ha concluso la collezione di medaglie con il bronzo nei 50 stile (27\u201d73). Bravissima pure la compagna Anna Simon: 5 gare e 4 volte sul podio. Dal terzo gradino nei 100 stile (1\u201902\u201d12) e nei 50 stile (28\u201d5) ai primati nei 100 (1\u201917\u201d45) e 50 rana (35\u201d21). Alessandro Nerviani, invece, ha sfiorato la terza piazza per soli 4 decimi (58\u201d52), ma \u00e8 d\u2019argento nei 50 (34\u201d63) e 100 rana (1\u201915\u201d79), di bronzo nei 100 dorso (1\u201909\u201d69). E soprattutto d\u2019oro nei 50 stile con il tempo di 26\u201d49. A Bolzano, inoltre, hanno ben figurato Nestore Casagrande, Alessandro Facchin, Tomaso Damiano Miari Fulcis, Ivan Somacal, Andrea Frisaldi, Samuele Gashi, Matteo Longi, Levi Riccardo Cervo, Valentina Sovilla, Sofia Emilia Caldart e Minerva Dall\u2019\u00d2.<\/p>\n<p>&nbsp;<\/p>\n<p>&nbsp;<\/p>\n<p>*******<\/p>\n","protected":false},"excerpt":{"rendered":"<p>BELLUNO La Sportivamente Belluno brilla all\u2019International Swimmeeting S\u00fcdtirol-Alto Adige: nella piscina \u201cAlbert Pircher\u201d di Bolzano, 22 nuotatori bellunesi hanno gareggiato insieme ad atleti di profilo internazionale, come lo svizzero Noe Ponti (bronzo olimpico e argento europeo nei 100 delfino), il greco Georgios Spanoudakis e i portoghesi Miguel Marques e Fernando Souza da Silva. In questo&hellip;<\/p>\n","protected":false},"author":4,"featured_media":305602,"comment_status":"closed","ping_status":"closed","sticky":false,"template":"","format":"standard","meta":{"_monsterinsights_skip_tracking":false,"_monsterinsights_sitenote_active":false,"_monsterinsights_sitenote_note":"","_monsterinsights_sitenote_category":0,"footnotes":""},"categories":[49],"tags":[],"class_list":["post-305414","post","type-post","status-publish","format-standard","has-post-thumbnail","hentry","category-news-18","category-49","description-off"],"img_url":"https:\/\/www.radiopiu.net\/wordpress\/wp-content\/uploads\/2022\/11\/Atleti_di_categoria.jpeg","_links":{"self":[{"href":"https:\/\/www.radiopiu.net\/wordpress\/wp-json\/wp\/v2\/posts\/305414","targetHints":{"allow":["GET"]}}],"collection":[{"href":"https:\/\/www.radiopiu.net\/wordpress\/wp-json\/wp\/v2\/posts"}],"about":[{"href":"https:\/\/www.radiopiu.net\/wordpress\/wp-json\/wp\/v2\/types\/post"}],"author":[{"embeddable":true,"href":"https:\/\/www.radiopiu.net\/wordpress\/wp-json\/wp\/v2\/users\/4"}],"replies":[{"embeddable":true,"href":"https:\/\/www.radiopiu.net\/wordpress\/wp-json\/wp\/v2\/comments?post=305414"}],"version-history":[{"count":0,"href":"https:\/\/www.radiopiu.net\/wordpress\/wp-json\/wp\/v2\/posts\/305414\/revisions"}],"wp:featuredmedia":[{"embeddable":true,"href":"https:\/\/www.radiopiu.net\/wordpress\/wp-json\/wp\/v2\/media\/305602"}],"wp:attachment":[{"href":"https:\/\/www.radiopiu.net\/wordpress\/wp-json\/wp\/v2\/media?parent=305414"}],"wp:term":[{"taxonomy":"category","embeddable":true,"href":"https:\/\/www.radiopiu.net\/wordpress\/wp-json\/wp\/v2\/categories?post=305414"},{"taxonomy":"post_tag","embeddable":true,"href":"https:\/\/www.radiopiu.net\/wordpress\/wp-json\/wp\/v2\/tags?post=305414"}],"curies":[{"name":"wp","href":"https:\/\/api.w.org\/{rel}","templated":true}]}}