{"id":305460,"date":"2022-11-09T17:03:49","date_gmt":"2022-11-09T16:03:49","guid":{"rendered":"https:\/\/www.radiopiu.net\/wordpress\/?p=305460"},"modified":"2022-11-09T17:03:49","modified_gmt":"2022-11-09T16:03:49","slug":"vita-dalla-nuova-vita-donazione-di-placenta-allospedale-di-feltre","status":"publish","type":"post","link":"https:\/\/www.radiopiu.net\/wordpress\/vita-dalla-nuova-vita-donazione-di-placenta-allospedale-di-feltre\/","title":{"rendered":"VITA DALLA NUOVA VITA, DONAZIONE DI PLACENTA ALL&#8217;OSPEDALE DI FELTRE\u00a0"},"content":{"rendered":"<blockquote>\n<h3><\/h3>\n<\/blockquote>\n<p><span style=\"font-family: Calibri, serif;\"><a class=\"dt-pswp-item\" href=\"https:\/\/www.radiopiu.net\/wordpress\/wp-content\/uploads\/2022\/11\/WhatsApp-Image-2022-11-09-at-12.53.41.jpeg\" data-dt-img-description=\"\" data-large_image_width=\"1200\" data-large_image_height=\"1600\"><img loading=\"lazy\" decoding=\"async\" class=\"size-medium wp-image-305458 alignleft\" src=\"https:\/\/www.radiopiu.net\/wordpress\/wp-content\/uploads\/2022\/11\/WhatsApp-Image-2022-11-09-at-12.53.41-225x300.jpeg\" alt=\"\" width=\"225\" height=\"300\" srcset=\"https:\/\/www.radiopiu.net\/wordpress\/wp-content\/uploads\/2022\/11\/WhatsApp-Image-2022-11-09-at-12.53.41-225x300.jpeg 225w, https:\/\/www.radiopiu.net\/wordpress\/wp-content\/uploads\/2022\/11\/WhatsApp-Image-2022-11-09-at-12.53.41-768x1024.jpeg 768w, https:\/\/www.radiopiu.net\/wordpress\/wp-content\/uploads\/2022\/11\/WhatsApp-Image-2022-11-09-at-12.53.41-1152x1536.jpeg 1152w, https:\/\/www.radiopiu.net\/wordpress\/wp-content\/uploads\/2022\/11\/WhatsApp-Image-2022-11-09-at-12.53.41.jpeg 1200w\" sizes=\"auto, (max-width: 225px) 100vw, 225px\" \/><\/a><strong>FELTRE<\/strong>\u00a0 Oggi \u00e8 stata effettuata la prima donazione di placenta da parte di una mamma che ha partorito all\u2019ostetricia di Feltre: \u00e8 stata attivata anche al Santa Maria del Prato, infatti, questa opportunit\u00e0 per le famiglie, fortemente voluta dalla Direzione Medica e dal Coordinamento Trapianti. <\/span><span style=\"font-family: Calibri, serif;\">All\u2019ostetricia di Belluno, dove questa possibilit\u00e0 \u00e8 attiva da tempo, nel 2022, ad oggi, le donazioni sono state 24, un numero molto maggiore degli anni precedenti, frutto del lavoro di sensibilizzazione fatto in questi anni dall\u2019ostetricia e dal coordinamento trapianti. <\/span><span style=\"font-family: Times New Roman, serif;\"><span style=\"color: #0d0d0d;\"><span style=\"font-family: Calibri, serif;\">La placenta \u00e8 il tessuto che si forma nell\u2019utero durante la gravidanza e serve per nutrire, proteggere e sostenere la crescita del bambino. Dopo il parto la placenta viene espulsa. <\/span><\/span><\/span><span style=\"font-family: Times New Roman, serif;\"><span style=\"color: #0d0d0d;\"><span style=\"font-family: Calibri, serif;\">Da alcuni anni si \u00e8 scoperto che dalla placenta pu\u00f2 essere estratta la membrana amniotica, un prezioso tessuto ricco di cellule staminali e con importanti propriet\u00e0 rigenerative, antiinfiammatorie e analgesiche che facilitano la guarigione e cicatrizzazione di ulcere, ustioni, ma anche di alcuni difetti dell\u2019occhio. Donarla consente quindi di migliorare la qualit\u00e0 di vita di persone affette da patologie dolorose che affrontano cure piuttosto impegnative. <\/span><\/span><\/span><span style=\"font-family: Times New Roman, serif;\"><span style=\"color: #0d0d0d;\"><span style=\"font-family: Calibri, serif;\">La donazione di placenta \u00e8 possibile per le mamme in gravidanze fisiologiche senza complicanze che partoriscono con un parto cesareo programmato: in questi casi, i professionisti che le incontrano come l&#8217;infermiere del coordinamento trapianti, l\u2019ostetrica o il medico informano le future mamme di questa opportunit\u00e0 e dei suoi benefici. Al momento dell&#8217;intervento, la placenta viene raccolta come da procedura, per salvaguardarne le propriet\u00e0 benefiche e viene inviata alla Banca dei Tessuti di Treviso per essere trattata, conservata ed inviata ai centri utilizzatori. <\/span><\/span><\/span><span style=\"font-family: Times New Roman, serif;\"><span style=\"font-family: Calibri, serif;\">Donare la placenta \u00e8 un gesto di alto significato altruistico, senza rischi per la donatrice: in un giorno di gioia come quello di una nuova nascita, le mamme hanno la possibilit\u00e0 di dare sollievo a tanti malati con un gesto di generosit\u00e0. <\/span><\/span><span style=\"font-family: Times New Roman, serif;\"><span style=\"font-family: Calibri, serif;\">I professionisti coinvolti sono a disposizione per ulteriori informazioni circa la donazione. <\/span><\/span><span style=\"font-family: Times New Roman, serif;\"><span style=\"font-family: Calibri, serif;\">Grazie alle mamme che scelgono questa opportunit\u00e0 e ai professio<\/span><\/span><span style=\"font-family: Times New Roman, serif;\"><span style=\"font-family: Calibri, serif;\">nisti che ogni giorni si adoperano per incentivare questo atto di generosit\u00e0 che offre importanti benefici per molti pazienti<\/span><\/span><\/p>\n<p>&nbsp;<\/p>\n<p>&nbsp;<\/p>\n<hr \/>\n<p>&nbsp;<\/p>\n","protected":false},"excerpt":{"rendered":"<p>FELTRE\u00a0 Oggi \u00e8 stata effettuata la prima donazione di placenta da parte di una mamma che ha partorito all\u2019ostetricia di Feltre: \u00e8 stata attivata anche al Santa Maria del Prato, infatti, questa opportunit\u00e0 per le famiglie, fortemente voluta dalla Direzione Medica e dal Coordinamento Trapianti. All\u2019ostetricia di Belluno, dove questa possibilit\u00e0 \u00e8 attiva da tempo,&hellip;<\/p>\n","protected":false},"author":4,"featured_media":76822,"comment_status":"closed","ping_status":"closed","sticky":false,"template":"","format":"standard","meta":{"_monsterinsights_skip_tracking":false,"_monsterinsights_sitenote_active":false,"_monsterinsights_sitenote_note":"","_monsterinsights_sitenote_category":0,"footnotes":""},"categories":[49],"tags":[],"class_list":["post-305460","post","type-post","status-publish","format-standard","has-post-thumbnail","hentry","category-news-18","category-49","description-off"],"img_url":"https:\/\/www.radiopiu.net\/wordpress\/wp-content\/uploads\/2019\/02\/ospedale-di-feltre.jpeg","_links":{"self":[{"href":"https:\/\/www.radiopiu.net\/wordpress\/wp-json\/wp\/v2\/posts\/305460","targetHints":{"allow":["GET"]}}],"collection":[{"href":"https:\/\/www.radiopiu.net\/wordpress\/wp-json\/wp\/v2\/posts"}],"about":[{"href":"https:\/\/www.radiopiu.net\/wordpress\/wp-json\/wp\/v2\/types\/post"}],"author":[{"embeddable":true,"href":"https:\/\/www.radiopiu.net\/wordpress\/wp-json\/wp\/v2\/users\/4"}],"replies":[{"embeddable":true,"href":"https:\/\/www.radiopiu.net\/wordpress\/wp-json\/wp\/v2\/comments?post=305460"}],"version-history":[{"count":0,"href":"https:\/\/www.radiopiu.net\/wordpress\/wp-json\/wp\/v2\/posts\/305460\/revisions"}],"wp:featuredmedia":[{"embeddable":true,"href":"https:\/\/www.radiopiu.net\/wordpress\/wp-json\/wp\/v2\/media\/76822"}],"wp:attachment":[{"href":"https:\/\/www.radiopiu.net\/wordpress\/wp-json\/wp\/v2\/media?parent=305460"}],"wp:term":[{"taxonomy":"category","embeddable":true,"href":"https:\/\/www.radiopiu.net\/wordpress\/wp-json\/wp\/v2\/categories?post=305460"},{"taxonomy":"post_tag","embeddable":true,"href":"https:\/\/www.radiopiu.net\/wordpress\/wp-json\/wp\/v2\/tags?post=305460"}],"curies":[{"name":"wp","href":"https:\/\/api.w.org\/{rel}","templated":true}]}}