{"id":305466,"date":"2022-11-11T05:31:47","date_gmt":"2022-11-11T04:31:47","guid":{"rendered":"https:\/\/www.radiopiu.net\/wordpress\/?p=305466"},"modified":"2022-11-11T09:00:50","modified_gmt":"2022-11-11T08:00:50","slug":"giornale-radiopiu-11-novembre-2022-direttore-mirko-mezzacasa","status":"publish","type":"post","link":"https:\/\/www.radiopiu.net\/wordpress\/giornale-radiopiu-11-novembre-2022-direttore-mirko-mezzacasa\/","title":{"rendered":"GIORNALE RADIOPIU 11 NOVEMBRE 2022 DIRETTORE MIRKO MEZZACASA"},"content":{"rendered":"<h3 class=\"kvgmc6g5 cxmmr5t8 oygrvhab hcukyx3x c1et5uql\"><span style=\"color: #0000ff;\"><strong>RADIO PIU INFORMAZIONE il canale su TELEGRAM informazione di prima\u00a0 <\/strong><strong>mano e in tempo reale. iscriviti ed aiutaci a farlo conoscere\u00a0 \u00a0\u00a0<\/strong><\/span><\/h3>\n<p><strong>PREFETTURA<\/strong>\u00a0 Oggi festa del Patrono di Belluno, gli Uffici della Prefettura \u2013 Ufficio Territoriale del Governo \u2013 resteranno chiusi. Saranno comunque garantiti i servizi essenziali e sar\u00e0 sempre reperibile il funzionario di turno.<\/p>\n<p>&nbsp;<\/p>\n<hr \/>\n<p>&nbsp;<\/p>\n<blockquote>\n<h3>TERREMOTO POCO OLTRE PASSO SAN PELLEGRINO<\/h3>\n<\/blockquote>\n<p><strong>REDAZIONE<\/strong> La segnalazione dall&#8217;assessorato alla Protezione Civile Regionale: terremoto a Soraga di Fassa poco oltre Passo San Pellegrino in Val di Fassa. La terra ha tremato alle 22.22, magnitudo 2,4, profondit\u00e0 14 chilometri. LE PRIME REAZIONI Dalla Valle del Biois alla Conca Agordina, fino nello zoldano le segnalazioni. Anche il simografo di Agordo segnala la scossa con una variazione (diagramma sotto riportato) <a class=\"x1i10hfl xjbqb8w x6umtig x1b1mbwd xaqea5y xav7gou x9f619 x1ypdohk xt0psk2 xe8uvvx xdj266r x11i5rnm xat24cr x1mh8g0r xexx8yu x4uap5 x18d9i69 xkhd6sd x16tdsg8 x1hl2dhg xggy1nq x1a2a7pz x1heor9g xt0b8zv\" tabindex=\"0\" role=\"link\" href=\"https:\/\/www.facebook.com\/diana.groppa.1?comment_id=Y29tbWVudDo2NTczNzA1OTkwOTMzNTFfMTE3NjQ3NTE0OTg5NDMzNw%3D%3D&amp;__cft__[0]=AZXZVZu2iyfIJIWVeN0au4yf4k3j9cooZmlv64jcf_iiHUEVoB07eo7U1LeJ8zulFeRPVIVRVzHyooGFBpzqHG7DmBZuKnkt86SUmIuYYxg6Jwt4c0oUQrF2s16QfVT57n61BgQG93n9GCWYV7JbaYu0S1phSUe6s2S8fHhaDGHhoOtk_TJFuaR0fpCKcc98xj0&amp;__tn__=R]-R\" aria-hidden=\"false\"><span class=\"x3nfvp2\"><span class=\"x193iq5w xeuugli x13faqbe x1vvkbs x1xmvt09 x1lliihq x1s928wv xhkezso x1gmr53x x1cpjm7i x1fgarty x1943h6x x4zkp8e x676frb x1nxh6w3 x1sibtaa x1s688f xzsf02u\" dir=\"auto\">Diana Groppa<\/span><\/span><\/a>\u00a0 Cencenighe sentita benissimo <a class=\"x1i10hfl xjbqb8w x6umtig x1b1mbwd xaqea5y xav7gou x9f619 x1ypdohk xt0psk2 xe8uvvx xdj266r x11i5rnm xat24cr x1mh8g0r xexx8yu x4uap5 x18d9i69 xkhd6sd x16tdsg8 x1hl2dhg xggy1nq x1a2a7pz x1heor9g xt0b8zv\" tabindex=\"0\" role=\"link\" href=\"https:\/\/www.facebook.com\/bruna.vallo.1?comment_id=Y29tbWVudDo2NTczNzA1OTkwOTMzNTFfNjY2ODQ0NDY1MDMyMDE3&amp;__cft__[0]=AZXZVZu2iyfIJIWVeN0au4yf4k3j9cooZmlv64jcf_iiHUEVoB07eo7U1LeJ8zulFeRPVIVRVzHyooGFBpzqHG7DmBZuKnkt86SUmIuYYxg6Jwt4c0oUQrF2s16QfVT57n61BgQG93n9GCWYV7JbaYu0S1phSUe6s2S8fHhaDGHhoOtk_TJFuaR0fpCKcc98xj0&amp;__tn__=R]-R\" aria-hidden=\"false\"><span class=\"x3nfvp2\"><span class=\"x193iq5w xeuugli x13faqbe x1vvkbs x1xmvt09 x1lliihq x1s928wv xhkezso x1gmr53x x1cpjm7i x1fgarty x1943h6x x4zkp8e x676frb x1nxh6w3 x1sibtaa x1s688f xzsf02u\" dir=\"auto\">Bruna Vallo<\/span><\/span><\/a> Anche Taibon <a class=\"x1i10hfl xjbqb8w x6umtig x1b1mbwd xaqea5y xav7gou x9f619 x1ypdohk xt0psk2 xe8uvvx xdj266r x11i5rnm xat24cr x1mh8g0r xexx8yu x4uap5 x18d9i69 xkhd6sd x16tdsg8 x1hl2dhg xggy1nq x1a2a7pz xt0b8zv xzsf02u x1s688f\" tabindex=\"0\" role=\"link\" href=\"https:\/\/www.facebook.com\/luisa.pooh?__cft__[0]=AZXZVZu2iyfIJIWVeN0au4yf4k3j9cooZmlv64jcf_iiHUEVoB07eo7U1LeJ8zulFeRPVIVRVzHyooGFBpzqHG7DmBZuKnkt86SUmIuYYxg6Jwt4c0oUQrF2s16QfVT57n61BgQG93n9GCWYV7JbaYu0S1phSUe6s2S8fHhaDGHhoOtk_TJFuaR0fpCKcc98xj0&amp;__tn__=R]-R\"><span class=\"xt0psk2\">Luisa Bulf<\/span><\/a>\u00a0 Sentita\u00a0 Taibon <a class=\"x1i10hfl xjbqb8w x6umtig x1b1mbwd xaqea5y xav7gou x9f619 x1ypdohk xt0psk2 xe8uvvx xdj266r x11i5rnm xat24cr x1mh8g0r xexx8yu x4uap5 x18d9i69 xkhd6sd x16tdsg8 x1hl2dhg xggy1nq x1a2a7pz x1heor9g xt0b8zv\" tabindex=\"0\" role=\"link\" href=\"https:\/\/www.facebook.com\/elisa.tonini.90?comment_id=Y29tbWVudDo2NTczNzA1OTkwOTMzNTFfNjQ5NjM4NjY2NjM5ODE4&amp;__cft__[0]=AZXZVZu2iyfIJIWVeN0au4yf4k3j9cooZmlv64jcf_iiHUEVoB07eo7U1LeJ8zulFeRPVIVRVzHyooGFBpzqHG7DmBZuKnkt86SUmIuYYxg6Jwt4c0oUQrF2s16QfVT57n61BgQG93n9GCWYV7JbaYu0S1phSUe6s2S8fHhaDGHhoOtk_TJFuaR0fpCKcc98xj0&amp;__tn__=R]-R\" aria-hidden=\"false\"><span class=\"x3nfvp2\"><span class=\"x193iq5w xeuugli x13faqbe x1vvkbs x1xmvt09 x1lliihq x1s928wv xhkezso x1gmr53x x1cpjm7i x1fgarty x1943h6x x4zkp8e x676frb x1nxh6w3 x1sibtaa x1s688f xzsf02u\" dir=\"auto\">Elisa Tonini<\/span><\/span><\/a> Anche io in Zoldo <a class=\"x1i10hfl xjbqb8w x6umtig x1b1mbwd xaqea5y xav7gou x9f619 x1ypdohk xt0psk2 xe8uvvx xdj266r x11i5rnm xat24cr x1mh8g0r xexx8yu x4uap5 x18d9i69 xkhd6sd x16tdsg8 x1hl2dhg xggy1nq x1a2a7pz x1heor9g xt0b8zv\" tabindex=\"0\" role=\"link\" href=\"https:\/\/www.facebook.com\/profile.php?id=100008349738093&amp;comment_id=Y29tbWVudDo2NTczNzA1OTkwOTMzNTFfNzExOTg2NTc2NDc5NDYy&amp;__cft__[0]=AZXZVZu2iyfIJIWVeN0au4yf4k3j9cooZmlv64jcf_iiHUEVoB07eo7U1LeJ8zulFeRPVIVRVzHyooGFBpzqHG7DmBZuKnkt86SUmIuYYxg6Jwt4c0oUQrF2s16QfVT57n61BgQG93n9GCWYV7JbaYu0S1phSUe6s2S8fHhaDGHhoOtk_TJFuaR0fpCKcc98xj0&amp;__tn__=R]-R\" aria-hidden=\"false\"><span class=\"x3nfvp2\"><span class=\"x193iq5w xeuugli x13faqbe x1vvkbs x1xmvt09 x1lliihq x1s928wv xhkezso x1gmr53x x1cpjm7i x1fgarty x1943h6x x4zkp8e x676frb x1nxh6w3 x1sibtaa x1s688f xzsf02u\" dir=\"auto\">Liliana Soppelsa<\/span><\/span><\/a> Agordo avvertita bene\u00a0 <a class=\"x1i10hfl xjbqb8w x6umtig x1b1mbwd xaqea5y xav7gou x9f619 x1ypdohk xt0psk2 xe8uvvx xdj266r x11i5rnm xat24cr x1mh8g0r xexx8yu x4uap5 x18d9i69 xkhd6sd x16tdsg8 x1hl2dhg xggy1nq x1a2a7pz x1heor9g xt0b8zv\" tabindex=\"0\" role=\"link\" href=\"https:\/\/www.facebook.com\/nevio.decol?comment_id=Y29tbWVudDozMzcxNzY3MDgzMTA2MDU0Xzc5NzU5Mjc4Nzk5Mjg3OA%3D%3D&amp;__cft__[0]=AZWhNuK4M5LEfDQ6b-Tkin1VZnebMHBFEH0k64J-FmA53BFt9Pbqo5Gqb5OGCLgPdf5XWLdmrVFp7nVe9NFIQUtxHG8S7yfLmICETEJ3KJFE8Q&amp;__tn__=R]-R\" aria-hidden=\"false\"><span class=\"x3nfvp2\"><span class=\"x193iq5w xeuugli x13faqbe x1vvkbs x1xmvt09 x1lliihq x1s928wv xhkezso x1gmr53x x1cpjm7i x1fgarty x1943h6x x4zkp8e x676frb x1nxh6w3 x1sibtaa x1s688f xzsf02u\" dir=\"auto\">Nevio De Col<\/span><\/span><\/a> Appena avvertito a La Valle <a class=\"x1i10hfl xjbqb8w x6umtig x1b1mbwd xaqea5y xav7gou x9f619 x1ypdohk xt0psk2 xe8uvvx xdj266r x11i5rnm xat24cr x1mh8g0r xexx8yu x4uap5 x18d9i69 xkhd6sd x16tdsg8 x1hl2dhg xggy1nq x1a2a7pz x1heor9g xt0b8zv\" tabindex=\"0\" role=\"link\" href=\"https:\/\/www.facebook.com\/celestina.bruno.12?comment_id=Y29tbWVudDozMzcxNzY3MDgzMTA2MDU0XzEyODEyNDAwMTkzNzk4Nzg%3D&amp;__cft__[0]=AZWhNuK4M5LEfDQ6b-Tkin1VZnebMHBFEH0k64J-FmA53BFt9Pbqo5Gqb5OGCLgPdf5XWLdmrVFp7nVe9NFIQUtxHG8S7yfLmICETEJ3KJFE8Q&amp;__tn__=R]-R\" aria-hidden=\"false\"><span class=\"x3nfvp2\"><span class=\"x193iq5w xeuugli x13faqbe x1vvkbs x1xmvt09 x1lliihq x1s928wv xhkezso x1gmr53x x1cpjm7i x1fgarty x1943h6x x4zkp8e x676frb x1nxh6w3 x1sibtaa x1s688f xzsf02u\" dir=\"auto\">Celestina Bruno<\/span><\/span><\/a> Sentito a Cencenighe\u00a0 e anche spaventata <a class=\"x1i10hfl xjbqb8w x6umtig x1b1mbwd xaqea5y xav7gou x9f619 x1ypdohk xt0psk2 xe8uvvx xdj266r x11i5rnm xat24cr x1mh8g0r xexx8yu x4uap5 x18d9i69 xkhd6sd x16tdsg8 x1hl2dhg xggy1nq x1a2a7pz x1heor9g xt0b8zv\" tabindex=\"0\" role=\"link\" href=\"https:\/\/www.facebook.com\/debora.michiel?comment_id=Y29tbWVudDo0OTg2MDM2Mzg5NTE0NTRfNjY3NjI1NDcxNjI2NzMw&amp;__cft__[0]=AZWaAupuESQ8oqmXbpw4Obm03pqLg52Z-nqEy0a71d7eNw_i6Hoo6MJ-q8JVxkKhj5Lzq8-t3j79uqCeWA0w9GPmP5a8-GdxIBVO_XYqfdYgLZqBxyGpSaE0DieQog_B9d4feEhUtqNcZ6hvdJbv_FjW&amp;__tn__=R]-R\" aria-hidden=\"false\"><span class=\"x3nfvp2\"><span class=\"x193iq5w xeuugli x13faqbe x1vvkbs x1xmvt09 x1lliihq x1s928wv xhkezso x1gmr53x x1cpjm7i x1fgarty x1943h6x x4zkp8e x676frb x1nxh6w3 x1sibtaa x1s688f xzsf02u\" dir=\"auto\">Debora De Michiel<\/span><\/span><\/a> Sentito a Colle S. Lucia <a class=\"x1i10hfl xjbqb8w x6umtig x1b1mbwd xaqea5y xav7gou x9f619 x1ypdohk xt0psk2 xe8uvvx xdj266r x11i5rnm xat24cr x1mh8g0r xexx8yu x4uap5 x18d9i69 xkhd6sd x16tdsg8 x1hl2dhg xggy1nq x1a2a7pz x1heor9g xt0b8zv\" tabindex=\"0\" role=\"link\" href=\"https:\/\/www.facebook.com\/marisa.pirillo.9?comment_id=Y29tbWVudDo0OTg2MDM2Mzg5NTE0NTRfMTExMDg1NTQxMjg5ODE3Mg%3D%3D&amp;__cft__[0]=AZWaAupuESQ8oqmXbpw4Obm03pqLg52Z-nqEy0a71d7eNw_i6Hoo6MJ-q8JVxkKhj5Lzq8-t3j79uqCeWA0w9GPmP5a8-GdxIBVO_XYqfdYgLZqBxyGpSaE0DieQog_B9d4feEhUtqNcZ6hvdJbv_FjW&amp;__tn__=R]-R\" aria-hidden=\"false\"><span class=\"x3nfvp2\"><span class=\"x193iq5w xeuugli x13faqbe x1vvkbs x1xmvt09 x1lliihq x1s928wv xhkezso x1gmr53x x1cpjm7i x1fgarty x1943h6x x4zkp8e x676frb x1nxh6w3 x1sibtaa x1s688f xzsf02u\" dir=\"auto\">Marisa Pirillo<\/span><\/span><\/a> Sentito a Masare&#8217; <a class=\"x1i10hfl xjbqb8w x6umtig x1b1mbwd xaqea5y xav7gou x9f619 x1ypdohk xt0psk2 xe8uvvx xdj266r x11i5rnm xat24cr x1mh8g0r xexx8yu x4uap5 x18d9i69 xkhd6sd x16tdsg8 x1hl2dhg xggy1nq x1a2a7pz x1heor9g xt0b8zv\" tabindex=\"0\" role=\"link\" href=\"https:\/\/www.facebook.com\/marta.degregori.7?comment_id=Y29tbWVudDo0OTg2MDM2Mzg5NTE0NTRfMTEyMTM0OTYyNTIyMTgxMQ%3D%3D&amp;__cft__[0]=AZWaAupuESQ8oqmXbpw4Obm03pqLg52Z-nqEy0a71d7eNw_i6Hoo6MJ-q8JVxkKhj5Lzq8-t3j79uqCeWA0w9GPmP5a8-GdxIBVO_XYqfdYgLZqBxyGpSaE0DieQog_B9d4feEhUtqNcZ6hvdJbv_FjW&amp;__tn__=R]-R\" aria-hidden=\"false\"><span class=\"x3nfvp2\"><span class=\"x193iq5w xeuugli x13faqbe x1vvkbs x1xmvt09 x1lliihq x1s928wv xhkezso x1gmr53x x1cpjm7i x1fgarty x1943h6x x4zkp8e x676frb x1nxh6w3 x1sibtaa x1s688f xzsf02u\" dir=\"auto\">Marta de Gregori<\/span><\/span><\/a> Sentito a Selva di Cadore<\/p>\n\n\t\t\t<style type='text\/css'>\n\t\t\t\t#gallery-1 {\n\t\t\t\t\tmargin: auto;\n\t\t\t\t}\n\t\t\t\t#gallery-1 .gallery-item {\n\t\t\t\t\tfloat: left;\n\t\t\t\t\tmargin-top: 10px;\n\t\t\t\t\ttext-align: center;\n\t\t\t\t\twidth: 50%;\n\t\t\t\t}\n\t\t\t\t#gallery-1 img {\n\t\t\t\t\tborder: 2px solid #cfcfcf;\n\t\t\t\t}\n\t\t\t\t#gallery-1 .gallery-caption {\n\t\t\t\t\tmargin-left: 0;\n\t\t\t\t}\n\t\t\t\t\/* see gallery_shortcode() in wp-includes\/media.php *\/\n\t\t\t<\/style>\n\t\t<div id='gallery-1' class='dt-gallery-container gallery galleryid-305466 gallery-columns-2 gallery-size-medium'><dl class='gallery-item'>\n\t\t\t\t<dt class='gallery-icon landscape'>\n\t\t\t\t\t<a class=\"rollover rollover-zoom dt-pswp-item\" title=\"Senza nome\" data-dt-img-description=\"\" data-large_image_width=\"501\" data-large_image_height=\"404\"href='https:\/\/www.radiopiu.net\/wordpress\/wp-content\/uploads\/2022\/11\/Senza-nome-43.jpg'><img loading=\"lazy\" decoding=\"async\" width=\"300\" height=\"242\" src=\"https:\/\/www.radiopiu.net\/wordpress\/wp-content\/uploads\/2022\/11\/Senza-nome-43-300x242.jpg\" class=\"attachment-medium size-medium\" alt=\"\" srcset=\"https:\/\/www.radiopiu.net\/wordpress\/wp-content\/uploads\/2022\/11\/Senza-nome-43-300x242.jpg 300w, https:\/\/www.radiopiu.net\/wordpress\/wp-content\/uploads\/2022\/11\/Senza-nome-43.jpg 501w\" sizes=\"auto, (max-width: 300px) 100vw, 300px\" \/><\/a>\n\t\t\t\t<\/dt><\/dl><dl class='gallery-item'>\n\t\t\t\t<dt class='gallery-icon landscape'>\n\t\t\t\t\t<a class=\"rollover rollover-zoom dt-pswp-item\" title=\"AGOR.HHZ\" data-dt-img-description=\"\" data-large_image_width=\"792\" data-large_image_height=\"612\"href='https:\/\/www.radiopiu.net\/wordpress\/wp-content\/uploads\/2022\/11\/AGOR.HHZ_.png'><img loading=\"lazy\" decoding=\"async\" width=\"300\" height=\"232\" src=\"https:\/\/www.radiopiu.net\/wordpress\/wp-content\/uploads\/2022\/11\/AGOR.HHZ_-300x232.png\" class=\"attachment-medium size-medium\" alt=\"\" srcset=\"https:\/\/www.radiopiu.net\/wordpress\/wp-content\/uploads\/2022\/11\/AGOR.HHZ_-300x232.png 300w, https:\/\/www.radiopiu.net\/wordpress\/wp-content\/uploads\/2022\/11\/AGOR.HHZ_-768x593.png 768w, https:\/\/www.radiopiu.net\/wordpress\/wp-content\/uploads\/2022\/11\/AGOR.HHZ_.png 792w\" sizes=\"auto, (max-width: 300px) 100vw, 300px\" \/><\/a>\n\t\t\t\t<\/dt><\/dl><br style=\"clear: both\" \/>\n\t\t\t<\/div>\n\n<p>&nbsp;<\/p>\n<p>&nbsp;<\/p>\n<p>&nbsp;<\/p>\n<hr \/>\n<p>&nbsp;<\/p>\n<p>&nbsp;<\/p>\n<blockquote>\n<h2>DAL VESCOVO DI BELLUNO-FELTRE RENATO MARANGONI LETTERA CON DOPPIO INVITO ISPIRATO A SAN MARTINO<\/h2>\n<\/blockquote>\n<p><strong>di\u00a0 RENATO BONA<\/strong><\/p>\n<p>Citt\u00e0 e Diocesi di Belluno celebrano oggi, venerd\u00ec 11 novembre, in forma solenne, la ricorrenza del Patrono San Martino di Tours. Il vescovo titolare della Diocesi di Belluno-Feltre, monsignor Renato Marangoni, nell\u2019occasione ha indirizzato una lettera ai presbiteri, ai diaconi e ai vicepresidenti dei Consigli pastorali con un doppio invito ispirato proprio da San Martino, inteso anche &#8211; come si pu\u00f2 leggere nel sito telematico diocesano \u201cchiesabellunofeltre\u201d &#8211; a \u201csuggellare l\u2019inizio ufficiale delle collaborazioni tra parrocchie\u201d. Il primo invito in ordine cronologico &#8211; viene specificato &#8211; riguarda la celebrazione eucaristica di oggi a partire dalle 10, in cattedrale dove sono state invitate le comunit\u00e0 parrocchiali della Convergenza foraniale di Agordo-Livinallongo per il tradizionale pellegrinaggio verso quell\u2019edificio che rappresenta il convergere in unit\u00e0 della Chiesa locale. Invitati pure, in modo particolare, i rappresentanti dei consigli pastorali che, nella solenne concelebrazione, \u201csaranno invitati a compiere un segno che dar\u00e0 espressione all\u2019avvio delle collaborazioni tra le parrocchie\u201d. La celebrazione, si legge ancora, segna l\u2019inizio della prima fase dell\u2019anno pastorale che &#8211; spiega il presule &#8211; \u201cimpegner\u00e0 le parrocchie a concretizzare i primi passi di collaborazione indicati nella Carta d\u2019intenti (2021) e conforme alla mappa delle parrocchie che collaborano in pastorale\u201d. Il secondo invito riguarda in modo particolare preti e diaconi ai quali vengono ricordati i \u201cGiorni del presbiterio 2022\u201d in programma dal 14 al 17 prossimi sul tema della parabola evangelica \u201c\u201dIl seminatore usc\u00ec a seminare\u201d. Non manca nella lettera di Marangoni un ricordo del centenario don Mario Carlin, mancato nella notte del 4 novembre: \u201cLa sua figura ci incoraggia a riprendere fiato e nutrire in noi una sana speranza&#8230;\u201d. La ricorrenza di San Martino ci fa ricordare che i nostri amici Ivano Pocchiesa (purtroppo scomparso), Aduo Vio e Mario Fornaro hanno dato alle stampe con Media Diffusion e l\u2019Agenzia Polaris, nel novembre del 1993, il libro \u201cSan Martino tra storia e leggenda\u201d in cui illustrano la figura e l\u2019opera del \u201csanto universalmente ricordato per il taglio del mantello\u201d. Il volume, di oltre 160 pagine, impreziosito da belle immagini, propone i seguenti capitoli: Martino uomo e santo (Fatti mirabolanti, Tra storia e leggenda, I giorni luminosi, Soidato dell\u2019impero, Ipotesi e commenti); Correva l\u2019anno 356 d. C. (Pronto per le opere, Exorcista, Vilipeso e cacciato); Eventi miracolosi (Resurrezione di un impiccato, Il popolo lo vuole vescovo); Altre sue virtutes (Suoi poteri sulla natura, Guarisce e consacra); Tra diavoli e angeli (Alle prese con il demonio, Beffa a Belzeb\u00f9); Prodigi falsi e veri (Dialoga con angeli e\u2026 animali, Predice il futuro, Altre testimonianze); Dalla crisi alla gloria (Visioni dei defunti, La morte, I segni della dipartita, Una curiosa guarigione, Le sue reliquie); Dalla storia alla leggenda (considerazioni finali) con le app\u00e8ndici: Feste e culto popolare, Il tempo storico di Martino (Problematiche religiose dell\u2019epoca, Curiosit\u00e0) cui segue una corposa bibliografia e la serie dei ringraziamenti ai numerosi e<\/p>\n<p>qualificati collaboratori.<\/p>\n\n\t\t\t<style type='text\/css'>\n\t\t\t\t#gallery-2 {\n\t\t\t\t\tmargin: auto;\n\t\t\t\t}\n\t\t\t\t#gallery-2 .gallery-item {\n\t\t\t\t\tfloat: left;\n\t\t\t\t\tmargin-top: 10px;\n\t\t\t\t\ttext-align: center;\n\t\t\t\t\twidth: 11%;\n\t\t\t\t}\n\t\t\t\t#gallery-2 img {\n\t\t\t\t\tborder: 2px solid #cfcfcf;\n\t\t\t\t}\n\t\t\t\t#gallery-2 .gallery-caption {\n\t\t\t\t\tmargin-left: 0;\n\t\t\t\t}\n\t\t\t\t\/* see gallery_shortcode() in wp-includes\/media.php *\/\n\t\t\t<\/style>\n\t\t<div id='gallery-2' class='dt-gallery-container gallery galleryid-305466 gallery-columns-9 gallery-size-thumbnail'><dl class='gallery-item'>\n\t\t\t\t<dt class='gallery-icon portrait'>\n\t\t\t\t\t<a class=\"rollover rollover-zoom dt-pswp-item\" title=\"1\" data-dt-img-description=\"\" data-large_image_width=\"159\" data-large_image_height=\"206\"href='https:\/\/www.radiopiu.net\/wordpress\/wp-content\/uploads\/2022\/11\/1-2.jpg'><img loading=\"lazy\" decoding=\"async\" width=\"150\" height=\"150\" src=\"https:\/\/www.radiopiu.net\/wordpress\/wp-content\/uploads\/2022\/11\/1-2-150x150.jpg\" class=\"attachment-thumbnail size-thumbnail\" alt=\"\" \/><\/a>\n\t\t\t\t<\/dt><\/dl><dl class='gallery-item'>\n\t\t\t\t<dt class='gallery-icon portrait'>\n\t\t\t\t\t<a class=\"rollover rollover-zoom dt-pswp-item\" title=\"2\" data-dt-img-description=\"\" data-large_image_width=\"153\" data-large_image_height=\"247\"href='https:\/\/www.radiopiu.net\/wordpress\/wp-content\/uploads\/2022\/11\/2-2.jpg'><img loading=\"lazy\" decoding=\"async\" width=\"150\" height=\"150\" src=\"https:\/\/www.radiopiu.net\/wordpress\/wp-content\/uploads\/2022\/11\/2-2-150x150.jpg\" class=\"attachment-thumbnail size-thumbnail\" alt=\"\" \/><\/a>\n\t\t\t\t<\/dt><\/dl><dl class='gallery-item'>\n\t\t\t\t<dt class='gallery-icon portrait'>\n\t\t\t\t\t<a class=\"rollover rollover-zoom dt-pswp-item\" title=\"3\" data-dt-img-description=\"\" data-large_image_width=\"158\" data-large_image_height=\"240\"href='https:\/\/www.radiopiu.net\/wordpress\/wp-content\/uploads\/2022\/11\/3-2.jpg'><img loading=\"lazy\" decoding=\"async\" width=\"150\" height=\"150\" src=\"https:\/\/www.radiopiu.net\/wordpress\/wp-content\/uploads\/2022\/11\/3-2-150x150.jpg\" class=\"attachment-thumbnail size-thumbnail\" alt=\"\" \/><\/a>\n\t\t\t\t<\/dt><\/dl><dl class='gallery-item'>\n\t\t\t\t<dt class='gallery-icon portrait'>\n\t\t\t\t\t<a class=\"rollover rollover-zoom dt-pswp-item\" title=\"4\" data-dt-img-description=\"\" data-large_image_width=\"155\" data-large_image_height=\"260\"href='https:\/\/www.radiopiu.net\/wordpress\/wp-content\/uploads\/2022\/11\/4-2.jpg'><img loading=\"lazy\" decoding=\"async\" width=\"150\" height=\"150\" src=\"https:\/\/www.radiopiu.net\/wordpress\/wp-content\/uploads\/2022\/11\/4-2-150x150.jpg\" class=\"attachment-thumbnail size-thumbnail\" alt=\"\" \/><\/a>\n\t\t\t\t<\/dt><\/dl><dl class='gallery-item'>\n\t\t\t\t<dt class='gallery-icon landscape'>\n\t\t\t\t\t<a class=\"rollover rollover-zoom dt-pswp-item\" title=\"5\" data-dt-img-description=\"\" data-large_image_width=\"222\" data-large_image_height=\"206\"href='https:\/\/www.radiopiu.net\/wordpress\/wp-content\/uploads\/2022\/11\/5-2.jpg'><img loading=\"lazy\" decoding=\"async\" width=\"150\" height=\"150\" src=\"https:\/\/www.radiopiu.net\/wordpress\/wp-content\/uploads\/2022\/11\/5-2-150x150.jpg\" class=\"attachment-thumbnail size-thumbnail\" alt=\"\" \/><\/a>\n\t\t\t\t<\/dt><\/dl><dl class='gallery-item'>\n\t\t\t\t<dt class='gallery-icon landscape'>\n\t\t\t\t\t<a class=\"rollover rollover-zoom dt-pswp-item\" title=\"6\" data-dt-img-description=\"\" data-large_image_width=\"345\" data-large_image_height=\"206\"href='https:\/\/www.radiopiu.net\/wordpress\/wp-content\/uploads\/2022\/11\/6-2.jpg'><img loading=\"lazy\" decoding=\"async\" width=\"150\" height=\"150\" src=\"https:\/\/www.radiopiu.net\/wordpress\/wp-content\/uploads\/2022\/11\/6-2-150x150.jpg\" class=\"attachment-thumbnail size-thumbnail\" alt=\"\" \/><\/a>\n\t\t\t\t<\/dt><\/dl><dl class='gallery-item'>\n\t\t\t\t<dt class='gallery-icon portrait'>\n\t\t\t\t\t<a class=\"rollover rollover-zoom dt-pswp-item\" title=\"7\" data-dt-img-description=\"\" data-large_image_width=\"150\" data-large_image_height=\"296\"href='https:\/\/www.radiopiu.net\/wordpress\/wp-content\/uploads\/2022\/11\/7-2.jpg'><img loading=\"lazy\" decoding=\"async\" width=\"150\" height=\"150\" src=\"https:\/\/www.radiopiu.net\/wordpress\/wp-content\/uploads\/2022\/11\/7-2-150x150.jpg\" class=\"attachment-thumbnail size-thumbnail\" alt=\"\" \/><\/a>\n\t\t\t\t<\/dt><\/dl><dl class='gallery-item'>\n\t\t\t\t<dt class='gallery-icon portrait'>\n\t\t\t\t\t<a class=\"rollover rollover-zoom dt-pswp-item\" title=\"8\" data-dt-img-description=\"\" data-large_image_width=\"154\" data-large_image_height=\"240\"href='https:\/\/www.radiopiu.net\/wordpress\/wp-content\/uploads\/2022\/11\/8-2.jpg'><img loading=\"lazy\" decoding=\"async\" width=\"150\" height=\"150\" src=\"https:\/\/www.radiopiu.net\/wordpress\/wp-content\/uploads\/2022\/11\/8-2-150x150.jpg\" class=\"attachment-thumbnail size-thumbnail\" alt=\"\" \/><\/a>\n\t\t\t\t<\/dt><\/dl><dl class='gallery-item'>\n\t\t\t\t<dt class='gallery-icon portrait'>\n\t\t\t\t\t<a class=\"rollover rollover-zoom dt-pswp-item\" title=\"9\" data-dt-img-description=\"\" data-large_image_width=\"160\" data-large_image_height=\"200\"href='https:\/\/www.radiopiu.net\/wordpress\/wp-content\/uploads\/2022\/11\/9-2.jpg'><img loading=\"lazy\" decoding=\"async\" width=\"150\" height=\"150\" src=\"https:\/\/www.radiopiu.net\/wordpress\/wp-content\/uploads\/2022\/11\/9-2-150x150.jpg\" class=\"attachment-thumbnail size-thumbnail\" alt=\"\" \/><\/a>\n\t\t\t\t<\/dt><\/dl><br style=\"clear: both\" \/><dl class='gallery-item'>\n\t\t\t\t<dt class='gallery-icon portrait'>\n\t\t\t\t\t<a class=\"rollover rollover-zoom dt-pswp-item\" title=\"10\" data-dt-img-description=\"\" data-large_image_width=\"160\" data-large_image_height=\"225\"href='https:\/\/www.radiopiu.net\/wordpress\/wp-content\/uploads\/2022\/11\/10-1.jpg'><img loading=\"lazy\" decoding=\"async\" width=\"150\" height=\"150\" src=\"https:\/\/www.radiopiu.net\/wordpress\/wp-content\/uploads\/2022\/11\/10-1-150x150.jpg\" class=\"attachment-thumbnail size-thumbnail\" alt=\"\" \/><\/a>\n\t\t\t\t<\/dt><\/dl><dl class='gallery-item'>\n\t\t\t\t<dt class='gallery-icon portrait'>\n\t\t\t\t\t<a class=\"rollover rollover-zoom dt-pswp-item\" title=\"11\" data-dt-img-description=\"\" data-large_image_width=\"160\" data-large_image_height=\"225\"href='https:\/\/www.radiopiu.net\/wordpress\/wp-content\/uploads\/2022\/11\/11-2.jpg'><img loading=\"lazy\" decoding=\"async\" width=\"150\" height=\"150\" src=\"https:\/\/www.radiopiu.net\/wordpress\/wp-content\/uploads\/2022\/11\/11-2-150x150.jpg\" class=\"attachment-thumbnail size-thumbnail\" alt=\"\" \/><\/a>\n\t\t\t\t<\/dt><\/dl><dl class='gallery-item'>\n\t\t\t\t<dt class='gallery-icon portrait'>\n\t\t\t\t\t<a class=\"rollover rollover-zoom dt-pswp-item\" title=\"12\" data-dt-img-description=\"\" data-large_image_width=\"150\" data-large_image_height=\"225\"href='https:\/\/www.radiopiu.net\/wordpress\/wp-content\/uploads\/2022\/11\/12-2.jpg'><img loading=\"lazy\" decoding=\"async\" width=\"150\" height=\"150\" src=\"https:\/\/www.radiopiu.net\/wordpress\/wp-content\/uploads\/2022\/11\/12-2-150x150.jpg\" class=\"attachment-thumbnail size-thumbnail\" alt=\"\" \/><\/a>\n\t\t\t\t<\/dt><\/dl><dl class='gallery-item'>\n\t\t\t\t<dt class='gallery-icon portrait'>\n\t\t\t\t\t<a class=\"rollover rollover-zoom dt-pswp-item\" title=\"312448050_816297509602141_518560452394688022_n\" data-dt-img-description=\"\" data-large_image_width=\"160\" data-large_image_height=\"207\"href='https:\/\/www.radiopiu.net\/wordpress\/wp-content\/uploads\/2022\/11\/312448050_816297509602141_518560452394688022_n.jpg'><img loading=\"lazy\" decoding=\"async\" width=\"150\" height=\"150\" src=\"https:\/\/www.radiopiu.net\/wordpress\/wp-content\/uploads\/2022\/11\/312448050_816297509602141_518560452394688022_n-150x150.jpg\" class=\"attachment-thumbnail size-thumbnail\" alt=\"\" \/><\/a>\n\t\t\t\t<\/dt><\/dl><dl class='gallery-item'>\n\t\t\t\t<dt class='gallery-icon portrait'>\n\t\t\t\t\t<a class=\"rollover rollover-zoom dt-pswp-item\" title=\"312271232_505777041594281_3441802756213647575_n\" data-dt-img-description=\"\" data-large_image_width=\"154\" data-large_image_height=\"240\"href='https:\/\/www.radiopiu.net\/wordpress\/wp-content\/uploads\/2022\/11\/312271232_505777041594281_3441802756213647575_n-1.jpg'><img loading=\"lazy\" decoding=\"async\" width=\"150\" height=\"150\" src=\"https:\/\/www.radiopiu.net\/wordpress\/wp-content\/uploads\/2022\/11\/312271232_505777041594281_3441802756213647575_n-1-150x150.jpg\" class=\"attachment-thumbnail size-thumbnail\" alt=\"\" \/><\/a>\n\t\t\t\t<\/dt><\/dl><dl class='gallery-item'>\n\t\t\t\t<dt class='gallery-icon portrait'>\n\t\t\t\t\t<a class=\"rollover rollover-zoom dt-pswp-item\" title=\"311927234_697362098388778_227813877187214166_n\" data-dt-img-description=\"\" data-large_image_width=\"160\" data-large_image_height=\"225\"href='https:\/\/www.radiopiu.net\/wordpress\/wp-content\/uploads\/2022\/11\/311927234_697362098388778_227813877187214166_n-1.jpg'><img loading=\"lazy\" decoding=\"async\" width=\"150\" height=\"150\" src=\"https:\/\/www.radiopiu.net\/wordpress\/wp-content\/uploads\/2022\/11\/311927234_697362098388778_227813877187214166_n-1-150x150.jpg\" class=\"attachment-thumbnail size-thumbnail\" alt=\"\" \/><\/a>\n\t\t\t\t<\/dt><\/dl>\n\t\t\t\t<br style='clear: both' \/>\n\t\t\t<\/div>\n\n<p>NELLE FOTO<\/p>\n<p>(sito \u201cchiesabellunofeltre\u201d, De Santi Belluno, Dario Fontanive e riproduzioni dal libro di Pocchiesa-Vio-Fornaro): San Martino e il dono del mantello; copertina del libro; chiesa di Vallada Agordina: San Martino vescovo inserito nel ciclo di affreschi di Paris Bordone (1540 circa); chiesa di Cel\u00e0t: nella pala dell\u2019altar maggiore il taglio del mantello e San Martino prevalgono sulle altre componenti; interno della cattedrale-basilica di San Martino di Belluno; polittico dedicato a san Martino e ai suoi miracoli nella Cripta del duomo bellunese; particolare del polittico attribuito a Simon da Cusighe; disegno di Franco Fiabane del 1993: \u201c&#8230;in et\u00e0 di 12 anni Martino desider\u00f2 ardentemente il deserto\u2026\u201d; altro disegno dello stesso autore; ancora l\u2019artista bellunese, 1993: eremita nell\u2019isola Gallinaria (Albenga-Liguria) Martino si salv\u00f2 miracolosamente dopo essersi nutrito dell\u2019erba velenosa chiamata \u201cElleborum\u201d; dal polittico della Cripta bellunese, secolo XV: \u201c&#8230;Battezza\u2026\u201d; di nuovo Fiabane con \u201cLa resurrezione di un impiccato, richiamato in vita da Martino\u201d; la chiesetta di La Muda a La Valle Agordina (Belluno) intitolata a San Martino; dipinto ad olio su tela di anonimo, nella chiesetta di La Muda; dal polittico della Cripta di Belluno: \u201c\u2026 muore santamente\u2026 assistito dai monaci in preghiera.).<\/p>\n<p>&nbsp;<\/p>\n<p>&nbsp;<\/p>\n<blockquote>\n<h3>PREMIO SAN MARTINO 2022, ASSEGNATO A MAURO DE BETTIO E MIRKO BEZ<\/h3>\n<\/blockquote>\n<h3><strong style=\"font-size: 14px;\"><img loading=\"lazy\" decoding=\"async\" class=\"alignleft\" src=\"https:\/\/www.radiopiu.net\/wordpress\/wp-content\/uploads\/2022\/02\/Palazzo-rosso-illuminato-1-scaled.jpg\" width=\"286\" height=\"191\" \/><\/strong><\/h3>\n<p><strong>BELLUNO<\/strong>\u00a0 Per l\u2019anno 2022, il Premio viene assegnato a Mauro De Bettio e Mirko Bez. La cerimonia si terr\u00e0 oggi. Saranno due le persone che riceveranno quest\u2019anno il Premio \u201cSan Martino\u201d. Sulla base delle candidature pervenute, infatti, la <a class=\"dt-pswp-item\" href=\"https:\/\/www.radiopiu.net\/wordpress\/wp-content\/uploads\/2022\/10\/310347438_10221834479279590_8582885354636295792_n.jpg\" data-dt-img-description=\"\" data-large_image_width=\"960\" data-large_image_height=\"959\"><img loading=\"lazy\" decoding=\"async\" class=\"wp-image-301267 alignright\" src=\"https:\/\/www.radiopiu.net\/wordpress\/wp-content\/uploads\/2022\/10\/310347438_10221834479279590_8582885354636295792_n-300x300.jpg\" alt=\"\" width=\"122\" height=\"122\" srcset=\"https:\/\/www.radiopiu.net\/wordpress\/wp-content\/uploads\/2022\/10\/310347438_10221834479279590_8582885354636295792_n-300x300.jpg 300w, https:\/\/www.radiopiu.net\/wordpress\/wp-content\/uploads\/2022\/10\/310347438_10221834479279590_8582885354636295792_n-150x150.jpg 150w, https:\/\/www.radiopiu.net\/wordpress\/wp-content\/uploads\/2022\/10\/310347438_10221834479279590_8582885354636295792_n-768x767.jpg 768w, https:\/\/www.radiopiu.net\/wordpress\/wp-content\/uploads\/2022\/10\/310347438_10221834479279590_8582885354636295792_n.jpg 960w\" sizes=\"auto, (max-width: 122px) 100vw, 122px\" \/><\/a>conferenza dei capigruppo si \u00e8 espressa a favore delle segnalazioni di Mauro De Bettio, per la categoria dei maggiorenni, e di Mirko Bez, giovane minorenne.<\/p>\n<p><strong>Mauro De Bettio,<\/strong> nato a Belluno nel 1975, affermato fotografo mondiale freelance, vincitore di numerosi premi internazionali, cerca di raccontare con le sue fotografie l&#8217;essenza di una persona ritratta nel suo ambiente. Per lui la fotografia rappresenta un modo di comunicare i sentimenti e l&#8217;intimit\u00e0 di ci\u00f2 che vede, dedicando la propria vita <a class=\"dt-pswp-item\" href=\"https:\/\/www.radiopiu.net\/wordpress\/wp-content\/uploads\/2022\/10\/Senza-nome-28.jpg\" data-dt-img-description=\"\" data-large_image_width=\"316\" data-large_image_height=\"208\"><img loading=\"lazy\" decoding=\"async\" class=\"wp-image-301268 alignleft\" src=\"https:\/\/www.radiopiu.net\/wordpress\/wp-content\/uploads\/2022\/10\/Senza-nome-28-300x197.jpg\" alt=\"\" width=\"193\" height=\"127\" \/><\/a>allo sviluppo di progetti sociali e alla continua sensibilizzazione sui diritti umani. Dal 2021 ha creato una fondazione a Nairobi per aiutare gli orfani della citt\u00e0 che vivono sulla strada fornendo loro un pasto quotidiano.<\/p>\n<p><strong>Mirko Bez,<\/strong> nato nel 2004, residente a Belluno, frequenta lo Ski College di Falcade per la preparazione a gare inserite nel circuito mondiale di sci, nel livello giovanile. Ha salvato uno sciatore sommerso da una valanga scavando con le mani, insieme ad altri due suoi amici. Si trattava di un turista americano che sarebbe diventato pap\u00e0 dopo alcune settimane. Mirko non ha esitato un attimo e, con la semplicit\u00e0 di un ragazzo, con la sua prontezza di spirito, ha salvato una persona dalla morte<\/p>\n<p>&nbsp;<\/p>\n<p>&nbsp;<\/p>\n<blockquote>\n<h3>IL CONCERTO DI SAN MARTINO<\/h3>\n<\/blockquote>\n<p><strong>BELLUNO<\/strong> Giovedi 17 novembre alle 21 al Teatro Comunale concerto dell&#8217;Orchestra di Padova e del Veneto diretta da Delio Cassetta con la violinista Miriam Dal Don. Evento organizzato dalla Fondazione Teatri Dolomiti.<\/p>\n<p>&nbsp;<\/p>\n<p>&nbsp;<\/p>\n<hr \/>\n<p>&nbsp;<\/p>\n<blockquote>\n<h3><a class=\"dt-pswp-item\" href=\"https:\/\/www.radiopiu.net\/wordpress\/wp-content\/uploads\/2021\/12\/NEVE-STRADA.jpg\" data-dt-img-description=\"\" data-large_image_width=\"1920\" data-large_image_height=\"1280\"><img loading=\"lazy\" decoding=\"async\" class=\" wp-image-247467 alignleft\" src=\"https:\/\/www.radiopiu.net\/wordpress\/wp-content\/uploads\/2021\/12\/NEVE-STRADA-300x200.jpg\" alt=\"\" width=\"140\" height=\"93\" srcset=\"https:\/\/www.radiopiu.net\/wordpress\/wp-content\/uploads\/2021\/12\/NEVE-STRADA-300x200.jpg 300w, https:\/\/www.radiopiu.net\/wordpress\/wp-content\/uploads\/2021\/12\/NEVE-STRADA-1024x683.jpg 1024w, https:\/\/www.radiopiu.net\/wordpress\/wp-content\/uploads\/2021\/12\/NEVE-STRADA-768x512.jpg 768w, https:\/\/www.radiopiu.net\/wordpress\/wp-content\/uploads\/2021\/12\/NEVE-STRADA-1536x1024.jpg 1536w, https:\/\/www.radiopiu.net\/wordpress\/wp-content\/uploads\/2021\/12\/NEVE-STRADA.jpg 1920w\" sizes=\"auto, (max-width: 140px) 100vw, 140px\" \/><\/a>DAL 15 NOVEMBRE PNEUMATICI INVERNALI O CATENE A BORDO<\/h3>\n<\/blockquote>\n<p><strong>SEDICO<\/strong> Veneto Strade ricorda che a partire dal 15 novembre 2022 e fino al 15 aprile 2023 vige l&#8217;obbligo di circolare sulla strade con pneumatici invernali o in alternativa di avere le catene da neve a bordo. L&#8217;obbligo non solo sulle strade di competenza di Veneto Strade ma anche per la rete stradale ANAS e il tratto stradale dell&#8217;autostrada A27.<\/p>\n<p>&nbsp;<\/p>\n<hr \/>\n<p>&nbsp;<\/p>\n<p>&nbsp;<\/p>\n<p><strong>PUNTO TAMPONI 11 NOVEMBRE 2022 \u2013 FESTIVIT\u00c0 DI SAN MARTINO<\/strong><\/p>\n<p>Come da calendario delle giornate previste per l\u2019accesso ai tamponi, oggi- festivit\u00e0 di San Martino, il punto tamponi di Paludi non sar\u00e0 attivo. Sar\u00e0, invece, attivo\u00a0 quello di Feltre dalle 8.30 alle 12.30 con accesso su prenotazione con prescrizione del medico, prenotando dal sito <u>www.aulss1.veneto.it<\/u><\/p>\n<p>&nbsp;<\/p>\n<p>&nbsp;<\/p>\n<hr \/>\n<p>&nbsp;<\/p>\n<div class=\"page-title-head hgroup\">\n<blockquote>\n<h3 class=\"entry-title\">FONDI DI CONFINE\u2026 VERSO LA FINE? ITALIENER IST DAS GESCHENK DES HIMMELS \u00dcBER GENUG GELD UMSONST<\/h3>\n<p>di Mirko Mezzacasa<\/p><\/blockquote>\n<\/div>\n<div class=\"page-title-breadcrumbs\"><strong><img loading=\"lazy\" decoding=\"async\" class=\"alignleft\" src=\"https:\/\/www.radiopiu.net\/wordpress\/wp-content\/uploads\/2021\/03\/soldi.jpeg\" width=\"293\" height=\"195\" \/>REDAZIONE<\/strong> Trento per ora, Bolzano forse domani iniziano a stringere i cordoni della borsa. Con il pensiero lo sta facendo Trento per bocca di un suo assessore, tale Mattia Gottardi, che richiamando la potente crisi energetica e l&#8217;aumento delle materie prima dichiara di voler interrompere il flusso di denaro verso i 48 Comuni della provincia non autonoma confinante, per la gran parte in provincia di Belluno dove sono stati distribuiti milioni di euro alla Regione e Ulss per il Pronto Soccorso di Agordo, a Veneto Strade per la viabilit\u00e0 ai Comuni per ipotizzati centri benessere, campi di calcio, di calcetto, basket, pallavolo, mancano solo le bocce. <em>\u00abCercheremo di ricontrattare con il Governo la questione del Fondo Comuni confinanti\u00bb ha detto Gottardi in un\u2019intervista all\u2019Adige. \u00abRispetto al 2009 molte cose sono cambiate e per noi non \u00e8 pi\u00f9 sostenibile\u00bb.<\/em> Tradotto significa che la manna che scende dai monti sud tirololesi potrebbe finire, dopo i referendum <a class=\"dt-pswp-item\" href=\"https:\/\/www.radiopiu.net\/wordpress\/wp-content\/uploads\/2019\/05\/LIVINALLONGO-LEANDRO-GRONES.jpg\" data-dt-img-description=\"\" data-large_image_width=\"548\" data-large_image_height=\"768\"><img loading=\"lazy\" decoding=\"async\" class=\"wp-image-86470 alignleft\" src=\"https:\/\/www.radiopiu.net\/wordpress\/wp-content\/uploads\/2019\/05\/LIVINALLONGO-LEANDRO-GRONES-214x300.jpg\" alt=\"\" width=\"111\" height=\"156\" srcset=\"https:\/\/www.radiopiu.net\/wordpress\/wp-content\/uploads\/2019\/05\/LIVINALLONGO-LEANDRO-GRONES-214x300.jpg 214w, https:\/\/www.radiopiu.net\/wordpress\/wp-content\/uploads\/2019\/05\/LIVINALLONGO-LEANDRO-GRONES.jpg 548w\" sizes=\"auto, (max-width: 111px) 100vw, 111px\" \/><\/a>separatisti del 2009, dopo l&#8217;intervento di Aldo Brancher di allora con il Patto di Milano.\u00a0 Insomma per dirla alla tedesca, lingua madre dalla sommit\u00e0 dei passi dolomitici di confine,\u00a0 <em>&#8220;italiani la pacchia \u00e8 finita basta soldi a gratis&#8221;<\/em><\/div>\n<p>&nbsp;<\/p>\n<p>&nbsp;<\/p>\n<p><strong>\u00a0DI MORENO GIOLI<\/strong><\/p>\n<p><strong>Le reazioni, Luca De Carlo, Leandro Grones,\u00a0<\/strong><\/p>\n<audio class=\"wp-audio-shortcode\" id=\"audio-305466-1\" preload=\"none\" style=\"width: 100%;\" controls=\"controls\"><source type=\"audio\/mpeg\" src=\"https:\/\/www.radiopiu.net\/wordpress\/wp-content\/uploads\/2022\/11\/REAZIONI-FONDI.mp3?_=1\" \/><a href=\"https:\/\/www.radiopiu.net\/wordpress\/wp-content\/uploads\/2022\/11\/REAZIONI-FONDI.mp3\">https:\/\/www.radiopiu.net\/wordpress\/wp-content\/uploads\/2022\/11\/REAZIONI-FONDI.mp3<\/a><\/audio>\n<p>&nbsp;<\/p>\n<p>&nbsp;<\/p>\n<hr \/>\n<blockquote>\n<h3><\/h3>\n<h3>TRENTO CONTRO I FONDI DI CONFINE &#8220;ATTACCO SBAGLIATO. GIUSTA LA RICHIESTA DI INCREMENTARLI&#8221;<\/h3>\n<\/blockquote>\n<p><img loading=\"lazy\" decoding=\"async\" class=\"alignleft\" src=\"https:\/\/www.radiopiu.net\/wordpress\/wp-content\/uploads\/2021\/10\/Andrea-Bona-BARD.jpg\" width=\"182\" height=\"144\" \/><\/p>\n<p><strong>REDAZIONE<\/strong> L&#8217;annuncio dell&#8217;assessore della Provincia Autonoma di Trento Mattia Gottardi di una prossima richiesta di ricontrattazione dei Fondi dei Comuni Confinanti non poteva non scatenare reazioni in provincia di Belluno. C&#8217;\u00e8\u00a0 un passaggio politico sul quale si sofferma il movimento BARD, come afferma il presidente Andrea Bona ai microfoni di RADIOPIU<\/p>\n<p><strong>IL PRESIDENTE ANDREA BONA<\/strong><\/p>\n<audio class=\"wp-audio-shortcode\" id=\"audio-305466-2\" preload=\"none\" style=\"width: 100%;\" controls=\"controls\"><source type=\"audio\/mpeg\" src=\"https:\/\/www.radiopiu.net\/wordpress\/wp-content\/uploads\/2022\/11\/Andrea-Bona-Presidente-Bard-Trento-Revisione-FCC-1.mp3?_=2\" \/><a href=\"https:\/\/www.radiopiu.net\/wordpress\/wp-content\/uploads\/2022\/11\/Andrea-Bona-Presidente-Bard-Trento-Revisione-FCC-1.mp3\">https:\/\/www.radiopiu.net\/wordpress\/wp-content\/uploads\/2022\/11\/Andrea-Bona-Presidente-Bard-Trento-Revisione-FCC-1.mp3<\/a><\/audio>\n<p>&nbsp;<\/p>\n<p>&nbsp;<\/p>\n<hr \/>\n<blockquote>\n<h3><a class=\"dt-pswp-item\" href=\"https:\/\/www.radiopiu.net\/wordpress\/wp-content\/uploads\/2022\/11\/29f8ce72-d8cb-4b13-90b2-3ae401db1d87.jpg\" data-dt-img-description=\"\" data-large_image_width=\"1536\" data-large_image_height=\"2048\"><img loading=\"lazy\" decoding=\"async\" class=\"wp-image-305752 alignleft\" src=\"https:\/\/www.radiopiu.net\/wordpress\/wp-content\/uploads\/2022\/11\/29f8ce72-d8cb-4b13-90b2-3ae401db1d87-225x300.jpg\" alt=\"\" width=\"98\" height=\"131\" srcset=\"https:\/\/www.radiopiu.net\/wordpress\/wp-content\/uploads\/2022\/11\/29f8ce72-d8cb-4b13-90b2-3ae401db1d87-225x300.jpg 225w, https:\/\/www.radiopiu.net\/wordpress\/wp-content\/uploads\/2022\/11\/29f8ce72-d8cb-4b13-90b2-3ae401db1d87-768x1024.jpg 768w, https:\/\/www.radiopiu.net\/wordpress\/wp-content\/uploads\/2022\/11\/29f8ce72-d8cb-4b13-90b2-3ae401db1d87-1152x1536.jpg 1152w, https:\/\/www.radiopiu.net\/wordpress\/wp-content\/uploads\/2022\/11\/29f8ce72-d8cb-4b13-90b2-3ae401db1d87.jpg 1536w\" sizes=\"auto, (max-width: 98px) 100vw, 98px\" \/><\/a>INVESTITO UN CERVO A MAS DI VALLADA<\/h3>\n<\/blockquote>\n<p><strong>REDAZIONE <\/strong>Nella serata di mercoled\u00ec un automobilista della Valle del Biois ha investito una cerva a Mas di Vallada. Come si evince dalla foto, sono ingenti i danni al mezzo dopo l&#8217;impatto con l&#8217;animale. Fortunatamente l&#8217;automobilista \u00e8 rimasto illeso.<\/p>\n<p>&nbsp;<\/p>\n<p>&nbsp;<\/p>\n<hr \/>\n<p>&nbsp;<\/p>\n<blockquote>\n<h3>INCIDENTE A BASTIA, FERITA UN&#8217;ANZIANA<\/h3>\n<\/blockquote>\n<p><strong>ALPAGO<\/strong> L&#8217;incidente tra una Panda e una Tipo modello vecchio \u00e8 avvenuta ieri mattina, verso le 11, nella zona di Bastia per una mancata precedenza.\u00a0 Una donna \u00e8 stata portata al Pronto Soccorso del San Martino per accertamenti con ferite di media gravit\u00e0.<\/p>\n<p>&nbsp;<\/p>\n<hr \/>\n<p>&nbsp;<\/p>\n<blockquote>\n<h3>E DI SERA&#8230; TUTTI IN CODA<\/h3>\n<\/blockquote>\n<p><strong>BELLUNO<\/strong> Solo la chat Viabilit\u00e0 Provincia di Belluno (su Telegram) e gli annunci alla radio hanno contribuito ad informare gli automobilisti di quanto stava accadendo ieri in via Lungardo. Di cartelli manco l&#8217;ombra. Conseguenza: traffico paralizzato, ieri sera fra le 17 e le 18, in uscita dal centro storico a causa del cantiere, con semaforo.\u00a0 Attese anche di mezz&#8217;ora nel tragitto via Gabelli &#8211; Lungardo.<\/p>\n<p>&nbsp;<\/p>\n<p>&nbsp;<\/p>\n<hr \/>\n<p>&nbsp;<\/p>\n<p><strong>IL LUTTO\u00a0<\/strong><\/p>\n<p align=\"JUSTIFY\"><span style=\"font-family: Arial Narrow, serif;\"><span style=\"font-size: small;\"><a class=\"dt-pswp-item\" href=\"https:\/\/www.radiopiu.net\/wordpress\/wp-content\/uploads\/2022\/11\/Senza-nome-44.jpg\" data-dt-img-description=\"\" data-large_image_width=\"276\" data-large_image_height=\"452\"><img loading=\"lazy\" decoding=\"async\" class=\" wp-image-305849 alignleft\" src=\"https:\/\/www.radiopiu.net\/wordpress\/wp-content\/uploads\/2022\/11\/Senza-nome-44-183x300.jpg\" alt=\"\" width=\"84\" height=\"138\" srcset=\"https:\/\/www.radiopiu.net\/wordpress\/wp-content\/uploads\/2022\/11\/Senza-nome-44-183x300.jpg 183w, https:\/\/www.radiopiu.net\/wordpress\/wp-content\/uploads\/2022\/11\/Senza-nome-44.jpg 276w\" sizes=\"auto, (max-width: 84px) 100vw, 84px\" \/><\/a><strong>BELLUNO<\/strong> E&#8217; mancato Mirio Scopel imprenditore edile, \u00e8 stato tra i<\/span><\/span><span style=\"font-family: Arial Narrow, serif;\"><span style=\"font-size: small;\"> fondatori della sede mandamentale di Feltre dell&#8217;Appia nella quale ha ricoperto la carica di Presidente per oltre vent\u2019anni. Con l&#8217;et\u00e0 della pensione <\/span><\/span><span style=\"font-family: Arial Narrow, serif;\"><span style=\"font-size: small;\">\u00e8 entrato nella CNA Pensionati, ricoprendone per molti anni il ruolo di Presidente <\/span><\/span><em>\u201c<span style=\"font-family: 'Arial Narrow', serif;\"><span style=\"font-size: small;\">Mirio mancher\u00e0 a tutti e rimarr\u00e0 nel nostro affetto e nella nostra memoria \u2013 queste le parole di Massimo Sposato, Presidente dell\u2019APPIA CNA di Belluno \u2013 per le sue grandi doti umane e di imprenditore, che ha voluto riversare nella nostra Associazione cos\u00ec come nella comunit\u00e0 locale.. Ci stringiamo in questo difficile momento ai familiari di Mirio\u201c.<\/span><\/span><\/em><\/p>\n<p>&nbsp;<\/p>\n<p>&nbsp;<\/p>\n<hr \/>\n<p>&nbsp;<\/p>\n<p>&nbsp;<\/p>\n<blockquote>\n<h3><a href=\"https:\/\/www.radiopiu.net\/wordpress\/wp-content\/uploads\/2022\/11\/124843767-f03f3d7a-bbb6-43d4-9929-a01d6a0f4aba.webp\"><img loading=\"lazy\" decoding=\"async\" class=\" wp-image-305821 alignleft\" src=\"https:\/\/www.radiopiu.net\/wordpress\/wp-content\/uploads\/2022\/11\/124843767-f03f3d7a-bbb6-43d4-9929-a01d6a0f4aba-300x169.webp\" alt=\"\" width=\"238\" height=\"134\" srcset=\"https:\/\/www.radiopiu.net\/wordpress\/wp-content\/uploads\/2022\/11\/124843767-f03f3d7a-bbb6-43d4-9929-a01d6a0f4aba-300x169.webp 300w, https:\/\/www.radiopiu.net\/wordpress\/wp-content\/uploads\/2022\/11\/124843767-f03f3d7a-bbb6-43d4-9929-a01d6a0f4aba.webp 590w\" sizes=\"auto, (max-width: 238px) 100vw, 238px\" \/><\/a>LUCA DE CARLO PRESIDENTE DELLA COMMISSIONE INDUSTRIA E AGRICOLTURA<\/h3>\n<\/blockquote>\n<p>\u00c8 il senatore bellunese Luca De Carlo (FdI) il nuovo\u00a0 presidente della commissione Industria, Commercio, Turismo, Agricoltura e Produzione agroalimentare di Palazzo Madama. De Carlo, sindaco di Calalzo, \u00e8 stato eletto con 14 voti. Due voti in pi\u00f9, secondo quanto viene riferito, rispetto al numero necessario della maggioranza pari a 12. I senatori Gisella Naturale (M5s) e Giorgio Maria Bergesio (Lega) sono i vicepresidenti della commissione.<\/p>\n<p>&nbsp;<\/p>\n<p>&nbsp;<\/p>\n<hr \/>\n<p>&nbsp;<\/p>\n<blockquote>\n<h3>PNRR, IN CORSO L&#8217;APPROVAZIONE DEI PROGETTI PER LE SCUOLE VINCITRICI DEI BANDI<\/h3>\n<\/blockquote>\n<p><strong>BELLUNO<\/strong>\u00a0 La Provincia ha approvato lo studio di fattibilit\u00e0 della messa in sicurezza della mensa dell\u2019istituto agrario di Vellai. Nei prossimi giorni proceder\u00e0 anche con il via libera al progetto preliminare della palestra del Colotti di Feltre e con l\u2019approvazione del definitivo dei lavori al liceo Tiziano di Belluno. Si tratta di interventi che rientrano all\u2019interno del Pnrr, per i quali la Provincia aveva vinto nei mesi scorsi specifici bandi.\u00a0 In particolare, la riqualificazione completa della mensa dell\u2019istituto agrario (con finanziamento di 505mila euro), il completamento della palestra 2 del Colotti (489mila euro), e l\u2019adeguamento sismico del Tiziano (3,9 milioni di euro).\u00a0 <em>\u00abAlcuni lavori avviati tempo fa &#8211; dice la consigliera Lucia Da Rold &#8211;\u00a0 stanno andando verso la conclusione, come ad esempio all\u2019istituto Brustolon. Al momento il cantiere \u00e8 ancora attivo all\u2019interno della scuola, per portare avanti alcune operazioni di abbellimento e di sistemazione, scusandoci per il disagio che qualsiasi lavoro edile inevitabilmente comporta\u00bb.\u00a0<\/em><\/p>\n<p>&nbsp;<\/p>\n<p>&nbsp;<\/p>\n<hr \/>\n<blockquote>\n<h3><\/h3>\n<h3>SAN MARTINO, PATRONO DELLE CURE PALLIATIVE<\/h3>\n<\/blockquote>\n<p><strong><a class=\"dt-pswp-item\" href=\"https:\/\/www.radiopiu.net\/wordpress\/wp-content\/uploads\/2021\/03\/ULSS-1.jpg\" data-dt-img-description=\"\" data-large_image_width=\"776\" data-large_image_height=\"408\"><img loading=\"lazy\" decoding=\"async\" class=\" wp-image-198838 alignleft\" src=\"https:\/\/www.radiopiu.net\/wordpress\/wp-content\/uploads\/2021\/03\/ULSS-1-300x158.jpg\" alt=\"\" width=\"207\" height=\"109\" srcset=\"https:\/\/www.radiopiu.net\/wordpress\/wp-content\/uploads\/2021\/03\/ULSS-1-300x158.jpg 300w, https:\/\/www.radiopiu.net\/wordpress\/wp-content\/uploads\/2021\/03\/ULSS-1-768x404.jpg 768w, https:\/\/www.radiopiu.net\/wordpress\/wp-content\/uploads\/2021\/03\/ULSS-1.jpg 776w\" sizes=\"auto, (max-width: 207px) 100vw, 207px\" \/><\/a>BELLUNO <\/strong>Le unit\u00e0 operative delle Cure Palliative dell\u2019Ulss Dolomiti sono sempre in movimento per stare accanto alle persone ammalate e alle loro famiglie per migliorare il pi\u00f9 possibile la qualit\u00e0 di vita e alleviare la sofferenza. Sono 225.000 i km percorsi in un anno dal personale delle Cure Palliative per garantire a sempre pi\u00f9 persone l\u2019accesso alle cure palliative e portare la dolcezza di un sorriso, mettendo al centro i desideri e i bisogni della persona. L\u201911 novembre ricorre la Giornata delle Cure Palliative, data legata alla leggenda di San Martino, giovane soldato che decise di tagliare a met\u00e0 il suo mantello (dal latino <em>pallium<\/em>) per offrirlo come ristoro a un mendicante infreddolito e ammalato che chiedeva aiuto. Proprio da <em>pallium<\/em> deriva \u201cpalliative\u201d ed \u00e8 cos\u00ec che San Martino, che con il suo mantello avvolge la persona sofferente per alleviarne il dolore, \u00e8 considerato oggi il patrono delle Cure Palliative. \u00ab<em>Sempre di pi\u00f9 le Cure Palliative si caratterizzano per la complessit\u00e0 assistenziale ,che in particolare in questi ultimi anni si \u00e8 ulteriormente accentuata causa la pandemia da Covid . Questa situazione ha senza dubbio messo alla prova l\u2019Equipe di Cure Palliative che si \u00e8 trovata a dover gestire situazioni nuove e particolarmente impegnative. Abbiamo pertanto ritenuto opportuno dare particolare sostegno all\u2019Equipe attraverso momenti di condivisione e formativi che sono stati e sono tutt\u2019ora un elemento fondamentale per la nostra attivit\u00e0 quotidiana<\/em>\u00bb, commenta Giuseppe Fornasier, direttore della UOC Cure Palliative di Belluno. L\u2019impegno dell\u2019Azienda \u00e8 quello di diffondere sempre di pi\u00f9 le cure palliative, accompagnando sempre pi\u00f9 persone e famiglie nell\u2019ultimo miglio, con sollievo e dignit\u00e0.<\/p>\n<p>&nbsp;<\/p>\n<hr \/>\n<p>&nbsp;<\/p>\n<blockquote>\n<h3>L\u2019ASSESSORE BOTTACIN HA PRESENTATO\u00a0 LA LEGGE REGIONALE SULLA PROTEZIONE CIVILE<\/h3>\n<\/blockquote>\n<p><strong><img loading=\"lazy\" decoding=\"async\" class=\"alignleft\" src=\"https:\/\/www.radiopiu.net\/wordpress\/wp-content\/uploads\/2022\/11\/ade737c9-63a2-4a29-ab24-9a4748da8d5c.jpg\" width=\"277\" height=\"208\" \/>VENEZIA <\/strong>L\u2019Assessore della Regione del Veneto della Protezione Civile, Gianpaolo Bottacin,\u00a0 ha presentato\u00a0 a Belluno\u00a0 la nuova Legge regionale 13\/2022 \u201cDisciplina delle attivit\u00e0 della Protezione Civile\u201d alle associazioni di volontariato e all\u2019amministrazione comunale&#8221; All\u2019incontro in Sala Bianchi erano presenti anche Oscar De Pellegrin (Sindaco di Belluno), Roberto Padrin (Presidente della Provincia di Belluno), Pietro Cadorin (Presidente della Consulta provinciale delle Organizzazioni di Volontariato di PC), Lorenza De Kunovich (Assessore PC Comune Belluno), Luca Soppelsa (Direttore PC Regione Veneto).<\/p>\n<div dir=\"auto\"><strong>Bottacin<\/strong>:<em> &#8220;Ottima serata. Sala piena e tanto interesse da parte di amministratori e volontari. Occasione per confrontarsi con gli attori del sistema di Protezione Civile, in primis sindaci ed enti istituzionali, ma soprattutto un momento di incontro con i volontari&#8221;\u00a0<\/em><\/div>\n<div dir=\"auto\"><\/div>\n<div dir=\"auto\"><strong>DI DANIELE DALVIT<\/strong><\/div>\n<audio class=\"wp-audio-shortcode\" id=\"audio-305466-3\" preload=\"none\" style=\"width: 100%;\" controls=\"controls\"><source type=\"audio\/mpeg\" src=\"https:\/\/www.radiopiu.net\/wordpress\/wp-content\/uploads\/2022\/11\/DALVIT-BOTTAIN.mp3?_=3\" \/><a href=\"https:\/\/www.radiopiu.net\/wordpress\/wp-content\/uploads\/2022\/11\/DALVIT-BOTTAIN.mp3\">https:\/\/www.radiopiu.net\/wordpress\/wp-content\/uploads\/2022\/11\/DALVIT-BOTTAIN.mp3<\/a><\/audio>\n<p>&nbsp;<\/p>\n\n\t\t\t<style type='text\/css'>\n\t\t\t\t#gallery-3 {\n\t\t\t\t\tmargin: auto;\n\t\t\t\t}\n\t\t\t\t#gallery-3 .gallery-item {\n\t\t\t\t\tfloat: left;\n\t\t\t\t\tmargin-top: 10px;\n\t\t\t\t\ttext-align: center;\n\t\t\t\t\twidth: 33%;\n\t\t\t\t}\n\t\t\t\t#gallery-3 img {\n\t\t\t\t\tborder: 2px solid #cfcfcf;\n\t\t\t\t}\n\t\t\t\t#gallery-3 .gallery-caption {\n\t\t\t\t\tmargin-left: 0;\n\t\t\t\t}\n\t\t\t\t\/* see gallery_shortcode() in wp-includes\/media.php *\/\n\t\t\t<\/style>\n\t\t<div id='gallery-3' class='dt-gallery-container gallery galleryid-305466 gallery-columns-3 gallery-size-thumbnail'><dl class='gallery-item'>\n\t\t\t\t<dt class='gallery-icon landscape'>\n\t\t\t\t\t<a class=\"rollover rollover-zoom dt-pswp-item\" title=\"256aa43e-cb09-4a3e-947e-2b8f05361958\" data-dt-img-description=\"\" data-large_image_width=\"1435\" data-large_image_height=\"972\"href='https:\/\/www.radiopiu.net\/wordpress\/wp-content\/uploads\/2022\/11\/256aa43e-cb09-4a3e-947e-2b8f05361958.jpg'><img loading=\"lazy\" decoding=\"async\" width=\"150\" height=\"150\" src=\"https:\/\/www.radiopiu.net\/wordpress\/wp-content\/uploads\/2022\/11\/256aa43e-cb09-4a3e-947e-2b8f05361958-150x150.jpg\" class=\"attachment-thumbnail size-thumbnail\" alt=\"\" \/><\/a>\n\t\t\t\t<\/dt><\/dl><dl class='gallery-item'>\n\t\t\t\t<dt class='gallery-icon landscape'>\n\t\t\t\t\t<a class=\"rollover rollover-zoom dt-pswp-item\" title=\"46e478d7-7314-448d-89c0-a4be8f293b5a\" data-dt-img-description=\"\" data-large_image_width=\"1600\" data-large_image_height=\"872\"href='https:\/\/www.radiopiu.net\/wordpress\/wp-content\/uploads\/2022\/11\/46e478d7-7314-448d-89c0-a4be8f293b5a.jpg'><img loading=\"lazy\" decoding=\"async\" width=\"150\" height=\"150\" src=\"https:\/\/www.radiopiu.net\/wordpress\/wp-content\/uploads\/2022\/11\/46e478d7-7314-448d-89c0-a4be8f293b5a-150x150.jpg\" class=\"attachment-thumbnail size-thumbnail\" alt=\"\" \/><\/a>\n\t\t\t\t<\/dt><\/dl><dl class='gallery-item'>\n\t\t\t\t<dt class='gallery-icon portrait'>\n\t\t\t\t\t<a class=\"rollover rollover-zoom dt-pswp-item\" title=\"315080623_657334569096954_4458111839976026521_n\" data-dt-img-description=\"\" data-large_image_width=\"469\" data-large_image_height=\"600\"href='https:\/\/www.radiopiu.net\/wordpress\/wp-content\/uploads\/2022\/11\/315080623_657334569096954_4458111839976026521_n.jpg'><img loading=\"lazy\" decoding=\"async\" width=\"150\" height=\"150\" src=\"https:\/\/www.radiopiu.net\/wordpress\/wp-content\/uploads\/2022\/11\/315080623_657334569096954_4458111839976026521_n-150x150.jpg\" class=\"attachment-thumbnail size-thumbnail\" alt=\"\" \/><\/a>\n\t\t\t\t<\/dt><\/dl><br style=\"clear: both\" \/><dl class='gallery-item'>\n\t\t\t\t<dt class='gallery-icon portrait'>\n\t\t\t\t\t<a class=\"rollover rollover-zoom dt-pswp-item\" title=\"314955695_657334669096944_946976223111400511_n\" data-dt-img-description=\"\" data-large_image_width=\"392\" data-large_image_height=\"600\"href='https:\/\/www.radiopiu.net\/wordpress\/wp-content\/uploads\/2022\/11\/314955695_657334669096944_946976223111400511_n.jpg'><img loading=\"lazy\" decoding=\"async\" width=\"150\" height=\"150\" src=\"https:\/\/www.radiopiu.net\/wordpress\/wp-content\/uploads\/2022\/11\/314955695_657334669096944_946976223111400511_n-150x150.jpg\" class=\"attachment-thumbnail size-thumbnail\" alt=\"\" \/><\/a>\n\t\t\t\t<\/dt><\/dl><dl class='gallery-item'>\n\t\t\t\t<dt class='gallery-icon landscape'>\n\t\t\t\t\t<a class=\"rollover rollover-zoom dt-pswp-item\" title=\"8a154089-8d9e-4da0-8b9e-d83656792169\" data-dt-img-description=\"\" data-large_image_width=\"1600\" data-large_image_height=\"940\"href='https:\/\/www.radiopiu.net\/wordpress\/wp-content\/uploads\/2022\/11\/8a154089-8d9e-4da0-8b9e-d83656792169.jpg'><img loading=\"lazy\" decoding=\"async\" width=\"150\" height=\"150\" src=\"https:\/\/www.radiopiu.net\/wordpress\/wp-content\/uploads\/2022\/11\/8a154089-8d9e-4da0-8b9e-d83656792169-150x150.jpg\" class=\"attachment-thumbnail size-thumbnail\" alt=\"\" \/><\/a>\n\t\t\t\t<\/dt><\/dl><dl class='gallery-item'>\n\t\t\t\t<dt class='gallery-icon landscape'>\n\t\t\t\t\t<a class=\"rollover rollover-zoom dt-pswp-item\" title=\"314453890_657334492430295_8401071967582600786_n\" data-dt-img-description=\"\" data-large_image_width=\"583\" data-large_image_height=\"395\"href='https:\/\/www.radiopiu.net\/wordpress\/wp-content\/uploads\/2022\/11\/314453890_657334492430295_8401071967582600786_n.jpg'><img loading=\"lazy\" decoding=\"async\" width=\"150\" height=\"150\" src=\"https:\/\/www.radiopiu.net\/wordpress\/wp-content\/uploads\/2022\/11\/314453890_657334492430295_8401071967582600786_n-150x150.jpg\" class=\"attachment-thumbnail size-thumbnail\" alt=\"\" \/><\/a>\n\t\t\t\t<\/dt><\/dl><br style=\"clear: both\" \/>\n\t\t\t<\/div>\n\n<p>&nbsp;<\/p>\n<p>&nbsp;<\/p>\n<hr \/>\n<p>&nbsp;<\/p>\n<p>&nbsp;<\/p>\n<blockquote>\n<h2>PONTE DEL FELICE, IL GIORNO DOPO L&#8217;APERTURA, LA SODDISFAZIONE DEL SINDACO ZUANEL<\/h2>\n<\/blockquote>\n<p><strong><img loading=\"lazy\" decoding=\"async\" class=\"alignleft\" src=\"https:\/\/www.radiopiu.net\/wordpress\/wp-content\/uploads\/2022\/11\/9e6806ba-bfc9-4ef4-bfc1-cc9a03db0c52.jpg\" width=\"172\" height=\"97\" \/>LA VALLE<\/strong><\/p>\n<p><strong>DI GIANNI SANTOMASO<\/strong><\/p>\n<audio class=\"wp-audio-shortcode\" id=\"audio-305466-4\" preload=\"none\" style=\"width: 100%;\" controls=\"controls\"><source type=\"audio\/mpeg\" src=\"https:\/\/www.radiopiu.net\/wordpress\/wp-content\/uploads\/2022\/11\/ponte-del-felice-1.mp3?_=4\" \/><a href=\"https:\/\/www.radiopiu.net\/wordpress\/wp-content\/uploads\/2022\/11\/ponte-del-felice-1.mp3\">https:\/\/www.radiopiu.net\/wordpress\/wp-content\/uploads\/2022\/11\/ponte-del-felice-1.mp3<\/a><\/audio>\n<p>&nbsp;<\/p>\n<hr \/>\n<p>&nbsp;<\/p>\n<blockquote>\n<h3>DAGAREI DI LA VALLE AGORDINA, LAVORI CONCLUSI<\/h3>\n<p>&nbsp;<\/p><\/blockquote>\n<p><strong><img decoding=\"async\" src=\"https:\/\/www.radiopiu.net\/wordpress\/wp-content\/uploads\/2022\/11\/ebeecebf-de80-449d-97a7-45f805749742.jpg\" \/>LA VALLE\u00a0<\/strong> E\u2019 stato completato nei giorni scorsi dalle strutture regionali dei Servizi forestali l\u2019intervento per la sistemazione idraulico forestale del torrente Alghera a monte della confluenza nel torrente Missiaga, in comune di La Valle Agordina, in un area che era stata pesantemente colpita dal maltempo di quattro anni fa, con lo sviluppo di una colata detritica che aveva interessato la strada del passo Duran. <em>\u201cNella vallata sovrastante risultava infatti presente un vasto movimento franoso che era stato mobilizzato dalla grande quantit\u00e0 di pioggia \u2013 spiega l\u2019assessore al Dissesto idrogeologico Gianpaolo Bottacin \u2013. Da qui la necessit\u00e0 di un progetto che prevedesse di intervenire con il riordino dell\u2019alveo e la sua riconfigurazione\u201d. <\/em>Si \u00e8 cos\u00ec progettato l\u2019allargamento e l\u2019addolcimento della decisa curva prima della immissione nel torrente Missiaga e la protezione con scogliere dell\u2019intera sponda in destra idrografica. <em>\u201cIl trasporto verso valle di blocchi di notevole pezzatura \u2013 dettaglia l\u2019assessore -, in qualche caso addirittura ciclopica con singoli volumi dell\u2019ordine delle decine di metri cubi, associato al sovralluvionamento a carico del materiale granulare, avrebbe potuto comunque causare ulteriori effetti pregiudizievoli ed era pertanto fondamentale eseguire anche una briglia selettiva a protezione\u201d <\/em>E\u2019 stata dunque eseguita una briglia con finestratura avente luce di tre metri, la quale entra in funzione solo in caso di eventi eccezionali, in grado di portare in sospensione blocchi di notevole pezzatura. \u201cL\u2019intervento, per il quale abbiamo impegnato complessivamente 600mila euro \u2013 prosegue Bottacin \u2013 ha complessivamente previsto la risagomatura dell\u2019alveo a monte della briglia, l\u2019opera strutturale principale costituita da un complesso di briglia selettiva con vasca di dissipazione rivestita e controbriglia, e la corazzatura dell\u2019alveo a valle\u201d.<\/p>\n<blockquote><p><em>\u201cContinua l\u2019impegno della Regione Veneto nella messa in sicurezza del territorio dopo la tempesta Vaia \u2013 conclude l\u2019assessore-. Un impegno che non si limita ai lavori gestiti direttamente dalle strutture regionali, come per questo intervento, ma anche attraverso il coordinamento dei fondi e l\u2019assistenza tecnica per le opere gestite da altri soggetti attuatori, come nel caso del ponte del Felice, sempre a La Vallle Agordina, riaperto ieri dopo che era stato completato un lavoro da ben 1,2 milioni di euro. Giornate importanti per il piccolo comune bellunese, dove si sono completati lavori per quasi 2 milioni di euro\u201d.<\/em><\/p><\/blockquote>\n<p>&nbsp;<\/p>\n<p>&nbsp;<\/p>\n<hr \/>\n<p>&nbsp;<\/p>\n<blockquote>\n<h3><a class=\"dt-pswp-item\" href=\"https:\/\/www.radiopiu.net\/wordpress\/wp-content\/uploads\/2022\/11\/310971802_475067097983732_1725207236725038951_n.jpg\" data-dt-img-description=\"\" data-large_image_width=\"960\" data-large_image_height=\"959\"><img loading=\"lazy\" decoding=\"async\" class=\"wp-image-305853 alignleft\" src=\"https:\/\/www.radiopiu.net\/wordpress\/wp-content\/uploads\/2022\/11\/310971802_475067097983732_1725207236725038951_n-300x300.jpg\" alt=\"\" width=\"109\" height=\"109\" srcset=\"https:\/\/www.radiopiu.net\/wordpress\/wp-content\/uploads\/2022\/11\/310971802_475067097983732_1725207236725038951_n-300x300.jpg 300w, https:\/\/www.radiopiu.net\/wordpress\/wp-content\/uploads\/2022\/11\/310971802_475067097983732_1725207236725038951_n-150x150.jpg 150w, https:\/\/www.radiopiu.net\/wordpress\/wp-content\/uploads\/2022\/11\/310971802_475067097983732_1725207236725038951_n-768x767.jpg 768w, https:\/\/www.radiopiu.net\/wordpress\/wp-content\/uploads\/2022\/11\/310971802_475067097983732_1725207236725038951_n.jpg 960w\" sizes=\"auto, (max-width: 109px) 100vw, 109px\" \/><\/a>FONDI VAIA BEN SPESI<\/h3>\n<\/blockquote>\n<p><strong>VAL DI ZOLDO<\/strong>\u00a0 Nelle fotografie scattate dal sindaco Camillo De Pellegrin lo stato del cantiere a Fusine in piazza del\u00a0 Vecchio Municipio. Ecco le opere di difesa idraulica realizzate con il contributo dei fondi Vaia, ultima annualit\u00e0.<\/p>\n<div>\n<div class=\"\" dir=\"auto\">\n<div id=\"jsc_c_ky\" class=\"x1iorvi4 x1pi30zi x1l90r2v x1swvt13\" data-ad-comet-preview=\"message\" data-ad-preview=\"message\">\n<div class=\"x78zum5 xdt5ytf xz62fqu x16ldp7u\">\n<div class=\"xu06os2 x1ok221b\">\n<div class=\"xdj266r x11i5rnm xat24cr x1mh8g0r x1vvkbs x126k92a\"><\/div>\n<\/div>\n<\/div>\n<\/div>\n<\/div>\n<\/div>\n\n\t\t\t<style type='text\/css'>\n\t\t\t\t#gallery-4 {\n\t\t\t\t\tmargin: auto;\n\t\t\t\t}\n\t\t\t\t#gallery-4 .gallery-item {\n\t\t\t\t\tfloat: left;\n\t\t\t\t\tmargin-top: 10px;\n\t\t\t\t\ttext-align: center;\n\t\t\t\t\twidth: 33%;\n\t\t\t\t}\n\t\t\t\t#gallery-4 img {\n\t\t\t\t\tborder: 2px solid #cfcfcf;\n\t\t\t\t}\n\t\t\t\t#gallery-4 .gallery-caption {\n\t\t\t\t\tmargin-left: 0;\n\t\t\t\t}\n\t\t\t\t\/* see gallery_shortcode() in wp-includes\/media.php *\/\n\t\t\t<\/style>\n\t\t<div id='gallery-4' class='dt-gallery-container gallery galleryid-305466 gallery-columns-3 gallery-size-thumbnail'><dl class='gallery-item'>\n\t\t\t\t<dt class='gallery-icon landscape'>\n\t\t\t\t\t<a class=\"rollover rollover-zoom dt-pswp-item\" title=\"313001716_499714205519021_3161561953377477826_n\" data-dt-img-description=\"\" data-large_image_width=\"1600\" data-large_image_height=\"900\"href='https:\/\/www.radiopiu.net\/wordpress\/wp-content\/uploads\/2022\/11\/313001716_499714205519021_3161561953377477826_n.jpg'><img loading=\"lazy\" decoding=\"async\" width=\"150\" height=\"150\" src=\"https:\/\/www.radiopiu.net\/wordpress\/wp-content\/uploads\/2022\/11\/313001716_499714205519021_3161561953377477826_n-150x150.jpg\" class=\"attachment-thumbnail size-thumbnail\" alt=\"\" \/><\/a>\n\t\t\t\t<\/dt><\/dl><dl class='gallery-item'>\n\t\t\t\t<dt class='gallery-icon landscape'>\n\t\t\t\t\t<a class=\"rollover rollover-zoom dt-pswp-item\" title=\"313275877_499714292185679_4896332234838620315_n\" data-dt-img-description=\"\" data-large_image_width=\"1600\" data-large_image_height=\"900\"href='https:\/\/www.radiopiu.net\/wordpress\/wp-content\/uploads\/2022\/11\/313275877_499714292185679_4896332234838620315_n.jpg'><img loading=\"lazy\" decoding=\"async\" width=\"150\" height=\"150\" src=\"https:\/\/www.radiopiu.net\/wordpress\/wp-content\/uploads\/2022\/11\/313275877_499714292185679_4896332234838620315_n-150x150.jpg\" class=\"attachment-thumbnail size-thumbnail\" alt=\"\" \/><\/a>\n\t\t\t\t<\/dt><\/dl><dl class='gallery-item'>\n\t\t\t\t<dt class='gallery-icon landscape'>\n\t\t\t\t\t<a class=\"rollover rollover-zoom dt-pswp-item\" title=\"314692722_499714298852345_3418315403289537016_n\" data-dt-img-description=\"\" data-large_image_width=\"2048\" data-large_image_height=\"1536\"href='https:\/\/www.radiopiu.net\/wordpress\/wp-content\/uploads\/2022\/11\/314692722_499714298852345_3418315403289537016_n.jpg'><img loading=\"lazy\" decoding=\"async\" width=\"150\" height=\"150\" src=\"https:\/\/www.radiopiu.net\/wordpress\/wp-content\/uploads\/2022\/11\/314692722_499714298852345_3418315403289537016_n-150x150.jpg\" class=\"attachment-thumbnail size-thumbnail\" alt=\"\" \/><\/a>\n\t\t\t\t<\/dt><\/dl><br style=\"clear: both\" \/><dl class='gallery-item'>\n\t\t\t\t<dt class='gallery-icon landscape'>\n\t\t\t\t\t<a class=\"rollover rollover-zoom dt-pswp-item\" title=\"313181771_499714375519004_2983053989411940473_n\" data-dt-img-description=\"\" data-large_image_width=\"2048\" data-large_image_height=\"1536\"href='https:\/\/www.radiopiu.net\/wordpress\/wp-content\/uploads\/2022\/11\/313181771_499714375519004_2983053989411940473_n.jpg'><img loading=\"lazy\" decoding=\"async\" width=\"150\" height=\"150\" src=\"https:\/\/www.radiopiu.net\/wordpress\/wp-content\/uploads\/2022\/11\/313181771_499714375519004_2983053989411940473_n-150x150.jpg\" class=\"attachment-thumbnail size-thumbnail\" alt=\"\" \/><\/a>\n\t\t\t\t<\/dt><\/dl><dl class='gallery-item'>\n\t\t\t\t<dt class='gallery-icon landscape'>\n\t\t\t\t\t<a class=\"rollover rollover-zoom dt-pswp-item\" title=\"314412285_499714175519024_4261253078244018829_n\" data-dt-img-description=\"\" data-large_image_width=\"2048\" data-large_image_height=\"1536\"href='https:\/\/www.radiopiu.net\/wordpress\/wp-content\/uploads\/2022\/11\/314412285_499714175519024_4261253078244018829_n.jpg'><img loading=\"lazy\" decoding=\"async\" width=\"150\" height=\"150\" src=\"https:\/\/www.radiopiu.net\/wordpress\/wp-content\/uploads\/2022\/11\/314412285_499714175519024_4261253078244018829_n-150x150.jpg\" class=\"attachment-thumbnail size-thumbnail\" alt=\"\" \/><\/a>\n\t\t\t\t<\/dt><\/dl><dl class='gallery-item'>\n\t\t\t\t<dt class='gallery-icon landscape'>\n\t\t\t\t\t<a class=\"rollover rollover-zoom dt-pswp-item\" title=\"313205088_499714162185692_8376560390805175072_n\" data-dt-img-description=\"\" data-large_image_width=\"2048\" data-large_image_height=\"1536\"href='https:\/\/www.radiopiu.net\/wordpress\/wp-content\/uploads\/2022\/11\/313205088_499714162185692_8376560390805175072_n.jpg'><img loading=\"lazy\" decoding=\"async\" width=\"150\" height=\"150\" src=\"https:\/\/www.radiopiu.net\/wordpress\/wp-content\/uploads\/2022\/11\/313205088_499714162185692_8376560390805175072_n-150x150.jpg\" class=\"attachment-thumbnail size-thumbnail\" alt=\"\" \/><\/a>\n\t\t\t\t<\/dt><\/dl><br style=\"clear: both\" \/>\n\t\t\t<\/div>\n\n<p>&nbsp;<\/p>\n<hr \/>\n<p>&nbsp;<\/p>\n<p>&nbsp;<\/p>\n<blockquote>\n<h2>AL VIA I LAVORI NEL CANTIERE AL PONTE DELLA VENEGGIA<\/h2>\n<\/blockquote>\n<p><strong><a class=\"dt-pswp-item\" href=\"https:\/\/www.radiopiu.net\/wordpress\/wp-content\/uploads\/2022\/11\/Pulizia-pendio-Veneggia1.jpeg\" data-dt-img-description=\"\" data-large_image_width=\"1512\" data-large_image_height=\"2016\"><img loading=\"lazy\" decoding=\"async\" class=\"wp-image-305680 alignleft\" src=\"https:\/\/www.radiopiu.net\/wordpress\/wp-content\/uploads\/2022\/11\/Pulizia-pendio-Veneggia1.jpeg\" alt=\"\" width=\"180\" height=\"240\" srcset=\"https:\/\/www.radiopiu.net\/wordpress\/wp-content\/uploads\/2022\/11\/Pulizia-pendio-Veneggia1.jpeg 1512w, https:\/\/www.radiopiu.net\/wordpress\/wp-content\/uploads\/2022\/11\/Pulizia-pendio-Veneggia1-225x300.jpeg 225w, https:\/\/www.radiopiu.net\/wordpress\/wp-content\/uploads\/2022\/11\/Pulizia-pendio-Veneggia1-768x1024.jpeg 768w, https:\/\/www.radiopiu.net\/wordpress\/wp-content\/uploads\/2022\/11\/Pulizia-pendio-Veneggia1-1152x1536.jpeg 1152w\" sizes=\"auto, (max-width: 180px) 100vw, 180px\" \/><\/a>BELLUNO<\/strong> Per iniziare\u00a0 la pulizia del pendio, seguir\u00e0 la realizzazione della pista ciclabile lungo via Tiziano Vecellio. In progetto una passerella in acciaio al lato del manufatto, per pedoni e ciclisti. Si tratterebbe di un investimento aggiuntivo di 300 mila euro, coinvolta nella riflessione la Regione e ricorso ad eventuali fondi\u00a0 Pnrr.\u00a0 <em>\u201cNel mese di agosto abbiamo fermato l\u2019avvio del cantiere per trovare una soluzione diversa, che creasse meno disagio possibile ai cittadini \u2013 spiega l\u2019assessore ai lavori pubblici, Franco Roccon \u2013, perch\u00e9 l\u2019intervento di pulizia e disboscamento non comportasse l\u2019interruzione della viabilit\u00e0 nell\u2019area. Abbiamo trovato il modo, non \u00e8 stata installata un\u2019impalcatura ma si operer\u00e0 con una piattaforma che lascia libero il ponte\u201d. <\/em>La pista ciclabile dal ponte si estender\u00e0 per qualche centinaio di metri fino ai pressi della sede Arpav.\u00a0 Il costo complessivo sar\u00e0 di circa 620 mila euro, coperti da fondi regionali e comunali e impegnati con la variante in corso d\u2019opera appena approvata; a questi potrebbero aggiungersi ulteriori 300 mila euro se risulter\u00e0 fattibile la realizzazione del tratto pi\u00f9 importante di ciclabile, una passerella in acciaio a sbalzo a fianco del ponte. In quanto alla viabilit\u00e0, permane l\u2019ordinanza della Polizia Locale che indica come necessaria la deviazione del traffico pesante nelle vie Ugo Neri e laterali per tutta la durata della realizzazione della ciclabile. Le corsie di via Tiziano Vecellio non saranno interessate da restringimenti.<\/p>\n<p>&nbsp;<\/p>\n<blockquote>\n<h2>IL SINDACO OSCAR DE PELLEGRIN E L&#8217;ASSESSORE FRANCO ROCCON<\/h2>\n<\/blockquote>\n\n\t\t\t<style type='text\/css'>\n\t\t\t\t#gallery-5 {\n\t\t\t\t\tmargin: auto;\n\t\t\t\t}\n\t\t\t\t#gallery-5 .gallery-item {\n\t\t\t\t\tfloat: left;\n\t\t\t\t\tmargin-top: 10px;\n\t\t\t\t\ttext-align: center;\n\t\t\t\t\twidth: 50%;\n\t\t\t\t}\n\t\t\t\t#gallery-5 img {\n\t\t\t\t\tborder: 2px solid #cfcfcf;\n\t\t\t\t}\n\t\t\t\t#gallery-5 .gallery-caption {\n\t\t\t\t\tmargin-left: 0;\n\t\t\t\t}\n\t\t\t\t\/* see gallery_shortcode() in wp-includes\/media.php *\/\n\t\t\t<\/style>\n\t\t<div id='gallery-5' class='dt-gallery-container gallery galleryid-305466 gallery-columns-2 gallery-size-thumbnail'><dl class='gallery-item'>\n\t\t\t\t<dt class='gallery-icon portrait'>\n\t\t\t\t\t<a class=\"rollover rollover-zoom dt-pswp-item\" title=\"oscar\" data-dt-img-description=\"\" data-large_image_width=\"344\" data-large_image_height=\"368\"href='https:\/\/www.radiopiu.net\/wordpress\/wp-content\/uploads\/2022\/11\/oscar.jpg'><img loading=\"lazy\" decoding=\"async\" width=\"150\" height=\"150\" src=\"https:\/\/www.radiopiu.net\/wordpress\/wp-content\/uploads\/2022\/11\/oscar-150x150.jpg\" class=\"attachment-thumbnail size-thumbnail\" alt=\"\" \/><\/a>\n\t\t\t\t<\/dt><\/dl><dl class='gallery-item'>\n\t\t\t\t<dt class='gallery-icon landscape'>\n\t\t\t\t\t<a class=\"rollover rollover-zoom dt-pswp-item\" title=\"roccon\" data-dt-img-description=\"\" data-large_image_width=\"431\" data-large_image_height=\"406\"href='https:\/\/www.radiopiu.net\/wordpress\/wp-content\/uploads\/2022\/11\/roccon.png'><img loading=\"lazy\" decoding=\"async\" width=\"150\" height=\"150\" src=\"https:\/\/www.radiopiu.net\/wordpress\/wp-content\/uploads\/2022\/11\/roccon-150x150.png\" class=\"attachment-thumbnail size-thumbnail\" alt=\"\" \/><\/a>\n\t\t\t\t<\/dt><\/dl><br style=\"clear: both\" \/>\n\t\t\t<\/div>\n\n<p>&nbsp;<\/p>\n<audio class=\"wp-audio-shortcode\" id=\"audio-305466-5\" preload=\"none\" style=\"width: 100%;\" controls=\"controls\"><source type=\"audio\/mpeg\" src=\"https:\/\/www.radiopiu.net\/wordpress\/wp-content\/uploads\/2022\/11\/oscar.mp3?_=5\" \/><a href=\"https:\/\/www.radiopiu.net\/wordpress\/wp-content\/uploads\/2022\/11\/oscar.mp3\">https:\/\/www.radiopiu.net\/wordpress\/wp-content\/uploads\/2022\/11\/oscar.mp3<\/a><\/audio>\n<p>&nbsp;<\/p>\n<audio class=\"wp-audio-shortcode\" id=\"audio-305466-6\" preload=\"none\" style=\"width: 100%;\" controls=\"controls\"><source type=\"audio\/mpeg\" src=\"https:\/\/www.radiopiu.net\/wordpress\/wp-content\/uploads\/2022\/11\/roccon.mp3?_=6\" \/><a href=\"https:\/\/www.radiopiu.net\/wordpress\/wp-content\/uploads\/2022\/11\/roccon.mp3\">https:\/\/www.radiopiu.net\/wordpress\/wp-content\/uploads\/2022\/11\/roccon.mp3<\/a><\/audio>\n<p>&nbsp;<\/p>\n<p>&nbsp;<\/p>\n<hr \/>\n<p>&nbsp;<\/p>\n<blockquote>\n<h3>SIAMO BELLUNO, ATTENZIONE AI TEMI CITTADINI<\/h3>\n<\/blockquote>\n<p><span id=\"page3R_mcid0\" class=\"markedContent\"><a class=\"dt-pswp-item\" href=\"https:\/\/www.radiopiu.net\/wordpress\/wp-content\/uploads\/2022\/11\/Senza-nome-42.jpg\" data-dt-img-description=\"\" data-large_image_width=\"204\" data-large_image_height=\"201\"><img loading=\"lazy\" decoding=\"async\" class=\" wp-image-305778 alignleft\" src=\"https:\/\/www.radiopiu.net\/wordpress\/wp-content\/uploads\/2022\/11\/Senza-nome-42.jpg\" alt=\"\" width=\"150\" height=\"148\" \/><\/a><\/span><span id=\"page3R_mcid6\" class=\"markedContent\"><strong>BELLUNO\u00a0<\/strong> <span dir=\"ltr\" role=\"presentation\">Il secondo incontro del gruppo ha affrontato anche la questione Nevegal <\/span><\/span><span id=\"page3R_mcid9\" class=\"markedContent\"><span dir=\"ltr\" role=\"presentation\">Cresce<\/span> <span dir=\"ltr\" role=\"presentation\">la<\/span> <span dir=\"ltr\" role=\"presentation\">partecipazione<\/span> <span dir=\"ltr\" role=\"presentation\">attorno<\/span> <span dir=\"ltr\" role=\"presentation\">al<\/span> <span dir=\"ltr\" role=\"presentation\">laboratorio<\/span> <span dir=\"ltr\" role=\"presentation\">politico<\/span> <span dir=\"ltr\" role=\"presentation\">SiAmo<\/span> <span dir=\"ltr\" role=\"presentation\">Belluno:<\/span> <span dir=\"ltr\" role=\"presentation\">l&#8217;incontro<\/span> <span dir=\"ltr\" role=\"presentation\">di <\/span><\/span><span id=\"page3R_mcid10\" class=\"markedContent\"><span dir=\"ltr\" role=\"presentation\">mercoled\u00ec sera ha visto una larga partecipazione di cittadini, interessati ai temi politici del <\/span><\/span><span id=\"page3R_mcid11\" class=\"markedContent\"><span dir=\"ltr\" role=\"presentation\">capoluogo. <\/span><\/span><span id=\"page3R_mcid13\" class=\"markedContent\"><span dir=\"ltr\" role=\"presentation\">\u00abSiamo in una fase di ascolto, di attenzione e di analisi di qu<\/span><\/span><span id=\"page3R_mcid14\" class=\"markedContent\"><span dir=\"ltr\" role=\"presentation\">ello che succede nella nostra <\/span><\/span><span id=\"page3R_mcid15\" class=\"markedContent\"><span dir=\"ltr\" role=\"presentation\">citt\u00e0\u00bb, spiega il fondatore del gruppo Biagio Giannone. \u00abCi sono molte questioni politiche <\/span><\/span><span id=\"page3R_mcid16\" class=\"markedContent\"><span dir=\"ltr\" role=\"presentation\">in ballo: il gruppo ha uno spirito propositivo che va al di l\u00e0 delle posizioni elettorali, <\/span><\/span><span id=\"page3R_mcid17\" class=\"markedContent\"><span dir=\"ltr\" role=\"presentation\">vogliamo capire quali sono gli indirizzi per<\/span><\/span><span id=\"page3R_mcid18\" class=\"markedContent\"><\/span><span id=\"page3R_mcid19\" class=\"markedContent\"> <span dir=\"ltr\" role=\"presentation\">la citt\u00e0 per poter dire la nostra\u00bb. <\/span><\/span><span id=\"page3R_mcid21\" class=\"markedContent\"><span dir=\"ltr\" role=\"presentation\">Uno dei temi che negli ultimi giorni ha avuto particolare risalto sulla stampa e in consiglio <\/span><\/span><span id=\"page3R_mcid22\" class=\"markedContent\"><span dir=\"ltr\" role=\"presentation\">comunale \u00e8 quello del Nevegal: \u00abSappiamo che in un momento critico come questo le <\/span><\/span><span id=\"page3R_mcid23\" class=\"markedContent\"><span dir=\"ltr\" role=\"presentation\">risorse<\/span> <span dir=\"ltr\" role=\"presentation\">economiche<\/span> <span dir=\"ltr\" role=\"presentation\">sono<\/span> <span dir=\"ltr\" role=\"presentation\">importantissime,<\/span> <span dir=\"ltr\" role=\"presentation\">e<\/span><\/span><span id=\"page3R_mcid24\" class=\"markedContent\"> <span dir=\"ltr\" role=\"presentation\">confidiamo<\/span> <span dir=\"ltr\" role=\"presentation\">che<\/span> <span dir=\"ltr\" role=\"presentation\">si<\/span> <span dir=\"ltr\" role=\"presentation\">possa<\/span> <span dir=\"ltr\" role=\"presentation\">trovare<\/span> <span dir=\"ltr\" role=\"presentation\">una <\/span><\/span><span id=\"page3R_mcid25\" class=\"markedContent\"><span dir=\"ltr\" role=\"presentation\">soluzione per non perdere il contributo regionale di 300mila euro. Il gruppo di SiAmo <\/span><\/span><span id=\"page3R_mcid26\" class=\"markedContent\"><span dir=\"ltr\" role=\"presentation\">Belluno \u00e8 convintamente a favore della destagionalizzazione turistica dell&#8217;Alpe e quindi <\/span><\/span><span id=\"page3R_mcid27\" class=\"markedContent\"><span dir=\"ltr\" role=\"presentation\">vorremmo capire quali sono le proposte, sia a<\/span><\/span><span id=\"page3R_mcid28\" class=\"markedContent\"><\/span><span id=\"page3R_mcid29\" class=\"markedContent\"> <span dir=\"ltr\" role=\"presentation\">livello di infrastrutture che di promozione e <\/span><\/span><span id=\"page3R_mcid30\" class=\"markedContent\"><span dir=\"ltr\" role=\"presentation\">filosofia turistica, che l&#8217;amministrazione comunale intende portare avanti per il Nevegal\u00bb, <\/span><\/span><span id=\"page3R_mcid31\" class=\"markedContent\"><span dir=\"ltr\" role=\"presentation\">sottolinea Giannone. <\/span><\/span><span id=\"page3R_mcid33\" class=\"markedContent\"><span dir=\"ltr\" role=\"presentation\">Un altro dei temi affrontati nel corso dell&#8217;incontro di ieri sera \u00e8 quello delle politiche cultu<\/span><\/span><span id=\"page3R_mcid34\" class=\"markedContent\"><span dir=\"ltr\" role=\"presentation\">rali <\/span><\/span><span id=\"page3R_mcid35\" class=\"markedContent\"><span dir=\"ltr\" role=\"presentation\">cittadine: \u00abVorremmo capirne di pi\u00f9, quali sono le linee di indirizzo e soprattutto sapere <\/span><\/span><span id=\"page3R_mcid36\" class=\"markedContent\"><span dir=\"ltr\" role=\"presentation\">quali spazi verranno dedicati ai giovani\u00bb, conclude Giannone. \u00abPensiamo ad esempio alla <\/span><\/span><span id=\"page3R_mcid37\" class=\"markedContent\"><span dir=\"ltr\" role=\"presentation\">biblioteca, la cui possibilit\u00e0 di utilizzo \u00e8 ancora molto limitata\u00bb.\u00a0<\/span><\/span><\/p>\n<p>&nbsp;<\/p>\n<hr \/>\n<p>&nbsp;<\/p>\n<p>&nbsp;<\/p>\n<blockquote>\n<h3><a class=\"dt-pswp-item\" href=\"https:\/\/www.radiopiu.net\/wordpress\/wp-content\/uploads\/2022\/11\/Senza-nome-45.jpg\" data-dt-img-description=\"\" data-large_image_width=\"490\" data-large_image_height=\"210\"><img loading=\"lazy\" decoding=\"async\" class=\"wp-image-305860 alignleft\" src=\"https:\/\/www.radiopiu.net\/wordpress\/wp-content\/uploads\/2022\/11\/Senza-nome-45-300x129.jpg\" alt=\"\" width=\"242\" height=\"104\" srcset=\"https:\/\/www.radiopiu.net\/wordpress\/wp-content\/uploads\/2022\/11\/Senza-nome-45-300x129.jpg 300w, https:\/\/www.radiopiu.net\/wordpress\/wp-content\/uploads\/2022\/11\/Senza-nome-45.jpg 490w\" sizes=\"auto, (max-width: 242px) 100vw, 242px\" \/><\/a>PONTE MAS-GRON, LA STRADA SARA&#8217; ALLARGATA<\/h3>\n<\/blockquote>\n<p><strong>SOSPIROLO<\/strong> Trecento metri di strada subito dopo Ponte Mas, girando sulla sinistra verso Gron di Sospirolo, saranno allargati da Veneto Strade. Si tratta della zona dove sar\u00e0 realizzato un un infopoint turistico.\u00a0 Lo ha annunciato il sindaco Mario De Bon, inizio cantiere nel 2023<\/p>\n<p>&nbsp;<\/p>\n<p>&nbsp;<\/p>\n<hr \/>\n<p>&nbsp;<\/p>\n<blockquote>\n<h3>NESSUNA INTERRUZIONE DEI PAGAMENTI DA PARTE DELL&#8217;ULSS PER LA COOP ROSA DELLA MULTINAZIONALE DI CUSIGHE<\/h3>\n<\/blockquote>\n<p><strong><a class=\"dt-pswp-item\" href=\"https:\/\/www.radiopiu.net\/wordpress\/wp-content\/uploads\/2018\/02\/ANDREA-FIOCCO.jpg\" data-dt-img-description=\"\" data-large_image_width=\"960\" data-large_image_height=\"960\"><img loading=\"lazy\" decoding=\"async\" class=\" wp-image-43617 alignleft\" src=\"https:\/\/www.radiopiu.net\/wordpress\/wp-content\/uploads\/2018\/02\/ANDREA-FIOCCO-300x300.jpg\" alt=\"\" width=\"125\" height=\"125\" srcset=\"https:\/\/www.radiopiu.net\/wordpress\/wp-content\/uploads\/2018\/02\/ANDREA-FIOCCO-300x300.jpg 300w, https:\/\/www.radiopiu.net\/wordpress\/wp-content\/uploads\/2018\/02\/ANDREA-FIOCCO-150x150.jpg 150w, https:\/\/www.radiopiu.net\/wordpress\/wp-content\/uploads\/2018\/02\/ANDREA-FIOCCO-768x768.jpg 768w, https:\/\/www.radiopiu.net\/wordpress\/wp-content\/uploads\/2018\/02\/ANDREA-FIOCCO.jpg 960w\" sizes=\"auto, (max-width: 125px) 100vw, 125px\" \/><\/a>BELLUNO<\/strong> Era uscita una notizia che anticipava che l&#8217;Ulss avrebbe interrotto i pagamenti per la Coop Rosa della multinazionale di Cusighe. A fare chiarezza Andrea Fiocco, FP CIGL Belluno<\/p>\n<p>&nbsp;<\/p>\n<p>&nbsp;<\/p>\n<p>&nbsp;<\/p>\n<audio class=\"wp-audio-shortcode\" id=\"audio-305466-7\" preload=\"none\" style=\"width: 100%;\" controls=\"controls\"><source type=\"audio\/mpeg\" src=\"https:\/\/www.radiopiu.net\/wordpress\/wp-content\/uploads\/2022\/11\/FIOCCO-MULTINAZIONALE-CUSIGHE.mp3?_=7\" \/><a href=\"https:\/\/www.radiopiu.net\/wordpress\/wp-content\/uploads\/2022\/11\/FIOCCO-MULTINAZIONALE-CUSIGHE.mp3\">https:\/\/www.radiopiu.net\/wordpress\/wp-content\/uploads\/2022\/11\/FIOCCO-MULTINAZIONALE-CUSIGHE.mp3<\/a><\/audio>\n<p>&nbsp;<\/p>\n<p>&nbsp;<\/p>\n<hr \/>\n<p>&nbsp;<\/p>\n<blockquote>\n<h3>IL CONCORSO &#8220;INSIEME PER ROCCA&#8221;. PRESENTATA LA QUARTA EDIZIONE<\/h3>\n<\/blockquote>\n<p><strong><a class=\"dt-pswp-item\" href=\"https:\/\/www.radiopiu.net\/wordpress\/wp-content\/uploads\/2022\/11\/thumbnail.jpg\" data-dt-img-description=\"\" data-large_image_width=\"1920\" data-large_image_height=\"1080\"><img loading=\"lazy\" decoding=\"async\" class=\" wp-image-305577 alignleft\" src=\"https:\/\/www.radiopiu.net\/wordpress\/wp-content\/uploads\/2022\/11\/thumbnail-300x169.jpg\" alt=\"\" width=\"188\" height=\"106\" srcset=\"https:\/\/www.radiopiu.net\/wordpress\/wp-content\/uploads\/2022\/11\/thumbnail-300x169.jpg 300w, https:\/\/www.radiopiu.net\/wordpress\/wp-content\/uploads\/2022\/11\/thumbnail-1024x576.jpg 1024w, https:\/\/www.radiopiu.net\/wordpress\/wp-content\/uploads\/2022\/11\/thumbnail-768x432.jpg 768w, https:\/\/www.radiopiu.net\/wordpress\/wp-content\/uploads\/2022\/11\/thumbnail-1536x864.jpg 1536w, https:\/\/www.radiopiu.net\/wordpress\/wp-content\/uploads\/2022\/11\/thumbnail.jpg 1920w\" sizes=\"auto, (max-width: 188px) 100vw, 188px\" \/><\/a>ROCCA PIETORE<\/strong> E&#8217; stata presentata ufficialmente la quarta edizione di &#8220;Insieme Per Rocca&#8221;, il concorso nato dopo Vaia e quest&#8217;anno dedicato agli studenti delle scuole di Rocca Pietore, Livinallongo ed Alleghe. Saranno tre le sezioni per cui \u00e8 gi\u00e0 arrivato il materiale per partecipare. Un montepremi di 3500 euro. Il progetto \u00e8 stato presentato nel gr di ieri di Radio Pi\u00f9 alle 9:30<\/p>\n<p><strong>L&#8217;AUDIO DAL GR DELLE 9:30 DI IERI\u00a0<\/strong><\/p>\n<audio class=\"wp-audio-shortcode\" id=\"audio-305466-8\" preload=\"none\" style=\"width: 100%;\" controls=\"controls\"><source type=\"audio\/mpeg\" src=\"https:\/\/www.radiopiu.net\/wordpress\/wp-content\/uploads\/2022\/11\/rocca-interventi.mp3?_=8\" \/><a href=\"https:\/\/www.radiopiu.net\/wordpress\/wp-content\/uploads\/2022\/11\/rocca-interventi.mp3\">https:\/\/www.radiopiu.net\/wordpress\/wp-content\/uploads\/2022\/11\/rocca-interventi.mp3<\/a><\/audio>\n<p>&nbsp;<\/p>\n<p><strong>PER VEDERE IL MEET ONLINE <a href=\"https:\/\/risorse-my.sharepoint.com\/:v:\/g\/personal\/marco_toffanin_opesmind_com\/Eas9vpHfX_NMprQc1AoWe7QBYQPDpUqP9E13Lfmw10THyw?e=egcChv\">CLICCA QUI<\/a><\/strong><\/p>\n<p>&nbsp;<\/p>\n<hr \/>\n<p>&nbsp;<\/p>\n<blockquote>\n<h2>QUANDO ENZO TORTORA E RADIOSQUADRA ARRIVARONO IN AGORDINO, A SAN TOMASO<\/h2>\n<\/blockquote>\n<p><strong><a class=\"dt-pswp-item\" href=\"https:\/\/www.radiopiu.net\/wordpress\/wp-content\/uploads\/2022\/11\/Enzo-Tortora-a-San-Tomaso-intervista-Bepo-Talachini-Radiosquadra-1952.jpeg\" data-dt-img-description=\"\" data-large_image_width=\"1337\" data-large_image_height=\"807\"><img loading=\"lazy\" decoding=\"async\" class=\" wp-image-305587 alignleft\" src=\"https:\/\/www.radiopiu.net\/wordpress\/wp-content\/uploads\/2022\/11\/Enzo-Tortora-a-San-Tomaso-intervista-Bepo-Talachini-Radiosquadra-1952-300x181.jpeg\" alt=\"\" width=\"187\" height=\"113\" srcset=\"https:\/\/www.radiopiu.net\/wordpress\/wp-content\/uploads\/2022\/11\/Enzo-Tortora-a-San-Tomaso-intervista-Bepo-Talachini-Radiosquadra-1952-300x181.jpeg 300w, https:\/\/www.radiopiu.net\/wordpress\/wp-content\/uploads\/2022\/11\/Enzo-Tortora-a-San-Tomaso-intervista-Bepo-Talachini-Radiosquadra-1952-1024x618.jpeg 1024w, https:\/\/www.radiopiu.net\/wordpress\/wp-content\/uploads\/2022\/11\/Enzo-Tortora-a-San-Tomaso-intervista-Bepo-Talachini-Radiosquadra-1952-768x464.jpeg 768w, https:\/\/www.radiopiu.net\/wordpress\/wp-content\/uploads\/2022\/11\/Enzo-Tortora-a-San-Tomaso-intervista-Bepo-Talachini-Radiosquadra-1952.jpeg 1337w\" sizes=\"auto, (max-width: 187px) 100vw, 187px\" \/><\/a>di Luisa Manfroi<\/strong><\/p>\n<p>Era l&#8217;estate del 1952 e Tortora gir\u00f2 altri comuni dell&#8217;Agordino. Si ha notizia certa del suo arrivo, insieme alla troupe della Rai chiamata Radiosquadra, ad Agordo, Canale d&#8217;Agordo, Cencenighe, Vallada e, probabilmente, anche in altre localit\u00e0 agordine di cui tuttavia non si \u00e8 a conoscenza. Radiosquadra giunse anche in Cadore, a Belluno, a Zoldo. Lo scopo era quello di intervistare persone del posto, le pi\u00f9 semplici e comuni, per sentirsi raccontare e ascoltare aneddoti, curiosit\u00e0, poesie, canti dalla viva voce delle persone proponendoli, poi, alla radio. Un&#8217;autentica novit\u00e0 per l&#8217;epoca! Per l&#8217;occasione venivano fatte delle registrazioni in diretta. La foto che allego \u00e8 veramente importante e credo rara e documenta un&#8217;intervista fatta da Tortora a San Tomaso. Qualche anno fa ho scritto una lunga ricerca relativa a Radiosquadra in Agordino (pubblicata sul mio libro &#8220;Bella terra del mio Agordino&#8221;) e ho scoperto solo quest&#8217;estate, dopo un incontro di carattere storico che ho tenuto a San Tomaso su invito della Pro loco, dell&#8217;esistenza di questa foto di propriet\u00e0 dell&#8217;ingegner Marco Rossi.<\/p>\n<p><span style=\"color: #ff0000;\"><strong>LO SPECIALE ALLA RADIO<\/strong><\/span><\/p>\n<audio class=\"wp-audio-shortcode\" id=\"audio-305466-9\" preload=\"none\" style=\"width: 100%;\" controls=\"controls\"><source type=\"audio\/mpeg\" src=\"https:\/\/www.radiopiu.net\/wordpress\/wp-content\/uploads\/2022\/11\/Quando-Radiosquadra-e-Enzo-Tortora-arrivarono-a-San-Tomaso-1952.mp3?_=9\" \/><a href=\"https:\/\/www.radiopiu.net\/wordpress\/wp-content\/uploads\/2022\/11\/Quando-Radiosquadra-e-Enzo-Tortora-arrivarono-a-San-Tomaso-1952.mp3\">https:\/\/www.radiopiu.net\/wordpress\/wp-content\/uploads\/2022\/11\/Quando-Radiosquadra-e-Enzo-Tortora-arrivarono-a-San-Tomaso-1952.mp3<\/a><\/audio>\n<p>&nbsp;<\/p>\n<p>&nbsp;<\/p>\n<p>&nbsp;<\/p>\n<hr \/>\n<p>&nbsp;<\/p>\n<blockquote>\n<h3 class=\"entry-title\">FEDON E ISTITUTO SUPERIORE \u201cRUZZA\u201d DONANO VITA AI MATERIALI INUTILIZZATI<\/h3>\n<\/blockquote>\n<div class=\"page\" title=\"Page 1\">\n<div class=\"layoutArea\">\n<div class=\"column\">\n<p><span id=\"page3R_mcid3\" class=\"markedContent\"><strong class=\"photoswipe-wrapper\"><a class=\"dt-pswp-item pspw-wrap-ready\" href=\"https:\/\/www.radiopiu.net\/wordpress\/wp-content\/uploads\/2022\/11\/Senza-nome1.jpg\" data-dt-img-description=\"\" data-large_image_width=\"264\" data-large_image_height=\"181\"><img loading=\"lazy\" decoding=\"async\" class=\"size-full wp-image-305642 alignleft\" src=\"https:\/\/www.radiopiu.net\/wordpress\/wp-content\/uploads\/2022\/11\/Senza-nome1.jpg\" alt=\"\" width=\"264\" height=\"181\" \/><\/a>LONGARONE\u00a0<\/strong>\u00a0<span dir=\"ltr\" role=\"presentation\">Gli scarti di materie prime derivanti dalla\u00a0<\/span><span dir=\"ltr\" role=\"presentation\">lavorazione<\/span>\u00a0<span dir=\"ltr\" role=\"presentation\">possono trasformarsi da un\u00a0<\/span><span dir=\"ltr\" role=\"presentation\">problema comune a molte aziende ad\u00a0<\/span><span dir=\"ltr\" role=\"presentation\">una<\/span>\u00a0<span dir=\"ltr\" role=\"presentation\">risorsa<\/span>\u00a0<span dir=\"ltr\" role=\"presentation\">preziosa<\/span>\u00a0<span dir=\"ltr\" role=\"presentation\">da<\/span>\u00a0<span dir=\"ltr\" role=\"presentation\">valorizzare.\u00a0<\/span><span dir=\"ltr\" role=\"presentation\">Questo \u00e8 quanto accaduto ai materiali di\u00a0<\/span><span dir=\"ltr\" role=\"presentation\">scarto<\/span>\u00a0<span dir=\"ltr\" role=\"presentation\">e inutilizzati<\/span>\u00a0<span dir=\"ltr\" role=\"presentation\">che Fedon<\/span><span dir=\"ltr\" role=\"presentation\">\u2013<\/span>\u00a0<span dir=\"ltr\" role=\"presentation\">parte del\u00a0<\/span><span dir=\"ltr\" role=\"presentation\">G<\/span><span dir=\"ltr\" role=\"presentation\">ruppo EssilorLuxottica<\/span><span dir=\"ltr\" role=\"presentation\">\u2013<\/span>\u00a0<span dir=\"ltr\" role=\"presentation\">ha raccolto e\u00a0<\/span><span dir=\"ltr\" role=\"presentation\">donato al<\/span><span dir=\"ltr\" role=\"presentation\">l\u2019Istituto Istruzione Superiore\u00a0<\/span><span dir=\"ltr\" role=\"presentation\">E. U. Ruzza di Padova<\/span><span dir=\"ltr\" role=\"presentation\">, affinch\u00e9 trovino\u00a0<\/span><span dir=\"ltr\" role=\"presentation\">nuova<\/span>\u00a0<span dir=\"ltr\" role=\"presentation\">vita<\/span>\u00a0<span dir=\"ltr\" role=\"presentation\">nelle<\/span>\u00a0<span dir=\"ltr\" role=\"presentation\">creazioni<\/span>\u00a0<span dir=\"ltr\" role=\"presentation\">dei<\/span>\u00a0<span dir=\"ltr\" role=\"presentation\">futuri\u00a0<\/span><span dir=\"ltr\" role=\"presentation\">designer, stilisti e creativi di domani.\u00a0<\/span><\/span><span id=\"page3R_mcid4\" class=\"markedContent\"><span dir=\"ltr\" role=\"presentation\">L\u2019Istituto Istruzione Superiore E.<\/span>\u00a0<span dir=\"ltr\" role=\"presentation\">U.<\/span>\u00a0<span dir=\"ltr\" role=\"presentation\">Ruzza\u00a0<\/span><span dir=\"ltr\" role=\"presentation\">di Padova<\/span>\u00a0<span dir=\"ltr\" role=\"presentation\">\u00e8<\/span>\u00a0<span dir=\"ltr\" role=\"presentation\">un istituto di moda sto<\/span><span dir=\"ltr\" role=\"presentation\">rico sul\u00a0<\/span><span dir=\"ltr\" role=\"presentation\">territorio<\/span>\u00a0<span dir=\"ltr\" role=\"presentation\">Veneto<\/span>\u00a0<span dir=\"ltr\" role=\"presentation\">con<\/span>\u00a0<span dir=\"ltr\" role=\"presentation\">una<\/span>\u00a0<span dir=\"ltr\" role=\"presentation\">offerta\u00a0<\/span><span dir=\"ltr\" role=\"presentation\">formativa ampia e completa: un indirizzo <\/span><span dir=\"ltr\" role=\"presentation\">Industria e Artigianato per il Made in Italy\u00a0<\/span><span dir=\"ltr\" role=\"presentation\">e un indirizzo di Tecnico per il Sistema\u00a0<\/span><span dir=\"ltr\" role=\"presentation\">Moda.<\/span>\u00a0<span dir=\"ltr\" role=\"presentation\">L\u2019istituito \u00e8<\/span>\u00a0<span dir=\"ltr\" role=\"presentation\">inoltre capofila dell\u2019ITS\u00a0<\/span><span dir=\"ltr\" role=\"presentation\">pi\u00f9 grande a livello nazionale<\/span><span dir=\"ltr\" role=\"presentation\">,<\/span>\u00a0<span dir=\"ltr\" role=\"presentation\">la Fashi<\/span><span dir=\"ltr\" role=\"presentation\">on\u00a0<\/span><span dir=\"ltr\" role=\"presentation\">Academy ITS Cosmo<\/span><span dir=\"ltr\" role=\"presentation\">. U<\/span><span dir=\"ltr\" role=\"presentation\">n partner ideale per\u00a0<\/span><span dir=\"ltr\" role=\"presentation\">Fedon, specializzata nella realizzazione<\/span>\u00a0<span dir=\"ltr\" role=\"presentation\">packaging e<\/span>\u00a0<span dir=\"ltr\" role=\"presentation\">accessori per il mondo eyewear.\u00a0<\/span><span dir=\"ltr\" role=\"presentation\">Il<\/span>\u00a0<span dir=\"ltr\" role=\"presentation\">progetto rientra nella pi\u00f9 am<\/span><span dir=\"ltr\" role=\"presentation\">p<\/span><span dir=\"ltr\" role=\"presentation\">ia strategia di sviluppo sostenibile abbracciata<\/span>\u00a0<span dir=\"ltr\" role=\"presentation\">negli\u00a0<\/span><span dir=\"ltr\" role=\"presentation\">ultimi anni<\/span>\u00a0<span dir=\"ltr\" role=\"presentation\">dall\u2019azienda<\/span><span dir=\"ltr\" role=\"presentation\">,<\/span>\u00a0<span dir=\"ltr\" role=\"presentation\">in<\/span>\u00a0<span dir=\"ltr\" role=\"presentation\">cui la salvaguardia dell\u2019ambiente<\/span>\u00a0<span dir=\"ltr\" role=\"presentation\">attraverso la riduzione degli\u00a0<\/span><span dir=\"ltr\" role=\"presentation\">sprechi, l\u2019ottimizzazione dei processi produttivi e delle risorse nonch\u00e9 l\u2019offerta di\u00a0<\/span><span dir=\"ltr\" role=\"presentation\">prodotti con valenze sostenibili<\/span><span dir=\"ltr\" role=\"presentation\">, sono<\/span>\u00a0<span dir=\"ltr\" role=\"presentation\">tra i<\/span>\u00a0<span dir=\"ltr\" role=\"presentation\">principali obiettivi perseguiti.<\/span><\/span><\/p>\n<p>&nbsp;<\/p>\n<p>&nbsp;<\/p>\n<hr \/>\n<p>&nbsp;<\/p>\n<blockquote>\n<h3><img loading=\"lazy\" decoding=\"async\" class=\"aligncenter\" src=\"https:\/\/www.radiopiu.net\/wordpress\/wp-content\/uploads\/2022\/11\/72cd4fff-b2be-4d7b-8375-4caf75ab83c6-1.jpg\" width=\"329\" height=\"247\" \/><\/h3>\n<h3><\/h3>\n<h3>UN CONCRETO AIUTO A DEBORA E DAVIDE, ESSERE COMUNITA&#8217;<\/h3>\n<\/blockquote>\n<p><strong>LAMON<\/strong> E&#8217; stato attivato dall&#8217; associazione turistica Lamon un conto corrente per raccogliere fondi a favore dell&#8217; osteria Ponte Serra andata distrutta dal vasto incendio di stamane. Questo l&#8217;iban: IT75U0810261140000023001793 A.T.L. ASSOCIAZIONE TURISTICA LAMON CAUSALE: RACCOLTA FONDI A FAVORE OSTERIA PONTE SERRA. Il codice Swift del conto solidariet\u00e0 x i bonifici internazionali \u00a0CCRTIT2T27A grazie.<\/p>\n<p>&nbsp;<\/p>\n<hr \/>\n<p>&nbsp;<\/p>\n<blockquote>\n<h3>IERI ALLA RADIO, EPCENTER CON FRANCESCO ZILLIO<\/h3>\n<\/blockquote>\n<p>&nbsp;<\/p>\n<p><iframe loading=\"lazy\" title=\"EPCENTER... LA STORIA\" width=\"1200\" height=\"675\" src=\"https:\/\/www.youtube.com\/embed\/xV_R-0oSNeA?start=229&#038;feature=oembed\" frameborder=\"0\" allow=\"accelerometer; autoplay; clipboard-write; encrypted-media; gyroscope; picture-in-picture\" allowfullscreen><\/iframe><\/p>\n<p>&nbsp;<\/p>\n<p>LA RACCOLTA COMPLETA<\/p>\n<blockquote class=\"wp-embedded-content\" data-secret=\"uWBj5DxHXw\"><p><a href=\"https:\/\/www.radiopiu.net\/wordpress\/tecnologie-con-francesco-zillio\/\">EPCENTER &#8211; FRANCESCO ZILLIO<\/a><\/p><\/blockquote>\n<p><iframe loading=\"lazy\" class=\"wp-embedded-content\" sandbox=\"allow-scripts\" security=\"restricted\" style=\"position: absolute; clip: rect(1px, 1px, 1px, 1px);\" title=\"&#8220;EPCENTER &#8211; FRANCESCO ZILLIO&#8221; &#8212; Radio Pi\u00f9\" src=\"https:\/\/www.radiopiu.net\/wordpress\/tecnologie-con-francesco-zillio\/embed\/#?secret=EGtcpiDEj5#?secret=uWBj5DxHXw\" data-secret=\"uWBj5DxHXw\" width=\"600\" height=\"338\" frameborder=\"0\" marginwidth=\"0\" marginheight=\"0\" scrolling=\"no\"><\/iframe><\/p>\n<p>&nbsp;<\/p>\n<p>&nbsp;<\/p>\n<hr \/>\n<p>&nbsp;<\/p>\n<\/div>\n<\/div>\n<\/div>\n<p><strong>DI TIZIANO DE COL\u00a0<\/strong><\/p>\n\n\t\t\t<style type='text\/css'>\n\t\t\t\t#gallery-6 {\n\t\t\t\t\tmargin: auto;\n\t\t\t\t}\n\t\t\t\t#gallery-6 .gallery-item {\n\t\t\t\t\tfloat: left;\n\t\t\t\t\tmargin-top: 10px;\n\t\t\t\t\ttext-align: center;\n\t\t\t\t\twidth: 50%;\n\t\t\t\t}\n\t\t\t\t#gallery-6 img {\n\t\t\t\t\tborder: 2px solid #cfcfcf;\n\t\t\t\t}\n\t\t\t\t#gallery-6 .gallery-caption {\n\t\t\t\t\tmargin-left: 0;\n\t\t\t\t}\n\t\t\t\t\/* see gallery_shortcode() in wp-includes\/media.php *\/\n\t\t\t<\/style>\n\t\t<div id='gallery-6' class='dt-gallery-container gallery galleryid-305466 gallery-columns-2 gallery-size-medium'><dl class='gallery-item'>\n\t\t\t\t<dt class='gallery-icon landscape'>\n\t\t\t\t\t<a class=\"rollover rollover-zoom dt-pswp-item\" title=\"3d1b00e3-8001-4b6c-bf2e-96fad4280341\" data-dt-img-description=\"\" data-large_image_width=\"590\" data-large_image_height=\"378\"href='https:\/\/www.radiopiu.net\/wordpress\/wp-content\/uploads\/2022\/11\/3d1b00e3-8001-4b6c-bf2e-96fad4280341.jpg'><img loading=\"lazy\" decoding=\"async\" width=\"300\" height=\"192\" src=\"https:\/\/www.radiopiu.net\/wordpress\/wp-content\/uploads\/2022\/11\/3d1b00e3-8001-4b6c-bf2e-96fad4280341-300x192.jpg\" class=\"attachment-medium size-medium\" alt=\"\" srcset=\"https:\/\/www.radiopiu.net\/wordpress\/wp-content\/uploads\/2022\/11\/3d1b00e3-8001-4b6c-bf2e-96fad4280341-300x192.jpg 300w, https:\/\/www.radiopiu.net\/wordpress\/wp-content\/uploads\/2022\/11\/3d1b00e3-8001-4b6c-bf2e-96fad4280341.jpg 590w\" sizes=\"auto, (max-width: 300px) 100vw, 300px\" \/><\/a>\n\t\t\t\t<\/dt><\/dl><dl class='gallery-item'>\n\t\t\t\t<dt class='gallery-icon landscape'>\n\t\t\t\t\t<a class=\"rollover rollover-zoom dt-pswp-item\" title=\"07e39a40-378e-4d60-b689-00fe45dfe24a\" data-dt-img-description=\"\" data-large_image_width=\"593\" data-large_image_height=\"363\"href='https:\/\/www.radiopiu.net\/wordpress\/wp-content\/uploads\/2022\/11\/07e39a40-378e-4d60-b689-00fe45dfe24a.jpg'><img loading=\"lazy\" decoding=\"async\" width=\"300\" height=\"184\" src=\"https:\/\/www.radiopiu.net\/wordpress\/wp-content\/uploads\/2022\/11\/07e39a40-378e-4d60-b689-00fe45dfe24a-300x184.jpg\" class=\"attachment-medium size-medium\" alt=\"\" srcset=\"https:\/\/www.radiopiu.net\/wordpress\/wp-content\/uploads\/2022\/11\/07e39a40-378e-4d60-b689-00fe45dfe24a-300x184.jpg 300w, https:\/\/www.radiopiu.net\/wordpress\/wp-content\/uploads\/2022\/11\/07e39a40-378e-4d60-b689-00fe45dfe24a.jpg 593w\" sizes=\"auto, (max-width: 300px) 100vw, 300px\" \/><\/a>\n\t\t\t\t<\/dt><\/dl><br style=\"clear: both\" \/>\n\t\t\t<\/div>\n\n<p>&nbsp;<\/p>\n<p>&nbsp;<\/p>\n<blockquote class=\"wp-embedded-content\" data-secret=\"qo3wD99aXu\"><p><a href=\"https:\/\/www.radiopiu.net\/wordpress\/aziendazeronovembre10\/\">SONO 3591 I NUOVI POSITIVI IN VENETO DELLE ULTIME 24 ORE. SEI DECESSI, RICOVERI IN LIEVE AUMENTO<\/a><\/p><\/blockquote>\n<p><iframe loading=\"lazy\" class=\"wp-embedded-content\" sandbox=\"allow-scripts\" security=\"restricted\" style=\"position: absolute; clip: rect(1px, 1px, 1px, 1px);\" title=\"&#8220;SONO 3591 I NUOVI POSITIVI IN VENETO DELLE ULTIME 24 ORE. SEI DECESSI, RICOVERI IN LIEVE AUMENTO&#8221; &#8212; Radio Pi\u00f9\" src=\"https:\/\/www.radiopiu.net\/wordpress\/aziendazeronovembre10\/embed\/#?secret=RsABWFGBZA#?secret=qo3wD99aXu\" data-secret=\"qo3wD99aXu\" width=\"600\" height=\"338\" frameborder=\"0\" marginwidth=\"0\" marginheight=\"0\" scrolling=\"no\"><\/iframe><\/p>\n<p>&nbsp;<\/p>\n<hr \/>\n<p>&nbsp;<\/p>\n<blockquote>\n<h3>AL TEATRO COMUNALE CON LA FONDAZIONE DE RIGO E TOMMASO PARADISO<\/h3>\n<\/blockquote>\n<p><strong><a class=\"dt-pswp-item\" href=\"https:\/\/www.radiopiu.net\/wordpress\/wp-content\/uploads\/2022\/11\/855ad131-7360-4b17-beda-80bef832dc0b.jpg\" data-dt-img-description=\"\" data-large_image_width=\"2048\" data-large_image_height=\"1536\"><img loading=\"lazy\" decoding=\"async\" class=\" wp-image-305608 alignleft\" src=\"https:\/\/www.radiopiu.net\/wordpress\/wp-content\/uploads\/2022\/11\/855ad131-7360-4b17-beda-80bef832dc0b-300x225.jpg\" alt=\"\" width=\"203\" height=\"152\" srcset=\"https:\/\/www.radiopiu.net\/wordpress\/wp-content\/uploads\/2022\/11\/855ad131-7360-4b17-beda-80bef832dc0b-300x225.jpg 300w, https:\/\/www.radiopiu.net\/wordpress\/wp-content\/uploads\/2022\/11\/855ad131-7360-4b17-beda-80bef832dc0b-1024x768.jpg 1024w, https:\/\/www.radiopiu.net\/wordpress\/wp-content\/uploads\/2022\/11\/855ad131-7360-4b17-beda-80bef832dc0b-768x576.jpg 768w, https:\/\/www.radiopiu.net\/wordpress\/wp-content\/uploads\/2022\/11\/855ad131-7360-4b17-beda-80bef832dc0b-1536x1152.jpg 1536w, https:\/\/www.radiopiu.net\/wordpress\/wp-content\/uploads\/2022\/11\/855ad131-7360-4b17-beda-80bef832dc0b.jpg 2048w\" sizes=\"auto, (max-width: 203px) 100vw, 203px\" \/><\/a>BELLUNO<\/strong> Serata di riflessioni e spettacolo al Teatro Comunale di Belluno per la cerimonia di consegna del \u201ccontributo allo studio\u201d da parte di Fondazione De Rigo ai figli dei dipendenti del gruppo. Protagonista dell&#8217;evento, il cantautore Tommaso Paradiso.<\/p>\n<p><strong>di Daniele Dalvit\u00a0<\/strong><\/p>\n<p>&nbsp;<\/p>\n<p>&nbsp;<\/p>\n<audio class=\"wp-audio-shortcode\" id=\"audio-305466-10\" preload=\"none\" style=\"width: 100%;\" controls=\"controls\"><source type=\"audio\/mpeg\" src=\"https:\/\/www.radiopiu.net\/wordpress\/wp-content\/uploads\/2022\/11\/daniele-tomaso.mp3?_=10\" \/><a href=\"https:\/\/www.radiopiu.net\/wordpress\/wp-content\/uploads\/2022\/11\/daniele-tomaso.mp3\">https:\/\/www.radiopiu.net\/wordpress\/wp-content\/uploads\/2022\/11\/daniele-tomaso.mp3<\/a><\/audio>\n<p>&nbsp;<\/p>\n<p>&nbsp;<\/p>\n<hr \/>\n<p>&nbsp;<\/p>\n<blockquote>\n<h3><strong>DOPPIO APPUNTAMENTO A FELTRE IL 25 NOVEMBRE PER LA GIORNATA INTERNAZIONALE CONTRO LA VIOLENZA SULLE DONNE<\/strong><\/h3>\n<\/blockquote>\n<p><strong><a class=\"dt-pswp-item\" href=\"https:\/\/www.radiopiu.net\/wordpress\/wp-content\/uploads\/2022\/11\/Schermata-2022-11-10-alle-10.30.24.png\" data-dt-img-description=\"\" data-large_image_width=\"1354\" data-large_image_height=\"858\"><img loading=\"lazy\" decoding=\"async\" class=\" wp-image-305597 alignleft\" src=\"https:\/\/www.radiopiu.net\/wordpress\/wp-content\/uploads\/2022\/11\/Schermata-2022-11-10-alle-10.30.24-300x190.png\" alt=\"\" width=\"204\" height=\"129\" srcset=\"https:\/\/www.radiopiu.net\/wordpress\/wp-content\/uploads\/2022\/11\/Schermata-2022-11-10-alle-10.30.24-300x190.png 300w, https:\/\/www.radiopiu.net\/wordpress\/wp-content\/uploads\/2022\/11\/Schermata-2022-11-10-alle-10.30.24-1024x649.png 1024w, https:\/\/www.radiopiu.net\/wordpress\/wp-content\/uploads\/2022\/11\/Schermata-2022-11-10-alle-10.30.24-768x487.png 768w, https:\/\/www.radiopiu.net\/wordpress\/wp-content\/uploads\/2022\/11\/Schermata-2022-11-10-alle-10.30.24.png 1354w\" sizes=\"auto, (max-width: 204px) 100vw, 204px\" \/><\/a>FELTRE <\/strong>Doppio appuntamento a Feltre il 25 novembre prossimo in occasione della Giornata internazionale per l&#8217;eliminazione della violenza contro le donne. Alle 17.30 presso il Polo Bibliotecario Feltrino il regista e attore Roberto Faoro legger\u00e0 una selezione di brani tratti dal libro di Loredana Lipperini e Michela Murgia \u201cL&#8217;ho uccisa perch\u00e8 l&#8217;amavo (falso!)\u201d. L&#8217;incontro, che si concluder\u00e0 con un momento di riflessione, \u00e8 promossa in collaborazione con Aulss 1 Dolomiti. La sera l&#8217;appuntamento \u00e8 alle 20.45 in Auditorium Canossiano, con il monologo teatrale \u201cGuerriera\u201d di Teatro Piteco e The Covers. Sul palco Cristina Gianni che dar\u00e0 voce e corpo al tema della violenza psicologica sul femminile. Due appuntamenti diversi, entrambi ad ingresso libero e gratuito fino ad esaurimento posti, voluti fortemente dall&#8217;Amministrazione. \u201c<em>La lotta alla violenza passa attraverso la consapevolezza \u2013 ha dichiarato il sindaco Viviana Fusaro &#8211; Dobbiamo educarci a parlarne, e a riconoscerne i segni. E&#8217; un messaggio che vale per le donne quanto per gli uomini, che speriamo di vedere numerosi ad entrambi gli incontr<\/em>i\u201d.<\/p>\n<p>&nbsp;<\/p>\n<p>&nbsp;<\/p>\n<hr \/>\n<p>&nbsp;<\/p>\n<blockquote>\n<h3>UN CONCRETO AIUTO A DEBORA E DAVIDE, ESSERE COMUNITA&#8217;<\/h3>\n<\/blockquote>\n<p><strong><a class=\"dt-pswp-item\" href=\"https:\/\/www.radiopiu.net\/wordpress\/wp-content\/uploads\/2022\/11\/locanda-ponte-serra.jpg\" data-dt-img-description=\"\" data-large_image_width=\"1280\" data-large_image_height=\"776\"><img loading=\"lazy\" decoding=\"async\" class=\" wp-image-305560 alignleft\" src=\"https:\/\/www.radiopiu.net\/wordpress\/wp-content\/uploads\/2022\/11\/locanda-ponte-serra-300x182.jpg\" alt=\"\" width=\"160\" height=\"97\" srcset=\"https:\/\/www.radiopiu.net\/wordpress\/wp-content\/uploads\/2022\/11\/locanda-ponte-serra-300x182.jpg 300w, https:\/\/www.radiopiu.net\/wordpress\/wp-content\/uploads\/2022\/11\/locanda-ponte-serra-1024x621.jpg 1024w, https:\/\/www.radiopiu.net\/wordpress\/wp-content\/uploads\/2022\/11\/locanda-ponte-serra-768x466.jpg 768w, https:\/\/www.radiopiu.net\/wordpress\/wp-content\/uploads\/2022\/11\/locanda-ponte-serra.jpg 1280w\" sizes=\"auto, (max-width: 160px) 100vw, 160px\" \/><\/a>LAMON<\/strong> E&#8217; stato attivato dall&#8217; associazione turistica Lamon un conto corrente per raccogliere fondi a favore dell&#8217; osteria Ponte Serra andata distrutta dal vasto incendio dei giorni scorsi. In queste ore l&#8217;A.T.L. ( Associazione Turistica Lamon) ha attivato un conto corrente per raccogliere fondi a favore dell&#8217; Osteria Ponte Serra. Questo l&#8217;iban: IT75U0810261140000023001793 A.T.L. ASSOCIAZIONE TURISTICA LAMON CAUSALE: RACCOLTA FONDI A FAVORE OSTERIA PONTE SERRA<\/p>\n<p>&nbsp;<\/p>\n<p>&nbsp;<\/p>\n<hr \/>\n<p>&nbsp;<\/p>\n<blockquote>\n<h3>INIZIATO UFFICIALMENTE IL TESSERAMENTO FIAB 2023<\/h3>\n<\/blockquote>\n<p><strong><a class=\"dt-pswp-item\" href=\"https:\/\/www.radiopiu.net\/wordpress\/wp-content\/uploads\/2020\/09\/BICICLETTA.jpg\" data-dt-img-description=\"\" data-large_image_width=\"1920\" data-large_image_height=\"1280\"><img loading=\"lazy\" decoding=\"async\" class=\" wp-image-161990 alignleft\" src=\"https:\/\/www.radiopiu.net\/wordpress\/wp-content\/uploads\/2020\/09\/BICICLETTA-300x200.jpg\" alt=\"\" width=\"161\" height=\"107\" srcset=\"https:\/\/www.radiopiu.net\/wordpress\/wp-content\/uploads\/2020\/09\/BICICLETTA-300x200.jpg 300w, https:\/\/www.radiopiu.net\/wordpress\/wp-content\/uploads\/2020\/09\/BICICLETTA-1024x683.jpg 1024w, https:\/\/www.radiopiu.net\/wordpress\/wp-content\/uploads\/2020\/09\/BICICLETTA-768x512.jpg 768w, https:\/\/www.radiopiu.net\/wordpress\/wp-content\/uploads\/2020\/09\/BICICLETTA-1536x1024.jpg 1536w, https:\/\/www.radiopiu.net\/wordpress\/wp-content\/uploads\/2020\/09\/BICICLETTA-640x427.jpg 640w, https:\/\/www.radiopiu.net\/wordpress\/wp-content\/uploads\/2020\/09\/BICICLETTA.jpg 1920w\" sizes=\"auto, (max-width: 161px) 100vw, 161px\" \/><\/a>FELTRE<\/strong> Soluzione energetica, soluzione climatica: #scelgolabici. \u00c8 un claim di grande attualit\u00e0 quello scelto da FIAB-Federazione Italiana Ambiente e Bicicletta per la campagna tesseramento 2023 che prende il via in questi giorni. Il messaggio vuole mettere l\u2019accento sul potenziale della bicicletta per le grandi sfide che coinvolgono ognuno di noi: quella immediata della crisi energetica, innescata dalla guerra, e quella epocale della crisi climatica. Diventare socio FIAB significa sostenere l\u2019unica realt\u00e0 in Italia che, grazie all\u2019impegno delle 190 associazioni e sezioni locali e dei quasi 20.000 soci, \u00e8 attiva ogni giorno, da quasi 35 anni, nella promozione della bicicletta per una mobilit\u00e0 rispettosa dell\u2019ambiente, della salute e della sicurezza di tutti e per un turismo sostenibile che favorisca le economie locali. I vantaggi del socio FIAB sono numerosi: l\u2019assicurazione RC Bici valida in tutta Europa, che copre i danni causati circolando in bicicletta, l\u2019abbonamento alla rivista BC (il magazine cartaceo che tratta di ciclismo urbano, ambiente e cicloturismo), l\u2019accesso privilegiato alle centinaia di escursioni, bici-viaggi e iniziative promosse dalle associazioni FIAB; sconti e agevolazioni in realt\u00e0 convenzionate tra cui la rete degli Albergabici. Per informazioni: http:\/\/feltreinbici.blogspot.com\/<\/p>\n<p>&nbsp;<\/p>\n<p>&nbsp;<\/p>\n<hr \/>\n<p>&nbsp;<\/p>\n<blockquote>\n<h3><strong>CORSO DI FORMAZIONE PER OPERATORI DELL\u2019OSPITALIT\u00c0 NELL\u2019AREA DOLOMITICA BELLUNESE<\/strong><\/h3>\n<\/blockquote>\n<p><strong><a class=\"dt-pswp-item\" href=\"https:\/\/www.radiopiu.net\/wordpress\/wp-content\/uploads\/2021\/07\/FONDAZIONE-GIOVANI-ANGELINI.jpg\" data-dt-img-description=\"\" data-large_image_width=\"1200\" data-large_image_height=\"1200\"><img loading=\"lazy\" decoding=\"async\" class=\"wp-image-223406 alignleft\" src=\"https:\/\/www.radiopiu.net\/wordpress\/wp-content\/uploads\/2021\/07\/FONDAZIONE-GIOVANI-ANGELINI-300x300.jpg\" alt=\"\" width=\"122\" height=\"122\" srcset=\"https:\/\/www.radiopiu.net\/wordpress\/wp-content\/uploads\/2021\/07\/FONDAZIONE-GIOVANI-ANGELINI-300x300.jpg 300w, https:\/\/www.radiopiu.net\/wordpress\/wp-content\/uploads\/2021\/07\/FONDAZIONE-GIOVANI-ANGELINI-1024x1024.jpg 1024w, https:\/\/www.radiopiu.net\/wordpress\/wp-content\/uploads\/2021\/07\/FONDAZIONE-GIOVANI-ANGELINI-150x150.jpg 150w, https:\/\/www.radiopiu.net\/wordpress\/wp-content\/uploads\/2021\/07\/FONDAZIONE-GIOVANI-ANGELINI-768x768.jpg 768w, https:\/\/www.radiopiu.net\/wordpress\/wp-content\/uploads\/2021\/07\/FONDAZIONE-GIOVANI-ANGELINI.jpg 1200w\" sizes=\"auto, (max-width: 122px) 100vw, 122px\" \/><\/a>BELLUNO<\/strong> Il Corso, organizzato dalla Fondazione Dolomiti UNESCO e dalla Fondazione Giovanni Angelini \u2013 Centro Studi sulla Montagna con il patrocinio del GAL Altro Bellunese, \u00e8 rivolto a 30 addetti all\u2019ospitalit\u00e0 nell\u2019area della provincia dolomitica di Belluno (gestori di rifugi, alberghi, B&amp;B, locazioni turistiche, affittacamere, agriturismi con possibilit\u00e0 di alloggio) che vogliano intraprendere un percorso formativo di quattro giornate secondo i valori del riconoscimento UNESCO alle Dolomiti. Il Corso \u00e8 gratuito, ma \u00e8 richiesta la piena partecipazione a tutte le giornate di formazione. E\u2019 possibile vedere il programma completo ed iscriversi, entro il 15 novembre, sul sito della Fondazione G. Angelini \u00a0https:\/\/www.angelini-fondazione.it\/ospitalita-2022\/<\/p>\n<p>&nbsp;<\/p>\n<p>&nbsp;<\/p>\n<hr \/>\n<p>&nbsp;<\/p>\n<blockquote>\n<h3>OGGI LA PRESENTAZIONE DEL LIBRO &#8220;LA VITA E&#8217; LOTTA&#8221;<\/h3>\n<\/blockquote>\n<p><strong>SOSPIROLO\u00a0\u00a0<\/strong>Un\u2019iniziativa culturale dello Spi Cgil di Belluno. La presentazione di un libro di Fernando Offelli dal titolo \u201cLa vita \u00e8 lotta\u201d. Il libro parla di Giovanni Pippan della sua vita della sua voglia di uguaglianza. Un sindacalista, una persona \u201cche portava in s\u00e9 un incredibile miscuglio di carisma e semplicit\u00e0, di decisone nel lottare contro le ingiustizie e di rigetto di ogni forma di violenza\u201d. Con queste parole lo descrive benissimo Silvia dai Pr\u00e0 nel testo \u201c\u2026la miglior vendetta dopo la vittoria\u201d. \u00c8 una figura che torna ora con noi dopo anni di silenzio e che merita il ricordo per le imprese e la dedizione alla lotta per i diritti dei lavoratori. I minatori sia bellunesi che albonesi, sia i panettieri di Chicago. Il libro sar\u00e0 presentato a Sospirolo in\u00a0 Sala Pellizzari Centro Civico domani alle 16 con i patrocini del comune di Sospirolo e del comune di Sedico. Sar\u00e0 presente l\u2019autore Ferdinando Offelli, Adriana lotto dell\u2019associazione Tina Merlin, Sara Viel consigliera comunale Sospirolo e il segretario regionale dello Spi Cgil del Veneto Fulvio Dal Zio.<\/p>\n<p>&nbsp;<\/p>\n<p>di Roberto Bona<\/p>\n<audio class=\"wp-audio-shortcode\" id=\"audio-305466-11\" preload=\"none\" style=\"width: 100%;\" controls=\"controls\"><source type=\"audio\/mpeg\" src=\"https:\/\/www.radiopiu.net\/wordpress\/wp-content\/uploads\/2022\/11\/BONA-VENERDI-11-NOVEMBRE-LIBRO.mp3?_=11\" \/><a href=\"https:\/\/www.radiopiu.net\/wordpress\/wp-content\/uploads\/2022\/11\/BONA-VENERDI-11-NOVEMBRE-LIBRO.mp3\">https:\/\/www.radiopiu.net\/wordpress\/wp-content\/uploads\/2022\/11\/BONA-VENERDI-11-NOVEMBRE-LIBRO.mp3<\/a><\/audio>\n<p>&nbsp;<\/p>\n\n\t\t\t<style type='text\/css'>\n\t\t\t\t#gallery-7 {\n\t\t\t\t\tmargin: auto;\n\t\t\t\t}\n\t\t\t\t#gallery-7 .gallery-item {\n\t\t\t\t\tfloat: left;\n\t\t\t\t\tmargin-top: 10px;\n\t\t\t\t\ttext-align: center;\n\t\t\t\t\twidth: 33%;\n\t\t\t\t}\n\t\t\t\t#gallery-7 img {\n\t\t\t\t\tborder: 2px solid #cfcfcf;\n\t\t\t\t}\n\t\t\t\t#gallery-7 .gallery-caption {\n\t\t\t\t\tmargin-left: 0;\n\t\t\t\t}\n\t\t\t\t\/* see gallery_shortcode() in wp-includes\/media.php *\/\n\t\t\t<\/style>\n\t\t<div id='gallery-7' class='dt-gallery-container gallery galleryid-305466 gallery-columns-3 gallery-size-thumbnail'><dl class='gallery-item'>\n\t\t\t\t<dt class='gallery-icon portrait'>\n\t\t\t\t\t<a class=\"rollover rollover-zoom dt-pswp-item\" title=\"5ece5cf9-b9b2-46de-9745-5751c3a36a6e\" data-dt-img-description=\"\" data-large_image_width=\"381\" data-large_image_height=\"507\"href='https:\/\/www.radiopiu.net\/wordpress\/wp-content\/uploads\/2022\/11\/5ece5cf9-b9b2-46de-9745-5751c3a36a6e.jpg'><img loading=\"lazy\" decoding=\"async\" width=\"150\" height=\"150\" src=\"https:\/\/www.radiopiu.net\/wordpress\/wp-content\/uploads\/2022\/11\/5ece5cf9-b9b2-46de-9745-5751c3a36a6e-150x150.jpg\" class=\"attachment-thumbnail size-thumbnail\" alt=\"\" \/><\/a>\n\t\t\t\t<\/dt><\/dl><dl class='gallery-item'>\n\t\t\t\t<dt class='gallery-icon portrait'>\n\t\t\t\t\t<a class=\"rollover rollover-zoom dt-pswp-item\" title=\"793b0c49-9378-44f4-9eb9-5a35fc7cebaf\" data-dt-img-description=\"\" data-large_image_width=\"732\" data-large_image_height=\"1024\"href='https:\/\/www.radiopiu.net\/wordpress\/wp-content\/uploads\/2022\/11\/793b0c49-9378-44f4-9eb9-5a35fc7cebaf.jpg'><img loading=\"lazy\" decoding=\"async\" width=\"150\" height=\"150\" src=\"https:\/\/www.radiopiu.net\/wordpress\/wp-content\/uploads\/2022\/11\/793b0c49-9378-44f4-9eb9-5a35fc7cebaf-150x150.jpg\" class=\"attachment-thumbnail size-thumbnail\" alt=\"\" \/><\/a>\n\t\t\t\t<\/dt><\/dl><dl class='gallery-item'>\n\t\t\t\t<dt class='gallery-icon portrait'>\n\t\t\t\t\t<a class=\"rollover rollover-zoom dt-pswp-item\" title=\"0b01c5d2-10ed-4d27-bb98-40784a5151b5\" data-dt-img-description=\"\" data-large_image_width=\"346\" data-large_image_height=\"496\"href='https:\/\/www.radiopiu.net\/wordpress\/wp-content\/uploads\/2022\/11\/0b01c5d2-10ed-4d27-bb98-40784a5151b5.jpg'><img loading=\"lazy\" decoding=\"async\" width=\"150\" height=\"150\" src=\"https:\/\/www.radiopiu.net\/wordpress\/wp-content\/uploads\/2022\/11\/0b01c5d2-10ed-4d27-bb98-40784a5151b5-150x150.jpg\" class=\"attachment-thumbnail size-thumbnail\" alt=\"\" \/><\/a>\n\t\t\t\t<\/dt><\/dl><br style=\"clear: both\" \/><dl class='gallery-item'>\n\t\t\t\t<dt class='gallery-icon landscape'>\n\t\t\t\t\t<a class=\"rollover rollover-zoom dt-pswp-item\" title=\"1bed7d11-3aec-4038-bc43-447274e211ec\" data-dt-img-description=\"\" data-large_image_width=\"740\" data-large_image_height=\"369\"href='https:\/\/www.radiopiu.net\/wordpress\/wp-content\/uploads\/2022\/11\/1bed7d11-3aec-4038-bc43-447274e211ec.jpg'><img loading=\"lazy\" decoding=\"async\" width=\"150\" height=\"150\" src=\"https:\/\/www.radiopiu.net\/wordpress\/wp-content\/uploads\/2022\/11\/1bed7d11-3aec-4038-bc43-447274e211ec-150x150.jpg\" class=\"attachment-thumbnail size-thumbnail\" alt=\"\" \/><\/a>\n\t\t\t\t<\/dt><\/dl><dl class='gallery-item'>\n\t\t\t\t<dt class='gallery-icon landscape'>\n\t\t\t\t\t<a class=\"rollover rollover-zoom dt-pswp-item\" title=\"bccdebfc-75a5-449d-abcb-7ec23123ee81\" data-dt-img-description=\"\" data-large_image_width=\"816\" data-large_image_height=\"467\"href='https:\/\/www.radiopiu.net\/wordpress\/wp-content\/uploads\/2022\/11\/bccdebfc-75a5-449d-abcb-7ec23123ee81.jpg'><img loading=\"lazy\" decoding=\"async\" width=\"150\" height=\"150\" src=\"https:\/\/www.radiopiu.net\/wordpress\/wp-content\/uploads\/2022\/11\/bccdebfc-75a5-449d-abcb-7ec23123ee81-150x150.jpg\" class=\"attachment-thumbnail size-thumbnail\" alt=\"\" \/><\/a>\n\t\t\t\t<\/dt><\/dl><dl class='gallery-item'>\n\t\t\t\t<dt class='gallery-icon portrait'>\n\t\t\t\t\t<a class=\"rollover rollover-zoom dt-pswp-item\" title=\"cc9fb573-032a-4bcd-be00-8481336041cc\" data-dt-img-description=\"\" data-large_image_width=\"402\" data-large_image_height=\"523\"href='https:\/\/www.radiopiu.net\/wordpress\/wp-content\/uploads\/2022\/11\/cc9fb573-032a-4bcd-be00-8481336041cc.jpg'><img loading=\"lazy\" decoding=\"async\" width=\"150\" height=\"150\" src=\"https:\/\/www.radiopiu.net\/wordpress\/wp-content\/uploads\/2022\/11\/cc9fb573-032a-4bcd-be00-8481336041cc-150x150.jpg\" class=\"attachment-thumbnail size-thumbnail\" alt=\"\" \/><\/a>\n\t\t\t\t<\/dt><\/dl><br style=\"clear: both\" \/>\n\t\t\t<\/div>\n\n<p>&nbsp;<\/p>\n<hr \/>\n<p>&nbsp;<\/p>\n<blockquote>\n<h3>UN MURALE PER VILLOTTA A FIRMA DELL&#8217;ARTISTA DI CASA DUNIO PICCOLIN<\/h3>\n<\/blockquote>\n<blockquote><p><em>Villotta (Falcade), un dipinto murale di 8 metri quadrati di Dunio Piccolin ispirato al racconto \u201cLa Valle coi Santi alle finestre\u201d di Enzo Dematt\u00e8.<\/em><\/p><\/blockquote>\n<p><strong><a class=\"dt-pswp-item\" href=\"https:\/\/www.radiopiu.net\/wordpress\/wp-content\/uploads\/2022\/11\/b42dca32-4585-45f2-bafa-ef063723b1fe.jpg\" data-dt-img-description=\"\" data-large_image_width=\"1437\" data-large_image_height=\"1996\"><img loading=\"lazy\" decoding=\"async\" class=\" wp-image-304906 alignleft\" src=\"https:\/\/www.radiopiu.net\/wordpress\/wp-content\/uploads\/2022\/11\/b42dca32-4585-45f2-bafa-ef063723b1fe-216x300.jpg\" alt=\"\" width=\"188\" height=\"261\" srcset=\"https:\/\/www.radiopiu.net\/wordpress\/wp-content\/uploads\/2022\/11\/b42dca32-4585-45f2-bafa-ef063723b1fe-216x300.jpg 216w, https:\/\/www.radiopiu.net\/wordpress\/wp-content\/uploads\/2022\/11\/b42dca32-4585-45f2-bafa-ef063723b1fe-737x1024.jpg 737w, https:\/\/www.radiopiu.net\/wordpress\/wp-content\/uploads\/2022\/11\/b42dca32-4585-45f2-bafa-ef063723b1fe-768x1067.jpg 768w, https:\/\/www.radiopiu.net\/wordpress\/wp-content\/uploads\/2022\/11\/b42dca32-4585-45f2-bafa-ef063723b1fe-1106x1536.jpg 1106w, https:\/\/www.radiopiu.net\/wordpress\/wp-content\/uploads\/2022\/11\/b42dca32-4585-45f2-bafa-ef063723b1fe.jpg 1437w\" sizes=\"auto, (max-width: 188px) 100vw, 188px\" \/><\/a>FALCADE<\/strong> \u201cLa Valle coi Santi alle finestre\u201d \u00e8 il titolo\u201d del racconto scritto da Enzo Dematt\u00e8 pubblicato nel 1958; lo stesso titolo nel tempo \u00e8 diventato il blasone che identifica la valle dolomitica del torrente Biois. Un racconto, quello dello scrittore trevigiano, che \u00e8 anche un omaggio ad una valle caratterizzata dalla cospicua presenza di antichi dipinti murali votivi esterni. Una fantasiosa narrazione quella di Dematt\u00e8 che ha per protagonista Cristano Soracosta, un pittore di Santi abitante di Villotta,\u00a0 piccola frazione del comune di Falcade, che inconsapevolmente sfida il Diavolo, il male, per poi terminare, dopo molte <a class=\"dt-pswp-item\" href=\"https:\/\/www.radiopiu.net\/wordpress\/wp-content\/uploads\/2022\/11\/4623db77-84bc-4a69-990f-f9b1a81e15e4.jpg\" data-dt-img-description=\"\" data-large_image_width=\"1454\" data-large_image_height=\"2035\"><img loading=\"lazy\" decoding=\"async\" class=\"size-medium wp-image-304904 alignright\" src=\"https:\/\/www.radiopiu.net\/wordpress\/wp-content\/uploads\/2022\/11\/4623db77-84bc-4a69-990f-f9b1a81e15e4-214x300.jpg\" alt=\"\" width=\"214\" height=\"300\" srcset=\"https:\/\/www.radiopiu.net\/wordpress\/wp-content\/uploads\/2022\/11\/4623db77-84bc-4a69-990f-f9b1a81e15e4-214x300.jpg 214w, https:\/\/www.radiopiu.net\/wordpress\/wp-content\/uploads\/2022\/11\/4623db77-84bc-4a69-990f-f9b1a81e15e4-732x1024.jpg 732w, https:\/\/www.radiopiu.net\/wordpress\/wp-content\/uploads\/2022\/11\/4623db77-84bc-4a69-990f-f9b1a81e15e4-768x1075.jpg 768w, https:\/\/www.radiopiu.net\/wordpress\/wp-content\/uploads\/2022\/11\/4623db77-84bc-4a69-990f-f9b1a81e15e4-1097x1536.jpg 1097w, https:\/\/www.radiopiu.net\/wordpress\/wp-content\/uploads\/2022\/11\/4623db77-84bc-4a69-990f-f9b1a81e15e4.jpg 1454w\" sizes=\"auto, (max-width: 214px) 100vw, 214px\" \/><\/a>tribolazioni a sconfiggere lo stesso con l\u2019intermediazione di San Floriano. Quando a Dunio Piccolin si \u00e8 presentata l\u2019occasione di decorare una parete a Villotta non ha tardato a proporre ai committenti, la famiglia di Pasquini, che hanno accettato con benevolenza, un dipinto ispirato al racconto di Enzo Dematt\u00e8.\u00a0 E cos\u00ec, giorno dopo giorno, in un caldo mese d\u2019ottobre, Dunio, negli otto metri quadrati ha sintetizzato con il segno e il colore alcune vicende legate al pittore del racconto, dal suo incontro con il Diavolo, impersonato da un mercante di stoffe, che lo omaggia in seguito di un nastro diabolico, allo stesso pittore che dipinge un San Floriano e molti altri particolari, tutti ambientati\u00a0 in una Valle del Biois del XVIII secolo. Questo e altro sar\u00e0 svelato allo scoprimento del dipinto murale che si\u00a0 svolger\u00e0 sabato 12 novembre 2022 alle ore 9.45 con la benedizione dell\u2019opera da parte di don Andrea Piccolin; seguir\u00e0 il saluto del Presidente dell\u2019Unione Montana Agordina Paolo Frena, del Sindaco di Falcade Mauro Salvaterra e la presentazione dell\u2019opera e del progetto \u201cLa Valle coi Santi alle finestre\u201d a cura dello storico locale Bepi Pellegrinon. Alla fine del vernissage la famiglia Pasquini, committente dell\u2019opera, offrir\u00e0 un conviviale rinfresco.<\/p>\n<blockquote>\n<h3><\/h3>\n<\/blockquote>\n\n\t\t\t<style type='text\/css'>\n\t\t\t\t#gallery-8 {\n\t\t\t\t\tmargin: auto;\n\t\t\t\t}\n\t\t\t\t#gallery-8 .gallery-item {\n\t\t\t\t\tfloat: left;\n\t\t\t\t\tmargin-top: 10px;\n\t\t\t\t\ttext-align: center;\n\t\t\t\t\twidth: 33%;\n\t\t\t\t}\n\t\t\t\t#gallery-8 img {\n\t\t\t\t\tborder: 2px solid #cfcfcf;\n\t\t\t\t}\n\t\t\t\t#gallery-8 .gallery-caption {\n\t\t\t\t\tmargin-left: 0;\n\t\t\t\t}\n\t\t\t\t\/* see gallery_shortcode() in wp-includes\/media.php *\/\n\t\t\t<\/style>\n\t\t<div id='gallery-8' class='dt-gallery-container gallery galleryid-305466 gallery-columns-3 gallery-size-thumbnail'><dl class='gallery-item'>\n\t\t\t\t<dt class='gallery-icon portrait'>\n\t\t\t\t\t<a class=\"rollover rollover-zoom dt-pswp-item\" title=\"ef1cc3d2-9caa-40ca-ab0e-d425ad2a5ec0\" data-dt-img-description=\"\" data-large_image_width=\"1570\" data-large_image_height=\"2048\"href='https:\/\/www.radiopiu.net\/wordpress\/wp-content\/uploads\/2022\/11\/ef1cc3d2-9caa-40ca-ab0e-d425ad2a5ec0.jpg'><img loading=\"lazy\" decoding=\"async\" width=\"150\" height=\"150\" src=\"https:\/\/www.radiopiu.net\/wordpress\/wp-content\/uploads\/2022\/11\/ef1cc3d2-9caa-40ca-ab0e-d425ad2a5ec0-150x150.jpg\" class=\"attachment-thumbnail size-thumbnail\" alt=\"\" \/><\/a>\n\t\t\t\t<\/dt><\/dl><dl class='gallery-item'>\n\t\t\t\t<dt class='gallery-icon portrait'>\n\t\t\t\t\t<a class=\"rollover rollover-zoom dt-pswp-item\" title=\"4618d558-1a63-4182-a7d7-60e22776e0c5\" data-dt-img-description=\"\" data-large_image_width=\"1507\" data-large_image_height=\"1991\"href='https:\/\/www.radiopiu.net\/wordpress\/wp-content\/uploads\/2022\/11\/4618d558-1a63-4182-a7d7-60e22776e0c5.jpg'><img loading=\"lazy\" decoding=\"async\" width=\"150\" height=\"150\" src=\"https:\/\/www.radiopiu.net\/wordpress\/wp-content\/uploads\/2022\/11\/4618d558-1a63-4182-a7d7-60e22776e0c5-150x150.jpg\" class=\"attachment-thumbnail size-thumbnail\" alt=\"\" \/><\/a>\n\t\t\t\t<\/dt><\/dl><dl class='gallery-item'>\n\t\t\t\t<dt class='gallery-icon portrait'>\n\t\t\t\t\t<a class=\"rollover rollover-zoom dt-pswp-item\" title=\"959be6f8-02ea-498b-b3bd-73091a726fe2\" data-dt-img-description=\"\" data-large_image_width=\"1533\" data-large_image_height=\"2048\"href='https:\/\/www.radiopiu.net\/wordpress\/wp-content\/uploads\/2022\/11\/959be6f8-02ea-498b-b3bd-73091a726fe2.jpg'><img loading=\"lazy\" decoding=\"async\" width=\"150\" height=\"150\" src=\"https:\/\/www.radiopiu.net\/wordpress\/wp-content\/uploads\/2022\/11\/959be6f8-02ea-498b-b3bd-73091a726fe2-150x150.jpg\" class=\"attachment-thumbnail size-thumbnail\" alt=\"\" \/><\/a>\n\t\t\t\t<\/dt><\/dl><br style=\"clear: both\" \/>\n\t\t\t<\/div>\n\n<blockquote>\n<h3>\u201cI Santi alle finestre\u201d<\/h3>\n<\/blockquote>\n<p>La Valle del Biois ha un primato nell\u2019arco Dolomitico, e in generale nelle Alpi del Nord Italia, per la notevole presenza di dipinti murali votivi: nei comuni di Falcade, Canale d\u2019Agordo e Vallada esistono tuttora oltre ottanta affreschi risalenti al XVII, XVIII e XIX secolo; questa particolare presenza ha portato lo scrittore trevigiano Enzo Dematt\u00e8 a definire la Valle del Biois \u201cLa Valle coi Santi alle finestre\u201d. Come per quasi tutti gli affreschi antichi della valle, l\u2019autore \u00e8 ignoto. Falcade nei secoli passati, grazie alla via del passo San Pellegrino, era parte di una delle importanti vie di comunicazione che da Venezia portava in Germania o viceversa, ed \u00e8 probabile che tra i viandanti ci fossero pittori, o appassionati di pittura, che per soddisfare il desiderio di qualche abitante della valle, dipingesse qualche Santo, in senso di protezione da malefici, incendi, pestilenze e via dicendo, sulla facciata della loro casa, probabilmente in cambio di vitto e alloggio.<\/p>\n<p>&nbsp;<\/p>\n\n\t\t\t<style type='text\/css'>\n\t\t\t\t#gallery-9 {\n\t\t\t\t\tmargin: auto;\n\t\t\t\t}\n\t\t\t\t#gallery-9 .gallery-item {\n\t\t\t\t\tfloat: left;\n\t\t\t\t\tmargin-top: 10px;\n\t\t\t\t\ttext-align: center;\n\t\t\t\t\twidth: 50%;\n\t\t\t\t}\n\t\t\t\t#gallery-9 img {\n\t\t\t\t\tborder: 2px solid #cfcfcf;\n\t\t\t\t}\n\t\t\t\t#gallery-9 .gallery-caption {\n\t\t\t\t\tmargin-left: 0;\n\t\t\t\t}\n\t\t\t\t\/* see gallery_shortcode() in wp-includes\/media.php *\/\n\t\t\t<\/style>\n\t\t<div id='gallery-9' class='dt-gallery-container gallery galleryid-305466 gallery-columns-2 gallery-size-medium'><dl class='gallery-item'>\n\t\t\t\t<dt class='gallery-icon portrait'>\n\t\t\t\t\t<a class=\"rollover rollover-zoom dt-pswp-item\" title=\"00c868ce-4756-4a13-b5dc-60d85cde9233\" data-dt-img-description=\"\" data-large_image_width=\"1200\" data-large_image_height=\"1687\"href='https:\/\/www.radiopiu.net\/wordpress\/wp-content\/uploads\/2022\/11\/00c868ce-4756-4a13-b5dc-60d85cde9233.jpg'><img loading=\"lazy\" decoding=\"async\" width=\"213\" height=\"300\" src=\"https:\/\/www.radiopiu.net\/wordpress\/wp-content\/uploads\/2022\/11\/00c868ce-4756-4a13-b5dc-60d85cde9233-213x300.jpg\" class=\"attachment-medium size-medium\" alt=\"\" srcset=\"https:\/\/www.radiopiu.net\/wordpress\/wp-content\/uploads\/2022\/11\/00c868ce-4756-4a13-b5dc-60d85cde9233-213x300.jpg 213w, https:\/\/www.radiopiu.net\/wordpress\/wp-content\/uploads\/2022\/11\/00c868ce-4756-4a13-b5dc-60d85cde9233-728x1024.jpg 728w, https:\/\/www.radiopiu.net\/wordpress\/wp-content\/uploads\/2022\/11\/00c868ce-4756-4a13-b5dc-60d85cde9233-768x1080.jpg 768w, https:\/\/www.radiopiu.net\/wordpress\/wp-content\/uploads\/2022\/11\/00c868ce-4756-4a13-b5dc-60d85cde9233-1093x1536.jpg 1093w, https:\/\/www.radiopiu.net\/wordpress\/wp-content\/uploads\/2022\/11\/00c868ce-4756-4a13-b5dc-60d85cde9233.jpg 1200w\" sizes=\"auto, (max-width: 213px) 100vw, 213px\" \/><\/a>\n\t\t\t\t<\/dt><\/dl><dl class='gallery-item'>\n\t\t\t\t<dt class='gallery-icon portrait'>\n\t\t\t\t\t<a class=\"rollover rollover-zoom dt-pswp-item\" title=\"3cf598ed-da65-464c-ae34-e3c3ba8da131\" data-dt-img-description=\"\" data-large_image_width=\"1200\" data-large_image_height=\"1694\"href='https:\/\/www.radiopiu.net\/wordpress\/wp-content\/uploads\/2022\/11\/3cf598ed-da65-464c-ae34-e3c3ba8da131.jpg'><img loading=\"lazy\" decoding=\"async\" width=\"213\" height=\"300\" src=\"https:\/\/www.radiopiu.net\/wordpress\/wp-content\/uploads\/2022\/11\/3cf598ed-da65-464c-ae34-e3c3ba8da131-213x300.jpg\" class=\"attachment-medium size-medium\" alt=\"\" srcset=\"https:\/\/www.radiopiu.net\/wordpress\/wp-content\/uploads\/2022\/11\/3cf598ed-da65-464c-ae34-e3c3ba8da131-213x300.jpg 213w, https:\/\/www.radiopiu.net\/wordpress\/wp-content\/uploads\/2022\/11\/3cf598ed-da65-464c-ae34-e3c3ba8da131-725x1024.jpg 725w, https:\/\/www.radiopiu.net\/wordpress\/wp-content\/uploads\/2022\/11\/3cf598ed-da65-464c-ae34-e3c3ba8da131-768x1084.jpg 768w, https:\/\/www.radiopiu.net\/wordpress\/wp-content\/uploads\/2022\/11\/3cf598ed-da65-464c-ae34-e3c3ba8da131-1088x1536.jpg 1088w, https:\/\/www.radiopiu.net\/wordpress\/wp-content\/uploads\/2022\/11\/3cf598ed-da65-464c-ae34-e3c3ba8da131.jpg 1200w\" sizes=\"auto, (max-width: 213px) 100vw, 213px\" \/><\/a>\n\t\t\t\t<\/dt><\/dl><br style=\"clear: both\" \/>\n\t\t\t<\/div>\n\n<blockquote>\n<h3>Enzo Dematt\u00e8<\/h3>\n<\/blockquote>\n<p><a class=\"dt-pswp-item\" href=\"https:\/\/www.radiopiu.net\/wordpress\/wp-content\/uploads\/2022\/11\/b2cb43e5-58a3-4363-9ca8-488bf82b25dc.jpg\" data-dt-img-description=\"\" data-large_image_width=\"1311\" data-large_image_height=\"1832\"><img loading=\"lazy\" decoding=\"async\" class=\"size-medium wp-image-304905 alignleft\" src=\"https:\/\/www.radiopiu.net\/wordpress\/wp-content\/uploads\/2022\/11\/b2cb43e5-58a3-4363-9ca8-488bf82b25dc-215x300.jpg\" alt=\"\" width=\"215\" height=\"300\" srcset=\"https:\/\/www.radiopiu.net\/wordpress\/wp-content\/uploads\/2022\/11\/b2cb43e5-58a3-4363-9ca8-488bf82b25dc-215x300.jpg 215w, https:\/\/www.radiopiu.net\/wordpress\/wp-content\/uploads\/2022\/11\/b2cb43e5-58a3-4363-9ca8-488bf82b25dc-733x1024.jpg 733w, https:\/\/www.radiopiu.net\/wordpress\/wp-content\/uploads\/2022\/11\/b2cb43e5-58a3-4363-9ca8-488bf82b25dc-768x1073.jpg 768w, https:\/\/www.radiopiu.net\/wordpress\/wp-content\/uploads\/2022\/11\/b2cb43e5-58a3-4363-9ca8-488bf82b25dc-1099x1536.jpg 1099w, https:\/\/www.radiopiu.net\/wordpress\/wp-content\/uploads\/2022\/11\/b2cb43e5-58a3-4363-9ca8-488bf82b25dc.jpg 1311w\" sizes=\"auto, (max-width: 215px) 100vw, 215px\" \/><\/a>Enzo Dematt\u00e8 \u00e8 lo scrittore trevigiano che negli anni 50\u2019 ha soggiornando dapprima a Villotta e poi a Sappade appassionandosi agli usi e costumi della valle del torrente Biois. Dematt\u00e8 ha anche soprannominato la Valle del Biois \u201cLa valle coi Santi alle finestre\u201d, titolo dell\u2019omonimo romanzo da lui scritto nel 1958, che nel tempo \u00e8 divenuto un blasone in riferimento alla valle. La sua felice intuizione \u00e8 partita nell\u2019osservare come una piccola valle come quella del torrente Biois avesse tanti affreschi votivi antichi sulle facciate delle case. Il suo fantasioso racconto narra di un pittore di santi, tale Cristano Soracosta, che idealmente abita a Villotta di Falcade, e che dopo l\u2019incontro co il Diavolo, gli veniva commissionato solo affreschi con la figura di San\u00a0 Floriano, invocato per proteggere le abitazioni dal fuoco; ironia della sorte le pitture che il pittore realizzava, e in conseguenza l\u2019intero edificio,\u00a0 prendeva sistematicamente fuoco. Il resto del racconto, ambientato nel 1700, ripercorre gli usi e i costumi del tempo in tutta la valle. Enzo Dematt\u00e8, nato nel 1927, fu saggista e poeta italiano, di origine trentine ha abitato a lungo a Treviso fino alla sua morte, avvenuta nel 2014. Affezionato alla Valle del Biois, oltre al romanzo sopracitato, ha scritto, ispirandosi ai nostri luoghi, anche il romanzo \u201cGente di Confine\u201d, (1972), ristampato nel 2008 con le illustrazioni di Dunio, \u201cTrei orazhion\u201d (1974), poesie in dialetto canalino, il \u201cQuaderno di Bortolo\u201d (1999), commentando il \u201cLibro da scrivere calligrafico\u201d scritto nel 1868 da Bortolo Murer di Falcade Alto, e altre pubblicazioni.<\/p>\n<p>&nbsp;<\/p>\n<p>&nbsp;<\/p>\n<p>&nbsp;<\/p>\n<p>&nbsp;<\/p>\n<hr \/>\n<p>&nbsp;<\/p>\n<blockquote>\n<h3>A CENCENIGHE, NOF FILO&#8217; INCONTRI CON PETTIROSSO AGORDINO<\/h3>\n<\/blockquote>\n<p><strong>CENCENIGHE<\/strong> Ultimo incontro con Pettirosso Agordino al Nof Fil\u00f2 di Cencenighe. Il 16 novembre con &#8220;L&#8217;impegno a tempo pieno di chi assiste la persona con demenza&#8221; in cui Erica Calvi (psicologa di Sersa) evidenzier\u00e0 la fatica invisibile di chi si prende cura di una persona malata<\/p>\n<p>&nbsp;<\/p>\n<p>&nbsp;<\/p>\n<hr \/>\n<p>&nbsp;<\/p>\n<blockquote>\n<h3>SPETTACOLI DI MISTERO, GLI APPUNTAMENTI IN PROVINCIA<\/h3>\n<\/blockquote>\n<p><strong>BELLUNO <\/strong>Quattro appuntamenti animeranno il prossimo week end: oggi, a Borgo Valbelluna presso la Sala Ex Cinema San Pietro, con inizio alle 20.45, si terr\u00e0 LA PIAVE RACCONTA. Domani, alle 14 prender\u00e0 il via dal centro storico di Mel PIAVE E TERCHE: CHE NASCONDONO? caccia al tesoro per bambini e famiglie. Domenica, dalle 14 al Parco di Lagole di CALALZO DI CADORE, visita guidata. Domenica, alle 8.30, da Seren del Grappa, in localit\u00e0 \u201cda Nardo\u201d, partir\u00e0 la visita guidata ACQUA, FONTE DI VITA E NON SOLO, una facile passeggiata.<\/p>\n<p>&nbsp;<\/p>\n<p>&nbsp;<\/p>\n<hr \/>\n<p>&nbsp;<\/p>\n<blockquote>\n<h3>LA SECONDA EDIZIONE DI MAGICOLERIA CON LA PROLOCO CASTIONESE<\/h3>\n<\/blockquote>\n<p><strong>BELLUNO\u00a0<\/strong> <span id=\"page3R_mcid5\" class=\"markedContent\"><span dir=\"ltr\" role=\"presentation\">Con<\/span> <span dir=\"ltr\" role=\"presentation\">grande entusiasmo<\/span><span dir=\"ltr\" role=\"presentation\">, dopo le restrizioni dovute al covid,<\/span> <span dir=\"ltr\" role=\"presentation\">la Pro Loco Pieve Castionese propone al <\/span><span dir=\"ltr\" role=\"presentation\">pubblico la seconda edizione della Magicoleria<\/span><span dir=\"ltr\" role=\"presentation\">. <\/span><\/span><span id=\"page3R_mcid6\" class=\"markedContent\"><span dir=\"ltr\" role=\"presentation\">Il<\/span> secondo appuntamento <span dir=\"ltr\" role=\"presentation\">al<\/span><span dir=\"ltr\" role=\"presentation\">le 18 al Teatro San<\/span> <span dir=\"ltr\" role=\"presentation\">Gaetano di <\/span><span dir=\"ltr\" role=\"presentation\">Castion. <\/span><\/span><span class=\"markedContent\"><span dir=\"ltr\" role=\"presentation\">D<\/span><span dir=\"ltr\" role=\"presentation\">omenica<\/span> <span dir=\"ltr\" role=\"presentation\">20 no<\/span><span dir=\"ltr\" role=\"presentation\">vembre <\/span><span dir=\"ltr\" role=\"presentation\">sar\u00e0 la volta di Paolo Rech<\/span><span dir=\"ltr\" role=\"presentation\">,<\/span> <span dir=\"ltr\" role=\"presentation\">pluripremiato<\/span> <span dir=\"ltr\" role=\"presentation\">artista<\/span><span dir=\"ltr\" role=\"presentation\">,<\/span> <span dir=\"ltr\" role=\"presentation\">che ha <\/span><span dir=\"ltr\" role=\"presentation\">gi<\/span><span dir=\"ltr\" role=\"presentation\">rato il mondo intero portando i<\/span><span dir=\"ltr\" role=\"presentation\">n scena<\/span> <span dir=\"ltr\" role=\"presentation\">i suoi burattini. Per prenotazioni e informazioni: cell. 3495872289<\/span><\/span><\/p>\n<p>&nbsp;<\/p>\n<p>&nbsp;<\/p>\n<hr \/>\n<p>&nbsp;<\/p>\n<blockquote>\n<h3>DUE MESSE CON LA CONFRATERNITA DELLA BEATA VERGINE DELLA SALUTE<\/h3>\n<\/blockquote>\n<p><strong>AGORDO<\/strong> Sono due gli appuntamenti con la Confraternita della Beata Vergine della salute. Domenica 20 novembre la Santa Messa nella chiesa arcidiaconale di Agordo alle 10:30, seguir\u00e0 il pranzo sociale al Ristorante Monte Civetta di Listolade. Il giorno dopo, 21 novembre, alla chiesetta di Toccol la messa alle 17:30.<\/p>\n<p>&nbsp;<\/p>\n<p>&nbsp;<\/p>\n<p>&nbsp;<\/p>\n<hr \/>\n<p>&nbsp;<\/p>\n<blockquote>\n<h3>AUTORI IN BIBLIOTECA A BORGO VALBELLUNA<\/h3>\n<\/blockquote>\n<p><strong>BORGO VALBELLUNA <\/strong>Le biblioteche di Borgo Valbelluna ospiteranno, tra novembre e dicembre, una serie di appuntamenti dedicati alla presentazione di libri di autori bellunesi. \u00abGli incontri, organizzati dall\u2019Amministrazione comunale, rientrano a pieno titolo tra gli obiettivi del settore culturale: in primis la promozione della lettura, come strumento di crescita individuale e sociale, ma anche l\u2019utilizzo degli spazi delle biblioteche per lo svolgimento di iniziative culturali, per\u00a0 far conoscere le biblioteche e i relativi servizi, e per promuovere le biblioteche come luoghi di conoscenza, socialit\u00e0 e aggregazione\u00bb commenta l\u2019Assessore alla cultura Monica Frapporti. La rassegna comincia oggi, alle ore 18.30, in biblioteca di Trichiana, con Giovanni Trimeri e GianAntonio Cecchin, che, con il loro libro \u201c<em>I miracoli di Val Canzoi<\/em>\u201d, hanno voluto rendere omaggio a Dino Buzzati, per i 50 anni dalla prima edizione de \u201c<em>I miracoli di Val Morel<\/em>\u201d. Sar\u00e0 Lois Bernard a presentare questa edizione illustrata che affianca ad ogni testo un ex-voto per raccontare la storia della comunit\u00e0 di Val Canzoi, dove le vicende quotidiane si intrecciano con i grandi temi.<\/p>\n<p>&nbsp;<\/p>\n<p>&nbsp;<\/p>\n<hr \/>\n<p>&nbsp;<\/p>\n<blockquote>\n<h3>I CIOCCOLATINI DELL&#8217;AIRC IN PIAZZA AD AGORDO<\/h3>\n<\/blockquote>\n<p><strong>AGORDO<\/strong> Sabato e domenica dalle 9:30 alle 12 in Piazza Libert\u00e0 ad Agordo i volontari dell&#8217;AIRC saranno presenti per la vendita dei &#8220;Cioccolatini della ricerca&#8221;, la raccolta fondi nazionale per la ricerca sul cancro.<\/p>\n<p>&nbsp;<\/p>\n<p>&nbsp;<\/p>\n<hr \/>\n<p>&nbsp;<\/p>\n<blockquote>\n<h3>LA SECONDA SERATA PER LA PRESENTAZIONE DEL LIBRO SU LIMANA<\/h3>\n<\/blockquote>\n<p><strong>LIMANA\u00a0<\/strong> \u00c8 in programma per mercoled\u00ec la seconda serata di presentazione del libro sulla storia di Limana a cura di Marco Perale. L&#8217;appuntamento \u00e8 in sala Nocivelli alle 20:45<\/p>\n<p>&nbsp;<\/p>\n<p>&nbsp;<\/p>\n<hr \/>\n<p>&nbsp;<\/p>\n<blockquote>\n<h3>UNA SERATA DI MUSICA SARDA A BELLUNO<\/h3>\n<\/blockquote>\n<p><strong>BELLUNO<\/strong> \u00c8 in programma per venerd\u00ec 18 novembre al Teatro Giovanni XXII di Belluno lo spettacolo di musica sarda &#8220;Terra mia &#8211; Cantende Ballende&#8221;. Inizio alle 20:45 con ingresso libero.<\/p>\n<p>&nbsp;<\/p>\n<hr \/>\n<p>&nbsp;<\/p>\n<blockquote>\n<h3>CASTAGNATA ALPINA<\/h3>\n<\/blockquote>\n<p><strong>FALCADE<\/strong> Il gruppo Ana (alpini) organizza per domenica alle 14 la castagnata presso la sede in pizza cooperativa. Dalle 14.30 la gara di briscola, torneo a 16 coppie, iscrizioni 20 euro a coppia. Info 338 5628415<\/p>\n<p>&nbsp;<\/p>\n<hr \/>\n<p>&nbsp;<\/p>\n<blockquote>\n<h3>IL NUOVO MARCHIO DELLA DMO<\/h3>\n<\/blockquote>\n<p><strong>ALLEGHE<\/strong> Oggi alle 14 in sala Stoppani ad Alleghe il consorzio Dmo Dolomiti, in singergia con i consorzi turistici d&#8217;area incontrer\u00e0 gli operatori turistici per parlare dell&#8217;utilizzo del nuovo marchio, sinergie tra territori, reputazione, valori, linguaggi e relazioni secondo le linee guida della brand strategy per un approccio coerente e coeso alla comunicazione e promozione.<\/p>\n<p>&nbsp;<\/p>\n<p>&nbsp;<\/p>\n<hr \/>\n<p>&nbsp;<\/p>\n<blockquote>\n<h3>CON LA NUOVA CORALE-CORO PARROCCHIALE DI AGORDO LA MESSA PER I CADUTI SUL LAVORO<\/h3>\n<\/blockquote>\n<p><strong>AGORDO<\/strong> Domenica 20 novembre alle 18 nella chiesa Arcidiaconale\u00a0 di Agordo, \u00e8&#8217; il\u00a040\u00b0 anno in cui si svolge questa celebrazione, che vuole unirsi nel dolore e nel ricordo dei propri cari ai familiari dei caduti, oltre che sottolineare l&#8217;importanza dei valori della vita e del lavoro e quindi della sicurezza nei luoghi di lavoro. Molto spesso infatti gli adempimenti in tal senso vengono considerati solo come degli inutili vincoli burocratici, mentre \u00e8 importante cercare di evitare tutto quello che \u00e8 prevenibile, diffondendo una cultura della sicurezza. Quest&#8217;anno, all&#8217;elenco dei caduti ricordati in passato, si aggiunge Paolo Marcon, morto mentre lavorava nei boschi di Gosaldo il 7 aprile 2022.<\/p>\n<p>&nbsp;<\/p>\n<p>&nbsp;<\/p>\n<hr \/>\n<p>&nbsp;<\/p>\n<div>\n<div class=\"b654a4as d2edcug0\">\n<div class=\"rq0escxv hkbzh7o3 jwdofwj8 n8tt0mok r8blr3vg hyh9befq\">\n<p><a class=\"dt-pswp-item\" href=\"https:\/\/www.radiopiu.net\/wordpress\/wp-content\/uploads\/2020\/10\/pp.jpg\" data-dt-img-description=\"\" data-large_image_width=\"640\" data-large_image_height=\"640\"><img loading=\"lazy\" decoding=\"async\" class=\"wp-image-163678 alignleft\" src=\"https:\/\/www.radiopiu.net\/wordpress\/wp-content\/uploads\/2020\/10\/pp-300x300.jpg\" alt=\"\" width=\"106\" height=\"106\" srcset=\"https:\/\/www.radiopiu.net\/wordpress\/wp-content\/uploads\/2020\/10\/pp-300x300.jpg 300w, https:\/\/www.radiopiu.net\/wordpress\/wp-content\/uploads\/2020\/10\/pp-150x150.jpg 150w, https:\/\/www.radiopiu.net\/wordpress\/wp-content\/uploads\/2020\/10\/pp-125x125.jpg 125w, https:\/\/www.radiopiu.net\/wordpress\/wp-content\/uploads\/2020\/10\/pp-200x200.jpg 200w, https:\/\/www.radiopiu.net\/wordpress\/wp-content\/uploads\/2020\/10\/pp-80x80.jpg 80w, https:\/\/www.radiopiu.net\/wordpress\/wp-content\/uploads\/2020\/10\/pp-480x480.jpg 480w, https:\/\/www.radiopiu.net\/wordpress\/wp-content\/uploads\/2020\/10\/pp.jpg 640w\" sizes=\"auto, (max-width: 106px) 100vw, 106px\" \/><\/a><\/p>\n<\/div>\n<\/div>\n<\/div>\n<div>\n<div class=\"page-title-head hgroup\">\n<div class=\"page-title-head hgroup\">\n<div class=\"b654a4as d2edcug0\">\n<div class=\"j83agx80 btwxx1t3 lhclo0ds hop8lmos nkwizq5d scwd0bx6 roh60bw9\">\n<div class=\"rq0escxv hkbzh7o3 jwdofwj8 n8tt0mok r8blr3vg hyh9befq\">\n<div class=\"do00u71z l9j0dhe7 k4urcfbm\">\n<h2><span style=\"color: #000080;\">DON CESARE, IL PENSIERO DEL GIORNO. ALLA RADIO ALLE 7 DEL MATTINO E ALLE 19.30 DELLA SERA<\/span><\/h2>\n<\/div>\n<\/div>\n<\/div>\n<\/div>\n<\/div>\n<\/div>\n<\/div>\n<audio class=\"wp-audio-shortcode\" id=\"audio-305466-12\" preload=\"none\" style=\"width: 100%;\" controls=\"controls\"><source type=\"audio\/mpeg\" src=\"https:\/\/www.radiopiu.net\/wordpress\/wp-content\/uploads\/2022\/11\/CESARE-6.mp3?_=12\" \/><a href=\"https:\/\/www.radiopiu.net\/wordpress\/wp-content\/uploads\/2022\/11\/CESARE-6.mp3\">https:\/\/www.radiopiu.net\/wordpress\/wp-content\/uploads\/2022\/11\/CESARE-6.mp3<\/a><\/audio>\n<p>&nbsp;<\/p>\n<hr \/>\n<p>&nbsp;<\/p>\n<h2><span style=\"color: #339966;\">COLLAGE OPERAZIONE NOSTALGIA<\/span><\/h2>\n<p>La nuova settimana di Collage si aprir\u00e0 all\u2019insegna della musica italiana degli anni 60 con un interprete particolare ovvero David Bowie che ci regaler\u00e0 la sua versione di \u201cRagazzo solo, ragazza sola\u201d cover di \u201cSpace oddity\u201d. La programmazione proseguir\u00e0 nella consueta alternanza di brani internazionali ed italiani con una puntata dedicata alle voci femminili straniere e la presenza per la prima volta in scaletta di artisti come Teresa De Sio, Franco Califano, Mimmo Locasciulli e Sergio Caputo. Collage va in onda dal luned\u00ec al venerd\u00ec alle 16,00 e alle 23,00 naturalmente su Radio Pi\u00f9.<\/p>\n<p>&nbsp;<\/p>\n<p><strong>LA PUNTATA DEL LUNEDI, 656<\/strong><\/p>\n<audio class=\"wp-audio-shortcode\" id=\"audio-305466-13\" preload=\"none\" style=\"width: 100%;\" controls=\"controls\"><source type=\"audio\/mpeg\" src=\"https:\/\/www.radiopiu.net\/wordpress\/wp-content\/uploads\/2022\/11\/Collage-656.mp3?_=13\" \/><a href=\"https:\/\/www.radiopiu.net\/wordpress\/wp-content\/uploads\/2022\/11\/Collage-656.mp3\">https:\/\/www.radiopiu.net\/wordpress\/wp-content\/uploads\/2022\/11\/Collage-656.mp3<\/a><\/audio>\n<p>&nbsp;<\/p>\n<p><strong>LA PUNTATA DEL MARTEDI, 657<\/strong><\/p>\n<audio class=\"wp-audio-shortcode\" id=\"audio-305466-14\" preload=\"none\" style=\"width: 100%;\" controls=\"controls\"><source type=\"audio\/mpeg\" src=\"https:\/\/www.radiopiu.net\/wordpress\/wp-content\/uploads\/2022\/11\/Collage-657.mp3?_=14\" \/><a href=\"https:\/\/www.radiopiu.net\/wordpress\/wp-content\/uploads\/2022\/11\/Collage-657.mp3\">https:\/\/www.radiopiu.net\/wordpress\/wp-content\/uploads\/2022\/11\/Collage-657.mp3<\/a><\/audio>\n<p>&nbsp;<\/p>\n<p><strong>LA PUNTATA DEL MERCOLEDI, 658<\/strong><\/p>\n<audio class=\"wp-audio-shortcode\" id=\"audio-305466-15\" preload=\"none\" style=\"width: 100%;\" controls=\"controls\"><source type=\"audio\/mpeg\" src=\"https:\/\/www.radiopiu.net\/wordpress\/wp-content\/uploads\/2022\/11\/Collage-658.mp3?_=15\" \/><a href=\"https:\/\/www.radiopiu.net\/wordpress\/wp-content\/uploads\/2022\/11\/Collage-658.mp3\">https:\/\/www.radiopiu.net\/wordpress\/wp-content\/uploads\/2022\/11\/Collage-658.mp3<\/a><\/audio>\n<p>&nbsp;<\/p>\n<p><strong>LA PUNTATA DEL GIOVEDI, 659<\/strong><\/p>\n<audio class=\"wp-audio-shortcode\" id=\"audio-305466-16\" preload=\"none\" style=\"width: 100%;\" controls=\"controls\"><source type=\"audio\/mpeg\" src=\"https:\/\/www.radiopiu.net\/wordpress\/wp-content\/uploads\/2022\/11\/COGI.mp3?_=16\" \/><a href=\"https:\/\/www.radiopiu.net\/wordpress\/wp-content\/uploads\/2022\/11\/COGI.mp3\">https:\/\/www.radiopiu.net\/wordpress\/wp-content\/uploads\/2022\/11\/COGI.mp3<\/a><\/audio>\n<p>&nbsp;<\/p>\n<hr \/>\n<p>&nbsp;<\/p>\n<h2><span style=\"color: #3366ff;\">LA RASSEGNA STAMPA DA L&#8217;AMICO DEL POPOLO<\/span><\/h2>\n<p><strong><a class=\"dt-pswp-item\" href=\"https:\/\/www.radiopiu.net\/wordpress\/wp-content\/uploads\/2019\/03\/IC-FELTRE-Ambiente-Foen-2.jpg\" data-dt-img-description=\"\" data-large_image_width=\"1600\" data-large_image_height=\"1200\"><img loading=\"lazy\" decoding=\"async\" class=\" wp-image-79992 alignleft\" src=\"https:\/\/www.radiopiu.net\/wordpress\/wp-content\/uploads\/2019\/03\/IC-FELTRE-Ambiente-Foen-2-300x225.jpg\" alt=\"\" width=\"197\" height=\"148\" srcset=\"https:\/\/www.radiopiu.net\/wordpress\/wp-content\/uploads\/2019\/03\/IC-FELTRE-Ambiente-Foen-2-300x225.jpg 300w, https:\/\/www.radiopiu.net\/wordpress\/wp-content\/uploads\/2019\/03\/IC-FELTRE-Ambiente-Foen-2-768x576.jpg 768w, https:\/\/www.radiopiu.net\/wordpress\/wp-content\/uploads\/2019\/03\/IC-FELTRE-Ambiente-Foen-2-1024x768.jpg 1024w, https:\/\/www.radiopiu.net\/wordpress\/wp-content\/uploads\/2019\/03\/IC-FELTRE-Ambiente-Foen-2.jpg 1600w\" sizes=\"auto, (max-width: 197px) 100vw, 197px\" \/><\/a>di Gianni Santomaso<\/strong><\/p>\n<p>OSPITE: Daniele Giaffredo<\/p>\n<audio class=\"wp-audio-shortcode\" id=\"audio-305466-17\" preload=\"none\" style=\"width: 100%;\" controls=\"controls\"><source type=\"audio\/mpeg\" src=\"https:\/\/www.radiopiu.net\/wordpress\/wp-content\/uploads\/2022\/11\/RASSEGNA-GIANNI.mp3?_=17\" \/><a href=\"https:\/\/www.radiopiu.net\/wordpress\/wp-content\/uploads\/2022\/11\/RASSEGNA-GIANNI.mp3\">https:\/\/www.radiopiu.net\/wordpress\/wp-content\/uploads\/2022\/11\/RASSEGNA-GIANNI.mp3<\/a><\/audio>\n<p>&nbsp;<\/p>\n<p>&nbsp;<\/p>\n<hr \/>\n<p>&nbsp;<\/p>\n<p>&nbsp;<\/p>\n<blockquote>\n<h3>ALLA RADIO<\/h3>\n<h2>LA LUCCIOLATA, DOMENICA DA AGORDO A RIF CON CASTAGNE E TOMBOLA<\/h2>\n<\/blockquote>\n<p>ospite Eva Da Rif &#8211; Boce da Rif<\/p>\n<p>di Mirko Mezzacasa<\/p>\n<audio class=\"wp-audio-shortcode\" id=\"audio-305466-18\" preload=\"none\" style=\"width: 100%;\" controls=\"controls\"><source type=\"audio\/mpeg\" src=\"https:\/\/www.radiopiu.net\/wordpress\/wp-content\/uploads\/2022\/11\/LUCCIOLATA-EVA-OLIVIERO.mp3?_=18\" \/><a href=\"https:\/\/www.radiopiu.net\/wordpress\/wp-content\/uploads\/2022\/11\/LUCCIOLATA-EVA-OLIVIERO.mp3\">https:\/\/www.radiopiu.net\/wordpress\/wp-content\/uploads\/2022\/11\/LUCCIOLATA-EVA-OLIVIERO.mp3<\/a><\/audio>\n<p>&nbsp;<\/p>\n<p>&nbsp;<\/p>\n<hr \/>\n<p>&nbsp;<\/p>\n<blockquote>\n<h3><\/h3>\n<h3>ARMIN CALLIGARO ALL&#8217;AUDIZIONE PER SAN REMO<\/h3>\n<\/blockquote>\n<p>Un cadorino, di Pieve di Cadore, sta vivendo il suo sogno ad areasanremo,<\/p>\n<div dir=\"auto\"><\/div>\n<div dir=\"auto\"><strong><strong>ARMIN CALLIGARO <\/strong><\/strong><strong><strong>ALLA RADIO<\/strong><\/strong><\/div>\n<div dir=\"auto\"><\/div>\n<div dir=\"auto\">\n<audio class=\"wp-audio-shortcode\" id=\"audio-305466-19\" preload=\"none\" style=\"width: 100%;\" controls=\"controls\"><source type=\"audio\/mpeg\" src=\"https:\/\/www.radiopiu.net\/wordpress\/wp-content\/uploads\/2022\/11\/ARMIN.mp3?_=19\" \/><a href=\"https:\/\/www.radiopiu.net\/wordpress\/wp-content\/uploads\/2022\/11\/ARMIN.mp3\">https:\/\/www.radiopiu.net\/wordpress\/wp-content\/uploads\/2022\/11\/ARMIN.mp3<\/a><\/audio>\n<\/div>\n<div dir=\"auto\"><\/div>\n<div dir=\"auto\"><\/div>\n<p>&nbsp;<\/p>\n<hr \/>\n<p>&nbsp;<\/p>\n<p><img loading=\"lazy\" decoding=\"async\" class=\"aligncenter wp-image-61954 size-full\" src=\"https:\/\/www.radiopiu.net\/wordpress\/wp-content\/uploads\/2018\/09\/viabilita.jpeg\" sizes=\"auto, (max-width: 800px) 100vw, 800px\" srcset=\"https:\/\/www.radiopiu.net\/wordpress\/wp-content\/uploads\/2018\/09\/viabilita.jpeg 800w, https:\/\/www.radiopiu.net\/wordpress\/wp-content\/uploads\/2018\/09\/viabilita-300x38.jpeg 300w, https:\/\/www.radiopiu.net\/wordpress\/wp-content\/uploads\/2018\/09\/viabilita-768x96.jpeg 768w\" alt=\"\" width=\"800\" height=\"100\" \/><\/p>\n<p>&nbsp;<\/p>\n<p>&nbsp;<\/p>\n<p><strong>AGGIORNAMENTO VENETO STRADE, AGGIORNAMENTO CONTINUO H 24<\/strong><\/p>\n<blockquote class=\"wp-embedded-content\" data-secret=\"B1Z7uLPHt0\"><p><a href=\"https:\/\/www.radiopiu.net\/wordpress\/viabilita\/\">viabilita<\/a><\/p><\/blockquote>\n<p><iframe loading=\"lazy\" class=\"wp-embedded-content\" sandbox=\"allow-scripts\" security=\"restricted\" style=\"position: absolute; clip: rect(1px, 1px, 1px, 1px);\" title=\"&#8220;viabilita&#8221; &#8212; Radio Pi\u00f9\" src=\"https:\/\/www.radiopiu.net\/wordpress\/viabilita\/embed\/#?secret=8bj2pMVol1#?secret=B1Z7uLPHt0\" data-secret=\"B1Z7uLPHt0\" width=\"600\" height=\"338\" frameborder=\"0\" marginwidth=\"0\" marginheight=\"0\" scrolling=\"no\"><\/iframe><\/p>\n<p>&nbsp;<\/p>\n<p>&nbsp;<\/p>\n<hr \/>\n<p>&nbsp;<\/p>\n<p><a class=\"dt-pswp-item\" href=\"https:\/\/www.radiopiu.net\/wordpress\/wp-content\/uploads\/2018\/09\/WhatsApp-Image-2018-09-20-at-16.04.06.jpeg\" data-dt-img-description=\"\" data-large_image_width=\"800\" data-large_image_height=\"100\"><img loading=\"lazy\" decoding=\"async\" class=\"wp-image-61378 size-full aligncenter\" src=\"https:\/\/www.radiopiu.net\/wordpress\/wp-content\/uploads\/2018\/09\/WhatsApp-Image-2018-09-20-at-16.04.06.jpeg\" alt=\"\" width=\"800\" height=\"100\" srcset=\"https:\/\/www.radiopiu.net\/wordpress\/wp-content\/uploads\/2018\/09\/WhatsApp-Image-2018-09-20-at-16.04.06.jpeg 800w, https:\/\/www.radiopiu.net\/wordpress\/wp-content\/uploads\/2018\/09\/WhatsApp-Image-2018-09-20-at-16.04.06-300x38.jpeg 300w, https:\/\/www.radiopiu.net\/wordpress\/wp-content\/uploads\/2018\/09\/WhatsApp-Image-2018-09-20-at-16.04.06-768x96.jpeg 768w\" sizes=\"auto, (max-width: 800px) 100vw, 800px\" \/><\/a><\/p>\n<p>&nbsp;<\/p>\n<p><center><b>Venerdi 11<\/b><\/center><b>Tempo atteso: <\/b>Tempo stabile, parzialmente soleggiato per sottili velature a tratti anche estese specie nella seconda parte della giornata e qualche addensamento su prealpi verso sera. Nella notte e al mattino possibile formazione di nubi basse o nebbia nei fondovalle prealpini. Contesto termico decisamente mite per il periodo in quota e nei settori assolati.<br \/>\n<b>Precipitazioni: <\/b>Assenti (0%)<br \/>\n<b>Temperature: <\/b>Minime in calo nelle valli, massime in generale aumento. Condizioni di marcata inversione termica nelle valli durante le ore pi\u00f9 fredde. Su Prealpi &#8211; a 1500 m: min 6 max 11, a 2000 m: min 5 max 9 Dolomiti &#8211; a 2000 m: min 6 max 9, a 3000 m: min 3 max 4<\/p>\n<hr \/>\n<p><center><b>Sabato 12<\/b><\/center><b>Tempo atteso: <\/b>Tempo stabile ma solo parzialmente soleggiato per la presenza di nuvolosit\u00e0 alta a tratti estesa e in grado di mascherare il sole specie dalle ore centrali e nel pomeriggio. Nella notte e al mattino possibili nubi basse o nebbie nei fondovalle prealpini. Sempre decisamente molto mite con valori massimi ben superiori alla media.<br \/>\n<b>Precipitazioni: <\/b>Assenti (0%)<br \/>\n<b>Temperature: <\/b>In ulteriore lieve aumento con apice dell&#8217;anomalia termica in mattinata, dal pomeriggio\/sera in graduale calo in quota. Su Prealpi a 1500 m: min 8 max 12, a 2000 m: min 7 max 10 Dolomiti &#8211; a 2000 m: min 7 max 11, a 3000 m: min 2 max 5<\/p>\n<hr \/>\n<p><center><b>Domenica 13<\/b><\/center>Al mattino poco nuvoloso, nel pomeriggio e soprattutto verso sera possibile aumento della nuvolosit\u00e0 medio-alta fino a cielo nuvoloso e seppur poco probabile non del tutto escluso qualche debolissimo fenomeno sparso su Prealpi. Temperature in generale calo. Venti in quota moderati\/tesi orientali al mattino, meridionali nel pomeriggio\/sera.<\/p>\n<hr \/>\n<p><center><b>Lunedi 14<\/b><\/center>Da poco a parzialmente nuvoloso. Precipitazioni generalmente assenti. Temperature stazionarie o in lieve calo. Venti in quota moderati\/tesi da sudovest, deboli variabili nelle valli.<\/p>\n<hr \/>\n<p>&nbsp;<\/p>\n<p><a class=\"dt-pswp-item\" href=\"https:\/\/www.radiopiu.net\/wordpress\/wp-content\/uploads\/2018\/09\/sport.jpg\" data-dt-img-description=\"\" data-large_image_width=\"800\" data-large_image_height=\"100\"><img loading=\"lazy\" decoding=\"async\" class=\"aligncenter wp-image-60761 size-full\" src=\"https:\/\/www.radiopiu.net\/wordpress\/wp-content\/uploads\/2018\/09\/sport.jpg\" alt=\"\" width=\"800\" height=\"100\" srcset=\"https:\/\/www.radiopiu.net\/wordpress\/wp-content\/uploads\/2018\/09\/sport.jpg 800w, https:\/\/www.radiopiu.net\/wordpress\/wp-content\/uploads\/2018\/09\/sport-300x38.jpg 300w, https:\/\/www.radiopiu.net\/wordpress\/wp-content\/uploads\/2018\/09\/sport-768x96.jpg 768w\" sizes=\"auto, (max-width: 800px) 100vw, 800px\" \/><\/a><\/p>\n<p>&nbsp;<\/p>\n<p>&nbsp;<\/p>\n<p>&nbsp;<\/p>\n","protected":false},"excerpt":{"rendered":"<p>RADIO PIU INFORMAZIONE il canale su TELEGRAM informazione di prima\u00a0 mano e in tempo reale. iscriviti ed aiutaci a farlo conoscere\u00a0 \u00a0\u00a0 PREFETTURA\u00a0 Oggi festa del Patrono di Belluno, gli Uffici della Prefettura \u2013 Ufficio Territoriale del Governo \u2013 resteranno chiusi. Saranno comunque garantiti i servizi essenziali e sar\u00e0 sempre reperibile il funzionario di turno.&hellip;<\/p>\n","protected":false},"author":4,"featured_media":305797,"comment_status":"closed","ping_status":"closed","sticky":false,"template":"","format":"standard","meta":{"_monsterinsights_skip_tracking":false,"_monsterinsights_sitenote_active":false,"_monsterinsights_sitenote_note":"","_monsterinsights_sitenote_category":0,"footnotes":""},"categories":[51,86,49],"tags":[],"class_list":["post-305466","post","type-post","status-publish","format-standard","has-post-thumbnail","hentry","category-evidenza-top","category-gr","category-news-18","category-51","category-86","category-49","description-off"],"img_url":"https:\/\/www.radiopiu.net\/wordpress\/wp-content\/uploads\/2022\/11\/72cd4fff-b2be-4d7b-8375-4caf75ab83c6-1.jpg","_links":{"self":[{"href":"https:\/\/www.radiopiu.net\/wordpress\/wp-json\/wp\/v2\/posts\/305466","targetHints":{"allow":["GET"]}}],"collection":[{"href":"https:\/\/www.radiopiu.net\/wordpress\/wp-json\/wp\/v2\/posts"}],"about":[{"href":"https:\/\/www.radiopiu.net\/wordpress\/wp-json\/wp\/v2\/types\/post"}],"author":[{"embeddable":true,"href":"https:\/\/www.radiopiu.net\/wordpress\/wp-json\/wp\/v2\/users\/4"}],"replies":[{"embeddable":true,"href":"https:\/\/www.radiopiu.net\/wordpress\/wp-json\/wp\/v2\/comments?post=305466"}],"version-history":[{"count":0,"href":"https:\/\/www.radiopiu.net\/wordpress\/wp-json\/wp\/v2\/posts\/305466\/revisions"}],"wp:featuredmedia":[{"embeddable":true,"href":"https:\/\/www.radiopiu.net\/wordpress\/wp-json\/wp\/v2\/media\/305797"}],"wp:attachment":[{"href":"https:\/\/www.radiopiu.net\/wordpress\/wp-json\/wp\/v2\/media?parent=305466"}],"wp:term":[{"taxonomy":"category","embeddable":true,"href":"https:\/\/www.radiopiu.net\/wordpress\/wp-json\/wp\/v2\/categories?post=305466"},{"taxonomy":"post_tag","embeddable":true,"href":"https:\/\/www.radiopiu.net\/wordpress\/wp-json\/wp\/v2\/tags?post=305466"}],"curies":[{"name":"wp","href":"https:\/\/api.w.org\/{rel}","templated":true}]}}