{"id":305472,"date":"2022-11-10T05:08:13","date_gmt":"2022-11-10T04:08:13","guid":{"rendered":"https:\/\/www.radiopiu.net\/wordpress\/?p=305472"},"modified":"2022-11-10T17:03:19","modified_gmt":"2022-11-10T16:03:19","slug":"longarone-ruolo-non-secondario-dellartigianato-per-il-lavoro-nelle-valli-del-piave-e-del-vajont-prima-del-1963","status":"publish","type":"post","link":"https:\/\/www.radiopiu.net\/wordpress\/longarone-ruolo-non-secondario-dellartigianato-per-il-lavoro-nelle-valli-del-piave-e-del-vajont-prima-del-1963\/","title":{"rendered":"LONGARONE. RUOLO NON SECONDARIO DELL\u2019ARTIGIANATO PER IL LAVORO NELLE VALLI DEL PIAVE E DEL VAJONT PRIMA DEL 1963"},"content":{"rendered":"<p><strong>di\u00a0 RENATO BONA<\/strong><\/p>\n<p>Concludiamo con questo servizio che si occupa di attivit\u00e0 artigianali, la \u201crilettura\u201d del pregevole libro \u201cIl lavoro nelle Valli del Piave e del Vajont prima del 9 ottobre 1963\u201d che l\u2019amica, oltre che compagna di scuola al \u201cCatullo\u201d di Belluno, Elda Deon Cardin ha realizzato nel novembre 2008 con Grafiche Longaronesi ed il patrocinio del Comune di Longarone. Il prof. Gioachino Bratti, nella presentazione del volume, scriveva fra l\u2019altro: \u201cLe cartoline, di cui Simone Osta nell\u2019introduzione ci presenta un\u2019avventurosa ed avvincente storia, e i documenti che le accompagnano, diventano anche in questo volume testimonianza di luoghi, opere e persone che non vanno dimenticati, espressione di valori che costituirono per decenni caratteristica e orgoglio della collettivit\u00e0. Essi sono stati raccolti, esaminati, ordinati e presentati dall\u2019autrice con quell\u2019insieme di passione e di nostalgia che da sempre ne caratterizzano l\u2019anima e il lavoro, cui fanno da felice accompagnamento le altrettante espressive poesie di Eliana Olivotto\u201d concludendo: \u201cRinnoviamo perci\u00f2 ad Elda anche in questa circostanza il nostro plauso e la nostra gratitudine per aver fatto emergere con sensibilit\u00e0 ed efficacia una parte importante del nostro passato\u201d. Il capitolo si apre con la riproduzione (collezione Archivio Biblioteca Comune di Longarone) delle intestazioni di alcune ditte artigiane: la \u201cRomano De Cesero, noleggi con \u2018Fiat 1400\u2019, Longarone, Piazza Libert\u00e0-Igne\u201d; del \u201cPremiato forno moderno a vapore Mario Fiorin Longarone\u201d, della \u201cDitta Zaia Elio ricco assortimento scarpe lavorazione propria Longarone\u201d, della \u201cTipografia C. De Mas Longarone ogni lavoro tipografico accuratezza puntualit\u00e0\u201d quindi, dopo la poesia dialettale di Eliana Olivotto: \u201cDa \u2018l scarp\u00e8r\u201d propone l\u2019immagine (foto P. Breveglieri, viaggiata novembre 1916, collezione Elda Deon Cardin) \u201cCon tre archi lo \u201cStivale d\u2019oro\u201d vendita e riparazione di calzature e pelletterie di Mario Celso\u201d; a seguire, la riproduzione di una cartolina intestata: \u201cMansueto Bergamasco &amp; Figli laboratorio marmi (fondato nel 1873) ed indirizzata alla \u2018Distinta famiglia della fu Teresa Varettoni maritata Gregori Vodo di Cadore\u201d; poi c\u2019\u00e8 una panoramica (foto P. B. collezione Edc) del \u201cBel Cadore invaso con Longarone (Belluno) I murazzi\u201d in cui \u00e8 visibile, a sinistra sulla via che portava a Pirago, la casa proprio di Mansueto Bergamasco con il suo laboratorio marmi. Dopo un contributo di Gianni Olivier sulla Latteria di Dogna, la cui \u201cavventura\u201d inizia nel 1905, quando nel paese le stalle ospitavano un centinaio di mucche (l\u2019atto notarile che ne ufficializza la nascita porta il numero 568 ed \u00e8 datato 13 luglio 1924, i soci fondatori, tutti dai tipici cognomi locali: De Villa, Nora, Strag\u00e0, Zandomenego, sono 26 con un capitale sociale di 3.630 lire; la latteria cess\u00f2 definitivamente l\u2019attivit\u00e0 il 26 giugno 1965 anche se pi\u00f9 volte, successivamente, si rende ancora utile, come avviene dopo il disastro del Vajont quando ospita un contingente di Alpini impegnati nell\u2019opera di soccorso (nota tratta da \u201cMe par de sent\u00ecr ancora l\u2019odor de la salamoia\u2026\u201d la pubblicazione realizzata nel 2005 da Sara De Coppi e Tania Nora, a cura del gruppo \u201cI Ragazzi del Pilon\u201d) ecco l\u2019immagine (collezione Paula Muckle) datata 2006 della Latteria, in fase di ristrutturazione, adibita ora a Centro sociale della frazione. A seguire c\u2019\u00e8 l\u2019immagine primi anni \u201850 (Edizioni Bertoia Longarone, collezione Edc) della Bottega di Mario \u2018barbi\u00e8r\u2019 che si trovava nella via Roma dove la strada si immetteva nella piazza Umberto I. Dell\u2019anno 1961 \u201cil caratteristico calendarietto tascabile profumato (per soli uomini) offerto in omaggio ai propri clienti da Toni, barbiere di Longarone (collezione Ginetta Bez). Di nuovo Gianni Olivier ad illustrare la figura di Bruto Recalchi, figlio del nobile Giuseppe e di Antonietta Roveri: \u201cnato a Ferrara il 21 novembre 1879, si sposa nella citt\u00e0 natale con Clotilde Zeni il 21 novembre 1903; giunge a Longarone il 21 novembre 1920, ove apre uno studio fotografico in via Roma, di fronte alla piazzetta Gonzaga; dal matrimonio nasce una figlia, Renata. Recalchi muore a Longarone a 76 anni dopo 35 anni di permanenza. E\u2019 considerato il fotografo per antonomasia della vecchia Longarone. A lui \u00e8 intitolato il Circolo fotografico che dal 1991 opera nel Longaronese\u201d. La pagina seguente accoglie la copia della sua foto (collezione del Circolo fotografico). Ci avviamo a conclusione con l\u2019intestazione \u201cAmatore Cazzetta premiato pastificio paste alimentari Longarone\u201d pastificio che \u00e8 visibile nella riproduzione della cartolina (viaggiata 23 aprile 1937, foto Burloni, collezione Edc) in fondo alla Piazza. Segue l\u2019intestazione: \u201cFotografate con Agfa ditta Cesare Manarin Longarone apparecchi, pellicole, accessori sviluppo stampa, ingrandimenti\u201d riferita all\u2019azienda dei fratelli Carlo e Ruggero Manarin, figli di Cesare, che aprirono un negozio di orologeria, oreficeria e fotografia negli anni \u201830 nella longaronese via Roma (un altro fotografo della vecchia Longarone \u00e8 stato Italo Colotto; tutti e tre morirono nella tragica notte del 9 ottobre 1963). Da ultimo ecco l\u2019immagine anni \u201820 (collezione Fulvia De Damiani) di ambulanti ertane con i loro tipici prodotti.<\/p>\n\n\t\t\t<style type='text\/css'>\n\t\t\t\t#gallery-1 {\n\t\t\t\t\tmargin: auto;\n\t\t\t\t}\n\t\t\t\t#gallery-1 .gallery-item {\n\t\t\t\t\tfloat: left;\n\t\t\t\t\tmargin-top: 10px;\n\t\t\t\t\ttext-align: center;\n\t\t\t\t\twidth: 25%;\n\t\t\t\t}\n\t\t\t\t#gallery-1 img {\n\t\t\t\t\tborder: 2px solid #cfcfcf;\n\t\t\t\t}\n\t\t\t\t#gallery-1 .gallery-caption {\n\t\t\t\t\tmargin-left: 0;\n\t\t\t\t}\n\t\t\t\t\/* see gallery_shortcode() in wp-includes\/media.php *\/\n\t\t\t<\/style>\n\t\t<div id='gallery-1' class='dt-gallery-container gallery galleryid-305472 gallery-columns-4 gallery-size-thumbnail'><dl class='gallery-item'>\n\t\t\t\t<dt class='gallery-icon landscape'>\n\t\t\t\t\t<a class=\"rollover rollover-zoom dt-pswp-item\" title=\"313526017_1439576596451866_3873712327026188715_n\" data-dt-img-description=\"\" data-large_image_width=\"370\" data-large_image_height=\"203\"href='https:\/\/www.radiopiu.net\/wordpress\/wp-content\/uploads\/2022\/11\/313526017_1439576596451866_3873712327026188715_n.jpg'><img loading=\"lazy\" decoding=\"async\" width=\"150\" height=\"150\" src=\"https:\/\/www.radiopiu.net\/wordpress\/wp-content\/uploads\/2022\/11\/313526017_1439576596451866_3873712327026188715_n-150x150.jpg\" class=\"attachment-thumbnail size-thumbnail\" alt=\"\" \/><\/a>\n\t\t\t\t<\/dt><\/dl><dl class='gallery-item'>\n\t\t\t\t<dt class='gallery-icon landscape'>\n\t\t\t\t\t<a class=\"rollover rollover-zoom dt-pswp-item\" title=\"313076193_610611934170173_5587429315056837711_n\" data-dt-img-description=\"\" data-large_image_width=\"342\" data-large_image_height=\"206\"href='https:\/\/www.radiopiu.net\/wordpress\/wp-content\/uploads\/2022\/11\/313076193_610611934170173_5587429315056837711_n.jpg'><img loading=\"lazy\" decoding=\"async\" width=\"150\" height=\"150\" src=\"https:\/\/www.radiopiu.net\/wordpress\/wp-content\/uploads\/2022\/11\/313076193_610611934170173_5587429315056837711_n-150x150.jpg\" class=\"attachment-thumbnail size-thumbnail\" alt=\"\" \/><\/a>\n\t\t\t\t<\/dt><\/dl><dl class='gallery-item'>\n\t\t\t\t<dt class='gallery-icon portrait'>\n\t\t\t\t\t<a class=\"rollover rollover-zoom dt-pswp-item\" title=\"313011055_431475472506503_7484089175256891252_n\" data-dt-img-description=\"\" data-large_image_width=\"157\" data-large_image_height=\"206\"href='https:\/\/www.radiopiu.net\/wordpress\/wp-content\/uploads\/2022\/11\/313011055_431475472506503_7484089175256891252_n.jpg'><img loading=\"lazy\" decoding=\"async\" width=\"150\" height=\"150\" src=\"https:\/\/www.radiopiu.net\/wordpress\/wp-content\/uploads\/2022\/11\/313011055_431475472506503_7484089175256891252_n-150x150.jpg\" class=\"attachment-thumbnail size-thumbnail\" alt=\"\" \/><\/a>\n\t\t\t\t<\/dt><\/dl><dl class='gallery-item'>\n\t\t\t\t<dt class='gallery-icon portrait'>\n\t\t\t\t\t<a class=\"rollover rollover-zoom dt-pswp-item\" title=\"313005865_1008552536535664_7884227375592161375_n\" data-dt-img-description=\"\" data-large_image_width=\"151\" data-large_image_height=\"206\"href='https:\/\/www.radiopiu.net\/wordpress\/wp-content\/uploads\/2022\/11\/313005865_1008552536535664_7884227375592161375_n.jpg'><img loading=\"lazy\" decoding=\"async\" width=\"150\" height=\"150\" src=\"https:\/\/www.radiopiu.net\/wordpress\/wp-content\/uploads\/2022\/11\/313005865_1008552536535664_7884227375592161375_n-150x150.jpg\" class=\"attachment-thumbnail size-thumbnail\" alt=\"\" \/><\/a>\n\t\t\t\t<\/dt><\/dl><br style=\"clear: both\" \/><dl class='gallery-item'>\n\t\t\t\t<dt class='gallery-icon landscape'>\n\t\t\t\t\t<a class=\"rollover rollover-zoom dt-pswp-item\" title=\"312804212_620097683236147_5290525517200475616_n\" data-dt-img-description=\"\" data-large_image_width=\"320\" data-large_image_height=\"202\"href='https:\/\/www.radiopiu.net\/wordpress\/wp-content\/uploads\/2022\/11\/312804212_620097683236147_5290525517200475616_n.jpg'><img loading=\"lazy\" decoding=\"async\" width=\"150\" height=\"150\" src=\"https:\/\/www.radiopiu.net\/wordpress\/wp-content\/uploads\/2022\/11\/312804212_620097683236147_5290525517200475616_n-150x150.jpg\" class=\"attachment-thumbnail size-thumbnail\" alt=\"\" \/><\/a>\n\t\t\t\t<\/dt><\/dl><dl class='gallery-item'>\n\t\t\t\t<dt class='gallery-icon portrait'>\n\t\t\t\t\t<a class=\"rollover rollover-zoom dt-pswp-item\" title=\"312701774_806315777150290_3636185692760840087_n\" data-dt-img-description=\"\" data-large_image_width=\"150\" data-large_image_height=\"247\"href='https:\/\/www.radiopiu.net\/wordpress\/wp-content\/uploads\/2022\/11\/312701774_806315777150290_3636185692760840087_n.jpg'><img loading=\"lazy\" decoding=\"async\" width=\"150\" height=\"150\" src=\"https:\/\/www.radiopiu.net\/wordpress\/wp-content\/uploads\/2022\/11\/312701774_806315777150290_3636185692760840087_n-150x150.jpg\" class=\"attachment-thumbnail size-thumbnail\" alt=\"\" \/><\/a>\n\t\t\t\t<\/dt><\/dl><dl class='gallery-item'>\n\t\t\t\t<dt class='gallery-icon landscape'>\n\t\t\t\t\t<a class=\"rollover rollover-zoom dt-pswp-item\" title=\"312510380_402677648623364_7621409037006268468_n\" data-dt-img-description=\"\" data-large_image_width=\"343\" data-large_image_height=\"206\"href='https:\/\/www.radiopiu.net\/wordpress\/wp-content\/uploads\/2022\/11\/312510380_402677648623364_7621409037006268468_n.jpg'><img loading=\"lazy\" decoding=\"async\" width=\"150\" height=\"150\" src=\"https:\/\/www.radiopiu.net\/wordpress\/wp-content\/uploads\/2022\/11\/312510380_402677648623364_7621409037006268468_n-150x150.jpg\" class=\"attachment-thumbnail size-thumbnail\" alt=\"\" \/><\/a>\n\t\t\t\t<\/dt><\/dl><dl class='gallery-item'>\n\t\t\t\t<dt class='gallery-icon landscape'>\n\t\t\t\t\t<a class=\"rollover rollover-zoom dt-pswp-item\" title=\"312346117_529610045650615_9212157978929457778_n\" data-dt-img-description=\"\" data-large_image_width=\"296\" data-large_image_height=\"202\"href='https:\/\/www.radiopiu.net\/wordpress\/wp-content\/uploads\/2022\/11\/312346117_529610045650615_9212157978929457778_n.jpg'><img loading=\"lazy\" decoding=\"async\" width=\"150\" height=\"150\" src=\"https:\/\/www.radiopiu.net\/wordpress\/wp-content\/uploads\/2022\/11\/312346117_529610045650615_9212157978929457778_n-150x150.jpg\" class=\"attachment-thumbnail size-thumbnail\" alt=\"\" \/><\/a>\n\t\t\t\t<\/dt><\/dl><br style=\"clear: both\" \/><dl class='gallery-item'>\n\t\t\t\t<dt class='gallery-icon portrait'>\n\t\t\t\t\t<a class=\"rollover rollover-zoom dt-pswp-item\" title=\"314440088_5604787166283579_7582711390615315634_n\" data-dt-img-description=\"\" data-large_image_width=\"158\" data-large_image_height=\"225\"href='https:\/\/www.radiopiu.net\/wordpress\/wp-content\/uploads\/2022\/11\/314440088_5604787166283579_7582711390615315634_n.jpg'><img loading=\"lazy\" decoding=\"async\" width=\"150\" height=\"150\" src=\"https:\/\/www.radiopiu.net\/wordpress\/wp-content\/uploads\/2022\/11\/314440088_5604787166283579_7582711390615315634_n-150x150.jpg\" class=\"attachment-thumbnail size-thumbnail\" alt=\"\" \/><\/a>\n\t\t\t\t<\/dt><\/dl><dl class='gallery-item'>\n\t\t\t\t<dt class='gallery-icon portrait'>\n\t\t\t\t\t<a class=\"rollover rollover-zoom dt-pswp-item\" title=\"314414602_483099197130453_1954944167887303341_n\" data-dt-img-description=\"\" data-large_image_width=\"160\" data-large_image_height=\"224\"href='https:\/\/www.radiopiu.net\/wordpress\/wp-content\/uploads\/2022\/11\/314414602_483099197130453_1954944167887303341_n.jpg'><img loading=\"lazy\" decoding=\"async\" width=\"150\" height=\"150\" src=\"https:\/\/www.radiopiu.net\/wordpress\/wp-content\/uploads\/2022\/11\/314414602_483099197130453_1954944167887303341_n-150x150.jpg\" class=\"attachment-thumbnail size-thumbnail\" alt=\"\" \/><\/a>\n\t\t\t\t<\/dt><\/dl><dl class='gallery-item'>\n\t\t\t\t<dt class='gallery-icon portrait'>\n\t\t\t\t\t<a class=\"rollover rollover-zoom dt-pswp-item\" title=\"314408824_810357433513704_5635264537687434796_n\" data-dt-img-description=\"\" data-large_image_width=\"158\" data-large_image_height=\"240\"href='https:\/\/www.radiopiu.net\/wordpress\/wp-content\/uploads\/2022\/11\/314408824_810357433513704_5635264537687434796_n.jpg'><img loading=\"lazy\" decoding=\"async\" width=\"150\" height=\"150\" src=\"https:\/\/www.radiopiu.net\/wordpress\/wp-content\/uploads\/2022\/11\/314408824_810357433513704_5635264537687434796_n-150x150.jpg\" class=\"attachment-thumbnail size-thumbnail\" alt=\"\" \/><\/a>\n\t\t\t\t<\/dt><\/dl><dl class='gallery-item'>\n\t\t\t\t<dt class='gallery-icon landscape'>\n\t\t\t\t\t<a class=\"rollover rollover-zoom dt-pswp-item\" title=\"313821462_3365087170389948_4332667679077365237_n\" data-dt-img-description=\"\" data-large_image_width=\"235\" data-large_image_height=\"204\"href='https:\/\/www.radiopiu.net\/wordpress\/wp-content\/uploads\/2022\/11\/313821462_3365087170389948_4332667679077365237_n.jpg'><img loading=\"lazy\" decoding=\"async\" width=\"150\" height=\"150\" src=\"https:\/\/www.radiopiu.net\/wordpress\/wp-content\/uploads\/2022\/11\/313821462_3365087170389948_4332667679077365237_n-150x150.jpg\" class=\"attachment-thumbnail size-thumbnail\" alt=\"\" \/><\/a>\n\t\t\t\t<\/dt><\/dl><br style=\"clear: both\" \/><dl class='gallery-item'>\n\t\t\t\t<dt class='gallery-icon landscape'>\n\t\t\t\t\t<a class=\"rollover rollover-zoom dt-pswp-item\" title=\"313806811_426809139646455_6753371810596300527_n\" data-dt-img-description=\"\" data-large_image_width=\"320\" data-large_image_height=\"200\"href='https:\/\/www.radiopiu.net\/wordpress\/wp-content\/uploads\/2022\/11\/313806811_426809139646455_6753371810596300527_n.jpg'><img loading=\"lazy\" decoding=\"async\" width=\"150\" height=\"150\" src=\"https:\/\/www.radiopiu.net\/wordpress\/wp-content\/uploads\/2022\/11\/313806811_426809139646455_6753371810596300527_n-150x150.jpg\" class=\"attachment-thumbnail size-thumbnail\" alt=\"\" \/><\/a>\n\t\t\t\t<\/dt><\/dl>\n\t\t\t\t<br style='clear: both' \/>\n\t\t\t<\/div>\n\n","protected":false},"excerpt":{"rendered":"<p>di\u00a0 RENATO BONA Concludiamo con questo servizio che si occupa di attivit\u00e0 artigianali, la \u201crilettura\u201d del pregevole libro \u201cIl lavoro nelle Valli del Piave e del Vajont prima del 9 ottobre 1963\u201d che l\u2019amica, oltre che compagna di scuola al \u201cCatullo\u201d di Belluno, Elda Deon Cardin ha realizzato nel novembre 2008 con Grafiche Longaronesi ed&hellip;<\/p>\n","protected":false},"author":4,"featured_media":305711,"comment_status":"closed","ping_status":"closed","sticky":false,"template":"","format":"standard","meta":{"_monsterinsights_skip_tracking":false,"_monsterinsights_sitenote_active":false,"_monsterinsights_sitenote_note":"","_monsterinsights_sitenote_category":0,"footnotes":""},"categories":[104,49],"tags":[],"class_list":["post-305472","post","type-post","status-publish","format-standard","has-post-thumbnail","hentry","category-evidenza_3","category-news-18","category-104","category-49","description-off"],"img_url":"https:\/\/www.radiopiu.net\/wordpress\/wp-content\/uploads\/2022\/11\/313806811_426809139646455_6753371810596300527_n-300x188-1.jpg","_links":{"self":[{"href":"https:\/\/www.radiopiu.net\/wordpress\/wp-json\/wp\/v2\/posts\/305472","targetHints":{"allow":["GET"]}}],"collection":[{"href":"https:\/\/www.radiopiu.net\/wordpress\/wp-json\/wp\/v2\/posts"}],"about":[{"href":"https:\/\/www.radiopiu.net\/wordpress\/wp-json\/wp\/v2\/types\/post"}],"author":[{"embeddable":true,"href":"https:\/\/www.radiopiu.net\/wordpress\/wp-json\/wp\/v2\/users\/4"}],"replies":[{"embeddable":true,"href":"https:\/\/www.radiopiu.net\/wordpress\/wp-json\/wp\/v2\/comments?post=305472"}],"version-history":[{"count":0,"href":"https:\/\/www.radiopiu.net\/wordpress\/wp-json\/wp\/v2\/posts\/305472\/revisions"}],"wp:featuredmedia":[{"embeddable":true,"href":"https:\/\/www.radiopiu.net\/wordpress\/wp-json\/wp\/v2\/media\/305711"}],"wp:attachment":[{"href":"https:\/\/www.radiopiu.net\/wordpress\/wp-json\/wp\/v2\/media?parent=305472"}],"wp:term":[{"taxonomy":"category","embeddable":true,"href":"https:\/\/www.radiopiu.net\/wordpress\/wp-json\/wp\/v2\/categories?post=305472"},{"taxonomy":"post_tag","embeddable":true,"href":"https:\/\/www.radiopiu.net\/wordpress\/wp-json\/wp\/v2\/tags?post=305472"}],"curies":[{"name":"wp","href":"https:\/\/api.w.org\/{rel}","templated":true}]}}